{"id":386,"date":"2015-12-17T18:07:03","date_gmt":"2015-12-17T18:07:03","guid":{"rendered":"http:\/\/localhost\/clubmaritimo\/?p=386"},"modified":"2024-03-26T09:07:15","modified_gmt":"2024-03-26T08:07:15","slug":"luces-navidad","status":"publish","type":"post","link":"https:\/\/www.realclubmaritimomelilla.es\/clmar\/luces-navidad\/","title":{"rendered":"EL CLUB MAR\u00cdTIMO MELILLA SE ENGALANA PARA VIVIR INTENSAMENTE LA NAVIDAD"},"content":{"rendered":"<p style=\"text-align: justify;\">Desde los primeros d\u00edas de diciembre, la fachada principal del Real Club Mar\u00edtimo de Melilla luce sus mejores galas, con motivo de las fiestas navide\u00f1as hacia la que nos encaminamos.<\/p>\n<p style=\"text-align: justify;\">Una iluminaci\u00f3n que ha renovado completamente este a\u00f1o el Club Mar\u00edtimo. Un cambio ya obligado, dado que luminaria anterior databa de unas temporadas atr\u00e1s y cada a\u00f1o hab\u00eda que realizar diferentes arreglos. Todo ha quedado zanjado con esta nueva iluminaci\u00f3n, con bombillas led de bajo consumo, que contribuyen a la idea de potenciar la sostenibilidad energ\u00e9tica que en otras facetas puso en marcha la Junta Directiva de la instituci\u00f3n hace a\u00f1os.<\/p>\n<p style=\"text-align: justify;\">Una luces que no s\u00f3lo se pueden observar sobre la fachada del edificio principal, construido en los a\u00f1os 20. Tambi\u00e9n se ha decorado zonas interiores del Club. En este sentido destacan los ojos de buey que hay en la parte que da a la p\u00e9rgola, como gran novedad.<\/p>\n<p style=\"text-align: justify;\">Otro punto que se ha decorado tambi\u00e9n este a\u00f1o es la entrada del Centro de Actividades N\u00e1utica, ya que en su m\u00e1stil de bandera luce una gran ancla azul, en un claro gui\u00f1o al car\u00e1cter n\u00e1utico de la entidad.<\/p>\n<p style=\"text-align: justify;\">Las luces se mantendr\u00e1n encendidas durante todas las navidades, hasta el d\u00eda de Reyes, en los que se volver\u00e1 a la normalidad. En cualquier caso, la inversi\u00f3n realizada este a\u00f1o en la adquisici\u00f3n de esta nueva iluminaci\u00f3n de Navidad se amortizar\u00e1 en varios a\u00f1os, al tratarse e luces que se han dise\u00f1ado especialmente para durar varias navidades.<\/p>\n<p style=\"text-align: justify;\">Pero el Club Mar\u00edtimo, en estos d\u00edas, no s\u00f3lo destacaba por su nueva iluminaci\u00f3n navide\u00f1a, sino que tambi\u00e9n se ha preparado una amplia agenda de actividades para todos los socios.<\/p>\n<p style=\"text-align: justify;\">Unas actividades que van de las estrictamente deportivas, destacando una nueva edici\u00f3n del Trofeo Joyas Victorias de vela. Adem\u00e1s, pesca o petanca, junto a los tradicionales juegos de mesa que re\u00fane a los socios m\u00e1s veteranos de la entidad.<\/p>\n<p style=\"text-align: justify;\">Al mismo tiempo, por segundo a\u00f1o consecutivo en la recepci\u00f3n se ha instalado un impresionante Bel\u00e9n que ocupa doce metros cuadrados, del que informaremos con detalle en una futura nota.<\/p>\n<p style=\"text-align: justify;\">Otra de las actividades con m\u00e1s aceptaci\u00f3n es el relativo a las Navidades Recreativas, que entre el 21 y 31 de diciembre se convierten en la mejor alternativa para que los socios m\u00e1s j\u00f3venes se diviertan y pasen unas vacaciones inolvidables.<\/p>\n<p style=\"text-align: justify;\">Este a\u00f1o tambi\u00e9n se ha preparado una Cena de Nochevieja, aproximadamente para doscientos comensales. Se ha ideado una velada en la que destaca un men\u00fa muy atractivo, al que se sumar\u00e1 buen ambiente y m\u00fasica.<\/p>\n<p style=\"text-align: justify;\">De igual modo, estos d\u00edas tambi\u00e9n se ha celebrado la cena de confraternizaci\u00f3n, que cada a\u00f1o sirve para que de forma distendida se encuentren los miembros de la Junta Directiva, con el personal y colaboradores de la entidad, para brindar por la Navidad y por los muchos proyectos que se avecinan.<\/p>\n<p style=\"text-align: justify;\">Con la llegada del nuevo a\u00f1os, dos citas en las que los m\u00e1s peque\u00f1os ser\u00e1n los grandes protagonistas. Por un lado, en la tarde del d\u00eda 5 de enero, los regatistas se subir\u00e1n a la flotilla de embarcaciones ligeras del Club Mar\u00edtimo para sumarse a la recepci\u00f3n a Sus Majestades los Reyes de Oriente. Al regreso al Club les aguardar\u00e1 una merienda con la que reponerse fuerzas, con chocolate caliente y rosc\u00f3n de reyes, antes de irse a la Cabalgata.<\/p>\n<p style=\"text-align: justify;\">El Club Mar\u00edtimo de Melilla tambi\u00e9n sirve de punto de encuentro. En estas fiestas navide\u00f1as, con el regreso de los socios que habitualmente residen en la pen\u00ednsula por motivos laborables o por estudios, tanto el Chiringuito como el Restaurante, o incluso la zona deportiva, sirve para reencontrarse en estas fechas tan se\u00f1aladas del a\u00f1o.<\/p>\n<p style=\"text-align: justify;\">Como ven el Club Mar\u00edtimo est\u00e1 preparado para ofrecer a sus socios e invitados una Navidad con muchas alternativas.<\/p>\n","protected":false},"excerpt":{"rendered":"<p>Desde los primeros d\u00edas de diciembre, la fachada principal del Real Club Mar\u00edtimo de Melilla luce sus mejores galas, con motivo de las fiestas navide\u00f1as hacia la que nos encaminamos. Una iluminaci\u00f3n que ha renovado completamente este a\u00f1o el Club Mar\u00edtimo. Un cambio ya obligado, dado que luminaria anterior databa de unas temporadas atr\u00e1s y [&hellip;]<\/p>\n","protected":false},"author":1,"featured_media":12441,"comment_status":"open","ping_status":"open","sticky":false,"template":"","format":"standard","meta":{"_acf_changed":false,"footnotes":""},"categories":[39],"tags":[],"class_list":["post-386","post","type-post","status-publish","format-standard","has-post-thumbnail","hentry","category-celebraciones"],"acf":[],"yoast_head":"<!-- This site is optimized with the Yoast SEO plugin v27.5 - https:\/\/yoast.com\/product\/yoast-seo-wordpress\/ -->\n<title>Luces de Navidad - Real Club Mar\u00edtimo de Melilla<\/title>\n<meta name=\"description\" content=\"La fachada principal del Real Club Mar\u00edtimo de Melilla luce sus mejores galas con motivo de las fiestas navide\u00f1as.\" \/>\n<meta name=\"robots\" content=\"index, follow, max-snippet:-1, max-image-preview:large, max-video-preview:-1\" \/>\n<link rel=\"canonical\" href=\"https:\/\/www.realclubmaritimomelilla.es\/clmar\/\" \/>\n<meta property=\"og:locale\" content=\"es_ES\" \/>\n<meta property=\"og:type\" content=\"article\" \/>\n<meta property=\"og:title\" content=\"Luces de Navidad - Real Club Mar\u00edtimo de Melilla\" \/>\n<meta property=\"og:description\" content=\"La fachada principal del Real Club Mar\u00edtimo de Melilla luce sus mejores galas con motivo de las fiestas navide\u00f1as.\" \/>\n<meta property=\"og:url\" content=\"https:\/\/www.realclubmaritimomelilla.es\/clmar\/\" \/>\n<meta property=\"og:site_name\" content=\"Real Club Mar\u00edtimo de Melilla\" \/>\n<meta property=\"article:publisher\" content=\"https:\/\/www.facebook.com\/Real-Club-Mar%c3%adtimo-de-Melilla-588495841234214\/\" \/>\n<meta property=\"article:published_time\" content=\"2015-12-17T18:07:03+00:00\" \/>\n<meta property=\"article:modified_time\" content=\"2024-03-26T08:07:15+00:00\" \/>\n<meta property=\"og:image\" content=\"https:\/\/www.realclubmaritimomelilla.es\/clmar\/wp-content\/uploads\/2015\/12\/rcmm_navidad_2015.jpg\" \/>\n\t<meta property=\"og:image:width\" content=\"280\" \/>\n\t<meta property=\"og:image:height\" content=\"186\" \/>\n\t<meta property=\"og:image:type\" content=\"image\/jpeg\" \/>\n<meta name=\"author\" content=\"RCMMelilla\" \/>\n<meta name=\"twitter:card\" content=\"summary_large_image\" \/>\n<meta name=\"twitter:creator\" content=\"@nauticarcmm\" \/>\n<meta name=\"twitter:site\" content=\"@nauticarcmm\" \/>\n<meta name=\"twitter:label1\" content=\"Escrito por\" \/>\n\t<meta name=\"twitter:data1\" content=\"RCMMelilla\" \/>\n\t<meta name=\"twitter:label2\" content=\"Tiempo de lectura\" \/>\n\t<meta name=\"twitter:data2\" content=\"3 minutos\" \/>\n<script type=\"application\/ld+json\" class=\"yoast-schema-graph\">{\"@context\":\"https:\\\/\\\/schema.org\",\"@graph\":[{\"@type\":\"Article\",\"@id\":\"https:\\\/\\\/www.realclubmaritimomelilla.es\\\/clmar\\\/#article\",\"isPartOf\":{\"@id\":\"https:\\\/\\\/www.realclubmaritimomelilla.es\\\/clmar\\\/luces-navidad\\\/\"},\"author\":{\"name\":\"RCMMelilla\",\"@id\":\"https:\\\/\\\/www.realclubmaritimomelilla.es\\\/clmar\\\/#\\\/schema\\\/person\\\/ebaa3713496dc6d48c872452e73a8e79\"},\"headline\":\"EL CLUB MAR\u00cdTIMO MELILLA SE ENGALANA PARA VIVIR INTENSAMENTE LA NAVIDAD\",\"datePublished\":\"2015-12-17T18:07:03+00:00\",\"dateModified\":\"2024-03-26T08:07:15+00:00\",\"mainEntityOfPage\":{\"@id\":\"https:\\\/\\\/www.realclubmaritimomelilla.es\\\/clmar\\\/luces-navidad\\\/\"},\"wordCount\":704,\"commentCount\":0,\"publisher\":{\"@id\":\"https:\\\/\\\/www.realclubmaritimomelilla.es\\\/clmar\\\/#organization\"},\"image\":{\"@id\":\"https:\\\/\\\/www.realclubmaritimomelilla.es\\\/clmar\\\/#primaryimage\"},\"thumbnailUrl\":\"https:\\\/\\\/www.realclubmaritimomelilla.es\\\/clmar\\\/wp-content\\\/uploads\\\/2015\\\/12\\\/rcmm_navidad_2015.jpg\",\"articleSection\":[\"Celebraciones\"],\"inLanguage\":\"es\",\"potentialAction\":[{\"@type\":\"CommentAction\",\"name\":\"Comment\",\"target\":[\"https:\\\/\\\/www.realclubmaritimomelilla.es\\\/clmar\\\/#respond\"]}]},{\"@type\":\"WebPage\",\"@id\":\"https:\\\/\\\/www.realclubmaritimomelilla.es\\\/clmar\\\/luces-navidad\\\/\",\"url\":\"https:\\\/\\\/www.realclubmaritimomelilla.es\\\/clmar\\\/\",\"name\":\"Luces de Navidad - Real Club Mar\u00edtimo de Melilla\",\"isPartOf\":{\"@id\":\"https:\\\/\\\/www.realclubmaritimomelilla.es\\\/clmar\\\/#website\"},\"primaryImageOfPage\":{\"@id\":\"https:\\\/\\\/www.realclubmaritimomelilla.es\\\/clmar\\\/#primaryimage\"},\"image\":{\"@id\":\"https:\\\/\\\/www.realclubmaritimomelilla.es\\\/clmar\\\/#primaryimage\"},\"thumbnailUrl\":\"https:\\\/\\\/www.realclubmaritimomelilla.es\\\/clmar\\\/wp-content\\\/uploads\\\/2015\\\/12\\\/rcmm_navidad_2015.jpg\",\"datePublished\":\"2015-12-17T18:07:03+00:00\",\"dateModified\":\"2024-03-26T08:07:15+00:00\",\"description\":\"La fachada principal del Real Club Mar\u00edtimo de Melilla luce sus mejores galas con motivo de las fiestas navide\u00f1as.\",\"breadcrumb\":{\"@id\":\"https:\\\/\\\/www.realclubmaritimomelilla.es\\\/clmar\\\/#breadcrumb\"},\"inLanguage\":\"es\",\"potentialAction\":[{\"@type\":\"ReadAction\",\"target\":[\"https:\\\/\\\/www.realclubmaritimomelilla.es\\\/clmar\\\/\"]}]},{\"@type\":\"ImageObject\",\"inLanguage\":\"es\",\"@id\":\"https:\\\/\\\/www.realclubmaritimomelilla.es\\\/clmar\\\/#primaryimage\",\"url\":\"https:\\\/\\\/www.realclubmaritimomelilla.es\\\/clmar\\\/wp-content\\\/uploads\\\/2015\\\/12\\\/rcmm_navidad_2015.jpg\",\"contentUrl\":\"https:\\\/\\\/www.realclubmaritimomelilla.es\\\/clmar\\\/wp-content\\\/uploads\\\/2015\\\/12\\\/rcmm_navidad_2015.jpg\",\"width\":280,\"height\":186},{\"@type\":\"BreadcrumbList\",\"@id\":\"https:\\\/\\\/www.realclubmaritimomelilla.es\\\/clmar\\\/#breadcrumb\",\"itemListElement\":[{\"@type\":\"ListItem\",\"position\":1,\"name\":\"Portada\",\"item\":\"https:\\\/\\\/www.realclubmaritimomelilla.es\\\/clmar\\\/\"},{\"@type\":\"ListItem\",\"position\":2,\"name\":\"EL CLUB MAR\u00cdTIMO MELILLA SE ENGALANA PARA VIVIR INTENSAMENTE LA NAVIDAD\"}]},{\"@type\":\"WebSite\",\"@id\":\"https:\\\/\\\/www.realclubmaritimomelilla.es\\\/clmar\\\/#website\",\"url\":\"https:\\\/\\\/www.realclubmaritimomelilla.es\\\/clmar\\\/\",\"name\":\"Real Club Mar\u00edtimo de Melilla\",\"description\":\"RCMM\",\"publisher\":{\"@id\":\"https:\\\/\\\/www.realclubmaritimomelilla.es\\\/clmar\\\/#organization\"},\"alternateName\":\"RCMM\",\"potentialAction\":[{\"@type\":\"SearchAction\",\"target\":{\"@type\":\"EntryPoint\",\"urlTemplate\":\"https:\\\/\\\/www.realclubmaritimomelilla.es\\\/clmar\\\/?s={search_term_string}\"},\"query-input\":{\"@type\":\"PropertyValueSpecification\",\"valueRequired\":true,\"valueName\":\"search_term_string\"}}],\"inLanguage\":\"es\"},{\"@type\":\"Organization\",\"@id\":\"https:\\\/\\\/www.realclubmaritimomelilla.es\\\/clmar\\\/#organization\",\"name\":\"Real Club Mar\u00edtimo de Melilla\",\"alternateName\":\"RCMM\",\"url\":\"https:\\\/\\\/www.realclubmaritimomelilla.es\\\/clmar\\\/\",\"logo\":{\"@type\":\"ImageObject\",\"inLanguage\":\"es\",\"@id\":\"https:\\\/\\\/www.realclubmaritimomelilla.es\\\/clmar\\\/#\\\/schema\\\/logo\\\/image\\\/\",\"url\":\"https:\\\/\\\/www.realclubmaritimomelilla.es\\\/clmar\\\/wp-content\\\/uploads\\\/logo-club-original-copia.jpg\",\"contentUrl\":\"https:\\\/\\\/www.realclubmaritimomelilla.es\\\/clmar\\\/wp-content\\\/uploads\\\/logo-club-original-copia.jpg\",\"width\":128,\"height\":89,\"caption\":\"Real Club Mar\u00edtimo de Melilla\"},\"image\":{\"@id\":\"https:\\\/\\\/www.realclubmaritimomelilla.es\\\/clmar\\\/#\\\/schema\\\/logo\\\/image\\\/\"},\"sameAs\":[\"https:\\\/\\\/www.facebook.com\\\/Real-Club-Mar\u00edtimo-de-Melilla-588495841234214\\\/\",\"https:\\\/\\\/x.com\\\/nauticarcmm\",\"https:\\\/\\\/www.instagram.com\\\/club_maritimo_melilla\\\/\",\"https:\\\/\\\/www.youtube.com\\\/@realclubmaritimodemelilla4703\",\"https:\\\/\\\/es.wikipedia.org\\\/wiki\\\/Real_Club_Mar\u00edtimo_de_Melilla\"]},{\"@type\":\"Person\",\"@id\":\"https:\\\/\\\/www.realclubmaritimomelilla.es\\\/clmar\\\/#\\\/schema\\\/person\\\/ebaa3713496dc6d48c872452e73a8e79\",\"name\":\"RCMMelilla\",\"image\":{\"@type\":\"ImageObject\",\"inLanguage\":\"es\",\"@id\":\"https:\\\/\\\/secure.gravatar.com\\\/avatar\\\/df1c24789360fb9308735c4ee556fc2bc5bf924bf01e53043b8b97ba272da33c?s=96&d=mm&r=g\",\"url\":\"https:\\\/\\\/secure.gravatar.com\\\/avatar\\\/df1c24789360fb9308735c4ee556fc2bc5bf924bf01e53043b8b97ba272da33c?s=96&d=mm&r=g\",\"contentUrl\":\"https:\\\/\\\/secure.gravatar.com\\\/avatar\\\/df1c24789360fb9308735c4ee556fc2bc5bf924bf01e53043b8b97ba272da33c?s=96&d=mm&r=g\",\"caption\":\"RCMMelilla\"}}]}<\/script>\n<!-- \/ Yoast SEO plugin. -->","yoast_head_json":{"title":"Luces de Navidad - Real Club Mar\u00edtimo de Melilla","description":"La fachada principal del Real Club Mar\u00edtimo de Melilla luce sus mejores galas con motivo de las fiestas navide\u00f1as.","robots":{"index":"index","follow":"follow","max-snippet":"max-snippet:-1","max-image-preview":"max-image-preview:large","max-video-preview":"max-video-preview:-1"},"canonical":"https:\/\/www.realclubmaritimomelilla.es\/clmar\/","og_locale":"es_ES","og_type":"article","og_title":"Luces de Navidad - Real Club Mar\u00edtimo de Melilla","og_description":"La fachada principal del Real Club Mar\u00edtimo de Melilla luce sus mejores galas con motivo de las fiestas navide\u00f1as.","og_url":"https:\/\/www.realclubmaritimomelilla.es\/clmar\/","og_site_name":"Real Club Mar\u00edtimo de Melilla","article_publisher":"https:\/\/www.facebook.com\/Real-Club-Mar%c3%adtimo-de-Melilla-588495841234214\/","article_published_time":"2015-12-17T18:07:03+00:00","article_modified_time":"2024-03-26T08:07:15+00:00","og_image":[{"width":280,"height":186,"url":"https:\/\/www.realclubmaritimomelilla.es\/clmar\/wp-content\/uploads\/2015\/12\/rcmm_navidad_2015.jpg","type":"image\/jpeg"}],"author":"RCMMelilla","twitter_card":"summary_large_image","twitter_creator":"@nauticarcmm","twitter_site":"@nauticarcmm","twitter_misc":{"Escrito por":"RCMMelilla","Tiempo de lectura":"3 minutos"},"schema":{"@context":"https:\/\/schema.org","@graph":[{"@type":"Article","@id":"https:\/\/www.realclubmaritimomelilla.es\/clmar\/#article","isPartOf":{"@id":"https:\/\/www.realclubmaritimomelilla.es\/clmar\/luces-navidad\/"},"author":{"name":"RCMMelilla","@id":"https:\/\/www.realclubmaritimomelilla.es\/clmar\/#\/schema\/person\/ebaa3713496dc6d48c872452e73a8e79"},"headline":"EL CLUB MAR\u00cdTIMO MELILLA SE ENGALANA PARA VIVIR INTENSAMENTE LA NAVIDAD","datePublished":"2015-12-17T18:07:03+00:00","dateModified":"2024-03-26T08:07:15+00:00","mainEntityOfPage":{"@id":"https:\/\/www.realclubmaritimomelilla.es\/clmar\/luces-navidad\/"},"wordCount":704,"commentCount":0,"publisher":{"@id":"https:\/\/www.realclubmaritimomelilla.es\/clmar\/#organization"},"image":{"@id":"https:\/\/www.realclubmaritimomelilla.es\/clmar\/#primaryimage"},"thumbnailUrl":"https:\/\/www.realclubmaritimomelilla.es\/clmar\/wp-content\/uploads\/2015\/12\/rcmm_navidad_2015.jpg","articleSection":["Celebraciones"],"inLanguage":"es","potentialAction":[{"@type":"CommentAction","name":"Comment","target":["https:\/\/www.realclubmaritimomelilla.es\/clmar\/#respond"]}]},{"@type":"WebPage","@id":"https:\/\/www.realclubmaritimomelilla.es\/clmar\/luces-navidad\/","url":"https:\/\/www.realclubmaritimomelilla.es\/clmar\/","name":"Luces de Navidad - Real Club Mar\u00edtimo de Melilla","isPartOf":{"@id":"https:\/\/www.realclubmaritimomelilla.es\/clmar\/#website"},"primaryImageOfPage":{"@id":"https:\/\/www.realclubmaritimomelilla.es\/clmar\/#primaryimage"},"image":{"@id":"https:\/\/www.realclubmaritimomelilla.es\/clmar\/#primaryimage"},"thumbnailUrl":"https:\/\/www.realclubmaritimomelilla.es\/clmar\/wp-content\/uploads\/2015\/12\/rcmm_navidad_2015.jpg","datePublished":"2015-12-17T18:07:03+00:00","dateModified":"2024-03-26T08:07:15+00:00","description":"La fachada principal del Real Club Mar\u00edtimo de Melilla luce sus mejores galas con motivo de las fiestas navide\u00f1as.","breadcrumb":{"@id":"https:\/\/www.realclubmaritimomelilla.es\/clmar\/#breadcrumb"},"inLanguage":"es","potentialAction":[{"@type":"ReadAction","target":["https:\/\/www.realclubmaritimomelilla.es\/clmar\/"]}]},{"@type":"ImageObject","inLanguage":"es","@id":"https:\/\/www.realclubmaritimomelilla.es\/clmar\/#primaryimage","url":"https:\/\/www.realclubmaritimomelilla.es\/clmar\/wp-content\/uploads\/2015\/12\/rcmm_navidad_2015.jpg","contentUrl":"https:\/\/www.realclubmaritimomelilla.es\/clmar\/wp-content\/uploads\/2015\/12\/rcmm_navidad_2015.jpg","width":280,"height":186},{"@type":"BreadcrumbList","@id":"https:\/\/www.realclubmaritimomelilla.es\/clmar\/#breadcrumb","itemListElement":[{"@type":"ListItem","position":1,"name":"Portada","item":"https:\/\/www.realclubmaritimomelilla.es\/clmar\/"},{"@type":"ListItem","position":2,"name":"EL CLUB MAR\u00cdTIMO MELILLA SE ENGALANA PARA VIVIR INTENSAMENTE LA NAVIDAD"}]},{"@type":"WebSite","@id":"https:\/\/www.realclubmaritimomelilla.es\/clmar\/#website","url":"https:\/\/www.realclubmaritimomelilla.es\/clmar\/","name":"Real Club Mar\u00edtimo de Melilla","description":"RCMM","publisher":{"@id":"https:\/\/www.realclubmaritimomelilla.es\/clmar\/#organization"},"alternateName":"RCMM","potentialAction":[{"@type":"SearchAction","target":{"@type":"EntryPoint","urlTemplate":"https:\/\/www.realclubmaritimomelilla.es\/clmar\/?s={search_term_string}"},"query-input":{"@type":"PropertyValueSpecification","valueRequired":true,"valueName":"search_term_string"}}],"inLanguage":"es"},{"@type":"Organization","@id":"https:\/\/www.realclubmaritimomelilla.es\/clmar\/#organization","name":"Real Club Mar\u00edtimo de Melilla","alternateName":"RCMM","url":"https:\/\/www.realclubmaritimomelilla.es\/clmar\/","logo":{"@type":"ImageObject","inLanguage":"es","@id":"https:\/\/www.realclubmaritimomelilla.es\/clmar\/#\/schema\/logo\/image\/","url":"https:\/\/www.realclubmaritimomelilla.es\/clmar\/wp-content\/uploads\/logo-club-original-copia.jpg","contentUrl":"https:\/\/www.realclubmaritimomelilla.es\/clmar\/wp-content\/uploads\/logo-club-original-copia.jpg","width":128,"height":89,"caption":"Real Club Mar\u00edtimo de Melilla"},"image":{"@id":"https:\/\/www.realclubmaritimomelilla.es\/clmar\/#\/schema\/logo\/image\/"},"sameAs":["https:\/\/www.facebook.com\/Real-Club-Mar\u00edtimo-de-Melilla-588495841234214\/","https:\/\/x.com\/nauticarcmm","https:\/\/www.instagram.com\/club_maritimo_melilla\/","https:\/\/www.youtube.com\/@realclubmaritimodemelilla4703","https:\/\/es.wikipedia.org\/wiki\/Real_Club_Mar\u00edtimo_de_Melilla"]},{"@type":"Person","@id":"https:\/\/www.realclubmaritimomelilla.es\/clmar\/#\/schema\/person\/ebaa3713496dc6d48c872452e73a8e79","name":"RCMMelilla","image":{"@type":"ImageObject","inLanguage":"es","@id":"https:\/\/secure.gravatar.com\/avatar\/df1c24789360fb9308735c4ee556fc2bc5bf924bf01e53043b8b97ba272da33c?s=96&d=mm&r=g","url":"https:\/\/secure.gravatar.com\/avatar\/df1c24789360fb9308735c4ee556fc2bc5bf924bf01e53043b8b97ba272da33c?s=96&d=mm&r=g","contentUrl":"https:\/\/secure.gravatar.com\/avatar\/df1c24789360fb9308735c4ee556fc2bc5bf924bf01e53043b8b97ba272da33c?s=96&d=mm&r=g","caption":"RCMMelilla"}}]}},"_links":{"self":[{"href":"https:\/\/www.realclubmaritimomelilla.es\/clmar\/wp-json\/wp\/v2\/posts\/386","targetHints":{"allow":["GET"]}}],"collection":[{"href":"https:\/\/www.realclubmaritimomelilla.es\/clmar\/wp-json\/wp\/v2\/posts"}],"about":[{"href":"https:\/\/www.realclubmaritimomelilla.es\/clmar\/wp-json\/wp\/v2\/types\/post"}],"author":[{"embeddable":true,"href":"https:\/\/www.realclubmaritimomelilla.es\/clmar\/wp-json\/wp\/v2\/users\/1"}],"replies":[{"embeddable":true,"href":"https:\/\/www.realclubmaritimomelilla.es\/clmar\/wp-json\/wp\/v2\/comments?post=386"}],"version-history":[{"count":2,"href":"https:\/\/www.realclubmaritimomelilla.es\/clmar\/wp-json\/wp\/v2\/posts\/386\/revisions"}],"predecessor-version":[{"id":12447,"href":"https:\/\/www.realclubmaritimomelilla.es\/clmar\/wp-json\/wp\/v2\/posts\/386\/revisions\/12447"}],"wp:featuredmedia":[{"embeddable":true,"href":"https:\/\/www.realclubmaritimomelilla.es\/clmar\/wp-json\/wp\/v2\/media\/12441"}],"wp:attachment":[{"href":"https:\/\/www.realclubmaritimomelilla.es\/clmar\/wp-json\/wp\/v2\/media?parent=386"}],"wp:term":[{"taxonomy":"category","embeddable":true,"href":"https:\/\/www.realclubmaritimomelilla.es\/clmar\/wp-json\/wp\/v2\/categories?post=386"},{"taxonomy":"post_tag","embeddable":true,"href":"https:\/\/www.realclubmaritimomelilla.es\/clmar\/wp-json\/wp\/v2\/tags?post=386"}],"curies":[{"name":"wp","href":"https:\/\/api.w.org\/{rel}","templated":true}]}}