{"id":382,"date":"2015-12-24T11:00:29","date_gmt":"2015-12-24T11:00:29","guid":{"rendered":"http:\/\/localhost\/clubmaritimo\/?p=382"},"modified":"2024-03-26T09:14:00","modified_gmt":"2024-03-26T08:14:00","slug":"vela-navidad","status":"publish","type":"post","link":"https:\/\/www.realclubmaritimomelilla.es\/clmar\/vela-navidad\/","title":{"rendered":"LA VELA REGRESA AL CLUB MAR\u00cdTIMO POR NAVIDAD"},"content":{"rendered":"<p style=\"text-align: justify;\">El Real Club Mar\u00edtimo de Melilla fiel a su tradici\u00f3n, en estos \u00faltimos d\u00edas, ha venido organizando las Regatas de Navidad, denominadas en las \u00faltimas fechas Trofeo Joyas Victoria.<\/p>\n<p style=\"text-align: justify;\">Las condiciones meteorol\u00f3gicas han primado sobre lo deportivo y finalmente no se ha podido completar el n\u00famero de mangas previstas en las instrucciones de regata de este IX Trofeo Joyas Victoria. En cualquier caso, el Comit\u00e9 ha conseguido salvar la cita deportiva con el n\u00famero m\u00ednimo de pruebas para poder establecer una clasificaci\u00f3n por clases.<\/p>\n<p style=\"text-align: justify;\">El Ciudad de Melilla-Club Mar\u00edtimo, en cruceros, junto a Miguel Due\u00f1as, Israel Mart\u00ednez, Yasir Mohamed y Juan Creus, Cristina Padilla y Vicente de Juan son los ganadores de esta edici\u00f3n de las Regatas de Navidad del Club Mar\u00edtimo.<\/p>\n<p style=\"text-align: justify;\">La competici\u00f3n arranc\u00f3 siendo la flota de cruceros la protagonista. Una cita a la que acudieron cuatro participantes y cuyo t\u00edtulo se resolvi\u00f3 en un s\u00f3lo segundo a favor de la tripulaci\u00f3n del Ciudad de Melilla- Club Mar\u00edtimo, sobre el Olivita.<\/p>\n<p style=\"text-align: justify;\">Las tripulaciones de Jos\u00e9 Luis P\u00e9rez y Pancho Cobreros han protagonizado una lucha, sin precedentes, por este primer puesto. En el lado contrario, un Comit\u00e9 que tuvo que emplearse a fondo para sacar adelante la \u00fanica prueba en la que se resolvi\u00f3 este Trofeo Joyas Victoria para cruceros.<\/p>\n<p style=\"text-align: justify;\">La primera incidencia fue el aplazamiento de la primera salida, cuando el procedimiento se hab\u00eda iniciado. Un role de viento cuando el recorrido estaba montado al 160\u00ba provoc\u00f3 este aplazamiento. El segundo intento, con el viento entablado al 070\u00ba si fue v\u00e1lido.<\/p>\n<p style=\"text-align: justify;\">A\u00fan as\u00ed, con una intensidad media de 5&#8217;5 nudos, se tuvo que acortar el \u00faltimo tramo para dar entrada a la flota. El Ciudad de Melilla &#8211; Club Mar\u00edtimo entr\u00f3 primero en meta, anot\u00e1ndose la victoria por un s\u00f3lo segundo en compensado, sobre Pancho Cobreros y su Olivita. La tercera posici\u00f3n de la general fue para el Victoria V, a m\u00e1s de doce minutos, y el cuarto puesto para el Llop Uno.<\/p>\n<p style=\"text-align: justify;\">TROFEO JOYAS VICTORIA PARA VELA LIGERA<\/p>\n<p style=\"text-align: justify;\">La segunda incidencia se produc\u00eda en el calendario previsto. Ya que la flota de snipe estuvo dos jornadas esperando, hasta cuando al tercer d\u00eda pudieron competir. De esta forma, el resto de clases de vela ligera tuvieron que navegar en los mismos d\u00edas y no como se hab\u00eda previsto inicialmente.<\/p>\n<p style=\"text-align: justify;\">Tambi\u00e9n en este sentido han sido protagonistas las condiciones meteorol\u00f3gicas, puesto que salvo en las categor\u00edas de tabla, en las que se han podido realizar cuatro pruebas, sin embargo para las flotas de vela s\u00f3lo se han podido completar dos mangas.<\/p>\n<p style=\"text-align: justify;\">De los tres d\u00edas previstos de regata, s\u00f3lo fueron v\u00e1lidos dos de ellos. En cualquier caso, el equipo t\u00e9cnico del Club Mar\u00edtimo ha obrado el milagro y se han podido completar la clasificaci\u00f3n en todas las clases de este Trofeo Joyas Victoria en su novena edici\u00f3n.<\/p>\n<p style=\"text-align: justify;\">Miguel Due\u00f1as, que le queda poco para despedirse de la clase optimist, ha sumado un nuevo triunfo a su curriculum. Con dos primeros puestos en las \u00fanicas mangas celebradas, su victoria ha sido incontestable. La medalla de plata ha sido para Pablo Cervilla, que tambi\u00e9n se ha hecho con el segundo puesto de la general con claridad. Sin embargo, el tercer puesto ha sido algo m\u00e1s re\u00f1ido, apareciendo en escena Alfonso Jaudenes, para llev\u00e1rselo en propiedad por delante de los j\u00f3venes alumnos de la Escuela Auton\u00f3mica de Vela.<\/p>\n<p style=\"text-align: justify;\">La flota l\u00e1ser tambi\u00e9n ha protagonizado una interesante regata. Aunque Israel Mart\u00ednez dej\u00f3 claro que la victoria iba a ser suya -as\u00ed se quitaba un espinita clavada el a\u00f1o pasado cuando s\u00f3lo pudo ser segundo-, por el contrario, los otros puestos del podio se tuvieron que resolver por coeficiente. Antonio Mu\u00f1oz y Miguel Gonz\u00e1lez empataron a puntos, por lo que prevaleci\u00f3 el mejor puesto en la \u00faltima manga. Ah\u00ed, el mayor de la zaga de los Mu\u00f1oz Revilla se llev\u00f3 la medalla de plata, siendo tercero Miguel Gonz\u00e1lez, que as\u00ed quedaba claro que no hab\u00eda podido revalidar el t\u00edtulo del a\u00f1o pasado.<\/p>\n<p style=\"text-align: justify;\">Yasir Mohamed y Juan Creus, en snipe, confirmaron que son la mejor tripulaci\u00f3n del a\u00f1o, anot\u00e1ndose la victoria con dos primeros puestos. Resuelto el primer puesto, toda la atenci\u00f3n quedaba en ver el rendimiento del resto de barcos. En este sentido, tampoco hubo mucha historia, puesto que la experiencia de Paco Ortega a la ca\u00f1a, con Fernando Cudinah, logr\u00f3 hacerse con el segundo puesto. El bronce, en este caso, para Juan Carlos y Juan Pascual.<\/p>\n<p style=\"text-align: justify;\">Tambi\u00e9n se ha competido en tabla, en este Trofeo Joyas Victoria. Concretamente en dos categor\u00edas, techno 293 y Race Board.<\/p>\n<p style=\"text-align: justify;\">Los m\u00e1s j\u00f3venes han tenido en Cristina Padilla su gran protagonista. Esta regatista logr\u00f3 ganar tres de la cuatro mangas celebradas y en la otra prueba termin\u00f3 segundo. Por tanto, claridad en el primer puesto para la surfera de las hermanas Padilla. Fran Galindo se ha hecho con el segundo puesto, mientras que Sergio G\u00f3mez ha sido tercero.<\/p>\n<p style=\"text-align: justify;\">La categor\u00eda Race Board ha estado mucho m\u00e1s disputada, con dos regatistas empatados en el primer puesto a puntos. En este caso, todo se resolvi\u00f3 con el resultado de la \u00faltima prueba disputada, en la que Vicente de Juan super\u00f3 a Fernando Rioja. De esta forma, De Juan super\u00f3 a Rioja, mientras que Pablo Rivas se adjudic\u00f3 el tercer puesto.<\/p>\n","protected":false},"excerpt":{"rendered":"<p>El Real Club Mar\u00edtimo de Melilla fiel a su tradici\u00f3n, en estos \u00faltimos d\u00edas, ha venido organizando las Regatas de Navidad, denominadas en las \u00faltimas fechas Trofeo Joyas Victoria. Las condiciones meteorol\u00f3gicas han primado sobre lo deportivo y finalmente no se ha podido completar el n\u00famero de mangas previstas en las instrucciones de regata de [&hellip;]<\/p>\n","protected":false},"author":1,"featured_media":12438,"comment_status":"open","ping_status":"open","sticky":false,"template":"","format":"standard","meta":{"_acf_changed":false,"footnotes":""},"categories":[38,42],"tags":[],"class_list":["post-382","post","type-post","status-publish","format-standard","has-post-thumbnail","hentry","category-nautica","category-trofeos"],"acf":[],"yoast_head":"<!-- This site is optimized with the Yoast SEO plugin v27.5 - https:\/\/yoast.com\/product\/yoast-seo-wordpress\/ -->\n<title>Trofeo Joyas Victoria - Real Club Mar\u00edtimo de Melilla<\/title>\n<meta name=\"description\" content=\"El RCMM, fiel a su tradici\u00f3n, ha venido organizando las Regatas de Navidad, denominadas en las \u00faltimas fechas Trofeo Joyas Victoria.\" \/>\n<meta name=\"robots\" content=\"index, follow, max-snippet:-1, max-image-preview:large, max-video-preview:-1\" \/>\n<link rel=\"canonical\" href=\"https:\/\/www.realclubmaritimomelilla.es\/clmar\/\" \/>\n<meta property=\"og:locale\" content=\"es_ES\" \/>\n<meta property=\"og:type\" content=\"article\" \/>\n<meta property=\"og:title\" content=\"Trofeo Joyas Victoria - Real Club Mar\u00edtimo de Melilla\" \/>\n<meta property=\"og:description\" content=\"El RCMM, fiel a su tradici\u00f3n, ha venido organizando las Regatas de Navidad, denominadas en las \u00faltimas fechas Trofeo Joyas Victoria.\" \/>\n<meta property=\"og:url\" content=\"https:\/\/www.realclubmaritimomelilla.es\/clmar\/\" \/>\n<meta property=\"og:site_name\" content=\"Real Club Mar\u00edtimo de Melilla\" \/>\n<meta property=\"article:publisher\" content=\"https:\/\/www.facebook.com\/Real-Club-Mar%c3%adtimo-de-Melilla-588495841234214\/\" \/>\n<meta property=\"article:published_time\" content=\"2015-12-24T11:00:29+00:00\" \/>\n<meta property=\"article:modified_time\" content=\"2024-03-26T08:14:00+00:00\" \/>\n<meta property=\"og:image\" content=\"https:\/\/www.realclubmaritimomelilla.es\/clmar\/wp-content\/uploads\/2015\/12\/CARTEL-TROFEO-NAVIDAD-767x575.jpg\" \/>\n\t<meta property=\"og:image:width\" content=\"767\" \/>\n\t<meta property=\"og:image:height\" content=\"575\" \/>\n\t<meta property=\"og:image:type\" content=\"image\/jpeg\" \/>\n<meta name=\"author\" content=\"RCMMelilla\" \/>\n<meta name=\"twitter:card\" content=\"summary_large_image\" \/>\n<meta name=\"twitter:creator\" content=\"@nauticarcmm\" \/>\n<meta name=\"twitter:site\" content=\"@nauticarcmm\" \/>\n<meta name=\"twitter:label1\" content=\"Escrito por\" \/>\n\t<meta name=\"twitter:data1\" content=\"RCMMelilla\" \/>\n\t<meta name=\"twitter:label2\" content=\"Tiempo de lectura\" \/>\n\t<meta name=\"twitter:data2\" content=\"5 minutos\" \/>\n<script type=\"application\/ld+json\" class=\"yoast-schema-graph\">{\"@context\":\"https:\\\/\\\/schema.org\",\"@graph\":[{\"@type\":\"Article\",\"@id\":\"https:\\\/\\\/www.realclubmaritimomelilla.es\\\/clmar\\\/#article\",\"isPartOf\":{\"@id\":\"https:\\\/\\\/www.realclubmaritimomelilla.es\\\/clmar\\\/vela-navidad\\\/\"},\"author\":{\"name\":\"RCMMelilla\",\"@id\":\"https:\\\/\\\/www.realclubmaritimomelilla.es\\\/clmar\\\/#\\\/schema\\\/person\\\/ebaa3713496dc6d48c872452e73a8e79\"},\"headline\":\"LA VELA REGRESA AL CLUB MAR\u00cdTIMO POR NAVIDAD\",\"datePublished\":\"2015-12-24T11:00:29+00:00\",\"dateModified\":\"2024-03-26T08:14:00+00:00\",\"mainEntityOfPage\":{\"@id\":\"https:\\\/\\\/www.realclubmaritimomelilla.es\\\/clmar\\\/vela-navidad\\\/\"},\"wordCount\":949,\"commentCount\":0,\"publisher\":{\"@id\":\"https:\\\/\\\/www.realclubmaritimomelilla.es\\\/clmar\\\/#organization\"},\"image\":{\"@id\":\"https:\\\/\\\/www.realclubmaritimomelilla.es\\\/clmar\\\/#primaryimage\"},\"thumbnailUrl\":\"https:\\\/\\\/www.realclubmaritimomelilla.es\\\/clmar\\\/wp-content\\\/uploads\\\/2015\\\/12\\\/CARTEL-TROFEO-NAVIDAD-767x575.jpg\",\"articleSection\":[\"N\u00e1utica\",\"Trofeos\"],\"inLanguage\":\"es\",\"potentialAction\":[{\"@type\":\"CommentAction\",\"name\":\"Comment\",\"target\":[\"https:\\\/\\\/www.realclubmaritimomelilla.es\\\/clmar\\\/#respond\"]}]},{\"@type\":\"WebPage\",\"@id\":\"https:\\\/\\\/www.realclubmaritimomelilla.es\\\/clmar\\\/vela-navidad\\\/\",\"url\":\"https:\\\/\\\/www.realclubmaritimomelilla.es\\\/clmar\\\/\",\"name\":\"Trofeo Joyas Victoria - Real Club Mar\u00edtimo de Melilla\",\"isPartOf\":{\"@id\":\"https:\\\/\\\/www.realclubmaritimomelilla.es\\\/clmar\\\/#website\"},\"primaryImageOfPage\":{\"@id\":\"https:\\\/\\\/www.realclubmaritimomelilla.es\\\/clmar\\\/#primaryimage\"},\"image\":{\"@id\":\"https:\\\/\\\/www.realclubmaritimomelilla.es\\\/clmar\\\/#primaryimage\"},\"thumbnailUrl\":\"https:\\\/\\\/www.realclubmaritimomelilla.es\\\/clmar\\\/wp-content\\\/uploads\\\/2015\\\/12\\\/CARTEL-TROFEO-NAVIDAD-767x575.jpg\",\"datePublished\":\"2015-12-24T11:00:29+00:00\",\"dateModified\":\"2024-03-26T08:14:00+00:00\",\"description\":\"El RCMM, fiel a su tradici\u00f3n, ha venido organizando las Regatas de Navidad, denominadas en las \u00faltimas fechas Trofeo Joyas Victoria.\",\"breadcrumb\":{\"@id\":\"https:\\\/\\\/www.realclubmaritimomelilla.es\\\/clmar\\\/#breadcrumb\"},\"inLanguage\":\"es\",\"potentialAction\":[{\"@type\":\"ReadAction\",\"target\":[\"https:\\\/\\\/www.realclubmaritimomelilla.es\\\/clmar\\\/\"]}]},{\"@type\":\"ImageObject\",\"inLanguage\":\"es\",\"@id\":\"https:\\\/\\\/www.realclubmaritimomelilla.es\\\/clmar\\\/#primaryimage\",\"url\":\"https:\\\/\\\/www.realclubmaritimomelilla.es\\\/clmar\\\/wp-content\\\/uploads\\\/2015\\\/12\\\/CARTEL-TROFEO-NAVIDAD-767x575.jpg\",\"contentUrl\":\"https:\\\/\\\/www.realclubmaritimomelilla.es\\\/clmar\\\/wp-content\\\/uploads\\\/2015\\\/12\\\/CARTEL-TROFEO-NAVIDAD-767x575.jpg\",\"width\":767,\"height\":575},{\"@type\":\"BreadcrumbList\",\"@id\":\"https:\\\/\\\/www.realclubmaritimomelilla.es\\\/clmar\\\/#breadcrumb\",\"itemListElement\":[{\"@type\":\"ListItem\",\"position\":1,\"name\":\"Portada\",\"item\":\"https:\\\/\\\/www.realclubmaritimomelilla.es\\\/clmar\\\/\"},{\"@type\":\"ListItem\",\"position\":2,\"name\":\"LA VELA REGRESA AL CLUB MAR\u00cdTIMO POR NAVIDAD\"}]},{\"@type\":\"WebSite\",\"@id\":\"https:\\\/\\\/www.realclubmaritimomelilla.es\\\/clmar\\\/#website\",\"url\":\"https:\\\/\\\/www.realclubmaritimomelilla.es\\\/clmar\\\/\",\"name\":\"Real Club Mar\u00edtimo de Melilla\",\"description\":\"RCMM\",\"publisher\":{\"@id\":\"https:\\\/\\\/www.realclubmaritimomelilla.es\\\/clmar\\\/#organization\"},\"alternateName\":\"RCMM\",\"potentialAction\":[{\"@type\":\"SearchAction\",\"target\":{\"@type\":\"EntryPoint\",\"urlTemplate\":\"https:\\\/\\\/www.realclubmaritimomelilla.es\\\/clmar\\\/?s={search_term_string}\"},\"query-input\":{\"@type\":\"PropertyValueSpecification\",\"valueRequired\":true,\"valueName\":\"search_term_string\"}}],\"inLanguage\":\"es\"},{\"@type\":\"Organization\",\"@id\":\"https:\\\/\\\/www.realclubmaritimomelilla.es\\\/clmar\\\/#organization\",\"name\":\"Real Club Mar\u00edtimo de Melilla\",\"alternateName\":\"RCMM\",\"url\":\"https:\\\/\\\/www.realclubmaritimomelilla.es\\\/clmar\\\/\",\"logo\":{\"@type\":\"ImageObject\",\"inLanguage\":\"es\",\"@id\":\"https:\\\/\\\/www.realclubmaritimomelilla.es\\\/clmar\\\/#\\\/schema\\\/logo\\\/image\\\/\",\"url\":\"https:\\\/\\\/www.realclubmaritimomelilla.es\\\/clmar\\\/wp-content\\\/uploads\\\/logo-club-original-copia.jpg\",\"contentUrl\":\"https:\\\/\\\/www.realclubmaritimomelilla.es\\\/clmar\\\/wp-content\\\/uploads\\\/logo-club-original-copia.jpg\",\"width\":128,\"height\":89,\"caption\":\"Real Club Mar\u00edtimo de Melilla\"},\"image\":{\"@id\":\"https:\\\/\\\/www.realclubmaritimomelilla.es\\\/clmar\\\/#\\\/schema\\\/logo\\\/image\\\/\"},\"sameAs\":[\"https:\\\/\\\/www.facebook.com\\\/Real-Club-Mar\u00edtimo-de-Melilla-588495841234214\\\/\",\"https:\\\/\\\/x.com\\\/nauticarcmm\",\"https:\\\/\\\/www.instagram.com\\\/club_maritimo_melilla\\\/\",\"https:\\\/\\\/www.youtube.com\\\/@realclubmaritimodemelilla4703\",\"https:\\\/\\\/es.wikipedia.org\\\/wiki\\\/Real_Club_Mar\u00edtimo_de_Melilla\"]},{\"@type\":\"Person\",\"@id\":\"https:\\\/\\\/www.realclubmaritimomelilla.es\\\/clmar\\\/#\\\/schema\\\/person\\\/ebaa3713496dc6d48c872452e73a8e79\",\"name\":\"RCMMelilla\",\"image\":{\"@type\":\"ImageObject\",\"inLanguage\":\"es\",\"@id\":\"https:\\\/\\\/secure.gravatar.com\\\/avatar\\\/df1c24789360fb9308735c4ee556fc2bc5bf924bf01e53043b8b97ba272da33c?s=96&d=mm&r=g\",\"url\":\"https:\\\/\\\/secure.gravatar.com\\\/avatar\\\/df1c24789360fb9308735c4ee556fc2bc5bf924bf01e53043b8b97ba272da33c?s=96&d=mm&r=g\",\"contentUrl\":\"https:\\\/\\\/secure.gravatar.com\\\/avatar\\\/df1c24789360fb9308735c4ee556fc2bc5bf924bf01e53043b8b97ba272da33c?s=96&d=mm&r=g\",\"caption\":\"RCMMelilla\"}}]}<\/script>\n<!-- \/ Yoast SEO plugin. -->","yoast_head_json":{"title":"Trofeo Joyas Victoria - Real Club Mar\u00edtimo de Melilla","description":"El RCMM, fiel a su tradici\u00f3n, ha venido organizando las Regatas de Navidad, denominadas en las \u00faltimas fechas Trofeo Joyas Victoria.","robots":{"index":"index","follow":"follow","max-snippet":"max-snippet:-1","max-image-preview":"max-image-preview:large","max-video-preview":"max-video-preview:-1"},"canonical":"https:\/\/www.realclubmaritimomelilla.es\/clmar\/","og_locale":"es_ES","og_type":"article","og_title":"Trofeo Joyas Victoria - Real Club Mar\u00edtimo de Melilla","og_description":"El RCMM, fiel a su tradici\u00f3n, ha venido organizando las Regatas de Navidad, denominadas en las \u00faltimas fechas Trofeo Joyas Victoria.","og_url":"https:\/\/www.realclubmaritimomelilla.es\/clmar\/","og_site_name":"Real Club Mar\u00edtimo de Melilla","article_publisher":"https:\/\/www.facebook.com\/Real-Club-Mar%c3%adtimo-de-Melilla-588495841234214\/","article_published_time":"2015-12-24T11:00:29+00:00","article_modified_time":"2024-03-26T08:14:00+00:00","og_image":[{"width":767,"height":575,"url":"https:\/\/www.realclubmaritimomelilla.es\/clmar\/wp-content\/uploads\/2015\/12\/CARTEL-TROFEO-NAVIDAD-767x575.jpg","type":"image\/jpeg"}],"author":"RCMMelilla","twitter_card":"summary_large_image","twitter_creator":"@nauticarcmm","twitter_site":"@nauticarcmm","twitter_misc":{"Escrito por":"RCMMelilla","Tiempo de lectura":"5 minutos"},"schema":{"@context":"https:\/\/schema.org","@graph":[{"@type":"Article","@id":"https:\/\/www.realclubmaritimomelilla.es\/clmar\/#article","isPartOf":{"@id":"https:\/\/www.realclubmaritimomelilla.es\/clmar\/vela-navidad\/"},"author":{"name":"RCMMelilla","@id":"https:\/\/www.realclubmaritimomelilla.es\/clmar\/#\/schema\/person\/ebaa3713496dc6d48c872452e73a8e79"},"headline":"LA VELA REGRESA AL CLUB MAR\u00cdTIMO POR NAVIDAD","datePublished":"2015-12-24T11:00:29+00:00","dateModified":"2024-03-26T08:14:00+00:00","mainEntityOfPage":{"@id":"https:\/\/www.realclubmaritimomelilla.es\/clmar\/vela-navidad\/"},"wordCount":949,"commentCount":0,"publisher":{"@id":"https:\/\/www.realclubmaritimomelilla.es\/clmar\/#organization"},"image":{"@id":"https:\/\/www.realclubmaritimomelilla.es\/clmar\/#primaryimage"},"thumbnailUrl":"https:\/\/www.realclubmaritimomelilla.es\/clmar\/wp-content\/uploads\/2015\/12\/CARTEL-TROFEO-NAVIDAD-767x575.jpg","articleSection":["N\u00e1utica","Trofeos"],"inLanguage":"es","potentialAction":[{"@type":"CommentAction","name":"Comment","target":["https:\/\/www.realclubmaritimomelilla.es\/clmar\/#respond"]}]},{"@type":"WebPage","@id":"https:\/\/www.realclubmaritimomelilla.es\/clmar\/vela-navidad\/","url":"https:\/\/www.realclubmaritimomelilla.es\/clmar\/","name":"Trofeo Joyas Victoria - Real Club Mar\u00edtimo de Melilla","isPartOf":{"@id":"https:\/\/www.realclubmaritimomelilla.es\/clmar\/#website"},"primaryImageOfPage":{"@id":"https:\/\/www.realclubmaritimomelilla.es\/clmar\/#primaryimage"},"image":{"@id":"https:\/\/www.realclubmaritimomelilla.es\/clmar\/#primaryimage"},"thumbnailUrl":"https:\/\/www.realclubmaritimomelilla.es\/clmar\/wp-content\/uploads\/2015\/12\/CARTEL-TROFEO-NAVIDAD-767x575.jpg","datePublished":"2015-12-24T11:00:29+00:00","dateModified":"2024-03-26T08:14:00+00:00","description":"El RCMM, fiel a su tradici\u00f3n, ha venido organizando las Regatas de Navidad, denominadas en las \u00faltimas fechas Trofeo Joyas Victoria.","breadcrumb":{"@id":"https:\/\/www.realclubmaritimomelilla.es\/clmar\/#breadcrumb"},"inLanguage":"es","potentialAction":[{"@type":"ReadAction","target":["https:\/\/www.realclubmaritimomelilla.es\/clmar\/"]}]},{"@type":"ImageObject","inLanguage":"es","@id":"https:\/\/www.realclubmaritimomelilla.es\/clmar\/#primaryimage","url":"https:\/\/www.realclubmaritimomelilla.es\/clmar\/wp-content\/uploads\/2015\/12\/CARTEL-TROFEO-NAVIDAD-767x575.jpg","contentUrl":"https:\/\/www.realclubmaritimomelilla.es\/clmar\/wp-content\/uploads\/2015\/12\/CARTEL-TROFEO-NAVIDAD-767x575.jpg","width":767,"height":575},{"@type":"BreadcrumbList","@id":"https:\/\/www.realclubmaritimomelilla.es\/clmar\/#breadcrumb","itemListElement":[{"@type":"ListItem","position":1,"name":"Portada","item":"https:\/\/www.realclubmaritimomelilla.es\/clmar\/"},{"@type":"ListItem","position":2,"name":"LA VELA REGRESA AL CLUB MAR\u00cdTIMO POR NAVIDAD"}]},{"@type":"WebSite","@id":"https:\/\/www.realclubmaritimomelilla.es\/clmar\/#website","url":"https:\/\/www.realclubmaritimomelilla.es\/clmar\/","name":"Real Club Mar\u00edtimo de Melilla","description":"RCMM","publisher":{"@id":"https:\/\/www.realclubmaritimomelilla.es\/clmar\/#organization"},"alternateName":"RCMM","potentialAction":[{"@type":"SearchAction","target":{"@type":"EntryPoint","urlTemplate":"https:\/\/www.realclubmaritimomelilla.es\/clmar\/?s={search_term_string}"},"query-input":{"@type":"PropertyValueSpecification","valueRequired":true,"valueName":"search_term_string"}}],"inLanguage":"es"},{"@type":"Organization","@id":"https:\/\/www.realclubmaritimomelilla.es\/clmar\/#organization","name":"Real Club Mar\u00edtimo de Melilla","alternateName":"RCMM","url":"https:\/\/www.realclubmaritimomelilla.es\/clmar\/","logo":{"@type":"ImageObject","inLanguage":"es","@id":"https:\/\/www.realclubmaritimomelilla.es\/clmar\/#\/schema\/logo\/image\/","url":"https:\/\/www.realclubmaritimomelilla.es\/clmar\/wp-content\/uploads\/logo-club-original-copia.jpg","contentUrl":"https:\/\/www.realclubmaritimomelilla.es\/clmar\/wp-content\/uploads\/logo-club-original-copia.jpg","width":128,"height":89,"caption":"Real Club Mar\u00edtimo de Melilla"},"image":{"@id":"https:\/\/www.realclubmaritimomelilla.es\/clmar\/#\/schema\/logo\/image\/"},"sameAs":["https:\/\/www.facebook.com\/Real-Club-Mar\u00edtimo-de-Melilla-588495841234214\/","https:\/\/x.com\/nauticarcmm","https:\/\/www.instagram.com\/club_maritimo_melilla\/","https:\/\/www.youtube.com\/@realclubmaritimodemelilla4703","https:\/\/es.wikipedia.org\/wiki\/Real_Club_Mar\u00edtimo_de_Melilla"]},{"@type":"Person","@id":"https:\/\/www.realclubmaritimomelilla.es\/clmar\/#\/schema\/person\/ebaa3713496dc6d48c872452e73a8e79","name":"RCMMelilla","image":{"@type":"ImageObject","inLanguage":"es","@id":"https:\/\/secure.gravatar.com\/avatar\/df1c24789360fb9308735c4ee556fc2bc5bf924bf01e53043b8b97ba272da33c?s=96&d=mm&r=g","url":"https:\/\/secure.gravatar.com\/avatar\/df1c24789360fb9308735c4ee556fc2bc5bf924bf01e53043b8b97ba272da33c?s=96&d=mm&r=g","contentUrl":"https:\/\/secure.gravatar.com\/avatar\/df1c24789360fb9308735c4ee556fc2bc5bf924bf01e53043b8b97ba272da33c?s=96&d=mm&r=g","caption":"RCMMelilla"}}]}},"_links":{"self":[{"href":"https:\/\/www.realclubmaritimomelilla.es\/clmar\/wp-json\/wp\/v2\/posts\/382","targetHints":{"allow":["GET"]}}],"collection":[{"href":"https:\/\/www.realclubmaritimomelilla.es\/clmar\/wp-json\/wp\/v2\/posts"}],"about":[{"href":"https:\/\/www.realclubmaritimomelilla.es\/clmar\/wp-json\/wp\/v2\/types\/post"}],"author":[{"embeddable":true,"href":"https:\/\/www.realclubmaritimomelilla.es\/clmar\/wp-json\/wp\/v2\/users\/1"}],"replies":[{"embeddable":true,"href":"https:\/\/www.realclubmaritimomelilla.es\/clmar\/wp-json\/wp\/v2\/comments?post=382"}],"version-history":[{"count":1,"href":"https:\/\/www.realclubmaritimomelilla.es\/clmar\/wp-json\/wp\/v2\/posts\/382\/revisions"}],"predecessor-version":[{"id":12439,"href":"https:\/\/www.realclubmaritimomelilla.es\/clmar\/wp-json\/wp\/v2\/posts\/382\/revisions\/12439"}],"wp:featuredmedia":[{"embeddable":true,"href":"https:\/\/www.realclubmaritimomelilla.es\/clmar\/wp-json\/wp\/v2\/media\/12438"}],"wp:attachment":[{"href":"https:\/\/www.realclubmaritimomelilla.es\/clmar\/wp-json\/wp\/v2\/media?parent=382"}],"wp:term":[{"taxonomy":"category","embeddable":true,"href":"https:\/\/www.realclubmaritimomelilla.es\/clmar\/wp-json\/wp\/v2\/categories?post=382"},{"taxonomy":"post_tag","embeddable":true,"href":"https:\/\/www.realclubmaritimomelilla.es\/clmar\/wp-json\/wp\/v2\/tags?post=382"}],"curies":[{"name":"wp","href":"https:\/\/api.w.org\/{rel}","templated":true}]}}