{"id":29359,"date":"2026-09-01T13:27:04","date_gmt":"2026-09-01T11:27:04","guid":{"rendered":"https:\/\/www.realclubmaritimomelilla.es\/clmar\/?p=29359"},"modified":"2026-09-01T17:21:27","modified_gmt":"2026-09-01T15:21:27","slug":"el-real-club-maritimo-da-el-salto-al-baloncesto-nacional","status":"publish","type":"post","link":"https:\/\/www.realclubmaritimomelilla.es\/clmar\/el-real-club-maritimo-da-el-salto-al-baloncesto-nacional\/","title":{"rendered":"EL REAL CLUB MAR\u00cdTIMO DA EL SALTO AL BALONCESTO NACIONAL"},"content":{"rendered":"<p>El pr\u00f3ximo 3 de octubre, el \u2018Melilla Ciudad del Deporte \u2013 Real Club Mar\u00edtimo\u2019 har\u00e1 su estreno en categor\u00eda nacional, despu\u00e9s de m\u00e1s de una d\u00e9cada de trabajo desde las categor\u00edas inferiores.<br \/>\nUn proyecto que este martes ha sido presentado oficialmente y que nace con una premisa clara: seguir creciendo, pero sin perder de vista sus ra\u00edces.<br \/>\nDoce a\u00f1os despu\u00e9s de comenzar a trabajar desde la base, el Club Mar\u00edtimo da ahora el salto a Primera Nacional, con el apoyo de la Consejer\u00eda de Deportes y de la Federaci\u00f3n Melillense de Baloncesto.<br \/>\nSu presidente, Jer\u00f3nimo P\u00e9rez, ha destacado la ilusi\u00f3n que genera esta nueva etapa, pero tambi\u00e9n la responsabilidad de representar al Club y a la ciudad.<br \/>\nLa presentaci\u00f3n ha contado con parte de la plantilla y el cuerpo t\u00e9cnico, encabezado por V\u00edctor Salinas, adem\u00e1s del consejero de Deportes, Miguel \u00c1ngel Fern\u00e1ndez, y el presidente de la Federaci\u00f3n Melillense de Baloncesto, \u00c1ngel Madolell.<br \/>\nLa intenci\u00f3n es que el salto no sea puntual. El objetivo pasa por consolidar al equipo en categor\u00eda nacional y convertirlo en un referente para los j\u00f3venes jugadores de la cantera.<br \/>\nUn proyecto que, como ha se\u00f1alado Jer\u00f3nimo P\u00e9rez, est\u00e1 pensado a largo plazo y que comenz\u00f3 a gestarse la pasada temporada.<br \/>\nUn proyecto que empez\u00f3 \u201ca gestarse\u201d la pasada temporada destacaba \u00c1ngel Madolell, quien a\u00f1ad\u00eda que \u201che sido testigo de esa evoluci\u00f3n del proyecto, de su nacimiento y de la evoluci\u00f3n, y de verdad me da mucha alegr\u00eda y mucha satisfacci\u00f3n\u201d.<br \/>\nLa Consejer\u00eda de Deportes apoya el proyecto. \u201cCon voluntad de todos finalmente hemos llegado a buen t\u00e9rmino\u201d ha destacado el consejero Miguel \u00c1ngel Fern\u00e1ndez, quien a\u00f1ad\u00eda que \u201ctiene much\u00edsimo sentido de apoyar desde el Gobierno de la ciudad. No es un proyecto que nace de la noche a la ma\u00f1ana, como digo, se lleva gestando desde hace much\u00edsimos a\u00f1os\u201d.<br \/>\nEl \u2018Melilla Ciudad del Deporte \u2013 Real Club Mar\u00edtimo\u2019 competir\u00e1 en el grupo D andaluz de Primera Nacional, compartiendo competici\u00f3n con equipos de Almer\u00eda y Granada.<br \/>\nEl pabell\u00f3n Garc\u00eda Pezzi ser\u00e1 el escenario habitual de los encuentros como local, fundamentalmente los domingos a las doce del mediod\u00eda.<br \/>\nEl estreno llegar\u00e1 el s\u00e1bado 3 de octubre en la pista del Baloncesto Adra, mientras que una semana despu\u00e9s llegar\u00e1 el esperado debut ante su afici\u00f3n, frente al Pinkbear Baza.<br \/>\nLa preparaci\u00f3n comenzar\u00e1 este mi\u00e9rcoles con los primeros entrenamientos de pretemporada.<br \/>\nV\u00edctor Salinas y Nacho Su\u00e1rez estar\u00e1n al frente de un equipo formado por quince jugadores, la mayor\u00eda de ellos con pasado en las categor\u00edas inferiores del Real Club Mar\u00edtimo.<br \/>\nUn salto a categor\u00eda nacional que supone un nuevo reto, pero tambi\u00e9n la recompensa a doce a\u00f1os de trabajo de cantera.<br \/>\n\n\t\t<style type=\"text\/css\">\n\t\t\t#gallery-1 {\n\t\t\t\tmargin: auto;\n\t\t\t}\n\t\t\t#gallery-1 .gallery-item {\n\t\t\t\tfloat: left;\n\t\t\t\tmargin-top: 10px;\n\t\t\t\ttext-align: center;\n\t\t\t\twidth: 33%;\n\t\t\t}\n\t\t\t#gallery-1 img {\n\t\t\t\tborder: 2px solid #cfcfcf;\n\t\t\t}\n\t\t\t#gallery-1 .gallery-caption {\n\t\t\t\tmargin-left: 0;\n\t\t\t}\n\t\t\t\/* see gallery_shortcode() in wp-includes\/media.php *\/\n\t\t<\/style>\n\t\t<div id='gallery-1' class='gallery galleryid-29359 gallery-columns-3 gallery-size-full'><dl class='gallery-item'>\n\t\t\t<dt class='gallery-icon portrait'>\n\t\t\t\t<a data-rel=\"iLightbox[postimages]\" data-title=\"Angel Madolell (Presidente FMB)\" data-caption=\"\" href='https:\/\/www.realclubmaritimomelilla.es\/clmar\/el-real-club-maritimo-da-el-salto-al-baloncesto-nacional\/angel-madolell-presidente-fmb\/'><img decoding=\"async\" width=\"1736\" height=\"1772\" src=\"https:\/\/www.realclubmaritimomelilla.es\/clmar\/wp-content\/uploads\/Angel-Madolell-Presidente-FMB.webp\" class=\"attachment-full size-full\" alt=\"\" srcset=\"https:\/\/www.realclubmaritimomelilla.es\/clmar\/wp-content\/uploads\/Angel-Madolell-Presidente-FMB-66x66.webp 66w, https:\/\/www.realclubmaritimomelilla.es\/clmar\/wp-content\/uploads\/Angel-Madolell-Presidente-FMB-200x204.webp 200w, https:\/\/www.realclubmaritimomelilla.es\/clmar\/wp-content\/uploads\/Angel-Madolell-Presidente-FMB-294x300.webp 294w, https:\/\/www.realclubmaritimomelilla.es\/clmar\/wp-content\/uploads\/Angel-Madolell-Presidente-FMB-400x408.webp 400w, https:\/\/www.realclubmaritimomelilla.es\/clmar\/wp-content\/uploads\/Angel-Madolell-Presidente-FMB-600x612.webp 600w, https:\/\/www.realclubmaritimomelilla.es\/clmar\/wp-content\/uploads\/Angel-Madolell-Presidente-FMB-768x784.webp 768w, https:\/\/www.realclubmaritimomelilla.es\/clmar\/wp-content\/uploads\/Angel-Madolell-Presidente-FMB-800x817.webp 800w, https:\/\/www.realclubmaritimomelilla.es\/clmar\/wp-content\/uploads\/Angel-Madolell-Presidente-FMB-1003x1024.webp 1003w, https:\/\/www.realclubmaritimomelilla.es\/clmar\/wp-content\/uploads\/Angel-Madolell-Presidente-FMB-1200x1225.webp 1200w, https:\/\/www.realclubmaritimomelilla.es\/clmar\/wp-content\/uploads\/Angel-Madolell-Presidente-FMB-1505x1536.webp 1505w, https:\/\/www.realclubmaritimomelilla.es\/clmar\/wp-content\/uploads\/Angel-Madolell-Presidente-FMB.webp 1736w\" sizes=\"(max-width: 1736px) 100vw, 1736px\" \/><\/a>\n\t\t\t<\/dt><\/dl><dl class='gallery-item'>\n\t\t\t<dt class='gallery-icon landscape'>\n\t\t\t\t<a data-rel=\"iLightbox[postimages]\" data-title=\"Equipo RCMM 2\" data-caption=\"\" href='https:\/\/www.realclubmaritimomelilla.es\/clmar\/el-real-club-maritimo-da-el-salto-al-baloncesto-nacional\/equipo-rcmm-2-2\/'><img decoding=\"async\" width=\"2126\" height=\"1535\" src=\"https:\/\/www.realclubmaritimomelilla.es\/clmar\/wp-content\/uploads\/Equipo-RCMM-2-1.webp\" class=\"attachment-full size-full\" alt=\"\" srcset=\"https:\/\/www.realclubmaritimomelilla.es\/clmar\/wp-content\/uploads\/Equipo-RCMM-2-1-200x144.webp 200w, https:\/\/www.realclubmaritimomelilla.es\/clmar\/wp-content\/uploads\/Equipo-RCMM-2-1-300x217.webp 300w, https:\/\/www.realclubmaritimomelilla.es\/clmar\/wp-content\/uploads\/Equipo-RCMM-2-1-400x289.webp 400w, https:\/\/www.realclubmaritimomelilla.es\/clmar\/wp-content\/uploads\/Equipo-RCMM-2-1-600x433.webp 600w, https:\/\/www.realclubmaritimomelilla.es\/clmar\/wp-content\/uploads\/Equipo-RCMM-2-1-768x555.webp 768w, https:\/\/www.realclubmaritimomelilla.es\/clmar\/wp-content\/uploads\/Equipo-RCMM-2-1-800x578.webp 800w, https:\/\/www.realclubmaritimomelilla.es\/clmar\/wp-content\/uploads\/Equipo-RCMM-2-1-1024x739.webp 1024w, https:\/\/www.realclubmaritimomelilla.es\/clmar\/wp-content\/uploads\/Equipo-RCMM-2-1-1200x866.webp 1200w, https:\/\/www.realclubmaritimomelilla.es\/clmar\/wp-content\/uploads\/Equipo-RCMM-2-1-1536x1109.webp 1536w, https:\/\/www.realclubmaritimomelilla.es\/clmar\/wp-content\/uploads\/Equipo-RCMM-2-1.webp 2126w\" sizes=\"(max-width: 2126px) 100vw, 2126px\" \/><\/a>\n\t\t\t<\/dt><\/dl><dl class='gallery-item'>\n\t\t\t<dt class='gallery-icon landscape'>\n\t\t\t\t<a data-rel=\"iLightbox[postimages]\" data-title=\"Equipo RCMM\" data-caption=\"\" href='https:\/\/www.realclubmaritimomelilla.es\/clmar\/el-real-club-maritimo-da-el-salto-al-baloncesto-nacional\/equipo-rcmm-3\/'><img decoding=\"async\" width=\"2126\" height=\"1057\" src=\"https:\/\/www.realclubmaritimomelilla.es\/clmar\/wp-content\/uploads\/Equipo-RCMM.webp\" class=\"attachment-full size-full\" alt=\"\" srcset=\"https:\/\/www.realclubmaritimomelilla.es\/clmar\/wp-content\/uploads\/Equipo-RCMM-200x99.webp 200w, https:\/\/www.realclubmaritimomelilla.es\/clmar\/wp-content\/uploads\/Equipo-RCMM-300x149.webp 300w, https:\/\/www.realclubmaritimomelilla.es\/clmar\/wp-content\/uploads\/Equipo-RCMM-400x199.webp 400w, https:\/\/www.realclubmaritimomelilla.es\/clmar\/wp-content\/uploads\/Equipo-RCMM-600x298.webp 600w, https:\/\/www.realclubmaritimomelilla.es\/clmar\/wp-content\/uploads\/Equipo-RCMM-768x382.webp 768w, https:\/\/www.realclubmaritimomelilla.es\/clmar\/wp-content\/uploads\/Equipo-RCMM-800x398.webp 800w, https:\/\/www.realclubmaritimomelilla.es\/clmar\/wp-content\/uploads\/Equipo-RCMM-1024x509.webp 1024w, https:\/\/www.realclubmaritimomelilla.es\/clmar\/wp-content\/uploads\/Equipo-RCMM-1200x597.webp 1200w, https:\/\/www.realclubmaritimomelilla.es\/clmar\/wp-content\/uploads\/Equipo-RCMM-1536x764.webp 1536w, https:\/\/www.realclubmaritimomelilla.es\/clmar\/wp-content\/uploads\/Equipo-RCMM.webp 2126w\" sizes=\"(max-width: 2126px) 100vw, 2126px\" \/><\/a>\n\t\t\t<\/dt><\/dl><br style=\"clear: both\" \/><dl class='gallery-item'>\n\t\t\t<dt class='gallery-icon portrait'>\n\t\t\t\t<a data-rel=\"iLightbox[postimages]\" data-title=\"Jer\u00f3nimo P\u00e9rez (Presidente RCMM)\" data-caption=\"\" href='https:\/\/www.realclubmaritimomelilla.es\/clmar\/el-real-club-maritimo-da-el-salto-al-baloncesto-nacional\/jeronimo-perez-presidente-rcmm-2\/'><img decoding=\"async\" width=\"1276\" height=\"1772\" src=\"https:\/\/www.realclubmaritimomelilla.es\/clmar\/wp-content\/uploads\/Jeronimo-Perez-Presidente-RCMM-1.webp\" class=\"attachment-full size-full\" alt=\"\" srcset=\"https:\/\/www.realclubmaritimomelilla.es\/clmar\/wp-content\/uploads\/Jeronimo-Perez-Presidente-RCMM-1-200x278.webp 200w, https:\/\/www.realclubmaritimomelilla.es\/clmar\/wp-content\/uploads\/Jeronimo-Perez-Presidente-RCMM-1-216x300.webp 216w, https:\/\/www.realclubmaritimomelilla.es\/clmar\/wp-content\/uploads\/Jeronimo-Perez-Presidente-RCMM-1-400x555.webp 400w, https:\/\/www.realclubmaritimomelilla.es\/clmar\/wp-content\/uploads\/Jeronimo-Perez-Presidente-RCMM-1-600x833.webp 600w, https:\/\/www.realclubmaritimomelilla.es\/clmar\/wp-content\/uploads\/Jeronimo-Perez-Presidente-RCMM-1-737x1024.webp 737w, https:\/\/www.realclubmaritimomelilla.es\/clmar\/wp-content\/uploads\/Jeronimo-Perez-Presidente-RCMM-1-768x1067.webp 768w, https:\/\/www.realclubmaritimomelilla.es\/clmar\/wp-content\/uploads\/Jeronimo-Perez-Presidente-RCMM-1-800x1111.webp 800w, https:\/\/www.realclubmaritimomelilla.es\/clmar\/wp-content\/uploads\/Jeronimo-Perez-Presidente-RCMM-1-1106x1536.webp 1106w, https:\/\/www.realclubmaritimomelilla.es\/clmar\/wp-content\/uploads\/Jeronimo-Perez-Presidente-RCMM-1-1200x1666.webp 1200w, https:\/\/www.realclubmaritimomelilla.es\/clmar\/wp-content\/uploads\/Jeronimo-Perez-Presidente-RCMM-1.webp 1276w\" sizes=\"(max-width: 1276px) 100vw, 1276px\" \/><\/a>\n\t\t\t<\/dt><\/dl><dl class='gallery-item'>\n\t\t\t<dt class='gallery-icon portrait'>\n\t\t\t\t<a data-rel=\"iLightbox[postimages]\" data-title=\"Miguel Angel Fern\u00e1ndez (Consejero Deportes CAM)\" data-caption=\"\" href='https:\/\/www.realclubmaritimomelilla.es\/clmar\/el-real-club-maritimo-da-el-salto-al-baloncesto-nacional\/miguel-angel-fernandez-consejero-deportes-cam\/'><img decoding=\"async\" width=\"1439\" height=\"1772\" src=\"https:\/\/www.realclubmaritimomelilla.es\/clmar\/wp-content\/uploads\/Miguel-Angel-Fernandez-Consejero-Deportes-CAM.webp\" class=\"attachment-full size-full\" alt=\"\" srcset=\"https:\/\/www.realclubmaritimomelilla.es\/clmar\/wp-content\/uploads\/Miguel-Angel-Fernandez-Consejero-Deportes-CAM-200x246.webp 200w, https:\/\/www.realclubmaritimomelilla.es\/clmar\/wp-content\/uploads\/Miguel-Angel-Fernandez-Consejero-Deportes-CAM-244x300.webp 244w, https:\/\/www.realclubmaritimomelilla.es\/clmar\/wp-content\/uploads\/Miguel-Angel-Fernandez-Consejero-Deportes-CAM-400x493.webp 400w, https:\/\/www.realclubmaritimomelilla.es\/clmar\/wp-content\/uploads\/Miguel-Angel-Fernandez-Consejero-Deportes-CAM-600x739.webp 600w, https:\/\/www.realclubmaritimomelilla.es\/clmar\/wp-content\/uploads\/Miguel-Angel-Fernandez-Consejero-Deportes-CAM-768x946.webp 768w, https:\/\/www.realclubmaritimomelilla.es\/clmar\/wp-content\/uploads\/Miguel-Angel-Fernandez-Consejero-Deportes-CAM-800x985.webp 800w, https:\/\/www.realclubmaritimomelilla.es\/clmar\/wp-content\/uploads\/Miguel-Angel-Fernandez-Consejero-Deportes-CAM-832x1024.webp 832w, https:\/\/www.realclubmaritimomelilla.es\/clmar\/wp-content\/uploads\/Miguel-Angel-Fernandez-Consejero-Deportes-CAM-1200x1478.webp 1200w, https:\/\/www.realclubmaritimomelilla.es\/clmar\/wp-content\/uploads\/Miguel-Angel-Fernandez-Consejero-Deportes-CAM-1247x1536.webp 1247w, https:\/\/www.realclubmaritimomelilla.es\/clmar\/wp-content\/uploads\/Miguel-Angel-Fernandez-Consejero-Deportes-CAM.webp 1439w\" sizes=\"(max-width: 1439px) 100vw, 1439px\" \/><\/a>\n\t\t\t<\/dt><\/dl><dl class='gallery-item'>\n\t\t\t<dt class='gallery-icon landscape'>\n\t\t\t\t<a data-rel=\"iLightbox[postimages]\" data-title=\"RP\" data-caption=\"\" href='https:\/\/www.realclubmaritimomelilla.es\/clmar\/el-real-club-maritimo-da-el-salto-al-baloncesto-nacional\/rp\/'><img decoding=\"async\" width=\"1772\" height=\"838\" src=\"https:\/\/www.realclubmaritimomelilla.es\/clmar\/wp-content\/uploads\/RP.webp\" class=\"attachment-full size-full\" alt=\"\" srcset=\"https:\/\/www.realclubmaritimomelilla.es\/clmar\/wp-content\/uploads\/RP-200x95.webp 200w, https:\/\/www.realclubmaritimomelilla.es\/clmar\/wp-content\/uploads\/RP-300x142.webp 300w, https:\/\/www.realclubmaritimomelilla.es\/clmar\/wp-content\/uploads\/RP-400x189.webp 400w, https:\/\/www.realclubmaritimomelilla.es\/clmar\/wp-content\/uploads\/RP-600x284.webp 600w, https:\/\/www.realclubmaritimomelilla.es\/clmar\/wp-content\/uploads\/RP-768x363.webp 768w, https:\/\/www.realclubmaritimomelilla.es\/clmar\/wp-content\/uploads\/RP-800x378.webp 800w, https:\/\/www.realclubmaritimomelilla.es\/clmar\/wp-content\/uploads\/RP-1024x484.webp 1024w, https:\/\/www.realclubmaritimomelilla.es\/clmar\/wp-content\/uploads\/RP-1200x567.webp 1200w, https:\/\/www.realclubmaritimomelilla.es\/clmar\/wp-content\/uploads\/RP-1536x726.webp 1536w, https:\/\/www.realclubmaritimomelilla.es\/clmar\/wp-content\/uploads\/RP.webp 1772w\" sizes=\"(max-width: 1772px) 100vw, 1772px\" \/><\/a>\n\t\t\t<\/dt><\/dl><br style=\"clear: both\" \/><dl class='gallery-item'>\n\t\t\t<dt class='gallery-icon landscape'>\n\t\t\t\t<a data-rel=\"iLightbox[postimages]\" data-title=\"RP2\" data-caption=\"\" href='https:\/\/www.realclubmaritimomelilla.es\/clmar\/el-real-club-maritimo-da-el-salto-al-baloncesto-nacional\/rp2\/'><img decoding=\"async\" width=\"1772\" height=\"982\" src=\"https:\/\/www.realclubmaritimomelilla.es\/clmar\/wp-content\/uploads\/RP2.webp\" class=\"attachment-full size-full\" alt=\"\" srcset=\"https:\/\/www.realclubmaritimomelilla.es\/clmar\/wp-content\/uploads\/RP2-200x111.webp 200w, https:\/\/www.realclubmaritimomelilla.es\/clmar\/wp-content\/uploads\/RP2-300x166.webp 300w, https:\/\/www.realclubmaritimomelilla.es\/clmar\/wp-content\/uploads\/RP2-400x222.webp 400w, https:\/\/www.realclubmaritimomelilla.es\/clmar\/wp-content\/uploads\/RP2-600x333.webp 600w, https:\/\/www.realclubmaritimomelilla.es\/clmar\/wp-content\/uploads\/RP2-768x426.webp 768w, https:\/\/www.realclubmaritimomelilla.es\/clmar\/wp-content\/uploads\/RP2-800x443.webp 800w, https:\/\/www.realclubmaritimomelilla.es\/clmar\/wp-content\/uploads\/RP2-1024x567.webp 1024w, https:\/\/www.realclubmaritimomelilla.es\/clmar\/wp-content\/uploads\/RP2-1200x665.webp 1200w, https:\/\/www.realclubmaritimomelilla.es\/clmar\/wp-content\/uploads\/RP2-1536x851.webp 1536w, https:\/\/www.realclubmaritimomelilla.es\/clmar\/wp-content\/uploads\/RP2.webp 1772w\" sizes=\"(max-width: 1772px) 100vw, 1772px\" \/><\/a>\n\t\t\t<\/dt><\/dl><dl class='gallery-item'>\n\t\t\t<dt class='gallery-icon landscape'>\n\t\t\t\t<a data-rel=\"iLightbox[postimages]\" data-title=\"RP3\" data-caption=\"\" href='https:\/\/www.realclubmaritimomelilla.es\/clmar\/el-real-club-maritimo-da-el-salto-al-baloncesto-nacional\/rp3\/'><img decoding=\"async\" width=\"1772\" height=\"815\" src=\"https:\/\/www.realclubmaritimomelilla.es\/clmar\/wp-content\/uploads\/RP3.webp\" class=\"attachment-full size-full\" alt=\"\" srcset=\"https:\/\/www.realclubmaritimomelilla.es\/clmar\/wp-content\/uploads\/RP3-200x92.webp 200w, https:\/\/www.realclubmaritimomelilla.es\/clmar\/wp-content\/uploads\/RP3-300x138.webp 300w, https:\/\/www.realclubmaritimomelilla.es\/clmar\/wp-content\/uploads\/RP3-400x184.webp 400w, https:\/\/www.realclubmaritimomelilla.es\/clmar\/wp-content\/uploads\/RP3-600x276.webp 600w, https:\/\/www.realclubmaritimomelilla.es\/clmar\/wp-content\/uploads\/RP3-768x353.webp 768w, https:\/\/www.realclubmaritimomelilla.es\/clmar\/wp-content\/uploads\/RP3-800x368.webp 800w, https:\/\/www.realclubmaritimomelilla.es\/clmar\/wp-content\/uploads\/RP3-1024x471.webp 1024w, https:\/\/www.realclubmaritimomelilla.es\/clmar\/wp-content\/uploads\/RP3-1200x552.webp 1200w, https:\/\/www.realclubmaritimomelilla.es\/clmar\/wp-content\/uploads\/RP3-1536x706.webp 1536w, https:\/\/www.realclubmaritimomelilla.es\/clmar\/wp-content\/uploads\/RP3.webp 1772w\" sizes=\"(max-width: 1772px) 100vw, 1772px\" \/><\/a>\n\t\t\t<\/dt><\/dl><dl class='gallery-item'>\n\t\t\t<dt class='gallery-icon portrait'>\n\t\t\t\t<a data-rel=\"iLightbox[postimages]\" data-title=\"V\u00edctor Salinas (Entrenador)\" data-caption=\"\" href='https:\/\/www.realclubmaritimomelilla.es\/clmar\/el-real-club-maritimo-da-el-salto-al-baloncesto-nacional\/victor-salinas-entrenador\/'><img decoding=\"async\" width=\"906\" height=\"1417\" src=\"https:\/\/www.realclubmaritimomelilla.es\/clmar\/wp-content\/uploads\/Victor-Salinas-Entrenador.webp\" class=\"attachment-full size-full\" alt=\"\" srcset=\"https:\/\/www.realclubmaritimomelilla.es\/clmar\/wp-content\/uploads\/Victor-Salinas-Entrenador-192x300.webp 192w, https:\/\/www.realclubmaritimomelilla.es\/clmar\/wp-content\/uploads\/Victor-Salinas-Entrenador-200x313.webp 200w, https:\/\/www.realclubmaritimomelilla.es\/clmar\/wp-content\/uploads\/Victor-Salinas-Entrenador-400x626.webp 400w, https:\/\/www.realclubmaritimomelilla.es\/clmar\/wp-content\/uploads\/Victor-Salinas-Entrenador-600x938.webp 600w, https:\/\/www.realclubmaritimomelilla.es\/clmar\/wp-content\/uploads\/Victor-Salinas-Entrenador-655x1024.webp 655w, https:\/\/www.realclubmaritimomelilla.es\/clmar\/wp-content\/uploads\/Victor-Salinas-Entrenador-768x1201.webp 768w, https:\/\/www.realclubmaritimomelilla.es\/clmar\/wp-content\/uploads\/Victor-Salinas-Entrenador-800x1251.webp 800w, https:\/\/www.realclubmaritimomelilla.es\/clmar\/wp-content\/uploads\/Victor-Salinas-Entrenador.webp 906w\" sizes=\"(max-width: 906px) 100vw, 906px\" \/><\/a>\n\t\t\t<\/dt><\/dl><br style=\"clear: both\" \/>\n\t\t<\/div>\n<\/p>\n","protected":false},"excerpt":{"rendered":"<p>El pr\u00f3ximo 3 de octubre, el \u2018Melilla Ciudad del Deporte \u2013 Real Club Mar\u00edtimo\u2019 har\u00e1 su estreno en categor\u00eda nacional, despu\u00e9s de m\u00e1s de una d\u00e9cada de trabajo desde las categor\u00edas inferiores. Un proyecto que este martes ha sido presentado oficialmente y que nace con una premisa clara: seguir creciendo, pero sin perder de vista [&hellip;]<\/p>\n","protected":false},"author":1,"featured_media":29362,"comment_status":"open","ping_status":"open","sticky":false,"template":"","format":"standard","meta":{"_acf_changed":false,"footnotes":""},"categories":[46],"tags":[],"class_list":["post-29359","post","type-post","status-publish","format-standard","has-post-thumbnail","hentry","category-seccion-baloncesto"],"acf":[],"yoast_head":"<!-- This site is optimized with the Yoast SEO plugin v28.2 - https:\/\/yoast.com\/product\/yoast-seo-wordpress\/ -->\n<title>EL REAL CLUB MAR\u00cdTIMO DA EL SALTO AL BALONCESTO NACIONAL - Real Club Mar\u00edtimo de Melilla<\/title>\n<meta name=\"description\" content=\"El \u2018Melilla Ciudad del Deporte \u2013 Real Club Mar\u00edtimo\u2019 se estrena en categor\u00eda nacional tras una d\u00e9cada de trabajo en categor\u00edas inferiores\" \/>\n<meta name=\"robots\" content=\"index, follow, max-snippet:-1, max-image-preview:large, max-video-preview:-1\" \/>\n<link rel=\"canonical\" href=\"https:\/\/www.realclubmaritimomelilla.es\/clmar\/el-real-club-maritimo-da-el-salto-al-baloncesto-nacional\/\" \/>\n<meta property=\"og:locale\" content=\"es_ES\" \/>\n<meta property=\"og:type\" content=\"article\" \/>\n<meta property=\"og:title\" content=\"EL REAL CLUB MAR\u00cdTIMO DA EL SALTO AL BALONCESTO NACIONAL - Real Club Mar\u00edtimo de Melilla\" \/>\n<meta property=\"og:description\" content=\"El \u2018Melilla Ciudad del Deporte \u2013 Real Club Mar\u00edtimo\u2019 se estrena en categor\u00eda nacional tras una d\u00e9cada de trabajo en categor\u00edas inferiores\" \/>\n<meta property=\"og:url\" content=\"https:\/\/www.realclubmaritimomelilla.es\/clmar\/el-real-club-maritimo-da-el-salto-al-baloncesto-nacional\/\" \/>\n<meta property=\"og:site_name\" content=\"Real Club Mar\u00edtimo de Melilla\" \/>\n<meta property=\"article:publisher\" content=\"https:\/\/www.facebook.com\/Real-Club-Mar%c3%adtimo-de-Melilla-588495841234214\/\" \/>\n<meta property=\"article:published_time\" content=\"2026-09-01T11:27:04+00:00\" \/>\n<meta property=\"article:modified_time\" content=\"2026-09-01T15:21:27+00:00\" \/>\n<meta property=\"og:image\" content=\"https:\/\/www.realclubmaritimomelilla.es\/clmar\/wp-content\/uploads\/Equipo-RCMM.webp\" \/>\n\t<meta property=\"og:image:width\" content=\"2126\" \/>\n\t<meta property=\"og:image:height\" content=\"1057\" \/>\n\t<meta property=\"og:image:type\" content=\"image\/jpeg\" \/>\n<meta name=\"author\" content=\"RCMMelilla\" \/>\n<meta name=\"twitter:card\" content=\"summary_large_image\" \/>\n<meta name=\"twitter:creator\" content=\"@nauticarcmm\" \/>\n<meta name=\"twitter:site\" content=\"@nauticarcmm\" \/>\n<meta name=\"twitter:label1\" content=\"Escrito por\" \/>\n\t<meta name=\"twitter:data1\" content=\"RCMMelilla\" \/>\n\t<meta name=\"twitter:label2\" content=\"Tiempo de lectura\" \/>\n\t<meta name=\"twitter:data2\" content=\"3 minutos\" \/>\n<script type=\"application\/ld+json\" class=\"yoast-schema-graph\">{\"@context\":\"https:\\\/\\\/schema.org\",\"@graph\":[{\"@type\":\"Article\",\"@id\":\"https:\\\/\\\/www.realclubmaritimomelilla.es\\\/clmar\\\/el-real-club-maritimo-da-el-salto-al-baloncesto-nacional\\\/#article\",\"isPartOf\":{\"@id\":\"https:\\\/\\\/www.realclubmaritimomelilla.es\\\/clmar\\\/el-real-club-maritimo-da-el-salto-al-baloncesto-nacional\\\/\"},\"author\":{\"name\":\"RCMMelilla\",\"@id\":\"https:\\\/\\\/www.realclubmaritimomelilla.es\\\/clmar\\\/#\\\/schema\\\/person\\\/ebaa3713496dc6d48c872452e73a8e79\"},\"headline\":\"EL REAL CLUB MAR\u00cdTIMO DA EL SALTO AL BALONCESTO NACIONAL\",\"datePublished\":\"2026-09-01T11:27:04+00:00\",\"dateModified\":\"2026-09-01T15:21:27+00:00\",\"mainEntityOfPage\":{\"@id\":\"https:\\\/\\\/www.realclubmaritimomelilla.es\\\/clmar\\\/el-real-club-maritimo-da-el-salto-al-baloncesto-nacional\\\/\"},\"wordCount\":517,\"commentCount\":0,\"publisher\":{\"@id\":\"https:\\\/\\\/www.realclubmaritimomelilla.es\\\/clmar\\\/#organization\"},\"image\":{\"@id\":\"https:\\\/\\\/www.realclubmaritimomelilla.es\\\/clmar\\\/el-real-club-maritimo-da-el-salto-al-baloncesto-nacional\\\/#primaryimage\"},\"thumbnailUrl\":\"https:\\\/\\\/www.realclubmaritimomelilla.es\\\/clmar\\\/wp-content\\\/uploads\\\/Equipo-RCMM.webp\",\"articleSection\":[\"Secci\u00f3n Baloncesto\"],\"inLanguage\":\"es\",\"potentialAction\":[{\"@type\":\"CommentAction\",\"name\":\"Comment\",\"target\":[\"https:\\\/\\\/www.realclubmaritimomelilla.es\\\/clmar\\\/el-real-club-maritimo-da-el-salto-al-baloncesto-nacional\\\/#respond\"]}]},{\"@type\":\"WebPage\",\"@id\":\"https:\\\/\\\/www.realclubmaritimomelilla.es\\\/clmar\\\/el-real-club-maritimo-da-el-salto-al-baloncesto-nacional\\\/\",\"url\":\"https:\\\/\\\/www.realclubmaritimomelilla.es\\\/clmar\\\/el-real-club-maritimo-da-el-salto-al-baloncesto-nacional\\\/\",\"name\":\"EL REAL CLUB MAR\u00cdTIMO DA EL SALTO AL BALONCESTO NACIONAL - Real Club Mar\u00edtimo de Melilla\",\"isPartOf\":{\"@id\":\"https:\\\/\\\/www.realclubmaritimomelilla.es\\\/clmar\\\/#website\"},\"primaryImageOfPage\":{\"@id\":\"https:\\\/\\\/www.realclubmaritimomelilla.es\\\/clmar\\\/el-real-club-maritimo-da-el-salto-al-baloncesto-nacional\\\/#primaryimage\"},\"image\":{\"@id\":\"https:\\\/\\\/www.realclubmaritimomelilla.es\\\/clmar\\\/el-real-club-maritimo-da-el-salto-al-baloncesto-nacional\\\/#primaryimage\"},\"thumbnailUrl\":\"https:\\\/\\\/www.realclubmaritimomelilla.es\\\/clmar\\\/wp-content\\\/uploads\\\/Equipo-RCMM.webp\",\"datePublished\":\"2026-09-01T11:27:04+00:00\",\"dateModified\":\"2026-09-01T15:21:27+00:00\",\"description\":\"El \u2018Melilla Ciudad del Deporte \u2013 Real Club Mar\u00edtimo\u2019 se estrena en categor\u00eda nacional tras una d\u00e9cada de trabajo en categor\u00edas inferiores\",\"breadcrumb\":{\"@id\":\"https:\\\/\\\/www.realclubmaritimomelilla.es\\\/clmar\\\/el-real-club-maritimo-da-el-salto-al-baloncesto-nacional\\\/#breadcrumb\"},\"inLanguage\":\"es\",\"potentialAction\":[{\"@type\":\"ReadAction\",\"target\":[\"https:\\\/\\\/www.realclubmaritimomelilla.es\\\/clmar\\\/el-real-club-maritimo-da-el-salto-al-baloncesto-nacional\\\/\"]}]},{\"@type\":\"ImageObject\",\"inLanguage\":\"es\",\"@id\":\"https:\\\/\\\/www.realclubmaritimomelilla.es\\\/clmar\\\/el-real-club-maritimo-da-el-salto-al-baloncesto-nacional\\\/#primaryimage\",\"url\":\"https:\\\/\\\/www.realclubmaritimomelilla.es\\\/clmar\\\/wp-content\\\/uploads\\\/Equipo-RCMM.webp\",\"contentUrl\":\"https:\\\/\\\/www.realclubmaritimomelilla.es\\\/clmar\\\/wp-content\\\/uploads\\\/Equipo-RCMM.webp\",\"width\":2126,\"height\":1057},{\"@type\":\"BreadcrumbList\",\"@id\":\"https:\\\/\\\/www.realclubmaritimomelilla.es\\\/clmar\\\/el-real-club-maritimo-da-el-salto-al-baloncesto-nacional\\\/#breadcrumb\",\"itemListElement\":[{\"@type\":\"ListItem\",\"position\":1,\"name\":\"Portada\",\"item\":\"https:\\\/\\\/www.realclubmaritimomelilla.es\\\/clmar\\\/\"},{\"@type\":\"ListItem\",\"position\":2,\"name\":\"EL REAL CLUB MAR\u00cdTIMO DA EL SALTO AL BALONCESTO NACIONAL\"}]},{\"@type\":\"WebSite\",\"@id\":\"https:\\\/\\\/www.realclubmaritimomelilla.es\\\/clmar\\\/#website\",\"url\":\"https:\\\/\\\/www.realclubmaritimomelilla.es\\\/clmar\\\/\",\"name\":\"Real Club Mar\u00edtimo de Melilla\",\"description\":\"RCMM\",\"publisher\":{\"@id\":\"https:\\\/\\\/www.realclubmaritimomelilla.es\\\/clmar\\\/#organization\"},\"alternateName\":\"RCMM\",\"potentialAction\":[{\"@type\":\"SearchAction\",\"target\":{\"@type\":\"EntryPoint\",\"urlTemplate\":\"https:\\\/\\\/www.realclubmaritimomelilla.es\\\/clmar\\\/?s={search_term_string}\"},\"query-input\":{\"@type\":\"PropertyValueSpecification\",\"valueRequired\":true,\"valueName\":\"search_term_string\"}}],\"inLanguage\":\"es\"},{\"@type\":\"Organization\",\"@id\":\"https:\\\/\\\/www.realclubmaritimomelilla.es\\\/clmar\\\/#organization\",\"name\":\"Real Club Mar\u00edtimo de Melilla\",\"alternateName\":\"RCMM\",\"url\":\"https:\\\/\\\/www.realclubmaritimomelilla.es\\\/clmar\\\/\",\"logo\":{\"@type\":\"ImageObject\",\"inLanguage\":\"es\",\"@id\":\"https:\\\/\\\/www.realclubmaritimomelilla.es\\\/clmar\\\/#\\\/schema\\\/logo\\\/image\\\/\",\"url\":\"https:\\\/\\\/www.realclubmaritimomelilla.es\\\/clmar\\\/wp-content\\\/uploads\\\/logo-club-original-copia.jpg\",\"contentUrl\":\"https:\\\/\\\/www.realclubmaritimomelilla.es\\\/clmar\\\/wp-content\\\/uploads\\\/logo-club-original-copia.jpg\",\"width\":128,\"height\":89,\"caption\":\"Real Club Mar\u00edtimo de Melilla\"},\"image\":{\"@id\":\"https:\\\/\\\/www.realclubmaritimomelilla.es\\\/clmar\\\/#\\\/schema\\\/logo\\\/image\\\/\"},\"sameAs\":[\"https:\\\/\\\/www.facebook.com\\\/Real-Club-Mar\u00edtimo-de-Melilla-588495841234214\\\/\",\"https:\\\/\\\/x.com\\\/nauticarcmm\",\"https:\\\/\\\/www.instagram.com\\\/club_maritimo_melilla\\\/\",\"https:\\\/\\\/www.youtube.com\\\/@realclubmaritimodemelilla4703\",\"https:\\\/\\\/es.wikipedia.org\\\/wiki\\\/Real_Club_Mar\u00edtimo_de_Melilla\"]},{\"@type\":\"Person\",\"@id\":\"https:\\\/\\\/www.realclubmaritimomelilla.es\\\/clmar\\\/#\\\/schema\\\/person\\\/ebaa3713496dc6d48c872452e73a8e79\",\"name\":\"RCMMelilla\",\"image\":{\"@type\":\"ImageObject\",\"inLanguage\":\"es\",\"@id\":\"https:\\\/\\\/secure.gravatar.com\\\/avatar\\\/df1c24789360fb9308735c4ee556fc2bc5bf924bf01e53043b8b97ba272da33c?s=96&d=mm&r=g\",\"url\":\"https:\\\/\\\/secure.gravatar.com\\\/avatar\\\/df1c24789360fb9308735c4ee556fc2bc5bf924bf01e53043b8b97ba272da33c?s=96&d=mm&r=g\",\"contentUrl\":\"https:\\\/\\\/secure.gravatar.com\\\/avatar\\\/df1c24789360fb9308735c4ee556fc2bc5bf924bf01e53043b8b97ba272da33c?s=96&d=mm&r=g\",\"caption\":\"RCMMelilla\"}}]}<\/script>\n<!-- \/ Yoast SEO plugin. -->","yoast_head_json":{"title":"EL REAL CLUB MAR\u00cdTIMO DA EL SALTO AL BALONCESTO NACIONAL - Real Club Mar\u00edtimo de Melilla","description":"El \u2018Melilla Ciudad del Deporte \u2013 Real Club Mar\u00edtimo\u2019 se estrena en categor\u00eda nacional tras una d\u00e9cada de trabajo en categor\u00edas inferiores","robots":{"index":"index","follow":"follow","max-snippet":"max-snippet:-1","max-image-preview":"max-image-preview:large","max-video-preview":"max-video-preview:-1"},"canonical":"https:\/\/www.realclubmaritimomelilla.es\/clmar\/el-real-club-maritimo-da-el-salto-al-baloncesto-nacional\/","og_locale":"es_ES","og_type":"article","og_title":"EL REAL CLUB MAR\u00cdTIMO DA EL SALTO AL BALONCESTO NACIONAL - Real Club Mar\u00edtimo de Melilla","og_description":"El \u2018Melilla Ciudad del Deporte \u2013 Real Club Mar\u00edtimo\u2019 se estrena en categor\u00eda nacional tras una d\u00e9cada de trabajo en categor\u00edas inferiores","og_url":"https:\/\/www.realclubmaritimomelilla.es\/clmar\/el-real-club-maritimo-da-el-salto-al-baloncesto-nacional\/","og_site_name":"Real Club Mar\u00edtimo de Melilla","article_publisher":"https:\/\/www.facebook.com\/Real-Club-Mar%c3%adtimo-de-Melilla-588495841234214\/","article_published_time":"2026-09-01T11:27:04+00:00","article_modified_time":"2026-09-01T15:21:27+00:00","og_image":[{"width":2126,"height":1057,"url":"https:\/\/www.realclubmaritimomelilla.es\/clmar\/wp-content\/uploads\/Equipo-RCMM.webp","type":"image\/jpeg"}],"author":"RCMMelilla","twitter_card":"summary_large_image","twitter_creator":"@nauticarcmm","twitter_site":"@nauticarcmm","twitter_misc":{"Escrito por":"RCMMelilla","Tiempo de lectura":"3 minutos"},"schema":{"@context":"https:\/\/schema.org","@graph":[{"@type":"Article","@id":"https:\/\/www.realclubmaritimomelilla.es\/clmar\/el-real-club-maritimo-da-el-salto-al-baloncesto-nacional\/#article","isPartOf":{"@id":"https:\/\/www.realclubmaritimomelilla.es\/clmar\/el-real-club-maritimo-da-el-salto-al-baloncesto-nacional\/"},"author":{"name":"RCMMelilla","@id":"https:\/\/www.realclubmaritimomelilla.es\/clmar\/#\/schema\/person\/ebaa3713496dc6d48c872452e73a8e79"},"headline":"EL REAL CLUB MAR\u00cdTIMO DA EL SALTO AL BALONCESTO NACIONAL","datePublished":"2026-09-01T11:27:04+00:00","dateModified":"2026-09-01T15:21:27+00:00","mainEntityOfPage":{"@id":"https:\/\/www.realclubmaritimomelilla.es\/clmar\/el-real-club-maritimo-da-el-salto-al-baloncesto-nacional\/"},"wordCount":517,"commentCount":0,"publisher":{"@id":"https:\/\/www.realclubmaritimomelilla.es\/clmar\/#organization"},"image":{"@id":"https:\/\/www.realclubmaritimomelilla.es\/clmar\/el-real-club-maritimo-da-el-salto-al-baloncesto-nacional\/#primaryimage"},"thumbnailUrl":"https:\/\/www.realclubmaritimomelilla.es\/clmar\/wp-content\/uploads\/Equipo-RCMM.webp","articleSection":["Secci\u00f3n Baloncesto"],"inLanguage":"es","potentialAction":[{"@type":"CommentAction","name":"Comment","target":["https:\/\/www.realclubmaritimomelilla.es\/clmar\/el-real-club-maritimo-da-el-salto-al-baloncesto-nacional\/#respond"]}]},{"@type":"WebPage","@id":"https:\/\/www.realclubmaritimomelilla.es\/clmar\/el-real-club-maritimo-da-el-salto-al-baloncesto-nacional\/","url":"https:\/\/www.realclubmaritimomelilla.es\/clmar\/el-real-club-maritimo-da-el-salto-al-baloncesto-nacional\/","name":"EL REAL CLUB MAR\u00cdTIMO DA EL SALTO AL BALONCESTO NACIONAL - Real Club Mar\u00edtimo de Melilla","isPartOf":{"@id":"https:\/\/www.realclubmaritimomelilla.es\/clmar\/#website"},"primaryImageOfPage":{"@id":"https:\/\/www.realclubmaritimomelilla.es\/clmar\/el-real-club-maritimo-da-el-salto-al-baloncesto-nacional\/#primaryimage"},"image":{"@id":"https:\/\/www.realclubmaritimomelilla.es\/clmar\/el-real-club-maritimo-da-el-salto-al-baloncesto-nacional\/#primaryimage"},"thumbnailUrl":"https:\/\/www.realclubmaritimomelilla.es\/clmar\/wp-content\/uploads\/Equipo-RCMM.webp","datePublished":"2026-09-01T11:27:04+00:00","dateModified":"2026-09-01T15:21:27+00:00","description":"El \u2018Melilla Ciudad del Deporte \u2013 Real Club Mar\u00edtimo\u2019 se estrena en categor\u00eda nacional tras una d\u00e9cada de trabajo en categor\u00edas inferiores","breadcrumb":{"@id":"https:\/\/www.realclubmaritimomelilla.es\/clmar\/el-real-club-maritimo-da-el-salto-al-baloncesto-nacional\/#breadcrumb"},"inLanguage":"es","potentialAction":[{"@type":"ReadAction","target":["https:\/\/www.realclubmaritimomelilla.es\/clmar\/el-real-club-maritimo-da-el-salto-al-baloncesto-nacional\/"]}]},{"@type":"ImageObject","inLanguage":"es","@id":"https:\/\/www.realclubmaritimomelilla.es\/clmar\/el-real-club-maritimo-da-el-salto-al-baloncesto-nacional\/#primaryimage","url":"https:\/\/www.realclubmaritimomelilla.es\/clmar\/wp-content\/uploads\/Equipo-RCMM.webp","contentUrl":"https:\/\/www.realclubmaritimomelilla.es\/clmar\/wp-content\/uploads\/Equipo-RCMM.webp","width":2126,"height":1057},{"@type":"BreadcrumbList","@id":"https:\/\/www.realclubmaritimomelilla.es\/clmar\/el-real-club-maritimo-da-el-salto-al-baloncesto-nacional\/#breadcrumb","itemListElement":[{"@type":"ListItem","position":1,"name":"Portada","item":"https:\/\/www.realclubmaritimomelilla.es\/clmar\/"},{"@type":"ListItem","position":2,"name":"EL REAL CLUB MAR\u00cdTIMO DA EL SALTO AL BALONCESTO NACIONAL"}]},{"@type":"WebSite","@id":"https:\/\/www.realclubmaritimomelilla.es\/clmar\/#website","url":"https:\/\/www.realclubmaritimomelilla.es\/clmar\/","name":"Real Club Mar\u00edtimo de Melilla","description":"RCMM","publisher":{"@id":"https:\/\/www.realclubmaritimomelilla.es\/clmar\/#organization"},"alternateName":"RCMM","potentialAction":[{"@type":"SearchAction","target":{"@type":"EntryPoint","urlTemplate":"https:\/\/www.realclubmaritimomelilla.es\/clmar\/?s={search_term_string}"},"query-input":{"@type":"PropertyValueSpecification","valueRequired":true,"valueName":"search_term_string"}}],"inLanguage":"es"},{"@type":"Organization","@id":"https:\/\/www.realclubmaritimomelilla.es\/clmar\/#organization","name":"Real Club Mar\u00edtimo de Melilla","alternateName":"RCMM","url":"https:\/\/www.realclubmaritimomelilla.es\/clmar\/","logo":{"@type":"ImageObject","inLanguage":"es","@id":"https:\/\/www.realclubmaritimomelilla.es\/clmar\/#\/schema\/logo\/image\/","url":"https:\/\/www.realclubmaritimomelilla.es\/clmar\/wp-content\/uploads\/logo-club-original-copia.jpg","contentUrl":"https:\/\/www.realclubmaritimomelilla.es\/clmar\/wp-content\/uploads\/logo-club-original-copia.jpg","width":128,"height":89,"caption":"Real Club Mar\u00edtimo de Melilla"},"image":{"@id":"https:\/\/www.realclubmaritimomelilla.es\/clmar\/#\/schema\/logo\/image\/"},"sameAs":["https:\/\/www.facebook.com\/Real-Club-Mar\u00edtimo-de-Melilla-588495841234214\/","https:\/\/x.com\/nauticarcmm","https:\/\/www.instagram.com\/club_maritimo_melilla\/","https:\/\/www.youtube.com\/@realclubmaritimodemelilla4703","https:\/\/es.wikipedia.org\/wiki\/Real_Club_Mar\u00edtimo_de_Melilla"]},{"@type":"Person","@id":"https:\/\/www.realclubmaritimomelilla.es\/clmar\/#\/schema\/person\/ebaa3713496dc6d48c872452e73a8e79","name":"RCMMelilla","image":{"@type":"ImageObject","inLanguage":"es","@id":"https:\/\/secure.gravatar.com\/avatar\/df1c24789360fb9308735c4ee556fc2bc5bf924bf01e53043b8b97ba272da33c?s=96&d=mm&r=g","url":"https:\/\/secure.gravatar.com\/avatar\/df1c24789360fb9308735c4ee556fc2bc5bf924bf01e53043b8b97ba272da33c?s=96&d=mm&r=g","contentUrl":"https:\/\/secure.gravatar.com\/avatar\/df1c24789360fb9308735c4ee556fc2bc5bf924bf01e53043b8b97ba272da33c?s=96&d=mm&r=g","caption":"RCMMelilla"}}]}},"_links":{"self":[{"href":"https:\/\/www.realclubmaritimomelilla.es\/clmar\/wp-json\/wp\/v2\/posts\/29359","targetHints":{"allow":["GET"]}}],"collection":[{"href":"https:\/\/www.realclubmaritimomelilla.es\/clmar\/wp-json\/wp\/v2\/posts"}],"about":[{"href":"https:\/\/www.realclubmaritimomelilla.es\/clmar\/wp-json\/wp\/v2\/types\/post"}],"author":[{"embeddable":true,"href":"https:\/\/www.realclubmaritimomelilla.es\/clmar\/wp-json\/wp\/v2\/users\/1"}],"replies":[{"embeddable":true,"href":"https:\/\/www.realclubmaritimomelilla.es\/clmar\/wp-json\/wp\/v2\/comments?post=29359"}],"version-history":[{"count":2,"href":"https:\/\/www.realclubmaritimomelilla.es\/clmar\/wp-json\/wp\/v2\/posts\/29359\/revisions"}],"predecessor-version":[{"id":29370,"href":"https:\/\/www.realclubmaritimomelilla.es\/clmar\/wp-json\/wp\/v2\/posts\/29359\/revisions\/29370"}],"wp:featuredmedia":[{"embeddable":true,"href":"https:\/\/www.realclubmaritimomelilla.es\/clmar\/wp-json\/wp\/v2\/media\/29362"}],"wp:attachment":[{"href":"https:\/\/www.realclubmaritimomelilla.es\/clmar\/wp-json\/wp\/v2\/media?parent=29359"}],"wp:term":[{"taxonomy":"category","embeddable":true,"href":"https:\/\/www.realclubmaritimomelilla.es\/clmar\/wp-json\/wp\/v2\/categories?post=29359"},{"taxonomy":"post_tag","embeddable":true,"href":"https:\/\/www.realclubmaritimomelilla.es\/clmar\/wp-json\/wp\/v2\/tags?post=29359"}],"curies":[{"name":"wp","href":"https:\/\/api.w.org\/{rel}","templated":true}]}}