{"id":29317,"date":"2026-08-31T21:20:25","date_gmt":"2026-08-31T19:20:25","guid":{"rendered":"https:\/\/www.realclubmaritimomelilla.es\/clmar\/?p=29317"},"modified":"2026-09-01T09:38:18","modified_gmt":"2026-09-01T07:38:18","slug":"abril-bravo-y-pedro-maldonado-miss-sirenita-y-mister-delfin-2026-del-real-club-maritimo","status":"publish","type":"post","link":"https:\/\/www.realclubmaritimomelilla.es\/clmar\/abril-bravo-y-pedro-maldonado-miss-sirenita-y-mister-delfin-2026-del-real-club-maritimo\/","title":{"rendered":"Abril Bravo y Pedro Maldonado, Miss Sirenita y M\u00edster Delf\u00edn 2026"},"content":{"rendered":"<p>El Real Club Mar\u00edtimo de Melilla ha vuelto a cumplir este lunes con una de sus tradiciones m\u00e1s arraigadas de las Fiestas Patronales, con la celebraci\u00f3n de su tradicional fiesta infantil y la elecci\u00f3n de sus representantes para la Feria 2026.<\/p>\n<p>Abril Bravo Carmona ha sido elegida Miss Sirenita 2026, mientras que Pedro Maldonado Muriana ha recibido la banda de M\u00edster Delf\u00edn 2026. Junto a ellos, tambi\u00e9n han sido designados Ana Imbroda Garc\u00eda, como Dama de Honor, y Leo \u00c1lvarez de los Corrales Cort\u00e9s, como Caballero.<\/p>\n<p>Los cuatro protagonistas han recibido sus respectivas bandas y regalos de manos del presidente del Real Club Mar\u00edtimo de Melilla, Jer\u00f3nimo P\u00e9rez, acompa\u00f1ado por la directiva de la entidad, Esperanza Cano, durante la fiesta celebrada esta tarde en los salones del Club.<\/p>\n<p>Los socios m\u00e1s j\u00f3venes han sido los grandes protagonistas de una jornada especialmente pensada para ellos. Durante m\u00e1s de dos horas, los ni\u00f1os han disfrutado de una tarde de diversi\u00f3n y actividades en la que han acaparado todas las miradas y han podido vivir de cerca uno de los momentos m\u00e1s esperados del calendario festivo del Real Club Mar\u00edtimo.<\/p>\n<p>La elecci\u00f3n de Miss Sirenita cuenta con una tradici\u00f3n de m\u00e1s de cinco d\u00e9cadas y se ha convertido en una de las citas infantiles m\u00e1s emblem\u00e1ticas de la programaci\u00f3n de Feria de la entidad. Una tradici\u00f3n que el Club mantiene viva generaci\u00f3n tras generaci\u00f3n y que, desde hace tres a\u00f1os, cuenta tambi\u00e9n con la elecci\u00f3n de M\u00edster Delf\u00edn, consolidando as\u00ed esta celebraci\u00f3n como uno de los grandes encuentros de los socios m\u00e1s peque\u00f1os durante las Fiestas Patronales.<\/p>\n<p>Con Abril Bravo, Pedro Maldonado, Ana Imbroda y Leo \u00c1lvarez como nuevos representantes infantiles, el Real Club Mar\u00edtimo contin\u00faa as\u00ed con una tradici\u00f3n que forma parte de la historia social del Club y que cada a\u00f1o re\u00fane a sus familias m\u00e1s j\u00f3venes en torno a una tarde de fiesta, ilusi\u00f3n y diversi\u00f3n.<br \/>\n\n\t\t<style type=\"text\/css\">\n\t\t\t#gallery-1 {\n\t\t\t\tmargin: auto;\n\t\t\t}\n\t\t\t#gallery-1 .gallery-item {\n\t\t\t\tfloat: left;\n\t\t\t\tmargin-top: 10px;\n\t\t\t\ttext-align: center;\n\t\t\t\twidth: 33%;\n\t\t\t}\n\t\t\t#gallery-1 img {\n\t\t\t\tborder: 2px solid #cfcfcf;\n\t\t\t}\n\t\t\t#gallery-1 .gallery-caption {\n\t\t\t\tmargin-left: 0;\n\t\t\t}\n\t\t\t\/* see gallery_shortcode() in wp-includes\/media.php *\/\n\t\t<\/style>\n\t\t<div id='gallery-1' class='gallery galleryid-29317 gallery-columns-3 gallery-size-full'><dl class='gallery-item'>\n\t\t\t<dt class='gallery-icon landscape'>\n\t\t\t\t<a data-rel=\"iLightbox[postimages]\" data-title=\"Caballero\" data-caption=\"\" href='https:\/\/www.realclubmaritimomelilla.es\/clmar\/abril-bravo-y-pedro-maldonado-miss-sirenita-y-mister-delfin-2026-del-real-club-maritimo\/caballero\/'><img decoding=\"async\" width=\"909\" height=\"886\" src=\"https:\/\/www.realclubmaritimomelilla.es\/clmar\/wp-content\/uploads\/Caballero.webp\" class=\"attachment-full size-full\" alt=\"\" srcset=\"https:\/\/www.realclubmaritimomelilla.es\/clmar\/wp-content\/uploads\/Caballero-200x195.webp 200w, https:\/\/www.realclubmaritimomelilla.es\/clmar\/wp-content\/uploads\/Caballero-300x292.webp 300w, https:\/\/www.realclubmaritimomelilla.es\/clmar\/wp-content\/uploads\/Caballero-400x390.webp 400w, https:\/\/www.realclubmaritimomelilla.es\/clmar\/wp-content\/uploads\/Caballero-600x585.webp 600w, https:\/\/www.realclubmaritimomelilla.es\/clmar\/wp-content\/uploads\/Caballero-768x749.webp 768w, https:\/\/www.realclubmaritimomelilla.es\/clmar\/wp-content\/uploads\/Caballero-800x780.webp 800w, https:\/\/www.realclubmaritimomelilla.es\/clmar\/wp-content\/uploads\/Caballero.webp 909w\" sizes=\"(max-width: 909px) 100vw, 909px\" \/><\/a>\n\t\t\t<\/dt><\/dl><dl class='gallery-item'>\n\t\t\t<dt class='gallery-icon portrait'>\n\t\t\t\t<a data-rel=\"iLightbox[postimages]\" data-title=\"Dama de Honor\" data-caption=\"\" href='https:\/\/www.realclubmaritimomelilla.es\/clmar\/abril-bravo-y-pedro-maldonado-miss-sirenita-y-mister-delfin-2026-del-real-club-maritimo\/dama-de-honor\/'><img decoding=\"async\" width=\"849\" height=\"886\" src=\"https:\/\/www.realclubmaritimomelilla.es\/clmar\/wp-content\/uploads\/Dama-de-Honor.webp\" class=\"attachment-full size-full\" alt=\"\" srcset=\"https:\/\/www.realclubmaritimomelilla.es\/clmar\/wp-content\/uploads\/Dama-de-Honor-200x209.webp 200w, https:\/\/www.realclubmaritimomelilla.es\/clmar\/wp-content\/uploads\/Dama-de-Honor-287x300.webp 287w, https:\/\/www.realclubmaritimomelilla.es\/clmar\/wp-content\/uploads\/Dama-de-Honor-400x417.webp 400w, https:\/\/www.realclubmaritimomelilla.es\/clmar\/wp-content\/uploads\/Dama-de-Honor-600x626.webp 600w, https:\/\/www.realclubmaritimomelilla.es\/clmar\/wp-content\/uploads\/Dama-de-Honor-768x801.webp 768w, https:\/\/www.realclubmaritimomelilla.es\/clmar\/wp-content\/uploads\/Dama-de-Honor-800x835.webp 800w, https:\/\/www.realclubmaritimomelilla.es\/clmar\/wp-content\/uploads\/Dama-de-Honor.webp 849w\" sizes=\"(max-width: 849px) 100vw, 849px\" \/><\/a>\n\t\t\t<\/dt><\/dl><dl class='gallery-item'>\n\t\t\t<dt class='gallery-icon landscape'>\n\t\t\t\t<a data-rel=\"iLightbox[postimages]\" data-title=\"Fiesta RCMM (1)\" data-caption=\"\" href='https:\/\/www.realclubmaritimomelilla.es\/clmar\/abril-bravo-y-pedro-maldonado-miss-sirenita-y-mister-delfin-2026-del-real-club-maritimo\/fiesta-rcmm-1\/'><img decoding=\"async\" width=\"886\" height=\"553\" src=\"https:\/\/www.realclubmaritimomelilla.es\/clmar\/wp-content\/uploads\/Fiesta-RCMM-1.webp\" class=\"attachment-full size-full\" alt=\"\" srcset=\"https:\/\/www.realclubmaritimomelilla.es\/clmar\/wp-content\/uploads\/Fiesta-RCMM-1-200x125.webp 200w, https:\/\/www.realclubmaritimomelilla.es\/clmar\/wp-content\/uploads\/Fiesta-RCMM-1-300x187.webp 300w, https:\/\/www.realclubmaritimomelilla.es\/clmar\/wp-content\/uploads\/Fiesta-RCMM-1-400x250.webp 400w, https:\/\/www.realclubmaritimomelilla.es\/clmar\/wp-content\/uploads\/Fiesta-RCMM-1-600x374.webp 600w, https:\/\/www.realclubmaritimomelilla.es\/clmar\/wp-content\/uploads\/Fiesta-RCMM-1-768x479.webp 768w, https:\/\/www.realclubmaritimomelilla.es\/clmar\/wp-content\/uploads\/Fiesta-RCMM-1-800x499.webp 800w, https:\/\/www.realclubmaritimomelilla.es\/clmar\/wp-content\/uploads\/Fiesta-RCMM-1.webp 886w\" sizes=\"(max-width: 886px) 100vw, 886px\" \/><\/a>\n\t\t\t<\/dt><\/dl><br style=\"clear: both\" \/><dl class='gallery-item'>\n\t\t\t<dt class='gallery-icon landscape'>\n\t\t\t\t<a data-rel=\"iLightbox[postimages]\" data-title=\"Fiesta RCMM (2)\" data-caption=\"\" href='https:\/\/www.realclubmaritimomelilla.es\/clmar\/abril-bravo-y-pedro-maldonado-miss-sirenita-y-mister-delfin-2026-del-real-club-maritimo\/fiesta-rcmm-2\/'><img decoding=\"async\" width=\"886\" height=\"530\" src=\"https:\/\/www.realclubmaritimomelilla.es\/clmar\/wp-content\/uploads\/Fiesta-RCMM-2.webp\" class=\"attachment-full size-full\" alt=\"\" srcset=\"https:\/\/www.realclubmaritimomelilla.es\/clmar\/wp-content\/uploads\/Fiesta-RCMM-2-200x120.webp 200w, https:\/\/www.realclubmaritimomelilla.es\/clmar\/wp-content\/uploads\/Fiesta-RCMM-2-300x179.webp 300w, https:\/\/www.realclubmaritimomelilla.es\/clmar\/wp-content\/uploads\/Fiesta-RCMM-2-400x239.webp 400w, https:\/\/www.realclubmaritimomelilla.es\/clmar\/wp-content\/uploads\/Fiesta-RCMM-2-600x359.webp 600w, https:\/\/www.realclubmaritimomelilla.es\/clmar\/wp-content\/uploads\/Fiesta-RCMM-2-768x459.webp 768w, https:\/\/www.realclubmaritimomelilla.es\/clmar\/wp-content\/uploads\/Fiesta-RCMM-2-800x479.webp 800w, https:\/\/www.realclubmaritimomelilla.es\/clmar\/wp-content\/uploads\/Fiesta-RCMM-2.webp 886w\" sizes=\"(max-width: 886px) 100vw, 886px\" \/><\/a>\n\t\t\t<\/dt><\/dl><dl class='gallery-item'>\n\t\t\t<dt class='gallery-icon portrait'>\n\t\t\t\t<a data-rel=\"iLightbox[postimages]\" data-title=\"Fiesta RCMM (3)\" data-caption=\"\" href='https:\/\/www.realclubmaritimomelilla.es\/clmar\/abril-bravo-y-pedro-maldonado-miss-sirenita-y-mister-delfin-2026-del-real-club-maritimo\/fiesta-rcmm-3\/'><img decoding=\"async\" width=\"586\" height=\"711\" src=\"https:\/\/www.realclubmaritimomelilla.es\/clmar\/wp-content\/uploads\/Fiesta-RCMM-3.webp\" class=\"attachment-full size-full\" alt=\"\" srcset=\"https:\/\/www.realclubmaritimomelilla.es\/clmar\/wp-content\/uploads\/Fiesta-RCMM-3-200x243.webp 200w, https:\/\/www.realclubmaritimomelilla.es\/clmar\/wp-content\/uploads\/Fiesta-RCMM-3-247x300.webp 247w, https:\/\/www.realclubmaritimomelilla.es\/clmar\/wp-content\/uploads\/Fiesta-RCMM-3-400x485.webp 400w, https:\/\/www.realclubmaritimomelilla.es\/clmar\/wp-content\/uploads\/Fiesta-RCMM-3.webp 586w\" sizes=\"(max-width: 586px) 100vw, 586px\" \/><\/a>\n\t\t\t<\/dt><\/dl><dl class='gallery-item'>\n\t\t\t<dt class='gallery-icon portrait'>\n\t\t\t\t<a data-rel=\"iLightbox[postimages]\" data-title=\"Fiesta RCMM (4)\" data-caption=\"\" href='https:\/\/www.realclubmaritimomelilla.es\/clmar\/abril-bravo-y-pedro-maldonado-miss-sirenita-y-mister-delfin-2026-del-real-club-maritimo\/fiesta-rcmm-4\/'><img decoding=\"async\" width=\"492\" height=\"862\" src=\"https:\/\/www.realclubmaritimomelilla.es\/clmar\/wp-content\/uploads\/Fiesta-RCMM-4.webp\" class=\"attachment-full size-full\" alt=\"\" srcset=\"https:\/\/www.realclubmaritimomelilla.es\/clmar\/wp-content\/uploads\/Fiesta-RCMM-4-171x300.webp 171w, https:\/\/www.realclubmaritimomelilla.es\/clmar\/wp-content\/uploads\/Fiesta-RCMM-4-200x350.webp 200w, https:\/\/www.realclubmaritimomelilla.es\/clmar\/wp-content\/uploads\/Fiesta-RCMM-4-400x701.webp 400w, https:\/\/www.realclubmaritimomelilla.es\/clmar\/wp-content\/uploads\/Fiesta-RCMM-4.webp 492w\" sizes=\"(max-width: 492px) 100vw, 492px\" \/><\/a>\n\t\t\t<\/dt><\/dl><br style=\"clear: both\" \/><dl class='gallery-item'>\n\t\t\t<dt class='gallery-icon portrait'>\n\t\t\t\t<a data-rel=\"iLightbox[postimages]\" data-title=\"Fiesta RCMM (5)\" data-caption=\"\" href='https:\/\/www.realclubmaritimomelilla.es\/clmar\/abril-bravo-y-pedro-maldonado-miss-sirenita-y-mister-delfin-2026-del-real-club-maritimo\/fiesta-rcmm-5\/'><img decoding=\"async\" width=\"589\" height=\"886\" src=\"https:\/\/www.realclubmaritimomelilla.es\/clmar\/wp-content\/uploads\/Fiesta-RCMM-5.webp\" class=\"attachment-full size-full\" alt=\"\" srcset=\"https:\/\/www.realclubmaritimomelilla.es\/clmar\/wp-content\/uploads\/Fiesta-RCMM-5-199x300.webp 199w, https:\/\/www.realclubmaritimomelilla.es\/clmar\/wp-content\/uploads\/Fiesta-RCMM-5-200x301.webp 200w, https:\/\/www.realclubmaritimomelilla.es\/clmar\/wp-content\/uploads\/Fiesta-RCMM-5-400x602.webp 400w, https:\/\/www.realclubmaritimomelilla.es\/clmar\/wp-content\/uploads\/Fiesta-RCMM-5.webp 589w\" sizes=\"(max-width: 589px) 100vw, 589px\" \/><\/a>\n\t\t\t<\/dt><\/dl><dl class='gallery-item'>\n\t\t\t<dt class='gallery-icon portrait'>\n\t\t\t\t<a data-rel=\"iLightbox[postimages]\" data-title=\"Fiesta RCMM (6)\" data-caption=\"\" href='https:\/\/www.realclubmaritimomelilla.es\/clmar\/abril-bravo-y-pedro-maldonado-miss-sirenita-y-mister-delfin-2026-del-real-club-maritimo\/fiesta-rcmm-6\/'><img decoding=\"async\" width=\"640\" height=\"910\" src=\"https:\/\/www.realclubmaritimomelilla.es\/clmar\/wp-content\/uploads\/Fiesta-RCMM-6.webp\" class=\"attachment-full size-full\" alt=\"\" srcset=\"https:\/\/www.realclubmaritimomelilla.es\/clmar\/wp-content\/uploads\/Fiesta-RCMM-6-200x284.webp 200w, https:\/\/www.realclubmaritimomelilla.es\/clmar\/wp-content\/uploads\/Fiesta-RCMM-6-211x300.webp 211w, https:\/\/www.realclubmaritimomelilla.es\/clmar\/wp-content\/uploads\/Fiesta-RCMM-6-400x569.webp 400w, https:\/\/www.realclubmaritimomelilla.es\/clmar\/wp-content\/uploads\/Fiesta-RCMM-6-600x853.webp 600w, https:\/\/www.realclubmaritimomelilla.es\/clmar\/wp-content\/uploads\/Fiesta-RCMM-6.webp 640w\" sizes=\"(max-width: 640px) 100vw, 640px\" \/><\/a>\n\t\t\t<\/dt><\/dl><dl class='gallery-item'>\n\t\t\t<dt class='gallery-icon portrait'>\n\t\t\t\t<a data-rel=\"iLightbox[postimages]\" data-title=\"Fiesta RCMM (7)\" data-caption=\"\" href='https:\/\/www.realclubmaritimomelilla.es\/clmar\/abril-bravo-y-pedro-maldonado-miss-sirenita-y-mister-delfin-2026-del-real-club-maritimo\/fiesta-rcmm-7\/'><img decoding=\"async\" width=\"902\" height=\"915\" src=\"https:\/\/www.realclubmaritimomelilla.es\/clmar\/wp-content\/uploads\/Fiesta-RCMM-7.webp\" class=\"attachment-full size-full\" alt=\"\" srcset=\"https:\/\/www.realclubmaritimomelilla.es\/clmar\/wp-content\/uploads\/Fiesta-RCMM-7-66x66.webp 66w, https:\/\/www.realclubmaritimomelilla.es\/clmar\/wp-content\/uploads\/Fiesta-RCMM-7-200x203.webp 200w, https:\/\/www.realclubmaritimomelilla.es\/clmar\/wp-content\/uploads\/Fiesta-RCMM-7-296x300.webp 296w, https:\/\/www.realclubmaritimomelilla.es\/clmar\/wp-content\/uploads\/Fiesta-RCMM-7-400x406.webp 400w, https:\/\/www.realclubmaritimomelilla.es\/clmar\/wp-content\/uploads\/Fiesta-RCMM-7-600x609.webp 600w, https:\/\/www.realclubmaritimomelilla.es\/clmar\/wp-content\/uploads\/Fiesta-RCMM-7-768x779.webp 768w, https:\/\/www.realclubmaritimomelilla.es\/clmar\/wp-content\/uploads\/Fiesta-RCMM-7-800x812.webp 800w, https:\/\/www.realclubmaritimomelilla.es\/clmar\/wp-content\/uploads\/Fiesta-RCMM-7.webp 902w\" sizes=\"(max-width: 902px) 100vw, 902px\" \/><\/a>\n\t\t\t<\/dt><\/dl><br style=\"clear: both\" \/><dl class='gallery-item'>\n\t\t\t<dt class='gallery-icon portrait'>\n\t\t\t\t<a data-rel=\"iLightbox[postimages]\" data-title=\"Fiesta RCMM (8)\" data-caption=\"\" href='https:\/\/www.realclubmaritimomelilla.es\/clmar\/abril-bravo-y-pedro-maldonado-miss-sirenita-y-mister-delfin-2026-del-real-club-maritimo\/fiesta-rcmm-8\/'><img decoding=\"async\" width=\"661\" height=\"886\" src=\"https:\/\/www.realclubmaritimomelilla.es\/clmar\/wp-content\/uploads\/Fiesta-RCMM-8.webp\" class=\"attachment-full size-full\" alt=\"\" srcset=\"https:\/\/www.realclubmaritimomelilla.es\/clmar\/wp-content\/uploads\/Fiesta-RCMM-8-200x268.webp 200w, https:\/\/www.realclubmaritimomelilla.es\/clmar\/wp-content\/uploads\/Fiesta-RCMM-8-224x300.webp 224w, https:\/\/www.realclubmaritimomelilla.es\/clmar\/wp-content\/uploads\/Fiesta-RCMM-8-400x536.webp 400w, https:\/\/www.realclubmaritimomelilla.es\/clmar\/wp-content\/uploads\/Fiesta-RCMM-8-600x804.webp 600w, https:\/\/www.realclubmaritimomelilla.es\/clmar\/wp-content\/uploads\/Fiesta-RCMM-8.webp 661w\" sizes=\"(max-width: 661px) 100vw, 661px\" \/><\/a>\n\t\t\t<\/dt><\/dl><dl class='gallery-item'>\n\t\t\t<dt class='gallery-icon portrait'>\n\t\t\t\t<a data-rel=\"iLightbox[postimages]\" data-title=\"Fiesta RCMM (9)\" data-caption=\"\" href='https:\/\/www.realclubmaritimomelilla.es\/clmar\/abril-bravo-y-pedro-maldonado-miss-sirenita-y-mister-delfin-2026-del-real-club-maritimo\/fiesta-rcmm-9\/'><img decoding=\"async\" width=\"717\" height=\"886\" src=\"https:\/\/www.realclubmaritimomelilla.es\/clmar\/wp-content\/uploads\/Fiesta-RCMM-9.webp\" class=\"attachment-full size-full\" alt=\"\" srcset=\"https:\/\/www.realclubmaritimomelilla.es\/clmar\/wp-content\/uploads\/Fiesta-RCMM-9-200x247.webp 200w, https:\/\/www.realclubmaritimomelilla.es\/clmar\/wp-content\/uploads\/Fiesta-RCMM-9-243x300.webp 243w, https:\/\/www.realclubmaritimomelilla.es\/clmar\/wp-content\/uploads\/Fiesta-RCMM-9-400x494.webp 400w, https:\/\/www.realclubmaritimomelilla.es\/clmar\/wp-content\/uploads\/Fiesta-RCMM-9-600x741.webp 600w, https:\/\/www.realclubmaritimomelilla.es\/clmar\/wp-content\/uploads\/Fiesta-RCMM-9.webp 717w\" sizes=\"(max-width: 717px) 100vw, 717px\" \/><\/a>\n\t\t\t<\/dt><\/dl><dl class='gallery-item'>\n\t\t\t<dt class='gallery-icon portrait'>\n\t\t\t\t<a data-rel=\"iLightbox[postimages]\" data-title=\"Fiesta RCMM (10)\" data-caption=\"\" href='https:\/\/www.realclubmaritimomelilla.es\/clmar\/abril-bravo-y-pedro-maldonado-miss-sirenita-y-mister-delfin-2026-del-real-club-maritimo\/fiesta-rcmm-10\/'><img decoding=\"async\" width=\"678\" height=\"886\" src=\"https:\/\/www.realclubmaritimomelilla.es\/clmar\/wp-content\/uploads\/Fiesta-RCMM-10.webp\" class=\"attachment-full size-full\" alt=\"\" srcset=\"https:\/\/www.realclubmaritimomelilla.es\/clmar\/wp-content\/uploads\/Fiesta-RCMM-10-200x261.webp 200w, https:\/\/www.realclubmaritimomelilla.es\/clmar\/wp-content\/uploads\/Fiesta-RCMM-10-230x300.webp 230w, https:\/\/www.realclubmaritimomelilla.es\/clmar\/wp-content\/uploads\/Fiesta-RCMM-10-400x523.webp 400w, https:\/\/www.realclubmaritimomelilla.es\/clmar\/wp-content\/uploads\/Fiesta-RCMM-10-600x784.webp 600w, https:\/\/www.realclubmaritimomelilla.es\/clmar\/wp-content\/uploads\/Fiesta-RCMM-10.webp 678w\" sizes=\"(max-width: 678px) 100vw, 678px\" \/><\/a>\n\t\t\t<\/dt><\/dl><br style=\"clear: both\" \/><dl class='gallery-item'>\n\t\t\t<dt class='gallery-icon portrait'>\n\t\t\t\t<a data-rel=\"iLightbox[postimages]\" data-title=\"Fiesta RCMM (11)\" data-caption=\"\" href='https:\/\/www.realclubmaritimomelilla.es\/clmar\/abril-bravo-y-pedro-maldonado-miss-sirenita-y-mister-delfin-2026-del-real-club-maritimo\/fiesta-rcmm-11\/'><img decoding=\"async\" width=\"747\" height=\"881\" src=\"https:\/\/www.realclubmaritimomelilla.es\/clmar\/wp-content\/uploads\/Fiesta-RCMM-11.webp\" class=\"attachment-full size-full\" alt=\"\" srcset=\"https:\/\/www.realclubmaritimomelilla.es\/clmar\/wp-content\/uploads\/Fiesta-RCMM-11-200x236.webp 200w, https:\/\/www.realclubmaritimomelilla.es\/clmar\/wp-content\/uploads\/Fiesta-RCMM-11-254x300.webp 254w, https:\/\/www.realclubmaritimomelilla.es\/clmar\/wp-content\/uploads\/Fiesta-RCMM-11-400x472.webp 400w, https:\/\/www.realclubmaritimomelilla.es\/clmar\/wp-content\/uploads\/Fiesta-RCMM-11-600x708.webp 600w, https:\/\/www.realclubmaritimomelilla.es\/clmar\/wp-content\/uploads\/Fiesta-RCMM-11.webp 747w\" sizes=\"(max-width: 747px) 100vw, 747px\" \/><\/a>\n\t\t\t<\/dt><\/dl><dl class='gallery-item'>\n\t\t\t<dt class='gallery-icon portrait'>\n\t\t\t\t<a data-rel=\"iLightbox[postimages]\" data-title=\"Fiesta RCMM (12)\" data-caption=\"\" href='https:\/\/www.realclubmaritimomelilla.es\/clmar\/abril-bravo-y-pedro-maldonado-miss-sirenita-y-mister-delfin-2026-del-real-club-maritimo\/fiesta-rcmm-12\/'><img decoding=\"async\" width=\"605\" height=\"885\" src=\"https:\/\/www.realclubmaritimomelilla.es\/clmar\/wp-content\/uploads\/Fiesta-RCMM-12.webp\" class=\"attachment-full size-full\" alt=\"\" srcset=\"https:\/\/www.realclubmaritimomelilla.es\/clmar\/wp-content\/uploads\/Fiesta-RCMM-12-200x293.webp 200w, https:\/\/www.realclubmaritimomelilla.es\/clmar\/wp-content\/uploads\/Fiesta-RCMM-12-205x300.webp 205w, https:\/\/www.realclubmaritimomelilla.es\/clmar\/wp-content\/uploads\/Fiesta-RCMM-12-400x585.webp 400w, https:\/\/www.realclubmaritimomelilla.es\/clmar\/wp-content\/uploads\/Fiesta-RCMM-12-600x878.webp 600w, https:\/\/www.realclubmaritimomelilla.es\/clmar\/wp-content\/uploads\/Fiesta-RCMM-12.webp 605w\" sizes=\"(max-width: 605px) 100vw, 605px\" \/><\/a>\n\t\t\t<\/dt><\/dl><dl class='gallery-item'>\n\t\t\t<dt class='gallery-icon portrait'>\n\t\t\t\t<a data-rel=\"iLightbox[postimages]\" data-title=\"Fiesta RCMM (13)\" data-caption=\"\" href='https:\/\/www.realclubmaritimomelilla.es\/clmar\/abril-bravo-y-pedro-maldonado-miss-sirenita-y-mister-delfin-2026-del-real-club-maritimo\/fiesta-rcmm-13\/'><img decoding=\"async\" width=\"862\" height=\"886\" src=\"https:\/\/www.realclubmaritimomelilla.es\/clmar\/wp-content\/uploads\/Fiesta-RCMM-13.webp\" class=\"attachment-full size-full\" alt=\"\" srcset=\"https:\/\/www.realclubmaritimomelilla.es\/clmar\/wp-content\/uploads\/Fiesta-RCMM-13-200x206.webp 200w, https:\/\/www.realclubmaritimomelilla.es\/clmar\/wp-content\/uploads\/Fiesta-RCMM-13-292x300.webp 292w, https:\/\/www.realclubmaritimomelilla.es\/clmar\/wp-content\/uploads\/Fiesta-RCMM-13-400x411.webp 400w, https:\/\/www.realclubmaritimomelilla.es\/clmar\/wp-content\/uploads\/Fiesta-RCMM-13-600x617.webp 600w, https:\/\/www.realclubmaritimomelilla.es\/clmar\/wp-content\/uploads\/Fiesta-RCMM-13-768x789.webp 768w, https:\/\/www.realclubmaritimomelilla.es\/clmar\/wp-content\/uploads\/Fiesta-RCMM-13-800x822.webp 800w, https:\/\/www.realclubmaritimomelilla.es\/clmar\/wp-content\/uploads\/Fiesta-RCMM-13.webp 862w\" sizes=\"(max-width: 862px) 100vw, 862px\" \/><\/a>\n\t\t\t<\/dt><\/dl><br style=\"clear: both\" \/><dl class='gallery-item'>\n\t\t\t<dt class='gallery-icon portrait'>\n\t\t\t\t<a data-rel=\"iLightbox[postimages]\" data-title=\"Fiesta RCMM (14)\" data-caption=\"\" href='https:\/\/www.realclubmaritimomelilla.es\/clmar\/abril-bravo-y-pedro-maldonado-miss-sirenita-y-mister-delfin-2026-del-real-club-maritimo\/fiesta-rcmm-14\/'><img decoding=\"async\" width=\"830\" height=\"886\" src=\"https:\/\/www.realclubmaritimomelilla.es\/clmar\/wp-content\/uploads\/Fiesta-RCMM-14.webp\" class=\"attachment-full size-full\" alt=\"\" srcset=\"https:\/\/www.realclubmaritimomelilla.es\/clmar\/wp-content\/uploads\/Fiesta-RCMM-14-200x213.webp 200w, https:\/\/www.realclubmaritimomelilla.es\/clmar\/wp-content\/uploads\/Fiesta-RCMM-14-281x300.webp 281w, https:\/\/www.realclubmaritimomelilla.es\/clmar\/wp-content\/uploads\/Fiesta-RCMM-14-400x427.webp 400w, https:\/\/www.realclubmaritimomelilla.es\/clmar\/wp-content\/uploads\/Fiesta-RCMM-14-600x640.webp 600w, https:\/\/www.realclubmaritimomelilla.es\/clmar\/wp-content\/uploads\/Fiesta-RCMM-14-768x820.webp 768w, https:\/\/www.realclubmaritimomelilla.es\/clmar\/wp-content\/uploads\/Fiesta-RCMM-14-800x854.webp 800w, https:\/\/www.realclubmaritimomelilla.es\/clmar\/wp-content\/uploads\/Fiesta-RCMM-14.webp 830w\" sizes=\"(max-width: 830px) 100vw, 830px\" \/><\/a>\n\t\t\t<\/dt><\/dl><dl class='gallery-item'>\n\t\t\t<dt class='gallery-icon portrait'>\n\t\t\t\t<a data-rel=\"iLightbox[postimages]\" data-title=\"Fiesta RCMM (15)\" data-caption=\"\" href='https:\/\/www.realclubmaritimomelilla.es\/clmar\/abril-bravo-y-pedro-maldonado-miss-sirenita-y-mister-delfin-2026-del-real-club-maritimo\/fiesta-rcmm-15\/'><img decoding=\"async\" width=\"560\" height=\"886\" src=\"https:\/\/www.realclubmaritimomelilla.es\/clmar\/wp-content\/uploads\/Fiesta-RCMM-15.webp\" class=\"attachment-full size-full\" alt=\"\" srcset=\"https:\/\/www.realclubmaritimomelilla.es\/clmar\/wp-content\/uploads\/Fiesta-RCMM-15-190x300.webp 190w, https:\/\/www.realclubmaritimomelilla.es\/clmar\/wp-content\/uploads\/Fiesta-RCMM-15-200x316.webp 200w, https:\/\/www.realclubmaritimomelilla.es\/clmar\/wp-content\/uploads\/Fiesta-RCMM-15-400x633.webp 400w, https:\/\/www.realclubmaritimomelilla.es\/clmar\/wp-content\/uploads\/Fiesta-RCMM-15.webp 560w\" sizes=\"(max-width: 560px) 100vw, 560px\" \/><\/a>\n\t\t\t<\/dt><\/dl><dl class='gallery-item'>\n\t\t\t<dt class='gallery-icon portrait'>\n\t\t\t\t<a data-rel=\"iLightbox[postimages]\" data-title=\"Fiesta RCMM (16)\" data-caption=\"\" href='https:\/\/www.realclubmaritimomelilla.es\/clmar\/abril-bravo-y-pedro-maldonado-miss-sirenita-y-mister-delfin-2026-del-real-club-maritimo\/fiesta-rcmm-16\/'><img decoding=\"async\" width=\"816\" height=\"886\" src=\"https:\/\/www.realclubmaritimomelilla.es\/clmar\/wp-content\/uploads\/Fiesta-RCMM-16.webp\" class=\"attachment-full size-full\" alt=\"\" srcset=\"https:\/\/www.realclubmaritimomelilla.es\/clmar\/wp-content\/uploads\/Fiesta-RCMM-16-200x217.webp 200w, https:\/\/www.realclubmaritimomelilla.es\/clmar\/wp-content\/uploads\/Fiesta-RCMM-16-276x300.webp 276w, https:\/\/www.realclubmaritimomelilla.es\/clmar\/wp-content\/uploads\/Fiesta-RCMM-16-400x434.webp 400w, https:\/\/www.realclubmaritimomelilla.es\/clmar\/wp-content\/uploads\/Fiesta-RCMM-16-600x651.webp 600w, https:\/\/www.realclubmaritimomelilla.es\/clmar\/wp-content\/uploads\/Fiesta-RCMM-16-768x834.webp 768w, https:\/\/www.realclubmaritimomelilla.es\/clmar\/wp-content\/uploads\/Fiesta-RCMM-16-800x869.webp 800w, https:\/\/www.realclubmaritimomelilla.es\/clmar\/wp-content\/uploads\/Fiesta-RCMM-16.webp 816w\" sizes=\"(max-width: 816px) 100vw, 816px\" \/><\/a>\n\t\t\t<\/dt><\/dl><br style=\"clear: both\" \/><dl class='gallery-item'>\n\t\t\t<dt class='gallery-icon portrait'>\n\t\t\t\t<a data-rel=\"iLightbox[postimages]\" data-title=\"Fiesta RCMM (17)\" data-caption=\"\" href='https:\/\/www.realclubmaritimomelilla.es\/clmar\/abril-bravo-y-pedro-maldonado-miss-sirenita-y-mister-delfin-2026-del-real-club-maritimo\/fiesta-rcmm-17\/'><img decoding=\"async\" width=\"715\" height=\"886\" src=\"https:\/\/www.realclubmaritimomelilla.es\/clmar\/wp-content\/uploads\/Fiesta-RCMM-17.webp\" class=\"attachment-full size-full\" alt=\"\" srcset=\"https:\/\/www.realclubmaritimomelilla.es\/clmar\/wp-content\/uploads\/Fiesta-RCMM-17-200x248.webp 200w, https:\/\/www.realclubmaritimomelilla.es\/clmar\/wp-content\/uploads\/Fiesta-RCMM-17-242x300.webp 242w, https:\/\/www.realclubmaritimomelilla.es\/clmar\/wp-content\/uploads\/Fiesta-RCMM-17-400x496.webp 400w, https:\/\/www.realclubmaritimomelilla.es\/clmar\/wp-content\/uploads\/Fiesta-RCMM-17-600x743.webp 600w, https:\/\/www.realclubmaritimomelilla.es\/clmar\/wp-content\/uploads\/Fiesta-RCMM-17.webp 715w\" sizes=\"(max-width: 715px) 100vw, 715px\" \/><\/a>\n\t\t\t<\/dt><\/dl><dl class='gallery-item'>\n\t\t\t<dt class='gallery-icon portrait'>\n\t\t\t\t<a data-rel=\"iLightbox[postimages]\" data-title=\"Fiesta RCMM (18)\" data-caption=\"\" href='https:\/\/www.realclubmaritimomelilla.es\/clmar\/abril-bravo-y-pedro-maldonado-miss-sirenita-y-mister-delfin-2026-del-real-club-maritimo\/fiesta-rcmm-18\/'><img decoding=\"async\" width=\"642\" height=\"886\" src=\"https:\/\/www.realclubmaritimomelilla.es\/clmar\/wp-content\/uploads\/Fiesta-RCMM-18.webp\" class=\"attachment-full size-full\" alt=\"\" srcset=\"https:\/\/www.realclubmaritimomelilla.es\/clmar\/wp-content\/uploads\/Fiesta-RCMM-18-200x276.webp 200w, https:\/\/www.realclubmaritimomelilla.es\/clmar\/wp-content\/uploads\/Fiesta-RCMM-18-217x300.webp 217w, https:\/\/www.realclubmaritimomelilla.es\/clmar\/wp-content\/uploads\/Fiesta-RCMM-18-400x552.webp 400w, https:\/\/www.realclubmaritimomelilla.es\/clmar\/wp-content\/uploads\/Fiesta-RCMM-18-600x828.webp 600w, https:\/\/www.realclubmaritimomelilla.es\/clmar\/wp-content\/uploads\/Fiesta-RCMM-18.webp 642w\" sizes=\"(max-width: 642px) 100vw, 642px\" \/><\/a>\n\t\t\t<\/dt><\/dl><dl class='gallery-item'>\n\t\t\t<dt class='gallery-icon portrait'>\n\t\t\t\t<a data-rel=\"iLightbox[postimages]\" data-title=\"Fiesta RCMM (19)\" data-caption=\"\" href='https:\/\/www.realclubmaritimomelilla.es\/clmar\/abril-bravo-y-pedro-maldonado-miss-sirenita-y-mister-delfin-2026-del-real-club-maritimo\/fiesta-rcmm-19\/'><img decoding=\"async\" width=\"696\" height=\"916\" src=\"https:\/\/www.realclubmaritimomelilla.es\/clmar\/wp-content\/uploads\/Fiesta-RCMM-19.webp\" class=\"attachment-full size-full\" alt=\"\" srcset=\"https:\/\/www.realclubmaritimomelilla.es\/clmar\/wp-content\/uploads\/Fiesta-RCMM-19-200x263.webp 200w, https:\/\/www.realclubmaritimomelilla.es\/clmar\/wp-content\/uploads\/Fiesta-RCMM-19-228x300.webp 228w, https:\/\/www.realclubmaritimomelilla.es\/clmar\/wp-content\/uploads\/Fiesta-RCMM-19-400x526.webp 400w, https:\/\/www.realclubmaritimomelilla.es\/clmar\/wp-content\/uploads\/Fiesta-RCMM-19-600x790.webp 600w, https:\/\/www.realclubmaritimomelilla.es\/clmar\/wp-content\/uploads\/Fiesta-RCMM-19.webp 696w\" sizes=\"(max-width: 696px) 100vw, 696px\" \/><\/a>\n\t\t\t<\/dt><\/dl><br style=\"clear: both\" \/><dl class='gallery-item'>\n\t\t\t<dt class='gallery-icon portrait'>\n\t\t\t\t<a data-rel=\"iLightbox[postimages]\" data-title=\"Fiesta RCMM (20)\" data-caption=\"\" href='https:\/\/www.realclubmaritimomelilla.es\/clmar\/abril-bravo-y-pedro-maldonado-miss-sirenita-y-mister-delfin-2026-del-real-club-maritimo\/fiesta-rcmm-20\/'><img decoding=\"async\" width=\"485\" height=\"886\" src=\"https:\/\/www.realclubmaritimomelilla.es\/clmar\/wp-content\/uploads\/Fiesta-RCMM-20.webp\" class=\"attachment-full size-full\" alt=\"\" srcset=\"https:\/\/www.realclubmaritimomelilla.es\/clmar\/wp-content\/uploads\/Fiesta-RCMM-20-164x300.webp 164w, https:\/\/www.realclubmaritimomelilla.es\/clmar\/wp-content\/uploads\/Fiesta-RCMM-20-200x365.webp 200w, https:\/\/www.realclubmaritimomelilla.es\/clmar\/wp-content\/uploads\/Fiesta-RCMM-20-400x731.webp 400w, https:\/\/www.realclubmaritimomelilla.es\/clmar\/wp-content\/uploads\/Fiesta-RCMM-20.webp 485w\" sizes=\"(max-width: 485px) 100vw, 485px\" \/><\/a>\n\t\t\t<\/dt><\/dl><dl class='gallery-item'>\n\t\t\t<dt class='gallery-icon portrait'>\n\t\t\t\t<a data-rel=\"iLightbox[postimages]\" data-title=\"Fiesta RCMM (21)\" data-caption=\"\" href='https:\/\/www.realclubmaritimomelilla.es\/clmar\/abril-bravo-y-pedro-maldonado-miss-sirenita-y-mister-delfin-2026-del-real-club-maritimo\/fiesta-rcmm-21\/'><img decoding=\"async\" width=\"590\" height=\"886\" src=\"https:\/\/www.realclubmaritimomelilla.es\/clmar\/wp-content\/uploads\/Fiesta-RCMM-21.webp\" class=\"attachment-full size-full\" alt=\"\" srcset=\"https:\/\/www.realclubmaritimomelilla.es\/clmar\/wp-content\/uploads\/Fiesta-RCMM-21-200x300.webp 200w, https:\/\/www.realclubmaritimomelilla.es\/clmar\/wp-content\/uploads\/Fiesta-RCMM-21-400x601.webp 400w, https:\/\/www.realclubmaritimomelilla.es\/clmar\/wp-content\/uploads\/Fiesta-RCMM-21.webp 590w\" sizes=\"(max-width: 590px) 100vw, 590px\" \/><\/a>\n\t\t\t<\/dt><\/dl><dl class='gallery-item'>\n\t\t\t<dt class='gallery-icon portrait'>\n\t\t\t\t<a data-rel=\"iLightbox[postimages]\" data-title=\"Fiesta RCMM (22)\" data-caption=\"\" href='https:\/\/www.realclubmaritimomelilla.es\/clmar\/abril-bravo-y-pedro-maldonado-miss-sirenita-y-mister-delfin-2026-del-real-club-maritimo\/fiesta-rcmm-22\/'><img decoding=\"async\" width=\"618\" height=\"886\" src=\"https:\/\/www.realclubmaritimomelilla.es\/clmar\/wp-content\/uploads\/Fiesta-RCMM-22.webp\" class=\"attachment-full size-full\" alt=\"\" srcset=\"https:\/\/www.realclubmaritimomelilla.es\/clmar\/wp-content\/uploads\/Fiesta-RCMM-22-200x287.webp 200w, https:\/\/www.realclubmaritimomelilla.es\/clmar\/wp-content\/uploads\/Fiesta-RCMM-22-209x300.webp 209w, https:\/\/www.realclubmaritimomelilla.es\/clmar\/wp-content\/uploads\/Fiesta-RCMM-22-400x573.webp 400w, https:\/\/www.realclubmaritimomelilla.es\/clmar\/wp-content\/uploads\/Fiesta-RCMM-22-600x860.webp 600w, https:\/\/www.realclubmaritimomelilla.es\/clmar\/wp-content\/uploads\/Fiesta-RCMM-22.webp 618w\" sizes=\"(max-width: 618px) 100vw, 618px\" \/><\/a>\n\t\t\t<\/dt><\/dl><br style=\"clear: both\" \/><dl class='gallery-item'>\n\t\t\t<dt class='gallery-icon portrait'>\n\t\t\t\t<a data-rel=\"iLightbox[postimages]\" data-title=\"Fiesta RCMM (23)\" data-caption=\"\" href='https:\/\/www.realclubmaritimomelilla.es\/clmar\/abril-bravo-y-pedro-maldonado-miss-sirenita-y-mister-delfin-2026-del-real-club-maritimo\/fiesta-rcmm-23\/'><img decoding=\"async\" width=\"758\" height=\"886\" src=\"https:\/\/www.realclubmaritimomelilla.es\/clmar\/wp-content\/uploads\/Fiesta-RCMM-23.webp\" class=\"attachment-full size-full\" alt=\"\" srcset=\"https:\/\/www.realclubmaritimomelilla.es\/clmar\/wp-content\/uploads\/Fiesta-RCMM-23-200x234.webp 200w, https:\/\/www.realclubmaritimomelilla.es\/clmar\/wp-content\/uploads\/Fiesta-RCMM-23-257x300.webp 257w, https:\/\/www.realclubmaritimomelilla.es\/clmar\/wp-content\/uploads\/Fiesta-RCMM-23-400x468.webp 400w, https:\/\/www.realclubmaritimomelilla.es\/clmar\/wp-content\/uploads\/Fiesta-RCMM-23-600x701.webp 600w, https:\/\/www.realclubmaritimomelilla.es\/clmar\/wp-content\/uploads\/Fiesta-RCMM-23.webp 758w\" sizes=\"(max-width: 758px) 100vw, 758px\" \/><\/a>\n\t\t\t<\/dt><\/dl><dl class='gallery-item'>\n\t\t\t<dt class='gallery-icon portrait'>\n\t\t\t\t<a data-rel=\"iLightbox[postimages]\" data-title=\"Fiesta RCMM (24)\" data-caption=\"\" href='https:\/\/www.realclubmaritimomelilla.es\/clmar\/abril-bravo-y-pedro-maldonado-miss-sirenita-y-mister-delfin-2026-del-real-club-maritimo\/fiesta-rcmm-24\/'><img decoding=\"async\" width=\"680\" height=\"886\" src=\"https:\/\/www.realclubmaritimomelilla.es\/clmar\/wp-content\/uploads\/Fiesta-RCMM-24.webp\" class=\"attachment-full size-full\" alt=\"\" srcset=\"https:\/\/www.realclubmaritimomelilla.es\/clmar\/wp-content\/uploads\/Fiesta-RCMM-24-200x261.webp 200w, https:\/\/www.realclubmaritimomelilla.es\/clmar\/wp-content\/uploads\/Fiesta-RCMM-24-230x300.webp 230w, https:\/\/www.realclubmaritimomelilla.es\/clmar\/wp-content\/uploads\/Fiesta-RCMM-24-400x521.webp 400w, https:\/\/www.realclubmaritimomelilla.es\/clmar\/wp-content\/uploads\/Fiesta-RCMM-24-600x782.webp 600w, https:\/\/www.realclubmaritimomelilla.es\/clmar\/wp-content\/uploads\/Fiesta-RCMM-24.webp 680w\" sizes=\"(max-width: 680px) 100vw, 680px\" \/><\/a>\n\t\t\t<\/dt><\/dl><dl class='gallery-item'>\n\t\t\t<dt class='gallery-icon portrait'>\n\t\t\t\t<a data-rel=\"iLightbox[postimages]\" data-title=\"Fiesta RCMM (25)\" data-caption=\"\" href='https:\/\/www.realclubmaritimomelilla.es\/clmar\/abril-bravo-y-pedro-maldonado-miss-sirenita-y-mister-delfin-2026-del-real-club-maritimo\/fiesta-rcmm-25\/'><img decoding=\"async\" width=\"760\" height=\"886\" src=\"https:\/\/www.realclubmaritimomelilla.es\/clmar\/wp-content\/uploads\/Fiesta-RCMM-25.webp\" class=\"attachment-full size-full\" alt=\"\" srcset=\"https:\/\/www.realclubmaritimomelilla.es\/clmar\/wp-content\/uploads\/Fiesta-RCMM-25-200x233.webp 200w, https:\/\/www.realclubmaritimomelilla.es\/clmar\/wp-content\/uploads\/Fiesta-RCMM-25-257x300.webp 257w, https:\/\/www.realclubmaritimomelilla.es\/clmar\/wp-content\/uploads\/Fiesta-RCMM-25-400x466.webp 400w, https:\/\/www.realclubmaritimomelilla.es\/clmar\/wp-content\/uploads\/Fiesta-RCMM-25-600x699.webp 600w, https:\/\/www.realclubmaritimomelilla.es\/clmar\/wp-content\/uploads\/Fiesta-RCMM-25.webp 760w\" sizes=\"(max-width: 760px) 100vw, 760px\" \/><\/a>\n\t\t\t<\/dt><\/dl><br style=\"clear: both\" \/><dl class='gallery-item'>\n\t\t\t<dt class='gallery-icon portrait'>\n\t\t\t\t<a data-rel=\"iLightbox[postimages]\" data-title=\"Fiesta RCMM (26)\" data-caption=\"\" href='https:\/\/www.realclubmaritimomelilla.es\/clmar\/abril-bravo-y-pedro-maldonado-miss-sirenita-y-mister-delfin-2026-del-real-club-maritimo\/fiesta-rcmm-26\/'><img decoding=\"async\" width=\"621\" height=\"886\" src=\"https:\/\/www.realclubmaritimomelilla.es\/clmar\/wp-content\/uploads\/Fiesta-RCMM-26.webp\" class=\"attachment-full size-full\" alt=\"\" srcset=\"https:\/\/www.realclubmaritimomelilla.es\/clmar\/wp-content\/uploads\/Fiesta-RCMM-26-200x285.webp 200w, https:\/\/www.realclubmaritimomelilla.es\/clmar\/wp-content\/uploads\/Fiesta-RCMM-26-210x300.webp 210w, https:\/\/www.realclubmaritimomelilla.es\/clmar\/wp-content\/uploads\/Fiesta-RCMM-26-400x571.webp 400w, https:\/\/www.realclubmaritimomelilla.es\/clmar\/wp-content\/uploads\/Fiesta-RCMM-26-600x856.webp 600w, https:\/\/www.realclubmaritimomelilla.es\/clmar\/wp-content\/uploads\/Fiesta-RCMM-26.webp 621w\" sizes=\"(max-width: 621px) 100vw, 621px\" \/><\/a>\n\t\t\t<\/dt><\/dl><dl class='gallery-item'>\n\t\t\t<dt class='gallery-icon portrait'>\n\t\t\t\t<a data-rel=\"iLightbox[postimages]\" data-title=\"Fiesta RCMM (27)\" data-caption=\"\" href='https:\/\/www.realclubmaritimomelilla.es\/clmar\/abril-bravo-y-pedro-maldonado-miss-sirenita-y-mister-delfin-2026-del-real-club-maritimo\/fiesta-rcmm-27\/'><img decoding=\"async\" width=\"783\" height=\"886\" src=\"https:\/\/www.realclubmaritimomelilla.es\/clmar\/wp-content\/uploads\/Fiesta-RCMM-27.webp\" class=\"attachment-full size-full\" alt=\"\" srcset=\"https:\/\/www.realclubmaritimomelilla.es\/clmar\/wp-content\/uploads\/Fiesta-RCMM-27-200x226.webp 200w, https:\/\/www.realclubmaritimomelilla.es\/clmar\/wp-content\/uploads\/Fiesta-RCMM-27-265x300.webp 265w, https:\/\/www.realclubmaritimomelilla.es\/clmar\/wp-content\/uploads\/Fiesta-RCMM-27-400x453.webp 400w, https:\/\/www.realclubmaritimomelilla.es\/clmar\/wp-content\/uploads\/Fiesta-RCMM-27-600x679.webp 600w, https:\/\/www.realclubmaritimomelilla.es\/clmar\/wp-content\/uploads\/Fiesta-RCMM-27-768x869.webp 768w, https:\/\/www.realclubmaritimomelilla.es\/clmar\/wp-content\/uploads\/Fiesta-RCMM-27.webp 783w\" sizes=\"(max-width: 783px) 100vw, 783px\" \/><\/a>\n\t\t\t<\/dt><\/dl><dl class='gallery-item'>\n\t\t\t<dt class='gallery-icon landscape'>\n\t\t\t\t<a data-rel=\"iLightbox[postimages]\" data-title=\"Fiesta RCMM (28)\" data-caption=\"\" href='https:\/\/www.realclubmaritimomelilla.es\/clmar\/abril-bravo-y-pedro-maldonado-miss-sirenita-y-mister-delfin-2026-del-real-club-maritimo\/fiesta-rcmm-28\/'><img decoding=\"async\" width=\"886\" height=\"836\" src=\"https:\/\/www.realclubmaritimomelilla.es\/clmar\/wp-content\/uploads\/Fiesta-RCMM-28.webp\" class=\"attachment-full size-full\" alt=\"\" srcset=\"https:\/\/www.realclubmaritimomelilla.es\/clmar\/wp-content\/uploads\/Fiesta-RCMM-28-200x189.webp 200w, https:\/\/www.realclubmaritimomelilla.es\/clmar\/wp-content\/uploads\/Fiesta-RCMM-28-300x283.webp 300w, https:\/\/www.realclubmaritimomelilla.es\/clmar\/wp-content\/uploads\/Fiesta-RCMM-28-400x377.webp 400w, https:\/\/www.realclubmaritimomelilla.es\/clmar\/wp-content\/uploads\/Fiesta-RCMM-28-600x566.webp 600w, https:\/\/www.realclubmaritimomelilla.es\/clmar\/wp-content\/uploads\/Fiesta-RCMM-28-768x725.webp 768w, https:\/\/www.realclubmaritimomelilla.es\/clmar\/wp-content\/uploads\/Fiesta-RCMM-28-800x755.webp 800w, https:\/\/www.realclubmaritimomelilla.es\/clmar\/wp-content\/uploads\/Fiesta-RCMM-28.webp 886w\" sizes=\"(max-width: 886px) 100vw, 886px\" \/><\/a>\n\t\t\t<\/dt><\/dl><br style=\"clear: both\" \/><dl class='gallery-item'>\n\t\t\t<dt class='gallery-icon portrait'>\n\t\t\t\t<a data-rel=\"iLightbox[postimages]\" data-title=\"Fiesta RCMM (29)\" data-caption=\"\" href='https:\/\/www.realclubmaritimomelilla.es\/clmar\/abril-bravo-y-pedro-maldonado-miss-sirenita-y-mister-delfin-2026-del-real-club-maritimo\/fiesta-rcmm-29\/'><img decoding=\"async\" width=\"779\" height=\"886\" src=\"https:\/\/www.realclubmaritimomelilla.es\/clmar\/wp-content\/uploads\/Fiesta-RCMM-29.webp\" class=\"attachment-full size-full\" alt=\"\" srcset=\"https:\/\/www.realclubmaritimomelilla.es\/clmar\/wp-content\/uploads\/Fiesta-RCMM-29-200x227.webp 200w, https:\/\/www.realclubmaritimomelilla.es\/clmar\/wp-content\/uploads\/Fiesta-RCMM-29-264x300.webp 264w, https:\/\/www.realclubmaritimomelilla.es\/clmar\/wp-content\/uploads\/Fiesta-RCMM-29-400x455.webp 400w, https:\/\/www.realclubmaritimomelilla.es\/clmar\/wp-content\/uploads\/Fiesta-RCMM-29-600x682.webp 600w, https:\/\/www.realclubmaritimomelilla.es\/clmar\/wp-content\/uploads\/Fiesta-RCMM-29-768x873.webp 768w, https:\/\/www.realclubmaritimomelilla.es\/clmar\/wp-content\/uploads\/Fiesta-RCMM-29.webp 779w\" sizes=\"(max-width: 779px) 100vw, 779px\" \/><\/a>\n\t\t\t<\/dt><\/dl><dl class='gallery-item'>\n\t\t\t<dt class='gallery-icon portrait'>\n\t\t\t\t<a data-rel=\"iLightbox[postimages]\" data-title=\"Fiesta RCMM (30)\" data-caption=\"\" href='https:\/\/www.realclubmaritimomelilla.es\/clmar\/abril-bravo-y-pedro-maldonado-miss-sirenita-y-mister-delfin-2026-del-real-club-maritimo\/fiesta-rcmm-30\/'><img decoding=\"async\" width=\"651\" height=\"886\" src=\"https:\/\/www.realclubmaritimomelilla.es\/clmar\/wp-content\/uploads\/Fiesta-RCMM-30.webp\" class=\"attachment-full size-full\" alt=\"\" srcset=\"https:\/\/www.realclubmaritimomelilla.es\/clmar\/wp-content\/uploads\/Fiesta-RCMM-30-200x272.webp 200w, https:\/\/www.realclubmaritimomelilla.es\/clmar\/wp-content\/uploads\/Fiesta-RCMM-30-220x300.webp 220w, https:\/\/www.realclubmaritimomelilla.es\/clmar\/wp-content\/uploads\/Fiesta-RCMM-30-400x544.webp 400w, https:\/\/www.realclubmaritimomelilla.es\/clmar\/wp-content\/uploads\/Fiesta-RCMM-30-600x817.webp 600w, https:\/\/www.realclubmaritimomelilla.es\/clmar\/wp-content\/uploads\/Fiesta-RCMM-30.webp 651w\" sizes=\"(max-width: 651px) 100vw, 651px\" \/><\/a>\n\t\t\t<\/dt><\/dl><dl class='gallery-item'>\n\t\t\t<dt class='gallery-icon portrait'>\n\t\t\t\t<a data-rel=\"iLightbox[postimages]\" data-title=\"Fiesta RCMM (31)\" data-caption=\"\" href='https:\/\/www.realclubmaritimomelilla.es\/clmar\/abril-bravo-y-pedro-maldonado-miss-sirenita-y-mister-delfin-2026-del-real-club-maritimo\/fiesta-rcmm-31\/'><img decoding=\"async\" width=\"625\" height=\"886\" src=\"https:\/\/www.realclubmaritimomelilla.es\/clmar\/wp-content\/uploads\/Fiesta-RCMM-31.webp\" class=\"attachment-full size-full\" alt=\"\" srcset=\"https:\/\/www.realclubmaritimomelilla.es\/clmar\/wp-content\/uploads\/Fiesta-RCMM-31-200x284.webp 200w, https:\/\/www.realclubmaritimomelilla.es\/clmar\/wp-content\/uploads\/Fiesta-RCMM-31-212x300.webp 212w, https:\/\/www.realclubmaritimomelilla.es\/clmar\/wp-content\/uploads\/Fiesta-RCMM-31-400x567.webp 400w, https:\/\/www.realclubmaritimomelilla.es\/clmar\/wp-content\/uploads\/Fiesta-RCMM-31-600x851.webp 600w, https:\/\/www.realclubmaritimomelilla.es\/clmar\/wp-content\/uploads\/Fiesta-RCMM-31.webp 625w\" sizes=\"(max-width: 625px) 100vw, 625px\" \/><\/a>\n\t\t\t<\/dt><\/dl><br style=\"clear: both\" \/><dl class='gallery-item'>\n\t\t\t<dt class='gallery-icon landscape'>\n\t\t\t\t<a data-rel=\"iLightbox[postimages]\" data-title=\"Fiesta RCMM (32)\" data-caption=\"\" href='https:\/\/www.realclubmaritimomelilla.es\/clmar\/abril-bravo-y-pedro-maldonado-miss-sirenita-y-mister-delfin-2026-del-real-club-maritimo\/fiesta-rcmm-32\/'><img decoding=\"async\" width=\"886\" height=\"433\" src=\"https:\/\/www.realclubmaritimomelilla.es\/clmar\/wp-content\/uploads\/Fiesta-RCMM-32.webp\" class=\"attachment-full size-full\" alt=\"\" srcset=\"https:\/\/www.realclubmaritimomelilla.es\/clmar\/wp-content\/uploads\/Fiesta-RCMM-32-200x98.webp 200w, https:\/\/www.realclubmaritimomelilla.es\/clmar\/wp-content\/uploads\/Fiesta-RCMM-32-300x147.webp 300w, https:\/\/www.realclubmaritimomelilla.es\/clmar\/wp-content\/uploads\/Fiesta-RCMM-32-400x195.webp 400w, https:\/\/www.realclubmaritimomelilla.es\/clmar\/wp-content\/uploads\/Fiesta-RCMM-32-600x293.webp 600w, https:\/\/www.realclubmaritimomelilla.es\/clmar\/wp-content\/uploads\/Fiesta-RCMM-32-768x375.webp 768w, https:\/\/www.realclubmaritimomelilla.es\/clmar\/wp-content\/uploads\/Fiesta-RCMM-32-800x391.webp 800w, https:\/\/www.realclubmaritimomelilla.es\/clmar\/wp-content\/uploads\/Fiesta-RCMM-32.webp 886w\" sizes=\"(max-width: 886px) 100vw, 886px\" \/><\/a>\n\t\t\t<\/dt><\/dl><dl class='gallery-item'>\n\t\t\t<dt class='gallery-icon landscape'>\n\t\t\t\t<a data-rel=\"iLightbox[postimages]\" data-title=\"Fiesta RCMM (33)\" data-caption=\"\" href='https:\/\/www.realclubmaritimomelilla.es\/clmar\/abril-bravo-y-pedro-maldonado-miss-sirenita-y-mister-delfin-2026-del-real-club-maritimo\/fiesta-rcmm-33\/'><img decoding=\"async\" width=\"886\" height=\"572\" src=\"https:\/\/www.realclubmaritimomelilla.es\/clmar\/wp-content\/uploads\/Fiesta-RCMM-33.webp\" class=\"attachment-full size-full\" alt=\"\" srcset=\"https:\/\/www.realclubmaritimomelilla.es\/clmar\/wp-content\/uploads\/Fiesta-RCMM-33-200x129.webp 200w, https:\/\/www.realclubmaritimomelilla.es\/clmar\/wp-content\/uploads\/Fiesta-RCMM-33-300x194.webp 300w, https:\/\/www.realclubmaritimomelilla.es\/clmar\/wp-content\/uploads\/Fiesta-RCMM-33-400x258.webp 400w, https:\/\/www.realclubmaritimomelilla.es\/clmar\/wp-content\/uploads\/Fiesta-RCMM-33-600x387.webp 600w, https:\/\/www.realclubmaritimomelilla.es\/clmar\/wp-content\/uploads\/Fiesta-RCMM-33-768x496.webp 768w, https:\/\/www.realclubmaritimomelilla.es\/clmar\/wp-content\/uploads\/Fiesta-RCMM-33-800x516.webp 800w, https:\/\/www.realclubmaritimomelilla.es\/clmar\/wp-content\/uploads\/Fiesta-RCMM-33.webp 886w\" sizes=\"(max-width: 886px) 100vw, 886px\" \/><\/a>\n\t\t\t<\/dt><\/dl><dl class='gallery-item'>\n\t\t\t<dt class='gallery-icon landscape'>\n\t\t\t\t<a data-rel=\"iLightbox[postimages]\" data-title=\"Miss Sirenita\" data-caption=\"\" href='https:\/\/www.realclubmaritimomelilla.es\/clmar\/abril-bravo-y-pedro-maldonado-miss-sirenita-y-mister-delfin-2026-del-real-club-maritimo\/miss-sirenita-2\/'><img decoding=\"async\" width=\"886\" height=\"876\" src=\"https:\/\/www.realclubmaritimomelilla.es\/clmar\/wp-content\/uploads\/Miss-Sirenita.webp\" class=\"attachment-full size-full\" alt=\"\" srcset=\"https:\/\/www.realclubmaritimomelilla.es\/clmar\/wp-content\/uploads\/Miss-Sirenita-66x66.webp 66w, https:\/\/www.realclubmaritimomelilla.es\/clmar\/wp-content\/uploads\/Miss-Sirenita-200x198.webp 200w, https:\/\/www.realclubmaritimomelilla.es\/clmar\/wp-content\/uploads\/Miss-Sirenita-300x297.webp 300w, https:\/\/www.realclubmaritimomelilla.es\/clmar\/wp-content\/uploads\/Miss-Sirenita-400x395.webp 400w, https:\/\/www.realclubmaritimomelilla.es\/clmar\/wp-content\/uploads\/Miss-Sirenita-600x593.webp 600w, https:\/\/www.realclubmaritimomelilla.es\/clmar\/wp-content\/uploads\/Miss-Sirenita-768x759.webp 768w, https:\/\/www.realclubmaritimomelilla.es\/clmar\/wp-content\/uploads\/Miss-Sirenita-800x791.webp 800w, https:\/\/www.realclubmaritimomelilla.es\/clmar\/wp-content\/uploads\/Miss-Sirenita.webp 886w\" sizes=\"(max-width: 886px) 100vw, 886px\" \/><\/a>\n\t\t\t<\/dt><\/dl><br style=\"clear: both\" \/><dl class='gallery-item'>\n\t\t\t<dt class='gallery-icon landscape'>\n\t\t\t\t<a data-rel=\"iLightbox[postimages]\" data-title=\"M\u00edster Delf\u00edn\" data-caption=\"\" href='https:\/\/www.realclubmaritimomelilla.es\/clmar\/abril-bravo-y-pedro-maldonado-miss-sirenita-y-mister-delfin-2026-del-real-club-maritimo\/mister-delfin\/'><img decoding=\"async\" width=\"886\" height=\"781\" src=\"https:\/\/www.realclubmaritimomelilla.es\/clmar\/wp-content\/uploads\/Mister-Delfin.webp\" class=\"attachment-full size-full\" alt=\"\" srcset=\"https:\/\/www.realclubmaritimomelilla.es\/clmar\/wp-content\/uploads\/Mister-Delfin-200x176.webp 200w, https:\/\/www.realclubmaritimomelilla.es\/clmar\/wp-content\/uploads\/Mister-Delfin-300x264.webp 300w, https:\/\/www.realclubmaritimomelilla.es\/clmar\/wp-content\/uploads\/Mister-Delfin-400x353.webp 400w, https:\/\/www.realclubmaritimomelilla.es\/clmar\/wp-content\/uploads\/Mister-Delfin-600x529.webp 600w, https:\/\/www.realclubmaritimomelilla.es\/clmar\/wp-content\/uploads\/Mister-Delfin-768x677.webp 768w, https:\/\/www.realclubmaritimomelilla.es\/clmar\/wp-content\/uploads\/Mister-Delfin-800x705.webp 800w, https:\/\/www.realclubmaritimomelilla.es\/clmar\/wp-content\/uploads\/Mister-Delfin.webp 886w\" sizes=\"(max-width: 886px) 100vw, 886px\" \/><\/a>\n\t\t\t<\/dt><\/dl><dl class='gallery-item'>\n\t\t\t<dt class='gallery-icon landscape'>\n\t\t\t\t<a data-rel=\"iLightbox[postimages]\" data-title=\"Participantes\" data-caption=\"\" href='https:\/\/www.realclubmaritimomelilla.es\/clmar\/abril-bravo-y-pedro-maldonado-miss-sirenita-y-mister-delfin-2026-del-real-club-maritimo\/participantes-4\/'><img decoding=\"async\" width=\"886\" height=\"440\" src=\"https:\/\/www.realclubmaritimomelilla.es\/clmar\/wp-content\/uploads\/Participantes.webp\" class=\"attachment-full size-full\" alt=\"\" srcset=\"https:\/\/www.realclubmaritimomelilla.es\/clmar\/wp-content\/uploads\/Participantes-200x99.webp 200w, https:\/\/www.realclubmaritimomelilla.es\/clmar\/wp-content\/uploads\/Participantes-300x149.webp 300w, https:\/\/www.realclubmaritimomelilla.es\/clmar\/wp-content\/uploads\/Participantes-400x199.webp 400w, https:\/\/www.realclubmaritimomelilla.es\/clmar\/wp-content\/uploads\/Participantes-600x298.webp 600w, https:\/\/www.realclubmaritimomelilla.es\/clmar\/wp-content\/uploads\/Participantes-768x381.webp 768w, https:\/\/www.realclubmaritimomelilla.es\/clmar\/wp-content\/uploads\/Participantes-800x397.webp 800w, https:\/\/www.realclubmaritimomelilla.es\/clmar\/wp-content\/uploads\/Participantes.webp 886w\" sizes=\"(max-width: 886px) 100vw, 886px\" \/><\/a>\n\t\t\t<\/dt><\/dl><dl class='gallery-item'>\n\t\t\t<dt class='gallery-icon landscape'>\n\t\t\t\t<a data-rel=\"iLightbox[postimages]\" data-title=\"Premiados\" data-caption=\"\" href='https:\/\/www.realclubmaritimomelilla.es\/clmar\/abril-bravo-y-pedro-maldonado-miss-sirenita-y-mister-delfin-2026-del-real-club-maritimo\/premiados-6\/'><img decoding=\"async\" width=\"886\" height=\"614\" src=\"https:\/\/www.realclubmaritimomelilla.es\/clmar\/wp-content\/uploads\/Premiados-4.webp\" class=\"attachment-full size-full\" alt=\"\" srcset=\"https:\/\/www.realclubmaritimomelilla.es\/clmar\/wp-content\/uploads\/Premiados-4-200x139.webp 200w, https:\/\/www.realclubmaritimomelilla.es\/clmar\/wp-content\/uploads\/Premiados-4-300x208.webp 300w, https:\/\/www.realclubmaritimomelilla.es\/clmar\/wp-content\/uploads\/Premiados-4-400x277.webp 400w, https:\/\/www.realclubmaritimomelilla.es\/clmar\/wp-content\/uploads\/Premiados-4-600x416.webp 600w, https:\/\/www.realclubmaritimomelilla.es\/clmar\/wp-content\/uploads\/Premiados-4-768x532.webp 768w, https:\/\/www.realclubmaritimomelilla.es\/clmar\/wp-content\/uploads\/Premiados-4-800x554.webp 800w, https:\/\/www.realclubmaritimomelilla.es\/clmar\/wp-content\/uploads\/Premiados-4.webp 886w\" sizes=\"(max-width: 886px) 100vw, 886px\" \/><\/a>\n\t\t\t<\/dt><\/dl><br style=\"clear: both\" \/>\n\t\t<\/div>\n<\/p>\n","protected":false},"excerpt":{"rendered":"<p>El Real Club Mar\u00edtimo de Melilla ha vuelto a cumplir este lunes con una de sus tradiciones m\u00e1s arraigadas de las Fiestas Patronales, con la celebraci\u00f3n de su tradicional fiesta infantil y la elecci\u00f3n de sus representantes para la Feria 2026. Abril Bravo Carmona ha sido elegida Miss Sirenita 2026, mientras que Pedro Maldonado Muriana [&hellip;]<\/p>\n","protected":false},"author":1,"featured_media":29356,"comment_status":"open","ping_status":"open","sticky":false,"template":"","format":"standard","meta":{"_acf_changed":false,"footnotes":""},"categories":[39],"tags":[],"class_list":["post-29317","post","type-post","status-publish","format-standard","has-post-thumbnail","hentry","category-celebraciones"],"acf":[],"yoast_head":"<!-- This site is optimized with the Yoast SEO plugin v28.2 - https:\/\/yoast.com\/product\/yoast-seo-wordpress\/ -->\n<title>Abril Bravo y Pedro Maldonado, Miss Sirenita y M\u00edster Delf\u00edn 2026 - Real Club Mar\u00edtimo de Melilla<\/title>\n<meta name=\"description\" content=\"Abril Bravo Carmona ha sido elegida Miss Sirenita 2026, mientras que Pedro Maldonado Muriana ha recibido la banda de M\u00edster Delf\u00edn 2026\" \/>\n<meta name=\"robots\" content=\"index, follow, max-snippet:-1, max-image-preview:large, max-video-preview:-1\" \/>\n<link rel=\"canonical\" href=\"https:\/\/www.realclubmaritimomelilla.es\/clmar\/abril-bravo-y-pedro-maldonado-miss-sirenita-y-mister-delfin-2026-del-real-club-maritimo\/\" \/>\n<meta property=\"og:locale\" content=\"es_ES\" \/>\n<meta property=\"og:type\" content=\"article\" \/>\n<meta property=\"og:title\" content=\"Abril Bravo y Pedro Maldonado, Miss Sirenita y M\u00edster Delf\u00edn 2026 - Real Club Mar\u00edtimo de Melilla\" \/>\n<meta property=\"og:description\" content=\"Abril Bravo Carmona ha sido elegida Miss Sirenita 2026, mientras que Pedro Maldonado Muriana ha recibido la banda de M\u00edster Delf\u00edn 2026\" \/>\n<meta property=\"og:url\" content=\"https:\/\/www.realclubmaritimomelilla.es\/clmar\/abril-bravo-y-pedro-maldonado-miss-sirenita-y-mister-delfin-2026-del-real-club-maritimo\/\" \/>\n<meta property=\"og:site_name\" content=\"Real Club Mar\u00edtimo de Melilla\" \/>\n<meta property=\"article:publisher\" content=\"https:\/\/www.facebook.com\/Real-Club-Mar%c3%adtimo-de-Melilla-588495841234214\/\" \/>\n<meta property=\"article:published_time\" content=\"2026-08-31T19:20:25+00:00\" \/>\n<meta property=\"article:modified_time\" content=\"2026-09-01T07:38:18+00:00\" \/>\n<meta property=\"og:image\" content=\"https:\/\/www.realclubmaritimomelilla.es\/clmar\/wp-content\/uploads\/Premiados-4.webp\" \/>\n\t<meta property=\"og:image:width\" content=\"886\" \/>\n\t<meta property=\"og:image:height\" content=\"614\" \/>\n\t<meta property=\"og:image:type\" content=\"image\/jpeg\" \/>\n<meta name=\"author\" content=\"RCMMelilla\" \/>\n<meta name=\"twitter:card\" content=\"summary_large_image\" \/>\n<meta name=\"twitter:creator\" content=\"@nauticarcmm\" \/>\n<meta name=\"twitter:site\" content=\"@nauticarcmm\" \/>\n<meta name=\"twitter:label1\" content=\"Escrito por\" \/>\n\t<meta name=\"twitter:data1\" content=\"RCMMelilla\" \/>\n\t<meta name=\"twitter:label2\" content=\"Tiempo de lectura\" \/>\n\t<meta name=\"twitter:data2\" content=\"2 minutos\" \/>\n<script type=\"application\/ld+json\" class=\"yoast-schema-graph\">{\"@context\":\"https:\\\/\\\/schema.org\",\"@graph\":[{\"@type\":\"Article\",\"@id\":\"https:\\\/\\\/www.realclubmaritimomelilla.es\\\/clmar\\\/abril-bravo-y-pedro-maldonado-miss-sirenita-y-mister-delfin-2026-del-real-club-maritimo\\\/#article\",\"isPartOf\":{\"@id\":\"https:\\\/\\\/www.realclubmaritimomelilla.es\\\/clmar\\\/abril-bravo-y-pedro-maldonado-miss-sirenita-y-mister-delfin-2026-del-real-club-maritimo\\\/\"},\"author\":{\"name\":\"RCMMelilla\",\"@id\":\"https:\\\/\\\/www.realclubmaritimomelilla.es\\\/clmar\\\/#\\\/schema\\\/person\\\/ebaa3713496dc6d48c872452e73a8e79\"},\"headline\":\"Abril Bravo y Pedro Maldonado, Miss Sirenita y M\u00edster Delf\u00edn 2026\",\"datePublished\":\"2026-08-31T19:20:25+00:00\",\"dateModified\":\"2026-09-01T07:38:18+00:00\",\"mainEntityOfPage\":{\"@id\":\"https:\\\/\\\/www.realclubmaritimomelilla.es\\\/clmar\\\/abril-bravo-y-pedro-maldonado-miss-sirenita-y-mister-delfin-2026-del-real-club-maritimo\\\/\"},\"wordCount\":376,\"commentCount\":0,\"publisher\":{\"@id\":\"https:\\\/\\\/www.realclubmaritimomelilla.es\\\/clmar\\\/#organization\"},\"image\":{\"@id\":\"https:\\\/\\\/www.realclubmaritimomelilla.es\\\/clmar\\\/abril-bravo-y-pedro-maldonado-miss-sirenita-y-mister-delfin-2026-del-real-club-maritimo\\\/#primaryimage\"},\"thumbnailUrl\":\"https:\\\/\\\/www.realclubmaritimomelilla.es\\\/clmar\\\/wp-content\\\/uploads\\\/Premiados-4.webp\",\"articleSection\":[\"Celebraciones\"],\"inLanguage\":\"es\",\"potentialAction\":[{\"@type\":\"CommentAction\",\"name\":\"Comment\",\"target\":[\"https:\\\/\\\/www.realclubmaritimomelilla.es\\\/clmar\\\/abril-bravo-y-pedro-maldonado-miss-sirenita-y-mister-delfin-2026-del-real-club-maritimo\\\/#respond\"]}]},{\"@type\":\"WebPage\",\"@id\":\"https:\\\/\\\/www.realclubmaritimomelilla.es\\\/clmar\\\/abril-bravo-y-pedro-maldonado-miss-sirenita-y-mister-delfin-2026-del-real-club-maritimo\\\/\",\"url\":\"https:\\\/\\\/www.realclubmaritimomelilla.es\\\/clmar\\\/abril-bravo-y-pedro-maldonado-miss-sirenita-y-mister-delfin-2026-del-real-club-maritimo\\\/\",\"name\":\"Abril Bravo y Pedro Maldonado, Miss Sirenita y M\u00edster Delf\u00edn 2026 - Real Club Mar\u00edtimo de Melilla\",\"isPartOf\":{\"@id\":\"https:\\\/\\\/www.realclubmaritimomelilla.es\\\/clmar\\\/#website\"},\"primaryImageOfPage\":{\"@id\":\"https:\\\/\\\/www.realclubmaritimomelilla.es\\\/clmar\\\/abril-bravo-y-pedro-maldonado-miss-sirenita-y-mister-delfin-2026-del-real-club-maritimo\\\/#primaryimage\"},\"image\":{\"@id\":\"https:\\\/\\\/www.realclubmaritimomelilla.es\\\/clmar\\\/abril-bravo-y-pedro-maldonado-miss-sirenita-y-mister-delfin-2026-del-real-club-maritimo\\\/#primaryimage\"},\"thumbnailUrl\":\"https:\\\/\\\/www.realclubmaritimomelilla.es\\\/clmar\\\/wp-content\\\/uploads\\\/Premiados-4.webp\",\"datePublished\":\"2026-08-31T19:20:25+00:00\",\"dateModified\":\"2026-09-01T07:38:18+00:00\",\"description\":\"Abril Bravo Carmona ha sido elegida Miss Sirenita 2026, mientras que Pedro Maldonado Muriana ha recibido la banda de M\u00edster Delf\u00edn 2026\",\"breadcrumb\":{\"@id\":\"https:\\\/\\\/www.realclubmaritimomelilla.es\\\/clmar\\\/abril-bravo-y-pedro-maldonado-miss-sirenita-y-mister-delfin-2026-del-real-club-maritimo\\\/#breadcrumb\"},\"inLanguage\":\"es\",\"potentialAction\":[{\"@type\":\"ReadAction\",\"target\":[\"https:\\\/\\\/www.realclubmaritimomelilla.es\\\/clmar\\\/abril-bravo-y-pedro-maldonado-miss-sirenita-y-mister-delfin-2026-del-real-club-maritimo\\\/\"]}]},{\"@type\":\"ImageObject\",\"inLanguage\":\"es\",\"@id\":\"https:\\\/\\\/www.realclubmaritimomelilla.es\\\/clmar\\\/abril-bravo-y-pedro-maldonado-miss-sirenita-y-mister-delfin-2026-del-real-club-maritimo\\\/#primaryimage\",\"url\":\"https:\\\/\\\/www.realclubmaritimomelilla.es\\\/clmar\\\/wp-content\\\/uploads\\\/Premiados-4.webp\",\"contentUrl\":\"https:\\\/\\\/www.realclubmaritimomelilla.es\\\/clmar\\\/wp-content\\\/uploads\\\/Premiados-4.webp\",\"width\":886,\"height\":614},{\"@type\":\"BreadcrumbList\",\"@id\":\"https:\\\/\\\/www.realclubmaritimomelilla.es\\\/clmar\\\/abril-bravo-y-pedro-maldonado-miss-sirenita-y-mister-delfin-2026-del-real-club-maritimo\\\/#breadcrumb\",\"itemListElement\":[{\"@type\":\"ListItem\",\"position\":1,\"name\":\"Portada\",\"item\":\"https:\\\/\\\/www.realclubmaritimomelilla.es\\\/clmar\\\/\"},{\"@type\":\"ListItem\",\"position\":2,\"name\":\"Abril Bravo y Pedro Maldonado, Miss Sirenita y M\u00edster Delf\u00edn 2026\"}]},{\"@type\":\"WebSite\",\"@id\":\"https:\\\/\\\/www.realclubmaritimomelilla.es\\\/clmar\\\/#website\",\"url\":\"https:\\\/\\\/www.realclubmaritimomelilla.es\\\/clmar\\\/\",\"name\":\"Real Club Mar\u00edtimo de Melilla\",\"description\":\"RCMM\",\"publisher\":{\"@id\":\"https:\\\/\\\/www.realclubmaritimomelilla.es\\\/clmar\\\/#organization\"},\"alternateName\":\"RCMM\",\"potentialAction\":[{\"@type\":\"SearchAction\",\"target\":{\"@type\":\"EntryPoint\",\"urlTemplate\":\"https:\\\/\\\/www.realclubmaritimomelilla.es\\\/clmar\\\/?s={search_term_string}\"},\"query-input\":{\"@type\":\"PropertyValueSpecification\",\"valueRequired\":true,\"valueName\":\"search_term_string\"}}],\"inLanguage\":\"es\"},{\"@type\":\"Organization\",\"@id\":\"https:\\\/\\\/www.realclubmaritimomelilla.es\\\/clmar\\\/#organization\",\"name\":\"Real Club Mar\u00edtimo de Melilla\",\"alternateName\":\"RCMM\",\"url\":\"https:\\\/\\\/www.realclubmaritimomelilla.es\\\/clmar\\\/\",\"logo\":{\"@type\":\"ImageObject\",\"inLanguage\":\"es\",\"@id\":\"https:\\\/\\\/www.realclubmaritimomelilla.es\\\/clmar\\\/#\\\/schema\\\/logo\\\/image\\\/\",\"url\":\"https:\\\/\\\/www.realclubmaritimomelilla.es\\\/clmar\\\/wp-content\\\/uploads\\\/logo-club-original-copia.jpg\",\"contentUrl\":\"https:\\\/\\\/www.realclubmaritimomelilla.es\\\/clmar\\\/wp-content\\\/uploads\\\/logo-club-original-copia.jpg\",\"width\":128,\"height\":89,\"caption\":\"Real Club Mar\u00edtimo de Melilla\"},\"image\":{\"@id\":\"https:\\\/\\\/www.realclubmaritimomelilla.es\\\/clmar\\\/#\\\/schema\\\/logo\\\/image\\\/\"},\"sameAs\":[\"https:\\\/\\\/www.facebook.com\\\/Real-Club-Mar\u00edtimo-de-Melilla-588495841234214\\\/\",\"https:\\\/\\\/x.com\\\/nauticarcmm\",\"https:\\\/\\\/www.instagram.com\\\/club_maritimo_melilla\\\/\",\"https:\\\/\\\/www.youtube.com\\\/@realclubmaritimodemelilla4703\",\"https:\\\/\\\/es.wikipedia.org\\\/wiki\\\/Real_Club_Mar\u00edtimo_de_Melilla\"]},{\"@type\":\"Person\",\"@id\":\"https:\\\/\\\/www.realclubmaritimomelilla.es\\\/clmar\\\/#\\\/schema\\\/person\\\/ebaa3713496dc6d48c872452e73a8e79\",\"name\":\"RCMMelilla\",\"image\":{\"@type\":\"ImageObject\",\"inLanguage\":\"es\",\"@id\":\"https:\\\/\\\/secure.gravatar.com\\\/avatar\\\/df1c24789360fb9308735c4ee556fc2bc5bf924bf01e53043b8b97ba272da33c?s=96&d=mm&r=g\",\"url\":\"https:\\\/\\\/secure.gravatar.com\\\/avatar\\\/df1c24789360fb9308735c4ee556fc2bc5bf924bf01e53043b8b97ba272da33c?s=96&d=mm&r=g\",\"contentUrl\":\"https:\\\/\\\/secure.gravatar.com\\\/avatar\\\/df1c24789360fb9308735c4ee556fc2bc5bf924bf01e53043b8b97ba272da33c?s=96&d=mm&r=g\",\"caption\":\"RCMMelilla\"}}]}<\/script>\n<!-- \/ Yoast SEO plugin. -->","yoast_head_json":{"title":"Abril Bravo y Pedro Maldonado, Miss Sirenita y M\u00edster Delf\u00edn 2026 - Real Club Mar\u00edtimo de Melilla","description":"Abril Bravo Carmona ha sido elegida Miss Sirenita 2026, mientras que Pedro Maldonado Muriana ha recibido la banda de M\u00edster Delf\u00edn 2026","robots":{"index":"index","follow":"follow","max-snippet":"max-snippet:-1","max-image-preview":"max-image-preview:large","max-video-preview":"max-video-preview:-1"},"canonical":"https:\/\/www.realclubmaritimomelilla.es\/clmar\/abril-bravo-y-pedro-maldonado-miss-sirenita-y-mister-delfin-2026-del-real-club-maritimo\/","og_locale":"es_ES","og_type":"article","og_title":"Abril Bravo y Pedro Maldonado, Miss Sirenita y M\u00edster Delf\u00edn 2026 - Real Club Mar\u00edtimo de Melilla","og_description":"Abril Bravo Carmona ha sido elegida Miss Sirenita 2026, mientras que Pedro Maldonado Muriana ha recibido la banda de M\u00edster Delf\u00edn 2026","og_url":"https:\/\/www.realclubmaritimomelilla.es\/clmar\/abril-bravo-y-pedro-maldonado-miss-sirenita-y-mister-delfin-2026-del-real-club-maritimo\/","og_site_name":"Real Club Mar\u00edtimo de Melilla","article_publisher":"https:\/\/www.facebook.com\/Real-Club-Mar%c3%adtimo-de-Melilla-588495841234214\/","article_published_time":"2026-08-31T19:20:25+00:00","article_modified_time":"2026-09-01T07:38:18+00:00","og_image":[{"width":886,"height":614,"url":"https:\/\/www.realclubmaritimomelilla.es\/clmar\/wp-content\/uploads\/Premiados-4.webp","type":"image\/jpeg"}],"author":"RCMMelilla","twitter_card":"summary_large_image","twitter_creator":"@nauticarcmm","twitter_site":"@nauticarcmm","twitter_misc":{"Escrito por":"RCMMelilla","Tiempo de lectura":"2 minutos"},"schema":{"@context":"https:\/\/schema.org","@graph":[{"@type":"Article","@id":"https:\/\/www.realclubmaritimomelilla.es\/clmar\/abril-bravo-y-pedro-maldonado-miss-sirenita-y-mister-delfin-2026-del-real-club-maritimo\/#article","isPartOf":{"@id":"https:\/\/www.realclubmaritimomelilla.es\/clmar\/abril-bravo-y-pedro-maldonado-miss-sirenita-y-mister-delfin-2026-del-real-club-maritimo\/"},"author":{"name":"RCMMelilla","@id":"https:\/\/www.realclubmaritimomelilla.es\/clmar\/#\/schema\/person\/ebaa3713496dc6d48c872452e73a8e79"},"headline":"Abril Bravo y Pedro Maldonado, Miss Sirenita y M\u00edster Delf\u00edn 2026","datePublished":"2026-08-31T19:20:25+00:00","dateModified":"2026-09-01T07:38:18+00:00","mainEntityOfPage":{"@id":"https:\/\/www.realclubmaritimomelilla.es\/clmar\/abril-bravo-y-pedro-maldonado-miss-sirenita-y-mister-delfin-2026-del-real-club-maritimo\/"},"wordCount":376,"commentCount":0,"publisher":{"@id":"https:\/\/www.realclubmaritimomelilla.es\/clmar\/#organization"},"image":{"@id":"https:\/\/www.realclubmaritimomelilla.es\/clmar\/abril-bravo-y-pedro-maldonado-miss-sirenita-y-mister-delfin-2026-del-real-club-maritimo\/#primaryimage"},"thumbnailUrl":"https:\/\/www.realclubmaritimomelilla.es\/clmar\/wp-content\/uploads\/Premiados-4.webp","articleSection":["Celebraciones"],"inLanguage":"es","potentialAction":[{"@type":"CommentAction","name":"Comment","target":["https:\/\/www.realclubmaritimomelilla.es\/clmar\/abril-bravo-y-pedro-maldonado-miss-sirenita-y-mister-delfin-2026-del-real-club-maritimo\/#respond"]}]},{"@type":"WebPage","@id":"https:\/\/www.realclubmaritimomelilla.es\/clmar\/abril-bravo-y-pedro-maldonado-miss-sirenita-y-mister-delfin-2026-del-real-club-maritimo\/","url":"https:\/\/www.realclubmaritimomelilla.es\/clmar\/abril-bravo-y-pedro-maldonado-miss-sirenita-y-mister-delfin-2026-del-real-club-maritimo\/","name":"Abril Bravo y Pedro Maldonado, Miss Sirenita y M\u00edster Delf\u00edn 2026 - Real Club Mar\u00edtimo de Melilla","isPartOf":{"@id":"https:\/\/www.realclubmaritimomelilla.es\/clmar\/#website"},"primaryImageOfPage":{"@id":"https:\/\/www.realclubmaritimomelilla.es\/clmar\/abril-bravo-y-pedro-maldonado-miss-sirenita-y-mister-delfin-2026-del-real-club-maritimo\/#primaryimage"},"image":{"@id":"https:\/\/www.realclubmaritimomelilla.es\/clmar\/abril-bravo-y-pedro-maldonado-miss-sirenita-y-mister-delfin-2026-del-real-club-maritimo\/#primaryimage"},"thumbnailUrl":"https:\/\/www.realclubmaritimomelilla.es\/clmar\/wp-content\/uploads\/Premiados-4.webp","datePublished":"2026-08-31T19:20:25+00:00","dateModified":"2026-09-01T07:38:18+00:00","description":"Abril Bravo Carmona ha sido elegida Miss Sirenita 2026, mientras que Pedro Maldonado Muriana ha recibido la banda de M\u00edster Delf\u00edn 2026","breadcrumb":{"@id":"https:\/\/www.realclubmaritimomelilla.es\/clmar\/abril-bravo-y-pedro-maldonado-miss-sirenita-y-mister-delfin-2026-del-real-club-maritimo\/#breadcrumb"},"inLanguage":"es","potentialAction":[{"@type":"ReadAction","target":["https:\/\/www.realclubmaritimomelilla.es\/clmar\/abril-bravo-y-pedro-maldonado-miss-sirenita-y-mister-delfin-2026-del-real-club-maritimo\/"]}]},{"@type":"ImageObject","inLanguage":"es","@id":"https:\/\/www.realclubmaritimomelilla.es\/clmar\/abril-bravo-y-pedro-maldonado-miss-sirenita-y-mister-delfin-2026-del-real-club-maritimo\/#primaryimage","url":"https:\/\/www.realclubmaritimomelilla.es\/clmar\/wp-content\/uploads\/Premiados-4.webp","contentUrl":"https:\/\/www.realclubmaritimomelilla.es\/clmar\/wp-content\/uploads\/Premiados-4.webp","width":886,"height":614},{"@type":"BreadcrumbList","@id":"https:\/\/www.realclubmaritimomelilla.es\/clmar\/abril-bravo-y-pedro-maldonado-miss-sirenita-y-mister-delfin-2026-del-real-club-maritimo\/#breadcrumb","itemListElement":[{"@type":"ListItem","position":1,"name":"Portada","item":"https:\/\/www.realclubmaritimomelilla.es\/clmar\/"},{"@type":"ListItem","position":2,"name":"Abril Bravo y Pedro Maldonado, Miss Sirenita y M\u00edster Delf\u00edn 2026"}]},{"@type":"WebSite","@id":"https:\/\/www.realclubmaritimomelilla.es\/clmar\/#website","url":"https:\/\/www.realclubmaritimomelilla.es\/clmar\/","name":"Real Club Mar\u00edtimo de Melilla","description":"RCMM","publisher":{"@id":"https:\/\/www.realclubmaritimomelilla.es\/clmar\/#organization"},"alternateName":"RCMM","potentialAction":[{"@type":"SearchAction","target":{"@type":"EntryPoint","urlTemplate":"https:\/\/www.realclubmaritimomelilla.es\/clmar\/?s={search_term_string}"},"query-input":{"@type":"PropertyValueSpecification","valueRequired":true,"valueName":"search_term_string"}}],"inLanguage":"es"},{"@type":"Organization","@id":"https:\/\/www.realclubmaritimomelilla.es\/clmar\/#organization","name":"Real Club Mar\u00edtimo de Melilla","alternateName":"RCMM","url":"https:\/\/www.realclubmaritimomelilla.es\/clmar\/","logo":{"@type":"ImageObject","inLanguage":"es","@id":"https:\/\/www.realclubmaritimomelilla.es\/clmar\/#\/schema\/logo\/image\/","url":"https:\/\/www.realclubmaritimomelilla.es\/clmar\/wp-content\/uploads\/logo-club-original-copia.jpg","contentUrl":"https:\/\/www.realclubmaritimomelilla.es\/clmar\/wp-content\/uploads\/logo-club-original-copia.jpg","width":128,"height":89,"caption":"Real Club Mar\u00edtimo de Melilla"},"image":{"@id":"https:\/\/www.realclubmaritimomelilla.es\/clmar\/#\/schema\/logo\/image\/"},"sameAs":["https:\/\/www.facebook.com\/Real-Club-Mar\u00edtimo-de-Melilla-588495841234214\/","https:\/\/x.com\/nauticarcmm","https:\/\/www.instagram.com\/club_maritimo_melilla\/","https:\/\/www.youtube.com\/@realclubmaritimodemelilla4703","https:\/\/es.wikipedia.org\/wiki\/Real_Club_Mar\u00edtimo_de_Melilla"]},{"@type":"Person","@id":"https:\/\/www.realclubmaritimomelilla.es\/clmar\/#\/schema\/person\/ebaa3713496dc6d48c872452e73a8e79","name":"RCMMelilla","image":{"@type":"ImageObject","inLanguage":"es","@id":"https:\/\/secure.gravatar.com\/avatar\/df1c24789360fb9308735c4ee556fc2bc5bf924bf01e53043b8b97ba272da33c?s=96&d=mm&r=g","url":"https:\/\/secure.gravatar.com\/avatar\/df1c24789360fb9308735c4ee556fc2bc5bf924bf01e53043b8b97ba272da33c?s=96&d=mm&r=g","contentUrl":"https:\/\/secure.gravatar.com\/avatar\/df1c24789360fb9308735c4ee556fc2bc5bf924bf01e53043b8b97ba272da33c?s=96&d=mm&r=g","caption":"RCMMelilla"}}]}},"_links":{"self":[{"href":"https:\/\/www.realclubmaritimomelilla.es\/clmar\/wp-json\/wp\/v2\/posts\/29317","targetHints":{"allow":["GET"]}}],"collection":[{"href":"https:\/\/www.realclubmaritimomelilla.es\/clmar\/wp-json\/wp\/v2\/posts"}],"about":[{"href":"https:\/\/www.realclubmaritimomelilla.es\/clmar\/wp-json\/wp\/v2\/types\/post"}],"author":[{"embeddable":true,"href":"https:\/\/www.realclubmaritimomelilla.es\/clmar\/wp-json\/wp\/v2\/users\/1"}],"replies":[{"embeddable":true,"href":"https:\/\/www.realclubmaritimomelilla.es\/clmar\/wp-json\/wp\/v2\/comments?post=29317"}],"version-history":[{"count":2,"href":"https:\/\/www.realclubmaritimomelilla.es\/clmar\/wp-json\/wp\/v2\/posts\/29317\/revisions"}],"predecessor-version":[{"id":29358,"href":"https:\/\/www.realclubmaritimomelilla.es\/clmar\/wp-json\/wp\/v2\/posts\/29317\/revisions\/29358"}],"wp:featuredmedia":[{"embeddable":true,"href":"https:\/\/www.realclubmaritimomelilla.es\/clmar\/wp-json\/wp\/v2\/media\/29356"}],"wp:attachment":[{"href":"https:\/\/www.realclubmaritimomelilla.es\/clmar\/wp-json\/wp\/v2\/media?parent=29317"}],"wp:term":[{"taxonomy":"category","embeddable":true,"href":"https:\/\/www.realclubmaritimomelilla.es\/clmar\/wp-json\/wp\/v2\/categories?post=29317"},{"taxonomy":"post_tag","embeddable":true,"href":"https:\/\/www.realclubmaritimomelilla.es\/clmar\/wp-json\/wp\/v2\/tags?post=29317"}],"curies":[{"name":"wp","href":"https:\/\/api.w.org\/{rel}","templated":true}]}}