{"id":27749,"date":"2026-04-30T14:25:53","date_gmt":"2026-04-30T12:25:53","guid":{"rendered":"https:\/\/www.realclubmaritimomelilla.es\/clmar\/?p=27749"},"modified":"2026-04-30T14:25:53","modified_gmt":"2026-04-30T12:25:53","slug":"gran-experiencia-del-rcmm-en-el-all-star-minibasket-de-la-fundacion-unicaja","status":"publish","type":"post","link":"https:\/\/www.realclubmaritimomelilla.es\/clmar\/gran-experiencia-del-rcmm-en-el-all-star-minibasket-de-la-fundacion-unicaja\/","title":{"rendered":"Gran experiencia del RCMM en el All-Star Minibasket de la Fundaci\u00f3n Unicaja"},"content":{"rendered":"<p>El Real Club Mar\u00edtimo de Melilla ha completado un destacado fin de semana en el All-Star Minibasket organizado por la Fundaci\u00f3n Unicaja, celebrado en M\u00e1laga.<br \/>\nEl conjunto melillense compiti\u00f3 frente a algunos de los mejores equipos andaluces de la categor\u00eda, ofreciendo un gran nivel pese a tratarse de un equipo mixto que se midi\u00f3 a formaciones masculinas. En la fase de grupos, el RCMM se enfrent\u00f3 a Ciudad de C\u00f3rdoba (55-13), CB Alcal\u00e1 (69-49) y Fundaci\u00f3n Unicaja (50-47), dejando una notable imagen competitiva.<br \/>\nYa en los cruces, el primer rival fue CB Coria, al que lograron superar por 53-46. Sin embargo, en la siguiente ronda, el equipo cay\u00f3 en un ajustado encuentro ante CB Puerto Real (52-48), qued\u00e1ndose a las puertas de seguir avanzando.<br \/>\nM\u00e1s all\u00e1 de la competici\u00f3n, la expedici\u00f3n melillense tambi\u00e9n disfrut\u00f3 de la experiencia de asistir al partido de la Liga ACB entre el Unicaja M\u00e1laga y el For\u00e7a Lleida, disputado en el Palacio de Deportes Jos\u00e9 Mar\u00eda Mart\u00edn Carpena.<br \/>\nLa expedici\u00f3n del RCMM ha estado dirigida por los t\u00e9cnicos V\u00edctor Salinas y Claudio Arp\u00f3n, junto a los jugadores Inge Segura, Vera S\u00e1nchez, Yessenia Bekay, Gonzalo Cano, Javier Arp\u00f3n, Dar\u00edo Hoyo, Antonio Colomo, Antonio Caparr\u00f3s, Rayan Mohand, Anas El Mesaoudi, Javier Riolobos y Pablo Segura.<br \/>\nEn definitiva, una experiencia muy positiva para el equipo del RCMM, que ha tenido la oportunidad de medirse a los mejores conjuntos andaluces y seguir creciendo en su formaci\u00f3n deportiva.<\/p>\n","protected":false},"excerpt":{"rendered":"<p>El Real Club Mar\u00edtimo de Melilla ha completado un destacado fin de semana en el All-Star Minibasket organizado por la Fundaci\u00f3n Unicaja, celebrado en M\u00e1laga. El conjunto melillense compiti\u00f3 frente a algunos de los mejores equipos andaluces de la categor\u00eda, ofreciendo un gran nivel pese a tratarse de un equipo mixto que se midi\u00f3 a [&hellip;]<\/p>\n","protected":false},"author":1,"featured_media":27750,"comment_status":"open","ping_status":"open","sticky":false,"template":"","format":"standard","meta":{"_acf_changed":false,"footnotes":""},"categories":[1],"tags":[],"class_list":["post-27749","post","type-post","status-publish","format-standard","has-post-thumbnail","hentry","category-sin-categoria"],"acf":[],"yoast_head":"<!-- This site is optimized with the Yoast SEO plugin v27.5 - https:\/\/yoast.com\/product\/yoast-seo-wordpress\/ -->\n<title>Gran experiencia del RCMM en el All-Star Minibasket de la Fundaci\u00f3n Unicaja - Real Club Mar\u00edtimo de Melilla<\/title>\n<meta name=\"description\" content=\"Gran experiencia del RCMM en el All-Star Minibasket de la Fundaci\u00f3n Unicaja -\" \/>\n<meta name=\"robots\" content=\"index, follow, max-snippet:-1, max-image-preview:large, max-video-preview:-1\" \/>\n<link rel=\"canonical\" href=\"https:\/\/www.realclubmaritimomelilla.es\/clmar\/gran-experiencia-del-rcmm-en-el-all-star-minibasket-de-la-fundacion-unicaja\/\" \/>\n<meta property=\"og:locale\" content=\"es_ES\" \/>\n<meta property=\"og:type\" content=\"article\" \/>\n<meta property=\"og:title\" content=\"Gran experiencia del RCMM en el All-Star Minibasket de la Fundaci\u00f3n Unicaja - Real Club Mar\u00edtimo de Melilla\" \/>\n<meta property=\"og:description\" content=\"Gran experiencia del RCMM en el All-Star Minibasket de la Fundaci\u00f3n Unicaja -\" \/>\n<meta property=\"og:url\" content=\"https:\/\/www.realclubmaritimomelilla.es\/clmar\/gran-experiencia-del-rcmm-en-el-all-star-minibasket-de-la-fundacion-unicaja\/\" \/>\n<meta property=\"og:site_name\" content=\"Real Club Mar\u00edtimo de Melilla\" \/>\n<meta property=\"article:publisher\" content=\"https:\/\/www.facebook.com\/Real-Club-Mar%c3%adtimo-de-Melilla-588495841234214\/\" \/>\n<meta property=\"article:published_time\" content=\"2026-04-30T12:25:53+00:00\" \/>\n<meta property=\"og:image\" content=\"https:\/\/www.realclubmaritimomelilla.es\/clmar\/wp-content\/uploads\/equipo-baloncesto.webp\" \/>\n\t<meta property=\"og:image:width\" content=\"778\" \/>\n\t<meta property=\"og:image:height\" content=\"686\" \/>\n\t<meta property=\"og:image:type\" content=\"image\/jpeg\" \/>\n<meta name=\"author\" content=\"RCMMelilla\" \/>\n<meta name=\"twitter:card\" content=\"summary_large_image\" \/>\n<meta name=\"twitter:creator\" content=\"@nauticarcmm\" \/>\n<meta name=\"twitter:site\" content=\"@nauticarcmm\" \/>\n<meta name=\"twitter:label1\" content=\"Escrito por\" \/>\n\t<meta name=\"twitter:data1\" content=\"RCMMelilla\" \/>\n<script type=\"application\/ld+json\" class=\"yoast-schema-graph\">{\"@context\":\"https:\\\/\\\/schema.org\",\"@graph\":[{\"@type\":\"Article\",\"@id\":\"https:\\\/\\\/www.realclubmaritimomelilla.es\\\/clmar\\\/gran-experiencia-del-rcmm-en-el-all-star-minibasket-de-la-fundacion-unicaja\\\/#article\",\"isPartOf\":{\"@id\":\"https:\\\/\\\/www.realclubmaritimomelilla.es\\\/clmar\\\/gran-experiencia-del-rcmm-en-el-all-star-minibasket-de-la-fundacion-unicaja\\\/\"},\"author\":{\"name\":\"RCMMelilla\",\"@id\":\"https:\\\/\\\/www.realclubmaritimomelilla.es\\\/clmar\\\/#\\\/schema\\\/person\\\/ebaa3713496dc6d48c872452e73a8e79\"},\"headline\":\"Gran experiencia del RCMM en el All-Star Minibasket de la Fundaci\u00f3n Unicaja\",\"datePublished\":\"2026-04-30T12:25:53+00:00\",\"mainEntityOfPage\":{\"@id\":\"https:\\\/\\\/www.realclubmaritimomelilla.es\\\/clmar\\\/gran-experiencia-del-rcmm-en-el-all-star-minibasket-de-la-fundacion-unicaja\\\/\"},\"wordCount\":275,\"commentCount\":0,\"publisher\":{\"@id\":\"https:\\\/\\\/www.realclubmaritimomelilla.es\\\/clmar\\\/#organization\"},\"image\":{\"@id\":\"https:\\\/\\\/www.realclubmaritimomelilla.es\\\/clmar\\\/gran-experiencia-del-rcmm-en-el-all-star-minibasket-de-la-fundacion-unicaja\\\/#primaryimage\"},\"thumbnailUrl\":\"https:\\\/\\\/www.realclubmaritimomelilla.es\\\/clmar\\\/wp-content\\\/uploads\\\/equipo-baloncesto.webp\",\"inLanguage\":\"es\",\"potentialAction\":[{\"@type\":\"CommentAction\",\"name\":\"Comment\",\"target\":[\"https:\\\/\\\/www.realclubmaritimomelilla.es\\\/clmar\\\/gran-experiencia-del-rcmm-en-el-all-star-minibasket-de-la-fundacion-unicaja\\\/#respond\"]}]},{\"@type\":\"WebPage\",\"@id\":\"https:\\\/\\\/www.realclubmaritimomelilla.es\\\/clmar\\\/gran-experiencia-del-rcmm-en-el-all-star-minibasket-de-la-fundacion-unicaja\\\/\",\"url\":\"https:\\\/\\\/www.realclubmaritimomelilla.es\\\/clmar\\\/gran-experiencia-del-rcmm-en-el-all-star-minibasket-de-la-fundacion-unicaja\\\/\",\"name\":\"Gran experiencia del RCMM en el All-Star Minibasket de la Fundaci\u00f3n Unicaja - Real Club Mar\u00edtimo de Melilla\",\"isPartOf\":{\"@id\":\"https:\\\/\\\/www.realclubmaritimomelilla.es\\\/clmar\\\/#website\"},\"primaryImageOfPage\":{\"@id\":\"https:\\\/\\\/www.realclubmaritimomelilla.es\\\/clmar\\\/gran-experiencia-del-rcmm-en-el-all-star-minibasket-de-la-fundacion-unicaja\\\/#primaryimage\"},\"image\":{\"@id\":\"https:\\\/\\\/www.realclubmaritimomelilla.es\\\/clmar\\\/gran-experiencia-del-rcmm-en-el-all-star-minibasket-de-la-fundacion-unicaja\\\/#primaryimage\"},\"thumbnailUrl\":\"https:\\\/\\\/www.realclubmaritimomelilla.es\\\/clmar\\\/wp-content\\\/uploads\\\/equipo-baloncesto.webp\",\"datePublished\":\"2026-04-30T12:25:53+00:00\",\"description\":\"Gran experiencia del RCMM en el All-Star Minibasket de la Fundaci\u00f3n Unicaja -\",\"breadcrumb\":{\"@id\":\"https:\\\/\\\/www.realclubmaritimomelilla.es\\\/clmar\\\/gran-experiencia-del-rcmm-en-el-all-star-minibasket-de-la-fundacion-unicaja\\\/#breadcrumb\"},\"inLanguage\":\"es\",\"potentialAction\":[{\"@type\":\"ReadAction\",\"target\":[\"https:\\\/\\\/www.realclubmaritimomelilla.es\\\/clmar\\\/gran-experiencia-del-rcmm-en-el-all-star-minibasket-de-la-fundacion-unicaja\\\/\"]}]},{\"@type\":\"ImageObject\",\"inLanguage\":\"es\",\"@id\":\"https:\\\/\\\/www.realclubmaritimomelilla.es\\\/clmar\\\/gran-experiencia-del-rcmm-en-el-all-star-minibasket-de-la-fundacion-unicaja\\\/#primaryimage\",\"url\":\"https:\\\/\\\/www.realclubmaritimomelilla.es\\\/clmar\\\/wp-content\\\/uploads\\\/equipo-baloncesto.webp\",\"contentUrl\":\"https:\\\/\\\/www.realclubmaritimomelilla.es\\\/clmar\\\/wp-content\\\/uploads\\\/equipo-baloncesto.webp\",\"width\":778,\"height\":686},{\"@type\":\"BreadcrumbList\",\"@id\":\"https:\\\/\\\/www.realclubmaritimomelilla.es\\\/clmar\\\/gran-experiencia-del-rcmm-en-el-all-star-minibasket-de-la-fundacion-unicaja\\\/#breadcrumb\",\"itemListElement\":[{\"@type\":\"ListItem\",\"position\":1,\"name\":\"Portada\",\"item\":\"https:\\\/\\\/www.realclubmaritimomelilla.es\\\/clmar\\\/\"},{\"@type\":\"ListItem\",\"position\":2,\"name\":\"Gran experiencia del RCMM en el All-Star Minibasket de la Fundaci\u00f3n Unicaja\"}]},{\"@type\":\"WebSite\",\"@id\":\"https:\\\/\\\/www.realclubmaritimomelilla.es\\\/clmar\\\/#website\",\"url\":\"https:\\\/\\\/www.realclubmaritimomelilla.es\\\/clmar\\\/\",\"name\":\"Real Club Mar\u00edtimo de Melilla\",\"description\":\"RCMM\",\"publisher\":{\"@id\":\"https:\\\/\\\/www.realclubmaritimomelilla.es\\\/clmar\\\/#organization\"},\"alternateName\":\"RCMM\",\"potentialAction\":[{\"@type\":\"SearchAction\",\"target\":{\"@type\":\"EntryPoint\",\"urlTemplate\":\"https:\\\/\\\/www.realclubmaritimomelilla.es\\\/clmar\\\/?s={search_term_string}\"},\"query-input\":{\"@type\":\"PropertyValueSpecification\",\"valueRequired\":true,\"valueName\":\"search_term_string\"}}],\"inLanguage\":\"es\"},{\"@type\":\"Organization\",\"@id\":\"https:\\\/\\\/www.realclubmaritimomelilla.es\\\/clmar\\\/#organization\",\"name\":\"Real Club Mar\u00edtimo de Melilla\",\"alternateName\":\"RCMM\",\"url\":\"https:\\\/\\\/www.realclubmaritimomelilla.es\\\/clmar\\\/\",\"logo\":{\"@type\":\"ImageObject\",\"inLanguage\":\"es\",\"@id\":\"https:\\\/\\\/www.realclubmaritimomelilla.es\\\/clmar\\\/#\\\/schema\\\/logo\\\/image\\\/\",\"url\":\"https:\\\/\\\/www.realclubmaritimomelilla.es\\\/clmar\\\/wp-content\\\/uploads\\\/logo-club-original-copia.jpg\",\"contentUrl\":\"https:\\\/\\\/www.realclubmaritimomelilla.es\\\/clmar\\\/wp-content\\\/uploads\\\/logo-club-original-copia.jpg\",\"width\":128,\"height\":89,\"caption\":\"Real Club Mar\u00edtimo de Melilla\"},\"image\":{\"@id\":\"https:\\\/\\\/www.realclubmaritimomelilla.es\\\/clmar\\\/#\\\/schema\\\/logo\\\/image\\\/\"},\"sameAs\":[\"https:\\\/\\\/www.facebook.com\\\/Real-Club-Mar\u00edtimo-de-Melilla-588495841234214\\\/\",\"https:\\\/\\\/x.com\\\/nauticarcmm\",\"https:\\\/\\\/www.instagram.com\\\/club_maritimo_melilla\\\/\",\"https:\\\/\\\/www.youtube.com\\\/@realclubmaritimodemelilla4703\",\"https:\\\/\\\/es.wikipedia.org\\\/wiki\\\/Real_Club_Mar\u00edtimo_de_Melilla\"]},{\"@type\":\"Person\",\"@id\":\"https:\\\/\\\/www.realclubmaritimomelilla.es\\\/clmar\\\/#\\\/schema\\\/person\\\/ebaa3713496dc6d48c872452e73a8e79\",\"name\":\"RCMMelilla\",\"image\":{\"@type\":\"ImageObject\",\"inLanguage\":\"es\",\"@id\":\"https:\\\/\\\/secure.gravatar.com\\\/avatar\\\/df1c24789360fb9308735c4ee556fc2bc5bf924bf01e53043b8b97ba272da33c?s=96&d=mm&r=g\",\"url\":\"https:\\\/\\\/secure.gravatar.com\\\/avatar\\\/df1c24789360fb9308735c4ee556fc2bc5bf924bf01e53043b8b97ba272da33c?s=96&d=mm&r=g\",\"contentUrl\":\"https:\\\/\\\/secure.gravatar.com\\\/avatar\\\/df1c24789360fb9308735c4ee556fc2bc5bf924bf01e53043b8b97ba272da33c?s=96&d=mm&r=g\",\"caption\":\"RCMMelilla\"}}]}<\/script>\n<!-- \/ Yoast SEO plugin. -->","yoast_head_json":{"title":"Gran experiencia del RCMM en el All-Star Minibasket de la Fundaci\u00f3n Unicaja - Real Club Mar\u00edtimo de Melilla","description":"Gran experiencia del RCMM en el All-Star Minibasket de la Fundaci\u00f3n Unicaja -","robots":{"index":"index","follow":"follow","max-snippet":"max-snippet:-1","max-image-preview":"max-image-preview:large","max-video-preview":"max-video-preview:-1"},"canonical":"https:\/\/www.realclubmaritimomelilla.es\/clmar\/gran-experiencia-del-rcmm-en-el-all-star-minibasket-de-la-fundacion-unicaja\/","og_locale":"es_ES","og_type":"article","og_title":"Gran experiencia del RCMM en el All-Star Minibasket de la Fundaci\u00f3n Unicaja - Real Club Mar\u00edtimo de Melilla","og_description":"Gran experiencia del RCMM en el All-Star Minibasket de la Fundaci\u00f3n Unicaja -","og_url":"https:\/\/www.realclubmaritimomelilla.es\/clmar\/gran-experiencia-del-rcmm-en-el-all-star-minibasket-de-la-fundacion-unicaja\/","og_site_name":"Real Club Mar\u00edtimo de Melilla","article_publisher":"https:\/\/www.facebook.com\/Real-Club-Mar%c3%adtimo-de-Melilla-588495841234214\/","article_published_time":"2026-04-30T12:25:53+00:00","og_image":[{"width":778,"height":686,"url":"https:\/\/www.realclubmaritimomelilla.es\/clmar\/wp-content\/uploads\/equipo-baloncesto.webp","type":"image\/jpeg"}],"author":"RCMMelilla","twitter_card":"summary_large_image","twitter_creator":"@nauticarcmm","twitter_site":"@nauticarcmm","twitter_misc":{"Escrito por":"RCMMelilla"},"schema":{"@context":"https:\/\/schema.org","@graph":[{"@type":"Article","@id":"https:\/\/www.realclubmaritimomelilla.es\/clmar\/gran-experiencia-del-rcmm-en-el-all-star-minibasket-de-la-fundacion-unicaja\/#article","isPartOf":{"@id":"https:\/\/www.realclubmaritimomelilla.es\/clmar\/gran-experiencia-del-rcmm-en-el-all-star-minibasket-de-la-fundacion-unicaja\/"},"author":{"name":"RCMMelilla","@id":"https:\/\/www.realclubmaritimomelilla.es\/clmar\/#\/schema\/person\/ebaa3713496dc6d48c872452e73a8e79"},"headline":"Gran experiencia del RCMM en el All-Star Minibasket de la Fundaci\u00f3n Unicaja","datePublished":"2026-04-30T12:25:53+00:00","mainEntityOfPage":{"@id":"https:\/\/www.realclubmaritimomelilla.es\/clmar\/gran-experiencia-del-rcmm-en-el-all-star-minibasket-de-la-fundacion-unicaja\/"},"wordCount":275,"commentCount":0,"publisher":{"@id":"https:\/\/www.realclubmaritimomelilla.es\/clmar\/#organization"},"image":{"@id":"https:\/\/www.realclubmaritimomelilla.es\/clmar\/gran-experiencia-del-rcmm-en-el-all-star-minibasket-de-la-fundacion-unicaja\/#primaryimage"},"thumbnailUrl":"https:\/\/www.realclubmaritimomelilla.es\/clmar\/wp-content\/uploads\/equipo-baloncesto.webp","inLanguage":"es","potentialAction":[{"@type":"CommentAction","name":"Comment","target":["https:\/\/www.realclubmaritimomelilla.es\/clmar\/gran-experiencia-del-rcmm-en-el-all-star-minibasket-de-la-fundacion-unicaja\/#respond"]}]},{"@type":"WebPage","@id":"https:\/\/www.realclubmaritimomelilla.es\/clmar\/gran-experiencia-del-rcmm-en-el-all-star-minibasket-de-la-fundacion-unicaja\/","url":"https:\/\/www.realclubmaritimomelilla.es\/clmar\/gran-experiencia-del-rcmm-en-el-all-star-minibasket-de-la-fundacion-unicaja\/","name":"Gran experiencia del RCMM en el All-Star Minibasket de la Fundaci\u00f3n Unicaja - Real Club Mar\u00edtimo de Melilla","isPartOf":{"@id":"https:\/\/www.realclubmaritimomelilla.es\/clmar\/#website"},"primaryImageOfPage":{"@id":"https:\/\/www.realclubmaritimomelilla.es\/clmar\/gran-experiencia-del-rcmm-en-el-all-star-minibasket-de-la-fundacion-unicaja\/#primaryimage"},"image":{"@id":"https:\/\/www.realclubmaritimomelilla.es\/clmar\/gran-experiencia-del-rcmm-en-el-all-star-minibasket-de-la-fundacion-unicaja\/#primaryimage"},"thumbnailUrl":"https:\/\/www.realclubmaritimomelilla.es\/clmar\/wp-content\/uploads\/equipo-baloncesto.webp","datePublished":"2026-04-30T12:25:53+00:00","description":"Gran experiencia del RCMM en el All-Star Minibasket de la Fundaci\u00f3n Unicaja -","breadcrumb":{"@id":"https:\/\/www.realclubmaritimomelilla.es\/clmar\/gran-experiencia-del-rcmm-en-el-all-star-minibasket-de-la-fundacion-unicaja\/#breadcrumb"},"inLanguage":"es","potentialAction":[{"@type":"ReadAction","target":["https:\/\/www.realclubmaritimomelilla.es\/clmar\/gran-experiencia-del-rcmm-en-el-all-star-minibasket-de-la-fundacion-unicaja\/"]}]},{"@type":"ImageObject","inLanguage":"es","@id":"https:\/\/www.realclubmaritimomelilla.es\/clmar\/gran-experiencia-del-rcmm-en-el-all-star-minibasket-de-la-fundacion-unicaja\/#primaryimage","url":"https:\/\/www.realclubmaritimomelilla.es\/clmar\/wp-content\/uploads\/equipo-baloncesto.webp","contentUrl":"https:\/\/www.realclubmaritimomelilla.es\/clmar\/wp-content\/uploads\/equipo-baloncesto.webp","width":778,"height":686},{"@type":"BreadcrumbList","@id":"https:\/\/www.realclubmaritimomelilla.es\/clmar\/gran-experiencia-del-rcmm-en-el-all-star-minibasket-de-la-fundacion-unicaja\/#breadcrumb","itemListElement":[{"@type":"ListItem","position":1,"name":"Portada","item":"https:\/\/www.realclubmaritimomelilla.es\/clmar\/"},{"@type":"ListItem","position":2,"name":"Gran experiencia del RCMM en el All-Star Minibasket de la Fundaci\u00f3n Unicaja"}]},{"@type":"WebSite","@id":"https:\/\/www.realclubmaritimomelilla.es\/clmar\/#website","url":"https:\/\/www.realclubmaritimomelilla.es\/clmar\/","name":"Real Club Mar\u00edtimo de Melilla","description":"RCMM","publisher":{"@id":"https:\/\/www.realclubmaritimomelilla.es\/clmar\/#organization"},"alternateName":"RCMM","potentialAction":[{"@type":"SearchAction","target":{"@type":"EntryPoint","urlTemplate":"https:\/\/www.realclubmaritimomelilla.es\/clmar\/?s={search_term_string}"},"query-input":{"@type":"PropertyValueSpecification","valueRequired":true,"valueName":"search_term_string"}}],"inLanguage":"es"},{"@type":"Organization","@id":"https:\/\/www.realclubmaritimomelilla.es\/clmar\/#organization","name":"Real Club Mar\u00edtimo de Melilla","alternateName":"RCMM","url":"https:\/\/www.realclubmaritimomelilla.es\/clmar\/","logo":{"@type":"ImageObject","inLanguage":"es","@id":"https:\/\/www.realclubmaritimomelilla.es\/clmar\/#\/schema\/logo\/image\/","url":"https:\/\/www.realclubmaritimomelilla.es\/clmar\/wp-content\/uploads\/logo-club-original-copia.jpg","contentUrl":"https:\/\/www.realclubmaritimomelilla.es\/clmar\/wp-content\/uploads\/logo-club-original-copia.jpg","width":128,"height":89,"caption":"Real Club Mar\u00edtimo de Melilla"},"image":{"@id":"https:\/\/www.realclubmaritimomelilla.es\/clmar\/#\/schema\/logo\/image\/"},"sameAs":["https:\/\/www.facebook.com\/Real-Club-Mar\u00edtimo-de-Melilla-588495841234214\/","https:\/\/x.com\/nauticarcmm","https:\/\/www.instagram.com\/club_maritimo_melilla\/","https:\/\/www.youtube.com\/@realclubmaritimodemelilla4703","https:\/\/es.wikipedia.org\/wiki\/Real_Club_Mar\u00edtimo_de_Melilla"]},{"@type":"Person","@id":"https:\/\/www.realclubmaritimomelilla.es\/clmar\/#\/schema\/person\/ebaa3713496dc6d48c872452e73a8e79","name":"RCMMelilla","image":{"@type":"ImageObject","inLanguage":"es","@id":"https:\/\/secure.gravatar.com\/avatar\/df1c24789360fb9308735c4ee556fc2bc5bf924bf01e53043b8b97ba272da33c?s=96&d=mm&r=g","url":"https:\/\/secure.gravatar.com\/avatar\/df1c24789360fb9308735c4ee556fc2bc5bf924bf01e53043b8b97ba272da33c?s=96&d=mm&r=g","contentUrl":"https:\/\/secure.gravatar.com\/avatar\/df1c24789360fb9308735c4ee556fc2bc5bf924bf01e53043b8b97ba272da33c?s=96&d=mm&r=g","caption":"RCMMelilla"}}]}},"_links":{"self":[{"href":"https:\/\/www.realclubmaritimomelilla.es\/clmar\/wp-json\/wp\/v2\/posts\/27749","targetHints":{"allow":["GET"]}}],"collection":[{"href":"https:\/\/www.realclubmaritimomelilla.es\/clmar\/wp-json\/wp\/v2\/posts"}],"about":[{"href":"https:\/\/www.realclubmaritimomelilla.es\/clmar\/wp-json\/wp\/v2\/types\/post"}],"author":[{"embeddable":true,"href":"https:\/\/www.realclubmaritimomelilla.es\/clmar\/wp-json\/wp\/v2\/users\/1"}],"replies":[{"embeddable":true,"href":"https:\/\/www.realclubmaritimomelilla.es\/clmar\/wp-json\/wp\/v2\/comments?post=27749"}],"version-history":[{"count":1,"href":"https:\/\/www.realclubmaritimomelilla.es\/clmar\/wp-json\/wp\/v2\/posts\/27749\/revisions"}],"predecessor-version":[{"id":27751,"href":"https:\/\/www.realclubmaritimomelilla.es\/clmar\/wp-json\/wp\/v2\/posts\/27749\/revisions\/27751"}],"wp:featuredmedia":[{"embeddable":true,"href":"https:\/\/www.realclubmaritimomelilla.es\/clmar\/wp-json\/wp\/v2\/media\/27750"}],"wp:attachment":[{"href":"https:\/\/www.realclubmaritimomelilla.es\/clmar\/wp-json\/wp\/v2\/media?parent=27749"}],"wp:term":[{"taxonomy":"category","embeddable":true,"href":"https:\/\/www.realclubmaritimomelilla.es\/clmar\/wp-json\/wp\/v2\/categories?post=27749"},{"taxonomy":"post_tag","embeddable":true,"href":"https:\/\/www.realclubmaritimomelilla.es\/clmar\/wp-json\/wp\/v2\/tags?post=27749"}],"curies":[{"name":"wp","href":"https:\/\/api.w.org\/{rel}","templated":true}]}}