{"id":27739,"date":"2026-04-30T14:24:21","date_gmt":"2026-04-30T12:24:21","guid":{"rendered":"https:\/\/www.realclubmaritimomelilla.es\/clmar\/?p=27739"},"modified":"2026-04-30T14:24:21","modified_gmt":"2026-04-30T12:24:21","slug":"en-mayo-las-jornadas-culturales-del-rcmm-tienen-una-nueva-cita","status":"publish","type":"post","link":"https:\/\/www.realclubmaritimomelilla.es\/clmar\/en-mayo-las-jornadas-culturales-del-rcmm-tienen-una-nueva-cita\/","title":{"rendered":"En mayo, las Jornadas Culturales del RCMM tienen una nueva cita"},"content":{"rendered":"<p>Las Jornadas Culturales del Real Club Mar\u00edtimo de Melilla, que est\u00e1n desarrollando su d\u00e9cimo tercera edici\u00f3n, tienen una nueva cita programada para el pr\u00f3ximo mes de mayo. En concreto, el viernes 29 tendr\u00e1 lugar una conferencia a cargo de Daniel Dom\u00e9nec Mu\u00f1oz, bajo el t\u00edtulo \u201c100 a\u00f1os de las gestas de Aire: Plus Ultra, Escuadrilla Elcano y Patrulla Atl\u00e1ntica\u201d.<br \/>\nEsta iniciativa, ya plenamente consolidada dentro de la agenda cultural de la ciudad, contin\u00faa apostando por la divulgaci\u00f3n de temas variados y de inter\u00e9s. En esta ocasi\u00f3n, la propuesta se centra en profundizar en tres hitos hist\u00f3ricos de la aviaci\u00f3n espa\u00f1ola que marcaron un antes y un despu\u00e9s en el panorama internacional, coincidiendo con el centenario de estas gestas a\u00e9reas.<br \/>\nLa conferencia permitir\u00e1 a los asistentes conocer en detalle las haza\u00f1as del vuelo del Plus Ultra, la Escuadrilla Elcano y la Patrulla Atl\u00e1ntica, episodios que situaron a Espa\u00f1a en un lugar destacado dentro de la historia de la aeron\u00e1utica mundial.<br \/>\nLas Jornadas Culturales, dirigidas por el directivo Juan Bellver, contin\u00faan as\u00ed reforzando su papel como espacio de encuentro y reflexi\u00f3n cultural en Melilla, adelantando ya esta destacada cita para el mes de mayo.<\/p>\n","protected":false},"excerpt":{"rendered":"<p>Las Jornadas Culturales del Real Club Mar\u00edtimo de Melilla, que est\u00e1n desarrollando su d\u00e9cimo tercera edici\u00f3n, tienen una nueva cita programada para el pr\u00f3ximo mes de mayo. En concreto, el viernes 29 tendr\u00e1 lugar una conferencia a cargo de Daniel Dom\u00e9nec Mu\u00f1oz, bajo el t\u00edtulo \u201c100 a\u00f1os de las gestas de Aire: Plus Ultra, Escuadrilla [&hellip;]<\/p>\n","protected":false},"author":1,"featured_media":27740,"comment_status":"open","ping_status":"open","sticky":false,"template":"","format":"standard","meta":{"_acf_changed":false,"footnotes":""},"categories":[1],"tags":[],"class_list":["post-27739","post","type-post","status-publish","format-standard","has-post-thumbnail","hentry","category-sin-categoria"],"acf":[],"yoast_head":"<!-- This site is optimized with the Yoast SEO plugin v27.5 - https:\/\/yoast.com\/product\/yoast-seo-wordpress\/ -->\n<title>En mayo, las Jornadas Culturales del RCMM tienen una nueva cita - Real Club Mar\u00edtimo de Melilla<\/title>\n<meta name=\"description\" content=\"En mayo, las Jornadas Culturales del RCMM tienen una nueva cita -\" \/>\n<meta name=\"robots\" content=\"index, follow, max-snippet:-1, max-image-preview:large, max-video-preview:-1\" \/>\n<link rel=\"canonical\" href=\"https:\/\/www.realclubmaritimomelilla.es\/clmar\/en-mayo-las-jornadas-culturales-del-rcmm-tienen-una-nueva-cita\/\" \/>\n<meta property=\"og:locale\" content=\"es_ES\" \/>\n<meta property=\"og:type\" content=\"article\" \/>\n<meta property=\"og:title\" content=\"En mayo, las Jornadas Culturales del RCMM tienen una nueva cita - Real Club Mar\u00edtimo de Melilla\" \/>\n<meta property=\"og:description\" content=\"En mayo, las Jornadas Culturales del RCMM tienen una nueva cita -\" \/>\n<meta property=\"og:url\" content=\"https:\/\/www.realclubmaritimomelilla.es\/clmar\/en-mayo-las-jornadas-culturales-del-rcmm-tienen-una-nueva-cita\/\" \/>\n<meta property=\"og:site_name\" content=\"Real Club Mar\u00edtimo de Melilla\" \/>\n<meta property=\"article:publisher\" content=\"https:\/\/www.facebook.com\/Real-Club-Mar%c3%adtimo-de-Melilla-588495841234214\/\" \/>\n<meta property=\"article:published_time\" content=\"2026-04-30T12:24:21+00:00\" \/>\n<meta property=\"og:image\" content=\"https:\/\/www.realclubmaritimomelilla.es\/clmar\/wp-content\/uploads\/cartel-conferencia-3.webp\" \/>\n\t<meta property=\"og:image:width\" content=\"635\" \/>\n\t<meta property=\"og:image:height\" content=\"900\" \/>\n\t<meta property=\"og:image:type\" content=\"image\/jpeg\" \/>\n<meta name=\"author\" content=\"RCMMelilla\" \/>\n<meta name=\"twitter:card\" content=\"summary_large_image\" \/>\n<meta name=\"twitter:creator\" content=\"@nauticarcmm\" \/>\n<meta name=\"twitter:site\" content=\"@nauticarcmm\" \/>\n<meta name=\"twitter:label1\" content=\"Escrito por\" \/>\n\t<meta name=\"twitter:data1\" content=\"RCMMelilla\" \/>\n<script type=\"application\/ld+json\" class=\"yoast-schema-graph\">{\"@context\":\"https:\\\/\\\/schema.org\",\"@graph\":[{\"@type\":\"Article\",\"@id\":\"https:\\\/\\\/www.realclubmaritimomelilla.es\\\/clmar\\\/en-mayo-las-jornadas-culturales-del-rcmm-tienen-una-nueva-cita\\\/#article\",\"isPartOf\":{\"@id\":\"https:\\\/\\\/www.realclubmaritimomelilla.es\\\/clmar\\\/en-mayo-las-jornadas-culturales-del-rcmm-tienen-una-nueva-cita\\\/\"},\"author\":{\"name\":\"RCMMelilla\",\"@id\":\"https:\\\/\\\/www.realclubmaritimomelilla.es\\\/clmar\\\/#\\\/schema\\\/person\\\/ebaa3713496dc6d48c872452e73a8e79\"},\"headline\":\"En mayo, las Jornadas Culturales del RCMM tienen una nueva cita\",\"datePublished\":\"2026-04-30T12:24:21+00:00\",\"mainEntityOfPage\":{\"@id\":\"https:\\\/\\\/www.realclubmaritimomelilla.es\\\/clmar\\\/en-mayo-las-jornadas-culturales-del-rcmm-tienen-una-nueva-cita\\\/\"},\"wordCount\":226,\"commentCount\":0,\"publisher\":{\"@id\":\"https:\\\/\\\/www.realclubmaritimomelilla.es\\\/clmar\\\/#organization\"},\"image\":{\"@id\":\"https:\\\/\\\/www.realclubmaritimomelilla.es\\\/clmar\\\/en-mayo-las-jornadas-culturales-del-rcmm-tienen-una-nueva-cita\\\/#primaryimage\"},\"thumbnailUrl\":\"https:\\\/\\\/www.realclubmaritimomelilla.es\\\/clmar\\\/wp-content\\\/uploads\\\/cartel-conferencia-3.webp\",\"inLanguage\":\"es\",\"potentialAction\":[{\"@type\":\"CommentAction\",\"name\":\"Comment\",\"target\":[\"https:\\\/\\\/www.realclubmaritimomelilla.es\\\/clmar\\\/en-mayo-las-jornadas-culturales-del-rcmm-tienen-una-nueva-cita\\\/#respond\"]}]},{\"@type\":\"WebPage\",\"@id\":\"https:\\\/\\\/www.realclubmaritimomelilla.es\\\/clmar\\\/en-mayo-las-jornadas-culturales-del-rcmm-tienen-una-nueva-cita\\\/\",\"url\":\"https:\\\/\\\/www.realclubmaritimomelilla.es\\\/clmar\\\/en-mayo-las-jornadas-culturales-del-rcmm-tienen-una-nueva-cita\\\/\",\"name\":\"En mayo, las Jornadas Culturales del RCMM tienen una nueva cita - Real Club Mar\u00edtimo de Melilla\",\"isPartOf\":{\"@id\":\"https:\\\/\\\/www.realclubmaritimomelilla.es\\\/clmar\\\/#website\"},\"primaryImageOfPage\":{\"@id\":\"https:\\\/\\\/www.realclubmaritimomelilla.es\\\/clmar\\\/en-mayo-las-jornadas-culturales-del-rcmm-tienen-una-nueva-cita\\\/#primaryimage\"},\"image\":{\"@id\":\"https:\\\/\\\/www.realclubmaritimomelilla.es\\\/clmar\\\/en-mayo-las-jornadas-culturales-del-rcmm-tienen-una-nueva-cita\\\/#primaryimage\"},\"thumbnailUrl\":\"https:\\\/\\\/www.realclubmaritimomelilla.es\\\/clmar\\\/wp-content\\\/uploads\\\/cartel-conferencia-3.webp\",\"datePublished\":\"2026-04-30T12:24:21+00:00\",\"description\":\"En mayo, las Jornadas Culturales del RCMM tienen una nueva cita -\",\"breadcrumb\":{\"@id\":\"https:\\\/\\\/www.realclubmaritimomelilla.es\\\/clmar\\\/en-mayo-las-jornadas-culturales-del-rcmm-tienen-una-nueva-cita\\\/#breadcrumb\"},\"inLanguage\":\"es\",\"potentialAction\":[{\"@type\":\"ReadAction\",\"target\":[\"https:\\\/\\\/www.realclubmaritimomelilla.es\\\/clmar\\\/en-mayo-las-jornadas-culturales-del-rcmm-tienen-una-nueva-cita\\\/\"]}]},{\"@type\":\"ImageObject\",\"inLanguage\":\"es\",\"@id\":\"https:\\\/\\\/www.realclubmaritimomelilla.es\\\/clmar\\\/en-mayo-las-jornadas-culturales-del-rcmm-tienen-una-nueva-cita\\\/#primaryimage\",\"url\":\"https:\\\/\\\/www.realclubmaritimomelilla.es\\\/clmar\\\/wp-content\\\/uploads\\\/cartel-conferencia-3.webp\",\"contentUrl\":\"https:\\\/\\\/www.realclubmaritimomelilla.es\\\/clmar\\\/wp-content\\\/uploads\\\/cartel-conferencia-3.webp\",\"width\":635,\"height\":900},{\"@type\":\"BreadcrumbList\",\"@id\":\"https:\\\/\\\/www.realclubmaritimomelilla.es\\\/clmar\\\/en-mayo-las-jornadas-culturales-del-rcmm-tienen-una-nueva-cita\\\/#breadcrumb\",\"itemListElement\":[{\"@type\":\"ListItem\",\"position\":1,\"name\":\"Portada\",\"item\":\"https:\\\/\\\/www.realclubmaritimomelilla.es\\\/clmar\\\/\"},{\"@type\":\"ListItem\",\"position\":2,\"name\":\"En mayo, las Jornadas Culturales del RCMM tienen una nueva cita\"}]},{\"@type\":\"WebSite\",\"@id\":\"https:\\\/\\\/www.realclubmaritimomelilla.es\\\/clmar\\\/#website\",\"url\":\"https:\\\/\\\/www.realclubmaritimomelilla.es\\\/clmar\\\/\",\"name\":\"Real Club Mar\u00edtimo de Melilla\",\"description\":\"RCMM\",\"publisher\":{\"@id\":\"https:\\\/\\\/www.realclubmaritimomelilla.es\\\/clmar\\\/#organization\"},\"alternateName\":\"RCMM\",\"potentialAction\":[{\"@type\":\"SearchAction\",\"target\":{\"@type\":\"EntryPoint\",\"urlTemplate\":\"https:\\\/\\\/www.realclubmaritimomelilla.es\\\/clmar\\\/?s={search_term_string}\"},\"query-input\":{\"@type\":\"PropertyValueSpecification\",\"valueRequired\":true,\"valueName\":\"search_term_string\"}}],\"inLanguage\":\"es\"},{\"@type\":\"Organization\",\"@id\":\"https:\\\/\\\/www.realclubmaritimomelilla.es\\\/clmar\\\/#organization\",\"name\":\"Real Club Mar\u00edtimo de Melilla\",\"alternateName\":\"RCMM\",\"url\":\"https:\\\/\\\/www.realclubmaritimomelilla.es\\\/clmar\\\/\",\"logo\":{\"@type\":\"ImageObject\",\"inLanguage\":\"es\",\"@id\":\"https:\\\/\\\/www.realclubmaritimomelilla.es\\\/clmar\\\/#\\\/schema\\\/logo\\\/image\\\/\",\"url\":\"https:\\\/\\\/www.realclubmaritimomelilla.es\\\/clmar\\\/wp-content\\\/uploads\\\/logo-club-original-copia.jpg\",\"contentUrl\":\"https:\\\/\\\/www.realclubmaritimomelilla.es\\\/clmar\\\/wp-content\\\/uploads\\\/logo-club-original-copia.jpg\",\"width\":128,\"height\":89,\"caption\":\"Real Club Mar\u00edtimo de Melilla\"},\"image\":{\"@id\":\"https:\\\/\\\/www.realclubmaritimomelilla.es\\\/clmar\\\/#\\\/schema\\\/logo\\\/image\\\/\"},\"sameAs\":[\"https:\\\/\\\/www.facebook.com\\\/Real-Club-Mar\u00edtimo-de-Melilla-588495841234214\\\/\",\"https:\\\/\\\/x.com\\\/nauticarcmm\",\"https:\\\/\\\/www.instagram.com\\\/club_maritimo_melilla\\\/\",\"https:\\\/\\\/www.youtube.com\\\/@realclubmaritimodemelilla4703\",\"https:\\\/\\\/es.wikipedia.org\\\/wiki\\\/Real_Club_Mar\u00edtimo_de_Melilla\"]},{\"@type\":\"Person\",\"@id\":\"https:\\\/\\\/www.realclubmaritimomelilla.es\\\/clmar\\\/#\\\/schema\\\/person\\\/ebaa3713496dc6d48c872452e73a8e79\",\"name\":\"RCMMelilla\",\"image\":{\"@type\":\"ImageObject\",\"inLanguage\":\"es\",\"@id\":\"https:\\\/\\\/secure.gravatar.com\\\/avatar\\\/df1c24789360fb9308735c4ee556fc2bc5bf924bf01e53043b8b97ba272da33c?s=96&d=mm&r=g\",\"url\":\"https:\\\/\\\/secure.gravatar.com\\\/avatar\\\/df1c24789360fb9308735c4ee556fc2bc5bf924bf01e53043b8b97ba272da33c?s=96&d=mm&r=g\",\"contentUrl\":\"https:\\\/\\\/secure.gravatar.com\\\/avatar\\\/df1c24789360fb9308735c4ee556fc2bc5bf924bf01e53043b8b97ba272da33c?s=96&d=mm&r=g\",\"caption\":\"RCMMelilla\"}}]}<\/script>\n<!-- \/ Yoast SEO plugin. -->","yoast_head_json":{"title":"En mayo, las Jornadas Culturales del RCMM tienen una nueva cita - Real Club Mar\u00edtimo de Melilla","description":"En mayo, las Jornadas Culturales del RCMM tienen una nueva cita -","robots":{"index":"index","follow":"follow","max-snippet":"max-snippet:-1","max-image-preview":"max-image-preview:large","max-video-preview":"max-video-preview:-1"},"canonical":"https:\/\/www.realclubmaritimomelilla.es\/clmar\/en-mayo-las-jornadas-culturales-del-rcmm-tienen-una-nueva-cita\/","og_locale":"es_ES","og_type":"article","og_title":"En mayo, las Jornadas Culturales del RCMM tienen una nueva cita - Real Club Mar\u00edtimo de Melilla","og_description":"En mayo, las Jornadas Culturales del RCMM tienen una nueva cita -","og_url":"https:\/\/www.realclubmaritimomelilla.es\/clmar\/en-mayo-las-jornadas-culturales-del-rcmm-tienen-una-nueva-cita\/","og_site_name":"Real Club Mar\u00edtimo de Melilla","article_publisher":"https:\/\/www.facebook.com\/Real-Club-Mar%c3%adtimo-de-Melilla-588495841234214\/","article_published_time":"2026-04-30T12:24:21+00:00","og_image":[{"width":635,"height":900,"url":"https:\/\/www.realclubmaritimomelilla.es\/clmar\/wp-content\/uploads\/cartel-conferencia-3.webp","type":"image\/jpeg"}],"author":"RCMMelilla","twitter_card":"summary_large_image","twitter_creator":"@nauticarcmm","twitter_site":"@nauticarcmm","twitter_misc":{"Escrito por":"RCMMelilla"},"schema":{"@context":"https:\/\/schema.org","@graph":[{"@type":"Article","@id":"https:\/\/www.realclubmaritimomelilla.es\/clmar\/en-mayo-las-jornadas-culturales-del-rcmm-tienen-una-nueva-cita\/#article","isPartOf":{"@id":"https:\/\/www.realclubmaritimomelilla.es\/clmar\/en-mayo-las-jornadas-culturales-del-rcmm-tienen-una-nueva-cita\/"},"author":{"name":"RCMMelilla","@id":"https:\/\/www.realclubmaritimomelilla.es\/clmar\/#\/schema\/person\/ebaa3713496dc6d48c872452e73a8e79"},"headline":"En mayo, las Jornadas Culturales del RCMM tienen una nueva cita","datePublished":"2026-04-30T12:24:21+00:00","mainEntityOfPage":{"@id":"https:\/\/www.realclubmaritimomelilla.es\/clmar\/en-mayo-las-jornadas-culturales-del-rcmm-tienen-una-nueva-cita\/"},"wordCount":226,"commentCount":0,"publisher":{"@id":"https:\/\/www.realclubmaritimomelilla.es\/clmar\/#organization"},"image":{"@id":"https:\/\/www.realclubmaritimomelilla.es\/clmar\/en-mayo-las-jornadas-culturales-del-rcmm-tienen-una-nueva-cita\/#primaryimage"},"thumbnailUrl":"https:\/\/www.realclubmaritimomelilla.es\/clmar\/wp-content\/uploads\/cartel-conferencia-3.webp","inLanguage":"es","potentialAction":[{"@type":"CommentAction","name":"Comment","target":["https:\/\/www.realclubmaritimomelilla.es\/clmar\/en-mayo-las-jornadas-culturales-del-rcmm-tienen-una-nueva-cita\/#respond"]}]},{"@type":"WebPage","@id":"https:\/\/www.realclubmaritimomelilla.es\/clmar\/en-mayo-las-jornadas-culturales-del-rcmm-tienen-una-nueva-cita\/","url":"https:\/\/www.realclubmaritimomelilla.es\/clmar\/en-mayo-las-jornadas-culturales-del-rcmm-tienen-una-nueva-cita\/","name":"En mayo, las Jornadas Culturales del RCMM tienen una nueva cita - Real Club Mar\u00edtimo de Melilla","isPartOf":{"@id":"https:\/\/www.realclubmaritimomelilla.es\/clmar\/#website"},"primaryImageOfPage":{"@id":"https:\/\/www.realclubmaritimomelilla.es\/clmar\/en-mayo-las-jornadas-culturales-del-rcmm-tienen-una-nueva-cita\/#primaryimage"},"image":{"@id":"https:\/\/www.realclubmaritimomelilla.es\/clmar\/en-mayo-las-jornadas-culturales-del-rcmm-tienen-una-nueva-cita\/#primaryimage"},"thumbnailUrl":"https:\/\/www.realclubmaritimomelilla.es\/clmar\/wp-content\/uploads\/cartel-conferencia-3.webp","datePublished":"2026-04-30T12:24:21+00:00","description":"En mayo, las Jornadas Culturales del RCMM tienen una nueva cita -","breadcrumb":{"@id":"https:\/\/www.realclubmaritimomelilla.es\/clmar\/en-mayo-las-jornadas-culturales-del-rcmm-tienen-una-nueva-cita\/#breadcrumb"},"inLanguage":"es","potentialAction":[{"@type":"ReadAction","target":["https:\/\/www.realclubmaritimomelilla.es\/clmar\/en-mayo-las-jornadas-culturales-del-rcmm-tienen-una-nueva-cita\/"]}]},{"@type":"ImageObject","inLanguage":"es","@id":"https:\/\/www.realclubmaritimomelilla.es\/clmar\/en-mayo-las-jornadas-culturales-del-rcmm-tienen-una-nueva-cita\/#primaryimage","url":"https:\/\/www.realclubmaritimomelilla.es\/clmar\/wp-content\/uploads\/cartel-conferencia-3.webp","contentUrl":"https:\/\/www.realclubmaritimomelilla.es\/clmar\/wp-content\/uploads\/cartel-conferencia-3.webp","width":635,"height":900},{"@type":"BreadcrumbList","@id":"https:\/\/www.realclubmaritimomelilla.es\/clmar\/en-mayo-las-jornadas-culturales-del-rcmm-tienen-una-nueva-cita\/#breadcrumb","itemListElement":[{"@type":"ListItem","position":1,"name":"Portada","item":"https:\/\/www.realclubmaritimomelilla.es\/clmar\/"},{"@type":"ListItem","position":2,"name":"En mayo, las Jornadas Culturales del RCMM tienen una nueva cita"}]},{"@type":"WebSite","@id":"https:\/\/www.realclubmaritimomelilla.es\/clmar\/#website","url":"https:\/\/www.realclubmaritimomelilla.es\/clmar\/","name":"Real Club Mar\u00edtimo de Melilla","description":"RCMM","publisher":{"@id":"https:\/\/www.realclubmaritimomelilla.es\/clmar\/#organization"},"alternateName":"RCMM","potentialAction":[{"@type":"SearchAction","target":{"@type":"EntryPoint","urlTemplate":"https:\/\/www.realclubmaritimomelilla.es\/clmar\/?s={search_term_string}"},"query-input":{"@type":"PropertyValueSpecification","valueRequired":true,"valueName":"search_term_string"}}],"inLanguage":"es"},{"@type":"Organization","@id":"https:\/\/www.realclubmaritimomelilla.es\/clmar\/#organization","name":"Real Club Mar\u00edtimo de Melilla","alternateName":"RCMM","url":"https:\/\/www.realclubmaritimomelilla.es\/clmar\/","logo":{"@type":"ImageObject","inLanguage":"es","@id":"https:\/\/www.realclubmaritimomelilla.es\/clmar\/#\/schema\/logo\/image\/","url":"https:\/\/www.realclubmaritimomelilla.es\/clmar\/wp-content\/uploads\/logo-club-original-copia.jpg","contentUrl":"https:\/\/www.realclubmaritimomelilla.es\/clmar\/wp-content\/uploads\/logo-club-original-copia.jpg","width":128,"height":89,"caption":"Real Club Mar\u00edtimo de Melilla"},"image":{"@id":"https:\/\/www.realclubmaritimomelilla.es\/clmar\/#\/schema\/logo\/image\/"},"sameAs":["https:\/\/www.facebook.com\/Real-Club-Mar\u00edtimo-de-Melilla-588495841234214\/","https:\/\/x.com\/nauticarcmm","https:\/\/www.instagram.com\/club_maritimo_melilla\/","https:\/\/www.youtube.com\/@realclubmaritimodemelilla4703","https:\/\/es.wikipedia.org\/wiki\/Real_Club_Mar\u00edtimo_de_Melilla"]},{"@type":"Person","@id":"https:\/\/www.realclubmaritimomelilla.es\/clmar\/#\/schema\/person\/ebaa3713496dc6d48c872452e73a8e79","name":"RCMMelilla","image":{"@type":"ImageObject","inLanguage":"es","@id":"https:\/\/secure.gravatar.com\/avatar\/df1c24789360fb9308735c4ee556fc2bc5bf924bf01e53043b8b97ba272da33c?s=96&d=mm&r=g","url":"https:\/\/secure.gravatar.com\/avatar\/df1c24789360fb9308735c4ee556fc2bc5bf924bf01e53043b8b97ba272da33c?s=96&d=mm&r=g","contentUrl":"https:\/\/secure.gravatar.com\/avatar\/df1c24789360fb9308735c4ee556fc2bc5bf924bf01e53043b8b97ba272da33c?s=96&d=mm&r=g","caption":"RCMMelilla"}}]}},"_links":{"self":[{"href":"https:\/\/www.realclubmaritimomelilla.es\/clmar\/wp-json\/wp\/v2\/posts\/27739","targetHints":{"allow":["GET"]}}],"collection":[{"href":"https:\/\/www.realclubmaritimomelilla.es\/clmar\/wp-json\/wp\/v2\/posts"}],"about":[{"href":"https:\/\/www.realclubmaritimomelilla.es\/clmar\/wp-json\/wp\/v2\/types\/post"}],"author":[{"embeddable":true,"href":"https:\/\/www.realclubmaritimomelilla.es\/clmar\/wp-json\/wp\/v2\/users\/1"}],"replies":[{"embeddable":true,"href":"https:\/\/www.realclubmaritimomelilla.es\/clmar\/wp-json\/wp\/v2\/comments?post=27739"}],"version-history":[{"count":1,"href":"https:\/\/www.realclubmaritimomelilla.es\/clmar\/wp-json\/wp\/v2\/posts\/27739\/revisions"}],"predecessor-version":[{"id":27741,"href":"https:\/\/www.realclubmaritimomelilla.es\/clmar\/wp-json\/wp\/v2\/posts\/27739\/revisions\/27741"}],"wp:featuredmedia":[{"embeddable":true,"href":"https:\/\/www.realclubmaritimomelilla.es\/clmar\/wp-json\/wp\/v2\/media\/27740"}],"wp:attachment":[{"href":"https:\/\/www.realclubmaritimomelilla.es\/clmar\/wp-json\/wp\/v2\/media?parent=27739"}],"wp:term":[{"taxonomy":"category","embeddable":true,"href":"https:\/\/www.realclubmaritimomelilla.es\/clmar\/wp-json\/wp\/v2\/categories?post=27739"},{"taxonomy":"post_tag","embeddable":true,"href":"https:\/\/www.realclubmaritimomelilla.es\/clmar\/wp-json\/wp\/v2\/tags?post=27739"}],"curies":[{"name":"wp","href":"https:\/\/api.w.org\/{rel}","templated":true}]}}