{"id":27710,"date":"2026-04-26T22:06:48","date_gmt":"2026-04-26T20:06:48","guid":{"rendered":"https:\/\/www.realclubmaritimomelilla.es\/clmar\/?p=27710"},"modified":"2026-04-26T22:06:48","modified_gmt":"2026-04-26T20:06:48","slug":"la-entrega-de-premios-pone-punto-y-final-al-campeonato-de-espana-ilca6-en-melilla","status":"publish","type":"post","link":"https:\/\/www.realclubmaritimomelilla.es\/clmar\/la-entrega-de-premios-pone-punto-y-final-al-campeonato-de-espana-ilca6-en-melilla\/","title":{"rendered":"LA ENTREGA DE PREMIOS PONE PUNTO Y FINAL AL CAMPEONATO DE ESPA\u00d1A ILCA6\u00a0EN MELILLA"},"content":{"rendered":"<p>La ciudad de Melilla ha puesto este domingo el broche final al Campeonato de Espa\u00f1a de ILCA 6, celebrado entre los d\u00edas 22 y 26 de abril, con la participaci\u00f3n de cerca de un centenar de regatistas procedentes de nueve comunidades aut\u00f3nomas.<br \/>\nLa competici\u00f3n, de car\u00e1cter oficial bajo el paraguas de la Real Federaci\u00f3n Espa\u00f1ola de Vela, ha estado organizada por el Real Club Mar\u00edtimo de Melilla en colaboraci\u00f3n con la Consejer\u00eda de Deportes de la ciudad aut\u00f3noma.<\/p>\n<p>La ceremonia de clausura y entrega de trofeos tuvo lugar en las instalaciones del club anfitri\u00f3n, en un acto que cont\u00f3 con una amplia representaci\u00f3n institucional. Junto al consejero de Deportes, Miguel \u00c1ngel Fern\u00e1ndez, y el presidente del RCMM, Jer\u00f3nimo P\u00e9rez, asistieron el comandante general, Luis Cort\u00e9s; el senador Fernando Guti\u00e9rrez; el presidente de la Autoridad Portuaria, Manuel \u00c1ngel Quevedo; el jefe superior de la Polic\u00eda Nacional en Melilla, Juan de Dios Piedra; el coronel de la Delegaci\u00f3n de Defensa, Jes\u00fas Dami\u00e1n Gonz\u00e1lez de Quevedo; el director general de Pol\u00edtica Deportiva, \u00c1ngel Guerrero; y una representaci\u00f3n de la directiva del club, encabezada por su vicepresidente, Rafael Imbroda.<\/p>\n<p>En el apartado deportivo, la Federaci\u00f3n otorg\u00f3 la placa de campeona de Espa\u00f1a por autonom\u00edas a la Federaci\u00f3n Balear, que firm\u00f3 la mejor actuaci\u00f3n global del campeonato. A nivel individual, el regatista balear Nikko Palou fue uno de los grandes protagonistas al proclamarse campe\u00f3n absoluto y Sub19.<\/p>\n<p>En categor\u00eda femenina, la regatista de la Comunidad Valenciana Irene de Tom\u00e1s se alz\u00f3 con los t\u00edtulos de campeona absoluta y Sub21, mientras que su compa\u00f1era Blanca Ferrando fue reconocida como la mejor Sub19 de Espa\u00f1a.<\/p>\n<p>Tambi\u00e9n se entregaron los trofeos por categor\u00edas. En Sub17 femenino, el podio estuvo formado por Cristina Guill\u00e9n (Catalu\u00f1a), Francisca Puig (Baleares) y Marta Ferrando (Comunidad Valenciana). En masculino, los tres primeros puestos fueron para Nikko Palou (Baleares), \u00c1ngel Pe\u00f1alver (Regi\u00f3n de Murcia) y Liam Woods (Comunidad Valenciana).<\/p>\n<p>En Sub19, Blanca Ferrando y Nikko Palou lideraron la clasificaci\u00f3n, completando el podio femenino Luc\u00eda Salas (Baleares) y Cristina Guill\u00e9n, mientras que en masculino lo hicieron David Sales (Cantabria) y Juan Bennassar (Baleares).<\/p>\n<p>Finalmente, en las categor\u00edas Sub21 y Absoluta, Irene de Tom\u00e1s y Nikko Palou confirmaron su dominio, cerrando un campeonato que ha destacado por su alto nivel competitivo y la excelente organizaci\u00f3n en aguas melillenses.<br \/>\n\n\t\t<style type=\"text\/css\">\n\t\t\t#gallery-1 {\n\t\t\t\tmargin: auto;\n\t\t\t}\n\t\t\t#gallery-1 .gallery-item {\n\t\t\t\tfloat: left;\n\t\t\t\tmargin-top: 10px;\n\t\t\t\ttext-align: center;\n\t\t\t\twidth: 33%;\n\t\t\t}\n\t\t\t#gallery-1 img {\n\t\t\t\tborder: 2px solid #cfcfcf;\n\t\t\t}\n\t\t\t#gallery-1 .gallery-caption {\n\t\t\t\tmargin-left: 0;\n\t\t\t}\n\t\t\t\/* see gallery_shortcode() in wp-includes\/media.php *\/\n\t\t<\/style>\n\t\t<div id='gallery-1' class='gallery galleryid-27710 gallery-columns-3 gallery-size-full'><dl class='gallery-item'>\n\t\t\t<dt class='gallery-icon landscape'>\n\t\t\t\t<a data-rel=\"iLightbox[postimages]\" data-title=\"ABSOLUTO FEMENINO\" data-caption=\"\" href='https:\/\/www.realclubmaritimomelilla.es\/clmar\/la-entrega-de-premios-pone-punto-y-final-al-campeonato-de-espana-ilca6-en-melilla\/absoluto-femenino\/'><img decoding=\"async\" width=\"1417\" height=\"1053\" src=\"https:\/\/www.realclubmaritimomelilla.es\/clmar\/wp-content\/uploads\/ABSOLUTO-FEMENINO.webp\" class=\"attachment-full size-full\" alt=\"\" srcset=\"https:\/\/www.realclubmaritimomelilla.es\/clmar\/wp-content\/uploads\/ABSOLUTO-FEMENINO-200x149.webp 200w, https:\/\/www.realclubmaritimomelilla.es\/clmar\/wp-content\/uploads\/ABSOLUTO-FEMENINO-300x223.webp 300w, https:\/\/www.realclubmaritimomelilla.es\/clmar\/wp-content\/uploads\/ABSOLUTO-FEMENINO-400x297.webp 400w, https:\/\/www.realclubmaritimomelilla.es\/clmar\/wp-content\/uploads\/ABSOLUTO-FEMENINO-600x446.webp 600w, https:\/\/www.realclubmaritimomelilla.es\/clmar\/wp-content\/uploads\/ABSOLUTO-FEMENINO-768x571.webp 768w, https:\/\/www.realclubmaritimomelilla.es\/clmar\/wp-content\/uploads\/ABSOLUTO-FEMENINO-800x594.webp 800w, https:\/\/www.realclubmaritimomelilla.es\/clmar\/wp-content\/uploads\/ABSOLUTO-FEMENINO-1024x761.webp 1024w, https:\/\/www.realclubmaritimomelilla.es\/clmar\/wp-content\/uploads\/ABSOLUTO-FEMENINO-1200x892.webp 1200w, https:\/\/www.realclubmaritimomelilla.es\/clmar\/wp-content\/uploads\/ABSOLUTO-FEMENINO.webp 1417w\" sizes=\"(max-width: 1417px) 100vw, 1417px\" \/><\/a>\n\t\t\t<\/dt><\/dl><dl class='gallery-item'>\n\t\t\t<dt class='gallery-icon landscape'>\n\t\t\t\t<a data-rel=\"iLightbox[postimages]\" data-title=\"ABSOLUTO MASCULINO\" data-caption=\"\" href='https:\/\/www.realclubmaritimomelilla.es\/clmar\/la-entrega-de-premios-pone-punto-y-final-al-campeonato-de-espana-ilca6-en-melilla\/absoluto-masculino\/'><img decoding=\"async\" width=\"1417\" height=\"963\" src=\"https:\/\/www.realclubmaritimomelilla.es\/clmar\/wp-content\/uploads\/ABSOLUTO-MASCULINO.webp\" class=\"attachment-full size-full\" alt=\"\" srcset=\"https:\/\/www.realclubmaritimomelilla.es\/clmar\/wp-content\/uploads\/ABSOLUTO-MASCULINO-200x136.webp 200w, https:\/\/www.realclubmaritimomelilla.es\/clmar\/wp-content\/uploads\/ABSOLUTO-MASCULINO-300x204.webp 300w, https:\/\/www.realclubmaritimomelilla.es\/clmar\/wp-content\/uploads\/ABSOLUTO-MASCULINO-400x272.webp 400w, https:\/\/www.realclubmaritimomelilla.es\/clmar\/wp-content\/uploads\/ABSOLUTO-MASCULINO-600x408.webp 600w, https:\/\/www.realclubmaritimomelilla.es\/clmar\/wp-content\/uploads\/ABSOLUTO-MASCULINO-768x522.webp 768w, https:\/\/www.realclubmaritimomelilla.es\/clmar\/wp-content\/uploads\/ABSOLUTO-MASCULINO-800x544.webp 800w, https:\/\/www.realclubmaritimomelilla.es\/clmar\/wp-content\/uploads\/ABSOLUTO-MASCULINO-1024x696.webp 1024w, https:\/\/www.realclubmaritimomelilla.es\/clmar\/wp-content\/uploads\/ABSOLUTO-MASCULINO-1200x816.webp 1200w, https:\/\/www.realclubmaritimomelilla.es\/clmar\/wp-content\/uploads\/ABSOLUTO-MASCULINO.webp 1417w\" sizes=\"(max-width: 1417px) 100vw, 1417px\" \/><\/a>\n\t\t\t<\/dt><\/dl><dl class='gallery-item'>\n\t\t\t<dt class='gallery-icon landscape'>\n\t\t\t\t<a data-rel=\"iLightbox[postimages]\" data-title=\"CAMPEON DE ESPA\u00d1A POR CCAA\" data-caption=\"\" href='https:\/\/www.realclubmaritimomelilla.es\/clmar\/la-entrega-de-premios-pone-punto-y-final-al-campeonato-de-espana-ilca6-en-melilla\/campeon-de-espana-por-ccaa\/'><img decoding=\"async\" width=\"1417\" height=\"673\" src=\"https:\/\/www.realclubmaritimomelilla.es\/clmar\/wp-content\/uploads\/CAMPEON-DE-ESPANA-POR-CCAA.webp\" class=\"attachment-full size-full\" alt=\"\" srcset=\"https:\/\/www.realclubmaritimomelilla.es\/clmar\/wp-content\/uploads\/CAMPEON-DE-ESPANA-POR-CCAA-200x95.webp 200w, https:\/\/www.realclubmaritimomelilla.es\/clmar\/wp-content\/uploads\/CAMPEON-DE-ESPANA-POR-CCAA-300x142.webp 300w, https:\/\/www.realclubmaritimomelilla.es\/clmar\/wp-content\/uploads\/CAMPEON-DE-ESPANA-POR-CCAA-400x190.webp 400w, https:\/\/www.realclubmaritimomelilla.es\/clmar\/wp-content\/uploads\/CAMPEON-DE-ESPANA-POR-CCAA-600x285.webp 600w, https:\/\/www.realclubmaritimomelilla.es\/clmar\/wp-content\/uploads\/CAMPEON-DE-ESPANA-POR-CCAA-768x365.webp 768w, https:\/\/www.realclubmaritimomelilla.es\/clmar\/wp-content\/uploads\/CAMPEON-DE-ESPANA-POR-CCAA-800x380.webp 800w, https:\/\/www.realclubmaritimomelilla.es\/clmar\/wp-content\/uploads\/CAMPEON-DE-ESPANA-POR-CCAA-1024x486.webp 1024w, https:\/\/www.realclubmaritimomelilla.es\/clmar\/wp-content\/uploads\/CAMPEON-DE-ESPANA-POR-CCAA-1200x570.webp 1200w, https:\/\/www.realclubmaritimomelilla.es\/clmar\/wp-content\/uploads\/CAMPEON-DE-ESPANA-POR-CCAA.webp 1417w\" sizes=\"(max-width: 1417px) 100vw, 1417px\" \/><\/a>\n\t\t\t<\/dt><\/dl><br style=\"clear: both\" \/><dl class='gallery-item'>\n\t\t\t<dt class='gallery-icon landscape'>\n\t\t\t\t<a data-rel=\"iLightbox[postimages]\" data-title=\"CAMPEON ESPA\u00d1A ABSOLUTO\" data-caption=\"\" href='https:\/\/www.realclubmaritimomelilla.es\/clmar\/la-entrega-de-premios-pone-punto-y-final-al-campeonato-de-espana-ilca6-en-melilla\/campeon-espana-absoluto\/'><img decoding=\"async\" width=\"1417\" height=\"989\" src=\"https:\/\/www.realclubmaritimomelilla.es\/clmar\/wp-content\/uploads\/CAMPEON-ESPANA-ABSOLUTO.webp\" class=\"attachment-full size-full\" alt=\"\" srcset=\"https:\/\/www.realclubmaritimomelilla.es\/clmar\/wp-content\/uploads\/CAMPEON-ESPANA-ABSOLUTO-200x140.webp 200w, https:\/\/www.realclubmaritimomelilla.es\/clmar\/wp-content\/uploads\/CAMPEON-ESPANA-ABSOLUTO-300x209.webp 300w, https:\/\/www.realclubmaritimomelilla.es\/clmar\/wp-content\/uploads\/CAMPEON-ESPANA-ABSOLUTO-400x279.webp 400w, https:\/\/www.realclubmaritimomelilla.es\/clmar\/wp-content\/uploads\/CAMPEON-ESPANA-ABSOLUTO-600x419.webp 600w, https:\/\/www.realclubmaritimomelilla.es\/clmar\/wp-content\/uploads\/CAMPEON-ESPANA-ABSOLUTO-768x536.webp 768w, https:\/\/www.realclubmaritimomelilla.es\/clmar\/wp-content\/uploads\/CAMPEON-ESPANA-ABSOLUTO-800x558.webp 800w, https:\/\/www.realclubmaritimomelilla.es\/clmar\/wp-content\/uploads\/CAMPEON-ESPANA-ABSOLUTO-1024x715.webp 1024w, https:\/\/www.realclubmaritimomelilla.es\/clmar\/wp-content\/uploads\/CAMPEON-ESPANA-ABSOLUTO-1200x838.webp 1200w, https:\/\/www.realclubmaritimomelilla.es\/clmar\/wp-content\/uploads\/CAMPEON-ESPANA-ABSOLUTO.webp 1417w\" sizes=\"(max-width: 1417px) 100vw, 1417px\" \/><\/a>\n\t\t\t<\/dt><\/dl><dl class='gallery-item'>\n\t\t\t<dt class='gallery-icon landscape'>\n\t\t\t\t<a data-rel=\"iLightbox[postimages]\" data-title=\"CAMPEON ESPA\u00d1A SUB19\" data-caption=\"\" href='https:\/\/www.realclubmaritimomelilla.es\/clmar\/la-entrega-de-premios-pone-punto-y-final-al-campeonato-de-espana-ilca6-en-melilla\/campeon-espana-sub19\/'><img decoding=\"async\" width=\"1417\" height=\"959\" src=\"https:\/\/www.realclubmaritimomelilla.es\/clmar\/wp-content\/uploads\/CAMPEON-ESPANA-SUB19.webp\" class=\"attachment-full size-full\" alt=\"\" srcset=\"https:\/\/www.realclubmaritimomelilla.es\/clmar\/wp-content\/uploads\/CAMPEON-ESPANA-SUB19-200x135.webp 200w, https:\/\/www.realclubmaritimomelilla.es\/clmar\/wp-content\/uploads\/CAMPEON-ESPANA-SUB19-300x203.webp 300w, https:\/\/www.realclubmaritimomelilla.es\/clmar\/wp-content\/uploads\/CAMPEON-ESPANA-SUB19-400x271.webp 400w, https:\/\/www.realclubmaritimomelilla.es\/clmar\/wp-content\/uploads\/CAMPEON-ESPANA-SUB19-600x406.webp 600w, https:\/\/www.realclubmaritimomelilla.es\/clmar\/wp-content\/uploads\/CAMPEON-ESPANA-SUB19-768x520.webp 768w, https:\/\/www.realclubmaritimomelilla.es\/clmar\/wp-content\/uploads\/CAMPEON-ESPANA-SUB19-800x541.webp 800w, https:\/\/www.realclubmaritimomelilla.es\/clmar\/wp-content\/uploads\/CAMPEON-ESPANA-SUB19-1024x693.webp 1024w, https:\/\/www.realclubmaritimomelilla.es\/clmar\/wp-content\/uploads\/CAMPEON-ESPANA-SUB19-1200x812.webp 1200w, https:\/\/www.realclubmaritimomelilla.es\/clmar\/wp-content\/uploads\/CAMPEON-ESPANA-SUB19.webp 1417w\" sizes=\"(max-width: 1417px) 100vw, 1417px\" \/><\/a>\n\t\t\t<\/dt><\/dl><dl class='gallery-item'>\n\t\t\t<dt class='gallery-icon landscape'>\n\t\t\t\t<a data-rel=\"iLightbox[postimages]\" data-title=\"CAMPEONA ESPA\u00d1A ABSOLUTA\" data-caption=\"\" href='https:\/\/www.realclubmaritimomelilla.es\/clmar\/la-entrega-de-premios-pone-punto-y-final-al-campeonato-de-espana-ilca6-en-melilla\/campeona-espana-absoluta\/'><img decoding=\"async\" width=\"1417\" height=\"954\" src=\"https:\/\/www.realclubmaritimomelilla.es\/clmar\/wp-content\/uploads\/CAMPEONA-ESPANA-ABSOLUTA.webp\" class=\"attachment-full size-full\" alt=\"\" srcset=\"https:\/\/www.realclubmaritimomelilla.es\/clmar\/wp-content\/uploads\/CAMPEONA-ESPANA-ABSOLUTA-200x135.webp 200w, https:\/\/www.realclubmaritimomelilla.es\/clmar\/wp-content\/uploads\/CAMPEONA-ESPANA-ABSOLUTA-300x202.webp 300w, https:\/\/www.realclubmaritimomelilla.es\/clmar\/wp-content\/uploads\/CAMPEONA-ESPANA-ABSOLUTA-400x269.webp 400w, https:\/\/www.realclubmaritimomelilla.es\/clmar\/wp-content\/uploads\/CAMPEONA-ESPANA-ABSOLUTA-600x404.webp 600w, https:\/\/www.realclubmaritimomelilla.es\/clmar\/wp-content\/uploads\/CAMPEONA-ESPANA-ABSOLUTA-768x517.webp 768w, https:\/\/www.realclubmaritimomelilla.es\/clmar\/wp-content\/uploads\/CAMPEONA-ESPANA-ABSOLUTA-800x539.webp 800w, https:\/\/www.realclubmaritimomelilla.es\/clmar\/wp-content\/uploads\/CAMPEONA-ESPANA-ABSOLUTA-1024x689.webp 1024w, https:\/\/www.realclubmaritimomelilla.es\/clmar\/wp-content\/uploads\/CAMPEONA-ESPANA-ABSOLUTA-1200x808.webp 1200w, https:\/\/www.realclubmaritimomelilla.es\/clmar\/wp-content\/uploads\/CAMPEONA-ESPANA-ABSOLUTA.webp 1417w\" sizes=\"(max-width: 1417px) 100vw, 1417px\" \/><\/a>\n\t\t\t<\/dt><\/dl><br style=\"clear: both\" \/><dl class='gallery-item'>\n\t\t\t<dt class='gallery-icon landscape'>\n\t\t\t\t<a data-rel=\"iLightbox[postimages]\" data-title=\"CAMPEONA ESPA\u00d1A SUB19\" data-caption=\"\" href='https:\/\/www.realclubmaritimomelilla.es\/clmar\/la-entrega-de-premios-pone-punto-y-final-al-campeonato-de-espana-ilca6-en-melilla\/campeona-espana-sub19\/'><img decoding=\"async\" width=\"1417\" height=\"930\" src=\"https:\/\/www.realclubmaritimomelilla.es\/clmar\/wp-content\/uploads\/CAMPEONA-ESPANA-SUB19.webp\" class=\"attachment-full size-full\" alt=\"\" srcset=\"https:\/\/www.realclubmaritimomelilla.es\/clmar\/wp-content\/uploads\/CAMPEONA-ESPANA-SUB19-200x131.webp 200w, https:\/\/www.realclubmaritimomelilla.es\/clmar\/wp-content\/uploads\/CAMPEONA-ESPANA-SUB19-300x197.webp 300w, https:\/\/www.realclubmaritimomelilla.es\/clmar\/wp-content\/uploads\/CAMPEONA-ESPANA-SUB19-400x263.webp 400w, https:\/\/www.realclubmaritimomelilla.es\/clmar\/wp-content\/uploads\/CAMPEONA-ESPANA-SUB19-600x394.webp 600w, https:\/\/www.realclubmaritimomelilla.es\/clmar\/wp-content\/uploads\/CAMPEONA-ESPANA-SUB19-768x504.webp 768w, https:\/\/www.realclubmaritimomelilla.es\/clmar\/wp-content\/uploads\/CAMPEONA-ESPANA-SUB19-800x525.webp 800w, https:\/\/www.realclubmaritimomelilla.es\/clmar\/wp-content\/uploads\/CAMPEONA-ESPANA-SUB19-1024x672.webp 1024w, https:\/\/www.realclubmaritimomelilla.es\/clmar\/wp-content\/uploads\/CAMPEONA-ESPANA-SUB19-1200x788.webp 1200w, https:\/\/www.realclubmaritimomelilla.es\/clmar\/wp-content\/uploads\/CAMPEONA-ESPANA-SUB19.webp 1417w\" sizes=\"(max-width: 1417px) 100vw, 1417px\" \/><\/a>\n\t\t\t<\/dt><\/dl><dl class='gallery-item'>\n\t\t\t<dt class='gallery-icon landscape'>\n\t\t\t\t<a data-rel=\"iLightbox[postimages]\" data-title=\"CAMPEONA ESPA\u00d1A SUB21\" data-caption=\"\" href='https:\/\/www.realclubmaritimomelilla.es\/clmar\/la-entrega-de-premios-pone-punto-y-final-al-campeonato-de-espana-ilca6-en-melilla\/campeona-espana-sub21\/'><img decoding=\"async\" width=\"850\" height=\"575\" src=\"https:\/\/www.realclubmaritimomelilla.es\/clmar\/wp-content\/uploads\/CAMPEONA-ESPANA-SUB21.webp\" class=\"attachment-full size-full\" alt=\"\" srcset=\"https:\/\/www.realclubmaritimomelilla.es\/clmar\/wp-content\/uploads\/CAMPEONA-ESPANA-SUB21-200x135.webp 200w, https:\/\/www.realclubmaritimomelilla.es\/clmar\/wp-content\/uploads\/CAMPEONA-ESPANA-SUB21-300x203.webp 300w, https:\/\/www.realclubmaritimomelilla.es\/clmar\/wp-content\/uploads\/CAMPEONA-ESPANA-SUB21-400x271.webp 400w, https:\/\/www.realclubmaritimomelilla.es\/clmar\/wp-content\/uploads\/CAMPEONA-ESPANA-SUB21-600x406.webp 600w, https:\/\/www.realclubmaritimomelilla.es\/clmar\/wp-content\/uploads\/CAMPEONA-ESPANA-SUB21-768x520.webp 768w, https:\/\/www.realclubmaritimomelilla.es\/clmar\/wp-content\/uploads\/CAMPEONA-ESPANA-SUB21-800x541.webp 800w, https:\/\/www.realclubmaritimomelilla.es\/clmar\/wp-content\/uploads\/CAMPEONA-ESPANA-SUB21.webp 850w\" sizes=\"(max-width: 850px) 100vw, 850px\" \/><\/a>\n\t\t\t<\/dt><\/dl><dl class='gallery-item'>\n\t\t\t<dt class='gallery-icon landscape'>\n\t\t\t\t<a data-rel=\"iLightbox[postimages]\" data-title=\"CONSEJERO DEPORTES\" data-caption=\"\" href='https:\/\/www.realclubmaritimomelilla.es\/clmar\/la-entrega-de-premios-pone-punto-y-final-al-campeonato-de-espana-ilca6-en-melilla\/consejero-deportes\/'><img decoding=\"async\" width=\"1417\" height=\"947\" src=\"https:\/\/www.realclubmaritimomelilla.es\/clmar\/wp-content\/uploads\/CONSEJERO-DEPORTES.webp\" class=\"attachment-full size-full\" alt=\"\" srcset=\"https:\/\/www.realclubmaritimomelilla.es\/clmar\/wp-content\/uploads\/CONSEJERO-DEPORTES-200x134.webp 200w, https:\/\/www.realclubmaritimomelilla.es\/clmar\/wp-content\/uploads\/CONSEJERO-DEPORTES-300x200.webp 300w, https:\/\/www.realclubmaritimomelilla.es\/clmar\/wp-content\/uploads\/CONSEJERO-DEPORTES-400x267.webp 400w, https:\/\/www.realclubmaritimomelilla.es\/clmar\/wp-content\/uploads\/CONSEJERO-DEPORTES-600x401.webp 600w, https:\/\/www.realclubmaritimomelilla.es\/clmar\/wp-content\/uploads\/CONSEJERO-DEPORTES-768x513.webp 768w, https:\/\/www.realclubmaritimomelilla.es\/clmar\/wp-content\/uploads\/CONSEJERO-DEPORTES-800x535.webp 800w, https:\/\/www.realclubmaritimomelilla.es\/clmar\/wp-content\/uploads\/CONSEJERO-DEPORTES-1024x684.webp 1024w, https:\/\/www.realclubmaritimomelilla.es\/clmar\/wp-content\/uploads\/CONSEJERO-DEPORTES-1200x802.webp 1200w, https:\/\/www.realclubmaritimomelilla.es\/clmar\/wp-content\/uploads\/CONSEJERO-DEPORTES.webp 1417w\" sizes=\"(max-width: 1417px) 100vw, 1417px\" \/><\/a>\n\t\t\t<\/dt><\/dl><br style=\"clear: both\" \/><dl class='gallery-item'>\n\t\t\t<dt class='gallery-icon landscape'>\n\t\t\t\t<a data-rel=\"iLightbox[postimages]\" data-title=\"PREMIADOS\" data-caption=\"\" href='https:\/\/www.realclubmaritimomelilla.es\/clmar\/la-entrega-de-premios-pone-punto-y-final-al-campeonato-de-espana-ilca6-en-melilla\/premiados-3\/'><img decoding=\"async\" width=\"1417\" height=\"725\" src=\"https:\/\/www.realclubmaritimomelilla.es\/clmar\/wp-content\/uploads\/PREMIADOS-1.webp\" class=\"attachment-full size-full\" alt=\"\" srcset=\"https:\/\/www.realclubmaritimomelilla.es\/clmar\/wp-content\/uploads\/PREMIADOS-1-200x102.webp 200w, https:\/\/www.realclubmaritimomelilla.es\/clmar\/wp-content\/uploads\/PREMIADOS-1-300x153.webp 300w, https:\/\/www.realclubmaritimomelilla.es\/clmar\/wp-content\/uploads\/PREMIADOS-1-400x205.webp 400w, https:\/\/www.realclubmaritimomelilla.es\/clmar\/wp-content\/uploads\/PREMIADOS-1-600x307.webp 600w, https:\/\/www.realclubmaritimomelilla.es\/clmar\/wp-content\/uploads\/PREMIADOS-1-768x393.webp 768w, https:\/\/www.realclubmaritimomelilla.es\/clmar\/wp-content\/uploads\/PREMIADOS-1-800x409.webp 800w, https:\/\/www.realclubmaritimomelilla.es\/clmar\/wp-content\/uploads\/PREMIADOS-1-1024x524.webp 1024w, https:\/\/www.realclubmaritimomelilla.es\/clmar\/wp-content\/uploads\/PREMIADOS-1-1200x614.webp 1200w, https:\/\/www.realclubmaritimomelilla.es\/clmar\/wp-content\/uploads\/PREMIADOS-1.webp 1417w\" sizes=\"(max-width: 1417px) 100vw, 1417px\" \/><\/a>\n\t\t\t<\/dt><\/dl><dl class='gallery-item'>\n\t\t\t<dt class='gallery-icon landscape'>\n\t\t\t\t<a data-rel=\"iLightbox[postimages]\" data-title=\"PRESIDENTE RCMM\" data-caption=\"\" href='https:\/\/www.realclubmaritimomelilla.es\/clmar\/la-entrega-de-premios-pone-punto-y-final-al-campeonato-de-espana-ilca6-en-melilla\/presidente-rcmm-4\/'><img decoding=\"async\" width=\"1417\" height=\"1001\" src=\"https:\/\/www.realclubmaritimomelilla.es\/clmar\/wp-content\/uploads\/PRESIDENTE-RCMM-3.webp\" class=\"attachment-full size-full\" alt=\"\" srcset=\"https:\/\/www.realclubmaritimomelilla.es\/clmar\/wp-content\/uploads\/PRESIDENTE-RCMM-3-200x141.webp 200w, https:\/\/www.realclubmaritimomelilla.es\/clmar\/wp-content\/uploads\/PRESIDENTE-RCMM-3-300x212.webp 300w, https:\/\/www.realclubmaritimomelilla.es\/clmar\/wp-content\/uploads\/PRESIDENTE-RCMM-3-400x283.webp 400w, https:\/\/www.realclubmaritimomelilla.es\/clmar\/wp-content\/uploads\/PRESIDENTE-RCMM-3-600x424.webp 600w, https:\/\/www.realclubmaritimomelilla.es\/clmar\/wp-content\/uploads\/PRESIDENTE-RCMM-3-768x543.webp 768w, https:\/\/www.realclubmaritimomelilla.es\/clmar\/wp-content\/uploads\/PRESIDENTE-RCMM-3-800x565.webp 800w, https:\/\/www.realclubmaritimomelilla.es\/clmar\/wp-content\/uploads\/PRESIDENTE-RCMM-3-1024x723.webp 1024w, https:\/\/www.realclubmaritimomelilla.es\/clmar\/wp-content\/uploads\/PRESIDENTE-RCMM-3-1200x848.webp 1200w, https:\/\/www.realclubmaritimomelilla.es\/clmar\/wp-content\/uploads\/PRESIDENTE-RCMM-3.webp 1417w\" sizes=\"(max-width: 1417px) 100vw, 1417px\" \/><\/a>\n\t\t\t<\/dt><\/dl><dl class='gallery-item'>\n\t\t\t<dt class='gallery-icon landscape'>\n\t\t\t\t<a data-rel=\"iLightbox[postimages]\" data-title=\"SUB17 FEMENINO\" data-caption=\"\" href='https:\/\/www.realclubmaritimomelilla.es\/clmar\/la-entrega-de-premios-pone-punto-y-final-al-campeonato-de-espana-ilca6-en-melilla\/sub17-femenino\/'><img decoding=\"async\" width=\"1417\" height=\"982\" src=\"https:\/\/www.realclubmaritimomelilla.es\/clmar\/wp-content\/uploads\/SUB17-FEMENINO.webp\" class=\"attachment-full size-full\" alt=\"\" srcset=\"https:\/\/www.realclubmaritimomelilla.es\/clmar\/wp-content\/uploads\/SUB17-FEMENINO-200x139.webp 200w, https:\/\/www.realclubmaritimomelilla.es\/clmar\/wp-content\/uploads\/SUB17-FEMENINO-300x208.webp 300w, https:\/\/www.realclubmaritimomelilla.es\/clmar\/wp-content\/uploads\/SUB17-FEMENINO-400x277.webp 400w, https:\/\/www.realclubmaritimomelilla.es\/clmar\/wp-content\/uploads\/SUB17-FEMENINO-600x416.webp 600w, https:\/\/www.realclubmaritimomelilla.es\/clmar\/wp-content\/uploads\/SUB17-FEMENINO-768x532.webp 768w, https:\/\/www.realclubmaritimomelilla.es\/clmar\/wp-content\/uploads\/SUB17-FEMENINO-800x554.webp 800w, https:\/\/www.realclubmaritimomelilla.es\/clmar\/wp-content\/uploads\/SUB17-FEMENINO-1024x710.webp 1024w, https:\/\/www.realclubmaritimomelilla.es\/clmar\/wp-content\/uploads\/SUB17-FEMENINO-1200x832.webp 1200w, https:\/\/www.realclubmaritimomelilla.es\/clmar\/wp-content\/uploads\/SUB17-FEMENINO.webp 1417w\" sizes=\"(max-width: 1417px) 100vw, 1417px\" \/><\/a>\n\t\t\t<\/dt><\/dl><br style=\"clear: both\" \/><dl class='gallery-item'>\n\t\t\t<dt class='gallery-icon landscape'>\n\t\t\t\t<a data-rel=\"iLightbox[postimages]\" data-title=\"SUB17 MASCULINO\" data-caption=\"\" href='https:\/\/www.realclubmaritimomelilla.es\/clmar\/la-entrega-de-premios-pone-punto-y-final-al-campeonato-de-espana-ilca6-en-melilla\/sub17-masculino\/'><img decoding=\"async\" width=\"1417\" height=\"1026\" src=\"https:\/\/www.realclubmaritimomelilla.es\/clmar\/wp-content\/uploads\/SUB17-MASCULINO.webp\" class=\"attachment-full size-full\" alt=\"\" srcset=\"https:\/\/www.realclubmaritimomelilla.es\/clmar\/wp-content\/uploads\/SUB17-MASCULINO-200x145.webp 200w, https:\/\/www.realclubmaritimomelilla.es\/clmar\/wp-content\/uploads\/SUB17-MASCULINO-300x217.webp 300w, https:\/\/www.realclubmaritimomelilla.es\/clmar\/wp-content\/uploads\/SUB17-MASCULINO-400x290.webp 400w, https:\/\/www.realclubmaritimomelilla.es\/clmar\/wp-content\/uploads\/SUB17-MASCULINO-600x434.webp 600w, https:\/\/www.realclubmaritimomelilla.es\/clmar\/wp-content\/uploads\/SUB17-MASCULINO-768x556.webp 768w, https:\/\/www.realclubmaritimomelilla.es\/clmar\/wp-content\/uploads\/SUB17-MASCULINO-800x579.webp 800w, https:\/\/www.realclubmaritimomelilla.es\/clmar\/wp-content\/uploads\/SUB17-MASCULINO-1024x741.webp 1024w, https:\/\/www.realclubmaritimomelilla.es\/clmar\/wp-content\/uploads\/SUB17-MASCULINO-1200x869.webp 1200w, https:\/\/www.realclubmaritimomelilla.es\/clmar\/wp-content\/uploads\/SUB17-MASCULINO.webp 1417w\" sizes=\"(max-width: 1417px) 100vw, 1417px\" \/><\/a>\n\t\t\t<\/dt><\/dl><dl class='gallery-item'>\n\t\t\t<dt class='gallery-icon landscape'>\n\t\t\t\t<a data-rel=\"iLightbox[postimages]\" data-title=\"SUB19 FEMENINO\" data-caption=\"\" href='https:\/\/www.realclubmaritimomelilla.es\/clmar\/la-entrega-de-premios-pone-punto-y-final-al-campeonato-de-espana-ilca6-en-melilla\/sub19-femenino\/'><img decoding=\"async\" width=\"1417\" height=\"994\" src=\"https:\/\/www.realclubmaritimomelilla.es\/clmar\/wp-content\/uploads\/SUB19-FEMENINO.webp\" class=\"attachment-full size-full\" alt=\"\" srcset=\"https:\/\/www.realclubmaritimomelilla.es\/clmar\/wp-content\/uploads\/SUB19-FEMENINO-200x140.webp 200w, https:\/\/www.realclubmaritimomelilla.es\/clmar\/wp-content\/uploads\/SUB19-FEMENINO-300x210.webp 300w, https:\/\/www.realclubmaritimomelilla.es\/clmar\/wp-content\/uploads\/SUB19-FEMENINO-400x281.webp 400w, https:\/\/www.realclubmaritimomelilla.es\/clmar\/wp-content\/uploads\/SUB19-FEMENINO-600x421.webp 600w, https:\/\/www.realclubmaritimomelilla.es\/clmar\/wp-content\/uploads\/SUB19-FEMENINO-768x539.webp 768w, https:\/\/www.realclubmaritimomelilla.es\/clmar\/wp-content\/uploads\/SUB19-FEMENINO-800x561.webp 800w, https:\/\/www.realclubmaritimomelilla.es\/clmar\/wp-content\/uploads\/SUB19-FEMENINO-1024x718.webp 1024w, https:\/\/www.realclubmaritimomelilla.es\/clmar\/wp-content\/uploads\/SUB19-FEMENINO-1200x842.webp 1200w, https:\/\/www.realclubmaritimomelilla.es\/clmar\/wp-content\/uploads\/SUB19-FEMENINO.webp 1417w\" sizes=\"(max-width: 1417px) 100vw, 1417px\" \/><\/a>\n\t\t\t<\/dt><\/dl><dl class='gallery-item'>\n\t\t\t<dt class='gallery-icon landscape'>\n\t\t\t\t<a data-rel=\"iLightbox[postimages]\" data-title=\"SUB19 MASCULINO\" data-caption=\"\" href='https:\/\/www.realclubmaritimomelilla.es\/clmar\/la-entrega-de-premios-pone-punto-y-final-al-campeonato-de-espana-ilca6-en-melilla\/sub19-masculino\/'><img decoding=\"async\" width=\"1417\" height=\"855\" src=\"https:\/\/www.realclubmaritimomelilla.es\/clmar\/wp-content\/uploads\/SUB19-MASCULINO.webp\" class=\"attachment-full size-full\" alt=\"\" srcset=\"https:\/\/www.realclubmaritimomelilla.es\/clmar\/wp-content\/uploads\/SUB19-MASCULINO-200x121.webp 200w, https:\/\/www.realclubmaritimomelilla.es\/clmar\/wp-content\/uploads\/SUB19-MASCULINO-300x181.webp 300w, https:\/\/www.realclubmaritimomelilla.es\/clmar\/wp-content\/uploads\/SUB19-MASCULINO-400x241.webp 400w, https:\/\/www.realclubmaritimomelilla.es\/clmar\/wp-content\/uploads\/SUB19-MASCULINO-600x362.webp 600w, https:\/\/www.realclubmaritimomelilla.es\/clmar\/wp-content\/uploads\/SUB19-MASCULINO-768x463.webp 768w, https:\/\/www.realclubmaritimomelilla.es\/clmar\/wp-content\/uploads\/SUB19-MASCULINO-800x483.webp 800w, https:\/\/www.realclubmaritimomelilla.es\/clmar\/wp-content\/uploads\/SUB19-MASCULINO-1024x618.webp 1024w, https:\/\/www.realclubmaritimomelilla.es\/clmar\/wp-content\/uploads\/SUB19-MASCULINO-1200x724.webp 1200w, https:\/\/www.realclubmaritimomelilla.es\/clmar\/wp-content\/uploads\/SUB19-MASCULINO.webp 1417w\" sizes=\"(max-width: 1417px) 100vw, 1417px\" \/><\/a>\n\t\t\t<\/dt><\/dl><br style=\"clear: both\" \/><dl class='gallery-item'>\n\t\t\t<dt class='gallery-icon landscape'>\n\t\t\t\t<a data-rel=\"iLightbox[postimages]\" data-title=\"SUB21 FEMENINO\" data-caption=\"\" href='https:\/\/www.realclubmaritimomelilla.es\/clmar\/la-entrega-de-premios-pone-punto-y-final-al-campeonato-de-espana-ilca6-en-melilla\/sub21-femenino\/'><img decoding=\"async\" width=\"1417\" height=\"983\" src=\"https:\/\/www.realclubmaritimomelilla.es\/clmar\/wp-content\/uploads\/SUB21-FEMENINO.webp\" class=\"attachment-full size-full\" alt=\"\" srcset=\"https:\/\/www.realclubmaritimomelilla.es\/clmar\/wp-content\/uploads\/SUB21-FEMENINO-200x139.webp 200w, https:\/\/www.realclubmaritimomelilla.es\/clmar\/wp-content\/uploads\/SUB21-FEMENINO-300x208.webp 300w, https:\/\/www.realclubmaritimomelilla.es\/clmar\/wp-content\/uploads\/SUB21-FEMENINO-400x277.webp 400w, https:\/\/www.realclubmaritimomelilla.es\/clmar\/wp-content\/uploads\/SUB21-FEMENINO-600x416.webp 600w, https:\/\/www.realclubmaritimomelilla.es\/clmar\/wp-content\/uploads\/SUB21-FEMENINO-768x533.webp 768w, https:\/\/www.realclubmaritimomelilla.es\/clmar\/wp-content\/uploads\/SUB21-FEMENINO-800x555.webp 800w, https:\/\/www.realclubmaritimomelilla.es\/clmar\/wp-content\/uploads\/SUB21-FEMENINO-1024x710.webp 1024w, https:\/\/www.realclubmaritimomelilla.es\/clmar\/wp-content\/uploads\/SUB21-FEMENINO-1200x832.webp 1200w, https:\/\/www.realclubmaritimomelilla.es\/clmar\/wp-content\/uploads\/SUB21-FEMENINO.webp 1417w\" sizes=\"(max-width: 1417px) 100vw, 1417px\" \/><\/a>\n\t\t\t<\/dt><\/dl><dl class='gallery-item'>\n\t\t\t<dt class='gallery-icon landscape'>\n\t\t\t\t<a data-rel=\"iLightbox[postimages]\" data-title=\"SUB21 MASCULINO\" data-caption=\"\" href='https:\/\/www.realclubmaritimomelilla.es\/clmar\/la-entrega-de-premios-pone-punto-y-final-al-campeonato-de-espana-ilca6-en-melilla\/sub21-masculino\/'><img decoding=\"async\" width=\"1417\" height=\"1069\" src=\"https:\/\/www.realclubmaritimomelilla.es\/clmar\/wp-content\/uploads\/SUB21-MASCULINO.webp\" class=\"attachment-full size-full\" alt=\"\" srcset=\"https:\/\/www.realclubmaritimomelilla.es\/clmar\/wp-content\/uploads\/SUB21-MASCULINO-200x151.webp 200w, https:\/\/www.realclubmaritimomelilla.es\/clmar\/wp-content\/uploads\/SUB21-MASCULINO-300x226.webp 300w, https:\/\/www.realclubmaritimomelilla.es\/clmar\/wp-content\/uploads\/SUB21-MASCULINO-400x302.webp 400w, https:\/\/www.realclubmaritimomelilla.es\/clmar\/wp-content\/uploads\/SUB21-MASCULINO-600x453.webp 600w, https:\/\/www.realclubmaritimomelilla.es\/clmar\/wp-content\/uploads\/SUB21-MASCULINO-768x579.webp 768w, https:\/\/www.realclubmaritimomelilla.es\/clmar\/wp-content\/uploads\/SUB21-MASCULINO-800x604.webp 800w, https:\/\/www.realclubmaritimomelilla.es\/clmar\/wp-content\/uploads\/SUB21-MASCULINO-1024x773.webp 1024w, https:\/\/www.realclubmaritimomelilla.es\/clmar\/wp-content\/uploads\/SUB21-MASCULINO-1200x905.webp 1200w, https:\/\/www.realclubmaritimomelilla.es\/clmar\/wp-content\/uploads\/SUB21-MASCULINO.webp 1417w\" sizes=\"(max-width: 1417px) 100vw, 1417px\" \/><\/a>\n\t\t\t<\/dt><\/dl>\n\t\t\t<br style='clear: both' \/>\n\t\t<\/div>\n<\/p>\n","protected":false},"excerpt":{"rendered":"<p>La ciudad de Melilla ha puesto este domingo el broche final al Campeonato de Espa\u00f1a de ILCA 6, celebrado entre los d\u00edas 22 y 26 de abril, con la participaci\u00f3n de cerca de un centenar de regatistas procedentes de nueve comunidades aut\u00f3nomas. La competici\u00f3n, de car\u00e1cter oficial bajo el paraguas de la Real Federaci\u00f3n Espa\u00f1ola [&hellip;]<\/p>\n","protected":false},"author":1,"featured_media":27720,"comment_status":"open","ping_status":"open","sticky":false,"template":"","format":"standard","meta":{"_acf_changed":false,"footnotes":""},"categories":[1],"tags":[],"class_list":["post-27710","post","type-post","status-publish","format-standard","has-post-thumbnail","hentry","category-sin-categoria"],"acf":[],"yoast_head":"<!-- This site is optimized with the Yoast SEO plugin v26.9 - https:\/\/yoast.com\/product\/yoast-seo-wordpress\/ -->\n<title>LA ENTREGA DE PREMIOS PONE PUNTO Y FINAL AL CAMPEONATO DE ESPA\u00d1A ILCA6\u00a0EN MELILLA - Real Club Mar\u00edtimo de Melilla<\/title>\n<meta name=\"description\" content=\"LA ENTREGA DE PREMIOS PONE PUNTO Y FINAL AL CAMPEONATO DE ESPA\u00d1A ILCA6\u00a0EN MELILLA -\" \/>\n<meta name=\"robots\" content=\"index, follow, max-snippet:-1, max-image-preview:large, max-video-preview:-1\" \/>\n<link rel=\"canonical\" href=\"https:\/\/www.realclubmaritimomelilla.es\/clmar\/la-entrega-de-premios-pone-punto-y-final-al-campeonato-de-espana-ilca6-en-melilla\/\" \/>\n<meta property=\"og:locale\" content=\"es_ES\" \/>\n<meta property=\"og:type\" content=\"article\" \/>\n<meta property=\"og:title\" content=\"LA ENTREGA DE PREMIOS PONE PUNTO Y FINAL AL CAMPEONATO DE ESPA\u00d1A ILCA6\u00a0EN MELILLA - Real Club Mar\u00edtimo de Melilla\" \/>\n<meta property=\"og:description\" content=\"LA ENTREGA DE PREMIOS PONE PUNTO Y FINAL AL CAMPEONATO DE ESPA\u00d1A ILCA6\u00a0EN MELILLA -\" \/>\n<meta property=\"og:url\" content=\"https:\/\/www.realclubmaritimomelilla.es\/clmar\/la-entrega-de-premios-pone-punto-y-final-al-campeonato-de-espana-ilca6-en-melilla\/\" \/>\n<meta property=\"og:site_name\" content=\"Real Club Mar\u00edtimo de Melilla\" \/>\n<meta property=\"article:publisher\" content=\"https:\/\/www.facebook.com\/Real-Club-Mar%c3%adtimo-de-Melilla-588495841234214\/\" \/>\n<meta property=\"article:published_time\" content=\"2026-04-26T20:06:48+00:00\" \/>\n<meta property=\"og:image\" content=\"https:\/\/www.realclubmaritimomelilla.es\/clmar\/wp-content\/uploads\/PREMIADOS-1.webp\" \/>\n\t<meta property=\"og:image:width\" content=\"1417\" \/>\n\t<meta property=\"og:image:height\" content=\"725\" \/>\n\t<meta property=\"og:image:type\" content=\"image\/jpeg\" \/>\n<meta name=\"author\" content=\"RCMMelilla\" \/>\n<meta name=\"twitter:card\" content=\"summary_large_image\" \/>\n<meta name=\"twitter:creator\" content=\"@nauticarcmm\" \/>\n<meta name=\"twitter:site\" content=\"@nauticarcmm\" \/>\n<meta name=\"twitter:label1\" content=\"Escrito por\" \/>\n\t<meta name=\"twitter:data1\" content=\"RCMMelilla\" \/>\n<script type=\"application\/ld+json\" class=\"yoast-schema-graph\">{\"@context\":\"https:\/\/schema.org\",\"@graph\":[{\"@type\":\"Article\",\"@id\":\"https:\/\/www.realclubmaritimomelilla.es\/clmar\/la-entrega-de-premios-pone-punto-y-final-al-campeonato-de-espana-ilca6-en-melilla\/#article\",\"isPartOf\":{\"@id\":\"https:\/\/www.realclubmaritimomelilla.es\/clmar\/la-entrega-de-premios-pone-punto-y-final-al-campeonato-de-espana-ilca6-en-melilla\/\"},\"author\":{\"name\":\"RCMMelilla\",\"@id\":\"https:\/\/www.realclubmaritimomelilla.es\/clmar\/#\/schema\/person\/ebaa3713496dc6d48c872452e73a8e79\"},\"headline\":\"LA ENTREGA DE PREMIOS PONE PUNTO Y FINAL AL CAMPEONATO DE ESPA\u00d1A ILCA6\u00a0EN MELILLA\",\"datePublished\":\"2026-04-26T20:06:48+00:00\",\"mainEntityOfPage\":{\"@id\":\"https:\/\/www.realclubmaritimomelilla.es\/clmar\/la-entrega-de-premios-pone-punto-y-final-al-campeonato-de-espana-ilca6-en-melilla\/\"},\"wordCount\":448,\"commentCount\":0,\"publisher\":{\"@id\":\"https:\/\/www.realclubmaritimomelilla.es\/clmar\/#organization\"},\"image\":{\"@id\":\"https:\/\/www.realclubmaritimomelilla.es\/clmar\/la-entrega-de-premios-pone-punto-y-final-al-campeonato-de-espana-ilca6-en-melilla\/#primaryimage\"},\"thumbnailUrl\":\"https:\/\/www.realclubmaritimomelilla.es\/clmar\/wp-content\/uploads\/PREMIADOS-1.webp\",\"inLanguage\":\"es\",\"potentialAction\":[{\"@type\":\"CommentAction\",\"name\":\"Comment\",\"target\":[\"https:\/\/www.realclubmaritimomelilla.es\/clmar\/la-entrega-de-premios-pone-punto-y-final-al-campeonato-de-espana-ilca6-en-melilla\/#respond\"]}]},{\"@type\":\"WebPage\",\"@id\":\"https:\/\/www.realclubmaritimomelilla.es\/clmar\/la-entrega-de-premios-pone-punto-y-final-al-campeonato-de-espana-ilca6-en-melilla\/\",\"url\":\"https:\/\/www.realclubmaritimomelilla.es\/clmar\/la-entrega-de-premios-pone-punto-y-final-al-campeonato-de-espana-ilca6-en-melilla\/\",\"name\":\"LA ENTREGA DE PREMIOS PONE PUNTO Y FINAL AL CAMPEONATO DE ESPA\u00d1A ILCA6\u00a0EN MELILLA - Real Club Mar\u00edtimo de Melilla\",\"isPartOf\":{\"@id\":\"https:\/\/www.realclubmaritimomelilla.es\/clmar\/#website\"},\"primaryImageOfPage\":{\"@id\":\"https:\/\/www.realclubmaritimomelilla.es\/clmar\/la-entrega-de-premios-pone-punto-y-final-al-campeonato-de-espana-ilca6-en-melilla\/#primaryimage\"},\"image\":{\"@id\":\"https:\/\/www.realclubmaritimomelilla.es\/clmar\/la-entrega-de-premios-pone-punto-y-final-al-campeonato-de-espana-ilca6-en-melilla\/#primaryimage\"},\"thumbnailUrl\":\"https:\/\/www.realclubmaritimomelilla.es\/clmar\/wp-content\/uploads\/PREMIADOS-1.webp\",\"datePublished\":\"2026-04-26T20:06:48+00:00\",\"description\":\"LA ENTREGA DE PREMIOS PONE PUNTO Y FINAL AL CAMPEONATO DE ESPA\u00d1A ILCA6\u00a0EN MELILLA -\",\"breadcrumb\":{\"@id\":\"https:\/\/www.realclubmaritimomelilla.es\/clmar\/la-entrega-de-premios-pone-punto-y-final-al-campeonato-de-espana-ilca6-en-melilla\/#breadcrumb\"},\"inLanguage\":\"es\",\"potentialAction\":[{\"@type\":\"ReadAction\",\"target\":[\"https:\/\/www.realclubmaritimomelilla.es\/clmar\/la-entrega-de-premios-pone-punto-y-final-al-campeonato-de-espana-ilca6-en-melilla\/\"]}]},{\"@type\":\"ImageObject\",\"inLanguage\":\"es\",\"@id\":\"https:\/\/www.realclubmaritimomelilla.es\/clmar\/la-entrega-de-premios-pone-punto-y-final-al-campeonato-de-espana-ilca6-en-melilla\/#primaryimage\",\"url\":\"https:\/\/www.realclubmaritimomelilla.es\/clmar\/wp-content\/uploads\/PREMIADOS-1.webp\",\"contentUrl\":\"https:\/\/www.realclubmaritimomelilla.es\/clmar\/wp-content\/uploads\/PREMIADOS-1.webp\",\"width\":1417,\"height\":725},{\"@type\":\"BreadcrumbList\",\"@id\":\"https:\/\/www.realclubmaritimomelilla.es\/clmar\/la-entrega-de-premios-pone-punto-y-final-al-campeonato-de-espana-ilca6-en-melilla\/#breadcrumb\",\"itemListElement\":[{\"@type\":\"ListItem\",\"position\":1,\"name\":\"Portada\",\"item\":\"https:\/\/www.realclubmaritimomelilla.es\/clmar\/\"},{\"@type\":\"ListItem\",\"position\":2,\"name\":\"LA ENTREGA DE PREMIOS PONE PUNTO Y FINAL AL CAMPEONATO DE ESPA\u00d1A ILCA6\u00a0EN MELILLA\"}]},{\"@type\":\"WebSite\",\"@id\":\"https:\/\/www.realclubmaritimomelilla.es\/clmar\/#website\",\"url\":\"https:\/\/www.realclubmaritimomelilla.es\/clmar\/\",\"name\":\"Real Club Mar\u00edtimo de Melilla\",\"description\":\"RCMM\",\"publisher\":{\"@id\":\"https:\/\/www.realclubmaritimomelilla.es\/clmar\/#organization\"},\"alternateName\":\"RCMM\",\"potentialAction\":[{\"@type\":\"SearchAction\",\"target\":{\"@type\":\"EntryPoint\",\"urlTemplate\":\"https:\/\/www.realclubmaritimomelilla.es\/clmar\/?s={search_term_string}\"},\"query-input\":{\"@type\":\"PropertyValueSpecification\",\"valueRequired\":true,\"valueName\":\"search_term_string\"}}],\"inLanguage\":\"es\"},{\"@type\":\"Organization\",\"@id\":\"https:\/\/www.realclubmaritimomelilla.es\/clmar\/#organization\",\"name\":\"Real Club Mar\u00edtimo de Melilla\",\"alternateName\":\"RCMM\",\"url\":\"https:\/\/www.realclubmaritimomelilla.es\/clmar\/\",\"logo\":{\"@type\":\"ImageObject\",\"inLanguage\":\"es\",\"@id\":\"https:\/\/www.realclubmaritimomelilla.es\/clmar\/#\/schema\/logo\/image\/\",\"url\":\"https:\/\/www.realclubmaritimomelilla.es\/clmar\/wp-content\/uploads\/logo-club-original-copia.jpg\",\"contentUrl\":\"https:\/\/www.realclubmaritimomelilla.es\/clmar\/wp-content\/uploads\/logo-club-original-copia.jpg\",\"width\":128,\"height\":89,\"caption\":\"Real Club Mar\u00edtimo de Melilla\"},\"image\":{\"@id\":\"https:\/\/www.realclubmaritimomelilla.es\/clmar\/#\/schema\/logo\/image\/\"},\"sameAs\":[\"https:\/\/www.facebook.com\/Real-Club-Mar\u00edtimo-de-Melilla-588495841234214\/\",\"https:\/\/x.com\/nauticarcmm\",\"https:\/\/www.instagram.com\/club_maritimo_melilla\/\",\"https:\/\/www.youtube.com\/@realclubmaritimodemelilla4703\",\"https:\/\/es.wikipedia.org\/wiki\/Real_Club_Mar\u00edtimo_de_Melilla\"]},{\"@type\":\"Person\",\"@id\":\"https:\/\/www.realclubmaritimomelilla.es\/clmar\/#\/schema\/person\/ebaa3713496dc6d48c872452e73a8e79\",\"name\":\"RCMMelilla\",\"image\":{\"@type\":\"ImageObject\",\"inLanguage\":\"es\",\"@id\":\"https:\/\/www.realclubmaritimomelilla.es\/clmar\/#\/schema\/person\/image\/\",\"url\":\"https:\/\/secure.gravatar.com\/avatar\/df1c24789360fb9308735c4ee556fc2bc5bf924bf01e53043b8b97ba272da33c?s=96&d=mm&r=g\",\"contentUrl\":\"https:\/\/secure.gravatar.com\/avatar\/df1c24789360fb9308735c4ee556fc2bc5bf924bf01e53043b8b97ba272da33c?s=96&d=mm&r=g\",\"caption\":\"RCMMelilla\"}}]}<\/script>\n<!-- \/ Yoast SEO plugin. -->","yoast_head_json":{"title":"LA ENTREGA DE PREMIOS PONE PUNTO Y FINAL AL CAMPEONATO DE ESPA\u00d1A ILCA6\u00a0EN MELILLA - Real Club Mar\u00edtimo de Melilla","description":"LA ENTREGA DE PREMIOS PONE PUNTO Y FINAL AL CAMPEONATO DE ESPA\u00d1A ILCA6\u00a0EN MELILLA -","robots":{"index":"index","follow":"follow","max-snippet":"max-snippet:-1","max-image-preview":"max-image-preview:large","max-video-preview":"max-video-preview:-1"},"canonical":"https:\/\/www.realclubmaritimomelilla.es\/clmar\/la-entrega-de-premios-pone-punto-y-final-al-campeonato-de-espana-ilca6-en-melilla\/","og_locale":"es_ES","og_type":"article","og_title":"LA ENTREGA DE PREMIOS PONE PUNTO Y FINAL AL CAMPEONATO DE ESPA\u00d1A ILCA6\u00a0EN MELILLA - Real Club Mar\u00edtimo de Melilla","og_description":"LA ENTREGA DE PREMIOS PONE PUNTO Y FINAL AL CAMPEONATO DE ESPA\u00d1A ILCA6\u00a0EN MELILLA -","og_url":"https:\/\/www.realclubmaritimomelilla.es\/clmar\/la-entrega-de-premios-pone-punto-y-final-al-campeonato-de-espana-ilca6-en-melilla\/","og_site_name":"Real Club Mar\u00edtimo de Melilla","article_publisher":"https:\/\/www.facebook.com\/Real-Club-Mar%c3%adtimo-de-Melilla-588495841234214\/","article_published_time":"2026-04-26T20:06:48+00:00","og_image":[{"width":1417,"height":725,"url":"https:\/\/www.realclubmaritimomelilla.es\/clmar\/wp-content\/uploads\/PREMIADOS-1.webp","type":"image\/jpeg"}],"author":"RCMMelilla","twitter_card":"summary_large_image","twitter_creator":"@nauticarcmm","twitter_site":"@nauticarcmm","twitter_misc":{"Escrito por":"RCMMelilla"},"schema":{"@context":"https:\/\/schema.org","@graph":[{"@type":"Article","@id":"https:\/\/www.realclubmaritimomelilla.es\/clmar\/la-entrega-de-premios-pone-punto-y-final-al-campeonato-de-espana-ilca6-en-melilla\/#article","isPartOf":{"@id":"https:\/\/www.realclubmaritimomelilla.es\/clmar\/la-entrega-de-premios-pone-punto-y-final-al-campeonato-de-espana-ilca6-en-melilla\/"},"author":{"name":"RCMMelilla","@id":"https:\/\/www.realclubmaritimomelilla.es\/clmar\/#\/schema\/person\/ebaa3713496dc6d48c872452e73a8e79"},"headline":"LA ENTREGA DE PREMIOS PONE PUNTO Y FINAL AL CAMPEONATO DE ESPA\u00d1A ILCA6\u00a0EN MELILLA","datePublished":"2026-04-26T20:06:48+00:00","mainEntityOfPage":{"@id":"https:\/\/www.realclubmaritimomelilla.es\/clmar\/la-entrega-de-premios-pone-punto-y-final-al-campeonato-de-espana-ilca6-en-melilla\/"},"wordCount":448,"commentCount":0,"publisher":{"@id":"https:\/\/www.realclubmaritimomelilla.es\/clmar\/#organization"},"image":{"@id":"https:\/\/www.realclubmaritimomelilla.es\/clmar\/la-entrega-de-premios-pone-punto-y-final-al-campeonato-de-espana-ilca6-en-melilla\/#primaryimage"},"thumbnailUrl":"https:\/\/www.realclubmaritimomelilla.es\/clmar\/wp-content\/uploads\/PREMIADOS-1.webp","inLanguage":"es","potentialAction":[{"@type":"CommentAction","name":"Comment","target":["https:\/\/www.realclubmaritimomelilla.es\/clmar\/la-entrega-de-premios-pone-punto-y-final-al-campeonato-de-espana-ilca6-en-melilla\/#respond"]}]},{"@type":"WebPage","@id":"https:\/\/www.realclubmaritimomelilla.es\/clmar\/la-entrega-de-premios-pone-punto-y-final-al-campeonato-de-espana-ilca6-en-melilla\/","url":"https:\/\/www.realclubmaritimomelilla.es\/clmar\/la-entrega-de-premios-pone-punto-y-final-al-campeonato-de-espana-ilca6-en-melilla\/","name":"LA ENTREGA DE PREMIOS PONE PUNTO Y FINAL AL CAMPEONATO DE ESPA\u00d1A ILCA6\u00a0EN MELILLA - Real Club Mar\u00edtimo de Melilla","isPartOf":{"@id":"https:\/\/www.realclubmaritimomelilla.es\/clmar\/#website"},"primaryImageOfPage":{"@id":"https:\/\/www.realclubmaritimomelilla.es\/clmar\/la-entrega-de-premios-pone-punto-y-final-al-campeonato-de-espana-ilca6-en-melilla\/#primaryimage"},"image":{"@id":"https:\/\/www.realclubmaritimomelilla.es\/clmar\/la-entrega-de-premios-pone-punto-y-final-al-campeonato-de-espana-ilca6-en-melilla\/#primaryimage"},"thumbnailUrl":"https:\/\/www.realclubmaritimomelilla.es\/clmar\/wp-content\/uploads\/PREMIADOS-1.webp","datePublished":"2026-04-26T20:06:48+00:00","description":"LA ENTREGA DE PREMIOS PONE PUNTO Y FINAL AL CAMPEONATO DE ESPA\u00d1A ILCA6\u00a0EN MELILLA -","breadcrumb":{"@id":"https:\/\/www.realclubmaritimomelilla.es\/clmar\/la-entrega-de-premios-pone-punto-y-final-al-campeonato-de-espana-ilca6-en-melilla\/#breadcrumb"},"inLanguage":"es","potentialAction":[{"@type":"ReadAction","target":["https:\/\/www.realclubmaritimomelilla.es\/clmar\/la-entrega-de-premios-pone-punto-y-final-al-campeonato-de-espana-ilca6-en-melilla\/"]}]},{"@type":"ImageObject","inLanguage":"es","@id":"https:\/\/www.realclubmaritimomelilla.es\/clmar\/la-entrega-de-premios-pone-punto-y-final-al-campeonato-de-espana-ilca6-en-melilla\/#primaryimage","url":"https:\/\/www.realclubmaritimomelilla.es\/clmar\/wp-content\/uploads\/PREMIADOS-1.webp","contentUrl":"https:\/\/www.realclubmaritimomelilla.es\/clmar\/wp-content\/uploads\/PREMIADOS-1.webp","width":1417,"height":725},{"@type":"BreadcrumbList","@id":"https:\/\/www.realclubmaritimomelilla.es\/clmar\/la-entrega-de-premios-pone-punto-y-final-al-campeonato-de-espana-ilca6-en-melilla\/#breadcrumb","itemListElement":[{"@type":"ListItem","position":1,"name":"Portada","item":"https:\/\/www.realclubmaritimomelilla.es\/clmar\/"},{"@type":"ListItem","position":2,"name":"LA ENTREGA DE PREMIOS PONE PUNTO Y FINAL AL CAMPEONATO DE ESPA\u00d1A ILCA6\u00a0EN MELILLA"}]},{"@type":"WebSite","@id":"https:\/\/www.realclubmaritimomelilla.es\/clmar\/#website","url":"https:\/\/www.realclubmaritimomelilla.es\/clmar\/","name":"Real Club Mar\u00edtimo de Melilla","description":"RCMM","publisher":{"@id":"https:\/\/www.realclubmaritimomelilla.es\/clmar\/#organization"},"alternateName":"RCMM","potentialAction":[{"@type":"SearchAction","target":{"@type":"EntryPoint","urlTemplate":"https:\/\/www.realclubmaritimomelilla.es\/clmar\/?s={search_term_string}"},"query-input":{"@type":"PropertyValueSpecification","valueRequired":true,"valueName":"search_term_string"}}],"inLanguage":"es"},{"@type":"Organization","@id":"https:\/\/www.realclubmaritimomelilla.es\/clmar\/#organization","name":"Real Club Mar\u00edtimo de Melilla","alternateName":"RCMM","url":"https:\/\/www.realclubmaritimomelilla.es\/clmar\/","logo":{"@type":"ImageObject","inLanguage":"es","@id":"https:\/\/www.realclubmaritimomelilla.es\/clmar\/#\/schema\/logo\/image\/","url":"https:\/\/www.realclubmaritimomelilla.es\/clmar\/wp-content\/uploads\/logo-club-original-copia.jpg","contentUrl":"https:\/\/www.realclubmaritimomelilla.es\/clmar\/wp-content\/uploads\/logo-club-original-copia.jpg","width":128,"height":89,"caption":"Real Club Mar\u00edtimo de Melilla"},"image":{"@id":"https:\/\/www.realclubmaritimomelilla.es\/clmar\/#\/schema\/logo\/image\/"},"sameAs":["https:\/\/www.facebook.com\/Real-Club-Mar\u00edtimo-de-Melilla-588495841234214\/","https:\/\/x.com\/nauticarcmm","https:\/\/www.instagram.com\/club_maritimo_melilla\/","https:\/\/www.youtube.com\/@realclubmaritimodemelilla4703","https:\/\/es.wikipedia.org\/wiki\/Real_Club_Mar\u00edtimo_de_Melilla"]},{"@type":"Person","@id":"https:\/\/www.realclubmaritimomelilla.es\/clmar\/#\/schema\/person\/ebaa3713496dc6d48c872452e73a8e79","name":"RCMMelilla","image":{"@type":"ImageObject","inLanguage":"es","@id":"https:\/\/www.realclubmaritimomelilla.es\/clmar\/#\/schema\/person\/image\/","url":"https:\/\/secure.gravatar.com\/avatar\/df1c24789360fb9308735c4ee556fc2bc5bf924bf01e53043b8b97ba272da33c?s=96&d=mm&r=g","contentUrl":"https:\/\/secure.gravatar.com\/avatar\/df1c24789360fb9308735c4ee556fc2bc5bf924bf01e53043b8b97ba272da33c?s=96&d=mm&r=g","caption":"RCMMelilla"}}]}},"_links":{"self":[{"href":"https:\/\/www.realclubmaritimomelilla.es\/clmar\/wp-json\/wp\/v2\/posts\/27710","targetHints":{"allow":["GET"]}}],"collection":[{"href":"https:\/\/www.realclubmaritimomelilla.es\/clmar\/wp-json\/wp\/v2\/posts"}],"about":[{"href":"https:\/\/www.realclubmaritimomelilla.es\/clmar\/wp-json\/wp\/v2\/types\/post"}],"author":[{"embeddable":true,"href":"https:\/\/www.realclubmaritimomelilla.es\/clmar\/wp-json\/wp\/v2\/users\/1"}],"replies":[{"embeddable":true,"href":"https:\/\/www.realclubmaritimomelilla.es\/clmar\/wp-json\/wp\/v2\/comments?post=27710"}],"version-history":[{"count":1,"href":"https:\/\/www.realclubmaritimomelilla.es\/clmar\/wp-json\/wp\/v2\/posts\/27710\/revisions"}],"predecessor-version":[{"id":27728,"href":"https:\/\/www.realclubmaritimomelilla.es\/clmar\/wp-json\/wp\/v2\/posts\/27710\/revisions\/27728"}],"wp:featuredmedia":[{"embeddable":true,"href":"https:\/\/www.realclubmaritimomelilla.es\/clmar\/wp-json\/wp\/v2\/media\/27720"}],"wp:attachment":[{"href":"https:\/\/www.realclubmaritimomelilla.es\/clmar\/wp-json\/wp\/v2\/media?parent=27710"}],"wp:term":[{"taxonomy":"category","embeddable":true,"href":"https:\/\/www.realclubmaritimomelilla.es\/clmar\/wp-json\/wp\/v2\/categories?post=27710"},{"taxonomy":"post_tag","embeddable":true,"href":"https:\/\/www.realclubmaritimomelilla.es\/clmar\/wp-json\/wp\/v2\/tags?post=27710"}],"curies":[{"name":"wp","href":"https:\/\/api.w.org\/{rel}","templated":true}]}}