{"id":27702,"date":"2026-04-26T17:40:39","date_gmt":"2026-04-26T15:40:39","guid":{"rendered":"https:\/\/www.realclubmaritimomelilla.es\/clmar\/?p=27702"},"modified":"2026-04-26T17:42:47","modified_gmt":"2026-04-26T15:42:47","slug":"melilla-corona-a-los-nuevos-campeones-nacionales-en-ilca6","status":"publish","type":"post","link":"https:\/\/www.realclubmaritimomelilla.es\/clmar\/melilla-corona-a-los-nuevos-campeones-nacionales-en-ilca6\/","title":{"rendered":"MELILLA CORONA A LOS NUEVOS CAMPEONES NACIONALES EN ILCA6"},"content":{"rendered":"<p>El balear Nikko Palou, en absoluto y sub19 masculino. Mientras que las valencianas Irene de Tom\u00e1s, en absoluto y sub21 femenino, as\u00ed como Blanca Ferrando, en sub19 femenino son las nuevas campeonas de Espa\u00f1a.<\/p>\n<p>Islas Baleares, la mejor comunidad aut\u00f3noma del Campeonato<\/p>\n<p>El Campeonato de Espa\u00f1a Ilca6 ha concluido este domingo en la ciudad de Melilla, despu\u00e9s de cuatro intensos d\u00edas de competici\u00f3n, en la que el Real Club Mar\u00edtimo junto a la Consejer\u00eda de Deportes de la ciudad aut\u00f3noma, han conseguido llevar a buen puerto esta cita oficial de la Real Federaci\u00f3n Espa\u00f1ola de Vela.<\/p>\n<p>Nikko Palou (RCN Palma), junto a Irene de Tomas (RCN Valencia) y Blanca Ferrando (RCN Valencia) han sido los nombres propios del Campeonato, aglutinando los primeros puestos en cada categor\u00eda, coron\u00e1ndose como nuevos campeones de Espa\u00f1a de la clase 2026.<\/p>\n<p>Este domingo, la jornada ha vuelto a caracterizarse por un campo de regatas con olas de un metro, con vientos del eje 075\u00ba-085\u00ba, con intensidad media de diez nudos y picos de hasta once. Mientras, las tres pruebas para el grupo Oro se han realizado con normalidad, por el contrario en el grupo Plata el Comit\u00e9 ha tenido que realizar sendas llamadas generales en las dos primeras salidas del d\u00eda.<\/p>\n<p>Al frente del grupo Oro ha navegado Nikko Palou, quien ha ganado dos de las tres pruebas del d\u00eda, siendo segundo en la otra. As\u00ed, no le ha hecho falta marcar a sus principales adversarios, puesto que con esas posiciones se ha garantizado directamente mantenerse en cabeza de la flota y ganar conjuntamente en las categor\u00eda Absoluta y Sub19 masculina.<\/p>\n<p>David Sales (RCM Santander) ha ganado la segunda prueba del d\u00eda en el grupo ORO.<\/p>\n<p>En el grupo Plata, Iker M\u00fagica (CN Cambrills) ha sido el gran dominador de la jornada, siendo el primero en cruzar la l\u00ednea de meta en las tres mangas disputadas.<\/p>\n<p>Este Campeonato de Espa\u00f1a se ha saldado con once de las doce pruebas previstas, despu\u00e9s del desaf\u00edo que han supuesto para el Comit\u00e9 las condiciones en el campo de regata.<\/p>\n<p>Islas Baleares ha conseguido el t\u00edtulo de campeona de Espa\u00f1a por Comunidades Aut\u00f3nomas, despu\u00e9s del gran nivel exhibido por su equipo auton\u00f3mico en esta competici\u00f3n.<br \/>\n\n\t\t<style type=\"text\/css\">\n\t\t\t#gallery-1 {\n\t\t\t\tmargin: auto;\n\t\t\t}\n\t\t\t#gallery-1 .gallery-item {\n\t\t\t\tfloat: left;\n\t\t\t\tmargin-top: 10px;\n\t\t\t\ttext-align: center;\n\t\t\t\twidth: 33%;\n\t\t\t}\n\t\t\t#gallery-1 img {\n\t\t\t\tborder: 2px solid #cfcfcf;\n\t\t\t}\n\t\t\t#gallery-1 .gallery-caption {\n\t\t\t\tmargin-left: 0;\n\t\t\t}\n\t\t\t\/* see gallery_shortcode() in wp-includes\/media.php *\/\n\t\t<\/style>\n\t\t<div id='gallery-1' class='gallery galleryid-27702 gallery-columns-3 gallery-size-full'><dl class='gallery-item'>\n\t\t\t<dt class='gallery-icon landscape'>\n\t\t\t\t<a data-rel=\"iLightbox[postimages]\" data-title=\"Blanca Ferrando\" data-caption=\"\" href='https:\/\/www.realclubmaritimomelilla.es\/clmar\/melilla-corona-a-los-nuevos-campeones-nacionales-en-ilca6\/blanca-ferrando\/'><img decoding=\"async\" width=\"2126\" height=\"1875\" src=\"https:\/\/www.realclubmaritimomelilla.es\/clmar\/wp-content\/uploads\/Blanca-Ferrando.webp\" class=\"attachment-full size-full\" alt=\"\" srcset=\"https:\/\/www.realclubmaritimomelilla.es\/clmar\/wp-content\/uploads\/Blanca-Ferrando-200x176.webp 200w, https:\/\/www.realclubmaritimomelilla.es\/clmar\/wp-content\/uploads\/Blanca-Ferrando-300x265.webp 300w, https:\/\/www.realclubmaritimomelilla.es\/clmar\/wp-content\/uploads\/Blanca-Ferrando-400x353.webp 400w, https:\/\/www.realclubmaritimomelilla.es\/clmar\/wp-content\/uploads\/Blanca-Ferrando-600x529.webp 600w, https:\/\/www.realclubmaritimomelilla.es\/clmar\/wp-content\/uploads\/Blanca-Ferrando-768x677.webp 768w, https:\/\/www.realclubmaritimomelilla.es\/clmar\/wp-content\/uploads\/Blanca-Ferrando-800x706.webp 800w, https:\/\/www.realclubmaritimomelilla.es\/clmar\/wp-content\/uploads\/Blanca-Ferrando-1024x903.webp 1024w, https:\/\/www.realclubmaritimomelilla.es\/clmar\/wp-content\/uploads\/Blanca-Ferrando-1200x1058.webp 1200w, https:\/\/www.realclubmaritimomelilla.es\/clmar\/wp-content\/uploads\/Blanca-Ferrando-1536x1355.webp 1536w, https:\/\/www.realclubmaritimomelilla.es\/clmar\/wp-content\/uploads\/Blanca-Ferrando.webp 2126w\" sizes=\"(max-width: 2126px) 100vw, 2126px\" \/><\/a>\n\t\t\t<\/dt><\/dl><dl class='gallery-item'>\n\t\t\t<dt class='gallery-icon landscape'>\n\t\t\t\t<a data-rel=\"iLightbox[postimages]\" data-title=\"Irene de Tomas\" data-caption=\"\" href='https:\/\/www.realclubmaritimomelilla.es\/clmar\/melilla-corona-a-los-nuevos-campeones-nacionales-en-ilca6\/irene-de-tomas\/'><img decoding=\"async\" width=\"2126\" height=\"1902\" src=\"https:\/\/www.realclubmaritimomelilla.es\/clmar\/wp-content\/uploads\/Irene-de-Tomas.webp\" class=\"attachment-full size-full\" alt=\"\" srcset=\"https:\/\/www.realclubmaritimomelilla.es\/clmar\/wp-content\/uploads\/Irene-de-Tomas-200x179.webp 200w, https:\/\/www.realclubmaritimomelilla.es\/clmar\/wp-content\/uploads\/Irene-de-Tomas-300x268.webp 300w, https:\/\/www.realclubmaritimomelilla.es\/clmar\/wp-content\/uploads\/Irene-de-Tomas-400x358.webp 400w, https:\/\/www.realclubmaritimomelilla.es\/clmar\/wp-content\/uploads\/Irene-de-Tomas-600x537.webp 600w, https:\/\/www.realclubmaritimomelilla.es\/clmar\/wp-content\/uploads\/Irene-de-Tomas-768x687.webp 768w, https:\/\/www.realclubmaritimomelilla.es\/clmar\/wp-content\/uploads\/Irene-de-Tomas-800x716.webp 800w, https:\/\/www.realclubmaritimomelilla.es\/clmar\/wp-content\/uploads\/Irene-de-Tomas-1024x916.webp 1024w, https:\/\/www.realclubmaritimomelilla.es\/clmar\/wp-content\/uploads\/Irene-de-Tomas-1200x1074.webp 1200w, https:\/\/www.realclubmaritimomelilla.es\/clmar\/wp-content\/uploads\/Irene-de-Tomas-1536x1374.webp 1536w, https:\/\/www.realclubmaritimomelilla.es\/clmar\/wp-content\/uploads\/Irene-de-Tomas.webp 2126w\" sizes=\"(max-width: 2126px) 100vw, 2126px\" \/><\/a>\n\t\t\t<\/dt><\/dl><dl class='gallery-item'>\n\t\t\t<dt class='gallery-icon landscape'>\n\t\t\t\t<a data-rel=\"iLightbox[postimages]\" data-title=\"Nikko Palou\" data-caption=\"\" href='https:\/\/www.realclubmaritimomelilla.es\/clmar\/melilla-corona-a-los-nuevos-campeones-nacionales-en-ilca6\/nikko-palou-2\/'><img decoding=\"async\" width=\"2126\" height=\"1729\" src=\"https:\/\/www.realclubmaritimomelilla.es\/clmar\/wp-content\/uploads\/Nikko-Palou-1.webp\" class=\"attachment-full size-full\" alt=\"\" srcset=\"https:\/\/www.realclubmaritimomelilla.es\/clmar\/wp-content\/uploads\/Nikko-Palou-1-200x163.webp 200w, https:\/\/www.realclubmaritimomelilla.es\/clmar\/wp-content\/uploads\/Nikko-Palou-1-300x244.webp 300w, https:\/\/www.realclubmaritimomelilla.es\/clmar\/wp-content\/uploads\/Nikko-Palou-1-400x325.webp 400w, https:\/\/www.realclubmaritimomelilla.es\/clmar\/wp-content\/uploads\/Nikko-Palou-1-600x488.webp 600w, https:\/\/www.realclubmaritimomelilla.es\/clmar\/wp-content\/uploads\/Nikko-Palou-1-768x625.webp 768w, https:\/\/www.realclubmaritimomelilla.es\/clmar\/wp-content\/uploads\/Nikko-Palou-1-800x651.webp 800w, https:\/\/www.realclubmaritimomelilla.es\/clmar\/wp-content\/uploads\/Nikko-Palou-1-1024x833.webp 1024w, https:\/\/www.realclubmaritimomelilla.es\/clmar\/wp-content\/uploads\/Nikko-Palou-1-1200x976.webp 1200w, https:\/\/www.realclubmaritimomelilla.es\/clmar\/wp-content\/uploads\/Nikko-Palou-1-1536x1249.webp 1536w, https:\/\/www.realclubmaritimomelilla.es\/clmar\/wp-content\/uploads\/Nikko-Palou-1.webp 2126w\" sizes=\"(max-width: 2126px) 100vw, 2126px\" \/><\/a>\n\t\t\t<\/dt><\/dl><br style=\"clear: both\" \/>\n\t\t<\/div>\n<\/p>\n","protected":false},"excerpt":{"rendered":"<p>El balear Nikko Palou, en absoluto y sub19 masculino. Mientras que las valencianas Irene de Tom\u00e1s, en absoluto y sub21 femenino, as\u00ed como Blanca Ferrando, en sub19 femenino son las nuevas campeonas de Espa\u00f1a. Islas Baleares, la mejor comunidad aut\u00f3noma del Campeonato El Campeonato de Espa\u00f1a Ilca6 ha concluido este domingo en la ciudad de [&hellip;]<\/p>\n","protected":false},"author":1,"featured_media":27706,"comment_status":"open","ping_status":"open","sticky":false,"template":"","format":"standard","meta":{"_acf_changed":false,"footnotes":""},"categories":[1],"tags":[],"class_list":["post-27702","post","type-post","status-publish","format-standard","has-post-thumbnail","hentry","category-sin-categoria"],"acf":[],"yoast_head":"<!-- This site is optimized with the Yoast SEO plugin v26.9 - https:\/\/yoast.com\/product\/yoast-seo-wordpress\/ -->\n<title>MELILLA CORONA A LOS NUEVOS CAMPEONES NACIONALES EN ILCA6 - Real Club Mar\u00edtimo de Melilla<\/title>\n<meta name=\"description\" content=\"MELILLA CORONA A LOS NUEVOS CAMPEONES NACIONALES EN ILCA6 -\" \/>\n<meta name=\"robots\" content=\"index, follow, max-snippet:-1, max-image-preview:large, max-video-preview:-1\" \/>\n<link rel=\"canonical\" href=\"https:\/\/www.realclubmaritimomelilla.es\/clmar\/melilla-corona-a-los-nuevos-campeones-nacionales-en-ilca6\/\" \/>\n<meta property=\"og:locale\" content=\"es_ES\" \/>\n<meta property=\"og:type\" content=\"article\" \/>\n<meta property=\"og:title\" content=\"MELILLA CORONA A LOS NUEVOS CAMPEONES NACIONALES EN ILCA6 - Real Club Mar\u00edtimo de Melilla\" \/>\n<meta property=\"og:description\" content=\"MELILLA CORONA A LOS NUEVOS CAMPEONES NACIONALES EN ILCA6 -\" \/>\n<meta property=\"og:url\" content=\"https:\/\/www.realclubmaritimomelilla.es\/clmar\/melilla-corona-a-los-nuevos-campeones-nacionales-en-ilca6\/\" \/>\n<meta property=\"og:site_name\" content=\"Real Club Mar\u00edtimo de Melilla\" \/>\n<meta property=\"article:publisher\" content=\"https:\/\/www.facebook.com\/Real-Club-Mar%c3%adtimo-de-Melilla-588495841234214\/\" \/>\n<meta property=\"article:published_time\" content=\"2026-04-26T15:40:39+00:00\" \/>\n<meta property=\"article:modified_time\" content=\"2026-04-26T15:42:47+00:00\" \/>\n<meta property=\"og:image\" content=\"https:\/\/www.realclubmaritimomelilla.es\/clmar\/wp-content\/uploads\/flota-10.webp\" \/>\n\t<meta property=\"og:image:width\" content=\"1417\" \/>\n\t<meta property=\"og:image:height\" content=\"1142\" \/>\n\t<meta property=\"og:image:type\" content=\"image\/jpeg\" \/>\n<meta name=\"author\" content=\"RCMMelilla\" \/>\n<meta name=\"twitter:card\" content=\"summary_large_image\" \/>\n<meta name=\"twitter:creator\" content=\"@nauticarcmm\" \/>\n<meta name=\"twitter:site\" content=\"@nauticarcmm\" \/>\n<meta name=\"twitter:label1\" content=\"Escrito por\" \/>\n\t<meta name=\"twitter:data1\" content=\"RCMMelilla\" \/>\n\t<meta name=\"twitter:label2\" content=\"Tiempo de lectura\" \/>\n\t<meta name=\"twitter:data2\" content=\"2 minutos\" \/>\n<script type=\"application\/ld+json\" class=\"yoast-schema-graph\">{\"@context\":\"https:\/\/schema.org\",\"@graph\":[{\"@type\":\"Article\",\"@id\":\"https:\/\/www.realclubmaritimomelilla.es\/clmar\/melilla-corona-a-los-nuevos-campeones-nacionales-en-ilca6\/#article\",\"isPartOf\":{\"@id\":\"https:\/\/www.realclubmaritimomelilla.es\/clmar\/melilla-corona-a-los-nuevos-campeones-nacionales-en-ilca6\/\"},\"author\":{\"name\":\"RCMMelilla\",\"@id\":\"https:\/\/www.realclubmaritimomelilla.es\/clmar\/#\/schema\/person\/ebaa3713496dc6d48c872452e73a8e79\"},\"headline\":\"MELILLA CORONA A LOS NUEVOS CAMPEONES NACIONALES EN ILCA6\",\"datePublished\":\"2026-04-26T15:40:39+00:00\",\"dateModified\":\"2026-04-26T15:42:47+00:00\",\"mainEntityOfPage\":{\"@id\":\"https:\/\/www.realclubmaritimomelilla.es\/clmar\/melilla-corona-a-los-nuevos-campeones-nacionales-en-ilca6\/\"},\"wordCount\":408,\"commentCount\":0,\"publisher\":{\"@id\":\"https:\/\/www.realclubmaritimomelilla.es\/clmar\/#organization\"},\"image\":{\"@id\":\"https:\/\/www.realclubmaritimomelilla.es\/clmar\/melilla-corona-a-los-nuevos-campeones-nacionales-en-ilca6\/#primaryimage\"},\"thumbnailUrl\":\"https:\/\/www.realclubmaritimomelilla.es\/clmar\/wp-content\/uploads\/flota-10.webp\",\"inLanguage\":\"es\",\"potentialAction\":[{\"@type\":\"CommentAction\",\"name\":\"Comment\",\"target\":[\"https:\/\/www.realclubmaritimomelilla.es\/clmar\/melilla-corona-a-los-nuevos-campeones-nacionales-en-ilca6\/#respond\"]}]},{\"@type\":\"WebPage\",\"@id\":\"https:\/\/www.realclubmaritimomelilla.es\/clmar\/melilla-corona-a-los-nuevos-campeones-nacionales-en-ilca6\/\",\"url\":\"https:\/\/www.realclubmaritimomelilla.es\/clmar\/melilla-corona-a-los-nuevos-campeones-nacionales-en-ilca6\/\",\"name\":\"MELILLA CORONA A LOS NUEVOS CAMPEONES NACIONALES EN ILCA6 - Real Club Mar\u00edtimo de Melilla\",\"isPartOf\":{\"@id\":\"https:\/\/www.realclubmaritimomelilla.es\/clmar\/#website\"},\"primaryImageOfPage\":{\"@id\":\"https:\/\/www.realclubmaritimomelilla.es\/clmar\/melilla-corona-a-los-nuevos-campeones-nacionales-en-ilca6\/#primaryimage\"},\"image\":{\"@id\":\"https:\/\/www.realclubmaritimomelilla.es\/clmar\/melilla-corona-a-los-nuevos-campeones-nacionales-en-ilca6\/#primaryimage\"},\"thumbnailUrl\":\"https:\/\/www.realclubmaritimomelilla.es\/clmar\/wp-content\/uploads\/flota-10.webp\",\"datePublished\":\"2026-04-26T15:40:39+00:00\",\"dateModified\":\"2026-04-26T15:42:47+00:00\",\"description\":\"MELILLA CORONA A LOS NUEVOS CAMPEONES NACIONALES EN ILCA6 -\",\"breadcrumb\":{\"@id\":\"https:\/\/www.realclubmaritimomelilla.es\/clmar\/melilla-corona-a-los-nuevos-campeones-nacionales-en-ilca6\/#breadcrumb\"},\"inLanguage\":\"es\",\"potentialAction\":[{\"@type\":\"ReadAction\",\"target\":[\"https:\/\/www.realclubmaritimomelilla.es\/clmar\/melilla-corona-a-los-nuevos-campeones-nacionales-en-ilca6\/\"]}]},{\"@type\":\"ImageObject\",\"inLanguage\":\"es\",\"@id\":\"https:\/\/www.realclubmaritimomelilla.es\/clmar\/melilla-corona-a-los-nuevos-campeones-nacionales-en-ilca6\/#primaryimage\",\"url\":\"https:\/\/www.realclubmaritimomelilla.es\/clmar\/wp-content\/uploads\/flota-10.webp\",\"contentUrl\":\"https:\/\/www.realclubmaritimomelilla.es\/clmar\/wp-content\/uploads\/flota-10.webp\",\"width\":1417,\"height\":1142},{\"@type\":\"BreadcrumbList\",\"@id\":\"https:\/\/www.realclubmaritimomelilla.es\/clmar\/melilla-corona-a-los-nuevos-campeones-nacionales-en-ilca6\/#breadcrumb\",\"itemListElement\":[{\"@type\":\"ListItem\",\"position\":1,\"name\":\"Portada\",\"item\":\"https:\/\/www.realclubmaritimomelilla.es\/clmar\/\"},{\"@type\":\"ListItem\",\"position\":2,\"name\":\"MELILLA CORONA A LOS NUEVOS CAMPEONES NACIONALES EN ILCA6\"}]},{\"@type\":\"WebSite\",\"@id\":\"https:\/\/www.realclubmaritimomelilla.es\/clmar\/#website\",\"url\":\"https:\/\/www.realclubmaritimomelilla.es\/clmar\/\",\"name\":\"Real Club Mar\u00edtimo de Melilla\",\"description\":\"RCMM\",\"publisher\":{\"@id\":\"https:\/\/www.realclubmaritimomelilla.es\/clmar\/#organization\"},\"alternateName\":\"RCMM\",\"potentialAction\":[{\"@type\":\"SearchAction\",\"target\":{\"@type\":\"EntryPoint\",\"urlTemplate\":\"https:\/\/www.realclubmaritimomelilla.es\/clmar\/?s={search_term_string}\"},\"query-input\":{\"@type\":\"PropertyValueSpecification\",\"valueRequired\":true,\"valueName\":\"search_term_string\"}}],\"inLanguage\":\"es\"},{\"@type\":\"Organization\",\"@id\":\"https:\/\/www.realclubmaritimomelilla.es\/clmar\/#organization\",\"name\":\"Real Club Mar\u00edtimo de Melilla\",\"alternateName\":\"RCMM\",\"url\":\"https:\/\/www.realclubmaritimomelilla.es\/clmar\/\",\"logo\":{\"@type\":\"ImageObject\",\"inLanguage\":\"es\",\"@id\":\"https:\/\/www.realclubmaritimomelilla.es\/clmar\/#\/schema\/logo\/image\/\",\"url\":\"https:\/\/www.realclubmaritimomelilla.es\/clmar\/wp-content\/uploads\/logo-club-original-copia.jpg\",\"contentUrl\":\"https:\/\/www.realclubmaritimomelilla.es\/clmar\/wp-content\/uploads\/logo-club-original-copia.jpg\",\"width\":128,\"height\":89,\"caption\":\"Real Club Mar\u00edtimo de Melilla\"},\"image\":{\"@id\":\"https:\/\/www.realclubmaritimomelilla.es\/clmar\/#\/schema\/logo\/image\/\"},\"sameAs\":[\"https:\/\/www.facebook.com\/Real-Club-Mar\u00edtimo-de-Melilla-588495841234214\/\",\"https:\/\/x.com\/nauticarcmm\",\"https:\/\/www.instagram.com\/club_maritimo_melilla\/\",\"https:\/\/www.youtube.com\/@realclubmaritimodemelilla4703\",\"https:\/\/es.wikipedia.org\/wiki\/Real_Club_Mar\u00edtimo_de_Melilla\"]},{\"@type\":\"Person\",\"@id\":\"https:\/\/www.realclubmaritimomelilla.es\/clmar\/#\/schema\/person\/ebaa3713496dc6d48c872452e73a8e79\",\"name\":\"RCMMelilla\",\"image\":{\"@type\":\"ImageObject\",\"inLanguage\":\"es\",\"@id\":\"https:\/\/www.realclubmaritimomelilla.es\/clmar\/#\/schema\/person\/image\/\",\"url\":\"https:\/\/secure.gravatar.com\/avatar\/df1c24789360fb9308735c4ee556fc2bc5bf924bf01e53043b8b97ba272da33c?s=96&d=mm&r=g\",\"contentUrl\":\"https:\/\/secure.gravatar.com\/avatar\/df1c24789360fb9308735c4ee556fc2bc5bf924bf01e53043b8b97ba272da33c?s=96&d=mm&r=g\",\"caption\":\"RCMMelilla\"}}]}<\/script>\n<!-- \/ Yoast SEO plugin. -->","yoast_head_json":{"title":"MELILLA CORONA A LOS NUEVOS CAMPEONES NACIONALES EN ILCA6 - Real Club Mar\u00edtimo de Melilla","description":"MELILLA CORONA A LOS NUEVOS CAMPEONES NACIONALES EN ILCA6 -","robots":{"index":"index","follow":"follow","max-snippet":"max-snippet:-1","max-image-preview":"max-image-preview:large","max-video-preview":"max-video-preview:-1"},"canonical":"https:\/\/www.realclubmaritimomelilla.es\/clmar\/melilla-corona-a-los-nuevos-campeones-nacionales-en-ilca6\/","og_locale":"es_ES","og_type":"article","og_title":"MELILLA CORONA A LOS NUEVOS CAMPEONES NACIONALES EN ILCA6 - Real Club Mar\u00edtimo de Melilla","og_description":"MELILLA CORONA A LOS NUEVOS CAMPEONES NACIONALES EN ILCA6 -","og_url":"https:\/\/www.realclubmaritimomelilla.es\/clmar\/melilla-corona-a-los-nuevos-campeones-nacionales-en-ilca6\/","og_site_name":"Real Club Mar\u00edtimo de Melilla","article_publisher":"https:\/\/www.facebook.com\/Real-Club-Mar%c3%adtimo-de-Melilla-588495841234214\/","article_published_time":"2026-04-26T15:40:39+00:00","article_modified_time":"2026-04-26T15:42:47+00:00","og_image":[{"width":1417,"height":1142,"url":"https:\/\/www.realclubmaritimomelilla.es\/clmar\/wp-content\/uploads\/flota-10.webp","type":"image\/jpeg"}],"author":"RCMMelilla","twitter_card":"summary_large_image","twitter_creator":"@nauticarcmm","twitter_site":"@nauticarcmm","twitter_misc":{"Escrito por":"RCMMelilla","Tiempo de lectura":"2 minutos"},"schema":{"@context":"https:\/\/schema.org","@graph":[{"@type":"Article","@id":"https:\/\/www.realclubmaritimomelilla.es\/clmar\/melilla-corona-a-los-nuevos-campeones-nacionales-en-ilca6\/#article","isPartOf":{"@id":"https:\/\/www.realclubmaritimomelilla.es\/clmar\/melilla-corona-a-los-nuevos-campeones-nacionales-en-ilca6\/"},"author":{"name":"RCMMelilla","@id":"https:\/\/www.realclubmaritimomelilla.es\/clmar\/#\/schema\/person\/ebaa3713496dc6d48c872452e73a8e79"},"headline":"MELILLA CORONA A LOS NUEVOS CAMPEONES NACIONALES EN ILCA6","datePublished":"2026-04-26T15:40:39+00:00","dateModified":"2026-04-26T15:42:47+00:00","mainEntityOfPage":{"@id":"https:\/\/www.realclubmaritimomelilla.es\/clmar\/melilla-corona-a-los-nuevos-campeones-nacionales-en-ilca6\/"},"wordCount":408,"commentCount":0,"publisher":{"@id":"https:\/\/www.realclubmaritimomelilla.es\/clmar\/#organization"},"image":{"@id":"https:\/\/www.realclubmaritimomelilla.es\/clmar\/melilla-corona-a-los-nuevos-campeones-nacionales-en-ilca6\/#primaryimage"},"thumbnailUrl":"https:\/\/www.realclubmaritimomelilla.es\/clmar\/wp-content\/uploads\/flota-10.webp","inLanguage":"es","potentialAction":[{"@type":"CommentAction","name":"Comment","target":["https:\/\/www.realclubmaritimomelilla.es\/clmar\/melilla-corona-a-los-nuevos-campeones-nacionales-en-ilca6\/#respond"]}]},{"@type":"WebPage","@id":"https:\/\/www.realclubmaritimomelilla.es\/clmar\/melilla-corona-a-los-nuevos-campeones-nacionales-en-ilca6\/","url":"https:\/\/www.realclubmaritimomelilla.es\/clmar\/melilla-corona-a-los-nuevos-campeones-nacionales-en-ilca6\/","name":"MELILLA CORONA A LOS NUEVOS CAMPEONES NACIONALES EN ILCA6 - Real Club Mar\u00edtimo de Melilla","isPartOf":{"@id":"https:\/\/www.realclubmaritimomelilla.es\/clmar\/#website"},"primaryImageOfPage":{"@id":"https:\/\/www.realclubmaritimomelilla.es\/clmar\/melilla-corona-a-los-nuevos-campeones-nacionales-en-ilca6\/#primaryimage"},"image":{"@id":"https:\/\/www.realclubmaritimomelilla.es\/clmar\/melilla-corona-a-los-nuevos-campeones-nacionales-en-ilca6\/#primaryimage"},"thumbnailUrl":"https:\/\/www.realclubmaritimomelilla.es\/clmar\/wp-content\/uploads\/flota-10.webp","datePublished":"2026-04-26T15:40:39+00:00","dateModified":"2026-04-26T15:42:47+00:00","description":"MELILLA CORONA A LOS NUEVOS CAMPEONES NACIONALES EN ILCA6 -","breadcrumb":{"@id":"https:\/\/www.realclubmaritimomelilla.es\/clmar\/melilla-corona-a-los-nuevos-campeones-nacionales-en-ilca6\/#breadcrumb"},"inLanguage":"es","potentialAction":[{"@type":"ReadAction","target":["https:\/\/www.realclubmaritimomelilla.es\/clmar\/melilla-corona-a-los-nuevos-campeones-nacionales-en-ilca6\/"]}]},{"@type":"ImageObject","inLanguage":"es","@id":"https:\/\/www.realclubmaritimomelilla.es\/clmar\/melilla-corona-a-los-nuevos-campeones-nacionales-en-ilca6\/#primaryimage","url":"https:\/\/www.realclubmaritimomelilla.es\/clmar\/wp-content\/uploads\/flota-10.webp","contentUrl":"https:\/\/www.realclubmaritimomelilla.es\/clmar\/wp-content\/uploads\/flota-10.webp","width":1417,"height":1142},{"@type":"BreadcrumbList","@id":"https:\/\/www.realclubmaritimomelilla.es\/clmar\/melilla-corona-a-los-nuevos-campeones-nacionales-en-ilca6\/#breadcrumb","itemListElement":[{"@type":"ListItem","position":1,"name":"Portada","item":"https:\/\/www.realclubmaritimomelilla.es\/clmar\/"},{"@type":"ListItem","position":2,"name":"MELILLA CORONA A LOS NUEVOS CAMPEONES NACIONALES EN ILCA6"}]},{"@type":"WebSite","@id":"https:\/\/www.realclubmaritimomelilla.es\/clmar\/#website","url":"https:\/\/www.realclubmaritimomelilla.es\/clmar\/","name":"Real Club Mar\u00edtimo de Melilla","description":"RCMM","publisher":{"@id":"https:\/\/www.realclubmaritimomelilla.es\/clmar\/#organization"},"alternateName":"RCMM","potentialAction":[{"@type":"SearchAction","target":{"@type":"EntryPoint","urlTemplate":"https:\/\/www.realclubmaritimomelilla.es\/clmar\/?s={search_term_string}"},"query-input":{"@type":"PropertyValueSpecification","valueRequired":true,"valueName":"search_term_string"}}],"inLanguage":"es"},{"@type":"Organization","@id":"https:\/\/www.realclubmaritimomelilla.es\/clmar\/#organization","name":"Real Club Mar\u00edtimo de Melilla","alternateName":"RCMM","url":"https:\/\/www.realclubmaritimomelilla.es\/clmar\/","logo":{"@type":"ImageObject","inLanguage":"es","@id":"https:\/\/www.realclubmaritimomelilla.es\/clmar\/#\/schema\/logo\/image\/","url":"https:\/\/www.realclubmaritimomelilla.es\/clmar\/wp-content\/uploads\/logo-club-original-copia.jpg","contentUrl":"https:\/\/www.realclubmaritimomelilla.es\/clmar\/wp-content\/uploads\/logo-club-original-copia.jpg","width":128,"height":89,"caption":"Real Club Mar\u00edtimo de Melilla"},"image":{"@id":"https:\/\/www.realclubmaritimomelilla.es\/clmar\/#\/schema\/logo\/image\/"},"sameAs":["https:\/\/www.facebook.com\/Real-Club-Mar\u00edtimo-de-Melilla-588495841234214\/","https:\/\/x.com\/nauticarcmm","https:\/\/www.instagram.com\/club_maritimo_melilla\/","https:\/\/www.youtube.com\/@realclubmaritimodemelilla4703","https:\/\/es.wikipedia.org\/wiki\/Real_Club_Mar\u00edtimo_de_Melilla"]},{"@type":"Person","@id":"https:\/\/www.realclubmaritimomelilla.es\/clmar\/#\/schema\/person\/ebaa3713496dc6d48c872452e73a8e79","name":"RCMMelilla","image":{"@type":"ImageObject","inLanguage":"es","@id":"https:\/\/www.realclubmaritimomelilla.es\/clmar\/#\/schema\/person\/image\/","url":"https:\/\/secure.gravatar.com\/avatar\/df1c24789360fb9308735c4ee556fc2bc5bf924bf01e53043b8b97ba272da33c?s=96&d=mm&r=g","contentUrl":"https:\/\/secure.gravatar.com\/avatar\/df1c24789360fb9308735c4ee556fc2bc5bf924bf01e53043b8b97ba272da33c?s=96&d=mm&r=g","caption":"RCMMelilla"}}]}},"_links":{"self":[{"href":"https:\/\/www.realclubmaritimomelilla.es\/clmar\/wp-json\/wp\/v2\/posts\/27702","targetHints":{"allow":["GET"]}}],"collection":[{"href":"https:\/\/www.realclubmaritimomelilla.es\/clmar\/wp-json\/wp\/v2\/posts"}],"about":[{"href":"https:\/\/www.realclubmaritimomelilla.es\/clmar\/wp-json\/wp\/v2\/types\/post"}],"author":[{"embeddable":true,"href":"https:\/\/www.realclubmaritimomelilla.es\/clmar\/wp-json\/wp\/v2\/users\/1"}],"replies":[{"embeddable":true,"href":"https:\/\/www.realclubmaritimomelilla.es\/clmar\/wp-json\/wp\/v2\/comments?post=27702"}],"version-history":[{"count":3,"href":"https:\/\/www.realclubmaritimomelilla.es\/clmar\/wp-json\/wp\/v2\/posts\/27702\/revisions"}],"predecessor-version":[{"id":27709,"href":"https:\/\/www.realclubmaritimomelilla.es\/clmar\/wp-json\/wp\/v2\/posts\/27702\/revisions\/27709"}],"wp:featuredmedia":[{"embeddable":true,"href":"https:\/\/www.realclubmaritimomelilla.es\/clmar\/wp-json\/wp\/v2\/media\/27706"}],"wp:attachment":[{"href":"https:\/\/www.realclubmaritimomelilla.es\/clmar\/wp-json\/wp\/v2\/media?parent=27702"}],"wp:term":[{"taxonomy":"category","embeddable":true,"href":"https:\/\/www.realclubmaritimomelilla.es\/clmar\/wp-json\/wp\/v2\/categories?post=27702"},{"taxonomy":"post_tag","embeddable":true,"href":"https:\/\/www.realclubmaritimomelilla.es\/clmar\/wp-json\/wp\/v2\/tags?post=27702"}],"curies":[{"name":"wp","href":"https:\/\/api.w.org\/{rel}","templated":true}]}}