{"id":27337,"date":"2026-03-12T18:10:30","date_gmt":"2026-03-12T17:10:30","guid":{"rendered":"https:\/\/www.realclubmaritimomelilla.es\/clmar\/?p=27337"},"modified":"2026-03-24T09:44:39","modified_gmt":"2026-03-24T08:44:39","slug":"las-xiii-jornadas-culturales-rcmm-y-el-ciclo-de-la-mujer-2026-continuan-este-viernes-con-una-conferencia-sobre-coleccionismo-femenino-en-el-siglo-xix","status":"publish","type":"post","link":"https:\/\/www.realclubmaritimomelilla.es\/clmar\/las-xiii-jornadas-culturales-rcmm-y-el-ciclo-de-la-mujer-2026-continuan-este-viernes-con-una-conferencia-sobre-coleccionismo-femenino-en-el-siglo-xix\/","title":{"rendered":"Las XIII Jornadas Culturales RCMM y el \u2018Ciclo de la Mujer 2026\u2019 contin\u00faan este viernes con una conferencia sobre coleccionismo femenino en el siglo XIX"},"content":{"rendered":"<p>Este viernes, 13 de marzo, nueva cita en el marco de las XIII Jornadas Culturales del Real Club Mar\u00edtimo de Melilla (RCMM) y el \u2018Ciclo de la Mujer 2026\u2019. La licenciada en Derecho y graduada en Historia del Arte por la Universidad de Sevilla, Mar\u00eda Reyes Damigo Gonz\u00e1lez, impartir\u00e1 la conferencia titulada \u201cEl coleccionismo femenino en la Andaluc\u00eda del siglo XIX\u201d.<br \/>\nEl evento, organizado por el RCMM en colaboraci\u00f3n con la Viceconsejer\u00eda de Igualdad y Mujer de la ciudad aut\u00f3noma, forma parte de una programaci\u00f3n especial de marzo destinada a subrayar el papel de la mujer en distintos \u00e1mbitos culturales. Adem\u00e1s de este ciclo de conferencias, se mantiene abierta la exposici\u00f3n \u201cLa mujer en la pintura espa\u00f1ola del siglo XIX\u201d, que complementa la reflexi\u00f3n sobre la presencia femenina en el arte y la sociedad.<br \/>\nDurante su intervenci\u00f3n, Damigo Gonz\u00e1lez centrar\u00e1 el an\u00e1lisis en la figura de la Condesa de Lebrija, considerada un referente del coleccionismo femenino en la Andaluc\u00eda decimon\u00f3nica. La conferenciante abordar\u00e1 la compleja red de relaciones de la Condesa con mujeres de diversa condici\u00f3n \u2014casadas, viudas y separadas\u2014 y c\u00f3mo estas conexiones influyeron en pr\u00e1cticas de adquisici\u00f3n, acumulaci\u00f3n y dispersi\u00f3n de obras de arte y objetos de colecci\u00f3n.<br \/>\nLa cita tendr\u00e1 lugar en la sala de conferencias del Real Club Mar\u00edtimo de Melilla a las 20:30 horas, con acceso libre hasta completar aforo. Se trata de una oportunidad para conocer de cerca la historia del coleccionismo femenino y la relevancia cultural de la mujer en el siglo XIX andaluz.<\/p>\n","protected":false},"excerpt":{"rendered":"<p>Este viernes, 13 de marzo, nueva cita en el marco de las XIII Jornadas Culturales del Real Club Mar\u00edtimo de Melilla (RCMM) y el \u2018Ciclo de la Mujer 2026\u2019. La licenciada en Derecho y graduada en Historia del Arte por la Universidad de Sevilla, Mar\u00eda Reyes Damigo Gonz\u00e1lez, impartir\u00e1 la conferencia titulada \u201cEl coleccionismo femenino [&hellip;]<\/p>\n","protected":false},"author":1,"featured_media":27338,"comment_status":"open","ping_status":"open","sticky":false,"template":"","format":"standard","meta":{"_acf_changed":false,"footnotes":""},"categories":[41],"tags":[],"class_list":["post-27337","post","type-post","status-publish","format-standard","has-post-thumbnail","hentry","category-jornadas"],"acf":[],"yoast_head":"<!-- This site is optimized with the Yoast SEO plugin v27.5 - https:\/\/yoast.com\/product\/yoast-seo-wordpress\/ -->\n<title>Las XIII Jornadas Culturales RCMM y el \u2018Ciclo de la Mujer 2026\u2019 contin\u00faan este viernes con una conferencia sobre coleccionismo femenino en el siglo XIX - Real Club Mar\u00edtimo de Melilla<\/title>\n<meta name=\"description\" content=\"Damigo Gonz\u00e1lez centrar\u00e1 el an\u00e1lisis en la figura de la Condesa de Lebrija, considerada un referente del coleccionismo femenino en la Andaluc\u00eda decimon\u00f3nica\" \/>\n<meta name=\"robots\" content=\"index, follow, max-snippet:-1, max-image-preview:large, max-video-preview:-1\" \/>\n<link rel=\"canonical\" href=\"https:\/\/www.realclubmaritimomelilla.es\/clmar\/las-xiii-jornadas-culturales-rcmm-y-el-ciclo-de-la-mujer-2026-continuan-este-viernes-con-una-conferencia-sobre-coleccionismo-femenino-en-el-siglo-xix\/\" \/>\n<meta property=\"og:locale\" content=\"es_ES\" \/>\n<meta property=\"og:type\" content=\"article\" \/>\n<meta property=\"og:title\" content=\"Las XIII Jornadas Culturales RCMM y el \u2018Ciclo de la Mujer 2026\u2019 contin\u00faan este viernes con una conferencia sobre coleccionismo femenino en el siglo XIX - Real Club Mar\u00edtimo de Melilla\" \/>\n<meta property=\"og:description\" content=\"Damigo Gonz\u00e1lez centrar\u00e1 el an\u00e1lisis en la figura de la Condesa de Lebrija, considerada un referente del coleccionismo femenino en la Andaluc\u00eda decimon\u00f3nica\" \/>\n<meta property=\"og:url\" content=\"https:\/\/www.realclubmaritimomelilla.es\/clmar\/las-xiii-jornadas-culturales-rcmm-y-el-ciclo-de-la-mujer-2026-continuan-este-viernes-con-una-conferencia-sobre-coleccionismo-femenino-en-el-siglo-xix\/\" \/>\n<meta property=\"og:site_name\" content=\"Real Club Mar\u00edtimo de Melilla\" \/>\n<meta property=\"article:publisher\" content=\"https:\/\/www.facebook.com\/Real-Club-Mar%c3%adtimo-de-Melilla-588495841234214\/\" \/>\n<meta property=\"article:published_time\" content=\"2026-03-12T17:10:30+00:00\" \/>\n<meta property=\"article:modified_time\" content=\"2026-03-24T08:44:39+00:00\" \/>\n<meta property=\"og:image\" content=\"https:\/\/www.realclubmaritimomelilla.es\/clmar\/wp-content\/uploads\/cartel-conferencia-1.webp\" \/>\n\t<meta property=\"og:image:width\" content=\"641\" \/>\n\t<meta property=\"og:image:height\" content=\"911\" \/>\n\t<meta property=\"og:image:type\" content=\"image\/jpeg\" \/>\n<meta name=\"author\" content=\"RCMMelilla\" \/>\n<meta name=\"twitter:card\" content=\"summary_large_image\" \/>\n<meta name=\"twitter:creator\" content=\"@nauticarcmm\" \/>\n<meta name=\"twitter:site\" content=\"@nauticarcmm\" \/>\n<meta name=\"twitter:label1\" content=\"Escrito por\" \/>\n\t<meta name=\"twitter:data1\" content=\"RCMMelilla\" \/>\n\t<meta name=\"twitter:label2\" content=\"Tiempo de lectura\" \/>\n\t<meta name=\"twitter:data2\" content=\"2 minutos\" \/>\n<script type=\"application\/ld+json\" class=\"yoast-schema-graph\">{\"@context\":\"https:\\\/\\\/schema.org\",\"@graph\":[{\"@type\":\"Article\",\"@id\":\"https:\\\/\\\/www.realclubmaritimomelilla.es\\\/clmar\\\/las-xiii-jornadas-culturales-rcmm-y-el-ciclo-de-la-mujer-2026-continuan-este-viernes-con-una-conferencia-sobre-coleccionismo-femenino-en-el-siglo-xix\\\/#article\",\"isPartOf\":{\"@id\":\"https:\\\/\\\/www.realclubmaritimomelilla.es\\\/clmar\\\/las-xiii-jornadas-culturales-rcmm-y-el-ciclo-de-la-mujer-2026-continuan-este-viernes-con-una-conferencia-sobre-coleccionismo-femenino-en-el-siglo-xix\\\/\"},\"author\":{\"name\":\"RCMMelilla\",\"@id\":\"https:\\\/\\\/www.realclubmaritimomelilla.es\\\/clmar\\\/#\\\/schema\\\/person\\\/ebaa3713496dc6d48c872452e73a8e79\"},\"headline\":\"Las XIII Jornadas Culturales RCMM y el \u2018Ciclo de la Mujer 2026\u2019 contin\u00faan este viernes con una conferencia sobre coleccionismo femenino en el siglo XIX\",\"datePublished\":\"2026-03-12T17:10:30+00:00\",\"dateModified\":\"2026-03-24T08:44:39+00:00\",\"mainEntityOfPage\":{\"@id\":\"https:\\\/\\\/www.realclubmaritimomelilla.es\\\/clmar\\\/las-xiii-jornadas-culturales-rcmm-y-el-ciclo-de-la-mujer-2026-continuan-este-viernes-con-una-conferencia-sobre-coleccionismo-femenino-en-el-siglo-xix\\\/\"},\"wordCount\":298,\"commentCount\":0,\"publisher\":{\"@id\":\"https:\\\/\\\/www.realclubmaritimomelilla.es\\\/clmar\\\/#organization\"},\"image\":{\"@id\":\"https:\\\/\\\/www.realclubmaritimomelilla.es\\\/clmar\\\/las-xiii-jornadas-culturales-rcmm-y-el-ciclo-de-la-mujer-2026-continuan-este-viernes-con-una-conferencia-sobre-coleccionismo-femenino-en-el-siglo-xix\\\/#primaryimage\"},\"thumbnailUrl\":\"https:\\\/\\\/www.realclubmaritimomelilla.es\\\/clmar\\\/wp-content\\\/uploads\\\/cartel-conferencia-1.webp\",\"articleSection\":[\"Jornadas\"],\"inLanguage\":\"es\",\"potentialAction\":[{\"@type\":\"CommentAction\",\"name\":\"Comment\",\"target\":[\"https:\\\/\\\/www.realclubmaritimomelilla.es\\\/clmar\\\/las-xiii-jornadas-culturales-rcmm-y-el-ciclo-de-la-mujer-2026-continuan-este-viernes-con-una-conferencia-sobre-coleccionismo-femenino-en-el-siglo-xix\\\/#respond\"]}]},{\"@type\":\"WebPage\",\"@id\":\"https:\\\/\\\/www.realclubmaritimomelilla.es\\\/clmar\\\/las-xiii-jornadas-culturales-rcmm-y-el-ciclo-de-la-mujer-2026-continuan-este-viernes-con-una-conferencia-sobre-coleccionismo-femenino-en-el-siglo-xix\\\/\",\"url\":\"https:\\\/\\\/www.realclubmaritimomelilla.es\\\/clmar\\\/las-xiii-jornadas-culturales-rcmm-y-el-ciclo-de-la-mujer-2026-continuan-este-viernes-con-una-conferencia-sobre-coleccionismo-femenino-en-el-siglo-xix\\\/\",\"name\":\"Las XIII Jornadas Culturales RCMM y el \u2018Ciclo de la Mujer 2026\u2019 contin\u00faan este viernes con una conferencia sobre coleccionismo femenino en el siglo XIX - Real Club Mar\u00edtimo de Melilla\",\"isPartOf\":{\"@id\":\"https:\\\/\\\/www.realclubmaritimomelilla.es\\\/clmar\\\/#website\"},\"primaryImageOfPage\":{\"@id\":\"https:\\\/\\\/www.realclubmaritimomelilla.es\\\/clmar\\\/las-xiii-jornadas-culturales-rcmm-y-el-ciclo-de-la-mujer-2026-continuan-este-viernes-con-una-conferencia-sobre-coleccionismo-femenino-en-el-siglo-xix\\\/#primaryimage\"},\"image\":{\"@id\":\"https:\\\/\\\/www.realclubmaritimomelilla.es\\\/clmar\\\/las-xiii-jornadas-culturales-rcmm-y-el-ciclo-de-la-mujer-2026-continuan-este-viernes-con-una-conferencia-sobre-coleccionismo-femenino-en-el-siglo-xix\\\/#primaryimage\"},\"thumbnailUrl\":\"https:\\\/\\\/www.realclubmaritimomelilla.es\\\/clmar\\\/wp-content\\\/uploads\\\/cartel-conferencia-1.webp\",\"datePublished\":\"2026-03-12T17:10:30+00:00\",\"dateModified\":\"2026-03-24T08:44:39+00:00\",\"description\":\"Damigo Gonz\u00e1lez centrar\u00e1 el an\u00e1lisis en la figura de la Condesa de Lebrija, considerada un referente del coleccionismo femenino en la Andaluc\u00eda decimon\u00f3nica\",\"breadcrumb\":{\"@id\":\"https:\\\/\\\/www.realclubmaritimomelilla.es\\\/clmar\\\/las-xiii-jornadas-culturales-rcmm-y-el-ciclo-de-la-mujer-2026-continuan-este-viernes-con-una-conferencia-sobre-coleccionismo-femenino-en-el-siglo-xix\\\/#breadcrumb\"},\"inLanguage\":\"es\",\"potentialAction\":[{\"@type\":\"ReadAction\",\"target\":[\"https:\\\/\\\/www.realclubmaritimomelilla.es\\\/clmar\\\/las-xiii-jornadas-culturales-rcmm-y-el-ciclo-de-la-mujer-2026-continuan-este-viernes-con-una-conferencia-sobre-coleccionismo-femenino-en-el-siglo-xix\\\/\"]}]},{\"@type\":\"ImageObject\",\"inLanguage\":\"es\",\"@id\":\"https:\\\/\\\/www.realclubmaritimomelilla.es\\\/clmar\\\/las-xiii-jornadas-culturales-rcmm-y-el-ciclo-de-la-mujer-2026-continuan-este-viernes-con-una-conferencia-sobre-coleccionismo-femenino-en-el-siglo-xix\\\/#primaryimage\",\"url\":\"https:\\\/\\\/www.realclubmaritimomelilla.es\\\/clmar\\\/wp-content\\\/uploads\\\/cartel-conferencia-1.webp\",\"contentUrl\":\"https:\\\/\\\/www.realclubmaritimomelilla.es\\\/clmar\\\/wp-content\\\/uploads\\\/cartel-conferencia-1.webp\",\"width\":641,\"height\":911},{\"@type\":\"BreadcrumbList\",\"@id\":\"https:\\\/\\\/www.realclubmaritimomelilla.es\\\/clmar\\\/las-xiii-jornadas-culturales-rcmm-y-el-ciclo-de-la-mujer-2026-continuan-este-viernes-con-una-conferencia-sobre-coleccionismo-femenino-en-el-siglo-xix\\\/#breadcrumb\",\"itemListElement\":[{\"@type\":\"ListItem\",\"position\":1,\"name\":\"Portada\",\"item\":\"https:\\\/\\\/www.realclubmaritimomelilla.es\\\/clmar\\\/\"},{\"@type\":\"ListItem\",\"position\":2,\"name\":\"Las XIII Jornadas Culturales RCMM y el \u2018Ciclo de la Mujer 2026\u2019 contin\u00faan este viernes con una conferencia sobre coleccionismo femenino en el siglo XIX\"}]},{\"@type\":\"WebSite\",\"@id\":\"https:\\\/\\\/www.realclubmaritimomelilla.es\\\/clmar\\\/#website\",\"url\":\"https:\\\/\\\/www.realclubmaritimomelilla.es\\\/clmar\\\/\",\"name\":\"Real Club Mar\u00edtimo de Melilla\",\"description\":\"RCMM\",\"publisher\":{\"@id\":\"https:\\\/\\\/www.realclubmaritimomelilla.es\\\/clmar\\\/#organization\"},\"alternateName\":\"RCMM\",\"potentialAction\":[{\"@type\":\"SearchAction\",\"target\":{\"@type\":\"EntryPoint\",\"urlTemplate\":\"https:\\\/\\\/www.realclubmaritimomelilla.es\\\/clmar\\\/?s={search_term_string}\"},\"query-input\":{\"@type\":\"PropertyValueSpecification\",\"valueRequired\":true,\"valueName\":\"search_term_string\"}}],\"inLanguage\":\"es\"},{\"@type\":\"Organization\",\"@id\":\"https:\\\/\\\/www.realclubmaritimomelilla.es\\\/clmar\\\/#organization\",\"name\":\"Real Club Mar\u00edtimo de Melilla\",\"alternateName\":\"RCMM\",\"url\":\"https:\\\/\\\/www.realclubmaritimomelilla.es\\\/clmar\\\/\",\"logo\":{\"@type\":\"ImageObject\",\"inLanguage\":\"es\",\"@id\":\"https:\\\/\\\/www.realclubmaritimomelilla.es\\\/clmar\\\/#\\\/schema\\\/logo\\\/image\\\/\",\"url\":\"https:\\\/\\\/www.realclubmaritimomelilla.es\\\/clmar\\\/wp-content\\\/uploads\\\/logo-club-original-copia.jpg\",\"contentUrl\":\"https:\\\/\\\/www.realclubmaritimomelilla.es\\\/clmar\\\/wp-content\\\/uploads\\\/logo-club-original-copia.jpg\",\"width\":128,\"height\":89,\"caption\":\"Real Club Mar\u00edtimo de Melilla\"},\"image\":{\"@id\":\"https:\\\/\\\/www.realclubmaritimomelilla.es\\\/clmar\\\/#\\\/schema\\\/logo\\\/image\\\/\"},\"sameAs\":[\"https:\\\/\\\/www.facebook.com\\\/Real-Club-Mar\u00edtimo-de-Melilla-588495841234214\\\/\",\"https:\\\/\\\/x.com\\\/nauticarcmm\",\"https:\\\/\\\/www.instagram.com\\\/club_maritimo_melilla\\\/\",\"https:\\\/\\\/www.youtube.com\\\/@realclubmaritimodemelilla4703\",\"https:\\\/\\\/es.wikipedia.org\\\/wiki\\\/Real_Club_Mar\u00edtimo_de_Melilla\"]},{\"@type\":\"Person\",\"@id\":\"https:\\\/\\\/www.realclubmaritimomelilla.es\\\/clmar\\\/#\\\/schema\\\/person\\\/ebaa3713496dc6d48c872452e73a8e79\",\"name\":\"RCMMelilla\",\"image\":{\"@type\":\"ImageObject\",\"inLanguage\":\"es\",\"@id\":\"https:\\\/\\\/secure.gravatar.com\\\/avatar\\\/df1c24789360fb9308735c4ee556fc2bc5bf924bf01e53043b8b97ba272da33c?s=96&d=mm&r=g\",\"url\":\"https:\\\/\\\/secure.gravatar.com\\\/avatar\\\/df1c24789360fb9308735c4ee556fc2bc5bf924bf01e53043b8b97ba272da33c?s=96&d=mm&r=g\",\"contentUrl\":\"https:\\\/\\\/secure.gravatar.com\\\/avatar\\\/df1c24789360fb9308735c4ee556fc2bc5bf924bf01e53043b8b97ba272da33c?s=96&d=mm&r=g\",\"caption\":\"RCMMelilla\"}}]}<\/script>\n<!-- \/ Yoast SEO plugin. -->","yoast_head_json":{"title":"Las XIII Jornadas Culturales RCMM y el \u2018Ciclo de la Mujer 2026\u2019 contin\u00faan este viernes con una conferencia sobre coleccionismo femenino en el siglo XIX - Real Club Mar\u00edtimo de Melilla","description":"Damigo Gonz\u00e1lez centrar\u00e1 el an\u00e1lisis en la figura de la Condesa de Lebrija, considerada un referente del coleccionismo femenino en la Andaluc\u00eda decimon\u00f3nica","robots":{"index":"index","follow":"follow","max-snippet":"max-snippet:-1","max-image-preview":"max-image-preview:large","max-video-preview":"max-video-preview:-1"},"canonical":"https:\/\/www.realclubmaritimomelilla.es\/clmar\/las-xiii-jornadas-culturales-rcmm-y-el-ciclo-de-la-mujer-2026-continuan-este-viernes-con-una-conferencia-sobre-coleccionismo-femenino-en-el-siglo-xix\/","og_locale":"es_ES","og_type":"article","og_title":"Las XIII Jornadas Culturales RCMM y el \u2018Ciclo de la Mujer 2026\u2019 contin\u00faan este viernes con una conferencia sobre coleccionismo femenino en el siglo XIX - Real Club Mar\u00edtimo de Melilla","og_description":"Damigo Gonz\u00e1lez centrar\u00e1 el an\u00e1lisis en la figura de la Condesa de Lebrija, considerada un referente del coleccionismo femenino en la Andaluc\u00eda decimon\u00f3nica","og_url":"https:\/\/www.realclubmaritimomelilla.es\/clmar\/las-xiii-jornadas-culturales-rcmm-y-el-ciclo-de-la-mujer-2026-continuan-este-viernes-con-una-conferencia-sobre-coleccionismo-femenino-en-el-siglo-xix\/","og_site_name":"Real Club Mar\u00edtimo de Melilla","article_publisher":"https:\/\/www.facebook.com\/Real-Club-Mar%c3%adtimo-de-Melilla-588495841234214\/","article_published_time":"2026-03-12T17:10:30+00:00","article_modified_time":"2026-03-24T08:44:39+00:00","og_image":[{"width":641,"height":911,"url":"https:\/\/www.realclubmaritimomelilla.es\/clmar\/wp-content\/uploads\/cartel-conferencia-1.webp","type":"image\/jpeg"}],"author":"RCMMelilla","twitter_card":"summary_large_image","twitter_creator":"@nauticarcmm","twitter_site":"@nauticarcmm","twitter_misc":{"Escrito por":"RCMMelilla","Tiempo de lectura":"2 minutos"},"schema":{"@context":"https:\/\/schema.org","@graph":[{"@type":"Article","@id":"https:\/\/www.realclubmaritimomelilla.es\/clmar\/las-xiii-jornadas-culturales-rcmm-y-el-ciclo-de-la-mujer-2026-continuan-este-viernes-con-una-conferencia-sobre-coleccionismo-femenino-en-el-siglo-xix\/#article","isPartOf":{"@id":"https:\/\/www.realclubmaritimomelilla.es\/clmar\/las-xiii-jornadas-culturales-rcmm-y-el-ciclo-de-la-mujer-2026-continuan-este-viernes-con-una-conferencia-sobre-coleccionismo-femenino-en-el-siglo-xix\/"},"author":{"name":"RCMMelilla","@id":"https:\/\/www.realclubmaritimomelilla.es\/clmar\/#\/schema\/person\/ebaa3713496dc6d48c872452e73a8e79"},"headline":"Las XIII Jornadas Culturales RCMM y el \u2018Ciclo de la Mujer 2026\u2019 contin\u00faan este viernes con una conferencia sobre coleccionismo femenino en el siglo XIX","datePublished":"2026-03-12T17:10:30+00:00","dateModified":"2026-03-24T08:44:39+00:00","mainEntityOfPage":{"@id":"https:\/\/www.realclubmaritimomelilla.es\/clmar\/las-xiii-jornadas-culturales-rcmm-y-el-ciclo-de-la-mujer-2026-continuan-este-viernes-con-una-conferencia-sobre-coleccionismo-femenino-en-el-siglo-xix\/"},"wordCount":298,"commentCount":0,"publisher":{"@id":"https:\/\/www.realclubmaritimomelilla.es\/clmar\/#organization"},"image":{"@id":"https:\/\/www.realclubmaritimomelilla.es\/clmar\/las-xiii-jornadas-culturales-rcmm-y-el-ciclo-de-la-mujer-2026-continuan-este-viernes-con-una-conferencia-sobre-coleccionismo-femenino-en-el-siglo-xix\/#primaryimage"},"thumbnailUrl":"https:\/\/www.realclubmaritimomelilla.es\/clmar\/wp-content\/uploads\/cartel-conferencia-1.webp","articleSection":["Jornadas"],"inLanguage":"es","potentialAction":[{"@type":"CommentAction","name":"Comment","target":["https:\/\/www.realclubmaritimomelilla.es\/clmar\/las-xiii-jornadas-culturales-rcmm-y-el-ciclo-de-la-mujer-2026-continuan-este-viernes-con-una-conferencia-sobre-coleccionismo-femenino-en-el-siglo-xix\/#respond"]}]},{"@type":"WebPage","@id":"https:\/\/www.realclubmaritimomelilla.es\/clmar\/las-xiii-jornadas-culturales-rcmm-y-el-ciclo-de-la-mujer-2026-continuan-este-viernes-con-una-conferencia-sobre-coleccionismo-femenino-en-el-siglo-xix\/","url":"https:\/\/www.realclubmaritimomelilla.es\/clmar\/las-xiii-jornadas-culturales-rcmm-y-el-ciclo-de-la-mujer-2026-continuan-este-viernes-con-una-conferencia-sobre-coleccionismo-femenino-en-el-siglo-xix\/","name":"Las XIII Jornadas Culturales RCMM y el \u2018Ciclo de la Mujer 2026\u2019 contin\u00faan este viernes con una conferencia sobre coleccionismo femenino en el siglo XIX - Real Club Mar\u00edtimo de Melilla","isPartOf":{"@id":"https:\/\/www.realclubmaritimomelilla.es\/clmar\/#website"},"primaryImageOfPage":{"@id":"https:\/\/www.realclubmaritimomelilla.es\/clmar\/las-xiii-jornadas-culturales-rcmm-y-el-ciclo-de-la-mujer-2026-continuan-este-viernes-con-una-conferencia-sobre-coleccionismo-femenino-en-el-siglo-xix\/#primaryimage"},"image":{"@id":"https:\/\/www.realclubmaritimomelilla.es\/clmar\/las-xiii-jornadas-culturales-rcmm-y-el-ciclo-de-la-mujer-2026-continuan-este-viernes-con-una-conferencia-sobre-coleccionismo-femenino-en-el-siglo-xix\/#primaryimage"},"thumbnailUrl":"https:\/\/www.realclubmaritimomelilla.es\/clmar\/wp-content\/uploads\/cartel-conferencia-1.webp","datePublished":"2026-03-12T17:10:30+00:00","dateModified":"2026-03-24T08:44:39+00:00","description":"Damigo Gonz\u00e1lez centrar\u00e1 el an\u00e1lisis en la figura de la Condesa de Lebrija, considerada un referente del coleccionismo femenino en la Andaluc\u00eda decimon\u00f3nica","breadcrumb":{"@id":"https:\/\/www.realclubmaritimomelilla.es\/clmar\/las-xiii-jornadas-culturales-rcmm-y-el-ciclo-de-la-mujer-2026-continuan-este-viernes-con-una-conferencia-sobre-coleccionismo-femenino-en-el-siglo-xix\/#breadcrumb"},"inLanguage":"es","potentialAction":[{"@type":"ReadAction","target":["https:\/\/www.realclubmaritimomelilla.es\/clmar\/las-xiii-jornadas-culturales-rcmm-y-el-ciclo-de-la-mujer-2026-continuan-este-viernes-con-una-conferencia-sobre-coleccionismo-femenino-en-el-siglo-xix\/"]}]},{"@type":"ImageObject","inLanguage":"es","@id":"https:\/\/www.realclubmaritimomelilla.es\/clmar\/las-xiii-jornadas-culturales-rcmm-y-el-ciclo-de-la-mujer-2026-continuan-este-viernes-con-una-conferencia-sobre-coleccionismo-femenino-en-el-siglo-xix\/#primaryimage","url":"https:\/\/www.realclubmaritimomelilla.es\/clmar\/wp-content\/uploads\/cartel-conferencia-1.webp","contentUrl":"https:\/\/www.realclubmaritimomelilla.es\/clmar\/wp-content\/uploads\/cartel-conferencia-1.webp","width":641,"height":911},{"@type":"BreadcrumbList","@id":"https:\/\/www.realclubmaritimomelilla.es\/clmar\/las-xiii-jornadas-culturales-rcmm-y-el-ciclo-de-la-mujer-2026-continuan-este-viernes-con-una-conferencia-sobre-coleccionismo-femenino-en-el-siglo-xix\/#breadcrumb","itemListElement":[{"@type":"ListItem","position":1,"name":"Portada","item":"https:\/\/www.realclubmaritimomelilla.es\/clmar\/"},{"@type":"ListItem","position":2,"name":"Las XIII Jornadas Culturales RCMM y el \u2018Ciclo de la Mujer 2026\u2019 contin\u00faan este viernes con una conferencia sobre coleccionismo femenino en el siglo XIX"}]},{"@type":"WebSite","@id":"https:\/\/www.realclubmaritimomelilla.es\/clmar\/#website","url":"https:\/\/www.realclubmaritimomelilla.es\/clmar\/","name":"Real Club Mar\u00edtimo de Melilla","description":"RCMM","publisher":{"@id":"https:\/\/www.realclubmaritimomelilla.es\/clmar\/#organization"},"alternateName":"RCMM","potentialAction":[{"@type":"SearchAction","target":{"@type":"EntryPoint","urlTemplate":"https:\/\/www.realclubmaritimomelilla.es\/clmar\/?s={search_term_string}"},"query-input":{"@type":"PropertyValueSpecification","valueRequired":true,"valueName":"search_term_string"}}],"inLanguage":"es"},{"@type":"Organization","@id":"https:\/\/www.realclubmaritimomelilla.es\/clmar\/#organization","name":"Real Club Mar\u00edtimo de Melilla","alternateName":"RCMM","url":"https:\/\/www.realclubmaritimomelilla.es\/clmar\/","logo":{"@type":"ImageObject","inLanguage":"es","@id":"https:\/\/www.realclubmaritimomelilla.es\/clmar\/#\/schema\/logo\/image\/","url":"https:\/\/www.realclubmaritimomelilla.es\/clmar\/wp-content\/uploads\/logo-club-original-copia.jpg","contentUrl":"https:\/\/www.realclubmaritimomelilla.es\/clmar\/wp-content\/uploads\/logo-club-original-copia.jpg","width":128,"height":89,"caption":"Real Club Mar\u00edtimo de Melilla"},"image":{"@id":"https:\/\/www.realclubmaritimomelilla.es\/clmar\/#\/schema\/logo\/image\/"},"sameAs":["https:\/\/www.facebook.com\/Real-Club-Mar\u00edtimo-de-Melilla-588495841234214\/","https:\/\/x.com\/nauticarcmm","https:\/\/www.instagram.com\/club_maritimo_melilla\/","https:\/\/www.youtube.com\/@realclubmaritimodemelilla4703","https:\/\/es.wikipedia.org\/wiki\/Real_Club_Mar\u00edtimo_de_Melilla"]},{"@type":"Person","@id":"https:\/\/www.realclubmaritimomelilla.es\/clmar\/#\/schema\/person\/ebaa3713496dc6d48c872452e73a8e79","name":"RCMMelilla","image":{"@type":"ImageObject","inLanguage":"es","@id":"https:\/\/secure.gravatar.com\/avatar\/df1c24789360fb9308735c4ee556fc2bc5bf924bf01e53043b8b97ba272da33c?s=96&d=mm&r=g","url":"https:\/\/secure.gravatar.com\/avatar\/df1c24789360fb9308735c4ee556fc2bc5bf924bf01e53043b8b97ba272da33c?s=96&d=mm&r=g","contentUrl":"https:\/\/secure.gravatar.com\/avatar\/df1c24789360fb9308735c4ee556fc2bc5bf924bf01e53043b8b97ba272da33c?s=96&d=mm&r=g","caption":"RCMMelilla"}}]}},"_links":{"self":[{"href":"https:\/\/www.realclubmaritimomelilla.es\/clmar\/wp-json\/wp\/v2\/posts\/27337","targetHints":{"allow":["GET"]}}],"collection":[{"href":"https:\/\/www.realclubmaritimomelilla.es\/clmar\/wp-json\/wp\/v2\/posts"}],"about":[{"href":"https:\/\/www.realclubmaritimomelilla.es\/clmar\/wp-json\/wp\/v2\/types\/post"}],"author":[{"embeddable":true,"href":"https:\/\/www.realclubmaritimomelilla.es\/clmar\/wp-json\/wp\/v2\/users\/1"}],"replies":[{"embeddable":true,"href":"https:\/\/www.realclubmaritimomelilla.es\/clmar\/wp-json\/wp\/v2\/comments?post=27337"}],"version-history":[{"count":1,"href":"https:\/\/www.realclubmaritimomelilla.es\/clmar\/wp-json\/wp\/v2\/posts\/27337\/revisions"}],"predecessor-version":[{"id":27339,"href":"https:\/\/www.realclubmaritimomelilla.es\/clmar\/wp-json\/wp\/v2\/posts\/27337\/revisions\/27339"}],"wp:featuredmedia":[{"embeddable":true,"href":"https:\/\/www.realclubmaritimomelilla.es\/clmar\/wp-json\/wp\/v2\/media\/27338"}],"wp:attachment":[{"href":"https:\/\/www.realclubmaritimomelilla.es\/clmar\/wp-json\/wp\/v2\/media?parent=27337"}],"wp:term":[{"taxonomy":"category","embeddable":true,"href":"https:\/\/www.realclubmaritimomelilla.es\/clmar\/wp-json\/wp\/v2\/categories?post=27337"},{"taxonomy":"post_tag","embeddable":true,"href":"https:\/\/www.realclubmaritimomelilla.es\/clmar\/wp-json\/wp\/v2\/tags?post=27337"}],"curies":[{"name":"wp","href":"https:\/\/api.w.org\/{rel}","templated":true}]}}