{"id":27334,"date":"2026-03-12T18:09:17","date_gmt":"2026-03-12T17:09:17","guid":{"rendered":"https:\/\/www.realclubmaritimomelilla.es\/clmar\/?p=27334"},"modified":"2026-03-19T08:50:07","modified_gmt":"2026-03-19T07:50:07","slug":"pablo-rivas-revilla-se-proclama-campeon-sub13-en-el-provincial-de-malaga-de-vela","status":"publish","type":"post","link":"https:\/\/www.realclubmaritimomelilla.es\/clmar\/pablo-rivas-revilla-se-proclama-campeon-sub13-en-el-provincial-de-malaga-de-vela\/","title":{"rendered":"Pablo Rivas se proclama campe\u00f3n Sub13 en el Provincial de M\u00e1laga de vela"},"content":{"rendered":"<p>El joven regatista melillense Pablo Rivas Revilla, del Real Club Mar\u00edtimo de Melilla, ha vuelto a destacar en el panorama nacional de la vela tras lograr el primer puesto en la categor\u00eda Sub13 en el Campeonato Provincial de M\u00e1laga \u2018Liga Senda Azul 2026\u2019, celebrado el pasado fin de semana.<br \/>\nRivas Revilla firm\u00f3 una brillante actuaci\u00f3n en una competici\u00f3n en la que se disputaron seis pruebas dentro de su categor\u00eda. El regatista melillense logr\u00f3 tres victorias parciales, adem\u00e1s de dos segundos puestos, demostrando una gran regularidad a lo largo de la regata. En la cuarta manga fue descalificado, aunque este contratiempo no impidi\u00f3 que mantuviera el liderato en la clasificaci\u00f3n final.<br \/>\nGracias a estos resultados, el joven deportista del club mar\u00edtimo melillense consigui\u00f3 subirse a lo m\u00e1s alto del podio, imponi\u00e9ndose en una flota compuesta por m\u00e1s de treinta embarcaciones, integrada en su mayor\u00eda por regatistas de distintos clubes de la provincia de M\u00e1laga.<br \/>\nCon este nuevo \u00e9xito, Pablo Rivas Revilla confirma su progresi\u00f3n y se consolida como una de las promesas m\u00e1s firmes de la vela melillense. Desde el Real Club Mar\u00edtimo de Melilla han querido trasladarle su felicitaci\u00f3n por el excelente resultado obtenido en esta cita deportiva.<\/p>\n","protected":false},"excerpt":{"rendered":"<p>El joven regatista melillense Pablo Rivas Revilla, del Real Club Mar\u00edtimo de Melilla, ha vuelto a destacar en el panorama nacional de la vela tras lograr el primer puesto en la categor\u00eda Sub13 en el Campeonato Provincial de M\u00e1laga \u2018Liga Senda Azul 2026\u2019, celebrado el pasado fin de semana. Rivas Revilla firm\u00f3 una brillante actuaci\u00f3n [&hellip;]<\/p>\n","protected":false},"author":1,"featured_media":27335,"comment_status":"open","ping_status":"open","sticky":false,"template":"","format":"standard","meta":{"_acf_changed":false,"footnotes":""},"categories":[38],"tags":[],"class_list":["post-27334","post","type-post","status-publish","format-standard","has-post-thumbnail","hentry","category-nautica"],"acf":[],"yoast_head":"<!-- This site is optimized with the Yoast SEO plugin v27.5 - https:\/\/yoast.com\/product\/yoast-seo-wordpress\/ -->\n<title>Pablo Rivas se proclama campe\u00f3n Sub13 en el Provincial de M\u00e1laga de vela - Real Club Mar\u00edtimo de Melilla<\/title>\n<meta name=\"description\" content=\"Pablo Rivas Revilla, del RCMM, logra el primer puesto en la categor\u00eda Sub13 en el Campeonato Provincial de M\u00e1laga \u2018Liga Senda Azul 2026\u2019\" \/>\n<meta name=\"robots\" content=\"index, follow, max-snippet:-1, max-image-preview:large, max-video-preview:-1\" \/>\n<link rel=\"canonical\" href=\"https:\/\/www.realclubmaritimomelilla.es\/clmar\/pablo-rivas-revilla-se-proclama-campeon-sub13-en-el-provincial-de-malaga-de-vela\/\" \/>\n<meta property=\"og:locale\" content=\"es_ES\" \/>\n<meta property=\"og:type\" content=\"article\" \/>\n<meta property=\"og:title\" content=\"Pablo Rivas se proclama campe\u00f3n Sub13 en el Provincial de M\u00e1laga de vela - Real Club Mar\u00edtimo de Melilla\" \/>\n<meta property=\"og:description\" content=\"Pablo Rivas Revilla, del RCMM, logra el primer puesto en la categor\u00eda Sub13 en el Campeonato Provincial de M\u00e1laga \u2018Liga Senda Azul 2026\u2019\" \/>\n<meta property=\"og:url\" content=\"https:\/\/www.realclubmaritimomelilla.es\/clmar\/pablo-rivas-revilla-se-proclama-campeon-sub13-en-el-provincial-de-malaga-de-vela\/\" \/>\n<meta property=\"og:site_name\" content=\"Real Club Mar\u00edtimo de Melilla\" \/>\n<meta property=\"article:publisher\" content=\"https:\/\/www.facebook.com\/Real-Club-Mar%c3%adtimo-de-Melilla-588495841234214\/\" \/>\n<meta property=\"article:published_time\" content=\"2026-03-12T17:09:17+00:00\" \/>\n<meta property=\"article:modified_time\" content=\"2026-03-19T07:50:07+00:00\" \/>\n<meta property=\"og:image\" content=\"https:\/\/www.realclubmaritimomelilla.es\/clmar\/wp-content\/uploads\/pABLO-rIVAS.webp\" \/>\n\t<meta property=\"og:image:width\" content=\"1284\" \/>\n\t<meta property=\"og:image:height\" content=\"1080\" \/>\n\t<meta property=\"og:image:type\" content=\"image\/jpeg\" \/>\n<meta name=\"author\" content=\"RCMMelilla\" \/>\n<meta name=\"twitter:card\" content=\"summary_large_image\" \/>\n<meta name=\"twitter:creator\" content=\"@nauticarcmm\" \/>\n<meta name=\"twitter:site\" content=\"@nauticarcmm\" \/>\n<meta name=\"twitter:label1\" content=\"Escrito por\" \/>\n\t<meta name=\"twitter:data1\" content=\"RCMMelilla\" \/>\n\t<meta name=\"twitter:label2\" content=\"Tiempo de lectura\" \/>\n\t<meta name=\"twitter:data2\" content=\"2 minutos\" \/>\n<script type=\"application\/ld+json\" class=\"yoast-schema-graph\">{\"@context\":\"https:\\\/\\\/schema.org\",\"@graph\":[{\"@type\":\"Article\",\"@id\":\"https:\\\/\\\/www.realclubmaritimomelilla.es\\\/clmar\\\/pablo-rivas-revilla-se-proclama-campeon-sub13-en-el-provincial-de-malaga-de-vela\\\/#article\",\"isPartOf\":{\"@id\":\"https:\\\/\\\/www.realclubmaritimomelilla.es\\\/clmar\\\/pablo-rivas-revilla-se-proclama-campeon-sub13-en-el-provincial-de-malaga-de-vela\\\/\"},\"author\":{\"name\":\"RCMMelilla\",\"@id\":\"https:\\\/\\\/www.realclubmaritimomelilla.es\\\/clmar\\\/#\\\/schema\\\/person\\\/ebaa3713496dc6d48c872452e73a8e79\"},\"headline\":\"Pablo Rivas se proclama campe\u00f3n Sub13 en el Provincial de M\u00e1laga de vela\",\"datePublished\":\"2026-03-12T17:09:17+00:00\",\"dateModified\":\"2026-03-19T07:50:07+00:00\",\"mainEntityOfPage\":{\"@id\":\"https:\\\/\\\/www.realclubmaritimomelilla.es\\\/clmar\\\/pablo-rivas-revilla-se-proclama-campeon-sub13-en-el-provincial-de-malaga-de-vela\\\/\"},\"wordCount\":230,\"commentCount\":0,\"publisher\":{\"@id\":\"https:\\\/\\\/www.realclubmaritimomelilla.es\\\/clmar\\\/#organization\"},\"image\":{\"@id\":\"https:\\\/\\\/www.realclubmaritimomelilla.es\\\/clmar\\\/pablo-rivas-revilla-se-proclama-campeon-sub13-en-el-provincial-de-malaga-de-vela\\\/#primaryimage\"},\"thumbnailUrl\":\"https:\\\/\\\/www.realclubmaritimomelilla.es\\\/clmar\\\/wp-content\\\/uploads\\\/pABLO-rIVAS.webp\",\"articleSection\":[\"N\u00e1utica\"],\"inLanguage\":\"es\",\"potentialAction\":[{\"@type\":\"CommentAction\",\"name\":\"Comment\",\"target\":[\"https:\\\/\\\/www.realclubmaritimomelilla.es\\\/clmar\\\/pablo-rivas-revilla-se-proclama-campeon-sub13-en-el-provincial-de-malaga-de-vela\\\/#respond\"]}]},{\"@type\":\"WebPage\",\"@id\":\"https:\\\/\\\/www.realclubmaritimomelilla.es\\\/clmar\\\/pablo-rivas-revilla-se-proclama-campeon-sub13-en-el-provincial-de-malaga-de-vela\\\/\",\"url\":\"https:\\\/\\\/www.realclubmaritimomelilla.es\\\/clmar\\\/pablo-rivas-revilla-se-proclama-campeon-sub13-en-el-provincial-de-malaga-de-vela\\\/\",\"name\":\"Pablo Rivas se proclama campe\u00f3n Sub13 en el Provincial de M\u00e1laga de vela - Real Club Mar\u00edtimo de Melilla\",\"isPartOf\":{\"@id\":\"https:\\\/\\\/www.realclubmaritimomelilla.es\\\/clmar\\\/#website\"},\"primaryImageOfPage\":{\"@id\":\"https:\\\/\\\/www.realclubmaritimomelilla.es\\\/clmar\\\/pablo-rivas-revilla-se-proclama-campeon-sub13-en-el-provincial-de-malaga-de-vela\\\/#primaryimage\"},\"image\":{\"@id\":\"https:\\\/\\\/www.realclubmaritimomelilla.es\\\/clmar\\\/pablo-rivas-revilla-se-proclama-campeon-sub13-en-el-provincial-de-malaga-de-vela\\\/#primaryimage\"},\"thumbnailUrl\":\"https:\\\/\\\/www.realclubmaritimomelilla.es\\\/clmar\\\/wp-content\\\/uploads\\\/pABLO-rIVAS.webp\",\"datePublished\":\"2026-03-12T17:09:17+00:00\",\"dateModified\":\"2026-03-19T07:50:07+00:00\",\"description\":\"Pablo Rivas Revilla, del RCMM, logra el primer puesto en la categor\u00eda Sub13 en el Campeonato Provincial de M\u00e1laga \u2018Liga Senda Azul 2026\u2019\",\"breadcrumb\":{\"@id\":\"https:\\\/\\\/www.realclubmaritimomelilla.es\\\/clmar\\\/pablo-rivas-revilla-se-proclama-campeon-sub13-en-el-provincial-de-malaga-de-vela\\\/#breadcrumb\"},\"inLanguage\":\"es\",\"potentialAction\":[{\"@type\":\"ReadAction\",\"target\":[\"https:\\\/\\\/www.realclubmaritimomelilla.es\\\/clmar\\\/pablo-rivas-revilla-se-proclama-campeon-sub13-en-el-provincial-de-malaga-de-vela\\\/\"]}]},{\"@type\":\"ImageObject\",\"inLanguage\":\"es\",\"@id\":\"https:\\\/\\\/www.realclubmaritimomelilla.es\\\/clmar\\\/pablo-rivas-revilla-se-proclama-campeon-sub13-en-el-provincial-de-malaga-de-vela\\\/#primaryimage\",\"url\":\"https:\\\/\\\/www.realclubmaritimomelilla.es\\\/clmar\\\/wp-content\\\/uploads\\\/pABLO-rIVAS.webp\",\"contentUrl\":\"https:\\\/\\\/www.realclubmaritimomelilla.es\\\/clmar\\\/wp-content\\\/uploads\\\/pABLO-rIVAS.webp\",\"width\":1284,\"height\":1080},{\"@type\":\"BreadcrumbList\",\"@id\":\"https:\\\/\\\/www.realclubmaritimomelilla.es\\\/clmar\\\/pablo-rivas-revilla-se-proclama-campeon-sub13-en-el-provincial-de-malaga-de-vela\\\/#breadcrumb\",\"itemListElement\":[{\"@type\":\"ListItem\",\"position\":1,\"name\":\"Portada\",\"item\":\"https:\\\/\\\/www.realclubmaritimomelilla.es\\\/clmar\\\/\"},{\"@type\":\"ListItem\",\"position\":2,\"name\":\"Pablo Rivas se proclama campe\u00f3n Sub13 en el Provincial de M\u00e1laga de vela\"}]},{\"@type\":\"WebSite\",\"@id\":\"https:\\\/\\\/www.realclubmaritimomelilla.es\\\/clmar\\\/#website\",\"url\":\"https:\\\/\\\/www.realclubmaritimomelilla.es\\\/clmar\\\/\",\"name\":\"Real Club Mar\u00edtimo de Melilla\",\"description\":\"RCMM\",\"publisher\":{\"@id\":\"https:\\\/\\\/www.realclubmaritimomelilla.es\\\/clmar\\\/#organization\"},\"alternateName\":\"RCMM\",\"potentialAction\":[{\"@type\":\"SearchAction\",\"target\":{\"@type\":\"EntryPoint\",\"urlTemplate\":\"https:\\\/\\\/www.realclubmaritimomelilla.es\\\/clmar\\\/?s={search_term_string}\"},\"query-input\":{\"@type\":\"PropertyValueSpecification\",\"valueRequired\":true,\"valueName\":\"search_term_string\"}}],\"inLanguage\":\"es\"},{\"@type\":\"Organization\",\"@id\":\"https:\\\/\\\/www.realclubmaritimomelilla.es\\\/clmar\\\/#organization\",\"name\":\"Real Club Mar\u00edtimo de Melilla\",\"alternateName\":\"RCMM\",\"url\":\"https:\\\/\\\/www.realclubmaritimomelilla.es\\\/clmar\\\/\",\"logo\":{\"@type\":\"ImageObject\",\"inLanguage\":\"es\",\"@id\":\"https:\\\/\\\/www.realclubmaritimomelilla.es\\\/clmar\\\/#\\\/schema\\\/logo\\\/image\\\/\",\"url\":\"https:\\\/\\\/www.realclubmaritimomelilla.es\\\/clmar\\\/wp-content\\\/uploads\\\/logo-club-original-copia.jpg\",\"contentUrl\":\"https:\\\/\\\/www.realclubmaritimomelilla.es\\\/clmar\\\/wp-content\\\/uploads\\\/logo-club-original-copia.jpg\",\"width\":128,\"height\":89,\"caption\":\"Real Club Mar\u00edtimo de Melilla\"},\"image\":{\"@id\":\"https:\\\/\\\/www.realclubmaritimomelilla.es\\\/clmar\\\/#\\\/schema\\\/logo\\\/image\\\/\"},\"sameAs\":[\"https:\\\/\\\/www.facebook.com\\\/Real-Club-Mar\u00edtimo-de-Melilla-588495841234214\\\/\",\"https:\\\/\\\/x.com\\\/nauticarcmm\",\"https:\\\/\\\/www.instagram.com\\\/club_maritimo_melilla\\\/\",\"https:\\\/\\\/www.youtube.com\\\/@realclubmaritimodemelilla4703\",\"https:\\\/\\\/es.wikipedia.org\\\/wiki\\\/Real_Club_Mar\u00edtimo_de_Melilla\"]},{\"@type\":\"Person\",\"@id\":\"https:\\\/\\\/www.realclubmaritimomelilla.es\\\/clmar\\\/#\\\/schema\\\/person\\\/ebaa3713496dc6d48c872452e73a8e79\",\"name\":\"RCMMelilla\",\"image\":{\"@type\":\"ImageObject\",\"inLanguage\":\"es\",\"@id\":\"https:\\\/\\\/secure.gravatar.com\\\/avatar\\\/df1c24789360fb9308735c4ee556fc2bc5bf924bf01e53043b8b97ba272da33c?s=96&d=mm&r=g\",\"url\":\"https:\\\/\\\/secure.gravatar.com\\\/avatar\\\/df1c24789360fb9308735c4ee556fc2bc5bf924bf01e53043b8b97ba272da33c?s=96&d=mm&r=g\",\"contentUrl\":\"https:\\\/\\\/secure.gravatar.com\\\/avatar\\\/df1c24789360fb9308735c4ee556fc2bc5bf924bf01e53043b8b97ba272da33c?s=96&d=mm&r=g\",\"caption\":\"RCMMelilla\"}}]}<\/script>\n<!-- \/ Yoast SEO plugin. -->","yoast_head_json":{"title":"Pablo Rivas se proclama campe\u00f3n Sub13 en el Provincial de M\u00e1laga de vela - Real Club Mar\u00edtimo de Melilla","description":"Pablo Rivas Revilla, del RCMM, logra el primer puesto en la categor\u00eda Sub13 en el Campeonato Provincial de M\u00e1laga \u2018Liga Senda Azul 2026\u2019","robots":{"index":"index","follow":"follow","max-snippet":"max-snippet:-1","max-image-preview":"max-image-preview:large","max-video-preview":"max-video-preview:-1"},"canonical":"https:\/\/www.realclubmaritimomelilla.es\/clmar\/pablo-rivas-revilla-se-proclama-campeon-sub13-en-el-provincial-de-malaga-de-vela\/","og_locale":"es_ES","og_type":"article","og_title":"Pablo Rivas se proclama campe\u00f3n Sub13 en el Provincial de M\u00e1laga de vela - Real Club Mar\u00edtimo de Melilla","og_description":"Pablo Rivas Revilla, del RCMM, logra el primer puesto en la categor\u00eda Sub13 en el Campeonato Provincial de M\u00e1laga \u2018Liga Senda Azul 2026\u2019","og_url":"https:\/\/www.realclubmaritimomelilla.es\/clmar\/pablo-rivas-revilla-se-proclama-campeon-sub13-en-el-provincial-de-malaga-de-vela\/","og_site_name":"Real Club Mar\u00edtimo de Melilla","article_publisher":"https:\/\/www.facebook.com\/Real-Club-Mar%c3%adtimo-de-Melilla-588495841234214\/","article_published_time":"2026-03-12T17:09:17+00:00","article_modified_time":"2026-03-19T07:50:07+00:00","og_image":[{"width":1284,"height":1080,"url":"https:\/\/www.realclubmaritimomelilla.es\/clmar\/wp-content\/uploads\/pABLO-rIVAS.webp","type":"image\/jpeg"}],"author":"RCMMelilla","twitter_card":"summary_large_image","twitter_creator":"@nauticarcmm","twitter_site":"@nauticarcmm","twitter_misc":{"Escrito por":"RCMMelilla","Tiempo de lectura":"2 minutos"},"schema":{"@context":"https:\/\/schema.org","@graph":[{"@type":"Article","@id":"https:\/\/www.realclubmaritimomelilla.es\/clmar\/pablo-rivas-revilla-se-proclama-campeon-sub13-en-el-provincial-de-malaga-de-vela\/#article","isPartOf":{"@id":"https:\/\/www.realclubmaritimomelilla.es\/clmar\/pablo-rivas-revilla-se-proclama-campeon-sub13-en-el-provincial-de-malaga-de-vela\/"},"author":{"name":"RCMMelilla","@id":"https:\/\/www.realclubmaritimomelilla.es\/clmar\/#\/schema\/person\/ebaa3713496dc6d48c872452e73a8e79"},"headline":"Pablo Rivas se proclama campe\u00f3n Sub13 en el Provincial de M\u00e1laga de vela","datePublished":"2026-03-12T17:09:17+00:00","dateModified":"2026-03-19T07:50:07+00:00","mainEntityOfPage":{"@id":"https:\/\/www.realclubmaritimomelilla.es\/clmar\/pablo-rivas-revilla-se-proclama-campeon-sub13-en-el-provincial-de-malaga-de-vela\/"},"wordCount":230,"commentCount":0,"publisher":{"@id":"https:\/\/www.realclubmaritimomelilla.es\/clmar\/#organization"},"image":{"@id":"https:\/\/www.realclubmaritimomelilla.es\/clmar\/pablo-rivas-revilla-se-proclama-campeon-sub13-en-el-provincial-de-malaga-de-vela\/#primaryimage"},"thumbnailUrl":"https:\/\/www.realclubmaritimomelilla.es\/clmar\/wp-content\/uploads\/pABLO-rIVAS.webp","articleSection":["N\u00e1utica"],"inLanguage":"es","potentialAction":[{"@type":"CommentAction","name":"Comment","target":["https:\/\/www.realclubmaritimomelilla.es\/clmar\/pablo-rivas-revilla-se-proclama-campeon-sub13-en-el-provincial-de-malaga-de-vela\/#respond"]}]},{"@type":"WebPage","@id":"https:\/\/www.realclubmaritimomelilla.es\/clmar\/pablo-rivas-revilla-se-proclama-campeon-sub13-en-el-provincial-de-malaga-de-vela\/","url":"https:\/\/www.realclubmaritimomelilla.es\/clmar\/pablo-rivas-revilla-se-proclama-campeon-sub13-en-el-provincial-de-malaga-de-vela\/","name":"Pablo Rivas se proclama campe\u00f3n Sub13 en el Provincial de M\u00e1laga de vela - Real Club Mar\u00edtimo de Melilla","isPartOf":{"@id":"https:\/\/www.realclubmaritimomelilla.es\/clmar\/#website"},"primaryImageOfPage":{"@id":"https:\/\/www.realclubmaritimomelilla.es\/clmar\/pablo-rivas-revilla-se-proclama-campeon-sub13-en-el-provincial-de-malaga-de-vela\/#primaryimage"},"image":{"@id":"https:\/\/www.realclubmaritimomelilla.es\/clmar\/pablo-rivas-revilla-se-proclama-campeon-sub13-en-el-provincial-de-malaga-de-vela\/#primaryimage"},"thumbnailUrl":"https:\/\/www.realclubmaritimomelilla.es\/clmar\/wp-content\/uploads\/pABLO-rIVAS.webp","datePublished":"2026-03-12T17:09:17+00:00","dateModified":"2026-03-19T07:50:07+00:00","description":"Pablo Rivas Revilla, del RCMM, logra el primer puesto en la categor\u00eda Sub13 en el Campeonato Provincial de M\u00e1laga \u2018Liga Senda Azul 2026\u2019","breadcrumb":{"@id":"https:\/\/www.realclubmaritimomelilla.es\/clmar\/pablo-rivas-revilla-se-proclama-campeon-sub13-en-el-provincial-de-malaga-de-vela\/#breadcrumb"},"inLanguage":"es","potentialAction":[{"@type":"ReadAction","target":["https:\/\/www.realclubmaritimomelilla.es\/clmar\/pablo-rivas-revilla-se-proclama-campeon-sub13-en-el-provincial-de-malaga-de-vela\/"]}]},{"@type":"ImageObject","inLanguage":"es","@id":"https:\/\/www.realclubmaritimomelilla.es\/clmar\/pablo-rivas-revilla-se-proclama-campeon-sub13-en-el-provincial-de-malaga-de-vela\/#primaryimage","url":"https:\/\/www.realclubmaritimomelilla.es\/clmar\/wp-content\/uploads\/pABLO-rIVAS.webp","contentUrl":"https:\/\/www.realclubmaritimomelilla.es\/clmar\/wp-content\/uploads\/pABLO-rIVAS.webp","width":1284,"height":1080},{"@type":"BreadcrumbList","@id":"https:\/\/www.realclubmaritimomelilla.es\/clmar\/pablo-rivas-revilla-se-proclama-campeon-sub13-en-el-provincial-de-malaga-de-vela\/#breadcrumb","itemListElement":[{"@type":"ListItem","position":1,"name":"Portada","item":"https:\/\/www.realclubmaritimomelilla.es\/clmar\/"},{"@type":"ListItem","position":2,"name":"Pablo Rivas se proclama campe\u00f3n Sub13 en el Provincial de M\u00e1laga de vela"}]},{"@type":"WebSite","@id":"https:\/\/www.realclubmaritimomelilla.es\/clmar\/#website","url":"https:\/\/www.realclubmaritimomelilla.es\/clmar\/","name":"Real Club Mar\u00edtimo de Melilla","description":"RCMM","publisher":{"@id":"https:\/\/www.realclubmaritimomelilla.es\/clmar\/#organization"},"alternateName":"RCMM","potentialAction":[{"@type":"SearchAction","target":{"@type":"EntryPoint","urlTemplate":"https:\/\/www.realclubmaritimomelilla.es\/clmar\/?s={search_term_string}"},"query-input":{"@type":"PropertyValueSpecification","valueRequired":true,"valueName":"search_term_string"}}],"inLanguage":"es"},{"@type":"Organization","@id":"https:\/\/www.realclubmaritimomelilla.es\/clmar\/#organization","name":"Real Club Mar\u00edtimo de Melilla","alternateName":"RCMM","url":"https:\/\/www.realclubmaritimomelilla.es\/clmar\/","logo":{"@type":"ImageObject","inLanguage":"es","@id":"https:\/\/www.realclubmaritimomelilla.es\/clmar\/#\/schema\/logo\/image\/","url":"https:\/\/www.realclubmaritimomelilla.es\/clmar\/wp-content\/uploads\/logo-club-original-copia.jpg","contentUrl":"https:\/\/www.realclubmaritimomelilla.es\/clmar\/wp-content\/uploads\/logo-club-original-copia.jpg","width":128,"height":89,"caption":"Real Club Mar\u00edtimo de Melilla"},"image":{"@id":"https:\/\/www.realclubmaritimomelilla.es\/clmar\/#\/schema\/logo\/image\/"},"sameAs":["https:\/\/www.facebook.com\/Real-Club-Mar\u00edtimo-de-Melilla-588495841234214\/","https:\/\/x.com\/nauticarcmm","https:\/\/www.instagram.com\/club_maritimo_melilla\/","https:\/\/www.youtube.com\/@realclubmaritimodemelilla4703","https:\/\/es.wikipedia.org\/wiki\/Real_Club_Mar\u00edtimo_de_Melilla"]},{"@type":"Person","@id":"https:\/\/www.realclubmaritimomelilla.es\/clmar\/#\/schema\/person\/ebaa3713496dc6d48c872452e73a8e79","name":"RCMMelilla","image":{"@type":"ImageObject","inLanguage":"es","@id":"https:\/\/secure.gravatar.com\/avatar\/df1c24789360fb9308735c4ee556fc2bc5bf924bf01e53043b8b97ba272da33c?s=96&d=mm&r=g","url":"https:\/\/secure.gravatar.com\/avatar\/df1c24789360fb9308735c4ee556fc2bc5bf924bf01e53043b8b97ba272da33c?s=96&d=mm&r=g","contentUrl":"https:\/\/secure.gravatar.com\/avatar\/df1c24789360fb9308735c4ee556fc2bc5bf924bf01e53043b8b97ba272da33c?s=96&d=mm&r=g","caption":"RCMMelilla"}}]}},"_links":{"self":[{"href":"https:\/\/www.realclubmaritimomelilla.es\/clmar\/wp-json\/wp\/v2\/posts\/27334","targetHints":{"allow":["GET"]}}],"collection":[{"href":"https:\/\/www.realclubmaritimomelilla.es\/clmar\/wp-json\/wp\/v2\/posts"}],"about":[{"href":"https:\/\/www.realclubmaritimomelilla.es\/clmar\/wp-json\/wp\/v2\/types\/post"}],"author":[{"embeddable":true,"href":"https:\/\/www.realclubmaritimomelilla.es\/clmar\/wp-json\/wp\/v2\/users\/1"}],"replies":[{"embeddable":true,"href":"https:\/\/www.realclubmaritimomelilla.es\/clmar\/wp-json\/wp\/v2\/comments?post=27334"}],"version-history":[{"count":2,"href":"https:\/\/www.realclubmaritimomelilla.es\/clmar\/wp-json\/wp\/v2\/posts\/27334\/revisions"}],"predecessor-version":[{"id":27382,"href":"https:\/\/www.realclubmaritimomelilla.es\/clmar\/wp-json\/wp\/v2\/posts\/27334\/revisions\/27382"}],"wp:featuredmedia":[{"embeddable":true,"href":"https:\/\/www.realclubmaritimomelilla.es\/clmar\/wp-json\/wp\/v2\/media\/27335"}],"wp:attachment":[{"href":"https:\/\/www.realclubmaritimomelilla.es\/clmar\/wp-json\/wp\/v2\/media?parent=27334"}],"wp:term":[{"taxonomy":"category","embeddable":true,"href":"https:\/\/www.realclubmaritimomelilla.es\/clmar\/wp-json\/wp\/v2\/categories?post=27334"},{"taxonomy":"post_tag","embeddable":true,"href":"https:\/\/www.realclubmaritimomelilla.es\/clmar\/wp-json\/wp\/v2\/tags?post=27334"}],"curies":[{"name":"wp","href":"https:\/\/api.w.org\/{rel}","templated":true}]}}