{"id":27225,"date":"2026-03-06T10:09:28","date_gmt":"2026-03-06T09:09:28","guid":{"rendered":"https:\/\/www.realclubmaritimomelilla.es\/clmar\/?p=27225"},"modified":"2026-03-10T13:05:29","modified_gmt":"2026-03-10T12:05:29","slug":"el-bome-publica-este-viernes-la-convocatoria-de-obtencion-de-titulaciones-nauticas","status":"publish","type":"post","link":"https:\/\/www.realclubmaritimomelilla.es\/clmar\/el-bome-publica-este-viernes-la-convocatoria-de-obtencion-de-titulaciones-nauticas\/","title":{"rendered":"El BOME publica este viernes la convocatoria de obtenci\u00f3n de titulaciones n\u00e1uticas"},"content":{"rendered":"<p>El Bolet\u00edn Oficial de Melilla (BOME), en su publicaci\u00f3n de este viernes 6 de marzo, hace la convocatoria para la realizaci\u00f3n de las prueba te\u00f3ricas para la obtenci\u00f3n de distintas titulaciones n\u00e1uticas.<\/p>\n<p>Junio 2026<br \/>\n1 de junio a las 17 horas: Capit\u00e1n de Yate<br \/>\n2 de junio a las 17 horas: Patr\u00f3n de Yate<br \/>\n3 de junio a las 17 horas: Patr\u00f3n para Navegaci\u00f3n B\u00e1sica (PNB) \/ Patr\u00f3n de Embarcaciones de Recreo (PER)<\/p>\n<p>Las distintas pruebas te\u00f3ricas se realizar\u00e1n en el d\u00eda y hora se\u00f1alados en el en el del I.E.S. Miguel Fern\u00e1ndez.<br \/>\nCon esta publicaci\u00f3n oficial, los aspirantes ya pueden planificar su preparaci\u00f3n de cara a la obtenci\u00f3n de las distintas titulaciones n\u00e1uticas, que habilitan para el gobierno de embarcaciones de recreo en funci\u00f3n del nivel obtenido.<br \/>\nEnlace BOME<br \/>\n<a href=\"https:\/\/bomemelilla.es\/bome\/BOME-B-2026-6359\/articulo\/211\" target=\"_blank\">CAPITAN DE YATE<\/a>:<br \/>\n<a href=\"https:\/\/bomemelilla.es\/bome\/BOME-B-2026-6359\/articulo\/212\" target=\"_blank\">PATR\u00d3N DE YATE <\/a><br \/>\n<a href=\"https:\/\/bomemelilla.es\/bome\/BOME-B-2026-6359\/articulo\/213\" target=\"_blank\">PATR\u00d3N DE EMBARCACI\u00d3N DE RECREO<\/a><br \/>\n<a href=\"https:\/\/bomemelilla.es\/bome\/BOME-B-2026-6359\/articulo\/214\" target=\"_blank\">PATR\u00d3N EMBARCACI\u00d3N DE NAVEGACI\u00d3N B\u00c1SICA<\/a><\/p>\n","protected":false},"excerpt":{"rendered":"<p>El Bolet\u00edn Oficial de Melilla (BOME), en su publicaci\u00f3n de este viernes 6 de marzo, hace la convocatoria para la realizaci\u00f3n de las prueba te\u00f3ricas para la obtenci\u00f3n de distintas titulaciones n\u00e1uticas. Junio 2026 1 de junio a las 17 horas: Capit\u00e1n de Yate 2 de junio a las 17 horas: Patr\u00f3n de Yate 3 [&hellip;]<\/p>\n","protected":false},"author":1,"featured_media":26739,"comment_status":"open","ping_status":"open","sticky":false,"template":"","format":"standard","meta":{"_acf_changed":false,"footnotes":""},"categories":[47],"tags":[],"class_list":["post-27225","post","type-post","status-publish","format-standard","has-post-thumbnail","hentry","category-boletin"],"acf":[],"yoast_head":"<!-- This site is optimized with the Yoast SEO plugin v27.5 - https:\/\/yoast.com\/product\/yoast-seo-wordpress\/ -->\n<title>El BOME publica este viernes la convocatoria de obtenci\u00f3n de titulaciones n\u00e1uticas - Real Club Mar\u00edtimo de Melilla<\/title>\n<meta name=\"description\" content=\"El BOME publica este viernes la convocatoria de obtenci\u00f3n de titulaciones n\u00e1uticas\" \/>\n<meta name=\"robots\" content=\"index, follow, max-snippet:-1, max-image-preview:large, max-video-preview:-1\" \/>\n<link rel=\"canonical\" href=\"https:\/\/www.realclubmaritimomelilla.es\/clmar\/el-bome-publica-este-viernes-la-convocatoria-de-obtencion-de-titulaciones-nauticas\/\" \/>\n<meta property=\"og:locale\" content=\"es_ES\" \/>\n<meta property=\"og:type\" content=\"article\" \/>\n<meta property=\"og:title\" content=\"El BOME publica este viernes la convocatoria de obtenci\u00f3n de titulaciones n\u00e1uticas - Real Club Mar\u00edtimo de Melilla\" \/>\n<meta property=\"og:description\" content=\"El BOME publica este viernes la convocatoria de obtenci\u00f3n de titulaciones n\u00e1uticas\" \/>\n<meta property=\"og:url\" content=\"https:\/\/www.realclubmaritimomelilla.es\/clmar\/el-bome-publica-este-viernes-la-convocatoria-de-obtencion-de-titulaciones-nauticas\/\" \/>\n<meta property=\"og:site_name\" content=\"Real Club Mar\u00edtimo de Melilla\" \/>\n<meta property=\"article:publisher\" content=\"https:\/\/www.facebook.com\/Real-Club-Mar%c3%adtimo-de-Melilla-588495841234214\/\" \/>\n<meta property=\"article:published_time\" content=\"2026-03-06T09:09:28+00:00\" \/>\n<meta property=\"article:modified_time\" content=\"2026-03-10T12:05:29+00:00\" \/>\n<meta property=\"og:image\" content=\"https:\/\/www.realclubmaritimomelilla.es\/clmar\/wp-content\/uploads\/6F3A5313-scaled.webp\" \/>\n\t<meta property=\"og:image:width\" content=\"2560\" \/>\n\t<meta property=\"og:image:height\" content=\"1707\" \/>\n\t<meta property=\"og:image:type\" content=\"image\/jpeg\" \/>\n<meta name=\"author\" content=\"RCMMelilla\" \/>\n<meta name=\"twitter:card\" content=\"summary_large_image\" \/>\n<meta name=\"twitter:creator\" content=\"@nauticarcmm\" \/>\n<meta name=\"twitter:site\" content=\"@nauticarcmm\" \/>\n<meta name=\"twitter:label1\" content=\"Escrito por\" \/>\n\t<meta name=\"twitter:data1\" content=\"RCMMelilla\" \/>\n\t<meta name=\"twitter:label2\" content=\"Tiempo de lectura\" \/>\n\t<meta name=\"twitter:data2\" content=\"1 minuto\" \/>\n<script type=\"application\/ld+json\" class=\"yoast-schema-graph\">{\"@context\":\"https:\\\/\\\/schema.org\",\"@graph\":[{\"@type\":\"Article\",\"@id\":\"https:\\\/\\\/www.realclubmaritimomelilla.es\\\/clmar\\\/el-bome-publica-este-viernes-la-convocatoria-de-obtencion-de-titulaciones-nauticas\\\/#article\",\"isPartOf\":{\"@id\":\"https:\\\/\\\/www.realclubmaritimomelilla.es\\\/clmar\\\/el-bome-publica-este-viernes-la-convocatoria-de-obtencion-de-titulaciones-nauticas\\\/\"},\"author\":{\"name\":\"RCMMelilla\",\"@id\":\"https:\\\/\\\/www.realclubmaritimomelilla.es\\\/clmar\\\/#\\\/schema\\\/person\\\/ebaa3713496dc6d48c872452e73a8e79\"},\"headline\":\"El BOME publica este viernes la convocatoria de obtenci\u00f3n de titulaciones n\u00e1uticas\",\"datePublished\":\"2026-03-06T09:09:28+00:00\",\"dateModified\":\"2026-03-10T12:05:29+00:00\",\"mainEntityOfPage\":{\"@id\":\"https:\\\/\\\/www.realclubmaritimomelilla.es\\\/clmar\\\/el-bome-publica-este-viernes-la-convocatoria-de-obtencion-de-titulaciones-nauticas\\\/\"},\"wordCount\":182,\"commentCount\":0,\"publisher\":{\"@id\":\"https:\\\/\\\/www.realclubmaritimomelilla.es\\\/clmar\\\/#organization\"},\"image\":{\"@id\":\"https:\\\/\\\/www.realclubmaritimomelilla.es\\\/clmar\\\/el-bome-publica-este-viernes-la-convocatoria-de-obtencion-de-titulaciones-nauticas\\\/#primaryimage\"},\"thumbnailUrl\":\"https:\\\/\\\/www.realclubmaritimomelilla.es\\\/clmar\\\/wp-content\\\/uploads\\\/6F3A5313-scaled.webp\",\"articleSection\":[\"BOLET\u00cdN\"],\"inLanguage\":\"es\",\"potentialAction\":[{\"@type\":\"CommentAction\",\"name\":\"Comment\",\"target\":[\"https:\\\/\\\/www.realclubmaritimomelilla.es\\\/clmar\\\/el-bome-publica-este-viernes-la-convocatoria-de-obtencion-de-titulaciones-nauticas\\\/#respond\"]}]},{\"@type\":\"WebPage\",\"@id\":\"https:\\\/\\\/www.realclubmaritimomelilla.es\\\/clmar\\\/el-bome-publica-este-viernes-la-convocatoria-de-obtencion-de-titulaciones-nauticas\\\/\",\"url\":\"https:\\\/\\\/www.realclubmaritimomelilla.es\\\/clmar\\\/el-bome-publica-este-viernes-la-convocatoria-de-obtencion-de-titulaciones-nauticas\\\/\",\"name\":\"El BOME publica este viernes la convocatoria de obtenci\u00f3n de titulaciones n\u00e1uticas - Real Club Mar\u00edtimo de Melilla\",\"isPartOf\":{\"@id\":\"https:\\\/\\\/www.realclubmaritimomelilla.es\\\/clmar\\\/#website\"},\"primaryImageOfPage\":{\"@id\":\"https:\\\/\\\/www.realclubmaritimomelilla.es\\\/clmar\\\/el-bome-publica-este-viernes-la-convocatoria-de-obtencion-de-titulaciones-nauticas\\\/#primaryimage\"},\"image\":{\"@id\":\"https:\\\/\\\/www.realclubmaritimomelilla.es\\\/clmar\\\/el-bome-publica-este-viernes-la-convocatoria-de-obtencion-de-titulaciones-nauticas\\\/#primaryimage\"},\"thumbnailUrl\":\"https:\\\/\\\/www.realclubmaritimomelilla.es\\\/clmar\\\/wp-content\\\/uploads\\\/6F3A5313-scaled.webp\",\"datePublished\":\"2026-03-06T09:09:28+00:00\",\"dateModified\":\"2026-03-10T12:05:29+00:00\",\"description\":\"El BOME publica este viernes la convocatoria de obtenci\u00f3n de titulaciones n\u00e1uticas\",\"breadcrumb\":{\"@id\":\"https:\\\/\\\/www.realclubmaritimomelilla.es\\\/clmar\\\/el-bome-publica-este-viernes-la-convocatoria-de-obtencion-de-titulaciones-nauticas\\\/#breadcrumb\"},\"inLanguage\":\"es\",\"potentialAction\":[{\"@type\":\"ReadAction\",\"target\":[\"https:\\\/\\\/www.realclubmaritimomelilla.es\\\/clmar\\\/el-bome-publica-este-viernes-la-convocatoria-de-obtencion-de-titulaciones-nauticas\\\/\"]}]},{\"@type\":\"ImageObject\",\"inLanguage\":\"es\",\"@id\":\"https:\\\/\\\/www.realclubmaritimomelilla.es\\\/clmar\\\/el-bome-publica-este-viernes-la-convocatoria-de-obtencion-de-titulaciones-nauticas\\\/#primaryimage\",\"url\":\"https:\\\/\\\/www.realclubmaritimomelilla.es\\\/clmar\\\/wp-content\\\/uploads\\\/6F3A5313-scaled.webp\",\"contentUrl\":\"https:\\\/\\\/www.realclubmaritimomelilla.es\\\/clmar\\\/wp-content\\\/uploads\\\/6F3A5313-scaled.webp\",\"width\":2560,\"height\":1707},{\"@type\":\"BreadcrumbList\",\"@id\":\"https:\\\/\\\/www.realclubmaritimomelilla.es\\\/clmar\\\/el-bome-publica-este-viernes-la-convocatoria-de-obtencion-de-titulaciones-nauticas\\\/#breadcrumb\",\"itemListElement\":[{\"@type\":\"ListItem\",\"position\":1,\"name\":\"Portada\",\"item\":\"https:\\\/\\\/www.realclubmaritimomelilla.es\\\/clmar\\\/\"},{\"@type\":\"ListItem\",\"position\":2,\"name\":\"El BOME publica este viernes la convocatoria de obtenci\u00f3n de titulaciones n\u00e1uticas\"}]},{\"@type\":\"WebSite\",\"@id\":\"https:\\\/\\\/www.realclubmaritimomelilla.es\\\/clmar\\\/#website\",\"url\":\"https:\\\/\\\/www.realclubmaritimomelilla.es\\\/clmar\\\/\",\"name\":\"Real Club Mar\u00edtimo de Melilla\",\"description\":\"RCMM\",\"publisher\":{\"@id\":\"https:\\\/\\\/www.realclubmaritimomelilla.es\\\/clmar\\\/#organization\"},\"alternateName\":\"RCMM\",\"potentialAction\":[{\"@type\":\"SearchAction\",\"target\":{\"@type\":\"EntryPoint\",\"urlTemplate\":\"https:\\\/\\\/www.realclubmaritimomelilla.es\\\/clmar\\\/?s={search_term_string}\"},\"query-input\":{\"@type\":\"PropertyValueSpecification\",\"valueRequired\":true,\"valueName\":\"search_term_string\"}}],\"inLanguage\":\"es\"},{\"@type\":\"Organization\",\"@id\":\"https:\\\/\\\/www.realclubmaritimomelilla.es\\\/clmar\\\/#organization\",\"name\":\"Real Club Mar\u00edtimo de Melilla\",\"alternateName\":\"RCMM\",\"url\":\"https:\\\/\\\/www.realclubmaritimomelilla.es\\\/clmar\\\/\",\"logo\":{\"@type\":\"ImageObject\",\"inLanguage\":\"es\",\"@id\":\"https:\\\/\\\/www.realclubmaritimomelilla.es\\\/clmar\\\/#\\\/schema\\\/logo\\\/image\\\/\",\"url\":\"https:\\\/\\\/www.realclubmaritimomelilla.es\\\/clmar\\\/wp-content\\\/uploads\\\/logo-club-original-copia.jpg\",\"contentUrl\":\"https:\\\/\\\/www.realclubmaritimomelilla.es\\\/clmar\\\/wp-content\\\/uploads\\\/logo-club-original-copia.jpg\",\"width\":128,\"height\":89,\"caption\":\"Real Club Mar\u00edtimo de Melilla\"},\"image\":{\"@id\":\"https:\\\/\\\/www.realclubmaritimomelilla.es\\\/clmar\\\/#\\\/schema\\\/logo\\\/image\\\/\"},\"sameAs\":[\"https:\\\/\\\/www.facebook.com\\\/Real-Club-Mar\u00edtimo-de-Melilla-588495841234214\\\/\",\"https:\\\/\\\/x.com\\\/nauticarcmm\",\"https:\\\/\\\/www.instagram.com\\\/club_maritimo_melilla\\\/\",\"https:\\\/\\\/www.youtube.com\\\/@realclubmaritimodemelilla4703\",\"https:\\\/\\\/es.wikipedia.org\\\/wiki\\\/Real_Club_Mar\u00edtimo_de_Melilla\"]},{\"@type\":\"Person\",\"@id\":\"https:\\\/\\\/www.realclubmaritimomelilla.es\\\/clmar\\\/#\\\/schema\\\/person\\\/ebaa3713496dc6d48c872452e73a8e79\",\"name\":\"RCMMelilla\",\"image\":{\"@type\":\"ImageObject\",\"inLanguage\":\"es\",\"@id\":\"https:\\\/\\\/secure.gravatar.com\\\/avatar\\\/df1c24789360fb9308735c4ee556fc2bc5bf924bf01e53043b8b97ba272da33c?s=96&d=mm&r=g\",\"url\":\"https:\\\/\\\/secure.gravatar.com\\\/avatar\\\/df1c24789360fb9308735c4ee556fc2bc5bf924bf01e53043b8b97ba272da33c?s=96&d=mm&r=g\",\"contentUrl\":\"https:\\\/\\\/secure.gravatar.com\\\/avatar\\\/df1c24789360fb9308735c4ee556fc2bc5bf924bf01e53043b8b97ba272da33c?s=96&d=mm&r=g\",\"caption\":\"RCMMelilla\"}}]}<\/script>\n<!-- \/ Yoast SEO plugin. -->","yoast_head_json":{"title":"El BOME publica este viernes la convocatoria de obtenci\u00f3n de titulaciones n\u00e1uticas - Real Club Mar\u00edtimo de Melilla","description":"El BOME publica este viernes la convocatoria de obtenci\u00f3n de titulaciones n\u00e1uticas","robots":{"index":"index","follow":"follow","max-snippet":"max-snippet:-1","max-image-preview":"max-image-preview:large","max-video-preview":"max-video-preview:-1"},"canonical":"https:\/\/www.realclubmaritimomelilla.es\/clmar\/el-bome-publica-este-viernes-la-convocatoria-de-obtencion-de-titulaciones-nauticas\/","og_locale":"es_ES","og_type":"article","og_title":"El BOME publica este viernes la convocatoria de obtenci\u00f3n de titulaciones n\u00e1uticas - Real Club Mar\u00edtimo de Melilla","og_description":"El BOME publica este viernes la convocatoria de obtenci\u00f3n de titulaciones n\u00e1uticas","og_url":"https:\/\/www.realclubmaritimomelilla.es\/clmar\/el-bome-publica-este-viernes-la-convocatoria-de-obtencion-de-titulaciones-nauticas\/","og_site_name":"Real Club Mar\u00edtimo de Melilla","article_publisher":"https:\/\/www.facebook.com\/Real-Club-Mar%c3%adtimo-de-Melilla-588495841234214\/","article_published_time":"2026-03-06T09:09:28+00:00","article_modified_time":"2026-03-10T12:05:29+00:00","og_image":[{"width":2560,"height":1707,"url":"https:\/\/www.realclubmaritimomelilla.es\/clmar\/wp-content\/uploads\/6F3A5313-scaled.webp","type":"image\/jpeg"}],"author":"RCMMelilla","twitter_card":"summary_large_image","twitter_creator":"@nauticarcmm","twitter_site":"@nauticarcmm","twitter_misc":{"Escrito por":"RCMMelilla","Tiempo de lectura":"1 minuto"},"schema":{"@context":"https:\/\/schema.org","@graph":[{"@type":"Article","@id":"https:\/\/www.realclubmaritimomelilla.es\/clmar\/el-bome-publica-este-viernes-la-convocatoria-de-obtencion-de-titulaciones-nauticas\/#article","isPartOf":{"@id":"https:\/\/www.realclubmaritimomelilla.es\/clmar\/el-bome-publica-este-viernes-la-convocatoria-de-obtencion-de-titulaciones-nauticas\/"},"author":{"name":"RCMMelilla","@id":"https:\/\/www.realclubmaritimomelilla.es\/clmar\/#\/schema\/person\/ebaa3713496dc6d48c872452e73a8e79"},"headline":"El BOME publica este viernes la convocatoria de obtenci\u00f3n de titulaciones n\u00e1uticas","datePublished":"2026-03-06T09:09:28+00:00","dateModified":"2026-03-10T12:05:29+00:00","mainEntityOfPage":{"@id":"https:\/\/www.realclubmaritimomelilla.es\/clmar\/el-bome-publica-este-viernes-la-convocatoria-de-obtencion-de-titulaciones-nauticas\/"},"wordCount":182,"commentCount":0,"publisher":{"@id":"https:\/\/www.realclubmaritimomelilla.es\/clmar\/#organization"},"image":{"@id":"https:\/\/www.realclubmaritimomelilla.es\/clmar\/el-bome-publica-este-viernes-la-convocatoria-de-obtencion-de-titulaciones-nauticas\/#primaryimage"},"thumbnailUrl":"https:\/\/www.realclubmaritimomelilla.es\/clmar\/wp-content\/uploads\/6F3A5313-scaled.webp","articleSection":["BOLET\u00cdN"],"inLanguage":"es","potentialAction":[{"@type":"CommentAction","name":"Comment","target":["https:\/\/www.realclubmaritimomelilla.es\/clmar\/el-bome-publica-este-viernes-la-convocatoria-de-obtencion-de-titulaciones-nauticas\/#respond"]}]},{"@type":"WebPage","@id":"https:\/\/www.realclubmaritimomelilla.es\/clmar\/el-bome-publica-este-viernes-la-convocatoria-de-obtencion-de-titulaciones-nauticas\/","url":"https:\/\/www.realclubmaritimomelilla.es\/clmar\/el-bome-publica-este-viernes-la-convocatoria-de-obtencion-de-titulaciones-nauticas\/","name":"El BOME publica este viernes la convocatoria de obtenci\u00f3n de titulaciones n\u00e1uticas - Real Club Mar\u00edtimo de Melilla","isPartOf":{"@id":"https:\/\/www.realclubmaritimomelilla.es\/clmar\/#website"},"primaryImageOfPage":{"@id":"https:\/\/www.realclubmaritimomelilla.es\/clmar\/el-bome-publica-este-viernes-la-convocatoria-de-obtencion-de-titulaciones-nauticas\/#primaryimage"},"image":{"@id":"https:\/\/www.realclubmaritimomelilla.es\/clmar\/el-bome-publica-este-viernes-la-convocatoria-de-obtencion-de-titulaciones-nauticas\/#primaryimage"},"thumbnailUrl":"https:\/\/www.realclubmaritimomelilla.es\/clmar\/wp-content\/uploads\/6F3A5313-scaled.webp","datePublished":"2026-03-06T09:09:28+00:00","dateModified":"2026-03-10T12:05:29+00:00","description":"El BOME publica este viernes la convocatoria de obtenci\u00f3n de titulaciones n\u00e1uticas","breadcrumb":{"@id":"https:\/\/www.realclubmaritimomelilla.es\/clmar\/el-bome-publica-este-viernes-la-convocatoria-de-obtencion-de-titulaciones-nauticas\/#breadcrumb"},"inLanguage":"es","potentialAction":[{"@type":"ReadAction","target":["https:\/\/www.realclubmaritimomelilla.es\/clmar\/el-bome-publica-este-viernes-la-convocatoria-de-obtencion-de-titulaciones-nauticas\/"]}]},{"@type":"ImageObject","inLanguage":"es","@id":"https:\/\/www.realclubmaritimomelilla.es\/clmar\/el-bome-publica-este-viernes-la-convocatoria-de-obtencion-de-titulaciones-nauticas\/#primaryimage","url":"https:\/\/www.realclubmaritimomelilla.es\/clmar\/wp-content\/uploads\/6F3A5313-scaled.webp","contentUrl":"https:\/\/www.realclubmaritimomelilla.es\/clmar\/wp-content\/uploads\/6F3A5313-scaled.webp","width":2560,"height":1707},{"@type":"BreadcrumbList","@id":"https:\/\/www.realclubmaritimomelilla.es\/clmar\/el-bome-publica-este-viernes-la-convocatoria-de-obtencion-de-titulaciones-nauticas\/#breadcrumb","itemListElement":[{"@type":"ListItem","position":1,"name":"Portada","item":"https:\/\/www.realclubmaritimomelilla.es\/clmar\/"},{"@type":"ListItem","position":2,"name":"El BOME publica este viernes la convocatoria de obtenci\u00f3n de titulaciones n\u00e1uticas"}]},{"@type":"WebSite","@id":"https:\/\/www.realclubmaritimomelilla.es\/clmar\/#website","url":"https:\/\/www.realclubmaritimomelilla.es\/clmar\/","name":"Real Club Mar\u00edtimo de Melilla","description":"RCMM","publisher":{"@id":"https:\/\/www.realclubmaritimomelilla.es\/clmar\/#organization"},"alternateName":"RCMM","potentialAction":[{"@type":"SearchAction","target":{"@type":"EntryPoint","urlTemplate":"https:\/\/www.realclubmaritimomelilla.es\/clmar\/?s={search_term_string}"},"query-input":{"@type":"PropertyValueSpecification","valueRequired":true,"valueName":"search_term_string"}}],"inLanguage":"es"},{"@type":"Organization","@id":"https:\/\/www.realclubmaritimomelilla.es\/clmar\/#organization","name":"Real Club Mar\u00edtimo de Melilla","alternateName":"RCMM","url":"https:\/\/www.realclubmaritimomelilla.es\/clmar\/","logo":{"@type":"ImageObject","inLanguage":"es","@id":"https:\/\/www.realclubmaritimomelilla.es\/clmar\/#\/schema\/logo\/image\/","url":"https:\/\/www.realclubmaritimomelilla.es\/clmar\/wp-content\/uploads\/logo-club-original-copia.jpg","contentUrl":"https:\/\/www.realclubmaritimomelilla.es\/clmar\/wp-content\/uploads\/logo-club-original-copia.jpg","width":128,"height":89,"caption":"Real Club Mar\u00edtimo de Melilla"},"image":{"@id":"https:\/\/www.realclubmaritimomelilla.es\/clmar\/#\/schema\/logo\/image\/"},"sameAs":["https:\/\/www.facebook.com\/Real-Club-Mar\u00edtimo-de-Melilla-588495841234214\/","https:\/\/x.com\/nauticarcmm","https:\/\/www.instagram.com\/club_maritimo_melilla\/","https:\/\/www.youtube.com\/@realclubmaritimodemelilla4703","https:\/\/es.wikipedia.org\/wiki\/Real_Club_Mar\u00edtimo_de_Melilla"]},{"@type":"Person","@id":"https:\/\/www.realclubmaritimomelilla.es\/clmar\/#\/schema\/person\/ebaa3713496dc6d48c872452e73a8e79","name":"RCMMelilla","image":{"@type":"ImageObject","inLanguage":"es","@id":"https:\/\/secure.gravatar.com\/avatar\/df1c24789360fb9308735c4ee556fc2bc5bf924bf01e53043b8b97ba272da33c?s=96&d=mm&r=g","url":"https:\/\/secure.gravatar.com\/avatar\/df1c24789360fb9308735c4ee556fc2bc5bf924bf01e53043b8b97ba272da33c?s=96&d=mm&r=g","contentUrl":"https:\/\/secure.gravatar.com\/avatar\/df1c24789360fb9308735c4ee556fc2bc5bf924bf01e53043b8b97ba272da33c?s=96&d=mm&r=g","caption":"RCMMelilla"}}]}},"_links":{"self":[{"href":"https:\/\/www.realclubmaritimomelilla.es\/clmar\/wp-json\/wp\/v2\/posts\/27225","targetHints":{"allow":["GET"]}}],"collection":[{"href":"https:\/\/www.realclubmaritimomelilla.es\/clmar\/wp-json\/wp\/v2\/posts"}],"about":[{"href":"https:\/\/www.realclubmaritimomelilla.es\/clmar\/wp-json\/wp\/v2\/types\/post"}],"author":[{"embeddable":true,"href":"https:\/\/www.realclubmaritimomelilla.es\/clmar\/wp-json\/wp\/v2\/users\/1"}],"replies":[{"embeddable":true,"href":"https:\/\/www.realclubmaritimomelilla.es\/clmar\/wp-json\/wp\/v2\/comments?post=27225"}],"version-history":[{"count":3,"href":"https:\/\/www.realclubmaritimomelilla.es\/clmar\/wp-json\/wp\/v2\/posts\/27225\/revisions"}],"predecessor-version":[{"id":27229,"href":"https:\/\/www.realclubmaritimomelilla.es\/clmar\/wp-json\/wp\/v2\/posts\/27225\/revisions\/27229"}],"wp:featuredmedia":[{"embeddable":true,"href":"https:\/\/www.realclubmaritimomelilla.es\/clmar\/wp-json\/wp\/v2\/media\/26739"}],"wp:attachment":[{"href":"https:\/\/www.realclubmaritimomelilla.es\/clmar\/wp-json\/wp\/v2\/media?parent=27225"}],"wp:term":[{"taxonomy":"category","embeddable":true,"href":"https:\/\/www.realclubmaritimomelilla.es\/clmar\/wp-json\/wp\/v2\/categories?post=27225"},{"taxonomy":"post_tag","embeddable":true,"href":"https:\/\/www.realclubmaritimomelilla.es\/clmar\/wp-json\/wp\/v2\/tags?post=27225"}],"curies":[{"name":"wp","href":"https:\/\/api.w.org\/{rel}","templated":true}]}}