{"id":27221,"date":"2026-03-05T13:44:39","date_gmt":"2026-03-05T12:44:39","guid":{"rendered":"https:\/\/www.realclubmaritimomelilla.es\/clmar\/?p=27221"},"modified":"2026-03-10T12:34:41","modified_gmt":"2026-03-10T11:34:41","slug":"el-real-club-maritimo-inicia-su-ciclo-de-la-mujer-con-una-conferencia-sobre-la-pintura-espanola-del-siglo-xix","status":"publish","type":"post","link":"https:\/\/www.realclubmaritimomelilla.es\/clmar\/el-real-club-maritimo-inicia-su-ciclo-de-la-mujer-con-una-conferencia-sobre-la-pintura-espanola-del-siglo-xix\/","title":{"rendered":"El RCMM inicia su Ciclo de la Mujer con una conferencia sobre la pintura espa\u00f1ola del siglo XIX"},"content":{"rendered":"<p>El Real Club Mar\u00edtimo de Melilla pone en marcha durante este mes de marzo su Ciclo de la Mujer, una programaci\u00f3n que incluye diferentes actividades l\u00fadicas, deportivas y culturales. Dentro de esta iniciativa se desarrollar\u00e1n varias conferencias enmarcadas en las XIII Jornadas Culturales del club.<br \/>\nLa primera propuesta tendr\u00e1 lugar este viernes 6 de marzo con la conferencia titulada \u201cIm\u00e1genes de la mujer en la pintura espa\u00f1ola del siglo XIX\u201d, que ser\u00e1 impartida por el historiador del arte Pedro Mart\u00ednez Plaza. La cita comenzar\u00e1 a las 20:30 horas, justo despu\u00e9s de la inauguraci\u00f3n de la exposici\u00f3n que lleva el mismo t\u00edtulo y que servir\u00e1 como punto de partida para este ciclo dedicado a la mujer.<br \/>\nTanto la conferencia como la muestra ofrecen un recorrido por las diferentes representaciones femeninas en la pintura espa\u00f1ola del siglo XIX, desde la pintura hist\u00f3rica hasta las escenas de g\u00e9nero. A trav\u00e9s de estas obras se analizar\u00e1n aspectos como la representaci\u00f3n de figuras hist\u00f3ricas como Isabel la Cat\u00f3lica, los roles sociales reflejados en el retrato femenino o el papel de la mujer en la pintura social de la \u00e9poca.<br \/>\nPedro Mart\u00ednez Plaza es conservador en la colecci\u00f3n de pintura del siglo XIX del Museo del Prado y doctor en Historia del Arte por la Universidad Complutense de Madrid. A lo largo de su trayectoria ha publicado diversos trabajos sobre la imagen de la mujer en la pintura hist\u00f3rica, el retrato en el siglo XIX y el papel de algunas mujeres coleccionistas, como la Duquesa de Medinaceli y de Denia y Tarifa.<br \/>\nLa conferencia se celebrar\u00e1 en la Sala del Real Club Mar\u00edtimo de Melilla a partir de las 20:30 horas y tendr\u00e1 entrada libre hasta completar el aforo.<\/p>\n","protected":false},"excerpt":{"rendered":"<p>El Real Club Mar\u00edtimo de Melilla pone en marcha durante este mes de marzo su Ciclo de la Mujer, una programaci\u00f3n que incluye diferentes actividades l\u00fadicas, deportivas y culturales. Dentro de esta iniciativa se desarrollar\u00e1n varias conferencias enmarcadas en las XIII Jornadas Culturales del club. La primera propuesta tendr\u00e1 lugar este viernes 6 de marzo [&hellip;]<\/p>\n","protected":false},"author":1,"featured_media":27199,"comment_status":"open","ping_status":"open","sticky":false,"template":"","format":"standard","meta":{"_acf_changed":false,"footnotes":""},"categories":[41],"tags":[],"class_list":["post-27221","post","type-post","status-publish","format-standard","has-post-thumbnail","hentry","category-jornadas"],"acf":[],"yoast_head":"<!-- This site is optimized with the Yoast SEO plugin v27.5 - https:\/\/yoast.com\/product\/yoast-seo-wordpress\/ -->\n<title>El RCMM inicia su Ciclo de la Mujer con una conferencia sobre la pintura espa\u00f1ola del siglo XIX - Real Club Mar\u00edtimo de Melilla<\/title>\n<meta name=\"description\" content=\"El RCMM inicia su Ciclo de la Mujer con una conferencia sobre la pintura espa\u00f1ola del siglo XIX\" \/>\n<meta name=\"robots\" content=\"index, follow, max-snippet:-1, max-image-preview:large, max-video-preview:-1\" \/>\n<link rel=\"canonical\" href=\"https:\/\/www.realclubmaritimomelilla.es\/clmar\/el-real-club-maritimo-inicia-su-ciclo-de-la-mujer-con-una-conferencia-sobre-la-pintura-espanola-del-siglo-xix\/\" \/>\n<meta property=\"og:locale\" content=\"es_ES\" \/>\n<meta property=\"og:type\" content=\"article\" \/>\n<meta property=\"og:title\" content=\"El RCMM inicia su Ciclo de la Mujer con una conferencia sobre la pintura espa\u00f1ola del siglo XIX - Real Club Mar\u00edtimo de Melilla\" \/>\n<meta property=\"og:description\" content=\"El RCMM inicia su Ciclo de la Mujer con una conferencia sobre la pintura espa\u00f1ola del siglo XIX\" \/>\n<meta property=\"og:url\" content=\"https:\/\/www.realclubmaritimomelilla.es\/clmar\/el-real-club-maritimo-inicia-su-ciclo-de-la-mujer-con-una-conferencia-sobre-la-pintura-espanola-del-siglo-xix\/\" \/>\n<meta property=\"og:site_name\" content=\"Real Club Mar\u00edtimo de Melilla\" \/>\n<meta property=\"article:publisher\" content=\"https:\/\/www.facebook.com\/Real-Club-Mar%c3%adtimo-de-Melilla-588495841234214\/\" \/>\n<meta property=\"article:published_time\" content=\"2026-03-05T12:44:39+00:00\" \/>\n<meta property=\"article:modified_time\" content=\"2026-03-10T11:34:41+00:00\" \/>\n<meta property=\"og:image\" content=\"https:\/\/www.realclubmaritimomelilla.es\/clmar\/wp-content\/uploads\/Agenda-Dia-Internacional-de-la-Mujer.webp\" \/>\n\t<meta property=\"og:image:width\" content=\"2048\" \/>\n\t<meta property=\"og:image:height\" content=\"986\" \/>\n\t<meta property=\"og:image:type\" content=\"image\/jpeg\" \/>\n<meta name=\"author\" content=\"RCMMelilla\" \/>\n<meta name=\"twitter:card\" content=\"summary_large_image\" \/>\n<meta name=\"twitter:creator\" content=\"@nauticarcmm\" \/>\n<meta name=\"twitter:site\" content=\"@nauticarcmm\" \/>\n<meta name=\"twitter:label1\" content=\"Escrito por\" \/>\n\t<meta name=\"twitter:data1\" content=\"RCMMelilla\" \/>\n\t<meta name=\"twitter:label2\" content=\"Tiempo de lectura\" \/>\n\t<meta name=\"twitter:data2\" content=\"2 minutos\" \/>\n<script type=\"application\/ld+json\" class=\"yoast-schema-graph\">{\"@context\":\"https:\\\/\\\/schema.org\",\"@graph\":[{\"@type\":\"Article\",\"@id\":\"https:\\\/\\\/www.realclubmaritimomelilla.es\\\/clmar\\\/el-real-club-maritimo-inicia-su-ciclo-de-la-mujer-con-una-conferencia-sobre-la-pintura-espanola-del-siglo-xix\\\/#article\",\"isPartOf\":{\"@id\":\"https:\\\/\\\/www.realclubmaritimomelilla.es\\\/clmar\\\/el-real-club-maritimo-inicia-su-ciclo-de-la-mujer-con-una-conferencia-sobre-la-pintura-espanola-del-siglo-xix\\\/\"},\"author\":{\"name\":\"RCMMelilla\",\"@id\":\"https:\\\/\\\/www.realclubmaritimomelilla.es\\\/clmar\\\/#\\\/schema\\\/person\\\/ebaa3713496dc6d48c872452e73a8e79\"},\"headline\":\"El RCMM inicia su Ciclo de la Mujer con una conferencia sobre la pintura espa\u00f1ola del siglo XIX\",\"datePublished\":\"2026-03-05T12:44:39+00:00\",\"dateModified\":\"2026-03-10T11:34:41+00:00\",\"mainEntityOfPage\":{\"@id\":\"https:\\\/\\\/www.realclubmaritimomelilla.es\\\/clmar\\\/el-real-club-maritimo-inicia-su-ciclo-de-la-mujer-con-una-conferencia-sobre-la-pintura-espanola-del-siglo-xix\\\/\"},\"wordCount\":322,\"commentCount\":0,\"publisher\":{\"@id\":\"https:\\\/\\\/www.realclubmaritimomelilla.es\\\/clmar\\\/#organization\"},\"image\":{\"@id\":\"https:\\\/\\\/www.realclubmaritimomelilla.es\\\/clmar\\\/el-real-club-maritimo-inicia-su-ciclo-de-la-mujer-con-una-conferencia-sobre-la-pintura-espanola-del-siglo-xix\\\/#primaryimage\"},\"thumbnailUrl\":\"https:\\\/\\\/www.realclubmaritimomelilla.es\\\/clmar\\\/wp-content\\\/uploads\\\/Agenda-Dia-Internacional-de-la-Mujer.webp\",\"articleSection\":[\"Jornadas\"],\"inLanguage\":\"es\",\"potentialAction\":[{\"@type\":\"CommentAction\",\"name\":\"Comment\",\"target\":[\"https:\\\/\\\/www.realclubmaritimomelilla.es\\\/clmar\\\/el-real-club-maritimo-inicia-su-ciclo-de-la-mujer-con-una-conferencia-sobre-la-pintura-espanola-del-siglo-xix\\\/#respond\"]}]},{\"@type\":\"WebPage\",\"@id\":\"https:\\\/\\\/www.realclubmaritimomelilla.es\\\/clmar\\\/el-real-club-maritimo-inicia-su-ciclo-de-la-mujer-con-una-conferencia-sobre-la-pintura-espanola-del-siglo-xix\\\/\",\"url\":\"https:\\\/\\\/www.realclubmaritimomelilla.es\\\/clmar\\\/el-real-club-maritimo-inicia-su-ciclo-de-la-mujer-con-una-conferencia-sobre-la-pintura-espanola-del-siglo-xix\\\/\",\"name\":\"El RCMM inicia su Ciclo de la Mujer con una conferencia sobre la pintura espa\u00f1ola del siglo XIX - Real Club Mar\u00edtimo de Melilla\",\"isPartOf\":{\"@id\":\"https:\\\/\\\/www.realclubmaritimomelilla.es\\\/clmar\\\/#website\"},\"primaryImageOfPage\":{\"@id\":\"https:\\\/\\\/www.realclubmaritimomelilla.es\\\/clmar\\\/el-real-club-maritimo-inicia-su-ciclo-de-la-mujer-con-una-conferencia-sobre-la-pintura-espanola-del-siglo-xix\\\/#primaryimage\"},\"image\":{\"@id\":\"https:\\\/\\\/www.realclubmaritimomelilla.es\\\/clmar\\\/el-real-club-maritimo-inicia-su-ciclo-de-la-mujer-con-una-conferencia-sobre-la-pintura-espanola-del-siglo-xix\\\/#primaryimage\"},\"thumbnailUrl\":\"https:\\\/\\\/www.realclubmaritimomelilla.es\\\/clmar\\\/wp-content\\\/uploads\\\/Agenda-Dia-Internacional-de-la-Mujer.webp\",\"datePublished\":\"2026-03-05T12:44:39+00:00\",\"dateModified\":\"2026-03-10T11:34:41+00:00\",\"description\":\"El RCMM inicia su Ciclo de la Mujer con una conferencia sobre la pintura espa\u00f1ola del siglo XIX\",\"breadcrumb\":{\"@id\":\"https:\\\/\\\/www.realclubmaritimomelilla.es\\\/clmar\\\/el-real-club-maritimo-inicia-su-ciclo-de-la-mujer-con-una-conferencia-sobre-la-pintura-espanola-del-siglo-xix\\\/#breadcrumb\"},\"inLanguage\":\"es\",\"potentialAction\":[{\"@type\":\"ReadAction\",\"target\":[\"https:\\\/\\\/www.realclubmaritimomelilla.es\\\/clmar\\\/el-real-club-maritimo-inicia-su-ciclo-de-la-mujer-con-una-conferencia-sobre-la-pintura-espanola-del-siglo-xix\\\/\"]}]},{\"@type\":\"ImageObject\",\"inLanguage\":\"es\",\"@id\":\"https:\\\/\\\/www.realclubmaritimomelilla.es\\\/clmar\\\/el-real-club-maritimo-inicia-su-ciclo-de-la-mujer-con-una-conferencia-sobre-la-pintura-espanola-del-siglo-xix\\\/#primaryimage\",\"url\":\"https:\\\/\\\/www.realclubmaritimomelilla.es\\\/clmar\\\/wp-content\\\/uploads\\\/Agenda-Dia-Internacional-de-la-Mujer.webp\",\"contentUrl\":\"https:\\\/\\\/www.realclubmaritimomelilla.es\\\/clmar\\\/wp-content\\\/uploads\\\/Agenda-Dia-Internacional-de-la-Mujer.webp\",\"width\":2048,\"height\":986},{\"@type\":\"BreadcrumbList\",\"@id\":\"https:\\\/\\\/www.realclubmaritimomelilla.es\\\/clmar\\\/el-real-club-maritimo-inicia-su-ciclo-de-la-mujer-con-una-conferencia-sobre-la-pintura-espanola-del-siglo-xix\\\/#breadcrumb\",\"itemListElement\":[{\"@type\":\"ListItem\",\"position\":1,\"name\":\"Portada\",\"item\":\"https:\\\/\\\/www.realclubmaritimomelilla.es\\\/clmar\\\/\"},{\"@type\":\"ListItem\",\"position\":2,\"name\":\"El RCMM inicia su Ciclo de la Mujer con una conferencia sobre la pintura espa\u00f1ola del siglo XIX\"}]},{\"@type\":\"WebSite\",\"@id\":\"https:\\\/\\\/www.realclubmaritimomelilla.es\\\/clmar\\\/#website\",\"url\":\"https:\\\/\\\/www.realclubmaritimomelilla.es\\\/clmar\\\/\",\"name\":\"Real Club Mar\u00edtimo de Melilla\",\"description\":\"RCMM\",\"publisher\":{\"@id\":\"https:\\\/\\\/www.realclubmaritimomelilla.es\\\/clmar\\\/#organization\"},\"alternateName\":\"RCMM\",\"potentialAction\":[{\"@type\":\"SearchAction\",\"target\":{\"@type\":\"EntryPoint\",\"urlTemplate\":\"https:\\\/\\\/www.realclubmaritimomelilla.es\\\/clmar\\\/?s={search_term_string}\"},\"query-input\":{\"@type\":\"PropertyValueSpecification\",\"valueRequired\":true,\"valueName\":\"search_term_string\"}}],\"inLanguage\":\"es\"},{\"@type\":\"Organization\",\"@id\":\"https:\\\/\\\/www.realclubmaritimomelilla.es\\\/clmar\\\/#organization\",\"name\":\"Real Club Mar\u00edtimo de Melilla\",\"alternateName\":\"RCMM\",\"url\":\"https:\\\/\\\/www.realclubmaritimomelilla.es\\\/clmar\\\/\",\"logo\":{\"@type\":\"ImageObject\",\"inLanguage\":\"es\",\"@id\":\"https:\\\/\\\/www.realclubmaritimomelilla.es\\\/clmar\\\/#\\\/schema\\\/logo\\\/image\\\/\",\"url\":\"https:\\\/\\\/www.realclubmaritimomelilla.es\\\/clmar\\\/wp-content\\\/uploads\\\/logo-club-original-copia.jpg\",\"contentUrl\":\"https:\\\/\\\/www.realclubmaritimomelilla.es\\\/clmar\\\/wp-content\\\/uploads\\\/logo-club-original-copia.jpg\",\"width\":128,\"height\":89,\"caption\":\"Real Club Mar\u00edtimo de Melilla\"},\"image\":{\"@id\":\"https:\\\/\\\/www.realclubmaritimomelilla.es\\\/clmar\\\/#\\\/schema\\\/logo\\\/image\\\/\"},\"sameAs\":[\"https:\\\/\\\/www.facebook.com\\\/Real-Club-Mar\u00edtimo-de-Melilla-588495841234214\\\/\",\"https:\\\/\\\/x.com\\\/nauticarcmm\",\"https:\\\/\\\/www.instagram.com\\\/club_maritimo_melilla\\\/\",\"https:\\\/\\\/www.youtube.com\\\/@realclubmaritimodemelilla4703\",\"https:\\\/\\\/es.wikipedia.org\\\/wiki\\\/Real_Club_Mar\u00edtimo_de_Melilla\"]},{\"@type\":\"Person\",\"@id\":\"https:\\\/\\\/www.realclubmaritimomelilla.es\\\/clmar\\\/#\\\/schema\\\/person\\\/ebaa3713496dc6d48c872452e73a8e79\",\"name\":\"RCMMelilla\",\"image\":{\"@type\":\"ImageObject\",\"inLanguage\":\"es\",\"@id\":\"https:\\\/\\\/secure.gravatar.com\\\/avatar\\\/df1c24789360fb9308735c4ee556fc2bc5bf924bf01e53043b8b97ba272da33c?s=96&d=mm&r=g\",\"url\":\"https:\\\/\\\/secure.gravatar.com\\\/avatar\\\/df1c24789360fb9308735c4ee556fc2bc5bf924bf01e53043b8b97ba272da33c?s=96&d=mm&r=g\",\"contentUrl\":\"https:\\\/\\\/secure.gravatar.com\\\/avatar\\\/df1c24789360fb9308735c4ee556fc2bc5bf924bf01e53043b8b97ba272da33c?s=96&d=mm&r=g\",\"caption\":\"RCMMelilla\"}}]}<\/script>\n<!-- \/ Yoast SEO plugin. -->","yoast_head_json":{"title":"El RCMM inicia su Ciclo de la Mujer con una conferencia sobre la pintura espa\u00f1ola del siglo XIX - Real Club Mar\u00edtimo de Melilla","description":"El RCMM inicia su Ciclo de la Mujer con una conferencia sobre la pintura espa\u00f1ola del siglo XIX","robots":{"index":"index","follow":"follow","max-snippet":"max-snippet:-1","max-image-preview":"max-image-preview:large","max-video-preview":"max-video-preview:-1"},"canonical":"https:\/\/www.realclubmaritimomelilla.es\/clmar\/el-real-club-maritimo-inicia-su-ciclo-de-la-mujer-con-una-conferencia-sobre-la-pintura-espanola-del-siglo-xix\/","og_locale":"es_ES","og_type":"article","og_title":"El RCMM inicia su Ciclo de la Mujer con una conferencia sobre la pintura espa\u00f1ola del siglo XIX - Real Club Mar\u00edtimo de Melilla","og_description":"El RCMM inicia su Ciclo de la Mujer con una conferencia sobre la pintura espa\u00f1ola del siglo XIX","og_url":"https:\/\/www.realclubmaritimomelilla.es\/clmar\/el-real-club-maritimo-inicia-su-ciclo-de-la-mujer-con-una-conferencia-sobre-la-pintura-espanola-del-siglo-xix\/","og_site_name":"Real Club Mar\u00edtimo de Melilla","article_publisher":"https:\/\/www.facebook.com\/Real-Club-Mar%c3%adtimo-de-Melilla-588495841234214\/","article_published_time":"2026-03-05T12:44:39+00:00","article_modified_time":"2026-03-10T11:34:41+00:00","og_image":[{"width":2048,"height":986,"url":"https:\/\/www.realclubmaritimomelilla.es\/clmar\/wp-content\/uploads\/Agenda-Dia-Internacional-de-la-Mujer.webp","type":"image\/jpeg"}],"author":"RCMMelilla","twitter_card":"summary_large_image","twitter_creator":"@nauticarcmm","twitter_site":"@nauticarcmm","twitter_misc":{"Escrito por":"RCMMelilla","Tiempo de lectura":"2 minutos"},"schema":{"@context":"https:\/\/schema.org","@graph":[{"@type":"Article","@id":"https:\/\/www.realclubmaritimomelilla.es\/clmar\/el-real-club-maritimo-inicia-su-ciclo-de-la-mujer-con-una-conferencia-sobre-la-pintura-espanola-del-siglo-xix\/#article","isPartOf":{"@id":"https:\/\/www.realclubmaritimomelilla.es\/clmar\/el-real-club-maritimo-inicia-su-ciclo-de-la-mujer-con-una-conferencia-sobre-la-pintura-espanola-del-siglo-xix\/"},"author":{"name":"RCMMelilla","@id":"https:\/\/www.realclubmaritimomelilla.es\/clmar\/#\/schema\/person\/ebaa3713496dc6d48c872452e73a8e79"},"headline":"El RCMM inicia su Ciclo de la Mujer con una conferencia sobre la pintura espa\u00f1ola del siglo XIX","datePublished":"2026-03-05T12:44:39+00:00","dateModified":"2026-03-10T11:34:41+00:00","mainEntityOfPage":{"@id":"https:\/\/www.realclubmaritimomelilla.es\/clmar\/el-real-club-maritimo-inicia-su-ciclo-de-la-mujer-con-una-conferencia-sobre-la-pintura-espanola-del-siglo-xix\/"},"wordCount":322,"commentCount":0,"publisher":{"@id":"https:\/\/www.realclubmaritimomelilla.es\/clmar\/#organization"},"image":{"@id":"https:\/\/www.realclubmaritimomelilla.es\/clmar\/el-real-club-maritimo-inicia-su-ciclo-de-la-mujer-con-una-conferencia-sobre-la-pintura-espanola-del-siglo-xix\/#primaryimage"},"thumbnailUrl":"https:\/\/www.realclubmaritimomelilla.es\/clmar\/wp-content\/uploads\/Agenda-Dia-Internacional-de-la-Mujer.webp","articleSection":["Jornadas"],"inLanguage":"es","potentialAction":[{"@type":"CommentAction","name":"Comment","target":["https:\/\/www.realclubmaritimomelilla.es\/clmar\/el-real-club-maritimo-inicia-su-ciclo-de-la-mujer-con-una-conferencia-sobre-la-pintura-espanola-del-siglo-xix\/#respond"]}]},{"@type":"WebPage","@id":"https:\/\/www.realclubmaritimomelilla.es\/clmar\/el-real-club-maritimo-inicia-su-ciclo-de-la-mujer-con-una-conferencia-sobre-la-pintura-espanola-del-siglo-xix\/","url":"https:\/\/www.realclubmaritimomelilla.es\/clmar\/el-real-club-maritimo-inicia-su-ciclo-de-la-mujer-con-una-conferencia-sobre-la-pintura-espanola-del-siglo-xix\/","name":"El RCMM inicia su Ciclo de la Mujer con una conferencia sobre la pintura espa\u00f1ola del siglo XIX - Real Club Mar\u00edtimo de Melilla","isPartOf":{"@id":"https:\/\/www.realclubmaritimomelilla.es\/clmar\/#website"},"primaryImageOfPage":{"@id":"https:\/\/www.realclubmaritimomelilla.es\/clmar\/el-real-club-maritimo-inicia-su-ciclo-de-la-mujer-con-una-conferencia-sobre-la-pintura-espanola-del-siglo-xix\/#primaryimage"},"image":{"@id":"https:\/\/www.realclubmaritimomelilla.es\/clmar\/el-real-club-maritimo-inicia-su-ciclo-de-la-mujer-con-una-conferencia-sobre-la-pintura-espanola-del-siglo-xix\/#primaryimage"},"thumbnailUrl":"https:\/\/www.realclubmaritimomelilla.es\/clmar\/wp-content\/uploads\/Agenda-Dia-Internacional-de-la-Mujer.webp","datePublished":"2026-03-05T12:44:39+00:00","dateModified":"2026-03-10T11:34:41+00:00","description":"El RCMM inicia su Ciclo de la Mujer con una conferencia sobre la pintura espa\u00f1ola del siglo XIX","breadcrumb":{"@id":"https:\/\/www.realclubmaritimomelilla.es\/clmar\/el-real-club-maritimo-inicia-su-ciclo-de-la-mujer-con-una-conferencia-sobre-la-pintura-espanola-del-siglo-xix\/#breadcrumb"},"inLanguage":"es","potentialAction":[{"@type":"ReadAction","target":["https:\/\/www.realclubmaritimomelilla.es\/clmar\/el-real-club-maritimo-inicia-su-ciclo-de-la-mujer-con-una-conferencia-sobre-la-pintura-espanola-del-siglo-xix\/"]}]},{"@type":"ImageObject","inLanguage":"es","@id":"https:\/\/www.realclubmaritimomelilla.es\/clmar\/el-real-club-maritimo-inicia-su-ciclo-de-la-mujer-con-una-conferencia-sobre-la-pintura-espanola-del-siglo-xix\/#primaryimage","url":"https:\/\/www.realclubmaritimomelilla.es\/clmar\/wp-content\/uploads\/Agenda-Dia-Internacional-de-la-Mujer.webp","contentUrl":"https:\/\/www.realclubmaritimomelilla.es\/clmar\/wp-content\/uploads\/Agenda-Dia-Internacional-de-la-Mujer.webp","width":2048,"height":986},{"@type":"BreadcrumbList","@id":"https:\/\/www.realclubmaritimomelilla.es\/clmar\/el-real-club-maritimo-inicia-su-ciclo-de-la-mujer-con-una-conferencia-sobre-la-pintura-espanola-del-siglo-xix\/#breadcrumb","itemListElement":[{"@type":"ListItem","position":1,"name":"Portada","item":"https:\/\/www.realclubmaritimomelilla.es\/clmar\/"},{"@type":"ListItem","position":2,"name":"El RCMM inicia su Ciclo de la Mujer con una conferencia sobre la pintura espa\u00f1ola del siglo XIX"}]},{"@type":"WebSite","@id":"https:\/\/www.realclubmaritimomelilla.es\/clmar\/#website","url":"https:\/\/www.realclubmaritimomelilla.es\/clmar\/","name":"Real Club Mar\u00edtimo de Melilla","description":"RCMM","publisher":{"@id":"https:\/\/www.realclubmaritimomelilla.es\/clmar\/#organization"},"alternateName":"RCMM","potentialAction":[{"@type":"SearchAction","target":{"@type":"EntryPoint","urlTemplate":"https:\/\/www.realclubmaritimomelilla.es\/clmar\/?s={search_term_string}"},"query-input":{"@type":"PropertyValueSpecification","valueRequired":true,"valueName":"search_term_string"}}],"inLanguage":"es"},{"@type":"Organization","@id":"https:\/\/www.realclubmaritimomelilla.es\/clmar\/#organization","name":"Real Club Mar\u00edtimo de Melilla","alternateName":"RCMM","url":"https:\/\/www.realclubmaritimomelilla.es\/clmar\/","logo":{"@type":"ImageObject","inLanguage":"es","@id":"https:\/\/www.realclubmaritimomelilla.es\/clmar\/#\/schema\/logo\/image\/","url":"https:\/\/www.realclubmaritimomelilla.es\/clmar\/wp-content\/uploads\/logo-club-original-copia.jpg","contentUrl":"https:\/\/www.realclubmaritimomelilla.es\/clmar\/wp-content\/uploads\/logo-club-original-copia.jpg","width":128,"height":89,"caption":"Real Club Mar\u00edtimo de Melilla"},"image":{"@id":"https:\/\/www.realclubmaritimomelilla.es\/clmar\/#\/schema\/logo\/image\/"},"sameAs":["https:\/\/www.facebook.com\/Real-Club-Mar\u00edtimo-de-Melilla-588495841234214\/","https:\/\/x.com\/nauticarcmm","https:\/\/www.instagram.com\/club_maritimo_melilla\/","https:\/\/www.youtube.com\/@realclubmaritimodemelilla4703","https:\/\/es.wikipedia.org\/wiki\/Real_Club_Mar\u00edtimo_de_Melilla"]},{"@type":"Person","@id":"https:\/\/www.realclubmaritimomelilla.es\/clmar\/#\/schema\/person\/ebaa3713496dc6d48c872452e73a8e79","name":"RCMMelilla","image":{"@type":"ImageObject","inLanguage":"es","@id":"https:\/\/secure.gravatar.com\/avatar\/df1c24789360fb9308735c4ee556fc2bc5bf924bf01e53043b8b97ba272da33c?s=96&d=mm&r=g","url":"https:\/\/secure.gravatar.com\/avatar\/df1c24789360fb9308735c4ee556fc2bc5bf924bf01e53043b8b97ba272da33c?s=96&d=mm&r=g","contentUrl":"https:\/\/secure.gravatar.com\/avatar\/df1c24789360fb9308735c4ee556fc2bc5bf924bf01e53043b8b97ba272da33c?s=96&d=mm&r=g","caption":"RCMMelilla"}}]}},"_links":{"self":[{"href":"https:\/\/www.realclubmaritimomelilla.es\/clmar\/wp-json\/wp\/v2\/posts\/27221","targetHints":{"allow":["GET"]}}],"collection":[{"href":"https:\/\/www.realclubmaritimomelilla.es\/clmar\/wp-json\/wp\/v2\/posts"}],"about":[{"href":"https:\/\/www.realclubmaritimomelilla.es\/clmar\/wp-json\/wp\/v2\/types\/post"}],"author":[{"embeddable":true,"href":"https:\/\/www.realclubmaritimomelilla.es\/clmar\/wp-json\/wp\/v2\/users\/1"}],"replies":[{"embeddable":true,"href":"https:\/\/www.realclubmaritimomelilla.es\/clmar\/wp-json\/wp\/v2\/comments?post=27221"}],"version-history":[{"count":3,"href":"https:\/\/www.realclubmaritimomelilla.es\/clmar\/wp-json\/wp\/v2\/posts\/27221\/revisions"}],"predecessor-version":[{"id":27331,"href":"https:\/\/www.realclubmaritimomelilla.es\/clmar\/wp-json\/wp\/v2\/posts\/27221\/revisions\/27331"}],"wp:featuredmedia":[{"embeddable":true,"href":"https:\/\/www.realclubmaritimomelilla.es\/clmar\/wp-json\/wp\/v2\/media\/27199"}],"wp:attachment":[{"href":"https:\/\/www.realclubmaritimomelilla.es\/clmar\/wp-json\/wp\/v2\/media?parent=27221"}],"wp:term":[{"taxonomy":"category","embeddable":true,"href":"https:\/\/www.realclubmaritimomelilla.es\/clmar\/wp-json\/wp\/v2\/categories?post=27221"},{"taxonomy":"post_tag","embeddable":true,"href":"https:\/\/www.realclubmaritimomelilla.es\/clmar\/wp-json\/wp\/v2\/tags?post=27221"}],"curies":[{"name":"wp","href":"https:\/\/api.w.org\/{rel}","templated":true}]}}