{"id":27216,"date":"2026-03-05T13:43:29","date_gmt":"2026-03-05T12:43:29","guid":{"rendered":"https:\/\/www.realclubmaritimomelilla.es\/clmar\/?p=27216"},"modified":"2026-03-09T14:43:40","modified_gmt":"2026-03-09T13:43:40","slug":"este-sabado-se-celebra-la-sexta-edicion-de-su-concurso-de-callos-y-migas-rcmm","status":"publish","type":"post","link":"https:\/\/www.realclubmaritimomelilla.es\/clmar\/este-sabado-se-celebra-la-sexta-edicion-de-su-concurso-de-callos-y-migas-rcmm\/","title":{"rendered":"Este s\u00e1bado se celebra la sexta edici\u00f3n de su Concurso de Callos y Migas RCMM"},"content":{"rendered":"<p>El pr\u00f3ximo s\u00e1bado 7 de marzo, el Real Club Mar\u00edtimo de Melilla acoger\u00e1 la sexta edici\u00f3n de su tradicional Concurso de Callos y Migas, tras haber aplazado la convocatoria inicial del 14 de febrero debido a las inclemencias meteorol\u00f3gicas.<br \/>\nEsta actividad forma parte del calendario gastron\u00f3mico anual del club, dise\u00f1ado para fomentar la convivencia entre sus socios, junto a otras citas ya consolidadas como el concurso de paellas que se celebra cada septiembre. Las cinco ediciones anteriores del certamen han contado con una gran participaci\u00f3n, y desde la entidad animan nuevamente a los socios a inscribirse y disfrutar de esta jornada culinaria.<br \/>\nDurante la jornada, adem\u00e1s del concurso, se llevar\u00e1 a cabo una degustaci\u00f3n de callos, abierta a todos los socios, para que tambi\u00e9n puedan disfrutar de los platos aunque no formen parte de los equipos participantes.<br \/>\nLos equipos dispondr\u00e1n de varias horas para la elaboraci\u00f3n de sus platos, que luego ser\u00e1n valorados por un jurado teniendo en cuenta aspectos como sabor, presentaci\u00f3n y grado de dificultad. Se otorgar\u00e1n premios en ambas modalidades \u2014callos y migas\u2014 a los mejores clasificados. En la pasada edici\u00f3n, las ganadoras fueron Andrea Escoz en migas e Isabel Jim\u00e9nez en callos.<br \/>\nCon esta sexta edici\u00f3n, el Real Club Mar\u00edtimo de Melilla reafirma su compromiso con las actividades sociales y gastron\u00f3micas, consolidando esta cita como una tradici\u00f3n dentro del calendario del club y un punto de encuentro para sus socios.<\/p>\n","protected":false},"excerpt":{"rendered":"<p>El pr\u00f3ximo s\u00e1bado 7 de marzo, el Real Club Mar\u00edtimo de Melilla acoger\u00e1 la sexta edici\u00f3n de su tradicional Concurso de Callos y Migas, tras haber aplazado la convocatoria inicial del 14 de febrero debido a las inclemencias meteorol\u00f3gicas. Esta actividad forma parte del calendario gastron\u00f3mico anual del club, dise\u00f1ado para fomentar la convivencia entre [&hellip;]<\/p>\n","protected":false},"author":1,"featured_media":27179,"comment_status":"open","ping_status":"open","sticky":false,"template":"","format":"standard","meta":{"_acf_changed":false,"footnotes":""},"categories":[39],"tags":[],"class_list":["post-27216","post","type-post","status-publish","format-standard","has-post-thumbnail","hentry","category-celebraciones"],"acf":[],"yoast_head":"<!-- This site is optimized with the Yoast SEO plugin v27.5 - https:\/\/yoast.com\/product\/yoast-seo-wordpress\/ -->\n<title>Este s\u00e1bado se celebra la sexta edici\u00f3n de su Concurso de Callos y Migas RCMM - Real Club Mar\u00edtimo de Melilla<\/title>\n<meta name=\"description\" content=\"El RCMM acoger\u00e1 la sexta edici\u00f3n de su tradicional Concurso de Callos y Migas, tras haber aplazado la convocatoria inicial debido a las inclemencias meteorol\u00f3gicas\" \/>\n<meta name=\"robots\" content=\"index, follow, max-snippet:-1, max-image-preview:large, max-video-preview:-1\" \/>\n<link rel=\"canonical\" href=\"https:\/\/www.realclubmaritimomelilla.es\/clmar\/este-sabado-se-celebra-la-sexta-edicion-de-su-concurso-de-callos-y-migas-rcmm\/\" \/>\n<meta property=\"og:locale\" content=\"es_ES\" \/>\n<meta property=\"og:type\" content=\"article\" \/>\n<meta property=\"og:title\" content=\"Este s\u00e1bado se celebra la sexta edici\u00f3n de su Concurso de Callos y Migas RCMM - Real Club Mar\u00edtimo de Melilla\" \/>\n<meta property=\"og:description\" content=\"El RCMM acoger\u00e1 la sexta edici\u00f3n de su tradicional Concurso de Callos y Migas, tras haber aplazado la convocatoria inicial debido a las inclemencias meteorol\u00f3gicas\" \/>\n<meta property=\"og:url\" content=\"https:\/\/www.realclubmaritimomelilla.es\/clmar\/este-sabado-se-celebra-la-sexta-edicion-de-su-concurso-de-callos-y-migas-rcmm\/\" \/>\n<meta property=\"og:site_name\" content=\"Real Club Mar\u00edtimo de Melilla\" \/>\n<meta property=\"article:publisher\" content=\"https:\/\/www.facebook.com\/Real-Club-Mar%c3%adtimo-de-Melilla-588495841234214\/\" \/>\n<meta property=\"article:published_time\" content=\"2026-03-05T12:43:29+00:00\" \/>\n<meta property=\"article:modified_time\" content=\"2026-03-09T13:43:40+00:00\" \/>\n<meta property=\"og:image\" content=\"https:\/\/www.realclubmaritimomelilla.es\/clmar\/wp-content\/uploads\/CALLOS-7-MARZO-scaled.webp\" \/>\n\t<meta property=\"og:image:width\" content=\"1811\" \/>\n\t<meta property=\"og:image:height\" content=\"2560\" \/>\n\t<meta property=\"og:image:type\" content=\"image\/jpeg\" \/>\n<meta name=\"author\" content=\"RCMMelilla\" \/>\n<meta name=\"twitter:card\" content=\"summary_large_image\" \/>\n<meta name=\"twitter:creator\" content=\"@nauticarcmm\" \/>\n<meta name=\"twitter:site\" content=\"@nauticarcmm\" \/>\n<meta name=\"twitter:label1\" content=\"Escrito por\" \/>\n\t<meta name=\"twitter:data1\" content=\"RCMMelilla\" \/>\n\t<meta name=\"twitter:label2\" content=\"Tiempo de lectura\" \/>\n\t<meta name=\"twitter:data2\" content=\"2 minutos\" \/>\n<script type=\"application\/ld+json\" class=\"yoast-schema-graph\">{\"@context\":\"https:\\\/\\\/schema.org\",\"@graph\":[{\"@type\":\"Article\",\"@id\":\"https:\\\/\\\/www.realclubmaritimomelilla.es\\\/clmar\\\/este-sabado-se-celebra-la-sexta-edicion-de-su-concurso-de-callos-y-migas-rcmm\\\/#article\",\"isPartOf\":{\"@id\":\"https:\\\/\\\/www.realclubmaritimomelilla.es\\\/clmar\\\/este-sabado-se-celebra-la-sexta-edicion-de-su-concurso-de-callos-y-migas-rcmm\\\/\"},\"author\":{\"name\":\"RCMMelilla\",\"@id\":\"https:\\\/\\\/www.realclubmaritimomelilla.es\\\/clmar\\\/#\\\/schema\\\/person\\\/ebaa3713496dc6d48c872452e73a8e79\"},\"headline\":\"Este s\u00e1bado se celebra la sexta edici\u00f3n de su Concurso de Callos y Migas RCMM\",\"datePublished\":\"2026-03-05T12:43:29+00:00\",\"dateModified\":\"2026-03-09T13:43:40+00:00\",\"mainEntityOfPage\":{\"@id\":\"https:\\\/\\\/www.realclubmaritimomelilla.es\\\/clmar\\\/este-sabado-se-celebra-la-sexta-edicion-de-su-concurso-de-callos-y-migas-rcmm\\\/\"},\"wordCount\":271,\"commentCount\":0,\"publisher\":{\"@id\":\"https:\\\/\\\/www.realclubmaritimomelilla.es\\\/clmar\\\/#organization\"},\"image\":{\"@id\":\"https:\\\/\\\/www.realclubmaritimomelilla.es\\\/clmar\\\/este-sabado-se-celebra-la-sexta-edicion-de-su-concurso-de-callos-y-migas-rcmm\\\/#primaryimage\"},\"thumbnailUrl\":\"https:\\\/\\\/www.realclubmaritimomelilla.es\\\/clmar\\\/wp-content\\\/uploads\\\/CALLOS-7-MARZO-scaled.webp\",\"articleSection\":[\"Celebraciones\"],\"inLanguage\":\"es\",\"potentialAction\":[{\"@type\":\"CommentAction\",\"name\":\"Comment\",\"target\":[\"https:\\\/\\\/www.realclubmaritimomelilla.es\\\/clmar\\\/este-sabado-se-celebra-la-sexta-edicion-de-su-concurso-de-callos-y-migas-rcmm\\\/#respond\"]}]},{\"@type\":\"WebPage\",\"@id\":\"https:\\\/\\\/www.realclubmaritimomelilla.es\\\/clmar\\\/este-sabado-se-celebra-la-sexta-edicion-de-su-concurso-de-callos-y-migas-rcmm\\\/\",\"url\":\"https:\\\/\\\/www.realclubmaritimomelilla.es\\\/clmar\\\/este-sabado-se-celebra-la-sexta-edicion-de-su-concurso-de-callos-y-migas-rcmm\\\/\",\"name\":\"Este s\u00e1bado se celebra la sexta edici\u00f3n de su Concurso de Callos y Migas RCMM - Real Club Mar\u00edtimo de Melilla\",\"isPartOf\":{\"@id\":\"https:\\\/\\\/www.realclubmaritimomelilla.es\\\/clmar\\\/#website\"},\"primaryImageOfPage\":{\"@id\":\"https:\\\/\\\/www.realclubmaritimomelilla.es\\\/clmar\\\/este-sabado-se-celebra-la-sexta-edicion-de-su-concurso-de-callos-y-migas-rcmm\\\/#primaryimage\"},\"image\":{\"@id\":\"https:\\\/\\\/www.realclubmaritimomelilla.es\\\/clmar\\\/este-sabado-se-celebra-la-sexta-edicion-de-su-concurso-de-callos-y-migas-rcmm\\\/#primaryimage\"},\"thumbnailUrl\":\"https:\\\/\\\/www.realclubmaritimomelilla.es\\\/clmar\\\/wp-content\\\/uploads\\\/CALLOS-7-MARZO-scaled.webp\",\"datePublished\":\"2026-03-05T12:43:29+00:00\",\"dateModified\":\"2026-03-09T13:43:40+00:00\",\"description\":\"El RCMM acoger\u00e1 la sexta edici\u00f3n de su tradicional Concurso de Callos y Migas, tras haber aplazado la convocatoria inicial debido a las inclemencias meteorol\u00f3gicas\",\"breadcrumb\":{\"@id\":\"https:\\\/\\\/www.realclubmaritimomelilla.es\\\/clmar\\\/este-sabado-se-celebra-la-sexta-edicion-de-su-concurso-de-callos-y-migas-rcmm\\\/#breadcrumb\"},\"inLanguage\":\"es\",\"potentialAction\":[{\"@type\":\"ReadAction\",\"target\":[\"https:\\\/\\\/www.realclubmaritimomelilla.es\\\/clmar\\\/este-sabado-se-celebra-la-sexta-edicion-de-su-concurso-de-callos-y-migas-rcmm\\\/\"]}]},{\"@type\":\"ImageObject\",\"inLanguage\":\"es\",\"@id\":\"https:\\\/\\\/www.realclubmaritimomelilla.es\\\/clmar\\\/este-sabado-se-celebra-la-sexta-edicion-de-su-concurso-de-callos-y-migas-rcmm\\\/#primaryimage\",\"url\":\"https:\\\/\\\/www.realclubmaritimomelilla.es\\\/clmar\\\/wp-content\\\/uploads\\\/CALLOS-7-MARZO-scaled.webp\",\"contentUrl\":\"https:\\\/\\\/www.realclubmaritimomelilla.es\\\/clmar\\\/wp-content\\\/uploads\\\/CALLOS-7-MARZO-scaled.webp\",\"width\":1811,\"height\":2560},{\"@type\":\"BreadcrumbList\",\"@id\":\"https:\\\/\\\/www.realclubmaritimomelilla.es\\\/clmar\\\/este-sabado-se-celebra-la-sexta-edicion-de-su-concurso-de-callos-y-migas-rcmm\\\/#breadcrumb\",\"itemListElement\":[{\"@type\":\"ListItem\",\"position\":1,\"name\":\"Portada\",\"item\":\"https:\\\/\\\/www.realclubmaritimomelilla.es\\\/clmar\\\/\"},{\"@type\":\"ListItem\",\"position\":2,\"name\":\"Este s\u00e1bado se celebra la sexta edici\u00f3n de su Concurso de Callos y Migas RCMM\"}]},{\"@type\":\"WebSite\",\"@id\":\"https:\\\/\\\/www.realclubmaritimomelilla.es\\\/clmar\\\/#website\",\"url\":\"https:\\\/\\\/www.realclubmaritimomelilla.es\\\/clmar\\\/\",\"name\":\"Real Club Mar\u00edtimo de Melilla\",\"description\":\"RCMM\",\"publisher\":{\"@id\":\"https:\\\/\\\/www.realclubmaritimomelilla.es\\\/clmar\\\/#organization\"},\"alternateName\":\"RCMM\",\"potentialAction\":[{\"@type\":\"SearchAction\",\"target\":{\"@type\":\"EntryPoint\",\"urlTemplate\":\"https:\\\/\\\/www.realclubmaritimomelilla.es\\\/clmar\\\/?s={search_term_string}\"},\"query-input\":{\"@type\":\"PropertyValueSpecification\",\"valueRequired\":true,\"valueName\":\"search_term_string\"}}],\"inLanguage\":\"es\"},{\"@type\":\"Organization\",\"@id\":\"https:\\\/\\\/www.realclubmaritimomelilla.es\\\/clmar\\\/#organization\",\"name\":\"Real Club Mar\u00edtimo de Melilla\",\"alternateName\":\"RCMM\",\"url\":\"https:\\\/\\\/www.realclubmaritimomelilla.es\\\/clmar\\\/\",\"logo\":{\"@type\":\"ImageObject\",\"inLanguage\":\"es\",\"@id\":\"https:\\\/\\\/www.realclubmaritimomelilla.es\\\/clmar\\\/#\\\/schema\\\/logo\\\/image\\\/\",\"url\":\"https:\\\/\\\/www.realclubmaritimomelilla.es\\\/clmar\\\/wp-content\\\/uploads\\\/logo-club-original-copia.jpg\",\"contentUrl\":\"https:\\\/\\\/www.realclubmaritimomelilla.es\\\/clmar\\\/wp-content\\\/uploads\\\/logo-club-original-copia.jpg\",\"width\":128,\"height\":89,\"caption\":\"Real Club Mar\u00edtimo de Melilla\"},\"image\":{\"@id\":\"https:\\\/\\\/www.realclubmaritimomelilla.es\\\/clmar\\\/#\\\/schema\\\/logo\\\/image\\\/\"},\"sameAs\":[\"https:\\\/\\\/www.facebook.com\\\/Real-Club-Mar\u00edtimo-de-Melilla-588495841234214\\\/\",\"https:\\\/\\\/x.com\\\/nauticarcmm\",\"https:\\\/\\\/www.instagram.com\\\/club_maritimo_melilla\\\/\",\"https:\\\/\\\/www.youtube.com\\\/@realclubmaritimodemelilla4703\",\"https:\\\/\\\/es.wikipedia.org\\\/wiki\\\/Real_Club_Mar\u00edtimo_de_Melilla\"]},{\"@type\":\"Person\",\"@id\":\"https:\\\/\\\/www.realclubmaritimomelilla.es\\\/clmar\\\/#\\\/schema\\\/person\\\/ebaa3713496dc6d48c872452e73a8e79\",\"name\":\"RCMMelilla\",\"image\":{\"@type\":\"ImageObject\",\"inLanguage\":\"es\",\"@id\":\"https:\\\/\\\/secure.gravatar.com\\\/avatar\\\/df1c24789360fb9308735c4ee556fc2bc5bf924bf01e53043b8b97ba272da33c?s=96&d=mm&r=g\",\"url\":\"https:\\\/\\\/secure.gravatar.com\\\/avatar\\\/df1c24789360fb9308735c4ee556fc2bc5bf924bf01e53043b8b97ba272da33c?s=96&d=mm&r=g\",\"contentUrl\":\"https:\\\/\\\/secure.gravatar.com\\\/avatar\\\/df1c24789360fb9308735c4ee556fc2bc5bf924bf01e53043b8b97ba272da33c?s=96&d=mm&r=g\",\"caption\":\"RCMMelilla\"}}]}<\/script>\n<!-- \/ Yoast SEO plugin. -->","yoast_head_json":{"title":"Este s\u00e1bado se celebra la sexta edici\u00f3n de su Concurso de Callos y Migas RCMM - Real Club Mar\u00edtimo de Melilla","description":"El RCMM acoger\u00e1 la sexta edici\u00f3n de su tradicional Concurso de Callos y Migas, tras haber aplazado la convocatoria inicial debido a las inclemencias meteorol\u00f3gicas","robots":{"index":"index","follow":"follow","max-snippet":"max-snippet:-1","max-image-preview":"max-image-preview:large","max-video-preview":"max-video-preview:-1"},"canonical":"https:\/\/www.realclubmaritimomelilla.es\/clmar\/este-sabado-se-celebra-la-sexta-edicion-de-su-concurso-de-callos-y-migas-rcmm\/","og_locale":"es_ES","og_type":"article","og_title":"Este s\u00e1bado se celebra la sexta edici\u00f3n de su Concurso de Callos y Migas RCMM - Real Club Mar\u00edtimo de Melilla","og_description":"El RCMM acoger\u00e1 la sexta edici\u00f3n de su tradicional Concurso de Callos y Migas, tras haber aplazado la convocatoria inicial debido a las inclemencias meteorol\u00f3gicas","og_url":"https:\/\/www.realclubmaritimomelilla.es\/clmar\/este-sabado-se-celebra-la-sexta-edicion-de-su-concurso-de-callos-y-migas-rcmm\/","og_site_name":"Real Club Mar\u00edtimo de Melilla","article_publisher":"https:\/\/www.facebook.com\/Real-Club-Mar%c3%adtimo-de-Melilla-588495841234214\/","article_published_time":"2026-03-05T12:43:29+00:00","article_modified_time":"2026-03-09T13:43:40+00:00","og_image":[{"width":1811,"height":2560,"url":"https:\/\/www.realclubmaritimomelilla.es\/clmar\/wp-content\/uploads\/CALLOS-7-MARZO-scaled.webp","type":"image\/jpeg"}],"author":"RCMMelilla","twitter_card":"summary_large_image","twitter_creator":"@nauticarcmm","twitter_site":"@nauticarcmm","twitter_misc":{"Escrito por":"RCMMelilla","Tiempo de lectura":"2 minutos"},"schema":{"@context":"https:\/\/schema.org","@graph":[{"@type":"Article","@id":"https:\/\/www.realclubmaritimomelilla.es\/clmar\/este-sabado-se-celebra-la-sexta-edicion-de-su-concurso-de-callos-y-migas-rcmm\/#article","isPartOf":{"@id":"https:\/\/www.realclubmaritimomelilla.es\/clmar\/este-sabado-se-celebra-la-sexta-edicion-de-su-concurso-de-callos-y-migas-rcmm\/"},"author":{"name":"RCMMelilla","@id":"https:\/\/www.realclubmaritimomelilla.es\/clmar\/#\/schema\/person\/ebaa3713496dc6d48c872452e73a8e79"},"headline":"Este s\u00e1bado se celebra la sexta edici\u00f3n de su Concurso de Callos y Migas RCMM","datePublished":"2026-03-05T12:43:29+00:00","dateModified":"2026-03-09T13:43:40+00:00","mainEntityOfPage":{"@id":"https:\/\/www.realclubmaritimomelilla.es\/clmar\/este-sabado-se-celebra-la-sexta-edicion-de-su-concurso-de-callos-y-migas-rcmm\/"},"wordCount":271,"commentCount":0,"publisher":{"@id":"https:\/\/www.realclubmaritimomelilla.es\/clmar\/#organization"},"image":{"@id":"https:\/\/www.realclubmaritimomelilla.es\/clmar\/este-sabado-se-celebra-la-sexta-edicion-de-su-concurso-de-callos-y-migas-rcmm\/#primaryimage"},"thumbnailUrl":"https:\/\/www.realclubmaritimomelilla.es\/clmar\/wp-content\/uploads\/CALLOS-7-MARZO-scaled.webp","articleSection":["Celebraciones"],"inLanguage":"es","potentialAction":[{"@type":"CommentAction","name":"Comment","target":["https:\/\/www.realclubmaritimomelilla.es\/clmar\/este-sabado-se-celebra-la-sexta-edicion-de-su-concurso-de-callos-y-migas-rcmm\/#respond"]}]},{"@type":"WebPage","@id":"https:\/\/www.realclubmaritimomelilla.es\/clmar\/este-sabado-se-celebra-la-sexta-edicion-de-su-concurso-de-callos-y-migas-rcmm\/","url":"https:\/\/www.realclubmaritimomelilla.es\/clmar\/este-sabado-se-celebra-la-sexta-edicion-de-su-concurso-de-callos-y-migas-rcmm\/","name":"Este s\u00e1bado se celebra la sexta edici\u00f3n de su Concurso de Callos y Migas RCMM - Real Club Mar\u00edtimo de Melilla","isPartOf":{"@id":"https:\/\/www.realclubmaritimomelilla.es\/clmar\/#website"},"primaryImageOfPage":{"@id":"https:\/\/www.realclubmaritimomelilla.es\/clmar\/este-sabado-se-celebra-la-sexta-edicion-de-su-concurso-de-callos-y-migas-rcmm\/#primaryimage"},"image":{"@id":"https:\/\/www.realclubmaritimomelilla.es\/clmar\/este-sabado-se-celebra-la-sexta-edicion-de-su-concurso-de-callos-y-migas-rcmm\/#primaryimage"},"thumbnailUrl":"https:\/\/www.realclubmaritimomelilla.es\/clmar\/wp-content\/uploads\/CALLOS-7-MARZO-scaled.webp","datePublished":"2026-03-05T12:43:29+00:00","dateModified":"2026-03-09T13:43:40+00:00","description":"El RCMM acoger\u00e1 la sexta edici\u00f3n de su tradicional Concurso de Callos y Migas, tras haber aplazado la convocatoria inicial debido a las inclemencias meteorol\u00f3gicas","breadcrumb":{"@id":"https:\/\/www.realclubmaritimomelilla.es\/clmar\/este-sabado-se-celebra-la-sexta-edicion-de-su-concurso-de-callos-y-migas-rcmm\/#breadcrumb"},"inLanguage":"es","potentialAction":[{"@type":"ReadAction","target":["https:\/\/www.realclubmaritimomelilla.es\/clmar\/este-sabado-se-celebra-la-sexta-edicion-de-su-concurso-de-callos-y-migas-rcmm\/"]}]},{"@type":"ImageObject","inLanguage":"es","@id":"https:\/\/www.realclubmaritimomelilla.es\/clmar\/este-sabado-se-celebra-la-sexta-edicion-de-su-concurso-de-callos-y-migas-rcmm\/#primaryimage","url":"https:\/\/www.realclubmaritimomelilla.es\/clmar\/wp-content\/uploads\/CALLOS-7-MARZO-scaled.webp","contentUrl":"https:\/\/www.realclubmaritimomelilla.es\/clmar\/wp-content\/uploads\/CALLOS-7-MARZO-scaled.webp","width":1811,"height":2560},{"@type":"BreadcrumbList","@id":"https:\/\/www.realclubmaritimomelilla.es\/clmar\/este-sabado-se-celebra-la-sexta-edicion-de-su-concurso-de-callos-y-migas-rcmm\/#breadcrumb","itemListElement":[{"@type":"ListItem","position":1,"name":"Portada","item":"https:\/\/www.realclubmaritimomelilla.es\/clmar\/"},{"@type":"ListItem","position":2,"name":"Este s\u00e1bado se celebra la sexta edici\u00f3n de su Concurso de Callos y Migas RCMM"}]},{"@type":"WebSite","@id":"https:\/\/www.realclubmaritimomelilla.es\/clmar\/#website","url":"https:\/\/www.realclubmaritimomelilla.es\/clmar\/","name":"Real Club Mar\u00edtimo de Melilla","description":"RCMM","publisher":{"@id":"https:\/\/www.realclubmaritimomelilla.es\/clmar\/#organization"},"alternateName":"RCMM","potentialAction":[{"@type":"SearchAction","target":{"@type":"EntryPoint","urlTemplate":"https:\/\/www.realclubmaritimomelilla.es\/clmar\/?s={search_term_string}"},"query-input":{"@type":"PropertyValueSpecification","valueRequired":true,"valueName":"search_term_string"}}],"inLanguage":"es"},{"@type":"Organization","@id":"https:\/\/www.realclubmaritimomelilla.es\/clmar\/#organization","name":"Real Club Mar\u00edtimo de Melilla","alternateName":"RCMM","url":"https:\/\/www.realclubmaritimomelilla.es\/clmar\/","logo":{"@type":"ImageObject","inLanguage":"es","@id":"https:\/\/www.realclubmaritimomelilla.es\/clmar\/#\/schema\/logo\/image\/","url":"https:\/\/www.realclubmaritimomelilla.es\/clmar\/wp-content\/uploads\/logo-club-original-copia.jpg","contentUrl":"https:\/\/www.realclubmaritimomelilla.es\/clmar\/wp-content\/uploads\/logo-club-original-copia.jpg","width":128,"height":89,"caption":"Real Club Mar\u00edtimo de Melilla"},"image":{"@id":"https:\/\/www.realclubmaritimomelilla.es\/clmar\/#\/schema\/logo\/image\/"},"sameAs":["https:\/\/www.facebook.com\/Real-Club-Mar\u00edtimo-de-Melilla-588495841234214\/","https:\/\/x.com\/nauticarcmm","https:\/\/www.instagram.com\/club_maritimo_melilla\/","https:\/\/www.youtube.com\/@realclubmaritimodemelilla4703","https:\/\/es.wikipedia.org\/wiki\/Real_Club_Mar\u00edtimo_de_Melilla"]},{"@type":"Person","@id":"https:\/\/www.realclubmaritimomelilla.es\/clmar\/#\/schema\/person\/ebaa3713496dc6d48c872452e73a8e79","name":"RCMMelilla","image":{"@type":"ImageObject","inLanguage":"es","@id":"https:\/\/secure.gravatar.com\/avatar\/df1c24789360fb9308735c4ee556fc2bc5bf924bf01e53043b8b97ba272da33c?s=96&d=mm&r=g","url":"https:\/\/secure.gravatar.com\/avatar\/df1c24789360fb9308735c4ee556fc2bc5bf924bf01e53043b8b97ba272da33c?s=96&d=mm&r=g","contentUrl":"https:\/\/secure.gravatar.com\/avatar\/df1c24789360fb9308735c4ee556fc2bc5bf924bf01e53043b8b97ba272da33c?s=96&d=mm&r=g","caption":"RCMMelilla"}}]}},"_links":{"self":[{"href":"https:\/\/www.realclubmaritimomelilla.es\/clmar\/wp-json\/wp\/v2\/posts\/27216","targetHints":{"allow":["GET"]}}],"collection":[{"href":"https:\/\/www.realclubmaritimomelilla.es\/clmar\/wp-json\/wp\/v2\/posts"}],"about":[{"href":"https:\/\/www.realclubmaritimomelilla.es\/clmar\/wp-json\/wp\/v2\/types\/post"}],"author":[{"embeddable":true,"href":"https:\/\/www.realclubmaritimomelilla.es\/clmar\/wp-json\/wp\/v2\/users\/1"}],"replies":[{"embeddable":true,"href":"https:\/\/www.realclubmaritimomelilla.es\/clmar\/wp-json\/wp\/v2\/comments?post=27216"}],"version-history":[{"count":1,"href":"https:\/\/www.realclubmaritimomelilla.es\/clmar\/wp-json\/wp\/v2\/posts\/27216\/revisions"}],"predecessor-version":[{"id":27217,"href":"https:\/\/www.realclubmaritimomelilla.es\/clmar\/wp-json\/wp\/v2\/posts\/27216\/revisions\/27217"}],"wp:featuredmedia":[{"embeddable":true,"href":"https:\/\/www.realclubmaritimomelilla.es\/clmar\/wp-json\/wp\/v2\/media\/27179"}],"wp:attachment":[{"href":"https:\/\/www.realclubmaritimomelilla.es\/clmar\/wp-json\/wp\/v2\/media?parent=27216"}],"wp:term":[{"taxonomy":"category","embeddable":true,"href":"https:\/\/www.realclubmaritimomelilla.es\/clmar\/wp-json\/wp\/v2\/categories?post=27216"},{"taxonomy":"post_tag","embeddable":true,"href":"https:\/\/www.realclubmaritimomelilla.es\/clmar\/wp-json\/wp\/v2\/tags?post=27216"}],"curies":[{"name":"wp","href":"https:\/\/api.w.org\/{rel}","templated":true}]}}