{"id":27214,"date":"2026-03-05T13:42:05","date_gmt":"2026-03-05T12:42:05","guid":{"rendered":"https:\/\/www.realclubmaritimomelilla.es\/clmar\/?p=27214"},"modified":"2026-03-09T14:02:19","modified_gmt":"2026-03-09T13:02:19","slug":"el-real-club-maritimo-de-melilla-celebra-paladas-que-unen-primer-evento-de-barco-dragon-en-la-ciudad","status":"publish","type":"post","link":"https:\/\/www.realclubmaritimomelilla.es\/clmar\/el-real-club-maritimo-de-melilla-celebra-paladas-que-unen-primer-evento-de-barco-dragon-en-la-ciudad\/","title":{"rendered":"El RCMM celebra \u201cPaladas que unen\u201d, primer evento de Barco Drag\u00f3n en la ciudad"},"content":{"rendered":"<p>El Real Club Mar\u00edtimo de Melilla, pionero en la implantaci\u00f3n de la modalidad deportiva de Barco Drag\u00f3n en la ciudad, da un paso m\u00e1s este viernes y s\u00e1bado con la celebraci\u00f3n del primer evento dedicado a esta disciplina bajo el lema \u201cPaladas que unen\u201d, enmarcado en las actividades del D\u00eda Internacional de la Mujer.<br \/>\nLa programaci\u00f3n arranca este viernes a las 13:15 horas con una mesa redonda en la que participar\u00e1n representantes del Real Club Mar\u00edtimo de Melilla, as\u00ed como de los clubes Sevilla Drag\u00f3n, M\u00e1laga Drag\u00f3n Boat y la Escuela de Pirag\u00fcismo \u201cCiudad de Pontevedra\u201d. La mesa se celebrar\u00e1 en la Sala de Conferencias del RCMM a partir de las 15:15 horas y servir\u00e1 como foro para exponer experiencias en la pr\u00e1ctica de este deporte, as\u00ed como su valor terap\u00e9utico y social. Entre los temas destacados estar\u00e1 la utilidad del Barco Drag\u00f3n para pacientes oncol\u00f3gicos, especialmente mujeres diagnosticadas con c\u00e1ncer de mama.<br \/>\nEl s\u00e1bado, desde las 9:30 horas, se desarrollar\u00e1 la competici\u00f3n en la modalidad DB12 (tripulacion de diez palistas, un timonel y un tambor) junto a la zona mar\u00edtima del Cargadero Mineral, con un recorrido de 200 metros. La prueba contar\u00e1 con categor\u00edas femenina, mixta y open, e incluir\u00e1 la participaci\u00f3n de deportistas de Paradragon, la vertiente inclusiva del Barco Drag\u00f3n, que demuestra que este deporte no tiene barreras. La competici\u00f3n se prolongar\u00e1 hasta pasadas las horas del mediod\u00eda, con series que pondr\u00e1n a prueba t\u00e9cnica, coordinaci\u00f3n y resistencia de los equipos.<br \/>\nEl Barco Drag\u00f3n, integrado en el pirag\u00fcismo, se caracteriza por su componente social y terap\u00e9utico, y sus practicantes destacan que \u201ces mucho m\u00e1s que un deporte\u201d. Con esta iniciativa, el Real Club Mar\u00edtimo de Melilla busca consolidar un punto de encuentro para deportistas, visibilizar los beneficios terap\u00e9uticos de la disciplina y promover la inclusi\u00f3n y la igualdad a trav\u00e9s del deporte.<\/p>\n","protected":false},"excerpt":{"rendered":"<p>El Real Club Mar\u00edtimo de Melilla, pionero en la implantaci\u00f3n de la modalidad deportiva de Barco Drag\u00f3n en la ciudad, da un paso m\u00e1s este viernes y s\u00e1bado con la celebraci\u00f3n del primer evento dedicado a esta disciplina bajo el lema \u201cPaladas que unen\u201d, enmarcado en las actividades del D\u00eda Internacional de la Mujer. La [&hellip;]<\/p>\n","protected":false},"author":1,"featured_media":27196,"comment_status":"open","ping_status":"open","sticky":false,"template":"","format":"standard","meta":{"_acf_changed":false,"footnotes":""},"categories":[38],"tags":[],"class_list":["post-27214","post","type-post","status-publish","format-standard","has-post-thumbnail","hentry","category-nautica"],"acf":[],"yoast_head":"<!-- This site is optimized with the Yoast SEO plugin v27.5 - https:\/\/yoast.com\/product\/yoast-seo-wordpress\/ -->\n<title>El RCMM celebra \u201cPaladas que unen\u201d, primer evento de Barco Drag\u00f3n en la ciudad - Real Club Mar\u00edtimo de Melilla<\/title>\n<meta name=\"description\" content=\"El RCMM, pionero en la implantaci\u00f3n deportiva de Barco Drag\u00f3n en nuestra ciudad, celebra el primer evento bajo el lema \u201cPaladas que unen\u201d\" \/>\n<meta name=\"robots\" content=\"index, follow, max-snippet:-1, max-image-preview:large, max-video-preview:-1\" \/>\n<link rel=\"canonical\" href=\"https:\/\/www.realclubmaritimomelilla.es\/clmar\/el-real-club-maritimo-de-melilla-celebra-paladas-que-unen-primer-evento-de-barco-dragon-en-la-ciudad\/\" \/>\n<meta property=\"og:locale\" content=\"es_ES\" \/>\n<meta property=\"og:type\" content=\"article\" \/>\n<meta property=\"og:title\" content=\"El RCMM celebra \u201cPaladas que unen\u201d, primer evento de Barco Drag\u00f3n en la ciudad - Real Club Mar\u00edtimo de Melilla\" \/>\n<meta property=\"og:description\" content=\"El RCMM, pionero en la implantaci\u00f3n deportiva de Barco Drag\u00f3n en nuestra ciudad, celebra el primer evento bajo el lema \u201cPaladas que unen\u201d\" \/>\n<meta property=\"og:url\" content=\"https:\/\/www.realclubmaritimomelilla.es\/clmar\/el-real-club-maritimo-de-melilla-celebra-paladas-que-unen-primer-evento-de-barco-dragon-en-la-ciudad\/\" \/>\n<meta property=\"og:site_name\" content=\"Real Club Mar\u00edtimo de Melilla\" \/>\n<meta property=\"article:publisher\" content=\"https:\/\/www.facebook.com\/Real-Club-Mar%c3%adtimo-de-Melilla-588495841234214\/\" \/>\n<meta property=\"article:published_time\" content=\"2026-03-05T12:42:05+00:00\" \/>\n<meta property=\"article:modified_time\" content=\"2026-03-09T13:02:19+00:00\" \/>\n<meta property=\"og:image\" content=\"https:\/\/www.realclubmaritimomelilla.es\/clmar\/wp-content\/uploads\/regata-dragon-fachada2.webp\" \/>\n\t<meta property=\"og:image:width\" content=\"1600\" \/>\n\t<meta property=\"og:image:height\" content=\"900\" \/>\n\t<meta property=\"og:image:type\" content=\"image\/jpeg\" \/>\n<meta name=\"author\" content=\"RCMMelilla\" \/>\n<meta name=\"twitter:card\" content=\"summary_large_image\" \/>\n<meta name=\"twitter:creator\" content=\"@nauticarcmm\" \/>\n<meta name=\"twitter:site\" content=\"@nauticarcmm\" \/>\n<meta name=\"twitter:label1\" content=\"Escrito por\" \/>\n\t<meta name=\"twitter:data1\" content=\"RCMMelilla\" \/>\n\t<meta name=\"twitter:label2\" content=\"Tiempo de lectura\" \/>\n\t<meta name=\"twitter:data2\" content=\"2 minutos\" \/>\n<script type=\"application\/ld+json\" class=\"yoast-schema-graph\">{\"@context\":\"https:\\\/\\\/schema.org\",\"@graph\":[{\"@type\":\"Article\",\"@id\":\"https:\\\/\\\/www.realclubmaritimomelilla.es\\\/clmar\\\/el-real-club-maritimo-de-melilla-celebra-paladas-que-unen-primer-evento-de-barco-dragon-en-la-ciudad\\\/#article\",\"isPartOf\":{\"@id\":\"https:\\\/\\\/www.realclubmaritimomelilla.es\\\/clmar\\\/el-real-club-maritimo-de-melilla-celebra-paladas-que-unen-primer-evento-de-barco-dragon-en-la-ciudad\\\/\"},\"author\":{\"name\":\"RCMMelilla\",\"@id\":\"https:\\\/\\\/www.realclubmaritimomelilla.es\\\/clmar\\\/#\\\/schema\\\/person\\\/ebaa3713496dc6d48c872452e73a8e79\"},\"headline\":\"El RCMM celebra \u201cPaladas que unen\u201d, primer evento de Barco Drag\u00f3n en la ciudad\",\"datePublished\":\"2026-03-05T12:42:05+00:00\",\"dateModified\":\"2026-03-09T13:02:19+00:00\",\"mainEntityOfPage\":{\"@id\":\"https:\\\/\\\/www.realclubmaritimomelilla.es\\\/clmar\\\/el-real-club-maritimo-de-melilla-celebra-paladas-que-unen-primer-evento-de-barco-dragon-en-la-ciudad\\\/\"},\"wordCount\":354,\"commentCount\":0,\"publisher\":{\"@id\":\"https:\\\/\\\/www.realclubmaritimomelilla.es\\\/clmar\\\/#organization\"},\"image\":{\"@id\":\"https:\\\/\\\/www.realclubmaritimomelilla.es\\\/clmar\\\/el-real-club-maritimo-de-melilla-celebra-paladas-que-unen-primer-evento-de-barco-dragon-en-la-ciudad\\\/#primaryimage\"},\"thumbnailUrl\":\"https:\\\/\\\/www.realclubmaritimomelilla.es\\\/clmar\\\/wp-content\\\/uploads\\\/regata-dragon-fachada2.webp\",\"articleSection\":[\"N\u00e1utica\"],\"inLanguage\":\"es\",\"potentialAction\":[{\"@type\":\"CommentAction\",\"name\":\"Comment\",\"target\":[\"https:\\\/\\\/www.realclubmaritimomelilla.es\\\/clmar\\\/el-real-club-maritimo-de-melilla-celebra-paladas-que-unen-primer-evento-de-barco-dragon-en-la-ciudad\\\/#respond\"]}]},{\"@type\":\"WebPage\",\"@id\":\"https:\\\/\\\/www.realclubmaritimomelilla.es\\\/clmar\\\/el-real-club-maritimo-de-melilla-celebra-paladas-que-unen-primer-evento-de-barco-dragon-en-la-ciudad\\\/\",\"url\":\"https:\\\/\\\/www.realclubmaritimomelilla.es\\\/clmar\\\/el-real-club-maritimo-de-melilla-celebra-paladas-que-unen-primer-evento-de-barco-dragon-en-la-ciudad\\\/\",\"name\":\"El RCMM celebra \u201cPaladas que unen\u201d, primer evento de Barco Drag\u00f3n en la ciudad - Real Club Mar\u00edtimo de Melilla\",\"isPartOf\":{\"@id\":\"https:\\\/\\\/www.realclubmaritimomelilla.es\\\/clmar\\\/#website\"},\"primaryImageOfPage\":{\"@id\":\"https:\\\/\\\/www.realclubmaritimomelilla.es\\\/clmar\\\/el-real-club-maritimo-de-melilla-celebra-paladas-que-unen-primer-evento-de-barco-dragon-en-la-ciudad\\\/#primaryimage\"},\"image\":{\"@id\":\"https:\\\/\\\/www.realclubmaritimomelilla.es\\\/clmar\\\/el-real-club-maritimo-de-melilla-celebra-paladas-que-unen-primer-evento-de-barco-dragon-en-la-ciudad\\\/#primaryimage\"},\"thumbnailUrl\":\"https:\\\/\\\/www.realclubmaritimomelilla.es\\\/clmar\\\/wp-content\\\/uploads\\\/regata-dragon-fachada2.webp\",\"datePublished\":\"2026-03-05T12:42:05+00:00\",\"dateModified\":\"2026-03-09T13:02:19+00:00\",\"description\":\"El RCMM, pionero en la implantaci\u00f3n deportiva de Barco Drag\u00f3n en nuestra ciudad, celebra el primer evento bajo el lema \u201cPaladas que unen\u201d\",\"breadcrumb\":{\"@id\":\"https:\\\/\\\/www.realclubmaritimomelilla.es\\\/clmar\\\/el-real-club-maritimo-de-melilla-celebra-paladas-que-unen-primer-evento-de-barco-dragon-en-la-ciudad\\\/#breadcrumb\"},\"inLanguage\":\"es\",\"potentialAction\":[{\"@type\":\"ReadAction\",\"target\":[\"https:\\\/\\\/www.realclubmaritimomelilla.es\\\/clmar\\\/el-real-club-maritimo-de-melilla-celebra-paladas-que-unen-primer-evento-de-barco-dragon-en-la-ciudad\\\/\"]}]},{\"@type\":\"ImageObject\",\"inLanguage\":\"es\",\"@id\":\"https:\\\/\\\/www.realclubmaritimomelilla.es\\\/clmar\\\/el-real-club-maritimo-de-melilla-celebra-paladas-que-unen-primer-evento-de-barco-dragon-en-la-ciudad\\\/#primaryimage\",\"url\":\"https:\\\/\\\/www.realclubmaritimomelilla.es\\\/clmar\\\/wp-content\\\/uploads\\\/regata-dragon-fachada2.webp\",\"contentUrl\":\"https:\\\/\\\/www.realclubmaritimomelilla.es\\\/clmar\\\/wp-content\\\/uploads\\\/regata-dragon-fachada2.webp\",\"width\":1600,\"height\":900},{\"@type\":\"BreadcrumbList\",\"@id\":\"https:\\\/\\\/www.realclubmaritimomelilla.es\\\/clmar\\\/el-real-club-maritimo-de-melilla-celebra-paladas-que-unen-primer-evento-de-barco-dragon-en-la-ciudad\\\/#breadcrumb\",\"itemListElement\":[{\"@type\":\"ListItem\",\"position\":1,\"name\":\"Portada\",\"item\":\"https:\\\/\\\/www.realclubmaritimomelilla.es\\\/clmar\\\/\"},{\"@type\":\"ListItem\",\"position\":2,\"name\":\"El RCMM celebra \u201cPaladas que unen\u201d, primer evento de Barco Drag\u00f3n en la ciudad\"}]},{\"@type\":\"WebSite\",\"@id\":\"https:\\\/\\\/www.realclubmaritimomelilla.es\\\/clmar\\\/#website\",\"url\":\"https:\\\/\\\/www.realclubmaritimomelilla.es\\\/clmar\\\/\",\"name\":\"Real Club Mar\u00edtimo de Melilla\",\"description\":\"RCMM\",\"publisher\":{\"@id\":\"https:\\\/\\\/www.realclubmaritimomelilla.es\\\/clmar\\\/#organization\"},\"alternateName\":\"RCMM\",\"potentialAction\":[{\"@type\":\"SearchAction\",\"target\":{\"@type\":\"EntryPoint\",\"urlTemplate\":\"https:\\\/\\\/www.realclubmaritimomelilla.es\\\/clmar\\\/?s={search_term_string}\"},\"query-input\":{\"@type\":\"PropertyValueSpecification\",\"valueRequired\":true,\"valueName\":\"search_term_string\"}}],\"inLanguage\":\"es\"},{\"@type\":\"Organization\",\"@id\":\"https:\\\/\\\/www.realclubmaritimomelilla.es\\\/clmar\\\/#organization\",\"name\":\"Real Club Mar\u00edtimo de Melilla\",\"alternateName\":\"RCMM\",\"url\":\"https:\\\/\\\/www.realclubmaritimomelilla.es\\\/clmar\\\/\",\"logo\":{\"@type\":\"ImageObject\",\"inLanguage\":\"es\",\"@id\":\"https:\\\/\\\/www.realclubmaritimomelilla.es\\\/clmar\\\/#\\\/schema\\\/logo\\\/image\\\/\",\"url\":\"https:\\\/\\\/www.realclubmaritimomelilla.es\\\/clmar\\\/wp-content\\\/uploads\\\/logo-club-original-copia.jpg\",\"contentUrl\":\"https:\\\/\\\/www.realclubmaritimomelilla.es\\\/clmar\\\/wp-content\\\/uploads\\\/logo-club-original-copia.jpg\",\"width\":128,\"height\":89,\"caption\":\"Real Club Mar\u00edtimo de Melilla\"},\"image\":{\"@id\":\"https:\\\/\\\/www.realclubmaritimomelilla.es\\\/clmar\\\/#\\\/schema\\\/logo\\\/image\\\/\"},\"sameAs\":[\"https:\\\/\\\/www.facebook.com\\\/Real-Club-Mar\u00edtimo-de-Melilla-588495841234214\\\/\",\"https:\\\/\\\/x.com\\\/nauticarcmm\",\"https:\\\/\\\/www.instagram.com\\\/club_maritimo_melilla\\\/\",\"https:\\\/\\\/www.youtube.com\\\/@realclubmaritimodemelilla4703\",\"https:\\\/\\\/es.wikipedia.org\\\/wiki\\\/Real_Club_Mar\u00edtimo_de_Melilla\"]},{\"@type\":\"Person\",\"@id\":\"https:\\\/\\\/www.realclubmaritimomelilla.es\\\/clmar\\\/#\\\/schema\\\/person\\\/ebaa3713496dc6d48c872452e73a8e79\",\"name\":\"RCMMelilla\",\"image\":{\"@type\":\"ImageObject\",\"inLanguage\":\"es\",\"@id\":\"https:\\\/\\\/secure.gravatar.com\\\/avatar\\\/df1c24789360fb9308735c4ee556fc2bc5bf924bf01e53043b8b97ba272da33c?s=96&d=mm&r=g\",\"url\":\"https:\\\/\\\/secure.gravatar.com\\\/avatar\\\/df1c24789360fb9308735c4ee556fc2bc5bf924bf01e53043b8b97ba272da33c?s=96&d=mm&r=g\",\"contentUrl\":\"https:\\\/\\\/secure.gravatar.com\\\/avatar\\\/df1c24789360fb9308735c4ee556fc2bc5bf924bf01e53043b8b97ba272da33c?s=96&d=mm&r=g\",\"caption\":\"RCMMelilla\"}}]}<\/script>\n<!-- \/ Yoast SEO plugin. -->","yoast_head_json":{"title":"El RCMM celebra \u201cPaladas que unen\u201d, primer evento de Barco Drag\u00f3n en la ciudad - Real Club Mar\u00edtimo de Melilla","description":"El RCMM, pionero en la implantaci\u00f3n deportiva de Barco Drag\u00f3n en nuestra ciudad, celebra el primer evento bajo el lema \u201cPaladas que unen\u201d","robots":{"index":"index","follow":"follow","max-snippet":"max-snippet:-1","max-image-preview":"max-image-preview:large","max-video-preview":"max-video-preview:-1"},"canonical":"https:\/\/www.realclubmaritimomelilla.es\/clmar\/el-real-club-maritimo-de-melilla-celebra-paladas-que-unen-primer-evento-de-barco-dragon-en-la-ciudad\/","og_locale":"es_ES","og_type":"article","og_title":"El RCMM celebra \u201cPaladas que unen\u201d, primer evento de Barco Drag\u00f3n en la ciudad - Real Club Mar\u00edtimo de Melilla","og_description":"El RCMM, pionero en la implantaci\u00f3n deportiva de Barco Drag\u00f3n en nuestra ciudad, celebra el primer evento bajo el lema \u201cPaladas que unen\u201d","og_url":"https:\/\/www.realclubmaritimomelilla.es\/clmar\/el-real-club-maritimo-de-melilla-celebra-paladas-que-unen-primer-evento-de-barco-dragon-en-la-ciudad\/","og_site_name":"Real Club Mar\u00edtimo de Melilla","article_publisher":"https:\/\/www.facebook.com\/Real-Club-Mar%c3%adtimo-de-Melilla-588495841234214\/","article_published_time":"2026-03-05T12:42:05+00:00","article_modified_time":"2026-03-09T13:02:19+00:00","og_image":[{"width":1600,"height":900,"url":"https:\/\/www.realclubmaritimomelilla.es\/clmar\/wp-content\/uploads\/regata-dragon-fachada2.webp","type":"image\/jpeg"}],"author":"RCMMelilla","twitter_card":"summary_large_image","twitter_creator":"@nauticarcmm","twitter_site":"@nauticarcmm","twitter_misc":{"Escrito por":"RCMMelilla","Tiempo de lectura":"2 minutos"},"schema":{"@context":"https:\/\/schema.org","@graph":[{"@type":"Article","@id":"https:\/\/www.realclubmaritimomelilla.es\/clmar\/el-real-club-maritimo-de-melilla-celebra-paladas-que-unen-primer-evento-de-barco-dragon-en-la-ciudad\/#article","isPartOf":{"@id":"https:\/\/www.realclubmaritimomelilla.es\/clmar\/el-real-club-maritimo-de-melilla-celebra-paladas-que-unen-primer-evento-de-barco-dragon-en-la-ciudad\/"},"author":{"name":"RCMMelilla","@id":"https:\/\/www.realclubmaritimomelilla.es\/clmar\/#\/schema\/person\/ebaa3713496dc6d48c872452e73a8e79"},"headline":"El RCMM celebra \u201cPaladas que unen\u201d, primer evento de Barco Drag\u00f3n en la ciudad","datePublished":"2026-03-05T12:42:05+00:00","dateModified":"2026-03-09T13:02:19+00:00","mainEntityOfPage":{"@id":"https:\/\/www.realclubmaritimomelilla.es\/clmar\/el-real-club-maritimo-de-melilla-celebra-paladas-que-unen-primer-evento-de-barco-dragon-en-la-ciudad\/"},"wordCount":354,"commentCount":0,"publisher":{"@id":"https:\/\/www.realclubmaritimomelilla.es\/clmar\/#organization"},"image":{"@id":"https:\/\/www.realclubmaritimomelilla.es\/clmar\/el-real-club-maritimo-de-melilla-celebra-paladas-que-unen-primer-evento-de-barco-dragon-en-la-ciudad\/#primaryimage"},"thumbnailUrl":"https:\/\/www.realclubmaritimomelilla.es\/clmar\/wp-content\/uploads\/regata-dragon-fachada2.webp","articleSection":["N\u00e1utica"],"inLanguage":"es","potentialAction":[{"@type":"CommentAction","name":"Comment","target":["https:\/\/www.realclubmaritimomelilla.es\/clmar\/el-real-club-maritimo-de-melilla-celebra-paladas-que-unen-primer-evento-de-barco-dragon-en-la-ciudad\/#respond"]}]},{"@type":"WebPage","@id":"https:\/\/www.realclubmaritimomelilla.es\/clmar\/el-real-club-maritimo-de-melilla-celebra-paladas-que-unen-primer-evento-de-barco-dragon-en-la-ciudad\/","url":"https:\/\/www.realclubmaritimomelilla.es\/clmar\/el-real-club-maritimo-de-melilla-celebra-paladas-que-unen-primer-evento-de-barco-dragon-en-la-ciudad\/","name":"El RCMM celebra \u201cPaladas que unen\u201d, primer evento de Barco Drag\u00f3n en la ciudad - Real Club Mar\u00edtimo de Melilla","isPartOf":{"@id":"https:\/\/www.realclubmaritimomelilla.es\/clmar\/#website"},"primaryImageOfPage":{"@id":"https:\/\/www.realclubmaritimomelilla.es\/clmar\/el-real-club-maritimo-de-melilla-celebra-paladas-que-unen-primer-evento-de-barco-dragon-en-la-ciudad\/#primaryimage"},"image":{"@id":"https:\/\/www.realclubmaritimomelilla.es\/clmar\/el-real-club-maritimo-de-melilla-celebra-paladas-que-unen-primer-evento-de-barco-dragon-en-la-ciudad\/#primaryimage"},"thumbnailUrl":"https:\/\/www.realclubmaritimomelilla.es\/clmar\/wp-content\/uploads\/regata-dragon-fachada2.webp","datePublished":"2026-03-05T12:42:05+00:00","dateModified":"2026-03-09T13:02:19+00:00","description":"El RCMM, pionero en la implantaci\u00f3n deportiva de Barco Drag\u00f3n en nuestra ciudad, celebra el primer evento bajo el lema \u201cPaladas que unen\u201d","breadcrumb":{"@id":"https:\/\/www.realclubmaritimomelilla.es\/clmar\/el-real-club-maritimo-de-melilla-celebra-paladas-que-unen-primer-evento-de-barco-dragon-en-la-ciudad\/#breadcrumb"},"inLanguage":"es","potentialAction":[{"@type":"ReadAction","target":["https:\/\/www.realclubmaritimomelilla.es\/clmar\/el-real-club-maritimo-de-melilla-celebra-paladas-que-unen-primer-evento-de-barco-dragon-en-la-ciudad\/"]}]},{"@type":"ImageObject","inLanguage":"es","@id":"https:\/\/www.realclubmaritimomelilla.es\/clmar\/el-real-club-maritimo-de-melilla-celebra-paladas-que-unen-primer-evento-de-barco-dragon-en-la-ciudad\/#primaryimage","url":"https:\/\/www.realclubmaritimomelilla.es\/clmar\/wp-content\/uploads\/regata-dragon-fachada2.webp","contentUrl":"https:\/\/www.realclubmaritimomelilla.es\/clmar\/wp-content\/uploads\/regata-dragon-fachada2.webp","width":1600,"height":900},{"@type":"BreadcrumbList","@id":"https:\/\/www.realclubmaritimomelilla.es\/clmar\/el-real-club-maritimo-de-melilla-celebra-paladas-que-unen-primer-evento-de-barco-dragon-en-la-ciudad\/#breadcrumb","itemListElement":[{"@type":"ListItem","position":1,"name":"Portada","item":"https:\/\/www.realclubmaritimomelilla.es\/clmar\/"},{"@type":"ListItem","position":2,"name":"El RCMM celebra \u201cPaladas que unen\u201d, primer evento de Barco Drag\u00f3n en la ciudad"}]},{"@type":"WebSite","@id":"https:\/\/www.realclubmaritimomelilla.es\/clmar\/#website","url":"https:\/\/www.realclubmaritimomelilla.es\/clmar\/","name":"Real Club Mar\u00edtimo de Melilla","description":"RCMM","publisher":{"@id":"https:\/\/www.realclubmaritimomelilla.es\/clmar\/#organization"},"alternateName":"RCMM","potentialAction":[{"@type":"SearchAction","target":{"@type":"EntryPoint","urlTemplate":"https:\/\/www.realclubmaritimomelilla.es\/clmar\/?s={search_term_string}"},"query-input":{"@type":"PropertyValueSpecification","valueRequired":true,"valueName":"search_term_string"}}],"inLanguage":"es"},{"@type":"Organization","@id":"https:\/\/www.realclubmaritimomelilla.es\/clmar\/#organization","name":"Real Club Mar\u00edtimo de Melilla","alternateName":"RCMM","url":"https:\/\/www.realclubmaritimomelilla.es\/clmar\/","logo":{"@type":"ImageObject","inLanguage":"es","@id":"https:\/\/www.realclubmaritimomelilla.es\/clmar\/#\/schema\/logo\/image\/","url":"https:\/\/www.realclubmaritimomelilla.es\/clmar\/wp-content\/uploads\/logo-club-original-copia.jpg","contentUrl":"https:\/\/www.realclubmaritimomelilla.es\/clmar\/wp-content\/uploads\/logo-club-original-copia.jpg","width":128,"height":89,"caption":"Real Club Mar\u00edtimo de Melilla"},"image":{"@id":"https:\/\/www.realclubmaritimomelilla.es\/clmar\/#\/schema\/logo\/image\/"},"sameAs":["https:\/\/www.facebook.com\/Real-Club-Mar\u00edtimo-de-Melilla-588495841234214\/","https:\/\/x.com\/nauticarcmm","https:\/\/www.instagram.com\/club_maritimo_melilla\/","https:\/\/www.youtube.com\/@realclubmaritimodemelilla4703","https:\/\/es.wikipedia.org\/wiki\/Real_Club_Mar\u00edtimo_de_Melilla"]},{"@type":"Person","@id":"https:\/\/www.realclubmaritimomelilla.es\/clmar\/#\/schema\/person\/ebaa3713496dc6d48c872452e73a8e79","name":"RCMMelilla","image":{"@type":"ImageObject","inLanguage":"es","@id":"https:\/\/secure.gravatar.com\/avatar\/df1c24789360fb9308735c4ee556fc2bc5bf924bf01e53043b8b97ba272da33c?s=96&d=mm&r=g","url":"https:\/\/secure.gravatar.com\/avatar\/df1c24789360fb9308735c4ee556fc2bc5bf924bf01e53043b8b97ba272da33c?s=96&d=mm&r=g","contentUrl":"https:\/\/secure.gravatar.com\/avatar\/df1c24789360fb9308735c4ee556fc2bc5bf924bf01e53043b8b97ba272da33c?s=96&d=mm&r=g","caption":"RCMMelilla"}}]}},"_links":{"self":[{"href":"https:\/\/www.realclubmaritimomelilla.es\/clmar\/wp-json\/wp\/v2\/posts\/27214","targetHints":{"allow":["GET"]}}],"collection":[{"href":"https:\/\/www.realclubmaritimomelilla.es\/clmar\/wp-json\/wp\/v2\/posts"}],"about":[{"href":"https:\/\/www.realclubmaritimomelilla.es\/clmar\/wp-json\/wp\/v2\/types\/post"}],"author":[{"embeddable":true,"href":"https:\/\/www.realclubmaritimomelilla.es\/clmar\/wp-json\/wp\/v2\/users\/1"}],"replies":[{"embeddable":true,"href":"https:\/\/www.realclubmaritimomelilla.es\/clmar\/wp-json\/wp\/v2\/comments?post=27214"}],"version-history":[{"count":3,"href":"https:\/\/www.realclubmaritimomelilla.es\/clmar\/wp-json\/wp\/v2\/posts\/27214\/revisions"}],"predecessor-version":[{"id":27327,"href":"https:\/\/www.realclubmaritimomelilla.es\/clmar\/wp-json\/wp\/v2\/posts\/27214\/revisions\/27327"}],"wp:featuredmedia":[{"embeddable":true,"href":"https:\/\/www.realclubmaritimomelilla.es\/clmar\/wp-json\/wp\/v2\/media\/27196"}],"wp:attachment":[{"href":"https:\/\/www.realclubmaritimomelilla.es\/clmar\/wp-json\/wp\/v2\/media?parent=27214"}],"wp:term":[{"taxonomy":"category","embeddable":true,"href":"https:\/\/www.realclubmaritimomelilla.es\/clmar\/wp-json\/wp\/v2\/categories?post=27214"},{"taxonomy":"post_tag","embeddable":true,"href":"https:\/\/www.realclubmaritimomelilla.es\/clmar\/wp-json\/wp\/v2\/tags?post=27214"}],"curies":[{"name":"wp","href":"https:\/\/api.w.org\/{rel}","templated":true}]}}