{"id":27205,"date":"2026-03-05T13:41:02","date_gmt":"2026-03-05T12:41:02","guid":{"rendered":"https:\/\/www.realclubmaritimomelilla.es\/clmar\/?p=27205"},"modified":"2026-03-09T13:57:32","modified_gmt":"2026-03-09T12:57:32","slug":"el-real-club-maritimo-de-melilla-se-suma-a-la-campana-brazaletes-de-esperanza-contra-el-cancer","status":"publish","type":"post","link":"https:\/\/www.realclubmaritimomelilla.es\/clmar\/el-real-club-maritimo-de-melilla-se-suma-a-la-campana-brazaletes-de-esperanza-contra-el-cancer\/","title":{"rendered":"El RCMM se suma a la campa\u00f1a \u201cBrazaletes de Esperanza\u201d contra el c\u00e1ncer"},"content":{"rendered":"<p>La secci\u00f3n de baloncesto del Real Club Mar\u00edtimo de Melilla se ha sumado, un a\u00f1o m\u00e1s, a la campa\u00f1a \u201cBrazaletes de Esperanza\u201d, una iniciativa impulsada por la Asociaci\u00f3n Espa\u00f1ola Contra el C\u00e1ncer para visibilizar la lucha contra esta enfermedad.<br \/>\nDurante los encuentros disputados el pasado fin de semana, los equipos del club melillense participaron en esta acci\u00f3n solidaria luciendo un lazo verde en sus equipaciones. Una iniciativa que tambi\u00e9n ha contado con la colaboraci\u00f3n de la Federaci\u00f3n Melillense de Baloncesto.<br \/>\nLa campa\u00f1a se desarrolla con motivo del D\u00eda Mundial Contra el C\u00e1ncer, que se conmemora cada 4 de febrero. Por tercer a\u00f1o consecutivo, la Asociaci\u00f3n Espa\u00f1ola Contra el C\u00e1ncer promueve esta iniciativa bajo el lema \u201cEl s\u00edmbolo que nos une\u201d.<br \/>\nEl objetivo es que el lazo verde \u2014color que representa a la asociaci\u00f3n y tambi\u00e9n a la esperanza\u2014 se convierta en un s\u00edmbolo universal de apoyo a las personas que padecen c\u00e1ncer. Un gesto con el que se pretende visibilizar la enfermedad y acompa\u00f1ar a los pacientes, sus familias y a quienes los cuidan.<br \/>\nEn esta edici\u00f3n, \u201cBrazaletes de Esperanza\u201d busca adem\u00e1s sensibilizar a la sociedad a trav\u00e9s del deporte, poniendo el foco en las diferentes necesidades a las que se enfrentan quienes conviven con el c\u00e1ncer y reivindicando un modelo de atenci\u00f3n integral adaptado a cada realidad.<br \/>\n\n\t\t<style type=\"text\/css\">\n\t\t\t#gallery-1 {\n\t\t\t\tmargin: auto;\n\t\t\t}\n\t\t\t#gallery-1 .gallery-item {\n\t\t\t\tfloat: left;\n\t\t\t\tmargin-top: 10px;\n\t\t\t\ttext-align: center;\n\t\t\t\twidth: 33%;\n\t\t\t}\n\t\t\t#gallery-1 img {\n\t\t\t\tborder: 2px solid #cfcfcf;\n\t\t\t}\n\t\t\t#gallery-1 .gallery-caption {\n\t\t\t\tmargin-left: 0;\n\t\t\t}\n\t\t\t\/* see gallery_shortcode() in wp-includes\/media.php *\/\n\t\t<\/style>\n\t\t<div id='gallery-1' class='gallery galleryid-27205 gallery-columns-3 gallery-size-full'><dl class='gallery-item'>\n\t\t\t<dt class='gallery-icon portrait'>\n\t\t\t\t<a data-rel=\"iLightbox[postimages]\" data-title=\"basket\" data-caption=\"\" href='https:\/\/www.realclubmaritimomelilla.es\/clmar\/el-real-club-maritimo-de-melilla-se-suma-a-la-campana-brazaletes-de-esperanza-contra-el-cancer\/basket\/'><img decoding=\"async\" width=\"1200\" height=\"1600\" src=\"https:\/\/www.realclubmaritimomelilla.es\/clmar\/wp-content\/uploads\/basket.webp\" class=\"attachment-full size-full\" alt=\"\" srcset=\"https:\/\/www.realclubmaritimomelilla.es\/clmar\/wp-content\/uploads\/basket-200x267.webp 200w, https:\/\/www.realclubmaritimomelilla.es\/clmar\/wp-content\/uploads\/basket-225x300.webp 225w, https:\/\/www.realclubmaritimomelilla.es\/clmar\/wp-content\/uploads\/basket-400x533.webp 400w, https:\/\/www.realclubmaritimomelilla.es\/clmar\/wp-content\/uploads\/basket-600x800.webp 600w, https:\/\/www.realclubmaritimomelilla.es\/clmar\/wp-content\/uploads\/basket-768x1024.webp 768w, https:\/\/www.realclubmaritimomelilla.es\/clmar\/wp-content\/uploads\/basket-800x1067.webp 800w, https:\/\/www.realclubmaritimomelilla.es\/clmar\/wp-content\/uploads\/basket-1152x1536.webp 1152w, https:\/\/www.realclubmaritimomelilla.es\/clmar\/wp-content\/uploads\/basket.webp 1200w\" sizes=\"(max-width: 1200px) 100vw, 1200px\" \/><\/a>\n\t\t\t<\/dt><\/dl><dl class='gallery-item'>\n\t\t\t<dt class='gallery-icon landscape'>\n\t\t\t\t<a data-rel=\"iLightbox[postimages]\" data-title=\"basket2\" data-caption=\"\" href='https:\/\/www.realclubmaritimomelilla.es\/clmar\/el-real-club-maritimo-de-melilla-se-suma-a-la-campana-brazaletes-de-esperanza-contra-el-cancer\/basket2\/'><img decoding=\"async\" width=\"1074\" height=\"724\" src=\"https:\/\/www.realclubmaritimomelilla.es\/clmar\/wp-content\/uploads\/basket2.webp\" class=\"attachment-full size-full\" alt=\"\" srcset=\"https:\/\/www.realclubmaritimomelilla.es\/clmar\/wp-content\/uploads\/basket2-200x135.webp 200w, https:\/\/www.realclubmaritimomelilla.es\/clmar\/wp-content\/uploads\/basket2-300x202.webp 300w, https:\/\/www.realclubmaritimomelilla.es\/clmar\/wp-content\/uploads\/basket2-400x270.webp 400w, https:\/\/www.realclubmaritimomelilla.es\/clmar\/wp-content\/uploads\/basket2-600x404.webp 600w, https:\/\/www.realclubmaritimomelilla.es\/clmar\/wp-content\/uploads\/basket2-768x518.webp 768w, https:\/\/www.realclubmaritimomelilla.es\/clmar\/wp-content\/uploads\/basket2-800x539.webp 800w, https:\/\/www.realclubmaritimomelilla.es\/clmar\/wp-content\/uploads\/basket2-1024x690.webp 1024w, https:\/\/www.realclubmaritimomelilla.es\/clmar\/wp-content\/uploads\/basket2.webp 1074w\" sizes=\"(max-width: 1074px) 100vw, 1074px\" \/><\/a>\n\t\t\t<\/dt><\/dl><dl class='gallery-item'>\n\t\t\t<dt class='gallery-icon landscape'>\n\t\t\t\t<a data-rel=\"iLightbox[postimages]\" data-title=\"basket3\" data-caption=\"\" href='https:\/\/www.realclubmaritimomelilla.es\/clmar\/el-real-club-maritimo-de-melilla-se-suma-a-la-campana-brazaletes-de-esperanza-contra-el-cancer\/basket3\/'><img decoding=\"async\" width=\"1000\" height=\"992\" src=\"https:\/\/www.realclubmaritimomelilla.es\/clmar\/wp-content\/uploads\/basket3.webp\" class=\"attachment-full size-full\" alt=\"\" srcset=\"https:\/\/www.realclubmaritimomelilla.es\/clmar\/wp-content\/uploads\/basket3-66x66.webp 66w, https:\/\/www.realclubmaritimomelilla.es\/clmar\/wp-content\/uploads\/basket3-150x150.webp 150w, https:\/\/www.realclubmaritimomelilla.es\/clmar\/wp-content\/uploads\/basket3-200x198.webp 200w, https:\/\/www.realclubmaritimomelilla.es\/clmar\/wp-content\/uploads\/basket3-300x298.webp 300w, https:\/\/www.realclubmaritimomelilla.es\/clmar\/wp-content\/uploads\/basket3-400x397.webp 400w, https:\/\/www.realclubmaritimomelilla.es\/clmar\/wp-content\/uploads\/basket3-600x595.webp 600w, https:\/\/www.realclubmaritimomelilla.es\/clmar\/wp-content\/uploads\/basket3-768x762.webp 768w, https:\/\/www.realclubmaritimomelilla.es\/clmar\/wp-content\/uploads\/basket3-800x794.webp 800w, https:\/\/www.realclubmaritimomelilla.es\/clmar\/wp-content\/uploads\/basket3.webp 1000w\" sizes=\"(max-width: 1000px) 100vw, 1000px\" \/><\/a>\n\t\t\t<\/dt><\/dl><br style=\"clear: both\" \/><dl class='gallery-item'>\n\t\t\t<dt class='gallery-icon landscape'>\n\t\t\t\t<a data-rel=\"iLightbox[postimages]\" data-title=\"basket4\" data-caption=\"\" href='https:\/\/www.realclubmaritimomelilla.es\/clmar\/el-real-club-maritimo-de-melilla-se-suma-a-la-campana-brazaletes-de-esperanza-contra-el-cancer\/basket4\/'><img decoding=\"async\" width=\"1600\" height=\"1200\" src=\"https:\/\/www.realclubmaritimomelilla.es\/clmar\/wp-content\/uploads\/basket4.webp\" class=\"attachment-full size-full\" alt=\"\" srcset=\"https:\/\/www.realclubmaritimomelilla.es\/clmar\/wp-content\/uploads\/basket4-200x150.webp 200w, https:\/\/www.realclubmaritimomelilla.es\/clmar\/wp-content\/uploads\/basket4-300x225.webp 300w, https:\/\/www.realclubmaritimomelilla.es\/clmar\/wp-content\/uploads\/basket4-400x300.webp 400w, https:\/\/www.realclubmaritimomelilla.es\/clmar\/wp-content\/uploads\/basket4-600x450.webp 600w, https:\/\/www.realclubmaritimomelilla.es\/clmar\/wp-content\/uploads\/basket4-768x576.webp 768w, https:\/\/www.realclubmaritimomelilla.es\/clmar\/wp-content\/uploads\/basket4-800x600.webp 800w, https:\/\/www.realclubmaritimomelilla.es\/clmar\/wp-content\/uploads\/basket4-1024x768.webp 1024w, https:\/\/www.realclubmaritimomelilla.es\/clmar\/wp-content\/uploads\/basket4-1200x900.webp 1200w, https:\/\/www.realclubmaritimomelilla.es\/clmar\/wp-content\/uploads\/basket4-1536x1152.webp 1536w, https:\/\/www.realclubmaritimomelilla.es\/clmar\/wp-content\/uploads\/basket4.webp 1600w\" sizes=\"(max-width: 1600px) 100vw, 1600px\" \/><\/a>\n\t\t\t<\/dt><\/dl><dl class='gallery-item'>\n\t\t\t<dt class='gallery-icon landscape'>\n\t\t\t\t<a data-rel=\"iLightbox[postimages]\" data-title=\"basket5\" data-caption=\"\" href='https:\/\/www.realclubmaritimomelilla.es\/clmar\/el-real-club-maritimo-de-melilla-se-suma-a-la-campana-brazaletes-de-esperanza-contra-el-cancer\/basket5\/'><img decoding=\"async\" width=\"1600\" height=\"1200\" src=\"https:\/\/www.realclubmaritimomelilla.es\/clmar\/wp-content\/uploads\/basket5.webp\" class=\"attachment-full size-full\" alt=\"\" srcset=\"https:\/\/www.realclubmaritimomelilla.es\/clmar\/wp-content\/uploads\/basket5-200x150.webp 200w, https:\/\/www.realclubmaritimomelilla.es\/clmar\/wp-content\/uploads\/basket5-300x225.webp 300w, https:\/\/www.realclubmaritimomelilla.es\/clmar\/wp-content\/uploads\/basket5-400x300.webp 400w, https:\/\/www.realclubmaritimomelilla.es\/clmar\/wp-content\/uploads\/basket5-600x450.webp 600w, https:\/\/www.realclubmaritimomelilla.es\/clmar\/wp-content\/uploads\/basket5-768x576.webp 768w, https:\/\/www.realclubmaritimomelilla.es\/clmar\/wp-content\/uploads\/basket5-800x600.webp 800w, https:\/\/www.realclubmaritimomelilla.es\/clmar\/wp-content\/uploads\/basket5-1024x768.webp 1024w, https:\/\/www.realclubmaritimomelilla.es\/clmar\/wp-content\/uploads\/basket5-1200x900.webp 1200w, https:\/\/www.realclubmaritimomelilla.es\/clmar\/wp-content\/uploads\/basket5-1536x1152.webp 1536w, https:\/\/www.realclubmaritimomelilla.es\/clmar\/wp-content\/uploads\/basket5.webp 1600w\" sizes=\"(max-width: 1600px) 100vw, 1600px\" \/><\/a>\n\t\t\t<\/dt><\/dl>\n\t\t\t<br style='clear: both' \/>\n\t\t<\/div>\n<\/p>\n","protected":false},"excerpt":{"rendered":"<p>La secci\u00f3n de baloncesto del Real Club Mar\u00edtimo de Melilla se ha sumado, un a\u00f1o m\u00e1s, a la campa\u00f1a \u201cBrazaletes de Esperanza\u201d, una iniciativa impulsada por la Asociaci\u00f3n Espa\u00f1ola Contra el C\u00e1ncer para visibilizar la lucha contra esta enfermedad. Durante los encuentros disputados el pasado fin de semana, los equipos del club melillense participaron en [&hellip;]<\/p>\n","protected":false},"author":1,"featured_media":27208,"comment_status":"open","ping_status":"open","sticky":false,"template":"","format":"standard","meta":{"_acf_changed":false,"footnotes":""},"categories":[46],"tags":[],"class_list":["post-27205","post","type-post","status-publish","format-standard","has-post-thumbnail","hentry","category-seccion-baloncesto"],"acf":[],"yoast_head":"<!-- This site is optimized with the Yoast SEO plugin v27.5 - https:\/\/yoast.com\/product\/yoast-seo-wordpress\/ -->\n<title>El RCMM se suma a la campa\u00f1a \u201cBrazaletes de Esperanza\u201d contra el c\u00e1ncer - Real Club Mar\u00edtimo de Melilla<\/title>\n<meta name=\"description\" content=\"La secci\u00f3n de baloncesto del RCMM se ha sumado a la campa\u00f1a \u201cBrazaletes de Esperanza\u201d, una iniciativa impulsada por la AECC\" \/>\n<meta name=\"robots\" content=\"index, follow, max-snippet:-1, max-image-preview:large, max-video-preview:-1\" \/>\n<link rel=\"canonical\" href=\"https:\/\/www.realclubmaritimomelilla.es\/clmar\/el-real-club-maritimo-de-melilla-se-suma-a-la-campana-brazaletes-de-esperanza-contra-el-cancer\/\" \/>\n<meta property=\"og:locale\" content=\"es_ES\" \/>\n<meta property=\"og:type\" content=\"article\" \/>\n<meta property=\"og:title\" content=\"El RCMM se suma a la campa\u00f1a \u201cBrazaletes de Esperanza\u201d contra el c\u00e1ncer - Real Club Mar\u00edtimo de Melilla\" \/>\n<meta property=\"og:description\" content=\"La secci\u00f3n de baloncesto del RCMM se ha sumado a la campa\u00f1a \u201cBrazaletes de Esperanza\u201d, una iniciativa impulsada por la AECC\" \/>\n<meta property=\"og:url\" content=\"https:\/\/www.realclubmaritimomelilla.es\/clmar\/el-real-club-maritimo-de-melilla-se-suma-a-la-campana-brazaletes-de-esperanza-contra-el-cancer\/\" \/>\n<meta property=\"og:site_name\" content=\"Real Club Mar\u00edtimo de Melilla\" \/>\n<meta property=\"article:publisher\" content=\"https:\/\/www.facebook.com\/Real-Club-Mar%c3%adtimo-de-Melilla-588495841234214\/\" \/>\n<meta property=\"article:published_time\" content=\"2026-03-05T12:41:02+00:00\" \/>\n<meta property=\"article:modified_time\" content=\"2026-03-09T12:57:32+00:00\" \/>\n<meta property=\"og:image\" content=\"https:\/\/www.realclubmaritimomelilla.es\/clmar\/wp-content\/uploads\/basket3.webp\" \/>\n\t<meta property=\"og:image:width\" content=\"1000\" \/>\n\t<meta property=\"og:image:height\" content=\"992\" \/>\n\t<meta property=\"og:image:type\" content=\"image\/jpeg\" \/>\n<meta name=\"author\" content=\"RCMMelilla\" \/>\n<meta name=\"twitter:card\" content=\"summary_large_image\" \/>\n<meta name=\"twitter:creator\" content=\"@nauticarcmm\" \/>\n<meta name=\"twitter:site\" content=\"@nauticarcmm\" \/>\n<meta name=\"twitter:label1\" content=\"Escrito por\" \/>\n\t<meta name=\"twitter:data1\" content=\"RCMMelilla\" \/>\n\t<meta name=\"twitter:label2\" content=\"Tiempo de lectura\" \/>\n\t<meta name=\"twitter:data2\" content=\"2 minutos\" \/>\n<script type=\"application\/ld+json\" class=\"yoast-schema-graph\">{\"@context\":\"https:\\\/\\\/schema.org\",\"@graph\":[{\"@type\":\"Article\",\"@id\":\"https:\\\/\\\/www.realclubmaritimomelilla.es\\\/clmar\\\/el-real-club-maritimo-de-melilla-se-suma-a-la-campana-brazaletes-de-esperanza-contra-el-cancer\\\/#article\",\"isPartOf\":{\"@id\":\"https:\\\/\\\/www.realclubmaritimomelilla.es\\\/clmar\\\/el-real-club-maritimo-de-melilla-se-suma-a-la-campana-brazaletes-de-esperanza-contra-el-cancer\\\/\"},\"author\":{\"name\":\"RCMMelilla\",\"@id\":\"https:\\\/\\\/www.realclubmaritimomelilla.es\\\/clmar\\\/#\\\/schema\\\/person\\\/ebaa3713496dc6d48c872452e73a8e79\"},\"headline\":\"El RCMM se suma a la campa\u00f1a \u201cBrazaletes de Esperanza\u201d contra el c\u00e1ncer\",\"datePublished\":\"2026-03-05T12:41:02+00:00\",\"dateModified\":\"2026-03-09T12:57:32+00:00\",\"mainEntityOfPage\":{\"@id\":\"https:\\\/\\\/www.realclubmaritimomelilla.es\\\/clmar\\\/el-real-club-maritimo-de-melilla-se-suma-a-la-campana-brazaletes-de-esperanza-contra-el-cancer\\\/\"},\"wordCount\":266,\"commentCount\":0,\"publisher\":{\"@id\":\"https:\\\/\\\/www.realclubmaritimomelilla.es\\\/clmar\\\/#organization\"},\"image\":{\"@id\":\"https:\\\/\\\/www.realclubmaritimomelilla.es\\\/clmar\\\/el-real-club-maritimo-de-melilla-se-suma-a-la-campana-brazaletes-de-esperanza-contra-el-cancer\\\/#primaryimage\"},\"thumbnailUrl\":\"https:\\\/\\\/www.realclubmaritimomelilla.es\\\/clmar\\\/wp-content\\\/uploads\\\/basket3.webp\",\"articleSection\":[\"Secci\u00f3n Baloncesto\"],\"inLanguage\":\"es\",\"potentialAction\":[{\"@type\":\"CommentAction\",\"name\":\"Comment\",\"target\":[\"https:\\\/\\\/www.realclubmaritimomelilla.es\\\/clmar\\\/el-real-club-maritimo-de-melilla-se-suma-a-la-campana-brazaletes-de-esperanza-contra-el-cancer\\\/#respond\"]}]},{\"@type\":\"WebPage\",\"@id\":\"https:\\\/\\\/www.realclubmaritimomelilla.es\\\/clmar\\\/el-real-club-maritimo-de-melilla-se-suma-a-la-campana-brazaletes-de-esperanza-contra-el-cancer\\\/\",\"url\":\"https:\\\/\\\/www.realclubmaritimomelilla.es\\\/clmar\\\/el-real-club-maritimo-de-melilla-se-suma-a-la-campana-brazaletes-de-esperanza-contra-el-cancer\\\/\",\"name\":\"El RCMM se suma a la campa\u00f1a \u201cBrazaletes de Esperanza\u201d contra el c\u00e1ncer - Real Club Mar\u00edtimo de Melilla\",\"isPartOf\":{\"@id\":\"https:\\\/\\\/www.realclubmaritimomelilla.es\\\/clmar\\\/#website\"},\"primaryImageOfPage\":{\"@id\":\"https:\\\/\\\/www.realclubmaritimomelilla.es\\\/clmar\\\/el-real-club-maritimo-de-melilla-se-suma-a-la-campana-brazaletes-de-esperanza-contra-el-cancer\\\/#primaryimage\"},\"image\":{\"@id\":\"https:\\\/\\\/www.realclubmaritimomelilla.es\\\/clmar\\\/el-real-club-maritimo-de-melilla-se-suma-a-la-campana-brazaletes-de-esperanza-contra-el-cancer\\\/#primaryimage\"},\"thumbnailUrl\":\"https:\\\/\\\/www.realclubmaritimomelilla.es\\\/clmar\\\/wp-content\\\/uploads\\\/basket3.webp\",\"datePublished\":\"2026-03-05T12:41:02+00:00\",\"dateModified\":\"2026-03-09T12:57:32+00:00\",\"description\":\"La secci\u00f3n de baloncesto del RCMM se ha sumado a la campa\u00f1a \u201cBrazaletes de Esperanza\u201d, una iniciativa impulsada por la AECC\",\"breadcrumb\":{\"@id\":\"https:\\\/\\\/www.realclubmaritimomelilla.es\\\/clmar\\\/el-real-club-maritimo-de-melilla-se-suma-a-la-campana-brazaletes-de-esperanza-contra-el-cancer\\\/#breadcrumb\"},\"inLanguage\":\"es\",\"potentialAction\":[{\"@type\":\"ReadAction\",\"target\":[\"https:\\\/\\\/www.realclubmaritimomelilla.es\\\/clmar\\\/el-real-club-maritimo-de-melilla-se-suma-a-la-campana-brazaletes-de-esperanza-contra-el-cancer\\\/\"]}]},{\"@type\":\"ImageObject\",\"inLanguage\":\"es\",\"@id\":\"https:\\\/\\\/www.realclubmaritimomelilla.es\\\/clmar\\\/el-real-club-maritimo-de-melilla-se-suma-a-la-campana-brazaletes-de-esperanza-contra-el-cancer\\\/#primaryimage\",\"url\":\"https:\\\/\\\/www.realclubmaritimomelilla.es\\\/clmar\\\/wp-content\\\/uploads\\\/basket3.webp\",\"contentUrl\":\"https:\\\/\\\/www.realclubmaritimomelilla.es\\\/clmar\\\/wp-content\\\/uploads\\\/basket3.webp\",\"width\":1000,\"height\":992},{\"@type\":\"BreadcrumbList\",\"@id\":\"https:\\\/\\\/www.realclubmaritimomelilla.es\\\/clmar\\\/el-real-club-maritimo-de-melilla-se-suma-a-la-campana-brazaletes-de-esperanza-contra-el-cancer\\\/#breadcrumb\",\"itemListElement\":[{\"@type\":\"ListItem\",\"position\":1,\"name\":\"Portada\",\"item\":\"https:\\\/\\\/www.realclubmaritimomelilla.es\\\/clmar\\\/\"},{\"@type\":\"ListItem\",\"position\":2,\"name\":\"El RCMM se suma a la campa\u00f1a \u201cBrazaletes de Esperanza\u201d contra el c\u00e1ncer\"}]},{\"@type\":\"WebSite\",\"@id\":\"https:\\\/\\\/www.realclubmaritimomelilla.es\\\/clmar\\\/#website\",\"url\":\"https:\\\/\\\/www.realclubmaritimomelilla.es\\\/clmar\\\/\",\"name\":\"Real Club Mar\u00edtimo de Melilla\",\"description\":\"RCMM\",\"publisher\":{\"@id\":\"https:\\\/\\\/www.realclubmaritimomelilla.es\\\/clmar\\\/#organization\"},\"alternateName\":\"RCMM\",\"potentialAction\":[{\"@type\":\"SearchAction\",\"target\":{\"@type\":\"EntryPoint\",\"urlTemplate\":\"https:\\\/\\\/www.realclubmaritimomelilla.es\\\/clmar\\\/?s={search_term_string}\"},\"query-input\":{\"@type\":\"PropertyValueSpecification\",\"valueRequired\":true,\"valueName\":\"search_term_string\"}}],\"inLanguage\":\"es\"},{\"@type\":\"Organization\",\"@id\":\"https:\\\/\\\/www.realclubmaritimomelilla.es\\\/clmar\\\/#organization\",\"name\":\"Real Club Mar\u00edtimo de Melilla\",\"alternateName\":\"RCMM\",\"url\":\"https:\\\/\\\/www.realclubmaritimomelilla.es\\\/clmar\\\/\",\"logo\":{\"@type\":\"ImageObject\",\"inLanguage\":\"es\",\"@id\":\"https:\\\/\\\/www.realclubmaritimomelilla.es\\\/clmar\\\/#\\\/schema\\\/logo\\\/image\\\/\",\"url\":\"https:\\\/\\\/www.realclubmaritimomelilla.es\\\/clmar\\\/wp-content\\\/uploads\\\/logo-club-original-copia.jpg\",\"contentUrl\":\"https:\\\/\\\/www.realclubmaritimomelilla.es\\\/clmar\\\/wp-content\\\/uploads\\\/logo-club-original-copia.jpg\",\"width\":128,\"height\":89,\"caption\":\"Real Club Mar\u00edtimo de Melilla\"},\"image\":{\"@id\":\"https:\\\/\\\/www.realclubmaritimomelilla.es\\\/clmar\\\/#\\\/schema\\\/logo\\\/image\\\/\"},\"sameAs\":[\"https:\\\/\\\/www.facebook.com\\\/Real-Club-Mar\u00edtimo-de-Melilla-588495841234214\\\/\",\"https:\\\/\\\/x.com\\\/nauticarcmm\",\"https:\\\/\\\/www.instagram.com\\\/club_maritimo_melilla\\\/\",\"https:\\\/\\\/www.youtube.com\\\/@realclubmaritimodemelilla4703\",\"https:\\\/\\\/es.wikipedia.org\\\/wiki\\\/Real_Club_Mar\u00edtimo_de_Melilla\"]},{\"@type\":\"Person\",\"@id\":\"https:\\\/\\\/www.realclubmaritimomelilla.es\\\/clmar\\\/#\\\/schema\\\/person\\\/ebaa3713496dc6d48c872452e73a8e79\",\"name\":\"RCMMelilla\",\"image\":{\"@type\":\"ImageObject\",\"inLanguage\":\"es\",\"@id\":\"https:\\\/\\\/secure.gravatar.com\\\/avatar\\\/df1c24789360fb9308735c4ee556fc2bc5bf924bf01e53043b8b97ba272da33c?s=96&d=mm&r=g\",\"url\":\"https:\\\/\\\/secure.gravatar.com\\\/avatar\\\/df1c24789360fb9308735c4ee556fc2bc5bf924bf01e53043b8b97ba272da33c?s=96&d=mm&r=g\",\"contentUrl\":\"https:\\\/\\\/secure.gravatar.com\\\/avatar\\\/df1c24789360fb9308735c4ee556fc2bc5bf924bf01e53043b8b97ba272da33c?s=96&d=mm&r=g\",\"caption\":\"RCMMelilla\"}}]}<\/script>\n<!-- \/ Yoast SEO plugin. -->","yoast_head_json":{"title":"El RCMM se suma a la campa\u00f1a \u201cBrazaletes de Esperanza\u201d contra el c\u00e1ncer - Real Club Mar\u00edtimo de Melilla","description":"La secci\u00f3n de baloncesto del RCMM se ha sumado a la campa\u00f1a \u201cBrazaletes de Esperanza\u201d, una iniciativa impulsada por la AECC","robots":{"index":"index","follow":"follow","max-snippet":"max-snippet:-1","max-image-preview":"max-image-preview:large","max-video-preview":"max-video-preview:-1"},"canonical":"https:\/\/www.realclubmaritimomelilla.es\/clmar\/el-real-club-maritimo-de-melilla-se-suma-a-la-campana-brazaletes-de-esperanza-contra-el-cancer\/","og_locale":"es_ES","og_type":"article","og_title":"El RCMM se suma a la campa\u00f1a \u201cBrazaletes de Esperanza\u201d contra el c\u00e1ncer - Real Club Mar\u00edtimo de Melilla","og_description":"La secci\u00f3n de baloncesto del RCMM se ha sumado a la campa\u00f1a \u201cBrazaletes de Esperanza\u201d, una iniciativa impulsada por la AECC","og_url":"https:\/\/www.realclubmaritimomelilla.es\/clmar\/el-real-club-maritimo-de-melilla-se-suma-a-la-campana-brazaletes-de-esperanza-contra-el-cancer\/","og_site_name":"Real Club Mar\u00edtimo de Melilla","article_publisher":"https:\/\/www.facebook.com\/Real-Club-Mar%c3%adtimo-de-Melilla-588495841234214\/","article_published_time":"2026-03-05T12:41:02+00:00","article_modified_time":"2026-03-09T12:57:32+00:00","og_image":[{"width":1000,"height":992,"url":"https:\/\/www.realclubmaritimomelilla.es\/clmar\/wp-content\/uploads\/basket3.webp","type":"image\/jpeg"}],"author":"RCMMelilla","twitter_card":"summary_large_image","twitter_creator":"@nauticarcmm","twitter_site":"@nauticarcmm","twitter_misc":{"Escrito por":"RCMMelilla","Tiempo de lectura":"2 minutos"},"schema":{"@context":"https:\/\/schema.org","@graph":[{"@type":"Article","@id":"https:\/\/www.realclubmaritimomelilla.es\/clmar\/el-real-club-maritimo-de-melilla-se-suma-a-la-campana-brazaletes-de-esperanza-contra-el-cancer\/#article","isPartOf":{"@id":"https:\/\/www.realclubmaritimomelilla.es\/clmar\/el-real-club-maritimo-de-melilla-se-suma-a-la-campana-brazaletes-de-esperanza-contra-el-cancer\/"},"author":{"name":"RCMMelilla","@id":"https:\/\/www.realclubmaritimomelilla.es\/clmar\/#\/schema\/person\/ebaa3713496dc6d48c872452e73a8e79"},"headline":"El RCMM se suma a la campa\u00f1a \u201cBrazaletes de Esperanza\u201d contra el c\u00e1ncer","datePublished":"2026-03-05T12:41:02+00:00","dateModified":"2026-03-09T12:57:32+00:00","mainEntityOfPage":{"@id":"https:\/\/www.realclubmaritimomelilla.es\/clmar\/el-real-club-maritimo-de-melilla-se-suma-a-la-campana-brazaletes-de-esperanza-contra-el-cancer\/"},"wordCount":266,"commentCount":0,"publisher":{"@id":"https:\/\/www.realclubmaritimomelilla.es\/clmar\/#organization"},"image":{"@id":"https:\/\/www.realclubmaritimomelilla.es\/clmar\/el-real-club-maritimo-de-melilla-se-suma-a-la-campana-brazaletes-de-esperanza-contra-el-cancer\/#primaryimage"},"thumbnailUrl":"https:\/\/www.realclubmaritimomelilla.es\/clmar\/wp-content\/uploads\/basket3.webp","articleSection":["Secci\u00f3n Baloncesto"],"inLanguage":"es","potentialAction":[{"@type":"CommentAction","name":"Comment","target":["https:\/\/www.realclubmaritimomelilla.es\/clmar\/el-real-club-maritimo-de-melilla-se-suma-a-la-campana-brazaletes-de-esperanza-contra-el-cancer\/#respond"]}]},{"@type":"WebPage","@id":"https:\/\/www.realclubmaritimomelilla.es\/clmar\/el-real-club-maritimo-de-melilla-se-suma-a-la-campana-brazaletes-de-esperanza-contra-el-cancer\/","url":"https:\/\/www.realclubmaritimomelilla.es\/clmar\/el-real-club-maritimo-de-melilla-se-suma-a-la-campana-brazaletes-de-esperanza-contra-el-cancer\/","name":"El RCMM se suma a la campa\u00f1a \u201cBrazaletes de Esperanza\u201d contra el c\u00e1ncer - Real Club Mar\u00edtimo de Melilla","isPartOf":{"@id":"https:\/\/www.realclubmaritimomelilla.es\/clmar\/#website"},"primaryImageOfPage":{"@id":"https:\/\/www.realclubmaritimomelilla.es\/clmar\/el-real-club-maritimo-de-melilla-se-suma-a-la-campana-brazaletes-de-esperanza-contra-el-cancer\/#primaryimage"},"image":{"@id":"https:\/\/www.realclubmaritimomelilla.es\/clmar\/el-real-club-maritimo-de-melilla-se-suma-a-la-campana-brazaletes-de-esperanza-contra-el-cancer\/#primaryimage"},"thumbnailUrl":"https:\/\/www.realclubmaritimomelilla.es\/clmar\/wp-content\/uploads\/basket3.webp","datePublished":"2026-03-05T12:41:02+00:00","dateModified":"2026-03-09T12:57:32+00:00","description":"La secci\u00f3n de baloncesto del RCMM se ha sumado a la campa\u00f1a \u201cBrazaletes de Esperanza\u201d, una iniciativa impulsada por la AECC","breadcrumb":{"@id":"https:\/\/www.realclubmaritimomelilla.es\/clmar\/el-real-club-maritimo-de-melilla-se-suma-a-la-campana-brazaletes-de-esperanza-contra-el-cancer\/#breadcrumb"},"inLanguage":"es","potentialAction":[{"@type":"ReadAction","target":["https:\/\/www.realclubmaritimomelilla.es\/clmar\/el-real-club-maritimo-de-melilla-se-suma-a-la-campana-brazaletes-de-esperanza-contra-el-cancer\/"]}]},{"@type":"ImageObject","inLanguage":"es","@id":"https:\/\/www.realclubmaritimomelilla.es\/clmar\/el-real-club-maritimo-de-melilla-se-suma-a-la-campana-brazaletes-de-esperanza-contra-el-cancer\/#primaryimage","url":"https:\/\/www.realclubmaritimomelilla.es\/clmar\/wp-content\/uploads\/basket3.webp","contentUrl":"https:\/\/www.realclubmaritimomelilla.es\/clmar\/wp-content\/uploads\/basket3.webp","width":1000,"height":992},{"@type":"BreadcrumbList","@id":"https:\/\/www.realclubmaritimomelilla.es\/clmar\/el-real-club-maritimo-de-melilla-se-suma-a-la-campana-brazaletes-de-esperanza-contra-el-cancer\/#breadcrumb","itemListElement":[{"@type":"ListItem","position":1,"name":"Portada","item":"https:\/\/www.realclubmaritimomelilla.es\/clmar\/"},{"@type":"ListItem","position":2,"name":"El RCMM se suma a la campa\u00f1a \u201cBrazaletes de Esperanza\u201d contra el c\u00e1ncer"}]},{"@type":"WebSite","@id":"https:\/\/www.realclubmaritimomelilla.es\/clmar\/#website","url":"https:\/\/www.realclubmaritimomelilla.es\/clmar\/","name":"Real Club Mar\u00edtimo de Melilla","description":"RCMM","publisher":{"@id":"https:\/\/www.realclubmaritimomelilla.es\/clmar\/#organization"},"alternateName":"RCMM","potentialAction":[{"@type":"SearchAction","target":{"@type":"EntryPoint","urlTemplate":"https:\/\/www.realclubmaritimomelilla.es\/clmar\/?s={search_term_string}"},"query-input":{"@type":"PropertyValueSpecification","valueRequired":true,"valueName":"search_term_string"}}],"inLanguage":"es"},{"@type":"Organization","@id":"https:\/\/www.realclubmaritimomelilla.es\/clmar\/#organization","name":"Real Club Mar\u00edtimo de Melilla","alternateName":"RCMM","url":"https:\/\/www.realclubmaritimomelilla.es\/clmar\/","logo":{"@type":"ImageObject","inLanguage":"es","@id":"https:\/\/www.realclubmaritimomelilla.es\/clmar\/#\/schema\/logo\/image\/","url":"https:\/\/www.realclubmaritimomelilla.es\/clmar\/wp-content\/uploads\/logo-club-original-copia.jpg","contentUrl":"https:\/\/www.realclubmaritimomelilla.es\/clmar\/wp-content\/uploads\/logo-club-original-copia.jpg","width":128,"height":89,"caption":"Real Club Mar\u00edtimo de Melilla"},"image":{"@id":"https:\/\/www.realclubmaritimomelilla.es\/clmar\/#\/schema\/logo\/image\/"},"sameAs":["https:\/\/www.facebook.com\/Real-Club-Mar\u00edtimo-de-Melilla-588495841234214\/","https:\/\/x.com\/nauticarcmm","https:\/\/www.instagram.com\/club_maritimo_melilla\/","https:\/\/www.youtube.com\/@realclubmaritimodemelilla4703","https:\/\/es.wikipedia.org\/wiki\/Real_Club_Mar\u00edtimo_de_Melilla"]},{"@type":"Person","@id":"https:\/\/www.realclubmaritimomelilla.es\/clmar\/#\/schema\/person\/ebaa3713496dc6d48c872452e73a8e79","name":"RCMMelilla","image":{"@type":"ImageObject","inLanguage":"es","@id":"https:\/\/secure.gravatar.com\/avatar\/df1c24789360fb9308735c4ee556fc2bc5bf924bf01e53043b8b97ba272da33c?s=96&d=mm&r=g","url":"https:\/\/secure.gravatar.com\/avatar\/df1c24789360fb9308735c4ee556fc2bc5bf924bf01e53043b8b97ba272da33c?s=96&d=mm&r=g","contentUrl":"https:\/\/secure.gravatar.com\/avatar\/df1c24789360fb9308735c4ee556fc2bc5bf924bf01e53043b8b97ba272da33c?s=96&d=mm&r=g","caption":"RCMMelilla"}}]}},"_links":{"self":[{"href":"https:\/\/www.realclubmaritimomelilla.es\/clmar\/wp-json\/wp\/v2\/posts\/27205","targetHints":{"allow":["GET"]}}],"collection":[{"href":"https:\/\/www.realclubmaritimomelilla.es\/clmar\/wp-json\/wp\/v2\/posts"}],"about":[{"href":"https:\/\/www.realclubmaritimomelilla.es\/clmar\/wp-json\/wp\/v2\/types\/post"}],"author":[{"embeddable":true,"href":"https:\/\/www.realclubmaritimomelilla.es\/clmar\/wp-json\/wp\/v2\/users\/1"}],"replies":[{"embeddable":true,"href":"https:\/\/www.realclubmaritimomelilla.es\/clmar\/wp-json\/wp\/v2\/comments?post=27205"}],"version-history":[{"count":2,"href":"https:\/\/www.realclubmaritimomelilla.es\/clmar\/wp-json\/wp\/v2\/posts\/27205\/revisions"}],"predecessor-version":[{"id":27323,"href":"https:\/\/www.realclubmaritimomelilla.es\/clmar\/wp-json\/wp\/v2\/posts\/27205\/revisions\/27323"}],"wp:featuredmedia":[{"embeddable":true,"href":"https:\/\/www.realclubmaritimomelilla.es\/clmar\/wp-json\/wp\/v2\/media\/27208"}],"wp:attachment":[{"href":"https:\/\/www.realclubmaritimomelilla.es\/clmar\/wp-json\/wp\/v2\/media?parent=27205"}],"wp:term":[{"taxonomy":"category","embeddable":true,"href":"https:\/\/www.realclubmaritimomelilla.es\/clmar\/wp-json\/wp\/v2\/categories?post=27205"},{"taxonomy":"post_tag","embeddable":true,"href":"https:\/\/www.realclubmaritimomelilla.es\/clmar\/wp-json\/wp\/v2\/tags?post=27205"}],"curies":[{"name":"wp","href":"https:\/\/api.w.org\/{rel}","templated":true}]}}