{"id":27031,"date":"2026-01-22T12:45:47","date_gmt":"2026-01-22T11:45:47","guid":{"rendered":"https:\/\/www.realclubmaritimomelilla.es\/clmar\/?p=27031"},"modified":"2026-01-27T10:18:27","modified_gmt":"2026-01-27T09:18:27","slug":"presentacion-en-fitur-de-las-principales-citas-nauticas-en-melilla","status":"publish","type":"post","link":"https:\/\/www.realclubmaritimomelilla.es\/clmar\/presentacion-en-fitur-de-las-principales-citas-nauticas-en-melilla\/","title":{"rendered":"Presentaci\u00f3n en Fitur de las principales citas n\u00e1uticas en Melilla"},"content":{"rendered":"<p>El presidente del Real Club Mar\u00edtimo de Melilla, Jer\u00f3nimo P\u00e9rez, este jueves ha participado en las actividades programadas por la Consejer\u00eda de Deportes en el stand de Melilla en la Feria Internacional de Turismo (Fitur), presentando citas de car\u00e1cter internacional y nacional que la vela  realizar\u00e1n en la ciudad aut\u00f3noma bajo la organizaci\u00f3n del RCMM.<br \/>\nUna ambiciosa agenda deportiva, manteniendo el compromiso del Real Club Mar\u00edtimo de Melilla de promocionar y potenciar los deportes n\u00e1uticos en la ciudad aut\u00f3noma.<br \/>\nLa primera gran cita nacional llegar\u00e1 con la celebraci\u00f3n del Campeonato de Espa\u00f1a de la clase ILCA 6, que se disputar\u00e1 entre los d\u00edas 22 y 26 de abril. El segundo gran hito del calendario ser\u00e1 el Mundial Juvenil de la clase Snipe, previsto para el mes de julio, una prueba de gran prestigio que reunir\u00e1 en Melilla a j\u00f3venes regatistas procedentes de distintos pa\u00edses.<br \/>\nDurante el mes de agosto\u00a0tendr\u00e1 lugar una nueva edici\u00f3n del Trofeo Real Club Mar\u00edtimo \u2013 Melilla Ciudad del Deporte, que alcanzar\u00e1 su\u00a0sexta edici\u00f3n, consolid\u00e1ndose como una de las regatas m\u00e1s destacadas del verano.<br \/>\n<img decoding=\"async\" src=\"https:\/\/www.realclubmaritimomelilla.es\/clmar\/wp-content\/uploads\/fitur3-1024x768.webp\" alt=\"\" width=\"1024\" height=\"768\" class=\"alignnone size-large wp-image-27033\" srcset=\"https:\/\/www.realclubmaritimomelilla.es\/clmar\/wp-content\/uploads\/fitur3-200x150.webp 200w, https:\/\/www.realclubmaritimomelilla.es\/clmar\/wp-content\/uploads\/fitur3-300x225.webp 300w, https:\/\/www.realclubmaritimomelilla.es\/clmar\/wp-content\/uploads\/fitur3-400x300.webp 400w, https:\/\/www.realclubmaritimomelilla.es\/clmar\/wp-content\/uploads\/fitur3-600x450.webp 600w, https:\/\/www.realclubmaritimomelilla.es\/clmar\/wp-content\/uploads\/fitur3-768x576.webp 768w, https:\/\/www.realclubmaritimomelilla.es\/clmar\/wp-content\/uploads\/fitur3-800x600.webp 800w, https:\/\/www.realclubmaritimomelilla.es\/clmar\/wp-content\/uploads\/fitur3-1024x768.webp 1024w, https:\/\/www.realclubmaritimomelilla.es\/clmar\/wp-content\/uploads\/fitur3-1200x900.webp 1200w, https:\/\/www.realclubmaritimomelilla.es\/clmar\/wp-content\/uploads\/fitur3-1536x1152.webp 1536w, https:\/\/www.realclubmaritimomelilla.es\/clmar\/wp-content\/uploads\/fitur3.webp 1600w\" sizes=\"(max-width: 1024px) 100vw, 1024px\" \/><\/p>\n","protected":false},"excerpt":{"rendered":"<p>El presidente del Real Club Mar\u00edtimo de Melilla, Jer\u00f3nimo P\u00e9rez, este jueves ha participado en las actividades programadas por la Consejer\u00eda de Deportes en el stand de Melilla en la Feria Internacional de Turismo (Fitur), presentando citas de car\u00e1cter internacional y nacional que la vela realizar\u00e1n en la ciudad aut\u00f3noma bajo la organizaci\u00f3n del RCMM. [&hellip;]<\/p>\n","protected":false},"author":1,"featured_media":27036,"comment_status":"open","ping_status":"open","sticky":false,"template":"","format":"standard","meta":{"_acf_changed":false,"footnotes":""},"categories":[38],"tags":[],"class_list":["post-27031","post","type-post","status-publish","format-standard","has-post-thumbnail","hentry","category-nautica"],"acf":[],"yoast_head":"<!-- This site is optimized with the Yoast SEO plugin v27.5 - https:\/\/yoast.com\/product\/yoast-seo-wordpress\/ -->\n<title>Presentaci\u00f3n en Fitur de las principales citas n\u00e1uticas en Melilla - Real Club Mar\u00edtimo de Melilla<\/title>\n<meta name=\"description\" content=\"El presidente del Real Club Mar\u00edtimo de Melilla, Jer\u00f3nimo P\u00e9rez, ha participado en las actividades de la Consejer\u00eda de Deportes en Fitur\" \/>\n<meta name=\"robots\" content=\"index, follow, max-snippet:-1, max-image-preview:large, max-video-preview:-1\" \/>\n<link rel=\"canonical\" href=\"https:\/\/www.realclubmaritimomelilla.es\/clmar\/presentacion-en-fitur-de-las-principales-citas-nauticas-en-melilla\/\" \/>\n<meta property=\"og:locale\" content=\"es_ES\" \/>\n<meta property=\"og:type\" content=\"article\" \/>\n<meta property=\"og:title\" content=\"Presentaci\u00f3n en Fitur de las principales citas n\u00e1uticas en Melilla - Real Club Mar\u00edtimo de Melilla\" \/>\n<meta property=\"og:description\" content=\"El presidente del Real Club Mar\u00edtimo de Melilla, Jer\u00f3nimo P\u00e9rez, ha participado en las actividades de la Consejer\u00eda de Deportes en Fitur\" \/>\n<meta property=\"og:url\" content=\"https:\/\/www.realclubmaritimomelilla.es\/clmar\/presentacion-en-fitur-de-las-principales-citas-nauticas-en-melilla\/\" \/>\n<meta property=\"og:site_name\" content=\"Real Club Mar\u00edtimo de Melilla\" \/>\n<meta property=\"article:publisher\" content=\"https:\/\/www.facebook.com\/Real-Club-Mar%c3%adtimo-de-Melilla-588495841234214\/\" \/>\n<meta property=\"article:published_time\" content=\"2026-01-22T11:45:47+00:00\" \/>\n<meta property=\"article:modified_time\" content=\"2026-01-27T09:18:27+00:00\" \/>\n<meta property=\"og:image\" content=\"https:\/\/www.realclubmaritimomelilla.es\/clmar\/wp-content\/uploads\/otra-mas-fiturrrrr.webp\" \/>\n\t<meta property=\"og:image:width\" content=\"1600\" \/>\n\t<meta property=\"og:image:height\" content=\"1200\" \/>\n\t<meta property=\"og:image:type\" content=\"image\/jpeg\" \/>\n<meta name=\"author\" content=\"RCMMelilla\" \/>\n<meta name=\"twitter:card\" content=\"summary_large_image\" \/>\n<meta name=\"twitter:creator\" content=\"@nauticarcmm\" \/>\n<meta name=\"twitter:site\" content=\"@nauticarcmm\" \/>\n<meta name=\"twitter:label1\" content=\"Escrito por\" \/>\n\t<meta name=\"twitter:data1\" content=\"RCMMelilla\" \/>\n\t<meta name=\"twitter:label2\" content=\"Tiempo de lectura\" \/>\n\t<meta name=\"twitter:data2\" content=\"2 minutos\" \/>\n<script type=\"application\/ld+json\" class=\"yoast-schema-graph\">{\"@context\":\"https:\\\/\\\/schema.org\",\"@graph\":[{\"@type\":\"Article\",\"@id\":\"https:\\\/\\\/www.realclubmaritimomelilla.es\\\/clmar\\\/presentacion-en-fitur-de-las-principales-citas-nauticas-en-melilla\\\/#article\",\"isPartOf\":{\"@id\":\"https:\\\/\\\/www.realclubmaritimomelilla.es\\\/clmar\\\/presentacion-en-fitur-de-las-principales-citas-nauticas-en-melilla\\\/\"},\"author\":{\"name\":\"RCMMelilla\",\"@id\":\"https:\\\/\\\/www.realclubmaritimomelilla.es\\\/clmar\\\/#\\\/schema\\\/person\\\/ebaa3713496dc6d48c872452e73a8e79\"},\"headline\":\"Presentaci\u00f3n en Fitur de las principales citas n\u00e1uticas en Melilla\",\"datePublished\":\"2026-01-22T11:45:47+00:00\",\"dateModified\":\"2026-01-27T09:18:27+00:00\",\"mainEntityOfPage\":{\"@id\":\"https:\\\/\\\/www.realclubmaritimomelilla.es\\\/clmar\\\/presentacion-en-fitur-de-las-principales-citas-nauticas-en-melilla\\\/\"},\"wordCount\":208,\"commentCount\":0,\"publisher\":{\"@id\":\"https:\\\/\\\/www.realclubmaritimomelilla.es\\\/clmar\\\/#organization\"},\"image\":{\"@id\":\"https:\\\/\\\/www.realclubmaritimomelilla.es\\\/clmar\\\/presentacion-en-fitur-de-las-principales-citas-nauticas-en-melilla\\\/#primaryimage\"},\"thumbnailUrl\":\"https:\\\/\\\/www.realclubmaritimomelilla.es\\\/clmar\\\/wp-content\\\/uploads\\\/otra-mas-fiturrrrr.webp\",\"articleSection\":[\"N\u00e1utica\"],\"inLanguage\":\"es\",\"potentialAction\":[{\"@type\":\"CommentAction\",\"name\":\"Comment\",\"target\":[\"https:\\\/\\\/www.realclubmaritimomelilla.es\\\/clmar\\\/presentacion-en-fitur-de-las-principales-citas-nauticas-en-melilla\\\/#respond\"]}]},{\"@type\":\"WebPage\",\"@id\":\"https:\\\/\\\/www.realclubmaritimomelilla.es\\\/clmar\\\/presentacion-en-fitur-de-las-principales-citas-nauticas-en-melilla\\\/\",\"url\":\"https:\\\/\\\/www.realclubmaritimomelilla.es\\\/clmar\\\/presentacion-en-fitur-de-las-principales-citas-nauticas-en-melilla\\\/\",\"name\":\"Presentaci\u00f3n en Fitur de las principales citas n\u00e1uticas en Melilla - Real Club Mar\u00edtimo de Melilla\",\"isPartOf\":{\"@id\":\"https:\\\/\\\/www.realclubmaritimomelilla.es\\\/clmar\\\/#website\"},\"primaryImageOfPage\":{\"@id\":\"https:\\\/\\\/www.realclubmaritimomelilla.es\\\/clmar\\\/presentacion-en-fitur-de-las-principales-citas-nauticas-en-melilla\\\/#primaryimage\"},\"image\":{\"@id\":\"https:\\\/\\\/www.realclubmaritimomelilla.es\\\/clmar\\\/presentacion-en-fitur-de-las-principales-citas-nauticas-en-melilla\\\/#primaryimage\"},\"thumbnailUrl\":\"https:\\\/\\\/www.realclubmaritimomelilla.es\\\/clmar\\\/wp-content\\\/uploads\\\/otra-mas-fiturrrrr.webp\",\"datePublished\":\"2026-01-22T11:45:47+00:00\",\"dateModified\":\"2026-01-27T09:18:27+00:00\",\"description\":\"El presidente del Real Club Mar\u00edtimo de Melilla, Jer\u00f3nimo P\u00e9rez, ha participado en las actividades de la Consejer\u00eda de Deportes en Fitur\",\"breadcrumb\":{\"@id\":\"https:\\\/\\\/www.realclubmaritimomelilla.es\\\/clmar\\\/presentacion-en-fitur-de-las-principales-citas-nauticas-en-melilla\\\/#breadcrumb\"},\"inLanguage\":\"es\",\"potentialAction\":[{\"@type\":\"ReadAction\",\"target\":[\"https:\\\/\\\/www.realclubmaritimomelilla.es\\\/clmar\\\/presentacion-en-fitur-de-las-principales-citas-nauticas-en-melilla\\\/\"]}]},{\"@type\":\"ImageObject\",\"inLanguage\":\"es\",\"@id\":\"https:\\\/\\\/www.realclubmaritimomelilla.es\\\/clmar\\\/presentacion-en-fitur-de-las-principales-citas-nauticas-en-melilla\\\/#primaryimage\",\"url\":\"https:\\\/\\\/www.realclubmaritimomelilla.es\\\/clmar\\\/wp-content\\\/uploads\\\/otra-mas-fiturrrrr.webp\",\"contentUrl\":\"https:\\\/\\\/www.realclubmaritimomelilla.es\\\/clmar\\\/wp-content\\\/uploads\\\/otra-mas-fiturrrrr.webp\",\"width\":1600,\"height\":1200},{\"@type\":\"BreadcrumbList\",\"@id\":\"https:\\\/\\\/www.realclubmaritimomelilla.es\\\/clmar\\\/presentacion-en-fitur-de-las-principales-citas-nauticas-en-melilla\\\/#breadcrumb\",\"itemListElement\":[{\"@type\":\"ListItem\",\"position\":1,\"name\":\"Portada\",\"item\":\"https:\\\/\\\/www.realclubmaritimomelilla.es\\\/clmar\\\/\"},{\"@type\":\"ListItem\",\"position\":2,\"name\":\"Presentaci\u00f3n en Fitur de las principales citas n\u00e1uticas en Melilla\"}]},{\"@type\":\"WebSite\",\"@id\":\"https:\\\/\\\/www.realclubmaritimomelilla.es\\\/clmar\\\/#website\",\"url\":\"https:\\\/\\\/www.realclubmaritimomelilla.es\\\/clmar\\\/\",\"name\":\"Real Club Mar\u00edtimo de Melilla\",\"description\":\"RCMM\",\"publisher\":{\"@id\":\"https:\\\/\\\/www.realclubmaritimomelilla.es\\\/clmar\\\/#organization\"},\"alternateName\":\"RCMM\",\"potentialAction\":[{\"@type\":\"SearchAction\",\"target\":{\"@type\":\"EntryPoint\",\"urlTemplate\":\"https:\\\/\\\/www.realclubmaritimomelilla.es\\\/clmar\\\/?s={search_term_string}\"},\"query-input\":{\"@type\":\"PropertyValueSpecification\",\"valueRequired\":true,\"valueName\":\"search_term_string\"}}],\"inLanguage\":\"es\"},{\"@type\":\"Organization\",\"@id\":\"https:\\\/\\\/www.realclubmaritimomelilla.es\\\/clmar\\\/#organization\",\"name\":\"Real Club Mar\u00edtimo de Melilla\",\"alternateName\":\"RCMM\",\"url\":\"https:\\\/\\\/www.realclubmaritimomelilla.es\\\/clmar\\\/\",\"logo\":{\"@type\":\"ImageObject\",\"inLanguage\":\"es\",\"@id\":\"https:\\\/\\\/www.realclubmaritimomelilla.es\\\/clmar\\\/#\\\/schema\\\/logo\\\/image\\\/\",\"url\":\"https:\\\/\\\/www.realclubmaritimomelilla.es\\\/clmar\\\/wp-content\\\/uploads\\\/logo-club-original-copia.jpg\",\"contentUrl\":\"https:\\\/\\\/www.realclubmaritimomelilla.es\\\/clmar\\\/wp-content\\\/uploads\\\/logo-club-original-copia.jpg\",\"width\":128,\"height\":89,\"caption\":\"Real Club Mar\u00edtimo de Melilla\"},\"image\":{\"@id\":\"https:\\\/\\\/www.realclubmaritimomelilla.es\\\/clmar\\\/#\\\/schema\\\/logo\\\/image\\\/\"},\"sameAs\":[\"https:\\\/\\\/www.facebook.com\\\/Real-Club-Mar\u00edtimo-de-Melilla-588495841234214\\\/\",\"https:\\\/\\\/x.com\\\/nauticarcmm\",\"https:\\\/\\\/www.instagram.com\\\/club_maritimo_melilla\\\/\",\"https:\\\/\\\/www.youtube.com\\\/@realclubmaritimodemelilla4703\",\"https:\\\/\\\/es.wikipedia.org\\\/wiki\\\/Real_Club_Mar\u00edtimo_de_Melilla\"]},{\"@type\":\"Person\",\"@id\":\"https:\\\/\\\/www.realclubmaritimomelilla.es\\\/clmar\\\/#\\\/schema\\\/person\\\/ebaa3713496dc6d48c872452e73a8e79\",\"name\":\"RCMMelilla\",\"image\":{\"@type\":\"ImageObject\",\"inLanguage\":\"es\",\"@id\":\"https:\\\/\\\/secure.gravatar.com\\\/avatar\\\/df1c24789360fb9308735c4ee556fc2bc5bf924bf01e53043b8b97ba272da33c?s=96&d=mm&r=g\",\"url\":\"https:\\\/\\\/secure.gravatar.com\\\/avatar\\\/df1c24789360fb9308735c4ee556fc2bc5bf924bf01e53043b8b97ba272da33c?s=96&d=mm&r=g\",\"contentUrl\":\"https:\\\/\\\/secure.gravatar.com\\\/avatar\\\/df1c24789360fb9308735c4ee556fc2bc5bf924bf01e53043b8b97ba272da33c?s=96&d=mm&r=g\",\"caption\":\"RCMMelilla\"}}]}<\/script>\n<!-- \/ Yoast SEO plugin. -->","yoast_head_json":{"title":"Presentaci\u00f3n en Fitur de las principales citas n\u00e1uticas en Melilla - Real Club Mar\u00edtimo de Melilla","description":"El presidente del Real Club Mar\u00edtimo de Melilla, Jer\u00f3nimo P\u00e9rez, ha participado en las actividades de la Consejer\u00eda de Deportes en Fitur","robots":{"index":"index","follow":"follow","max-snippet":"max-snippet:-1","max-image-preview":"max-image-preview:large","max-video-preview":"max-video-preview:-1"},"canonical":"https:\/\/www.realclubmaritimomelilla.es\/clmar\/presentacion-en-fitur-de-las-principales-citas-nauticas-en-melilla\/","og_locale":"es_ES","og_type":"article","og_title":"Presentaci\u00f3n en Fitur de las principales citas n\u00e1uticas en Melilla - Real Club Mar\u00edtimo de Melilla","og_description":"El presidente del Real Club Mar\u00edtimo de Melilla, Jer\u00f3nimo P\u00e9rez, ha participado en las actividades de la Consejer\u00eda de Deportes en Fitur","og_url":"https:\/\/www.realclubmaritimomelilla.es\/clmar\/presentacion-en-fitur-de-las-principales-citas-nauticas-en-melilla\/","og_site_name":"Real Club Mar\u00edtimo de Melilla","article_publisher":"https:\/\/www.facebook.com\/Real-Club-Mar%c3%adtimo-de-Melilla-588495841234214\/","article_published_time":"2026-01-22T11:45:47+00:00","article_modified_time":"2026-01-27T09:18:27+00:00","og_image":[{"width":1600,"height":1200,"url":"https:\/\/www.realclubmaritimomelilla.es\/clmar\/wp-content\/uploads\/otra-mas-fiturrrrr.webp","type":"image\/jpeg"}],"author":"RCMMelilla","twitter_card":"summary_large_image","twitter_creator":"@nauticarcmm","twitter_site":"@nauticarcmm","twitter_misc":{"Escrito por":"RCMMelilla","Tiempo de lectura":"2 minutos"},"schema":{"@context":"https:\/\/schema.org","@graph":[{"@type":"Article","@id":"https:\/\/www.realclubmaritimomelilla.es\/clmar\/presentacion-en-fitur-de-las-principales-citas-nauticas-en-melilla\/#article","isPartOf":{"@id":"https:\/\/www.realclubmaritimomelilla.es\/clmar\/presentacion-en-fitur-de-las-principales-citas-nauticas-en-melilla\/"},"author":{"name":"RCMMelilla","@id":"https:\/\/www.realclubmaritimomelilla.es\/clmar\/#\/schema\/person\/ebaa3713496dc6d48c872452e73a8e79"},"headline":"Presentaci\u00f3n en Fitur de las principales citas n\u00e1uticas en Melilla","datePublished":"2026-01-22T11:45:47+00:00","dateModified":"2026-01-27T09:18:27+00:00","mainEntityOfPage":{"@id":"https:\/\/www.realclubmaritimomelilla.es\/clmar\/presentacion-en-fitur-de-las-principales-citas-nauticas-en-melilla\/"},"wordCount":208,"commentCount":0,"publisher":{"@id":"https:\/\/www.realclubmaritimomelilla.es\/clmar\/#organization"},"image":{"@id":"https:\/\/www.realclubmaritimomelilla.es\/clmar\/presentacion-en-fitur-de-las-principales-citas-nauticas-en-melilla\/#primaryimage"},"thumbnailUrl":"https:\/\/www.realclubmaritimomelilla.es\/clmar\/wp-content\/uploads\/otra-mas-fiturrrrr.webp","articleSection":["N\u00e1utica"],"inLanguage":"es","potentialAction":[{"@type":"CommentAction","name":"Comment","target":["https:\/\/www.realclubmaritimomelilla.es\/clmar\/presentacion-en-fitur-de-las-principales-citas-nauticas-en-melilla\/#respond"]}]},{"@type":"WebPage","@id":"https:\/\/www.realclubmaritimomelilla.es\/clmar\/presentacion-en-fitur-de-las-principales-citas-nauticas-en-melilla\/","url":"https:\/\/www.realclubmaritimomelilla.es\/clmar\/presentacion-en-fitur-de-las-principales-citas-nauticas-en-melilla\/","name":"Presentaci\u00f3n en Fitur de las principales citas n\u00e1uticas en Melilla - Real Club Mar\u00edtimo de Melilla","isPartOf":{"@id":"https:\/\/www.realclubmaritimomelilla.es\/clmar\/#website"},"primaryImageOfPage":{"@id":"https:\/\/www.realclubmaritimomelilla.es\/clmar\/presentacion-en-fitur-de-las-principales-citas-nauticas-en-melilla\/#primaryimage"},"image":{"@id":"https:\/\/www.realclubmaritimomelilla.es\/clmar\/presentacion-en-fitur-de-las-principales-citas-nauticas-en-melilla\/#primaryimage"},"thumbnailUrl":"https:\/\/www.realclubmaritimomelilla.es\/clmar\/wp-content\/uploads\/otra-mas-fiturrrrr.webp","datePublished":"2026-01-22T11:45:47+00:00","dateModified":"2026-01-27T09:18:27+00:00","description":"El presidente del Real Club Mar\u00edtimo de Melilla, Jer\u00f3nimo P\u00e9rez, ha participado en las actividades de la Consejer\u00eda de Deportes en Fitur","breadcrumb":{"@id":"https:\/\/www.realclubmaritimomelilla.es\/clmar\/presentacion-en-fitur-de-las-principales-citas-nauticas-en-melilla\/#breadcrumb"},"inLanguage":"es","potentialAction":[{"@type":"ReadAction","target":["https:\/\/www.realclubmaritimomelilla.es\/clmar\/presentacion-en-fitur-de-las-principales-citas-nauticas-en-melilla\/"]}]},{"@type":"ImageObject","inLanguage":"es","@id":"https:\/\/www.realclubmaritimomelilla.es\/clmar\/presentacion-en-fitur-de-las-principales-citas-nauticas-en-melilla\/#primaryimage","url":"https:\/\/www.realclubmaritimomelilla.es\/clmar\/wp-content\/uploads\/otra-mas-fiturrrrr.webp","contentUrl":"https:\/\/www.realclubmaritimomelilla.es\/clmar\/wp-content\/uploads\/otra-mas-fiturrrrr.webp","width":1600,"height":1200},{"@type":"BreadcrumbList","@id":"https:\/\/www.realclubmaritimomelilla.es\/clmar\/presentacion-en-fitur-de-las-principales-citas-nauticas-en-melilla\/#breadcrumb","itemListElement":[{"@type":"ListItem","position":1,"name":"Portada","item":"https:\/\/www.realclubmaritimomelilla.es\/clmar\/"},{"@type":"ListItem","position":2,"name":"Presentaci\u00f3n en Fitur de las principales citas n\u00e1uticas en Melilla"}]},{"@type":"WebSite","@id":"https:\/\/www.realclubmaritimomelilla.es\/clmar\/#website","url":"https:\/\/www.realclubmaritimomelilla.es\/clmar\/","name":"Real Club Mar\u00edtimo de Melilla","description":"RCMM","publisher":{"@id":"https:\/\/www.realclubmaritimomelilla.es\/clmar\/#organization"},"alternateName":"RCMM","potentialAction":[{"@type":"SearchAction","target":{"@type":"EntryPoint","urlTemplate":"https:\/\/www.realclubmaritimomelilla.es\/clmar\/?s={search_term_string}"},"query-input":{"@type":"PropertyValueSpecification","valueRequired":true,"valueName":"search_term_string"}}],"inLanguage":"es"},{"@type":"Organization","@id":"https:\/\/www.realclubmaritimomelilla.es\/clmar\/#organization","name":"Real Club Mar\u00edtimo de Melilla","alternateName":"RCMM","url":"https:\/\/www.realclubmaritimomelilla.es\/clmar\/","logo":{"@type":"ImageObject","inLanguage":"es","@id":"https:\/\/www.realclubmaritimomelilla.es\/clmar\/#\/schema\/logo\/image\/","url":"https:\/\/www.realclubmaritimomelilla.es\/clmar\/wp-content\/uploads\/logo-club-original-copia.jpg","contentUrl":"https:\/\/www.realclubmaritimomelilla.es\/clmar\/wp-content\/uploads\/logo-club-original-copia.jpg","width":128,"height":89,"caption":"Real Club Mar\u00edtimo de Melilla"},"image":{"@id":"https:\/\/www.realclubmaritimomelilla.es\/clmar\/#\/schema\/logo\/image\/"},"sameAs":["https:\/\/www.facebook.com\/Real-Club-Mar\u00edtimo-de-Melilla-588495841234214\/","https:\/\/x.com\/nauticarcmm","https:\/\/www.instagram.com\/club_maritimo_melilla\/","https:\/\/www.youtube.com\/@realclubmaritimodemelilla4703","https:\/\/es.wikipedia.org\/wiki\/Real_Club_Mar\u00edtimo_de_Melilla"]},{"@type":"Person","@id":"https:\/\/www.realclubmaritimomelilla.es\/clmar\/#\/schema\/person\/ebaa3713496dc6d48c872452e73a8e79","name":"RCMMelilla","image":{"@type":"ImageObject","inLanguage":"es","@id":"https:\/\/secure.gravatar.com\/avatar\/df1c24789360fb9308735c4ee556fc2bc5bf924bf01e53043b8b97ba272da33c?s=96&d=mm&r=g","url":"https:\/\/secure.gravatar.com\/avatar\/df1c24789360fb9308735c4ee556fc2bc5bf924bf01e53043b8b97ba272da33c?s=96&d=mm&r=g","contentUrl":"https:\/\/secure.gravatar.com\/avatar\/df1c24789360fb9308735c4ee556fc2bc5bf924bf01e53043b8b97ba272da33c?s=96&d=mm&r=g","caption":"RCMMelilla"}}]}},"_links":{"self":[{"href":"https:\/\/www.realclubmaritimomelilla.es\/clmar\/wp-json\/wp\/v2\/posts\/27031","targetHints":{"allow":["GET"]}}],"collection":[{"href":"https:\/\/www.realclubmaritimomelilla.es\/clmar\/wp-json\/wp\/v2\/posts"}],"about":[{"href":"https:\/\/www.realclubmaritimomelilla.es\/clmar\/wp-json\/wp\/v2\/types\/post"}],"author":[{"embeddable":true,"href":"https:\/\/www.realclubmaritimomelilla.es\/clmar\/wp-json\/wp\/v2\/users\/1"}],"replies":[{"embeddable":true,"href":"https:\/\/www.realclubmaritimomelilla.es\/clmar\/wp-json\/wp\/v2\/comments?post=27031"}],"version-history":[{"count":1,"href":"https:\/\/www.realclubmaritimomelilla.es\/clmar\/wp-json\/wp\/v2\/posts\/27031\/revisions"}],"predecessor-version":[{"id":27034,"href":"https:\/\/www.realclubmaritimomelilla.es\/clmar\/wp-json\/wp\/v2\/posts\/27031\/revisions\/27034"}],"wp:featuredmedia":[{"embeddable":true,"href":"https:\/\/www.realclubmaritimomelilla.es\/clmar\/wp-json\/wp\/v2\/media\/27036"}],"wp:attachment":[{"href":"https:\/\/www.realclubmaritimomelilla.es\/clmar\/wp-json\/wp\/v2\/media?parent=27031"}],"wp:term":[{"taxonomy":"category","embeddable":true,"href":"https:\/\/www.realclubmaritimomelilla.es\/clmar\/wp-json\/wp\/v2\/categories?post=27031"},{"taxonomy":"post_tag","embeddable":true,"href":"https:\/\/www.realclubmaritimomelilla.es\/clmar\/wp-json\/wp\/v2\/tags?post=27031"}],"curies":[{"name":"wp","href":"https:\/\/api.w.org\/{rel}","templated":true}]}}