{"id":27027,"date":"2026-01-22T12:44:52","date_gmt":"2026-01-22T11:44:52","guid":{"rendered":"https:\/\/www.realclubmaritimomelilla.es\/clmar\/?p=27027"},"modified":"2026-01-27T10:15:27","modified_gmt":"2026-01-27T09:15:27","slug":"las-jornadas-culturales-2026-del-rcmm-arrancan-con-una-mirada-hacia-las-espana-imperial","status":"publish","type":"post","link":"https:\/\/www.realclubmaritimomelilla.es\/clmar\/las-jornadas-culturales-2026-del-rcmm-arrancan-con-una-mirada-hacia-las-espana-imperial\/","title":{"rendered":"Las Jornadas Culturales 2026 arrancan con una mirada hac\u00eda las Espa\u00f1a Imperial"},"content":{"rendered":"<p>El viernes 30 de enero, est\u00e1 fijado en el calendario, para el inicio de una nueva edici\u00f3n de las Jornadas Culturales del Real Club Mar\u00edtimo de Melilla.<br \/>\nUna nueva edici\u00f3n, la d\u00e9cimo tercera, de una iniciativa en la que se involucra el RCMM para potenciar la cultura en el \u00e1mbito de la ciudad aut\u00f3noma, desde una perspectiva diferente y proponiendo distintas derivadas para llevar a todo el p\u00fablico.<br \/>\nEl arranque de la ambiciosa agenda prevista para este a\u00f1o en las Jornadas Culturales RCMM se realizar\u00e1 con una doble cita. De una lado, la presentaci\u00f3n en ciudad aut\u00f3noma de la  Asociaci\u00f3n H\u00e9roes de Cavite, para proseguir con una conferencia a cargo del doctor en Arquitectura,  Jos\u00e9 Antonio Hoyuela Jayo.<br \/>\nLa Asociaci\u00f3n Cultural H\u00e9roes de Cavite tiene como misi\u00f3n contribuir al conocimiento de la historia de los pa\u00edses hispanos, defender el idioma espa\u00f1ol \u2013 lengua vehicular de la Hispanidad \u2013 y difundir la cultura y civilizaci\u00f3n hisp\u00e1nicas, siendo su presidente \u00c1ngel Benzal Pintado el encargado de realizar la presentaci\u00f3n de la entidad en la ciudad.<br \/>\nA continuaci\u00f3n, Hoyuela Jayo impartir\u00e1 la conferencia: Un imperio de ciudades &#8211; Historia de la construcci\u00f3n de la red urbana virreinal iberoamericana entre los tratados de Tordesillas y S\u00e3o Ildefonso, entre 1494 y 1777.<br \/>\nLa Jornada Cultural arrancar\u00e1 a las 20:30 horas, en la Sala de Conferencias del RCMM, con entrada libre hasta completar aforo.<br \/>\nLa conferencia Un Imperio de Ciudades plantea una reinterpretaci\u00f3n profunda del llamado Imperio hisp\u00e1nico, no como una entidad territorial abstracta o exclusivamente pol\u00edtica, sino como un sistema global de ciudades, misiones, fortificaciones, infraestructuras y paisajes culturales articulados en red. Frente a la visi\u00f3n tradicional de un imperio extractivo o militar, se defiende la idea de un imperio urbano, construido a partir de la fundaci\u00f3n, transformaci\u00f3n y articulaci\u00f3n de asentamientos humanos que actuaron como nodos administrativos, religiosos, econ\u00f3micos, defensivos y culturales a escala planetaria.<br \/>\nD. Jos\u00e9 Antonio Hoyuela Jayo es Doctor Arquitecto y Urbanista por la Universidad de Valladolid (Espa\u00f1a) y por la Universidad e Federal de Minas Gerais (Brasil), especialista en gesti\u00f3n y t\u00e9cnica urban\u00edstica por la Fundaci\u00f3n CEU San Pablo (235 horas). Experto en paisaje cultural, restauraci\u00f3n arquitect\u00f3nica, urbanismo ecol\u00f3gico. <\/p>\n","protected":false},"excerpt":{"rendered":"<p>El viernes 30 de enero, est\u00e1 fijado en el calendario, para el inicio de una nueva edici\u00f3n de las Jornadas Culturales del Real Club Mar\u00edtimo de Melilla. Una nueva edici\u00f3n, la d\u00e9cimo tercera, de una iniciativa en la que se involucra el RCMM para potenciar la cultura en el \u00e1mbito de la ciudad aut\u00f3noma, desde [&hellip;]<\/p>\n","protected":false},"author":1,"featured_media":27028,"comment_status":"open","ping_status":"open","sticky":false,"template":"","format":"standard","meta":{"_acf_changed":false,"footnotes":""},"categories":[41],"tags":[],"class_list":["post-27027","post","type-post","status-publish","format-standard","has-post-thumbnail","hentry","category-jornadas"],"acf":[],"yoast_head":"<!-- This site is optimized with the Yoast SEO plugin v27.5 - https:\/\/yoast.com\/product\/yoast-seo-wordpress\/ -->\n<title>Las Jornadas Culturales 2026 arrancan con una mirada hac\u00eda las Espa\u00f1a Imperial - Real Club Mar\u00edtimo de Melilla<\/title>\n<meta name=\"description\" content=\"El arranque de la ambiciosa agenda prevista para este a\u00f1o en las Jornadas Culturales RCMM se realizar\u00e1 con una doble cita\" \/>\n<meta name=\"robots\" content=\"index, follow, max-snippet:-1, max-image-preview:large, max-video-preview:-1\" \/>\n<link rel=\"canonical\" href=\"https:\/\/www.realclubmaritimomelilla.es\/clmar\/las-jornadas-culturales-2026-del-rcmm-arrancan-con-una-mirada-hacia-las-espana-imperial\/\" \/>\n<meta property=\"og:locale\" content=\"es_ES\" \/>\n<meta property=\"og:type\" content=\"article\" \/>\n<meta property=\"og:title\" content=\"Las Jornadas Culturales 2026 arrancan con una mirada hac\u00eda las Espa\u00f1a Imperial - Real Club Mar\u00edtimo de Melilla\" \/>\n<meta property=\"og:description\" content=\"El arranque de la ambiciosa agenda prevista para este a\u00f1o en las Jornadas Culturales RCMM se realizar\u00e1 con una doble cita\" \/>\n<meta property=\"og:url\" content=\"https:\/\/www.realclubmaritimomelilla.es\/clmar\/las-jornadas-culturales-2026-del-rcmm-arrancan-con-una-mirada-hacia-las-espana-imperial\/\" \/>\n<meta property=\"og:site_name\" content=\"Real Club Mar\u00edtimo de Melilla\" \/>\n<meta property=\"article:publisher\" content=\"https:\/\/www.facebook.com\/Real-Club-Mar%c3%adtimo-de-Melilla-588495841234214\/\" \/>\n<meta property=\"article:published_time\" content=\"2026-01-22T11:44:52+00:00\" \/>\n<meta property=\"article:modified_time\" content=\"2026-01-27T09:15:27+00:00\" \/>\n<meta property=\"og:image\" content=\"https:\/\/www.realclubmaritimomelilla.es\/clmar\/wp-content\/uploads\/2026-01-30-CARTEL-EXPO-UN-IMPERIO-DE-CIUDADES.jpg-scaled.webp\" \/>\n\t<meta property=\"og:image:width\" content=\"1829\" \/>\n\t<meta property=\"og:image:height\" content=\"2560\" \/>\n\t<meta property=\"og:image:type\" content=\"image\/jpeg\" \/>\n<meta name=\"author\" content=\"RCMMelilla\" \/>\n<meta name=\"twitter:card\" content=\"summary_large_image\" \/>\n<meta name=\"twitter:creator\" content=\"@nauticarcmm\" \/>\n<meta name=\"twitter:site\" content=\"@nauticarcmm\" \/>\n<meta name=\"twitter:label1\" content=\"Escrito por\" \/>\n\t<meta name=\"twitter:data1\" content=\"RCMMelilla\" \/>\n\t<meta name=\"twitter:label2\" content=\"Tiempo de lectura\" \/>\n\t<meta name=\"twitter:data2\" content=\"2 minutos\" \/>\n<script type=\"application\/ld+json\" class=\"yoast-schema-graph\">{\"@context\":\"https:\\\/\\\/schema.org\",\"@graph\":[{\"@type\":\"Article\",\"@id\":\"https:\\\/\\\/www.realclubmaritimomelilla.es\\\/clmar\\\/las-jornadas-culturales-2026-del-rcmm-arrancan-con-una-mirada-hacia-las-espana-imperial\\\/#article\",\"isPartOf\":{\"@id\":\"https:\\\/\\\/www.realclubmaritimomelilla.es\\\/clmar\\\/las-jornadas-culturales-2026-del-rcmm-arrancan-con-una-mirada-hacia-las-espana-imperial\\\/\"},\"author\":{\"name\":\"RCMMelilla\",\"@id\":\"https:\\\/\\\/www.realclubmaritimomelilla.es\\\/clmar\\\/#\\\/schema\\\/person\\\/ebaa3713496dc6d48c872452e73a8e79\"},\"headline\":\"Las Jornadas Culturales 2026 arrancan con una mirada hac\u00eda las Espa\u00f1a Imperial\",\"datePublished\":\"2026-01-22T11:44:52+00:00\",\"dateModified\":\"2026-01-27T09:15:27+00:00\",\"mainEntityOfPage\":{\"@id\":\"https:\\\/\\\/www.realclubmaritimomelilla.es\\\/clmar\\\/las-jornadas-culturales-2026-del-rcmm-arrancan-con-una-mirada-hacia-las-espana-imperial\\\/\"},\"wordCount\":403,\"commentCount\":0,\"publisher\":{\"@id\":\"https:\\\/\\\/www.realclubmaritimomelilla.es\\\/clmar\\\/#organization\"},\"image\":{\"@id\":\"https:\\\/\\\/www.realclubmaritimomelilla.es\\\/clmar\\\/las-jornadas-culturales-2026-del-rcmm-arrancan-con-una-mirada-hacia-las-espana-imperial\\\/#primaryimage\"},\"thumbnailUrl\":\"https:\\\/\\\/www.realclubmaritimomelilla.es\\\/clmar\\\/wp-content\\\/uploads\\\/2026-01-30-CARTEL-EXPO-UN-IMPERIO-DE-CIUDADES.jpg-scaled.webp\",\"articleSection\":[\"Jornadas\"],\"inLanguage\":\"es\",\"potentialAction\":[{\"@type\":\"CommentAction\",\"name\":\"Comment\",\"target\":[\"https:\\\/\\\/www.realclubmaritimomelilla.es\\\/clmar\\\/las-jornadas-culturales-2026-del-rcmm-arrancan-con-una-mirada-hacia-las-espana-imperial\\\/#respond\"]}]},{\"@type\":\"WebPage\",\"@id\":\"https:\\\/\\\/www.realclubmaritimomelilla.es\\\/clmar\\\/las-jornadas-culturales-2026-del-rcmm-arrancan-con-una-mirada-hacia-las-espana-imperial\\\/\",\"url\":\"https:\\\/\\\/www.realclubmaritimomelilla.es\\\/clmar\\\/las-jornadas-culturales-2026-del-rcmm-arrancan-con-una-mirada-hacia-las-espana-imperial\\\/\",\"name\":\"Las Jornadas Culturales 2026 arrancan con una mirada hac\u00eda las Espa\u00f1a Imperial - Real Club Mar\u00edtimo de Melilla\",\"isPartOf\":{\"@id\":\"https:\\\/\\\/www.realclubmaritimomelilla.es\\\/clmar\\\/#website\"},\"primaryImageOfPage\":{\"@id\":\"https:\\\/\\\/www.realclubmaritimomelilla.es\\\/clmar\\\/las-jornadas-culturales-2026-del-rcmm-arrancan-con-una-mirada-hacia-las-espana-imperial\\\/#primaryimage\"},\"image\":{\"@id\":\"https:\\\/\\\/www.realclubmaritimomelilla.es\\\/clmar\\\/las-jornadas-culturales-2026-del-rcmm-arrancan-con-una-mirada-hacia-las-espana-imperial\\\/#primaryimage\"},\"thumbnailUrl\":\"https:\\\/\\\/www.realclubmaritimomelilla.es\\\/clmar\\\/wp-content\\\/uploads\\\/2026-01-30-CARTEL-EXPO-UN-IMPERIO-DE-CIUDADES.jpg-scaled.webp\",\"datePublished\":\"2026-01-22T11:44:52+00:00\",\"dateModified\":\"2026-01-27T09:15:27+00:00\",\"description\":\"El arranque de la ambiciosa agenda prevista para este a\u00f1o en las Jornadas Culturales RCMM se realizar\u00e1 con una doble cita\",\"breadcrumb\":{\"@id\":\"https:\\\/\\\/www.realclubmaritimomelilla.es\\\/clmar\\\/las-jornadas-culturales-2026-del-rcmm-arrancan-con-una-mirada-hacia-las-espana-imperial\\\/#breadcrumb\"},\"inLanguage\":\"es\",\"potentialAction\":[{\"@type\":\"ReadAction\",\"target\":[\"https:\\\/\\\/www.realclubmaritimomelilla.es\\\/clmar\\\/las-jornadas-culturales-2026-del-rcmm-arrancan-con-una-mirada-hacia-las-espana-imperial\\\/\"]}]},{\"@type\":\"ImageObject\",\"inLanguage\":\"es\",\"@id\":\"https:\\\/\\\/www.realclubmaritimomelilla.es\\\/clmar\\\/las-jornadas-culturales-2026-del-rcmm-arrancan-con-una-mirada-hacia-las-espana-imperial\\\/#primaryimage\",\"url\":\"https:\\\/\\\/www.realclubmaritimomelilla.es\\\/clmar\\\/wp-content\\\/uploads\\\/2026-01-30-CARTEL-EXPO-UN-IMPERIO-DE-CIUDADES.jpg-scaled.webp\",\"contentUrl\":\"https:\\\/\\\/www.realclubmaritimomelilla.es\\\/clmar\\\/wp-content\\\/uploads\\\/2026-01-30-CARTEL-EXPO-UN-IMPERIO-DE-CIUDADES.jpg-scaled.webp\",\"width\":1829,\"height\":2560},{\"@type\":\"BreadcrumbList\",\"@id\":\"https:\\\/\\\/www.realclubmaritimomelilla.es\\\/clmar\\\/las-jornadas-culturales-2026-del-rcmm-arrancan-con-una-mirada-hacia-las-espana-imperial\\\/#breadcrumb\",\"itemListElement\":[{\"@type\":\"ListItem\",\"position\":1,\"name\":\"Portada\",\"item\":\"https:\\\/\\\/www.realclubmaritimomelilla.es\\\/clmar\\\/\"},{\"@type\":\"ListItem\",\"position\":2,\"name\":\"Las Jornadas Culturales 2026 arrancan con una mirada hac\u00eda las Espa\u00f1a Imperial\"}]},{\"@type\":\"WebSite\",\"@id\":\"https:\\\/\\\/www.realclubmaritimomelilla.es\\\/clmar\\\/#website\",\"url\":\"https:\\\/\\\/www.realclubmaritimomelilla.es\\\/clmar\\\/\",\"name\":\"Real Club Mar\u00edtimo de Melilla\",\"description\":\"RCMM\",\"publisher\":{\"@id\":\"https:\\\/\\\/www.realclubmaritimomelilla.es\\\/clmar\\\/#organization\"},\"alternateName\":\"RCMM\",\"potentialAction\":[{\"@type\":\"SearchAction\",\"target\":{\"@type\":\"EntryPoint\",\"urlTemplate\":\"https:\\\/\\\/www.realclubmaritimomelilla.es\\\/clmar\\\/?s={search_term_string}\"},\"query-input\":{\"@type\":\"PropertyValueSpecification\",\"valueRequired\":true,\"valueName\":\"search_term_string\"}}],\"inLanguage\":\"es\"},{\"@type\":\"Organization\",\"@id\":\"https:\\\/\\\/www.realclubmaritimomelilla.es\\\/clmar\\\/#organization\",\"name\":\"Real Club Mar\u00edtimo de Melilla\",\"alternateName\":\"RCMM\",\"url\":\"https:\\\/\\\/www.realclubmaritimomelilla.es\\\/clmar\\\/\",\"logo\":{\"@type\":\"ImageObject\",\"inLanguage\":\"es\",\"@id\":\"https:\\\/\\\/www.realclubmaritimomelilla.es\\\/clmar\\\/#\\\/schema\\\/logo\\\/image\\\/\",\"url\":\"https:\\\/\\\/www.realclubmaritimomelilla.es\\\/clmar\\\/wp-content\\\/uploads\\\/logo-club-original-copia.jpg\",\"contentUrl\":\"https:\\\/\\\/www.realclubmaritimomelilla.es\\\/clmar\\\/wp-content\\\/uploads\\\/logo-club-original-copia.jpg\",\"width\":128,\"height\":89,\"caption\":\"Real Club Mar\u00edtimo de Melilla\"},\"image\":{\"@id\":\"https:\\\/\\\/www.realclubmaritimomelilla.es\\\/clmar\\\/#\\\/schema\\\/logo\\\/image\\\/\"},\"sameAs\":[\"https:\\\/\\\/www.facebook.com\\\/Real-Club-Mar\u00edtimo-de-Melilla-588495841234214\\\/\",\"https:\\\/\\\/x.com\\\/nauticarcmm\",\"https:\\\/\\\/www.instagram.com\\\/club_maritimo_melilla\\\/\",\"https:\\\/\\\/www.youtube.com\\\/@realclubmaritimodemelilla4703\",\"https:\\\/\\\/es.wikipedia.org\\\/wiki\\\/Real_Club_Mar\u00edtimo_de_Melilla\"]},{\"@type\":\"Person\",\"@id\":\"https:\\\/\\\/www.realclubmaritimomelilla.es\\\/clmar\\\/#\\\/schema\\\/person\\\/ebaa3713496dc6d48c872452e73a8e79\",\"name\":\"RCMMelilla\",\"image\":{\"@type\":\"ImageObject\",\"inLanguage\":\"es\",\"@id\":\"https:\\\/\\\/secure.gravatar.com\\\/avatar\\\/df1c24789360fb9308735c4ee556fc2bc5bf924bf01e53043b8b97ba272da33c?s=96&d=mm&r=g\",\"url\":\"https:\\\/\\\/secure.gravatar.com\\\/avatar\\\/df1c24789360fb9308735c4ee556fc2bc5bf924bf01e53043b8b97ba272da33c?s=96&d=mm&r=g\",\"contentUrl\":\"https:\\\/\\\/secure.gravatar.com\\\/avatar\\\/df1c24789360fb9308735c4ee556fc2bc5bf924bf01e53043b8b97ba272da33c?s=96&d=mm&r=g\",\"caption\":\"RCMMelilla\"}}]}<\/script>\n<!-- \/ Yoast SEO plugin. -->","yoast_head_json":{"title":"Las Jornadas Culturales 2026 arrancan con una mirada hac\u00eda las Espa\u00f1a Imperial - Real Club Mar\u00edtimo de Melilla","description":"El arranque de la ambiciosa agenda prevista para este a\u00f1o en las Jornadas Culturales RCMM se realizar\u00e1 con una doble cita","robots":{"index":"index","follow":"follow","max-snippet":"max-snippet:-1","max-image-preview":"max-image-preview:large","max-video-preview":"max-video-preview:-1"},"canonical":"https:\/\/www.realclubmaritimomelilla.es\/clmar\/las-jornadas-culturales-2026-del-rcmm-arrancan-con-una-mirada-hacia-las-espana-imperial\/","og_locale":"es_ES","og_type":"article","og_title":"Las Jornadas Culturales 2026 arrancan con una mirada hac\u00eda las Espa\u00f1a Imperial - Real Club Mar\u00edtimo de Melilla","og_description":"El arranque de la ambiciosa agenda prevista para este a\u00f1o en las Jornadas Culturales RCMM se realizar\u00e1 con una doble cita","og_url":"https:\/\/www.realclubmaritimomelilla.es\/clmar\/las-jornadas-culturales-2026-del-rcmm-arrancan-con-una-mirada-hacia-las-espana-imperial\/","og_site_name":"Real Club Mar\u00edtimo de Melilla","article_publisher":"https:\/\/www.facebook.com\/Real-Club-Mar%c3%adtimo-de-Melilla-588495841234214\/","article_published_time":"2026-01-22T11:44:52+00:00","article_modified_time":"2026-01-27T09:15:27+00:00","og_image":[{"width":1829,"height":2560,"url":"https:\/\/www.realclubmaritimomelilla.es\/clmar\/wp-content\/uploads\/2026-01-30-CARTEL-EXPO-UN-IMPERIO-DE-CIUDADES.jpg-scaled.webp","type":"image\/jpeg"}],"author":"RCMMelilla","twitter_card":"summary_large_image","twitter_creator":"@nauticarcmm","twitter_site":"@nauticarcmm","twitter_misc":{"Escrito por":"RCMMelilla","Tiempo de lectura":"2 minutos"},"schema":{"@context":"https:\/\/schema.org","@graph":[{"@type":"Article","@id":"https:\/\/www.realclubmaritimomelilla.es\/clmar\/las-jornadas-culturales-2026-del-rcmm-arrancan-con-una-mirada-hacia-las-espana-imperial\/#article","isPartOf":{"@id":"https:\/\/www.realclubmaritimomelilla.es\/clmar\/las-jornadas-culturales-2026-del-rcmm-arrancan-con-una-mirada-hacia-las-espana-imperial\/"},"author":{"name":"RCMMelilla","@id":"https:\/\/www.realclubmaritimomelilla.es\/clmar\/#\/schema\/person\/ebaa3713496dc6d48c872452e73a8e79"},"headline":"Las Jornadas Culturales 2026 arrancan con una mirada hac\u00eda las Espa\u00f1a Imperial","datePublished":"2026-01-22T11:44:52+00:00","dateModified":"2026-01-27T09:15:27+00:00","mainEntityOfPage":{"@id":"https:\/\/www.realclubmaritimomelilla.es\/clmar\/las-jornadas-culturales-2026-del-rcmm-arrancan-con-una-mirada-hacia-las-espana-imperial\/"},"wordCount":403,"commentCount":0,"publisher":{"@id":"https:\/\/www.realclubmaritimomelilla.es\/clmar\/#organization"},"image":{"@id":"https:\/\/www.realclubmaritimomelilla.es\/clmar\/las-jornadas-culturales-2026-del-rcmm-arrancan-con-una-mirada-hacia-las-espana-imperial\/#primaryimage"},"thumbnailUrl":"https:\/\/www.realclubmaritimomelilla.es\/clmar\/wp-content\/uploads\/2026-01-30-CARTEL-EXPO-UN-IMPERIO-DE-CIUDADES.jpg-scaled.webp","articleSection":["Jornadas"],"inLanguage":"es","potentialAction":[{"@type":"CommentAction","name":"Comment","target":["https:\/\/www.realclubmaritimomelilla.es\/clmar\/las-jornadas-culturales-2026-del-rcmm-arrancan-con-una-mirada-hacia-las-espana-imperial\/#respond"]}]},{"@type":"WebPage","@id":"https:\/\/www.realclubmaritimomelilla.es\/clmar\/las-jornadas-culturales-2026-del-rcmm-arrancan-con-una-mirada-hacia-las-espana-imperial\/","url":"https:\/\/www.realclubmaritimomelilla.es\/clmar\/las-jornadas-culturales-2026-del-rcmm-arrancan-con-una-mirada-hacia-las-espana-imperial\/","name":"Las Jornadas Culturales 2026 arrancan con una mirada hac\u00eda las Espa\u00f1a Imperial - Real Club Mar\u00edtimo de Melilla","isPartOf":{"@id":"https:\/\/www.realclubmaritimomelilla.es\/clmar\/#website"},"primaryImageOfPage":{"@id":"https:\/\/www.realclubmaritimomelilla.es\/clmar\/las-jornadas-culturales-2026-del-rcmm-arrancan-con-una-mirada-hacia-las-espana-imperial\/#primaryimage"},"image":{"@id":"https:\/\/www.realclubmaritimomelilla.es\/clmar\/las-jornadas-culturales-2026-del-rcmm-arrancan-con-una-mirada-hacia-las-espana-imperial\/#primaryimage"},"thumbnailUrl":"https:\/\/www.realclubmaritimomelilla.es\/clmar\/wp-content\/uploads\/2026-01-30-CARTEL-EXPO-UN-IMPERIO-DE-CIUDADES.jpg-scaled.webp","datePublished":"2026-01-22T11:44:52+00:00","dateModified":"2026-01-27T09:15:27+00:00","description":"El arranque de la ambiciosa agenda prevista para este a\u00f1o en las Jornadas Culturales RCMM se realizar\u00e1 con una doble cita","breadcrumb":{"@id":"https:\/\/www.realclubmaritimomelilla.es\/clmar\/las-jornadas-culturales-2026-del-rcmm-arrancan-con-una-mirada-hacia-las-espana-imperial\/#breadcrumb"},"inLanguage":"es","potentialAction":[{"@type":"ReadAction","target":["https:\/\/www.realclubmaritimomelilla.es\/clmar\/las-jornadas-culturales-2026-del-rcmm-arrancan-con-una-mirada-hacia-las-espana-imperial\/"]}]},{"@type":"ImageObject","inLanguage":"es","@id":"https:\/\/www.realclubmaritimomelilla.es\/clmar\/las-jornadas-culturales-2026-del-rcmm-arrancan-con-una-mirada-hacia-las-espana-imperial\/#primaryimage","url":"https:\/\/www.realclubmaritimomelilla.es\/clmar\/wp-content\/uploads\/2026-01-30-CARTEL-EXPO-UN-IMPERIO-DE-CIUDADES.jpg-scaled.webp","contentUrl":"https:\/\/www.realclubmaritimomelilla.es\/clmar\/wp-content\/uploads\/2026-01-30-CARTEL-EXPO-UN-IMPERIO-DE-CIUDADES.jpg-scaled.webp","width":1829,"height":2560},{"@type":"BreadcrumbList","@id":"https:\/\/www.realclubmaritimomelilla.es\/clmar\/las-jornadas-culturales-2026-del-rcmm-arrancan-con-una-mirada-hacia-las-espana-imperial\/#breadcrumb","itemListElement":[{"@type":"ListItem","position":1,"name":"Portada","item":"https:\/\/www.realclubmaritimomelilla.es\/clmar\/"},{"@type":"ListItem","position":2,"name":"Las Jornadas Culturales 2026 arrancan con una mirada hac\u00eda las Espa\u00f1a Imperial"}]},{"@type":"WebSite","@id":"https:\/\/www.realclubmaritimomelilla.es\/clmar\/#website","url":"https:\/\/www.realclubmaritimomelilla.es\/clmar\/","name":"Real Club Mar\u00edtimo de Melilla","description":"RCMM","publisher":{"@id":"https:\/\/www.realclubmaritimomelilla.es\/clmar\/#organization"},"alternateName":"RCMM","potentialAction":[{"@type":"SearchAction","target":{"@type":"EntryPoint","urlTemplate":"https:\/\/www.realclubmaritimomelilla.es\/clmar\/?s={search_term_string}"},"query-input":{"@type":"PropertyValueSpecification","valueRequired":true,"valueName":"search_term_string"}}],"inLanguage":"es"},{"@type":"Organization","@id":"https:\/\/www.realclubmaritimomelilla.es\/clmar\/#organization","name":"Real Club Mar\u00edtimo de Melilla","alternateName":"RCMM","url":"https:\/\/www.realclubmaritimomelilla.es\/clmar\/","logo":{"@type":"ImageObject","inLanguage":"es","@id":"https:\/\/www.realclubmaritimomelilla.es\/clmar\/#\/schema\/logo\/image\/","url":"https:\/\/www.realclubmaritimomelilla.es\/clmar\/wp-content\/uploads\/logo-club-original-copia.jpg","contentUrl":"https:\/\/www.realclubmaritimomelilla.es\/clmar\/wp-content\/uploads\/logo-club-original-copia.jpg","width":128,"height":89,"caption":"Real Club Mar\u00edtimo de Melilla"},"image":{"@id":"https:\/\/www.realclubmaritimomelilla.es\/clmar\/#\/schema\/logo\/image\/"},"sameAs":["https:\/\/www.facebook.com\/Real-Club-Mar\u00edtimo-de-Melilla-588495841234214\/","https:\/\/x.com\/nauticarcmm","https:\/\/www.instagram.com\/club_maritimo_melilla\/","https:\/\/www.youtube.com\/@realclubmaritimodemelilla4703","https:\/\/es.wikipedia.org\/wiki\/Real_Club_Mar\u00edtimo_de_Melilla"]},{"@type":"Person","@id":"https:\/\/www.realclubmaritimomelilla.es\/clmar\/#\/schema\/person\/ebaa3713496dc6d48c872452e73a8e79","name":"RCMMelilla","image":{"@type":"ImageObject","inLanguage":"es","@id":"https:\/\/secure.gravatar.com\/avatar\/df1c24789360fb9308735c4ee556fc2bc5bf924bf01e53043b8b97ba272da33c?s=96&d=mm&r=g","url":"https:\/\/secure.gravatar.com\/avatar\/df1c24789360fb9308735c4ee556fc2bc5bf924bf01e53043b8b97ba272da33c?s=96&d=mm&r=g","contentUrl":"https:\/\/secure.gravatar.com\/avatar\/df1c24789360fb9308735c4ee556fc2bc5bf924bf01e53043b8b97ba272da33c?s=96&d=mm&r=g","caption":"RCMMelilla"}}]}},"_links":{"self":[{"href":"https:\/\/www.realclubmaritimomelilla.es\/clmar\/wp-json\/wp\/v2\/posts\/27027","targetHints":{"allow":["GET"]}}],"collection":[{"href":"https:\/\/www.realclubmaritimomelilla.es\/clmar\/wp-json\/wp\/v2\/posts"}],"about":[{"href":"https:\/\/www.realclubmaritimomelilla.es\/clmar\/wp-json\/wp\/v2\/types\/post"}],"author":[{"embeddable":true,"href":"https:\/\/www.realclubmaritimomelilla.es\/clmar\/wp-json\/wp\/v2\/users\/1"}],"replies":[{"embeddable":true,"href":"https:\/\/www.realclubmaritimomelilla.es\/clmar\/wp-json\/wp\/v2\/comments?post=27027"}],"version-history":[{"count":3,"href":"https:\/\/www.realclubmaritimomelilla.es\/clmar\/wp-json\/wp\/v2\/posts\/27027\/revisions"}],"predecessor-version":[{"id":27051,"href":"https:\/\/www.realclubmaritimomelilla.es\/clmar\/wp-json\/wp\/v2\/posts\/27027\/revisions\/27051"}],"wp:featuredmedia":[{"embeddable":true,"href":"https:\/\/www.realclubmaritimomelilla.es\/clmar\/wp-json\/wp\/v2\/media\/27028"}],"wp:attachment":[{"href":"https:\/\/www.realclubmaritimomelilla.es\/clmar\/wp-json\/wp\/v2\/media?parent=27027"}],"wp:term":[{"taxonomy":"category","embeddable":true,"href":"https:\/\/www.realclubmaritimomelilla.es\/clmar\/wp-json\/wp\/v2\/categories?post=27027"},{"taxonomy":"post_tag","embeddable":true,"href":"https:\/\/www.realclubmaritimomelilla.es\/clmar\/wp-json\/wp\/v2\/tags?post=27027"}],"curies":[{"name":"wp","href":"https:\/\/api.w.org\/{rel}","templated":true}]}}