{"id":27024,"date":"2026-01-22T12:42:48","date_gmt":"2026-01-22T11:42:48","guid":{"rendered":"https:\/\/www.realclubmaritimomelilla.es\/clmar\/?p=27024"},"modified":"2026-01-27T10:10:43","modified_gmt":"2026-01-27T09:10:43","slug":"el-rcmm-habilita-un-enlace-en-su-web-para-ayudar-a-tramitar-la-licencia-de-vela-para-2026","status":"publish","type":"post","link":"https:\/\/www.realclubmaritimomelilla.es\/clmar\/el-rcmm-habilita-un-enlace-en-su-web-para-ayudar-a-tramitar-la-licencia-de-vela-para-2026\/","title":{"rendered":"El RCMM habilita un enlace para tramitar la licencia de vela para 2026"},"content":{"rendered":"<p>El Real Club Mar\u00edtimo de Melilla(RCMM) ha habilitado en su p\u00e1gina web, un enlace directo con la Federaci\u00f3n Espa\u00f1ola de Vela para que los melillenses que as\u00ed lo deseen, puedan tramitar la \u201cLicencia Federativa\u201d, que les permite estar federados durante todo este a\u00f1o 2026 y con lo que conlleva, contar con seguro deportivo y competir a nivel nacional y local.<br \/>\nEl hecho de que en estos momentos no funcione plenamente la Federaci\u00f3n Melillense de Vela no impide que los regatistas locales no puedan tramitar sus licencias federativas y como viene siendo en los \u00faltimos a\u00f1os, el RCMM lo hace m\u00e1s accesible y c\u00f3modo a los regatistas melillenses o a nuestros socios que as\u00ed lo quieran.<br \/>\nENLACE: https:\/\/gestion.rfev.es\/fmi\/webd\/fmi\/webd\/Licencias<\/p>\n","protected":false},"excerpt":{"rendered":"<p>El Real Club Mar\u00edtimo de Melilla(RCMM) ha habilitado en su p\u00e1gina web, un enlace directo con la Federaci\u00f3n Espa\u00f1ola de Vela para que los melillenses que as\u00ed lo deseen, puedan tramitar la \u201cLicencia Federativa\u201d, que les permite estar federados durante todo este a\u00f1o 2026 y con lo que conlleva, contar con seguro deportivo y competir [&hellip;]<\/p>\n","protected":false},"author":1,"featured_media":26713,"comment_status":"open","ping_status":"open","sticky":false,"template":"","format":"standard","meta":{"_acf_changed":false,"footnotes":""},"categories":[38],"tags":[],"class_list":["post-27024","post","type-post","status-publish","format-standard","has-post-thumbnail","hentry","category-nautica"],"acf":[],"yoast_head":"<!-- This site is optimized with the Yoast SEO plugin v27.5 - https:\/\/yoast.com\/product\/yoast-seo-wordpress\/ -->\n<title>El RCMM habilita un enlace para tramitar la licencia de vela para 2026 - Real Club Mar\u00edtimo de Melilla<\/title>\n<meta name=\"description\" content=\"El RCMM ha habilitado un enlace directo con la Federaci\u00f3n Espa\u00f1ola de Vela para que los melillenses puedan tramitar la \u201cLicencia Federativa\u201d\" \/>\n<meta name=\"robots\" content=\"index, follow, max-snippet:-1, max-image-preview:large, max-video-preview:-1\" \/>\n<link rel=\"canonical\" href=\"https:\/\/www.realclubmaritimomelilla.es\/clmar\/el-rcmm-habilita-un-enlace-en-su-web-para-ayudar-a-tramitar-la-licencia-de-vela-para-2026\/\" \/>\n<meta property=\"og:locale\" content=\"es_ES\" \/>\n<meta property=\"og:type\" content=\"article\" \/>\n<meta property=\"og:title\" content=\"El RCMM habilita un enlace para tramitar la licencia de vela para 2026 - Real Club Mar\u00edtimo de Melilla\" \/>\n<meta property=\"og:description\" content=\"El RCMM ha habilitado un enlace directo con la Federaci\u00f3n Espa\u00f1ola de Vela para que los melillenses puedan tramitar la \u201cLicencia Federativa\u201d\" \/>\n<meta property=\"og:url\" content=\"https:\/\/www.realclubmaritimomelilla.es\/clmar\/el-rcmm-habilita-un-enlace-en-su-web-para-ayudar-a-tramitar-la-licencia-de-vela-para-2026\/\" \/>\n<meta property=\"og:site_name\" content=\"Real Club Mar\u00edtimo de Melilla\" \/>\n<meta property=\"article:publisher\" content=\"https:\/\/www.facebook.com\/Real-Club-Mar%c3%adtimo-de-Melilla-588495841234214\/\" \/>\n<meta property=\"article:published_time\" content=\"2026-01-22T11:42:48+00:00\" \/>\n<meta property=\"article:modified_time\" content=\"2026-01-27T09:10:43+00:00\" \/>\n<meta property=\"og:image\" content=\"https:\/\/www.realclubmaritimomelilla.es\/clmar\/wp-content\/uploads\/6F3A5146-scaled.webp\" \/>\n\t<meta property=\"og:image:width\" content=\"2560\" \/>\n\t<meta property=\"og:image:height\" content=\"1707\" \/>\n\t<meta property=\"og:image:type\" content=\"image\/jpeg\" \/>\n<meta name=\"author\" content=\"RCMMelilla\" \/>\n<meta name=\"twitter:card\" content=\"summary_large_image\" \/>\n<meta name=\"twitter:creator\" content=\"@nauticarcmm\" \/>\n<meta name=\"twitter:site\" content=\"@nauticarcmm\" \/>\n<meta name=\"twitter:label1\" content=\"Escrito por\" \/>\n\t<meta name=\"twitter:data1\" content=\"RCMMelilla\" \/>\n\t<meta name=\"twitter:label2\" content=\"Tiempo de lectura\" \/>\n\t<meta name=\"twitter:data2\" content=\"1 minuto\" \/>\n<script type=\"application\/ld+json\" class=\"yoast-schema-graph\">{\"@context\":\"https:\\\/\\\/schema.org\",\"@graph\":[{\"@type\":\"Article\",\"@id\":\"https:\\\/\\\/www.realclubmaritimomelilla.es\\\/clmar\\\/el-rcmm-habilita-un-enlace-en-su-web-para-ayudar-a-tramitar-la-licencia-de-vela-para-2026\\\/#article\",\"isPartOf\":{\"@id\":\"https:\\\/\\\/www.realclubmaritimomelilla.es\\\/clmar\\\/el-rcmm-habilita-un-enlace-en-su-web-para-ayudar-a-tramitar-la-licencia-de-vela-para-2026\\\/\"},\"author\":{\"name\":\"RCMMelilla\",\"@id\":\"https:\\\/\\\/www.realclubmaritimomelilla.es\\\/clmar\\\/#\\\/schema\\\/person\\\/ebaa3713496dc6d48c872452e73a8e79\"},\"headline\":\"El RCMM habilita un enlace para tramitar la licencia de vela para 2026\",\"datePublished\":\"2026-01-22T11:42:48+00:00\",\"dateModified\":\"2026-01-27T09:10:43+00:00\",\"mainEntityOfPage\":{\"@id\":\"https:\\\/\\\/www.realclubmaritimomelilla.es\\\/clmar\\\/el-rcmm-habilita-un-enlace-en-su-web-para-ayudar-a-tramitar-la-licencia-de-vela-para-2026\\\/\"},\"wordCount\":146,\"commentCount\":0,\"publisher\":{\"@id\":\"https:\\\/\\\/www.realclubmaritimomelilla.es\\\/clmar\\\/#organization\"},\"image\":{\"@id\":\"https:\\\/\\\/www.realclubmaritimomelilla.es\\\/clmar\\\/el-rcmm-habilita-un-enlace-en-su-web-para-ayudar-a-tramitar-la-licencia-de-vela-para-2026\\\/#primaryimage\"},\"thumbnailUrl\":\"https:\\\/\\\/www.realclubmaritimomelilla.es\\\/clmar\\\/wp-content\\\/uploads\\\/6F3A5146-scaled.webp\",\"articleSection\":[\"N\u00e1utica\"],\"inLanguage\":\"es\",\"potentialAction\":[{\"@type\":\"CommentAction\",\"name\":\"Comment\",\"target\":[\"https:\\\/\\\/www.realclubmaritimomelilla.es\\\/clmar\\\/el-rcmm-habilita-un-enlace-en-su-web-para-ayudar-a-tramitar-la-licencia-de-vela-para-2026\\\/#respond\"]}]},{\"@type\":\"WebPage\",\"@id\":\"https:\\\/\\\/www.realclubmaritimomelilla.es\\\/clmar\\\/el-rcmm-habilita-un-enlace-en-su-web-para-ayudar-a-tramitar-la-licencia-de-vela-para-2026\\\/\",\"url\":\"https:\\\/\\\/www.realclubmaritimomelilla.es\\\/clmar\\\/el-rcmm-habilita-un-enlace-en-su-web-para-ayudar-a-tramitar-la-licencia-de-vela-para-2026\\\/\",\"name\":\"El RCMM habilita un enlace para tramitar la licencia de vela para 2026 - Real Club Mar\u00edtimo de Melilla\",\"isPartOf\":{\"@id\":\"https:\\\/\\\/www.realclubmaritimomelilla.es\\\/clmar\\\/#website\"},\"primaryImageOfPage\":{\"@id\":\"https:\\\/\\\/www.realclubmaritimomelilla.es\\\/clmar\\\/el-rcmm-habilita-un-enlace-en-su-web-para-ayudar-a-tramitar-la-licencia-de-vela-para-2026\\\/#primaryimage\"},\"image\":{\"@id\":\"https:\\\/\\\/www.realclubmaritimomelilla.es\\\/clmar\\\/el-rcmm-habilita-un-enlace-en-su-web-para-ayudar-a-tramitar-la-licencia-de-vela-para-2026\\\/#primaryimage\"},\"thumbnailUrl\":\"https:\\\/\\\/www.realclubmaritimomelilla.es\\\/clmar\\\/wp-content\\\/uploads\\\/6F3A5146-scaled.webp\",\"datePublished\":\"2026-01-22T11:42:48+00:00\",\"dateModified\":\"2026-01-27T09:10:43+00:00\",\"description\":\"El RCMM ha habilitado un enlace directo con la Federaci\u00f3n Espa\u00f1ola de Vela para que los melillenses puedan tramitar la \u201cLicencia Federativa\u201d\",\"breadcrumb\":{\"@id\":\"https:\\\/\\\/www.realclubmaritimomelilla.es\\\/clmar\\\/el-rcmm-habilita-un-enlace-en-su-web-para-ayudar-a-tramitar-la-licencia-de-vela-para-2026\\\/#breadcrumb\"},\"inLanguage\":\"es\",\"potentialAction\":[{\"@type\":\"ReadAction\",\"target\":[\"https:\\\/\\\/www.realclubmaritimomelilla.es\\\/clmar\\\/el-rcmm-habilita-un-enlace-en-su-web-para-ayudar-a-tramitar-la-licencia-de-vela-para-2026\\\/\"]}]},{\"@type\":\"ImageObject\",\"inLanguage\":\"es\",\"@id\":\"https:\\\/\\\/www.realclubmaritimomelilla.es\\\/clmar\\\/el-rcmm-habilita-un-enlace-en-su-web-para-ayudar-a-tramitar-la-licencia-de-vela-para-2026\\\/#primaryimage\",\"url\":\"https:\\\/\\\/www.realclubmaritimomelilla.es\\\/clmar\\\/wp-content\\\/uploads\\\/6F3A5146-scaled.webp\",\"contentUrl\":\"https:\\\/\\\/www.realclubmaritimomelilla.es\\\/clmar\\\/wp-content\\\/uploads\\\/6F3A5146-scaled.webp\",\"width\":2560,\"height\":1707},{\"@type\":\"BreadcrumbList\",\"@id\":\"https:\\\/\\\/www.realclubmaritimomelilla.es\\\/clmar\\\/el-rcmm-habilita-un-enlace-en-su-web-para-ayudar-a-tramitar-la-licencia-de-vela-para-2026\\\/#breadcrumb\",\"itemListElement\":[{\"@type\":\"ListItem\",\"position\":1,\"name\":\"Portada\",\"item\":\"https:\\\/\\\/www.realclubmaritimomelilla.es\\\/clmar\\\/\"},{\"@type\":\"ListItem\",\"position\":2,\"name\":\"El RCMM habilita un enlace para tramitar la licencia de vela para 2026\"}]},{\"@type\":\"WebSite\",\"@id\":\"https:\\\/\\\/www.realclubmaritimomelilla.es\\\/clmar\\\/#website\",\"url\":\"https:\\\/\\\/www.realclubmaritimomelilla.es\\\/clmar\\\/\",\"name\":\"Real Club Mar\u00edtimo de Melilla\",\"description\":\"RCMM\",\"publisher\":{\"@id\":\"https:\\\/\\\/www.realclubmaritimomelilla.es\\\/clmar\\\/#organization\"},\"alternateName\":\"RCMM\",\"potentialAction\":[{\"@type\":\"SearchAction\",\"target\":{\"@type\":\"EntryPoint\",\"urlTemplate\":\"https:\\\/\\\/www.realclubmaritimomelilla.es\\\/clmar\\\/?s={search_term_string}\"},\"query-input\":{\"@type\":\"PropertyValueSpecification\",\"valueRequired\":true,\"valueName\":\"search_term_string\"}}],\"inLanguage\":\"es\"},{\"@type\":\"Organization\",\"@id\":\"https:\\\/\\\/www.realclubmaritimomelilla.es\\\/clmar\\\/#organization\",\"name\":\"Real Club Mar\u00edtimo de Melilla\",\"alternateName\":\"RCMM\",\"url\":\"https:\\\/\\\/www.realclubmaritimomelilla.es\\\/clmar\\\/\",\"logo\":{\"@type\":\"ImageObject\",\"inLanguage\":\"es\",\"@id\":\"https:\\\/\\\/www.realclubmaritimomelilla.es\\\/clmar\\\/#\\\/schema\\\/logo\\\/image\\\/\",\"url\":\"https:\\\/\\\/www.realclubmaritimomelilla.es\\\/clmar\\\/wp-content\\\/uploads\\\/logo-club-original-copia.jpg\",\"contentUrl\":\"https:\\\/\\\/www.realclubmaritimomelilla.es\\\/clmar\\\/wp-content\\\/uploads\\\/logo-club-original-copia.jpg\",\"width\":128,\"height\":89,\"caption\":\"Real Club Mar\u00edtimo de Melilla\"},\"image\":{\"@id\":\"https:\\\/\\\/www.realclubmaritimomelilla.es\\\/clmar\\\/#\\\/schema\\\/logo\\\/image\\\/\"},\"sameAs\":[\"https:\\\/\\\/www.facebook.com\\\/Real-Club-Mar\u00edtimo-de-Melilla-588495841234214\\\/\",\"https:\\\/\\\/x.com\\\/nauticarcmm\",\"https:\\\/\\\/www.instagram.com\\\/club_maritimo_melilla\\\/\",\"https:\\\/\\\/www.youtube.com\\\/@realclubmaritimodemelilla4703\",\"https:\\\/\\\/es.wikipedia.org\\\/wiki\\\/Real_Club_Mar\u00edtimo_de_Melilla\"]},{\"@type\":\"Person\",\"@id\":\"https:\\\/\\\/www.realclubmaritimomelilla.es\\\/clmar\\\/#\\\/schema\\\/person\\\/ebaa3713496dc6d48c872452e73a8e79\",\"name\":\"RCMMelilla\",\"image\":{\"@type\":\"ImageObject\",\"inLanguage\":\"es\",\"@id\":\"https:\\\/\\\/secure.gravatar.com\\\/avatar\\\/df1c24789360fb9308735c4ee556fc2bc5bf924bf01e53043b8b97ba272da33c?s=96&d=mm&r=g\",\"url\":\"https:\\\/\\\/secure.gravatar.com\\\/avatar\\\/df1c24789360fb9308735c4ee556fc2bc5bf924bf01e53043b8b97ba272da33c?s=96&d=mm&r=g\",\"contentUrl\":\"https:\\\/\\\/secure.gravatar.com\\\/avatar\\\/df1c24789360fb9308735c4ee556fc2bc5bf924bf01e53043b8b97ba272da33c?s=96&d=mm&r=g\",\"caption\":\"RCMMelilla\"}}]}<\/script>\n<!-- \/ Yoast SEO plugin. -->","yoast_head_json":{"title":"El RCMM habilita un enlace para tramitar la licencia de vela para 2026 - Real Club Mar\u00edtimo de Melilla","description":"El RCMM ha habilitado un enlace directo con la Federaci\u00f3n Espa\u00f1ola de Vela para que los melillenses puedan tramitar la \u201cLicencia Federativa\u201d","robots":{"index":"index","follow":"follow","max-snippet":"max-snippet:-1","max-image-preview":"max-image-preview:large","max-video-preview":"max-video-preview:-1"},"canonical":"https:\/\/www.realclubmaritimomelilla.es\/clmar\/el-rcmm-habilita-un-enlace-en-su-web-para-ayudar-a-tramitar-la-licencia-de-vela-para-2026\/","og_locale":"es_ES","og_type":"article","og_title":"El RCMM habilita un enlace para tramitar la licencia de vela para 2026 - Real Club Mar\u00edtimo de Melilla","og_description":"El RCMM ha habilitado un enlace directo con la Federaci\u00f3n Espa\u00f1ola de Vela para que los melillenses puedan tramitar la \u201cLicencia Federativa\u201d","og_url":"https:\/\/www.realclubmaritimomelilla.es\/clmar\/el-rcmm-habilita-un-enlace-en-su-web-para-ayudar-a-tramitar-la-licencia-de-vela-para-2026\/","og_site_name":"Real Club Mar\u00edtimo de Melilla","article_publisher":"https:\/\/www.facebook.com\/Real-Club-Mar%c3%adtimo-de-Melilla-588495841234214\/","article_published_time":"2026-01-22T11:42:48+00:00","article_modified_time":"2026-01-27T09:10:43+00:00","og_image":[{"width":2560,"height":1707,"url":"https:\/\/www.realclubmaritimomelilla.es\/clmar\/wp-content\/uploads\/6F3A5146-scaled.webp","type":"image\/jpeg"}],"author":"RCMMelilla","twitter_card":"summary_large_image","twitter_creator":"@nauticarcmm","twitter_site":"@nauticarcmm","twitter_misc":{"Escrito por":"RCMMelilla","Tiempo de lectura":"1 minuto"},"schema":{"@context":"https:\/\/schema.org","@graph":[{"@type":"Article","@id":"https:\/\/www.realclubmaritimomelilla.es\/clmar\/el-rcmm-habilita-un-enlace-en-su-web-para-ayudar-a-tramitar-la-licencia-de-vela-para-2026\/#article","isPartOf":{"@id":"https:\/\/www.realclubmaritimomelilla.es\/clmar\/el-rcmm-habilita-un-enlace-en-su-web-para-ayudar-a-tramitar-la-licencia-de-vela-para-2026\/"},"author":{"name":"RCMMelilla","@id":"https:\/\/www.realclubmaritimomelilla.es\/clmar\/#\/schema\/person\/ebaa3713496dc6d48c872452e73a8e79"},"headline":"El RCMM habilita un enlace para tramitar la licencia de vela para 2026","datePublished":"2026-01-22T11:42:48+00:00","dateModified":"2026-01-27T09:10:43+00:00","mainEntityOfPage":{"@id":"https:\/\/www.realclubmaritimomelilla.es\/clmar\/el-rcmm-habilita-un-enlace-en-su-web-para-ayudar-a-tramitar-la-licencia-de-vela-para-2026\/"},"wordCount":146,"commentCount":0,"publisher":{"@id":"https:\/\/www.realclubmaritimomelilla.es\/clmar\/#organization"},"image":{"@id":"https:\/\/www.realclubmaritimomelilla.es\/clmar\/el-rcmm-habilita-un-enlace-en-su-web-para-ayudar-a-tramitar-la-licencia-de-vela-para-2026\/#primaryimage"},"thumbnailUrl":"https:\/\/www.realclubmaritimomelilla.es\/clmar\/wp-content\/uploads\/6F3A5146-scaled.webp","articleSection":["N\u00e1utica"],"inLanguage":"es","potentialAction":[{"@type":"CommentAction","name":"Comment","target":["https:\/\/www.realclubmaritimomelilla.es\/clmar\/el-rcmm-habilita-un-enlace-en-su-web-para-ayudar-a-tramitar-la-licencia-de-vela-para-2026\/#respond"]}]},{"@type":"WebPage","@id":"https:\/\/www.realclubmaritimomelilla.es\/clmar\/el-rcmm-habilita-un-enlace-en-su-web-para-ayudar-a-tramitar-la-licencia-de-vela-para-2026\/","url":"https:\/\/www.realclubmaritimomelilla.es\/clmar\/el-rcmm-habilita-un-enlace-en-su-web-para-ayudar-a-tramitar-la-licencia-de-vela-para-2026\/","name":"El RCMM habilita un enlace para tramitar la licencia de vela para 2026 - Real Club Mar\u00edtimo de Melilla","isPartOf":{"@id":"https:\/\/www.realclubmaritimomelilla.es\/clmar\/#website"},"primaryImageOfPage":{"@id":"https:\/\/www.realclubmaritimomelilla.es\/clmar\/el-rcmm-habilita-un-enlace-en-su-web-para-ayudar-a-tramitar-la-licencia-de-vela-para-2026\/#primaryimage"},"image":{"@id":"https:\/\/www.realclubmaritimomelilla.es\/clmar\/el-rcmm-habilita-un-enlace-en-su-web-para-ayudar-a-tramitar-la-licencia-de-vela-para-2026\/#primaryimage"},"thumbnailUrl":"https:\/\/www.realclubmaritimomelilla.es\/clmar\/wp-content\/uploads\/6F3A5146-scaled.webp","datePublished":"2026-01-22T11:42:48+00:00","dateModified":"2026-01-27T09:10:43+00:00","description":"El RCMM ha habilitado un enlace directo con la Federaci\u00f3n Espa\u00f1ola de Vela para que los melillenses puedan tramitar la \u201cLicencia Federativa\u201d","breadcrumb":{"@id":"https:\/\/www.realclubmaritimomelilla.es\/clmar\/el-rcmm-habilita-un-enlace-en-su-web-para-ayudar-a-tramitar-la-licencia-de-vela-para-2026\/#breadcrumb"},"inLanguage":"es","potentialAction":[{"@type":"ReadAction","target":["https:\/\/www.realclubmaritimomelilla.es\/clmar\/el-rcmm-habilita-un-enlace-en-su-web-para-ayudar-a-tramitar-la-licencia-de-vela-para-2026\/"]}]},{"@type":"ImageObject","inLanguage":"es","@id":"https:\/\/www.realclubmaritimomelilla.es\/clmar\/el-rcmm-habilita-un-enlace-en-su-web-para-ayudar-a-tramitar-la-licencia-de-vela-para-2026\/#primaryimage","url":"https:\/\/www.realclubmaritimomelilla.es\/clmar\/wp-content\/uploads\/6F3A5146-scaled.webp","contentUrl":"https:\/\/www.realclubmaritimomelilla.es\/clmar\/wp-content\/uploads\/6F3A5146-scaled.webp","width":2560,"height":1707},{"@type":"BreadcrumbList","@id":"https:\/\/www.realclubmaritimomelilla.es\/clmar\/el-rcmm-habilita-un-enlace-en-su-web-para-ayudar-a-tramitar-la-licencia-de-vela-para-2026\/#breadcrumb","itemListElement":[{"@type":"ListItem","position":1,"name":"Portada","item":"https:\/\/www.realclubmaritimomelilla.es\/clmar\/"},{"@type":"ListItem","position":2,"name":"El RCMM habilita un enlace para tramitar la licencia de vela para 2026"}]},{"@type":"WebSite","@id":"https:\/\/www.realclubmaritimomelilla.es\/clmar\/#website","url":"https:\/\/www.realclubmaritimomelilla.es\/clmar\/","name":"Real Club Mar\u00edtimo de Melilla","description":"RCMM","publisher":{"@id":"https:\/\/www.realclubmaritimomelilla.es\/clmar\/#organization"},"alternateName":"RCMM","potentialAction":[{"@type":"SearchAction","target":{"@type":"EntryPoint","urlTemplate":"https:\/\/www.realclubmaritimomelilla.es\/clmar\/?s={search_term_string}"},"query-input":{"@type":"PropertyValueSpecification","valueRequired":true,"valueName":"search_term_string"}}],"inLanguage":"es"},{"@type":"Organization","@id":"https:\/\/www.realclubmaritimomelilla.es\/clmar\/#organization","name":"Real Club Mar\u00edtimo de Melilla","alternateName":"RCMM","url":"https:\/\/www.realclubmaritimomelilla.es\/clmar\/","logo":{"@type":"ImageObject","inLanguage":"es","@id":"https:\/\/www.realclubmaritimomelilla.es\/clmar\/#\/schema\/logo\/image\/","url":"https:\/\/www.realclubmaritimomelilla.es\/clmar\/wp-content\/uploads\/logo-club-original-copia.jpg","contentUrl":"https:\/\/www.realclubmaritimomelilla.es\/clmar\/wp-content\/uploads\/logo-club-original-copia.jpg","width":128,"height":89,"caption":"Real Club Mar\u00edtimo de Melilla"},"image":{"@id":"https:\/\/www.realclubmaritimomelilla.es\/clmar\/#\/schema\/logo\/image\/"},"sameAs":["https:\/\/www.facebook.com\/Real-Club-Mar\u00edtimo-de-Melilla-588495841234214\/","https:\/\/x.com\/nauticarcmm","https:\/\/www.instagram.com\/club_maritimo_melilla\/","https:\/\/www.youtube.com\/@realclubmaritimodemelilla4703","https:\/\/es.wikipedia.org\/wiki\/Real_Club_Mar\u00edtimo_de_Melilla"]},{"@type":"Person","@id":"https:\/\/www.realclubmaritimomelilla.es\/clmar\/#\/schema\/person\/ebaa3713496dc6d48c872452e73a8e79","name":"RCMMelilla","image":{"@type":"ImageObject","inLanguage":"es","@id":"https:\/\/secure.gravatar.com\/avatar\/df1c24789360fb9308735c4ee556fc2bc5bf924bf01e53043b8b97ba272da33c?s=96&d=mm&r=g","url":"https:\/\/secure.gravatar.com\/avatar\/df1c24789360fb9308735c4ee556fc2bc5bf924bf01e53043b8b97ba272da33c?s=96&d=mm&r=g","contentUrl":"https:\/\/secure.gravatar.com\/avatar\/df1c24789360fb9308735c4ee556fc2bc5bf924bf01e53043b8b97ba272da33c?s=96&d=mm&r=g","caption":"RCMMelilla"}}]}},"_links":{"self":[{"href":"https:\/\/www.realclubmaritimomelilla.es\/clmar\/wp-json\/wp\/v2\/posts\/27024","targetHints":{"allow":["GET"]}}],"collection":[{"href":"https:\/\/www.realclubmaritimomelilla.es\/clmar\/wp-json\/wp\/v2\/posts"}],"about":[{"href":"https:\/\/www.realclubmaritimomelilla.es\/clmar\/wp-json\/wp\/v2\/types\/post"}],"author":[{"embeddable":true,"href":"https:\/\/www.realclubmaritimomelilla.es\/clmar\/wp-json\/wp\/v2\/users\/1"}],"replies":[{"embeddable":true,"href":"https:\/\/www.realclubmaritimomelilla.es\/clmar\/wp-json\/wp\/v2\/comments?post=27024"}],"version-history":[{"count":2,"href":"https:\/\/www.realclubmaritimomelilla.es\/clmar\/wp-json\/wp\/v2\/posts\/27024\/revisions"}],"predecessor-version":[{"id":27050,"href":"https:\/\/www.realclubmaritimomelilla.es\/clmar\/wp-json\/wp\/v2\/posts\/27024\/revisions\/27050"}],"wp:featuredmedia":[{"embeddable":true,"href":"https:\/\/www.realclubmaritimomelilla.es\/clmar\/wp-json\/wp\/v2\/media\/26713"}],"wp:attachment":[{"href":"https:\/\/www.realclubmaritimomelilla.es\/clmar\/wp-json\/wp\/v2\/media?parent=27024"}],"wp:term":[{"taxonomy":"category","embeddable":true,"href":"https:\/\/www.realclubmaritimomelilla.es\/clmar\/wp-json\/wp\/v2\/categories?post=27024"},{"taxonomy":"post_tag","embeddable":true,"href":"https:\/\/www.realclubmaritimomelilla.es\/clmar\/wp-json\/wp\/v2\/tags?post=27024"}],"curies":[{"name":"wp","href":"https:\/\/api.w.org\/{rel}","templated":true}]}}