{"id":27022,"date":"2026-01-22T12:42:04","date_gmt":"2026-01-22T11:42:04","guid":{"rendered":"https:\/\/www.realclubmaritimomelilla.es\/clmar\/?p=27022"},"modified":"2026-01-27T10:07:43","modified_gmt":"2026-01-27T09:07:43","slug":"els-viatges-dels-balearics-nueva-exposicion-de-la-fundacion-balearia-que-se-puede-visitar-en-el-rcmm","status":"publish","type":"post","link":"https:\/\/www.realclubmaritimomelilla.es\/clmar\/els-viatges-dels-balearics-nueva-exposicion-de-la-fundacion-balearia-que-se-puede-visitar-en-el-rcmm\/","title":{"rendered":"\u2018Els Viatges dels Bale\u00e0rics\u2019, nueva exposici\u00f3n de la Fundaci\u00f3n Balearia"},"content":{"rendered":"<p>La Fundaci\u00f3n Balearia inaugur\u00f3 este martes \u2018Els Viatges dels Bale\u00e0rics\u2019,  en la sala de exposiciones del Real Club Mar\u00edtimo de Melilla.<br \/>\n\u2018Els viatges dels balearics\u2019, que puede visitarse hasta el pr\u00f3ximo 28 de febrero, es una propuesta cultural organizada por la Fundaci\u00f3n Bale\u00e0ria con el apoyo de la asociaci\u00f3n Art amb B, y que, bajo el hilo conductor de los \u201cviajes\u201d, re\u00fane obras de 17 artistas de distintos territorios donde opera la naviera.<br \/>\nEsta muestra, en la que ha participado una artista melillense,  Mar\u00eda Le\u00f3n, quien ha expuesto tres dibujos relacionados con la frontera de Melilla<br \/>\nLa exposici\u00f3n \u2018Els viatges dels balearics\u2019 puede visitarse de martes a viernes de 16:00 a 20:00 horas, los s\u00e1bados de 10:00 a 14:00 y de 16:00 a 20:00, y los domingos de 10:00 a 14:00. La entrada es gratuita y abierta a todos los p\u00fablicos. <\/p>\n","protected":false},"excerpt":{"rendered":"<p>La Fundaci\u00f3n Balearia inaugur\u00f3 este martes \u2018Els Viatges dels Bale\u00e0rics\u2019, en la sala de exposiciones del Real Club Mar\u00edtimo de Melilla. \u2018Els viatges dels balearics\u2019, que puede visitarse hasta el pr\u00f3ximo 28 de febrero, es una propuesta cultural organizada por la Fundaci\u00f3n Bale\u00e0ria con el apoyo de la asociaci\u00f3n Art amb B, y que, bajo [&hellip;]<\/p>\n","protected":false},"author":1,"featured_media":27009,"comment_status":"open","ping_status":"open","sticky":false,"template":"","format":"standard","meta":{"_acf_changed":false,"footnotes":""},"categories":[40],"tags":[],"class_list":["post-27022","post","type-post","status-publish","format-standard","has-post-thumbnail","hentry","category-club"],"acf":[],"yoast_head":"<!-- This site is optimized with the Yoast SEO plugin v27.5 - https:\/\/yoast.com\/product\/yoast-seo-wordpress\/ -->\n<title>\u2018Els Viatges dels Bale\u00e0rics\u2019, nueva exposici\u00f3n de la Fundaci\u00f3n Balearia - Real Club Mar\u00edtimo de Melilla<\/title>\n<meta name=\"description\" content=\"La Fundaci\u00f3n Balearia inaugur\u00f3 este martes \u2018Els Viatges dels Bale\u00e0rics\u2019, en la sala de exposiciones del Real Club Mar\u00edtimo de Melilla\" \/>\n<meta name=\"robots\" content=\"index, follow, max-snippet:-1, max-image-preview:large, max-video-preview:-1\" \/>\n<link rel=\"canonical\" href=\"https:\/\/www.realclubmaritimomelilla.es\/clmar\/els-viatges-dels-balearics-nueva-exposicion-de-la-fundacion-balearia-que-se-puede-visitar-en-el-rcmm\/\" \/>\n<meta property=\"og:locale\" content=\"es_ES\" \/>\n<meta property=\"og:type\" content=\"article\" \/>\n<meta property=\"og:title\" content=\"\u2018Els Viatges dels Bale\u00e0rics\u2019, nueva exposici\u00f3n de la Fundaci\u00f3n Balearia - Real Club Mar\u00edtimo de Melilla\" \/>\n<meta property=\"og:description\" content=\"La Fundaci\u00f3n Balearia inaugur\u00f3 este martes \u2018Els Viatges dels Bale\u00e0rics\u2019, en la sala de exposiciones del Real Club Mar\u00edtimo de Melilla\" \/>\n<meta property=\"og:url\" content=\"https:\/\/www.realclubmaritimomelilla.es\/clmar\/els-viatges-dels-balearics-nueva-exposicion-de-la-fundacion-balearia-que-se-puede-visitar-en-el-rcmm\/\" \/>\n<meta property=\"og:site_name\" content=\"Real Club Mar\u00edtimo de Melilla\" \/>\n<meta property=\"article:publisher\" content=\"https:\/\/www.facebook.com\/Real-Club-Mar%c3%adtimo-de-Melilla-588495841234214\/\" \/>\n<meta property=\"article:published_time\" content=\"2026-01-22T11:42:04+00:00\" \/>\n<meta property=\"article:modified_time\" content=\"2026-01-27T09:07:43+00:00\" \/>\n<meta property=\"og:image\" content=\"https:\/\/www.realclubmaritimomelilla.es\/clmar\/wp-content\/uploads\/sala-expo.webp\" \/>\n\t<meta property=\"og:image:width\" content=\"1600\" \/>\n\t<meta property=\"og:image:height\" content=\"900\" \/>\n\t<meta property=\"og:image:type\" content=\"image\/jpeg\" \/>\n<meta name=\"author\" content=\"RCMMelilla\" \/>\n<meta name=\"twitter:card\" content=\"summary_large_image\" \/>\n<meta name=\"twitter:creator\" content=\"@nauticarcmm\" \/>\n<meta name=\"twitter:site\" content=\"@nauticarcmm\" \/>\n<meta name=\"twitter:label1\" content=\"Escrito por\" \/>\n\t<meta name=\"twitter:data1\" content=\"RCMMelilla\" \/>\n\t<meta name=\"twitter:label2\" content=\"Tiempo de lectura\" \/>\n\t<meta name=\"twitter:data2\" content=\"1 minuto\" \/>\n<script type=\"application\/ld+json\" class=\"yoast-schema-graph\">{\"@context\":\"https:\\\/\\\/schema.org\",\"@graph\":[{\"@type\":\"Article\",\"@id\":\"https:\\\/\\\/www.realclubmaritimomelilla.es\\\/clmar\\\/els-viatges-dels-balearics-nueva-exposicion-de-la-fundacion-balearia-que-se-puede-visitar-en-el-rcmm\\\/#article\",\"isPartOf\":{\"@id\":\"https:\\\/\\\/www.realclubmaritimomelilla.es\\\/clmar\\\/els-viatges-dels-balearics-nueva-exposicion-de-la-fundacion-balearia-que-se-puede-visitar-en-el-rcmm\\\/\"},\"author\":{\"name\":\"RCMMelilla\",\"@id\":\"https:\\\/\\\/www.realclubmaritimomelilla.es\\\/clmar\\\/#\\\/schema\\\/person\\\/ebaa3713496dc6d48c872452e73a8e79\"},\"headline\":\"\u2018Els Viatges dels Bale\u00e0rics\u2019, nueva exposici\u00f3n de la Fundaci\u00f3n Balearia\",\"datePublished\":\"2026-01-22T11:42:04+00:00\",\"dateModified\":\"2026-01-27T09:07:43+00:00\",\"mainEntityOfPage\":{\"@id\":\"https:\\\/\\\/www.realclubmaritimomelilla.es\\\/clmar\\\/els-viatges-dels-balearics-nueva-exposicion-de-la-fundacion-balearia-que-se-puede-visitar-en-el-rcmm\\\/\"},\"wordCount\":157,\"commentCount\":0,\"publisher\":{\"@id\":\"https:\\\/\\\/www.realclubmaritimomelilla.es\\\/clmar\\\/#organization\"},\"image\":{\"@id\":\"https:\\\/\\\/www.realclubmaritimomelilla.es\\\/clmar\\\/els-viatges-dels-balearics-nueva-exposicion-de-la-fundacion-balearia-que-se-puede-visitar-en-el-rcmm\\\/#primaryimage\"},\"thumbnailUrl\":\"https:\\\/\\\/www.realclubmaritimomelilla.es\\\/clmar\\\/wp-content\\\/uploads\\\/sala-expo.webp\",\"articleSection\":[\"Club\"],\"inLanguage\":\"es\",\"potentialAction\":[{\"@type\":\"CommentAction\",\"name\":\"Comment\",\"target\":[\"https:\\\/\\\/www.realclubmaritimomelilla.es\\\/clmar\\\/els-viatges-dels-balearics-nueva-exposicion-de-la-fundacion-balearia-que-se-puede-visitar-en-el-rcmm\\\/#respond\"]}]},{\"@type\":\"WebPage\",\"@id\":\"https:\\\/\\\/www.realclubmaritimomelilla.es\\\/clmar\\\/els-viatges-dels-balearics-nueva-exposicion-de-la-fundacion-balearia-que-se-puede-visitar-en-el-rcmm\\\/\",\"url\":\"https:\\\/\\\/www.realclubmaritimomelilla.es\\\/clmar\\\/els-viatges-dels-balearics-nueva-exposicion-de-la-fundacion-balearia-que-se-puede-visitar-en-el-rcmm\\\/\",\"name\":\"\u2018Els Viatges dels Bale\u00e0rics\u2019, nueva exposici\u00f3n de la Fundaci\u00f3n Balearia - Real Club Mar\u00edtimo de Melilla\",\"isPartOf\":{\"@id\":\"https:\\\/\\\/www.realclubmaritimomelilla.es\\\/clmar\\\/#website\"},\"primaryImageOfPage\":{\"@id\":\"https:\\\/\\\/www.realclubmaritimomelilla.es\\\/clmar\\\/els-viatges-dels-balearics-nueva-exposicion-de-la-fundacion-balearia-que-se-puede-visitar-en-el-rcmm\\\/#primaryimage\"},\"image\":{\"@id\":\"https:\\\/\\\/www.realclubmaritimomelilla.es\\\/clmar\\\/els-viatges-dels-balearics-nueva-exposicion-de-la-fundacion-balearia-que-se-puede-visitar-en-el-rcmm\\\/#primaryimage\"},\"thumbnailUrl\":\"https:\\\/\\\/www.realclubmaritimomelilla.es\\\/clmar\\\/wp-content\\\/uploads\\\/sala-expo.webp\",\"datePublished\":\"2026-01-22T11:42:04+00:00\",\"dateModified\":\"2026-01-27T09:07:43+00:00\",\"description\":\"La Fundaci\u00f3n Balearia inaugur\u00f3 este martes \u2018Els Viatges dels Bale\u00e0rics\u2019, en la sala de exposiciones del Real Club Mar\u00edtimo de Melilla\",\"breadcrumb\":{\"@id\":\"https:\\\/\\\/www.realclubmaritimomelilla.es\\\/clmar\\\/els-viatges-dels-balearics-nueva-exposicion-de-la-fundacion-balearia-que-se-puede-visitar-en-el-rcmm\\\/#breadcrumb\"},\"inLanguage\":\"es\",\"potentialAction\":[{\"@type\":\"ReadAction\",\"target\":[\"https:\\\/\\\/www.realclubmaritimomelilla.es\\\/clmar\\\/els-viatges-dels-balearics-nueva-exposicion-de-la-fundacion-balearia-que-se-puede-visitar-en-el-rcmm\\\/\"]}]},{\"@type\":\"ImageObject\",\"inLanguage\":\"es\",\"@id\":\"https:\\\/\\\/www.realclubmaritimomelilla.es\\\/clmar\\\/els-viatges-dels-balearics-nueva-exposicion-de-la-fundacion-balearia-que-se-puede-visitar-en-el-rcmm\\\/#primaryimage\",\"url\":\"https:\\\/\\\/www.realclubmaritimomelilla.es\\\/clmar\\\/wp-content\\\/uploads\\\/sala-expo.webp\",\"contentUrl\":\"https:\\\/\\\/www.realclubmaritimomelilla.es\\\/clmar\\\/wp-content\\\/uploads\\\/sala-expo.webp\",\"width\":1600,\"height\":900},{\"@type\":\"BreadcrumbList\",\"@id\":\"https:\\\/\\\/www.realclubmaritimomelilla.es\\\/clmar\\\/els-viatges-dels-balearics-nueva-exposicion-de-la-fundacion-balearia-que-se-puede-visitar-en-el-rcmm\\\/#breadcrumb\",\"itemListElement\":[{\"@type\":\"ListItem\",\"position\":1,\"name\":\"Portada\",\"item\":\"https:\\\/\\\/www.realclubmaritimomelilla.es\\\/clmar\\\/\"},{\"@type\":\"ListItem\",\"position\":2,\"name\":\"\u2018Els Viatges dels Bale\u00e0rics\u2019, nueva exposici\u00f3n de la Fundaci\u00f3n Balearia\"}]},{\"@type\":\"WebSite\",\"@id\":\"https:\\\/\\\/www.realclubmaritimomelilla.es\\\/clmar\\\/#website\",\"url\":\"https:\\\/\\\/www.realclubmaritimomelilla.es\\\/clmar\\\/\",\"name\":\"Real Club Mar\u00edtimo de Melilla\",\"description\":\"RCMM\",\"publisher\":{\"@id\":\"https:\\\/\\\/www.realclubmaritimomelilla.es\\\/clmar\\\/#organization\"},\"alternateName\":\"RCMM\",\"potentialAction\":[{\"@type\":\"SearchAction\",\"target\":{\"@type\":\"EntryPoint\",\"urlTemplate\":\"https:\\\/\\\/www.realclubmaritimomelilla.es\\\/clmar\\\/?s={search_term_string}\"},\"query-input\":{\"@type\":\"PropertyValueSpecification\",\"valueRequired\":true,\"valueName\":\"search_term_string\"}}],\"inLanguage\":\"es\"},{\"@type\":\"Organization\",\"@id\":\"https:\\\/\\\/www.realclubmaritimomelilla.es\\\/clmar\\\/#organization\",\"name\":\"Real Club Mar\u00edtimo de Melilla\",\"alternateName\":\"RCMM\",\"url\":\"https:\\\/\\\/www.realclubmaritimomelilla.es\\\/clmar\\\/\",\"logo\":{\"@type\":\"ImageObject\",\"inLanguage\":\"es\",\"@id\":\"https:\\\/\\\/www.realclubmaritimomelilla.es\\\/clmar\\\/#\\\/schema\\\/logo\\\/image\\\/\",\"url\":\"https:\\\/\\\/www.realclubmaritimomelilla.es\\\/clmar\\\/wp-content\\\/uploads\\\/logo-club-original-copia.jpg\",\"contentUrl\":\"https:\\\/\\\/www.realclubmaritimomelilla.es\\\/clmar\\\/wp-content\\\/uploads\\\/logo-club-original-copia.jpg\",\"width\":128,\"height\":89,\"caption\":\"Real Club Mar\u00edtimo de Melilla\"},\"image\":{\"@id\":\"https:\\\/\\\/www.realclubmaritimomelilla.es\\\/clmar\\\/#\\\/schema\\\/logo\\\/image\\\/\"},\"sameAs\":[\"https:\\\/\\\/www.facebook.com\\\/Real-Club-Mar\u00edtimo-de-Melilla-588495841234214\\\/\",\"https:\\\/\\\/x.com\\\/nauticarcmm\",\"https:\\\/\\\/www.instagram.com\\\/club_maritimo_melilla\\\/\",\"https:\\\/\\\/www.youtube.com\\\/@realclubmaritimodemelilla4703\",\"https:\\\/\\\/es.wikipedia.org\\\/wiki\\\/Real_Club_Mar\u00edtimo_de_Melilla\"]},{\"@type\":\"Person\",\"@id\":\"https:\\\/\\\/www.realclubmaritimomelilla.es\\\/clmar\\\/#\\\/schema\\\/person\\\/ebaa3713496dc6d48c872452e73a8e79\",\"name\":\"RCMMelilla\",\"image\":{\"@type\":\"ImageObject\",\"inLanguage\":\"es\",\"@id\":\"https:\\\/\\\/secure.gravatar.com\\\/avatar\\\/df1c24789360fb9308735c4ee556fc2bc5bf924bf01e53043b8b97ba272da33c?s=96&d=mm&r=g\",\"url\":\"https:\\\/\\\/secure.gravatar.com\\\/avatar\\\/df1c24789360fb9308735c4ee556fc2bc5bf924bf01e53043b8b97ba272da33c?s=96&d=mm&r=g\",\"contentUrl\":\"https:\\\/\\\/secure.gravatar.com\\\/avatar\\\/df1c24789360fb9308735c4ee556fc2bc5bf924bf01e53043b8b97ba272da33c?s=96&d=mm&r=g\",\"caption\":\"RCMMelilla\"}}]}<\/script>\n<!-- \/ Yoast SEO plugin. -->","yoast_head_json":{"title":"\u2018Els Viatges dels Bale\u00e0rics\u2019, nueva exposici\u00f3n de la Fundaci\u00f3n Balearia - Real Club Mar\u00edtimo de Melilla","description":"La Fundaci\u00f3n Balearia inaugur\u00f3 este martes \u2018Els Viatges dels Bale\u00e0rics\u2019, en la sala de exposiciones del Real Club Mar\u00edtimo de Melilla","robots":{"index":"index","follow":"follow","max-snippet":"max-snippet:-1","max-image-preview":"max-image-preview:large","max-video-preview":"max-video-preview:-1"},"canonical":"https:\/\/www.realclubmaritimomelilla.es\/clmar\/els-viatges-dels-balearics-nueva-exposicion-de-la-fundacion-balearia-que-se-puede-visitar-en-el-rcmm\/","og_locale":"es_ES","og_type":"article","og_title":"\u2018Els Viatges dels Bale\u00e0rics\u2019, nueva exposici\u00f3n de la Fundaci\u00f3n Balearia - Real Club Mar\u00edtimo de Melilla","og_description":"La Fundaci\u00f3n Balearia inaugur\u00f3 este martes \u2018Els Viatges dels Bale\u00e0rics\u2019, en la sala de exposiciones del Real Club Mar\u00edtimo de Melilla","og_url":"https:\/\/www.realclubmaritimomelilla.es\/clmar\/els-viatges-dels-balearics-nueva-exposicion-de-la-fundacion-balearia-que-se-puede-visitar-en-el-rcmm\/","og_site_name":"Real Club Mar\u00edtimo de Melilla","article_publisher":"https:\/\/www.facebook.com\/Real-Club-Mar%c3%adtimo-de-Melilla-588495841234214\/","article_published_time":"2026-01-22T11:42:04+00:00","article_modified_time":"2026-01-27T09:07:43+00:00","og_image":[{"width":1600,"height":900,"url":"https:\/\/www.realclubmaritimomelilla.es\/clmar\/wp-content\/uploads\/sala-expo.webp","type":"image\/jpeg"}],"author":"RCMMelilla","twitter_card":"summary_large_image","twitter_creator":"@nauticarcmm","twitter_site":"@nauticarcmm","twitter_misc":{"Escrito por":"RCMMelilla","Tiempo de lectura":"1 minuto"},"schema":{"@context":"https:\/\/schema.org","@graph":[{"@type":"Article","@id":"https:\/\/www.realclubmaritimomelilla.es\/clmar\/els-viatges-dels-balearics-nueva-exposicion-de-la-fundacion-balearia-que-se-puede-visitar-en-el-rcmm\/#article","isPartOf":{"@id":"https:\/\/www.realclubmaritimomelilla.es\/clmar\/els-viatges-dels-balearics-nueva-exposicion-de-la-fundacion-balearia-que-se-puede-visitar-en-el-rcmm\/"},"author":{"name":"RCMMelilla","@id":"https:\/\/www.realclubmaritimomelilla.es\/clmar\/#\/schema\/person\/ebaa3713496dc6d48c872452e73a8e79"},"headline":"\u2018Els Viatges dels Bale\u00e0rics\u2019, nueva exposici\u00f3n de la Fundaci\u00f3n Balearia","datePublished":"2026-01-22T11:42:04+00:00","dateModified":"2026-01-27T09:07:43+00:00","mainEntityOfPage":{"@id":"https:\/\/www.realclubmaritimomelilla.es\/clmar\/els-viatges-dels-balearics-nueva-exposicion-de-la-fundacion-balearia-que-se-puede-visitar-en-el-rcmm\/"},"wordCount":157,"commentCount":0,"publisher":{"@id":"https:\/\/www.realclubmaritimomelilla.es\/clmar\/#organization"},"image":{"@id":"https:\/\/www.realclubmaritimomelilla.es\/clmar\/els-viatges-dels-balearics-nueva-exposicion-de-la-fundacion-balearia-que-se-puede-visitar-en-el-rcmm\/#primaryimage"},"thumbnailUrl":"https:\/\/www.realclubmaritimomelilla.es\/clmar\/wp-content\/uploads\/sala-expo.webp","articleSection":["Club"],"inLanguage":"es","potentialAction":[{"@type":"CommentAction","name":"Comment","target":["https:\/\/www.realclubmaritimomelilla.es\/clmar\/els-viatges-dels-balearics-nueva-exposicion-de-la-fundacion-balearia-que-se-puede-visitar-en-el-rcmm\/#respond"]}]},{"@type":"WebPage","@id":"https:\/\/www.realclubmaritimomelilla.es\/clmar\/els-viatges-dels-balearics-nueva-exposicion-de-la-fundacion-balearia-que-se-puede-visitar-en-el-rcmm\/","url":"https:\/\/www.realclubmaritimomelilla.es\/clmar\/els-viatges-dels-balearics-nueva-exposicion-de-la-fundacion-balearia-que-se-puede-visitar-en-el-rcmm\/","name":"\u2018Els Viatges dels Bale\u00e0rics\u2019, nueva exposici\u00f3n de la Fundaci\u00f3n Balearia - Real Club Mar\u00edtimo de Melilla","isPartOf":{"@id":"https:\/\/www.realclubmaritimomelilla.es\/clmar\/#website"},"primaryImageOfPage":{"@id":"https:\/\/www.realclubmaritimomelilla.es\/clmar\/els-viatges-dels-balearics-nueva-exposicion-de-la-fundacion-balearia-que-se-puede-visitar-en-el-rcmm\/#primaryimage"},"image":{"@id":"https:\/\/www.realclubmaritimomelilla.es\/clmar\/els-viatges-dels-balearics-nueva-exposicion-de-la-fundacion-balearia-que-se-puede-visitar-en-el-rcmm\/#primaryimage"},"thumbnailUrl":"https:\/\/www.realclubmaritimomelilla.es\/clmar\/wp-content\/uploads\/sala-expo.webp","datePublished":"2026-01-22T11:42:04+00:00","dateModified":"2026-01-27T09:07:43+00:00","description":"La Fundaci\u00f3n Balearia inaugur\u00f3 este martes \u2018Els Viatges dels Bale\u00e0rics\u2019, en la sala de exposiciones del Real Club Mar\u00edtimo de Melilla","breadcrumb":{"@id":"https:\/\/www.realclubmaritimomelilla.es\/clmar\/els-viatges-dels-balearics-nueva-exposicion-de-la-fundacion-balearia-que-se-puede-visitar-en-el-rcmm\/#breadcrumb"},"inLanguage":"es","potentialAction":[{"@type":"ReadAction","target":["https:\/\/www.realclubmaritimomelilla.es\/clmar\/els-viatges-dels-balearics-nueva-exposicion-de-la-fundacion-balearia-que-se-puede-visitar-en-el-rcmm\/"]}]},{"@type":"ImageObject","inLanguage":"es","@id":"https:\/\/www.realclubmaritimomelilla.es\/clmar\/els-viatges-dels-balearics-nueva-exposicion-de-la-fundacion-balearia-que-se-puede-visitar-en-el-rcmm\/#primaryimage","url":"https:\/\/www.realclubmaritimomelilla.es\/clmar\/wp-content\/uploads\/sala-expo.webp","contentUrl":"https:\/\/www.realclubmaritimomelilla.es\/clmar\/wp-content\/uploads\/sala-expo.webp","width":1600,"height":900},{"@type":"BreadcrumbList","@id":"https:\/\/www.realclubmaritimomelilla.es\/clmar\/els-viatges-dels-balearics-nueva-exposicion-de-la-fundacion-balearia-que-se-puede-visitar-en-el-rcmm\/#breadcrumb","itemListElement":[{"@type":"ListItem","position":1,"name":"Portada","item":"https:\/\/www.realclubmaritimomelilla.es\/clmar\/"},{"@type":"ListItem","position":2,"name":"\u2018Els Viatges dels Bale\u00e0rics\u2019, nueva exposici\u00f3n de la Fundaci\u00f3n Balearia"}]},{"@type":"WebSite","@id":"https:\/\/www.realclubmaritimomelilla.es\/clmar\/#website","url":"https:\/\/www.realclubmaritimomelilla.es\/clmar\/","name":"Real Club Mar\u00edtimo de Melilla","description":"RCMM","publisher":{"@id":"https:\/\/www.realclubmaritimomelilla.es\/clmar\/#organization"},"alternateName":"RCMM","potentialAction":[{"@type":"SearchAction","target":{"@type":"EntryPoint","urlTemplate":"https:\/\/www.realclubmaritimomelilla.es\/clmar\/?s={search_term_string}"},"query-input":{"@type":"PropertyValueSpecification","valueRequired":true,"valueName":"search_term_string"}}],"inLanguage":"es"},{"@type":"Organization","@id":"https:\/\/www.realclubmaritimomelilla.es\/clmar\/#organization","name":"Real Club Mar\u00edtimo de Melilla","alternateName":"RCMM","url":"https:\/\/www.realclubmaritimomelilla.es\/clmar\/","logo":{"@type":"ImageObject","inLanguage":"es","@id":"https:\/\/www.realclubmaritimomelilla.es\/clmar\/#\/schema\/logo\/image\/","url":"https:\/\/www.realclubmaritimomelilla.es\/clmar\/wp-content\/uploads\/logo-club-original-copia.jpg","contentUrl":"https:\/\/www.realclubmaritimomelilla.es\/clmar\/wp-content\/uploads\/logo-club-original-copia.jpg","width":128,"height":89,"caption":"Real Club Mar\u00edtimo de Melilla"},"image":{"@id":"https:\/\/www.realclubmaritimomelilla.es\/clmar\/#\/schema\/logo\/image\/"},"sameAs":["https:\/\/www.facebook.com\/Real-Club-Mar\u00edtimo-de-Melilla-588495841234214\/","https:\/\/x.com\/nauticarcmm","https:\/\/www.instagram.com\/club_maritimo_melilla\/","https:\/\/www.youtube.com\/@realclubmaritimodemelilla4703","https:\/\/es.wikipedia.org\/wiki\/Real_Club_Mar\u00edtimo_de_Melilla"]},{"@type":"Person","@id":"https:\/\/www.realclubmaritimomelilla.es\/clmar\/#\/schema\/person\/ebaa3713496dc6d48c872452e73a8e79","name":"RCMMelilla","image":{"@type":"ImageObject","inLanguage":"es","@id":"https:\/\/secure.gravatar.com\/avatar\/df1c24789360fb9308735c4ee556fc2bc5bf924bf01e53043b8b97ba272da33c?s=96&d=mm&r=g","url":"https:\/\/secure.gravatar.com\/avatar\/df1c24789360fb9308735c4ee556fc2bc5bf924bf01e53043b8b97ba272da33c?s=96&d=mm&r=g","contentUrl":"https:\/\/secure.gravatar.com\/avatar\/df1c24789360fb9308735c4ee556fc2bc5bf924bf01e53043b8b97ba272da33c?s=96&d=mm&r=g","caption":"RCMMelilla"}}]}},"_links":{"self":[{"href":"https:\/\/www.realclubmaritimomelilla.es\/clmar\/wp-json\/wp\/v2\/posts\/27022","targetHints":{"allow":["GET"]}}],"collection":[{"href":"https:\/\/www.realclubmaritimomelilla.es\/clmar\/wp-json\/wp\/v2\/posts"}],"about":[{"href":"https:\/\/www.realclubmaritimomelilla.es\/clmar\/wp-json\/wp\/v2\/types\/post"}],"author":[{"embeddable":true,"href":"https:\/\/www.realclubmaritimomelilla.es\/clmar\/wp-json\/wp\/v2\/users\/1"}],"replies":[{"embeddable":true,"href":"https:\/\/www.realclubmaritimomelilla.es\/clmar\/wp-json\/wp\/v2\/comments?post=27022"}],"version-history":[{"count":2,"href":"https:\/\/www.realclubmaritimomelilla.es\/clmar\/wp-json\/wp\/v2\/posts\/27022\/revisions"}],"predecessor-version":[{"id":27049,"href":"https:\/\/www.realclubmaritimomelilla.es\/clmar\/wp-json\/wp\/v2\/posts\/27022\/revisions\/27049"}],"wp:featuredmedia":[{"embeddable":true,"href":"https:\/\/www.realclubmaritimomelilla.es\/clmar\/wp-json\/wp\/v2\/media\/27009"}],"wp:attachment":[{"href":"https:\/\/www.realclubmaritimomelilla.es\/clmar\/wp-json\/wp\/v2\/media?parent=27022"}],"wp:term":[{"taxonomy":"category","embeddable":true,"href":"https:\/\/www.realclubmaritimomelilla.es\/clmar\/wp-json\/wp\/v2\/categories?post=27022"},{"taxonomy":"post_tag","embeddable":true,"href":"https:\/\/www.realclubmaritimomelilla.es\/clmar\/wp-json\/wp\/v2\/tags?post=27022"}],"curies":[{"name":"wp","href":"https:\/\/api.w.org\/{rel}","templated":true}]}}