{"id":27011,"date":"2026-01-15T12:34:25","date_gmt":"2026-01-15T11:34:25","guid":{"rendered":"https:\/\/www.realclubmaritimomelilla.es\/clmar\/?p=27011"},"modified":"2026-01-27T09:57:43","modified_gmt":"2026-01-27T08:57:43","slug":"el-rcmm-prepara-una-ambiciosa-agenda-para-sus-xiii-jornadas-culturales","status":"publish","type":"post","link":"https:\/\/www.realclubmaritimomelilla.es\/clmar\/el-rcmm-prepara-una-ambiciosa-agenda-para-sus-xiii-jornadas-culturales\/","title":{"rendered":"El RCMM prepara una ambiciosa agenda para sus XIII Jornadas Culturales"},"content":{"rendered":"<p>La d\u00e9cimo tercera edici\u00f3n de las Jornadas Culturales del Real Club Mar\u00edtimo de Melilla presenta, para este a\u00f1o 2026, una ambiciosa agenda de citas dirigidas por nuestro directivo Juan Bellver.<\/p>\n<p>Est\u00e1n programadas trece conferencias, junto a exposiciones e incluso una actividad deportiva. Y es que uno de los ejes principales, durante el mes de marzo, ser\u00e1 la celebraci\u00f3n del d\u00eda Internacional de la Mujer.<\/p>\n<p>Distintas tem\u00e1ticas, con la historia y la cultura como eje vertebrador de una iniciativa con m\u00e1s de una d\u00e9cada de bagaje, que las convierten en una las citas m\u00e1s destacadas de cuantas iniciativas de este tipo se desarrollan en la ciudad aut\u00f3noma a lo largo del a\u00f1o.<\/p>\n<p>Arrancar\u00e1n el 30 de enero, con la conferencia del arquitecto vallisoletano Jos\u00e9 Antonio Hoyuela Jayo, que tambi\u00e9n servir\u00e1 para la presentaci\u00f3n de la Asociaci\u00f3n H\u00e9roes de Cavite.<\/p>\n<p>Jaime V\u00e1zquez Allegue, Pedro Mart\u00ednez Plaza, Mar\u00eda Reyes Damigo Gonz\u00e1lez, Maite Esteban Leiva, Ana Gremo Rossell\u00f3, Daniel Domenech, Oscar S\u00e1nchez Mu\u00f1oz o Antonio Bravo ser\u00e1n alguno de los ponentes invitados a estas XIII Jornadas Culturales del Real Club Mar\u00edtimo de Melilla.<\/p>\n","protected":false},"excerpt":{"rendered":"<p>La d\u00e9cimo tercera edici\u00f3n de las Jornadas Culturales del Real Club Mar\u00edtimo de Melilla presenta, para este a\u00f1o 2026, una ambiciosa agenda de citas dirigidas por nuestro directivo Juan Bellver. Est\u00e1n programadas trece conferencias, junto a exposiciones e incluso una actividad deportiva. Y es que uno de los ejes principales, durante el mes de marzo, [&hellip;]<\/p>\n","protected":false},"author":1,"featured_media":24824,"comment_status":"open","ping_status":"open","sticky":false,"template":"","format":"standard","meta":{"_acf_changed":false,"footnotes":""},"categories":[41],"tags":[],"class_list":["post-27011","post","type-post","status-publish","format-standard","has-post-thumbnail","hentry","category-jornadas"],"acf":[],"yoast_head":"<!-- This site is optimized with the Yoast SEO plugin v27.5 - https:\/\/yoast.com\/product\/yoast-seo-wordpress\/ -->\n<title>El RCMM prepara una ambiciosa agenda para sus XIII Jornadas Culturales - Real Club Mar\u00edtimo de Melilla<\/title>\n<meta name=\"description\" content=\"Est\u00e1n programadas trece conferencias, junto a exposiciones e incluso una actividad deportiva\" \/>\n<meta name=\"robots\" content=\"index, follow, max-snippet:-1, max-image-preview:large, max-video-preview:-1\" \/>\n<link rel=\"canonical\" href=\"https:\/\/www.realclubmaritimomelilla.es\/clmar\/el-rcmm-prepara-una-ambiciosa-agenda-para-sus-xiii-jornadas-culturales\/\" \/>\n<meta property=\"og:locale\" content=\"es_ES\" \/>\n<meta property=\"og:type\" content=\"article\" \/>\n<meta property=\"og:title\" content=\"El RCMM prepara una ambiciosa agenda para sus XIII Jornadas Culturales - Real Club Mar\u00edtimo de Melilla\" \/>\n<meta property=\"og:description\" content=\"Est\u00e1n programadas trece conferencias, junto a exposiciones e incluso una actividad deportiva\" \/>\n<meta property=\"og:url\" content=\"https:\/\/www.realclubmaritimomelilla.es\/clmar\/el-rcmm-prepara-una-ambiciosa-agenda-para-sus-xiii-jornadas-culturales\/\" \/>\n<meta property=\"og:site_name\" content=\"Real Club Mar\u00edtimo de Melilla\" \/>\n<meta property=\"article:publisher\" content=\"https:\/\/www.facebook.com\/Real-Club-Mar%c3%adtimo-de-Melilla-588495841234214\/\" \/>\n<meta property=\"article:published_time\" content=\"2026-01-15T11:34:25+00:00\" \/>\n<meta property=\"article:modified_time\" content=\"2026-01-27T08:57:43+00:00\" \/>\n<meta property=\"og:image\" content=\"https:\/\/www.realclubmaritimomelilla.es\/clmar\/wp-content\/uploads\/Bandera-AECN.jpg\" \/>\n\t<meta property=\"og:image:width\" content=\"1600\" \/>\n\t<meta property=\"og:image:height\" content=\"1200\" \/>\n\t<meta property=\"og:image:type\" content=\"image\/jpeg\" \/>\n<meta name=\"author\" content=\"RCMMelilla\" \/>\n<meta name=\"twitter:card\" content=\"summary_large_image\" \/>\n<meta name=\"twitter:creator\" content=\"@nauticarcmm\" \/>\n<meta name=\"twitter:site\" content=\"@nauticarcmm\" \/>\n<meta name=\"twitter:label1\" content=\"Escrito por\" \/>\n\t<meta name=\"twitter:data1\" content=\"RCMMelilla\" \/>\n\t<meta name=\"twitter:label2\" content=\"Tiempo de lectura\" \/>\n\t<meta name=\"twitter:data2\" content=\"2 minutos\" \/>\n<script type=\"application\/ld+json\" class=\"yoast-schema-graph\">{\"@context\":\"https:\\\/\\\/schema.org\",\"@graph\":[{\"@type\":\"Article\",\"@id\":\"https:\\\/\\\/www.realclubmaritimomelilla.es\\\/clmar\\\/el-rcmm-prepara-una-ambiciosa-agenda-para-sus-xiii-jornadas-culturales\\\/#article\",\"isPartOf\":{\"@id\":\"https:\\\/\\\/www.realclubmaritimomelilla.es\\\/clmar\\\/el-rcmm-prepara-una-ambiciosa-agenda-para-sus-xiii-jornadas-culturales\\\/\"},\"author\":{\"name\":\"RCMMelilla\",\"@id\":\"https:\\\/\\\/www.realclubmaritimomelilla.es\\\/clmar\\\/#\\\/schema\\\/person\\\/ebaa3713496dc6d48c872452e73a8e79\"},\"headline\":\"El RCMM prepara una ambiciosa agenda para sus XIII Jornadas Culturales\",\"datePublished\":\"2026-01-15T11:34:25+00:00\",\"dateModified\":\"2026-01-27T08:57:43+00:00\",\"mainEntityOfPage\":{\"@id\":\"https:\\\/\\\/www.realclubmaritimomelilla.es\\\/clmar\\\/el-rcmm-prepara-una-ambiciosa-agenda-para-sus-xiii-jornadas-culturales\\\/\"},\"wordCount\":214,\"commentCount\":0,\"publisher\":{\"@id\":\"https:\\\/\\\/www.realclubmaritimomelilla.es\\\/clmar\\\/#organization\"},\"image\":{\"@id\":\"https:\\\/\\\/www.realclubmaritimomelilla.es\\\/clmar\\\/el-rcmm-prepara-una-ambiciosa-agenda-para-sus-xiii-jornadas-culturales\\\/#primaryimage\"},\"thumbnailUrl\":\"https:\\\/\\\/www.realclubmaritimomelilla.es\\\/clmar\\\/wp-content\\\/uploads\\\/Bandera-AECN.jpg\",\"articleSection\":[\"Jornadas\"],\"inLanguage\":\"es\",\"potentialAction\":[{\"@type\":\"CommentAction\",\"name\":\"Comment\",\"target\":[\"https:\\\/\\\/www.realclubmaritimomelilla.es\\\/clmar\\\/el-rcmm-prepara-una-ambiciosa-agenda-para-sus-xiii-jornadas-culturales\\\/#respond\"]}]},{\"@type\":\"WebPage\",\"@id\":\"https:\\\/\\\/www.realclubmaritimomelilla.es\\\/clmar\\\/el-rcmm-prepara-una-ambiciosa-agenda-para-sus-xiii-jornadas-culturales\\\/\",\"url\":\"https:\\\/\\\/www.realclubmaritimomelilla.es\\\/clmar\\\/el-rcmm-prepara-una-ambiciosa-agenda-para-sus-xiii-jornadas-culturales\\\/\",\"name\":\"El RCMM prepara una ambiciosa agenda para sus XIII Jornadas Culturales - Real Club Mar\u00edtimo de Melilla\",\"isPartOf\":{\"@id\":\"https:\\\/\\\/www.realclubmaritimomelilla.es\\\/clmar\\\/#website\"},\"primaryImageOfPage\":{\"@id\":\"https:\\\/\\\/www.realclubmaritimomelilla.es\\\/clmar\\\/el-rcmm-prepara-una-ambiciosa-agenda-para-sus-xiii-jornadas-culturales\\\/#primaryimage\"},\"image\":{\"@id\":\"https:\\\/\\\/www.realclubmaritimomelilla.es\\\/clmar\\\/el-rcmm-prepara-una-ambiciosa-agenda-para-sus-xiii-jornadas-culturales\\\/#primaryimage\"},\"thumbnailUrl\":\"https:\\\/\\\/www.realclubmaritimomelilla.es\\\/clmar\\\/wp-content\\\/uploads\\\/Bandera-AECN.jpg\",\"datePublished\":\"2026-01-15T11:34:25+00:00\",\"dateModified\":\"2026-01-27T08:57:43+00:00\",\"description\":\"Est\u00e1n programadas trece conferencias, junto a exposiciones e incluso una actividad deportiva\",\"breadcrumb\":{\"@id\":\"https:\\\/\\\/www.realclubmaritimomelilla.es\\\/clmar\\\/el-rcmm-prepara-una-ambiciosa-agenda-para-sus-xiii-jornadas-culturales\\\/#breadcrumb\"},\"inLanguage\":\"es\",\"potentialAction\":[{\"@type\":\"ReadAction\",\"target\":[\"https:\\\/\\\/www.realclubmaritimomelilla.es\\\/clmar\\\/el-rcmm-prepara-una-ambiciosa-agenda-para-sus-xiii-jornadas-culturales\\\/\"]}]},{\"@type\":\"ImageObject\",\"inLanguage\":\"es\",\"@id\":\"https:\\\/\\\/www.realclubmaritimomelilla.es\\\/clmar\\\/el-rcmm-prepara-una-ambiciosa-agenda-para-sus-xiii-jornadas-culturales\\\/#primaryimage\",\"url\":\"https:\\\/\\\/www.realclubmaritimomelilla.es\\\/clmar\\\/wp-content\\\/uploads\\\/Bandera-AECN.jpg\",\"contentUrl\":\"https:\\\/\\\/www.realclubmaritimomelilla.es\\\/clmar\\\/wp-content\\\/uploads\\\/Bandera-AECN.jpg\",\"width\":1600,\"height\":1200},{\"@type\":\"BreadcrumbList\",\"@id\":\"https:\\\/\\\/www.realclubmaritimomelilla.es\\\/clmar\\\/el-rcmm-prepara-una-ambiciosa-agenda-para-sus-xiii-jornadas-culturales\\\/#breadcrumb\",\"itemListElement\":[{\"@type\":\"ListItem\",\"position\":1,\"name\":\"Portada\",\"item\":\"https:\\\/\\\/www.realclubmaritimomelilla.es\\\/clmar\\\/\"},{\"@type\":\"ListItem\",\"position\":2,\"name\":\"El RCMM prepara una ambiciosa agenda para sus XIII Jornadas Culturales\"}]},{\"@type\":\"WebSite\",\"@id\":\"https:\\\/\\\/www.realclubmaritimomelilla.es\\\/clmar\\\/#website\",\"url\":\"https:\\\/\\\/www.realclubmaritimomelilla.es\\\/clmar\\\/\",\"name\":\"Real Club Mar\u00edtimo de Melilla\",\"description\":\"RCMM\",\"publisher\":{\"@id\":\"https:\\\/\\\/www.realclubmaritimomelilla.es\\\/clmar\\\/#organization\"},\"alternateName\":\"RCMM\",\"potentialAction\":[{\"@type\":\"SearchAction\",\"target\":{\"@type\":\"EntryPoint\",\"urlTemplate\":\"https:\\\/\\\/www.realclubmaritimomelilla.es\\\/clmar\\\/?s={search_term_string}\"},\"query-input\":{\"@type\":\"PropertyValueSpecification\",\"valueRequired\":true,\"valueName\":\"search_term_string\"}}],\"inLanguage\":\"es\"},{\"@type\":\"Organization\",\"@id\":\"https:\\\/\\\/www.realclubmaritimomelilla.es\\\/clmar\\\/#organization\",\"name\":\"Real Club Mar\u00edtimo de Melilla\",\"alternateName\":\"RCMM\",\"url\":\"https:\\\/\\\/www.realclubmaritimomelilla.es\\\/clmar\\\/\",\"logo\":{\"@type\":\"ImageObject\",\"inLanguage\":\"es\",\"@id\":\"https:\\\/\\\/www.realclubmaritimomelilla.es\\\/clmar\\\/#\\\/schema\\\/logo\\\/image\\\/\",\"url\":\"https:\\\/\\\/www.realclubmaritimomelilla.es\\\/clmar\\\/wp-content\\\/uploads\\\/logo-club-original-copia.jpg\",\"contentUrl\":\"https:\\\/\\\/www.realclubmaritimomelilla.es\\\/clmar\\\/wp-content\\\/uploads\\\/logo-club-original-copia.jpg\",\"width\":128,\"height\":89,\"caption\":\"Real Club Mar\u00edtimo de Melilla\"},\"image\":{\"@id\":\"https:\\\/\\\/www.realclubmaritimomelilla.es\\\/clmar\\\/#\\\/schema\\\/logo\\\/image\\\/\"},\"sameAs\":[\"https:\\\/\\\/www.facebook.com\\\/Real-Club-Mar\u00edtimo-de-Melilla-588495841234214\\\/\",\"https:\\\/\\\/x.com\\\/nauticarcmm\",\"https:\\\/\\\/www.instagram.com\\\/club_maritimo_melilla\\\/\",\"https:\\\/\\\/www.youtube.com\\\/@realclubmaritimodemelilla4703\",\"https:\\\/\\\/es.wikipedia.org\\\/wiki\\\/Real_Club_Mar\u00edtimo_de_Melilla\"]},{\"@type\":\"Person\",\"@id\":\"https:\\\/\\\/www.realclubmaritimomelilla.es\\\/clmar\\\/#\\\/schema\\\/person\\\/ebaa3713496dc6d48c872452e73a8e79\",\"name\":\"RCMMelilla\",\"image\":{\"@type\":\"ImageObject\",\"inLanguage\":\"es\",\"@id\":\"https:\\\/\\\/secure.gravatar.com\\\/avatar\\\/df1c24789360fb9308735c4ee556fc2bc5bf924bf01e53043b8b97ba272da33c?s=96&d=mm&r=g\",\"url\":\"https:\\\/\\\/secure.gravatar.com\\\/avatar\\\/df1c24789360fb9308735c4ee556fc2bc5bf924bf01e53043b8b97ba272da33c?s=96&d=mm&r=g\",\"contentUrl\":\"https:\\\/\\\/secure.gravatar.com\\\/avatar\\\/df1c24789360fb9308735c4ee556fc2bc5bf924bf01e53043b8b97ba272da33c?s=96&d=mm&r=g\",\"caption\":\"RCMMelilla\"}}]}<\/script>\n<!-- \/ Yoast SEO plugin. -->","yoast_head_json":{"title":"El RCMM prepara una ambiciosa agenda para sus XIII Jornadas Culturales - Real Club Mar\u00edtimo de Melilla","description":"Est\u00e1n programadas trece conferencias, junto a exposiciones e incluso una actividad deportiva","robots":{"index":"index","follow":"follow","max-snippet":"max-snippet:-1","max-image-preview":"max-image-preview:large","max-video-preview":"max-video-preview:-1"},"canonical":"https:\/\/www.realclubmaritimomelilla.es\/clmar\/el-rcmm-prepara-una-ambiciosa-agenda-para-sus-xiii-jornadas-culturales\/","og_locale":"es_ES","og_type":"article","og_title":"El RCMM prepara una ambiciosa agenda para sus XIII Jornadas Culturales - Real Club Mar\u00edtimo de Melilla","og_description":"Est\u00e1n programadas trece conferencias, junto a exposiciones e incluso una actividad deportiva","og_url":"https:\/\/www.realclubmaritimomelilla.es\/clmar\/el-rcmm-prepara-una-ambiciosa-agenda-para-sus-xiii-jornadas-culturales\/","og_site_name":"Real Club Mar\u00edtimo de Melilla","article_publisher":"https:\/\/www.facebook.com\/Real-Club-Mar%c3%adtimo-de-Melilla-588495841234214\/","article_published_time":"2026-01-15T11:34:25+00:00","article_modified_time":"2026-01-27T08:57:43+00:00","og_image":[{"width":1600,"height":1200,"url":"https:\/\/www.realclubmaritimomelilla.es\/clmar\/wp-content\/uploads\/Bandera-AECN.jpg","type":"image\/jpeg"}],"author":"RCMMelilla","twitter_card":"summary_large_image","twitter_creator":"@nauticarcmm","twitter_site":"@nauticarcmm","twitter_misc":{"Escrito por":"RCMMelilla","Tiempo de lectura":"2 minutos"},"schema":{"@context":"https:\/\/schema.org","@graph":[{"@type":"Article","@id":"https:\/\/www.realclubmaritimomelilla.es\/clmar\/el-rcmm-prepara-una-ambiciosa-agenda-para-sus-xiii-jornadas-culturales\/#article","isPartOf":{"@id":"https:\/\/www.realclubmaritimomelilla.es\/clmar\/el-rcmm-prepara-una-ambiciosa-agenda-para-sus-xiii-jornadas-culturales\/"},"author":{"name":"RCMMelilla","@id":"https:\/\/www.realclubmaritimomelilla.es\/clmar\/#\/schema\/person\/ebaa3713496dc6d48c872452e73a8e79"},"headline":"El RCMM prepara una ambiciosa agenda para sus XIII Jornadas Culturales","datePublished":"2026-01-15T11:34:25+00:00","dateModified":"2026-01-27T08:57:43+00:00","mainEntityOfPage":{"@id":"https:\/\/www.realclubmaritimomelilla.es\/clmar\/el-rcmm-prepara-una-ambiciosa-agenda-para-sus-xiii-jornadas-culturales\/"},"wordCount":214,"commentCount":0,"publisher":{"@id":"https:\/\/www.realclubmaritimomelilla.es\/clmar\/#organization"},"image":{"@id":"https:\/\/www.realclubmaritimomelilla.es\/clmar\/el-rcmm-prepara-una-ambiciosa-agenda-para-sus-xiii-jornadas-culturales\/#primaryimage"},"thumbnailUrl":"https:\/\/www.realclubmaritimomelilla.es\/clmar\/wp-content\/uploads\/Bandera-AECN.jpg","articleSection":["Jornadas"],"inLanguage":"es","potentialAction":[{"@type":"CommentAction","name":"Comment","target":["https:\/\/www.realclubmaritimomelilla.es\/clmar\/el-rcmm-prepara-una-ambiciosa-agenda-para-sus-xiii-jornadas-culturales\/#respond"]}]},{"@type":"WebPage","@id":"https:\/\/www.realclubmaritimomelilla.es\/clmar\/el-rcmm-prepara-una-ambiciosa-agenda-para-sus-xiii-jornadas-culturales\/","url":"https:\/\/www.realclubmaritimomelilla.es\/clmar\/el-rcmm-prepara-una-ambiciosa-agenda-para-sus-xiii-jornadas-culturales\/","name":"El RCMM prepara una ambiciosa agenda para sus XIII Jornadas Culturales - Real Club Mar\u00edtimo de Melilla","isPartOf":{"@id":"https:\/\/www.realclubmaritimomelilla.es\/clmar\/#website"},"primaryImageOfPage":{"@id":"https:\/\/www.realclubmaritimomelilla.es\/clmar\/el-rcmm-prepara-una-ambiciosa-agenda-para-sus-xiii-jornadas-culturales\/#primaryimage"},"image":{"@id":"https:\/\/www.realclubmaritimomelilla.es\/clmar\/el-rcmm-prepara-una-ambiciosa-agenda-para-sus-xiii-jornadas-culturales\/#primaryimage"},"thumbnailUrl":"https:\/\/www.realclubmaritimomelilla.es\/clmar\/wp-content\/uploads\/Bandera-AECN.jpg","datePublished":"2026-01-15T11:34:25+00:00","dateModified":"2026-01-27T08:57:43+00:00","description":"Est\u00e1n programadas trece conferencias, junto a exposiciones e incluso una actividad deportiva","breadcrumb":{"@id":"https:\/\/www.realclubmaritimomelilla.es\/clmar\/el-rcmm-prepara-una-ambiciosa-agenda-para-sus-xiii-jornadas-culturales\/#breadcrumb"},"inLanguage":"es","potentialAction":[{"@type":"ReadAction","target":["https:\/\/www.realclubmaritimomelilla.es\/clmar\/el-rcmm-prepara-una-ambiciosa-agenda-para-sus-xiii-jornadas-culturales\/"]}]},{"@type":"ImageObject","inLanguage":"es","@id":"https:\/\/www.realclubmaritimomelilla.es\/clmar\/el-rcmm-prepara-una-ambiciosa-agenda-para-sus-xiii-jornadas-culturales\/#primaryimage","url":"https:\/\/www.realclubmaritimomelilla.es\/clmar\/wp-content\/uploads\/Bandera-AECN.jpg","contentUrl":"https:\/\/www.realclubmaritimomelilla.es\/clmar\/wp-content\/uploads\/Bandera-AECN.jpg","width":1600,"height":1200},{"@type":"BreadcrumbList","@id":"https:\/\/www.realclubmaritimomelilla.es\/clmar\/el-rcmm-prepara-una-ambiciosa-agenda-para-sus-xiii-jornadas-culturales\/#breadcrumb","itemListElement":[{"@type":"ListItem","position":1,"name":"Portada","item":"https:\/\/www.realclubmaritimomelilla.es\/clmar\/"},{"@type":"ListItem","position":2,"name":"El RCMM prepara una ambiciosa agenda para sus XIII Jornadas Culturales"}]},{"@type":"WebSite","@id":"https:\/\/www.realclubmaritimomelilla.es\/clmar\/#website","url":"https:\/\/www.realclubmaritimomelilla.es\/clmar\/","name":"Real Club Mar\u00edtimo de Melilla","description":"RCMM","publisher":{"@id":"https:\/\/www.realclubmaritimomelilla.es\/clmar\/#organization"},"alternateName":"RCMM","potentialAction":[{"@type":"SearchAction","target":{"@type":"EntryPoint","urlTemplate":"https:\/\/www.realclubmaritimomelilla.es\/clmar\/?s={search_term_string}"},"query-input":{"@type":"PropertyValueSpecification","valueRequired":true,"valueName":"search_term_string"}}],"inLanguage":"es"},{"@type":"Organization","@id":"https:\/\/www.realclubmaritimomelilla.es\/clmar\/#organization","name":"Real Club Mar\u00edtimo de Melilla","alternateName":"RCMM","url":"https:\/\/www.realclubmaritimomelilla.es\/clmar\/","logo":{"@type":"ImageObject","inLanguage":"es","@id":"https:\/\/www.realclubmaritimomelilla.es\/clmar\/#\/schema\/logo\/image\/","url":"https:\/\/www.realclubmaritimomelilla.es\/clmar\/wp-content\/uploads\/logo-club-original-copia.jpg","contentUrl":"https:\/\/www.realclubmaritimomelilla.es\/clmar\/wp-content\/uploads\/logo-club-original-copia.jpg","width":128,"height":89,"caption":"Real Club Mar\u00edtimo de Melilla"},"image":{"@id":"https:\/\/www.realclubmaritimomelilla.es\/clmar\/#\/schema\/logo\/image\/"},"sameAs":["https:\/\/www.facebook.com\/Real-Club-Mar\u00edtimo-de-Melilla-588495841234214\/","https:\/\/x.com\/nauticarcmm","https:\/\/www.instagram.com\/club_maritimo_melilla\/","https:\/\/www.youtube.com\/@realclubmaritimodemelilla4703","https:\/\/es.wikipedia.org\/wiki\/Real_Club_Mar\u00edtimo_de_Melilla"]},{"@type":"Person","@id":"https:\/\/www.realclubmaritimomelilla.es\/clmar\/#\/schema\/person\/ebaa3713496dc6d48c872452e73a8e79","name":"RCMMelilla","image":{"@type":"ImageObject","inLanguage":"es","@id":"https:\/\/secure.gravatar.com\/avatar\/df1c24789360fb9308735c4ee556fc2bc5bf924bf01e53043b8b97ba272da33c?s=96&d=mm&r=g","url":"https:\/\/secure.gravatar.com\/avatar\/df1c24789360fb9308735c4ee556fc2bc5bf924bf01e53043b8b97ba272da33c?s=96&d=mm&r=g","contentUrl":"https:\/\/secure.gravatar.com\/avatar\/df1c24789360fb9308735c4ee556fc2bc5bf924bf01e53043b8b97ba272da33c?s=96&d=mm&r=g","caption":"RCMMelilla"}}]}},"_links":{"self":[{"href":"https:\/\/www.realclubmaritimomelilla.es\/clmar\/wp-json\/wp\/v2\/posts\/27011","targetHints":{"allow":["GET"]}}],"collection":[{"href":"https:\/\/www.realclubmaritimomelilla.es\/clmar\/wp-json\/wp\/v2\/posts"}],"about":[{"href":"https:\/\/www.realclubmaritimomelilla.es\/clmar\/wp-json\/wp\/v2\/types\/post"}],"author":[{"embeddable":true,"href":"https:\/\/www.realclubmaritimomelilla.es\/clmar\/wp-json\/wp\/v2\/users\/1"}],"replies":[{"embeddable":true,"href":"https:\/\/www.realclubmaritimomelilla.es\/clmar\/wp-json\/wp\/v2\/comments?post=27011"}],"version-history":[{"count":1,"href":"https:\/\/www.realclubmaritimomelilla.es\/clmar\/wp-json\/wp\/v2\/posts\/27011\/revisions"}],"predecessor-version":[{"id":27012,"href":"https:\/\/www.realclubmaritimomelilla.es\/clmar\/wp-json\/wp\/v2\/posts\/27011\/revisions\/27012"}],"wp:featuredmedia":[{"embeddable":true,"href":"https:\/\/www.realclubmaritimomelilla.es\/clmar\/wp-json\/wp\/v2\/media\/24824"}],"wp:attachment":[{"href":"https:\/\/www.realclubmaritimomelilla.es\/clmar\/wp-json\/wp\/v2\/media?parent=27011"}],"wp:term":[{"taxonomy":"category","embeddable":true,"href":"https:\/\/www.realclubmaritimomelilla.es\/clmar\/wp-json\/wp\/v2\/categories?post=27011"},{"taxonomy":"post_tag","embeddable":true,"href":"https:\/\/www.realclubmaritimomelilla.es\/clmar\/wp-json\/wp\/v2\/tags?post=27011"}],"curies":[{"name":"wp","href":"https:\/\/api.w.org\/{rel}","templated":true}]}}