{"id":27008,"date":"2026-01-15T11:55:12","date_gmt":"2026-01-15T10:55:12","guid":{"rendered":"https:\/\/www.realclubmaritimomelilla.es\/clmar\/?p=27008"},"modified":"2026-01-27T09:15:38","modified_gmt":"2026-01-27T08:15:38","slug":"agenda-de-la-sala-de-exposiciones-para-enero-y-febrero-2026","status":"publish","type":"post","link":"https:\/\/www.realclubmaritimomelilla.es\/clmar\/agenda-de-la-sala-de-exposiciones-para-enero-y-febrero-2026\/","title":{"rendered":"Agenda de la Sala de Exposiciones para Enero y Febrero 2026"},"content":{"rendered":"<p>La Sala de Exposiciones del Real Club Mar\u00edtimo de Melilla ha comenzado el 2026 a pleno rendimiento, con varias muestras que hacen que su ocupaci\u00f3n sea plena durante este mes.<\/p>\n<p>Hasta el pr\u00f3ximo domingo, 18 de enero, se muestra una exposici\u00f3n de los<strong> Premios Arquitectura 2025<\/strong>, que cada a\u00f1o entrega el Consejo Superior de los Colegios de Arquitectura de Espa\u00f1a (CSCAE), que ha llegado a la ciudad aut\u00f3noma de la mano del Colegio de Arquitectos de Melilla.<\/p>\n<p>La exposici\u00f3n estar\u00e1 disponible hasta este domingo 18 de enero en horario de ma\u00f1ana de 10:00 a 14:00 horas y de tarde de 17:00 a 21:00 horas. Mientras que el domingo solo abrir\u00e1 hasta las 14.00 horas.<\/p>\n<p>Y a continuaci\u00f3n la Fundaci\u00f3n Bale\u00e0ria presenta en la ciudad de Melilla, \u00ab<strong>Los Viajes de los Bale\u00e1ricos<\/strong>\u00bb.<\/p>\n<p>En esta exposici\u00f3n, diecis\u00e9is artistas del Mediterr\u00e1neo, entre las que se incluye la melillense Mar\u00eda Le\u00f3n, nos invitan a reflexionar con ellos a trav\u00e9s de sus creaciones. Un compendio de obras que transmiten emociones diferentes y que animan a ver el concepto de viajar desde distintos prismas. Una exposici\u00f3n colectiva con la que descubrir nuevos artistas y poner de relieve el alto nivel cultural que emana de los pueblos que tienen la inmensa suerte de contar con el mar Mediterr\u00e1neo como elemento de uni\u00f3n.<\/p>\n<p>Esta exposici\u00f3n se inaugura el pr\u00f3ximo lunes 19 de enero y se podr\u00e1 visitar en el Real Club Mar\u00edtimo hasta el 28 de febrero.<\/p>\n","protected":false},"excerpt":{"rendered":"<p>La Sala de Exposiciones del Real Club Mar\u00edtimo de Melilla ha comenzado el 2026 a pleno rendimiento, con varias muestras que hacen que su ocupaci\u00f3n sea plena durante este mes. Hasta el pr\u00f3ximo domingo, 18 de enero, se muestra una exposici\u00f3n de los Premios Arquitectura 2025, que cada a\u00f1o entrega el Consejo Superior de los [&hellip;]<\/p>\n","protected":false},"author":1,"featured_media":27009,"comment_status":"open","ping_status":"open","sticky":false,"template":"","format":"standard","meta":{"_acf_changed":false,"footnotes":""},"categories":[40],"tags":[],"class_list":["post-27008","post","type-post","status-publish","format-standard","has-post-thumbnail","hentry","category-club"],"acf":[],"yoast_head":"<!-- This site is optimized with the Yoast SEO plugin v27.5 - https:\/\/yoast.com\/product\/yoast-seo-wordpress\/ -->\n<title>Agenda de la Sala de Exposiciones para Enero y Febrero 2026 - Real Club Mar\u00edtimo de Melilla<\/title>\n<meta name=\"description\" content=\"La Sala de Exposiciones ha comenzado el 2026 a pleno rendimiento, con varias muestras que hacen que su ocupaci\u00f3n sea plena durante este mes\" \/>\n<meta name=\"robots\" content=\"index, follow, max-snippet:-1, max-image-preview:large, max-video-preview:-1\" \/>\n<link rel=\"canonical\" href=\"https:\/\/www.realclubmaritimomelilla.es\/clmar\/agenda-de-la-sala-de-exposiciones-para-enero-y-febrero-2026\/\" \/>\n<meta property=\"og:locale\" content=\"es_ES\" \/>\n<meta property=\"og:type\" content=\"article\" \/>\n<meta property=\"og:title\" content=\"Agenda de la Sala de Exposiciones para Enero y Febrero 2026 - Real Club Mar\u00edtimo de Melilla\" \/>\n<meta property=\"og:description\" content=\"La Sala de Exposiciones ha comenzado el 2026 a pleno rendimiento, con varias muestras que hacen que su ocupaci\u00f3n sea plena durante este mes\" \/>\n<meta property=\"og:url\" content=\"https:\/\/www.realclubmaritimomelilla.es\/clmar\/agenda-de-la-sala-de-exposiciones-para-enero-y-febrero-2026\/\" \/>\n<meta property=\"og:site_name\" content=\"Real Club Mar\u00edtimo de Melilla\" \/>\n<meta property=\"article:publisher\" content=\"https:\/\/www.facebook.com\/Real-Club-Mar%c3%adtimo-de-Melilla-588495841234214\/\" \/>\n<meta property=\"article:published_time\" content=\"2026-01-15T10:55:12+00:00\" \/>\n<meta property=\"article:modified_time\" content=\"2026-01-27T08:15:38+00:00\" \/>\n<meta property=\"og:image\" content=\"https:\/\/www.realclubmaritimomelilla.es\/clmar\/wp-content\/uploads\/sala-expo.webp\" \/>\n\t<meta property=\"og:image:width\" content=\"1600\" \/>\n\t<meta property=\"og:image:height\" content=\"900\" \/>\n\t<meta property=\"og:image:type\" content=\"image\/jpeg\" \/>\n<meta name=\"author\" content=\"RCMMelilla\" \/>\n<meta name=\"twitter:card\" content=\"summary_large_image\" \/>\n<meta name=\"twitter:creator\" content=\"@nauticarcmm\" \/>\n<meta name=\"twitter:site\" content=\"@nauticarcmm\" \/>\n<meta name=\"twitter:label1\" content=\"Escrito por\" \/>\n\t<meta name=\"twitter:data1\" content=\"RCMMelilla\" \/>\n\t<meta name=\"twitter:label2\" content=\"Tiempo de lectura\" \/>\n\t<meta name=\"twitter:data2\" content=\"2 minutos\" \/>\n<script type=\"application\/ld+json\" class=\"yoast-schema-graph\">{\"@context\":\"https:\\\/\\\/schema.org\",\"@graph\":[{\"@type\":\"Article\",\"@id\":\"https:\\\/\\\/www.realclubmaritimomelilla.es\\\/clmar\\\/agenda-de-la-sala-de-exposiciones-para-enero-y-febrero-2026\\\/#article\",\"isPartOf\":{\"@id\":\"https:\\\/\\\/www.realclubmaritimomelilla.es\\\/clmar\\\/agenda-de-la-sala-de-exposiciones-para-enero-y-febrero-2026\\\/\"},\"author\":{\"name\":\"RCMMelilla\",\"@id\":\"https:\\\/\\\/www.realclubmaritimomelilla.es\\\/clmar\\\/#\\\/schema\\\/person\\\/ebaa3713496dc6d48c872452e73a8e79\"},\"headline\":\"Agenda de la Sala de Exposiciones para Enero y Febrero 2026\",\"datePublished\":\"2026-01-15T10:55:12+00:00\",\"dateModified\":\"2026-01-27T08:15:38+00:00\",\"mainEntityOfPage\":{\"@id\":\"https:\\\/\\\/www.realclubmaritimomelilla.es\\\/clmar\\\/agenda-de-la-sala-de-exposiciones-para-enero-y-febrero-2026\\\/\"},\"wordCount\":263,\"commentCount\":0,\"publisher\":{\"@id\":\"https:\\\/\\\/www.realclubmaritimomelilla.es\\\/clmar\\\/#organization\"},\"image\":{\"@id\":\"https:\\\/\\\/www.realclubmaritimomelilla.es\\\/clmar\\\/agenda-de-la-sala-de-exposiciones-para-enero-y-febrero-2026\\\/#primaryimage\"},\"thumbnailUrl\":\"https:\\\/\\\/www.realclubmaritimomelilla.es\\\/clmar\\\/wp-content\\\/uploads\\\/sala-expo.webp\",\"articleSection\":[\"Club\"],\"inLanguage\":\"es\",\"potentialAction\":[{\"@type\":\"CommentAction\",\"name\":\"Comment\",\"target\":[\"https:\\\/\\\/www.realclubmaritimomelilla.es\\\/clmar\\\/agenda-de-la-sala-de-exposiciones-para-enero-y-febrero-2026\\\/#respond\"]}]},{\"@type\":\"WebPage\",\"@id\":\"https:\\\/\\\/www.realclubmaritimomelilla.es\\\/clmar\\\/agenda-de-la-sala-de-exposiciones-para-enero-y-febrero-2026\\\/\",\"url\":\"https:\\\/\\\/www.realclubmaritimomelilla.es\\\/clmar\\\/agenda-de-la-sala-de-exposiciones-para-enero-y-febrero-2026\\\/\",\"name\":\"Agenda de la Sala de Exposiciones para Enero y Febrero 2026 - Real Club Mar\u00edtimo de Melilla\",\"isPartOf\":{\"@id\":\"https:\\\/\\\/www.realclubmaritimomelilla.es\\\/clmar\\\/#website\"},\"primaryImageOfPage\":{\"@id\":\"https:\\\/\\\/www.realclubmaritimomelilla.es\\\/clmar\\\/agenda-de-la-sala-de-exposiciones-para-enero-y-febrero-2026\\\/#primaryimage\"},\"image\":{\"@id\":\"https:\\\/\\\/www.realclubmaritimomelilla.es\\\/clmar\\\/agenda-de-la-sala-de-exposiciones-para-enero-y-febrero-2026\\\/#primaryimage\"},\"thumbnailUrl\":\"https:\\\/\\\/www.realclubmaritimomelilla.es\\\/clmar\\\/wp-content\\\/uploads\\\/sala-expo.webp\",\"datePublished\":\"2026-01-15T10:55:12+00:00\",\"dateModified\":\"2026-01-27T08:15:38+00:00\",\"description\":\"La Sala de Exposiciones ha comenzado el 2026 a pleno rendimiento, con varias muestras que hacen que su ocupaci\u00f3n sea plena durante este mes\",\"breadcrumb\":{\"@id\":\"https:\\\/\\\/www.realclubmaritimomelilla.es\\\/clmar\\\/agenda-de-la-sala-de-exposiciones-para-enero-y-febrero-2026\\\/#breadcrumb\"},\"inLanguage\":\"es\",\"potentialAction\":[{\"@type\":\"ReadAction\",\"target\":[\"https:\\\/\\\/www.realclubmaritimomelilla.es\\\/clmar\\\/agenda-de-la-sala-de-exposiciones-para-enero-y-febrero-2026\\\/\"]}]},{\"@type\":\"ImageObject\",\"inLanguage\":\"es\",\"@id\":\"https:\\\/\\\/www.realclubmaritimomelilla.es\\\/clmar\\\/agenda-de-la-sala-de-exposiciones-para-enero-y-febrero-2026\\\/#primaryimage\",\"url\":\"https:\\\/\\\/www.realclubmaritimomelilla.es\\\/clmar\\\/wp-content\\\/uploads\\\/sala-expo.webp\",\"contentUrl\":\"https:\\\/\\\/www.realclubmaritimomelilla.es\\\/clmar\\\/wp-content\\\/uploads\\\/sala-expo.webp\",\"width\":1600,\"height\":900},{\"@type\":\"BreadcrumbList\",\"@id\":\"https:\\\/\\\/www.realclubmaritimomelilla.es\\\/clmar\\\/agenda-de-la-sala-de-exposiciones-para-enero-y-febrero-2026\\\/#breadcrumb\",\"itemListElement\":[{\"@type\":\"ListItem\",\"position\":1,\"name\":\"Portada\",\"item\":\"https:\\\/\\\/www.realclubmaritimomelilla.es\\\/clmar\\\/\"},{\"@type\":\"ListItem\",\"position\":2,\"name\":\"Agenda de la Sala de Exposiciones para Enero y Febrero 2026\"}]},{\"@type\":\"WebSite\",\"@id\":\"https:\\\/\\\/www.realclubmaritimomelilla.es\\\/clmar\\\/#website\",\"url\":\"https:\\\/\\\/www.realclubmaritimomelilla.es\\\/clmar\\\/\",\"name\":\"Real Club Mar\u00edtimo de Melilla\",\"description\":\"RCMM\",\"publisher\":{\"@id\":\"https:\\\/\\\/www.realclubmaritimomelilla.es\\\/clmar\\\/#organization\"},\"alternateName\":\"RCMM\",\"potentialAction\":[{\"@type\":\"SearchAction\",\"target\":{\"@type\":\"EntryPoint\",\"urlTemplate\":\"https:\\\/\\\/www.realclubmaritimomelilla.es\\\/clmar\\\/?s={search_term_string}\"},\"query-input\":{\"@type\":\"PropertyValueSpecification\",\"valueRequired\":true,\"valueName\":\"search_term_string\"}}],\"inLanguage\":\"es\"},{\"@type\":\"Organization\",\"@id\":\"https:\\\/\\\/www.realclubmaritimomelilla.es\\\/clmar\\\/#organization\",\"name\":\"Real Club Mar\u00edtimo de Melilla\",\"alternateName\":\"RCMM\",\"url\":\"https:\\\/\\\/www.realclubmaritimomelilla.es\\\/clmar\\\/\",\"logo\":{\"@type\":\"ImageObject\",\"inLanguage\":\"es\",\"@id\":\"https:\\\/\\\/www.realclubmaritimomelilla.es\\\/clmar\\\/#\\\/schema\\\/logo\\\/image\\\/\",\"url\":\"https:\\\/\\\/www.realclubmaritimomelilla.es\\\/clmar\\\/wp-content\\\/uploads\\\/logo-club-original-copia.jpg\",\"contentUrl\":\"https:\\\/\\\/www.realclubmaritimomelilla.es\\\/clmar\\\/wp-content\\\/uploads\\\/logo-club-original-copia.jpg\",\"width\":128,\"height\":89,\"caption\":\"Real Club Mar\u00edtimo de Melilla\"},\"image\":{\"@id\":\"https:\\\/\\\/www.realclubmaritimomelilla.es\\\/clmar\\\/#\\\/schema\\\/logo\\\/image\\\/\"},\"sameAs\":[\"https:\\\/\\\/www.facebook.com\\\/Real-Club-Mar\u00edtimo-de-Melilla-588495841234214\\\/\",\"https:\\\/\\\/x.com\\\/nauticarcmm\",\"https:\\\/\\\/www.instagram.com\\\/club_maritimo_melilla\\\/\",\"https:\\\/\\\/www.youtube.com\\\/@realclubmaritimodemelilla4703\",\"https:\\\/\\\/es.wikipedia.org\\\/wiki\\\/Real_Club_Mar\u00edtimo_de_Melilla\"]},{\"@type\":\"Person\",\"@id\":\"https:\\\/\\\/www.realclubmaritimomelilla.es\\\/clmar\\\/#\\\/schema\\\/person\\\/ebaa3713496dc6d48c872452e73a8e79\",\"name\":\"RCMMelilla\",\"image\":{\"@type\":\"ImageObject\",\"inLanguage\":\"es\",\"@id\":\"https:\\\/\\\/secure.gravatar.com\\\/avatar\\\/df1c24789360fb9308735c4ee556fc2bc5bf924bf01e53043b8b97ba272da33c?s=96&d=mm&r=g\",\"url\":\"https:\\\/\\\/secure.gravatar.com\\\/avatar\\\/df1c24789360fb9308735c4ee556fc2bc5bf924bf01e53043b8b97ba272da33c?s=96&d=mm&r=g\",\"contentUrl\":\"https:\\\/\\\/secure.gravatar.com\\\/avatar\\\/df1c24789360fb9308735c4ee556fc2bc5bf924bf01e53043b8b97ba272da33c?s=96&d=mm&r=g\",\"caption\":\"RCMMelilla\"}}]}<\/script>\n<!-- \/ Yoast SEO plugin. -->","yoast_head_json":{"title":"Agenda de la Sala de Exposiciones para Enero y Febrero 2026 - Real Club Mar\u00edtimo de Melilla","description":"La Sala de Exposiciones ha comenzado el 2026 a pleno rendimiento, con varias muestras que hacen que su ocupaci\u00f3n sea plena durante este mes","robots":{"index":"index","follow":"follow","max-snippet":"max-snippet:-1","max-image-preview":"max-image-preview:large","max-video-preview":"max-video-preview:-1"},"canonical":"https:\/\/www.realclubmaritimomelilla.es\/clmar\/agenda-de-la-sala-de-exposiciones-para-enero-y-febrero-2026\/","og_locale":"es_ES","og_type":"article","og_title":"Agenda de la Sala de Exposiciones para Enero y Febrero 2026 - Real Club Mar\u00edtimo de Melilla","og_description":"La Sala de Exposiciones ha comenzado el 2026 a pleno rendimiento, con varias muestras que hacen que su ocupaci\u00f3n sea plena durante este mes","og_url":"https:\/\/www.realclubmaritimomelilla.es\/clmar\/agenda-de-la-sala-de-exposiciones-para-enero-y-febrero-2026\/","og_site_name":"Real Club Mar\u00edtimo de Melilla","article_publisher":"https:\/\/www.facebook.com\/Real-Club-Mar%c3%adtimo-de-Melilla-588495841234214\/","article_published_time":"2026-01-15T10:55:12+00:00","article_modified_time":"2026-01-27T08:15:38+00:00","og_image":[{"width":1600,"height":900,"url":"https:\/\/www.realclubmaritimomelilla.es\/clmar\/wp-content\/uploads\/sala-expo.webp","type":"image\/jpeg"}],"author":"RCMMelilla","twitter_card":"summary_large_image","twitter_creator":"@nauticarcmm","twitter_site":"@nauticarcmm","twitter_misc":{"Escrito por":"RCMMelilla","Tiempo de lectura":"2 minutos"},"schema":{"@context":"https:\/\/schema.org","@graph":[{"@type":"Article","@id":"https:\/\/www.realclubmaritimomelilla.es\/clmar\/agenda-de-la-sala-de-exposiciones-para-enero-y-febrero-2026\/#article","isPartOf":{"@id":"https:\/\/www.realclubmaritimomelilla.es\/clmar\/agenda-de-la-sala-de-exposiciones-para-enero-y-febrero-2026\/"},"author":{"name":"RCMMelilla","@id":"https:\/\/www.realclubmaritimomelilla.es\/clmar\/#\/schema\/person\/ebaa3713496dc6d48c872452e73a8e79"},"headline":"Agenda de la Sala de Exposiciones para Enero y Febrero 2026","datePublished":"2026-01-15T10:55:12+00:00","dateModified":"2026-01-27T08:15:38+00:00","mainEntityOfPage":{"@id":"https:\/\/www.realclubmaritimomelilla.es\/clmar\/agenda-de-la-sala-de-exposiciones-para-enero-y-febrero-2026\/"},"wordCount":263,"commentCount":0,"publisher":{"@id":"https:\/\/www.realclubmaritimomelilla.es\/clmar\/#organization"},"image":{"@id":"https:\/\/www.realclubmaritimomelilla.es\/clmar\/agenda-de-la-sala-de-exposiciones-para-enero-y-febrero-2026\/#primaryimage"},"thumbnailUrl":"https:\/\/www.realclubmaritimomelilla.es\/clmar\/wp-content\/uploads\/sala-expo.webp","articleSection":["Club"],"inLanguage":"es","potentialAction":[{"@type":"CommentAction","name":"Comment","target":["https:\/\/www.realclubmaritimomelilla.es\/clmar\/agenda-de-la-sala-de-exposiciones-para-enero-y-febrero-2026\/#respond"]}]},{"@type":"WebPage","@id":"https:\/\/www.realclubmaritimomelilla.es\/clmar\/agenda-de-la-sala-de-exposiciones-para-enero-y-febrero-2026\/","url":"https:\/\/www.realclubmaritimomelilla.es\/clmar\/agenda-de-la-sala-de-exposiciones-para-enero-y-febrero-2026\/","name":"Agenda de la Sala de Exposiciones para Enero y Febrero 2026 - Real Club Mar\u00edtimo de Melilla","isPartOf":{"@id":"https:\/\/www.realclubmaritimomelilla.es\/clmar\/#website"},"primaryImageOfPage":{"@id":"https:\/\/www.realclubmaritimomelilla.es\/clmar\/agenda-de-la-sala-de-exposiciones-para-enero-y-febrero-2026\/#primaryimage"},"image":{"@id":"https:\/\/www.realclubmaritimomelilla.es\/clmar\/agenda-de-la-sala-de-exposiciones-para-enero-y-febrero-2026\/#primaryimage"},"thumbnailUrl":"https:\/\/www.realclubmaritimomelilla.es\/clmar\/wp-content\/uploads\/sala-expo.webp","datePublished":"2026-01-15T10:55:12+00:00","dateModified":"2026-01-27T08:15:38+00:00","description":"La Sala de Exposiciones ha comenzado el 2026 a pleno rendimiento, con varias muestras que hacen que su ocupaci\u00f3n sea plena durante este mes","breadcrumb":{"@id":"https:\/\/www.realclubmaritimomelilla.es\/clmar\/agenda-de-la-sala-de-exposiciones-para-enero-y-febrero-2026\/#breadcrumb"},"inLanguage":"es","potentialAction":[{"@type":"ReadAction","target":["https:\/\/www.realclubmaritimomelilla.es\/clmar\/agenda-de-la-sala-de-exposiciones-para-enero-y-febrero-2026\/"]}]},{"@type":"ImageObject","inLanguage":"es","@id":"https:\/\/www.realclubmaritimomelilla.es\/clmar\/agenda-de-la-sala-de-exposiciones-para-enero-y-febrero-2026\/#primaryimage","url":"https:\/\/www.realclubmaritimomelilla.es\/clmar\/wp-content\/uploads\/sala-expo.webp","contentUrl":"https:\/\/www.realclubmaritimomelilla.es\/clmar\/wp-content\/uploads\/sala-expo.webp","width":1600,"height":900},{"@type":"BreadcrumbList","@id":"https:\/\/www.realclubmaritimomelilla.es\/clmar\/agenda-de-la-sala-de-exposiciones-para-enero-y-febrero-2026\/#breadcrumb","itemListElement":[{"@type":"ListItem","position":1,"name":"Portada","item":"https:\/\/www.realclubmaritimomelilla.es\/clmar\/"},{"@type":"ListItem","position":2,"name":"Agenda de la Sala de Exposiciones para Enero y Febrero 2026"}]},{"@type":"WebSite","@id":"https:\/\/www.realclubmaritimomelilla.es\/clmar\/#website","url":"https:\/\/www.realclubmaritimomelilla.es\/clmar\/","name":"Real Club Mar\u00edtimo de Melilla","description":"RCMM","publisher":{"@id":"https:\/\/www.realclubmaritimomelilla.es\/clmar\/#organization"},"alternateName":"RCMM","potentialAction":[{"@type":"SearchAction","target":{"@type":"EntryPoint","urlTemplate":"https:\/\/www.realclubmaritimomelilla.es\/clmar\/?s={search_term_string}"},"query-input":{"@type":"PropertyValueSpecification","valueRequired":true,"valueName":"search_term_string"}}],"inLanguage":"es"},{"@type":"Organization","@id":"https:\/\/www.realclubmaritimomelilla.es\/clmar\/#organization","name":"Real Club Mar\u00edtimo de Melilla","alternateName":"RCMM","url":"https:\/\/www.realclubmaritimomelilla.es\/clmar\/","logo":{"@type":"ImageObject","inLanguage":"es","@id":"https:\/\/www.realclubmaritimomelilla.es\/clmar\/#\/schema\/logo\/image\/","url":"https:\/\/www.realclubmaritimomelilla.es\/clmar\/wp-content\/uploads\/logo-club-original-copia.jpg","contentUrl":"https:\/\/www.realclubmaritimomelilla.es\/clmar\/wp-content\/uploads\/logo-club-original-copia.jpg","width":128,"height":89,"caption":"Real Club Mar\u00edtimo de Melilla"},"image":{"@id":"https:\/\/www.realclubmaritimomelilla.es\/clmar\/#\/schema\/logo\/image\/"},"sameAs":["https:\/\/www.facebook.com\/Real-Club-Mar\u00edtimo-de-Melilla-588495841234214\/","https:\/\/x.com\/nauticarcmm","https:\/\/www.instagram.com\/club_maritimo_melilla\/","https:\/\/www.youtube.com\/@realclubmaritimodemelilla4703","https:\/\/es.wikipedia.org\/wiki\/Real_Club_Mar\u00edtimo_de_Melilla"]},{"@type":"Person","@id":"https:\/\/www.realclubmaritimomelilla.es\/clmar\/#\/schema\/person\/ebaa3713496dc6d48c872452e73a8e79","name":"RCMMelilla","image":{"@type":"ImageObject","inLanguage":"es","@id":"https:\/\/secure.gravatar.com\/avatar\/df1c24789360fb9308735c4ee556fc2bc5bf924bf01e53043b8b97ba272da33c?s=96&d=mm&r=g","url":"https:\/\/secure.gravatar.com\/avatar\/df1c24789360fb9308735c4ee556fc2bc5bf924bf01e53043b8b97ba272da33c?s=96&d=mm&r=g","contentUrl":"https:\/\/secure.gravatar.com\/avatar\/df1c24789360fb9308735c4ee556fc2bc5bf924bf01e53043b8b97ba272da33c?s=96&d=mm&r=g","caption":"RCMMelilla"}}]}},"_links":{"self":[{"href":"https:\/\/www.realclubmaritimomelilla.es\/clmar\/wp-json\/wp\/v2\/posts\/27008","targetHints":{"allow":["GET"]}}],"collection":[{"href":"https:\/\/www.realclubmaritimomelilla.es\/clmar\/wp-json\/wp\/v2\/posts"}],"about":[{"href":"https:\/\/www.realclubmaritimomelilla.es\/clmar\/wp-json\/wp\/v2\/types\/post"}],"author":[{"embeddable":true,"href":"https:\/\/www.realclubmaritimomelilla.es\/clmar\/wp-json\/wp\/v2\/users\/1"}],"replies":[{"embeddable":true,"href":"https:\/\/www.realclubmaritimomelilla.es\/clmar\/wp-json\/wp\/v2\/comments?post=27008"}],"version-history":[{"count":1,"href":"https:\/\/www.realclubmaritimomelilla.es\/clmar\/wp-json\/wp\/v2\/posts\/27008\/revisions"}],"predecessor-version":[{"id":27010,"href":"https:\/\/www.realclubmaritimomelilla.es\/clmar\/wp-json\/wp\/v2\/posts\/27008\/revisions\/27010"}],"wp:featuredmedia":[{"embeddable":true,"href":"https:\/\/www.realclubmaritimomelilla.es\/clmar\/wp-json\/wp\/v2\/media\/27009"}],"wp:attachment":[{"href":"https:\/\/www.realclubmaritimomelilla.es\/clmar\/wp-json\/wp\/v2\/media?parent=27008"}],"wp:term":[{"taxonomy":"category","embeddable":true,"href":"https:\/\/www.realclubmaritimomelilla.es\/clmar\/wp-json\/wp\/v2\/categories?post=27008"},{"taxonomy":"post_tag","embeddable":true,"href":"https:\/\/www.realclubmaritimomelilla.es\/clmar\/wp-json\/wp\/v2\/tags?post=27008"}],"curies":[{"name":"wp","href":"https:\/\/api.w.org\/{rel}","templated":true}]}}