{"id":26974,"date":"2026-01-07T20:08:49","date_gmt":"2026-01-07T19:08:49","guid":{"rendered":"https:\/\/www.realclubmaritimomelilla.es\/clmar\/?p=26974"},"modified":"2026-01-26T16:31:29","modified_gmt":"2026-01-26T15:31:29","slug":"un-2026-lleno-de-importantes-nauticas-organizadas-por-el-rcmm","status":"publish","type":"post","link":"https:\/\/www.realclubmaritimomelilla.es\/clmar\/un-2026-lleno-de-importantes-nauticas-organizadas-por-el-rcmm\/","title":{"rendered":"Un 2026 lleno de importantes n\u00e1uticas organizadas por el RCMM"},"content":{"rendered":"<p style=\"font-weight: 400;\">El Real Club Mar\u00edtimo de Melilla ha configurado para 2026 un\u00a0ambicioso calendario de eventos n\u00e1uticos, consolidando a la ciudad aut\u00f3noma como uno de los escenarios de referencia del panorama nacional e internacional de la vela. Durante el pr\u00f3ximo a\u00f1o, Melilla ser\u00e1 sede no solo de\u00a0competiciones oficiales de la Federaci\u00f3n Espa\u00f1ola de Vela, sino tambi\u00e9n de pruebas incluidas en el calendario de la\u00a0Federaci\u00f3n Internacional de Vela.<\/p>\n<p style=\"font-weight: 400;\">Desde el\u00a0Centro de Actividades N\u00e1uticas, y con el objetivo de continuar liderando en la ciudad la organizaci\u00f3n y promoci\u00f3n de la vela en todas sus modalidades, el RCMM ha dise\u00f1ado un programa que combina\u00a0cuatro grandes citas de car\u00e1cter nacional e internacional\u00a0con una completa agenda de regatas propias dirigidas a la flota local de\u00a0vela ligera y cruceros, distribuidas a lo largo de todo el a\u00f1o.<\/p>\n<p style=\"font-weight: 400;\">La primera gran cita nacional llegar\u00e1 con la celebraci\u00f3n del\u00a0Campeonato de Espa\u00f1a de la clase ILCA 6, que se disputar\u00e1 entre los d\u00edas\u00a022 y 26 de abril. El segundo gran hito del calendario ser\u00e1 el\u00a0Mundial Juvenil de la clase Snipe, previsto para el mes de\u00a0julio, una prueba de gran prestigio que reunir\u00e1 en Melilla a j\u00f3venes regatistas procedentes de distintos pa\u00edses.<\/p>\n<p style=\"font-weight: 400;\">Durante el mes de\u00a0agosto\u00a0tendr\u00e1 lugar una nueva edici\u00f3n del\u00a0Trofeo Real Club Mar\u00edtimo \u2013 Melilla Ciudad del Deporte, que alcanzar\u00e1 su\u00a0sexta edici\u00f3n, consolid\u00e1ndose como una de las regatas m\u00e1s destacadas del verano. El calendario se cerrar\u00e1 en\u00a0noviembre\u00a0con la celebraci\u00f3n de la\u00a0segunda edici\u00f3n de la traves\u00eda Palma\u2013Melilla\u2013Palma, destinada a la flota\u00a0A2 de la clase Mini 6.50, una prueba de largo recorrido y gran exigencia t\u00e9cnica.<\/p>\n<p style=\"font-weight: 400;\">A estas competiciones nacionales e internacionales se suman las regatas que ya son tradici\u00f3n en el Real Club Mar\u00edtimo de Melilla y que, a\u00f1o tras a\u00f1o, llenan de palos y velas la bah\u00eda melillense, como el\u00a0Trofeo Primavera,\u00a0Trofeo Virgen del Carmen,\u00a0Regata de Feria\u00a0y el\u00a0Trofeo Joyas Victoria \u2013 Regata de Navidad. Asimismo, el calendario incluye citas emblem\u00e1ticas como el\u00a0Memorial Comodoro Pinori\u00a0y la\u00a0Regata Delegaci\u00f3n de Defensa.<\/p>\n<p style=\"font-weight: 400;\">Con este programa, el Real Club Mar\u00edtimo de Melilla reafirma su compromiso con la\u00a0promoci\u00f3n del deporte n\u00e1utico, la proyecci\u00f3n exterior de la ciudad y el impulso de la vela como uno de los grandes referentes deportivos y sociales de Melilla.<\/p>\n","protected":false},"excerpt":{"rendered":"<p>El Real Club Mar\u00edtimo de Melilla ha configurado para 2026 un\u00a0ambicioso calendario de eventos n\u00e1uticos, consolidando a la ciudad aut\u00f3noma como uno de los escenarios de referencia del panorama nacional e internacional de la vela. Durante el pr\u00f3ximo a\u00f1o, Melilla ser\u00e1 sede no solo de\u00a0competiciones oficiales de la Federaci\u00f3n Espa\u00f1ola de Vela, sino tambi\u00e9n de [&hellip;]<\/p>\n","protected":false},"author":1,"featured_media":26975,"comment_status":"open","ping_status":"open","sticky":false,"template":"","format":"standard","meta":{"_acf_changed":false,"footnotes":""},"categories":[38],"tags":[],"class_list":["post-26974","post","type-post","status-publish","format-standard","has-post-thumbnail","hentry","category-nautica"],"acf":[],"yoast_head":"<!-- This site is optimized with the Yoast SEO plugin v27.5 - https:\/\/yoast.com\/product\/yoast-seo-wordpress\/ -->\n<title>Un 2026 lleno de importantes n\u00e1uticas organizadas por el RCMM - Real Club Mar\u00edtimo de Melilla<\/title>\n<meta name=\"description\" content=\"El Real Club Mar\u00edtimo de Melilla ha configurado para 2026 un\u00a0ambicioso calendario de eventos n\u00e1uticos\" \/>\n<meta name=\"robots\" content=\"index, follow, max-snippet:-1, max-image-preview:large, max-video-preview:-1\" \/>\n<link rel=\"canonical\" href=\"https:\/\/www.realclubmaritimomelilla.es\/clmar\/un-2026-lleno-de-importantes-nauticas-organizadas-por-el-rcmm\/\" \/>\n<meta property=\"og:locale\" content=\"es_ES\" \/>\n<meta property=\"og:type\" content=\"article\" \/>\n<meta property=\"og:title\" content=\"Un 2026 lleno de importantes n\u00e1uticas organizadas por el RCMM - Real Club Mar\u00edtimo de Melilla\" \/>\n<meta property=\"og:description\" content=\"El Real Club Mar\u00edtimo de Melilla ha configurado para 2026 un\u00a0ambicioso calendario de eventos n\u00e1uticos\" \/>\n<meta property=\"og:url\" content=\"https:\/\/www.realclubmaritimomelilla.es\/clmar\/un-2026-lleno-de-importantes-nauticas-organizadas-por-el-rcmm\/\" \/>\n<meta property=\"og:site_name\" content=\"Real Club Mar\u00edtimo de Melilla\" \/>\n<meta property=\"article:publisher\" content=\"https:\/\/www.facebook.com\/Real-Club-Mar%c3%adtimo-de-Melilla-588495841234214\/\" \/>\n<meta property=\"article:published_time\" content=\"2026-01-07T19:08:49+00:00\" \/>\n<meta property=\"article:modified_time\" content=\"2026-01-26T15:31:29+00:00\" \/>\n<meta property=\"og:image\" content=\"https:\/\/www.realclubmaritimomelilla.es\/clmar\/wp-content\/uploads\/Citas-Nauticas-scaled.webp\" \/>\n\t<meta property=\"og:image:width\" content=\"2560\" \/>\n\t<meta property=\"og:image:height\" content=\"1707\" \/>\n\t<meta property=\"og:image:type\" content=\"image\/jpeg\" \/>\n<meta name=\"author\" content=\"RCMMelilla\" \/>\n<meta name=\"twitter:card\" content=\"summary_large_image\" \/>\n<meta name=\"twitter:creator\" content=\"@nauticarcmm\" \/>\n<meta name=\"twitter:site\" content=\"@nauticarcmm\" \/>\n<meta name=\"twitter:label1\" content=\"Escrito por\" \/>\n\t<meta name=\"twitter:data1\" content=\"RCMMelilla\" \/>\n\t<meta name=\"twitter:label2\" content=\"Tiempo de lectura\" \/>\n\t<meta name=\"twitter:data2\" content=\"2 minutos\" \/>\n<script type=\"application\/ld+json\" class=\"yoast-schema-graph\">{\"@context\":\"https:\\\/\\\/schema.org\",\"@graph\":[{\"@type\":\"Article\",\"@id\":\"https:\\\/\\\/www.realclubmaritimomelilla.es\\\/clmar\\\/un-2026-lleno-de-importantes-nauticas-organizadas-por-el-rcmm\\\/#article\",\"isPartOf\":{\"@id\":\"https:\\\/\\\/www.realclubmaritimomelilla.es\\\/clmar\\\/un-2026-lleno-de-importantes-nauticas-organizadas-por-el-rcmm\\\/\"},\"author\":{\"name\":\"RCMMelilla\",\"@id\":\"https:\\\/\\\/www.realclubmaritimomelilla.es\\\/clmar\\\/#\\\/schema\\\/person\\\/ebaa3713496dc6d48c872452e73a8e79\"},\"headline\":\"Un 2026 lleno de importantes n\u00e1uticas organizadas por el RCMM\",\"datePublished\":\"2026-01-07T19:08:49+00:00\",\"dateModified\":\"2026-01-26T15:31:29+00:00\",\"mainEntityOfPage\":{\"@id\":\"https:\\\/\\\/www.realclubmaritimomelilla.es\\\/clmar\\\/un-2026-lleno-de-importantes-nauticas-organizadas-por-el-rcmm\\\/\"},\"wordCount\":429,\"commentCount\":0,\"publisher\":{\"@id\":\"https:\\\/\\\/www.realclubmaritimomelilla.es\\\/clmar\\\/#organization\"},\"image\":{\"@id\":\"https:\\\/\\\/www.realclubmaritimomelilla.es\\\/clmar\\\/un-2026-lleno-de-importantes-nauticas-organizadas-por-el-rcmm\\\/#primaryimage\"},\"thumbnailUrl\":\"https:\\\/\\\/www.realclubmaritimomelilla.es\\\/clmar\\\/wp-content\\\/uploads\\\/Citas-Nauticas-scaled.webp\",\"articleSection\":[\"N\u00e1utica\"],\"inLanguage\":\"es\",\"potentialAction\":[{\"@type\":\"CommentAction\",\"name\":\"Comment\",\"target\":[\"https:\\\/\\\/www.realclubmaritimomelilla.es\\\/clmar\\\/un-2026-lleno-de-importantes-nauticas-organizadas-por-el-rcmm\\\/#respond\"]}]},{\"@type\":\"WebPage\",\"@id\":\"https:\\\/\\\/www.realclubmaritimomelilla.es\\\/clmar\\\/un-2026-lleno-de-importantes-nauticas-organizadas-por-el-rcmm\\\/\",\"url\":\"https:\\\/\\\/www.realclubmaritimomelilla.es\\\/clmar\\\/un-2026-lleno-de-importantes-nauticas-organizadas-por-el-rcmm\\\/\",\"name\":\"Un 2026 lleno de importantes n\u00e1uticas organizadas por el RCMM - Real Club Mar\u00edtimo de Melilla\",\"isPartOf\":{\"@id\":\"https:\\\/\\\/www.realclubmaritimomelilla.es\\\/clmar\\\/#website\"},\"primaryImageOfPage\":{\"@id\":\"https:\\\/\\\/www.realclubmaritimomelilla.es\\\/clmar\\\/un-2026-lleno-de-importantes-nauticas-organizadas-por-el-rcmm\\\/#primaryimage\"},\"image\":{\"@id\":\"https:\\\/\\\/www.realclubmaritimomelilla.es\\\/clmar\\\/un-2026-lleno-de-importantes-nauticas-organizadas-por-el-rcmm\\\/#primaryimage\"},\"thumbnailUrl\":\"https:\\\/\\\/www.realclubmaritimomelilla.es\\\/clmar\\\/wp-content\\\/uploads\\\/Citas-Nauticas-scaled.webp\",\"datePublished\":\"2026-01-07T19:08:49+00:00\",\"dateModified\":\"2026-01-26T15:31:29+00:00\",\"description\":\"El Real Club Mar\u00edtimo de Melilla ha configurado para 2026 un\u00a0ambicioso calendario de eventos n\u00e1uticos\",\"breadcrumb\":{\"@id\":\"https:\\\/\\\/www.realclubmaritimomelilla.es\\\/clmar\\\/un-2026-lleno-de-importantes-nauticas-organizadas-por-el-rcmm\\\/#breadcrumb\"},\"inLanguage\":\"es\",\"potentialAction\":[{\"@type\":\"ReadAction\",\"target\":[\"https:\\\/\\\/www.realclubmaritimomelilla.es\\\/clmar\\\/un-2026-lleno-de-importantes-nauticas-organizadas-por-el-rcmm\\\/\"]}]},{\"@type\":\"ImageObject\",\"inLanguage\":\"es\",\"@id\":\"https:\\\/\\\/www.realclubmaritimomelilla.es\\\/clmar\\\/un-2026-lleno-de-importantes-nauticas-organizadas-por-el-rcmm\\\/#primaryimage\",\"url\":\"https:\\\/\\\/www.realclubmaritimomelilla.es\\\/clmar\\\/wp-content\\\/uploads\\\/Citas-Nauticas-scaled.webp\",\"contentUrl\":\"https:\\\/\\\/www.realclubmaritimomelilla.es\\\/clmar\\\/wp-content\\\/uploads\\\/Citas-Nauticas-scaled.webp\",\"width\":2560,\"height\":1707},{\"@type\":\"BreadcrumbList\",\"@id\":\"https:\\\/\\\/www.realclubmaritimomelilla.es\\\/clmar\\\/un-2026-lleno-de-importantes-nauticas-organizadas-por-el-rcmm\\\/#breadcrumb\",\"itemListElement\":[{\"@type\":\"ListItem\",\"position\":1,\"name\":\"Portada\",\"item\":\"https:\\\/\\\/www.realclubmaritimomelilla.es\\\/clmar\\\/\"},{\"@type\":\"ListItem\",\"position\":2,\"name\":\"Un 2026 lleno de importantes n\u00e1uticas organizadas por el RCMM\"}]},{\"@type\":\"WebSite\",\"@id\":\"https:\\\/\\\/www.realclubmaritimomelilla.es\\\/clmar\\\/#website\",\"url\":\"https:\\\/\\\/www.realclubmaritimomelilla.es\\\/clmar\\\/\",\"name\":\"Real Club Mar\u00edtimo de Melilla\",\"description\":\"RCMM\",\"publisher\":{\"@id\":\"https:\\\/\\\/www.realclubmaritimomelilla.es\\\/clmar\\\/#organization\"},\"alternateName\":\"RCMM\",\"potentialAction\":[{\"@type\":\"SearchAction\",\"target\":{\"@type\":\"EntryPoint\",\"urlTemplate\":\"https:\\\/\\\/www.realclubmaritimomelilla.es\\\/clmar\\\/?s={search_term_string}\"},\"query-input\":{\"@type\":\"PropertyValueSpecification\",\"valueRequired\":true,\"valueName\":\"search_term_string\"}}],\"inLanguage\":\"es\"},{\"@type\":\"Organization\",\"@id\":\"https:\\\/\\\/www.realclubmaritimomelilla.es\\\/clmar\\\/#organization\",\"name\":\"Real Club Mar\u00edtimo de Melilla\",\"alternateName\":\"RCMM\",\"url\":\"https:\\\/\\\/www.realclubmaritimomelilla.es\\\/clmar\\\/\",\"logo\":{\"@type\":\"ImageObject\",\"inLanguage\":\"es\",\"@id\":\"https:\\\/\\\/www.realclubmaritimomelilla.es\\\/clmar\\\/#\\\/schema\\\/logo\\\/image\\\/\",\"url\":\"https:\\\/\\\/www.realclubmaritimomelilla.es\\\/clmar\\\/wp-content\\\/uploads\\\/logo-club-original-copia.jpg\",\"contentUrl\":\"https:\\\/\\\/www.realclubmaritimomelilla.es\\\/clmar\\\/wp-content\\\/uploads\\\/logo-club-original-copia.jpg\",\"width\":128,\"height\":89,\"caption\":\"Real Club Mar\u00edtimo de Melilla\"},\"image\":{\"@id\":\"https:\\\/\\\/www.realclubmaritimomelilla.es\\\/clmar\\\/#\\\/schema\\\/logo\\\/image\\\/\"},\"sameAs\":[\"https:\\\/\\\/www.facebook.com\\\/Real-Club-Mar\u00edtimo-de-Melilla-588495841234214\\\/\",\"https:\\\/\\\/x.com\\\/nauticarcmm\",\"https:\\\/\\\/www.instagram.com\\\/club_maritimo_melilla\\\/\",\"https:\\\/\\\/www.youtube.com\\\/@realclubmaritimodemelilla4703\",\"https:\\\/\\\/es.wikipedia.org\\\/wiki\\\/Real_Club_Mar\u00edtimo_de_Melilla\"]},{\"@type\":\"Person\",\"@id\":\"https:\\\/\\\/www.realclubmaritimomelilla.es\\\/clmar\\\/#\\\/schema\\\/person\\\/ebaa3713496dc6d48c872452e73a8e79\",\"name\":\"RCMMelilla\",\"image\":{\"@type\":\"ImageObject\",\"inLanguage\":\"es\",\"@id\":\"https:\\\/\\\/secure.gravatar.com\\\/avatar\\\/df1c24789360fb9308735c4ee556fc2bc5bf924bf01e53043b8b97ba272da33c?s=96&d=mm&r=g\",\"url\":\"https:\\\/\\\/secure.gravatar.com\\\/avatar\\\/df1c24789360fb9308735c4ee556fc2bc5bf924bf01e53043b8b97ba272da33c?s=96&d=mm&r=g\",\"contentUrl\":\"https:\\\/\\\/secure.gravatar.com\\\/avatar\\\/df1c24789360fb9308735c4ee556fc2bc5bf924bf01e53043b8b97ba272da33c?s=96&d=mm&r=g\",\"caption\":\"RCMMelilla\"}}]}<\/script>\n<!-- \/ Yoast SEO plugin. -->","yoast_head_json":{"title":"Un 2026 lleno de importantes n\u00e1uticas organizadas por el RCMM - Real Club Mar\u00edtimo de Melilla","description":"El Real Club Mar\u00edtimo de Melilla ha configurado para 2026 un\u00a0ambicioso calendario de eventos n\u00e1uticos","robots":{"index":"index","follow":"follow","max-snippet":"max-snippet:-1","max-image-preview":"max-image-preview:large","max-video-preview":"max-video-preview:-1"},"canonical":"https:\/\/www.realclubmaritimomelilla.es\/clmar\/un-2026-lleno-de-importantes-nauticas-organizadas-por-el-rcmm\/","og_locale":"es_ES","og_type":"article","og_title":"Un 2026 lleno de importantes n\u00e1uticas organizadas por el RCMM - Real Club Mar\u00edtimo de Melilla","og_description":"El Real Club Mar\u00edtimo de Melilla ha configurado para 2026 un\u00a0ambicioso calendario de eventos n\u00e1uticos","og_url":"https:\/\/www.realclubmaritimomelilla.es\/clmar\/un-2026-lleno-de-importantes-nauticas-organizadas-por-el-rcmm\/","og_site_name":"Real Club Mar\u00edtimo de Melilla","article_publisher":"https:\/\/www.facebook.com\/Real-Club-Mar%c3%adtimo-de-Melilla-588495841234214\/","article_published_time":"2026-01-07T19:08:49+00:00","article_modified_time":"2026-01-26T15:31:29+00:00","og_image":[{"width":2560,"height":1707,"url":"https:\/\/www.realclubmaritimomelilla.es\/clmar\/wp-content\/uploads\/Citas-Nauticas-scaled.webp","type":"image\/jpeg"}],"author":"RCMMelilla","twitter_card":"summary_large_image","twitter_creator":"@nauticarcmm","twitter_site":"@nauticarcmm","twitter_misc":{"Escrito por":"RCMMelilla","Tiempo de lectura":"2 minutos"},"schema":{"@context":"https:\/\/schema.org","@graph":[{"@type":"Article","@id":"https:\/\/www.realclubmaritimomelilla.es\/clmar\/un-2026-lleno-de-importantes-nauticas-organizadas-por-el-rcmm\/#article","isPartOf":{"@id":"https:\/\/www.realclubmaritimomelilla.es\/clmar\/un-2026-lleno-de-importantes-nauticas-organizadas-por-el-rcmm\/"},"author":{"name":"RCMMelilla","@id":"https:\/\/www.realclubmaritimomelilla.es\/clmar\/#\/schema\/person\/ebaa3713496dc6d48c872452e73a8e79"},"headline":"Un 2026 lleno de importantes n\u00e1uticas organizadas por el RCMM","datePublished":"2026-01-07T19:08:49+00:00","dateModified":"2026-01-26T15:31:29+00:00","mainEntityOfPage":{"@id":"https:\/\/www.realclubmaritimomelilla.es\/clmar\/un-2026-lleno-de-importantes-nauticas-organizadas-por-el-rcmm\/"},"wordCount":429,"commentCount":0,"publisher":{"@id":"https:\/\/www.realclubmaritimomelilla.es\/clmar\/#organization"},"image":{"@id":"https:\/\/www.realclubmaritimomelilla.es\/clmar\/un-2026-lleno-de-importantes-nauticas-organizadas-por-el-rcmm\/#primaryimage"},"thumbnailUrl":"https:\/\/www.realclubmaritimomelilla.es\/clmar\/wp-content\/uploads\/Citas-Nauticas-scaled.webp","articleSection":["N\u00e1utica"],"inLanguage":"es","potentialAction":[{"@type":"CommentAction","name":"Comment","target":["https:\/\/www.realclubmaritimomelilla.es\/clmar\/un-2026-lleno-de-importantes-nauticas-organizadas-por-el-rcmm\/#respond"]}]},{"@type":"WebPage","@id":"https:\/\/www.realclubmaritimomelilla.es\/clmar\/un-2026-lleno-de-importantes-nauticas-organizadas-por-el-rcmm\/","url":"https:\/\/www.realclubmaritimomelilla.es\/clmar\/un-2026-lleno-de-importantes-nauticas-organizadas-por-el-rcmm\/","name":"Un 2026 lleno de importantes n\u00e1uticas organizadas por el RCMM - Real Club Mar\u00edtimo de Melilla","isPartOf":{"@id":"https:\/\/www.realclubmaritimomelilla.es\/clmar\/#website"},"primaryImageOfPage":{"@id":"https:\/\/www.realclubmaritimomelilla.es\/clmar\/un-2026-lleno-de-importantes-nauticas-organizadas-por-el-rcmm\/#primaryimage"},"image":{"@id":"https:\/\/www.realclubmaritimomelilla.es\/clmar\/un-2026-lleno-de-importantes-nauticas-organizadas-por-el-rcmm\/#primaryimage"},"thumbnailUrl":"https:\/\/www.realclubmaritimomelilla.es\/clmar\/wp-content\/uploads\/Citas-Nauticas-scaled.webp","datePublished":"2026-01-07T19:08:49+00:00","dateModified":"2026-01-26T15:31:29+00:00","description":"El Real Club Mar\u00edtimo de Melilla ha configurado para 2026 un\u00a0ambicioso calendario de eventos n\u00e1uticos","breadcrumb":{"@id":"https:\/\/www.realclubmaritimomelilla.es\/clmar\/un-2026-lleno-de-importantes-nauticas-organizadas-por-el-rcmm\/#breadcrumb"},"inLanguage":"es","potentialAction":[{"@type":"ReadAction","target":["https:\/\/www.realclubmaritimomelilla.es\/clmar\/un-2026-lleno-de-importantes-nauticas-organizadas-por-el-rcmm\/"]}]},{"@type":"ImageObject","inLanguage":"es","@id":"https:\/\/www.realclubmaritimomelilla.es\/clmar\/un-2026-lleno-de-importantes-nauticas-organizadas-por-el-rcmm\/#primaryimage","url":"https:\/\/www.realclubmaritimomelilla.es\/clmar\/wp-content\/uploads\/Citas-Nauticas-scaled.webp","contentUrl":"https:\/\/www.realclubmaritimomelilla.es\/clmar\/wp-content\/uploads\/Citas-Nauticas-scaled.webp","width":2560,"height":1707},{"@type":"BreadcrumbList","@id":"https:\/\/www.realclubmaritimomelilla.es\/clmar\/un-2026-lleno-de-importantes-nauticas-organizadas-por-el-rcmm\/#breadcrumb","itemListElement":[{"@type":"ListItem","position":1,"name":"Portada","item":"https:\/\/www.realclubmaritimomelilla.es\/clmar\/"},{"@type":"ListItem","position":2,"name":"Un 2026 lleno de importantes n\u00e1uticas organizadas por el RCMM"}]},{"@type":"WebSite","@id":"https:\/\/www.realclubmaritimomelilla.es\/clmar\/#website","url":"https:\/\/www.realclubmaritimomelilla.es\/clmar\/","name":"Real Club Mar\u00edtimo de Melilla","description":"RCMM","publisher":{"@id":"https:\/\/www.realclubmaritimomelilla.es\/clmar\/#organization"},"alternateName":"RCMM","potentialAction":[{"@type":"SearchAction","target":{"@type":"EntryPoint","urlTemplate":"https:\/\/www.realclubmaritimomelilla.es\/clmar\/?s={search_term_string}"},"query-input":{"@type":"PropertyValueSpecification","valueRequired":true,"valueName":"search_term_string"}}],"inLanguage":"es"},{"@type":"Organization","@id":"https:\/\/www.realclubmaritimomelilla.es\/clmar\/#organization","name":"Real Club Mar\u00edtimo de Melilla","alternateName":"RCMM","url":"https:\/\/www.realclubmaritimomelilla.es\/clmar\/","logo":{"@type":"ImageObject","inLanguage":"es","@id":"https:\/\/www.realclubmaritimomelilla.es\/clmar\/#\/schema\/logo\/image\/","url":"https:\/\/www.realclubmaritimomelilla.es\/clmar\/wp-content\/uploads\/logo-club-original-copia.jpg","contentUrl":"https:\/\/www.realclubmaritimomelilla.es\/clmar\/wp-content\/uploads\/logo-club-original-copia.jpg","width":128,"height":89,"caption":"Real Club Mar\u00edtimo de Melilla"},"image":{"@id":"https:\/\/www.realclubmaritimomelilla.es\/clmar\/#\/schema\/logo\/image\/"},"sameAs":["https:\/\/www.facebook.com\/Real-Club-Mar\u00edtimo-de-Melilla-588495841234214\/","https:\/\/x.com\/nauticarcmm","https:\/\/www.instagram.com\/club_maritimo_melilla\/","https:\/\/www.youtube.com\/@realclubmaritimodemelilla4703","https:\/\/es.wikipedia.org\/wiki\/Real_Club_Mar\u00edtimo_de_Melilla"]},{"@type":"Person","@id":"https:\/\/www.realclubmaritimomelilla.es\/clmar\/#\/schema\/person\/ebaa3713496dc6d48c872452e73a8e79","name":"RCMMelilla","image":{"@type":"ImageObject","inLanguage":"es","@id":"https:\/\/secure.gravatar.com\/avatar\/df1c24789360fb9308735c4ee556fc2bc5bf924bf01e53043b8b97ba272da33c?s=96&d=mm&r=g","url":"https:\/\/secure.gravatar.com\/avatar\/df1c24789360fb9308735c4ee556fc2bc5bf924bf01e53043b8b97ba272da33c?s=96&d=mm&r=g","contentUrl":"https:\/\/secure.gravatar.com\/avatar\/df1c24789360fb9308735c4ee556fc2bc5bf924bf01e53043b8b97ba272da33c?s=96&d=mm&r=g","caption":"RCMMelilla"}}]}},"_links":{"self":[{"href":"https:\/\/www.realclubmaritimomelilla.es\/clmar\/wp-json\/wp\/v2\/posts\/26974","targetHints":{"allow":["GET"]}}],"collection":[{"href":"https:\/\/www.realclubmaritimomelilla.es\/clmar\/wp-json\/wp\/v2\/posts"}],"about":[{"href":"https:\/\/www.realclubmaritimomelilla.es\/clmar\/wp-json\/wp\/v2\/types\/post"}],"author":[{"embeddable":true,"href":"https:\/\/www.realclubmaritimomelilla.es\/clmar\/wp-json\/wp\/v2\/users\/1"}],"replies":[{"embeddable":true,"href":"https:\/\/www.realclubmaritimomelilla.es\/clmar\/wp-json\/wp\/v2\/comments?post=26974"}],"version-history":[{"count":1,"href":"https:\/\/www.realclubmaritimomelilla.es\/clmar\/wp-json\/wp\/v2\/posts\/26974\/revisions"}],"predecessor-version":[{"id":26976,"href":"https:\/\/www.realclubmaritimomelilla.es\/clmar\/wp-json\/wp\/v2\/posts\/26974\/revisions\/26976"}],"wp:featuredmedia":[{"embeddable":true,"href":"https:\/\/www.realclubmaritimomelilla.es\/clmar\/wp-json\/wp\/v2\/media\/26975"}],"wp:attachment":[{"href":"https:\/\/www.realclubmaritimomelilla.es\/clmar\/wp-json\/wp\/v2\/media?parent=26974"}],"wp:term":[{"taxonomy":"category","embeddable":true,"href":"https:\/\/www.realclubmaritimomelilla.es\/clmar\/wp-json\/wp\/v2\/categories?post=26974"},{"taxonomy":"post_tag","embeddable":true,"href":"https:\/\/www.realclubmaritimomelilla.es\/clmar\/wp-json\/wp\/v2\/tags?post=26974"}],"curies":[{"name":"wp","href":"https:\/\/api.w.org\/{rel}","templated":true}]}}