{"id":26961,"date":"2026-01-07T20:05:05","date_gmt":"2026-01-07T19:05:05","guid":{"rendered":"https:\/\/www.realclubmaritimomelilla.es\/clmar\/?p=26961"},"modified":"2026-01-26T16:28:54","modified_gmt":"2026-01-26T15:28:54","slug":"el-rcmm-participa-en-la-v-remada-de-fin-de-ano-organizada-por-a-mar-surfing","status":"publish","type":"post","link":"https:\/\/www.realclubmaritimomelilla.es\/clmar\/el-rcmm-participa-en-la-v-remada-de-fin-de-ano-organizada-por-a-mar-surfing\/","title":{"rendered":"El RCMM participa en la V Remada de Fin de A\u00f1o organizada por A Mar Surfing"},"content":{"rendered":"<p style=\"font-weight: 400;\">Una representaci\u00f3n del\u00a0Real Club Mar\u00edtimo de Melilla, a trav\u00e9s de su secci\u00f3n de\u00a0Barco Drag\u00f3n, particip\u00f3 el pasado\u00a031 de diciembre\u00a0en la\u00a0quinta edici\u00f3n de la \u201cRemada de Fin de A\u00f1o\u201d, organizada por el club\u00a0A Mar Surfing, una cita que se ha consolidado en los \u00faltimos a\u00f1os como una forma deportiva y simb\u00f3lica de despedir el a\u00f1o.<\/p>\n<p style=\"font-weight: 400;\" data-start=\"533\" data-end=\"853\">La jornada, con la que se puso punto final a\u00a02025, consisti\u00f3 en una actividad de\u00a0stand up paddle\u00a0en la que este a\u00f1o se cont\u00f3, como novedad destacada, con la participaci\u00f3n de\u00a0dos barcos drag\u00f3n del RCMM. Desde el club organizador subrayaron que esta presencia \u201cdio un toque muy m\u00edstico y especial a la remada\u201d.<\/p>\n<p style=\"font-weight: 400;\" data-start=\"855\" data-end=\"1305\">M\u00e1s de\u00a040 personas, de todas las edades, se sumaron a esta actividad, en una ma\u00f1ana en la que la meteorolog\u00eda ofreci\u00f3 una tregua que permiti\u00f3 disfrutar del mar y del entorno. El recorrido discurri\u00f3 por las playas de la\u00a0H\u00edpica, C\u00e1rabos y San Lorenzo, donde se llev\u00f3 a cabo el tradicional\u00a0circuito ceremonial de despedida del a\u00f1o, antes de regresar nuevamente a la playa de la H\u00edpica para finalizar la jornada con un brindis sobre la arena.<\/p>\n<p style=\"font-weight: 400;\" data-start=\"1307\" data-end=\"1548\">Con esta participaci\u00f3n, el Real Club Mar\u00edtimo de Melilla contin\u00faa apoyando iniciativas deportivas y sociales vinculadas al mar, fomentando la convivencia entre clubes y la pr\u00e1ctica de deportes n\u00e1uticos en un ambiente festivo y participativo.<\/p>\n\n\t\t<style type=\"text\/css\">\n\t\t\t#gallery-1 {\n\t\t\t\tmargin: auto;\n\t\t\t}\n\t\t\t#gallery-1 .gallery-item {\n\t\t\t\tfloat: left;\n\t\t\t\tmargin-top: 10px;\n\t\t\t\ttext-align: center;\n\t\t\t\twidth: 50%;\n\t\t\t}\n\t\t\t#gallery-1 img {\n\t\t\t\tborder: 2px solid #cfcfcf;\n\t\t\t}\n\t\t\t#gallery-1 .gallery-caption {\n\t\t\t\tmargin-left: 0;\n\t\t\t}\n\t\t\t\/* see gallery_shortcode() in wp-includes\/media.php *\/\n\t\t<\/style>\n\t\t<div id='gallery-1' class='gallery galleryid-26961 gallery-columns-2 gallery-size-full'><dl class='gallery-item'>\n\t\t\t<dt class='gallery-icon landscape'>\n\t\t\t\t<a data-rel=\"iLightbox[postimages]\" data-title=\"drag\u00f3n1\" data-caption=\"\" href='https:\/\/www.realclubmaritimomelilla.es\/clmar\/el-rcmm-participa-en-la-v-remada-de-fin-de-ano-organizada-por-a-mar-surfing\/dragon1\/'><img decoding=\"async\" width=\"968\" height=\"545\" src=\"https:\/\/www.realclubmaritimomelilla.es\/clmar\/wp-content\/uploads\/dragon1.webp\" class=\"attachment-full size-full\" alt=\"\" srcset=\"https:\/\/www.realclubmaritimomelilla.es\/clmar\/wp-content\/uploads\/dragon1-200x113.webp 200w, https:\/\/www.realclubmaritimomelilla.es\/clmar\/wp-content\/uploads\/dragon1-300x169.webp 300w, https:\/\/www.realclubmaritimomelilla.es\/clmar\/wp-content\/uploads\/dragon1-400x225.webp 400w, https:\/\/www.realclubmaritimomelilla.es\/clmar\/wp-content\/uploads\/dragon1-600x338.webp 600w, https:\/\/www.realclubmaritimomelilla.es\/clmar\/wp-content\/uploads\/dragon1-768x432.webp 768w, https:\/\/www.realclubmaritimomelilla.es\/clmar\/wp-content\/uploads\/dragon1-800x450.webp 800w, https:\/\/www.realclubmaritimomelilla.es\/clmar\/wp-content\/uploads\/dragon1.webp 968w\" sizes=\"(max-width: 968px) 100vw, 968px\" \/><\/a>\n\t\t\t<\/dt><\/dl><dl class='gallery-item'>\n\t\t\t<dt class='gallery-icon landscape'>\n\t\t\t\t<a data-rel=\"iLightbox[postimages]\" data-title=\"drag\u00f3n2\" data-caption=\"\" href='https:\/\/www.realclubmaritimomelilla.es\/clmar\/el-rcmm-participa-en-la-v-remada-de-fin-de-ano-organizada-por-a-mar-surfing\/dragon2-2\/'><img decoding=\"async\" width=\"1600\" height=\"1066\" src=\"https:\/\/www.realclubmaritimomelilla.es\/clmar\/wp-content\/uploads\/dragon2-1.webp\" class=\"attachment-full size-full\" alt=\"\" srcset=\"https:\/\/www.realclubmaritimomelilla.es\/clmar\/wp-content\/uploads\/dragon2-1-200x133.webp 200w, https:\/\/www.realclubmaritimomelilla.es\/clmar\/wp-content\/uploads\/dragon2-1-300x200.webp 300w, https:\/\/www.realclubmaritimomelilla.es\/clmar\/wp-content\/uploads\/dragon2-1-400x267.webp 400w, https:\/\/www.realclubmaritimomelilla.es\/clmar\/wp-content\/uploads\/dragon2-1-600x400.webp 600w, https:\/\/www.realclubmaritimomelilla.es\/clmar\/wp-content\/uploads\/dragon2-1-768x512.webp 768w, https:\/\/www.realclubmaritimomelilla.es\/clmar\/wp-content\/uploads\/dragon2-1-800x533.webp 800w, https:\/\/www.realclubmaritimomelilla.es\/clmar\/wp-content\/uploads\/dragon2-1-1024x682.webp 1024w, https:\/\/www.realclubmaritimomelilla.es\/clmar\/wp-content\/uploads\/dragon2-1-1200x800.webp 1200w, https:\/\/www.realclubmaritimomelilla.es\/clmar\/wp-content\/uploads\/dragon2-1-1536x1023.webp 1536w, https:\/\/www.realclubmaritimomelilla.es\/clmar\/wp-content\/uploads\/dragon2-1.webp 1600w\" sizes=\"(max-width: 1600px) 100vw, 1600px\" \/><\/a>\n\t\t\t<\/dt><\/dl><br style=\"clear: both\" \/><dl class='gallery-item'>\n\t\t\t<dt class='gallery-icon landscape'>\n\t\t\t\t<a data-rel=\"iLightbox[postimages]\" data-title=\"drag\u00f3n3\" data-caption=\"\" href='https:\/\/www.realclubmaritimomelilla.es\/clmar\/el-rcmm-participa-en-la-v-remada-de-fin-de-ano-organizada-por-a-mar-surfing\/dragon3-2\/'><img decoding=\"async\" width=\"1600\" height=\"1066\" src=\"https:\/\/www.realclubmaritimomelilla.es\/clmar\/wp-content\/uploads\/dragon3-1.webp\" class=\"attachment-full size-full\" alt=\"\" srcset=\"https:\/\/www.realclubmaritimomelilla.es\/clmar\/wp-content\/uploads\/dragon3-1-200x133.webp 200w, https:\/\/www.realclubmaritimomelilla.es\/clmar\/wp-content\/uploads\/dragon3-1-300x200.webp 300w, https:\/\/www.realclubmaritimomelilla.es\/clmar\/wp-content\/uploads\/dragon3-1-400x267.webp 400w, https:\/\/www.realclubmaritimomelilla.es\/clmar\/wp-content\/uploads\/dragon3-1-600x400.webp 600w, https:\/\/www.realclubmaritimomelilla.es\/clmar\/wp-content\/uploads\/dragon3-1-768x512.webp 768w, https:\/\/www.realclubmaritimomelilla.es\/clmar\/wp-content\/uploads\/dragon3-1-800x533.webp 800w, https:\/\/www.realclubmaritimomelilla.es\/clmar\/wp-content\/uploads\/dragon3-1-1024x682.webp 1024w, https:\/\/www.realclubmaritimomelilla.es\/clmar\/wp-content\/uploads\/dragon3-1-1200x800.webp 1200w, https:\/\/www.realclubmaritimomelilla.es\/clmar\/wp-content\/uploads\/dragon3-1-1536x1023.webp 1536w, https:\/\/www.realclubmaritimomelilla.es\/clmar\/wp-content\/uploads\/dragon3-1.webp 1600w\" sizes=\"(max-width: 1600px) 100vw, 1600px\" \/><\/a>\n\t\t\t<\/dt><\/dl><dl class='gallery-item'>\n\t\t\t<dt class='gallery-icon landscape'>\n\t\t\t\t<a data-rel=\"iLightbox[postimages]\" data-title=\"drag\u00f3n4\" data-caption=\"\" href='https:\/\/www.realclubmaritimomelilla.es\/clmar\/el-rcmm-participa-en-la-v-remada-de-fin-de-ano-organizada-por-a-mar-surfing\/dragon4-2\/'><img decoding=\"async\" width=\"1600\" height=\"1066\" src=\"https:\/\/www.realclubmaritimomelilla.es\/clmar\/wp-content\/uploads\/dragon4-1.webp\" class=\"attachment-full size-full\" alt=\"\" srcset=\"https:\/\/www.realclubmaritimomelilla.es\/clmar\/wp-content\/uploads\/dragon4-1-200x133.webp 200w, https:\/\/www.realclubmaritimomelilla.es\/clmar\/wp-content\/uploads\/dragon4-1-300x200.webp 300w, https:\/\/www.realclubmaritimomelilla.es\/clmar\/wp-content\/uploads\/dragon4-1-400x267.webp 400w, https:\/\/www.realclubmaritimomelilla.es\/clmar\/wp-content\/uploads\/dragon4-1-600x400.webp 600w, https:\/\/www.realclubmaritimomelilla.es\/clmar\/wp-content\/uploads\/dragon4-1-768x512.webp 768w, https:\/\/www.realclubmaritimomelilla.es\/clmar\/wp-content\/uploads\/dragon4-1-800x533.webp 800w, https:\/\/www.realclubmaritimomelilla.es\/clmar\/wp-content\/uploads\/dragon4-1-1024x682.webp 1024w, https:\/\/www.realclubmaritimomelilla.es\/clmar\/wp-content\/uploads\/dragon4-1-1200x800.webp 1200w, https:\/\/www.realclubmaritimomelilla.es\/clmar\/wp-content\/uploads\/dragon4-1-1536x1023.webp 1536w, https:\/\/www.realclubmaritimomelilla.es\/clmar\/wp-content\/uploads\/dragon4-1.webp 1600w\" sizes=\"(max-width: 1600px) 100vw, 1600px\" \/><\/a>\n\t\t\t<\/dt><\/dl><br style=\"clear: both\" \/>\n\t\t<\/div>\n\n","protected":false},"excerpt":{"rendered":"<p>Una representaci\u00f3n del\u00a0Real Club Mar\u00edtimo de Melilla, a trav\u00e9s de su secci\u00f3n de\u00a0Barco Drag\u00f3n, particip\u00f3 el pasado\u00a031 de diciembre\u00a0en la\u00a0quinta edici\u00f3n de la \u201cRemada de Fin de A\u00f1o\u201d, organizada por el club\u00a0A Mar Surfing, una cita que se ha consolidado en los \u00faltimos a\u00f1os como una forma deportiva y simb\u00f3lica de despedir el a\u00f1o. La [&hellip;]<\/p>\n","protected":false},"author":1,"featured_media":26962,"comment_status":"open","ping_status":"open","sticky":false,"template":"","format":"standard","meta":{"_acf_changed":false,"footnotes":""},"categories":[38],"tags":[],"class_list":["post-26961","post","type-post","status-publish","format-standard","has-post-thumbnail","hentry","category-nautica"],"acf":[],"yoast_head":"<!-- This site is optimized with the Yoast SEO plugin v27.5 - https:\/\/yoast.com\/product\/yoast-seo-wordpress\/ -->\n<title>El RCMM participa en la V Remada de Fin de A\u00f1o organizada por A Mar Surfing - Real Club Mar\u00edtimo de Melilla<\/title>\n<meta name=\"description\" content=\"Una representaci\u00f3n del\u00a0Real Club Mar\u00edtimo de Melilla, a trav\u00e9s de su secci\u00f3n de\u00a0Barco Drag\u00f3n, particip\u00f3 el pasado\u00a031 de diciembre\u00a0en la\u00a0quinta edici\u00f3n de la \u201cRemada de Fin de A\u00f1o\u201d\" \/>\n<meta name=\"robots\" content=\"index, follow, max-snippet:-1, max-image-preview:large, max-video-preview:-1\" \/>\n<link rel=\"canonical\" href=\"https:\/\/www.realclubmaritimomelilla.es\/clmar\/el-rcmm-participa-en-la-v-remada-de-fin-de-ano-organizada-por-a-mar-surfing\/\" \/>\n<meta property=\"og:locale\" content=\"es_ES\" \/>\n<meta property=\"og:type\" content=\"article\" \/>\n<meta property=\"og:title\" content=\"El RCMM participa en la V Remada de Fin de A\u00f1o organizada por A Mar Surfing - Real Club Mar\u00edtimo de Melilla\" \/>\n<meta property=\"og:description\" content=\"Una representaci\u00f3n del\u00a0Real Club Mar\u00edtimo de Melilla, a trav\u00e9s de su secci\u00f3n de\u00a0Barco Drag\u00f3n, particip\u00f3 el pasado\u00a031 de diciembre\u00a0en la\u00a0quinta edici\u00f3n de la \u201cRemada de Fin de A\u00f1o\u201d\" \/>\n<meta property=\"og:url\" content=\"https:\/\/www.realclubmaritimomelilla.es\/clmar\/el-rcmm-participa-en-la-v-remada-de-fin-de-ano-organizada-por-a-mar-surfing\/\" \/>\n<meta property=\"og:site_name\" content=\"Real Club Mar\u00edtimo de Melilla\" \/>\n<meta property=\"article:publisher\" content=\"https:\/\/www.facebook.com\/Real-Club-Mar%c3%adtimo-de-Melilla-588495841234214\/\" \/>\n<meta property=\"article:published_time\" content=\"2026-01-07T19:05:05+00:00\" \/>\n<meta property=\"article:modified_time\" content=\"2026-01-26T15:28:54+00:00\" \/>\n<meta property=\"og:image\" content=\"https:\/\/www.realclubmaritimomelilla.es\/clmar\/wp-content\/uploads\/dragon-2.webp\" \/>\n\t<meta property=\"og:image:width\" content=\"1600\" \/>\n\t<meta property=\"og:image:height\" content=\"1066\" \/>\n\t<meta property=\"og:image:type\" content=\"image\/jpeg\" \/>\n<meta name=\"author\" content=\"RCMMelilla\" \/>\n<meta name=\"twitter:card\" content=\"summary_large_image\" \/>\n<meta name=\"twitter:creator\" content=\"@nauticarcmm\" \/>\n<meta name=\"twitter:site\" content=\"@nauticarcmm\" \/>\n<meta name=\"twitter:label1\" content=\"Escrito por\" \/>\n\t<meta name=\"twitter:data1\" content=\"RCMMelilla\" \/>\n\t<meta name=\"twitter:label2\" content=\"Tiempo de lectura\" \/>\n\t<meta name=\"twitter:data2\" content=\"2 minutos\" \/>\n<script type=\"application\/ld+json\" class=\"yoast-schema-graph\">{\"@context\":\"https:\\\/\\\/schema.org\",\"@graph\":[{\"@type\":\"Article\",\"@id\":\"https:\\\/\\\/www.realclubmaritimomelilla.es\\\/clmar\\\/el-rcmm-participa-en-la-v-remada-de-fin-de-ano-organizada-por-a-mar-surfing\\\/#article\",\"isPartOf\":{\"@id\":\"https:\\\/\\\/www.realclubmaritimomelilla.es\\\/clmar\\\/el-rcmm-participa-en-la-v-remada-de-fin-de-ano-organizada-por-a-mar-surfing\\\/\"},\"author\":{\"name\":\"RCMMelilla\",\"@id\":\"https:\\\/\\\/www.realclubmaritimomelilla.es\\\/clmar\\\/#\\\/schema\\\/person\\\/ebaa3713496dc6d48c872452e73a8e79\"},\"headline\":\"El RCMM participa en la V Remada de Fin de A\u00f1o organizada por A Mar Surfing\",\"datePublished\":\"2026-01-07T19:05:05+00:00\",\"dateModified\":\"2026-01-26T15:28:54+00:00\",\"mainEntityOfPage\":{\"@id\":\"https:\\\/\\\/www.realclubmaritimomelilla.es\\\/clmar\\\/el-rcmm-participa-en-la-v-remada-de-fin-de-ano-organizada-por-a-mar-surfing\\\/\"},\"wordCount\":274,\"commentCount\":0,\"publisher\":{\"@id\":\"https:\\\/\\\/www.realclubmaritimomelilla.es\\\/clmar\\\/#organization\"},\"image\":{\"@id\":\"https:\\\/\\\/www.realclubmaritimomelilla.es\\\/clmar\\\/el-rcmm-participa-en-la-v-remada-de-fin-de-ano-organizada-por-a-mar-surfing\\\/#primaryimage\"},\"thumbnailUrl\":\"https:\\\/\\\/www.realclubmaritimomelilla.es\\\/clmar\\\/wp-content\\\/uploads\\\/dragon-2.webp\",\"articleSection\":[\"N\u00e1utica\"],\"inLanguage\":\"es\",\"potentialAction\":[{\"@type\":\"CommentAction\",\"name\":\"Comment\",\"target\":[\"https:\\\/\\\/www.realclubmaritimomelilla.es\\\/clmar\\\/el-rcmm-participa-en-la-v-remada-de-fin-de-ano-organizada-por-a-mar-surfing\\\/#respond\"]}]},{\"@type\":\"WebPage\",\"@id\":\"https:\\\/\\\/www.realclubmaritimomelilla.es\\\/clmar\\\/el-rcmm-participa-en-la-v-remada-de-fin-de-ano-organizada-por-a-mar-surfing\\\/\",\"url\":\"https:\\\/\\\/www.realclubmaritimomelilla.es\\\/clmar\\\/el-rcmm-participa-en-la-v-remada-de-fin-de-ano-organizada-por-a-mar-surfing\\\/\",\"name\":\"El RCMM participa en la V Remada de Fin de A\u00f1o organizada por A Mar Surfing - Real Club Mar\u00edtimo de Melilla\",\"isPartOf\":{\"@id\":\"https:\\\/\\\/www.realclubmaritimomelilla.es\\\/clmar\\\/#website\"},\"primaryImageOfPage\":{\"@id\":\"https:\\\/\\\/www.realclubmaritimomelilla.es\\\/clmar\\\/el-rcmm-participa-en-la-v-remada-de-fin-de-ano-organizada-por-a-mar-surfing\\\/#primaryimage\"},\"image\":{\"@id\":\"https:\\\/\\\/www.realclubmaritimomelilla.es\\\/clmar\\\/el-rcmm-participa-en-la-v-remada-de-fin-de-ano-organizada-por-a-mar-surfing\\\/#primaryimage\"},\"thumbnailUrl\":\"https:\\\/\\\/www.realclubmaritimomelilla.es\\\/clmar\\\/wp-content\\\/uploads\\\/dragon-2.webp\",\"datePublished\":\"2026-01-07T19:05:05+00:00\",\"dateModified\":\"2026-01-26T15:28:54+00:00\",\"description\":\"Una representaci\u00f3n del\u00a0Real Club Mar\u00edtimo de Melilla, a trav\u00e9s de su secci\u00f3n de\u00a0Barco Drag\u00f3n, particip\u00f3 el pasado\u00a031 de diciembre\u00a0en la\u00a0quinta edici\u00f3n de la \u201cRemada de Fin de A\u00f1o\u201d\",\"breadcrumb\":{\"@id\":\"https:\\\/\\\/www.realclubmaritimomelilla.es\\\/clmar\\\/el-rcmm-participa-en-la-v-remada-de-fin-de-ano-organizada-por-a-mar-surfing\\\/#breadcrumb\"},\"inLanguage\":\"es\",\"potentialAction\":[{\"@type\":\"ReadAction\",\"target\":[\"https:\\\/\\\/www.realclubmaritimomelilla.es\\\/clmar\\\/el-rcmm-participa-en-la-v-remada-de-fin-de-ano-organizada-por-a-mar-surfing\\\/\"]}]},{\"@type\":\"ImageObject\",\"inLanguage\":\"es\",\"@id\":\"https:\\\/\\\/www.realclubmaritimomelilla.es\\\/clmar\\\/el-rcmm-participa-en-la-v-remada-de-fin-de-ano-organizada-por-a-mar-surfing\\\/#primaryimage\",\"url\":\"https:\\\/\\\/www.realclubmaritimomelilla.es\\\/clmar\\\/wp-content\\\/uploads\\\/dragon-2.webp\",\"contentUrl\":\"https:\\\/\\\/www.realclubmaritimomelilla.es\\\/clmar\\\/wp-content\\\/uploads\\\/dragon-2.webp\",\"width\":1600,\"height\":1066},{\"@type\":\"BreadcrumbList\",\"@id\":\"https:\\\/\\\/www.realclubmaritimomelilla.es\\\/clmar\\\/el-rcmm-participa-en-la-v-remada-de-fin-de-ano-organizada-por-a-mar-surfing\\\/#breadcrumb\",\"itemListElement\":[{\"@type\":\"ListItem\",\"position\":1,\"name\":\"Portada\",\"item\":\"https:\\\/\\\/www.realclubmaritimomelilla.es\\\/clmar\\\/\"},{\"@type\":\"ListItem\",\"position\":2,\"name\":\"El RCMM participa en la V Remada de Fin de A\u00f1o organizada por A Mar Surfing\"}]},{\"@type\":\"WebSite\",\"@id\":\"https:\\\/\\\/www.realclubmaritimomelilla.es\\\/clmar\\\/#website\",\"url\":\"https:\\\/\\\/www.realclubmaritimomelilla.es\\\/clmar\\\/\",\"name\":\"Real Club Mar\u00edtimo de Melilla\",\"description\":\"RCMM\",\"publisher\":{\"@id\":\"https:\\\/\\\/www.realclubmaritimomelilla.es\\\/clmar\\\/#organization\"},\"alternateName\":\"RCMM\",\"potentialAction\":[{\"@type\":\"SearchAction\",\"target\":{\"@type\":\"EntryPoint\",\"urlTemplate\":\"https:\\\/\\\/www.realclubmaritimomelilla.es\\\/clmar\\\/?s={search_term_string}\"},\"query-input\":{\"@type\":\"PropertyValueSpecification\",\"valueRequired\":true,\"valueName\":\"search_term_string\"}}],\"inLanguage\":\"es\"},{\"@type\":\"Organization\",\"@id\":\"https:\\\/\\\/www.realclubmaritimomelilla.es\\\/clmar\\\/#organization\",\"name\":\"Real Club Mar\u00edtimo de Melilla\",\"alternateName\":\"RCMM\",\"url\":\"https:\\\/\\\/www.realclubmaritimomelilla.es\\\/clmar\\\/\",\"logo\":{\"@type\":\"ImageObject\",\"inLanguage\":\"es\",\"@id\":\"https:\\\/\\\/www.realclubmaritimomelilla.es\\\/clmar\\\/#\\\/schema\\\/logo\\\/image\\\/\",\"url\":\"https:\\\/\\\/www.realclubmaritimomelilla.es\\\/clmar\\\/wp-content\\\/uploads\\\/logo-club-original-copia.jpg\",\"contentUrl\":\"https:\\\/\\\/www.realclubmaritimomelilla.es\\\/clmar\\\/wp-content\\\/uploads\\\/logo-club-original-copia.jpg\",\"width\":128,\"height\":89,\"caption\":\"Real Club Mar\u00edtimo de Melilla\"},\"image\":{\"@id\":\"https:\\\/\\\/www.realclubmaritimomelilla.es\\\/clmar\\\/#\\\/schema\\\/logo\\\/image\\\/\"},\"sameAs\":[\"https:\\\/\\\/www.facebook.com\\\/Real-Club-Mar\u00edtimo-de-Melilla-588495841234214\\\/\",\"https:\\\/\\\/x.com\\\/nauticarcmm\",\"https:\\\/\\\/www.instagram.com\\\/club_maritimo_melilla\\\/\",\"https:\\\/\\\/www.youtube.com\\\/@realclubmaritimodemelilla4703\",\"https:\\\/\\\/es.wikipedia.org\\\/wiki\\\/Real_Club_Mar\u00edtimo_de_Melilla\"]},{\"@type\":\"Person\",\"@id\":\"https:\\\/\\\/www.realclubmaritimomelilla.es\\\/clmar\\\/#\\\/schema\\\/person\\\/ebaa3713496dc6d48c872452e73a8e79\",\"name\":\"RCMMelilla\",\"image\":{\"@type\":\"ImageObject\",\"inLanguage\":\"es\",\"@id\":\"https:\\\/\\\/secure.gravatar.com\\\/avatar\\\/df1c24789360fb9308735c4ee556fc2bc5bf924bf01e53043b8b97ba272da33c?s=96&d=mm&r=g\",\"url\":\"https:\\\/\\\/secure.gravatar.com\\\/avatar\\\/df1c24789360fb9308735c4ee556fc2bc5bf924bf01e53043b8b97ba272da33c?s=96&d=mm&r=g\",\"contentUrl\":\"https:\\\/\\\/secure.gravatar.com\\\/avatar\\\/df1c24789360fb9308735c4ee556fc2bc5bf924bf01e53043b8b97ba272da33c?s=96&d=mm&r=g\",\"caption\":\"RCMMelilla\"}}]}<\/script>\n<!-- \/ Yoast SEO plugin. -->","yoast_head_json":{"title":"El RCMM participa en la V Remada de Fin de A\u00f1o organizada por A Mar Surfing - Real Club Mar\u00edtimo de Melilla","description":"Una representaci\u00f3n del\u00a0Real Club Mar\u00edtimo de Melilla, a trav\u00e9s de su secci\u00f3n de\u00a0Barco Drag\u00f3n, particip\u00f3 el pasado\u00a031 de diciembre\u00a0en la\u00a0quinta edici\u00f3n de la \u201cRemada de Fin de A\u00f1o\u201d","robots":{"index":"index","follow":"follow","max-snippet":"max-snippet:-1","max-image-preview":"max-image-preview:large","max-video-preview":"max-video-preview:-1"},"canonical":"https:\/\/www.realclubmaritimomelilla.es\/clmar\/el-rcmm-participa-en-la-v-remada-de-fin-de-ano-organizada-por-a-mar-surfing\/","og_locale":"es_ES","og_type":"article","og_title":"El RCMM participa en la V Remada de Fin de A\u00f1o organizada por A Mar Surfing - Real Club Mar\u00edtimo de Melilla","og_description":"Una representaci\u00f3n del\u00a0Real Club Mar\u00edtimo de Melilla, a trav\u00e9s de su secci\u00f3n de\u00a0Barco Drag\u00f3n, particip\u00f3 el pasado\u00a031 de diciembre\u00a0en la\u00a0quinta edici\u00f3n de la \u201cRemada de Fin de A\u00f1o\u201d","og_url":"https:\/\/www.realclubmaritimomelilla.es\/clmar\/el-rcmm-participa-en-la-v-remada-de-fin-de-ano-organizada-por-a-mar-surfing\/","og_site_name":"Real Club Mar\u00edtimo de Melilla","article_publisher":"https:\/\/www.facebook.com\/Real-Club-Mar%c3%adtimo-de-Melilla-588495841234214\/","article_published_time":"2026-01-07T19:05:05+00:00","article_modified_time":"2026-01-26T15:28:54+00:00","og_image":[{"width":1600,"height":1066,"url":"https:\/\/www.realclubmaritimomelilla.es\/clmar\/wp-content\/uploads\/dragon-2.webp","type":"image\/jpeg"}],"author":"RCMMelilla","twitter_card":"summary_large_image","twitter_creator":"@nauticarcmm","twitter_site":"@nauticarcmm","twitter_misc":{"Escrito por":"RCMMelilla","Tiempo de lectura":"2 minutos"},"schema":{"@context":"https:\/\/schema.org","@graph":[{"@type":"Article","@id":"https:\/\/www.realclubmaritimomelilla.es\/clmar\/el-rcmm-participa-en-la-v-remada-de-fin-de-ano-organizada-por-a-mar-surfing\/#article","isPartOf":{"@id":"https:\/\/www.realclubmaritimomelilla.es\/clmar\/el-rcmm-participa-en-la-v-remada-de-fin-de-ano-organizada-por-a-mar-surfing\/"},"author":{"name":"RCMMelilla","@id":"https:\/\/www.realclubmaritimomelilla.es\/clmar\/#\/schema\/person\/ebaa3713496dc6d48c872452e73a8e79"},"headline":"El RCMM participa en la V Remada de Fin de A\u00f1o organizada por A Mar Surfing","datePublished":"2026-01-07T19:05:05+00:00","dateModified":"2026-01-26T15:28:54+00:00","mainEntityOfPage":{"@id":"https:\/\/www.realclubmaritimomelilla.es\/clmar\/el-rcmm-participa-en-la-v-remada-de-fin-de-ano-organizada-por-a-mar-surfing\/"},"wordCount":274,"commentCount":0,"publisher":{"@id":"https:\/\/www.realclubmaritimomelilla.es\/clmar\/#organization"},"image":{"@id":"https:\/\/www.realclubmaritimomelilla.es\/clmar\/el-rcmm-participa-en-la-v-remada-de-fin-de-ano-organizada-por-a-mar-surfing\/#primaryimage"},"thumbnailUrl":"https:\/\/www.realclubmaritimomelilla.es\/clmar\/wp-content\/uploads\/dragon-2.webp","articleSection":["N\u00e1utica"],"inLanguage":"es","potentialAction":[{"@type":"CommentAction","name":"Comment","target":["https:\/\/www.realclubmaritimomelilla.es\/clmar\/el-rcmm-participa-en-la-v-remada-de-fin-de-ano-organizada-por-a-mar-surfing\/#respond"]}]},{"@type":"WebPage","@id":"https:\/\/www.realclubmaritimomelilla.es\/clmar\/el-rcmm-participa-en-la-v-remada-de-fin-de-ano-organizada-por-a-mar-surfing\/","url":"https:\/\/www.realclubmaritimomelilla.es\/clmar\/el-rcmm-participa-en-la-v-remada-de-fin-de-ano-organizada-por-a-mar-surfing\/","name":"El RCMM participa en la V Remada de Fin de A\u00f1o organizada por A Mar Surfing - Real Club Mar\u00edtimo de Melilla","isPartOf":{"@id":"https:\/\/www.realclubmaritimomelilla.es\/clmar\/#website"},"primaryImageOfPage":{"@id":"https:\/\/www.realclubmaritimomelilla.es\/clmar\/el-rcmm-participa-en-la-v-remada-de-fin-de-ano-organizada-por-a-mar-surfing\/#primaryimage"},"image":{"@id":"https:\/\/www.realclubmaritimomelilla.es\/clmar\/el-rcmm-participa-en-la-v-remada-de-fin-de-ano-organizada-por-a-mar-surfing\/#primaryimage"},"thumbnailUrl":"https:\/\/www.realclubmaritimomelilla.es\/clmar\/wp-content\/uploads\/dragon-2.webp","datePublished":"2026-01-07T19:05:05+00:00","dateModified":"2026-01-26T15:28:54+00:00","description":"Una representaci\u00f3n del\u00a0Real Club Mar\u00edtimo de Melilla, a trav\u00e9s de su secci\u00f3n de\u00a0Barco Drag\u00f3n, particip\u00f3 el pasado\u00a031 de diciembre\u00a0en la\u00a0quinta edici\u00f3n de la \u201cRemada de Fin de A\u00f1o\u201d","breadcrumb":{"@id":"https:\/\/www.realclubmaritimomelilla.es\/clmar\/el-rcmm-participa-en-la-v-remada-de-fin-de-ano-organizada-por-a-mar-surfing\/#breadcrumb"},"inLanguage":"es","potentialAction":[{"@type":"ReadAction","target":["https:\/\/www.realclubmaritimomelilla.es\/clmar\/el-rcmm-participa-en-la-v-remada-de-fin-de-ano-organizada-por-a-mar-surfing\/"]}]},{"@type":"ImageObject","inLanguage":"es","@id":"https:\/\/www.realclubmaritimomelilla.es\/clmar\/el-rcmm-participa-en-la-v-remada-de-fin-de-ano-organizada-por-a-mar-surfing\/#primaryimage","url":"https:\/\/www.realclubmaritimomelilla.es\/clmar\/wp-content\/uploads\/dragon-2.webp","contentUrl":"https:\/\/www.realclubmaritimomelilla.es\/clmar\/wp-content\/uploads\/dragon-2.webp","width":1600,"height":1066},{"@type":"BreadcrumbList","@id":"https:\/\/www.realclubmaritimomelilla.es\/clmar\/el-rcmm-participa-en-la-v-remada-de-fin-de-ano-organizada-por-a-mar-surfing\/#breadcrumb","itemListElement":[{"@type":"ListItem","position":1,"name":"Portada","item":"https:\/\/www.realclubmaritimomelilla.es\/clmar\/"},{"@type":"ListItem","position":2,"name":"El RCMM participa en la V Remada de Fin de A\u00f1o organizada por A Mar Surfing"}]},{"@type":"WebSite","@id":"https:\/\/www.realclubmaritimomelilla.es\/clmar\/#website","url":"https:\/\/www.realclubmaritimomelilla.es\/clmar\/","name":"Real Club Mar\u00edtimo de Melilla","description":"RCMM","publisher":{"@id":"https:\/\/www.realclubmaritimomelilla.es\/clmar\/#organization"},"alternateName":"RCMM","potentialAction":[{"@type":"SearchAction","target":{"@type":"EntryPoint","urlTemplate":"https:\/\/www.realclubmaritimomelilla.es\/clmar\/?s={search_term_string}"},"query-input":{"@type":"PropertyValueSpecification","valueRequired":true,"valueName":"search_term_string"}}],"inLanguage":"es"},{"@type":"Organization","@id":"https:\/\/www.realclubmaritimomelilla.es\/clmar\/#organization","name":"Real Club Mar\u00edtimo de Melilla","alternateName":"RCMM","url":"https:\/\/www.realclubmaritimomelilla.es\/clmar\/","logo":{"@type":"ImageObject","inLanguage":"es","@id":"https:\/\/www.realclubmaritimomelilla.es\/clmar\/#\/schema\/logo\/image\/","url":"https:\/\/www.realclubmaritimomelilla.es\/clmar\/wp-content\/uploads\/logo-club-original-copia.jpg","contentUrl":"https:\/\/www.realclubmaritimomelilla.es\/clmar\/wp-content\/uploads\/logo-club-original-copia.jpg","width":128,"height":89,"caption":"Real Club Mar\u00edtimo de Melilla"},"image":{"@id":"https:\/\/www.realclubmaritimomelilla.es\/clmar\/#\/schema\/logo\/image\/"},"sameAs":["https:\/\/www.facebook.com\/Real-Club-Mar\u00edtimo-de-Melilla-588495841234214\/","https:\/\/x.com\/nauticarcmm","https:\/\/www.instagram.com\/club_maritimo_melilla\/","https:\/\/www.youtube.com\/@realclubmaritimodemelilla4703","https:\/\/es.wikipedia.org\/wiki\/Real_Club_Mar\u00edtimo_de_Melilla"]},{"@type":"Person","@id":"https:\/\/www.realclubmaritimomelilla.es\/clmar\/#\/schema\/person\/ebaa3713496dc6d48c872452e73a8e79","name":"RCMMelilla","image":{"@type":"ImageObject","inLanguage":"es","@id":"https:\/\/secure.gravatar.com\/avatar\/df1c24789360fb9308735c4ee556fc2bc5bf924bf01e53043b8b97ba272da33c?s=96&d=mm&r=g","url":"https:\/\/secure.gravatar.com\/avatar\/df1c24789360fb9308735c4ee556fc2bc5bf924bf01e53043b8b97ba272da33c?s=96&d=mm&r=g","contentUrl":"https:\/\/secure.gravatar.com\/avatar\/df1c24789360fb9308735c4ee556fc2bc5bf924bf01e53043b8b97ba272da33c?s=96&d=mm&r=g","caption":"RCMMelilla"}}]}},"_links":{"self":[{"href":"https:\/\/www.realclubmaritimomelilla.es\/clmar\/wp-json\/wp\/v2\/posts\/26961","targetHints":{"allow":["GET"]}}],"collection":[{"href":"https:\/\/www.realclubmaritimomelilla.es\/clmar\/wp-json\/wp\/v2\/posts"}],"about":[{"href":"https:\/\/www.realclubmaritimomelilla.es\/clmar\/wp-json\/wp\/v2\/types\/post"}],"author":[{"embeddable":true,"href":"https:\/\/www.realclubmaritimomelilla.es\/clmar\/wp-json\/wp\/v2\/users\/1"}],"replies":[{"embeddable":true,"href":"https:\/\/www.realclubmaritimomelilla.es\/clmar\/wp-json\/wp\/v2\/comments?post=26961"}],"version-history":[{"count":1,"href":"https:\/\/www.realclubmaritimomelilla.es\/clmar\/wp-json\/wp\/v2\/posts\/26961\/revisions"}],"predecessor-version":[{"id":26967,"href":"https:\/\/www.realclubmaritimomelilla.es\/clmar\/wp-json\/wp\/v2\/posts\/26961\/revisions\/26967"}],"wp:featuredmedia":[{"embeddable":true,"href":"https:\/\/www.realclubmaritimomelilla.es\/clmar\/wp-json\/wp\/v2\/media\/26962"}],"wp:attachment":[{"href":"https:\/\/www.realclubmaritimomelilla.es\/clmar\/wp-json\/wp\/v2\/media?parent=26961"}],"wp:term":[{"taxonomy":"category","embeddable":true,"href":"https:\/\/www.realclubmaritimomelilla.es\/clmar\/wp-json\/wp\/v2\/categories?post=26961"},{"taxonomy":"post_tag","embeddable":true,"href":"https:\/\/www.realclubmaritimomelilla.es\/clmar\/wp-json\/wp\/v2\/tags?post=26961"}],"curies":[{"name":"wp","href":"https:\/\/api.w.org\/{rel}","templated":true}]}}