{"id":26958,"date":"2026-01-07T20:03:25","date_gmt":"2026-01-07T19:03:25","guid":{"rendered":"https:\/\/www.realclubmaritimomelilla.es\/clmar\/?p=26958"},"modified":"2026-01-26T16:27:17","modified_gmt":"2026-01-26T15:27:17","slug":"cinco-jugadoras-del-rcmm-participan-en-el-campeonato-de-espana-de-selecciones-autonomicas-cadete","status":"publish","type":"post","link":"https:\/\/www.realclubmaritimomelilla.es\/clmar\/cinco-jugadoras-del-rcmm-participan-en-el-campeonato-de-espana-de-selecciones-autonomicas-cadete\/","title":{"rendered":"Campeonato de Espa\u00f1a de Selecciones Auton\u00f3micas Cadete"},"content":{"rendered":"<p style=\"font-weight: 400;\">El\u00a0Campeonato de Espa\u00f1a de Selecciones Auton\u00f3micas en categor\u00eda cadete\u00a0ha concluido tras varios d\u00edas de competici\u00f3n celebrados en\u00a0Zaragoza, cita en la que la\u00a0Selecci\u00f3n Melillense femenina\u00a0ha representado a la ciudad aut\u00f3noma.<\/p>\n<p style=\"font-weight: 400;\">Dentro del combinado melillense han participado\u00a0cinco jugadoras pertenecientes al Real Club Mar\u00edtimo de Melilla, que han formado parte activa de esta experiencia deportiva de \u00e1mbito nacional. El equipo logr\u00f3 la\u00a0victoria en el enfrentamiento ante la selecci\u00f3n de Ceuta, cayendo derrotado en el resto de encuentros disputados durante el campeonato.<\/p>\n<p style=\"font-weight: 400;\">Las jugadoras del RCMM que han defendido los colores de Melilla en esta competici\u00f3n han sido\u00a0Marta Salinas, Azhara Hamed, \u00c1frica Ca\u00f1ada, Erika Heredia y Martina G\u00f3mez-Alvado, quienes han tenido la oportunidad de medirse a algunas de las mejores selecciones auton\u00f3micas del pa\u00eds, acumulando una valiosa experiencia competitiva.<\/p>\n<p style=\"font-weight: 400;\">Desde el Real Club Mar\u00edtimo de Melilla se valora muy positivamente la participaci\u00f3n de sus deportistas en este campeonato nacional, destacando su compromiso, esfuerzo y representaci\u00f3n del Club y de la ciudad en una cita deportiva de primer nivel.<\/p>\n","protected":false},"excerpt":{"rendered":"<p>El\u00a0Campeonato de Espa\u00f1a de Selecciones Auton\u00f3micas en categor\u00eda cadete\u00a0ha concluido tras varios d\u00edas de competici\u00f3n celebrados en\u00a0Zaragoza, cita en la que la\u00a0Selecci\u00f3n Melillense femenina\u00a0ha representado a la ciudad aut\u00f3noma. Dentro del combinado melillense han participado\u00a0cinco jugadoras pertenecientes al Real Club Mar\u00edtimo de Melilla, que han formado parte activa de esta experiencia deportiva de \u00e1mbito nacional. [&hellip;]<\/p>\n","protected":false},"author":1,"featured_media":26959,"comment_status":"open","ping_status":"open","sticky":false,"template":"","format":"standard","meta":{"_acf_changed":false,"footnotes":""},"categories":[46],"tags":[],"class_list":["post-26958","post","type-post","status-publish","format-standard","has-post-thumbnail","hentry","category-seccion-baloncesto"],"acf":[],"yoast_head":"<!-- This site is optimized with the Yoast SEO plugin v27.5 - https:\/\/yoast.com\/product\/yoast-seo-wordpress\/ -->\n<title>Campeonato de Espa\u00f1a de Selecciones Auton\u00f3micas Cadete - Real Club Mar\u00edtimo de Melilla<\/title>\n<meta name=\"description\" content=\"Han participado\u00a0cinco jugadoras pertenecientes al RCMM que han formado parte activa de esta experiencia deportiva de \u00e1mbito nacional\" \/>\n<meta name=\"robots\" content=\"index, follow, max-snippet:-1, max-image-preview:large, max-video-preview:-1\" \/>\n<link rel=\"canonical\" href=\"https:\/\/www.realclubmaritimomelilla.es\/clmar\/cinco-jugadoras-del-rcmm-participan-en-el-campeonato-de-espana-de-selecciones-autonomicas-cadete\/\" \/>\n<meta property=\"og:locale\" content=\"es_ES\" \/>\n<meta property=\"og:type\" content=\"article\" \/>\n<meta property=\"og:title\" content=\"Campeonato de Espa\u00f1a de Selecciones Auton\u00f3micas Cadete - Real Club Mar\u00edtimo de Melilla\" \/>\n<meta property=\"og:description\" content=\"Han participado\u00a0cinco jugadoras pertenecientes al RCMM que han formado parte activa de esta experiencia deportiva de \u00e1mbito nacional\" \/>\n<meta property=\"og:url\" content=\"https:\/\/www.realclubmaritimomelilla.es\/clmar\/cinco-jugadoras-del-rcmm-participan-en-el-campeonato-de-espana-de-selecciones-autonomicas-cadete\/\" \/>\n<meta property=\"og:site_name\" content=\"Real Club Mar\u00edtimo de Melilla\" \/>\n<meta property=\"article:publisher\" content=\"https:\/\/www.facebook.com\/Real-Club-Mar%c3%adtimo-de-Melilla-588495841234214\/\" \/>\n<meta property=\"article:published_time\" content=\"2026-01-07T19:03:25+00:00\" \/>\n<meta property=\"article:modified_time\" content=\"2026-01-26T15:27:17+00:00\" \/>\n<meta property=\"og:image\" content=\"https:\/\/www.realclubmaritimomelilla.es\/clmar\/wp-content\/uploads\/Jugadoras-baloncesto.webp\" \/>\n\t<meta property=\"og:image:width\" content=\"1536\" \/>\n\t<meta property=\"og:image:height\" content=\"2048\" \/>\n\t<meta property=\"og:image:type\" content=\"image\/jpeg\" \/>\n<meta name=\"author\" content=\"RCMMelilla\" \/>\n<meta name=\"twitter:card\" content=\"summary_large_image\" \/>\n<meta name=\"twitter:creator\" content=\"@nauticarcmm\" \/>\n<meta name=\"twitter:site\" content=\"@nauticarcmm\" \/>\n<meta name=\"twitter:label1\" content=\"Escrito por\" \/>\n\t<meta name=\"twitter:data1\" content=\"RCMMelilla\" \/>\n\t<meta name=\"twitter:label2\" content=\"Tiempo de lectura\" \/>\n\t<meta name=\"twitter:data2\" content=\"1 minuto\" \/>\n<script type=\"application\/ld+json\" class=\"yoast-schema-graph\">{\"@context\":\"https:\\\/\\\/schema.org\",\"@graph\":[{\"@type\":\"Article\",\"@id\":\"https:\\\/\\\/www.realclubmaritimomelilla.es\\\/clmar\\\/cinco-jugadoras-del-rcmm-participan-en-el-campeonato-de-espana-de-selecciones-autonomicas-cadete\\\/#article\",\"isPartOf\":{\"@id\":\"https:\\\/\\\/www.realclubmaritimomelilla.es\\\/clmar\\\/cinco-jugadoras-del-rcmm-participan-en-el-campeonato-de-espana-de-selecciones-autonomicas-cadete\\\/\"},\"author\":{\"name\":\"RCMMelilla\",\"@id\":\"https:\\\/\\\/www.realclubmaritimomelilla.es\\\/clmar\\\/#\\\/schema\\\/person\\\/ebaa3713496dc6d48c872452e73a8e79\"},\"headline\":\"Campeonato de Espa\u00f1a de Selecciones Auton\u00f3micas Cadete\",\"datePublished\":\"2026-01-07T19:03:25+00:00\",\"dateModified\":\"2026-01-26T15:27:17+00:00\",\"mainEntityOfPage\":{\"@id\":\"https:\\\/\\\/www.realclubmaritimomelilla.es\\\/clmar\\\/cinco-jugadoras-del-rcmm-participan-en-el-campeonato-de-espana-de-selecciones-autonomicas-cadete\\\/\"},\"wordCount\":198,\"commentCount\":0,\"publisher\":{\"@id\":\"https:\\\/\\\/www.realclubmaritimomelilla.es\\\/clmar\\\/#organization\"},\"image\":{\"@id\":\"https:\\\/\\\/www.realclubmaritimomelilla.es\\\/clmar\\\/cinco-jugadoras-del-rcmm-participan-en-el-campeonato-de-espana-de-selecciones-autonomicas-cadete\\\/#primaryimage\"},\"thumbnailUrl\":\"https:\\\/\\\/www.realclubmaritimomelilla.es\\\/clmar\\\/wp-content\\\/uploads\\\/Jugadoras-baloncesto.webp\",\"articleSection\":[\"Secci\u00f3n Baloncesto\"],\"inLanguage\":\"es\",\"potentialAction\":[{\"@type\":\"CommentAction\",\"name\":\"Comment\",\"target\":[\"https:\\\/\\\/www.realclubmaritimomelilla.es\\\/clmar\\\/cinco-jugadoras-del-rcmm-participan-en-el-campeonato-de-espana-de-selecciones-autonomicas-cadete\\\/#respond\"]}]},{\"@type\":\"WebPage\",\"@id\":\"https:\\\/\\\/www.realclubmaritimomelilla.es\\\/clmar\\\/cinco-jugadoras-del-rcmm-participan-en-el-campeonato-de-espana-de-selecciones-autonomicas-cadete\\\/\",\"url\":\"https:\\\/\\\/www.realclubmaritimomelilla.es\\\/clmar\\\/cinco-jugadoras-del-rcmm-participan-en-el-campeonato-de-espana-de-selecciones-autonomicas-cadete\\\/\",\"name\":\"Campeonato de Espa\u00f1a de Selecciones Auton\u00f3micas Cadete - Real Club Mar\u00edtimo de Melilla\",\"isPartOf\":{\"@id\":\"https:\\\/\\\/www.realclubmaritimomelilla.es\\\/clmar\\\/#website\"},\"primaryImageOfPage\":{\"@id\":\"https:\\\/\\\/www.realclubmaritimomelilla.es\\\/clmar\\\/cinco-jugadoras-del-rcmm-participan-en-el-campeonato-de-espana-de-selecciones-autonomicas-cadete\\\/#primaryimage\"},\"image\":{\"@id\":\"https:\\\/\\\/www.realclubmaritimomelilla.es\\\/clmar\\\/cinco-jugadoras-del-rcmm-participan-en-el-campeonato-de-espana-de-selecciones-autonomicas-cadete\\\/#primaryimage\"},\"thumbnailUrl\":\"https:\\\/\\\/www.realclubmaritimomelilla.es\\\/clmar\\\/wp-content\\\/uploads\\\/Jugadoras-baloncesto.webp\",\"datePublished\":\"2026-01-07T19:03:25+00:00\",\"dateModified\":\"2026-01-26T15:27:17+00:00\",\"description\":\"Han participado\u00a0cinco jugadoras pertenecientes al RCMM que han formado parte activa de esta experiencia deportiva de \u00e1mbito nacional\",\"breadcrumb\":{\"@id\":\"https:\\\/\\\/www.realclubmaritimomelilla.es\\\/clmar\\\/cinco-jugadoras-del-rcmm-participan-en-el-campeonato-de-espana-de-selecciones-autonomicas-cadete\\\/#breadcrumb\"},\"inLanguage\":\"es\",\"potentialAction\":[{\"@type\":\"ReadAction\",\"target\":[\"https:\\\/\\\/www.realclubmaritimomelilla.es\\\/clmar\\\/cinco-jugadoras-del-rcmm-participan-en-el-campeonato-de-espana-de-selecciones-autonomicas-cadete\\\/\"]}]},{\"@type\":\"ImageObject\",\"inLanguage\":\"es\",\"@id\":\"https:\\\/\\\/www.realclubmaritimomelilla.es\\\/clmar\\\/cinco-jugadoras-del-rcmm-participan-en-el-campeonato-de-espana-de-selecciones-autonomicas-cadete\\\/#primaryimage\",\"url\":\"https:\\\/\\\/www.realclubmaritimomelilla.es\\\/clmar\\\/wp-content\\\/uploads\\\/Jugadoras-baloncesto.webp\",\"contentUrl\":\"https:\\\/\\\/www.realclubmaritimomelilla.es\\\/clmar\\\/wp-content\\\/uploads\\\/Jugadoras-baloncesto.webp\",\"width\":1536,\"height\":2048},{\"@type\":\"BreadcrumbList\",\"@id\":\"https:\\\/\\\/www.realclubmaritimomelilla.es\\\/clmar\\\/cinco-jugadoras-del-rcmm-participan-en-el-campeonato-de-espana-de-selecciones-autonomicas-cadete\\\/#breadcrumb\",\"itemListElement\":[{\"@type\":\"ListItem\",\"position\":1,\"name\":\"Portada\",\"item\":\"https:\\\/\\\/www.realclubmaritimomelilla.es\\\/clmar\\\/\"},{\"@type\":\"ListItem\",\"position\":2,\"name\":\"Campeonato de Espa\u00f1a de Selecciones Auton\u00f3micas Cadete\"}]},{\"@type\":\"WebSite\",\"@id\":\"https:\\\/\\\/www.realclubmaritimomelilla.es\\\/clmar\\\/#website\",\"url\":\"https:\\\/\\\/www.realclubmaritimomelilla.es\\\/clmar\\\/\",\"name\":\"Real Club Mar\u00edtimo de Melilla\",\"description\":\"RCMM\",\"publisher\":{\"@id\":\"https:\\\/\\\/www.realclubmaritimomelilla.es\\\/clmar\\\/#organization\"},\"alternateName\":\"RCMM\",\"potentialAction\":[{\"@type\":\"SearchAction\",\"target\":{\"@type\":\"EntryPoint\",\"urlTemplate\":\"https:\\\/\\\/www.realclubmaritimomelilla.es\\\/clmar\\\/?s={search_term_string}\"},\"query-input\":{\"@type\":\"PropertyValueSpecification\",\"valueRequired\":true,\"valueName\":\"search_term_string\"}}],\"inLanguage\":\"es\"},{\"@type\":\"Organization\",\"@id\":\"https:\\\/\\\/www.realclubmaritimomelilla.es\\\/clmar\\\/#organization\",\"name\":\"Real Club Mar\u00edtimo de Melilla\",\"alternateName\":\"RCMM\",\"url\":\"https:\\\/\\\/www.realclubmaritimomelilla.es\\\/clmar\\\/\",\"logo\":{\"@type\":\"ImageObject\",\"inLanguage\":\"es\",\"@id\":\"https:\\\/\\\/www.realclubmaritimomelilla.es\\\/clmar\\\/#\\\/schema\\\/logo\\\/image\\\/\",\"url\":\"https:\\\/\\\/www.realclubmaritimomelilla.es\\\/clmar\\\/wp-content\\\/uploads\\\/logo-club-original-copia.jpg\",\"contentUrl\":\"https:\\\/\\\/www.realclubmaritimomelilla.es\\\/clmar\\\/wp-content\\\/uploads\\\/logo-club-original-copia.jpg\",\"width\":128,\"height\":89,\"caption\":\"Real Club Mar\u00edtimo de Melilla\"},\"image\":{\"@id\":\"https:\\\/\\\/www.realclubmaritimomelilla.es\\\/clmar\\\/#\\\/schema\\\/logo\\\/image\\\/\"},\"sameAs\":[\"https:\\\/\\\/www.facebook.com\\\/Real-Club-Mar\u00edtimo-de-Melilla-588495841234214\\\/\",\"https:\\\/\\\/x.com\\\/nauticarcmm\",\"https:\\\/\\\/www.instagram.com\\\/club_maritimo_melilla\\\/\",\"https:\\\/\\\/www.youtube.com\\\/@realclubmaritimodemelilla4703\",\"https:\\\/\\\/es.wikipedia.org\\\/wiki\\\/Real_Club_Mar\u00edtimo_de_Melilla\"]},{\"@type\":\"Person\",\"@id\":\"https:\\\/\\\/www.realclubmaritimomelilla.es\\\/clmar\\\/#\\\/schema\\\/person\\\/ebaa3713496dc6d48c872452e73a8e79\",\"name\":\"RCMMelilla\",\"image\":{\"@type\":\"ImageObject\",\"inLanguage\":\"es\",\"@id\":\"https:\\\/\\\/secure.gravatar.com\\\/avatar\\\/df1c24789360fb9308735c4ee556fc2bc5bf924bf01e53043b8b97ba272da33c?s=96&d=mm&r=g\",\"url\":\"https:\\\/\\\/secure.gravatar.com\\\/avatar\\\/df1c24789360fb9308735c4ee556fc2bc5bf924bf01e53043b8b97ba272da33c?s=96&d=mm&r=g\",\"contentUrl\":\"https:\\\/\\\/secure.gravatar.com\\\/avatar\\\/df1c24789360fb9308735c4ee556fc2bc5bf924bf01e53043b8b97ba272da33c?s=96&d=mm&r=g\",\"caption\":\"RCMMelilla\"}}]}<\/script>\n<!-- \/ Yoast SEO plugin. -->","yoast_head_json":{"title":"Campeonato de Espa\u00f1a de Selecciones Auton\u00f3micas Cadete - Real Club Mar\u00edtimo de Melilla","description":"Han participado\u00a0cinco jugadoras pertenecientes al RCMM que han formado parte activa de esta experiencia deportiva de \u00e1mbito nacional","robots":{"index":"index","follow":"follow","max-snippet":"max-snippet:-1","max-image-preview":"max-image-preview:large","max-video-preview":"max-video-preview:-1"},"canonical":"https:\/\/www.realclubmaritimomelilla.es\/clmar\/cinco-jugadoras-del-rcmm-participan-en-el-campeonato-de-espana-de-selecciones-autonomicas-cadete\/","og_locale":"es_ES","og_type":"article","og_title":"Campeonato de Espa\u00f1a de Selecciones Auton\u00f3micas Cadete - Real Club Mar\u00edtimo de Melilla","og_description":"Han participado\u00a0cinco jugadoras pertenecientes al RCMM que han formado parte activa de esta experiencia deportiva de \u00e1mbito nacional","og_url":"https:\/\/www.realclubmaritimomelilla.es\/clmar\/cinco-jugadoras-del-rcmm-participan-en-el-campeonato-de-espana-de-selecciones-autonomicas-cadete\/","og_site_name":"Real Club Mar\u00edtimo de Melilla","article_publisher":"https:\/\/www.facebook.com\/Real-Club-Mar%c3%adtimo-de-Melilla-588495841234214\/","article_published_time":"2026-01-07T19:03:25+00:00","article_modified_time":"2026-01-26T15:27:17+00:00","og_image":[{"width":1536,"height":2048,"url":"https:\/\/www.realclubmaritimomelilla.es\/clmar\/wp-content\/uploads\/Jugadoras-baloncesto.webp","type":"image\/jpeg"}],"author":"RCMMelilla","twitter_card":"summary_large_image","twitter_creator":"@nauticarcmm","twitter_site":"@nauticarcmm","twitter_misc":{"Escrito por":"RCMMelilla","Tiempo de lectura":"1 minuto"},"schema":{"@context":"https:\/\/schema.org","@graph":[{"@type":"Article","@id":"https:\/\/www.realclubmaritimomelilla.es\/clmar\/cinco-jugadoras-del-rcmm-participan-en-el-campeonato-de-espana-de-selecciones-autonomicas-cadete\/#article","isPartOf":{"@id":"https:\/\/www.realclubmaritimomelilla.es\/clmar\/cinco-jugadoras-del-rcmm-participan-en-el-campeonato-de-espana-de-selecciones-autonomicas-cadete\/"},"author":{"name":"RCMMelilla","@id":"https:\/\/www.realclubmaritimomelilla.es\/clmar\/#\/schema\/person\/ebaa3713496dc6d48c872452e73a8e79"},"headline":"Campeonato de Espa\u00f1a de Selecciones Auton\u00f3micas Cadete","datePublished":"2026-01-07T19:03:25+00:00","dateModified":"2026-01-26T15:27:17+00:00","mainEntityOfPage":{"@id":"https:\/\/www.realclubmaritimomelilla.es\/clmar\/cinco-jugadoras-del-rcmm-participan-en-el-campeonato-de-espana-de-selecciones-autonomicas-cadete\/"},"wordCount":198,"commentCount":0,"publisher":{"@id":"https:\/\/www.realclubmaritimomelilla.es\/clmar\/#organization"},"image":{"@id":"https:\/\/www.realclubmaritimomelilla.es\/clmar\/cinco-jugadoras-del-rcmm-participan-en-el-campeonato-de-espana-de-selecciones-autonomicas-cadete\/#primaryimage"},"thumbnailUrl":"https:\/\/www.realclubmaritimomelilla.es\/clmar\/wp-content\/uploads\/Jugadoras-baloncesto.webp","articleSection":["Secci\u00f3n Baloncesto"],"inLanguage":"es","potentialAction":[{"@type":"CommentAction","name":"Comment","target":["https:\/\/www.realclubmaritimomelilla.es\/clmar\/cinco-jugadoras-del-rcmm-participan-en-el-campeonato-de-espana-de-selecciones-autonomicas-cadete\/#respond"]}]},{"@type":"WebPage","@id":"https:\/\/www.realclubmaritimomelilla.es\/clmar\/cinco-jugadoras-del-rcmm-participan-en-el-campeonato-de-espana-de-selecciones-autonomicas-cadete\/","url":"https:\/\/www.realclubmaritimomelilla.es\/clmar\/cinco-jugadoras-del-rcmm-participan-en-el-campeonato-de-espana-de-selecciones-autonomicas-cadete\/","name":"Campeonato de Espa\u00f1a de Selecciones Auton\u00f3micas Cadete - Real Club Mar\u00edtimo de Melilla","isPartOf":{"@id":"https:\/\/www.realclubmaritimomelilla.es\/clmar\/#website"},"primaryImageOfPage":{"@id":"https:\/\/www.realclubmaritimomelilla.es\/clmar\/cinco-jugadoras-del-rcmm-participan-en-el-campeonato-de-espana-de-selecciones-autonomicas-cadete\/#primaryimage"},"image":{"@id":"https:\/\/www.realclubmaritimomelilla.es\/clmar\/cinco-jugadoras-del-rcmm-participan-en-el-campeonato-de-espana-de-selecciones-autonomicas-cadete\/#primaryimage"},"thumbnailUrl":"https:\/\/www.realclubmaritimomelilla.es\/clmar\/wp-content\/uploads\/Jugadoras-baloncesto.webp","datePublished":"2026-01-07T19:03:25+00:00","dateModified":"2026-01-26T15:27:17+00:00","description":"Han participado\u00a0cinco jugadoras pertenecientes al RCMM que han formado parte activa de esta experiencia deportiva de \u00e1mbito nacional","breadcrumb":{"@id":"https:\/\/www.realclubmaritimomelilla.es\/clmar\/cinco-jugadoras-del-rcmm-participan-en-el-campeonato-de-espana-de-selecciones-autonomicas-cadete\/#breadcrumb"},"inLanguage":"es","potentialAction":[{"@type":"ReadAction","target":["https:\/\/www.realclubmaritimomelilla.es\/clmar\/cinco-jugadoras-del-rcmm-participan-en-el-campeonato-de-espana-de-selecciones-autonomicas-cadete\/"]}]},{"@type":"ImageObject","inLanguage":"es","@id":"https:\/\/www.realclubmaritimomelilla.es\/clmar\/cinco-jugadoras-del-rcmm-participan-en-el-campeonato-de-espana-de-selecciones-autonomicas-cadete\/#primaryimage","url":"https:\/\/www.realclubmaritimomelilla.es\/clmar\/wp-content\/uploads\/Jugadoras-baloncesto.webp","contentUrl":"https:\/\/www.realclubmaritimomelilla.es\/clmar\/wp-content\/uploads\/Jugadoras-baloncesto.webp","width":1536,"height":2048},{"@type":"BreadcrumbList","@id":"https:\/\/www.realclubmaritimomelilla.es\/clmar\/cinco-jugadoras-del-rcmm-participan-en-el-campeonato-de-espana-de-selecciones-autonomicas-cadete\/#breadcrumb","itemListElement":[{"@type":"ListItem","position":1,"name":"Portada","item":"https:\/\/www.realclubmaritimomelilla.es\/clmar\/"},{"@type":"ListItem","position":2,"name":"Campeonato de Espa\u00f1a de Selecciones Auton\u00f3micas Cadete"}]},{"@type":"WebSite","@id":"https:\/\/www.realclubmaritimomelilla.es\/clmar\/#website","url":"https:\/\/www.realclubmaritimomelilla.es\/clmar\/","name":"Real Club Mar\u00edtimo de Melilla","description":"RCMM","publisher":{"@id":"https:\/\/www.realclubmaritimomelilla.es\/clmar\/#organization"},"alternateName":"RCMM","potentialAction":[{"@type":"SearchAction","target":{"@type":"EntryPoint","urlTemplate":"https:\/\/www.realclubmaritimomelilla.es\/clmar\/?s={search_term_string}"},"query-input":{"@type":"PropertyValueSpecification","valueRequired":true,"valueName":"search_term_string"}}],"inLanguage":"es"},{"@type":"Organization","@id":"https:\/\/www.realclubmaritimomelilla.es\/clmar\/#organization","name":"Real Club Mar\u00edtimo de Melilla","alternateName":"RCMM","url":"https:\/\/www.realclubmaritimomelilla.es\/clmar\/","logo":{"@type":"ImageObject","inLanguage":"es","@id":"https:\/\/www.realclubmaritimomelilla.es\/clmar\/#\/schema\/logo\/image\/","url":"https:\/\/www.realclubmaritimomelilla.es\/clmar\/wp-content\/uploads\/logo-club-original-copia.jpg","contentUrl":"https:\/\/www.realclubmaritimomelilla.es\/clmar\/wp-content\/uploads\/logo-club-original-copia.jpg","width":128,"height":89,"caption":"Real Club Mar\u00edtimo de Melilla"},"image":{"@id":"https:\/\/www.realclubmaritimomelilla.es\/clmar\/#\/schema\/logo\/image\/"},"sameAs":["https:\/\/www.facebook.com\/Real-Club-Mar\u00edtimo-de-Melilla-588495841234214\/","https:\/\/x.com\/nauticarcmm","https:\/\/www.instagram.com\/club_maritimo_melilla\/","https:\/\/www.youtube.com\/@realclubmaritimodemelilla4703","https:\/\/es.wikipedia.org\/wiki\/Real_Club_Mar\u00edtimo_de_Melilla"]},{"@type":"Person","@id":"https:\/\/www.realclubmaritimomelilla.es\/clmar\/#\/schema\/person\/ebaa3713496dc6d48c872452e73a8e79","name":"RCMMelilla","image":{"@type":"ImageObject","inLanguage":"es","@id":"https:\/\/secure.gravatar.com\/avatar\/df1c24789360fb9308735c4ee556fc2bc5bf924bf01e53043b8b97ba272da33c?s=96&d=mm&r=g","url":"https:\/\/secure.gravatar.com\/avatar\/df1c24789360fb9308735c4ee556fc2bc5bf924bf01e53043b8b97ba272da33c?s=96&d=mm&r=g","contentUrl":"https:\/\/secure.gravatar.com\/avatar\/df1c24789360fb9308735c4ee556fc2bc5bf924bf01e53043b8b97ba272da33c?s=96&d=mm&r=g","caption":"RCMMelilla"}}]}},"_links":{"self":[{"href":"https:\/\/www.realclubmaritimomelilla.es\/clmar\/wp-json\/wp\/v2\/posts\/26958","targetHints":{"allow":["GET"]}}],"collection":[{"href":"https:\/\/www.realclubmaritimomelilla.es\/clmar\/wp-json\/wp\/v2\/posts"}],"about":[{"href":"https:\/\/www.realclubmaritimomelilla.es\/clmar\/wp-json\/wp\/v2\/types\/post"}],"author":[{"embeddable":true,"href":"https:\/\/www.realclubmaritimomelilla.es\/clmar\/wp-json\/wp\/v2\/users\/1"}],"replies":[{"embeddable":true,"href":"https:\/\/www.realclubmaritimomelilla.es\/clmar\/wp-json\/wp\/v2\/comments?post=26958"}],"version-history":[{"count":4,"href":"https:\/\/www.realclubmaritimomelilla.es\/clmar\/wp-json\/wp\/v2\/posts\/26958\/revisions"}],"predecessor-version":[{"id":27042,"href":"https:\/\/www.realclubmaritimomelilla.es\/clmar\/wp-json\/wp\/v2\/posts\/26958\/revisions\/27042"}],"wp:featuredmedia":[{"embeddable":true,"href":"https:\/\/www.realclubmaritimomelilla.es\/clmar\/wp-json\/wp\/v2\/media\/26959"}],"wp:attachment":[{"href":"https:\/\/www.realclubmaritimomelilla.es\/clmar\/wp-json\/wp\/v2\/media?parent=26958"}],"wp:term":[{"taxonomy":"category","embeddable":true,"href":"https:\/\/www.realclubmaritimomelilla.es\/clmar\/wp-json\/wp\/v2\/categories?post=26958"},{"taxonomy":"post_tag","embeddable":true,"href":"https:\/\/www.realclubmaritimomelilla.es\/clmar\/wp-json\/wp\/v2\/tags?post=26958"}],"curies":[{"name":"wp","href":"https:\/\/api.w.org\/{rel}","templated":true}]}}