{"id":26897,"date":"2025-12-12T08:54:48","date_gmt":"2025-12-12T07:54:48","guid":{"rendered":"https:\/\/www.realclubmaritimomelilla.es\/clmar\/?p=26897"},"modified":"2025-12-18T17:04:13","modified_gmt":"2025-12-18T16:04:13","slug":"la-exposicion-melilla-ejercito-y-cartografia-del-portulano-a-la-informacion-geoespacial-abre-sus-puertas-en-el-rcmm","status":"publish","type":"post","link":"https:\/\/www.realclubmaritimomelilla.es\/clmar\/la-exposicion-melilla-ejercito-y-cartografia-del-portulano-a-la-informacion-geoespacial-abre-sus-puertas-en-el-rcmm\/","title":{"rendered":"Exposici\u00f3n \u2018Melilla. Ej\u00e9rcito y Cartograf\u00eda: del portulano a la informaci\u00f3n geoespacial\u201d"},"content":{"rendered":"<p>\u2018Melilla, Ej\u00e9rcito y Cartograf\u00eda\u2019, exposici\u00f3n inaugurada este jueves 11 de diciembre en el Real Club Mar\u00edtimo de Melilla, permanecer\u00e1 abierta hasta final de mes, ofreciendo un recorrido que mezcla historia, estrategia militar y tecnolog\u00eda geoespacial. Para quienes deseen visitarla, el horario es de 10:30 a 13:30 horas por la ma\u00f1ana y de 16:30 a 20:30 horas por la tarde. Se trata de una exposici\u00f3n que promete ser un referente cultural y educativo en la ciudad, resaltando el papel de Melilla como enclave estrat\u00e9gico hist\u00f3rico en el Mediterr\u00e1neo.<\/p>\n<p>En la inauguraci\u00f3n de esta muestra ha participado el general Ram\u00edrez Altozano, jefe de la Jefatura del Ciberespacio del Ej\u00e9rcito de Tierra, el comandante general de Melilla, el general Luis Cort\u00e9s, as\u00ed como el coronel S\u00e1nchez Tello, jefe del Centro Geogr\u00e1fico del Ej\u00e9rcito de Tierra.<\/p>\n<p>La exposici\u00f3n ofrece una combinaci\u00f3n de mapas mundi antiguos, portulanos y documentos relacionados con el protectorado espa\u00f1ol en el norte de Marruecos.<\/p>\n<p>Adem\u00e1s de los documentos impresos, la exposici\u00f3n incluye un v\u00eddeo explicativo sobre la cartograf\u00eda moderna y el trabajo de la Jefatura de Informaci\u00f3n Geogr\u00e1fica del Ej\u00e9rcito, que permite al visitante comprender c\u00f3mo se elaboran los productos geoespaciales actuales. Los carteles exhibidos incorporan c\u00f3digos QR que remiten a la biblioteca virtual de la defensa, donde est\u00e1n digitalizados y catalogados pr\u00e1cticamente todos los fondos del archivo, facilitando la consulta a investigadores y al p\u00fablico general.<\/p>\n\n\t\t<style type=\"text\/css\">\n\t\t\t#gallery-1 {\n\t\t\t\tmargin: auto;\n\t\t\t}\n\t\t\t#gallery-1 .gallery-item {\n\t\t\t\tfloat: left;\n\t\t\t\tmargin-top: 10px;\n\t\t\t\ttext-align: center;\n\t\t\t\twidth: 33%;\n\t\t\t}\n\t\t\t#gallery-1 img {\n\t\t\t\tborder: 2px solid #cfcfcf;\n\t\t\t}\n\t\t\t#gallery-1 .gallery-caption {\n\t\t\t\tmargin-left: 0;\n\t\t\t}\n\t\t\t\/* see gallery_shortcode() in wp-includes\/media.php *\/\n\t\t<\/style>\n\t\t<div id='gallery-1' class='gallery galleryid-26897 gallery-columns-3 gallery-size-full'><dl class='gallery-item'>\n\t\t\t<dt class='gallery-icon landscape'>\n\t\t\t\t<a data-rel=\"iLightbox[postimages]\" data-title=\"exposicion 2\" data-caption=\"\" href='https:\/\/www.realclubmaritimomelilla.es\/clmar\/la-exposicion-melilla-ejercito-y-cartografia-del-portulano-a-la-informacion-geoespacial-abre-sus-puertas-en-el-rcmm\/exposicion-2\/'><img decoding=\"async\" width=\"1500\" height=\"1000\" src=\"https:\/\/www.realclubmaritimomelilla.es\/clmar\/wp-content\/uploads\/exposicion-2.webp\" class=\"attachment-full size-full\" alt=\"\" srcset=\"https:\/\/www.realclubmaritimomelilla.es\/clmar\/wp-content\/uploads\/exposicion-2-200x133.webp 200w, https:\/\/www.realclubmaritimomelilla.es\/clmar\/wp-content\/uploads\/exposicion-2-300x200.webp 300w, https:\/\/www.realclubmaritimomelilla.es\/clmar\/wp-content\/uploads\/exposicion-2-400x267.webp 400w, https:\/\/www.realclubmaritimomelilla.es\/clmar\/wp-content\/uploads\/exposicion-2-600x400.webp 600w, https:\/\/www.realclubmaritimomelilla.es\/clmar\/wp-content\/uploads\/exposicion-2-768x512.webp 768w, https:\/\/www.realclubmaritimomelilla.es\/clmar\/wp-content\/uploads\/exposicion-2-800x533.webp 800w, https:\/\/www.realclubmaritimomelilla.es\/clmar\/wp-content\/uploads\/exposicion-2-1024x683.webp 1024w, https:\/\/www.realclubmaritimomelilla.es\/clmar\/wp-content\/uploads\/exposicion-2-1200x800.webp 1200w, https:\/\/www.realclubmaritimomelilla.es\/clmar\/wp-content\/uploads\/exposicion-2.webp 1500w\" sizes=\"(max-width: 1500px) 100vw, 1500px\" \/><\/a>\n\t\t\t<\/dt><\/dl><dl class='gallery-item'>\n\t\t\t<dt class='gallery-icon landscape'>\n\t\t\t\t<a data-rel=\"iLightbox[postimages]\" data-title=\"exposicion 3\" data-caption=\"\" href='https:\/\/www.realclubmaritimomelilla.es\/clmar\/la-exposicion-melilla-ejercito-y-cartografia-del-portulano-a-la-informacion-geoespacial-abre-sus-puertas-en-el-rcmm\/exposicion-3\/'><img decoding=\"async\" width=\"1600\" height=\"900\" src=\"https:\/\/www.realclubmaritimomelilla.es\/clmar\/wp-content\/uploads\/exposicion-3.webp\" class=\"attachment-full size-full\" alt=\"\" srcset=\"https:\/\/www.realclubmaritimomelilla.es\/clmar\/wp-content\/uploads\/exposicion-3-200x113.webp 200w, https:\/\/www.realclubmaritimomelilla.es\/clmar\/wp-content\/uploads\/exposicion-3-300x169.webp 300w, https:\/\/www.realclubmaritimomelilla.es\/clmar\/wp-content\/uploads\/exposicion-3-400x225.webp 400w, https:\/\/www.realclubmaritimomelilla.es\/clmar\/wp-content\/uploads\/exposicion-3-600x338.webp 600w, https:\/\/www.realclubmaritimomelilla.es\/clmar\/wp-content\/uploads\/exposicion-3-768x432.webp 768w, https:\/\/www.realclubmaritimomelilla.es\/clmar\/wp-content\/uploads\/exposicion-3-800x450.webp 800w, https:\/\/www.realclubmaritimomelilla.es\/clmar\/wp-content\/uploads\/exposicion-3-1024x576.webp 1024w, https:\/\/www.realclubmaritimomelilla.es\/clmar\/wp-content\/uploads\/exposicion-3-1200x675.webp 1200w, https:\/\/www.realclubmaritimomelilla.es\/clmar\/wp-content\/uploads\/exposicion-3-1536x864.webp 1536w, https:\/\/www.realclubmaritimomelilla.es\/clmar\/wp-content\/uploads\/exposicion-3.webp 1600w\" sizes=\"(max-width: 1600px) 100vw, 1600px\" \/><\/a>\n\t\t\t<\/dt><\/dl>\n\t\t\t<br style='clear: both' \/>\n\t\t<\/div>\n\n","protected":false},"excerpt":{"rendered":"<p>\u2018Melilla, Ej\u00e9rcito y Cartograf\u00eda\u2019, exposici\u00f3n inaugurada este jueves 11 de diciembre en el Real Club Mar\u00edtimo de Melilla, permanecer\u00e1 abierta hasta final de mes, ofreciendo un recorrido que mezcla historia, estrategia militar y tecnolog\u00eda geoespacial. Para quienes deseen visitarla, el horario es de 10:30 a 13:30 horas por la ma\u00f1ana y de 16:30 a 20:30 [&hellip;]<\/p>\n","protected":false},"author":1,"featured_media":26898,"comment_status":"open","ping_status":"open","sticky":false,"template":"","format":"standard","meta":{"_acf_changed":false,"footnotes":""},"categories":[41],"tags":[],"class_list":["post-26897","post","type-post","status-publish","format-standard","has-post-thumbnail","hentry","category-jornadas"],"acf":[],"yoast_head":"<!-- This site is optimized with the Yoast SEO plugin v27.5 - https:\/\/yoast.com\/product\/yoast-seo-wordpress\/ -->\n<title>Exposici\u00f3n \u2018Melilla. Ej\u00e9rcito y Cartograf\u00eda: del portulano a la informaci\u00f3n geoespacial\u201d - Real Club Mar\u00edtimo de Melilla<\/title>\n<meta name=\"description\" content=\"La exposici\u00f3n ofrece una combinaci\u00f3n de mapas mundi antiguos, portulanos y documentos relacionados con el protectorado espa\u00f1ol en el norte de Marruecos\" \/>\n<meta name=\"robots\" content=\"index, follow, max-snippet:-1, max-image-preview:large, max-video-preview:-1\" \/>\n<link rel=\"canonical\" href=\"https:\/\/www.realclubmaritimomelilla.es\/clmar\/la-exposicion-melilla-ejercito-y-cartografia-del-portulano-a-la-informacion-geoespacial-abre-sus-puertas-en-el-rcmm\/\" \/>\n<meta property=\"og:locale\" content=\"es_ES\" \/>\n<meta property=\"og:type\" content=\"article\" \/>\n<meta property=\"og:title\" content=\"Exposici\u00f3n \u2018Melilla. Ej\u00e9rcito y Cartograf\u00eda: del portulano a la informaci\u00f3n geoespacial\u201d - Real Club Mar\u00edtimo de Melilla\" \/>\n<meta property=\"og:description\" content=\"La exposici\u00f3n ofrece una combinaci\u00f3n de mapas mundi antiguos, portulanos y documentos relacionados con el protectorado espa\u00f1ol en el norte de Marruecos\" \/>\n<meta property=\"og:url\" content=\"https:\/\/www.realclubmaritimomelilla.es\/clmar\/la-exposicion-melilla-ejercito-y-cartografia-del-portulano-a-la-informacion-geoespacial-abre-sus-puertas-en-el-rcmm\/\" \/>\n<meta property=\"og:site_name\" content=\"Real Club Mar\u00edtimo de Melilla\" \/>\n<meta property=\"article:publisher\" content=\"https:\/\/www.facebook.com\/Real-Club-Mar%c3%adtimo-de-Melilla-588495841234214\/\" \/>\n<meta property=\"article:published_time\" content=\"2025-12-12T07:54:48+00:00\" \/>\n<meta property=\"article:modified_time\" content=\"2025-12-18T16:04:13+00:00\" \/>\n<meta property=\"og:image\" content=\"https:\/\/www.realclubmaritimomelilla.es\/clmar\/wp-content\/uploads\/exposicion.webp\" \/>\n\t<meta property=\"og:image:width\" content=\"1500\" \/>\n\t<meta property=\"og:image:height\" content=\"1000\" \/>\n\t<meta property=\"og:image:type\" content=\"image\/jpeg\" \/>\n<meta name=\"author\" content=\"RCMMelilla\" \/>\n<meta name=\"twitter:card\" content=\"summary_large_image\" \/>\n<meta name=\"twitter:creator\" content=\"@nauticarcmm\" \/>\n<meta name=\"twitter:site\" content=\"@nauticarcmm\" \/>\n<meta name=\"twitter:label1\" content=\"Escrito por\" \/>\n\t<meta name=\"twitter:data1\" content=\"RCMMelilla\" \/>\n\t<meta name=\"twitter:label2\" content=\"Tiempo de lectura\" \/>\n\t<meta name=\"twitter:data2\" content=\"2 minutos\" \/>\n<script type=\"application\/ld+json\" class=\"yoast-schema-graph\">{\"@context\":\"https:\\\/\\\/schema.org\",\"@graph\":[{\"@type\":\"Article\",\"@id\":\"https:\\\/\\\/www.realclubmaritimomelilla.es\\\/clmar\\\/la-exposicion-melilla-ejercito-y-cartografia-del-portulano-a-la-informacion-geoespacial-abre-sus-puertas-en-el-rcmm\\\/#article\",\"isPartOf\":{\"@id\":\"https:\\\/\\\/www.realclubmaritimomelilla.es\\\/clmar\\\/la-exposicion-melilla-ejercito-y-cartografia-del-portulano-a-la-informacion-geoespacial-abre-sus-puertas-en-el-rcmm\\\/\"},\"author\":{\"name\":\"RCMMelilla\",\"@id\":\"https:\\\/\\\/www.realclubmaritimomelilla.es\\\/clmar\\\/#\\\/schema\\\/person\\\/ebaa3713496dc6d48c872452e73a8e79\"},\"headline\":\"Exposici\u00f3n \u2018Melilla. Ej\u00e9rcito y Cartograf\u00eda: del portulano a la informaci\u00f3n geoespacial\u201d\",\"datePublished\":\"2025-12-12T07:54:48+00:00\",\"dateModified\":\"2025-12-18T16:04:13+00:00\",\"mainEntityOfPage\":{\"@id\":\"https:\\\/\\\/www.realclubmaritimomelilla.es\\\/clmar\\\/la-exposicion-melilla-ejercito-y-cartografia-del-portulano-a-la-informacion-geoespacial-abre-sus-puertas-en-el-rcmm\\\/\"},\"wordCount\":273,\"commentCount\":0,\"publisher\":{\"@id\":\"https:\\\/\\\/www.realclubmaritimomelilla.es\\\/clmar\\\/#organization\"},\"image\":{\"@id\":\"https:\\\/\\\/www.realclubmaritimomelilla.es\\\/clmar\\\/la-exposicion-melilla-ejercito-y-cartografia-del-portulano-a-la-informacion-geoespacial-abre-sus-puertas-en-el-rcmm\\\/#primaryimage\"},\"thumbnailUrl\":\"https:\\\/\\\/www.realclubmaritimomelilla.es\\\/clmar\\\/wp-content\\\/uploads\\\/exposicion.webp\",\"articleSection\":[\"Jornadas\"],\"inLanguage\":\"es\",\"potentialAction\":[{\"@type\":\"CommentAction\",\"name\":\"Comment\",\"target\":[\"https:\\\/\\\/www.realclubmaritimomelilla.es\\\/clmar\\\/la-exposicion-melilla-ejercito-y-cartografia-del-portulano-a-la-informacion-geoespacial-abre-sus-puertas-en-el-rcmm\\\/#respond\"]}]},{\"@type\":\"WebPage\",\"@id\":\"https:\\\/\\\/www.realclubmaritimomelilla.es\\\/clmar\\\/la-exposicion-melilla-ejercito-y-cartografia-del-portulano-a-la-informacion-geoespacial-abre-sus-puertas-en-el-rcmm\\\/\",\"url\":\"https:\\\/\\\/www.realclubmaritimomelilla.es\\\/clmar\\\/la-exposicion-melilla-ejercito-y-cartografia-del-portulano-a-la-informacion-geoespacial-abre-sus-puertas-en-el-rcmm\\\/\",\"name\":\"Exposici\u00f3n \u2018Melilla. Ej\u00e9rcito y Cartograf\u00eda: del portulano a la informaci\u00f3n geoespacial\u201d - Real Club Mar\u00edtimo de Melilla\",\"isPartOf\":{\"@id\":\"https:\\\/\\\/www.realclubmaritimomelilla.es\\\/clmar\\\/#website\"},\"primaryImageOfPage\":{\"@id\":\"https:\\\/\\\/www.realclubmaritimomelilla.es\\\/clmar\\\/la-exposicion-melilla-ejercito-y-cartografia-del-portulano-a-la-informacion-geoespacial-abre-sus-puertas-en-el-rcmm\\\/#primaryimage\"},\"image\":{\"@id\":\"https:\\\/\\\/www.realclubmaritimomelilla.es\\\/clmar\\\/la-exposicion-melilla-ejercito-y-cartografia-del-portulano-a-la-informacion-geoespacial-abre-sus-puertas-en-el-rcmm\\\/#primaryimage\"},\"thumbnailUrl\":\"https:\\\/\\\/www.realclubmaritimomelilla.es\\\/clmar\\\/wp-content\\\/uploads\\\/exposicion.webp\",\"datePublished\":\"2025-12-12T07:54:48+00:00\",\"dateModified\":\"2025-12-18T16:04:13+00:00\",\"description\":\"La exposici\u00f3n ofrece una combinaci\u00f3n de mapas mundi antiguos, portulanos y documentos relacionados con el protectorado espa\u00f1ol en el norte de Marruecos\",\"breadcrumb\":{\"@id\":\"https:\\\/\\\/www.realclubmaritimomelilla.es\\\/clmar\\\/la-exposicion-melilla-ejercito-y-cartografia-del-portulano-a-la-informacion-geoespacial-abre-sus-puertas-en-el-rcmm\\\/#breadcrumb\"},\"inLanguage\":\"es\",\"potentialAction\":[{\"@type\":\"ReadAction\",\"target\":[\"https:\\\/\\\/www.realclubmaritimomelilla.es\\\/clmar\\\/la-exposicion-melilla-ejercito-y-cartografia-del-portulano-a-la-informacion-geoespacial-abre-sus-puertas-en-el-rcmm\\\/\"]}]},{\"@type\":\"ImageObject\",\"inLanguage\":\"es\",\"@id\":\"https:\\\/\\\/www.realclubmaritimomelilla.es\\\/clmar\\\/la-exposicion-melilla-ejercito-y-cartografia-del-portulano-a-la-informacion-geoespacial-abre-sus-puertas-en-el-rcmm\\\/#primaryimage\",\"url\":\"https:\\\/\\\/www.realclubmaritimomelilla.es\\\/clmar\\\/wp-content\\\/uploads\\\/exposicion.webp\",\"contentUrl\":\"https:\\\/\\\/www.realclubmaritimomelilla.es\\\/clmar\\\/wp-content\\\/uploads\\\/exposicion.webp\",\"width\":1500,\"height\":1000},{\"@type\":\"BreadcrumbList\",\"@id\":\"https:\\\/\\\/www.realclubmaritimomelilla.es\\\/clmar\\\/la-exposicion-melilla-ejercito-y-cartografia-del-portulano-a-la-informacion-geoespacial-abre-sus-puertas-en-el-rcmm\\\/#breadcrumb\",\"itemListElement\":[{\"@type\":\"ListItem\",\"position\":1,\"name\":\"Portada\",\"item\":\"https:\\\/\\\/www.realclubmaritimomelilla.es\\\/clmar\\\/\"},{\"@type\":\"ListItem\",\"position\":2,\"name\":\"Exposici\u00f3n \u2018Melilla. Ej\u00e9rcito y Cartograf\u00eda: del portulano a la informaci\u00f3n geoespacial\u201d\"}]},{\"@type\":\"WebSite\",\"@id\":\"https:\\\/\\\/www.realclubmaritimomelilla.es\\\/clmar\\\/#website\",\"url\":\"https:\\\/\\\/www.realclubmaritimomelilla.es\\\/clmar\\\/\",\"name\":\"Real Club Mar\u00edtimo de Melilla\",\"description\":\"RCMM\",\"publisher\":{\"@id\":\"https:\\\/\\\/www.realclubmaritimomelilla.es\\\/clmar\\\/#organization\"},\"alternateName\":\"RCMM\",\"potentialAction\":[{\"@type\":\"SearchAction\",\"target\":{\"@type\":\"EntryPoint\",\"urlTemplate\":\"https:\\\/\\\/www.realclubmaritimomelilla.es\\\/clmar\\\/?s={search_term_string}\"},\"query-input\":{\"@type\":\"PropertyValueSpecification\",\"valueRequired\":true,\"valueName\":\"search_term_string\"}}],\"inLanguage\":\"es\"},{\"@type\":\"Organization\",\"@id\":\"https:\\\/\\\/www.realclubmaritimomelilla.es\\\/clmar\\\/#organization\",\"name\":\"Real Club Mar\u00edtimo de Melilla\",\"alternateName\":\"RCMM\",\"url\":\"https:\\\/\\\/www.realclubmaritimomelilla.es\\\/clmar\\\/\",\"logo\":{\"@type\":\"ImageObject\",\"inLanguage\":\"es\",\"@id\":\"https:\\\/\\\/www.realclubmaritimomelilla.es\\\/clmar\\\/#\\\/schema\\\/logo\\\/image\\\/\",\"url\":\"https:\\\/\\\/www.realclubmaritimomelilla.es\\\/clmar\\\/wp-content\\\/uploads\\\/logo-club-original-copia.jpg\",\"contentUrl\":\"https:\\\/\\\/www.realclubmaritimomelilla.es\\\/clmar\\\/wp-content\\\/uploads\\\/logo-club-original-copia.jpg\",\"width\":128,\"height\":89,\"caption\":\"Real Club Mar\u00edtimo de Melilla\"},\"image\":{\"@id\":\"https:\\\/\\\/www.realclubmaritimomelilla.es\\\/clmar\\\/#\\\/schema\\\/logo\\\/image\\\/\"},\"sameAs\":[\"https:\\\/\\\/www.facebook.com\\\/Real-Club-Mar\u00edtimo-de-Melilla-588495841234214\\\/\",\"https:\\\/\\\/x.com\\\/nauticarcmm\",\"https:\\\/\\\/www.instagram.com\\\/club_maritimo_melilla\\\/\",\"https:\\\/\\\/www.youtube.com\\\/@realclubmaritimodemelilla4703\",\"https:\\\/\\\/es.wikipedia.org\\\/wiki\\\/Real_Club_Mar\u00edtimo_de_Melilla\"]},{\"@type\":\"Person\",\"@id\":\"https:\\\/\\\/www.realclubmaritimomelilla.es\\\/clmar\\\/#\\\/schema\\\/person\\\/ebaa3713496dc6d48c872452e73a8e79\",\"name\":\"RCMMelilla\",\"image\":{\"@type\":\"ImageObject\",\"inLanguage\":\"es\",\"@id\":\"https:\\\/\\\/secure.gravatar.com\\\/avatar\\\/df1c24789360fb9308735c4ee556fc2bc5bf924bf01e53043b8b97ba272da33c?s=96&d=mm&r=g\",\"url\":\"https:\\\/\\\/secure.gravatar.com\\\/avatar\\\/df1c24789360fb9308735c4ee556fc2bc5bf924bf01e53043b8b97ba272da33c?s=96&d=mm&r=g\",\"contentUrl\":\"https:\\\/\\\/secure.gravatar.com\\\/avatar\\\/df1c24789360fb9308735c4ee556fc2bc5bf924bf01e53043b8b97ba272da33c?s=96&d=mm&r=g\",\"caption\":\"RCMMelilla\"}}]}<\/script>\n<!-- \/ Yoast SEO plugin. -->","yoast_head_json":{"title":"Exposici\u00f3n \u2018Melilla. Ej\u00e9rcito y Cartograf\u00eda: del portulano a la informaci\u00f3n geoespacial\u201d - Real Club Mar\u00edtimo de Melilla","description":"La exposici\u00f3n ofrece una combinaci\u00f3n de mapas mundi antiguos, portulanos y documentos relacionados con el protectorado espa\u00f1ol en el norte de Marruecos","robots":{"index":"index","follow":"follow","max-snippet":"max-snippet:-1","max-image-preview":"max-image-preview:large","max-video-preview":"max-video-preview:-1"},"canonical":"https:\/\/www.realclubmaritimomelilla.es\/clmar\/la-exposicion-melilla-ejercito-y-cartografia-del-portulano-a-la-informacion-geoespacial-abre-sus-puertas-en-el-rcmm\/","og_locale":"es_ES","og_type":"article","og_title":"Exposici\u00f3n \u2018Melilla. Ej\u00e9rcito y Cartograf\u00eda: del portulano a la informaci\u00f3n geoespacial\u201d - Real Club Mar\u00edtimo de Melilla","og_description":"La exposici\u00f3n ofrece una combinaci\u00f3n de mapas mundi antiguos, portulanos y documentos relacionados con el protectorado espa\u00f1ol en el norte de Marruecos","og_url":"https:\/\/www.realclubmaritimomelilla.es\/clmar\/la-exposicion-melilla-ejercito-y-cartografia-del-portulano-a-la-informacion-geoespacial-abre-sus-puertas-en-el-rcmm\/","og_site_name":"Real Club Mar\u00edtimo de Melilla","article_publisher":"https:\/\/www.facebook.com\/Real-Club-Mar%c3%adtimo-de-Melilla-588495841234214\/","article_published_time":"2025-12-12T07:54:48+00:00","article_modified_time":"2025-12-18T16:04:13+00:00","og_image":[{"width":1500,"height":1000,"url":"https:\/\/www.realclubmaritimomelilla.es\/clmar\/wp-content\/uploads\/exposicion.webp","type":"image\/jpeg"}],"author":"RCMMelilla","twitter_card":"summary_large_image","twitter_creator":"@nauticarcmm","twitter_site":"@nauticarcmm","twitter_misc":{"Escrito por":"RCMMelilla","Tiempo de lectura":"2 minutos"},"schema":{"@context":"https:\/\/schema.org","@graph":[{"@type":"Article","@id":"https:\/\/www.realclubmaritimomelilla.es\/clmar\/la-exposicion-melilla-ejercito-y-cartografia-del-portulano-a-la-informacion-geoespacial-abre-sus-puertas-en-el-rcmm\/#article","isPartOf":{"@id":"https:\/\/www.realclubmaritimomelilla.es\/clmar\/la-exposicion-melilla-ejercito-y-cartografia-del-portulano-a-la-informacion-geoespacial-abre-sus-puertas-en-el-rcmm\/"},"author":{"name":"RCMMelilla","@id":"https:\/\/www.realclubmaritimomelilla.es\/clmar\/#\/schema\/person\/ebaa3713496dc6d48c872452e73a8e79"},"headline":"Exposici\u00f3n \u2018Melilla. Ej\u00e9rcito y Cartograf\u00eda: del portulano a la informaci\u00f3n geoespacial\u201d","datePublished":"2025-12-12T07:54:48+00:00","dateModified":"2025-12-18T16:04:13+00:00","mainEntityOfPage":{"@id":"https:\/\/www.realclubmaritimomelilla.es\/clmar\/la-exposicion-melilla-ejercito-y-cartografia-del-portulano-a-la-informacion-geoespacial-abre-sus-puertas-en-el-rcmm\/"},"wordCount":273,"commentCount":0,"publisher":{"@id":"https:\/\/www.realclubmaritimomelilla.es\/clmar\/#organization"},"image":{"@id":"https:\/\/www.realclubmaritimomelilla.es\/clmar\/la-exposicion-melilla-ejercito-y-cartografia-del-portulano-a-la-informacion-geoespacial-abre-sus-puertas-en-el-rcmm\/#primaryimage"},"thumbnailUrl":"https:\/\/www.realclubmaritimomelilla.es\/clmar\/wp-content\/uploads\/exposicion.webp","articleSection":["Jornadas"],"inLanguage":"es","potentialAction":[{"@type":"CommentAction","name":"Comment","target":["https:\/\/www.realclubmaritimomelilla.es\/clmar\/la-exposicion-melilla-ejercito-y-cartografia-del-portulano-a-la-informacion-geoespacial-abre-sus-puertas-en-el-rcmm\/#respond"]}]},{"@type":"WebPage","@id":"https:\/\/www.realclubmaritimomelilla.es\/clmar\/la-exposicion-melilla-ejercito-y-cartografia-del-portulano-a-la-informacion-geoespacial-abre-sus-puertas-en-el-rcmm\/","url":"https:\/\/www.realclubmaritimomelilla.es\/clmar\/la-exposicion-melilla-ejercito-y-cartografia-del-portulano-a-la-informacion-geoespacial-abre-sus-puertas-en-el-rcmm\/","name":"Exposici\u00f3n \u2018Melilla. Ej\u00e9rcito y Cartograf\u00eda: del portulano a la informaci\u00f3n geoespacial\u201d - Real Club Mar\u00edtimo de Melilla","isPartOf":{"@id":"https:\/\/www.realclubmaritimomelilla.es\/clmar\/#website"},"primaryImageOfPage":{"@id":"https:\/\/www.realclubmaritimomelilla.es\/clmar\/la-exposicion-melilla-ejercito-y-cartografia-del-portulano-a-la-informacion-geoespacial-abre-sus-puertas-en-el-rcmm\/#primaryimage"},"image":{"@id":"https:\/\/www.realclubmaritimomelilla.es\/clmar\/la-exposicion-melilla-ejercito-y-cartografia-del-portulano-a-la-informacion-geoespacial-abre-sus-puertas-en-el-rcmm\/#primaryimage"},"thumbnailUrl":"https:\/\/www.realclubmaritimomelilla.es\/clmar\/wp-content\/uploads\/exposicion.webp","datePublished":"2025-12-12T07:54:48+00:00","dateModified":"2025-12-18T16:04:13+00:00","description":"La exposici\u00f3n ofrece una combinaci\u00f3n de mapas mundi antiguos, portulanos y documentos relacionados con el protectorado espa\u00f1ol en el norte de Marruecos","breadcrumb":{"@id":"https:\/\/www.realclubmaritimomelilla.es\/clmar\/la-exposicion-melilla-ejercito-y-cartografia-del-portulano-a-la-informacion-geoespacial-abre-sus-puertas-en-el-rcmm\/#breadcrumb"},"inLanguage":"es","potentialAction":[{"@type":"ReadAction","target":["https:\/\/www.realclubmaritimomelilla.es\/clmar\/la-exposicion-melilla-ejercito-y-cartografia-del-portulano-a-la-informacion-geoespacial-abre-sus-puertas-en-el-rcmm\/"]}]},{"@type":"ImageObject","inLanguage":"es","@id":"https:\/\/www.realclubmaritimomelilla.es\/clmar\/la-exposicion-melilla-ejercito-y-cartografia-del-portulano-a-la-informacion-geoespacial-abre-sus-puertas-en-el-rcmm\/#primaryimage","url":"https:\/\/www.realclubmaritimomelilla.es\/clmar\/wp-content\/uploads\/exposicion.webp","contentUrl":"https:\/\/www.realclubmaritimomelilla.es\/clmar\/wp-content\/uploads\/exposicion.webp","width":1500,"height":1000},{"@type":"BreadcrumbList","@id":"https:\/\/www.realclubmaritimomelilla.es\/clmar\/la-exposicion-melilla-ejercito-y-cartografia-del-portulano-a-la-informacion-geoespacial-abre-sus-puertas-en-el-rcmm\/#breadcrumb","itemListElement":[{"@type":"ListItem","position":1,"name":"Portada","item":"https:\/\/www.realclubmaritimomelilla.es\/clmar\/"},{"@type":"ListItem","position":2,"name":"Exposici\u00f3n \u2018Melilla. Ej\u00e9rcito y Cartograf\u00eda: del portulano a la informaci\u00f3n geoespacial\u201d"}]},{"@type":"WebSite","@id":"https:\/\/www.realclubmaritimomelilla.es\/clmar\/#website","url":"https:\/\/www.realclubmaritimomelilla.es\/clmar\/","name":"Real Club Mar\u00edtimo de Melilla","description":"RCMM","publisher":{"@id":"https:\/\/www.realclubmaritimomelilla.es\/clmar\/#organization"},"alternateName":"RCMM","potentialAction":[{"@type":"SearchAction","target":{"@type":"EntryPoint","urlTemplate":"https:\/\/www.realclubmaritimomelilla.es\/clmar\/?s={search_term_string}"},"query-input":{"@type":"PropertyValueSpecification","valueRequired":true,"valueName":"search_term_string"}}],"inLanguage":"es"},{"@type":"Organization","@id":"https:\/\/www.realclubmaritimomelilla.es\/clmar\/#organization","name":"Real Club Mar\u00edtimo de Melilla","alternateName":"RCMM","url":"https:\/\/www.realclubmaritimomelilla.es\/clmar\/","logo":{"@type":"ImageObject","inLanguage":"es","@id":"https:\/\/www.realclubmaritimomelilla.es\/clmar\/#\/schema\/logo\/image\/","url":"https:\/\/www.realclubmaritimomelilla.es\/clmar\/wp-content\/uploads\/logo-club-original-copia.jpg","contentUrl":"https:\/\/www.realclubmaritimomelilla.es\/clmar\/wp-content\/uploads\/logo-club-original-copia.jpg","width":128,"height":89,"caption":"Real Club Mar\u00edtimo de Melilla"},"image":{"@id":"https:\/\/www.realclubmaritimomelilla.es\/clmar\/#\/schema\/logo\/image\/"},"sameAs":["https:\/\/www.facebook.com\/Real-Club-Mar\u00edtimo-de-Melilla-588495841234214\/","https:\/\/x.com\/nauticarcmm","https:\/\/www.instagram.com\/club_maritimo_melilla\/","https:\/\/www.youtube.com\/@realclubmaritimodemelilla4703","https:\/\/es.wikipedia.org\/wiki\/Real_Club_Mar\u00edtimo_de_Melilla"]},{"@type":"Person","@id":"https:\/\/www.realclubmaritimomelilla.es\/clmar\/#\/schema\/person\/ebaa3713496dc6d48c872452e73a8e79","name":"RCMMelilla","image":{"@type":"ImageObject","inLanguage":"es","@id":"https:\/\/secure.gravatar.com\/avatar\/df1c24789360fb9308735c4ee556fc2bc5bf924bf01e53043b8b97ba272da33c?s=96&d=mm&r=g","url":"https:\/\/secure.gravatar.com\/avatar\/df1c24789360fb9308735c4ee556fc2bc5bf924bf01e53043b8b97ba272da33c?s=96&d=mm&r=g","contentUrl":"https:\/\/secure.gravatar.com\/avatar\/df1c24789360fb9308735c4ee556fc2bc5bf924bf01e53043b8b97ba272da33c?s=96&d=mm&r=g","caption":"RCMMelilla"}}]}},"_links":{"self":[{"href":"https:\/\/www.realclubmaritimomelilla.es\/clmar\/wp-json\/wp\/v2\/posts\/26897","targetHints":{"allow":["GET"]}}],"collection":[{"href":"https:\/\/www.realclubmaritimomelilla.es\/clmar\/wp-json\/wp\/v2\/posts"}],"about":[{"href":"https:\/\/www.realclubmaritimomelilla.es\/clmar\/wp-json\/wp\/v2\/types\/post"}],"author":[{"embeddable":true,"href":"https:\/\/www.realclubmaritimomelilla.es\/clmar\/wp-json\/wp\/v2\/users\/1"}],"replies":[{"embeddable":true,"href":"https:\/\/www.realclubmaritimomelilla.es\/clmar\/wp-json\/wp\/v2\/comments?post=26897"}],"version-history":[{"count":4,"href":"https:\/\/www.realclubmaritimomelilla.es\/clmar\/wp-json\/wp\/v2\/posts\/26897\/revisions"}],"predecessor-version":[{"id":26923,"href":"https:\/\/www.realclubmaritimomelilla.es\/clmar\/wp-json\/wp\/v2\/posts\/26897\/revisions\/26923"}],"wp:featuredmedia":[{"embeddable":true,"href":"https:\/\/www.realclubmaritimomelilla.es\/clmar\/wp-json\/wp\/v2\/media\/26898"}],"wp:attachment":[{"href":"https:\/\/www.realclubmaritimomelilla.es\/clmar\/wp-json\/wp\/v2\/media?parent=26897"}],"wp:term":[{"taxonomy":"category","embeddable":true,"href":"https:\/\/www.realclubmaritimomelilla.es\/clmar\/wp-json\/wp\/v2\/categories?post=26897"},{"taxonomy":"post_tag","embeddable":true,"href":"https:\/\/www.realclubmaritimomelilla.es\/clmar\/wp-json\/wp\/v2\/tags?post=26897"}],"curies":[{"name":"wp","href":"https:\/\/api.w.org\/{rel}","templated":true}]}}