{"id":26893,"date":"2025-12-11T19:33:49","date_gmt":"2025-12-11T18:33:49","guid":{"rendered":"https:\/\/www.realclubmaritimomelilla.es\/clmar\/?p=26893"},"modified":"2025-12-18T17:00:43","modified_gmt":"2025-12-18T16:00:43","slug":"jeronimo-perez-presenta-la-unica-candidatura-a-la-presidencia-del-rcmm","status":"publish","type":"post","link":"https:\/\/www.realclubmaritimomelilla.es\/clmar\/jeronimo-perez-presenta-la-unica-candidatura-a-la-presidencia-del-rcmm\/","title":{"rendered":"Jer\u00f3nimo P\u00e9rez presenta la \u00fanica candidatura a la Presidencia del RCMM"},"content":{"rendered":"<p>El Real Club Mar\u00edtimo de Melilla se encuentra en pleno proceso de elecci\u00f3n a la Presidencia. Este mi\u00e9rcoles, atendiendo al calendario electoral que se aprob\u00f3 en la Asamblea Extraordinaria de Socios del pasado 26 de noviembre, finaliz\u00f3 el plazo de presentaci\u00f3n de candidaturas, siendo la presentada por el socio Jer\u00f3nimo Hern\u00e1ndez, la \u00fanica presentada ante la Junta Electoral.<\/p>\n<p>El proceso continua con un \u00fanico candidato, que de cumplir todos los requisitos y plazos, quedar\u00eda oficialmente nombra el pr\u00f3ximo 29 de diciembre.<\/p>\n<p>&nbsp;<\/p>\n","protected":false},"excerpt":{"rendered":"<p>El Real Club Mar\u00edtimo de Melilla se encuentra en pleno proceso de elecci\u00f3n a la Presidencia. Este mi\u00e9rcoles, atendiendo al calendario electoral que se aprob\u00f3 en la Asamblea Extraordinaria de Socios del pasado 26 de noviembre, finaliz\u00f3 el plazo de presentaci\u00f3n de candidaturas, siendo la presentada por el socio Jer\u00f3nimo Hern\u00e1ndez, la \u00fanica presentada ante [&hellip;]<\/p>\n","protected":false},"author":1,"featured_media":26894,"comment_status":"open","ping_status":"open","sticky":false,"template":"","format":"standard","meta":{"_acf_changed":false,"footnotes":""},"categories":[40],"tags":[],"class_list":["post-26893","post","type-post","status-publish","format-standard","has-post-thumbnail","hentry","category-club"],"acf":[],"yoast_head":"<!-- This site is optimized with the Yoast SEO plugin v27.5 - https:\/\/yoast.com\/product\/yoast-seo-wordpress\/ -->\n<title>Jer\u00f3nimo P\u00e9rez presenta la \u00fanica candidatura a la Presidencia del RCMM - Real Club Mar\u00edtimo de Melilla<\/title>\n<meta name=\"description\" content=\"El Real Club Mar\u00edtimo de Melilla se encuentra en pleno proceso de elecci\u00f3n a la Presidencia\" \/>\n<meta name=\"robots\" content=\"index, follow, max-snippet:-1, max-image-preview:large, max-video-preview:-1\" \/>\n<link rel=\"canonical\" href=\"https:\/\/www.realclubmaritimomelilla.es\/clmar\/jeronimo-perez-presenta-la-unica-candidatura-a-la-presidencia-del-rcmm\/\" \/>\n<meta property=\"og:locale\" content=\"es_ES\" \/>\n<meta property=\"og:type\" content=\"article\" \/>\n<meta property=\"og:title\" content=\"Jer\u00f3nimo P\u00e9rez presenta la \u00fanica candidatura a la Presidencia del RCMM - Real Club Mar\u00edtimo de Melilla\" \/>\n<meta property=\"og:description\" content=\"El Real Club Mar\u00edtimo de Melilla se encuentra en pleno proceso de elecci\u00f3n a la Presidencia\" \/>\n<meta property=\"og:url\" content=\"https:\/\/www.realclubmaritimomelilla.es\/clmar\/jeronimo-perez-presenta-la-unica-candidatura-a-la-presidencia-del-rcmm\/\" \/>\n<meta property=\"og:site_name\" content=\"Real Club Mar\u00edtimo de Melilla\" \/>\n<meta property=\"article:publisher\" content=\"https:\/\/www.facebook.com\/Real-Club-Mar%c3%adtimo-de-Melilla-588495841234214\/\" \/>\n<meta property=\"article:published_time\" content=\"2025-12-11T18:33:49+00:00\" \/>\n<meta property=\"article:modified_time\" content=\"2025-12-18T16:00:43+00:00\" \/>\n<meta property=\"og:image\" content=\"https:\/\/www.realclubmaritimomelilla.es\/clmar\/wp-content\/uploads\/Jeronimo-Perez-scaled.webp\" \/>\n\t<meta property=\"og:image:width\" content=\"2560\" \/>\n\t<meta property=\"og:image:height\" content=\"1920\" \/>\n\t<meta property=\"og:image:type\" content=\"image\/jpeg\" \/>\n<meta name=\"author\" content=\"RCMMelilla\" \/>\n<meta name=\"twitter:card\" content=\"summary_large_image\" \/>\n<meta name=\"twitter:creator\" content=\"@nauticarcmm\" \/>\n<meta name=\"twitter:site\" content=\"@nauticarcmm\" \/>\n<meta name=\"twitter:label1\" content=\"Escrito por\" \/>\n\t<meta name=\"twitter:data1\" content=\"RCMMelilla\" \/>\n\t<meta name=\"twitter:label2\" content=\"Tiempo de lectura\" \/>\n\t<meta name=\"twitter:data2\" content=\"1 minuto\" \/>\n<script type=\"application\/ld+json\" class=\"yoast-schema-graph\">{\"@context\":\"https:\\\/\\\/schema.org\",\"@graph\":[{\"@type\":\"Article\",\"@id\":\"https:\\\/\\\/www.realclubmaritimomelilla.es\\\/clmar\\\/jeronimo-perez-presenta-la-unica-candidatura-a-la-presidencia-del-rcmm\\\/#article\",\"isPartOf\":{\"@id\":\"https:\\\/\\\/www.realclubmaritimomelilla.es\\\/clmar\\\/jeronimo-perez-presenta-la-unica-candidatura-a-la-presidencia-del-rcmm\\\/\"},\"author\":{\"name\":\"RCMMelilla\",\"@id\":\"https:\\\/\\\/www.realclubmaritimomelilla.es\\\/clmar\\\/#\\\/schema\\\/person\\\/ebaa3713496dc6d48c872452e73a8e79\"},\"headline\":\"Jer\u00f3nimo P\u00e9rez presenta la \u00fanica candidatura a la Presidencia del RCMM\",\"datePublished\":\"2025-12-11T18:33:49+00:00\",\"dateModified\":\"2025-12-18T16:00:43+00:00\",\"mainEntityOfPage\":{\"@id\":\"https:\\\/\\\/www.realclubmaritimomelilla.es\\\/clmar\\\/jeronimo-perez-presenta-la-unica-candidatura-a-la-presidencia-del-rcmm\\\/\"},\"wordCount\":101,\"commentCount\":0,\"publisher\":{\"@id\":\"https:\\\/\\\/www.realclubmaritimomelilla.es\\\/clmar\\\/#organization\"},\"image\":{\"@id\":\"https:\\\/\\\/www.realclubmaritimomelilla.es\\\/clmar\\\/jeronimo-perez-presenta-la-unica-candidatura-a-la-presidencia-del-rcmm\\\/#primaryimage\"},\"thumbnailUrl\":\"https:\\\/\\\/www.realclubmaritimomelilla.es\\\/clmar\\\/wp-content\\\/uploads\\\/Jeronimo-Perez-scaled.webp\",\"articleSection\":[\"Club\"],\"inLanguage\":\"es\",\"potentialAction\":[{\"@type\":\"CommentAction\",\"name\":\"Comment\",\"target\":[\"https:\\\/\\\/www.realclubmaritimomelilla.es\\\/clmar\\\/jeronimo-perez-presenta-la-unica-candidatura-a-la-presidencia-del-rcmm\\\/#respond\"]}]},{\"@type\":\"WebPage\",\"@id\":\"https:\\\/\\\/www.realclubmaritimomelilla.es\\\/clmar\\\/jeronimo-perez-presenta-la-unica-candidatura-a-la-presidencia-del-rcmm\\\/\",\"url\":\"https:\\\/\\\/www.realclubmaritimomelilla.es\\\/clmar\\\/jeronimo-perez-presenta-la-unica-candidatura-a-la-presidencia-del-rcmm\\\/\",\"name\":\"Jer\u00f3nimo P\u00e9rez presenta la \u00fanica candidatura a la Presidencia del RCMM - Real Club Mar\u00edtimo de Melilla\",\"isPartOf\":{\"@id\":\"https:\\\/\\\/www.realclubmaritimomelilla.es\\\/clmar\\\/#website\"},\"primaryImageOfPage\":{\"@id\":\"https:\\\/\\\/www.realclubmaritimomelilla.es\\\/clmar\\\/jeronimo-perez-presenta-la-unica-candidatura-a-la-presidencia-del-rcmm\\\/#primaryimage\"},\"image\":{\"@id\":\"https:\\\/\\\/www.realclubmaritimomelilla.es\\\/clmar\\\/jeronimo-perez-presenta-la-unica-candidatura-a-la-presidencia-del-rcmm\\\/#primaryimage\"},\"thumbnailUrl\":\"https:\\\/\\\/www.realclubmaritimomelilla.es\\\/clmar\\\/wp-content\\\/uploads\\\/Jeronimo-Perez-scaled.webp\",\"datePublished\":\"2025-12-11T18:33:49+00:00\",\"dateModified\":\"2025-12-18T16:00:43+00:00\",\"description\":\"El Real Club Mar\u00edtimo de Melilla se encuentra en pleno proceso de elecci\u00f3n a la Presidencia\",\"breadcrumb\":{\"@id\":\"https:\\\/\\\/www.realclubmaritimomelilla.es\\\/clmar\\\/jeronimo-perez-presenta-la-unica-candidatura-a-la-presidencia-del-rcmm\\\/#breadcrumb\"},\"inLanguage\":\"es\",\"potentialAction\":[{\"@type\":\"ReadAction\",\"target\":[\"https:\\\/\\\/www.realclubmaritimomelilla.es\\\/clmar\\\/jeronimo-perez-presenta-la-unica-candidatura-a-la-presidencia-del-rcmm\\\/\"]}]},{\"@type\":\"ImageObject\",\"inLanguage\":\"es\",\"@id\":\"https:\\\/\\\/www.realclubmaritimomelilla.es\\\/clmar\\\/jeronimo-perez-presenta-la-unica-candidatura-a-la-presidencia-del-rcmm\\\/#primaryimage\",\"url\":\"https:\\\/\\\/www.realclubmaritimomelilla.es\\\/clmar\\\/wp-content\\\/uploads\\\/Jeronimo-Perez-scaled.webp\",\"contentUrl\":\"https:\\\/\\\/www.realclubmaritimomelilla.es\\\/clmar\\\/wp-content\\\/uploads\\\/Jeronimo-Perez-scaled.webp\",\"width\":2560,\"height\":1920},{\"@type\":\"BreadcrumbList\",\"@id\":\"https:\\\/\\\/www.realclubmaritimomelilla.es\\\/clmar\\\/jeronimo-perez-presenta-la-unica-candidatura-a-la-presidencia-del-rcmm\\\/#breadcrumb\",\"itemListElement\":[{\"@type\":\"ListItem\",\"position\":1,\"name\":\"Portada\",\"item\":\"https:\\\/\\\/www.realclubmaritimomelilla.es\\\/clmar\\\/\"},{\"@type\":\"ListItem\",\"position\":2,\"name\":\"Jer\u00f3nimo P\u00e9rez presenta la \u00fanica candidatura a la Presidencia del RCMM\"}]},{\"@type\":\"WebSite\",\"@id\":\"https:\\\/\\\/www.realclubmaritimomelilla.es\\\/clmar\\\/#website\",\"url\":\"https:\\\/\\\/www.realclubmaritimomelilla.es\\\/clmar\\\/\",\"name\":\"Real Club Mar\u00edtimo de Melilla\",\"description\":\"RCMM\",\"publisher\":{\"@id\":\"https:\\\/\\\/www.realclubmaritimomelilla.es\\\/clmar\\\/#organization\"},\"alternateName\":\"RCMM\",\"potentialAction\":[{\"@type\":\"SearchAction\",\"target\":{\"@type\":\"EntryPoint\",\"urlTemplate\":\"https:\\\/\\\/www.realclubmaritimomelilla.es\\\/clmar\\\/?s={search_term_string}\"},\"query-input\":{\"@type\":\"PropertyValueSpecification\",\"valueRequired\":true,\"valueName\":\"search_term_string\"}}],\"inLanguage\":\"es\"},{\"@type\":\"Organization\",\"@id\":\"https:\\\/\\\/www.realclubmaritimomelilla.es\\\/clmar\\\/#organization\",\"name\":\"Real Club Mar\u00edtimo de Melilla\",\"alternateName\":\"RCMM\",\"url\":\"https:\\\/\\\/www.realclubmaritimomelilla.es\\\/clmar\\\/\",\"logo\":{\"@type\":\"ImageObject\",\"inLanguage\":\"es\",\"@id\":\"https:\\\/\\\/www.realclubmaritimomelilla.es\\\/clmar\\\/#\\\/schema\\\/logo\\\/image\\\/\",\"url\":\"https:\\\/\\\/www.realclubmaritimomelilla.es\\\/clmar\\\/wp-content\\\/uploads\\\/logo-club-original-copia.jpg\",\"contentUrl\":\"https:\\\/\\\/www.realclubmaritimomelilla.es\\\/clmar\\\/wp-content\\\/uploads\\\/logo-club-original-copia.jpg\",\"width\":128,\"height\":89,\"caption\":\"Real Club Mar\u00edtimo de Melilla\"},\"image\":{\"@id\":\"https:\\\/\\\/www.realclubmaritimomelilla.es\\\/clmar\\\/#\\\/schema\\\/logo\\\/image\\\/\"},\"sameAs\":[\"https:\\\/\\\/www.facebook.com\\\/Real-Club-Mar\u00edtimo-de-Melilla-588495841234214\\\/\",\"https:\\\/\\\/x.com\\\/nauticarcmm\",\"https:\\\/\\\/www.instagram.com\\\/club_maritimo_melilla\\\/\",\"https:\\\/\\\/www.youtube.com\\\/@realclubmaritimodemelilla4703\",\"https:\\\/\\\/es.wikipedia.org\\\/wiki\\\/Real_Club_Mar\u00edtimo_de_Melilla\"]},{\"@type\":\"Person\",\"@id\":\"https:\\\/\\\/www.realclubmaritimomelilla.es\\\/clmar\\\/#\\\/schema\\\/person\\\/ebaa3713496dc6d48c872452e73a8e79\",\"name\":\"RCMMelilla\",\"image\":{\"@type\":\"ImageObject\",\"inLanguage\":\"es\",\"@id\":\"https:\\\/\\\/secure.gravatar.com\\\/avatar\\\/df1c24789360fb9308735c4ee556fc2bc5bf924bf01e53043b8b97ba272da33c?s=96&d=mm&r=g\",\"url\":\"https:\\\/\\\/secure.gravatar.com\\\/avatar\\\/df1c24789360fb9308735c4ee556fc2bc5bf924bf01e53043b8b97ba272da33c?s=96&d=mm&r=g\",\"contentUrl\":\"https:\\\/\\\/secure.gravatar.com\\\/avatar\\\/df1c24789360fb9308735c4ee556fc2bc5bf924bf01e53043b8b97ba272da33c?s=96&d=mm&r=g\",\"caption\":\"RCMMelilla\"}}]}<\/script>\n<!-- \/ Yoast SEO plugin. -->","yoast_head_json":{"title":"Jer\u00f3nimo P\u00e9rez presenta la \u00fanica candidatura a la Presidencia del RCMM - Real Club Mar\u00edtimo de Melilla","description":"El Real Club Mar\u00edtimo de Melilla se encuentra en pleno proceso de elecci\u00f3n a la Presidencia","robots":{"index":"index","follow":"follow","max-snippet":"max-snippet:-1","max-image-preview":"max-image-preview:large","max-video-preview":"max-video-preview:-1"},"canonical":"https:\/\/www.realclubmaritimomelilla.es\/clmar\/jeronimo-perez-presenta-la-unica-candidatura-a-la-presidencia-del-rcmm\/","og_locale":"es_ES","og_type":"article","og_title":"Jer\u00f3nimo P\u00e9rez presenta la \u00fanica candidatura a la Presidencia del RCMM - Real Club Mar\u00edtimo de Melilla","og_description":"El Real Club Mar\u00edtimo de Melilla se encuentra en pleno proceso de elecci\u00f3n a la Presidencia","og_url":"https:\/\/www.realclubmaritimomelilla.es\/clmar\/jeronimo-perez-presenta-la-unica-candidatura-a-la-presidencia-del-rcmm\/","og_site_name":"Real Club Mar\u00edtimo de Melilla","article_publisher":"https:\/\/www.facebook.com\/Real-Club-Mar%c3%adtimo-de-Melilla-588495841234214\/","article_published_time":"2025-12-11T18:33:49+00:00","article_modified_time":"2025-12-18T16:00:43+00:00","og_image":[{"width":2560,"height":1920,"url":"https:\/\/www.realclubmaritimomelilla.es\/clmar\/wp-content\/uploads\/Jeronimo-Perez-scaled.webp","type":"image\/jpeg"}],"author":"RCMMelilla","twitter_card":"summary_large_image","twitter_creator":"@nauticarcmm","twitter_site":"@nauticarcmm","twitter_misc":{"Escrito por":"RCMMelilla","Tiempo de lectura":"1 minuto"},"schema":{"@context":"https:\/\/schema.org","@graph":[{"@type":"Article","@id":"https:\/\/www.realclubmaritimomelilla.es\/clmar\/jeronimo-perez-presenta-la-unica-candidatura-a-la-presidencia-del-rcmm\/#article","isPartOf":{"@id":"https:\/\/www.realclubmaritimomelilla.es\/clmar\/jeronimo-perez-presenta-la-unica-candidatura-a-la-presidencia-del-rcmm\/"},"author":{"name":"RCMMelilla","@id":"https:\/\/www.realclubmaritimomelilla.es\/clmar\/#\/schema\/person\/ebaa3713496dc6d48c872452e73a8e79"},"headline":"Jer\u00f3nimo P\u00e9rez presenta la \u00fanica candidatura a la Presidencia del RCMM","datePublished":"2025-12-11T18:33:49+00:00","dateModified":"2025-12-18T16:00:43+00:00","mainEntityOfPage":{"@id":"https:\/\/www.realclubmaritimomelilla.es\/clmar\/jeronimo-perez-presenta-la-unica-candidatura-a-la-presidencia-del-rcmm\/"},"wordCount":101,"commentCount":0,"publisher":{"@id":"https:\/\/www.realclubmaritimomelilla.es\/clmar\/#organization"},"image":{"@id":"https:\/\/www.realclubmaritimomelilla.es\/clmar\/jeronimo-perez-presenta-la-unica-candidatura-a-la-presidencia-del-rcmm\/#primaryimage"},"thumbnailUrl":"https:\/\/www.realclubmaritimomelilla.es\/clmar\/wp-content\/uploads\/Jeronimo-Perez-scaled.webp","articleSection":["Club"],"inLanguage":"es","potentialAction":[{"@type":"CommentAction","name":"Comment","target":["https:\/\/www.realclubmaritimomelilla.es\/clmar\/jeronimo-perez-presenta-la-unica-candidatura-a-la-presidencia-del-rcmm\/#respond"]}]},{"@type":"WebPage","@id":"https:\/\/www.realclubmaritimomelilla.es\/clmar\/jeronimo-perez-presenta-la-unica-candidatura-a-la-presidencia-del-rcmm\/","url":"https:\/\/www.realclubmaritimomelilla.es\/clmar\/jeronimo-perez-presenta-la-unica-candidatura-a-la-presidencia-del-rcmm\/","name":"Jer\u00f3nimo P\u00e9rez presenta la \u00fanica candidatura a la Presidencia del RCMM - Real Club Mar\u00edtimo de Melilla","isPartOf":{"@id":"https:\/\/www.realclubmaritimomelilla.es\/clmar\/#website"},"primaryImageOfPage":{"@id":"https:\/\/www.realclubmaritimomelilla.es\/clmar\/jeronimo-perez-presenta-la-unica-candidatura-a-la-presidencia-del-rcmm\/#primaryimage"},"image":{"@id":"https:\/\/www.realclubmaritimomelilla.es\/clmar\/jeronimo-perez-presenta-la-unica-candidatura-a-la-presidencia-del-rcmm\/#primaryimage"},"thumbnailUrl":"https:\/\/www.realclubmaritimomelilla.es\/clmar\/wp-content\/uploads\/Jeronimo-Perez-scaled.webp","datePublished":"2025-12-11T18:33:49+00:00","dateModified":"2025-12-18T16:00:43+00:00","description":"El Real Club Mar\u00edtimo de Melilla se encuentra en pleno proceso de elecci\u00f3n a la Presidencia","breadcrumb":{"@id":"https:\/\/www.realclubmaritimomelilla.es\/clmar\/jeronimo-perez-presenta-la-unica-candidatura-a-la-presidencia-del-rcmm\/#breadcrumb"},"inLanguage":"es","potentialAction":[{"@type":"ReadAction","target":["https:\/\/www.realclubmaritimomelilla.es\/clmar\/jeronimo-perez-presenta-la-unica-candidatura-a-la-presidencia-del-rcmm\/"]}]},{"@type":"ImageObject","inLanguage":"es","@id":"https:\/\/www.realclubmaritimomelilla.es\/clmar\/jeronimo-perez-presenta-la-unica-candidatura-a-la-presidencia-del-rcmm\/#primaryimage","url":"https:\/\/www.realclubmaritimomelilla.es\/clmar\/wp-content\/uploads\/Jeronimo-Perez-scaled.webp","contentUrl":"https:\/\/www.realclubmaritimomelilla.es\/clmar\/wp-content\/uploads\/Jeronimo-Perez-scaled.webp","width":2560,"height":1920},{"@type":"BreadcrumbList","@id":"https:\/\/www.realclubmaritimomelilla.es\/clmar\/jeronimo-perez-presenta-la-unica-candidatura-a-la-presidencia-del-rcmm\/#breadcrumb","itemListElement":[{"@type":"ListItem","position":1,"name":"Portada","item":"https:\/\/www.realclubmaritimomelilla.es\/clmar\/"},{"@type":"ListItem","position":2,"name":"Jer\u00f3nimo P\u00e9rez presenta la \u00fanica candidatura a la Presidencia del RCMM"}]},{"@type":"WebSite","@id":"https:\/\/www.realclubmaritimomelilla.es\/clmar\/#website","url":"https:\/\/www.realclubmaritimomelilla.es\/clmar\/","name":"Real Club Mar\u00edtimo de Melilla","description":"RCMM","publisher":{"@id":"https:\/\/www.realclubmaritimomelilla.es\/clmar\/#organization"},"alternateName":"RCMM","potentialAction":[{"@type":"SearchAction","target":{"@type":"EntryPoint","urlTemplate":"https:\/\/www.realclubmaritimomelilla.es\/clmar\/?s={search_term_string}"},"query-input":{"@type":"PropertyValueSpecification","valueRequired":true,"valueName":"search_term_string"}}],"inLanguage":"es"},{"@type":"Organization","@id":"https:\/\/www.realclubmaritimomelilla.es\/clmar\/#organization","name":"Real Club Mar\u00edtimo de Melilla","alternateName":"RCMM","url":"https:\/\/www.realclubmaritimomelilla.es\/clmar\/","logo":{"@type":"ImageObject","inLanguage":"es","@id":"https:\/\/www.realclubmaritimomelilla.es\/clmar\/#\/schema\/logo\/image\/","url":"https:\/\/www.realclubmaritimomelilla.es\/clmar\/wp-content\/uploads\/logo-club-original-copia.jpg","contentUrl":"https:\/\/www.realclubmaritimomelilla.es\/clmar\/wp-content\/uploads\/logo-club-original-copia.jpg","width":128,"height":89,"caption":"Real Club Mar\u00edtimo de Melilla"},"image":{"@id":"https:\/\/www.realclubmaritimomelilla.es\/clmar\/#\/schema\/logo\/image\/"},"sameAs":["https:\/\/www.facebook.com\/Real-Club-Mar\u00edtimo-de-Melilla-588495841234214\/","https:\/\/x.com\/nauticarcmm","https:\/\/www.instagram.com\/club_maritimo_melilla\/","https:\/\/www.youtube.com\/@realclubmaritimodemelilla4703","https:\/\/es.wikipedia.org\/wiki\/Real_Club_Mar\u00edtimo_de_Melilla"]},{"@type":"Person","@id":"https:\/\/www.realclubmaritimomelilla.es\/clmar\/#\/schema\/person\/ebaa3713496dc6d48c872452e73a8e79","name":"RCMMelilla","image":{"@type":"ImageObject","inLanguage":"es","@id":"https:\/\/secure.gravatar.com\/avatar\/df1c24789360fb9308735c4ee556fc2bc5bf924bf01e53043b8b97ba272da33c?s=96&d=mm&r=g","url":"https:\/\/secure.gravatar.com\/avatar\/df1c24789360fb9308735c4ee556fc2bc5bf924bf01e53043b8b97ba272da33c?s=96&d=mm&r=g","contentUrl":"https:\/\/secure.gravatar.com\/avatar\/df1c24789360fb9308735c4ee556fc2bc5bf924bf01e53043b8b97ba272da33c?s=96&d=mm&r=g","caption":"RCMMelilla"}}]}},"_links":{"self":[{"href":"https:\/\/www.realclubmaritimomelilla.es\/clmar\/wp-json\/wp\/v2\/posts\/26893","targetHints":{"allow":["GET"]}}],"collection":[{"href":"https:\/\/www.realclubmaritimomelilla.es\/clmar\/wp-json\/wp\/v2\/posts"}],"about":[{"href":"https:\/\/www.realclubmaritimomelilla.es\/clmar\/wp-json\/wp\/v2\/types\/post"}],"author":[{"embeddable":true,"href":"https:\/\/www.realclubmaritimomelilla.es\/clmar\/wp-json\/wp\/v2\/users\/1"}],"replies":[{"embeddable":true,"href":"https:\/\/www.realclubmaritimomelilla.es\/clmar\/wp-json\/wp\/v2\/comments?post=26893"}],"version-history":[{"count":1,"href":"https:\/\/www.realclubmaritimomelilla.es\/clmar\/wp-json\/wp\/v2\/posts\/26893\/revisions"}],"predecessor-version":[{"id":26895,"href":"https:\/\/www.realclubmaritimomelilla.es\/clmar\/wp-json\/wp\/v2\/posts\/26893\/revisions\/26895"}],"wp:featuredmedia":[{"embeddable":true,"href":"https:\/\/www.realclubmaritimomelilla.es\/clmar\/wp-json\/wp\/v2\/media\/26894"}],"wp:attachment":[{"href":"https:\/\/www.realclubmaritimomelilla.es\/clmar\/wp-json\/wp\/v2\/media?parent=26893"}],"wp:term":[{"taxonomy":"category","embeddable":true,"href":"https:\/\/www.realclubmaritimomelilla.es\/clmar\/wp-json\/wp\/v2\/categories?post=26893"},{"taxonomy":"post_tag","embeddable":true,"href":"https:\/\/www.realclubmaritimomelilla.es\/clmar\/wp-json\/wp\/v2\/tags?post=26893"}],"curies":[{"name":"wp","href":"https:\/\/api.w.org\/{rel}","templated":true}]}}