{"id":26875,"date":"2025-12-11T19:19:48","date_gmt":"2025-12-11T18:19:48","guid":{"rendered":"https:\/\/www.realclubmaritimomelilla.es\/clmar\/?p=26875"},"modified":"2025-12-18T14:40:24","modified_gmt":"2025-12-18T13:40:24","slug":"apuntate-a-las-navidades-recreativas-2025-del-real-club-maritimo-de-melilla","status":"publish","type":"post","link":"https:\/\/www.realclubmaritimomelilla.es\/clmar\/apuntate-a-las-navidades-recreativas-2025-del-real-club-maritimo-de-melilla\/","title":{"rendered":"Ap\u00fantate a las Navidades Recreativas 2025 del RCMM"},"content":{"rendered":"<p>Las inscripciones para participar en las Navidades Recreativas 2025, organizadas por el Real Club Mar\u00edtimo de Melilla, siguen abiertas y todav\u00eda quedan las \u00faltimas plazas. Esta actividad, dirigida a los socios m\u00e1s j\u00f3venes del club, ofrece una alternativa de ocio y diversi\u00f3n durante las vacaciones navide\u00f1as, asegurando que las ma\u00f1anas se pasen volando.<\/p>\n<p>Las Navidades Recreativas se desarrollar\u00e1n entre el 22 de diciembre de 2025 y el 7 de enero de 2026, de lunes a viernes (excepto festivos), en horario de 9:00 o 10:00 horas hasta las 14:00 horas. El equipo de animadores del club se encargar\u00e1 de organizar una serie de actividades pensadas para que los participantes disfruten al m\u00e1ximo durante este periodo.<\/p>\n<p>Para m\u00e1s informaci\u00f3n e inscripciones, los interesados pueden dirigirse a Secretar\u00eda del Real Club Mar\u00edtimo de Melilla en horario de oficina.<\/p>\n","protected":false},"excerpt":{"rendered":"<p>Las inscripciones para participar en las Navidades Recreativas 2025, organizadas por el Real Club Mar\u00edtimo de Melilla, siguen abiertas y todav\u00eda quedan las \u00faltimas plazas. Esta actividad, dirigida a los socios m\u00e1s j\u00f3venes del club, ofrece una alternativa de ocio y diversi\u00f3n durante las vacaciones navide\u00f1as, asegurando que las ma\u00f1anas se pasen volando. Las Navidades [&hellip;]<\/p>\n","protected":false},"author":1,"featured_media":26844,"comment_status":"open","ping_status":"open","sticky":false,"template":"","format":"standard","meta":{"_acf_changed":false,"footnotes":""},"categories":[40],"tags":[],"class_list":["post-26875","post","type-post","status-publish","format-standard","has-post-thumbnail","hentry","category-club"],"acf":[],"yoast_head":"<!-- This site is optimized with the Yoast SEO plugin v27.5 - https:\/\/yoast.com\/product\/yoast-seo-wordpress\/ -->\n<title>Ap\u00fantate a las Navidades Recreativas 2025 del RCMM - Real Club Mar\u00edtimo de Melilla<\/title>\n<meta name=\"description\" content=\"Esta actividad, dirigida a los socios m\u00e1s j\u00f3venes del club, ofrece una alternativa de ocio y diversi\u00f3n durante las vacaciones navide\u00f1as\" \/>\n<meta name=\"robots\" content=\"index, follow, max-snippet:-1, max-image-preview:large, max-video-preview:-1\" \/>\n<link rel=\"canonical\" href=\"https:\/\/www.realclubmaritimomelilla.es\/clmar\/apuntate-a-las-navidades-recreativas-2025-del-real-club-maritimo-de-melilla\/\" \/>\n<meta property=\"og:locale\" content=\"es_ES\" \/>\n<meta property=\"og:type\" content=\"article\" \/>\n<meta property=\"og:title\" content=\"Ap\u00fantate a las Navidades Recreativas 2025 del RCMM - Real Club Mar\u00edtimo de Melilla\" \/>\n<meta property=\"og:description\" content=\"Esta actividad, dirigida a los socios m\u00e1s j\u00f3venes del club, ofrece una alternativa de ocio y diversi\u00f3n durante las vacaciones navide\u00f1as\" \/>\n<meta property=\"og:url\" content=\"https:\/\/www.realclubmaritimomelilla.es\/clmar\/apuntate-a-las-navidades-recreativas-2025-del-real-club-maritimo-de-melilla\/\" \/>\n<meta property=\"og:site_name\" content=\"Real Club Mar\u00edtimo de Melilla\" \/>\n<meta property=\"article:publisher\" content=\"https:\/\/www.facebook.com\/Real-Club-Mar%c3%adtimo-de-Melilla-588495841234214\/\" \/>\n<meta property=\"article:published_time\" content=\"2025-12-11T18:19:48+00:00\" \/>\n<meta property=\"article:modified_time\" content=\"2025-12-18T13:40:24+00:00\" \/>\n<meta property=\"og:image\" content=\"https:\/\/www.realclubmaritimomelilla.es\/clmar\/wp-content\/uploads\/navidad-recreativa.webp\" \/>\n\t<meta property=\"og:image:width\" content=\"1130\" \/>\n\t<meta property=\"og:image:height\" content=\"1600\" \/>\n\t<meta property=\"og:image:type\" content=\"image\/jpeg\" \/>\n<meta name=\"author\" content=\"RCMMelilla\" \/>\n<meta name=\"twitter:card\" content=\"summary_large_image\" \/>\n<meta name=\"twitter:creator\" content=\"@nauticarcmm\" \/>\n<meta name=\"twitter:site\" content=\"@nauticarcmm\" \/>\n<meta name=\"twitter:label1\" content=\"Escrito por\" \/>\n\t<meta name=\"twitter:data1\" content=\"RCMMelilla\" \/>\n\t<meta name=\"twitter:label2\" content=\"Tiempo de lectura\" \/>\n\t<meta name=\"twitter:data2\" content=\"1 minuto\" \/>\n<script type=\"application\/ld+json\" class=\"yoast-schema-graph\">{\"@context\":\"https:\\\/\\\/schema.org\",\"@graph\":[{\"@type\":\"Article\",\"@id\":\"https:\\\/\\\/www.realclubmaritimomelilla.es\\\/clmar\\\/apuntate-a-las-navidades-recreativas-2025-del-real-club-maritimo-de-melilla\\\/#article\",\"isPartOf\":{\"@id\":\"https:\\\/\\\/www.realclubmaritimomelilla.es\\\/clmar\\\/apuntate-a-las-navidades-recreativas-2025-del-real-club-maritimo-de-melilla\\\/\"},\"author\":{\"name\":\"RCMMelilla\",\"@id\":\"https:\\\/\\\/www.realclubmaritimomelilla.es\\\/clmar\\\/#\\\/schema\\\/person\\\/ebaa3713496dc6d48c872452e73a8e79\"},\"headline\":\"Ap\u00fantate a las Navidades Recreativas 2025 del RCMM\",\"datePublished\":\"2025-12-11T18:19:48+00:00\",\"dateModified\":\"2025-12-18T13:40:24+00:00\",\"mainEntityOfPage\":{\"@id\":\"https:\\\/\\\/www.realclubmaritimomelilla.es\\\/clmar\\\/apuntate-a-las-navidades-recreativas-2025-del-real-club-maritimo-de-melilla\\\/\"},\"wordCount\":148,\"commentCount\":0,\"publisher\":{\"@id\":\"https:\\\/\\\/www.realclubmaritimomelilla.es\\\/clmar\\\/#organization\"},\"image\":{\"@id\":\"https:\\\/\\\/www.realclubmaritimomelilla.es\\\/clmar\\\/apuntate-a-las-navidades-recreativas-2025-del-real-club-maritimo-de-melilla\\\/#primaryimage\"},\"thumbnailUrl\":\"https:\\\/\\\/www.realclubmaritimomelilla.es\\\/clmar\\\/wp-content\\\/uploads\\\/navidad-recreativa.webp\",\"articleSection\":[\"Club\"],\"inLanguage\":\"es\",\"potentialAction\":[{\"@type\":\"CommentAction\",\"name\":\"Comment\",\"target\":[\"https:\\\/\\\/www.realclubmaritimomelilla.es\\\/clmar\\\/apuntate-a-las-navidades-recreativas-2025-del-real-club-maritimo-de-melilla\\\/#respond\"]}]},{\"@type\":\"WebPage\",\"@id\":\"https:\\\/\\\/www.realclubmaritimomelilla.es\\\/clmar\\\/apuntate-a-las-navidades-recreativas-2025-del-real-club-maritimo-de-melilla\\\/\",\"url\":\"https:\\\/\\\/www.realclubmaritimomelilla.es\\\/clmar\\\/apuntate-a-las-navidades-recreativas-2025-del-real-club-maritimo-de-melilla\\\/\",\"name\":\"Ap\u00fantate a las Navidades Recreativas 2025 del RCMM - Real Club Mar\u00edtimo de Melilla\",\"isPartOf\":{\"@id\":\"https:\\\/\\\/www.realclubmaritimomelilla.es\\\/clmar\\\/#website\"},\"primaryImageOfPage\":{\"@id\":\"https:\\\/\\\/www.realclubmaritimomelilla.es\\\/clmar\\\/apuntate-a-las-navidades-recreativas-2025-del-real-club-maritimo-de-melilla\\\/#primaryimage\"},\"image\":{\"@id\":\"https:\\\/\\\/www.realclubmaritimomelilla.es\\\/clmar\\\/apuntate-a-las-navidades-recreativas-2025-del-real-club-maritimo-de-melilla\\\/#primaryimage\"},\"thumbnailUrl\":\"https:\\\/\\\/www.realclubmaritimomelilla.es\\\/clmar\\\/wp-content\\\/uploads\\\/navidad-recreativa.webp\",\"datePublished\":\"2025-12-11T18:19:48+00:00\",\"dateModified\":\"2025-12-18T13:40:24+00:00\",\"description\":\"Esta actividad, dirigida a los socios m\u00e1s j\u00f3venes del club, ofrece una alternativa de ocio y diversi\u00f3n durante las vacaciones navide\u00f1as\",\"breadcrumb\":{\"@id\":\"https:\\\/\\\/www.realclubmaritimomelilla.es\\\/clmar\\\/apuntate-a-las-navidades-recreativas-2025-del-real-club-maritimo-de-melilla\\\/#breadcrumb\"},\"inLanguage\":\"es\",\"potentialAction\":[{\"@type\":\"ReadAction\",\"target\":[\"https:\\\/\\\/www.realclubmaritimomelilla.es\\\/clmar\\\/apuntate-a-las-navidades-recreativas-2025-del-real-club-maritimo-de-melilla\\\/\"]}]},{\"@type\":\"ImageObject\",\"inLanguage\":\"es\",\"@id\":\"https:\\\/\\\/www.realclubmaritimomelilla.es\\\/clmar\\\/apuntate-a-las-navidades-recreativas-2025-del-real-club-maritimo-de-melilla\\\/#primaryimage\",\"url\":\"https:\\\/\\\/www.realclubmaritimomelilla.es\\\/clmar\\\/wp-content\\\/uploads\\\/navidad-recreativa.webp\",\"contentUrl\":\"https:\\\/\\\/www.realclubmaritimomelilla.es\\\/clmar\\\/wp-content\\\/uploads\\\/navidad-recreativa.webp\",\"width\":1130,\"height\":1600},{\"@type\":\"BreadcrumbList\",\"@id\":\"https:\\\/\\\/www.realclubmaritimomelilla.es\\\/clmar\\\/apuntate-a-las-navidades-recreativas-2025-del-real-club-maritimo-de-melilla\\\/#breadcrumb\",\"itemListElement\":[{\"@type\":\"ListItem\",\"position\":1,\"name\":\"Portada\",\"item\":\"https:\\\/\\\/www.realclubmaritimomelilla.es\\\/clmar\\\/\"},{\"@type\":\"ListItem\",\"position\":2,\"name\":\"Ap\u00fantate a las Navidades Recreativas 2025 del RCMM\"}]},{\"@type\":\"WebSite\",\"@id\":\"https:\\\/\\\/www.realclubmaritimomelilla.es\\\/clmar\\\/#website\",\"url\":\"https:\\\/\\\/www.realclubmaritimomelilla.es\\\/clmar\\\/\",\"name\":\"Real Club Mar\u00edtimo de Melilla\",\"description\":\"RCMM\",\"publisher\":{\"@id\":\"https:\\\/\\\/www.realclubmaritimomelilla.es\\\/clmar\\\/#organization\"},\"alternateName\":\"RCMM\",\"potentialAction\":[{\"@type\":\"SearchAction\",\"target\":{\"@type\":\"EntryPoint\",\"urlTemplate\":\"https:\\\/\\\/www.realclubmaritimomelilla.es\\\/clmar\\\/?s={search_term_string}\"},\"query-input\":{\"@type\":\"PropertyValueSpecification\",\"valueRequired\":true,\"valueName\":\"search_term_string\"}}],\"inLanguage\":\"es\"},{\"@type\":\"Organization\",\"@id\":\"https:\\\/\\\/www.realclubmaritimomelilla.es\\\/clmar\\\/#organization\",\"name\":\"Real Club Mar\u00edtimo de Melilla\",\"alternateName\":\"RCMM\",\"url\":\"https:\\\/\\\/www.realclubmaritimomelilla.es\\\/clmar\\\/\",\"logo\":{\"@type\":\"ImageObject\",\"inLanguage\":\"es\",\"@id\":\"https:\\\/\\\/www.realclubmaritimomelilla.es\\\/clmar\\\/#\\\/schema\\\/logo\\\/image\\\/\",\"url\":\"https:\\\/\\\/www.realclubmaritimomelilla.es\\\/clmar\\\/wp-content\\\/uploads\\\/logo-club-original-copia.jpg\",\"contentUrl\":\"https:\\\/\\\/www.realclubmaritimomelilla.es\\\/clmar\\\/wp-content\\\/uploads\\\/logo-club-original-copia.jpg\",\"width\":128,\"height\":89,\"caption\":\"Real Club Mar\u00edtimo de Melilla\"},\"image\":{\"@id\":\"https:\\\/\\\/www.realclubmaritimomelilla.es\\\/clmar\\\/#\\\/schema\\\/logo\\\/image\\\/\"},\"sameAs\":[\"https:\\\/\\\/www.facebook.com\\\/Real-Club-Mar\u00edtimo-de-Melilla-588495841234214\\\/\",\"https:\\\/\\\/x.com\\\/nauticarcmm\",\"https:\\\/\\\/www.instagram.com\\\/club_maritimo_melilla\\\/\",\"https:\\\/\\\/www.youtube.com\\\/@realclubmaritimodemelilla4703\",\"https:\\\/\\\/es.wikipedia.org\\\/wiki\\\/Real_Club_Mar\u00edtimo_de_Melilla\"]},{\"@type\":\"Person\",\"@id\":\"https:\\\/\\\/www.realclubmaritimomelilla.es\\\/clmar\\\/#\\\/schema\\\/person\\\/ebaa3713496dc6d48c872452e73a8e79\",\"name\":\"RCMMelilla\",\"image\":{\"@type\":\"ImageObject\",\"inLanguage\":\"es\",\"@id\":\"https:\\\/\\\/secure.gravatar.com\\\/avatar\\\/df1c24789360fb9308735c4ee556fc2bc5bf924bf01e53043b8b97ba272da33c?s=96&d=mm&r=g\",\"url\":\"https:\\\/\\\/secure.gravatar.com\\\/avatar\\\/df1c24789360fb9308735c4ee556fc2bc5bf924bf01e53043b8b97ba272da33c?s=96&d=mm&r=g\",\"contentUrl\":\"https:\\\/\\\/secure.gravatar.com\\\/avatar\\\/df1c24789360fb9308735c4ee556fc2bc5bf924bf01e53043b8b97ba272da33c?s=96&d=mm&r=g\",\"caption\":\"RCMMelilla\"}}]}<\/script>\n<!-- \/ Yoast SEO plugin. -->","yoast_head_json":{"title":"Ap\u00fantate a las Navidades Recreativas 2025 del RCMM - Real Club Mar\u00edtimo de Melilla","description":"Esta actividad, dirigida a los socios m\u00e1s j\u00f3venes del club, ofrece una alternativa de ocio y diversi\u00f3n durante las vacaciones navide\u00f1as","robots":{"index":"index","follow":"follow","max-snippet":"max-snippet:-1","max-image-preview":"max-image-preview:large","max-video-preview":"max-video-preview:-1"},"canonical":"https:\/\/www.realclubmaritimomelilla.es\/clmar\/apuntate-a-las-navidades-recreativas-2025-del-real-club-maritimo-de-melilla\/","og_locale":"es_ES","og_type":"article","og_title":"Ap\u00fantate a las Navidades Recreativas 2025 del RCMM - Real Club Mar\u00edtimo de Melilla","og_description":"Esta actividad, dirigida a los socios m\u00e1s j\u00f3venes del club, ofrece una alternativa de ocio y diversi\u00f3n durante las vacaciones navide\u00f1as","og_url":"https:\/\/www.realclubmaritimomelilla.es\/clmar\/apuntate-a-las-navidades-recreativas-2025-del-real-club-maritimo-de-melilla\/","og_site_name":"Real Club Mar\u00edtimo de Melilla","article_publisher":"https:\/\/www.facebook.com\/Real-Club-Mar%c3%adtimo-de-Melilla-588495841234214\/","article_published_time":"2025-12-11T18:19:48+00:00","article_modified_time":"2025-12-18T13:40:24+00:00","og_image":[{"width":1130,"height":1600,"url":"https:\/\/www.realclubmaritimomelilla.es\/clmar\/wp-content\/uploads\/navidad-recreativa.webp","type":"image\/jpeg"}],"author":"RCMMelilla","twitter_card":"summary_large_image","twitter_creator":"@nauticarcmm","twitter_site":"@nauticarcmm","twitter_misc":{"Escrito por":"RCMMelilla","Tiempo de lectura":"1 minuto"},"schema":{"@context":"https:\/\/schema.org","@graph":[{"@type":"Article","@id":"https:\/\/www.realclubmaritimomelilla.es\/clmar\/apuntate-a-las-navidades-recreativas-2025-del-real-club-maritimo-de-melilla\/#article","isPartOf":{"@id":"https:\/\/www.realclubmaritimomelilla.es\/clmar\/apuntate-a-las-navidades-recreativas-2025-del-real-club-maritimo-de-melilla\/"},"author":{"name":"RCMMelilla","@id":"https:\/\/www.realclubmaritimomelilla.es\/clmar\/#\/schema\/person\/ebaa3713496dc6d48c872452e73a8e79"},"headline":"Ap\u00fantate a las Navidades Recreativas 2025 del RCMM","datePublished":"2025-12-11T18:19:48+00:00","dateModified":"2025-12-18T13:40:24+00:00","mainEntityOfPage":{"@id":"https:\/\/www.realclubmaritimomelilla.es\/clmar\/apuntate-a-las-navidades-recreativas-2025-del-real-club-maritimo-de-melilla\/"},"wordCount":148,"commentCount":0,"publisher":{"@id":"https:\/\/www.realclubmaritimomelilla.es\/clmar\/#organization"},"image":{"@id":"https:\/\/www.realclubmaritimomelilla.es\/clmar\/apuntate-a-las-navidades-recreativas-2025-del-real-club-maritimo-de-melilla\/#primaryimage"},"thumbnailUrl":"https:\/\/www.realclubmaritimomelilla.es\/clmar\/wp-content\/uploads\/navidad-recreativa.webp","articleSection":["Club"],"inLanguage":"es","potentialAction":[{"@type":"CommentAction","name":"Comment","target":["https:\/\/www.realclubmaritimomelilla.es\/clmar\/apuntate-a-las-navidades-recreativas-2025-del-real-club-maritimo-de-melilla\/#respond"]}]},{"@type":"WebPage","@id":"https:\/\/www.realclubmaritimomelilla.es\/clmar\/apuntate-a-las-navidades-recreativas-2025-del-real-club-maritimo-de-melilla\/","url":"https:\/\/www.realclubmaritimomelilla.es\/clmar\/apuntate-a-las-navidades-recreativas-2025-del-real-club-maritimo-de-melilla\/","name":"Ap\u00fantate a las Navidades Recreativas 2025 del RCMM - Real Club Mar\u00edtimo de Melilla","isPartOf":{"@id":"https:\/\/www.realclubmaritimomelilla.es\/clmar\/#website"},"primaryImageOfPage":{"@id":"https:\/\/www.realclubmaritimomelilla.es\/clmar\/apuntate-a-las-navidades-recreativas-2025-del-real-club-maritimo-de-melilla\/#primaryimage"},"image":{"@id":"https:\/\/www.realclubmaritimomelilla.es\/clmar\/apuntate-a-las-navidades-recreativas-2025-del-real-club-maritimo-de-melilla\/#primaryimage"},"thumbnailUrl":"https:\/\/www.realclubmaritimomelilla.es\/clmar\/wp-content\/uploads\/navidad-recreativa.webp","datePublished":"2025-12-11T18:19:48+00:00","dateModified":"2025-12-18T13:40:24+00:00","description":"Esta actividad, dirigida a los socios m\u00e1s j\u00f3venes del club, ofrece una alternativa de ocio y diversi\u00f3n durante las vacaciones navide\u00f1as","breadcrumb":{"@id":"https:\/\/www.realclubmaritimomelilla.es\/clmar\/apuntate-a-las-navidades-recreativas-2025-del-real-club-maritimo-de-melilla\/#breadcrumb"},"inLanguage":"es","potentialAction":[{"@type":"ReadAction","target":["https:\/\/www.realclubmaritimomelilla.es\/clmar\/apuntate-a-las-navidades-recreativas-2025-del-real-club-maritimo-de-melilla\/"]}]},{"@type":"ImageObject","inLanguage":"es","@id":"https:\/\/www.realclubmaritimomelilla.es\/clmar\/apuntate-a-las-navidades-recreativas-2025-del-real-club-maritimo-de-melilla\/#primaryimage","url":"https:\/\/www.realclubmaritimomelilla.es\/clmar\/wp-content\/uploads\/navidad-recreativa.webp","contentUrl":"https:\/\/www.realclubmaritimomelilla.es\/clmar\/wp-content\/uploads\/navidad-recreativa.webp","width":1130,"height":1600},{"@type":"BreadcrumbList","@id":"https:\/\/www.realclubmaritimomelilla.es\/clmar\/apuntate-a-las-navidades-recreativas-2025-del-real-club-maritimo-de-melilla\/#breadcrumb","itemListElement":[{"@type":"ListItem","position":1,"name":"Portada","item":"https:\/\/www.realclubmaritimomelilla.es\/clmar\/"},{"@type":"ListItem","position":2,"name":"Ap\u00fantate a las Navidades Recreativas 2025 del RCMM"}]},{"@type":"WebSite","@id":"https:\/\/www.realclubmaritimomelilla.es\/clmar\/#website","url":"https:\/\/www.realclubmaritimomelilla.es\/clmar\/","name":"Real Club Mar\u00edtimo de Melilla","description":"RCMM","publisher":{"@id":"https:\/\/www.realclubmaritimomelilla.es\/clmar\/#organization"},"alternateName":"RCMM","potentialAction":[{"@type":"SearchAction","target":{"@type":"EntryPoint","urlTemplate":"https:\/\/www.realclubmaritimomelilla.es\/clmar\/?s={search_term_string}"},"query-input":{"@type":"PropertyValueSpecification","valueRequired":true,"valueName":"search_term_string"}}],"inLanguage":"es"},{"@type":"Organization","@id":"https:\/\/www.realclubmaritimomelilla.es\/clmar\/#organization","name":"Real Club Mar\u00edtimo de Melilla","alternateName":"RCMM","url":"https:\/\/www.realclubmaritimomelilla.es\/clmar\/","logo":{"@type":"ImageObject","inLanguage":"es","@id":"https:\/\/www.realclubmaritimomelilla.es\/clmar\/#\/schema\/logo\/image\/","url":"https:\/\/www.realclubmaritimomelilla.es\/clmar\/wp-content\/uploads\/logo-club-original-copia.jpg","contentUrl":"https:\/\/www.realclubmaritimomelilla.es\/clmar\/wp-content\/uploads\/logo-club-original-copia.jpg","width":128,"height":89,"caption":"Real Club Mar\u00edtimo de Melilla"},"image":{"@id":"https:\/\/www.realclubmaritimomelilla.es\/clmar\/#\/schema\/logo\/image\/"},"sameAs":["https:\/\/www.facebook.com\/Real-Club-Mar\u00edtimo-de-Melilla-588495841234214\/","https:\/\/x.com\/nauticarcmm","https:\/\/www.instagram.com\/club_maritimo_melilla\/","https:\/\/www.youtube.com\/@realclubmaritimodemelilla4703","https:\/\/es.wikipedia.org\/wiki\/Real_Club_Mar\u00edtimo_de_Melilla"]},{"@type":"Person","@id":"https:\/\/www.realclubmaritimomelilla.es\/clmar\/#\/schema\/person\/ebaa3713496dc6d48c872452e73a8e79","name":"RCMMelilla","image":{"@type":"ImageObject","inLanguage":"es","@id":"https:\/\/secure.gravatar.com\/avatar\/df1c24789360fb9308735c4ee556fc2bc5bf924bf01e53043b8b97ba272da33c?s=96&d=mm&r=g","url":"https:\/\/secure.gravatar.com\/avatar\/df1c24789360fb9308735c4ee556fc2bc5bf924bf01e53043b8b97ba272da33c?s=96&d=mm&r=g","contentUrl":"https:\/\/secure.gravatar.com\/avatar\/df1c24789360fb9308735c4ee556fc2bc5bf924bf01e53043b8b97ba272da33c?s=96&d=mm&r=g","caption":"RCMMelilla"}}]}},"_links":{"self":[{"href":"https:\/\/www.realclubmaritimomelilla.es\/clmar\/wp-json\/wp\/v2\/posts\/26875","targetHints":{"allow":["GET"]}}],"collection":[{"href":"https:\/\/www.realclubmaritimomelilla.es\/clmar\/wp-json\/wp\/v2\/posts"}],"about":[{"href":"https:\/\/www.realclubmaritimomelilla.es\/clmar\/wp-json\/wp\/v2\/types\/post"}],"author":[{"embeddable":true,"href":"https:\/\/www.realclubmaritimomelilla.es\/clmar\/wp-json\/wp\/v2\/users\/1"}],"replies":[{"embeddable":true,"href":"https:\/\/www.realclubmaritimomelilla.es\/clmar\/wp-json\/wp\/v2\/comments?post=26875"}],"version-history":[{"count":3,"href":"https:\/\/www.realclubmaritimomelilla.es\/clmar\/wp-json\/wp\/v2\/posts\/26875\/revisions"}],"predecessor-version":[{"id":26916,"href":"https:\/\/www.realclubmaritimomelilla.es\/clmar\/wp-json\/wp\/v2\/posts\/26875\/revisions\/26916"}],"wp:featuredmedia":[{"embeddable":true,"href":"https:\/\/www.realclubmaritimomelilla.es\/clmar\/wp-json\/wp\/v2\/media\/26844"}],"wp:attachment":[{"href":"https:\/\/www.realclubmaritimomelilla.es\/clmar\/wp-json\/wp\/v2\/media?parent=26875"}],"wp:term":[{"taxonomy":"category","embeddable":true,"href":"https:\/\/www.realclubmaritimomelilla.es\/clmar\/wp-json\/wp\/v2\/categories?post=26875"},{"taxonomy":"post_tag","embeddable":true,"href":"https:\/\/www.realclubmaritimomelilla.es\/clmar\/wp-json\/wp\/v2\/tags?post=26875"}],"curies":[{"name":"wp","href":"https:\/\/api.w.org\/{rel}","templated":true}]}}