{"id":26858,"date":"2025-12-04T08:39:23","date_gmt":"2025-12-04T07:39:23","guid":{"rendered":"https:\/\/www.realclubmaritimomelilla.es\/clmar\/?p=26858"},"modified":"2025-12-04T16:08:02","modified_gmt":"2025-12-04T15:08:02","slug":"el-rcmm-en-el-xlvi-trofeo-armada-espanola-de-snipe","status":"publish","type":"post","link":"https:\/\/www.realclubmaritimomelilla.es\/clmar\/el-rcmm-en-el-xlvi-trofeo-armada-espanola-de-snipe\/","title":{"rendered":"El RCMM, en el XLVI Trofeo Armada Espa\u00f1ola de snipe"},"content":{"rendered":"<p><strong>El XLVI Trofeo Armada Espa\u00f1ola, XIII Trofeo Almirante Marcial S\u00e1nchez Barcaiztegui, Memorial Paco P\u00e9rez<\/strong> para la clase Snipe iza sus velas. La cita, organizada por el <strong><a href=\"http:\/\/realclubderegatasdesantiagodelaribera.es\/\" target=\"_blank\" rel=\"noopener\">RCR Santiago de la Ribera<\/a><\/strong>, se celebrar\u00e1 en sus fechas habituales: 6 al 8 de diciembre. Es una de las regatas m\u00e1s emblem\u00e1ticas e hist\u00f3ricas de las clase ya que en la presente edici\u00f3n cumplir\u00e1 46 a\u00f1os de historia, a la que acude el Real Club Mar\u00edtimo de Melilla con una flota de tres embarcaciones.<\/p>\n<p>Juan Luis ruano y Fabio D\u00edaz forman uno de los equipos. Fran Soler y Juan Miguel Lucas ser\u00e1 otro de los respresentantes del RCMM. Mientras que Miguel Angel Gonz\u00e1lez Weil liderar\u00e1 la tercera tripulaci\u00f3n de nuestro Club que acuda a esta importante cita para la clase Snipe.<\/p>\n<p>La regata cuenta ya con un total de 66 barcos inscritos, a falta del cierre oficial de inscripciones, representando a siete pa\u00edses: Espa\u00f1a, Portugal, Italia, Francia, B\u00e9lgica, Noruega y Suecia. En cuanto a la representaci\u00f3n de nuestro pa\u00eds, la flota llega desde diversos puntos de la geograf\u00eda espa\u00f1ola: Andaluc\u00eda, Comunitat Valenciana, Melilla, Baleares, Comunidad de Madrid, Asturias, Cantabria y Regi\u00f3n de Murcia.<\/p>\n<p>El comit\u00e9 organizador tiene previsto completar un total de 8 pruebas en las 3 jornadas de competici\u00f3n, arrancando la primera de ellas el s\u00e1bado 6 a las 13.00 horas. En las dos siguientes el comit\u00e9 de regatas tiene previsto lanzar la primera prueba del d\u00eda a las 12.00 el domingo, mientras que el lunes se ha establecido a las 11.00 horas, salvo cambios.<\/p>\n","protected":false},"excerpt":{"rendered":"<p>El XLVI Trofeo Armada Espa\u00f1ola, XIII Trofeo Almirante Marcial S\u00e1nchez Barcaiztegui, Memorial Paco P\u00e9rez para la clase Snipe iza sus velas. La cita, organizada por el RCR Santiago de la Ribera, se celebrar\u00e1 en sus fechas habituales: 6 al 8 de diciembre. Es una de las regatas m\u00e1s emblem\u00e1ticas e hist\u00f3ricas de las clase ya [&hellip;]<\/p>\n","protected":false},"author":1,"featured_media":26734,"comment_status":"open","ping_status":"open","sticky":false,"template":"","format":"standard","meta":{"_acf_changed":false,"footnotes":""},"categories":[38],"tags":[],"class_list":["post-26858","post","type-post","status-publish","format-standard","has-post-thumbnail","hentry","category-nautica"],"acf":[],"yoast_head":"<!-- This site is optimized with the Yoast SEO plugin v27.5 - https:\/\/yoast.com\/product\/yoast-seo-wordpress\/ -->\n<title>El RCMM, en el XLVI Trofeo Armada Espa\u00f1ola de snipe - Real Club Mar\u00edtimo de Melilla<\/title>\n<meta name=\"description\" content=\"Es una de las regatas m\u00e1s emblem\u00e1ticas e hist\u00f3ricas de las clase ya que en la presente edici\u00f3n cumplir\u00e1 46 a\u00f1os de historia\" \/>\n<meta name=\"robots\" content=\"index, follow, max-snippet:-1, max-image-preview:large, max-video-preview:-1\" \/>\n<link rel=\"canonical\" href=\"https:\/\/www.realclubmaritimomelilla.es\/clmar\/el-rcmm-en-el-xlvi-trofeo-armada-espanola-de-snipe\/\" \/>\n<meta property=\"og:locale\" content=\"es_ES\" \/>\n<meta property=\"og:type\" content=\"article\" \/>\n<meta property=\"og:title\" content=\"El RCMM, en el XLVI Trofeo Armada Espa\u00f1ola de snipe - Real Club Mar\u00edtimo de Melilla\" \/>\n<meta property=\"og:description\" content=\"Es una de las regatas m\u00e1s emblem\u00e1ticas e hist\u00f3ricas de las clase ya que en la presente edici\u00f3n cumplir\u00e1 46 a\u00f1os de historia\" \/>\n<meta property=\"og:url\" content=\"https:\/\/www.realclubmaritimomelilla.es\/clmar\/el-rcmm-en-el-xlvi-trofeo-armada-espanola-de-snipe\/\" \/>\n<meta property=\"og:site_name\" content=\"Real Club Mar\u00edtimo de Melilla\" \/>\n<meta property=\"article:publisher\" content=\"https:\/\/www.facebook.com\/Real-Club-Mar%c3%adtimo-de-Melilla-588495841234214\/\" \/>\n<meta property=\"article:published_time\" content=\"2025-12-04T07:39:23+00:00\" \/>\n<meta property=\"article:modified_time\" content=\"2025-12-04T15:08:02+00:00\" \/>\n<meta property=\"og:image\" content=\"https:\/\/www.realclubmaritimomelilla.es\/clmar\/wp-content\/uploads\/6F3A5289-scaled.webp\" \/>\n\t<meta property=\"og:image:width\" content=\"2560\" \/>\n\t<meta property=\"og:image:height\" content=\"1707\" \/>\n\t<meta property=\"og:image:type\" content=\"image\/jpeg\" \/>\n<meta name=\"author\" content=\"RCMMelilla\" \/>\n<meta name=\"twitter:card\" content=\"summary_large_image\" \/>\n<meta name=\"twitter:creator\" content=\"@nauticarcmm\" \/>\n<meta name=\"twitter:site\" content=\"@nauticarcmm\" \/>\n<meta name=\"twitter:label1\" content=\"Escrito por\" \/>\n\t<meta name=\"twitter:data1\" content=\"RCMMelilla\" \/>\n\t<meta name=\"twitter:label2\" content=\"Tiempo de lectura\" \/>\n\t<meta name=\"twitter:data2\" content=\"2 minutos\" \/>\n<script type=\"application\/ld+json\" class=\"yoast-schema-graph\">{\"@context\":\"https:\\\/\\\/schema.org\",\"@graph\":[{\"@type\":\"Article\",\"@id\":\"https:\\\/\\\/www.realclubmaritimomelilla.es\\\/clmar\\\/el-rcmm-en-el-xlvi-trofeo-armada-espanola-de-snipe\\\/#article\",\"isPartOf\":{\"@id\":\"https:\\\/\\\/www.realclubmaritimomelilla.es\\\/clmar\\\/el-rcmm-en-el-xlvi-trofeo-armada-espanola-de-snipe\\\/\"},\"author\":{\"name\":\"RCMMelilla\",\"@id\":\"https:\\\/\\\/www.realclubmaritimomelilla.es\\\/clmar\\\/#\\\/schema\\\/person\\\/ebaa3713496dc6d48c872452e73a8e79\"},\"headline\":\"El RCMM, en el XLVI Trofeo Armada Espa\u00f1ola de snipe\",\"datePublished\":\"2025-12-04T07:39:23+00:00\",\"dateModified\":\"2025-12-04T15:08:02+00:00\",\"mainEntityOfPage\":{\"@id\":\"https:\\\/\\\/www.realclubmaritimomelilla.es\\\/clmar\\\/el-rcmm-en-el-xlvi-trofeo-armada-espanola-de-snipe\\\/\"},\"wordCount\":278,\"commentCount\":0,\"publisher\":{\"@id\":\"https:\\\/\\\/www.realclubmaritimomelilla.es\\\/clmar\\\/#organization\"},\"image\":{\"@id\":\"https:\\\/\\\/www.realclubmaritimomelilla.es\\\/clmar\\\/el-rcmm-en-el-xlvi-trofeo-armada-espanola-de-snipe\\\/#primaryimage\"},\"thumbnailUrl\":\"https:\\\/\\\/www.realclubmaritimomelilla.es\\\/clmar\\\/wp-content\\\/uploads\\\/6F3A5289-scaled.webp\",\"articleSection\":[\"N\u00e1utica\"],\"inLanguage\":\"es\",\"potentialAction\":[{\"@type\":\"CommentAction\",\"name\":\"Comment\",\"target\":[\"https:\\\/\\\/www.realclubmaritimomelilla.es\\\/clmar\\\/el-rcmm-en-el-xlvi-trofeo-armada-espanola-de-snipe\\\/#respond\"]}]},{\"@type\":\"WebPage\",\"@id\":\"https:\\\/\\\/www.realclubmaritimomelilla.es\\\/clmar\\\/el-rcmm-en-el-xlvi-trofeo-armada-espanola-de-snipe\\\/\",\"url\":\"https:\\\/\\\/www.realclubmaritimomelilla.es\\\/clmar\\\/el-rcmm-en-el-xlvi-trofeo-armada-espanola-de-snipe\\\/\",\"name\":\"El RCMM, en el XLVI Trofeo Armada Espa\u00f1ola de snipe - Real Club Mar\u00edtimo de Melilla\",\"isPartOf\":{\"@id\":\"https:\\\/\\\/www.realclubmaritimomelilla.es\\\/clmar\\\/#website\"},\"primaryImageOfPage\":{\"@id\":\"https:\\\/\\\/www.realclubmaritimomelilla.es\\\/clmar\\\/el-rcmm-en-el-xlvi-trofeo-armada-espanola-de-snipe\\\/#primaryimage\"},\"image\":{\"@id\":\"https:\\\/\\\/www.realclubmaritimomelilla.es\\\/clmar\\\/el-rcmm-en-el-xlvi-trofeo-armada-espanola-de-snipe\\\/#primaryimage\"},\"thumbnailUrl\":\"https:\\\/\\\/www.realclubmaritimomelilla.es\\\/clmar\\\/wp-content\\\/uploads\\\/6F3A5289-scaled.webp\",\"datePublished\":\"2025-12-04T07:39:23+00:00\",\"dateModified\":\"2025-12-04T15:08:02+00:00\",\"description\":\"Es una de las regatas m\u00e1s emblem\u00e1ticas e hist\u00f3ricas de las clase ya que en la presente edici\u00f3n cumplir\u00e1 46 a\u00f1os de historia\",\"breadcrumb\":{\"@id\":\"https:\\\/\\\/www.realclubmaritimomelilla.es\\\/clmar\\\/el-rcmm-en-el-xlvi-trofeo-armada-espanola-de-snipe\\\/#breadcrumb\"},\"inLanguage\":\"es\",\"potentialAction\":[{\"@type\":\"ReadAction\",\"target\":[\"https:\\\/\\\/www.realclubmaritimomelilla.es\\\/clmar\\\/el-rcmm-en-el-xlvi-trofeo-armada-espanola-de-snipe\\\/\"]}]},{\"@type\":\"ImageObject\",\"inLanguage\":\"es\",\"@id\":\"https:\\\/\\\/www.realclubmaritimomelilla.es\\\/clmar\\\/el-rcmm-en-el-xlvi-trofeo-armada-espanola-de-snipe\\\/#primaryimage\",\"url\":\"https:\\\/\\\/www.realclubmaritimomelilla.es\\\/clmar\\\/wp-content\\\/uploads\\\/6F3A5289-scaled.webp\",\"contentUrl\":\"https:\\\/\\\/www.realclubmaritimomelilla.es\\\/clmar\\\/wp-content\\\/uploads\\\/6F3A5289-scaled.webp\",\"width\":2560,\"height\":1707},{\"@type\":\"BreadcrumbList\",\"@id\":\"https:\\\/\\\/www.realclubmaritimomelilla.es\\\/clmar\\\/el-rcmm-en-el-xlvi-trofeo-armada-espanola-de-snipe\\\/#breadcrumb\",\"itemListElement\":[{\"@type\":\"ListItem\",\"position\":1,\"name\":\"Portada\",\"item\":\"https:\\\/\\\/www.realclubmaritimomelilla.es\\\/clmar\\\/\"},{\"@type\":\"ListItem\",\"position\":2,\"name\":\"El RCMM, en el XLVI Trofeo Armada Espa\u00f1ola de snipe\"}]},{\"@type\":\"WebSite\",\"@id\":\"https:\\\/\\\/www.realclubmaritimomelilla.es\\\/clmar\\\/#website\",\"url\":\"https:\\\/\\\/www.realclubmaritimomelilla.es\\\/clmar\\\/\",\"name\":\"Real Club Mar\u00edtimo de Melilla\",\"description\":\"RCMM\",\"publisher\":{\"@id\":\"https:\\\/\\\/www.realclubmaritimomelilla.es\\\/clmar\\\/#organization\"},\"alternateName\":\"RCMM\",\"potentialAction\":[{\"@type\":\"SearchAction\",\"target\":{\"@type\":\"EntryPoint\",\"urlTemplate\":\"https:\\\/\\\/www.realclubmaritimomelilla.es\\\/clmar\\\/?s={search_term_string}\"},\"query-input\":{\"@type\":\"PropertyValueSpecification\",\"valueRequired\":true,\"valueName\":\"search_term_string\"}}],\"inLanguage\":\"es\"},{\"@type\":\"Organization\",\"@id\":\"https:\\\/\\\/www.realclubmaritimomelilla.es\\\/clmar\\\/#organization\",\"name\":\"Real Club Mar\u00edtimo de Melilla\",\"alternateName\":\"RCMM\",\"url\":\"https:\\\/\\\/www.realclubmaritimomelilla.es\\\/clmar\\\/\",\"logo\":{\"@type\":\"ImageObject\",\"inLanguage\":\"es\",\"@id\":\"https:\\\/\\\/www.realclubmaritimomelilla.es\\\/clmar\\\/#\\\/schema\\\/logo\\\/image\\\/\",\"url\":\"https:\\\/\\\/www.realclubmaritimomelilla.es\\\/clmar\\\/wp-content\\\/uploads\\\/logo-club-original-copia.jpg\",\"contentUrl\":\"https:\\\/\\\/www.realclubmaritimomelilla.es\\\/clmar\\\/wp-content\\\/uploads\\\/logo-club-original-copia.jpg\",\"width\":128,\"height\":89,\"caption\":\"Real Club Mar\u00edtimo de Melilla\"},\"image\":{\"@id\":\"https:\\\/\\\/www.realclubmaritimomelilla.es\\\/clmar\\\/#\\\/schema\\\/logo\\\/image\\\/\"},\"sameAs\":[\"https:\\\/\\\/www.facebook.com\\\/Real-Club-Mar\u00edtimo-de-Melilla-588495841234214\\\/\",\"https:\\\/\\\/x.com\\\/nauticarcmm\",\"https:\\\/\\\/www.instagram.com\\\/club_maritimo_melilla\\\/\",\"https:\\\/\\\/www.youtube.com\\\/@realclubmaritimodemelilla4703\",\"https:\\\/\\\/es.wikipedia.org\\\/wiki\\\/Real_Club_Mar\u00edtimo_de_Melilla\"]},{\"@type\":\"Person\",\"@id\":\"https:\\\/\\\/www.realclubmaritimomelilla.es\\\/clmar\\\/#\\\/schema\\\/person\\\/ebaa3713496dc6d48c872452e73a8e79\",\"name\":\"RCMMelilla\",\"image\":{\"@type\":\"ImageObject\",\"inLanguage\":\"es\",\"@id\":\"https:\\\/\\\/secure.gravatar.com\\\/avatar\\\/df1c24789360fb9308735c4ee556fc2bc5bf924bf01e53043b8b97ba272da33c?s=96&d=mm&r=g\",\"url\":\"https:\\\/\\\/secure.gravatar.com\\\/avatar\\\/df1c24789360fb9308735c4ee556fc2bc5bf924bf01e53043b8b97ba272da33c?s=96&d=mm&r=g\",\"contentUrl\":\"https:\\\/\\\/secure.gravatar.com\\\/avatar\\\/df1c24789360fb9308735c4ee556fc2bc5bf924bf01e53043b8b97ba272da33c?s=96&d=mm&r=g\",\"caption\":\"RCMMelilla\"}}]}<\/script>\n<!-- \/ Yoast SEO plugin. -->","yoast_head_json":{"title":"El RCMM, en el XLVI Trofeo Armada Espa\u00f1ola de snipe - Real Club Mar\u00edtimo de Melilla","description":"Es una de las regatas m\u00e1s emblem\u00e1ticas e hist\u00f3ricas de las clase ya que en la presente edici\u00f3n cumplir\u00e1 46 a\u00f1os de historia","robots":{"index":"index","follow":"follow","max-snippet":"max-snippet:-1","max-image-preview":"max-image-preview:large","max-video-preview":"max-video-preview:-1"},"canonical":"https:\/\/www.realclubmaritimomelilla.es\/clmar\/el-rcmm-en-el-xlvi-trofeo-armada-espanola-de-snipe\/","og_locale":"es_ES","og_type":"article","og_title":"El RCMM, en el XLVI Trofeo Armada Espa\u00f1ola de snipe - Real Club Mar\u00edtimo de Melilla","og_description":"Es una de las regatas m\u00e1s emblem\u00e1ticas e hist\u00f3ricas de las clase ya que en la presente edici\u00f3n cumplir\u00e1 46 a\u00f1os de historia","og_url":"https:\/\/www.realclubmaritimomelilla.es\/clmar\/el-rcmm-en-el-xlvi-trofeo-armada-espanola-de-snipe\/","og_site_name":"Real Club Mar\u00edtimo de Melilla","article_publisher":"https:\/\/www.facebook.com\/Real-Club-Mar%c3%adtimo-de-Melilla-588495841234214\/","article_published_time":"2025-12-04T07:39:23+00:00","article_modified_time":"2025-12-04T15:08:02+00:00","og_image":[{"width":2560,"height":1707,"url":"https:\/\/www.realclubmaritimomelilla.es\/clmar\/wp-content\/uploads\/6F3A5289-scaled.webp","type":"image\/jpeg"}],"author":"RCMMelilla","twitter_card":"summary_large_image","twitter_creator":"@nauticarcmm","twitter_site":"@nauticarcmm","twitter_misc":{"Escrito por":"RCMMelilla","Tiempo de lectura":"2 minutos"},"schema":{"@context":"https:\/\/schema.org","@graph":[{"@type":"Article","@id":"https:\/\/www.realclubmaritimomelilla.es\/clmar\/el-rcmm-en-el-xlvi-trofeo-armada-espanola-de-snipe\/#article","isPartOf":{"@id":"https:\/\/www.realclubmaritimomelilla.es\/clmar\/el-rcmm-en-el-xlvi-trofeo-armada-espanola-de-snipe\/"},"author":{"name":"RCMMelilla","@id":"https:\/\/www.realclubmaritimomelilla.es\/clmar\/#\/schema\/person\/ebaa3713496dc6d48c872452e73a8e79"},"headline":"El RCMM, en el XLVI Trofeo Armada Espa\u00f1ola de snipe","datePublished":"2025-12-04T07:39:23+00:00","dateModified":"2025-12-04T15:08:02+00:00","mainEntityOfPage":{"@id":"https:\/\/www.realclubmaritimomelilla.es\/clmar\/el-rcmm-en-el-xlvi-trofeo-armada-espanola-de-snipe\/"},"wordCount":278,"commentCount":0,"publisher":{"@id":"https:\/\/www.realclubmaritimomelilla.es\/clmar\/#organization"},"image":{"@id":"https:\/\/www.realclubmaritimomelilla.es\/clmar\/el-rcmm-en-el-xlvi-trofeo-armada-espanola-de-snipe\/#primaryimage"},"thumbnailUrl":"https:\/\/www.realclubmaritimomelilla.es\/clmar\/wp-content\/uploads\/6F3A5289-scaled.webp","articleSection":["N\u00e1utica"],"inLanguage":"es","potentialAction":[{"@type":"CommentAction","name":"Comment","target":["https:\/\/www.realclubmaritimomelilla.es\/clmar\/el-rcmm-en-el-xlvi-trofeo-armada-espanola-de-snipe\/#respond"]}]},{"@type":"WebPage","@id":"https:\/\/www.realclubmaritimomelilla.es\/clmar\/el-rcmm-en-el-xlvi-trofeo-armada-espanola-de-snipe\/","url":"https:\/\/www.realclubmaritimomelilla.es\/clmar\/el-rcmm-en-el-xlvi-trofeo-armada-espanola-de-snipe\/","name":"El RCMM, en el XLVI Trofeo Armada Espa\u00f1ola de snipe - Real Club Mar\u00edtimo de Melilla","isPartOf":{"@id":"https:\/\/www.realclubmaritimomelilla.es\/clmar\/#website"},"primaryImageOfPage":{"@id":"https:\/\/www.realclubmaritimomelilla.es\/clmar\/el-rcmm-en-el-xlvi-trofeo-armada-espanola-de-snipe\/#primaryimage"},"image":{"@id":"https:\/\/www.realclubmaritimomelilla.es\/clmar\/el-rcmm-en-el-xlvi-trofeo-armada-espanola-de-snipe\/#primaryimage"},"thumbnailUrl":"https:\/\/www.realclubmaritimomelilla.es\/clmar\/wp-content\/uploads\/6F3A5289-scaled.webp","datePublished":"2025-12-04T07:39:23+00:00","dateModified":"2025-12-04T15:08:02+00:00","description":"Es una de las regatas m\u00e1s emblem\u00e1ticas e hist\u00f3ricas de las clase ya que en la presente edici\u00f3n cumplir\u00e1 46 a\u00f1os de historia","breadcrumb":{"@id":"https:\/\/www.realclubmaritimomelilla.es\/clmar\/el-rcmm-en-el-xlvi-trofeo-armada-espanola-de-snipe\/#breadcrumb"},"inLanguage":"es","potentialAction":[{"@type":"ReadAction","target":["https:\/\/www.realclubmaritimomelilla.es\/clmar\/el-rcmm-en-el-xlvi-trofeo-armada-espanola-de-snipe\/"]}]},{"@type":"ImageObject","inLanguage":"es","@id":"https:\/\/www.realclubmaritimomelilla.es\/clmar\/el-rcmm-en-el-xlvi-trofeo-armada-espanola-de-snipe\/#primaryimage","url":"https:\/\/www.realclubmaritimomelilla.es\/clmar\/wp-content\/uploads\/6F3A5289-scaled.webp","contentUrl":"https:\/\/www.realclubmaritimomelilla.es\/clmar\/wp-content\/uploads\/6F3A5289-scaled.webp","width":2560,"height":1707},{"@type":"BreadcrumbList","@id":"https:\/\/www.realclubmaritimomelilla.es\/clmar\/el-rcmm-en-el-xlvi-trofeo-armada-espanola-de-snipe\/#breadcrumb","itemListElement":[{"@type":"ListItem","position":1,"name":"Portada","item":"https:\/\/www.realclubmaritimomelilla.es\/clmar\/"},{"@type":"ListItem","position":2,"name":"El RCMM, en el XLVI Trofeo Armada Espa\u00f1ola de snipe"}]},{"@type":"WebSite","@id":"https:\/\/www.realclubmaritimomelilla.es\/clmar\/#website","url":"https:\/\/www.realclubmaritimomelilla.es\/clmar\/","name":"Real Club Mar\u00edtimo de Melilla","description":"RCMM","publisher":{"@id":"https:\/\/www.realclubmaritimomelilla.es\/clmar\/#organization"},"alternateName":"RCMM","potentialAction":[{"@type":"SearchAction","target":{"@type":"EntryPoint","urlTemplate":"https:\/\/www.realclubmaritimomelilla.es\/clmar\/?s={search_term_string}"},"query-input":{"@type":"PropertyValueSpecification","valueRequired":true,"valueName":"search_term_string"}}],"inLanguage":"es"},{"@type":"Organization","@id":"https:\/\/www.realclubmaritimomelilla.es\/clmar\/#organization","name":"Real Club Mar\u00edtimo de Melilla","alternateName":"RCMM","url":"https:\/\/www.realclubmaritimomelilla.es\/clmar\/","logo":{"@type":"ImageObject","inLanguage":"es","@id":"https:\/\/www.realclubmaritimomelilla.es\/clmar\/#\/schema\/logo\/image\/","url":"https:\/\/www.realclubmaritimomelilla.es\/clmar\/wp-content\/uploads\/logo-club-original-copia.jpg","contentUrl":"https:\/\/www.realclubmaritimomelilla.es\/clmar\/wp-content\/uploads\/logo-club-original-copia.jpg","width":128,"height":89,"caption":"Real Club Mar\u00edtimo de Melilla"},"image":{"@id":"https:\/\/www.realclubmaritimomelilla.es\/clmar\/#\/schema\/logo\/image\/"},"sameAs":["https:\/\/www.facebook.com\/Real-Club-Mar\u00edtimo-de-Melilla-588495841234214\/","https:\/\/x.com\/nauticarcmm","https:\/\/www.instagram.com\/club_maritimo_melilla\/","https:\/\/www.youtube.com\/@realclubmaritimodemelilla4703","https:\/\/es.wikipedia.org\/wiki\/Real_Club_Mar\u00edtimo_de_Melilla"]},{"@type":"Person","@id":"https:\/\/www.realclubmaritimomelilla.es\/clmar\/#\/schema\/person\/ebaa3713496dc6d48c872452e73a8e79","name":"RCMMelilla","image":{"@type":"ImageObject","inLanguage":"es","@id":"https:\/\/secure.gravatar.com\/avatar\/df1c24789360fb9308735c4ee556fc2bc5bf924bf01e53043b8b97ba272da33c?s=96&d=mm&r=g","url":"https:\/\/secure.gravatar.com\/avatar\/df1c24789360fb9308735c4ee556fc2bc5bf924bf01e53043b8b97ba272da33c?s=96&d=mm&r=g","contentUrl":"https:\/\/secure.gravatar.com\/avatar\/df1c24789360fb9308735c4ee556fc2bc5bf924bf01e53043b8b97ba272da33c?s=96&d=mm&r=g","caption":"RCMMelilla"}}]}},"_links":{"self":[{"href":"https:\/\/www.realclubmaritimomelilla.es\/clmar\/wp-json\/wp\/v2\/posts\/26858","targetHints":{"allow":["GET"]}}],"collection":[{"href":"https:\/\/www.realclubmaritimomelilla.es\/clmar\/wp-json\/wp\/v2\/posts"}],"about":[{"href":"https:\/\/www.realclubmaritimomelilla.es\/clmar\/wp-json\/wp\/v2\/types\/post"}],"author":[{"embeddable":true,"href":"https:\/\/www.realclubmaritimomelilla.es\/clmar\/wp-json\/wp\/v2\/users\/1"}],"replies":[{"embeddable":true,"href":"https:\/\/www.realclubmaritimomelilla.es\/clmar\/wp-json\/wp\/v2\/comments?post=26858"}],"version-history":[{"count":1,"href":"https:\/\/www.realclubmaritimomelilla.es\/clmar\/wp-json\/wp\/v2\/posts\/26858\/revisions"}],"predecessor-version":[{"id":26859,"href":"https:\/\/www.realclubmaritimomelilla.es\/clmar\/wp-json\/wp\/v2\/posts\/26858\/revisions\/26859"}],"wp:featuredmedia":[{"embeddable":true,"href":"https:\/\/www.realclubmaritimomelilla.es\/clmar\/wp-json\/wp\/v2\/media\/26734"}],"wp:attachment":[{"href":"https:\/\/www.realclubmaritimomelilla.es\/clmar\/wp-json\/wp\/v2\/media?parent=26858"}],"wp:term":[{"taxonomy":"category","embeddable":true,"href":"https:\/\/www.realclubmaritimomelilla.es\/clmar\/wp-json\/wp\/v2\/categories?post=26858"},{"taxonomy":"post_tag","embeddable":true,"href":"https:\/\/www.realclubmaritimomelilla.es\/clmar\/wp-json\/wp\/v2\/tags?post=26858"}],"curies":[{"name":"wp","href":"https:\/\/api.w.org\/{rel}","templated":true}]}}