{"id":26807,"date":"2025-12-01T08:32:40","date_gmt":"2025-12-01T07:32:40","guid":{"rendered":"https:\/\/www.realclubmaritimomelilla.es\/clmar\/?p=26807"},"modified":"2025-12-04T08:36:00","modified_gmt":"2025-12-04T07:36:00","slug":"clausura-memorial-comodoro-pinori","status":"publish","type":"post","link":"https:\/\/www.realclubmaritimomelilla.es\/clmar\/clausura-memorial-comodoro-pinori\/","title":{"rendered":"Clausura Memorial &#8216;Comodoro Pinori&#8217;"},"content":{"rendered":"<p>El Real Club Mar\u00edtimo de Melilla ha clausurado una nueva edici\u00f3n del Memorial Antonio P\u00e9rez &#8216;Comodo Pinori&#8217; que en este a\u00f1o 2025, ha alcanzado la d\u00e9cimo cuarta edici\u00f3n del Trofeo de Vela y, como novedad, la primera del campeonato de pesca.<br \/>\nEl vicepresidente Adolfo Ortiz de Z\u00e1rate, junto a varios miembros de la junta directiva, fueron los encargados de entregar los premios y recordar la figura de Antonio P\u00e9rez, representado en este acto por su hijo Antonio.<\/p>\n<p><strong>CLAUSURA MEMORIAL ANTONIO P\u00c9REZ \u2018COMODORO PINORI\u2019 2025<\/strong><\/p>\n<p><strong>I MEMORIAL DE PESA<\/strong><br \/>\nPESCA EN CANTIL:<br \/>\n&#8211; Pieza Mayor: Jorge Alm\u00e9cija<br \/>\n&#8211; Mayor N\u00famero de Piezas: Miguel Manrique<br \/>\n&#8211; Mayor Peso: Angel Prada<\/p>\n<p>PESCA EMBARCACI\u00d3N FONDEADA:<br \/>\n&#8211; Pieza Mayor: Pablo Ruiz y Carlos Platero<br \/>\n&#8211; 2\u00ba Mayor N\u00famero de Kilos: Antonio P\u00e9rez y Luiz Cruz<br \/>\n&#8211; 1\u00ba Mayor N\u00famero de Kilos: Miguel Manrique<\/p>\n<p><strong>XIV MEMORIAL VELA<\/strong><br \/>\nOPTIMIST INICIACI\u00d3N:<br \/>\n&#8211; Zacar\u00edas Laarbi Assaidi<br \/>\n&#8211; Carlota P\u00e9rez Mellado<br \/>\n&#8211; Jos\u00e9 Rivas Revilla<br \/>\n&#8211; Paula del Pino C\u00e1novas<br \/>\n&#8211; Emma Mart\u00edn Gabald\u00f3n<br \/>\n\u2013 Pablo Aguilar Garc\u00eda<br \/>\n&#8211; Ismael Belaid Santofinio<br \/>\n&#8211; Nacho Montero Guerrero<br \/>\n&#8211; Triana Soledad Manrique Romero<br \/>\n&#8211; Tarek Belaid Santofinio<br \/>\n&#8211; Crist\u00f3bal Arag\u00f3n Florido<br \/>\n&#8211; Oliver Lob\u00f3n Margull\u00f3n<br \/>\n&#8211; Wasin Bouchankouk Guijarro<br \/>\n&#8211; Sof\u00eda Moreno Trejo<br \/>\n&#8211; Victoria Jim\u00e9nez Trejo<br \/>\n&#8211; Jes\u00fas Moreno Trejo<br \/>\n&#8211; Luis Alias de Mart\u00ednez<br \/>\n&#8211; Alvaro Soler N\u00fa\u00f1ez<\/p>\n<p>CYCLONE:<br \/>\n1\u00ba Francisco Gil, Fernando Dom\u00ednguez , Crist\u00f3bal Arag\u00f3n y Miguel \u00c1ngel Gonz\u00e1lez.<br \/>\n2\u00ba Paco Ben\u00edtez, Mar\u00eda Eugenia Reyes, Isabel Garc\u00eda , Lorena Garc\u00eda\u00a0y\u00a0Carlos\u00a0Rivas.<\/p>\n<p>OPTIMIST SUB 11:<br \/>\n1\u00ba Rafael Aguilar Garc\u00eda<br \/>\n2\u00ba Daniel Est\u00e1n Carrasco<br \/>\n3\u00aa Mar\u00eda Aguilar Garc\u00eda<\/p>\n<p>OPTIMIST SUB 13:<br \/>\n1\u00ba Amir Bouchankouk Guijarro<br \/>\n2\u00aa Bela Tormo Garc\u00eda<br \/>\n3\u00aa Aitana Robles P\u00e9rez<\/p>\n<p>OPTIMIST GENERAL:<br \/>\n1\u00ba Miguel Angel Tormo Garc\u00eda<br \/>\n2\u00ba Adri\u00e1n Robles P\u00e9rez<br \/>\n3\u00ba Amir Bouchankouk Guijarro<\/p>\n<p>CLASE SNIPE:<br \/>\n1\u00ba Pablo Rivas O\u00f1a y Alba Mu\u00f1oz Revilla<br \/>\n2\u00ba Fran Soler y Juan Miguel Lucas<br \/>\n3\u00ba Juan Luis Ruano Revilla y Fabio D\u00edaz Gallardo<\/p>\n<p>PODIO VELA LIGERA MEMORIAL:<br \/>\n1\u00ba Pablo Rivas O\u00f1a y Alba Mu\u00f1oz Revilla (snipe)<br \/>\n2\u00ba Miguel Angel Tormo Garc\u00eda (optimist)<br \/>\n3\u00ba Adri\u00e1n Robles P\u00e9rez (optimist)<\/p>\n<p>PODIO CRUCERO:<br \/>\n1\u00ba Llop Uno, Andr\u00e9s Bellido<br \/>\n2\u00ba Olivita, Luis Cobreros<br \/>\n3\u00ba Victoria V, Vicente de Juan<\/p>\n\n\t\t<style type=\"text\/css\">\n\t\t\t#gallery-1 {\n\t\t\t\tmargin: auto;\n\t\t\t}\n\t\t\t#gallery-1 .gallery-item {\n\t\t\t\tfloat: left;\n\t\t\t\tmargin-top: 10px;\n\t\t\t\ttext-align: center;\n\t\t\t\twidth: 33%;\n\t\t\t}\n\t\t\t#gallery-1 img {\n\t\t\t\tborder: 2px solid #cfcfcf;\n\t\t\t}\n\t\t\t#gallery-1 .gallery-caption {\n\t\t\t\tmargin-left: 0;\n\t\t\t}\n\t\t\t\/* see gallery_shortcode() in wp-includes\/media.php *\/\n\t\t<\/style>\n\t\t<div id='gallery-1' class='gallery galleryid-26807 gallery-columns-3 gallery-size-full'><dl class='gallery-item'>\n\t\t\t<dt class='gallery-icon landscape'>\n\t\t\t\t<a data-rel=\"iLightbox[postimages]\" data-title=\"CRUCERO 1\u00ba Llop Uno\" data-caption=\"\" href='https:\/\/www.realclubmaritimomelilla.es\/clmar\/clausura-memorial-comodoro-pinori\/crucero-1o-llop-uno\/'><img decoding=\"async\" width=\"2560\" height=\"1459\" src=\"https:\/\/www.realclubmaritimomelilla.es\/clmar\/wp-content\/uploads\/CRUCERO-1o-Llop-Uno-scaled.webp\" class=\"attachment-full size-full\" alt=\"\" srcset=\"https:\/\/www.realclubmaritimomelilla.es\/clmar\/wp-content\/uploads\/CRUCERO-1o-Llop-Uno-200x114.webp 200w, https:\/\/www.realclubmaritimomelilla.es\/clmar\/wp-content\/uploads\/CRUCERO-1o-Llop-Uno-300x171.webp 300w, https:\/\/www.realclubmaritimomelilla.es\/clmar\/wp-content\/uploads\/CRUCERO-1o-Llop-Uno-400x228.webp 400w, https:\/\/www.realclubmaritimomelilla.es\/clmar\/wp-content\/uploads\/CRUCERO-1o-Llop-Uno-600x342.webp 600w, https:\/\/www.realclubmaritimomelilla.es\/clmar\/wp-content\/uploads\/CRUCERO-1o-Llop-Uno-768x438.webp 768w, https:\/\/www.realclubmaritimomelilla.es\/clmar\/wp-content\/uploads\/CRUCERO-1o-Llop-Uno-800x456.webp 800w, https:\/\/www.realclubmaritimomelilla.es\/clmar\/wp-content\/uploads\/CRUCERO-1o-Llop-Uno-1024x583.webp 1024w, https:\/\/www.realclubmaritimomelilla.es\/clmar\/wp-content\/uploads\/CRUCERO-1o-Llop-Uno-1200x684.webp 1200w, https:\/\/www.realclubmaritimomelilla.es\/clmar\/wp-content\/uploads\/CRUCERO-1o-Llop-Uno-1536x875.webp 1536w, https:\/\/www.realclubmaritimomelilla.es\/clmar\/wp-content\/uploads\/CRUCERO-1o-Llop-Uno-scaled.webp 2560w\" sizes=\"(max-width: 2560px) 100vw, 2560px\" \/><\/a>\n\t\t\t<\/dt><\/dl><dl class='gallery-item'>\n\t\t\t<dt class='gallery-icon landscape'>\n\t\t\t\t<a data-rel=\"iLightbox[postimages]\" data-title=\"CRUCERO 2\u00ba Olivita\" data-caption=\"\" href='https:\/\/www.realclubmaritimomelilla.es\/clmar\/clausura-memorial-comodoro-pinori\/crucero-2o-olivita-2\/'><img decoding=\"async\" width=\"2560\" height=\"1510\" src=\"https:\/\/www.realclubmaritimomelilla.es\/clmar\/wp-content\/uploads\/CRUCERO-2o-Olivita-1-scaled.webp\" class=\"attachment-full size-full\" alt=\"\" srcset=\"https:\/\/www.realclubmaritimomelilla.es\/clmar\/wp-content\/uploads\/CRUCERO-2o-Olivita-1-200x118.webp 200w, https:\/\/www.realclubmaritimomelilla.es\/clmar\/wp-content\/uploads\/CRUCERO-2o-Olivita-1-300x177.webp 300w, https:\/\/www.realclubmaritimomelilla.es\/clmar\/wp-content\/uploads\/CRUCERO-2o-Olivita-1-400x236.webp 400w, https:\/\/www.realclubmaritimomelilla.es\/clmar\/wp-content\/uploads\/CRUCERO-2o-Olivita-1-600x354.webp 600w, https:\/\/www.realclubmaritimomelilla.es\/clmar\/wp-content\/uploads\/CRUCERO-2o-Olivita-1-768x453.webp 768w, https:\/\/www.realclubmaritimomelilla.es\/clmar\/wp-content\/uploads\/CRUCERO-2o-Olivita-1-800x472.webp 800w, https:\/\/www.realclubmaritimomelilla.es\/clmar\/wp-content\/uploads\/CRUCERO-2o-Olivita-1-1024x604.webp 1024w, https:\/\/www.realclubmaritimomelilla.es\/clmar\/wp-content\/uploads\/CRUCERO-2o-Olivita-1-1200x708.webp 1200w, https:\/\/www.realclubmaritimomelilla.es\/clmar\/wp-content\/uploads\/CRUCERO-2o-Olivita-1-1536x906.webp 1536w, https:\/\/www.realclubmaritimomelilla.es\/clmar\/wp-content\/uploads\/CRUCERO-2o-Olivita-1-scaled.webp 2560w\" sizes=\"(max-width: 2560px) 100vw, 2560px\" \/><\/a>\n\t\t\t<\/dt><\/dl><dl class='gallery-item'>\n\t\t\t<dt class='gallery-icon landscape'>\n\t\t\t\t<a data-rel=\"iLightbox[postimages]\" data-title=\"CRUCERO 3\u00ba Victoria V\" data-caption=\"\" href='https:\/\/www.realclubmaritimomelilla.es\/clmar\/clausura-memorial-comodoro-pinori\/crucero-3o-victoria-v\/'><img decoding=\"async\" width=\"2560\" height=\"1905\" src=\"https:\/\/www.realclubmaritimomelilla.es\/clmar\/wp-content\/uploads\/CRUCERO-3o-Victoria-V-scaled.webp\" class=\"attachment-full size-full\" alt=\"\" srcset=\"https:\/\/www.realclubmaritimomelilla.es\/clmar\/wp-content\/uploads\/CRUCERO-3o-Victoria-V-200x149.webp 200w, https:\/\/www.realclubmaritimomelilla.es\/clmar\/wp-content\/uploads\/CRUCERO-3o-Victoria-V-300x223.webp 300w, https:\/\/www.realclubmaritimomelilla.es\/clmar\/wp-content\/uploads\/CRUCERO-3o-Victoria-V-400x298.webp 400w, https:\/\/www.realclubmaritimomelilla.es\/clmar\/wp-content\/uploads\/CRUCERO-3o-Victoria-V-600x447.webp 600w, https:\/\/www.realclubmaritimomelilla.es\/clmar\/wp-content\/uploads\/CRUCERO-3o-Victoria-V-768x572.webp 768w, https:\/\/www.realclubmaritimomelilla.es\/clmar\/wp-content\/uploads\/CRUCERO-3o-Victoria-V-800x595.webp 800w, https:\/\/www.realclubmaritimomelilla.es\/clmar\/wp-content\/uploads\/CRUCERO-3o-Victoria-V-1024x762.webp 1024w, https:\/\/www.realclubmaritimomelilla.es\/clmar\/wp-content\/uploads\/CRUCERO-3o-Victoria-V-1200x893.webp 1200w, https:\/\/www.realclubmaritimomelilla.es\/clmar\/wp-content\/uploads\/CRUCERO-3o-Victoria-V-1536x1143.webp 1536w, https:\/\/www.realclubmaritimomelilla.es\/clmar\/wp-content\/uploads\/CRUCERO-3o-Victoria-V-scaled.webp 2560w\" sizes=\"(max-width: 2560px) 100vw, 2560px\" \/><\/a>\n\t\t\t<\/dt><\/dl><br style=\"clear: both\" \/><dl class='gallery-item'>\n\t\t\t<dt class='gallery-icon landscape'>\n\t\t\t\t<a data-rel=\"iLightbox[postimages]\" data-title=\"CYCLONE campe\u00f3n\" data-caption=\"\" href='https:\/\/www.realclubmaritimomelilla.es\/clmar\/clausura-memorial-comodoro-pinori\/cyclone-campeon\/'><img decoding=\"async\" width=\"2560\" height=\"2084\" src=\"https:\/\/www.realclubmaritimomelilla.es\/clmar\/wp-content\/uploads\/CYCLONE-campeon-scaled.webp\" class=\"attachment-full size-full\" alt=\"\" srcset=\"https:\/\/www.realclubmaritimomelilla.es\/clmar\/wp-content\/uploads\/CYCLONE-campeon-200x163.webp 200w, https:\/\/www.realclubmaritimomelilla.es\/clmar\/wp-content\/uploads\/CYCLONE-campeon-300x244.webp 300w, https:\/\/www.realclubmaritimomelilla.es\/clmar\/wp-content\/uploads\/CYCLONE-campeon-400x326.webp 400w, https:\/\/www.realclubmaritimomelilla.es\/clmar\/wp-content\/uploads\/CYCLONE-campeon-600x489.webp 600w, https:\/\/www.realclubmaritimomelilla.es\/clmar\/wp-content\/uploads\/CYCLONE-campeon-768x625.webp 768w, https:\/\/www.realclubmaritimomelilla.es\/clmar\/wp-content\/uploads\/CYCLONE-campeon-800x651.webp 800w, https:\/\/www.realclubmaritimomelilla.es\/clmar\/wp-content\/uploads\/CYCLONE-campeon-1024x834.webp 1024w, https:\/\/www.realclubmaritimomelilla.es\/clmar\/wp-content\/uploads\/CYCLONE-campeon-1200x977.webp 1200w, https:\/\/www.realclubmaritimomelilla.es\/clmar\/wp-content\/uploads\/CYCLONE-campeon-1536x1251.webp 1536w, https:\/\/www.realclubmaritimomelilla.es\/clmar\/wp-content\/uploads\/CYCLONE-campeon-scaled.webp 2560w\" sizes=\"(max-width: 2560px) 100vw, 2560px\" \/><\/a>\n\t\t\t<\/dt><\/dl><dl class='gallery-item'>\n\t\t\t<dt class='gallery-icon landscape'>\n\t\t\t\t<a data-rel=\"iLightbox[postimages]\" data-title=\"CYCLONE subcampe\u00f3n\" data-caption=\"\" href='https:\/\/www.realclubmaritimomelilla.es\/clmar\/clausura-memorial-comodoro-pinori\/cyclone-subcampeon\/'><img decoding=\"async\" width=\"2560\" height=\"1921\" src=\"https:\/\/www.realclubmaritimomelilla.es\/clmar\/wp-content\/uploads\/CYCLONE-subcampeon-scaled.webp\" class=\"attachment-full size-full\" alt=\"\" srcset=\"https:\/\/www.realclubmaritimomelilla.es\/clmar\/wp-content\/uploads\/CYCLONE-subcampeon-200x150.webp 200w, https:\/\/www.realclubmaritimomelilla.es\/clmar\/wp-content\/uploads\/CYCLONE-subcampeon-300x225.webp 300w, https:\/\/www.realclubmaritimomelilla.es\/clmar\/wp-content\/uploads\/CYCLONE-subcampeon-400x300.webp 400w, https:\/\/www.realclubmaritimomelilla.es\/clmar\/wp-content\/uploads\/CYCLONE-subcampeon-600x450.webp 600w, https:\/\/www.realclubmaritimomelilla.es\/clmar\/wp-content\/uploads\/CYCLONE-subcampeon-768x576.webp 768w, https:\/\/www.realclubmaritimomelilla.es\/clmar\/wp-content\/uploads\/CYCLONE-subcampeon-800x600.webp 800w, https:\/\/www.realclubmaritimomelilla.es\/clmar\/wp-content\/uploads\/CYCLONE-subcampeon-1024x768.webp 1024w, https:\/\/www.realclubmaritimomelilla.es\/clmar\/wp-content\/uploads\/CYCLONE-subcampeon-1200x900.webp 1200w, https:\/\/www.realclubmaritimomelilla.es\/clmar\/wp-content\/uploads\/CYCLONE-subcampeon-1536x1152.webp 1536w, https:\/\/www.realclubmaritimomelilla.es\/clmar\/wp-content\/uploads\/CYCLONE-subcampeon-scaled.webp 2560w\" sizes=\"(max-width: 2560px) 100vw, 2560px\" \/><\/a>\n\t\t\t<\/dt><\/dl><dl class='gallery-item'>\n\t\t\t<dt class='gallery-icon landscape'>\n\t\t\t\t<a data-rel=\"iLightbox[postimages]\" data-title=\"FLOTA INICIACI\u00d3N\" data-caption=\"\" href='https:\/\/www.realclubmaritimomelilla.es\/clmar\/clausura-memorial-comodoro-pinori\/flota-iniciacion\/'><img decoding=\"async\" width=\"2560\" height=\"1286\" src=\"https:\/\/www.realclubmaritimomelilla.es\/clmar\/wp-content\/uploads\/FLOTA-INICIACION-scaled.webp\" class=\"attachment-full size-full\" alt=\"\" srcset=\"https:\/\/www.realclubmaritimomelilla.es\/clmar\/wp-content\/uploads\/FLOTA-INICIACION-200x100.webp 200w, https:\/\/www.realclubmaritimomelilla.es\/clmar\/wp-content\/uploads\/FLOTA-INICIACION-300x151.webp 300w, https:\/\/www.realclubmaritimomelilla.es\/clmar\/wp-content\/uploads\/FLOTA-INICIACION-400x201.webp 400w, https:\/\/www.realclubmaritimomelilla.es\/clmar\/wp-content\/uploads\/FLOTA-INICIACION-540x272.webp 540w, https:\/\/www.realclubmaritimomelilla.es\/clmar\/wp-content\/uploads\/FLOTA-INICIACION-600x301.webp 600w, https:\/\/www.realclubmaritimomelilla.es\/clmar\/wp-content\/uploads\/FLOTA-INICIACION-768x386.webp 768w, https:\/\/www.realclubmaritimomelilla.es\/clmar\/wp-content\/uploads\/FLOTA-INICIACION-800x402.webp 800w, https:\/\/www.realclubmaritimomelilla.es\/clmar\/wp-content\/uploads\/FLOTA-INICIACION-1024x514.webp 1024w, https:\/\/www.realclubmaritimomelilla.es\/clmar\/wp-content\/uploads\/FLOTA-INICIACION-1200x603.webp 1200w, https:\/\/www.realclubmaritimomelilla.es\/clmar\/wp-content\/uploads\/FLOTA-INICIACION-1536x771.webp 1536w, https:\/\/www.realclubmaritimomelilla.es\/clmar\/wp-content\/uploads\/FLOTA-INICIACION-scaled.webp 2560w\" sizes=\"(max-width: 2560px) 100vw, 2560px\" \/><\/a>\n\t\t\t<\/dt><\/dl><br style=\"clear: both\" \/><dl class='gallery-item'>\n\t\t\t<dt class='gallery-icon landscape'>\n\t\t\t\t<a data-rel=\"iLightbox[postimages]\" data-title=\"FLOTA\" data-caption=\"\" href='https:\/\/www.realclubmaritimomelilla.es\/clmar\/clausura-memorial-comodoro-pinori\/flota-10\/'><img decoding=\"async\" width=\"1344\" height=\"660\" src=\"https:\/\/www.realclubmaritimomelilla.es\/clmar\/wp-content\/uploads\/FLOTA-8.webp\" class=\"attachment-full size-full\" alt=\"\" srcset=\"https:\/\/www.realclubmaritimomelilla.es\/clmar\/wp-content\/uploads\/FLOTA-8-200x98.webp 200w, https:\/\/www.realclubmaritimomelilla.es\/clmar\/wp-content\/uploads\/FLOTA-8-300x147.webp 300w, https:\/\/www.realclubmaritimomelilla.es\/clmar\/wp-content\/uploads\/FLOTA-8-400x196.webp 400w, https:\/\/www.realclubmaritimomelilla.es\/clmar\/wp-content\/uploads\/FLOTA-8-600x295.webp 600w, https:\/\/www.realclubmaritimomelilla.es\/clmar\/wp-content\/uploads\/FLOTA-8-768x377.webp 768w, https:\/\/www.realclubmaritimomelilla.es\/clmar\/wp-content\/uploads\/FLOTA-8-800x393.webp 800w, https:\/\/www.realclubmaritimomelilla.es\/clmar\/wp-content\/uploads\/FLOTA-8-1024x503.webp 1024w, https:\/\/www.realclubmaritimomelilla.es\/clmar\/wp-content\/uploads\/FLOTA-8-1200x589.webp 1200w, https:\/\/www.realclubmaritimomelilla.es\/clmar\/wp-content\/uploads\/FLOTA-8.webp 1344w\" sizes=\"(max-width: 1344px) 100vw, 1344px\" \/><\/a>\n\t\t\t<\/dt><\/dl><dl class='gallery-item'>\n\t\t\t<dt class='gallery-icon landscape'>\n\t\t\t\t<a data-rel=\"iLightbox[postimages]\" data-title=\"OPTIMIST GENERAL 1\u00ba Miguel Angel Tormo Garc\u00eda\" data-caption=\"\" href='https:\/\/www.realclubmaritimomelilla.es\/clmar\/clausura-memorial-comodoro-pinori\/optimist-general-1o-miguel-angel-tormo-garcia\/'><img decoding=\"async\" width=\"2560\" height=\"2246\" src=\"https:\/\/www.realclubmaritimomelilla.es\/clmar\/wp-content\/uploads\/OPTIMIST-GENERAL-1o-Miguel-Angel-Tormo-Garcia-scaled.webp\" class=\"attachment-full size-full\" alt=\"\" srcset=\"https:\/\/www.realclubmaritimomelilla.es\/clmar\/wp-content\/uploads\/OPTIMIST-GENERAL-1o-Miguel-Angel-Tormo-Garcia-200x175.webp 200w, https:\/\/www.realclubmaritimomelilla.es\/clmar\/wp-content\/uploads\/OPTIMIST-GENERAL-1o-Miguel-Angel-Tormo-Garcia-300x263.webp 300w, https:\/\/www.realclubmaritimomelilla.es\/clmar\/wp-content\/uploads\/OPTIMIST-GENERAL-1o-Miguel-Angel-Tormo-Garcia-400x351.webp 400w, https:\/\/www.realclubmaritimomelilla.es\/clmar\/wp-content\/uploads\/OPTIMIST-GENERAL-1o-Miguel-Angel-Tormo-Garcia-600x526.webp 600w, https:\/\/www.realclubmaritimomelilla.es\/clmar\/wp-content\/uploads\/OPTIMIST-GENERAL-1o-Miguel-Angel-Tormo-Garcia-768x674.webp 768w, https:\/\/www.realclubmaritimomelilla.es\/clmar\/wp-content\/uploads\/OPTIMIST-GENERAL-1o-Miguel-Angel-Tormo-Garcia-800x702.webp 800w, https:\/\/www.realclubmaritimomelilla.es\/clmar\/wp-content\/uploads\/OPTIMIST-GENERAL-1o-Miguel-Angel-Tormo-Garcia-1024x898.webp 1024w, https:\/\/www.realclubmaritimomelilla.es\/clmar\/wp-content\/uploads\/OPTIMIST-GENERAL-1o-Miguel-Angel-Tormo-Garcia-1200x1053.webp 1200w, https:\/\/www.realclubmaritimomelilla.es\/clmar\/wp-content\/uploads\/OPTIMIST-GENERAL-1o-Miguel-Angel-Tormo-Garcia-1536x1347.webp 1536w, https:\/\/www.realclubmaritimomelilla.es\/clmar\/wp-content\/uploads\/OPTIMIST-GENERAL-1o-Miguel-Angel-Tormo-Garcia-scaled.webp 2560w\" sizes=\"(max-width: 2560px) 100vw, 2560px\" \/><\/a>\n\t\t\t<\/dt><\/dl><dl class='gallery-item'>\n\t\t\t<dt class='gallery-icon portrait'>\n\t\t\t\t<a data-rel=\"iLightbox[postimages]\" data-title=\"OPTIMIST GENERAL 2\u00ba Adri\u00e1n Robles\" data-caption=\"\" href='https:\/\/www.realclubmaritimomelilla.es\/clmar\/clausura-memorial-comodoro-pinori\/optimist-general-2o-adrian-robles-3\/'><img decoding=\"async\" width=\"2474\" height=\"2560\" src=\"https:\/\/www.realclubmaritimomelilla.es\/clmar\/wp-content\/uploads\/OPTIMIST-GENERAL-2o-Adrian-Robles-2-scaled.webp\" class=\"attachment-full size-full\" alt=\"\" srcset=\"https:\/\/www.realclubmaritimomelilla.es\/clmar\/wp-content\/uploads\/OPTIMIST-GENERAL-2o-Adrian-Robles-2-200x207.webp 200w, https:\/\/www.realclubmaritimomelilla.es\/clmar\/wp-content\/uploads\/OPTIMIST-GENERAL-2o-Adrian-Robles-2-290x300.webp 290w, https:\/\/www.realclubmaritimomelilla.es\/clmar\/wp-content\/uploads\/OPTIMIST-GENERAL-2o-Adrian-Robles-2-400x414.webp 400w, https:\/\/www.realclubmaritimomelilla.es\/clmar\/wp-content\/uploads\/OPTIMIST-GENERAL-2o-Adrian-Robles-2-600x621.webp 600w, https:\/\/www.realclubmaritimomelilla.es\/clmar\/wp-content\/uploads\/OPTIMIST-GENERAL-2o-Adrian-Robles-2-768x795.webp 768w, https:\/\/www.realclubmaritimomelilla.es\/clmar\/wp-content\/uploads\/OPTIMIST-GENERAL-2o-Adrian-Robles-2-800x828.webp 800w, https:\/\/www.realclubmaritimomelilla.es\/clmar\/wp-content\/uploads\/OPTIMIST-GENERAL-2o-Adrian-Robles-2-990x1024.webp 990w, https:\/\/www.realclubmaritimomelilla.es\/clmar\/wp-content\/uploads\/OPTIMIST-GENERAL-2o-Adrian-Robles-2-1200x1242.webp 1200w, https:\/\/www.realclubmaritimomelilla.es\/clmar\/wp-content\/uploads\/OPTIMIST-GENERAL-2o-Adrian-Robles-2-1484x1536.webp 1484w, https:\/\/www.realclubmaritimomelilla.es\/clmar\/wp-content\/uploads\/OPTIMIST-GENERAL-2o-Adrian-Robles-2-scaled.webp 2474w\" sizes=\"(max-width: 2474px) 100vw, 2474px\" \/><\/a>\n\t\t\t<\/dt><\/dl><br style=\"clear: both\" \/><dl class='gallery-item'>\n\t\t\t<dt class='gallery-icon portrait'>\n\t\t\t\t<a data-rel=\"iLightbox[postimages]\" data-title=\"OPTIMIST GENERAL 3\u00ba Amir Bouchankouk\" data-caption=\"\" href='https:\/\/www.realclubmaritimomelilla.es\/clmar\/clausura-memorial-comodoro-pinori\/optimist-general-3o-amir-bouchankouk\/'><img decoding=\"async\" width=\"2512\" height=\"2560\" src=\"https:\/\/www.realclubmaritimomelilla.es\/clmar\/wp-content\/uploads\/OPTIMIST-GENERAL-3o-Amir-Bouchankouk-scaled.webp\" class=\"attachment-full size-full\" alt=\"\" srcset=\"https:\/\/www.realclubmaritimomelilla.es\/clmar\/wp-content\/uploads\/OPTIMIST-GENERAL-3o-Amir-Bouchankouk-66x66.webp 66w, https:\/\/www.realclubmaritimomelilla.es\/clmar\/wp-content\/uploads\/OPTIMIST-GENERAL-3o-Amir-Bouchankouk-200x204.webp 200w, https:\/\/www.realclubmaritimomelilla.es\/clmar\/wp-content\/uploads\/OPTIMIST-GENERAL-3o-Amir-Bouchankouk-294x300.webp 294w, https:\/\/www.realclubmaritimomelilla.es\/clmar\/wp-content\/uploads\/OPTIMIST-GENERAL-3o-Amir-Bouchankouk-400x408.webp 400w, https:\/\/www.realclubmaritimomelilla.es\/clmar\/wp-content\/uploads\/OPTIMIST-GENERAL-3o-Amir-Bouchankouk-600x612.webp 600w, https:\/\/www.realclubmaritimomelilla.es\/clmar\/wp-content\/uploads\/OPTIMIST-GENERAL-3o-Amir-Bouchankouk-768x783.webp 768w, https:\/\/www.realclubmaritimomelilla.es\/clmar\/wp-content\/uploads\/OPTIMIST-GENERAL-3o-Amir-Bouchankouk-800x815.webp 800w, https:\/\/www.realclubmaritimomelilla.es\/clmar\/wp-content\/uploads\/OPTIMIST-GENERAL-3o-Amir-Bouchankouk-1005x1024.webp 1005w, https:\/\/www.realclubmaritimomelilla.es\/clmar\/wp-content\/uploads\/OPTIMIST-GENERAL-3o-Amir-Bouchankouk-1200x1223.webp 1200w, https:\/\/www.realclubmaritimomelilla.es\/clmar\/wp-content\/uploads\/OPTIMIST-GENERAL-3o-Amir-Bouchankouk-1507x1536.webp 1507w, https:\/\/www.realclubmaritimomelilla.es\/clmar\/wp-content\/uploads\/OPTIMIST-GENERAL-3o-Amir-Bouchankouk-scaled.webp 2512w\" sizes=\"(max-width: 2512px) 100vw, 2512px\" \/><\/a>\n\t\t\t<\/dt><\/dl><dl class='gallery-item'>\n\t\t\t<dt class='gallery-icon portrait'>\n\t\t\t\t<a data-rel=\"iLightbox[postimages]\" data-title=\"OPTIMIST SUB11 1\u00ba Rafael Aguilar\" data-caption=\"\" href='https:\/\/www.realclubmaritimomelilla.es\/clmar\/clausura-memorial-comodoro-pinori\/optimist-sub11-1o-rafael-aguilar\/'><img decoding=\"async\" width=\"2348\" height=\"2560\" src=\"https:\/\/www.realclubmaritimomelilla.es\/clmar\/wp-content\/uploads\/OPTIMIST-SUB11-1o-Rafael-Aguilar-scaled.webp\" class=\"attachment-full size-full\" alt=\"\" srcset=\"https:\/\/www.realclubmaritimomelilla.es\/clmar\/wp-content\/uploads\/OPTIMIST-SUB11-1o-Rafael-Aguilar-200x218.webp 200w, https:\/\/www.realclubmaritimomelilla.es\/clmar\/wp-content\/uploads\/OPTIMIST-SUB11-1o-Rafael-Aguilar-275x300.webp 275w, https:\/\/www.realclubmaritimomelilla.es\/clmar\/wp-content\/uploads\/OPTIMIST-SUB11-1o-Rafael-Aguilar-400x436.webp 400w, https:\/\/www.realclubmaritimomelilla.es\/clmar\/wp-content\/uploads\/OPTIMIST-SUB11-1o-Rafael-Aguilar-600x654.webp 600w, https:\/\/www.realclubmaritimomelilla.es\/clmar\/wp-content\/uploads\/OPTIMIST-SUB11-1o-Rafael-Aguilar-768x837.webp 768w, https:\/\/www.realclubmaritimomelilla.es\/clmar\/wp-content\/uploads\/OPTIMIST-SUB11-1o-Rafael-Aguilar-800x872.webp 800w, https:\/\/www.realclubmaritimomelilla.es\/clmar\/wp-content\/uploads\/OPTIMIST-SUB11-1o-Rafael-Aguilar-939x1024.webp 939w, https:\/\/www.realclubmaritimomelilla.es\/clmar\/wp-content\/uploads\/OPTIMIST-SUB11-1o-Rafael-Aguilar-1200x1308.webp 1200w, https:\/\/www.realclubmaritimomelilla.es\/clmar\/wp-content\/uploads\/OPTIMIST-SUB11-1o-Rafael-Aguilar-1409x1536.webp 1409w, https:\/\/www.realclubmaritimomelilla.es\/clmar\/wp-content\/uploads\/OPTIMIST-SUB11-1o-Rafael-Aguilar-1879x2048.webp 1879w, https:\/\/www.realclubmaritimomelilla.es\/clmar\/wp-content\/uploads\/OPTIMIST-SUB11-1o-Rafael-Aguilar-scaled.webp 2348w\" sizes=\"(max-width: 2348px) 100vw, 2348px\" \/><\/a>\n\t\t\t<\/dt><\/dl><dl class='gallery-item'>\n\t\t\t<dt class='gallery-icon portrait'>\n\t\t\t\t<a data-rel=\"iLightbox[postimages]\" data-title=\"OPTIMIST SUB11 2\u00ba Daniel Est\u00e1n\" data-caption=\"\" href='https:\/\/www.realclubmaritimomelilla.es\/clmar\/clausura-memorial-comodoro-pinori\/optimist-sub11-2o-daniel-estan\/'><img decoding=\"async\" width=\"2514\" height=\"2560\" src=\"https:\/\/www.realclubmaritimomelilla.es\/clmar\/wp-content\/uploads\/OPTIMIST-SUB11-2o-Daniel-Estan-scaled.webp\" class=\"attachment-full size-full\" alt=\"\" srcset=\"https:\/\/www.realclubmaritimomelilla.es\/clmar\/wp-content\/uploads\/OPTIMIST-SUB11-2o-Daniel-Estan-66x66.webp 66w, https:\/\/www.realclubmaritimomelilla.es\/clmar\/wp-content\/uploads\/OPTIMIST-SUB11-2o-Daniel-Estan-200x204.webp 200w, https:\/\/www.realclubmaritimomelilla.es\/clmar\/wp-content\/uploads\/OPTIMIST-SUB11-2o-Daniel-Estan-295x300.webp 295w, https:\/\/www.realclubmaritimomelilla.es\/clmar\/wp-content\/uploads\/OPTIMIST-SUB11-2o-Daniel-Estan-400x407.webp 400w, https:\/\/www.realclubmaritimomelilla.es\/clmar\/wp-content\/uploads\/OPTIMIST-SUB11-2o-Daniel-Estan-600x611.webp 600w, https:\/\/www.realclubmaritimomelilla.es\/clmar\/wp-content\/uploads\/OPTIMIST-SUB11-2o-Daniel-Estan-768x782.webp 768w, https:\/\/www.realclubmaritimomelilla.es\/clmar\/wp-content\/uploads\/OPTIMIST-SUB11-2o-Daniel-Estan-800x815.webp 800w, https:\/\/www.realclubmaritimomelilla.es\/clmar\/wp-content\/uploads\/OPTIMIST-SUB11-2o-Daniel-Estan-1005x1024.webp 1005w, https:\/\/www.realclubmaritimomelilla.es\/clmar\/wp-content\/uploads\/OPTIMIST-SUB11-2o-Daniel-Estan-1200x1222.webp 1200w, https:\/\/www.realclubmaritimomelilla.es\/clmar\/wp-content\/uploads\/OPTIMIST-SUB11-2o-Daniel-Estan-1508x1536.webp 1508w, https:\/\/www.realclubmaritimomelilla.es\/clmar\/wp-content\/uploads\/OPTIMIST-SUB11-2o-Daniel-Estan-scaled.webp 2514w\" sizes=\"(max-width: 2514px) 100vw, 2514px\" \/><\/a>\n\t\t\t<\/dt><\/dl><br style=\"clear: both\" \/><dl class='gallery-item'>\n\t\t\t<dt class='gallery-icon landscape'>\n\t\t\t\t<a data-rel=\"iLightbox[postimages]\" data-title=\"OPTIMIST SUB11 3\u00aa Mar\u00eda Aguilar\" data-caption=\"\" href='https:\/\/www.realclubmaritimomelilla.es\/clmar\/clausura-memorial-comodoro-pinori\/optimist-sub11-3a-maria-aguilar-2\/'><img decoding=\"async\" width=\"2560\" height=\"2349\" src=\"https:\/\/www.realclubmaritimomelilla.es\/clmar\/wp-content\/uploads\/OPTIMIST-SUB11-3a-Maria-Aguilar-1-scaled.webp\" class=\"attachment-full size-full\" alt=\"\" srcset=\"https:\/\/www.realclubmaritimomelilla.es\/clmar\/wp-content\/uploads\/OPTIMIST-SUB11-3a-Maria-Aguilar-1-200x184.webp 200w, https:\/\/www.realclubmaritimomelilla.es\/clmar\/wp-content\/uploads\/OPTIMIST-SUB11-3a-Maria-Aguilar-1-300x275.webp 300w, https:\/\/www.realclubmaritimomelilla.es\/clmar\/wp-content\/uploads\/OPTIMIST-SUB11-3a-Maria-Aguilar-1-400x367.webp 400w, https:\/\/www.realclubmaritimomelilla.es\/clmar\/wp-content\/uploads\/OPTIMIST-SUB11-3a-Maria-Aguilar-1-600x551.webp 600w, https:\/\/www.realclubmaritimomelilla.es\/clmar\/wp-content\/uploads\/OPTIMIST-SUB11-3a-Maria-Aguilar-1-768x705.webp 768w, https:\/\/www.realclubmaritimomelilla.es\/clmar\/wp-content\/uploads\/OPTIMIST-SUB11-3a-Maria-Aguilar-1-800x734.webp 800w, https:\/\/www.realclubmaritimomelilla.es\/clmar\/wp-content\/uploads\/OPTIMIST-SUB11-3a-Maria-Aguilar-1-1024x940.webp 1024w, https:\/\/www.realclubmaritimomelilla.es\/clmar\/wp-content\/uploads\/OPTIMIST-SUB11-3a-Maria-Aguilar-1-1200x1101.webp 1200w, https:\/\/www.realclubmaritimomelilla.es\/clmar\/wp-content\/uploads\/OPTIMIST-SUB11-3a-Maria-Aguilar-1-1536x1410.webp 1536w, https:\/\/www.realclubmaritimomelilla.es\/clmar\/wp-content\/uploads\/OPTIMIST-SUB11-3a-Maria-Aguilar-1-scaled.webp 2560w\" sizes=\"(max-width: 2560px) 100vw, 2560px\" \/><\/a>\n\t\t\t<\/dt><\/dl><dl class='gallery-item'>\n\t\t\t<dt class='gallery-icon portrait'>\n\t\t\t\t<a data-rel=\"iLightbox[postimages]\" data-title=\"OPTIMIST SUB13 1\u00ba Amir Bouchankouk\" data-caption=\"\" href='https:\/\/www.realclubmaritimomelilla.es\/clmar\/clausura-memorial-comodoro-pinori\/optimist-sub13-1o-amir-bouchankouk\/'><img decoding=\"async\" width=\"2421\" height=\"2560\" src=\"https:\/\/www.realclubmaritimomelilla.es\/clmar\/wp-content\/uploads\/OPTIMIST-SUB13-1o-Amir-Bouchankouk-scaled.webp\" class=\"attachment-full size-full\" alt=\"\" srcset=\"https:\/\/www.realclubmaritimomelilla.es\/clmar\/wp-content\/uploads\/OPTIMIST-SUB13-1o-Amir-Bouchankouk-200x211.webp 200w, https:\/\/www.realclubmaritimomelilla.es\/clmar\/wp-content\/uploads\/OPTIMIST-SUB13-1o-Amir-Bouchankouk-284x300.webp 284w, https:\/\/www.realclubmaritimomelilla.es\/clmar\/wp-content\/uploads\/OPTIMIST-SUB13-1o-Amir-Bouchankouk-400x423.webp 400w, https:\/\/www.realclubmaritimomelilla.es\/clmar\/wp-content\/uploads\/OPTIMIST-SUB13-1o-Amir-Bouchankouk-600x634.webp 600w, https:\/\/www.realclubmaritimomelilla.es\/clmar\/wp-content\/uploads\/OPTIMIST-SUB13-1o-Amir-Bouchankouk-768x812.webp 768w, https:\/\/www.realclubmaritimomelilla.es\/clmar\/wp-content\/uploads\/OPTIMIST-SUB13-1o-Amir-Bouchankouk-800x846.webp 800w, https:\/\/www.realclubmaritimomelilla.es\/clmar\/wp-content\/uploads\/OPTIMIST-SUB13-1o-Amir-Bouchankouk-968x1024.webp 968w, https:\/\/www.realclubmaritimomelilla.es\/clmar\/wp-content\/uploads\/OPTIMIST-SUB13-1o-Amir-Bouchankouk-1200x1269.webp 1200w, https:\/\/www.realclubmaritimomelilla.es\/clmar\/wp-content\/uploads\/OPTIMIST-SUB13-1o-Amir-Bouchankouk-1453x1536.webp 1453w, https:\/\/www.realclubmaritimomelilla.es\/clmar\/wp-content\/uploads\/OPTIMIST-SUB13-1o-Amir-Bouchankouk-scaled.webp 2421w\" sizes=\"(max-width: 2421px) 100vw, 2421px\" \/><\/a>\n\t\t\t<\/dt><\/dl><dl class='gallery-item'>\n\t\t\t<dt class='gallery-icon portrait'>\n\t\t\t\t<a data-rel=\"iLightbox[postimages]\" data-title=\"OPTIMIST SUB13 2\u00aa Bela Tormo Garc\u00eda\" data-caption=\"\" href='https:\/\/www.realclubmaritimomelilla.es\/clmar\/clausura-memorial-comodoro-pinori\/optimist-sub13-2a-bela-tormo-garcia\/'><img decoding=\"async\" width=\"2138\" height=\"2560\" src=\"https:\/\/www.realclubmaritimomelilla.es\/clmar\/wp-content\/uploads\/OPTIMIST-SUB13-2a-Bela-Tormo-Garcia-scaled.webp\" class=\"attachment-full size-full\" alt=\"\" srcset=\"https:\/\/www.realclubmaritimomelilla.es\/clmar\/wp-content\/uploads\/OPTIMIST-SUB13-2a-Bela-Tormo-Garcia-200x239.webp 200w, https:\/\/www.realclubmaritimomelilla.es\/clmar\/wp-content\/uploads\/OPTIMIST-SUB13-2a-Bela-Tormo-Garcia-251x300.webp 251w, https:\/\/www.realclubmaritimomelilla.es\/clmar\/wp-content\/uploads\/OPTIMIST-SUB13-2a-Bela-Tormo-Garcia-400x479.webp 400w, https:\/\/www.realclubmaritimomelilla.es\/clmar\/wp-content\/uploads\/OPTIMIST-SUB13-2a-Bela-Tormo-Garcia-600x718.webp 600w, https:\/\/www.realclubmaritimomelilla.es\/clmar\/wp-content\/uploads\/OPTIMIST-SUB13-2a-Bela-Tormo-Garcia-768x920.webp 768w, https:\/\/www.realclubmaritimomelilla.es\/clmar\/wp-content\/uploads\/OPTIMIST-SUB13-2a-Bela-Tormo-Garcia-800x958.webp 800w, https:\/\/www.realclubmaritimomelilla.es\/clmar\/wp-content\/uploads\/OPTIMIST-SUB13-2a-Bela-Tormo-Garcia-855x1024.webp 855w, https:\/\/www.realclubmaritimomelilla.es\/clmar\/wp-content\/uploads\/OPTIMIST-SUB13-2a-Bela-Tormo-Garcia-1200x1437.webp 1200w, https:\/\/www.realclubmaritimomelilla.es\/clmar\/wp-content\/uploads\/OPTIMIST-SUB13-2a-Bela-Tormo-Garcia-1283x1536.webp 1283w, https:\/\/www.realclubmaritimomelilla.es\/clmar\/wp-content\/uploads\/OPTIMIST-SUB13-2a-Bela-Tormo-Garcia-1710x2048.webp 1710w, https:\/\/www.realclubmaritimomelilla.es\/clmar\/wp-content\/uploads\/OPTIMIST-SUB13-2a-Bela-Tormo-Garcia-scaled.webp 2138w\" sizes=\"(max-width: 2138px) 100vw, 2138px\" \/><\/a>\n\t\t\t<\/dt><\/dl><br style=\"clear: both\" \/><dl class='gallery-item'>\n\t\t\t<dt class='gallery-icon landscape'>\n\t\t\t\t<a data-rel=\"iLightbox[postimages]\" data-title=\"OPTIMIST SUB13 3\u00ba Aitana Robles\" data-caption=\"\" href='https:\/\/www.realclubmaritimomelilla.es\/clmar\/clausura-memorial-comodoro-pinori\/optimist-sub13-3o-aitana-robles\/'><img decoding=\"async\" width=\"2560\" height=\"2427\" src=\"https:\/\/www.realclubmaritimomelilla.es\/clmar\/wp-content\/uploads\/OPTIMIST-SUB13-3o-Aitana-Robles-scaled.webp\" class=\"attachment-full size-full\" alt=\"\" srcset=\"https:\/\/www.realclubmaritimomelilla.es\/clmar\/wp-content\/uploads\/OPTIMIST-SUB13-3o-Aitana-Robles-200x190.webp 200w, https:\/\/www.realclubmaritimomelilla.es\/clmar\/wp-content\/uploads\/OPTIMIST-SUB13-3o-Aitana-Robles-300x284.webp 300w, https:\/\/www.realclubmaritimomelilla.es\/clmar\/wp-content\/uploads\/OPTIMIST-SUB13-3o-Aitana-Robles-400x379.webp 400w, https:\/\/www.realclubmaritimomelilla.es\/clmar\/wp-content\/uploads\/OPTIMIST-SUB13-3o-Aitana-Robles-600x569.webp 600w, https:\/\/www.realclubmaritimomelilla.es\/clmar\/wp-content\/uploads\/OPTIMIST-SUB13-3o-Aitana-Robles-768x728.webp 768w, https:\/\/www.realclubmaritimomelilla.es\/clmar\/wp-content\/uploads\/OPTIMIST-SUB13-3o-Aitana-Robles-800x758.webp 800w, https:\/\/www.realclubmaritimomelilla.es\/clmar\/wp-content\/uploads\/OPTIMIST-SUB13-3o-Aitana-Robles-1024x971.webp 1024w, https:\/\/www.realclubmaritimomelilla.es\/clmar\/wp-content\/uploads\/OPTIMIST-SUB13-3o-Aitana-Robles-1200x1138.webp 1200w, https:\/\/www.realclubmaritimomelilla.es\/clmar\/wp-content\/uploads\/OPTIMIST-SUB13-3o-Aitana-Robles-1536x1456.webp 1536w, https:\/\/www.realclubmaritimomelilla.es\/clmar\/wp-content\/uploads\/OPTIMIST-SUB13-3o-Aitana-Robles-scaled.webp 2560w\" sizes=\"(max-width: 2560px) 100vw, 2560px\" \/><\/a>\n\t\t\t<\/dt><\/dl><dl class='gallery-item'>\n\t\t\t<dt class='gallery-icon landscape'>\n\t\t\t\t<a data-rel=\"iLightbox[postimages]\" data-title=\"PESCA CANTIL Mayor Peso (Angel Prada)\" data-caption=\"\" href='https:\/\/www.realclubmaritimomelilla.es\/clmar\/clausura-memorial-comodoro-pinori\/pesca-cantil-mayor-peso-angel-prada\/'><img decoding=\"async\" width=\"2560\" height=\"2251\" src=\"https:\/\/www.realclubmaritimomelilla.es\/clmar\/wp-content\/uploads\/PESCA-CANTIL-Mayor-Peso-Angel-Prada-scaled.webp\" class=\"attachment-full size-full\" alt=\"\" srcset=\"https:\/\/www.realclubmaritimomelilla.es\/clmar\/wp-content\/uploads\/PESCA-CANTIL-Mayor-Peso-Angel-Prada-200x176.webp 200w, https:\/\/www.realclubmaritimomelilla.es\/clmar\/wp-content\/uploads\/PESCA-CANTIL-Mayor-Peso-Angel-Prada-300x264.webp 300w, https:\/\/www.realclubmaritimomelilla.es\/clmar\/wp-content\/uploads\/PESCA-CANTIL-Mayor-Peso-Angel-Prada-400x352.webp 400w, https:\/\/www.realclubmaritimomelilla.es\/clmar\/wp-content\/uploads\/PESCA-CANTIL-Mayor-Peso-Angel-Prada-600x528.webp 600w, https:\/\/www.realclubmaritimomelilla.es\/clmar\/wp-content\/uploads\/PESCA-CANTIL-Mayor-Peso-Angel-Prada-768x675.webp 768w, https:\/\/www.realclubmaritimomelilla.es\/clmar\/wp-content\/uploads\/PESCA-CANTIL-Mayor-Peso-Angel-Prada-800x704.webp 800w, https:\/\/www.realclubmaritimomelilla.es\/clmar\/wp-content\/uploads\/PESCA-CANTIL-Mayor-Peso-Angel-Prada-1024x901.webp 1024w, https:\/\/www.realclubmaritimomelilla.es\/clmar\/wp-content\/uploads\/PESCA-CANTIL-Mayor-Peso-Angel-Prada-1200x1055.webp 1200w, https:\/\/www.realclubmaritimomelilla.es\/clmar\/wp-content\/uploads\/PESCA-CANTIL-Mayor-Peso-Angel-Prada-1536x1351.webp 1536w, https:\/\/www.realclubmaritimomelilla.es\/clmar\/wp-content\/uploads\/PESCA-CANTIL-Mayor-Peso-Angel-Prada-scaled.webp 2560w\" sizes=\"(max-width: 2560px) 100vw, 2560px\" \/><\/a>\n\t\t\t<\/dt><\/dl><dl class='gallery-item'>\n\t\t\t<dt class='gallery-icon landscape'>\n\t\t\t\t<a data-rel=\"iLightbox[postimages]\" data-title=\"PESCA EMBARCACI\u00d3N 1\u00ba Mayor N\u00famero Kilos (Miguel Manrique)\" data-caption=\"\" href='https:\/\/www.realclubmaritimomelilla.es\/clmar\/clausura-memorial-comodoro-pinori\/pesca-embarcacion-1o-mayor-numero-kilos-miguel-manrique\/'><img decoding=\"async\" width=\"2560\" height=\"2288\" src=\"https:\/\/www.realclubmaritimomelilla.es\/clmar\/wp-content\/uploads\/PESCA-EMBARCACION-1o-Mayor-Numero-Kilos-Miguel-Manrique--scaled.webp\" class=\"attachment-full size-full\" alt=\"\" srcset=\"https:\/\/www.realclubmaritimomelilla.es\/clmar\/wp-content\/uploads\/PESCA-EMBARCACION-1o-Mayor-Numero-Kilos-Miguel-Manrique--200x179.webp 200w, https:\/\/www.realclubmaritimomelilla.es\/clmar\/wp-content\/uploads\/PESCA-EMBARCACION-1o-Mayor-Numero-Kilos-Miguel-Manrique--300x268.webp 300w, https:\/\/www.realclubmaritimomelilla.es\/clmar\/wp-content\/uploads\/PESCA-EMBARCACION-1o-Mayor-Numero-Kilos-Miguel-Manrique--400x357.webp 400w, https:\/\/www.realclubmaritimomelilla.es\/clmar\/wp-content\/uploads\/PESCA-EMBARCACION-1o-Mayor-Numero-Kilos-Miguel-Manrique--600x536.webp 600w, https:\/\/www.realclubmaritimomelilla.es\/clmar\/wp-content\/uploads\/PESCA-EMBARCACION-1o-Mayor-Numero-Kilos-Miguel-Manrique--768x686.webp 768w, https:\/\/www.realclubmaritimomelilla.es\/clmar\/wp-content\/uploads\/PESCA-EMBARCACION-1o-Mayor-Numero-Kilos-Miguel-Manrique--800x715.webp 800w, https:\/\/www.realclubmaritimomelilla.es\/clmar\/wp-content\/uploads\/PESCA-EMBARCACION-1o-Mayor-Numero-Kilos-Miguel-Manrique--1024x915.webp 1024w, https:\/\/www.realclubmaritimomelilla.es\/clmar\/wp-content\/uploads\/PESCA-EMBARCACION-1o-Mayor-Numero-Kilos-Miguel-Manrique--1200x1072.webp 1200w, https:\/\/www.realclubmaritimomelilla.es\/clmar\/wp-content\/uploads\/PESCA-EMBARCACION-1o-Mayor-Numero-Kilos-Miguel-Manrique--1536x1373.webp 1536w, https:\/\/www.realclubmaritimomelilla.es\/clmar\/wp-content\/uploads\/PESCA-EMBARCACION-1o-Mayor-Numero-Kilos-Miguel-Manrique--scaled.webp 2560w\" sizes=\"(max-width: 2560px) 100vw, 2560px\" \/><\/a>\n\t\t\t<\/dt><\/dl><br style=\"clear: both\" \/><dl class='gallery-item'>\n\t\t\t<dt class='gallery-icon landscape'>\n\t\t\t\t<a data-rel=\"iLightbox[postimages]\" data-title=\"PESCA EMBARCACI\u00d3N 2\u00ba Mayor N\u00famero Kilos (Antonio P\u00e9rez y Luis Cruz)\" data-caption=\"\" href='https:\/\/www.realclubmaritimomelilla.es\/clmar\/clausura-memorial-comodoro-pinori\/pesca-embarcacion-2o-mayor-numero-kilos-antonio-perez-y-luis-cruz\/'><img decoding=\"async\" width=\"2560\" height=\"1840\" src=\"https:\/\/www.realclubmaritimomelilla.es\/clmar\/wp-content\/uploads\/PESCA-EMBARCACION-2o-Mayor-Numero-Kilos-Antonio-Perez-y-Luis-Cruz-scaled.webp\" class=\"attachment-full size-full\" alt=\"\" srcset=\"https:\/\/www.realclubmaritimomelilla.es\/clmar\/wp-content\/uploads\/PESCA-EMBARCACION-2o-Mayor-Numero-Kilos-Antonio-Perez-y-Luis-Cruz-200x144.webp 200w, https:\/\/www.realclubmaritimomelilla.es\/clmar\/wp-content\/uploads\/PESCA-EMBARCACION-2o-Mayor-Numero-Kilos-Antonio-Perez-y-Luis-Cruz-300x216.webp 300w, https:\/\/www.realclubmaritimomelilla.es\/clmar\/wp-content\/uploads\/PESCA-EMBARCACION-2o-Mayor-Numero-Kilos-Antonio-Perez-y-Luis-Cruz-400x288.webp 400w, https:\/\/www.realclubmaritimomelilla.es\/clmar\/wp-content\/uploads\/PESCA-EMBARCACION-2o-Mayor-Numero-Kilos-Antonio-Perez-y-Luis-Cruz-600x431.webp 600w, https:\/\/www.realclubmaritimomelilla.es\/clmar\/wp-content\/uploads\/PESCA-EMBARCACION-2o-Mayor-Numero-Kilos-Antonio-Perez-y-Luis-Cruz-768x552.webp 768w, https:\/\/www.realclubmaritimomelilla.es\/clmar\/wp-content\/uploads\/PESCA-EMBARCACION-2o-Mayor-Numero-Kilos-Antonio-Perez-y-Luis-Cruz-800x575.webp 800w, https:\/\/www.realclubmaritimomelilla.es\/clmar\/wp-content\/uploads\/PESCA-EMBARCACION-2o-Mayor-Numero-Kilos-Antonio-Perez-y-Luis-Cruz-1024x736.webp 1024w, https:\/\/www.realclubmaritimomelilla.es\/clmar\/wp-content\/uploads\/PESCA-EMBARCACION-2o-Mayor-Numero-Kilos-Antonio-Perez-y-Luis-Cruz-1200x863.webp 1200w, https:\/\/www.realclubmaritimomelilla.es\/clmar\/wp-content\/uploads\/PESCA-EMBARCACION-2o-Mayor-Numero-Kilos-Antonio-Perez-y-Luis-Cruz-1536x1104.webp 1536w, https:\/\/www.realclubmaritimomelilla.es\/clmar\/wp-content\/uploads\/PESCA-EMBARCACION-2o-Mayor-Numero-Kilos-Antonio-Perez-y-Luis-Cruz-scaled.webp 2560w\" sizes=\"(max-width: 2560px) 100vw, 2560px\" \/><\/a>\n\t\t\t<\/dt><\/dl><dl class='gallery-item'>\n\t\t\t<dt class='gallery-icon landscape'>\n\t\t\t\t<a data-rel=\"iLightbox[postimages]\" data-title=\"PESCA EMBARCACI\u00d3N Pieza Mayor (Pablo Ruiz)\" data-caption=\"\" href='https:\/\/www.realclubmaritimomelilla.es\/clmar\/clausura-memorial-comodoro-pinori\/pesca-embarcacion-pieza-mayor-pablo-ruiz\/'><img decoding=\"async\" width=\"2560\" height=\"2043\" src=\"https:\/\/www.realclubmaritimomelilla.es\/clmar\/wp-content\/uploads\/PESCA-EMBARCACION-Pieza-Mayor-Pablo-Ruiz-scaled.webp\" class=\"attachment-full size-full\" alt=\"\" srcset=\"https:\/\/www.realclubmaritimomelilla.es\/clmar\/wp-content\/uploads\/PESCA-EMBARCACION-Pieza-Mayor-Pablo-Ruiz-177x142.webp 177w, https:\/\/www.realclubmaritimomelilla.es\/clmar\/wp-content\/uploads\/PESCA-EMBARCACION-Pieza-Mayor-Pablo-Ruiz-200x160.webp 200w, https:\/\/www.realclubmaritimomelilla.es\/clmar\/wp-content\/uploads\/PESCA-EMBARCACION-Pieza-Mayor-Pablo-Ruiz-300x239.webp 300w, https:\/\/www.realclubmaritimomelilla.es\/clmar\/wp-content\/uploads\/PESCA-EMBARCACION-Pieza-Mayor-Pablo-Ruiz-400x319.webp 400w, https:\/\/www.realclubmaritimomelilla.es\/clmar\/wp-content\/uploads\/PESCA-EMBARCACION-Pieza-Mayor-Pablo-Ruiz-600x479.webp 600w, https:\/\/www.realclubmaritimomelilla.es\/clmar\/wp-content\/uploads\/PESCA-EMBARCACION-Pieza-Mayor-Pablo-Ruiz-768x613.webp 768w, https:\/\/www.realclubmaritimomelilla.es\/clmar\/wp-content\/uploads\/PESCA-EMBARCACION-Pieza-Mayor-Pablo-Ruiz-800x638.webp 800w, https:\/\/www.realclubmaritimomelilla.es\/clmar\/wp-content\/uploads\/PESCA-EMBARCACION-Pieza-Mayor-Pablo-Ruiz-1024x817.webp 1024w, https:\/\/www.realclubmaritimomelilla.es\/clmar\/wp-content\/uploads\/PESCA-EMBARCACION-Pieza-Mayor-Pablo-Ruiz-1200x957.webp 1200w, https:\/\/www.realclubmaritimomelilla.es\/clmar\/wp-content\/uploads\/PESCA-EMBARCACION-Pieza-Mayor-Pablo-Ruiz-1536x1226.webp 1536w, https:\/\/www.realclubmaritimomelilla.es\/clmar\/wp-content\/uploads\/PESCA-EMBARCACION-Pieza-Mayor-Pablo-Ruiz-scaled.webp 2560w\" sizes=\"(max-width: 2560px) 100vw, 2560px\" \/><\/a>\n\t\t\t<\/dt><\/dl><dl class='gallery-item'>\n\t\t\t<dt class='gallery-icon landscape'>\n\t\t\t\t<a data-rel=\"iLightbox[postimages]\" data-title=\"PESCA EN CANTIL Mayor Numero de Piezas (Miguel Manrique)\" data-caption=\"\" href='https:\/\/www.realclubmaritimomelilla.es\/clmar\/clausura-memorial-comodoro-pinori\/pesca-en-cantil-mayor-numero-de-piezas-miguel-manrique\/'><img decoding=\"async\" width=\"2560\" height=\"2318\" src=\"https:\/\/www.realclubmaritimomelilla.es\/clmar\/wp-content\/uploads\/PESCA-EN-CANTIL-Mayor-Numero-de-Piezas-Miguel-Manrique-scaled.webp\" class=\"attachment-full size-full\" alt=\"\" srcset=\"https:\/\/www.realclubmaritimomelilla.es\/clmar\/wp-content\/uploads\/PESCA-EN-CANTIL-Mayor-Numero-de-Piezas-Miguel-Manrique-200x181.webp 200w, https:\/\/www.realclubmaritimomelilla.es\/clmar\/wp-content\/uploads\/PESCA-EN-CANTIL-Mayor-Numero-de-Piezas-Miguel-Manrique-300x272.webp 300w, https:\/\/www.realclubmaritimomelilla.es\/clmar\/wp-content\/uploads\/PESCA-EN-CANTIL-Mayor-Numero-de-Piezas-Miguel-Manrique-400x362.webp 400w, https:\/\/www.realclubmaritimomelilla.es\/clmar\/wp-content\/uploads\/PESCA-EN-CANTIL-Mayor-Numero-de-Piezas-Miguel-Manrique-600x543.webp 600w, https:\/\/www.realclubmaritimomelilla.es\/clmar\/wp-content\/uploads\/PESCA-EN-CANTIL-Mayor-Numero-de-Piezas-Miguel-Manrique-768x695.webp 768w, https:\/\/www.realclubmaritimomelilla.es\/clmar\/wp-content\/uploads\/PESCA-EN-CANTIL-Mayor-Numero-de-Piezas-Miguel-Manrique-800x724.webp 800w, https:\/\/www.realclubmaritimomelilla.es\/clmar\/wp-content\/uploads\/PESCA-EN-CANTIL-Mayor-Numero-de-Piezas-Miguel-Manrique-1024x927.webp 1024w, https:\/\/www.realclubmaritimomelilla.es\/clmar\/wp-content\/uploads\/PESCA-EN-CANTIL-Mayor-Numero-de-Piezas-Miguel-Manrique-1200x1087.webp 1200w, https:\/\/www.realclubmaritimomelilla.es\/clmar\/wp-content\/uploads\/PESCA-EN-CANTIL-Mayor-Numero-de-Piezas-Miguel-Manrique-1536x1391.webp 1536w, https:\/\/www.realclubmaritimomelilla.es\/clmar\/wp-content\/uploads\/PESCA-EN-CANTIL-Mayor-Numero-de-Piezas-Miguel-Manrique-scaled.webp 2560w\" sizes=\"(max-width: 2560px) 100vw, 2560px\" \/><\/a>\n\t\t\t<\/dt><\/dl><br style=\"clear: both\" \/><dl class='gallery-item'>\n\t\t\t<dt class='gallery-icon landscape'>\n\t\t\t\t<a data-rel=\"iLightbox[postimages]\" data-title=\"SNIPE 1\u00ba\" data-caption=\"\" href='https:\/\/www.realclubmaritimomelilla.es\/clmar\/clausura-memorial-comodoro-pinori\/snipe-1o-2\/'><img decoding=\"async\" width=\"2560\" height=\"1794\" src=\"https:\/\/www.realclubmaritimomelilla.es\/clmar\/wp-content\/uploads\/SNIPE-1o-1-scaled.webp\" class=\"attachment-full size-full\" alt=\"\" srcset=\"https:\/\/www.realclubmaritimomelilla.es\/clmar\/wp-content\/uploads\/SNIPE-1o-1-200x140.webp 200w, https:\/\/www.realclubmaritimomelilla.es\/clmar\/wp-content\/uploads\/SNIPE-1o-1-300x210.webp 300w, https:\/\/www.realclubmaritimomelilla.es\/clmar\/wp-content\/uploads\/SNIPE-1o-1-400x280.webp 400w, https:\/\/www.realclubmaritimomelilla.es\/clmar\/wp-content\/uploads\/SNIPE-1o-1-600x420.webp 600w, https:\/\/www.realclubmaritimomelilla.es\/clmar\/wp-content\/uploads\/SNIPE-1o-1-768x538.webp 768w, https:\/\/www.realclubmaritimomelilla.es\/clmar\/wp-content\/uploads\/SNIPE-1o-1-800x561.webp 800w, https:\/\/www.realclubmaritimomelilla.es\/clmar\/wp-content\/uploads\/SNIPE-1o-1-1024x717.webp 1024w, https:\/\/www.realclubmaritimomelilla.es\/clmar\/wp-content\/uploads\/SNIPE-1o-1-1200x841.webp 1200w, https:\/\/www.realclubmaritimomelilla.es\/clmar\/wp-content\/uploads\/SNIPE-1o-1-1536x1076.webp 1536w, https:\/\/www.realclubmaritimomelilla.es\/clmar\/wp-content\/uploads\/SNIPE-1o-1-scaled.webp 2560w\" sizes=\"(max-width: 2560px) 100vw, 2560px\" \/><\/a>\n\t\t\t<\/dt><\/dl><dl class='gallery-item'>\n\t\t\t<dt class='gallery-icon landscape'>\n\t\t\t\t<a data-rel=\"iLightbox[postimages]\" data-title=\"SNIPE 2\u00ba\" data-caption=\"\" href='https:\/\/www.realclubmaritimomelilla.es\/clmar\/clausura-memorial-comodoro-pinori\/snipe-2o-2\/'><img decoding=\"async\" width=\"2560\" height=\"1669\" src=\"https:\/\/www.realclubmaritimomelilla.es\/clmar\/wp-content\/uploads\/SNIPE-2o-1-scaled.webp\" class=\"attachment-full size-full\" alt=\"\" srcset=\"https:\/\/www.realclubmaritimomelilla.es\/clmar\/wp-content\/uploads\/SNIPE-2o-1-200x130.webp 200w, https:\/\/www.realclubmaritimomelilla.es\/clmar\/wp-content\/uploads\/SNIPE-2o-1-300x196.webp 300w, https:\/\/www.realclubmaritimomelilla.es\/clmar\/wp-content\/uploads\/SNIPE-2o-1-400x261.webp 400w, https:\/\/www.realclubmaritimomelilla.es\/clmar\/wp-content\/uploads\/SNIPE-2o-1-600x391.webp 600w, https:\/\/www.realclubmaritimomelilla.es\/clmar\/wp-content\/uploads\/SNIPE-2o-1-768x501.webp 768w, https:\/\/www.realclubmaritimomelilla.es\/clmar\/wp-content\/uploads\/SNIPE-2o-1-800x522.webp 800w, https:\/\/www.realclubmaritimomelilla.es\/clmar\/wp-content\/uploads\/SNIPE-2o-1-1024x668.webp 1024w, https:\/\/www.realclubmaritimomelilla.es\/clmar\/wp-content\/uploads\/SNIPE-2o-1-1200x783.webp 1200w, https:\/\/www.realclubmaritimomelilla.es\/clmar\/wp-content\/uploads\/SNIPE-2o-1-1536x1002.webp 1536w, https:\/\/www.realclubmaritimomelilla.es\/clmar\/wp-content\/uploads\/SNIPE-2o-1-scaled.webp 2560w\" sizes=\"(max-width: 2560px) 100vw, 2560px\" \/><\/a>\n\t\t\t<\/dt><\/dl><dl class='gallery-item'>\n\t\t\t<dt class='gallery-icon landscape'>\n\t\t\t\t<a data-rel=\"iLightbox[postimages]\" data-title=\"SNIPE 3\u00ba\" data-caption=\"\" href='https:\/\/www.realclubmaritimomelilla.es\/clmar\/clausura-memorial-comodoro-pinori\/snipe-3o-2\/'><img decoding=\"async\" width=\"2560\" height=\"1932\" src=\"https:\/\/www.realclubmaritimomelilla.es\/clmar\/wp-content\/uploads\/SNIPE-3o-1-scaled.webp\" class=\"attachment-full size-full\" alt=\"\" srcset=\"https:\/\/www.realclubmaritimomelilla.es\/clmar\/wp-content\/uploads\/SNIPE-3o-1-200x151.webp 200w, https:\/\/www.realclubmaritimomelilla.es\/clmar\/wp-content\/uploads\/SNIPE-3o-1-300x226.webp 300w, https:\/\/www.realclubmaritimomelilla.es\/clmar\/wp-content\/uploads\/SNIPE-3o-1-400x302.webp 400w, https:\/\/www.realclubmaritimomelilla.es\/clmar\/wp-content\/uploads\/SNIPE-3o-1-600x453.webp 600w, https:\/\/www.realclubmaritimomelilla.es\/clmar\/wp-content\/uploads\/SNIPE-3o-1-768x580.webp 768w, https:\/\/www.realclubmaritimomelilla.es\/clmar\/wp-content\/uploads\/SNIPE-3o-1-800x604.webp 800w, https:\/\/www.realclubmaritimomelilla.es\/clmar\/wp-content\/uploads\/SNIPE-3o-1-1024x773.webp 1024w, https:\/\/www.realclubmaritimomelilla.es\/clmar\/wp-content\/uploads\/SNIPE-3o-1-1200x906.webp 1200w, https:\/\/www.realclubmaritimomelilla.es\/clmar\/wp-content\/uploads\/SNIPE-3o-1-1536x1159.webp 1536w, https:\/\/www.realclubmaritimomelilla.es\/clmar\/wp-content\/uploads\/SNIPE-3o-1-scaled.webp 2560w\" sizes=\"(max-width: 2560px) 100vw, 2560px\" \/><\/a>\n\t\t\t<\/dt><\/dl><br style=\"clear: both\" \/><dl class='gallery-item'>\n\t\t\t<dt class='gallery-icon landscape'>\n\t\t\t\t<a data-rel=\"iLightbox[postimages]\" data-title=\"VELA LIGERA GENERAL 1\u00ba Pablo Rivas y Alba Mu\u00f1oz (snipe)\" data-caption=\"\" href='https:\/\/www.realclubmaritimomelilla.es\/clmar\/clausura-memorial-comodoro-pinori\/vela-ligera-general-1o-pablo-rivas-y-alba-munoz-snipe\/'><img decoding=\"async\" width=\"2560\" height=\"2049\" src=\"https:\/\/www.realclubmaritimomelilla.es\/clmar\/wp-content\/uploads\/VELA-LIGERA-GENERAL-1o-Pablo-Rivas-y-Alba-Munoz-snipe-scaled.webp\" class=\"attachment-full size-full\" alt=\"\" srcset=\"https:\/\/www.realclubmaritimomelilla.es\/clmar\/wp-content\/uploads\/VELA-LIGERA-GENERAL-1o-Pablo-Rivas-y-Alba-Munoz-snipe-177x142.webp 177w, https:\/\/www.realclubmaritimomelilla.es\/clmar\/wp-content\/uploads\/VELA-LIGERA-GENERAL-1o-Pablo-Rivas-y-Alba-Munoz-snipe-200x160.webp 200w, https:\/\/www.realclubmaritimomelilla.es\/clmar\/wp-content\/uploads\/VELA-LIGERA-GENERAL-1o-Pablo-Rivas-y-Alba-Munoz-snipe-300x240.webp 300w, https:\/\/www.realclubmaritimomelilla.es\/clmar\/wp-content\/uploads\/VELA-LIGERA-GENERAL-1o-Pablo-Rivas-y-Alba-Munoz-snipe-400x320.webp 400w, https:\/\/www.realclubmaritimomelilla.es\/clmar\/wp-content\/uploads\/VELA-LIGERA-GENERAL-1o-Pablo-Rivas-y-Alba-Munoz-snipe-600x480.webp 600w, https:\/\/www.realclubmaritimomelilla.es\/clmar\/wp-content\/uploads\/VELA-LIGERA-GENERAL-1o-Pablo-Rivas-y-Alba-Munoz-snipe-768x615.webp 768w, https:\/\/www.realclubmaritimomelilla.es\/clmar\/wp-content\/uploads\/VELA-LIGERA-GENERAL-1o-Pablo-Rivas-y-Alba-Munoz-snipe-800x640.webp 800w, https:\/\/www.realclubmaritimomelilla.es\/clmar\/wp-content\/uploads\/VELA-LIGERA-GENERAL-1o-Pablo-Rivas-y-Alba-Munoz-snipe-1024x820.webp 1024w, https:\/\/www.realclubmaritimomelilla.es\/clmar\/wp-content\/uploads\/VELA-LIGERA-GENERAL-1o-Pablo-Rivas-y-Alba-Munoz-snipe-1200x961.webp 1200w, https:\/\/www.realclubmaritimomelilla.es\/clmar\/wp-content\/uploads\/VELA-LIGERA-GENERAL-1o-Pablo-Rivas-y-Alba-Munoz-snipe-1536x1230.webp 1536w, https:\/\/www.realclubmaritimomelilla.es\/clmar\/wp-content\/uploads\/VELA-LIGERA-GENERAL-1o-Pablo-Rivas-y-Alba-Munoz-snipe-scaled.webp 2560w\" sizes=\"(max-width: 2560px) 100vw, 2560px\" \/><\/a>\n\t\t\t<\/dt><\/dl><dl class='gallery-item'>\n\t\t\t<dt class='gallery-icon landscape'>\n\t\t\t\t<a data-rel=\"iLightbox[postimages]\" data-title=\"VELA LIGERA GENERAL 2\u00ba Miguel Angel Tormo Garc\u00eda (optimist)\" data-caption=\"\" href='https:\/\/www.realclubmaritimomelilla.es\/clmar\/clausura-memorial-comodoro-pinori\/vela-ligera-general-2o-miguel-angel-tormo-garcia-optimist\/'><img decoding=\"async\" width=\"2560\" height=\"2376\" src=\"https:\/\/www.realclubmaritimomelilla.es\/clmar\/wp-content\/uploads\/VELA-LIGERA-GENERAL-2o-Miguel-Angel-Tormo-Garcia-optimist-scaled.webp\" class=\"attachment-full size-full\" alt=\"\" srcset=\"https:\/\/www.realclubmaritimomelilla.es\/clmar\/wp-content\/uploads\/VELA-LIGERA-GENERAL-2o-Miguel-Angel-Tormo-Garcia-optimist-200x186.webp 200w, https:\/\/www.realclubmaritimomelilla.es\/clmar\/wp-content\/uploads\/VELA-LIGERA-GENERAL-2o-Miguel-Angel-Tormo-Garcia-optimist-300x278.webp 300w, https:\/\/www.realclubmaritimomelilla.es\/clmar\/wp-content\/uploads\/VELA-LIGERA-GENERAL-2o-Miguel-Angel-Tormo-Garcia-optimist-400x371.webp 400w, https:\/\/www.realclubmaritimomelilla.es\/clmar\/wp-content\/uploads\/VELA-LIGERA-GENERAL-2o-Miguel-Angel-Tormo-Garcia-optimist-600x557.webp 600w, https:\/\/www.realclubmaritimomelilla.es\/clmar\/wp-content\/uploads\/VELA-LIGERA-GENERAL-2o-Miguel-Angel-Tormo-Garcia-optimist-768x713.webp 768w, https:\/\/www.realclubmaritimomelilla.es\/clmar\/wp-content\/uploads\/VELA-LIGERA-GENERAL-2o-Miguel-Angel-Tormo-Garcia-optimist-800x743.webp 800w, https:\/\/www.realclubmaritimomelilla.es\/clmar\/wp-content\/uploads\/VELA-LIGERA-GENERAL-2o-Miguel-Angel-Tormo-Garcia-optimist-1024x950.webp 1024w, https:\/\/www.realclubmaritimomelilla.es\/clmar\/wp-content\/uploads\/VELA-LIGERA-GENERAL-2o-Miguel-Angel-Tormo-Garcia-optimist-1200x1114.webp 1200w, https:\/\/www.realclubmaritimomelilla.es\/clmar\/wp-content\/uploads\/VELA-LIGERA-GENERAL-2o-Miguel-Angel-Tormo-Garcia-optimist-1536x1426.webp 1536w, https:\/\/www.realclubmaritimomelilla.es\/clmar\/wp-content\/uploads\/VELA-LIGERA-GENERAL-2o-Miguel-Angel-Tormo-Garcia-optimist-scaled.webp 2560w\" sizes=\"(max-width: 2560px) 100vw, 2560px\" \/><\/a>\n\t\t\t<\/dt><\/dl><dl class='gallery-item'>\n\t\t\t<dt class='gallery-icon landscape'>\n\t\t\t\t<a data-rel=\"iLightbox[postimages]\" data-title=\"VELA LIGERA GENERAL 3\u00ba Adri\u00e1n Robles (optimist)\" data-caption=\"\" href='https:\/\/www.realclubmaritimomelilla.es\/clmar\/clausura-memorial-comodoro-pinori\/vela-ligera-general-3o-adrian-robles-optimist\/'><img decoding=\"async\" width=\"2560\" height=\"2488\" src=\"https:\/\/www.realclubmaritimomelilla.es\/clmar\/wp-content\/uploads\/VELA-LIGERA-GENERAL-3o-Adrian-Robles-optimist-scaled.webp\" class=\"attachment-full size-full\" alt=\"\" srcset=\"https:\/\/www.realclubmaritimomelilla.es\/clmar\/wp-content\/uploads\/VELA-LIGERA-GENERAL-3o-Adrian-Robles-optimist-200x194.webp 200w, https:\/\/www.realclubmaritimomelilla.es\/clmar\/wp-content\/uploads\/VELA-LIGERA-GENERAL-3o-Adrian-Robles-optimist-300x292.webp 300w, https:\/\/www.realclubmaritimomelilla.es\/clmar\/wp-content\/uploads\/VELA-LIGERA-GENERAL-3o-Adrian-Robles-optimist-400x389.webp 400w, https:\/\/www.realclubmaritimomelilla.es\/clmar\/wp-content\/uploads\/VELA-LIGERA-GENERAL-3o-Adrian-Robles-optimist-600x583.webp 600w, https:\/\/www.realclubmaritimomelilla.es\/clmar\/wp-content\/uploads\/VELA-LIGERA-GENERAL-3o-Adrian-Robles-optimist-768x746.webp 768w, https:\/\/www.realclubmaritimomelilla.es\/clmar\/wp-content\/uploads\/VELA-LIGERA-GENERAL-3o-Adrian-Robles-optimist-800x777.webp 800w, https:\/\/www.realclubmaritimomelilla.es\/clmar\/wp-content\/uploads\/VELA-LIGERA-GENERAL-3o-Adrian-Robles-optimist-1024x995.webp 1024w, https:\/\/www.realclubmaritimomelilla.es\/clmar\/wp-content\/uploads\/VELA-LIGERA-GENERAL-3o-Adrian-Robles-optimist-1200x1166.webp 1200w, https:\/\/www.realclubmaritimomelilla.es\/clmar\/wp-content\/uploads\/VELA-LIGERA-GENERAL-3o-Adrian-Robles-optimist-1536x1493.webp 1536w, https:\/\/www.realclubmaritimomelilla.es\/clmar\/wp-content\/uploads\/VELA-LIGERA-GENERAL-3o-Adrian-Robles-optimist-scaled.webp 2560w\" sizes=\"(max-width: 2560px) 100vw, 2560px\" \/><\/a>\n\t\t\t<\/dt><\/dl><br style=\"clear: both\" \/>\n\t\t<\/div>\n\n","protected":false},"excerpt":{"rendered":"<p>El Real Club Mar\u00edtimo de Melilla ha clausurado una nueva edici\u00f3n del Memorial Antonio P\u00e9rez &#8216;Comodo Pinori&#8217; que en este a\u00f1o 2025, ha alcanzado la d\u00e9cimo cuarta edici\u00f3n del Trofeo de Vela y, como novedad, la primera del campeonato de pesca. El vicepresidente Adolfo Ortiz de Z\u00e1rate, junto a varios miembros de la junta directiva, [&hellip;]<\/p>\n","protected":false},"author":1,"featured_media":26814,"comment_status":"open","ping_status":"open","sticky":false,"template":"","format":"standard","meta":{"_acf_changed":false,"footnotes":""},"categories":[38,67],"tags":[],"class_list":["post-26807","post","type-post","status-publish","format-standard","has-post-thumbnail","hentry","category-nautica","category-pesca"],"acf":[],"yoast_head":"<!-- This site is optimized with the Yoast SEO plugin v27.5 - https:\/\/yoast.com\/product\/yoast-seo-wordpress\/ -->\n<title>Clausura Memorial &#039;Comodoro Pinori&#039; - Real Club Mar\u00edtimo de Melilla<\/title>\n<meta name=\"description\" content=\"Adolfo Ortiz de Z\u00e1rate, junto a varios miembros de la junta directiva, fueron los encargados de entregar los premios y recordar la figura de Antonio P\u00e9rez\" \/>\n<meta name=\"robots\" content=\"index, follow, max-snippet:-1, max-image-preview:large, max-video-preview:-1\" \/>\n<link rel=\"canonical\" href=\"https:\/\/www.realclubmaritimomelilla.es\/clmar\/clausura-memorial-comodoro-pinori\/\" \/>\n<meta property=\"og:locale\" content=\"es_ES\" \/>\n<meta property=\"og:type\" content=\"article\" \/>\n<meta property=\"og:title\" content=\"Clausura Memorial &#039;Comodoro Pinori&#039; - Real Club Mar\u00edtimo de Melilla\" \/>\n<meta property=\"og:description\" content=\"Adolfo Ortiz de Z\u00e1rate, junto a varios miembros de la junta directiva, fueron los encargados de entregar los premios y recordar la figura de Antonio P\u00e9rez\" \/>\n<meta property=\"og:url\" content=\"https:\/\/www.realclubmaritimomelilla.es\/clmar\/clausura-memorial-comodoro-pinori\/\" \/>\n<meta property=\"og:site_name\" content=\"Real Club Mar\u00edtimo de Melilla\" \/>\n<meta property=\"article:publisher\" content=\"https:\/\/www.facebook.com\/Real-Club-Mar%c3%adtimo-de-Melilla-588495841234214\/\" \/>\n<meta property=\"article:published_time\" content=\"2025-12-01T07:32:40+00:00\" \/>\n<meta property=\"article:modified_time\" content=\"2025-12-04T07:36:00+00:00\" \/>\n<meta property=\"og:image\" content=\"https:\/\/www.realclubmaritimomelilla.es\/clmar\/wp-content\/uploads\/FLOTA-8.webp\" \/>\n\t<meta property=\"og:image:width\" content=\"1344\" \/>\n\t<meta property=\"og:image:height\" content=\"660\" \/>\n\t<meta property=\"og:image:type\" content=\"image\/jpeg\" \/>\n<meta name=\"author\" content=\"RCMMelilla\" \/>\n<meta name=\"twitter:card\" content=\"summary_large_image\" \/>\n<meta name=\"twitter:creator\" content=\"@nauticarcmm\" \/>\n<meta name=\"twitter:site\" content=\"@nauticarcmm\" \/>\n<meta name=\"twitter:label1\" content=\"Escrito por\" \/>\n\t<meta name=\"twitter:data1\" content=\"RCMMelilla\" \/>\n\t<meta name=\"twitter:label2\" content=\"Tiempo de lectura\" \/>\n\t<meta name=\"twitter:data2\" content=\"2 minutos\" \/>\n<script type=\"application\/ld+json\" class=\"yoast-schema-graph\">{\"@context\":\"https:\\\/\\\/schema.org\",\"@graph\":[{\"@type\":\"Article\",\"@id\":\"https:\\\/\\\/www.realclubmaritimomelilla.es\\\/clmar\\\/clausura-memorial-comodoro-pinori\\\/#article\",\"isPartOf\":{\"@id\":\"https:\\\/\\\/www.realclubmaritimomelilla.es\\\/clmar\\\/clausura-memorial-comodoro-pinori\\\/\"},\"author\":{\"name\":\"RCMMelilla\",\"@id\":\"https:\\\/\\\/www.realclubmaritimomelilla.es\\\/clmar\\\/#\\\/schema\\\/person\\\/ebaa3713496dc6d48c872452e73a8e79\"},\"headline\":\"Clausura Memorial &#8216;Comodoro Pinori&#8217;\",\"datePublished\":\"2025-12-01T07:32:40+00:00\",\"dateModified\":\"2025-12-04T07:36:00+00:00\",\"mainEntityOfPage\":{\"@id\":\"https:\\\/\\\/www.realclubmaritimomelilla.es\\\/clmar\\\/clausura-memorial-comodoro-pinori\\\/\"},\"wordCount\":393,\"commentCount\":0,\"publisher\":{\"@id\":\"https:\\\/\\\/www.realclubmaritimomelilla.es\\\/clmar\\\/#organization\"},\"image\":{\"@id\":\"https:\\\/\\\/www.realclubmaritimomelilla.es\\\/clmar\\\/clausura-memorial-comodoro-pinori\\\/#primaryimage\"},\"thumbnailUrl\":\"https:\\\/\\\/www.realclubmaritimomelilla.es\\\/clmar\\\/wp-content\\\/uploads\\\/FLOTA-8.webp\",\"articleSection\":[\"N\u00e1utica\",\"Pesca\"],\"inLanguage\":\"es\",\"potentialAction\":[{\"@type\":\"CommentAction\",\"name\":\"Comment\",\"target\":[\"https:\\\/\\\/www.realclubmaritimomelilla.es\\\/clmar\\\/clausura-memorial-comodoro-pinori\\\/#respond\"]}]},{\"@type\":\"WebPage\",\"@id\":\"https:\\\/\\\/www.realclubmaritimomelilla.es\\\/clmar\\\/clausura-memorial-comodoro-pinori\\\/\",\"url\":\"https:\\\/\\\/www.realclubmaritimomelilla.es\\\/clmar\\\/clausura-memorial-comodoro-pinori\\\/\",\"name\":\"Clausura Memorial 'Comodoro Pinori' - Real Club Mar\u00edtimo de Melilla\",\"isPartOf\":{\"@id\":\"https:\\\/\\\/www.realclubmaritimomelilla.es\\\/clmar\\\/#website\"},\"primaryImageOfPage\":{\"@id\":\"https:\\\/\\\/www.realclubmaritimomelilla.es\\\/clmar\\\/clausura-memorial-comodoro-pinori\\\/#primaryimage\"},\"image\":{\"@id\":\"https:\\\/\\\/www.realclubmaritimomelilla.es\\\/clmar\\\/clausura-memorial-comodoro-pinori\\\/#primaryimage\"},\"thumbnailUrl\":\"https:\\\/\\\/www.realclubmaritimomelilla.es\\\/clmar\\\/wp-content\\\/uploads\\\/FLOTA-8.webp\",\"datePublished\":\"2025-12-01T07:32:40+00:00\",\"dateModified\":\"2025-12-04T07:36:00+00:00\",\"description\":\"Adolfo Ortiz de Z\u00e1rate, junto a varios miembros de la junta directiva, fueron los encargados de entregar los premios y recordar la figura de Antonio P\u00e9rez\",\"breadcrumb\":{\"@id\":\"https:\\\/\\\/www.realclubmaritimomelilla.es\\\/clmar\\\/clausura-memorial-comodoro-pinori\\\/#breadcrumb\"},\"inLanguage\":\"es\",\"potentialAction\":[{\"@type\":\"ReadAction\",\"target\":[\"https:\\\/\\\/www.realclubmaritimomelilla.es\\\/clmar\\\/clausura-memorial-comodoro-pinori\\\/\"]}]},{\"@type\":\"ImageObject\",\"inLanguage\":\"es\",\"@id\":\"https:\\\/\\\/www.realclubmaritimomelilla.es\\\/clmar\\\/clausura-memorial-comodoro-pinori\\\/#primaryimage\",\"url\":\"https:\\\/\\\/www.realclubmaritimomelilla.es\\\/clmar\\\/wp-content\\\/uploads\\\/FLOTA-8.webp\",\"contentUrl\":\"https:\\\/\\\/www.realclubmaritimomelilla.es\\\/clmar\\\/wp-content\\\/uploads\\\/FLOTA-8.webp\",\"width\":1344,\"height\":660},{\"@type\":\"BreadcrumbList\",\"@id\":\"https:\\\/\\\/www.realclubmaritimomelilla.es\\\/clmar\\\/clausura-memorial-comodoro-pinori\\\/#breadcrumb\",\"itemListElement\":[{\"@type\":\"ListItem\",\"position\":1,\"name\":\"Portada\",\"item\":\"https:\\\/\\\/www.realclubmaritimomelilla.es\\\/clmar\\\/\"},{\"@type\":\"ListItem\",\"position\":2,\"name\":\"Clausura Memorial &#8216;Comodoro Pinori&#8217;\"}]},{\"@type\":\"WebSite\",\"@id\":\"https:\\\/\\\/www.realclubmaritimomelilla.es\\\/clmar\\\/#website\",\"url\":\"https:\\\/\\\/www.realclubmaritimomelilla.es\\\/clmar\\\/\",\"name\":\"Real Club Mar\u00edtimo de Melilla\",\"description\":\"RCMM\",\"publisher\":{\"@id\":\"https:\\\/\\\/www.realclubmaritimomelilla.es\\\/clmar\\\/#organization\"},\"alternateName\":\"RCMM\",\"potentialAction\":[{\"@type\":\"SearchAction\",\"target\":{\"@type\":\"EntryPoint\",\"urlTemplate\":\"https:\\\/\\\/www.realclubmaritimomelilla.es\\\/clmar\\\/?s={search_term_string}\"},\"query-input\":{\"@type\":\"PropertyValueSpecification\",\"valueRequired\":true,\"valueName\":\"search_term_string\"}}],\"inLanguage\":\"es\"},{\"@type\":\"Organization\",\"@id\":\"https:\\\/\\\/www.realclubmaritimomelilla.es\\\/clmar\\\/#organization\",\"name\":\"Real Club Mar\u00edtimo de Melilla\",\"alternateName\":\"RCMM\",\"url\":\"https:\\\/\\\/www.realclubmaritimomelilla.es\\\/clmar\\\/\",\"logo\":{\"@type\":\"ImageObject\",\"inLanguage\":\"es\",\"@id\":\"https:\\\/\\\/www.realclubmaritimomelilla.es\\\/clmar\\\/#\\\/schema\\\/logo\\\/image\\\/\",\"url\":\"https:\\\/\\\/www.realclubmaritimomelilla.es\\\/clmar\\\/wp-content\\\/uploads\\\/logo-club-original-copia.jpg\",\"contentUrl\":\"https:\\\/\\\/www.realclubmaritimomelilla.es\\\/clmar\\\/wp-content\\\/uploads\\\/logo-club-original-copia.jpg\",\"width\":128,\"height\":89,\"caption\":\"Real Club Mar\u00edtimo de Melilla\"},\"image\":{\"@id\":\"https:\\\/\\\/www.realclubmaritimomelilla.es\\\/clmar\\\/#\\\/schema\\\/logo\\\/image\\\/\"},\"sameAs\":[\"https:\\\/\\\/www.facebook.com\\\/Real-Club-Mar\u00edtimo-de-Melilla-588495841234214\\\/\",\"https:\\\/\\\/x.com\\\/nauticarcmm\",\"https:\\\/\\\/www.instagram.com\\\/club_maritimo_melilla\\\/\",\"https:\\\/\\\/www.youtube.com\\\/@realclubmaritimodemelilla4703\",\"https:\\\/\\\/es.wikipedia.org\\\/wiki\\\/Real_Club_Mar\u00edtimo_de_Melilla\"]},{\"@type\":\"Person\",\"@id\":\"https:\\\/\\\/www.realclubmaritimomelilla.es\\\/clmar\\\/#\\\/schema\\\/person\\\/ebaa3713496dc6d48c872452e73a8e79\",\"name\":\"RCMMelilla\",\"image\":{\"@type\":\"ImageObject\",\"inLanguage\":\"es\",\"@id\":\"https:\\\/\\\/secure.gravatar.com\\\/avatar\\\/df1c24789360fb9308735c4ee556fc2bc5bf924bf01e53043b8b97ba272da33c?s=96&d=mm&r=g\",\"url\":\"https:\\\/\\\/secure.gravatar.com\\\/avatar\\\/df1c24789360fb9308735c4ee556fc2bc5bf924bf01e53043b8b97ba272da33c?s=96&d=mm&r=g\",\"contentUrl\":\"https:\\\/\\\/secure.gravatar.com\\\/avatar\\\/df1c24789360fb9308735c4ee556fc2bc5bf924bf01e53043b8b97ba272da33c?s=96&d=mm&r=g\",\"caption\":\"RCMMelilla\"}}]}<\/script>\n<!-- \/ Yoast SEO plugin. -->","yoast_head_json":{"title":"Clausura Memorial 'Comodoro Pinori' - Real Club Mar\u00edtimo de Melilla","description":"Adolfo Ortiz de Z\u00e1rate, junto a varios miembros de la junta directiva, fueron los encargados de entregar los premios y recordar la figura de Antonio P\u00e9rez","robots":{"index":"index","follow":"follow","max-snippet":"max-snippet:-1","max-image-preview":"max-image-preview:large","max-video-preview":"max-video-preview:-1"},"canonical":"https:\/\/www.realclubmaritimomelilla.es\/clmar\/clausura-memorial-comodoro-pinori\/","og_locale":"es_ES","og_type":"article","og_title":"Clausura Memorial 'Comodoro Pinori' - Real Club Mar\u00edtimo de Melilla","og_description":"Adolfo Ortiz de Z\u00e1rate, junto a varios miembros de la junta directiva, fueron los encargados de entregar los premios y recordar la figura de Antonio P\u00e9rez","og_url":"https:\/\/www.realclubmaritimomelilla.es\/clmar\/clausura-memorial-comodoro-pinori\/","og_site_name":"Real Club Mar\u00edtimo de Melilla","article_publisher":"https:\/\/www.facebook.com\/Real-Club-Mar%c3%adtimo-de-Melilla-588495841234214\/","article_published_time":"2025-12-01T07:32:40+00:00","article_modified_time":"2025-12-04T07:36:00+00:00","og_image":[{"width":1344,"height":660,"url":"https:\/\/www.realclubmaritimomelilla.es\/clmar\/wp-content\/uploads\/FLOTA-8.webp","type":"image\/jpeg"}],"author":"RCMMelilla","twitter_card":"summary_large_image","twitter_creator":"@nauticarcmm","twitter_site":"@nauticarcmm","twitter_misc":{"Escrito por":"RCMMelilla","Tiempo de lectura":"2 minutos"},"schema":{"@context":"https:\/\/schema.org","@graph":[{"@type":"Article","@id":"https:\/\/www.realclubmaritimomelilla.es\/clmar\/clausura-memorial-comodoro-pinori\/#article","isPartOf":{"@id":"https:\/\/www.realclubmaritimomelilla.es\/clmar\/clausura-memorial-comodoro-pinori\/"},"author":{"name":"RCMMelilla","@id":"https:\/\/www.realclubmaritimomelilla.es\/clmar\/#\/schema\/person\/ebaa3713496dc6d48c872452e73a8e79"},"headline":"Clausura Memorial &#8216;Comodoro Pinori&#8217;","datePublished":"2025-12-01T07:32:40+00:00","dateModified":"2025-12-04T07:36:00+00:00","mainEntityOfPage":{"@id":"https:\/\/www.realclubmaritimomelilla.es\/clmar\/clausura-memorial-comodoro-pinori\/"},"wordCount":393,"commentCount":0,"publisher":{"@id":"https:\/\/www.realclubmaritimomelilla.es\/clmar\/#organization"},"image":{"@id":"https:\/\/www.realclubmaritimomelilla.es\/clmar\/clausura-memorial-comodoro-pinori\/#primaryimage"},"thumbnailUrl":"https:\/\/www.realclubmaritimomelilla.es\/clmar\/wp-content\/uploads\/FLOTA-8.webp","articleSection":["N\u00e1utica","Pesca"],"inLanguage":"es","potentialAction":[{"@type":"CommentAction","name":"Comment","target":["https:\/\/www.realclubmaritimomelilla.es\/clmar\/clausura-memorial-comodoro-pinori\/#respond"]}]},{"@type":"WebPage","@id":"https:\/\/www.realclubmaritimomelilla.es\/clmar\/clausura-memorial-comodoro-pinori\/","url":"https:\/\/www.realclubmaritimomelilla.es\/clmar\/clausura-memorial-comodoro-pinori\/","name":"Clausura Memorial 'Comodoro Pinori' - Real Club Mar\u00edtimo de Melilla","isPartOf":{"@id":"https:\/\/www.realclubmaritimomelilla.es\/clmar\/#website"},"primaryImageOfPage":{"@id":"https:\/\/www.realclubmaritimomelilla.es\/clmar\/clausura-memorial-comodoro-pinori\/#primaryimage"},"image":{"@id":"https:\/\/www.realclubmaritimomelilla.es\/clmar\/clausura-memorial-comodoro-pinori\/#primaryimage"},"thumbnailUrl":"https:\/\/www.realclubmaritimomelilla.es\/clmar\/wp-content\/uploads\/FLOTA-8.webp","datePublished":"2025-12-01T07:32:40+00:00","dateModified":"2025-12-04T07:36:00+00:00","description":"Adolfo Ortiz de Z\u00e1rate, junto a varios miembros de la junta directiva, fueron los encargados de entregar los premios y recordar la figura de Antonio P\u00e9rez","breadcrumb":{"@id":"https:\/\/www.realclubmaritimomelilla.es\/clmar\/clausura-memorial-comodoro-pinori\/#breadcrumb"},"inLanguage":"es","potentialAction":[{"@type":"ReadAction","target":["https:\/\/www.realclubmaritimomelilla.es\/clmar\/clausura-memorial-comodoro-pinori\/"]}]},{"@type":"ImageObject","inLanguage":"es","@id":"https:\/\/www.realclubmaritimomelilla.es\/clmar\/clausura-memorial-comodoro-pinori\/#primaryimage","url":"https:\/\/www.realclubmaritimomelilla.es\/clmar\/wp-content\/uploads\/FLOTA-8.webp","contentUrl":"https:\/\/www.realclubmaritimomelilla.es\/clmar\/wp-content\/uploads\/FLOTA-8.webp","width":1344,"height":660},{"@type":"BreadcrumbList","@id":"https:\/\/www.realclubmaritimomelilla.es\/clmar\/clausura-memorial-comodoro-pinori\/#breadcrumb","itemListElement":[{"@type":"ListItem","position":1,"name":"Portada","item":"https:\/\/www.realclubmaritimomelilla.es\/clmar\/"},{"@type":"ListItem","position":2,"name":"Clausura Memorial &#8216;Comodoro Pinori&#8217;"}]},{"@type":"WebSite","@id":"https:\/\/www.realclubmaritimomelilla.es\/clmar\/#website","url":"https:\/\/www.realclubmaritimomelilla.es\/clmar\/","name":"Real Club Mar\u00edtimo de Melilla","description":"RCMM","publisher":{"@id":"https:\/\/www.realclubmaritimomelilla.es\/clmar\/#organization"},"alternateName":"RCMM","potentialAction":[{"@type":"SearchAction","target":{"@type":"EntryPoint","urlTemplate":"https:\/\/www.realclubmaritimomelilla.es\/clmar\/?s={search_term_string}"},"query-input":{"@type":"PropertyValueSpecification","valueRequired":true,"valueName":"search_term_string"}}],"inLanguage":"es"},{"@type":"Organization","@id":"https:\/\/www.realclubmaritimomelilla.es\/clmar\/#organization","name":"Real Club Mar\u00edtimo de Melilla","alternateName":"RCMM","url":"https:\/\/www.realclubmaritimomelilla.es\/clmar\/","logo":{"@type":"ImageObject","inLanguage":"es","@id":"https:\/\/www.realclubmaritimomelilla.es\/clmar\/#\/schema\/logo\/image\/","url":"https:\/\/www.realclubmaritimomelilla.es\/clmar\/wp-content\/uploads\/logo-club-original-copia.jpg","contentUrl":"https:\/\/www.realclubmaritimomelilla.es\/clmar\/wp-content\/uploads\/logo-club-original-copia.jpg","width":128,"height":89,"caption":"Real Club Mar\u00edtimo de Melilla"},"image":{"@id":"https:\/\/www.realclubmaritimomelilla.es\/clmar\/#\/schema\/logo\/image\/"},"sameAs":["https:\/\/www.facebook.com\/Real-Club-Mar\u00edtimo-de-Melilla-588495841234214\/","https:\/\/x.com\/nauticarcmm","https:\/\/www.instagram.com\/club_maritimo_melilla\/","https:\/\/www.youtube.com\/@realclubmaritimodemelilla4703","https:\/\/es.wikipedia.org\/wiki\/Real_Club_Mar\u00edtimo_de_Melilla"]},{"@type":"Person","@id":"https:\/\/www.realclubmaritimomelilla.es\/clmar\/#\/schema\/person\/ebaa3713496dc6d48c872452e73a8e79","name":"RCMMelilla","image":{"@type":"ImageObject","inLanguage":"es","@id":"https:\/\/secure.gravatar.com\/avatar\/df1c24789360fb9308735c4ee556fc2bc5bf924bf01e53043b8b97ba272da33c?s=96&d=mm&r=g","url":"https:\/\/secure.gravatar.com\/avatar\/df1c24789360fb9308735c4ee556fc2bc5bf924bf01e53043b8b97ba272da33c?s=96&d=mm&r=g","contentUrl":"https:\/\/secure.gravatar.com\/avatar\/df1c24789360fb9308735c4ee556fc2bc5bf924bf01e53043b8b97ba272da33c?s=96&d=mm&r=g","caption":"RCMMelilla"}}]}},"_links":{"self":[{"href":"https:\/\/www.realclubmaritimomelilla.es\/clmar\/wp-json\/wp\/v2\/posts\/26807","targetHints":{"allow":["GET"]}}],"collection":[{"href":"https:\/\/www.realclubmaritimomelilla.es\/clmar\/wp-json\/wp\/v2\/posts"}],"about":[{"href":"https:\/\/www.realclubmaritimomelilla.es\/clmar\/wp-json\/wp\/v2\/types\/post"}],"author":[{"embeddable":true,"href":"https:\/\/www.realclubmaritimomelilla.es\/clmar\/wp-json\/wp\/v2\/users\/1"}],"replies":[{"embeddable":true,"href":"https:\/\/www.realclubmaritimomelilla.es\/clmar\/wp-json\/wp\/v2\/comments?post=26807"}],"version-history":[{"count":3,"href":"https:\/\/www.realclubmaritimomelilla.es\/clmar\/wp-json\/wp\/v2\/posts\/26807\/revisions"}],"predecessor-version":[{"id":26856,"href":"https:\/\/www.realclubmaritimomelilla.es\/clmar\/wp-json\/wp\/v2\/posts\/26807\/revisions\/26856"}],"wp:featuredmedia":[{"embeddable":true,"href":"https:\/\/www.realclubmaritimomelilla.es\/clmar\/wp-json\/wp\/v2\/media\/26814"}],"wp:attachment":[{"href":"https:\/\/www.realclubmaritimomelilla.es\/clmar\/wp-json\/wp\/v2\/media?parent=26807"}],"wp:term":[{"taxonomy":"category","embeddable":true,"href":"https:\/\/www.realclubmaritimomelilla.es\/clmar\/wp-json\/wp\/v2\/categories?post=26807"},{"taxonomy":"post_tag","embeddable":true,"href":"https:\/\/www.realclubmaritimomelilla.es\/clmar\/wp-json\/wp\/v2\/tags?post=26807"}],"curies":[{"name":"wp","href":"https:\/\/api.w.org\/{rel}","templated":true}]}}