{"id":26609,"date":"2025-11-11T11:38:29","date_gmt":"2025-11-11T10:38:29","guid":{"rendered":"https:\/\/www.realclubmaritimomelilla.es\/clmar\/?p=26609"},"modified":"2025-11-12T12:20:22","modified_gmt":"2025-11-12T11:20:22","slug":"clausura-3x3-rcmm","status":"publish","type":"post","link":"https:\/\/www.realclubmaritimomelilla.es\/clmar\/clausura-3x3-rcmm\/","title":{"rendered":"Clausura 3&#215;3 RCMM"},"content":{"rendered":"<p>El colof\u00f3n a una gran jornada de baloncesto fue la clausura del evento que, por segundo a\u00f1o consecutivo, ha organizado el Real Club Mar\u00edtimo Melilla logrando una excelente participaci\u00f3n e implicaci\u00f3n de todos los clubes locales, junto a la inestimable colaboraci\u00f3n y ayuda de la Federaci\u00f3n Melillense de Baloncesto y del \u00e1rea de Deportes de la ciudad aut\u00f3noma de Melilla.<br \/>\nAs\u00ed la clausura, con la noche ya cerrada, tuvo lugar en la p\u00e9rgola de nuestro Club, en la que adem\u00e1s de directivos de la entidad, encabezados por su presidente, Jer\u00f3nimo P\u00e9rez, y vicepresidentes, Rafael Imbroda y Adolfo Ortiz de Z\u00e1rate, estuvieron acompa\u00f1ados por el consejero de Deportes, Miguel \u00c1ngel Fern\u00e1ndez, y el presidente de la Federaci\u00f3n Melillense de Baloncesto, \u00c1ngel Madolell.<br \/>\nEl cuadro de honor de esta segunda edici\u00f3n, quedaba de la siguiente forma:<br \/>\nSUBCAMPE\u00d3N PRE-PEQUE \tSOLER BASKET<br \/>\nCAMPE\u00d3N PRE-PEQUE \tLA SALLE AZUL<br \/>\nSUBCAMPE\u00d3N PEQUEBASKET \tLOS MINI ENRIQUE SOLER<br \/>\nCAMPE\u00d3N PEQUEBASKET \tSALLECO<br \/>\nSUBCAMPE\u00d3N MINIBASKET FEM  \tLA SALLE AMARILLO<br \/>\nCAMPE\u00d3N MINIBASKET FEM \tRCMM ROJO<br \/>\nSUBCAMPE\u00d3N MINIBASKET MASC \tLA SALLE AZUL<br \/>\nCAMPE\u00d3N MINIBASKET MASC \tTRALALERITOS ENRIQUE SOLER<br \/>\nSUBCAMPE\u00d3N PREINFANTIL FEM \tRCMM ROJO<br \/>\nCAMPE\u00d3N PREINFANTIL FEM \tLA SALLE AZUL<br \/>\nSUBCAMPE\u00d3N PREINF MASC \tRCMM AZUL<br \/>\nCAMPE\u00d3N PREINF MASC \tENRIQUE SOLER 1<br \/>\nSUBCAMPE\u00d3N INFANTIL FEM \tBASKETBALL GIRLS ENRIQUE SOLER<br \/>\nCAMPE\u00d3N INFANTIL FEM \tBUEN CONSEJO 1<br \/>\nSUBCAMPE\u00d3N INFANTIL MASC \tBASKETBALL ADDICTS ENRIQUE SOLER<br \/>\nCAMPE\u00d3N INFANTIL MASC \tLA SALLE<br \/>\nSUBCAMPE\u00d3N CADETE FEM \tSUSHI CON QUESO ENRIQUE SOLER<br \/>\nCAMPE\u00d3N CADETE FEM \tRCMM AZUL<br \/>\nSUBCAMPE\u00d3N CADETE MASC \tENRIQUE SOLER 2<br \/>\nCAMPE\u00d3N CADETE MASC \tENRIQUE SOLER 1<br \/>\nSUBCAMPE\u00d3N JUNIOR MASC \tRCMM ROJO<br \/>\nCAMPE\u00d3N JUNIOR MASC \tRCMM BLANCO<br \/>\nSUBCAMPE\u00d3N SEN-JUN FEM \tLAS DIESEL DE LA SALLE<br \/>\nCAMPE\u00d3N SEN-JUN FEM \tLA SALLE JUNIOR<br \/>\nSUBCAMPE\u00d3N SENIOR MASC \tMELISTA<br \/>\nCAMPE\u00d3N SENIOR MASC \tRCMM OVER40<\/p>\n\n\t\t<style type=\"text\/css\">\n\t\t\t#gallery-1 {\n\t\t\t\tmargin: auto;\n\t\t\t}\n\t\t\t#gallery-1 .gallery-item {\n\t\t\t\tfloat: left;\n\t\t\t\tmargin-top: 10px;\n\t\t\t\ttext-align: center;\n\t\t\t\twidth: 33%;\n\t\t\t}\n\t\t\t#gallery-1 img {\n\t\t\t\tborder: 2px solid #cfcfcf;\n\t\t\t}\n\t\t\t#gallery-1 .gallery-caption {\n\t\t\t\tmargin-left: 0;\n\t\t\t}\n\t\t\t\/* see gallery_shortcode() in wp-includes\/media.php *\/\n\t\t<\/style>\n\t\t<div id='gallery-1' class='gallery galleryid-26609 gallery-columns-3 gallery-size-full'><dl class='gallery-item'>\n\t\t\t<dt class='gallery-icon landscape'>\n\t\t\t\t<a data-rel=\"iLightbox[postimages]\" data-title=\"CADETE_FEMENINO_1\u00aa RCMM Azul\" data-caption=\"\" href='https:\/\/www.realclubmaritimomelilla.es\/clmar\/clausura-3x3-rcmm\/cadete_femenino_1a-rcmm-azul\/'><img decoding=\"async\" width=\"2560\" height=\"1707\" src=\"https:\/\/www.realclubmaritimomelilla.es\/clmar\/wp-content\/uploads\/CADETE_FEMENINO_1a-RCMM-Azul-scaled.webp\" class=\"attachment-full size-full\" alt=\"\" srcset=\"https:\/\/www.realclubmaritimomelilla.es\/clmar\/wp-content\/uploads\/CADETE_FEMENINO_1a-RCMM-Azul-200x133.webp 200w, https:\/\/www.realclubmaritimomelilla.es\/clmar\/wp-content\/uploads\/CADETE_FEMENINO_1a-RCMM-Azul-300x200.webp 300w, https:\/\/www.realclubmaritimomelilla.es\/clmar\/wp-content\/uploads\/CADETE_FEMENINO_1a-RCMM-Azul-400x267.webp 400w, https:\/\/www.realclubmaritimomelilla.es\/clmar\/wp-content\/uploads\/CADETE_FEMENINO_1a-RCMM-Azul-600x400.webp 600w, https:\/\/www.realclubmaritimomelilla.es\/clmar\/wp-content\/uploads\/CADETE_FEMENINO_1a-RCMM-Azul-768x512.webp 768w, https:\/\/www.realclubmaritimomelilla.es\/clmar\/wp-content\/uploads\/CADETE_FEMENINO_1a-RCMM-Azul-800x533.webp 800w, https:\/\/www.realclubmaritimomelilla.es\/clmar\/wp-content\/uploads\/CADETE_FEMENINO_1a-RCMM-Azul-1024x683.webp 1024w, https:\/\/www.realclubmaritimomelilla.es\/clmar\/wp-content\/uploads\/CADETE_FEMENINO_1a-RCMM-Azul-1200x800.webp 1200w, https:\/\/www.realclubmaritimomelilla.es\/clmar\/wp-content\/uploads\/CADETE_FEMENINO_1a-RCMM-Azul-1536x1024.webp 1536w, https:\/\/www.realclubmaritimomelilla.es\/clmar\/wp-content\/uploads\/CADETE_FEMENINO_1a-RCMM-Azul-scaled.webp 2560w\" sizes=\"(max-width: 2560px) 100vw, 2560px\" \/><\/a>\n\t\t\t<\/dt><\/dl><dl class='gallery-item'>\n\t\t\t<dt class='gallery-icon landscape'>\n\t\t\t\t<a data-rel=\"iLightbox[postimages]\" data-title=\"CADETE_FEMENINO_2\u00aa Sushi con Queso Enrique Soler\" data-caption=\"\" href='https:\/\/www.realclubmaritimomelilla.es\/clmar\/clausura-3x3-rcmm\/cadete_femenino_2a-sushi-con-queso-enrique-soler\/'><img decoding=\"async\" width=\"2560\" height=\"1707\" src=\"https:\/\/www.realclubmaritimomelilla.es\/clmar\/wp-content\/uploads\/CADETE_FEMENINO_2a-Sushi-con-Queso-Enrique-Soler-scaled.webp\" class=\"attachment-full size-full\" alt=\"\" srcset=\"https:\/\/www.realclubmaritimomelilla.es\/clmar\/wp-content\/uploads\/CADETE_FEMENINO_2a-Sushi-con-Queso-Enrique-Soler-200x133.webp 200w, https:\/\/www.realclubmaritimomelilla.es\/clmar\/wp-content\/uploads\/CADETE_FEMENINO_2a-Sushi-con-Queso-Enrique-Soler-300x200.webp 300w, https:\/\/www.realclubmaritimomelilla.es\/clmar\/wp-content\/uploads\/CADETE_FEMENINO_2a-Sushi-con-Queso-Enrique-Soler-400x267.webp 400w, https:\/\/www.realclubmaritimomelilla.es\/clmar\/wp-content\/uploads\/CADETE_FEMENINO_2a-Sushi-con-Queso-Enrique-Soler-600x400.webp 600w, https:\/\/www.realclubmaritimomelilla.es\/clmar\/wp-content\/uploads\/CADETE_FEMENINO_2a-Sushi-con-Queso-Enrique-Soler-768x512.webp 768w, https:\/\/www.realclubmaritimomelilla.es\/clmar\/wp-content\/uploads\/CADETE_FEMENINO_2a-Sushi-con-Queso-Enrique-Soler-800x533.webp 800w, https:\/\/www.realclubmaritimomelilla.es\/clmar\/wp-content\/uploads\/CADETE_FEMENINO_2a-Sushi-con-Queso-Enrique-Soler-1024x683.webp 1024w, https:\/\/www.realclubmaritimomelilla.es\/clmar\/wp-content\/uploads\/CADETE_FEMENINO_2a-Sushi-con-Queso-Enrique-Soler-1200x800.webp 1200w, https:\/\/www.realclubmaritimomelilla.es\/clmar\/wp-content\/uploads\/CADETE_FEMENINO_2a-Sushi-con-Queso-Enrique-Soler-1536x1024.webp 1536w, https:\/\/www.realclubmaritimomelilla.es\/clmar\/wp-content\/uploads\/CADETE_FEMENINO_2a-Sushi-con-Queso-Enrique-Soler-scaled.webp 2560w\" sizes=\"(max-width: 2560px) 100vw, 2560px\" \/><\/a>\n\t\t\t<\/dt><\/dl><dl class='gallery-item'>\n\t\t\t<dt class='gallery-icon landscape'>\n\t\t\t\t<a data-rel=\"iLightbox[postimages]\" data-title=\"CADETE_MASCULINO_1\u00ba Enrique Soler 1\" data-caption=\"\" href='https:\/\/www.realclubmaritimomelilla.es\/clmar\/clausura-3x3-rcmm\/cadete_masculino_1o-enrique-soler-1\/'><img decoding=\"async\" width=\"2560\" height=\"1707\" src=\"https:\/\/www.realclubmaritimomelilla.es\/clmar\/wp-content\/uploads\/CADETE_MASCULINO_1o-Enrique-Soler-1-scaled.webp\" class=\"attachment-full size-full\" alt=\"\" srcset=\"https:\/\/www.realclubmaritimomelilla.es\/clmar\/wp-content\/uploads\/CADETE_MASCULINO_1o-Enrique-Soler-1-200x133.webp 200w, https:\/\/www.realclubmaritimomelilla.es\/clmar\/wp-content\/uploads\/CADETE_MASCULINO_1o-Enrique-Soler-1-300x200.webp 300w, https:\/\/www.realclubmaritimomelilla.es\/clmar\/wp-content\/uploads\/CADETE_MASCULINO_1o-Enrique-Soler-1-400x267.webp 400w, https:\/\/www.realclubmaritimomelilla.es\/clmar\/wp-content\/uploads\/CADETE_MASCULINO_1o-Enrique-Soler-1-600x400.webp 600w, https:\/\/www.realclubmaritimomelilla.es\/clmar\/wp-content\/uploads\/CADETE_MASCULINO_1o-Enrique-Soler-1-768x512.webp 768w, https:\/\/www.realclubmaritimomelilla.es\/clmar\/wp-content\/uploads\/CADETE_MASCULINO_1o-Enrique-Soler-1-800x533.webp 800w, https:\/\/www.realclubmaritimomelilla.es\/clmar\/wp-content\/uploads\/CADETE_MASCULINO_1o-Enrique-Soler-1-1024x683.webp 1024w, https:\/\/www.realclubmaritimomelilla.es\/clmar\/wp-content\/uploads\/CADETE_MASCULINO_1o-Enrique-Soler-1-1200x800.webp 1200w, https:\/\/www.realclubmaritimomelilla.es\/clmar\/wp-content\/uploads\/CADETE_MASCULINO_1o-Enrique-Soler-1-1536x1024.webp 1536w, https:\/\/www.realclubmaritimomelilla.es\/clmar\/wp-content\/uploads\/CADETE_MASCULINO_1o-Enrique-Soler-1-scaled.webp 2560w\" sizes=\"(max-width: 2560px) 100vw, 2560px\" \/><\/a>\n\t\t\t<\/dt><\/dl><br style=\"clear: both\" \/><dl class='gallery-item'>\n\t\t\t<dt class='gallery-icon landscape'>\n\t\t\t\t<a data-rel=\"iLightbox[postimages]\" data-title=\"CADETE_MASCULINO_2\u00ba Enrique Soler 2\" data-caption=\"\" href='https:\/\/www.realclubmaritimomelilla.es\/clmar\/clausura-3x3-rcmm\/cadete_masculino_2o-enrique-soler-2\/'><img decoding=\"async\" width=\"2560\" height=\"1707\" src=\"https:\/\/www.realclubmaritimomelilla.es\/clmar\/wp-content\/uploads\/CADETE_MASCULINO_2o-Enrique-Soler-2-scaled.webp\" class=\"attachment-full size-full\" alt=\"\" srcset=\"https:\/\/www.realclubmaritimomelilla.es\/clmar\/wp-content\/uploads\/CADETE_MASCULINO_2o-Enrique-Soler-2-200x133.webp 200w, https:\/\/www.realclubmaritimomelilla.es\/clmar\/wp-content\/uploads\/CADETE_MASCULINO_2o-Enrique-Soler-2-300x200.webp 300w, https:\/\/www.realclubmaritimomelilla.es\/clmar\/wp-content\/uploads\/CADETE_MASCULINO_2o-Enrique-Soler-2-400x267.webp 400w, https:\/\/www.realclubmaritimomelilla.es\/clmar\/wp-content\/uploads\/CADETE_MASCULINO_2o-Enrique-Soler-2-600x400.webp 600w, https:\/\/www.realclubmaritimomelilla.es\/clmar\/wp-content\/uploads\/CADETE_MASCULINO_2o-Enrique-Soler-2-768x512.webp 768w, https:\/\/www.realclubmaritimomelilla.es\/clmar\/wp-content\/uploads\/CADETE_MASCULINO_2o-Enrique-Soler-2-800x533.webp 800w, https:\/\/www.realclubmaritimomelilla.es\/clmar\/wp-content\/uploads\/CADETE_MASCULINO_2o-Enrique-Soler-2-1024x683.webp 1024w, https:\/\/www.realclubmaritimomelilla.es\/clmar\/wp-content\/uploads\/CADETE_MASCULINO_2o-Enrique-Soler-2-1200x800.webp 1200w, https:\/\/www.realclubmaritimomelilla.es\/clmar\/wp-content\/uploads\/CADETE_MASCULINO_2o-Enrique-Soler-2-1536x1024.webp 1536w, https:\/\/www.realclubmaritimomelilla.es\/clmar\/wp-content\/uploads\/CADETE_MASCULINO_2o-Enrique-Soler-2-scaled.webp 2560w\" sizes=\"(max-width: 2560px) 100vw, 2560px\" \/><\/a>\n\t\t\t<\/dt><\/dl><dl class='gallery-item'>\n\t\t\t<dt class='gallery-icon landscape'>\n\t\t\t\t<a data-rel=\"iLightbox[postimages]\" data-title=\"INFANTIL_FEMENINO_1\u00aa Buen Consejo 1\" data-caption=\"\" href='https:\/\/www.realclubmaritimomelilla.es\/clmar\/clausura-3x3-rcmm\/infantil_femenino_1a-buen-consejo-1\/'><img decoding=\"async\" width=\"2560\" height=\"1707\" src=\"https:\/\/www.realclubmaritimomelilla.es\/clmar\/wp-content\/uploads\/INFANTIL_FEMENINO_1a-Buen-Consejo-1-scaled.webp\" class=\"attachment-full size-full\" alt=\"\" srcset=\"https:\/\/www.realclubmaritimomelilla.es\/clmar\/wp-content\/uploads\/INFANTIL_FEMENINO_1a-Buen-Consejo-1-200x133.webp 200w, https:\/\/www.realclubmaritimomelilla.es\/clmar\/wp-content\/uploads\/INFANTIL_FEMENINO_1a-Buen-Consejo-1-300x200.webp 300w, https:\/\/www.realclubmaritimomelilla.es\/clmar\/wp-content\/uploads\/INFANTIL_FEMENINO_1a-Buen-Consejo-1-400x267.webp 400w, https:\/\/www.realclubmaritimomelilla.es\/clmar\/wp-content\/uploads\/INFANTIL_FEMENINO_1a-Buen-Consejo-1-600x400.webp 600w, https:\/\/www.realclubmaritimomelilla.es\/clmar\/wp-content\/uploads\/INFANTIL_FEMENINO_1a-Buen-Consejo-1-768x512.webp 768w, https:\/\/www.realclubmaritimomelilla.es\/clmar\/wp-content\/uploads\/INFANTIL_FEMENINO_1a-Buen-Consejo-1-800x533.webp 800w, https:\/\/www.realclubmaritimomelilla.es\/clmar\/wp-content\/uploads\/INFANTIL_FEMENINO_1a-Buen-Consejo-1-1024x683.webp 1024w, https:\/\/www.realclubmaritimomelilla.es\/clmar\/wp-content\/uploads\/INFANTIL_FEMENINO_1a-Buen-Consejo-1-1200x800.webp 1200w, https:\/\/www.realclubmaritimomelilla.es\/clmar\/wp-content\/uploads\/INFANTIL_FEMENINO_1a-Buen-Consejo-1-1536x1024.webp 1536w, https:\/\/www.realclubmaritimomelilla.es\/clmar\/wp-content\/uploads\/INFANTIL_FEMENINO_1a-Buen-Consejo-1-scaled.webp 2560w\" sizes=\"(max-width: 2560px) 100vw, 2560px\" \/><\/a>\n\t\t\t<\/dt><\/dl><dl class='gallery-item'>\n\t\t\t<dt class='gallery-icon landscape'>\n\t\t\t\t<a data-rel=\"iLightbox[postimages]\" data-title=\"INFANTIL_FEMENINO_2\u00aa Basquetball Girls Enrique Soler\" data-caption=\"\" href='https:\/\/www.realclubmaritimomelilla.es\/clmar\/clausura-3x3-rcmm\/infantil_femenino_2a-basquetball-girls-enrique-soler\/'><img decoding=\"async\" width=\"2560\" height=\"1707\" src=\"https:\/\/www.realclubmaritimomelilla.es\/clmar\/wp-content\/uploads\/INFANTIL_FEMENINO_2a-Basquetball-Girls-Enrique-Soler-scaled.webp\" class=\"attachment-full size-full\" alt=\"\" srcset=\"https:\/\/www.realclubmaritimomelilla.es\/clmar\/wp-content\/uploads\/INFANTIL_FEMENINO_2a-Basquetball-Girls-Enrique-Soler-200x133.webp 200w, https:\/\/www.realclubmaritimomelilla.es\/clmar\/wp-content\/uploads\/INFANTIL_FEMENINO_2a-Basquetball-Girls-Enrique-Soler-300x200.webp 300w, https:\/\/www.realclubmaritimomelilla.es\/clmar\/wp-content\/uploads\/INFANTIL_FEMENINO_2a-Basquetball-Girls-Enrique-Soler-400x267.webp 400w, https:\/\/www.realclubmaritimomelilla.es\/clmar\/wp-content\/uploads\/INFANTIL_FEMENINO_2a-Basquetball-Girls-Enrique-Soler-600x400.webp 600w, https:\/\/www.realclubmaritimomelilla.es\/clmar\/wp-content\/uploads\/INFANTIL_FEMENINO_2a-Basquetball-Girls-Enrique-Soler-768x512.webp 768w, https:\/\/www.realclubmaritimomelilla.es\/clmar\/wp-content\/uploads\/INFANTIL_FEMENINO_2a-Basquetball-Girls-Enrique-Soler-800x533.webp 800w, https:\/\/www.realclubmaritimomelilla.es\/clmar\/wp-content\/uploads\/INFANTIL_FEMENINO_2a-Basquetball-Girls-Enrique-Soler-1024x683.webp 1024w, https:\/\/www.realclubmaritimomelilla.es\/clmar\/wp-content\/uploads\/INFANTIL_FEMENINO_2a-Basquetball-Girls-Enrique-Soler-1200x800.webp 1200w, https:\/\/www.realclubmaritimomelilla.es\/clmar\/wp-content\/uploads\/INFANTIL_FEMENINO_2a-Basquetball-Girls-Enrique-Soler-1536x1024.webp 1536w, https:\/\/www.realclubmaritimomelilla.es\/clmar\/wp-content\/uploads\/INFANTIL_FEMENINO_2a-Basquetball-Girls-Enrique-Soler-scaled.webp 2560w\" sizes=\"(max-width: 2560px) 100vw, 2560px\" \/><\/a>\n\t\t\t<\/dt><\/dl><br style=\"clear: both\" \/><dl class='gallery-item'>\n\t\t\t<dt class='gallery-icon landscape'>\n\t\t\t\t<a data-rel=\"iLightbox[postimages]\" data-title=\"INFANTIL_MASCULINO_1\u00ba La Salle\" data-caption=\"\" href='https:\/\/www.realclubmaritimomelilla.es\/clmar\/clausura-3x3-rcmm\/infantil_masculino_1o-la-salle\/'><img decoding=\"async\" width=\"2560\" height=\"1707\" src=\"https:\/\/www.realclubmaritimomelilla.es\/clmar\/wp-content\/uploads\/INFANTIL_MASCULINO_1o-La-Salle-scaled.webp\" class=\"attachment-full size-full\" alt=\"\" srcset=\"https:\/\/www.realclubmaritimomelilla.es\/clmar\/wp-content\/uploads\/INFANTIL_MASCULINO_1o-La-Salle-200x133.webp 200w, https:\/\/www.realclubmaritimomelilla.es\/clmar\/wp-content\/uploads\/INFANTIL_MASCULINO_1o-La-Salle-300x200.webp 300w, https:\/\/www.realclubmaritimomelilla.es\/clmar\/wp-content\/uploads\/INFANTIL_MASCULINO_1o-La-Salle-400x267.webp 400w, https:\/\/www.realclubmaritimomelilla.es\/clmar\/wp-content\/uploads\/INFANTIL_MASCULINO_1o-La-Salle-600x400.webp 600w, https:\/\/www.realclubmaritimomelilla.es\/clmar\/wp-content\/uploads\/INFANTIL_MASCULINO_1o-La-Salle-768x512.webp 768w, https:\/\/www.realclubmaritimomelilla.es\/clmar\/wp-content\/uploads\/INFANTIL_MASCULINO_1o-La-Salle-800x533.webp 800w, https:\/\/www.realclubmaritimomelilla.es\/clmar\/wp-content\/uploads\/INFANTIL_MASCULINO_1o-La-Salle-1024x683.webp 1024w, https:\/\/www.realclubmaritimomelilla.es\/clmar\/wp-content\/uploads\/INFANTIL_MASCULINO_1o-La-Salle-1200x800.webp 1200w, https:\/\/www.realclubmaritimomelilla.es\/clmar\/wp-content\/uploads\/INFANTIL_MASCULINO_1o-La-Salle-1536x1024.webp 1536w, https:\/\/www.realclubmaritimomelilla.es\/clmar\/wp-content\/uploads\/INFANTIL_MASCULINO_1o-La-Salle-scaled.webp 2560w\" sizes=\"(max-width: 2560px) 100vw, 2560px\" \/><\/a>\n\t\t\t<\/dt><\/dl><dl class='gallery-item'>\n\t\t\t<dt class='gallery-icon landscape'>\n\t\t\t\t<a data-rel=\"iLightbox[postimages]\" data-title=\"INFANTIL_MASCULINO_2\u00ba Basquetball Addict\" data-caption=\"\" href='https:\/\/www.realclubmaritimomelilla.es\/clmar\/clausura-3x3-rcmm\/infantil_masculino_2o-basquetball-addict\/'><img decoding=\"async\" width=\"2560\" height=\"1707\" src=\"https:\/\/www.realclubmaritimomelilla.es\/clmar\/wp-content\/uploads\/INFANTIL_MASCULINO_2o-Basquetball-Addict-scaled.webp\" class=\"attachment-full size-full\" alt=\"\" srcset=\"https:\/\/www.realclubmaritimomelilla.es\/clmar\/wp-content\/uploads\/INFANTIL_MASCULINO_2o-Basquetball-Addict-200x133.webp 200w, https:\/\/www.realclubmaritimomelilla.es\/clmar\/wp-content\/uploads\/INFANTIL_MASCULINO_2o-Basquetball-Addict-300x200.webp 300w, https:\/\/www.realclubmaritimomelilla.es\/clmar\/wp-content\/uploads\/INFANTIL_MASCULINO_2o-Basquetball-Addict-400x267.webp 400w, https:\/\/www.realclubmaritimomelilla.es\/clmar\/wp-content\/uploads\/INFANTIL_MASCULINO_2o-Basquetball-Addict-600x400.webp 600w, https:\/\/www.realclubmaritimomelilla.es\/clmar\/wp-content\/uploads\/INFANTIL_MASCULINO_2o-Basquetball-Addict-768x512.webp 768w, https:\/\/www.realclubmaritimomelilla.es\/clmar\/wp-content\/uploads\/INFANTIL_MASCULINO_2o-Basquetball-Addict-800x533.webp 800w, https:\/\/www.realclubmaritimomelilla.es\/clmar\/wp-content\/uploads\/INFANTIL_MASCULINO_2o-Basquetball-Addict-1024x683.webp 1024w, https:\/\/www.realclubmaritimomelilla.es\/clmar\/wp-content\/uploads\/INFANTIL_MASCULINO_2o-Basquetball-Addict-1200x800.webp 1200w, https:\/\/www.realclubmaritimomelilla.es\/clmar\/wp-content\/uploads\/INFANTIL_MASCULINO_2o-Basquetball-Addict-1536x1024.webp 1536w, https:\/\/www.realclubmaritimomelilla.es\/clmar\/wp-content\/uploads\/INFANTIL_MASCULINO_2o-Basquetball-Addict-scaled.webp 2560w\" sizes=\"(max-width: 2560px) 100vw, 2560px\" \/><\/a>\n\t\t\t<\/dt><\/dl><dl class='gallery-item'>\n\t\t\t<dt class='gallery-icon landscape'>\n\t\t\t\t<a data-rel=\"iLightbox[postimages]\" data-title=\"JUNIOR_MASCULINO_2\u00ba RCMM Blanco\" data-caption=\"\" href='https:\/\/www.realclubmaritimomelilla.es\/clmar\/clausura-3x3-rcmm\/junior_masculino_2o-rcmm-blanco\/'><img decoding=\"async\" width=\"2560\" height=\"1707\" src=\"https:\/\/www.realclubmaritimomelilla.es\/clmar\/wp-content\/uploads\/JUNIOR_MASCULINO_2o-RCMM-Blanco-scaled.webp\" class=\"attachment-full size-full\" alt=\"\" srcset=\"https:\/\/www.realclubmaritimomelilla.es\/clmar\/wp-content\/uploads\/JUNIOR_MASCULINO_2o-RCMM-Blanco-200x133.webp 200w, https:\/\/www.realclubmaritimomelilla.es\/clmar\/wp-content\/uploads\/JUNIOR_MASCULINO_2o-RCMM-Blanco-300x200.webp 300w, https:\/\/www.realclubmaritimomelilla.es\/clmar\/wp-content\/uploads\/JUNIOR_MASCULINO_2o-RCMM-Blanco-400x267.webp 400w, https:\/\/www.realclubmaritimomelilla.es\/clmar\/wp-content\/uploads\/JUNIOR_MASCULINO_2o-RCMM-Blanco-600x400.webp 600w, https:\/\/www.realclubmaritimomelilla.es\/clmar\/wp-content\/uploads\/JUNIOR_MASCULINO_2o-RCMM-Blanco-768x512.webp 768w, https:\/\/www.realclubmaritimomelilla.es\/clmar\/wp-content\/uploads\/JUNIOR_MASCULINO_2o-RCMM-Blanco-800x533.webp 800w, https:\/\/www.realclubmaritimomelilla.es\/clmar\/wp-content\/uploads\/JUNIOR_MASCULINO_2o-RCMM-Blanco-1024x683.webp 1024w, https:\/\/www.realclubmaritimomelilla.es\/clmar\/wp-content\/uploads\/JUNIOR_MASCULINO_2o-RCMM-Blanco-1200x800.webp 1200w, https:\/\/www.realclubmaritimomelilla.es\/clmar\/wp-content\/uploads\/JUNIOR_MASCULINO_2o-RCMM-Blanco-1536x1024.webp 1536w, https:\/\/www.realclubmaritimomelilla.es\/clmar\/wp-content\/uploads\/JUNIOR_MASCULINO_2o-RCMM-Blanco-scaled.webp 2560w\" sizes=\"(max-width: 2560px) 100vw, 2560px\" \/><\/a>\n\t\t\t<\/dt><\/dl><br style=\"clear: both\" \/><dl class='gallery-item'>\n\t\t\t<dt class='gallery-icon landscape'>\n\t\t\t\t<a data-rel=\"iLightbox[postimages]\" data-title=\"JUNIOR_MASCULINO_2\u00ba RCMM Rojo\" data-caption=\"\" href='https:\/\/www.realclubmaritimomelilla.es\/clmar\/clausura-3x3-rcmm\/junior_masculino_2o-rcmm-rojo\/'><img decoding=\"async\" width=\"2560\" height=\"1707\" src=\"https:\/\/www.realclubmaritimomelilla.es\/clmar\/wp-content\/uploads\/JUNIOR_MASCULINO_2o-RCMM-Rojo-scaled.webp\" class=\"attachment-full size-full\" alt=\"\" srcset=\"https:\/\/www.realclubmaritimomelilla.es\/clmar\/wp-content\/uploads\/JUNIOR_MASCULINO_2o-RCMM-Rojo-200x133.webp 200w, https:\/\/www.realclubmaritimomelilla.es\/clmar\/wp-content\/uploads\/JUNIOR_MASCULINO_2o-RCMM-Rojo-300x200.webp 300w, https:\/\/www.realclubmaritimomelilla.es\/clmar\/wp-content\/uploads\/JUNIOR_MASCULINO_2o-RCMM-Rojo-400x267.webp 400w, https:\/\/www.realclubmaritimomelilla.es\/clmar\/wp-content\/uploads\/JUNIOR_MASCULINO_2o-RCMM-Rojo-600x400.webp 600w, https:\/\/www.realclubmaritimomelilla.es\/clmar\/wp-content\/uploads\/JUNIOR_MASCULINO_2o-RCMM-Rojo-768x512.webp 768w, https:\/\/www.realclubmaritimomelilla.es\/clmar\/wp-content\/uploads\/JUNIOR_MASCULINO_2o-RCMM-Rojo-800x533.webp 800w, https:\/\/www.realclubmaritimomelilla.es\/clmar\/wp-content\/uploads\/JUNIOR_MASCULINO_2o-RCMM-Rojo-1024x683.webp 1024w, https:\/\/www.realclubmaritimomelilla.es\/clmar\/wp-content\/uploads\/JUNIOR_MASCULINO_2o-RCMM-Rojo-1200x800.webp 1200w, https:\/\/www.realclubmaritimomelilla.es\/clmar\/wp-content\/uploads\/JUNIOR_MASCULINO_2o-RCMM-Rojo-1536x1024.webp 1536w, https:\/\/www.realclubmaritimomelilla.es\/clmar\/wp-content\/uploads\/JUNIOR_MASCULINO_2o-RCMM-Rojo-scaled.webp 2560w\" sizes=\"(max-width: 2560px) 100vw, 2560px\" \/><\/a>\n\t\t\t<\/dt><\/dl><dl class='gallery-item'>\n\t\t\t<dt class='gallery-icon landscape'>\n\t\t\t\t<a data-rel=\"iLightbox[postimages]\" data-title=\"MINIBASKET_FEMENINO_1\u00aa RCMM Rojo\" data-caption=\"\" href='https:\/\/www.realclubmaritimomelilla.es\/clmar\/clausura-3x3-rcmm\/minibasket_femenino_1a-rcmm-rojo\/'><img decoding=\"async\" width=\"2560\" height=\"1707\" src=\"https:\/\/www.realclubmaritimomelilla.es\/clmar\/wp-content\/uploads\/MINIBASKET_FEMENINO_1a-RCMM-Rojo-scaled.webp\" class=\"attachment-full size-full\" alt=\"\" srcset=\"https:\/\/www.realclubmaritimomelilla.es\/clmar\/wp-content\/uploads\/MINIBASKET_FEMENINO_1a-RCMM-Rojo-200x133.webp 200w, https:\/\/www.realclubmaritimomelilla.es\/clmar\/wp-content\/uploads\/MINIBASKET_FEMENINO_1a-RCMM-Rojo-300x200.webp 300w, https:\/\/www.realclubmaritimomelilla.es\/clmar\/wp-content\/uploads\/MINIBASKET_FEMENINO_1a-RCMM-Rojo-400x267.webp 400w, https:\/\/www.realclubmaritimomelilla.es\/clmar\/wp-content\/uploads\/MINIBASKET_FEMENINO_1a-RCMM-Rojo-600x400.webp 600w, https:\/\/www.realclubmaritimomelilla.es\/clmar\/wp-content\/uploads\/MINIBASKET_FEMENINO_1a-RCMM-Rojo-768x512.webp 768w, https:\/\/www.realclubmaritimomelilla.es\/clmar\/wp-content\/uploads\/MINIBASKET_FEMENINO_1a-RCMM-Rojo-800x533.webp 800w, https:\/\/www.realclubmaritimomelilla.es\/clmar\/wp-content\/uploads\/MINIBASKET_FEMENINO_1a-RCMM-Rojo-1024x683.webp 1024w, https:\/\/www.realclubmaritimomelilla.es\/clmar\/wp-content\/uploads\/MINIBASKET_FEMENINO_1a-RCMM-Rojo-1200x800.webp 1200w, https:\/\/www.realclubmaritimomelilla.es\/clmar\/wp-content\/uploads\/MINIBASKET_FEMENINO_1a-RCMM-Rojo-1536x1024.webp 1536w, https:\/\/www.realclubmaritimomelilla.es\/clmar\/wp-content\/uploads\/MINIBASKET_FEMENINO_1a-RCMM-Rojo-scaled.webp 2560w\" sizes=\"(max-width: 2560px) 100vw, 2560px\" \/><\/a>\n\t\t\t<\/dt><\/dl><dl class='gallery-item'>\n\t\t\t<dt class='gallery-icon landscape'>\n\t\t\t\t<a data-rel=\"iLightbox[postimages]\" data-title=\"MINIBASKET_FEMENINO_2\u00aa La Salle Amarillo\" data-caption=\"\" href='https:\/\/www.realclubmaritimomelilla.es\/clmar\/clausura-3x3-rcmm\/minibasket_femenino_2a-la-salle-amarillo\/'><img decoding=\"async\" width=\"2560\" height=\"1707\" src=\"https:\/\/www.realclubmaritimomelilla.es\/clmar\/wp-content\/uploads\/MINIBASKET_FEMENINO_2a-La-Salle-Amarillo-scaled.webp\" class=\"attachment-full size-full\" alt=\"\" srcset=\"https:\/\/www.realclubmaritimomelilla.es\/clmar\/wp-content\/uploads\/MINIBASKET_FEMENINO_2a-La-Salle-Amarillo-200x133.webp 200w, https:\/\/www.realclubmaritimomelilla.es\/clmar\/wp-content\/uploads\/MINIBASKET_FEMENINO_2a-La-Salle-Amarillo-300x200.webp 300w, https:\/\/www.realclubmaritimomelilla.es\/clmar\/wp-content\/uploads\/MINIBASKET_FEMENINO_2a-La-Salle-Amarillo-400x267.webp 400w, https:\/\/www.realclubmaritimomelilla.es\/clmar\/wp-content\/uploads\/MINIBASKET_FEMENINO_2a-La-Salle-Amarillo-600x400.webp 600w, https:\/\/www.realclubmaritimomelilla.es\/clmar\/wp-content\/uploads\/MINIBASKET_FEMENINO_2a-La-Salle-Amarillo-768x512.webp 768w, https:\/\/www.realclubmaritimomelilla.es\/clmar\/wp-content\/uploads\/MINIBASKET_FEMENINO_2a-La-Salle-Amarillo-800x533.webp 800w, https:\/\/www.realclubmaritimomelilla.es\/clmar\/wp-content\/uploads\/MINIBASKET_FEMENINO_2a-La-Salle-Amarillo-1024x683.webp 1024w, https:\/\/www.realclubmaritimomelilla.es\/clmar\/wp-content\/uploads\/MINIBASKET_FEMENINO_2a-La-Salle-Amarillo-1200x800.webp 1200w, https:\/\/www.realclubmaritimomelilla.es\/clmar\/wp-content\/uploads\/MINIBASKET_FEMENINO_2a-La-Salle-Amarillo-1536x1024.webp 1536w, https:\/\/www.realclubmaritimomelilla.es\/clmar\/wp-content\/uploads\/MINIBASKET_FEMENINO_2a-La-Salle-Amarillo-scaled.webp 2560w\" sizes=\"(max-width: 2560px) 100vw, 2560px\" \/><\/a>\n\t\t\t<\/dt><\/dl><br style=\"clear: both\" \/><dl class='gallery-item'>\n\t\t\t<dt class='gallery-icon landscape'>\n\t\t\t\t<a data-rel=\"iLightbox[postimages]\" data-title=\"MINIBASKET_MASCULINO_1\u00ba Tralaleritos Enrique Soler\" data-caption=\"\" href='https:\/\/www.realclubmaritimomelilla.es\/clmar\/clausura-3x3-rcmm\/minibasket_masculino_1o-tralaleritos-enrique-soler\/'><img decoding=\"async\" width=\"2560\" height=\"1707\" src=\"https:\/\/www.realclubmaritimomelilla.es\/clmar\/wp-content\/uploads\/MINIBASKET_MASCULINO_1o-Tralaleritos-Enrique-Soler-scaled.webp\" class=\"attachment-full size-full\" alt=\"\" srcset=\"https:\/\/www.realclubmaritimomelilla.es\/clmar\/wp-content\/uploads\/MINIBASKET_MASCULINO_1o-Tralaleritos-Enrique-Soler-200x133.webp 200w, https:\/\/www.realclubmaritimomelilla.es\/clmar\/wp-content\/uploads\/MINIBASKET_MASCULINO_1o-Tralaleritos-Enrique-Soler-300x200.webp 300w, https:\/\/www.realclubmaritimomelilla.es\/clmar\/wp-content\/uploads\/MINIBASKET_MASCULINO_1o-Tralaleritos-Enrique-Soler-400x267.webp 400w, https:\/\/www.realclubmaritimomelilla.es\/clmar\/wp-content\/uploads\/MINIBASKET_MASCULINO_1o-Tralaleritos-Enrique-Soler-600x400.webp 600w, https:\/\/www.realclubmaritimomelilla.es\/clmar\/wp-content\/uploads\/MINIBASKET_MASCULINO_1o-Tralaleritos-Enrique-Soler-768x512.webp 768w, https:\/\/www.realclubmaritimomelilla.es\/clmar\/wp-content\/uploads\/MINIBASKET_MASCULINO_1o-Tralaleritos-Enrique-Soler-800x533.webp 800w, https:\/\/www.realclubmaritimomelilla.es\/clmar\/wp-content\/uploads\/MINIBASKET_MASCULINO_1o-Tralaleritos-Enrique-Soler-1024x683.webp 1024w, https:\/\/www.realclubmaritimomelilla.es\/clmar\/wp-content\/uploads\/MINIBASKET_MASCULINO_1o-Tralaleritos-Enrique-Soler-1200x800.webp 1200w, https:\/\/www.realclubmaritimomelilla.es\/clmar\/wp-content\/uploads\/MINIBASKET_MASCULINO_1o-Tralaleritos-Enrique-Soler-1536x1024.webp 1536w, https:\/\/www.realclubmaritimomelilla.es\/clmar\/wp-content\/uploads\/MINIBASKET_MASCULINO_1o-Tralaleritos-Enrique-Soler-scaled.webp 2560w\" sizes=\"(max-width: 2560px) 100vw, 2560px\" \/><\/a>\n\t\t\t<\/dt><\/dl><dl class='gallery-item'>\n\t\t\t<dt class='gallery-icon landscape'>\n\t\t\t\t<a data-rel=\"iLightbox[postimages]\" data-title=\"MINIBASKET_MASCULINO_2\u00ba La Salle Azul\" data-caption=\"\" href='https:\/\/www.realclubmaritimomelilla.es\/clmar\/clausura-3x3-rcmm\/minibasket_masculino_2o-la-salle-azul\/'><img decoding=\"async\" width=\"2560\" height=\"1707\" src=\"https:\/\/www.realclubmaritimomelilla.es\/clmar\/wp-content\/uploads\/MINIBASKET_MASCULINO_2o-La-Salle-Azul-scaled.webp\" class=\"attachment-full size-full\" alt=\"\" srcset=\"https:\/\/www.realclubmaritimomelilla.es\/clmar\/wp-content\/uploads\/MINIBASKET_MASCULINO_2o-La-Salle-Azul-200x133.webp 200w, https:\/\/www.realclubmaritimomelilla.es\/clmar\/wp-content\/uploads\/MINIBASKET_MASCULINO_2o-La-Salle-Azul-300x200.webp 300w, https:\/\/www.realclubmaritimomelilla.es\/clmar\/wp-content\/uploads\/MINIBASKET_MASCULINO_2o-La-Salle-Azul-400x267.webp 400w, https:\/\/www.realclubmaritimomelilla.es\/clmar\/wp-content\/uploads\/MINIBASKET_MASCULINO_2o-La-Salle-Azul-600x400.webp 600w, https:\/\/www.realclubmaritimomelilla.es\/clmar\/wp-content\/uploads\/MINIBASKET_MASCULINO_2o-La-Salle-Azul-768x512.webp 768w, https:\/\/www.realclubmaritimomelilla.es\/clmar\/wp-content\/uploads\/MINIBASKET_MASCULINO_2o-La-Salle-Azul-800x533.webp 800w, https:\/\/www.realclubmaritimomelilla.es\/clmar\/wp-content\/uploads\/MINIBASKET_MASCULINO_2o-La-Salle-Azul-1024x683.webp 1024w, https:\/\/www.realclubmaritimomelilla.es\/clmar\/wp-content\/uploads\/MINIBASKET_MASCULINO_2o-La-Salle-Azul-1200x800.webp 1200w, https:\/\/www.realclubmaritimomelilla.es\/clmar\/wp-content\/uploads\/MINIBASKET_MASCULINO_2o-La-Salle-Azul-1536x1024.webp 1536w, https:\/\/www.realclubmaritimomelilla.es\/clmar\/wp-content\/uploads\/MINIBASKET_MASCULINO_2o-La-Salle-Azul-scaled.webp 2560w\" sizes=\"(max-width: 2560px) 100vw, 2560px\" \/><\/a>\n\t\t\t<\/dt><\/dl><dl class='gallery-item'>\n\t\t\t<dt class='gallery-icon landscape'>\n\t\t\t\t<a data-rel=\"iLightbox[postimages]\" data-title=\"PEQUEBASKET_1\u00ba Salleco\" data-caption=\"\" href='https:\/\/www.realclubmaritimomelilla.es\/clmar\/clausura-3x3-rcmm\/pequebasket_1o-salleco\/'><img decoding=\"async\" width=\"2560\" height=\"1707\" src=\"https:\/\/www.realclubmaritimomelilla.es\/clmar\/wp-content\/uploads\/PEQUEBASKET_1o-Salleco-scaled.webp\" class=\"attachment-full size-full\" alt=\"\" srcset=\"https:\/\/www.realclubmaritimomelilla.es\/clmar\/wp-content\/uploads\/PEQUEBASKET_1o-Salleco-200x133.webp 200w, https:\/\/www.realclubmaritimomelilla.es\/clmar\/wp-content\/uploads\/PEQUEBASKET_1o-Salleco-300x200.webp 300w, https:\/\/www.realclubmaritimomelilla.es\/clmar\/wp-content\/uploads\/PEQUEBASKET_1o-Salleco-400x267.webp 400w, https:\/\/www.realclubmaritimomelilla.es\/clmar\/wp-content\/uploads\/PEQUEBASKET_1o-Salleco-600x400.webp 600w, https:\/\/www.realclubmaritimomelilla.es\/clmar\/wp-content\/uploads\/PEQUEBASKET_1o-Salleco-768x512.webp 768w, https:\/\/www.realclubmaritimomelilla.es\/clmar\/wp-content\/uploads\/PEQUEBASKET_1o-Salleco-800x533.webp 800w, https:\/\/www.realclubmaritimomelilla.es\/clmar\/wp-content\/uploads\/PEQUEBASKET_1o-Salleco-1024x683.webp 1024w, https:\/\/www.realclubmaritimomelilla.es\/clmar\/wp-content\/uploads\/PEQUEBASKET_1o-Salleco-1200x800.webp 1200w, https:\/\/www.realclubmaritimomelilla.es\/clmar\/wp-content\/uploads\/PEQUEBASKET_1o-Salleco-1536x1024.webp 1536w, https:\/\/www.realclubmaritimomelilla.es\/clmar\/wp-content\/uploads\/PEQUEBASKET_1o-Salleco-scaled.webp 2560w\" sizes=\"(max-width: 2560px) 100vw, 2560px\" \/><\/a>\n\t\t\t<\/dt><\/dl><br style=\"clear: both\" \/><dl class='gallery-item'>\n\t\t\t<dt class='gallery-icon landscape'>\n\t\t\t\t<a data-rel=\"iLightbox[postimages]\" data-title=\"PEQUEBASKET_2\u00ba Los Minis Enrique Soler\" data-caption=\"\" href='https:\/\/www.realclubmaritimomelilla.es\/clmar\/clausura-3x3-rcmm\/pequebasket_2o-los-minis-enrique-soler\/'><img decoding=\"async\" width=\"2560\" height=\"1707\" src=\"https:\/\/www.realclubmaritimomelilla.es\/clmar\/wp-content\/uploads\/PEQUEBASKET_2o-Los-Minis-Enrique-Soler-scaled.webp\" class=\"attachment-full size-full\" alt=\"\" srcset=\"https:\/\/www.realclubmaritimomelilla.es\/clmar\/wp-content\/uploads\/PEQUEBASKET_2o-Los-Minis-Enrique-Soler-200x133.webp 200w, https:\/\/www.realclubmaritimomelilla.es\/clmar\/wp-content\/uploads\/PEQUEBASKET_2o-Los-Minis-Enrique-Soler-300x200.webp 300w, https:\/\/www.realclubmaritimomelilla.es\/clmar\/wp-content\/uploads\/PEQUEBASKET_2o-Los-Minis-Enrique-Soler-400x267.webp 400w, https:\/\/www.realclubmaritimomelilla.es\/clmar\/wp-content\/uploads\/PEQUEBASKET_2o-Los-Minis-Enrique-Soler-600x400.webp 600w, https:\/\/www.realclubmaritimomelilla.es\/clmar\/wp-content\/uploads\/PEQUEBASKET_2o-Los-Minis-Enrique-Soler-768x512.webp 768w, https:\/\/www.realclubmaritimomelilla.es\/clmar\/wp-content\/uploads\/PEQUEBASKET_2o-Los-Minis-Enrique-Soler-800x533.webp 800w, https:\/\/www.realclubmaritimomelilla.es\/clmar\/wp-content\/uploads\/PEQUEBASKET_2o-Los-Minis-Enrique-Soler-1024x683.webp 1024w, https:\/\/www.realclubmaritimomelilla.es\/clmar\/wp-content\/uploads\/PEQUEBASKET_2o-Los-Minis-Enrique-Soler-1200x800.webp 1200w, https:\/\/www.realclubmaritimomelilla.es\/clmar\/wp-content\/uploads\/PEQUEBASKET_2o-Los-Minis-Enrique-Soler-1536x1024.webp 1536w, https:\/\/www.realclubmaritimomelilla.es\/clmar\/wp-content\/uploads\/PEQUEBASKET_2o-Los-Minis-Enrique-Soler-scaled.webp 2560w\" sizes=\"(max-width: 2560px) 100vw, 2560px\" \/><\/a>\n\t\t\t<\/dt><\/dl><dl class='gallery-item'>\n\t\t\t<dt class='gallery-icon landscape'>\n\t\t\t\t<a data-rel=\"iLightbox[postimages]\" data-title=\"PREINFANTIL_FEMENINO_1\u00aa La aslle Azul\" data-caption=\"\" href='https:\/\/www.realclubmaritimomelilla.es\/clmar\/clausura-3x3-rcmm\/preinfantil_femenino_1a-la-aslle-azul\/'><img decoding=\"async\" width=\"2560\" height=\"1707\" src=\"https:\/\/www.realclubmaritimomelilla.es\/clmar\/wp-content\/uploads\/PREINFANTIL_FEMENINO_1a-La-aslle-Azul-scaled.webp\" class=\"attachment-full size-full\" alt=\"\" srcset=\"https:\/\/www.realclubmaritimomelilla.es\/clmar\/wp-content\/uploads\/PREINFANTIL_FEMENINO_1a-La-aslle-Azul-200x133.webp 200w, https:\/\/www.realclubmaritimomelilla.es\/clmar\/wp-content\/uploads\/PREINFANTIL_FEMENINO_1a-La-aslle-Azul-300x200.webp 300w, https:\/\/www.realclubmaritimomelilla.es\/clmar\/wp-content\/uploads\/PREINFANTIL_FEMENINO_1a-La-aslle-Azul-400x267.webp 400w, https:\/\/www.realclubmaritimomelilla.es\/clmar\/wp-content\/uploads\/PREINFANTIL_FEMENINO_1a-La-aslle-Azul-600x400.webp 600w, https:\/\/www.realclubmaritimomelilla.es\/clmar\/wp-content\/uploads\/PREINFANTIL_FEMENINO_1a-La-aslle-Azul-768x512.webp 768w, https:\/\/www.realclubmaritimomelilla.es\/clmar\/wp-content\/uploads\/PREINFANTIL_FEMENINO_1a-La-aslle-Azul-800x533.webp 800w, https:\/\/www.realclubmaritimomelilla.es\/clmar\/wp-content\/uploads\/PREINFANTIL_FEMENINO_1a-La-aslle-Azul-1024x683.webp 1024w, https:\/\/www.realclubmaritimomelilla.es\/clmar\/wp-content\/uploads\/PREINFANTIL_FEMENINO_1a-La-aslle-Azul-1200x800.webp 1200w, https:\/\/www.realclubmaritimomelilla.es\/clmar\/wp-content\/uploads\/PREINFANTIL_FEMENINO_1a-La-aslle-Azul-1536x1024.webp 1536w, https:\/\/www.realclubmaritimomelilla.es\/clmar\/wp-content\/uploads\/PREINFANTIL_FEMENINO_1a-La-aslle-Azul-scaled.webp 2560w\" sizes=\"(max-width: 2560px) 100vw, 2560px\" \/><\/a>\n\t\t\t<\/dt><\/dl><dl class='gallery-item'>\n\t\t\t<dt class='gallery-icon landscape'>\n\t\t\t\t<a data-rel=\"iLightbox[postimages]\" data-title=\"PREINFANTIL_FEMENINO_2\u00aa RCMM Rojo\" data-caption=\"\" href='https:\/\/www.realclubmaritimomelilla.es\/clmar\/clausura-3x3-rcmm\/preinfantil_femenino_2a-rcmm-rojo\/'><img decoding=\"async\" width=\"2560\" height=\"1707\" src=\"https:\/\/www.realclubmaritimomelilla.es\/clmar\/wp-content\/uploads\/PREINFANTIL_FEMENINO_2a-RCMM-Rojo-scaled.webp\" class=\"attachment-full size-full\" alt=\"\" srcset=\"https:\/\/www.realclubmaritimomelilla.es\/clmar\/wp-content\/uploads\/PREINFANTIL_FEMENINO_2a-RCMM-Rojo-200x133.webp 200w, https:\/\/www.realclubmaritimomelilla.es\/clmar\/wp-content\/uploads\/PREINFANTIL_FEMENINO_2a-RCMM-Rojo-300x200.webp 300w, https:\/\/www.realclubmaritimomelilla.es\/clmar\/wp-content\/uploads\/PREINFANTIL_FEMENINO_2a-RCMM-Rojo-400x267.webp 400w, https:\/\/www.realclubmaritimomelilla.es\/clmar\/wp-content\/uploads\/PREINFANTIL_FEMENINO_2a-RCMM-Rojo-600x400.webp 600w, https:\/\/www.realclubmaritimomelilla.es\/clmar\/wp-content\/uploads\/PREINFANTIL_FEMENINO_2a-RCMM-Rojo-768x512.webp 768w, https:\/\/www.realclubmaritimomelilla.es\/clmar\/wp-content\/uploads\/PREINFANTIL_FEMENINO_2a-RCMM-Rojo-800x533.webp 800w, https:\/\/www.realclubmaritimomelilla.es\/clmar\/wp-content\/uploads\/PREINFANTIL_FEMENINO_2a-RCMM-Rojo-1024x683.webp 1024w, https:\/\/www.realclubmaritimomelilla.es\/clmar\/wp-content\/uploads\/PREINFANTIL_FEMENINO_2a-RCMM-Rojo-1200x800.webp 1200w, https:\/\/www.realclubmaritimomelilla.es\/clmar\/wp-content\/uploads\/PREINFANTIL_FEMENINO_2a-RCMM-Rojo-1536x1024.webp 1536w, https:\/\/www.realclubmaritimomelilla.es\/clmar\/wp-content\/uploads\/PREINFANTIL_FEMENINO_2a-RCMM-Rojo-scaled.webp 2560w\" sizes=\"(max-width: 2560px) 100vw, 2560px\" \/><\/a>\n\t\t\t<\/dt><\/dl><br style=\"clear: both\" \/><dl class='gallery-item'>\n\t\t\t<dt class='gallery-icon landscape'>\n\t\t\t\t<a data-rel=\"iLightbox[postimages]\" data-title=\"PREINFANTIL_MASCULINO_1\u00ba Enrique Soler 1\" data-caption=\"\" href='https:\/\/www.realclubmaritimomelilla.es\/clmar\/clausura-3x3-rcmm\/preinfantil_masculino_1o-enrique-soler-1\/'><img decoding=\"async\" width=\"2560\" height=\"1707\" src=\"https:\/\/www.realclubmaritimomelilla.es\/clmar\/wp-content\/uploads\/PREINFANTIL_MASCULINO_1o-Enrique-Soler-1-scaled.webp\" class=\"attachment-full size-full\" alt=\"\" srcset=\"https:\/\/www.realclubmaritimomelilla.es\/clmar\/wp-content\/uploads\/PREINFANTIL_MASCULINO_1o-Enrique-Soler-1-200x133.webp 200w, https:\/\/www.realclubmaritimomelilla.es\/clmar\/wp-content\/uploads\/PREINFANTIL_MASCULINO_1o-Enrique-Soler-1-300x200.webp 300w, https:\/\/www.realclubmaritimomelilla.es\/clmar\/wp-content\/uploads\/PREINFANTIL_MASCULINO_1o-Enrique-Soler-1-400x267.webp 400w, https:\/\/www.realclubmaritimomelilla.es\/clmar\/wp-content\/uploads\/PREINFANTIL_MASCULINO_1o-Enrique-Soler-1-600x400.webp 600w, https:\/\/www.realclubmaritimomelilla.es\/clmar\/wp-content\/uploads\/PREINFANTIL_MASCULINO_1o-Enrique-Soler-1-768x512.webp 768w, https:\/\/www.realclubmaritimomelilla.es\/clmar\/wp-content\/uploads\/PREINFANTIL_MASCULINO_1o-Enrique-Soler-1-800x533.webp 800w, https:\/\/www.realclubmaritimomelilla.es\/clmar\/wp-content\/uploads\/PREINFANTIL_MASCULINO_1o-Enrique-Soler-1-1024x683.webp 1024w, https:\/\/www.realclubmaritimomelilla.es\/clmar\/wp-content\/uploads\/PREINFANTIL_MASCULINO_1o-Enrique-Soler-1-1200x800.webp 1200w, https:\/\/www.realclubmaritimomelilla.es\/clmar\/wp-content\/uploads\/PREINFANTIL_MASCULINO_1o-Enrique-Soler-1-1536x1024.webp 1536w, https:\/\/www.realclubmaritimomelilla.es\/clmar\/wp-content\/uploads\/PREINFANTIL_MASCULINO_1o-Enrique-Soler-1-scaled.webp 2560w\" sizes=\"(max-width: 2560px) 100vw, 2560px\" \/><\/a>\n\t\t\t<\/dt><\/dl><dl class='gallery-item'>\n\t\t\t<dt class='gallery-icon landscape'>\n\t\t\t\t<a data-rel=\"iLightbox[postimages]\" data-title=\"PREINFANTIL_MASCULINO_2\u00ba RCMM Azul\" data-caption=\"\" href='https:\/\/www.realclubmaritimomelilla.es\/clmar\/clausura-3x3-rcmm\/preinfantil_masculino_2o-rcmm-azul\/'><img decoding=\"async\" width=\"2560\" height=\"1707\" src=\"https:\/\/www.realclubmaritimomelilla.es\/clmar\/wp-content\/uploads\/PREINFANTIL_MASCULINO_2o-RCMM-Azul-scaled.webp\" class=\"attachment-full size-full\" alt=\"\" srcset=\"https:\/\/www.realclubmaritimomelilla.es\/clmar\/wp-content\/uploads\/PREINFANTIL_MASCULINO_2o-RCMM-Azul-200x133.webp 200w, https:\/\/www.realclubmaritimomelilla.es\/clmar\/wp-content\/uploads\/PREINFANTIL_MASCULINO_2o-RCMM-Azul-300x200.webp 300w, https:\/\/www.realclubmaritimomelilla.es\/clmar\/wp-content\/uploads\/PREINFANTIL_MASCULINO_2o-RCMM-Azul-400x267.webp 400w, https:\/\/www.realclubmaritimomelilla.es\/clmar\/wp-content\/uploads\/PREINFANTIL_MASCULINO_2o-RCMM-Azul-600x400.webp 600w, https:\/\/www.realclubmaritimomelilla.es\/clmar\/wp-content\/uploads\/PREINFANTIL_MASCULINO_2o-RCMM-Azul-768x512.webp 768w, https:\/\/www.realclubmaritimomelilla.es\/clmar\/wp-content\/uploads\/PREINFANTIL_MASCULINO_2o-RCMM-Azul-800x533.webp 800w, https:\/\/www.realclubmaritimomelilla.es\/clmar\/wp-content\/uploads\/PREINFANTIL_MASCULINO_2o-RCMM-Azul-1024x683.webp 1024w, https:\/\/www.realclubmaritimomelilla.es\/clmar\/wp-content\/uploads\/PREINFANTIL_MASCULINO_2o-RCMM-Azul-1200x800.webp 1200w, https:\/\/www.realclubmaritimomelilla.es\/clmar\/wp-content\/uploads\/PREINFANTIL_MASCULINO_2o-RCMM-Azul-1536x1024.webp 1536w, https:\/\/www.realclubmaritimomelilla.es\/clmar\/wp-content\/uploads\/PREINFANTIL_MASCULINO_2o-RCMM-Azul-scaled.webp 2560w\" sizes=\"(max-width: 2560px) 100vw, 2560px\" \/><\/a>\n\t\t\t<\/dt><\/dl><dl class='gallery-item'>\n\t\t\t<dt class='gallery-icon landscape'>\n\t\t\t\t<a data-rel=\"iLightbox[postimages]\" data-title=\"PREPEQUEBASKET_1\u00ba La Salle Azul\" data-caption=\"\" href='https:\/\/www.realclubmaritimomelilla.es\/clmar\/clausura-3x3-rcmm\/prepequebasket_1o-la-salle-azul\/'><img decoding=\"async\" width=\"2560\" height=\"1707\" src=\"https:\/\/www.realclubmaritimomelilla.es\/clmar\/wp-content\/uploads\/PREPEQUEBASKET_1o-La-Salle-Azul-scaled.webp\" class=\"attachment-full size-full\" alt=\"\" srcset=\"https:\/\/www.realclubmaritimomelilla.es\/clmar\/wp-content\/uploads\/PREPEQUEBASKET_1o-La-Salle-Azul-200x133.webp 200w, https:\/\/www.realclubmaritimomelilla.es\/clmar\/wp-content\/uploads\/PREPEQUEBASKET_1o-La-Salle-Azul-300x200.webp 300w, https:\/\/www.realclubmaritimomelilla.es\/clmar\/wp-content\/uploads\/PREPEQUEBASKET_1o-La-Salle-Azul-400x267.webp 400w, https:\/\/www.realclubmaritimomelilla.es\/clmar\/wp-content\/uploads\/PREPEQUEBASKET_1o-La-Salle-Azul-600x400.webp 600w, https:\/\/www.realclubmaritimomelilla.es\/clmar\/wp-content\/uploads\/PREPEQUEBASKET_1o-La-Salle-Azul-768x512.webp 768w, https:\/\/www.realclubmaritimomelilla.es\/clmar\/wp-content\/uploads\/PREPEQUEBASKET_1o-La-Salle-Azul-800x533.webp 800w, https:\/\/www.realclubmaritimomelilla.es\/clmar\/wp-content\/uploads\/PREPEQUEBASKET_1o-La-Salle-Azul-1024x683.webp 1024w, https:\/\/www.realclubmaritimomelilla.es\/clmar\/wp-content\/uploads\/PREPEQUEBASKET_1o-La-Salle-Azul-1200x800.webp 1200w, https:\/\/www.realclubmaritimomelilla.es\/clmar\/wp-content\/uploads\/PREPEQUEBASKET_1o-La-Salle-Azul-1536x1024.webp 1536w, https:\/\/www.realclubmaritimomelilla.es\/clmar\/wp-content\/uploads\/PREPEQUEBASKET_1o-La-Salle-Azul-scaled.webp 2560w\" sizes=\"(max-width: 2560px) 100vw, 2560px\" \/><\/a>\n\t\t\t<\/dt><\/dl><br style=\"clear: both\" \/><dl class='gallery-item'>\n\t\t\t<dt class='gallery-icon landscape'>\n\t\t\t\t<a data-rel=\"iLightbox[postimages]\" data-title=\"PREPEQUEBASKET_2\u00ba Soler Basket\" data-caption=\"\" href='https:\/\/www.realclubmaritimomelilla.es\/clmar\/clausura-3x3-rcmm\/prepequebasket_2o-soler-basket\/'><img decoding=\"async\" width=\"2560\" height=\"1707\" src=\"https:\/\/www.realclubmaritimomelilla.es\/clmar\/wp-content\/uploads\/PREPEQUEBASKET_2o-Soler-Basket-scaled.webp\" class=\"attachment-full size-full\" alt=\"\" srcset=\"https:\/\/www.realclubmaritimomelilla.es\/clmar\/wp-content\/uploads\/PREPEQUEBASKET_2o-Soler-Basket-200x133.webp 200w, https:\/\/www.realclubmaritimomelilla.es\/clmar\/wp-content\/uploads\/PREPEQUEBASKET_2o-Soler-Basket-300x200.webp 300w, https:\/\/www.realclubmaritimomelilla.es\/clmar\/wp-content\/uploads\/PREPEQUEBASKET_2o-Soler-Basket-400x267.webp 400w, https:\/\/www.realclubmaritimomelilla.es\/clmar\/wp-content\/uploads\/PREPEQUEBASKET_2o-Soler-Basket-600x400.webp 600w, https:\/\/www.realclubmaritimomelilla.es\/clmar\/wp-content\/uploads\/PREPEQUEBASKET_2o-Soler-Basket-768x512.webp 768w, https:\/\/www.realclubmaritimomelilla.es\/clmar\/wp-content\/uploads\/PREPEQUEBASKET_2o-Soler-Basket-800x533.webp 800w, https:\/\/www.realclubmaritimomelilla.es\/clmar\/wp-content\/uploads\/PREPEQUEBASKET_2o-Soler-Basket-1024x683.webp 1024w, https:\/\/www.realclubmaritimomelilla.es\/clmar\/wp-content\/uploads\/PREPEQUEBASKET_2o-Soler-Basket-1200x800.webp 1200w, https:\/\/www.realclubmaritimomelilla.es\/clmar\/wp-content\/uploads\/PREPEQUEBASKET_2o-Soler-Basket-1536x1024.webp 1536w, https:\/\/www.realclubmaritimomelilla.es\/clmar\/wp-content\/uploads\/PREPEQUEBASKET_2o-Soler-Basket-scaled.webp 2560w\" sizes=\"(max-width: 2560px) 100vw, 2560px\" \/><\/a>\n\t\t\t<\/dt><\/dl><dl class='gallery-item'>\n\t\t\t<dt class='gallery-icon landscape'>\n\t\t\t\t<a data-rel=\"iLightbox[postimages]\" data-title=\"SENIOR_JUNIOR_FEMENINO_1\u00aa La Salle Junior\" data-caption=\"\" href='https:\/\/www.realclubmaritimomelilla.es\/clmar\/clausura-3x3-rcmm\/senior_junior_femenino_1a-la-salle-junior\/'><img decoding=\"async\" width=\"2560\" height=\"1707\" src=\"https:\/\/www.realclubmaritimomelilla.es\/clmar\/wp-content\/uploads\/SENIOR_JUNIOR_FEMENINO_1a-La-Salle-Junior-scaled.webp\" class=\"attachment-full size-full\" alt=\"\" srcset=\"https:\/\/www.realclubmaritimomelilla.es\/clmar\/wp-content\/uploads\/SENIOR_JUNIOR_FEMENINO_1a-La-Salle-Junior-200x133.webp 200w, https:\/\/www.realclubmaritimomelilla.es\/clmar\/wp-content\/uploads\/SENIOR_JUNIOR_FEMENINO_1a-La-Salle-Junior-300x200.webp 300w, https:\/\/www.realclubmaritimomelilla.es\/clmar\/wp-content\/uploads\/SENIOR_JUNIOR_FEMENINO_1a-La-Salle-Junior-400x267.webp 400w, https:\/\/www.realclubmaritimomelilla.es\/clmar\/wp-content\/uploads\/SENIOR_JUNIOR_FEMENINO_1a-La-Salle-Junior-600x400.webp 600w, https:\/\/www.realclubmaritimomelilla.es\/clmar\/wp-content\/uploads\/SENIOR_JUNIOR_FEMENINO_1a-La-Salle-Junior-768x512.webp 768w, https:\/\/www.realclubmaritimomelilla.es\/clmar\/wp-content\/uploads\/SENIOR_JUNIOR_FEMENINO_1a-La-Salle-Junior-800x533.webp 800w, https:\/\/www.realclubmaritimomelilla.es\/clmar\/wp-content\/uploads\/SENIOR_JUNIOR_FEMENINO_1a-La-Salle-Junior-1024x683.webp 1024w, https:\/\/www.realclubmaritimomelilla.es\/clmar\/wp-content\/uploads\/SENIOR_JUNIOR_FEMENINO_1a-La-Salle-Junior-1200x800.webp 1200w, https:\/\/www.realclubmaritimomelilla.es\/clmar\/wp-content\/uploads\/SENIOR_JUNIOR_FEMENINO_1a-La-Salle-Junior-1536x1024.webp 1536w, https:\/\/www.realclubmaritimomelilla.es\/clmar\/wp-content\/uploads\/SENIOR_JUNIOR_FEMENINO_1a-La-Salle-Junior-scaled.webp 2560w\" sizes=\"(max-width: 2560px) 100vw, 2560px\" \/><\/a>\n\t\t\t<\/dt><\/dl><dl class='gallery-item'>\n\t\t\t<dt class='gallery-icon landscape'>\n\t\t\t\t<a data-rel=\"iLightbox[postimages]\" data-title=\"SENIOR_JUNIOR_FEMENINO_2\u00aa Las Diesel de La Salle\" data-caption=\"\" href='https:\/\/www.realclubmaritimomelilla.es\/clmar\/clausura-3x3-rcmm\/senior_junior_femenino_2a-las-diesel-de-la-salle\/'><img decoding=\"async\" width=\"2560\" height=\"1707\" src=\"https:\/\/www.realclubmaritimomelilla.es\/clmar\/wp-content\/uploads\/SENIOR_JUNIOR_FEMENINO_2a-Las-Diesel-de-La-Salle-scaled.webp\" class=\"attachment-full size-full\" alt=\"\" srcset=\"https:\/\/www.realclubmaritimomelilla.es\/clmar\/wp-content\/uploads\/SENIOR_JUNIOR_FEMENINO_2a-Las-Diesel-de-La-Salle-200x133.webp 200w, https:\/\/www.realclubmaritimomelilla.es\/clmar\/wp-content\/uploads\/SENIOR_JUNIOR_FEMENINO_2a-Las-Diesel-de-La-Salle-300x200.webp 300w, https:\/\/www.realclubmaritimomelilla.es\/clmar\/wp-content\/uploads\/SENIOR_JUNIOR_FEMENINO_2a-Las-Diesel-de-La-Salle-400x267.webp 400w, https:\/\/www.realclubmaritimomelilla.es\/clmar\/wp-content\/uploads\/SENIOR_JUNIOR_FEMENINO_2a-Las-Diesel-de-La-Salle-600x400.webp 600w, https:\/\/www.realclubmaritimomelilla.es\/clmar\/wp-content\/uploads\/SENIOR_JUNIOR_FEMENINO_2a-Las-Diesel-de-La-Salle-768x512.webp 768w, https:\/\/www.realclubmaritimomelilla.es\/clmar\/wp-content\/uploads\/SENIOR_JUNIOR_FEMENINO_2a-Las-Diesel-de-La-Salle-800x533.webp 800w, https:\/\/www.realclubmaritimomelilla.es\/clmar\/wp-content\/uploads\/SENIOR_JUNIOR_FEMENINO_2a-Las-Diesel-de-La-Salle-1024x683.webp 1024w, https:\/\/www.realclubmaritimomelilla.es\/clmar\/wp-content\/uploads\/SENIOR_JUNIOR_FEMENINO_2a-Las-Diesel-de-La-Salle-1200x800.webp 1200w, https:\/\/www.realclubmaritimomelilla.es\/clmar\/wp-content\/uploads\/SENIOR_JUNIOR_FEMENINO_2a-Las-Diesel-de-La-Salle-1536x1024.webp 1536w, https:\/\/www.realclubmaritimomelilla.es\/clmar\/wp-content\/uploads\/SENIOR_JUNIOR_FEMENINO_2a-Las-Diesel-de-La-Salle-scaled.webp 2560w\" sizes=\"(max-width: 2560px) 100vw, 2560px\" \/><\/a>\n\t\t\t<\/dt><\/dl><br style=\"clear: both\" \/><dl class='gallery-item'>\n\t\t\t<dt class='gallery-icon landscape'>\n\t\t\t\t<a data-rel=\"iLightbox[postimages]\" data-title=\"SENIOR_MASCULINO 1\u00ba RCMM\" data-caption=\"\" href='https:\/\/www.realclubmaritimomelilla.es\/clmar\/clausura-3x3-rcmm\/senior_masculino-1o-rcmm\/'><img decoding=\"async\" width=\"2560\" height=\"1707\" src=\"https:\/\/www.realclubmaritimomelilla.es\/clmar\/wp-content\/uploads\/SENIOR_MASCULINO-1o-RCMM-scaled.webp\" class=\"attachment-full size-full\" alt=\"\" srcset=\"https:\/\/www.realclubmaritimomelilla.es\/clmar\/wp-content\/uploads\/SENIOR_MASCULINO-1o-RCMM-200x133.webp 200w, https:\/\/www.realclubmaritimomelilla.es\/clmar\/wp-content\/uploads\/SENIOR_MASCULINO-1o-RCMM-300x200.webp 300w, https:\/\/www.realclubmaritimomelilla.es\/clmar\/wp-content\/uploads\/SENIOR_MASCULINO-1o-RCMM-400x267.webp 400w, https:\/\/www.realclubmaritimomelilla.es\/clmar\/wp-content\/uploads\/SENIOR_MASCULINO-1o-RCMM-600x400.webp 600w, https:\/\/www.realclubmaritimomelilla.es\/clmar\/wp-content\/uploads\/SENIOR_MASCULINO-1o-RCMM-768x512.webp 768w, https:\/\/www.realclubmaritimomelilla.es\/clmar\/wp-content\/uploads\/SENIOR_MASCULINO-1o-RCMM-800x533.webp 800w, https:\/\/www.realclubmaritimomelilla.es\/clmar\/wp-content\/uploads\/SENIOR_MASCULINO-1o-RCMM-1024x683.webp 1024w, https:\/\/www.realclubmaritimomelilla.es\/clmar\/wp-content\/uploads\/SENIOR_MASCULINO-1o-RCMM-1200x800.webp 1200w, https:\/\/www.realclubmaritimomelilla.es\/clmar\/wp-content\/uploads\/SENIOR_MASCULINO-1o-RCMM-1536x1024.webp 1536w, https:\/\/www.realclubmaritimomelilla.es\/clmar\/wp-content\/uploads\/SENIOR_MASCULINO-1o-RCMM-scaled.webp 2560w\" sizes=\"(max-width: 2560px) 100vw, 2560px\" \/><\/a>\n\t\t\t<\/dt><\/dl><dl class='gallery-item'>\n\t\t\t<dt class='gallery-icon landscape'>\n\t\t\t\t<a data-rel=\"iLightbox[postimages]\" data-title=\"SENIOR_MASCULINO 2\u00ba Melistar\" data-caption=\"\" href='https:\/\/www.realclubmaritimomelilla.es\/clmar\/clausura-3x3-rcmm\/senior_masculino-2o-melistar\/'><img decoding=\"async\" width=\"2560\" height=\"1707\" src=\"https:\/\/www.realclubmaritimomelilla.es\/clmar\/wp-content\/uploads\/SENIOR_MASCULINO-2o-Melistar-scaled.webp\" class=\"attachment-full size-full\" alt=\"\" srcset=\"https:\/\/www.realclubmaritimomelilla.es\/clmar\/wp-content\/uploads\/SENIOR_MASCULINO-2o-Melistar-200x133.webp 200w, https:\/\/www.realclubmaritimomelilla.es\/clmar\/wp-content\/uploads\/SENIOR_MASCULINO-2o-Melistar-300x200.webp 300w, https:\/\/www.realclubmaritimomelilla.es\/clmar\/wp-content\/uploads\/SENIOR_MASCULINO-2o-Melistar-400x267.webp 400w, https:\/\/www.realclubmaritimomelilla.es\/clmar\/wp-content\/uploads\/SENIOR_MASCULINO-2o-Melistar-600x400.webp 600w, https:\/\/www.realclubmaritimomelilla.es\/clmar\/wp-content\/uploads\/SENIOR_MASCULINO-2o-Melistar-768x512.webp 768w, https:\/\/www.realclubmaritimomelilla.es\/clmar\/wp-content\/uploads\/SENIOR_MASCULINO-2o-Melistar-800x533.webp 800w, https:\/\/www.realclubmaritimomelilla.es\/clmar\/wp-content\/uploads\/SENIOR_MASCULINO-2o-Melistar-1024x683.webp 1024w, https:\/\/www.realclubmaritimomelilla.es\/clmar\/wp-content\/uploads\/SENIOR_MASCULINO-2o-Melistar-1200x800.webp 1200w, https:\/\/www.realclubmaritimomelilla.es\/clmar\/wp-content\/uploads\/SENIOR_MASCULINO-2o-Melistar-1536x1024.webp 1536w, https:\/\/www.realclubmaritimomelilla.es\/clmar\/wp-content\/uploads\/SENIOR_MASCULINO-2o-Melistar-scaled.webp 2560w\" sizes=\"(max-width: 2560px) 100vw, 2560px\" \/><\/a>\n\t\t\t<\/dt><\/dl>\n\t\t\t<br style='clear: both' \/>\n\t\t<\/div>\n\n","protected":false},"excerpt":{"rendered":"<p>El colof\u00f3n a una gran jornada de baloncesto fue la clausura del evento que, por segundo a\u00f1o consecutivo, ha organizado el Real Club Mar\u00edtimo Melilla logrando una excelente participaci\u00f3n e implicaci\u00f3n de todos los clubes locales, junto a la inestimable colaboraci\u00f3n y ayuda de la Federaci\u00f3n Melillense de Baloncesto y del \u00e1rea de Deportes de [&hellip;]<\/p>\n","protected":false},"author":1,"featured_media":26610,"comment_status":"open","ping_status":"open","sticky":false,"template":"","format":"standard","meta":{"_acf_changed":false,"footnotes":""},"categories":[46],"tags":[],"class_list":["post-26609","post","type-post","status-publish","format-standard","has-post-thumbnail","hentry","category-seccion-baloncesto"],"acf":[],"yoast_head":"<!-- This site is optimized with the Yoast SEO plugin v27.5 - https:\/\/yoast.com\/product\/yoast-seo-wordpress\/ -->\n<title>Clausura 3x3 RCMM - Real Club Mar\u00edtimo de Melilla<\/title>\n<meta name=\"description\" content=\"Clausura del evento que, por segundo a\u00f1o consecutivo, ha organizado el Real Club Mar\u00edtimo Melilla logrando una excelente participaci\u00f3n\" \/>\n<meta name=\"robots\" content=\"index, follow, max-snippet:-1, max-image-preview:large, max-video-preview:-1\" \/>\n<link rel=\"canonical\" href=\"https:\/\/www.realclubmaritimomelilla.es\/clmar\/clausura-3x3-rcmm\/\" \/>\n<meta property=\"og:locale\" content=\"es_ES\" \/>\n<meta property=\"og:type\" content=\"article\" \/>\n<meta property=\"og:title\" content=\"Clausura 3x3 RCMM - Real Club Mar\u00edtimo de Melilla\" \/>\n<meta property=\"og:description\" content=\"Clausura del evento que, por segundo a\u00f1o consecutivo, ha organizado el Real Club Mar\u00edtimo Melilla logrando una excelente participaci\u00f3n\" \/>\n<meta property=\"og:url\" content=\"https:\/\/www.realclubmaritimomelilla.es\/clmar\/clausura-3x3-rcmm\/\" \/>\n<meta property=\"og:site_name\" content=\"Real Club Mar\u00edtimo de Melilla\" \/>\n<meta property=\"article:publisher\" content=\"https:\/\/www.facebook.com\/Real-Club-Mar%c3%adtimo-de-Melilla-588495841234214\/\" \/>\n<meta property=\"article:published_time\" content=\"2025-11-11T10:38:29+00:00\" \/>\n<meta property=\"article:modified_time\" content=\"2025-11-12T11:20:22+00:00\" \/>\n<meta property=\"og:image\" content=\"https:\/\/www.realclubmaritimomelilla.es\/clmar\/wp-content\/uploads\/CADETE_FEMENINO_1a-RCMM-Azul-scaled.webp\" \/>\n\t<meta property=\"og:image:width\" content=\"2560\" \/>\n\t<meta property=\"og:image:height\" content=\"1707\" \/>\n\t<meta property=\"og:image:type\" content=\"image\/jpeg\" \/>\n<meta name=\"author\" content=\"RCMMelilla\" \/>\n<meta name=\"twitter:card\" content=\"summary_large_image\" \/>\n<meta name=\"twitter:creator\" content=\"@nauticarcmm\" \/>\n<meta name=\"twitter:site\" content=\"@nauticarcmm\" \/>\n<meta name=\"twitter:label1\" content=\"Escrito por\" \/>\n\t<meta name=\"twitter:data1\" content=\"RCMMelilla\" \/>\n\t<meta name=\"twitter:label2\" content=\"Tiempo de lectura\" \/>\n\t<meta name=\"twitter:data2\" content=\"2 minutos\" \/>\n<script type=\"application\/ld+json\" class=\"yoast-schema-graph\">{\"@context\":\"https:\\\/\\\/schema.org\",\"@graph\":[{\"@type\":\"Article\",\"@id\":\"https:\\\/\\\/www.realclubmaritimomelilla.es\\\/clmar\\\/clausura-3x3-rcmm\\\/#article\",\"isPartOf\":{\"@id\":\"https:\\\/\\\/www.realclubmaritimomelilla.es\\\/clmar\\\/clausura-3x3-rcmm\\\/\"},\"author\":{\"name\":\"RCMMelilla\",\"@id\":\"https:\\\/\\\/www.realclubmaritimomelilla.es\\\/clmar\\\/#\\\/schema\\\/person\\\/ebaa3713496dc6d48c872452e73a8e79\"},\"headline\":\"Clausura 3&#215;3 RCMM\",\"datePublished\":\"2025-11-11T10:38:29+00:00\",\"dateModified\":\"2025-11-12T11:20:22+00:00\",\"mainEntityOfPage\":{\"@id\":\"https:\\\/\\\/www.realclubmaritimomelilla.es\\\/clmar\\\/clausura-3x3-rcmm\\\/\"},\"wordCount\":326,\"commentCount\":0,\"publisher\":{\"@id\":\"https:\\\/\\\/www.realclubmaritimomelilla.es\\\/clmar\\\/#organization\"},\"image\":{\"@id\":\"https:\\\/\\\/www.realclubmaritimomelilla.es\\\/clmar\\\/clausura-3x3-rcmm\\\/#primaryimage\"},\"thumbnailUrl\":\"https:\\\/\\\/www.realclubmaritimomelilla.es\\\/clmar\\\/wp-content\\\/uploads\\\/CADETE_FEMENINO_1a-RCMM-Azul-scaled.webp\",\"articleSection\":[\"Secci\u00f3n Baloncesto\"],\"inLanguage\":\"es\",\"potentialAction\":[{\"@type\":\"CommentAction\",\"name\":\"Comment\",\"target\":[\"https:\\\/\\\/www.realclubmaritimomelilla.es\\\/clmar\\\/clausura-3x3-rcmm\\\/#respond\"]}]},{\"@type\":\"WebPage\",\"@id\":\"https:\\\/\\\/www.realclubmaritimomelilla.es\\\/clmar\\\/clausura-3x3-rcmm\\\/\",\"url\":\"https:\\\/\\\/www.realclubmaritimomelilla.es\\\/clmar\\\/clausura-3x3-rcmm\\\/\",\"name\":\"Clausura 3x3 RCMM - Real Club Mar\u00edtimo de Melilla\",\"isPartOf\":{\"@id\":\"https:\\\/\\\/www.realclubmaritimomelilla.es\\\/clmar\\\/#website\"},\"primaryImageOfPage\":{\"@id\":\"https:\\\/\\\/www.realclubmaritimomelilla.es\\\/clmar\\\/clausura-3x3-rcmm\\\/#primaryimage\"},\"image\":{\"@id\":\"https:\\\/\\\/www.realclubmaritimomelilla.es\\\/clmar\\\/clausura-3x3-rcmm\\\/#primaryimage\"},\"thumbnailUrl\":\"https:\\\/\\\/www.realclubmaritimomelilla.es\\\/clmar\\\/wp-content\\\/uploads\\\/CADETE_FEMENINO_1a-RCMM-Azul-scaled.webp\",\"datePublished\":\"2025-11-11T10:38:29+00:00\",\"dateModified\":\"2025-11-12T11:20:22+00:00\",\"description\":\"Clausura del evento que, por segundo a\u00f1o consecutivo, ha organizado el Real Club Mar\u00edtimo Melilla logrando una excelente participaci\u00f3n\",\"breadcrumb\":{\"@id\":\"https:\\\/\\\/www.realclubmaritimomelilla.es\\\/clmar\\\/clausura-3x3-rcmm\\\/#breadcrumb\"},\"inLanguage\":\"es\",\"potentialAction\":[{\"@type\":\"ReadAction\",\"target\":[\"https:\\\/\\\/www.realclubmaritimomelilla.es\\\/clmar\\\/clausura-3x3-rcmm\\\/\"]}]},{\"@type\":\"ImageObject\",\"inLanguage\":\"es\",\"@id\":\"https:\\\/\\\/www.realclubmaritimomelilla.es\\\/clmar\\\/clausura-3x3-rcmm\\\/#primaryimage\",\"url\":\"https:\\\/\\\/www.realclubmaritimomelilla.es\\\/clmar\\\/wp-content\\\/uploads\\\/CADETE_FEMENINO_1a-RCMM-Azul-scaled.webp\",\"contentUrl\":\"https:\\\/\\\/www.realclubmaritimomelilla.es\\\/clmar\\\/wp-content\\\/uploads\\\/CADETE_FEMENINO_1a-RCMM-Azul-scaled.webp\",\"width\":2560,\"height\":1707},{\"@type\":\"BreadcrumbList\",\"@id\":\"https:\\\/\\\/www.realclubmaritimomelilla.es\\\/clmar\\\/clausura-3x3-rcmm\\\/#breadcrumb\",\"itemListElement\":[{\"@type\":\"ListItem\",\"position\":1,\"name\":\"Portada\",\"item\":\"https:\\\/\\\/www.realclubmaritimomelilla.es\\\/clmar\\\/\"},{\"@type\":\"ListItem\",\"position\":2,\"name\":\"Clausura 3&#215;3 RCMM\"}]},{\"@type\":\"WebSite\",\"@id\":\"https:\\\/\\\/www.realclubmaritimomelilla.es\\\/clmar\\\/#website\",\"url\":\"https:\\\/\\\/www.realclubmaritimomelilla.es\\\/clmar\\\/\",\"name\":\"Real Club Mar\u00edtimo de Melilla\",\"description\":\"RCMM\",\"publisher\":{\"@id\":\"https:\\\/\\\/www.realclubmaritimomelilla.es\\\/clmar\\\/#organization\"},\"alternateName\":\"RCMM\",\"potentialAction\":[{\"@type\":\"SearchAction\",\"target\":{\"@type\":\"EntryPoint\",\"urlTemplate\":\"https:\\\/\\\/www.realclubmaritimomelilla.es\\\/clmar\\\/?s={search_term_string}\"},\"query-input\":{\"@type\":\"PropertyValueSpecification\",\"valueRequired\":true,\"valueName\":\"search_term_string\"}}],\"inLanguage\":\"es\"},{\"@type\":\"Organization\",\"@id\":\"https:\\\/\\\/www.realclubmaritimomelilla.es\\\/clmar\\\/#organization\",\"name\":\"Real Club Mar\u00edtimo de Melilla\",\"alternateName\":\"RCMM\",\"url\":\"https:\\\/\\\/www.realclubmaritimomelilla.es\\\/clmar\\\/\",\"logo\":{\"@type\":\"ImageObject\",\"inLanguage\":\"es\",\"@id\":\"https:\\\/\\\/www.realclubmaritimomelilla.es\\\/clmar\\\/#\\\/schema\\\/logo\\\/image\\\/\",\"url\":\"https:\\\/\\\/www.realclubmaritimomelilla.es\\\/clmar\\\/wp-content\\\/uploads\\\/logo-club-original-copia.jpg\",\"contentUrl\":\"https:\\\/\\\/www.realclubmaritimomelilla.es\\\/clmar\\\/wp-content\\\/uploads\\\/logo-club-original-copia.jpg\",\"width\":128,\"height\":89,\"caption\":\"Real Club Mar\u00edtimo de Melilla\"},\"image\":{\"@id\":\"https:\\\/\\\/www.realclubmaritimomelilla.es\\\/clmar\\\/#\\\/schema\\\/logo\\\/image\\\/\"},\"sameAs\":[\"https:\\\/\\\/www.facebook.com\\\/Real-Club-Mar\u00edtimo-de-Melilla-588495841234214\\\/\",\"https:\\\/\\\/x.com\\\/nauticarcmm\",\"https:\\\/\\\/www.instagram.com\\\/club_maritimo_melilla\\\/\",\"https:\\\/\\\/www.youtube.com\\\/@realclubmaritimodemelilla4703\",\"https:\\\/\\\/es.wikipedia.org\\\/wiki\\\/Real_Club_Mar\u00edtimo_de_Melilla\"]},{\"@type\":\"Person\",\"@id\":\"https:\\\/\\\/www.realclubmaritimomelilla.es\\\/clmar\\\/#\\\/schema\\\/person\\\/ebaa3713496dc6d48c872452e73a8e79\",\"name\":\"RCMMelilla\",\"image\":{\"@type\":\"ImageObject\",\"inLanguage\":\"es\",\"@id\":\"https:\\\/\\\/secure.gravatar.com\\\/avatar\\\/df1c24789360fb9308735c4ee556fc2bc5bf924bf01e53043b8b97ba272da33c?s=96&d=mm&r=g\",\"url\":\"https:\\\/\\\/secure.gravatar.com\\\/avatar\\\/df1c24789360fb9308735c4ee556fc2bc5bf924bf01e53043b8b97ba272da33c?s=96&d=mm&r=g\",\"contentUrl\":\"https:\\\/\\\/secure.gravatar.com\\\/avatar\\\/df1c24789360fb9308735c4ee556fc2bc5bf924bf01e53043b8b97ba272da33c?s=96&d=mm&r=g\",\"caption\":\"RCMMelilla\"}}]}<\/script>\n<!-- \/ Yoast SEO plugin. -->","yoast_head_json":{"title":"Clausura 3x3 RCMM - Real Club Mar\u00edtimo de Melilla","description":"Clausura del evento que, por segundo a\u00f1o consecutivo, ha organizado el Real Club Mar\u00edtimo Melilla logrando una excelente participaci\u00f3n","robots":{"index":"index","follow":"follow","max-snippet":"max-snippet:-1","max-image-preview":"max-image-preview:large","max-video-preview":"max-video-preview:-1"},"canonical":"https:\/\/www.realclubmaritimomelilla.es\/clmar\/clausura-3x3-rcmm\/","og_locale":"es_ES","og_type":"article","og_title":"Clausura 3x3 RCMM - Real Club Mar\u00edtimo de Melilla","og_description":"Clausura del evento que, por segundo a\u00f1o consecutivo, ha organizado el Real Club Mar\u00edtimo Melilla logrando una excelente participaci\u00f3n","og_url":"https:\/\/www.realclubmaritimomelilla.es\/clmar\/clausura-3x3-rcmm\/","og_site_name":"Real Club Mar\u00edtimo de Melilla","article_publisher":"https:\/\/www.facebook.com\/Real-Club-Mar%c3%adtimo-de-Melilla-588495841234214\/","article_published_time":"2025-11-11T10:38:29+00:00","article_modified_time":"2025-11-12T11:20:22+00:00","og_image":[{"width":2560,"height":1707,"url":"https:\/\/www.realclubmaritimomelilla.es\/clmar\/wp-content\/uploads\/CADETE_FEMENINO_1a-RCMM-Azul-scaled.webp","type":"image\/jpeg"}],"author":"RCMMelilla","twitter_card":"summary_large_image","twitter_creator":"@nauticarcmm","twitter_site":"@nauticarcmm","twitter_misc":{"Escrito por":"RCMMelilla","Tiempo de lectura":"2 minutos"},"schema":{"@context":"https:\/\/schema.org","@graph":[{"@type":"Article","@id":"https:\/\/www.realclubmaritimomelilla.es\/clmar\/clausura-3x3-rcmm\/#article","isPartOf":{"@id":"https:\/\/www.realclubmaritimomelilla.es\/clmar\/clausura-3x3-rcmm\/"},"author":{"name":"RCMMelilla","@id":"https:\/\/www.realclubmaritimomelilla.es\/clmar\/#\/schema\/person\/ebaa3713496dc6d48c872452e73a8e79"},"headline":"Clausura 3&#215;3 RCMM","datePublished":"2025-11-11T10:38:29+00:00","dateModified":"2025-11-12T11:20:22+00:00","mainEntityOfPage":{"@id":"https:\/\/www.realclubmaritimomelilla.es\/clmar\/clausura-3x3-rcmm\/"},"wordCount":326,"commentCount":0,"publisher":{"@id":"https:\/\/www.realclubmaritimomelilla.es\/clmar\/#organization"},"image":{"@id":"https:\/\/www.realclubmaritimomelilla.es\/clmar\/clausura-3x3-rcmm\/#primaryimage"},"thumbnailUrl":"https:\/\/www.realclubmaritimomelilla.es\/clmar\/wp-content\/uploads\/CADETE_FEMENINO_1a-RCMM-Azul-scaled.webp","articleSection":["Secci\u00f3n Baloncesto"],"inLanguage":"es","potentialAction":[{"@type":"CommentAction","name":"Comment","target":["https:\/\/www.realclubmaritimomelilla.es\/clmar\/clausura-3x3-rcmm\/#respond"]}]},{"@type":"WebPage","@id":"https:\/\/www.realclubmaritimomelilla.es\/clmar\/clausura-3x3-rcmm\/","url":"https:\/\/www.realclubmaritimomelilla.es\/clmar\/clausura-3x3-rcmm\/","name":"Clausura 3x3 RCMM - Real Club Mar\u00edtimo de Melilla","isPartOf":{"@id":"https:\/\/www.realclubmaritimomelilla.es\/clmar\/#website"},"primaryImageOfPage":{"@id":"https:\/\/www.realclubmaritimomelilla.es\/clmar\/clausura-3x3-rcmm\/#primaryimage"},"image":{"@id":"https:\/\/www.realclubmaritimomelilla.es\/clmar\/clausura-3x3-rcmm\/#primaryimage"},"thumbnailUrl":"https:\/\/www.realclubmaritimomelilla.es\/clmar\/wp-content\/uploads\/CADETE_FEMENINO_1a-RCMM-Azul-scaled.webp","datePublished":"2025-11-11T10:38:29+00:00","dateModified":"2025-11-12T11:20:22+00:00","description":"Clausura del evento que, por segundo a\u00f1o consecutivo, ha organizado el Real Club Mar\u00edtimo Melilla logrando una excelente participaci\u00f3n","breadcrumb":{"@id":"https:\/\/www.realclubmaritimomelilla.es\/clmar\/clausura-3x3-rcmm\/#breadcrumb"},"inLanguage":"es","potentialAction":[{"@type":"ReadAction","target":["https:\/\/www.realclubmaritimomelilla.es\/clmar\/clausura-3x3-rcmm\/"]}]},{"@type":"ImageObject","inLanguage":"es","@id":"https:\/\/www.realclubmaritimomelilla.es\/clmar\/clausura-3x3-rcmm\/#primaryimage","url":"https:\/\/www.realclubmaritimomelilla.es\/clmar\/wp-content\/uploads\/CADETE_FEMENINO_1a-RCMM-Azul-scaled.webp","contentUrl":"https:\/\/www.realclubmaritimomelilla.es\/clmar\/wp-content\/uploads\/CADETE_FEMENINO_1a-RCMM-Azul-scaled.webp","width":2560,"height":1707},{"@type":"BreadcrumbList","@id":"https:\/\/www.realclubmaritimomelilla.es\/clmar\/clausura-3x3-rcmm\/#breadcrumb","itemListElement":[{"@type":"ListItem","position":1,"name":"Portada","item":"https:\/\/www.realclubmaritimomelilla.es\/clmar\/"},{"@type":"ListItem","position":2,"name":"Clausura 3&#215;3 RCMM"}]},{"@type":"WebSite","@id":"https:\/\/www.realclubmaritimomelilla.es\/clmar\/#website","url":"https:\/\/www.realclubmaritimomelilla.es\/clmar\/","name":"Real Club Mar\u00edtimo de Melilla","description":"RCMM","publisher":{"@id":"https:\/\/www.realclubmaritimomelilla.es\/clmar\/#organization"},"alternateName":"RCMM","potentialAction":[{"@type":"SearchAction","target":{"@type":"EntryPoint","urlTemplate":"https:\/\/www.realclubmaritimomelilla.es\/clmar\/?s={search_term_string}"},"query-input":{"@type":"PropertyValueSpecification","valueRequired":true,"valueName":"search_term_string"}}],"inLanguage":"es"},{"@type":"Organization","@id":"https:\/\/www.realclubmaritimomelilla.es\/clmar\/#organization","name":"Real Club Mar\u00edtimo de Melilla","alternateName":"RCMM","url":"https:\/\/www.realclubmaritimomelilla.es\/clmar\/","logo":{"@type":"ImageObject","inLanguage":"es","@id":"https:\/\/www.realclubmaritimomelilla.es\/clmar\/#\/schema\/logo\/image\/","url":"https:\/\/www.realclubmaritimomelilla.es\/clmar\/wp-content\/uploads\/logo-club-original-copia.jpg","contentUrl":"https:\/\/www.realclubmaritimomelilla.es\/clmar\/wp-content\/uploads\/logo-club-original-copia.jpg","width":128,"height":89,"caption":"Real Club Mar\u00edtimo de Melilla"},"image":{"@id":"https:\/\/www.realclubmaritimomelilla.es\/clmar\/#\/schema\/logo\/image\/"},"sameAs":["https:\/\/www.facebook.com\/Real-Club-Mar\u00edtimo-de-Melilla-588495841234214\/","https:\/\/x.com\/nauticarcmm","https:\/\/www.instagram.com\/club_maritimo_melilla\/","https:\/\/www.youtube.com\/@realclubmaritimodemelilla4703","https:\/\/es.wikipedia.org\/wiki\/Real_Club_Mar\u00edtimo_de_Melilla"]},{"@type":"Person","@id":"https:\/\/www.realclubmaritimomelilla.es\/clmar\/#\/schema\/person\/ebaa3713496dc6d48c872452e73a8e79","name":"RCMMelilla","image":{"@type":"ImageObject","inLanguage":"es","@id":"https:\/\/secure.gravatar.com\/avatar\/df1c24789360fb9308735c4ee556fc2bc5bf924bf01e53043b8b97ba272da33c?s=96&d=mm&r=g","url":"https:\/\/secure.gravatar.com\/avatar\/df1c24789360fb9308735c4ee556fc2bc5bf924bf01e53043b8b97ba272da33c?s=96&d=mm&r=g","contentUrl":"https:\/\/secure.gravatar.com\/avatar\/df1c24789360fb9308735c4ee556fc2bc5bf924bf01e53043b8b97ba272da33c?s=96&d=mm&r=g","caption":"RCMMelilla"}}]}},"_links":{"self":[{"href":"https:\/\/www.realclubmaritimomelilla.es\/clmar\/wp-json\/wp\/v2\/posts\/26609","targetHints":{"allow":["GET"]}}],"collection":[{"href":"https:\/\/www.realclubmaritimomelilla.es\/clmar\/wp-json\/wp\/v2\/posts"}],"about":[{"href":"https:\/\/www.realclubmaritimomelilla.es\/clmar\/wp-json\/wp\/v2\/types\/post"}],"author":[{"embeddable":true,"href":"https:\/\/www.realclubmaritimomelilla.es\/clmar\/wp-json\/wp\/v2\/users\/1"}],"replies":[{"embeddable":true,"href":"https:\/\/www.realclubmaritimomelilla.es\/clmar\/wp-json\/wp\/v2\/comments?post=26609"}],"version-history":[{"count":2,"href":"https:\/\/www.realclubmaritimomelilla.es\/clmar\/wp-json\/wp\/v2\/posts\/26609\/revisions"}],"predecessor-version":[{"id":26700,"href":"https:\/\/www.realclubmaritimomelilla.es\/clmar\/wp-json\/wp\/v2\/posts\/26609\/revisions\/26700"}],"wp:featuredmedia":[{"embeddable":true,"href":"https:\/\/www.realclubmaritimomelilla.es\/clmar\/wp-json\/wp\/v2\/media\/26610"}],"wp:attachment":[{"href":"https:\/\/www.realclubmaritimomelilla.es\/clmar\/wp-json\/wp\/v2\/media?parent=26609"}],"wp:term":[{"taxonomy":"category","embeddable":true,"href":"https:\/\/www.realclubmaritimomelilla.es\/clmar\/wp-json\/wp\/v2\/categories?post=26609"},{"taxonomy":"post_tag","embeddable":true,"href":"https:\/\/www.realclubmaritimomelilla.es\/clmar\/wp-json\/wp\/v2\/tags?post=26609"}],"curies":[{"name":"wp","href":"https:\/\/api.w.org\/{rel}","templated":true}]}}