{"id":26438,"date":"2025-10-24T11:26:51","date_gmt":"2025-10-24T09:26:51","guid":{"rendered":"https:\/\/www.realclubmaritimomelilla.es\/clmar\/?p=26438"},"modified":"2025-10-24T12:33:36","modified_gmt":"2025-10-24T10:33:36","slug":"la-segunda-edicion-del-torneo-3x3-rcmm-a-escena-en-el-baloncesto-local","status":"publish","type":"post","link":"https:\/\/www.realclubmaritimomelilla.es\/clmar\/la-segunda-edicion-del-torneo-3x3-rcmm-a-escena-en-el-baloncesto-local\/","title":{"rendered":"La segunda edici\u00f3n del Torneo 3&#215;3 RCMM a escena en el baloncesto local"},"content":{"rendered":"<p>Tras el rotundo \u00e9xito de la primera edici\u00f3n, el pr\u00f3ximo domingo 9 de noviembre se celebrar\u00e1 el \u201cII TORNEO 3\u00d73 RC MAR\u00cdTIMO DE MELILLA\u201d, contando en su organizaci\u00f3n con el Real Club Mar\u00edtimo de Melilla y la Federaci\u00f3n Melillense de Baloncesto (FMB), adem\u00e1s de la colaboraci\u00f3n de la Consejer\u00eda de Educaci\u00f3n, Juventud y Deporte de la CAM.<\/p>\n<p>Dentro de las numerosas actividades de promoci\u00f3n del baloncesto que desarrolla la FMB cada temporada este torneo 3\u00d73 cumple su segunda edici\u00f3n tras el gran estreno de la temporada pasada con motivo del 80 aniversario de la fundaci\u00f3n del Real Club Mar\u00edtimo de Melilla y que con un gran crecimiento diario ha logrado convertir su secci\u00f3n de baloncesto en un referente del baloncesto local con aproximadamente una veintena de equipos participando en competiciones FMB. El Real Club Mar\u00edtimo de Melilla, con su actual presidente Jer\u00f3nimo P\u00e9rez Hern\u00e1ndez cuenta en la actualidad con m\u00e1s de seis mil socios, habi\u00e9ndose integrado plenamente en todos los segmentos de la sociedad melillense.<\/p>\n<p>Este evento contar\u00e1 con las siguientes categor\u00edas:<\/p>\n<p>S\u00e9nior Masculina (2007 y anteriores)<br \/>\nS\u00e9nior Femenina (2007 y anteriores)<br \/>\nJunior Masculina (2009 &#8211; 2008)<br \/>\nJunior Femenina (2009 &#8211; 2008)<br \/>\nCadete Masculina (2010 &#8211; 2011)<br \/>\nCadete Femenina (2010 &#8211; 2011)<br \/>\nInfantil Masculina (2012)<br \/>\nInfantil Femenina (2012)<br \/>\nPre-Infantil Masculina (2013)<br \/>\nPre-Infantil Femenina (2013)<br \/>\nMinibasket Masculina (2014-2015)<br \/>\nMinibasket Femenina (2014-2015)<br \/>\nPequebasket Mixta (2016)<br \/>\nPre-Pequebasket Mixta (2017)<\/p>\n<p>Todos los participantes deber\u00e1n estar en posesi\u00f3n de Licencia FMB de la temporada 2025-26, debiendo realizarse la inscripci\u00f3n a trav\u00e9s de plataforma FMB (acceso clubes) del 27 al 31 de octubre.<\/p>\n<p>Este evento est\u00e1 previsto que se celebre en las pistas exteriores de la Plaza Multifuncional de San Lorenzo y en la pista de baloncesto del RC Mar\u00edtimo de Melilla. Cabe destacar que como colof\u00f3n del evento la entrega de trofeos del torneo se llevar\u00e1 a cabo en las magn\u00edficas instalaciones del Real Club Mar\u00edtimo de Melilla tras la disputa de las finales el mismo domingo 9 de noviembre, un marco incomparable para cerrar lo que ser\u00e1 sin duda una fiesta de la modalidad 3\u00d73 en particular y del baloncesto melillense en general.<\/p>\n","protected":false},"excerpt":{"rendered":"<p>Tras el rotundo \u00e9xito de la primera edici\u00f3n, el pr\u00f3ximo domingo 9 de noviembre se celebrar\u00e1 el \u201cII TORNEO 3\u00d73 RC MAR\u00cdTIMO DE MELILLA\u201d, contando en su organizaci\u00f3n con el Real Club Mar\u00edtimo de Melilla y la Federaci\u00f3n Melillense de Baloncesto (FMB), adem\u00e1s de la colaboraci\u00f3n de la Consejer\u00eda de Educaci\u00f3n, Juventud y Deporte de [&hellip;]<\/p>\n","protected":false},"author":1,"featured_media":26439,"comment_status":"open","ping_status":"open","sticky":false,"template":"","format":"standard","meta":{"_acf_changed":false,"footnotes":""},"categories":[46],"tags":[],"class_list":["post-26438","post","type-post","status-publish","format-standard","has-post-thumbnail","hentry","category-seccion-baloncesto"],"acf":[],"yoast_head":"<!-- This site is optimized with the Yoast SEO plugin v27.5 - https:\/\/yoast.com\/product\/yoast-seo-wordpress\/ -->\n<title>La segunda edici\u00f3n del Torneo 3x3 RCMM a escena en el baloncesto local - Real Club Mar\u00edtimo de Melilla<\/title>\n<meta name=\"description\" content=\"Tras el rotundo \u00e9xito de la primera edici\u00f3n, el pr\u00f3ximo domingo 9 de noviembre se celebrar\u00e1 el \u201cII TORNEO 3\u00d73 RC MAR\u00cdTIMO DE MELILLA\u201d\" \/>\n<meta name=\"robots\" content=\"index, follow, max-snippet:-1, max-image-preview:large, max-video-preview:-1\" \/>\n<link rel=\"canonical\" href=\"https:\/\/www.realclubmaritimomelilla.es\/clmar\/la-segunda-edicion-del-torneo-3x3-rcmm-a-escena-en-el-baloncesto-local\/\" \/>\n<meta property=\"og:locale\" content=\"es_ES\" \/>\n<meta property=\"og:type\" content=\"article\" \/>\n<meta property=\"og:title\" content=\"La segunda edici\u00f3n del Torneo 3x3 RCMM a escena en el baloncesto local - Real Club Mar\u00edtimo de Melilla\" \/>\n<meta property=\"og:description\" content=\"Tras el rotundo \u00e9xito de la primera edici\u00f3n, el pr\u00f3ximo domingo 9 de noviembre se celebrar\u00e1 el \u201cII TORNEO 3\u00d73 RC MAR\u00cdTIMO DE MELILLA\u201d\" \/>\n<meta property=\"og:url\" content=\"https:\/\/www.realclubmaritimomelilla.es\/clmar\/la-segunda-edicion-del-torneo-3x3-rcmm-a-escena-en-el-baloncesto-local\/\" \/>\n<meta property=\"og:site_name\" content=\"Real Club Mar\u00edtimo de Melilla\" \/>\n<meta property=\"article:publisher\" content=\"https:\/\/www.facebook.com\/Real-Club-Mar%c3%adtimo-de-Melilla-588495841234214\/\" \/>\n<meta property=\"article:published_time\" content=\"2025-10-24T09:26:51+00:00\" \/>\n<meta property=\"article:modified_time\" content=\"2025-10-24T10:33:36+00:00\" \/>\n<meta property=\"og:image\" content=\"https:\/\/www.realclubmaritimomelilla.es\/clmar\/wp-content\/uploads\/cartel-basket-3x3-1.webp\" \/>\n\t<meta property=\"og:image:width\" content=\"1131\" \/>\n\t<meta property=\"og:image:height\" content=\"1600\" \/>\n\t<meta property=\"og:image:type\" content=\"image\/jpeg\" \/>\n<meta name=\"author\" content=\"RCMMelilla\" \/>\n<meta name=\"twitter:card\" content=\"summary_large_image\" \/>\n<meta name=\"twitter:creator\" content=\"@nauticarcmm\" \/>\n<meta name=\"twitter:site\" content=\"@nauticarcmm\" \/>\n<meta name=\"twitter:label1\" content=\"Escrito por\" \/>\n\t<meta name=\"twitter:data1\" content=\"RCMMelilla\" \/>\n\t<meta name=\"twitter:label2\" content=\"Tiempo de lectura\" \/>\n\t<meta name=\"twitter:data2\" content=\"2 minutos\" \/>\n<script type=\"application\/ld+json\" class=\"yoast-schema-graph\">{\"@context\":\"https:\\\/\\\/schema.org\",\"@graph\":[{\"@type\":\"Article\",\"@id\":\"https:\\\/\\\/www.realclubmaritimomelilla.es\\\/clmar\\\/la-segunda-edicion-del-torneo-3x3-rcmm-a-escena-en-el-baloncesto-local\\\/#article\",\"isPartOf\":{\"@id\":\"https:\\\/\\\/www.realclubmaritimomelilla.es\\\/clmar\\\/la-segunda-edicion-del-torneo-3x3-rcmm-a-escena-en-el-baloncesto-local\\\/\"},\"author\":{\"name\":\"RCMMelilla\",\"@id\":\"https:\\\/\\\/www.realclubmaritimomelilla.es\\\/clmar\\\/#\\\/schema\\\/person\\\/ebaa3713496dc6d48c872452e73a8e79\"},\"headline\":\"La segunda edici\u00f3n del Torneo 3&#215;3 RCMM a escena en el baloncesto local\",\"datePublished\":\"2025-10-24T09:26:51+00:00\",\"dateModified\":\"2025-10-24T10:33:36+00:00\",\"mainEntityOfPage\":{\"@id\":\"https:\\\/\\\/www.realclubmaritimomelilla.es\\\/clmar\\\/la-segunda-edicion-del-torneo-3x3-rcmm-a-escena-en-el-baloncesto-local\\\/\"},\"wordCount\":371,\"commentCount\":0,\"publisher\":{\"@id\":\"https:\\\/\\\/www.realclubmaritimomelilla.es\\\/clmar\\\/#organization\"},\"image\":{\"@id\":\"https:\\\/\\\/www.realclubmaritimomelilla.es\\\/clmar\\\/la-segunda-edicion-del-torneo-3x3-rcmm-a-escena-en-el-baloncesto-local\\\/#primaryimage\"},\"thumbnailUrl\":\"https:\\\/\\\/www.realclubmaritimomelilla.es\\\/clmar\\\/wp-content\\\/uploads\\\/cartel-basket-3x3-1.webp\",\"articleSection\":[\"Secci\u00f3n Baloncesto\"],\"inLanguage\":\"es\",\"potentialAction\":[{\"@type\":\"CommentAction\",\"name\":\"Comment\",\"target\":[\"https:\\\/\\\/www.realclubmaritimomelilla.es\\\/clmar\\\/la-segunda-edicion-del-torneo-3x3-rcmm-a-escena-en-el-baloncesto-local\\\/#respond\"]}]},{\"@type\":\"WebPage\",\"@id\":\"https:\\\/\\\/www.realclubmaritimomelilla.es\\\/clmar\\\/la-segunda-edicion-del-torneo-3x3-rcmm-a-escena-en-el-baloncesto-local\\\/\",\"url\":\"https:\\\/\\\/www.realclubmaritimomelilla.es\\\/clmar\\\/la-segunda-edicion-del-torneo-3x3-rcmm-a-escena-en-el-baloncesto-local\\\/\",\"name\":\"La segunda edici\u00f3n del Torneo 3x3 RCMM a escena en el baloncesto local - Real Club Mar\u00edtimo de Melilla\",\"isPartOf\":{\"@id\":\"https:\\\/\\\/www.realclubmaritimomelilla.es\\\/clmar\\\/#website\"},\"primaryImageOfPage\":{\"@id\":\"https:\\\/\\\/www.realclubmaritimomelilla.es\\\/clmar\\\/la-segunda-edicion-del-torneo-3x3-rcmm-a-escena-en-el-baloncesto-local\\\/#primaryimage\"},\"image\":{\"@id\":\"https:\\\/\\\/www.realclubmaritimomelilla.es\\\/clmar\\\/la-segunda-edicion-del-torneo-3x3-rcmm-a-escena-en-el-baloncesto-local\\\/#primaryimage\"},\"thumbnailUrl\":\"https:\\\/\\\/www.realclubmaritimomelilla.es\\\/clmar\\\/wp-content\\\/uploads\\\/cartel-basket-3x3-1.webp\",\"datePublished\":\"2025-10-24T09:26:51+00:00\",\"dateModified\":\"2025-10-24T10:33:36+00:00\",\"description\":\"Tras el rotundo \u00e9xito de la primera edici\u00f3n, el pr\u00f3ximo domingo 9 de noviembre se celebrar\u00e1 el \u201cII TORNEO 3\u00d73 RC MAR\u00cdTIMO DE MELILLA\u201d\",\"breadcrumb\":{\"@id\":\"https:\\\/\\\/www.realclubmaritimomelilla.es\\\/clmar\\\/la-segunda-edicion-del-torneo-3x3-rcmm-a-escena-en-el-baloncesto-local\\\/#breadcrumb\"},\"inLanguage\":\"es\",\"potentialAction\":[{\"@type\":\"ReadAction\",\"target\":[\"https:\\\/\\\/www.realclubmaritimomelilla.es\\\/clmar\\\/la-segunda-edicion-del-torneo-3x3-rcmm-a-escena-en-el-baloncesto-local\\\/\"]}]},{\"@type\":\"ImageObject\",\"inLanguage\":\"es\",\"@id\":\"https:\\\/\\\/www.realclubmaritimomelilla.es\\\/clmar\\\/la-segunda-edicion-del-torneo-3x3-rcmm-a-escena-en-el-baloncesto-local\\\/#primaryimage\",\"url\":\"https:\\\/\\\/www.realclubmaritimomelilla.es\\\/clmar\\\/wp-content\\\/uploads\\\/cartel-basket-3x3-1.webp\",\"contentUrl\":\"https:\\\/\\\/www.realclubmaritimomelilla.es\\\/clmar\\\/wp-content\\\/uploads\\\/cartel-basket-3x3-1.webp\",\"width\":1131,\"height\":1600},{\"@type\":\"BreadcrumbList\",\"@id\":\"https:\\\/\\\/www.realclubmaritimomelilla.es\\\/clmar\\\/la-segunda-edicion-del-torneo-3x3-rcmm-a-escena-en-el-baloncesto-local\\\/#breadcrumb\",\"itemListElement\":[{\"@type\":\"ListItem\",\"position\":1,\"name\":\"Portada\",\"item\":\"https:\\\/\\\/www.realclubmaritimomelilla.es\\\/clmar\\\/\"},{\"@type\":\"ListItem\",\"position\":2,\"name\":\"La segunda edici\u00f3n del Torneo 3&#215;3 RCMM a escena en el baloncesto local\"}]},{\"@type\":\"WebSite\",\"@id\":\"https:\\\/\\\/www.realclubmaritimomelilla.es\\\/clmar\\\/#website\",\"url\":\"https:\\\/\\\/www.realclubmaritimomelilla.es\\\/clmar\\\/\",\"name\":\"Real Club Mar\u00edtimo de Melilla\",\"description\":\"RCMM\",\"publisher\":{\"@id\":\"https:\\\/\\\/www.realclubmaritimomelilla.es\\\/clmar\\\/#organization\"},\"alternateName\":\"RCMM\",\"potentialAction\":[{\"@type\":\"SearchAction\",\"target\":{\"@type\":\"EntryPoint\",\"urlTemplate\":\"https:\\\/\\\/www.realclubmaritimomelilla.es\\\/clmar\\\/?s={search_term_string}\"},\"query-input\":{\"@type\":\"PropertyValueSpecification\",\"valueRequired\":true,\"valueName\":\"search_term_string\"}}],\"inLanguage\":\"es\"},{\"@type\":\"Organization\",\"@id\":\"https:\\\/\\\/www.realclubmaritimomelilla.es\\\/clmar\\\/#organization\",\"name\":\"Real Club Mar\u00edtimo de Melilla\",\"alternateName\":\"RCMM\",\"url\":\"https:\\\/\\\/www.realclubmaritimomelilla.es\\\/clmar\\\/\",\"logo\":{\"@type\":\"ImageObject\",\"inLanguage\":\"es\",\"@id\":\"https:\\\/\\\/www.realclubmaritimomelilla.es\\\/clmar\\\/#\\\/schema\\\/logo\\\/image\\\/\",\"url\":\"https:\\\/\\\/www.realclubmaritimomelilla.es\\\/clmar\\\/wp-content\\\/uploads\\\/logo-club-original-copia.jpg\",\"contentUrl\":\"https:\\\/\\\/www.realclubmaritimomelilla.es\\\/clmar\\\/wp-content\\\/uploads\\\/logo-club-original-copia.jpg\",\"width\":128,\"height\":89,\"caption\":\"Real Club Mar\u00edtimo de Melilla\"},\"image\":{\"@id\":\"https:\\\/\\\/www.realclubmaritimomelilla.es\\\/clmar\\\/#\\\/schema\\\/logo\\\/image\\\/\"},\"sameAs\":[\"https:\\\/\\\/www.facebook.com\\\/Real-Club-Mar\u00edtimo-de-Melilla-588495841234214\\\/\",\"https:\\\/\\\/x.com\\\/nauticarcmm\",\"https:\\\/\\\/www.instagram.com\\\/club_maritimo_melilla\\\/\",\"https:\\\/\\\/www.youtube.com\\\/@realclubmaritimodemelilla4703\",\"https:\\\/\\\/es.wikipedia.org\\\/wiki\\\/Real_Club_Mar\u00edtimo_de_Melilla\"]},{\"@type\":\"Person\",\"@id\":\"https:\\\/\\\/www.realclubmaritimomelilla.es\\\/clmar\\\/#\\\/schema\\\/person\\\/ebaa3713496dc6d48c872452e73a8e79\",\"name\":\"RCMMelilla\",\"image\":{\"@type\":\"ImageObject\",\"inLanguage\":\"es\",\"@id\":\"https:\\\/\\\/secure.gravatar.com\\\/avatar\\\/df1c24789360fb9308735c4ee556fc2bc5bf924bf01e53043b8b97ba272da33c?s=96&d=mm&r=g\",\"url\":\"https:\\\/\\\/secure.gravatar.com\\\/avatar\\\/df1c24789360fb9308735c4ee556fc2bc5bf924bf01e53043b8b97ba272da33c?s=96&d=mm&r=g\",\"contentUrl\":\"https:\\\/\\\/secure.gravatar.com\\\/avatar\\\/df1c24789360fb9308735c4ee556fc2bc5bf924bf01e53043b8b97ba272da33c?s=96&d=mm&r=g\",\"caption\":\"RCMMelilla\"}}]}<\/script>\n<!-- \/ Yoast SEO plugin. -->","yoast_head_json":{"title":"La segunda edici\u00f3n del Torneo 3x3 RCMM a escena en el baloncesto local - Real Club Mar\u00edtimo de Melilla","description":"Tras el rotundo \u00e9xito de la primera edici\u00f3n, el pr\u00f3ximo domingo 9 de noviembre se celebrar\u00e1 el \u201cII TORNEO 3\u00d73 RC MAR\u00cdTIMO DE MELILLA\u201d","robots":{"index":"index","follow":"follow","max-snippet":"max-snippet:-1","max-image-preview":"max-image-preview:large","max-video-preview":"max-video-preview:-1"},"canonical":"https:\/\/www.realclubmaritimomelilla.es\/clmar\/la-segunda-edicion-del-torneo-3x3-rcmm-a-escena-en-el-baloncesto-local\/","og_locale":"es_ES","og_type":"article","og_title":"La segunda edici\u00f3n del Torneo 3x3 RCMM a escena en el baloncesto local - Real Club Mar\u00edtimo de Melilla","og_description":"Tras el rotundo \u00e9xito de la primera edici\u00f3n, el pr\u00f3ximo domingo 9 de noviembre se celebrar\u00e1 el \u201cII TORNEO 3\u00d73 RC MAR\u00cdTIMO DE MELILLA\u201d","og_url":"https:\/\/www.realclubmaritimomelilla.es\/clmar\/la-segunda-edicion-del-torneo-3x3-rcmm-a-escena-en-el-baloncesto-local\/","og_site_name":"Real Club Mar\u00edtimo de Melilla","article_publisher":"https:\/\/www.facebook.com\/Real-Club-Mar%c3%adtimo-de-Melilla-588495841234214\/","article_published_time":"2025-10-24T09:26:51+00:00","article_modified_time":"2025-10-24T10:33:36+00:00","og_image":[{"width":1131,"height":1600,"url":"https:\/\/www.realclubmaritimomelilla.es\/clmar\/wp-content\/uploads\/cartel-basket-3x3-1.webp","type":"image\/jpeg"}],"author":"RCMMelilla","twitter_card":"summary_large_image","twitter_creator":"@nauticarcmm","twitter_site":"@nauticarcmm","twitter_misc":{"Escrito por":"RCMMelilla","Tiempo de lectura":"2 minutos"},"schema":{"@context":"https:\/\/schema.org","@graph":[{"@type":"Article","@id":"https:\/\/www.realclubmaritimomelilla.es\/clmar\/la-segunda-edicion-del-torneo-3x3-rcmm-a-escena-en-el-baloncesto-local\/#article","isPartOf":{"@id":"https:\/\/www.realclubmaritimomelilla.es\/clmar\/la-segunda-edicion-del-torneo-3x3-rcmm-a-escena-en-el-baloncesto-local\/"},"author":{"name":"RCMMelilla","@id":"https:\/\/www.realclubmaritimomelilla.es\/clmar\/#\/schema\/person\/ebaa3713496dc6d48c872452e73a8e79"},"headline":"La segunda edici\u00f3n del Torneo 3&#215;3 RCMM a escena en el baloncesto local","datePublished":"2025-10-24T09:26:51+00:00","dateModified":"2025-10-24T10:33:36+00:00","mainEntityOfPage":{"@id":"https:\/\/www.realclubmaritimomelilla.es\/clmar\/la-segunda-edicion-del-torneo-3x3-rcmm-a-escena-en-el-baloncesto-local\/"},"wordCount":371,"commentCount":0,"publisher":{"@id":"https:\/\/www.realclubmaritimomelilla.es\/clmar\/#organization"},"image":{"@id":"https:\/\/www.realclubmaritimomelilla.es\/clmar\/la-segunda-edicion-del-torneo-3x3-rcmm-a-escena-en-el-baloncesto-local\/#primaryimage"},"thumbnailUrl":"https:\/\/www.realclubmaritimomelilla.es\/clmar\/wp-content\/uploads\/cartel-basket-3x3-1.webp","articleSection":["Secci\u00f3n Baloncesto"],"inLanguage":"es","potentialAction":[{"@type":"CommentAction","name":"Comment","target":["https:\/\/www.realclubmaritimomelilla.es\/clmar\/la-segunda-edicion-del-torneo-3x3-rcmm-a-escena-en-el-baloncesto-local\/#respond"]}]},{"@type":"WebPage","@id":"https:\/\/www.realclubmaritimomelilla.es\/clmar\/la-segunda-edicion-del-torneo-3x3-rcmm-a-escena-en-el-baloncesto-local\/","url":"https:\/\/www.realclubmaritimomelilla.es\/clmar\/la-segunda-edicion-del-torneo-3x3-rcmm-a-escena-en-el-baloncesto-local\/","name":"La segunda edici\u00f3n del Torneo 3x3 RCMM a escena en el baloncesto local - Real Club Mar\u00edtimo de Melilla","isPartOf":{"@id":"https:\/\/www.realclubmaritimomelilla.es\/clmar\/#website"},"primaryImageOfPage":{"@id":"https:\/\/www.realclubmaritimomelilla.es\/clmar\/la-segunda-edicion-del-torneo-3x3-rcmm-a-escena-en-el-baloncesto-local\/#primaryimage"},"image":{"@id":"https:\/\/www.realclubmaritimomelilla.es\/clmar\/la-segunda-edicion-del-torneo-3x3-rcmm-a-escena-en-el-baloncesto-local\/#primaryimage"},"thumbnailUrl":"https:\/\/www.realclubmaritimomelilla.es\/clmar\/wp-content\/uploads\/cartel-basket-3x3-1.webp","datePublished":"2025-10-24T09:26:51+00:00","dateModified":"2025-10-24T10:33:36+00:00","description":"Tras el rotundo \u00e9xito de la primera edici\u00f3n, el pr\u00f3ximo domingo 9 de noviembre se celebrar\u00e1 el \u201cII TORNEO 3\u00d73 RC MAR\u00cdTIMO DE MELILLA\u201d","breadcrumb":{"@id":"https:\/\/www.realclubmaritimomelilla.es\/clmar\/la-segunda-edicion-del-torneo-3x3-rcmm-a-escena-en-el-baloncesto-local\/#breadcrumb"},"inLanguage":"es","potentialAction":[{"@type":"ReadAction","target":["https:\/\/www.realclubmaritimomelilla.es\/clmar\/la-segunda-edicion-del-torneo-3x3-rcmm-a-escena-en-el-baloncesto-local\/"]}]},{"@type":"ImageObject","inLanguage":"es","@id":"https:\/\/www.realclubmaritimomelilla.es\/clmar\/la-segunda-edicion-del-torneo-3x3-rcmm-a-escena-en-el-baloncesto-local\/#primaryimage","url":"https:\/\/www.realclubmaritimomelilla.es\/clmar\/wp-content\/uploads\/cartel-basket-3x3-1.webp","contentUrl":"https:\/\/www.realclubmaritimomelilla.es\/clmar\/wp-content\/uploads\/cartel-basket-3x3-1.webp","width":1131,"height":1600},{"@type":"BreadcrumbList","@id":"https:\/\/www.realclubmaritimomelilla.es\/clmar\/la-segunda-edicion-del-torneo-3x3-rcmm-a-escena-en-el-baloncesto-local\/#breadcrumb","itemListElement":[{"@type":"ListItem","position":1,"name":"Portada","item":"https:\/\/www.realclubmaritimomelilla.es\/clmar\/"},{"@type":"ListItem","position":2,"name":"La segunda edici\u00f3n del Torneo 3&#215;3 RCMM a escena en el baloncesto local"}]},{"@type":"WebSite","@id":"https:\/\/www.realclubmaritimomelilla.es\/clmar\/#website","url":"https:\/\/www.realclubmaritimomelilla.es\/clmar\/","name":"Real Club Mar\u00edtimo de Melilla","description":"RCMM","publisher":{"@id":"https:\/\/www.realclubmaritimomelilla.es\/clmar\/#organization"},"alternateName":"RCMM","potentialAction":[{"@type":"SearchAction","target":{"@type":"EntryPoint","urlTemplate":"https:\/\/www.realclubmaritimomelilla.es\/clmar\/?s={search_term_string}"},"query-input":{"@type":"PropertyValueSpecification","valueRequired":true,"valueName":"search_term_string"}}],"inLanguage":"es"},{"@type":"Organization","@id":"https:\/\/www.realclubmaritimomelilla.es\/clmar\/#organization","name":"Real Club Mar\u00edtimo de Melilla","alternateName":"RCMM","url":"https:\/\/www.realclubmaritimomelilla.es\/clmar\/","logo":{"@type":"ImageObject","inLanguage":"es","@id":"https:\/\/www.realclubmaritimomelilla.es\/clmar\/#\/schema\/logo\/image\/","url":"https:\/\/www.realclubmaritimomelilla.es\/clmar\/wp-content\/uploads\/logo-club-original-copia.jpg","contentUrl":"https:\/\/www.realclubmaritimomelilla.es\/clmar\/wp-content\/uploads\/logo-club-original-copia.jpg","width":128,"height":89,"caption":"Real Club Mar\u00edtimo de Melilla"},"image":{"@id":"https:\/\/www.realclubmaritimomelilla.es\/clmar\/#\/schema\/logo\/image\/"},"sameAs":["https:\/\/www.facebook.com\/Real-Club-Mar\u00edtimo-de-Melilla-588495841234214\/","https:\/\/x.com\/nauticarcmm","https:\/\/www.instagram.com\/club_maritimo_melilla\/","https:\/\/www.youtube.com\/@realclubmaritimodemelilla4703","https:\/\/es.wikipedia.org\/wiki\/Real_Club_Mar\u00edtimo_de_Melilla"]},{"@type":"Person","@id":"https:\/\/www.realclubmaritimomelilla.es\/clmar\/#\/schema\/person\/ebaa3713496dc6d48c872452e73a8e79","name":"RCMMelilla","image":{"@type":"ImageObject","inLanguage":"es","@id":"https:\/\/secure.gravatar.com\/avatar\/df1c24789360fb9308735c4ee556fc2bc5bf924bf01e53043b8b97ba272da33c?s=96&d=mm&r=g","url":"https:\/\/secure.gravatar.com\/avatar\/df1c24789360fb9308735c4ee556fc2bc5bf924bf01e53043b8b97ba272da33c?s=96&d=mm&r=g","contentUrl":"https:\/\/secure.gravatar.com\/avatar\/df1c24789360fb9308735c4ee556fc2bc5bf924bf01e53043b8b97ba272da33c?s=96&d=mm&r=g","caption":"RCMMelilla"}}]}},"_links":{"self":[{"href":"https:\/\/www.realclubmaritimomelilla.es\/clmar\/wp-json\/wp\/v2\/posts\/26438","targetHints":{"allow":["GET"]}}],"collection":[{"href":"https:\/\/www.realclubmaritimomelilla.es\/clmar\/wp-json\/wp\/v2\/posts"}],"about":[{"href":"https:\/\/www.realclubmaritimomelilla.es\/clmar\/wp-json\/wp\/v2\/types\/post"}],"author":[{"embeddable":true,"href":"https:\/\/www.realclubmaritimomelilla.es\/clmar\/wp-json\/wp\/v2\/users\/1"}],"replies":[{"embeddable":true,"href":"https:\/\/www.realclubmaritimomelilla.es\/clmar\/wp-json\/wp\/v2\/comments?post=26438"}],"version-history":[{"count":2,"href":"https:\/\/www.realclubmaritimomelilla.es\/clmar\/wp-json\/wp\/v2\/posts\/26438\/revisions"}],"predecessor-version":[{"id":26441,"href":"https:\/\/www.realclubmaritimomelilla.es\/clmar\/wp-json\/wp\/v2\/posts\/26438\/revisions\/26441"}],"wp:featuredmedia":[{"embeddable":true,"href":"https:\/\/www.realclubmaritimomelilla.es\/clmar\/wp-json\/wp\/v2\/media\/26439"}],"wp:attachment":[{"href":"https:\/\/www.realclubmaritimomelilla.es\/clmar\/wp-json\/wp\/v2\/media?parent=26438"}],"wp:term":[{"taxonomy":"category","embeddable":true,"href":"https:\/\/www.realclubmaritimomelilla.es\/clmar\/wp-json\/wp\/v2\/categories?post=26438"},{"taxonomy":"post_tag","embeddable":true,"href":"https:\/\/www.realclubmaritimomelilla.es\/clmar\/wp-json\/wp\/v2\/tags?post=26438"}],"curies":[{"name":"wp","href":"https:\/\/api.w.org\/{rel}","templated":true}]}}