{"id":26424,"date":"2025-10-21T17:19:24","date_gmt":"2025-10-21T15:19:24","guid":{"rendered":"https:\/\/www.realclubmaritimomelilla.es\/clmar\/?p=26424"},"modified":"2025-10-22T11:38:16","modified_gmt":"2025-10-22T09:38:16","slug":"clausura-de-la-5a-regata-delegacion-de-defensa-en-melilla-con-la-colaboracion-del-real-club-maritimo","status":"publish","type":"post","link":"https:\/\/www.realclubmaritimomelilla.es\/clmar\/clausura-de-la-5a-regata-delegacion-de-defensa-en-melilla-con-la-colaboracion-del-real-club-maritimo\/","title":{"rendered":"Clausura de la 5\u00aa Regata Delegaci\u00f3n de Defensa en Melilla"},"content":{"rendered":"<p>La bah\u00eda de Melilla ha sido el escenario de la 5\u00aa edici\u00f3n de la Regata Delegaci\u00f3n de Defensa, una cita deportiva que se ha consolidado en el calendario n\u00e1utico de la ciudad y que este a\u00f1o ha contado, una vez m\u00e1s, con la colaboraci\u00f3n del Real Club Mar\u00edtimo de Melilla (RCMM).<\/p>\n<p>Tras dos intensas jornadas de competici\u00f3n para la flota de vela ligera \u2013 la clase crucero compiti\u00f3 en la primera semana de octubre &#8211; , la regata concluy\u00f3 el pasado domingo con la entrega de trofeos en la p\u00e9rgola del RCMM. Al acto asistieron representantes de la flota participante, as\u00ed como autoridades civiles y militares, entre ellos el presidente del Club, Jer\u00f3nimo P\u00e9rez, el coronel Jes\u00fas Dami\u00e1n Gonz\u00e1lez de Quevedo, delegado de Defensa en Melilla y principal impulsor del evento, y el general Luis Cort\u00e9s, comandante general de Melilla.<\/p>\n<p>Durante su intervenci\u00f3n, el coronel Gonz\u00e1lez de Quevedo agradeci\u00f3 a todos los regatistas y al personal organizador su implicaci\u00f3n y esfuerzo para hacer posible esta competici\u00f3n. Adem\u00e1s, destac\u00f3 que esta regata forma parte de los actos conmemorativos del D\u00eda de la Fiesta Nacional, y expres\u00f3 su deseo de mantener esta fecha para futuras ediciones.<\/p>\n<p>En lo deportivo, la regata se desarroll\u00f3 en dos fases: los d\u00edas 4 y 5 de octubre fue el turno de la flota de cruceros, mientras que durante el pasado fin de semana compitieron las clases Optimist, Snipe y Techno 293.<\/p>\n<p>RESULTADOS 2025:<br \/>\nClase Optimist General:<br \/>\n1\u00ba Pablo Rivas<br \/>\n2\u00ba Miguel \u00c1ngel Tormo<br \/>\n3\u00ba Amir Bouchankouk<br \/>\nClase Optimist Sub13:<br \/>\n1\u00ba Pablo Rivas<br \/>\n2\u00ba Amir Bouchankouk<br \/>\n3\u00aa Isabela Tormo<br \/>\nClase Optimist Sub11:<br \/>\n1\u00ba Rafae Aguilar<br \/>\n2\u00ba Daniel Est\u00e1n<br \/>\n3\u00aa Mar\u00eda Aguilar<br \/>\nClase Optimist Iniciaci\u00f3n:<br \/>\n1\u00ba Jos\u00e9 Rivas<br \/>\n2\u00aa Carlota P\u00e9rez<br \/>\n3\u00ba Zacarias Laarbi<br \/>\nClase Snipe:<br \/>\n1\u00ba Pablo Rivas y Alba Mu\u00f1oz<br \/>\n2\u00aa Carlos Rivas y Rayan Calvo<br \/>\n3\u00ba Juan Luis Ruano y Fabio D\u00edaz<br \/>\nClase Crucero:<br \/>\n1\u00ba Llop Uno, Andr\u00e9s Bellido<br \/>\n2\u00ba Olivita, Luis Cobreros<br \/>\n3\u00ba Kelaya, Jos\u00e9 Garc\u00eda<\/p>\n<p>La regata ha cumplido este a\u00f1o su quinta edici\u00f3n, consolid\u00e1ndose como una actividad deportiva de referencia en el \u00e1mbito n\u00e1utico local, que a\u00fana el deporte con la conmemoraci\u00f3n institucional y el esp\u00edritu de colaboraci\u00f3n entre entidades civiles y militares.<br \/>\n\n\t\t<style type=\"text\/css\">\n\t\t\t#gallery-1 {\n\t\t\t\tmargin: auto;\n\t\t\t}\n\t\t\t#gallery-1 .gallery-item {\n\t\t\t\tfloat: left;\n\t\t\t\tmargin-top: 10px;\n\t\t\t\ttext-align: center;\n\t\t\t\twidth: 33%;\n\t\t\t}\n\t\t\t#gallery-1 img {\n\t\t\t\tborder: 2px solid #cfcfcf;\n\t\t\t}\n\t\t\t#gallery-1 .gallery-caption {\n\t\t\t\tmargin-left: 0;\n\t\t\t}\n\t\t\t\/* see gallery_shortcode() in wp-includes\/media.php *\/\n\t\t<\/style>\n\t\t<div id='gallery-1' class='gallery galleryid-26424 gallery-columns-3 gallery-size-full'><dl class='gallery-item'>\n\t\t\t<dt class='gallery-icon landscape'>\n\t\t\t\t<a data-rel=\"iLightbox[postimages]\" data-title=\"Autoridades\" data-caption=\"\" href='https:\/\/www.realclubmaritimomelilla.es\/clmar\/clausura-de-la-5a-regata-delegacion-de-defensa-en-melilla-con-la-colaboracion-del-real-club-maritimo\/autoridades-3\/'><img decoding=\"async\" width=\"1417\" height=\"853\" src=\"https:\/\/www.realclubmaritimomelilla.es\/clmar\/wp-content\/uploads\/Autoridades-1.webp\" class=\"attachment-full size-full\" alt=\"\" srcset=\"https:\/\/www.realclubmaritimomelilla.es\/clmar\/wp-content\/uploads\/Autoridades-1-200x120.webp 200w, https:\/\/www.realclubmaritimomelilla.es\/clmar\/wp-content\/uploads\/Autoridades-1-300x181.webp 300w, https:\/\/www.realclubmaritimomelilla.es\/clmar\/wp-content\/uploads\/Autoridades-1-400x241.webp 400w, https:\/\/www.realclubmaritimomelilla.es\/clmar\/wp-content\/uploads\/Autoridades-1-600x361.webp 600w, https:\/\/www.realclubmaritimomelilla.es\/clmar\/wp-content\/uploads\/Autoridades-1-768x462.webp 768w, https:\/\/www.realclubmaritimomelilla.es\/clmar\/wp-content\/uploads\/Autoridades-1-800x482.webp 800w, https:\/\/www.realclubmaritimomelilla.es\/clmar\/wp-content\/uploads\/Autoridades-1-1024x616.webp 1024w, https:\/\/www.realclubmaritimomelilla.es\/clmar\/wp-content\/uploads\/Autoridades-1-1200x722.webp 1200w, https:\/\/www.realclubmaritimomelilla.es\/clmar\/wp-content\/uploads\/Autoridades-1.webp 1417w\" sizes=\"(max-width: 1417px) 100vw, 1417px\" \/><\/a>\n\t\t\t<\/dt><\/dl><dl class='gallery-item'>\n\t\t\t<dt class='gallery-icon landscape'>\n\t\t\t\t<a data-rel=\"iLightbox[postimages]\" data-title=\"Crucero\" data-caption=\"\" href='https:\/\/www.realclubmaritimomelilla.es\/clmar\/clausura-de-la-5a-regata-delegacion-de-defensa-en-melilla-con-la-colaboracion-del-real-club-maritimo\/crucero\/'><img decoding=\"async\" width=\"2560\" height=\"1438\" src=\"https:\/\/www.realclubmaritimomelilla.es\/clmar\/wp-content\/uploads\/Crucero-scaled.webp\" class=\"attachment-full size-full\" alt=\"\" srcset=\"https:\/\/www.realclubmaritimomelilla.es\/clmar\/wp-content\/uploads\/Crucero-200x112.webp 200w, https:\/\/www.realclubmaritimomelilla.es\/clmar\/wp-content\/uploads\/Crucero-300x169.webp 300w, https:\/\/www.realclubmaritimomelilla.es\/clmar\/wp-content\/uploads\/Crucero-400x225.webp 400w, https:\/\/www.realclubmaritimomelilla.es\/clmar\/wp-content\/uploads\/Crucero-600x337.webp 600w, https:\/\/www.realclubmaritimomelilla.es\/clmar\/wp-content\/uploads\/Crucero-768x431.webp 768w, https:\/\/www.realclubmaritimomelilla.es\/clmar\/wp-content\/uploads\/Crucero-800x449.webp 800w, https:\/\/www.realclubmaritimomelilla.es\/clmar\/wp-content\/uploads\/Crucero-1024x575.webp 1024w, https:\/\/www.realclubmaritimomelilla.es\/clmar\/wp-content\/uploads\/Crucero-1200x674.webp 1200w, https:\/\/www.realclubmaritimomelilla.es\/clmar\/wp-content\/uploads\/Crucero-1536x863.webp 1536w, https:\/\/www.realclubmaritimomelilla.es\/clmar\/wp-content\/uploads\/Crucero-scaled.webp 2560w\" sizes=\"(max-width: 2560px) 100vw, 2560px\" \/><\/a>\n\t\t\t<\/dt><\/dl><dl class='gallery-item'>\n\t\t\t<dt class='gallery-icon landscape'>\n\t\t\t\t<a data-rel=\"iLightbox[postimages]\" data-title=\"Mesa Trofeos\" data-caption=\"\" href='https:\/\/www.realclubmaritimomelilla.es\/clmar\/clausura-de-la-5a-regata-delegacion-de-defensa-en-melilla-con-la-colaboracion-del-real-club-maritimo\/mesa-trofeos\/'><img decoding=\"async\" width=\"1417\" height=\"931\" src=\"https:\/\/www.realclubmaritimomelilla.es\/clmar\/wp-content\/uploads\/Mesa-Trofeos.webp\" class=\"attachment-full size-full\" alt=\"\" srcset=\"https:\/\/www.realclubmaritimomelilla.es\/clmar\/wp-content\/uploads\/Mesa-Trofeos-200x131.webp 200w, https:\/\/www.realclubmaritimomelilla.es\/clmar\/wp-content\/uploads\/Mesa-Trofeos-300x197.webp 300w, https:\/\/www.realclubmaritimomelilla.es\/clmar\/wp-content\/uploads\/Mesa-Trofeos-400x263.webp 400w, https:\/\/www.realclubmaritimomelilla.es\/clmar\/wp-content\/uploads\/Mesa-Trofeos-600x394.webp 600w, https:\/\/www.realclubmaritimomelilla.es\/clmar\/wp-content\/uploads\/Mesa-Trofeos-768x505.webp 768w, https:\/\/www.realclubmaritimomelilla.es\/clmar\/wp-content\/uploads\/Mesa-Trofeos-800x526.webp 800w, https:\/\/www.realclubmaritimomelilla.es\/clmar\/wp-content\/uploads\/Mesa-Trofeos-1024x673.webp 1024w, https:\/\/www.realclubmaritimomelilla.es\/clmar\/wp-content\/uploads\/Mesa-Trofeos-1200x788.webp 1200w, https:\/\/www.realclubmaritimomelilla.es\/clmar\/wp-content\/uploads\/Mesa-Trofeos.webp 1417w\" sizes=\"(max-width: 1417px) 100vw, 1417px\" \/><\/a>\n\t\t\t<\/dt><\/dl><br style=\"clear: both\" \/><dl class='gallery-item'>\n\t\t\t<dt class='gallery-icon landscape'>\n\t\t\t\t<a data-rel=\"iLightbox[postimages]\" data-title=\"Optimist General\" data-caption=\"\" href='https:\/\/www.realclubmaritimomelilla.es\/clmar\/clausura-de-la-5a-regata-delegacion-de-defensa-en-melilla-con-la-colaboracion-del-real-club-maritimo\/optimist-general\/'><img decoding=\"async\" width=\"1417\" height=\"1023\" src=\"https:\/\/www.realclubmaritimomelilla.es\/clmar\/wp-content\/uploads\/Optimist-General.webp\" class=\"attachment-full size-full\" alt=\"\" srcset=\"https:\/\/www.realclubmaritimomelilla.es\/clmar\/wp-content\/uploads\/Optimist-General-200x144.webp 200w, https:\/\/www.realclubmaritimomelilla.es\/clmar\/wp-content\/uploads\/Optimist-General-300x217.webp 300w, https:\/\/www.realclubmaritimomelilla.es\/clmar\/wp-content\/uploads\/Optimist-General-400x289.webp 400w, https:\/\/www.realclubmaritimomelilla.es\/clmar\/wp-content\/uploads\/Optimist-General-600x433.webp 600w, https:\/\/www.realclubmaritimomelilla.es\/clmar\/wp-content\/uploads\/Optimist-General-768x554.webp 768w, https:\/\/www.realclubmaritimomelilla.es\/clmar\/wp-content\/uploads\/Optimist-General-800x578.webp 800w, https:\/\/www.realclubmaritimomelilla.es\/clmar\/wp-content\/uploads\/Optimist-General-1024x739.webp 1024w, https:\/\/www.realclubmaritimomelilla.es\/clmar\/wp-content\/uploads\/Optimist-General-1200x866.webp 1200w, https:\/\/www.realclubmaritimomelilla.es\/clmar\/wp-content\/uploads\/Optimist-General.webp 1417w\" sizes=\"(max-width: 1417px) 100vw, 1417px\" \/><\/a>\n\t\t\t<\/dt><\/dl><dl class='gallery-item'>\n\t\t\t<dt class='gallery-icon landscape'>\n\t\t\t\t<a data-rel=\"iLightbox[postimages]\" data-title=\"Optimist Iniciaci\u00f3n\" data-caption=\"\" href='https:\/\/www.realclubmaritimomelilla.es\/clmar\/clausura-de-la-5a-regata-delegacion-de-defensa-en-melilla-con-la-colaboracion-del-real-club-maritimo\/optimist-iniciacion\/'><img decoding=\"async\" width=\"1417\" height=\"1181\" src=\"https:\/\/www.realclubmaritimomelilla.es\/clmar\/wp-content\/uploads\/Optimist-Iniciacion.webp\" class=\"attachment-full size-full\" alt=\"\" srcset=\"https:\/\/www.realclubmaritimomelilla.es\/clmar\/wp-content\/uploads\/Optimist-Iniciacion-200x167.webp 200w, https:\/\/www.realclubmaritimomelilla.es\/clmar\/wp-content\/uploads\/Optimist-Iniciacion-300x250.webp 300w, https:\/\/www.realclubmaritimomelilla.es\/clmar\/wp-content\/uploads\/Optimist-Iniciacion-400x333.webp 400w, https:\/\/www.realclubmaritimomelilla.es\/clmar\/wp-content\/uploads\/Optimist-Iniciacion-600x500.webp 600w, https:\/\/www.realclubmaritimomelilla.es\/clmar\/wp-content\/uploads\/Optimist-Iniciacion-768x640.webp 768w, https:\/\/www.realclubmaritimomelilla.es\/clmar\/wp-content\/uploads\/Optimist-Iniciacion-800x667.webp 800w, https:\/\/www.realclubmaritimomelilla.es\/clmar\/wp-content\/uploads\/Optimist-Iniciacion-1024x853.webp 1024w, https:\/\/www.realclubmaritimomelilla.es\/clmar\/wp-content\/uploads\/Optimist-Iniciacion-1200x1000.webp 1200w, https:\/\/www.realclubmaritimomelilla.es\/clmar\/wp-content\/uploads\/Optimist-Iniciacion.webp 1417w\" sizes=\"(max-width: 1417px) 100vw, 1417px\" \/><\/a>\n\t\t\t<\/dt><\/dl><dl class='gallery-item'>\n\t\t\t<dt class='gallery-icon landscape'>\n\t\t\t\t<a data-rel=\"iLightbox[postimages]\" data-title=\"Optimist Sub11\" data-caption=\"\" href='https:\/\/www.realclubmaritimomelilla.es\/clmar\/clausura-de-la-5a-regata-delegacion-de-defensa-en-melilla-con-la-colaboracion-del-real-club-maritimo\/optimist-sub11\/'><img decoding=\"async\" width=\"1417\" height=\"1181\" src=\"https:\/\/www.realclubmaritimomelilla.es\/clmar\/wp-content\/uploads\/Optimist-Sub11.webp\" class=\"attachment-full size-full\" alt=\"\" srcset=\"https:\/\/www.realclubmaritimomelilla.es\/clmar\/wp-content\/uploads\/Optimist-Sub11-200x167.webp 200w, https:\/\/www.realclubmaritimomelilla.es\/clmar\/wp-content\/uploads\/Optimist-Sub11-300x250.webp 300w, https:\/\/www.realclubmaritimomelilla.es\/clmar\/wp-content\/uploads\/Optimist-Sub11-400x333.webp 400w, https:\/\/www.realclubmaritimomelilla.es\/clmar\/wp-content\/uploads\/Optimist-Sub11-600x500.webp 600w, https:\/\/www.realclubmaritimomelilla.es\/clmar\/wp-content\/uploads\/Optimist-Sub11-768x640.webp 768w, https:\/\/www.realclubmaritimomelilla.es\/clmar\/wp-content\/uploads\/Optimist-Sub11-800x667.webp 800w, https:\/\/www.realclubmaritimomelilla.es\/clmar\/wp-content\/uploads\/Optimist-Sub11-1024x853.webp 1024w, https:\/\/www.realclubmaritimomelilla.es\/clmar\/wp-content\/uploads\/Optimist-Sub11-1200x1000.webp 1200w, https:\/\/www.realclubmaritimomelilla.es\/clmar\/wp-content\/uploads\/Optimist-Sub11.webp 1417w\" sizes=\"(max-width: 1417px) 100vw, 1417px\" \/><\/a>\n\t\t\t<\/dt><\/dl><br style=\"clear: both\" \/><dl class='gallery-item'>\n\t\t\t<dt class='gallery-icon landscape'>\n\t\t\t\t<a data-rel=\"iLightbox[postimages]\" data-title=\"Optimist Sub13\" data-caption=\"\" href='https:\/\/www.realclubmaritimomelilla.es\/clmar\/clausura-de-la-5a-regata-delegacion-de-defensa-en-melilla-con-la-colaboracion-del-real-club-maritimo\/optimist-sub13\/'><img decoding=\"async\" width=\"1417\" height=\"1119\" src=\"https:\/\/www.realclubmaritimomelilla.es\/clmar\/wp-content\/uploads\/Optimist-Sub13.webp\" class=\"attachment-full size-full\" alt=\"\" srcset=\"https:\/\/www.realclubmaritimomelilla.es\/clmar\/wp-content\/uploads\/Optimist-Sub13-200x158.webp 200w, https:\/\/www.realclubmaritimomelilla.es\/clmar\/wp-content\/uploads\/Optimist-Sub13-300x237.webp 300w, https:\/\/www.realclubmaritimomelilla.es\/clmar\/wp-content\/uploads\/Optimist-Sub13-400x316.webp 400w, https:\/\/www.realclubmaritimomelilla.es\/clmar\/wp-content\/uploads\/Optimist-Sub13-600x474.webp 600w, https:\/\/www.realclubmaritimomelilla.es\/clmar\/wp-content\/uploads\/Optimist-Sub13-768x606.webp 768w, https:\/\/www.realclubmaritimomelilla.es\/clmar\/wp-content\/uploads\/Optimist-Sub13-800x632.webp 800w, https:\/\/www.realclubmaritimomelilla.es\/clmar\/wp-content\/uploads\/Optimist-Sub13-1024x809.webp 1024w, https:\/\/www.realclubmaritimomelilla.es\/clmar\/wp-content\/uploads\/Optimist-Sub13-1200x948.webp 1200w, https:\/\/www.realclubmaritimomelilla.es\/clmar\/wp-content\/uploads\/Optimist-Sub13.webp 1417w\" sizes=\"(max-width: 1417px) 100vw, 1417px\" \/><\/a>\n\t\t\t<\/dt><\/dl><dl class='gallery-item'>\n\t\t\t<dt class='gallery-icon landscape'>\n\t\t\t\t<a data-rel=\"iLightbox[postimages]\" data-title=\"Snipe\" data-caption=\"\" href='https:\/\/www.realclubmaritimomelilla.es\/clmar\/clausura-de-la-5a-regata-delegacion-de-defensa-en-melilla-con-la-colaboracion-del-real-club-maritimo\/snipe-4\/'><img decoding=\"async\" width=\"1772\" height=\"974\" src=\"https:\/\/www.realclubmaritimomelilla.es\/clmar\/wp-content\/uploads\/Snipe-2.webp\" class=\"attachment-full size-full\" alt=\"\" srcset=\"https:\/\/www.realclubmaritimomelilla.es\/clmar\/wp-content\/uploads\/Snipe-2-200x110.webp 200w, https:\/\/www.realclubmaritimomelilla.es\/clmar\/wp-content\/uploads\/Snipe-2-300x165.webp 300w, https:\/\/www.realclubmaritimomelilla.es\/clmar\/wp-content\/uploads\/Snipe-2-400x220.webp 400w, https:\/\/www.realclubmaritimomelilla.es\/clmar\/wp-content\/uploads\/Snipe-2-600x330.webp 600w, https:\/\/www.realclubmaritimomelilla.es\/clmar\/wp-content\/uploads\/Snipe-2-768x422.webp 768w, https:\/\/www.realclubmaritimomelilla.es\/clmar\/wp-content\/uploads\/Snipe-2-800x440.webp 800w, https:\/\/www.realclubmaritimomelilla.es\/clmar\/wp-content\/uploads\/Snipe-2-1024x563.webp 1024w, https:\/\/www.realclubmaritimomelilla.es\/clmar\/wp-content\/uploads\/Snipe-2-1200x660.webp 1200w, https:\/\/www.realclubmaritimomelilla.es\/clmar\/wp-content\/uploads\/Snipe-2-1536x844.webp 1536w, https:\/\/www.realclubmaritimomelilla.es\/clmar\/wp-content\/uploads\/Snipe-2.webp 1772w\" sizes=\"(max-width: 1772px) 100vw, 1772px\" \/><\/a>\n\t\t\t<\/dt><\/dl>\n\t\t\t<br style='clear: both' \/>\n\t\t<\/div>\n<\/p>\n","protected":false},"excerpt":{"rendered":"<p>La bah\u00eda de Melilla ha sido el escenario de la 5\u00aa edici\u00f3n de la Regata Delegaci\u00f3n de Defensa, una cita deportiva que se ha consolidado en el calendario n\u00e1utico de la ciudad y que este a\u00f1o ha contado, una vez m\u00e1s, con la colaboraci\u00f3n del Real Club Mar\u00edtimo de Melilla (RCMM). Tras dos intensas jornadas [&hellip;]<\/p>\n","protected":false},"author":1,"featured_media":26433,"comment_status":"open","ping_status":"open","sticky":false,"template":"","format":"standard","meta":{"_acf_changed":false,"footnotes":""},"categories":[38],"tags":[],"class_list":["post-26424","post","type-post","status-publish","format-standard","has-post-thumbnail","hentry","category-nautica"],"acf":[],"yoast_head":"<!-- This site is optimized with the Yoast SEO plugin v27.5 - https:\/\/yoast.com\/product\/yoast-seo-wordpress\/ -->\n<title>Clausura de la 5\u00aa Regata Delegaci\u00f3n de Defensa en Melilla - Real Club Mar\u00edtimo de Melilla<\/title>\n<meta name=\"description\" content=\"Melilla ha sido el escenario de la 5\u00aa edici\u00f3n de la Regata Delegaci\u00f3n de Defensa que ha contado, una vez m\u00e1s, con la colaboraci\u00f3n del RCMM\" \/>\n<meta name=\"robots\" content=\"index, follow, max-snippet:-1, max-image-preview:large, max-video-preview:-1\" \/>\n<link rel=\"canonical\" href=\"https:\/\/www.realclubmaritimomelilla.es\/clmar\/clausura-de-la-5a-regata-delegacion-de-defensa-en-melilla-con-la-colaboracion-del-real-club-maritimo\/\" \/>\n<meta property=\"og:locale\" content=\"es_ES\" \/>\n<meta property=\"og:type\" content=\"article\" \/>\n<meta property=\"og:title\" content=\"Clausura de la 5\u00aa Regata Delegaci\u00f3n de Defensa en Melilla - Real Club Mar\u00edtimo de Melilla\" \/>\n<meta property=\"og:description\" content=\"Melilla ha sido el escenario de la 5\u00aa edici\u00f3n de la Regata Delegaci\u00f3n de Defensa que ha contado, una vez m\u00e1s, con la colaboraci\u00f3n del RCMM\" \/>\n<meta property=\"og:url\" content=\"https:\/\/www.realclubmaritimomelilla.es\/clmar\/clausura-de-la-5a-regata-delegacion-de-defensa-en-melilla-con-la-colaboracion-del-real-club-maritimo\/\" \/>\n<meta property=\"og:site_name\" content=\"Real Club Mar\u00edtimo de Melilla\" \/>\n<meta property=\"article:publisher\" content=\"https:\/\/www.facebook.com\/Real-Club-Mar%c3%adtimo-de-Melilla-588495841234214\/\" \/>\n<meta property=\"article:published_time\" content=\"2025-10-21T15:19:24+00:00\" \/>\n<meta property=\"article:modified_time\" content=\"2025-10-22T09:38:16+00:00\" \/>\n<meta property=\"og:image\" content=\"https:\/\/www.realclubmaritimomelilla.es\/clmar\/wp-content\/uploads\/Flota-y-Autoridades.webp\" \/>\n\t<meta property=\"og:image:width\" content=\"2126\" \/>\n\t<meta property=\"og:image:height\" content=\"961\" \/>\n\t<meta property=\"og:image:type\" content=\"image\/jpeg\" \/>\n<meta name=\"author\" content=\"RCMMelilla\" \/>\n<meta name=\"twitter:card\" content=\"summary_large_image\" \/>\n<meta name=\"twitter:creator\" content=\"@nauticarcmm\" \/>\n<meta name=\"twitter:site\" content=\"@nauticarcmm\" \/>\n<meta name=\"twitter:label1\" content=\"Escrito por\" \/>\n\t<meta name=\"twitter:data1\" content=\"RCMMelilla\" \/>\n\t<meta name=\"twitter:label2\" content=\"Tiempo de lectura\" \/>\n\t<meta name=\"twitter:data2\" content=\"2 minutos\" \/>\n<script type=\"application\/ld+json\" class=\"yoast-schema-graph\">{\"@context\":\"https:\\\/\\\/schema.org\",\"@graph\":[{\"@type\":\"Article\",\"@id\":\"https:\\\/\\\/www.realclubmaritimomelilla.es\\\/clmar\\\/clausura-de-la-5a-regata-delegacion-de-defensa-en-melilla-con-la-colaboracion-del-real-club-maritimo\\\/#article\",\"isPartOf\":{\"@id\":\"https:\\\/\\\/www.realclubmaritimomelilla.es\\\/clmar\\\/clausura-de-la-5a-regata-delegacion-de-defensa-en-melilla-con-la-colaboracion-del-real-club-maritimo\\\/\"},\"author\":{\"name\":\"RCMMelilla\",\"@id\":\"https:\\\/\\\/www.realclubmaritimomelilla.es\\\/clmar\\\/#\\\/schema\\\/person\\\/ebaa3713496dc6d48c872452e73a8e79\"},\"headline\":\"Clausura de la 5\u00aa Regata Delegaci\u00f3n de Defensa en Melilla\",\"datePublished\":\"2025-10-21T15:19:24+00:00\",\"dateModified\":\"2025-10-22T09:38:16+00:00\",\"mainEntityOfPage\":{\"@id\":\"https:\\\/\\\/www.realclubmaritimomelilla.es\\\/clmar\\\/clausura-de-la-5a-regata-delegacion-de-defensa-en-melilla-con-la-colaboracion-del-real-club-maritimo\\\/\"},\"wordCount\":389,\"commentCount\":0,\"publisher\":{\"@id\":\"https:\\\/\\\/www.realclubmaritimomelilla.es\\\/clmar\\\/#organization\"},\"image\":{\"@id\":\"https:\\\/\\\/www.realclubmaritimomelilla.es\\\/clmar\\\/clausura-de-la-5a-regata-delegacion-de-defensa-en-melilla-con-la-colaboracion-del-real-club-maritimo\\\/#primaryimage\"},\"thumbnailUrl\":\"https:\\\/\\\/www.realclubmaritimomelilla.es\\\/clmar\\\/wp-content\\\/uploads\\\/Flota-y-Autoridades.webp\",\"articleSection\":[\"N\u00e1utica\"],\"inLanguage\":\"es\",\"potentialAction\":[{\"@type\":\"CommentAction\",\"name\":\"Comment\",\"target\":[\"https:\\\/\\\/www.realclubmaritimomelilla.es\\\/clmar\\\/clausura-de-la-5a-regata-delegacion-de-defensa-en-melilla-con-la-colaboracion-del-real-club-maritimo\\\/#respond\"]}]},{\"@type\":\"WebPage\",\"@id\":\"https:\\\/\\\/www.realclubmaritimomelilla.es\\\/clmar\\\/clausura-de-la-5a-regata-delegacion-de-defensa-en-melilla-con-la-colaboracion-del-real-club-maritimo\\\/\",\"url\":\"https:\\\/\\\/www.realclubmaritimomelilla.es\\\/clmar\\\/clausura-de-la-5a-regata-delegacion-de-defensa-en-melilla-con-la-colaboracion-del-real-club-maritimo\\\/\",\"name\":\"Clausura de la 5\u00aa Regata Delegaci\u00f3n de Defensa en Melilla - Real Club Mar\u00edtimo de Melilla\",\"isPartOf\":{\"@id\":\"https:\\\/\\\/www.realclubmaritimomelilla.es\\\/clmar\\\/#website\"},\"primaryImageOfPage\":{\"@id\":\"https:\\\/\\\/www.realclubmaritimomelilla.es\\\/clmar\\\/clausura-de-la-5a-regata-delegacion-de-defensa-en-melilla-con-la-colaboracion-del-real-club-maritimo\\\/#primaryimage\"},\"image\":{\"@id\":\"https:\\\/\\\/www.realclubmaritimomelilla.es\\\/clmar\\\/clausura-de-la-5a-regata-delegacion-de-defensa-en-melilla-con-la-colaboracion-del-real-club-maritimo\\\/#primaryimage\"},\"thumbnailUrl\":\"https:\\\/\\\/www.realclubmaritimomelilla.es\\\/clmar\\\/wp-content\\\/uploads\\\/Flota-y-Autoridades.webp\",\"datePublished\":\"2025-10-21T15:19:24+00:00\",\"dateModified\":\"2025-10-22T09:38:16+00:00\",\"description\":\"Melilla ha sido el escenario de la 5\u00aa edici\u00f3n de la Regata Delegaci\u00f3n de Defensa que ha contado, una vez m\u00e1s, con la colaboraci\u00f3n del RCMM\",\"breadcrumb\":{\"@id\":\"https:\\\/\\\/www.realclubmaritimomelilla.es\\\/clmar\\\/clausura-de-la-5a-regata-delegacion-de-defensa-en-melilla-con-la-colaboracion-del-real-club-maritimo\\\/#breadcrumb\"},\"inLanguage\":\"es\",\"potentialAction\":[{\"@type\":\"ReadAction\",\"target\":[\"https:\\\/\\\/www.realclubmaritimomelilla.es\\\/clmar\\\/clausura-de-la-5a-regata-delegacion-de-defensa-en-melilla-con-la-colaboracion-del-real-club-maritimo\\\/\"]}]},{\"@type\":\"ImageObject\",\"inLanguage\":\"es\",\"@id\":\"https:\\\/\\\/www.realclubmaritimomelilla.es\\\/clmar\\\/clausura-de-la-5a-regata-delegacion-de-defensa-en-melilla-con-la-colaboracion-del-real-club-maritimo\\\/#primaryimage\",\"url\":\"https:\\\/\\\/www.realclubmaritimomelilla.es\\\/clmar\\\/wp-content\\\/uploads\\\/Flota-y-Autoridades.webp\",\"contentUrl\":\"https:\\\/\\\/www.realclubmaritimomelilla.es\\\/clmar\\\/wp-content\\\/uploads\\\/Flota-y-Autoridades.webp\",\"width\":2126,\"height\":961},{\"@type\":\"BreadcrumbList\",\"@id\":\"https:\\\/\\\/www.realclubmaritimomelilla.es\\\/clmar\\\/clausura-de-la-5a-regata-delegacion-de-defensa-en-melilla-con-la-colaboracion-del-real-club-maritimo\\\/#breadcrumb\",\"itemListElement\":[{\"@type\":\"ListItem\",\"position\":1,\"name\":\"Portada\",\"item\":\"https:\\\/\\\/www.realclubmaritimomelilla.es\\\/clmar\\\/\"},{\"@type\":\"ListItem\",\"position\":2,\"name\":\"Clausura de la 5\u00aa Regata Delegaci\u00f3n de Defensa en Melilla\"}]},{\"@type\":\"WebSite\",\"@id\":\"https:\\\/\\\/www.realclubmaritimomelilla.es\\\/clmar\\\/#website\",\"url\":\"https:\\\/\\\/www.realclubmaritimomelilla.es\\\/clmar\\\/\",\"name\":\"Real Club Mar\u00edtimo de Melilla\",\"description\":\"RCMM\",\"publisher\":{\"@id\":\"https:\\\/\\\/www.realclubmaritimomelilla.es\\\/clmar\\\/#organization\"},\"alternateName\":\"RCMM\",\"potentialAction\":[{\"@type\":\"SearchAction\",\"target\":{\"@type\":\"EntryPoint\",\"urlTemplate\":\"https:\\\/\\\/www.realclubmaritimomelilla.es\\\/clmar\\\/?s={search_term_string}\"},\"query-input\":{\"@type\":\"PropertyValueSpecification\",\"valueRequired\":true,\"valueName\":\"search_term_string\"}}],\"inLanguage\":\"es\"},{\"@type\":\"Organization\",\"@id\":\"https:\\\/\\\/www.realclubmaritimomelilla.es\\\/clmar\\\/#organization\",\"name\":\"Real Club Mar\u00edtimo de Melilla\",\"alternateName\":\"RCMM\",\"url\":\"https:\\\/\\\/www.realclubmaritimomelilla.es\\\/clmar\\\/\",\"logo\":{\"@type\":\"ImageObject\",\"inLanguage\":\"es\",\"@id\":\"https:\\\/\\\/www.realclubmaritimomelilla.es\\\/clmar\\\/#\\\/schema\\\/logo\\\/image\\\/\",\"url\":\"https:\\\/\\\/www.realclubmaritimomelilla.es\\\/clmar\\\/wp-content\\\/uploads\\\/logo-club-original-copia.jpg\",\"contentUrl\":\"https:\\\/\\\/www.realclubmaritimomelilla.es\\\/clmar\\\/wp-content\\\/uploads\\\/logo-club-original-copia.jpg\",\"width\":128,\"height\":89,\"caption\":\"Real Club Mar\u00edtimo de Melilla\"},\"image\":{\"@id\":\"https:\\\/\\\/www.realclubmaritimomelilla.es\\\/clmar\\\/#\\\/schema\\\/logo\\\/image\\\/\"},\"sameAs\":[\"https:\\\/\\\/www.facebook.com\\\/Real-Club-Mar\u00edtimo-de-Melilla-588495841234214\\\/\",\"https:\\\/\\\/x.com\\\/nauticarcmm\",\"https:\\\/\\\/www.instagram.com\\\/club_maritimo_melilla\\\/\",\"https:\\\/\\\/www.youtube.com\\\/@realclubmaritimodemelilla4703\",\"https:\\\/\\\/es.wikipedia.org\\\/wiki\\\/Real_Club_Mar\u00edtimo_de_Melilla\"]},{\"@type\":\"Person\",\"@id\":\"https:\\\/\\\/www.realclubmaritimomelilla.es\\\/clmar\\\/#\\\/schema\\\/person\\\/ebaa3713496dc6d48c872452e73a8e79\",\"name\":\"RCMMelilla\",\"image\":{\"@type\":\"ImageObject\",\"inLanguage\":\"es\",\"@id\":\"https:\\\/\\\/secure.gravatar.com\\\/avatar\\\/df1c24789360fb9308735c4ee556fc2bc5bf924bf01e53043b8b97ba272da33c?s=96&d=mm&r=g\",\"url\":\"https:\\\/\\\/secure.gravatar.com\\\/avatar\\\/df1c24789360fb9308735c4ee556fc2bc5bf924bf01e53043b8b97ba272da33c?s=96&d=mm&r=g\",\"contentUrl\":\"https:\\\/\\\/secure.gravatar.com\\\/avatar\\\/df1c24789360fb9308735c4ee556fc2bc5bf924bf01e53043b8b97ba272da33c?s=96&d=mm&r=g\",\"caption\":\"RCMMelilla\"}}]}<\/script>\n<!-- \/ Yoast SEO plugin. -->","yoast_head_json":{"title":"Clausura de la 5\u00aa Regata Delegaci\u00f3n de Defensa en Melilla - Real Club Mar\u00edtimo de Melilla","description":"Melilla ha sido el escenario de la 5\u00aa edici\u00f3n de la Regata Delegaci\u00f3n de Defensa que ha contado, una vez m\u00e1s, con la colaboraci\u00f3n del RCMM","robots":{"index":"index","follow":"follow","max-snippet":"max-snippet:-1","max-image-preview":"max-image-preview:large","max-video-preview":"max-video-preview:-1"},"canonical":"https:\/\/www.realclubmaritimomelilla.es\/clmar\/clausura-de-la-5a-regata-delegacion-de-defensa-en-melilla-con-la-colaboracion-del-real-club-maritimo\/","og_locale":"es_ES","og_type":"article","og_title":"Clausura de la 5\u00aa Regata Delegaci\u00f3n de Defensa en Melilla - Real Club Mar\u00edtimo de Melilla","og_description":"Melilla ha sido el escenario de la 5\u00aa edici\u00f3n de la Regata Delegaci\u00f3n de Defensa que ha contado, una vez m\u00e1s, con la colaboraci\u00f3n del RCMM","og_url":"https:\/\/www.realclubmaritimomelilla.es\/clmar\/clausura-de-la-5a-regata-delegacion-de-defensa-en-melilla-con-la-colaboracion-del-real-club-maritimo\/","og_site_name":"Real Club Mar\u00edtimo de Melilla","article_publisher":"https:\/\/www.facebook.com\/Real-Club-Mar%c3%adtimo-de-Melilla-588495841234214\/","article_published_time":"2025-10-21T15:19:24+00:00","article_modified_time":"2025-10-22T09:38:16+00:00","og_image":[{"width":2126,"height":961,"url":"https:\/\/www.realclubmaritimomelilla.es\/clmar\/wp-content\/uploads\/Flota-y-Autoridades.webp","type":"image\/jpeg"}],"author":"RCMMelilla","twitter_card":"summary_large_image","twitter_creator":"@nauticarcmm","twitter_site":"@nauticarcmm","twitter_misc":{"Escrito por":"RCMMelilla","Tiempo de lectura":"2 minutos"},"schema":{"@context":"https:\/\/schema.org","@graph":[{"@type":"Article","@id":"https:\/\/www.realclubmaritimomelilla.es\/clmar\/clausura-de-la-5a-regata-delegacion-de-defensa-en-melilla-con-la-colaboracion-del-real-club-maritimo\/#article","isPartOf":{"@id":"https:\/\/www.realclubmaritimomelilla.es\/clmar\/clausura-de-la-5a-regata-delegacion-de-defensa-en-melilla-con-la-colaboracion-del-real-club-maritimo\/"},"author":{"name":"RCMMelilla","@id":"https:\/\/www.realclubmaritimomelilla.es\/clmar\/#\/schema\/person\/ebaa3713496dc6d48c872452e73a8e79"},"headline":"Clausura de la 5\u00aa Regata Delegaci\u00f3n de Defensa en Melilla","datePublished":"2025-10-21T15:19:24+00:00","dateModified":"2025-10-22T09:38:16+00:00","mainEntityOfPage":{"@id":"https:\/\/www.realclubmaritimomelilla.es\/clmar\/clausura-de-la-5a-regata-delegacion-de-defensa-en-melilla-con-la-colaboracion-del-real-club-maritimo\/"},"wordCount":389,"commentCount":0,"publisher":{"@id":"https:\/\/www.realclubmaritimomelilla.es\/clmar\/#organization"},"image":{"@id":"https:\/\/www.realclubmaritimomelilla.es\/clmar\/clausura-de-la-5a-regata-delegacion-de-defensa-en-melilla-con-la-colaboracion-del-real-club-maritimo\/#primaryimage"},"thumbnailUrl":"https:\/\/www.realclubmaritimomelilla.es\/clmar\/wp-content\/uploads\/Flota-y-Autoridades.webp","articleSection":["N\u00e1utica"],"inLanguage":"es","potentialAction":[{"@type":"CommentAction","name":"Comment","target":["https:\/\/www.realclubmaritimomelilla.es\/clmar\/clausura-de-la-5a-regata-delegacion-de-defensa-en-melilla-con-la-colaboracion-del-real-club-maritimo\/#respond"]}]},{"@type":"WebPage","@id":"https:\/\/www.realclubmaritimomelilla.es\/clmar\/clausura-de-la-5a-regata-delegacion-de-defensa-en-melilla-con-la-colaboracion-del-real-club-maritimo\/","url":"https:\/\/www.realclubmaritimomelilla.es\/clmar\/clausura-de-la-5a-regata-delegacion-de-defensa-en-melilla-con-la-colaboracion-del-real-club-maritimo\/","name":"Clausura de la 5\u00aa Regata Delegaci\u00f3n de Defensa en Melilla - Real Club Mar\u00edtimo de Melilla","isPartOf":{"@id":"https:\/\/www.realclubmaritimomelilla.es\/clmar\/#website"},"primaryImageOfPage":{"@id":"https:\/\/www.realclubmaritimomelilla.es\/clmar\/clausura-de-la-5a-regata-delegacion-de-defensa-en-melilla-con-la-colaboracion-del-real-club-maritimo\/#primaryimage"},"image":{"@id":"https:\/\/www.realclubmaritimomelilla.es\/clmar\/clausura-de-la-5a-regata-delegacion-de-defensa-en-melilla-con-la-colaboracion-del-real-club-maritimo\/#primaryimage"},"thumbnailUrl":"https:\/\/www.realclubmaritimomelilla.es\/clmar\/wp-content\/uploads\/Flota-y-Autoridades.webp","datePublished":"2025-10-21T15:19:24+00:00","dateModified":"2025-10-22T09:38:16+00:00","description":"Melilla ha sido el escenario de la 5\u00aa edici\u00f3n de la Regata Delegaci\u00f3n de Defensa que ha contado, una vez m\u00e1s, con la colaboraci\u00f3n del RCMM","breadcrumb":{"@id":"https:\/\/www.realclubmaritimomelilla.es\/clmar\/clausura-de-la-5a-regata-delegacion-de-defensa-en-melilla-con-la-colaboracion-del-real-club-maritimo\/#breadcrumb"},"inLanguage":"es","potentialAction":[{"@type":"ReadAction","target":["https:\/\/www.realclubmaritimomelilla.es\/clmar\/clausura-de-la-5a-regata-delegacion-de-defensa-en-melilla-con-la-colaboracion-del-real-club-maritimo\/"]}]},{"@type":"ImageObject","inLanguage":"es","@id":"https:\/\/www.realclubmaritimomelilla.es\/clmar\/clausura-de-la-5a-regata-delegacion-de-defensa-en-melilla-con-la-colaboracion-del-real-club-maritimo\/#primaryimage","url":"https:\/\/www.realclubmaritimomelilla.es\/clmar\/wp-content\/uploads\/Flota-y-Autoridades.webp","contentUrl":"https:\/\/www.realclubmaritimomelilla.es\/clmar\/wp-content\/uploads\/Flota-y-Autoridades.webp","width":2126,"height":961},{"@type":"BreadcrumbList","@id":"https:\/\/www.realclubmaritimomelilla.es\/clmar\/clausura-de-la-5a-regata-delegacion-de-defensa-en-melilla-con-la-colaboracion-del-real-club-maritimo\/#breadcrumb","itemListElement":[{"@type":"ListItem","position":1,"name":"Portada","item":"https:\/\/www.realclubmaritimomelilla.es\/clmar\/"},{"@type":"ListItem","position":2,"name":"Clausura de la 5\u00aa Regata Delegaci\u00f3n de Defensa en Melilla"}]},{"@type":"WebSite","@id":"https:\/\/www.realclubmaritimomelilla.es\/clmar\/#website","url":"https:\/\/www.realclubmaritimomelilla.es\/clmar\/","name":"Real Club Mar\u00edtimo de Melilla","description":"RCMM","publisher":{"@id":"https:\/\/www.realclubmaritimomelilla.es\/clmar\/#organization"},"alternateName":"RCMM","potentialAction":[{"@type":"SearchAction","target":{"@type":"EntryPoint","urlTemplate":"https:\/\/www.realclubmaritimomelilla.es\/clmar\/?s={search_term_string}"},"query-input":{"@type":"PropertyValueSpecification","valueRequired":true,"valueName":"search_term_string"}}],"inLanguage":"es"},{"@type":"Organization","@id":"https:\/\/www.realclubmaritimomelilla.es\/clmar\/#organization","name":"Real Club Mar\u00edtimo de Melilla","alternateName":"RCMM","url":"https:\/\/www.realclubmaritimomelilla.es\/clmar\/","logo":{"@type":"ImageObject","inLanguage":"es","@id":"https:\/\/www.realclubmaritimomelilla.es\/clmar\/#\/schema\/logo\/image\/","url":"https:\/\/www.realclubmaritimomelilla.es\/clmar\/wp-content\/uploads\/logo-club-original-copia.jpg","contentUrl":"https:\/\/www.realclubmaritimomelilla.es\/clmar\/wp-content\/uploads\/logo-club-original-copia.jpg","width":128,"height":89,"caption":"Real Club Mar\u00edtimo de Melilla"},"image":{"@id":"https:\/\/www.realclubmaritimomelilla.es\/clmar\/#\/schema\/logo\/image\/"},"sameAs":["https:\/\/www.facebook.com\/Real-Club-Mar\u00edtimo-de-Melilla-588495841234214\/","https:\/\/x.com\/nauticarcmm","https:\/\/www.instagram.com\/club_maritimo_melilla\/","https:\/\/www.youtube.com\/@realclubmaritimodemelilla4703","https:\/\/es.wikipedia.org\/wiki\/Real_Club_Mar\u00edtimo_de_Melilla"]},{"@type":"Person","@id":"https:\/\/www.realclubmaritimomelilla.es\/clmar\/#\/schema\/person\/ebaa3713496dc6d48c872452e73a8e79","name":"RCMMelilla","image":{"@type":"ImageObject","inLanguage":"es","@id":"https:\/\/secure.gravatar.com\/avatar\/df1c24789360fb9308735c4ee556fc2bc5bf924bf01e53043b8b97ba272da33c?s=96&d=mm&r=g","url":"https:\/\/secure.gravatar.com\/avatar\/df1c24789360fb9308735c4ee556fc2bc5bf924bf01e53043b8b97ba272da33c?s=96&d=mm&r=g","contentUrl":"https:\/\/secure.gravatar.com\/avatar\/df1c24789360fb9308735c4ee556fc2bc5bf924bf01e53043b8b97ba272da33c?s=96&d=mm&r=g","caption":"RCMMelilla"}}]}},"_links":{"self":[{"href":"https:\/\/www.realclubmaritimomelilla.es\/clmar\/wp-json\/wp\/v2\/posts\/26424","targetHints":{"allow":["GET"]}}],"collection":[{"href":"https:\/\/www.realclubmaritimomelilla.es\/clmar\/wp-json\/wp\/v2\/posts"}],"about":[{"href":"https:\/\/www.realclubmaritimomelilla.es\/clmar\/wp-json\/wp\/v2\/types\/post"}],"author":[{"embeddable":true,"href":"https:\/\/www.realclubmaritimomelilla.es\/clmar\/wp-json\/wp\/v2\/users\/1"}],"replies":[{"embeddable":true,"href":"https:\/\/www.realclubmaritimomelilla.es\/clmar\/wp-json\/wp\/v2\/comments?post=26424"}],"version-history":[{"count":3,"href":"https:\/\/www.realclubmaritimomelilla.es\/clmar\/wp-json\/wp\/v2\/posts\/26424\/revisions"}],"predecessor-version":[{"id":26436,"href":"https:\/\/www.realclubmaritimomelilla.es\/clmar\/wp-json\/wp\/v2\/posts\/26424\/revisions\/26436"}],"wp:featuredmedia":[{"embeddable":true,"href":"https:\/\/www.realclubmaritimomelilla.es\/clmar\/wp-json\/wp\/v2\/media\/26433"}],"wp:attachment":[{"href":"https:\/\/www.realclubmaritimomelilla.es\/clmar\/wp-json\/wp\/v2\/media?parent=26424"}],"wp:term":[{"taxonomy":"category","embeddable":true,"href":"https:\/\/www.realclubmaritimomelilla.es\/clmar\/wp-json\/wp\/v2\/categories?post=26424"},{"taxonomy":"post_tag","embeddable":true,"href":"https:\/\/www.realclubmaritimomelilla.es\/clmar\/wp-json\/wp\/v2\/tags?post=26424"}],"curies":[{"name":"wp","href":"https:\/\/api.w.org\/{rel}","templated":true}]}}