{"id":26403,"date":"2025-10-16T18:05:58","date_gmt":"2025-10-16T16:05:58","guid":{"rendered":"https:\/\/www.realclubmaritimomelilla.es\/clmar\/?p=26403"},"modified":"2025-10-17T11:05:04","modified_gmt":"2025-10-17T09:05:04","slug":"presentada-la-quinta-edicion-de-la-regata-delegacion-de-defensa-en-melilla","status":"publish","type":"post","link":"https:\/\/www.realclubmaritimomelilla.es\/clmar\/presentada-la-quinta-edicion-de-la-regata-delegacion-de-defensa-en-melilla\/","title":{"rendered":"Presentada la quinta edici\u00f3n de la Regata \u2018Delegaci\u00f3n de Defensa en Melilla\u2019"},"content":{"rendered":"<p>El Real Club Mar\u00edtimo de Melilla ha acogido este jueves la presentaci\u00f3n oficial de la quinta edici\u00f3n de la Regata \u201cDelegaci\u00f3n de Defensa en Melilla\u201d, una cita n\u00e1utica que cumple cinco a\u00f1os consolid\u00e1ndose como uno de los eventos deportivos destacados del oto\u00f1o melillense.<\/p>\n<p>Organizada por la Delegaci\u00f3n de Defensa en Melilla, enmarcada en su programa de actividades con motivo de la celebraci\u00f3n de la Fiesta Nacional, la regata cuenta con el apoyo y colaboraci\u00f3n del Real Club Mar\u00edtimo de Melilla (RCMM).<\/p>\n<p>La competici\u00f3n de vela ligera se celebrar\u00e1 los d\u00edas 18 y 19 de octubre en la bah\u00eda de Melilla, con la participaci\u00f3n de toda la flota del RCMM, que incluye embarcaciones de las clases Techno 293 y Snipe, entre otras.<\/p>\n<p>La presentaci\u00f3n ha estado presidida por el coronel Jes\u00fas Dami\u00e1n Gonz\u00e1lez de Quevedo, delegado de Defensa en Melilla; el presidente del Real Club Mar\u00edtimo de Melilla, Jer\u00f3nimo P\u00e9rez; y el coordinador de la regata, Fidel Mart\u00ednez.<\/p>\n<p>Durante su intervenci\u00f3n, el coronel Gonz\u00e1lez de Quevedo ha subrayado la singularidad del evento, destacando que \u201csomos la \u00fanica Delegaci\u00f3n o Subdelegaci\u00f3n de Defensa en toda Espa\u00f1a que realiza una regata, por lo que consideramos que es de gran inter\u00e9s\u201d. Adem\u00e1s, adelant\u00f3 que la organizaci\u00f3n ha decidido mantener estas fechas para futuras ediciones, con el objetivo de reforzar la continuidad de la prueba en el calendario deportivo local.<\/p>\n<p>Por su parte, Jer\u00f3nimo P\u00e9rez expres\u00f3 su agradecimiento a la Delegaci\u00f3n de Defensa por \u201ccontar siempre con el Real Club Mar\u00edtimo de Melilla para la organizaci\u00f3n de esta regata\u201d, poniendo en valor la estrecha colaboraci\u00f3n institucional que ha hecho posible la consolidaci\u00f3n del evento.<\/p>\n<p>La clausura de la competici\u00f3n y la entrega de trofeos est\u00e1n previstas para el domingo 19 de octubre a las 14:00 horas, en las instalaciones del Real Club Mar\u00edtimo de Melilla.\n\t\t<style type=\"text\/css\">\n\t\t\t#gallery-1 {\n\t\t\t\tmargin: auto;\n\t\t\t}\n\t\t\t#gallery-1 .gallery-item {\n\t\t\t\tfloat: left;\n\t\t\t\tmargin-top: 10px;\n\t\t\t\ttext-align: center;\n\t\t\t\twidth: 50%;\n\t\t\t}\n\t\t\t#gallery-1 img {\n\t\t\t\tborder: 2px solid #cfcfcf;\n\t\t\t}\n\t\t\t#gallery-1 .gallery-caption {\n\t\t\t\tmargin-left: 0;\n\t\t\t}\n\t\t\t\/* see gallery_shortcode() in wp-includes\/media.php *\/\n\t\t<\/style>\n\t\t<div id='gallery-1' class='gallery galleryid-26403 gallery-columns-2 gallery-size-full'><dl class='gallery-item'>\n\t\t\t<dt class='gallery-icon landscape'>\n\t\t\t\t<a data-rel=\"iLightbox[postimages]\" data-title=\"6F3A2983\" data-caption=\"\" href='https:\/\/www.realclubmaritimomelilla.es\/clmar\/presentada-la-quinta-edicion-de-la-regata-delegacion-de-defensa-en-melilla\/6f3a2983\/'><img decoding=\"async\" width=\"2560\" height=\"1479\" src=\"https:\/\/www.realclubmaritimomelilla.es\/clmar\/wp-content\/uploads\/6F3A2983-scaled.webp\" class=\"attachment-full size-full\" alt=\"\" srcset=\"https:\/\/www.realclubmaritimomelilla.es\/clmar\/wp-content\/uploads\/6F3A2983-200x116.webp 200w, https:\/\/www.realclubmaritimomelilla.es\/clmar\/wp-content\/uploads\/6F3A2983-300x173.webp 300w, https:\/\/www.realclubmaritimomelilla.es\/clmar\/wp-content\/uploads\/6F3A2983-400x231.webp 400w, https:\/\/www.realclubmaritimomelilla.es\/clmar\/wp-content\/uploads\/6F3A2983-600x347.webp 600w, https:\/\/www.realclubmaritimomelilla.es\/clmar\/wp-content\/uploads\/6F3A2983-768x444.webp 768w, https:\/\/www.realclubmaritimomelilla.es\/clmar\/wp-content\/uploads\/6F3A2983-800x462.webp 800w, https:\/\/www.realclubmaritimomelilla.es\/clmar\/wp-content\/uploads\/6F3A2983-1024x592.webp 1024w, https:\/\/www.realclubmaritimomelilla.es\/clmar\/wp-content\/uploads\/6F3A2983-1200x693.webp 1200w, https:\/\/www.realclubmaritimomelilla.es\/clmar\/wp-content\/uploads\/6F3A2983-1536x887.webp 1536w, https:\/\/www.realclubmaritimomelilla.es\/clmar\/wp-content\/uploads\/6F3A2983-scaled.webp 2560w\" sizes=\"(max-width: 2560px) 100vw, 2560px\" \/><\/a>\n\t\t\t<\/dt><\/dl><dl class='gallery-item'>\n\t\t\t<dt class='gallery-icon landscape'>\n\t\t\t\t<a data-rel=\"iLightbox[postimages]\" data-title=\"6F3A2993\" data-caption=\"\" href='https:\/\/www.realclubmaritimomelilla.es\/clmar\/presentada-la-quinta-edicion-de-la-regata-delegacion-de-defensa-en-melilla\/6f3a2993\/'><img decoding=\"async\" width=\"2560\" height=\"1752\" src=\"https:\/\/www.realclubmaritimomelilla.es\/clmar\/wp-content\/uploads\/6F3A2993-scaled.webp\" class=\"attachment-full size-full\" alt=\"\" srcset=\"https:\/\/www.realclubmaritimomelilla.es\/clmar\/wp-content\/uploads\/6F3A2993-200x137.webp 200w, https:\/\/www.realclubmaritimomelilla.es\/clmar\/wp-content\/uploads\/6F3A2993-300x205.webp 300w, https:\/\/www.realclubmaritimomelilla.es\/clmar\/wp-content\/uploads\/6F3A2993-400x274.webp 400w, https:\/\/www.realclubmaritimomelilla.es\/clmar\/wp-content\/uploads\/6F3A2993-600x411.webp 600w, https:\/\/www.realclubmaritimomelilla.es\/clmar\/wp-content\/uploads\/6F3A2993-768x526.webp 768w, https:\/\/www.realclubmaritimomelilla.es\/clmar\/wp-content\/uploads\/6F3A2993-800x547.webp 800w, https:\/\/www.realclubmaritimomelilla.es\/clmar\/wp-content\/uploads\/6F3A2993-1024x701.webp 1024w, https:\/\/www.realclubmaritimomelilla.es\/clmar\/wp-content\/uploads\/6F3A2993-1200x821.webp 1200w, https:\/\/www.realclubmaritimomelilla.es\/clmar\/wp-content\/uploads\/6F3A2993-1536x1051.webp 1536w, https:\/\/www.realclubmaritimomelilla.es\/clmar\/wp-content\/uploads\/6F3A2993-scaled.webp 2560w\" sizes=\"(max-width: 2560px) 100vw, 2560px\" \/><\/a>\n\t\t\t<\/dt><\/dl><br style=\"clear: both\" \/><dl class='gallery-item'>\n\t\t\t<dt class='gallery-icon portrait'>\n\t\t\t\t<a data-rel=\"iLightbox[postimages]\" data-title=\"6F3A3001\" data-caption=\"\" href='https:\/\/www.realclubmaritimomelilla.es\/clmar\/presentada-la-quinta-edicion-de-la-regata-delegacion-de-defensa-en-melilla\/6f3a3001\/'><img decoding=\"async\" width=\"2430\" height=\"2560\" src=\"https:\/\/www.realclubmaritimomelilla.es\/clmar\/wp-content\/uploads\/6F3A3001-scaled.webp\" class=\"attachment-full size-full\" alt=\"\" srcset=\"https:\/\/www.realclubmaritimomelilla.es\/clmar\/wp-content\/uploads\/6F3A3001-200x211.webp 200w, https:\/\/www.realclubmaritimomelilla.es\/clmar\/wp-content\/uploads\/6F3A3001-285x300.webp 285w, https:\/\/www.realclubmaritimomelilla.es\/clmar\/wp-content\/uploads\/6F3A3001-400x421.webp 400w, https:\/\/www.realclubmaritimomelilla.es\/clmar\/wp-content\/uploads\/6F3A3001-600x632.webp 600w, https:\/\/www.realclubmaritimomelilla.es\/clmar\/wp-content\/uploads\/6F3A3001-768x809.webp 768w, https:\/\/www.realclubmaritimomelilla.es\/clmar\/wp-content\/uploads\/6F3A3001-800x843.webp 800w, https:\/\/www.realclubmaritimomelilla.es\/clmar\/wp-content\/uploads\/6F3A3001-972x1024.webp 972w, https:\/\/www.realclubmaritimomelilla.es\/clmar\/wp-content\/uploads\/6F3A3001-1200x1264.webp 1200w, https:\/\/www.realclubmaritimomelilla.es\/clmar\/wp-content\/uploads\/6F3A3001-1458x1536.webp 1458w, https:\/\/www.realclubmaritimomelilla.es\/clmar\/wp-content\/uploads\/6F3A3001-scaled.webp 2430w\" sizes=\"(max-width: 2430px) 100vw, 2430px\" \/><\/a>\n\t\t\t<\/dt><\/dl><dl class='gallery-item'>\n\t\t\t<dt class='gallery-icon landscape'>\n\t\t\t\t<a data-rel=\"iLightbox[postimages]\" data-title=\"6F3A3012\" data-caption=\"\" href='https:\/\/www.realclubmaritimomelilla.es\/clmar\/presentada-la-quinta-edicion-de-la-regata-delegacion-de-defensa-en-melilla\/6f3a3012\/'><img decoding=\"async\" width=\"2560\" height=\"1699\" src=\"https:\/\/www.realclubmaritimomelilla.es\/clmar\/wp-content\/uploads\/6F3A3012-scaled.webp\" class=\"attachment-full size-full\" alt=\"\" srcset=\"https:\/\/www.realclubmaritimomelilla.es\/clmar\/wp-content\/uploads\/6F3A3012-200x133.webp 200w, https:\/\/www.realclubmaritimomelilla.es\/clmar\/wp-content\/uploads\/6F3A3012-300x199.webp 300w, https:\/\/www.realclubmaritimomelilla.es\/clmar\/wp-content\/uploads\/6F3A3012-400x265.webp 400w, https:\/\/www.realclubmaritimomelilla.es\/clmar\/wp-content\/uploads\/6F3A3012-600x398.webp 600w, https:\/\/www.realclubmaritimomelilla.es\/clmar\/wp-content\/uploads\/6F3A3012-768x510.webp 768w, https:\/\/www.realclubmaritimomelilla.es\/clmar\/wp-content\/uploads\/6F3A3012-800x531.webp 800w, https:\/\/www.realclubmaritimomelilla.es\/clmar\/wp-content\/uploads\/6F3A3012-1024x680.webp 1024w, https:\/\/www.realclubmaritimomelilla.es\/clmar\/wp-content\/uploads\/6F3A3012-1200x796.webp 1200w, https:\/\/www.realclubmaritimomelilla.es\/clmar\/wp-content\/uploads\/6F3A3012-1536x1019.webp 1536w, https:\/\/www.realclubmaritimomelilla.es\/clmar\/wp-content\/uploads\/6F3A3012-scaled.webp 2560w\" sizes=\"(max-width: 2560px) 100vw, 2560px\" \/><\/a>\n\t\t\t<\/dt><\/dl><br style=\"clear: both\" \/>\n\t\t<\/div>\n<\/p>\n","protected":false},"excerpt":{"rendered":"<p>El Real Club Mar\u00edtimo de Melilla ha acogido este jueves la presentaci\u00f3n oficial de la quinta edici\u00f3n de la Regata \u201cDelegaci\u00f3n de Defensa en Melilla\u201d, una cita n\u00e1utica que cumple cinco a\u00f1os consolid\u00e1ndose como uno de los eventos deportivos destacados del oto\u00f1o melillense. Organizada por la Delegaci\u00f3n de Defensa en Melilla, enmarcada en su programa [&hellip;]<\/p>\n","protected":false},"author":1,"featured_media":26408,"comment_status":"open","ping_status":"open","sticky":false,"template":"","format":"standard","meta":{"_acf_changed":false,"footnotes":""},"categories":[38],"tags":[],"class_list":["post-26403","post","type-post","status-publish","format-standard","has-post-thumbnail","hentry","category-nautica"],"acf":[],"yoast_head":"<!-- This site is optimized with the Yoast SEO plugin v27.5 - https:\/\/yoast.com\/product\/yoast-seo-wordpress\/ -->\n<title>Presentada la quinta edici\u00f3n de la Regata \u2018Delegaci\u00f3n de Defensa en Melilla\u2019 - Real Club Mar\u00edtimo de Melilla<\/title>\n<meta name=\"description\" content=\"El RCMM ha acogido este jueves la presentaci\u00f3n oficial de la quinta edici\u00f3n de la Regata \u201cDelegaci\u00f3n de Defensa en Melilla\u201d\" \/>\n<meta name=\"robots\" content=\"index, follow, max-snippet:-1, max-image-preview:large, max-video-preview:-1\" \/>\n<link rel=\"canonical\" href=\"https:\/\/www.realclubmaritimomelilla.es\/clmar\/presentada-la-quinta-edicion-de-la-regata-delegacion-de-defensa-en-melilla\/\" \/>\n<meta property=\"og:locale\" content=\"es_ES\" \/>\n<meta property=\"og:type\" content=\"article\" \/>\n<meta property=\"og:title\" content=\"Presentada la quinta edici\u00f3n de la Regata \u2018Delegaci\u00f3n de Defensa en Melilla\u2019 - Real Club Mar\u00edtimo de Melilla\" \/>\n<meta property=\"og:description\" content=\"El RCMM ha acogido este jueves la presentaci\u00f3n oficial de la quinta edici\u00f3n de la Regata \u201cDelegaci\u00f3n de Defensa en Melilla\u201d\" \/>\n<meta property=\"og:url\" content=\"https:\/\/www.realclubmaritimomelilla.es\/clmar\/presentada-la-quinta-edicion-de-la-regata-delegacion-de-defensa-en-melilla\/\" \/>\n<meta property=\"og:site_name\" content=\"Real Club Mar\u00edtimo de Melilla\" \/>\n<meta property=\"article:publisher\" content=\"https:\/\/www.facebook.com\/Real-Club-Mar%c3%adtimo-de-Melilla-588495841234214\/\" \/>\n<meta property=\"article:published_time\" content=\"2025-10-16T16:05:58+00:00\" \/>\n<meta property=\"article:modified_time\" content=\"2025-10-17T09:05:04+00:00\" \/>\n<meta property=\"og:image\" content=\"https:\/\/www.realclubmaritimomelilla.es\/clmar\/wp-content\/uploads\/6F3A3035-scaled.webp\" \/>\n\t<meta property=\"og:image:width\" content=\"2560\" \/>\n\t<meta property=\"og:image:height\" content=\"1823\" \/>\n\t<meta property=\"og:image:type\" content=\"image\/jpeg\" \/>\n<meta name=\"author\" content=\"RCMMelilla\" \/>\n<meta name=\"twitter:card\" content=\"summary_large_image\" \/>\n<meta name=\"twitter:creator\" content=\"@nauticarcmm\" \/>\n<meta name=\"twitter:site\" content=\"@nauticarcmm\" \/>\n<meta name=\"twitter:label1\" content=\"Escrito por\" \/>\n\t<meta name=\"twitter:data1\" content=\"RCMMelilla\" \/>\n\t<meta name=\"twitter:label2\" content=\"Tiempo de lectura\" \/>\n\t<meta name=\"twitter:data2\" content=\"2 minutos\" \/>\n<script type=\"application\/ld+json\" class=\"yoast-schema-graph\">{\"@context\":\"https:\\\/\\\/schema.org\",\"@graph\":[{\"@type\":\"Article\",\"@id\":\"https:\\\/\\\/www.realclubmaritimomelilla.es\\\/clmar\\\/presentada-la-quinta-edicion-de-la-regata-delegacion-de-defensa-en-melilla\\\/#article\",\"isPartOf\":{\"@id\":\"https:\\\/\\\/www.realclubmaritimomelilla.es\\\/clmar\\\/presentada-la-quinta-edicion-de-la-regata-delegacion-de-defensa-en-melilla\\\/\"},\"author\":{\"name\":\"RCMMelilla\",\"@id\":\"https:\\\/\\\/www.realclubmaritimomelilla.es\\\/clmar\\\/#\\\/schema\\\/person\\\/ebaa3713496dc6d48c872452e73a8e79\"},\"headline\":\"Presentada la quinta edici\u00f3n de la Regata \u2018Delegaci\u00f3n de Defensa en Melilla\u2019\",\"datePublished\":\"2025-10-16T16:05:58+00:00\",\"dateModified\":\"2025-10-17T09:05:04+00:00\",\"mainEntityOfPage\":{\"@id\":\"https:\\\/\\\/www.realclubmaritimomelilla.es\\\/clmar\\\/presentada-la-quinta-edicion-de-la-regata-delegacion-de-defensa-en-melilla\\\/\"},\"wordCount\":356,\"commentCount\":0,\"publisher\":{\"@id\":\"https:\\\/\\\/www.realclubmaritimomelilla.es\\\/clmar\\\/#organization\"},\"image\":{\"@id\":\"https:\\\/\\\/www.realclubmaritimomelilla.es\\\/clmar\\\/presentada-la-quinta-edicion-de-la-regata-delegacion-de-defensa-en-melilla\\\/#primaryimage\"},\"thumbnailUrl\":\"https:\\\/\\\/www.realclubmaritimomelilla.es\\\/clmar\\\/wp-content\\\/uploads\\\/6F3A3035-scaled.webp\",\"articleSection\":[\"N\u00e1utica\"],\"inLanguage\":\"es\",\"potentialAction\":[{\"@type\":\"CommentAction\",\"name\":\"Comment\",\"target\":[\"https:\\\/\\\/www.realclubmaritimomelilla.es\\\/clmar\\\/presentada-la-quinta-edicion-de-la-regata-delegacion-de-defensa-en-melilla\\\/#respond\"]}]},{\"@type\":\"WebPage\",\"@id\":\"https:\\\/\\\/www.realclubmaritimomelilla.es\\\/clmar\\\/presentada-la-quinta-edicion-de-la-regata-delegacion-de-defensa-en-melilla\\\/\",\"url\":\"https:\\\/\\\/www.realclubmaritimomelilla.es\\\/clmar\\\/presentada-la-quinta-edicion-de-la-regata-delegacion-de-defensa-en-melilla\\\/\",\"name\":\"Presentada la quinta edici\u00f3n de la Regata \u2018Delegaci\u00f3n de Defensa en Melilla\u2019 - Real Club Mar\u00edtimo de Melilla\",\"isPartOf\":{\"@id\":\"https:\\\/\\\/www.realclubmaritimomelilla.es\\\/clmar\\\/#website\"},\"primaryImageOfPage\":{\"@id\":\"https:\\\/\\\/www.realclubmaritimomelilla.es\\\/clmar\\\/presentada-la-quinta-edicion-de-la-regata-delegacion-de-defensa-en-melilla\\\/#primaryimage\"},\"image\":{\"@id\":\"https:\\\/\\\/www.realclubmaritimomelilla.es\\\/clmar\\\/presentada-la-quinta-edicion-de-la-regata-delegacion-de-defensa-en-melilla\\\/#primaryimage\"},\"thumbnailUrl\":\"https:\\\/\\\/www.realclubmaritimomelilla.es\\\/clmar\\\/wp-content\\\/uploads\\\/6F3A3035-scaled.webp\",\"datePublished\":\"2025-10-16T16:05:58+00:00\",\"dateModified\":\"2025-10-17T09:05:04+00:00\",\"description\":\"El RCMM ha acogido este jueves la presentaci\u00f3n oficial de la quinta edici\u00f3n de la Regata \u201cDelegaci\u00f3n de Defensa en Melilla\u201d\",\"breadcrumb\":{\"@id\":\"https:\\\/\\\/www.realclubmaritimomelilla.es\\\/clmar\\\/presentada-la-quinta-edicion-de-la-regata-delegacion-de-defensa-en-melilla\\\/#breadcrumb\"},\"inLanguage\":\"es\",\"potentialAction\":[{\"@type\":\"ReadAction\",\"target\":[\"https:\\\/\\\/www.realclubmaritimomelilla.es\\\/clmar\\\/presentada-la-quinta-edicion-de-la-regata-delegacion-de-defensa-en-melilla\\\/\"]}]},{\"@type\":\"ImageObject\",\"inLanguage\":\"es\",\"@id\":\"https:\\\/\\\/www.realclubmaritimomelilla.es\\\/clmar\\\/presentada-la-quinta-edicion-de-la-regata-delegacion-de-defensa-en-melilla\\\/#primaryimage\",\"url\":\"https:\\\/\\\/www.realclubmaritimomelilla.es\\\/clmar\\\/wp-content\\\/uploads\\\/6F3A3035-scaled.webp\",\"contentUrl\":\"https:\\\/\\\/www.realclubmaritimomelilla.es\\\/clmar\\\/wp-content\\\/uploads\\\/6F3A3035-scaled.webp\",\"width\":2560,\"height\":1823},{\"@type\":\"BreadcrumbList\",\"@id\":\"https:\\\/\\\/www.realclubmaritimomelilla.es\\\/clmar\\\/presentada-la-quinta-edicion-de-la-regata-delegacion-de-defensa-en-melilla\\\/#breadcrumb\",\"itemListElement\":[{\"@type\":\"ListItem\",\"position\":1,\"name\":\"Portada\",\"item\":\"https:\\\/\\\/www.realclubmaritimomelilla.es\\\/clmar\\\/\"},{\"@type\":\"ListItem\",\"position\":2,\"name\":\"Presentada la quinta edici\u00f3n de la Regata \u2018Delegaci\u00f3n de Defensa en Melilla\u2019\"}]},{\"@type\":\"WebSite\",\"@id\":\"https:\\\/\\\/www.realclubmaritimomelilla.es\\\/clmar\\\/#website\",\"url\":\"https:\\\/\\\/www.realclubmaritimomelilla.es\\\/clmar\\\/\",\"name\":\"Real Club Mar\u00edtimo de Melilla\",\"description\":\"RCMM\",\"publisher\":{\"@id\":\"https:\\\/\\\/www.realclubmaritimomelilla.es\\\/clmar\\\/#organization\"},\"alternateName\":\"RCMM\",\"potentialAction\":[{\"@type\":\"SearchAction\",\"target\":{\"@type\":\"EntryPoint\",\"urlTemplate\":\"https:\\\/\\\/www.realclubmaritimomelilla.es\\\/clmar\\\/?s={search_term_string}\"},\"query-input\":{\"@type\":\"PropertyValueSpecification\",\"valueRequired\":true,\"valueName\":\"search_term_string\"}}],\"inLanguage\":\"es\"},{\"@type\":\"Organization\",\"@id\":\"https:\\\/\\\/www.realclubmaritimomelilla.es\\\/clmar\\\/#organization\",\"name\":\"Real Club Mar\u00edtimo de Melilla\",\"alternateName\":\"RCMM\",\"url\":\"https:\\\/\\\/www.realclubmaritimomelilla.es\\\/clmar\\\/\",\"logo\":{\"@type\":\"ImageObject\",\"inLanguage\":\"es\",\"@id\":\"https:\\\/\\\/www.realclubmaritimomelilla.es\\\/clmar\\\/#\\\/schema\\\/logo\\\/image\\\/\",\"url\":\"https:\\\/\\\/www.realclubmaritimomelilla.es\\\/clmar\\\/wp-content\\\/uploads\\\/logo-club-original-copia.jpg\",\"contentUrl\":\"https:\\\/\\\/www.realclubmaritimomelilla.es\\\/clmar\\\/wp-content\\\/uploads\\\/logo-club-original-copia.jpg\",\"width\":128,\"height\":89,\"caption\":\"Real Club Mar\u00edtimo de Melilla\"},\"image\":{\"@id\":\"https:\\\/\\\/www.realclubmaritimomelilla.es\\\/clmar\\\/#\\\/schema\\\/logo\\\/image\\\/\"},\"sameAs\":[\"https:\\\/\\\/www.facebook.com\\\/Real-Club-Mar\u00edtimo-de-Melilla-588495841234214\\\/\",\"https:\\\/\\\/x.com\\\/nauticarcmm\",\"https:\\\/\\\/www.instagram.com\\\/club_maritimo_melilla\\\/\",\"https:\\\/\\\/www.youtube.com\\\/@realclubmaritimodemelilla4703\",\"https:\\\/\\\/es.wikipedia.org\\\/wiki\\\/Real_Club_Mar\u00edtimo_de_Melilla\"]},{\"@type\":\"Person\",\"@id\":\"https:\\\/\\\/www.realclubmaritimomelilla.es\\\/clmar\\\/#\\\/schema\\\/person\\\/ebaa3713496dc6d48c872452e73a8e79\",\"name\":\"RCMMelilla\",\"image\":{\"@type\":\"ImageObject\",\"inLanguage\":\"es\",\"@id\":\"https:\\\/\\\/secure.gravatar.com\\\/avatar\\\/df1c24789360fb9308735c4ee556fc2bc5bf924bf01e53043b8b97ba272da33c?s=96&d=mm&r=g\",\"url\":\"https:\\\/\\\/secure.gravatar.com\\\/avatar\\\/df1c24789360fb9308735c4ee556fc2bc5bf924bf01e53043b8b97ba272da33c?s=96&d=mm&r=g\",\"contentUrl\":\"https:\\\/\\\/secure.gravatar.com\\\/avatar\\\/df1c24789360fb9308735c4ee556fc2bc5bf924bf01e53043b8b97ba272da33c?s=96&d=mm&r=g\",\"caption\":\"RCMMelilla\"}}]}<\/script>\n<!-- \/ Yoast SEO plugin. -->","yoast_head_json":{"title":"Presentada la quinta edici\u00f3n de la Regata \u2018Delegaci\u00f3n de Defensa en Melilla\u2019 - Real Club Mar\u00edtimo de Melilla","description":"El RCMM ha acogido este jueves la presentaci\u00f3n oficial de la quinta edici\u00f3n de la Regata \u201cDelegaci\u00f3n de Defensa en Melilla\u201d","robots":{"index":"index","follow":"follow","max-snippet":"max-snippet:-1","max-image-preview":"max-image-preview:large","max-video-preview":"max-video-preview:-1"},"canonical":"https:\/\/www.realclubmaritimomelilla.es\/clmar\/presentada-la-quinta-edicion-de-la-regata-delegacion-de-defensa-en-melilla\/","og_locale":"es_ES","og_type":"article","og_title":"Presentada la quinta edici\u00f3n de la Regata \u2018Delegaci\u00f3n de Defensa en Melilla\u2019 - Real Club Mar\u00edtimo de Melilla","og_description":"El RCMM ha acogido este jueves la presentaci\u00f3n oficial de la quinta edici\u00f3n de la Regata \u201cDelegaci\u00f3n de Defensa en Melilla\u201d","og_url":"https:\/\/www.realclubmaritimomelilla.es\/clmar\/presentada-la-quinta-edicion-de-la-regata-delegacion-de-defensa-en-melilla\/","og_site_name":"Real Club Mar\u00edtimo de Melilla","article_publisher":"https:\/\/www.facebook.com\/Real-Club-Mar%c3%adtimo-de-Melilla-588495841234214\/","article_published_time":"2025-10-16T16:05:58+00:00","article_modified_time":"2025-10-17T09:05:04+00:00","og_image":[{"width":2560,"height":1823,"url":"https:\/\/www.realclubmaritimomelilla.es\/clmar\/wp-content\/uploads\/6F3A3035-scaled.webp","type":"image\/jpeg"}],"author":"RCMMelilla","twitter_card":"summary_large_image","twitter_creator":"@nauticarcmm","twitter_site":"@nauticarcmm","twitter_misc":{"Escrito por":"RCMMelilla","Tiempo de lectura":"2 minutos"},"schema":{"@context":"https:\/\/schema.org","@graph":[{"@type":"Article","@id":"https:\/\/www.realclubmaritimomelilla.es\/clmar\/presentada-la-quinta-edicion-de-la-regata-delegacion-de-defensa-en-melilla\/#article","isPartOf":{"@id":"https:\/\/www.realclubmaritimomelilla.es\/clmar\/presentada-la-quinta-edicion-de-la-regata-delegacion-de-defensa-en-melilla\/"},"author":{"name":"RCMMelilla","@id":"https:\/\/www.realclubmaritimomelilla.es\/clmar\/#\/schema\/person\/ebaa3713496dc6d48c872452e73a8e79"},"headline":"Presentada la quinta edici\u00f3n de la Regata \u2018Delegaci\u00f3n de Defensa en Melilla\u2019","datePublished":"2025-10-16T16:05:58+00:00","dateModified":"2025-10-17T09:05:04+00:00","mainEntityOfPage":{"@id":"https:\/\/www.realclubmaritimomelilla.es\/clmar\/presentada-la-quinta-edicion-de-la-regata-delegacion-de-defensa-en-melilla\/"},"wordCount":356,"commentCount":0,"publisher":{"@id":"https:\/\/www.realclubmaritimomelilla.es\/clmar\/#organization"},"image":{"@id":"https:\/\/www.realclubmaritimomelilla.es\/clmar\/presentada-la-quinta-edicion-de-la-regata-delegacion-de-defensa-en-melilla\/#primaryimage"},"thumbnailUrl":"https:\/\/www.realclubmaritimomelilla.es\/clmar\/wp-content\/uploads\/6F3A3035-scaled.webp","articleSection":["N\u00e1utica"],"inLanguage":"es","potentialAction":[{"@type":"CommentAction","name":"Comment","target":["https:\/\/www.realclubmaritimomelilla.es\/clmar\/presentada-la-quinta-edicion-de-la-regata-delegacion-de-defensa-en-melilla\/#respond"]}]},{"@type":"WebPage","@id":"https:\/\/www.realclubmaritimomelilla.es\/clmar\/presentada-la-quinta-edicion-de-la-regata-delegacion-de-defensa-en-melilla\/","url":"https:\/\/www.realclubmaritimomelilla.es\/clmar\/presentada-la-quinta-edicion-de-la-regata-delegacion-de-defensa-en-melilla\/","name":"Presentada la quinta edici\u00f3n de la Regata \u2018Delegaci\u00f3n de Defensa en Melilla\u2019 - Real Club Mar\u00edtimo de Melilla","isPartOf":{"@id":"https:\/\/www.realclubmaritimomelilla.es\/clmar\/#website"},"primaryImageOfPage":{"@id":"https:\/\/www.realclubmaritimomelilla.es\/clmar\/presentada-la-quinta-edicion-de-la-regata-delegacion-de-defensa-en-melilla\/#primaryimage"},"image":{"@id":"https:\/\/www.realclubmaritimomelilla.es\/clmar\/presentada-la-quinta-edicion-de-la-regata-delegacion-de-defensa-en-melilla\/#primaryimage"},"thumbnailUrl":"https:\/\/www.realclubmaritimomelilla.es\/clmar\/wp-content\/uploads\/6F3A3035-scaled.webp","datePublished":"2025-10-16T16:05:58+00:00","dateModified":"2025-10-17T09:05:04+00:00","description":"El RCMM ha acogido este jueves la presentaci\u00f3n oficial de la quinta edici\u00f3n de la Regata \u201cDelegaci\u00f3n de Defensa en Melilla\u201d","breadcrumb":{"@id":"https:\/\/www.realclubmaritimomelilla.es\/clmar\/presentada-la-quinta-edicion-de-la-regata-delegacion-de-defensa-en-melilla\/#breadcrumb"},"inLanguage":"es","potentialAction":[{"@type":"ReadAction","target":["https:\/\/www.realclubmaritimomelilla.es\/clmar\/presentada-la-quinta-edicion-de-la-regata-delegacion-de-defensa-en-melilla\/"]}]},{"@type":"ImageObject","inLanguage":"es","@id":"https:\/\/www.realclubmaritimomelilla.es\/clmar\/presentada-la-quinta-edicion-de-la-regata-delegacion-de-defensa-en-melilla\/#primaryimage","url":"https:\/\/www.realclubmaritimomelilla.es\/clmar\/wp-content\/uploads\/6F3A3035-scaled.webp","contentUrl":"https:\/\/www.realclubmaritimomelilla.es\/clmar\/wp-content\/uploads\/6F3A3035-scaled.webp","width":2560,"height":1823},{"@type":"BreadcrumbList","@id":"https:\/\/www.realclubmaritimomelilla.es\/clmar\/presentada-la-quinta-edicion-de-la-regata-delegacion-de-defensa-en-melilla\/#breadcrumb","itemListElement":[{"@type":"ListItem","position":1,"name":"Portada","item":"https:\/\/www.realclubmaritimomelilla.es\/clmar\/"},{"@type":"ListItem","position":2,"name":"Presentada la quinta edici\u00f3n de la Regata \u2018Delegaci\u00f3n de Defensa en Melilla\u2019"}]},{"@type":"WebSite","@id":"https:\/\/www.realclubmaritimomelilla.es\/clmar\/#website","url":"https:\/\/www.realclubmaritimomelilla.es\/clmar\/","name":"Real Club Mar\u00edtimo de Melilla","description":"RCMM","publisher":{"@id":"https:\/\/www.realclubmaritimomelilla.es\/clmar\/#organization"},"alternateName":"RCMM","potentialAction":[{"@type":"SearchAction","target":{"@type":"EntryPoint","urlTemplate":"https:\/\/www.realclubmaritimomelilla.es\/clmar\/?s={search_term_string}"},"query-input":{"@type":"PropertyValueSpecification","valueRequired":true,"valueName":"search_term_string"}}],"inLanguage":"es"},{"@type":"Organization","@id":"https:\/\/www.realclubmaritimomelilla.es\/clmar\/#organization","name":"Real Club Mar\u00edtimo de Melilla","alternateName":"RCMM","url":"https:\/\/www.realclubmaritimomelilla.es\/clmar\/","logo":{"@type":"ImageObject","inLanguage":"es","@id":"https:\/\/www.realclubmaritimomelilla.es\/clmar\/#\/schema\/logo\/image\/","url":"https:\/\/www.realclubmaritimomelilla.es\/clmar\/wp-content\/uploads\/logo-club-original-copia.jpg","contentUrl":"https:\/\/www.realclubmaritimomelilla.es\/clmar\/wp-content\/uploads\/logo-club-original-copia.jpg","width":128,"height":89,"caption":"Real Club Mar\u00edtimo de Melilla"},"image":{"@id":"https:\/\/www.realclubmaritimomelilla.es\/clmar\/#\/schema\/logo\/image\/"},"sameAs":["https:\/\/www.facebook.com\/Real-Club-Mar\u00edtimo-de-Melilla-588495841234214\/","https:\/\/x.com\/nauticarcmm","https:\/\/www.instagram.com\/club_maritimo_melilla\/","https:\/\/www.youtube.com\/@realclubmaritimodemelilla4703","https:\/\/es.wikipedia.org\/wiki\/Real_Club_Mar\u00edtimo_de_Melilla"]},{"@type":"Person","@id":"https:\/\/www.realclubmaritimomelilla.es\/clmar\/#\/schema\/person\/ebaa3713496dc6d48c872452e73a8e79","name":"RCMMelilla","image":{"@type":"ImageObject","inLanguage":"es","@id":"https:\/\/secure.gravatar.com\/avatar\/df1c24789360fb9308735c4ee556fc2bc5bf924bf01e53043b8b97ba272da33c?s=96&d=mm&r=g","url":"https:\/\/secure.gravatar.com\/avatar\/df1c24789360fb9308735c4ee556fc2bc5bf924bf01e53043b8b97ba272da33c?s=96&d=mm&r=g","contentUrl":"https:\/\/secure.gravatar.com\/avatar\/df1c24789360fb9308735c4ee556fc2bc5bf924bf01e53043b8b97ba272da33c?s=96&d=mm&r=g","caption":"RCMMelilla"}}]}},"_links":{"self":[{"href":"https:\/\/www.realclubmaritimomelilla.es\/clmar\/wp-json\/wp\/v2\/posts\/26403","targetHints":{"allow":["GET"]}}],"collection":[{"href":"https:\/\/www.realclubmaritimomelilla.es\/clmar\/wp-json\/wp\/v2\/posts"}],"about":[{"href":"https:\/\/www.realclubmaritimomelilla.es\/clmar\/wp-json\/wp\/v2\/types\/post"}],"author":[{"embeddable":true,"href":"https:\/\/www.realclubmaritimomelilla.es\/clmar\/wp-json\/wp\/v2\/users\/1"}],"replies":[{"embeddable":true,"href":"https:\/\/www.realclubmaritimomelilla.es\/clmar\/wp-json\/wp\/v2\/comments?post=26403"}],"version-history":[{"count":1,"href":"https:\/\/www.realclubmaritimomelilla.es\/clmar\/wp-json\/wp\/v2\/posts\/26403\/revisions"}],"predecessor-version":[{"id":26409,"href":"https:\/\/www.realclubmaritimomelilla.es\/clmar\/wp-json\/wp\/v2\/posts\/26403\/revisions\/26409"}],"wp:featuredmedia":[{"embeddable":true,"href":"https:\/\/www.realclubmaritimomelilla.es\/clmar\/wp-json\/wp\/v2\/media\/26408"}],"wp:attachment":[{"href":"https:\/\/www.realclubmaritimomelilla.es\/clmar\/wp-json\/wp\/v2\/media?parent=26403"}],"wp:term":[{"taxonomy":"category","embeddable":true,"href":"https:\/\/www.realclubmaritimomelilla.es\/clmar\/wp-json\/wp\/v2\/categories?post=26403"},{"taxonomy":"post_tag","embeddable":true,"href":"https:\/\/www.realclubmaritimomelilla.es\/clmar\/wp-json\/wp\/v2\/tags?post=26403"}],"curies":[{"name":"wp","href":"https:\/\/api.w.org\/{rel}","templated":true}]}}