{"id":26354,"date":"2025-10-10T17:06:54","date_gmt":"2025-10-10T15:06:54","guid":{"rendered":"https:\/\/www.realclubmaritimomelilla.es\/clmar\/?p=26354"},"modified":"2025-10-16T17:40:13","modified_gmt":"2025-10-16T15:40:13","slug":"miadas-de-mujer-exposicion-de-la-fundacion-balearia-a-partir-del-17-de-octubre-en-el-rcmm","status":"publish","type":"post","link":"https:\/\/www.realclubmaritimomelilla.es\/clmar\/miadas-de-mujer-exposicion-de-la-fundacion-balearia-a-partir-del-17-de-octubre-en-el-rcmm\/","title":{"rendered":"&#8216;Miadas de Mujer&#8217;, exposici\u00f3n de la Fundaci\u00f3n Bale\u00e0ria, en el RCMM"},"content":{"rendered":"<p>Este viernes, 17 de octubre a las 19 horas, se inaugura la muestra la muestra \u2018Miradas de Mujer\u2019 de la Fundaci\u00f3n Bale\u00e0ria, que se expone en la Sala de Exposiciones del Real Club Mar\u00edtimo de Melilla.<br \/>\nEn esta edici\u00f3n, de la iniciativa de la Fundaci\u00f3n Bale\u00e0ria, participan 14 mujeres de distintos puntos del Mediterr\u00e1neo. Esta diversidad tambi\u00e9n se manifiesta en el \u00e1mbito plastico, ya qu ella muestra re\u00fane obras creadas con t\u00e9cnicas muy diversas como la pintura, la escultura, el collage, la cer\u00e1mica, la fotograf\u00eda o el arte textil.<br \/>\nAdela Creative, Ana Uceda, Carmen Alm\u00e9cija, Daniella Blush, Imma Mengual, Jeanne M. Connolly, Mar Ample, Marga Juan,Mar\u00eda Isabel Uribe Dussan, Mireiacreativa, Monique Thomas, Natasha L\u00e9bedeva, Sandra \u00c1vila y Zulema Bagur.<br \/>\nLa exposici\u00f3n \u2018Miradas de Mujer\u2019 nace de la necesidad de reconocer, visibilizar y dar voz a las creaciones de mujeres artistas, con el objetivo de reivindicar la igualdad de la mujer en el mundo del arte.<br \/>\nLa exposici\u00f3n podr\u00e1 visitarse en el Real Club Mar\u00edtimo de Melilla hasta el 7 de diciembre, en el siguiente horario:<br \/>\nDe martes a viernes de 16 a 20 h.<br \/>\nS\u00e1bado de 10 a 14 h. y de 16  20 h.<br \/>\nDomingo de 10 a 14 h.<\/p>\n","protected":false},"excerpt":{"rendered":"<p>Este viernes, 17 de octubre a las 19 horas, se inaugura la muestra la muestra \u2018Miradas de Mujer\u2019 de la Fundaci\u00f3n Bale\u00e0ria, que se expone en la Sala de Exposiciones del Real Club Mar\u00edtimo de Melilla. En esta edici\u00f3n, de la iniciativa de la Fundaci\u00f3n Bale\u00e0ria, participan 14 mujeres de distintos puntos del Mediterr\u00e1neo. Esta [&hellip;]<\/p>\n","protected":false},"author":1,"featured_media":26355,"comment_status":"open","ping_status":"open","sticky":false,"template":"","format":"standard","meta":{"_acf_changed":false,"footnotes":""},"categories":[41],"tags":[],"class_list":["post-26354","post","type-post","status-publish","format-standard","has-post-thumbnail","hentry","category-jornadas"],"acf":[],"yoast_head":"<!-- This site is optimized with the Yoast SEO plugin v27.5 - https:\/\/yoast.com\/product\/yoast-seo-wordpress\/ -->\n<title>&#039;Miadas de Mujer&#039;, exposici\u00f3n de la Fundaci\u00f3n Bale\u00e0ria, en el RCMM - Real Club Mar\u00edtimo de Melilla<\/title>\n<meta name=\"description\" content=\"El viernes 17 de octubre abre las puertas la Sala de Exposiciones del RCMM a la muestra \u2018Miradas de Mujer\u2019 de la Fundaci\u00f3n Bale\u00e0ria\" \/>\n<meta name=\"robots\" content=\"index, follow, max-snippet:-1, max-image-preview:large, max-video-preview:-1\" \/>\n<link rel=\"canonical\" href=\"https:\/\/www.realclubmaritimomelilla.es\/clmar\/miadas-de-mujer-exposicion-de-la-fundacion-balearia-a-partir-del-17-de-octubre-en-el-rcmm\/\" \/>\n<meta property=\"og:locale\" content=\"es_ES\" \/>\n<meta property=\"og:type\" content=\"article\" \/>\n<meta property=\"og:title\" content=\"&#039;Miadas de Mujer&#039;, exposici\u00f3n de la Fundaci\u00f3n Bale\u00e0ria, en el RCMM - Real Club Mar\u00edtimo de Melilla\" \/>\n<meta property=\"og:description\" content=\"El viernes 17 de octubre abre las puertas la Sala de Exposiciones del RCMM a la muestra \u2018Miradas de Mujer\u2019 de la Fundaci\u00f3n Bale\u00e0ria\" \/>\n<meta property=\"og:url\" content=\"https:\/\/www.realclubmaritimomelilla.es\/clmar\/miadas-de-mujer-exposicion-de-la-fundacion-balearia-a-partir-del-17-de-octubre-en-el-rcmm\/\" \/>\n<meta property=\"og:site_name\" content=\"Real Club Mar\u00edtimo de Melilla\" \/>\n<meta property=\"article:publisher\" content=\"https:\/\/www.facebook.com\/Real-Club-Mar%c3%adtimo-de-Melilla-588495841234214\/\" \/>\n<meta property=\"article:published_time\" content=\"2025-10-10T15:06:54+00:00\" \/>\n<meta property=\"article:modified_time\" content=\"2025-10-16T15:40:13+00:00\" \/>\n<meta property=\"og:image\" content=\"https:\/\/www.realclubmaritimomelilla.es\/clmar\/wp-content\/uploads\/cartel-exposicion-balearia.webp\" \/>\n\t<meta property=\"og:image:width\" content=\"1131\" \/>\n\t<meta property=\"og:image:height\" content=\"1600\" \/>\n\t<meta property=\"og:image:type\" content=\"image\/jpeg\" \/>\n<meta name=\"author\" content=\"RCMMelilla\" \/>\n<meta name=\"twitter:card\" content=\"summary_large_image\" \/>\n<meta name=\"twitter:creator\" content=\"@nauticarcmm\" \/>\n<meta name=\"twitter:site\" content=\"@nauticarcmm\" \/>\n<meta name=\"twitter:label1\" content=\"Escrito por\" \/>\n\t<meta name=\"twitter:data1\" content=\"RCMMelilla\" \/>\n\t<meta name=\"twitter:label2\" content=\"Tiempo de lectura\" \/>\n\t<meta name=\"twitter:data2\" content=\"1 minuto\" \/>\n<script type=\"application\/ld+json\" class=\"yoast-schema-graph\">{\"@context\":\"https:\\\/\\\/schema.org\",\"@graph\":[{\"@type\":\"Article\",\"@id\":\"https:\\\/\\\/www.realclubmaritimomelilla.es\\\/clmar\\\/miadas-de-mujer-exposicion-de-la-fundacion-balearia-a-partir-del-17-de-octubre-en-el-rcmm\\\/#article\",\"isPartOf\":{\"@id\":\"https:\\\/\\\/www.realclubmaritimomelilla.es\\\/clmar\\\/miadas-de-mujer-exposicion-de-la-fundacion-balearia-a-partir-del-17-de-octubre-en-el-rcmm\\\/\"},\"author\":{\"name\":\"RCMMelilla\",\"@id\":\"https:\\\/\\\/www.realclubmaritimomelilla.es\\\/clmar\\\/#\\\/schema\\\/person\\\/ebaa3713496dc6d48c872452e73a8e79\"},\"headline\":\"&#8216;Miadas de Mujer&#8217;, exposici\u00f3n de la Fundaci\u00f3n Bale\u00e0ria, en el RCMM\",\"datePublished\":\"2025-10-10T15:06:54+00:00\",\"dateModified\":\"2025-10-16T15:40:13+00:00\",\"mainEntityOfPage\":{\"@id\":\"https:\\\/\\\/www.realclubmaritimomelilla.es\\\/clmar\\\/miadas-de-mujer-exposicion-de-la-fundacion-balearia-a-partir-del-17-de-octubre-en-el-rcmm\\\/\"},\"wordCount\":223,\"commentCount\":0,\"publisher\":{\"@id\":\"https:\\\/\\\/www.realclubmaritimomelilla.es\\\/clmar\\\/#organization\"},\"image\":{\"@id\":\"https:\\\/\\\/www.realclubmaritimomelilla.es\\\/clmar\\\/miadas-de-mujer-exposicion-de-la-fundacion-balearia-a-partir-del-17-de-octubre-en-el-rcmm\\\/#primaryimage\"},\"thumbnailUrl\":\"https:\\\/\\\/www.realclubmaritimomelilla.es\\\/clmar\\\/wp-content\\\/uploads\\\/cartel-exposicion-balearia.webp\",\"articleSection\":[\"Jornadas\"],\"inLanguage\":\"es\",\"potentialAction\":[{\"@type\":\"CommentAction\",\"name\":\"Comment\",\"target\":[\"https:\\\/\\\/www.realclubmaritimomelilla.es\\\/clmar\\\/miadas-de-mujer-exposicion-de-la-fundacion-balearia-a-partir-del-17-de-octubre-en-el-rcmm\\\/#respond\"]}]},{\"@type\":\"WebPage\",\"@id\":\"https:\\\/\\\/www.realclubmaritimomelilla.es\\\/clmar\\\/miadas-de-mujer-exposicion-de-la-fundacion-balearia-a-partir-del-17-de-octubre-en-el-rcmm\\\/\",\"url\":\"https:\\\/\\\/www.realclubmaritimomelilla.es\\\/clmar\\\/miadas-de-mujer-exposicion-de-la-fundacion-balearia-a-partir-del-17-de-octubre-en-el-rcmm\\\/\",\"name\":\"'Miadas de Mujer', exposici\u00f3n de la Fundaci\u00f3n Bale\u00e0ria, en el RCMM - Real Club Mar\u00edtimo de Melilla\",\"isPartOf\":{\"@id\":\"https:\\\/\\\/www.realclubmaritimomelilla.es\\\/clmar\\\/#website\"},\"primaryImageOfPage\":{\"@id\":\"https:\\\/\\\/www.realclubmaritimomelilla.es\\\/clmar\\\/miadas-de-mujer-exposicion-de-la-fundacion-balearia-a-partir-del-17-de-octubre-en-el-rcmm\\\/#primaryimage\"},\"image\":{\"@id\":\"https:\\\/\\\/www.realclubmaritimomelilla.es\\\/clmar\\\/miadas-de-mujer-exposicion-de-la-fundacion-balearia-a-partir-del-17-de-octubre-en-el-rcmm\\\/#primaryimage\"},\"thumbnailUrl\":\"https:\\\/\\\/www.realclubmaritimomelilla.es\\\/clmar\\\/wp-content\\\/uploads\\\/cartel-exposicion-balearia.webp\",\"datePublished\":\"2025-10-10T15:06:54+00:00\",\"dateModified\":\"2025-10-16T15:40:13+00:00\",\"description\":\"El viernes 17 de octubre abre las puertas la Sala de Exposiciones del RCMM a la muestra \u2018Miradas de Mujer\u2019 de la Fundaci\u00f3n Bale\u00e0ria\",\"breadcrumb\":{\"@id\":\"https:\\\/\\\/www.realclubmaritimomelilla.es\\\/clmar\\\/miadas-de-mujer-exposicion-de-la-fundacion-balearia-a-partir-del-17-de-octubre-en-el-rcmm\\\/#breadcrumb\"},\"inLanguage\":\"es\",\"potentialAction\":[{\"@type\":\"ReadAction\",\"target\":[\"https:\\\/\\\/www.realclubmaritimomelilla.es\\\/clmar\\\/miadas-de-mujer-exposicion-de-la-fundacion-balearia-a-partir-del-17-de-octubre-en-el-rcmm\\\/\"]}]},{\"@type\":\"ImageObject\",\"inLanguage\":\"es\",\"@id\":\"https:\\\/\\\/www.realclubmaritimomelilla.es\\\/clmar\\\/miadas-de-mujer-exposicion-de-la-fundacion-balearia-a-partir-del-17-de-octubre-en-el-rcmm\\\/#primaryimage\",\"url\":\"https:\\\/\\\/www.realclubmaritimomelilla.es\\\/clmar\\\/wp-content\\\/uploads\\\/cartel-exposicion-balearia.webp\",\"contentUrl\":\"https:\\\/\\\/www.realclubmaritimomelilla.es\\\/clmar\\\/wp-content\\\/uploads\\\/cartel-exposicion-balearia.webp\",\"width\":1131,\"height\":1600},{\"@type\":\"BreadcrumbList\",\"@id\":\"https:\\\/\\\/www.realclubmaritimomelilla.es\\\/clmar\\\/miadas-de-mujer-exposicion-de-la-fundacion-balearia-a-partir-del-17-de-octubre-en-el-rcmm\\\/#breadcrumb\",\"itemListElement\":[{\"@type\":\"ListItem\",\"position\":1,\"name\":\"Portada\",\"item\":\"https:\\\/\\\/www.realclubmaritimomelilla.es\\\/clmar\\\/\"},{\"@type\":\"ListItem\",\"position\":2,\"name\":\"&#8216;Miadas de Mujer&#8217;, exposici\u00f3n de la Fundaci\u00f3n Bale\u00e0ria, en el RCMM\"}]},{\"@type\":\"WebSite\",\"@id\":\"https:\\\/\\\/www.realclubmaritimomelilla.es\\\/clmar\\\/#website\",\"url\":\"https:\\\/\\\/www.realclubmaritimomelilla.es\\\/clmar\\\/\",\"name\":\"Real Club Mar\u00edtimo de Melilla\",\"description\":\"RCMM\",\"publisher\":{\"@id\":\"https:\\\/\\\/www.realclubmaritimomelilla.es\\\/clmar\\\/#organization\"},\"alternateName\":\"RCMM\",\"potentialAction\":[{\"@type\":\"SearchAction\",\"target\":{\"@type\":\"EntryPoint\",\"urlTemplate\":\"https:\\\/\\\/www.realclubmaritimomelilla.es\\\/clmar\\\/?s={search_term_string}\"},\"query-input\":{\"@type\":\"PropertyValueSpecification\",\"valueRequired\":true,\"valueName\":\"search_term_string\"}}],\"inLanguage\":\"es\"},{\"@type\":\"Organization\",\"@id\":\"https:\\\/\\\/www.realclubmaritimomelilla.es\\\/clmar\\\/#organization\",\"name\":\"Real Club Mar\u00edtimo de Melilla\",\"alternateName\":\"RCMM\",\"url\":\"https:\\\/\\\/www.realclubmaritimomelilla.es\\\/clmar\\\/\",\"logo\":{\"@type\":\"ImageObject\",\"inLanguage\":\"es\",\"@id\":\"https:\\\/\\\/www.realclubmaritimomelilla.es\\\/clmar\\\/#\\\/schema\\\/logo\\\/image\\\/\",\"url\":\"https:\\\/\\\/www.realclubmaritimomelilla.es\\\/clmar\\\/wp-content\\\/uploads\\\/logo-club-original-copia.jpg\",\"contentUrl\":\"https:\\\/\\\/www.realclubmaritimomelilla.es\\\/clmar\\\/wp-content\\\/uploads\\\/logo-club-original-copia.jpg\",\"width\":128,\"height\":89,\"caption\":\"Real Club Mar\u00edtimo de Melilla\"},\"image\":{\"@id\":\"https:\\\/\\\/www.realclubmaritimomelilla.es\\\/clmar\\\/#\\\/schema\\\/logo\\\/image\\\/\"},\"sameAs\":[\"https:\\\/\\\/www.facebook.com\\\/Real-Club-Mar\u00edtimo-de-Melilla-588495841234214\\\/\",\"https:\\\/\\\/x.com\\\/nauticarcmm\",\"https:\\\/\\\/www.instagram.com\\\/club_maritimo_melilla\\\/\",\"https:\\\/\\\/www.youtube.com\\\/@realclubmaritimodemelilla4703\",\"https:\\\/\\\/es.wikipedia.org\\\/wiki\\\/Real_Club_Mar\u00edtimo_de_Melilla\"]},{\"@type\":\"Person\",\"@id\":\"https:\\\/\\\/www.realclubmaritimomelilla.es\\\/clmar\\\/#\\\/schema\\\/person\\\/ebaa3713496dc6d48c872452e73a8e79\",\"name\":\"RCMMelilla\",\"image\":{\"@type\":\"ImageObject\",\"inLanguage\":\"es\",\"@id\":\"https:\\\/\\\/secure.gravatar.com\\\/avatar\\\/df1c24789360fb9308735c4ee556fc2bc5bf924bf01e53043b8b97ba272da33c?s=96&d=mm&r=g\",\"url\":\"https:\\\/\\\/secure.gravatar.com\\\/avatar\\\/df1c24789360fb9308735c4ee556fc2bc5bf924bf01e53043b8b97ba272da33c?s=96&d=mm&r=g\",\"contentUrl\":\"https:\\\/\\\/secure.gravatar.com\\\/avatar\\\/df1c24789360fb9308735c4ee556fc2bc5bf924bf01e53043b8b97ba272da33c?s=96&d=mm&r=g\",\"caption\":\"RCMMelilla\"}}]}<\/script>\n<!-- \/ Yoast SEO plugin. -->","yoast_head_json":{"title":"'Miadas de Mujer', exposici\u00f3n de la Fundaci\u00f3n Bale\u00e0ria, en el RCMM - Real Club Mar\u00edtimo de Melilla","description":"El viernes 17 de octubre abre las puertas la Sala de Exposiciones del RCMM a la muestra \u2018Miradas de Mujer\u2019 de la Fundaci\u00f3n Bale\u00e0ria","robots":{"index":"index","follow":"follow","max-snippet":"max-snippet:-1","max-image-preview":"max-image-preview:large","max-video-preview":"max-video-preview:-1"},"canonical":"https:\/\/www.realclubmaritimomelilla.es\/clmar\/miadas-de-mujer-exposicion-de-la-fundacion-balearia-a-partir-del-17-de-octubre-en-el-rcmm\/","og_locale":"es_ES","og_type":"article","og_title":"'Miadas de Mujer', exposici\u00f3n de la Fundaci\u00f3n Bale\u00e0ria, en el RCMM - Real Club Mar\u00edtimo de Melilla","og_description":"El viernes 17 de octubre abre las puertas la Sala de Exposiciones del RCMM a la muestra \u2018Miradas de Mujer\u2019 de la Fundaci\u00f3n Bale\u00e0ria","og_url":"https:\/\/www.realclubmaritimomelilla.es\/clmar\/miadas-de-mujer-exposicion-de-la-fundacion-balearia-a-partir-del-17-de-octubre-en-el-rcmm\/","og_site_name":"Real Club Mar\u00edtimo de Melilla","article_publisher":"https:\/\/www.facebook.com\/Real-Club-Mar%c3%adtimo-de-Melilla-588495841234214\/","article_published_time":"2025-10-10T15:06:54+00:00","article_modified_time":"2025-10-16T15:40:13+00:00","og_image":[{"width":1131,"height":1600,"url":"https:\/\/www.realclubmaritimomelilla.es\/clmar\/wp-content\/uploads\/cartel-exposicion-balearia.webp","type":"image\/jpeg"}],"author":"RCMMelilla","twitter_card":"summary_large_image","twitter_creator":"@nauticarcmm","twitter_site":"@nauticarcmm","twitter_misc":{"Escrito por":"RCMMelilla","Tiempo de lectura":"1 minuto"},"schema":{"@context":"https:\/\/schema.org","@graph":[{"@type":"Article","@id":"https:\/\/www.realclubmaritimomelilla.es\/clmar\/miadas-de-mujer-exposicion-de-la-fundacion-balearia-a-partir-del-17-de-octubre-en-el-rcmm\/#article","isPartOf":{"@id":"https:\/\/www.realclubmaritimomelilla.es\/clmar\/miadas-de-mujer-exposicion-de-la-fundacion-balearia-a-partir-del-17-de-octubre-en-el-rcmm\/"},"author":{"name":"RCMMelilla","@id":"https:\/\/www.realclubmaritimomelilla.es\/clmar\/#\/schema\/person\/ebaa3713496dc6d48c872452e73a8e79"},"headline":"&#8216;Miadas de Mujer&#8217;, exposici\u00f3n de la Fundaci\u00f3n Bale\u00e0ria, en el RCMM","datePublished":"2025-10-10T15:06:54+00:00","dateModified":"2025-10-16T15:40:13+00:00","mainEntityOfPage":{"@id":"https:\/\/www.realclubmaritimomelilla.es\/clmar\/miadas-de-mujer-exposicion-de-la-fundacion-balearia-a-partir-del-17-de-octubre-en-el-rcmm\/"},"wordCount":223,"commentCount":0,"publisher":{"@id":"https:\/\/www.realclubmaritimomelilla.es\/clmar\/#organization"},"image":{"@id":"https:\/\/www.realclubmaritimomelilla.es\/clmar\/miadas-de-mujer-exposicion-de-la-fundacion-balearia-a-partir-del-17-de-octubre-en-el-rcmm\/#primaryimage"},"thumbnailUrl":"https:\/\/www.realclubmaritimomelilla.es\/clmar\/wp-content\/uploads\/cartel-exposicion-balearia.webp","articleSection":["Jornadas"],"inLanguage":"es","potentialAction":[{"@type":"CommentAction","name":"Comment","target":["https:\/\/www.realclubmaritimomelilla.es\/clmar\/miadas-de-mujer-exposicion-de-la-fundacion-balearia-a-partir-del-17-de-octubre-en-el-rcmm\/#respond"]}]},{"@type":"WebPage","@id":"https:\/\/www.realclubmaritimomelilla.es\/clmar\/miadas-de-mujer-exposicion-de-la-fundacion-balearia-a-partir-del-17-de-octubre-en-el-rcmm\/","url":"https:\/\/www.realclubmaritimomelilla.es\/clmar\/miadas-de-mujer-exposicion-de-la-fundacion-balearia-a-partir-del-17-de-octubre-en-el-rcmm\/","name":"'Miadas de Mujer', exposici\u00f3n de la Fundaci\u00f3n Bale\u00e0ria, en el RCMM - Real Club Mar\u00edtimo de Melilla","isPartOf":{"@id":"https:\/\/www.realclubmaritimomelilla.es\/clmar\/#website"},"primaryImageOfPage":{"@id":"https:\/\/www.realclubmaritimomelilla.es\/clmar\/miadas-de-mujer-exposicion-de-la-fundacion-balearia-a-partir-del-17-de-octubre-en-el-rcmm\/#primaryimage"},"image":{"@id":"https:\/\/www.realclubmaritimomelilla.es\/clmar\/miadas-de-mujer-exposicion-de-la-fundacion-balearia-a-partir-del-17-de-octubre-en-el-rcmm\/#primaryimage"},"thumbnailUrl":"https:\/\/www.realclubmaritimomelilla.es\/clmar\/wp-content\/uploads\/cartel-exposicion-balearia.webp","datePublished":"2025-10-10T15:06:54+00:00","dateModified":"2025-10-16T15:40:13+00:00","description":"El viernes 17 de octubre abre las puertas la Sala de Exposiciones del RCMM a la muestra \u2018Miradas de Mujer\u2019 de la Fundaci\u00f3n Bale\u00e0ria","breadcrumb":{"@id":"https:\/\/www.realclubmaritimomelilla.es\/clmar\/miadas-de-mujer-exposicion-de-la-fundacion-balearia-a-partir-del-17-de-octubre-en-el-rcmm\/#breadcrumb"},"inLanguage":"es","potentialAction":[{"@type":"ReadAction","target":["https:\/\/www.realclubmaritimomelilla.es\/clmar\/miadas-de-mujer-exposicion-de-la-fundacion-balearia-a-partir-del-17-de-octubre-en-el-rcmm\/"]}]},{"@type":"ImageObject","inLanguage":"es","@id":"https:\/\/www.realclubmaritimomelilla.es\/clmar\/miadas-de-mujer-exposicion-de-la-fundacion-balearia-a-partir-del-17-de-octubre-en-el-rcmm\/#primaryimage","url":"https:\/\/www.realclubmaritimomelilla.es\/clmar\/wp-content\/uploads\/cartel-exposicion-balearia.webp","contentUrl":"https:\/\/www.realclubmaritimomelilla.es\/clmar\/wp-content\/uploads\/cartel-exposicion-balearia.webp","width":1131,"height":1600},{"@type":"BreadcrumbList","@id":"https:\/\/www.realclubmaritimomelilla.es\/clmar\/miadas-de-mujer-exposicion-de-la-fundacion-balearia-a-partir-del-17-de-octubre-en-el-rcmm\/#breadcrumb","itemListElement":[{"@type":"ListItem","position":1,"name":"Portada","item":"https:\/\/www.realclubmaritimomelilla.es\/clmar\/"},{"@type":"ListItem","position":2,"name":"&#8216;Miadas de Mujer&#8217;, exposici\u00f3n de la Fundaci\u00f3n Bale\u00e0ria, en el RCMM"}]},{"@type":"WebSite","@id":"https:\/\/www.realclubmaritimomelilla.es\/clmar\/#website","url":"https:\/\/www.realclubmaritimomelilla.es\/clmar\/","name":"Real Club Mar\u00edtimo de Melilla","description":"RCMM","publisher":{"@id":"https:\/\/www.realclubmaritimomelilla.es\/clmar\/#organization"},"alternateName":"RCMM","potentialAction":[{"@type":"SearchAction","target":{"@type":"EntryPoint","urlTemplate":"https:\/\/www.realclubmaritimomelilla.es\/clmar\/?s={search_term_string}"},"query-input":{"@type":"PropertyValueSpecification","valueRequired":true,"valueName":"search_term_string"}}],"inLanguage":"es"},{"@type":"Organization","@id":"https:\/\/www.realclubmaritimomelilla.es\/clmar\/#organization","name":"Real Club Mar\u00edtimo de Melilla","alternateName":"RCMM","url":"https:\/\/www.realclubmaritimomelilla.es\/clmar\/","logo":{"@type":"ImageObject","inLanguage":"es","@id":"https:\/\/www.realclubmaritimomelilla.es\/clmar\/#\/schema\/logo\/image\/","url":"https:\/\/www.realclubmaritimomelilla.es\/clmar\/wp-content\/uploads\/logo-club-original-copia.jpg","contentUrl":"https:\/\/www.realclubmaritimomelilla.es\/clmar\/wp-content\/uploads\/logo-club-original-copia.jpg","width":128,"height":89,"caption":"Real Club Mar\u00edtimo de Melilla"},"image":{"@id":"https:\/\/www.realclubmaritimomelilla.es\/clmar\/#\/schema\/logo\/image\/"},"sameAs":["https:\/\/www.facebook.com\/Real-Club-Mar\u00edtimo-de-Melilla-588495841234214\/","https:\/\/x.com\/nauticarcmm","https:\/\/www.instagram.com\/club_maritimo_melilla\/","https:\/\/www.youtube.com\/@realclubmaritimodemelilla4703","https:\/\/es.wikipedia.org\/wiki\/Real_Club_Mar\u00edtimo_de_Melilla"]},{"@type":"Person","@id":"https:\/\/www.realclubmaritimomelilla.es\/clmar\/#\/schema\/person\/ebaa3713496dc6d48c872452e73a8e79","name":"RCMMelilla","image":{"@type":"ImageObject","inLanguage":"es","@id":"https:\/\/secure.gravatar.com\/avatar\/df1c24789360fb9308735c4ee556fc2bc5bf924bf01e53043b8b97ba272da33c?s=96&d=mm&r=g","url":"https:\/\/secure.gravatar.com\/avatar\/df1c24789360fb9308735c4ee556fc2bc5bf924bf01e53043b8b97ba272da33c?s=96&d=mm&r=g","contentUrl":"https:\/\/secure.gravatar.com\/avatar\/df1c24789360fb9308735c4ee556fc2bc5bf924bf01e53043b8b97ba272da33c?s=96&d=mm&r=g","caption":"RCMMelilla"}}]}},"_links":{"self":[{"href":"https:\/\/www.realclubmaritimomelilla.es\/clmar\/wp-json\/wp\/v2\/posts\/26354","targetHints":{"allow":["GET"]}}],"collection":[{"href":"https:\/\/www.realclubmaritimomelilla.es\/clmar\/wp-json\/wp\/v2\/posts"}],"about":[{"href":"https:\/\/www.realclubmaritimomelilla.es\/clmar\/wp-json\/wp\/v2\/types\/post"}],"author":[{"embeddable":true,"href":"https:\/\/www.realclubmaritimomelilla.es\/clmar\/wp-json\/wp\/v2\/users\/1"}],"replies":[{"embeddable":true,"href":"https:\/\/www.realclubmaritimomelilla.es\/clmar\/wp-json\/wp\/v2\/comments?post=26354"}],"version-history":[{"count":3,"href":"https:\/\/www.realclubmaritimomelilla.es\/clmar\/wp-json\/wp\/v2\/posts\/26354\/revisions"}],"predecessor-version":[{"id":26397,"href":"https:\/\/www.realclubmaritimomelilla.es\/clmar\/wp-json\/wp\/v2\/posts\/26354\/revisions\/26397"}],"wp:featuredmedia":[{"embeddable":true,"href":"https:\/\/www.realclubmaritimomelilla.es\/clmar\/wp-json\/wp\/v2\/media\/26355"}],"wp:attachment":[{"href":"https:\/\/www.realclubmaritimomelilla.es\/clmar\/wp-json\/wp\/v2\/media?parent=26354"}],"wp:term":[{"taxonomy":"category","embeddable":true,"href":"https:\/\/www.realclubmaritimomelilla.es\/clmar\/wp-json\/wp\/v2\/categories?post=26354"},{"taxonomy":"post_tag","embeddable":true,"href":"https:\/\/www.realclubmaritimomelilla.es\/clmar\/wp-json\/wp\/v2\/tags?post=26354"}],"curies":[{"name":"wp","href":"https:\/\/api.w.org\/{rel}","templated":true}]}}