{"id":26067,"date":"2025-09-01T20:39:58","date_gmt":"2025-09-01T18:39:58","guid":{"rendered":"https:\/\/www.realclubmaritimomelilla.es\/clmar\/?p=26067"},"modified":"2025-09-02T09:02:38","modified_gmt":"2025-09-02T07:02:38","slug":"triana-manrique-romero-elegida-miss-sirenita-y-jose-rivas-revilla-mister-delfin-en-el-real-club-maritimo-de-melilla","status":"publish","type":"post","link":"https:\/\/www.realclubmaritimomelilla.es\/clmar\/triana-manrique-romero-elegida-miss-sirenita-y-jose-rivas-revilla-mister-delfin-en-el-real-club-maritimo-de-melilla\/","title":{"rendered":"Triana Manrique Romero, elegida Miss Sirenita y Jos\u00e9 Rivas Revilla, M\u00edster Delf\u00edn"},"content":{"rendered":"<p>El Real Club Mar\u00edtimo de Melilla, este lunes, ha elegido a sus representantes infantiles para estas Fiestas Patronales 2025. Triana Manrique Romero ha sido la elegida para lucir la banda de Miss Sirenita, mientras que Jos\u00e9 A. Rivas Revilla era designado como M\u00edster Delf\u00edn.<\/p>\n<p>Junto a Miss Sirenita y M\u00edster Delf\u00edn 2025, tambi\u00e9n se ha elegido a Mar\u00eda Aguilar Garc\u00eda, como Dama de Honor, y a Dar\u00edo Ram\u00edrez Mu\u00f1oz, como Caballero.<\/p>\n<p>El vicepresidente del Real Club Mar\u00edtimo, Rafael Imbroda, junto a los directivos, Esperanza Cano, Esther Azancot y Fernando Bravo, ha entregado las bandas y regalos a los elegidos en la fiesta celebrada hoy en los salones de la entidad.<\/p>\n<p>Esta tarde, los socios m\u00e1s j\u00f3venes han sido los grandes protagonistas en el Club Mar\u00edtimo. Para ello, cada a\u00f1o se celebra una fiesta infantil, en la que por m\u00e1s de dos horas, ellos se convierten en el centro de atenci\u00f3n de todas las miradas. <\/p>\n<p>Una fiesta infantil de Feria con una tradici\u00f3n de d\u00e9cadas, en el caso de la elecci\u00f3n de Miss Sirenita, y en el caso de M\u00edster Delf\u00edn ha sido el segundo a\u00f1o que se ha elegido. <\/p>\n","protected":false},"excerpt":{"rendered":"<p>El Real Club Mar\u00edtimo de Melilla, este lunes, ha elegido a sus representantes infantiles para estas Fiestas Patronales 2025. Triana Manrique Romero ha sido la elegida para lucir la banda de Miss Sirenita, mientras que Jos\u00e9 A. Rivas Revilla era designado como M\u00edster Delf\u00edn. Junto a Miss Sirenita y M\u00edster Delf\u00edn 2025, tambi\u00e9n se ha [&hellip;]<\/p>\n","protected":false},"author":1,"featured_media":26068,"comment_status":"open","ping_status":"open","sticky":false,"template":"","format":"standard","meta":{"_acf_changed":false,"footnotes":""},"categories":[39],"tags":[],"class_list":["post-26067","post","type-post","status-publish","format-standard","has-post-thumbnail","hentry","category-celebraciones"],"acf":[],"yoast_head":"<!-- This site is optimized with the Yoast SEO plugin v27.5 - https:\/\/yoast.com\/product\/yoast-seo-wordpress\/ -->\n<title>Triana Manrique Romero, elegida Miss Sirenita y Jos\u00e9 Rivas Revilla, M\u00edster Delf\u00edn - Real Club Mar\u00edtimo de Melilla<\/title>\n<meta name=\"description\" content=\"El Real Club Mar\u00edtimo de Melilla ha elegido a sus representantes infantiles para estas Fiestas Patronales 2025\" \/>\n<meta name=\"robots\" content=\"index, follow, max-snippet:-1, max-image-preview:large, max-video-preview:-1\" \/>\n<link rel=\"canonical\" href=\"https:\/\/www.realclubmaritimomelilla.es\/clmar\/triana-manrique-romero-elegida-miss-sirenita-y-jose-rivas-revilla-mister-delfin-en-el-real-club-maritimo-de-melilla\/\" \/>\n<meta property=\"og:locale\" content=\"es_ES\" \/>\n<meta property=\"og:type\" content=\"article\" \/>\n<meta property=\"og:title\" content=\"Triana Manrique Romero, elegida Miss Sirenita y Jos\u00e9 Rivas Revilla, M\u00edster Delf\u00edn - Real Club Mar\u00edtimo de Melilla\" \/>\n<meta property=\"og:description\" content=\"El Real Club Mar\u00edtimo de Melilla ha elegido a sus representantes infantiles para estas Fiestas Patronales 2025\" \/>\n<meta property=\"og:url\" content=\"https:\/\/www.realclubmaritimomelilla.es\/clmar\/triana-manrique-romero-elegida-miss-sirenita-y-jose-rivas-revilla-mister-delfin-en-el-real-club-maritimo-de-melilla\/\" \/>\n<meta property=\"og:site_name\" content=\"Real Club Mar\u00edtimo de Melilla\" \/>\n<meta property=\"article:publisher\" content=\"https:\/\/www.facebook.com\/Real-Club-Mar%c3%adtimo-de-Melilla-588495841234214\/\" \/>\n<meta property=\"article:published_time\" content=\"2025-09-01T18:39:58+00:00\" \/>\n<meta property=\"article:modified_time\" content=\"2025-09-02T07:02:38+00:00\" \/>\n<meta property=\"og:image\" content=\"https:\/\/www.realclubmaritimomelilla.es\/clmar\/wp-content\/uploads\/Fiesta-Infantil-Feria-2025-RCMM.webp\" \/>\n\t<meta property=\"og:image:width\" content=\"2126\" \/>\n\t<meta property=\"og:image:height\" content=\"1853\" \/>\n\t<meta property=\"og:image:type\" content=\"image\/jpeg\" \/>\n<meta name=\"author\" content=\"RCMMelilla\" \/>\n<meta name=\"twitter:card\" content=\"summary_large_image\" \/>\n<meta name=\"twitter:creator\" content=\"@nauticarcmm\" \/>\n<meta name=\"twitter:site\" content=\"@nauticarcmm\" \/>\n<meta name=\"twitter:label1\" content=\"Escrito por\" \/>\n\t<meta name=\"twitter:data1\" content=\"RCMMelilla\" \/>\n\t<meta name=\"twitter:label2\" content=\"Tiempo de lectura\" \/>\n\t<meta name=\"twitter:data2\" content=\"2 minutos\" \/>\n<script type=\"application\/ld+json\" class=\"yoast-schema-graph\">{\"@context\":\"https:\\\/\\\/schema.org\",\"@graph\":[{\"@type\":\"Article\",\"@id\":\"https:\\\/\\\/www.realclubmaritimomelilla.es\\\/clmar\\\/triana-manrique-romero-elegida-miss-sirenita-y-jose-rivas-revilla-mister-delfin-en-el-real-club-maritimo-de-melilla\\\/#article\",\"isPartOf\":{\"@id\":\"https:\\\/\\\/www.realclubmaritimomelilla.es\\\/clmar\\\/triana-manrique-romero-elegida-miss-sirenita-y-jose-rivas-revilla-mister-delfin-en-el-real-club-maritimo-de-melilla\\\/\"},\"author\":{\"name\":\"RCMMelilla\",\"@id\":\"https:\\\/\\\/www.realclubmaritimomelilla.es\\\/clmar\\\/#\\\/schema\\\/person\\\/ebaa3713496dc6d48c872452e73a8e79\"},\"headline\":\"Triana Manrique Romero, elegida Miss Sirenita y Jos\u00e9 Rivas Revilla, M\u00edster Delf\u00edn\",\"datePublished\":\"2025-09-01T18:39:58+00:00\",\"dateModified\":\"2025-09-02T07:02:38+00:00\",\"mainEntityOfPage\":{\"@id\":\"https:\\\/\\\/www.realclubmaritimomelilla.es\\\/clmar\\\/triana-manrique-romero-elegida-miss-sirenita-y-jose-rivas-revilla-mister-delfin-en-el-real-club-maritimo-de-melilla\\\/\"},\"wordCount\":225,\"commentCount\":0,\"publisher\":{\"@id\":\"https:\\\/\\\/www.realclubmaritimomelilla.es\\\/clmar\\\/#organization\"},\"image\":{\"@id\":\"https:\\\/\\\/www.realclubmaritimomelilla.es\\\/clmar\\\/triana-manrique-romero-elegida-miss-sirenita-y-jose-rivas-revilla-mister-delfin-en-el-real-club-maritimo-de-melilla\\\/#primaryimage\"},\"thumbnailUrl\":\"https:\\\/\\\/www.realclubmaritimomelilla.es\\\/clmar\\\/wp-content\\\/uploads\\\/Fiesta-Infantil-Feria-2025-RCMM.webp\",\"articleSection\":[\"Celebraciones\"],\"inLanguage\":\"es\",\"potentialAction\":[{\"@type\":\"CommentAction\",\"name\":\"Comment\",\"target\":[\"https:\\\/\\\/www.realclubmaritimomelilla.es\\\/clmar\\\/triana-manrique-romero-elegida-miss-sirenita-y-jose-rivas-revilla-mister-delfin-en-el-real-club-maritimo-de-melilla\\\/#respond\"]}]},{\"@type\":\"WebPage\",\"@id\":\"https:\\\/\\\/www.realclubmaritimomelilla.es\\\/clmar\\\/triana-manrique-romero-elegida-miss-sirenita-y-jose-rivas-revilla-mister-delfin-en-el-real-club-maritimo-de-melilla\\\/\",\"url\":\"https:\\\/\\\/www.realclubmaritimomelilla.es\\\/clmar\\\/triana-manrique-romero-elegida-miss-sirenita-y-jose-rivas-revilla-mister-delfin-en-el-real-club-maritimo-de-melilla\\\/\",\"name\":\"Triana Manrique Romero, elegida Miss Sirenita y Jos\u00e9 Rivas Revilla, M\u00edster Delf\u00edn - Real Club Mar\u00edtimo de Melilla\",\"isPartOf\":{\"@id\":\"https:\\\/\\\/www.realclubmaritimomelilla.es\\\/clmar\\\/#website\"},\"primaryImageOfPage\":{\"@id\":\"https:\\\/\\\/www.realclubmaritimomelilla.es\\\/clmar\\\/triana-manrique-romero-elegida-miss-sirenita-y-jose-rivas-revilla-mister-delfin-en-el-real-club-maritimo-de-melilla\\\/#primaryimage\"},\"image\":{\"@id\":\"https:\\\/\\\/www.realclubmaritimomelilla.es\\\/clmar\\\/triana-manrique-romero-elegida-miss-sirenita-y-jose-rivas-revilla-mister-delfin-en-el-real-club-maritimo-de-melilla\\\/#primaryimage\"},\"thumbnailUrl\":\"https:\\\/\\\/www.realclubmaritimomelilla.es\\\/clmar\\\/wp-content\\\/uploads\\\/Fiesta-Infantil-Feria-2025-RCMM.webp\",\"datePublished\":\"2025-09-01T18:39:58+00:00\",\"dateModified\":\"2025-09-02T07:02:38+00:00\",\"description\":\"El Real Club Mar\u00edtimo de Melilla ha elegido a sus representantes infantiles para estas Fiestas Patronales 2025\",\"breadcrumb\":{\"@id\":\"https:\\\/\\\/www.realclubmaritimomelilla.es\\\/clmar\\\/triana-manrique-romero-elegida-miss-sirenita-y-jose-rivas-revilla-mister-delfin-en-el-real-club-maritimo-de-melilla\\\/#breadcrumb\"},\"inLanguage\":\"es\",\"potentialAction\":[{\"@type\":\"ReadAction\",\"target\":[\"https:\\\/\\\/www.realclubmaritimomelilla.es\\\/clmar\\\/triana-manrique-romero-elegida-miss-sirenita-y-jose-rivas-revilla-mister-delfin-en-el-real-club-maritimo-de-melilla\\\/\"]}]},{\"@type\":\"ImageObject\",\"inLanguage\":\"es\",\"@id\":\"https:\\\/\\\/www.realclubmaritimomelilla.es\\\/clmar\\\/triana-manrique-romero-elegida-miss-sirenita-y-jose-rivas-revilla-mister-delfin-en-el-real-club-maritimo-de-melilla\\\/#primaryimage\",\"url\":\"https:\\\/\\\/www.realclubmaritimomelilla.es\\\/clmar\\\/wp-content\\\/uploads\\\/Fiesta-Infantil-Feria-2025-RCMM.webp\",\"contentUrl\":\"https:\\\/\\\/www.realclubmaritimomelilla.es\\\/clmar\\\/wp-content\\\/uploads\\\/Fiesta-Infantil-Feria-2025-RCMM.webp\",\"width\":2126,\"height\":1853},{\"@type\":\"BreadcrumbList\",\"@id\":\"https:\\\/\\\/www.realclubmaritimomelilla.es\\\/clmar\\\/triana-manrique-romero-elegida-miss-sirenita-y-jose-rivas-revilla-mister-delfin-en-el-real-club-maritimo-de-melilla\\\/#breadcrumb\",\"itemListElement\":[{\"@type\":\"ListItem\",\"position\":1,\"name\":\"Portada\",\"item\":\"https:\\\/\\\/www.realclubmaritimomelilla.es\\\/clmar\\\/\"},{\"@type\":\"ListItem\",\"position\":2,\"name\":\"Triana Manrique Romero, elegida Miss Sirenita y Jos\u00e9 Rivas Revilla, M\u00edster Delf\u00edn\"}]},{\"@type\":\"WebSite\",\"@id\":\"https:\\\/\\\/www.realclubmaritimomelilla.es\\\/clmar\\\/#website\",\"url\":\"https:\\\/\\\/www.realclubmaritimomelilla.es\\\/clmar\\\/\",\"name\":\"Real Club Mar\u00edtimo de Melilla\",\"description\":\"RCMM\",\"publisher\":{\"@id\":\"https:\\\/\\\/www.realclubmaritimomelilla.es\\\/clmar\\\/#organization\"},\"alternateName\":\"RCMM\",\"potentialAction\":[{\"@type\":\"SearchAction\",\"target\":{\"@type\":\"EntryPoint\",\"urlTemplate\":\"https:\\\/\\\/www.realclubmaritimomelilla.es\\\/clmar\\\/?s={search_term_string}\"},\"query-input\":{\"@type\":\"PropertyValueSpecification\",\"valueRequired\":true,\"valueName\":\"search_term_string\"}}],\"inLanguage\":\"es\"},{\"@type\":\"Organization\",\"@id\":\"https:\\\/\\\/www.realclubmaritimomelilla.es\\\/clmar\\\/#organization\",\"name\":\"Real Club Mar\u00edtimo de Melilla\",\"alternateName\":\"RCMM\",\"url\":\"https:\\\/\\\/www.realclubmaritimomelilla.es\\\/clmar\\\/\",\"logo\":{\"@type\":\"ImageObject\",\"inLanguage\":\"es\",\"@id\":\"https:\\\/\\\/www.realclubmaritimomelilla.es\\\/clmar\\\/#\\\/schema\\\/logo\\\/image\\\/\",\"url\":\"https:\\\/\\\/www.realclubmaritimomelilla.es\\\/clmar\\\/wp-content\\\/uploads\\\/logo-club-original-copia.jpg\",\"contentUrl\":\"https:\\\/\\\/www.realclubmaritimomelilla.es\\\/clmar\\\/wp-content\\\/uploads\\\/logo-club-original-copia.jpg\",\"width\":128,\"height\":89,\"caption\":\"Real Club Mar\u00edtimo de Melilla\"},\"image\":{\"@id\":\"https:\\\/\\\/www.realclubmaritimomelilla.es\\\/clmar\\\/#\\\/schema\\\/logo\\\/image\\\/\"},\"sameAs\":[\"https:\\\/\\\/www.facebook.com\\\/Real-Club-Mar\u00edtimo-de-Melilla-588495841234214\\\/\",\"https:\\\/\\\/x.com\\\/nauticarcmm\",\"https:\\\/\\\/www.instagram.com\\\/club_maritimo_melilla\\\/\",\"https:\\\/\\\/www.youtube.com\\\/@realclubmaritimodemelilla4703\",\"https:\\\/\\\/es.wikipedia.org\\\/wiki\\\/Real_Club_Mar\u00edtimo_de_Melilla\"]},{\"@type\":\"Person\",\"@id\":\"https:\\\/\\\/www.realclubmaritimomelilla.es\\\/clmar\\\/#\\\/schema\\\/person\\\/ebaa3713496dc6d48c872452e73a8e79\",\"name\":\"RCMMelilla\",\"image\":{\"@type\":\"ImageObject\",\"inLanguage\":\"es\",\"@id\":\"https:\\\/\\\/secure.gravatar.com\\\/avatar\\\/df1c24789360fb9308735c4ee556fc2bc5bf924bf01e53043b8b97ba272da33c?s=96&d=mm&r=g\",\"url\":\"https:\\\/\\\/secure.gravatar.com\\\/avatar\\\/df1c24789360fb9308735c4ee556fc2bc5bf924bf01e53043b8b97ba272da33c?s=96&d=mm&r=g\",\"contentUrl\":\"https:\\\/\\\/secure.gravatar.com\\\/avatar\\\/df1c24789360fb9308735c4ee556fc2bc5bf924bf01e53043b8b97ba272da33c?s=96&d=mm&r=g\",\"caption\":\"RCMMelilla\"}}]}<\/script>\n<!-- \/ Yoast SEO plugin. -->","yoast_head_json":{"title":"Triana Manrique Romero, elegida Miss Sirenita y Jos\u00e9 Rivas Revilla, M\u00edster Delf\u00edn - Real Club Mar\u00edtimo de Melilla","description":"El Real Club Mar\u00edtimo de Melilla ha elegido a sus representantes infantiles para estas Fiestas Patronales 2025","robots":{"index":"index","follow":"follow","max-snippet":"max-snippet:-1","max-image-preview":"max-image-preview:large","max-video-preview":"max-video-preview:-1"},"canonical":"https:\/\/www.realclubmaritimomelilla.es\/clmar\/triana-manrique-romero-elegida-miss-sirenita-y-jose-rivas-revilla-mister-delfin-en-el-real-club-maritimo-de-melilla\/","og_locale":"es_ES","og_type":"article","og_title":"Triana Manrique Romero, elegida Miss Sirenita y Jos\u00e9 Rivas Revilla, M\u00edster Delf\u00edn - Real Club Mar\u00edtimo de Melilla","og_description":"El Real Club Mar\u00edtimo de Melilla ha elegido a sus representantes infantiles para estas Fiestas Patronales 2025","og_url":"https:\/\/www.realclubmaritimomelilla.es\/clmar\/triana-manrique-romero-elegida-miss-sirenita-y-jose-rivas-revilla-mister-delfin-en-el-real-club-maritimo-de-melilla\/","og_site_name":"Real Club Mar\u00edtimo de Melilla","article_publisher":"https:\/\/www.facebook.com\/Real-Club-Mar%c3%adtimo-de-Melilla-588495841234214\/","article_published_time":"2025-09-01T18:39:58+00:00","article_modified_time":"2025-09-02T07:02:38+00:00","og_image":[{"width":2126,"height":1853,"url":"https:\/\/www.realclubmaritimomelilla.es\/clmar\/wp-content\/uploads\/Fiesta-Infantil-Feria-2025-RCMM.webp","type":"image\/jpeg"}],"author":"RCMMelilla","twitter_card":"summary_large_image","twitter_creator":"@nauticarcmm","twitter_site":"@nauticarcmm","twitter_misc":{"Escrito por":"RCMMelilla","Tiempo de lectura":"2 minutos"},"schema":{"@context":"https:\/\/schema.org","@graph":[{"@type":"Article","@id":"https:\/\/www.realclubmaritimomelilla.es\/clmar\/triana-manrique-romero-elegida-miss-sirenita-y-jose-rivas-revilla-mister-delfin-en-el-real-club-maritimo-de-melilla\/#article","isPartOf":{"@id":"https:\/\/www.realclubmaritimomelilla.es\/clmar\/triana-manrique-romero-elegida-miss-sirenita-y-jose-rivas-revilla-mister-delfin-en-el-real-club-maritimo-de-melilla\/"},"author":{"name":"RCMMelilla","@id":"https:\/\/www.realclubmaritimomelilla.es\/clmar\/#\/schema\/person\/ebaa3713496dc6d48c872452e73a8e79"},"headline":"Triana Manrique Romero, elegida Miss Sirenita y Jos\u00e9 Rivas Revilla, M\u00edster Delf\u00edn","datePublished":"2025-09-01T18:39:58+00:00","dateModified":"2025-09-02T07:02:38+00:00","mainEntityOfPage":{"@id":"https:\/\/www.realclubmaritimomelilla.es\/clmar\/triana-manrique-romero-elegida-miss-sirenita-y-jose-rivas-revilla-mister-delfin-en-el-real-club-maritimo-de-melilla\/"},"wordCount":225,"commentCount":0,"publisher":{"@id":"https:\/\/www.realclubmaritimomelilla.es\/clmar\/#organization"},"image":{"@id":"https:\/\/www.realclubmaritimomelilla.es\/clmar\/triana-manrique-romero-elegida-miss-sirenita-y-jose-rivas-revilla-mister-delfin-en-el-real-club-maritimo-de-melilla\/#primaryimage"},"thumbnailUrl":"https:\/\/www.realclubmaritimomelilla.es\/clmar\/wp-content\/uploads\/Fiesta-Infantil-Feria-2025-RCMM.webp","articleSection":["Celebraciones"],"inLanguage":"es","potentialAction":[{"@type":"CommentAction","name":"Comment","target":["https:\/\/www.realclubmaritimomelilla.es\/clmar\/triana-manrique-romero-elegida-miss-sirenita-y-jose-rivas-revilla-mister-delfin-en-el-real-club-maritimo-de-melilla\/#respond"]}]},{"@type":"WebPage","@id":"https:\/\/www.realclubmaritimomelilla.es\/clmar\/triana-manrique-romero-elegida-miss-sirenita-y-jose-rivas-revilla-mister-delfin-en-el-real-club-maritimo-de-melilla\/","url":"https:\/\/www.realclubmaritimomelilla.es\/clmar\/triana-manrique-romero-elegida-miss-sirenita-y-jose-rivas-revilla-mister-delfin-en-el-real-club-maritimo-de-melilla\/","name":"Triana Manrique Romero, elegida Miss Sirenita y Jos\u00e9 Rivas Revilla, M\u00edster Delf\u00edn - Real Club Mar\u00edtimo de Melilla","isPartOf":{"@id":"https:\/\/www.realclubmaritimomelilla.es\/clmar\/#website"},"primaryImageOfPage":{"@id":"https:\/\/www.realclubmaritimomelilla.es\/clmar\/triana-manrique-romero-elegida-miss-sirenita-y-jose-rivas-revilla-mister-delfin-en-el-real-club-maritimo-de-melilla\/#primaryimage"},"image":{"@id":"https:\/\/www.realclubmaritimomelilla.es\/clmar\/triana-manrique-romero-elegida-miss-sirenita-y-jose-rivas-revilla-mister-delfin-en-el-real-club-maritimo-de-melilla\/#primaryimage"},"thumbnailUrl":"https:\/\/www.realclubmaritimomelilla.es\/clmar\/wp-content\/uploads\/Fiesta-Infantil-Feria-2025-RCMM.webp","datePublished":"2025-09-01T18:39:58+00:00","dateModified":"2025-09-02T07:02:38+00:00","description":"El Real Club Mar\u00edtimo de Melilla ha elegido a sus representantes infantiles para estas Fiestas Patronales 2025","breadcrumb":{"@id":"https:\/\/www.realclubmaritimomelilla.es\/clmar\/triana-manrique-romero-elegida-miss-sirenita-y-jose-rivas-revilla-mister-delfin-en-el-real-club-maritimo-de-melilla\/#breadcrumb"},"inLanguage":"es","potentialAction":[{"@type":"ReadAction","target":["https:\/\/www.realclubmaritimomelilla.es\/clmar\/triana-manrique-romero-elegida-miss-sirenita-y-jose-rivas-revilla-mister-delfin-en-el-real-club-maritimo-de-melilla\/"]}]},{"@type":"ImageObject","inLanguage":"es","@id":"https:\/\/www.realclubmaritimomelilla.es\/clmar\/triana-manrique-romero-elegida-miss-sirenita-y-jose-rivas-revilla-mister-delfin-en-el-real-club-maritimo-de-melilla\/#primaryimage","url":"https:\/\/www.realclubmaritimomelilla.es\/clmar\/wp-content\/uploads\/Fiesta-Infantil-Feria-2025-RCMM.webp","contentUrl":"https:\/\/www.realclubmaritimomelilla.es\/clmar\/wp-content\/uploads\/Fiesta-Infantil-Feria-2025-RCMM.webp","width":2126,"height":1853},{"@type":"BreadcrumbList","@id":"https:\/\/www.realclubmaritimomelilla.es\/clmar\/triana-manrique-romero-elegida-miss-sirenita-y-jose-rivas-revilla-mister-delfin-en-el-real-club-maritimo-de-melilla\/#breadcrumb","itemListElement":[{"@type":"ListItem","position":1,"name":"Portada","item":"https:\/\/www.realclubmaritimomelilla.es\/clmar\/"},{"@type":"ListItem","position":2,"name":"Triana Manrique Romero, elegida Miss Sirenita y Jos\u00e9 Rivas Revilla, M\u00edster Delf\u00edn"}]},{"@type":"WebSite","@id":"https:\/\/www.realclubmaritimomelilla.es\/clmar\/#website","url":"https:\/\/www.realclubmaritimomelilla.es\/clmar\/","name":"Real Club Mar\u00edtimo de Melilla","description":"RCMM","publisher":{"@id":"https:\/\/www.realclubmaritimomelilla.es\/clmar\/#organization"},"alternateName":"RCMM","potentialAction":[{"@type":"SearchAction","target":{"@type":"EntryPoint","urlTemplate":"https:\/\/www.realclubmaritimomelilla.es\/clmar\/?s={search_term_string}"},"query-input":{"@type":"PropertyValueSpecification","valueRequired":true,"valueName":"search_term_string"}}],"inLanguage":"es"},{"@type":"Organization","@id":"https:\/\/www.realclubmaritimomelilla.es\/clmar\/#organization","name":"Real Club Mar\u00edtimo de Melilla","alternateName":"RCMM","url":"https:\/\/www.realclubmaritimomelilla.es\/clmar\/","logo":{"@type":"ImageObject","inLanguage":"es","@id":"https:\/\/www.realclubmaritimomelilla.es\/clmar\/#\/schema\/logo\/image\/","url":"https:\/\/www.realclubmaritimomelilla.es\/clmar\/wp-content\/uploads\/logo-club-original-copia.jpg","contentUrl":"https:\/\/www.realclubmaritimomelilla.es\/clmar\/wp-content\/uploads\/logo-club-original-copia.jpg","width":128,"height":89,"caption":"Real Club Mar\u00edtimo de Melilla"},"image":{"@id":"https:\/\/www.realclubmaritimomelilla.es\/clmar\/#\/schema\/logo\/image\/"},"sameAs":["https:\/\/www.facebook.com\/Real-Club-Mar\u00edtimo-de-Melilla-588495841234214\/","https:\/\/x.com\/nauticarcmm","https:\/\/www.instagram.com\/club_maritimo_melilla\/","https:\/\/www.youtube.com\/@realclubmaritimodemelilla4703","https:\/\/es.wikipedia.org\/wiki\/Real_Club_Mar\u00edtimo_de_Melilla"]},{"@type":"Person","@id":"https:\/\/www.realclubmaritimomelilla.es\/clmar\/#\/schema\/person\/ebaa3713496dc6d48c872452e73a8e79","name":"RCMMelilla","image":{"@type":"ImageObject","inLanguage":"es","@id":"https:\/\/secure.gravatar.com\/avatar\/df1c24789360fb9308735c4ee556fc2bc5bf924bf01e53043b8b97ba272da33c?s=96&d=mm&r=g","url":"https:\/\/secure.gravatar.com\/avatar\/df1c24789360fb9308735c4ee556fc2bc5bf924bf01e53043b8b97ba272da33c?s=96&d=mm&r=g","contentUrl":"https:\/\/secure.gravatar.com\/avatar\/df1c24789360fb9308735c4ee556fc2bc5bf924bf01e53043b8b97ba272da33c?s=96&d=mm&r=g","caption":"RCMMelilla"}}]}},"_links":{"self":[{"href":"https:\/\/www.realclubmaritimomelilla.es\/clmar\/wp-json\/wp\/v2\/posts\/26067","targetHints":{"allow":["GET"]}}],"collection":[{"href":"https:\/\/www.realclubmaritimomelilla.es\/clmar\/wp-json\/wp\/v2\/posts"}],"about":[{"href":"https:\/\/www.realclubmaritimomelilla.es\/clmar\/wp-json\/wp\/v2\/types\/post"}],"author":[{"embeddable":true,"href":"https:\/\/www.realclubmaritimomelilla.es\/clmar\/wp-json\/wp\/v2\/users\/1"}],"replies":[{"embeddable":true,"href":"https:\/\/www.realclubmaritimomelilla.es\/clmar\/wp-json\/wp\/v2\/comments?post=26067"}],"version-history":[{"count":4,"href":"https:\/\/www.realclubmaritimomelilla.es\/clmar\/wp-json\/wp\/v2\/posts\/26067\/revisions"}],"predecessor-version":[{"id":26072,"href":"https:\/\/www.realclubmaritimomelilla.es\/clmar\/wp-json\/wp\/v2\/posts\/26067\/revisions\/26072"}],"wp:featuredmedia":[{"embeddable":true,"href":"https:\/\/www.realclubmaritimomelilla.es\/clmar\/wp-json\/wp\/v2\/media\/26068"}],"wp:attachment":[{"href":"https:\/\/www.realclubmaritimomelilla.es\/clmar\/wp-json\/wp\/v2\/media?parent=26067"}],"wp:term":[{"taxonomy":"category","embeddable":true,"href":"https:\/\/www.realclubmaritimomelilla.es\/clmar\/wp-json\/wp\/v2\/categories?post=26067"},{"taxonomy":"post_tag","embeddable":true,"href":"https:\/\/www.realclubmaritimomelilla.es\/clmar\/wp-json\/wp\/v2\/tags?post=26067"}],"curies":[{"name":"wp","href":"https:\/\/api.w.org\/{rel}","templated":true}]}}