{"id":25990,"date":"2025-08-14T10:07:45","date_gmt":"2025-08-14T08:07:45","guid":{"rendered":"https:\/\/www.realclubmaritimomelilla.es\/clmar\/?p=25990"},"modified":"2025-08-19T15:55:48","modified_gmt":"2025-08-19T13:55:48","slug":"el-real-club-maritimo-de-melilla-celebra-el-trofeo-de-pesca-feria-2025","status":"publish","type":"post","link":"https:\/\/www.realclubmaritimomelilla.es\/clmar\/el-real-club-maritimo-de-melilla-celebra-el-trofeo-de-pesca-feria-2025\/","title":{"rendered":"El Real Club Mar\u00edtimo de Melilla celebra el Trofeo de Pesca \u201cFeria 2025\u201d"},"content":{"rendered":"<p>El Real Club Mar\u00edtimo de Melilla (RCMM) ha celebrado con \u00e9xito una nueva edici\u00f3n del Trofeo de Pesca \u201cFeria 2025\u201d, una de las citas destacadas del calendario anual de pesca deportiva del Club, enmarcada dentro de la agenda de actividades con motivo de las pr\u00f3ximas fiestas patronales.<\/p>\n<p>En esta ocasi\u00f3n, diez pescadores participaron en la competici\u00f3n, que se desarroll\u00f3 en la zona mar\u00edtima del Cargadero del Mineral, gracias a la colaboraci\u00f3n de la Autoridad Portuaria de Melilla para el acceso a la misma.<\/p>\n<p>Los ganadores de esta edici\u00f3n han sido:<\/p>\n<p>Jos\u00e9 Fern\u00e1ndez \u2013 Pieza Mayor<\/p>\n<p>Jos\u00e9 Luis Calvo \u2013 Mayor N\u00famero de Piezas<\/p>\n<p>\u00c1ngel Prada \u2013 Mayor Peso<\/p>\n<p>El campeonato estuvo dirigido por el vocal de pesca del RCMM, Fernando Bravo, quien destac\u00f3 la buena participaci\u00f3n y el excelente ambiente entre los deportistas.<\/p>\n<p>La agenda de pesca del Real Club Mar\u00edtimo de Melilla continuar\u00e1 en las pr\u00f3ximas semanas con dos citas importantes:<\/p>\n<p>S\u00e1bado 23 de agosto: Campeonato de Embarcaci\u00f3n Fondeada<\/p>\n<p>Jueves 28 de agosto: Concurso de Pesca Infantil, con la participaci\u00f3n de los socios m\u00e1s j\u00f3venes.<\/p>\n<p>Con esta nueva edici\u00f3n del Trofeo \u201cFeria 2025\u201d, el RCMM refuerza su compromiso con la promoci\u00f3n de la pesca deportiva en Melilla, fomentando la convivencia y el respeto al entorno mar\u00edtimo.<br \/>\n\n\t\t<style type=\"text\/css\">\n\t\t\t#gallery-1 {\n\t\t\t\tmargin: auto;\n\t\t\t}\n\t\t\t#gallery-1 .gallery-item {\n\t\t\t\tfloat: left;\n\t\t\t\tmargin-top: 10px;\n\t\t\t\ttext-align: center;\n\t\t\t\twidth: 33%;\n\t\t\t}\n\t\t\t#gallery-1 img {\n\t\t\t\tborder: 2px solid #cfcfcf;\n\t\t\t}\n\t\t\t#gallery-1 .gallery-caption {\n\t\t\t\tmargin-left: 0;\n\t\t\t}\n\t\t\t\/* see gallery_shortcode() in wp-includes\/media.php *\/\n\t\t<\/style>\n\t\t<div id='gallery-1' class='gallery galleryid-25990 gallery-columns-3 gallery-size-full'><dl class='gallery-item'>\n\t\t\t<dt class='gallery-icon portrait'>\n\t\t\t\t<a data-rel=\"iLightbox[postimages]\" data-title=\"PESCA embarcaci\u00f3n fondeada\" data-caption=\"\" href='https:\/\/www.realclubmaritimomelilla.es\/clmar\/inscripciones-abiertas-para-los-torneos-de-feria-2025-en-la-modalidad-de-pesca\/pesca-embarcacion-fondeada\/'><img decoding=\"async\" width=\"1132\" height=\"1600\" src=\"https:\/\/www.realclubmaritimomelilla.es\/clmar\/wp-content\/uploads\/PESCA-embarcacion-fondeada.jpg\" class=\"attachment-full size-full\" alt=\"\" srcset=\"https:\/\/www.realclubmaritimomelilla.es\/clmar\/wp-content\/uploads\/PESCA-embarcacion-fondeada-200x283.webp 200w, https:\/\/www.realclubmaritimomelilla.es\/clmar\/wp-content\/uploads\/PESCA-embarcacion-fondeada-212x300.webp 212w, https:\/\/www.realclubmaritimomelilla.es\/clmar\/wp-content\/uploads\/PESCA-embarcacion-fondeada-400x565.webp 400w, https:\/\/www.realclubmaritimomelilla.es\/clmar\/wp-content\/uploads\/PESCA-embarcacion-fondeada-600x848.webp 600w, https:\/\/www.realclubmaritimomelilla.es\/clmar\/wp-content\/uploads\/PESCA-embarcacion-fondeada-724x1024.webp 724w, https:\/\/www.realclubmaritimomelilla.es\/clmar\/wp-content\/uploads\/PESCA-embarcacion-fondeada-768x1086.webp 768w, https:\/\/www.realclubmaritimomelilla.es\/clmar\/wp-content\/uploads\/PESCA-embarcacion-fondeada-800x1131.webp 800w, https:\/\/www.realclubmaritimomelilla.es\/clmar\/wp-content\/uploads\/PESCA-embarcacion-fondeada-1087x1536.webp 1087w, https:\/\/www.realclubmaritimomelilla.es\/clmar\/wp-content\/uploads\/PESCA-embarcacion-fondeada.jpg 1132w\" sizes=\"(max-width: 1132px) 100vw, 1132px\" \/><\/a>\n\t\t\t<\/dt><\/dl><dl class='gallery-item'>\n\t\t\t<dt class='gallery-icon portrait'>\n\t\t\t\t<a data-rel=\"iLightbox[postimages]\" data-title=\"PESCA infantil\" data-caption=\"\" href='https:\/\/www.realclubmaritimomelilla.es\/clmar\/inscripciones-abiertas-para-los-torneos-de-feria-2025-en-la-modalidad-de-pesca\/pesca-infantil-2\/'><img decoding=\"async\" width=\"1148\" height=\"1600\" src=\"https:\/\/www.realclubmaritimomelilla.es\/clmar\/wp-content\/uploads\/PESCA-infantil-jpg.webp\" class=\"attachment-full size-full\" alt=\"\" srcset=\"https:\/\/www.realclubmaritimomelilla.es\/clmar\/wp-content\/uploads\/PESCA-infantil-200x279.webp 200w, https:\/\/www.realclubmaritimomelilla.es\/clmar\/wp-content\/uploads\/PESCA-infantil-215x300.webp 215w, https:\/\/www.realclubmaritimomelilla.es\/clmar\/wp-content\/uploads\/PESCA-infantil-400x557.webp 400w, https:\/\/www.realclubmaritimomelilla.es\/clmar\/wp-content\/uploads\/PESCA-infantil-600x836.webp 600w, https:\/\/www.realclubmaritimomelilla.es\/clmar\/wp-content\/uploads\/PESCA-infantil-735x1024.webp 735w, https:\/\/www.realclubmaritimomelilla.es\/clmar\/wp-content\/uploads\/PESCA-infantil-768x1070.webp 768w, https:\/\/www.realclubmaritimomelilla.es\/clmar\/wp-content\/uploads\/PESCA-infantil-800x1115.webp 800w, https:\/\/www.realclubmaritimomelilla.es\/clmar\/wp-content\/uploads\/PESCA-infantil-1102x1536.webp 1102w, https:\/\/www.realclubmaritimomelilla.es\/clmar\/wp-content\/uploads\/PESCA-infantil-jpg.webp 1148w\" sizes=\"(max-width: 1148px) 100vw, 1148px\" \/><\/a>\n\t\t\t<\/dt><\/dl>\n\t\t\t<br style='clear: both' \/>\n\t\t<\/div>\n<\/p>\n","protected":false},"excerpt":{"rendered":"<p>El Real Club Mar\u00edtimo de Melilla (RCMM) ha celebrado con \u00e9xito una nueva edici\u00f3n del Trofeo de Pesca \u201cFeria 2025\u201d, una de las citas destacadas del calendario anual de pesca deportiva del Club, enmarcada dentro de la agenda de actividades con motivo de las pr\u00f3ximas fiestas patronales. En esta ocasi\u00f3n, diez pescadores participaron en la [&hellip;]<\/p>\n","protected":false},"author":1,"featured_media":25991,"comment_status":"open","ping_status":"open","sticky":false,"template":"","format":"standard","meta":{"_acf_changed":false,"footnotes":""},"categories":[67],"tags":[],"class_list":["post-25990","post","type-post","status-publish","format-standard","has-post-thumbnail","hentry","category-pesca"],"acf":[],"yoast_head":"<!-- This site is optimized with the Yoast SEO plugin v27.5 - https:\/\/yoast.com\/product\/yoast-seo-wordpress\/ -->\n<title>El Real Club Mar\u00edtimo de Melilla celebra el Trofeo de Pesca \u201cFeria 2025\u201d - Real Club Mar\u00edtimo de Melilla<\/title>\n<meta name=\"description\" content=\"El Real Club Mar\u00edtimo de Melilla (RCMM) ha celebrado con \u00e9xito una nueva edici\u00f3n del Trofeo de Pesca \u201cFeria 2025\u201d\" \/>\n<meta name=\"robots\" content=\"index, follow, max-snippet:-1, max-image-preview:large, max-video-preview:-1\" \/>\n<link rel=\"canonical\" href=\"https:\/\/www.realclubmaritimomelilla.es\/clmar\/el-real-club-maritimo-de-melilla-celebra-el-trofeo-de-pesca-feria-2025\/\" \/>\n<meta property=\"og:locale\" content=\"es_ES\" \/>\n<meta property=\"og:type\" content=\"article\" \/>\n<meta property=\"og:title\" content=\"El Real Club Mar\u00edtimo de Melilla celebra el Trofeo de Pesca \u201cFeria 2025\u201d - Real Club Mar\u00edtimo de Melilla\" \/>\n<meta property=\"og:description\" content=\"El Real Club Mar\u00edtimo de Melilla (RCMM) ha celebrado con \u00e9xito una nueva edici\u00f3n del Trofeo de Pesca \u201cFeria 2025\u201d\" \/>\n<meta property=\"og:url\" content=\"https:\/\/www.realclubmaritimomelilla.es\/clmar\/el-real-club-maritimo-de-melilla-celebra-el-trofeo-de-pesca-feria-2025\/\" \/>\n<meta property=\"og:site_name\" content=\"Real Club Mar\u00edtimo de Melilla\" \/>\n<meta property=\"article:publisher\" content=\"https:\/\/www.facebook.com\/Real-Club-Mar%c3%adtimo-de-Melilla-588495841234214\/\" \/>\n<meta property=\"article:published_time\" content=\"2025-08-14T08:07:45+00:00\" \/>\n<meta property=\"article:modified_time\" content=\"2025-08-19T13:55:48+00:00\" \/>\n<meta property=\"og:image\" content=\"https:\/\/www.realclubmaritimomelilla.es\/clmar\/wp-content\/uploads\/Participatnes-Pesca.jpg\" \/>\n\t<meta property=\"og:image:width\" content=\"1600\" \/>\n\t<meta property=\"og:image:height\" content=\"1200\" \/>\n\t<meta property=\"og:image:type\" content=\"image\/jpeg\" \/>\n<meta name=\"author\" content=\"RCMMelilla\" \/>\n<meta name=\"twitter:card\" content=\"summary_large_image\" \/>\n<meta name=\"twitter:creator\" content=\"@nauticarcmm\" \/>\n<meta name=\"twitter:site\" content=\"@nauticarcmm\" \/>\n<meta name=\"twitter:label1\" content=\"Escrito por\" \/>\n\t<meta name=\"twitter:data1\" content=\"RCMMelilla\" \/>\n\t<meta name=\"twitter:label2\" content=\"Tiempo de lectura\" \/>\n\t<meta name=\"twitter:data2\" content=\"2 minutos\" \/>\n<script type=\"application\/ld+json\" class=\"yoast-schema-graph\">{\"@context\":\"https:\\\/\\\/schema.org\",\"@graph\":[{\"@type\":\"Article\",\"@id\":\"https:\\\/\\\/www.realclubmaritimomelilla.es\\\/clmar\\\/el-real-club-maritimo-de-melilla-celebra-el-trofeo-de-pesca-feria-2025\\\/#article\",\"isPartOf\":{\"@id\":\"https:\\\/\\\/www.realclubmaritimomelilla.es\\\/clmar\\\/el-real-club-maritimo-de-melilla-celebra-el-trofeo-de-pesca-feria-2025\\\/\"},\"author\":{\"name\":\"RCMMelilla\",\"@id\":\"https:\\\/\\\/www.realclubmaritimomelilla.es\\\/clmar\\\/#\\\/schema\\\/person\\\/ebaa3713496dc6d48c872452e73a8e79\"},\"headline\":\"El Real Club Mar\u00edtimo de Melilla celebra el Trofeo de Pesca \u201cFeria 2025\u201d\",\"datePublished\":\"2025-08-14T08:07:45+00:00\",\"dateModified\":\"2025-08-19T13:55:48+00:00\",\"mainEntityOfPage\":{\"@id\":\"https:\\\/\\\/www.realclubmaritimomelilla.es\\\/clmar\\\/el-real-club-maritimo-de-melilla-celebra-el-trofeo-de-pesca-feria-2025\\\/\"},\"wordCount\":238,\"commentCount\":0,\"publisher\":{\"@id\":\"https:\\\/\\\/www.realclubmaritimomelilla.es\\\/clmar\\\/#organization\"},\"image\":{\"@id\":\"https:\\\/\\\/www.realclubmaritimomelilla.es\\\/clmar\\\/el-real-club-maritimo-de-melilla-celebra-el-trofeo-de-pesca-feria-2025\\\/#primaryimage\"},\"thumbnailUrl\":\"https:\\\/\\\/www.realclubmaritimomelilla.es\\\/clmar\\\/wp-content\\\/uploads\\\/Participatnes-Pesca.jpg\",\"articleSection\":[\"Pesca\"],\"inLanguage\":\"es\",\"potentialAction\":[{\"@type\":\"CommentAction\",\"name\":\"Comment\",\"target\":[\"https:\\\/\\\/www.realclubmaritimomelilla.es\\\/clmar\\\/el-real-club-maritimo-de-melilla-celebra-el-trofeo-de-pesca-feria-2025\\\/#respond\"]}]},{\"@type\":\"WebPage\",\"@id\":\"https:\\\/\\\/www.realclubmaritimomelilla.es\\\/clmar\\\/el-real-club-maritimo-de-melilla-celebra-el-trofeo-de-pesca-feria-2025\\\/\",\"url\":\"https:\\\/\\\/www.realclubmaritimomelilla.es\\\/clmar\\\/el-real-club-maritimo-de-melilla-celebra-el-trofeo-de-pesca-feria-2025\\\/\",\"name\":\"El Real Club Mar\u00edtimo de Melilla celebra el Trofeo de Pesca \u201cFeria 2025\u201d - Real Club Mar\u00edtimo de Melilla\",\"isPartOf\":{\"@id\":\"https:\\\/\\\/www.realclubmaritimomelilla.es\\\/clmar\\\/#website\"},\"primaryImageOfPage\":{\"@id\":\"https:\\\/\\\/www.realclubmaritimomelilla.es\\\/clmar\\\/el-real-club-maritimo-de-melilla-celebra-el-trofeo-de-pesca-feria-2025\\\/#primaryimage\"},\"image\":{\"@id\":\"https:\\\/\\\/www.realclubmaritimomelilla.es\\\/clmar\\\/el-real-club-maritimo-de-melilla-celebra-el-trofeo-de-pesca-feria-2025\\\/#primaryimage\"},\"thumbnailUrl\":\"https:\\\/\\\/www.realclubmaritimomelilla.es\\\/clmar\\\/wp-content\\\/uploads\\\/Participatnes-Pesca.jpg\",\"datePublished\":\"2025-08-14T08:07:45+00:00\",\"dateModified\":\"2025-08-19T13:55:48+00:00\",\"description\":\"El Real Club Mar\u00edtimo de Melilla (RCMM) ha celebrado con \u00e9xito una nueva edici\u00f3n del Trofeo de Pesca \u201cFeria 2025\u201d\",\"breadcrumb\":{\"@id\":\"https:\\\/\\\/www.realclubmaritimomelilla.es\\\/clmar\\\/el-real-club-maritimo-de-melilla-celebra-el-trofeo-de-pesca-feria-2025\\\/#breadcrumb\"},\"inLanguage\":\"es\",\"potentialAction\":[{\"@type\":\"ReadAction\",\"target\":[\"https:\\\/\\\/www.realclubmaritimomelilla.es\\\/clmar\\\/el-real-club-maritimo-de-melilla-celebra-el-trofeo-de-pesca-feria-2025\\\/\"]}]},{\"@type\":\"ImageObject\",\"inLanguage\":\"es\",\"@id\":\"https:\\\/\\\/www.realclubmaritimomelilla.es\\\/clmar\\\/el-real-club-maritimo-de-melilla-celebra-el-trofeo-de-pesca-feria-2025\\\/#primaryimage\",\"url\":\"https:\\\/\\\/www.realclubmaritimomelilla.es\\\/clmar\\\/wp-content\\\/uploads\\\/Participatnes-Pesca.jpg\",\"contentUrl\":\"https:\\\/\\\/www.realclubmaritimomelilla.es\\\/clmar\\\/wp-content\\\/uploads\\\/Participatnes-Pesca.jpg\",\"width\":1600,\"height\":1200},{\"@type\":\"BreadcrumbList\",\"@id\":\"https:\\\/\\\/www.realclubmaritimomelilla.es\\\/clmar\\\/el-real-club-maritimo-de-melilla-celebra-el-trofeo-de-pesca-feria-2025\\\/#breadcrumb\",\"itemListElement\":[{\"@type\":\"ListItem\",\"position\":1,\"name\":\"Portada\",\"item\":\"https:\\\/\\\/www.realclubmaritimomelilla.es\\\/clmar\\\/\"},{\"@type\":\"ListItem\",\"position\":2,\"name\":\"El Real Club Mar\u00edtimo de Melilla celebra el Trofeo de Pesca \u201cFeria 2025\u201d\"}]},{\"@type\":\"WebSite\",\"@id\":\"https:\\\/\\\/www.realclubmaritimomelilla.es\\\/clmar\\\/#website\",\"url\":\"https:\\\/\\\/www.realclubmaritimomelilla.es\\\/clmar\\\/\",\"name\":\"Real Club Mar\u00edtimo de Melilla\",\"description\":\"RCMM\",\"publisher\":{\"@id\":\"https:\\\/\\\/www.realclubmaritimomelilla.es\\\/clmar\\\/#organization\"},\"alternateName\":\"RCMM\",\"potentialAction\":[{\"@type\":\"SearchAction\",\"target\":{\"@type\":\"EntryPoint\",\"urlTemplate\":\"https:\\\/\\\/www.realclubmaritimomelilla.es\\\/clmar\\\/?s={search_term_string}\"},\"query-input\":{\"@type\":\"PropertyValueSpecification\",\"valueRequired\":true,\"valueName\":\"search_term_string\"}}],\"inLanguage\":\"es\"},{\"@type\":\"Organization\",\"@id\":\"https:\\\/\\\/www.realclubmaritimomelilla.es\\\/clmar\\\/#organization\",\"name\":\"Real Club Mar\u00edtimo de Melilla\",\"alternateName\":\"RCMM\",\"url\":\"https:\\\/\\\/www.realclubmaritimomelilla.es\\\/clmar\\\/\",\"logo\":{\"@type\":\"ImageObject\",\"inLanguage\":\"es\",\"@id\":\"https:\\\/\\\/www.realclubmaritimomelilla.es\\\/clmar\\\/#\\\/schema\\\/logo\\\/image\\\/\",\"url\":\"https:\\\/\\\/www.realclubmaritimomelilla.es\\\/clmar\\\/wp-content\\\/uploads\\\/logo-club-original-copia.jpg\",\"contentUrl\":\"https:\\\/\\\/www.realclubmaritimomelilla.es\\\/clmar\\\/wp-content\\\/uploads\\\/logo-club-original-copia.jpg\",\"width\":128,\"height\":89,\"caption\":\"Real Club Mar\u00edtimo de Melilla\"},\"image\":{\"@id\":\"https:\\\/\\\/www.realclubmaritimomelilla.es\\\/clmar\\\/#\\\/schema\\\/logo\\\/image\\\/\"},\"sameAs\":[\"https:\\\/\\\/www.facebook.com\\\/Real-Club-Mar\u00edtimo-de-Melilla-588495841234214\\\/\",\"https:\\\/\\\/x.com\\\/nauticarcmm\",\"https:\\\/\\\/www.instagram.com\\\/club_maritimo_melilla\\\/\",\"https:\\\/\\\/www.youtube.com\\\/@realclubmaritimodemelilla4703\",\"https:\\\/\\\/es.wikipedia.org\\\/wiki\\\/Real_Club_Mar\u00edtimo_de_Melilla\"]},{\"@type\":\"Person\",\"@id\":\"https:\\\/\\\/www.realclubmaritimomelilla.es\\\/clmar\\\/#\\\/schema\\\/person\\\/ebaa3713496dc6d48c872452e73a8e79\",\"name\":\"RCMMelilla\",\"image\":{\"@type\":\"ImageObject\",\"inLanguage\":\"es\",\"@id\":\"https:\\\/\\\/secure.gravatar.com\\\/avatar\\\/df1c24789360fb9308735c4ee556fc2bc5bf924bf01e53043b8b97ba272da33c?s=96&d=mm&r=g\",\"url\":\"https:\\\/\\\/secure.gravatar.com\\\/avatar\\\/df1c24789360fb9308735c4ee556fc2bc5bf924bf01e53043b8b97ba272da33c?s=96&d=mm&r=g\",\"contentUrl\":\"https:\\\/\\\/secure.gravatar.com\\\/avatar\\\/df1c24789360fb9308735c4ee556fc2bc5bf924bf01e53043b8b97ba272da33c?s=96&d=mm&r=g\",\"caption\":\"RCMMelilla\"}}]}<\/script>\n<!-- \/ Yoast SEO plugin. -->","yoast_head_json":{"title":"El Real Club Mar\u00edtimo de Melilla celebra el Trofeo de Pesca \u201cFeria 2025\u201d - Real Club Mar\u00edtimo de Melilla","description":"El Real Club Mar\u00edtimo de Melilla (RCMM) ha celebrado con \u00e9xito una nueva edici\u00f3n del Trofeo de Pesca \u201cFeria 2025\u201d","robots":{"index":"index","follow":"follow","max-snippet":"max-snippet:-1","max-image-preview":"max-image-preview:large","max-video-preview":"max-video-preview:-1"},"canonical":"https:\/\/www.realclubmaritimomelilla.es\/clmar\/el-real-club-maritimo-de-melilla-celebra-el-trofeo-de-pesca-feria-2025\/","og_locale":"es_ES","og_type":"article","og_title":"El Real Club Mar\u00edtimo de Melilla celebra el Trofeo de Pesca \u201cFeria 2025\u201d - Real Club Mar\u00edtimo de Melilla","og_description":"El Real Club Mar\u00edtimo de Melilla (RCMM) ha celebrado con \u00e9xito una nueva edici\u00f3n del Trofeo de Pesca \u201cFeria 2025\u201d","og_url":"https:\/\/www.realclubmaritimomelilla.es\/clmar\/el-real-club-maritimo-de-melilla-celebra-el-trofeo-de-pesca-feria-2025\/","og_site_name":"Real Club Mar\u00edtimo de Melilla","article_publisher":"https:\/\/www.facebook.com\/Real-Club-Mar%c3%adtimo-de-Melilla-588495841234214\/","article_published_time":"2025-08-14T08:07:45+00:00","article_modified_time":"2025-08-19T13:55:48+00:00","og_image":[{"width":1600,"height":1200,"url":"https:\/\/www.realclubmaritimomelilla.es\/clmar\/wp-content\/uploads\/Participatnes-Pesca.jpg","type":"image\/jpeg"}],"author":"RCMMelilla","twitter_card":"summary_large_image","twitter_creator":"@nauticarcmm","twitter_site":"@nauticarcmm","twitter_misc":{"Escrito por":"RCMMelilla","Tiempo de lectura":"2 minutos"},"schema":{"@context":"https:\/\/schema.org","@graph":[{"@type":"Article","@id":"https:\/\/www.realclubmaritimomelilla.es\/clmar\/el-real-club-maritimo-de-melilla-celebra-el-trofeo-de-pesca-feria-2025\/#article","isPartOf":{"@id":"https:\/\/www.realclubmaritimomelilla.es\/clmar\/el-real-club-maritimo-de-melilla-celebra-el-trofeo-de-pesca-feria-2025\/"},"author":{"name":"RCMMelilla","@id":"https:\/\/www.realclubmaritimomelilla.es\/clmar\/#\/schema\/person\/ebaa3713496dc6d48c872452e73a8e79"},"headline":"El Real Club Mar\u00edtimo de Melilla celebra el Trofeo de Pesca \u201cFeria 2025\u201d","datePublished":"2025-08-14T08:07:45+00:00","dateModified":"2025-08-19T13:55:48+00:00","mainEntityOfPage":{"@id":"https:\/\/www.realclubmaritimomelilla.es\/clmar\/el-real-club-maritimo-de-melilla-celebra-el-trofeo-de-pesca-feria-2025\/"},"wordCount":238,"commentCount":0,"publisher":{"@id":"https:\/\/www.realclubmaritimomelilla.es\/clmar\/#organization"},"image":{"@id":"https:\/\/www.realclubmaritimomelilla.es\/clmar\/el-real-club-maritimo-de-melilla-celebra-el-trofeo-de-pesca-feria-2025\/#primaryimage"},"thumbnailUrl":"https:\/\/www.realclubmaritimomelilla.es\/clmar\/wp-content\/uploads\/Participatnes-Pesca.jpg","articleSection":["Pesca"],"inLanguage":"es","potentialAction":[{"@type":"CommentAction","name":"Comment","target":["https:\/\/www.realclubmaritimomelilla.es\/clmar\/el-real-club-maritimo-de-melilla-celebra-el-trofeo-de-pesca-feria-2025\/#respond"]}]},{"@type":"WebPage","@id":"https:\/\/www.realclubmaritimomelilla.es\/clmar\/el-real-club-maritimo-de-melilla-celebra-el-trofeo-de-pesca-feria-2025\/","url":"https:\/\/www.realclubmaritimomelilla.es\/clmar\/el-real-club-maritimo-de-melilla-celebra-el-trofeo-de-pesca-feria-2025\/","name":"El Real Club Mar\u00edtimo de Melilla celebra el Trofeo de Pesca \u201cFeria 2025\u201d - Real Club Mar\u00edtimo de Melilla","isPartOf":{"@id":"https:\/\/www.realclubmaritimomelilla.es\/clmar\/#website"},"primaryImageOfPage":{"@id":"https:\/\/www.realclubmaritimomelilla.es\/clmar\/el-real-club-maritimo-de-melilla-celebra-el-trofeo-de-pesca-feria-2025\/#primaryimage"},"image":{"@id":"https:\/\/www.realclubmaritimomelilla.es\/clmar\/el-real-club-maritimo-de-melilla-celebra-el-trofeo-de-pesca-feria-2025\/#primaryimage"},"thumbnailUrl":"https:\/\/www.realclubmaritimomelilla.es\/clmar\/wp-content\/uploads\/Participatnes-Pesca.jpg","datePublished":"2025-08-14T08:07:45+00:00","dateModified":"2025-08-19T13:55:48+00:00","description":"El Real Club Mar\u00edtimo de Melilla (RCMM) ha celebrado con \u00e9xito una nueva edici\u00f3n del Trofeo de Pesca \u201cFeria 2025\u201d","breadcrumb":{"@id":"https:\/\/www.realclubmaritimomelilla.es\/clmar\/el-real-club-maritimo-de-melilla-celebra-el-trofeo-de-pesca-feria-2025\/#breadcrumb"},"inLanguage":"es","potentialAction":[{"@type":"ReadAction","target":["https:\/\/www.realclubmaritimomelilla.es\/clmar\/el-real-club-maritimo-de-melilla-celebra-el-trofeo-de-pesca-feria-2025\/"]}]},{"@type":"ImageObject","inLanguage":"es","@id":"https:\/\/www.realclubmaritimomelilla.es\/clmar\/el-real-club-maritimo-de-melilla-celebra-el-trofeo-de-pesca-feria-2025\/#primaryimage","url":"https:\/\/www.realclubmaritimomelilla.es\/clmar\/wp-content\/uploads\/Participatnes-Pesca.jpg","contentUrl":"https:\/\/www.realclubmaritimomelilla.es\/clmar\/wp-content\/uploads\/Participatnes-Pesca.jpg","width":1600,"height":1200},{"@type":"BreadcrumbList","@id":"https:\/\/www.realclubmaritimomelilla.es\/clmar\/el-real-club-maritimo-de-melilla-celebra-el-trofeo-de-pesca-feria-2025\/#breadcrumb","itemListElement":[{"@type":"ListItem","position":1,"name":"Portada","item":"https:\/\/www.realclubmaritimomelilla.es\/clmar\/"},{"@type":"ListItem","position":2,"name":"El Real Club Mar\u00edtimo de Melilla celebra el Trofeo de Pesca \u201cFeria 2025\u201d"}]},{"@type":"WebSite","@id":"https:\/\/www.realclubmaritimomelilla.es\/clmar\/#website","url":"https:\/\/www.realclubmaritimomelilla.es\/clmar\/","name":"Real Club Mar\u00edtimo de Melilla","description":"RCMM","publisher":{"@id":"https:\/\/www.realclubmaritimomelilla.es\/clmar\/#organization"},"alternateName":"RCMM","potentialAction":[{"@type":"SearchAction","target":{"@type":"EntryPoint","urlTemplate":"https:\/\/www.realclubmaritimomelilla.es\/clmar\/?s={search_term_string}"},"query-input":{"@type":"PropertyValueSpecification","valueRequired":true,"valueName":"search_term_string"}}],"inLanguage":"es"},{"@type":"Organization","@id":"https:\/\/www.realclubmaritimomelilla.es\/clmar\/#organization","name":"Real Club Mar\u00edtimo de Melilla","alternateName":"RCMM","url":"https:\/\/www.realclubmaritimomelilla.es\/clmar\/","logo":{"@type":"ImageObject","inLanguage":"es","@id":"https:\/\/www.realclubmaritimomelilla.es\/clmar\/#\/schema\/logo\/image\/","url":"https:\/\/www.realclubmaritimomelilla.es\/clmar\/wp-content\/uploads\/logo-club-original-copia.jpg","contentUrl":"https:\/\/www.realclubmaritimomelilla.es\/clmar\/wp-content\/uploads\/logo-club-original-copia.jpg","width":128,"height":89,"caption":"Real Club Mar\u00edtimo de Melilla"},"image":{"@id":"https:\/\/www.realclubmaritimomelilla.es\/clmar\/#\/schema\/logo\/image\/"},"sameAs":["https:\/\/www.facebook.com\/Real-Club-Mar\u00edtimo-de-Melilla-588495841234214\/","https:\/\/x.com\/nauticarcmm","https:\/\/www.instagram.com\/club_maritimo_melilla\/","https:\/\/www.youtube.com\/@realclubmaritimodemelilla4703","https:\/\/es.wikipedia.org\/wiki\/Real_Club_Mar\u00edtimo_de_Melilla"]},{"@type":"Person","@id":"https:\/\/www.realclubmaritimomelilla.es\/clmar\/#\/schema\/person\/ebaa3713496dc6d48c872452e73a8e79","name":"RCMMelilla","image":{"@type":"ImageObject","inLanguage":"es","@id":"https:\/\/secure.gravatar.com\/avatar\/df1c24789360fb9308735c4ee556fc2bc5bf924bf01e53043b8b97ba272da33c?s=96&d=mm&r=g","url":"https:\/\/secure.gravatar.com\/avatar\/df1c24789360fb9308735c4ee556fc2bc5bf924bf01e53043b8b97ba272da33c?s=96&d=mm&r=g","contentUrl":"https:\/\/secure.gravatar.com\/avatar\/df1c24789360fb9308735c4ee556fc2bc5bf924bf01e53043b8b97ba272da33c?s=96&d=mm&r=g","caption":"RCMMelilla"}}]}},"_links":{"self":[{"href":"https:\/\/www.realclubmaritimomelilla.es\/clmar\/wp-json\/wp\/v2\/posts\/25990","targetHints":{"allow":["GET"]}}],"collection":[{"href":"https:\/\/www.realclubmaritimomelilla.es\/clmar\/wp-json\/wp\/v2\/posts"}],"about":[{"href":"https:\/\/www.realclubmaritimomelilla.es\/clmar\/wp-json\/wp\/v2\/types\/post"}],"author":[{"embeddable":true,"href":"https:\/\/www.realclubmaritimomelilla.es\/clmar\/wp-json\/wp\/v2\/users\/1"}],"replies":[{"embeddable":true,"href":"https:\/\/www.realclubmaritimomelilla.es\/clmar\/wp-json\/wp\/v2\/comments?post=25990"}],"version-history":[{"count":1,"href":"https:\/\/www.realclubmaritimomelilla.es\/clmar\/wp-json\/wp\/v2\/posts\/25990\/revisions"}],"predecessor-version":[{"id":25992,"href":"https:\/\/www.realclubmaritimomelilla.es\/clmar\/wp-json\/wp\/v2\/posts\/25990\/revisions\/25992"}],"wp:featuredmedia":[{"embeddable":true,"href":"https:\/\/www.realclubmaritimomelilla.es\/clmar\/wp-json\/wp\/v2\/media\/25991"}],"wp:attachment":[{"href":"https:\/\/www.realclubmaritimomelilla.es\/clmar\/wp-json\/wp\/v2\/media?parent=25990"}],"wp:term":[{"taxonomy":"category","embeddable":true,"href":"https:\/\/www.realclubmaritimomelilla.es\/clmar\/wp-json\/wp\/v2\/categories?post=25990"},{"taxonomy":"post_tag","embeddable":true,"href":"https:\/\/www.realclubmaritimomelilla.es\/clmar\/wp-json\/wp\/v2\/tags?post=25990"}],"curies":[{"name":"wp","href":"https:\/\/api.w.org\/{rel}","templated":true}]}}