{"id":25793,"date":"2025-08-07T10:09:10","date_gmt":"2025-08-07T08:09:10","guid":{"rendered":"https:\/\/www.realclubmaritimomelilla.es\/clmar\/?p=25793"},"modified":"2025-08-18T16:32:26","modified_gmt":"2025-08-18T14:32:26","slug":"la-entrega-de-galardones-clausura-el-v-trofeo-club-maritimo-melilla-ciudad-del-deporte","status":"publish","type":"post","link":"https:\/\/www.realclubmaritimomelilla.es\/clmar\/la-entrega-de-galardones-clausura-el-v-trofeo-club-maritimo-melilla-ciudad-del-deporte\/","title":{"rendered":"Clausura del V Trofeo Club Mar\u00edtimo \u2013 Melilla Ciudad del Deporte"},"content":{"rendered":"<p>El V Trofeo \u2018Real Club Mar\u00edtimo \u2013 Melilla Ciudad del Deporte\u2019 se ha clausurado con la entrega de galardones a los primeros clasificados de cada categor\u00eda en las clases de optimist, ILCA 4 y 6. <\/p>\n<p>Un acto que se llev\u00f3 a cabo en el sal\u00f3 principal del Real Club Mar\u00edtimo de Melilla, donde acudieron autoridades civiles y militares de la ciudad, junto a los directivos de la entidad, encabezados por los vicepresidentes Rafael Imbroda y Adolfo Ort\u00edz de Z\u00e1rate. <\/p>\n<p>En este caso, se han entregado los galardones de la flota de optimist e ILCA 4 y 6 que han tomado parte en la quinta edici\u00f3n del trofeo melillense, al tiempo que tambi\u00e9n recib\u00edan sus premios los primeros clasificados en la segunda edici\u00f3n del Memorial \u2018Jos\u00e9 Manuel Calzado Puertas\u2019, disputado este domingo en el interior de la bah\u00eda melillense en el que Hugo Sarmiento (optimist), Daniel Mart\u00ednez (ILCA4) y Jos\u00e9 Manurl Mart\u00edn (ILCA6) fueron los campeones. <\/p>\n<p>El Trofeo que conjuntamente organiza el Real Club Mar\u00edtimo de Melilla con el apoyo de la Consejer\u00eda de Deportes continuar\u00e1 este pr\u00f3ximo fin de semana con la regata para la flota de snipe. <\/p>\n<p>ENTREGA DE TROFEOS V TROFEO \u2018CLUB MAR\u00cdTIMO \u2013 MELILLA CIUDAD DEL DEPORTE\u2019: <\/p>\n<p>OPTIMIST SUB 11 MASCULINO<br \/>\n1\u00ba Leo Ortego (Club de Mar Fuengirola)<br \/>\n2\u00ba Francisco Sirvent Ruiz (RCR de Alicante)<br \/>\n3\u00ba Pablo Rivas (RCM Melilla)<\/p>\n<p>OPTIMIST SUB 11 FEMENINO<br \/>\n1\u00aa Kaja Kolasinska (RC Mediterr\u00e1neo)<br \/>\n2\u00aaMar\u00eda Aguilar (RCM Melilla)<br \/>\n3\u00aa Aba Alcaraz (CN Los Nietos)<\/p>\n<p>OPTIMIST SUB 13 MASCULINO<br \/>\n1\u00ba Mariano Sarmiento (Club de Mar Almer\u00eda)<br \/>\n2\u00baMart\u00edn Aguilar Medina (CNM Benalm\u00e1dena)<br \/>\n3\u00ba Mart\u00edn Salvador Romera (Club de Mar Almer\u00eda)<\/p>\n<p>OPTIMIST SUB 13 FEMENINO<br \/>\n1\u00aa Valentina Gonz\u00e1lez \u2013 Costea (RCR Cartagena)<br \/>\n2\u00aa Marina del R\u00edos Saiz (CNM Benalm\u00e1dena)<br \/>\n3\u00aa Ana Ayala (RCR Cartagena)<\/p>\n<p>OPTIMIST SUB 16 MASCULINO<br \/>\n1\u00ba Leo Molina (Club de Mar Almer\u00eda)<br \/>\n2\u00ba Rub\u00e9n del R\u00edo Saiz (CNM Benalm\u00e1dena)<br \/>\n3\u00ba Alvaro P\u00e9rez (Club de Mar Almer\u00eda)<\/p>\n<p>OPTIMIST SUB 16 FEMENINO<br \/>\n1\u00aa Marina Torralba (RCR Cartagena)<br \/>\n2\u00aa Noa L\u00f3pez (RCR Cartagena)<br \/>\n3\u00aa Sara Ros Rosado (RCR Cartagena)<\/p>\n<p>ILCA4 MASCULINO<br \/>\n1\u00ba Daniel Mart\u00ednez (CN Los Nietos)<br \/>\n2\u00ba Pedro Casta\u00f1o (RCR Cartagena)<br \/>\n3\u00ba Carlos Alonso (CM Almer\u00eda) <\/p>\n<p>ILCA4 FEMENINA<br \/>\n1\u00aa Bibiana nieto (CN Los Nietos)<br \/>\n2\u00aa Julia Cant\u00f3n (Club de Mar Almer\u00eda)<br \/>\n3\u00aa Vega Jim\u00e9nez (RCR Cartagena)<\/p>\n<p>ILCA6 ABSOLUTA<br \/>\n1\u00ba Manuel Garc\u00eda (CAR Infanta Cristina)<br \/>\n2\u00ba Lucas Mart\u00edn (RC El Candado)<br \/>\n3\u00aa Rosario Nieto (CN Los Nieto) <\/p>\n<p>ENTREGA DE TROFEOS II MEMORIAL \u2018JOS\u00c9 MANUEL CALZADO PUERTAS\u2019<br \/>\nOPTIMIST<br \/>\n1\u00ba Huego Sarmiento (CM Almer\u00eda)<br \/>\n2\u00ba Rub\u00e9n del R\u00edo (CNM Benalm\u00e1dena)<br \/>\n3\u00ba Mart\u00edn Aguilar (CNM Benalm\u00e1dena)<\/p>\n<p>ILCA4<br \/>\n1\u00ba Daniel Mart\u00ednez (CN Los Nietos)<br \/>\n2\u00ba Camila Arlova (CNM Benalm\u00e1dena)<br \/>\n3\u00baFelipe Pach\u00f3n (CNM Benalm\u00e1dena)<\/p>\n<p>ILCA6<br \/>\n1\u00ba Jos\u00e9 Manuel Mart\u00edn (CNM Benalm\u00e1dena<br \/>\n2\u00ba Manuel Garc\u00eda (CAR Infanta Cristina)<br \/>\n3\u00ba Lucas Mart\u00edn (RC El Candado)<\/p>\n\n\t\t<style type=\"text\/css\">\n\t\t\t#gallery-1 {\n\t\t\t\tmargin: auto;\n\t\t\t}\n\t\t\t#gallery-1 .gallery-item {\n\t\t\t\tfloat: left;\n\t\t\t\tmargin-top: 10px;\n\t\t\t\ttext-align: center;\n\t\t\t\twidth: 33%;\n\t\t\t}\n\t\t\t#gallery-1 img {\n\t\t\t\tborder: 2px solid #cfcfcf;\n\t\t\t}\n\t\t\t#gallery-1 .gallery-caption {\n\t\t\t\tmargin-left: 0;\n\t\t\t}\n\t\t\t\/* see gallery_shortcode() in wp-includes\/media.php *\/\n\t\t<\/style>\n\t\t<div id='gallery-1' class='gallery galleryid-25793 gallery-columns-3 gallery-size-full'><dl class='gallery-item'>\n\t\t\t<dt class='gallery-icon portrait'>\n\t\t\t\t<a data-rel=\"iLightbox[postimages]\" data-title=\"Intervenci\u00f3n Consejero Deportes\" data-caption=\"\" href='https:\/\/www.realclubmaritimomelilla.es\/clmar\/la-entrega-de-galardones-clausura-el-v-trofeo-club-maritimo-melilla-ciudad-del-deporte\/intervencion-consejero-deportes\/'><img decoding=\"async\" width=\"1417\" height=\"1487\" src=\"https:\/\/www.realclubmaritimomelilla.es\/clmar\/wp-content\/uploads\/Intervencion-Consejero-Deportes-jpg.webp\" class=\"attachment-full size-full\" alt=\"\" srcset=\"https:\/\/www.realclubmaritimomelilla.es\/clmar\/wp-content\/uploads\/Intervencion-Consejero-Deportes-200x210.webp 200w, https:\/\/www.realclubmaritimomelilla.es\/clmar\/wp-content\/uploads\/Intervencion-Consejero-Deportes-286x300.webp 286w, https:\/\/www.realclubmaritimomelilla.es\/clmar\/wp-content\/uploads\/Intervencion-Consejero-Deportes-400x420.webp 400w, https:\/\/www.realclubmaritimomelilla.es\/clmar\/wp-content\/uploads\/Intervencion-Consejero-Deportes-600x630.webp 600w, https:\/\/www.realclubmaritimomelilla.es\/clmar\/wp-content\/uploads\/Intervencion-Consejero-Deportes-768x806.webp 768w, https:\/\/www.realclubmaritimomelilla.es\/clmar\/wp-content\/uploads\/Intervencion-Consejero-Deportes-800x840.webp 800w, https:\/\/www.realclubmaritimomelilla.es\/clmar\/wp-content\/uploads\/Intervencion-Consejero-Deportes-976x1024.webp 976w, https:\/\/www.realclubmaritimomelilla.es\/clmar\/wp-content\/uploads\/Intervencion-Consejero-Deportes-1200x1259.webp 1200w, https:\/\/www.realclubmaritimomelilla.es\/clmar\/wp-content\/uploads\/Intervencion-Consejero-Deportes-jpg.webp 1417w\" sizes=\"(max-width: 1417px) 100vw, 1417px\" \/><\/a>\n\t\t\t<\/dt><\/dl><dl class='gallery-item'>\n\t\t\t<dt class='gallery-icon portrait'>\n\t\t\t\t<a data-rel=\"iLightbox[postimages]\" data-title=\"Intervenci\u00f3n Rafael Imbroda\" data-caption=\"\" href='https:\/\/www.realclubmaritimomelilla.es\/clmar\/la-entrega-de-galardones-clausura-el-v-trofeo-club-maritimo-melilla-ciudad-del-deporte\/intervencion-rafael-imbroda\/'><img decoding=\"async\" width=\"1417\" height=\"1423\" src=\"https:\/\/www.realclubmaritimomelilla.es\/clmar\/wp-content\/uploads\/Intervencion-Rafael-Imbroda-jpg.webp\" class=\"attachment-full size-full\" alt=\"\" srcset=\"https:\/\/www.realclubmaritimomelilla.es\/clmar\/wp-content\/uploads\/Intervencion-Rafael-Imbroda-66x66.webp 66w, https:\/\/www.realclubmaritimomelilla.es\/clmar\/wp-content\/uploads\/Intervencion-Rafael-Imbroda-150x150.webp 150w, https:\/\/www.realclubmaritimomelilla.es\/clmar\/wp-content\/uploads\/Intervencion-Rafael-Imbroda-200x201.webp 200w, https:\/\/www.realclubmaritimomelilla.es\/clmar\/wp-content\/uploads\/Intervencion-Rafael-Imbroda-300x300.webp 300w, https:\/\/www.realclubmaritimomelilla.es\/clmar\/wp-content\/uploads\/Intervencion-Rafael-Imbroda-400x402.webp 400w, https:\/\/www.realclubmaritimomelilla.es\/clmar\/wp-content\/uploads\/Intervencion-Rafael-Imbroda-600x603.webp 600w, https:\/\/www.realclubmaritimomelilla.es\/clmar\/wp-content\/uploads\/Intervencion-Rafael-Imbroda-768x771.webp 768w, https:\/\/www.realclubmaritimomelilla.es\/clmar\/wp-content\/uploads\/Intervencion-Rafael-Imbroda-800x803.webp 800w, https:\/\/www.realclubmaritimomelilla.es\/clmar\/wp-content\/uploads\/Intervencion-Rafael-Imbroda-1020x1024.webp 1020w, https:\/\/www.realclubmaritimomelilla.es\/clmar\/wp-content\/uploads\/Intervencion-Rafael-Imbroda-1200x1205.webp 1200w, https:\/\/www.realclubmaritimomelilla.es\/clmar\/wp-content\/uploads\/Intervencion-Rafael-Imbroda-jpg.webp 1417w\" sizes=\"(max-width: 1417px) 100vw, 1417px\" \/><\/a>\n\t\t\t<\/dt><\/dl><dl class='gallery-item'>\n\t\t\t<dt class='gallery-icon landscape'>\n\t\t\t\t<a data-rel=\"iLightbox[postimages]\" data-title=\"MEMORIAL ilca4 1\u00ba\" data-caption=\"\" href='https:\/\/www.realclubmaritimomelilla.es\/clmar\/la-entrega-de-galardones-clausura-el-v-trofeo-club-maritimo-melilla-ciudad-del-deporte\/memorial-ilca4-1o\/'><img decoding=\"async\" width=\"1417\" height=\"1375\" src=\"https:\/\/www.realclubmaritimomelilla.es\/clmar\/wp-content\/uploads\/MEMORIAL-ilca4-1o-jpg.webp\" class=\"attachment-full size-full\" alt=\"\" srcset=\"https:\/\/www.realclubmaritimomelilla.es\/clmar\/wp-content\/uploads\/MEMORIAL-ilca4-1o-200x194.webp 200w, https:\/\/www.realclubmaritimomelilla.es\/clmar\/wp-content\/uploads\/MEMORIAL-ilca4-1o-300x291.webp 300w, https:\/\/www.realclubmaritimomelilla.es\/clmar\/wp-content\/uploads\/MEMORIAL-ilca4-1o-400x388.webp 400w, https:\/\/www.realclubmaritimomelilla.es\/clmar\/wp-content\/uploads\/MEMORIAL-ilca4-1o-600x582.webp 600w, https:\/\/www.realclubmaritimomelilla.es\/clmar\/wp-content\/uploads\/MEMORIAL-ilca4-1o-768x745.webp 768w, https:\/\/www.realclubmaritimomelilla.es\/clmar\/wp-content\/uploads\/MEMORIAL-ilca4-1o-800x776.webp 800w, https:\/\/www.realclubmaritimomelilla.es\/clmar\/wp-content\/uploads\/MEMORIAL-ilca4-1o-1024x994.webp 1024w, https:\/\/www.realclubmaritimomelilla.es\/clmar\/wp-content\/uploads\/MEMORIAL-ilca4-1o-1200x1164.webp 1200w, https:\/\/www.realclubmaritimomelilla.es\/clmar\/wp-content\/uploads\/MEMORIAL-ilca4-1o-jpg.webp 1417w\" sizes=\"(max-width: 1417px) 100vw, 1417px\" \/><\/a>\n\t\t\t<\/dt><\/dl><br style=\"clear: both\" \/><dl class='gallery-item'>\n\t\t\t<dt class='gallery-icon portrait'>\n\t\t\t\t<a data-rel=\"iLightbox[postimages]\" data-title=\"MEMORIAL ilca4 2\u00aa\" data-caption=\"\" href='https:\/\/www.realclubmaritimomelilla.es\/clmar\/la-entrega-de-galardones-clausura-el-v-trofeo-club-maritimo-melilla-ciudad-del-deporte\/memorial-ilca4-2a\/'><img decoding=\"async\" width=\"1417\" height=\"1470\" src=\"https:\/\/www.realclubmaritimomelilla.es\/clmar\/wp-content\/uploads\/MEMORIAL-ilca4-2a-jpg.webp\" class=\"attachment-full size-full\" alt=\"\" srcset=\"https:\/\/www.realclubmaritimomelilla.es\/clmar\/wp-content\/uploads\/MEMORIAL-ilca4-2a-200x207.webp 200w, https:\/\/www.realclubmaritimomelilla.es\/clmar\/wp-content\/uploads\/MEMORIAL-ilca4-2a-289x300.webp 289w, https:\/\/www.realclubmaritimomelilla.es\/clmar\/wp-content\/uploads\/MEMORIAL-ilca4-2a-400x415.webp 400w, https:\/\/www.realclubmaritimomelilla.es\/clmar\/wp-content\/uploads\/MEMORIAL-ilca4-2a-600x622.webp 600w, https:\/\/www.realclubmaritimomelilla.es\/clmar\/wp-content\/uploads\/MEMORIAL-ilca4-2a-768x797.webp 768w, https:\/\/www.realclubmaritimomelilla.es\/clmar\/wp-content\/uploads\/MEMORIAL-ilca4-2a-800x830.webp 800w, https:\/\/www.realclubmaritimomelilla.es\/clmar\/wp-content\/uploads\/MEMORIAL-ilca4-2a-987x1024.webp 987w, https:\/\/www.realclubmaritimomelilla.es\/clmar\/wp-content\/uploads\/MEMORIAL-ilca4-2a-1200x1245.webp 1200w, https:\/\/www.realclubmaritimomelilla.es\/clmar\/wp-content\/uploads\/MEMORIAL-ilca4-2a-jpg.webp 1417w\" sizes=\"(max-width: 1417px) 100vw, 1417px\" \/><\/a>\n\t\t\t<\/dt><\/dl><dl class='gallery-item'>\n\t\t\t<dt class='gallery-icon portrait'>\n\t\t\t\t<a data-rel=\"iLightbox[postimages]\" data-title=\"MEMORIAL ilca4 3\u00ba\" data-caption=\"\" href='https:\/\/www.realclubmaritimomelilla.es\/clmar\/la-entrega-de-galardones-clausura-el-v-trofeo-club-maritimo-melilla-ciudad-del-deporte\/memorial-ilca4-3o\/'><img decoding=\"async\" width=\"1417\" height=\"1563\" src=\"https:\/\/www.realclubmaritimomelilla.es\/clmar\/wp-content\/uploads\/MEMORIAL-ilca4-3o-jpg.webp\" class=\"attachment-full size-full\" alt=\"\" srcset=\"https:\/\/www.realclubmaritimomelilla.es\/clmar\/wp-content\/uploads\/MEMORIAL-ilca4-3o-200x221.webp 200w, https:\/\/www.realclubmaritimomelilla.es\/clmar\/wp-content\/uploads\/MEMORIAL-ilca4-3o-272x300.webp 272w, https:\/\/www.realclubmaritimomelilla.es\/clmar\/wp-content\/uploads\/MEMORIAL-ilca4-3o-400x441.webp 400w, https:\/\/www.realclubmaritimomelilla.es\/clmar\/wp-content\/uploads\/MEMORIAL-ilca4-3o-600x662.webp 600w, https:\/\/www.realclubmaritimomelilla.es\/clmar\/wp-content\/uploads\/MEMORIAL-ilca4-3o-768x847.webp 768w, https:\/\/www.realclubmaritimomelilla.es\/clmar\/wp-content\/uploads\/MEMORIAL-ilca4-3o-800x882.webp 800w, https:\/\/www.realclubmaritimomelilla.es\/clmar\/wp-content\/uploads\/MEMORIAL-ilca4-3o-928x1024.webp 928w, https:\/\/www.realclubmaritimomelilla.es\/clmar\/wp-content\/uploads\/MEMORIAL-ilca4-3o-1200x1324.webp 1200w, https:\/\/www.realclubmaritimomelilla.es\/clmar\/wp-content\/uploads\/MEMORIAL-ilca4-3o-1393x1536.webp 1393w, https:\/\/www.realclubmaritimomelilla.es\/clmar\/wp-content\/uploads\/MEMORIAL-ilca4-3o-jpg.webp 1417w\" sizes=\"(max-width: 1417px) 100vw, 1417px\" \/><\/a>\n\t\t\t<\/dt><\/dl><dl class='gallery-item'>\n\t\t\t<dt class='gallery-icon landscape'>\n\t\t\t\t<a data-rel=\"iLightbox[postimages]\" data-title=\"MEMORIAL ilca4 podio\" data-caption=\"\" href='https:\/\/www.realclubmaritimomelilla.es\/clmar\/la-entrega-de-galardones-clausura-el-v-trofeo-club-maritimo-melilla-ciudad-del-deporte\/memorial-ilca4-podio\/'><img decoding=\"async\" width=\"1417\" height=\"987\" src=\"https:\/\/www.realclubmaritimomelilla.es\/clmar\/wp-content\/uploads\/MEMORIAL-ilca4-podio-jpg.webp\" class=\"attachment-full size-full\" alt=\"\" srcset=\"https:\/\/www.realclubmaritimomelilla.es\/clmar\/wp-content\/uploads\/MEMORIAL-ilca4-podio-200x139.webp 200w, https:\/\/www.realclubmaritimomelilla.es\/clmar\/wp-content\/uploads\/MEMORIAL-ilca4-podio-300x209.webp 300w, https:\/\/www.realclubmaritimomelilla.es\/clmar\/wp-content\/uploads\/MEMORIAL-ilca4-podio-400x279.webp 400w, https:\/\/www.realclubmaritimomelilla.es\/clmar\/wp-content\/uploads\/MEMORIAL-ilca4-podio-600x418.webp 600w, https:\/\/www.realclubmaritimomelilla.es\/clmar\/wp-content\/uploads\/MEMORIAL-ilca4-podio-768x535.webp 768w, https:\/\/www.realclubmaritimomelilla.es\/clmar\/wp-content\/uploads\/MEMORIAL-ilca4-podio-800x557.webp 800w, https:\/\/www.realclubmaritimomelilla.es\/clmar\/wp-content\/uploads\/MEMORIAL-ilca4-podio-1024x713.webp 1024w, https:\/\/www.realclubmaritimomelilla.es\/clmar\/wp-content\/uploads\/MEMORIAL-ilca4-podio-1200x836.webp 1200w, https:\/\/www.realclubmaritimomelilla.es\/clmar\/wp-content\/uploads\/MEMORIAL-ilca4-podio-jpg.webp 1417w\" sizes=\"(max-width: 1417px) 100vw, 1417px\" \/><\/a>\n\t\t\t<\/dt><\/dl><br style=\"clear: both\" \/><dl class='gallery-item'>\n\t\t\t<dt class='gallery-icon landscape'>\n\t\t\t\t<a data-rel=\"iLightbox[postimages]\" data-title=\"MEMORIAL ilca6 1\u00ba\" data-caption=\"\" href='https:\/\/www.realclubmaritimomelilla.es\/clmar\/la-entrega-de-galardones-clausura-el-v-trofeo-club-maritimo-melilla-ciudad-del-deporte\/memorial-ilca6-1o\/'><img decoding=\"async\" width=\"2560\" height=\"1707\" src=\"https:\/\/www.realclubmaritimomelilla.es\/clmar\/wp-content\/uploads\/MEMORIAL-ilca6-1o-scaled.webp\" class=\"attachment-full size-full\" alt=\"\" srcset=\"https:\/\/www.realclubmaritimomelilla.es\/clmar\/wp-content\/uploads\/MEMORIAL-ilca6-1o-200x133.webp 200w, https:\/\/www.realclubmaritimomelilla.es\/clmar\/wp-content\/uploads\/MEMORIAL-ilca6-1o-300x200.webp 300w, https:\/\/www.realclubmaritimomelilla.es\/clmar\/wp-content\/uploads\/MEMORIAL-ilca6-1o-400x267.webp 400w, https:\/\/www.realclubmaritimomelilla.es\/clmar\/wp-content\/uploads\/MEMORIAL-ilca6-1o-600x400.webp 600w, https:\/\/www.realclubmaritimomelilla.es\/clmar\/wp-content\/uploads\/MEMORIAL-ilca6-1o-768x512.webp 768w, https:\/\/www.realclubmaritimomelilla.es\/clmar\/wp-content\/uploads\/MEMORIAL-ilca6-1o-800x533.webp 800w, https:\/\/www.realclubmaritimomelilla.es\/clmar\/wp-content\/uploads\/MEMORIAL-ilca6-1o-1024x683.webp 1024w, https:\/\/www.realclubmaritimomelilla.es\/clmar\/wp-content\/uploads\/MEMORIAL-ilca6-1o-1200x800.webp 1200w, https:\/\/www.realclubmaritimomelilla.es\/clmar\/wp-content\/uploads\/MEMORIAL-ilca6-1o-1536x1024.webp 1536w, https:\/\/www.realclubmaritimomelilla.es\/clmar\/wp-content\/uploads\/MEMORIAL-ilca6-1o-scaled.webp 2560w\" sizes=\"(max-width: 2560px) 100vw, 2560px\" \/><\/a>\n\t\t\t<\/dt><\/dl><dl class='gallery-item'>\n\t\t\t<dt class='gallery-icon landscape'>\n\t\t\t\t<a data-rel=\"iLightbox[postimages]\" data-title=\"MEMORIAL ilca6 2\u00ba\" data-caption=\"\" href='https:\/\/www.realclubmaritimomelilla.es\/clmar\/la-entrega-de-galardones-clausura-el-v-trofeo-club-maritimo-melilla-ciudad-del-deporte\/memorial-ilca6-2o\/'><img decoding=\"async\" width=\"2560\" height=\"1707\" src=\"https:\/\/www.realclubmaritimomelilla.es\/clmar\/wp-content\/uploads\/MEMORIAL-ilca6-2o-scaled.webp\" class=\"attachment-full size-full\" alt=\"\" srcset=\"https:\/\/www.realclubmaritimomelilla.es\/clmar\/wp-content\/uploads\/MEMORIAL-ilca6-2o-200x133.webp 200w, https:\/\/www.realclubmaritimomelilla.es\/clmar\/wp-content\/uploads\/MEMORIAL-ilca6-2o-300x200.webp 300w, https:\/\/www.realclubmaritimomelilla.es\/clmar\/wp-content\/uploads\/MEMORIAL-ilca6-2o-400x267.webp 400w, https:\/\/www.realclubmaritimomelilla.es\/clmar\/wp-content\/uploads\/MEMORIAL-ilca6-2o-600x400.webp 600w, https:\/\/www.realclubmaritimomelilla.es\/clmar\/wp-content\/uploads\/MEMORIAL-ilca6-2o-768x512.webp 768w, https:\/\/www.realclubmaritimomelilla.es\/clmar\/wp-content\/uploads\/MEMORIAL-ilca6-2o-800x533.webp 800w, https:\/\/www.realclubmaritimomelilla.es\/clmar\/wp-content\/uploads\/MEMORIAL-ilca6-2o-1024x683.webp 1024w, https:\/\/www.realclubmaritimomelilla.es\/clmar\/wp-content\/uploads\/MEMORIAL-ilca6-2o-1200x800.webp 1200w, https:\/\/www.realclubmaritimomelilla.es\/clmar\/wp-content\/uploads\/MEMORIAL-ilca6-2o-1536x1024.webp 1536w, https:\/\/www.realclubmaritimomelilla.es\/clmar\/wp-content\/uploads\/MEMORIAL-ilca6-2o-scaled.webp 2560w\" sizes=\"(max-width: 2560px) 100vw, 2560px\" \/><\/a>\n\t\t\t<\/dt><\/dl><dl class='gallery-item'>\n\t\t\t<dt class='gallery-icon landscape'>\n\t\t\t\t<a data-rel=\"iLightbox[postimages]\" data-title=\"MEMORIAL ilca6 3\u00ba\" data-caption=\"\" href='https:\/\/www.realclubmaritimomelilla.es\/clmar\/la-entrega-de-galardones-clausura-el-v-trofeo-club-maritimo-melilla-ciudad-del-deporte\/memorial-ilca6-3o\/'><img decoding=\"async\" width=\"2560\" height=\"1707\" src=\"https:\/\/www.realclubmaritimomelilla.es\/clmar\/wp-content\/uploads\/MEMORIAL-ilca6-3o-scaled.webp\" class=\"attachment-full size-full\" alt=\"\" srcset=\"https:\/\/www.realclubmaritimomelilla.es\/clmar\/wp-content\/uploads\/MEMORIAL-ilca6-3o-200x133.webp 200w, https:\/\/www.realclubmaritimomelilla.es\/clmar\/wp-content\/uploads\/MEMORIAL-ilca6-3o-300x200.webp 300w, https:\/\/www.realclubmaritimomelilla.es\/clmar\/wp-content\/uploads\/MEMORIAL-ilca6-3o-400x267.webp 400w, https:\/\/www.realclubmaritimomelilla.es\/clmar\/wp-content\/uploads\/MEMORIAL-ilca6-3o-600x400.webp 600w, https:\/\/www.realclubmaritimomelilla.es\/clmar\/wp-content\/uploads\/MEMORIAL-ilca6-3o-768x512.webp 768w, https:\/\/www.realclubmaritimomelilla.es\/clmar\/wp-content\/uploads\/MEMORIAL-ilca6-3o-800x533.webp 800w, https:\/\/www.realclubmaritimomelilla.es\/clmar\/wp-content\/uploads\/MEMORIAL-ilca6-3o-1024x683.webp 1024w, https:\/\/www.realclubmaritimomelilla.es\/clmar\/wp-content\/uploads\/MEMORIAL-ilca6-3o-1200x800.webp 1200w, https:\/\/www.realclubmaritimomelilla.es\/clmar\/wp-content\/uploads\/MEMORIAL-ilca6-3o-1536x1024.webp 1536w, https:\/\/www.realclubmaritimomelilla.es\/clmar\/wp-content\/uploads\/MEMORIAL-ilca6-3o-scaled.webp 2560w\" sizes=\"(max-width: 2560px) 100vw, 2560px\" \/><\/a>\n\t\t\t<\/dt><\/dl><br style=\"clear: both\" \/><dl class='gallery-item'>\n\t\t\t<dt class='gallery-icon landscape'>\n\t\t\t\t<a data-rel=\"iLightbox[postimages]\" data-title=\"MEMORIAL ilca6 podio\" data-caption=\"\" href='https:\/\/www.realclubmaritimomelilla.es\/clmar\/la-entrega-de-galardones-clausura-el-v-trofeo-club-maritimo-melilla-ciudad-del-deporte\/memorial-ilca6-podio\/'><img decoding=\"async\" width=\"1417\" height=\"1009\" src=\"https:\/\/www.realclubmaritimomelilla.es\/clmar\/wp-content\/uploads\/MEMORIAL-ilca6-podio-jpg.webp\" class=\"attachment-full size-full\" alt=\"\" srcset=\"https:\/\/www.realclubmaritimomelilla.es\/clmar\/wp-content\/uploads\/MEMORIAL-ilca6-podio-200x142.webp 200w, https:\/\/www.realclubmaritimomelilla.es\/clmar\/wp-content\/uploads\/MEMORIAL-ilca6-podio-300x214.webp 300w, https:\/\/www.realclubmaritimomelilla.es\/clmar\/wp-content\/uploads\/MEMORIAL-ilca6-podio-400x285.webp 400w, https:\/\/www.realclubmaritimomelilla.es\/clmar\/wp-content\/uploads\/MEMORIAL-ilca6-podio-600x427.webp 600w, https:\/\/www.realclubmaritimomelilla.es\/clmar\/wp-content\/uploads\/MEMORIAL-ilca6-podio-768x547.webp 768w, https:\/\/www.realclubmaritimomelilla.es\/clmar\/wp-content\/uploads\/MEMORIAL-ilca6-podio-800x570.webp 800w, https:\/\/www.realclubmaritimomelilla.es\/clmar\/wp-content\/uploads\/MEMORIAL-ilca6-podio-1024x729.webp 1024w, https:\/\/www.realclubmaritimomelilla.es\/clmar\/wp-content\/uploads\/MEMORIAL-ilca6-podio-1200x854.webp 1200w, https:\/\/www.realclubmaritimomelilla.es\/clmar\/wp-content\/uploads\/MEMORIAL-ilca6-podio-jpg.webp 1417w\" sizes=\"(max-width: 1417px) 100vw, 1417px\" \/><\/a>\n\t\t\t<\/dt><\/dl><dl class='gallery-item'>\n\t\t\t<dt class='gallery-icon landscape'>\n\t\t\t\t<a data-rel=\"iLightbox[postimages]\" data-title=\"MEMORIAL optimist 1\u00ba\" data-caption=\"\" href='https:\/\/www.realclubmaritimomelilla.es\/clmar\/la-entrega-de-galardones-clausura-el-v-trofeo-club-maritimo-melilla-ciudad-del-deporte\/memorial-optimist-1o\/'><img decoding=\"async\" width=\"2560\" height=\"1707\" src=\"https:\/\/www.realclubmaritimomelilla.es\/clmar\/wp-content\/uploads\/MEMORIAL-optimist-1o-scaled.webp\" class=\"attachment-full size-full\" alt=\"\" srcset=\"https:\/\/www.realclubmaritimomelilla.es\/clmar\/wp-content\/uploads\/MEMORIAL-optimist-1o-200x133.webp 200w, https:\/\/www.realclubmaritimomelilla.es\/clmar\/wp-content\/uploads\/MEMORIAL-optimist-1o-300x200.webp 300w, https:\/\/www.realclubmaritimomelilla.es\/clmar\/wp-content\/uploads\/MEMORIAL-optimist-1o-400x267.webp 400w, https:\/\/www.realclubmaritimomelilla.es\/clmar\/wp-content\/uploads\/MEMORIAL-optimist-1o-600x400.webp 600w, https:\/\/www.realclubmaritimomelilla.es\/clmar\/wp-content\/uploads\/MEMORIAL-optimist-1o-768x512.webp 768w, https:\/\/www.realclubmaritimomelilla.es\/clmar\/wp-content\/uploads\/MEMORIAL-optimist-1o-800x533.webp 800w, https:\/\/www.realclubmaritimomelilla.es\/clmar\/wp-content\/uploads\/MEMORIAL-optimist-1o-1024x683.webp 1024w, https:\/\/www.realclubmaritimomelilla.es\/clmar\/wp-content\/uploads\/MEMORIAL-optimist-1o-1200x800.webp 1200w, https:\/\/www.realclubmaritimomelilla.es\/clmar\/wp-content\/uploads\/MEMORIAL-optimist-1o-1536x1024.webp 1536w, https:\/\/www.realclubmaritimomelilla.es\/clmar\/wp-content\/uploads\/MEMORIAL-optimist-1o-scaled.webp 2560w\" sizes=\"(max-width: 2560px) 100vw, 2560px\" \/><\/a>\n\t\t\t<\/dt><\/dl><dl class='gallery-item'>\n\t\t\t<dt class='gallery-icon landscape'>\n\t\t\t\t<a data-rel=\"iLightbox[postimages]\" data-title=\"MEMORIAL optimist 2\u00ba\" data-caption=\"\" href='https:\/\/www.realclubmaritimomelilla.es\/clmar\/la-entrega-de-galardones-clausura-el-v-trofeo-club-maritimo-melilla-ciudad-del-deporte\/memorial-optimist-2o\/'><img decoding=\"async\" width=\"2560\" height=\"1707\" src=\"https:\/\/www.realclubmaritimomelilla.es\/clmar\/wp-content\/uploads\/MEMORIAL-optimist-2o-scaled.webp\" class=\"attachment-full size-full\" alt=\"\" srcset=\"https:\/\/www.realclubmaritimomelilla.es\/clmar\/wp-content\/uploads\/MEMORIAL-optimist-2o-200x133.webp 200w, https:\/\/www.realclubmaritimomelilla.es\/clmar\/wp-content\/uploads\/MEMORIAL-optimist-2o-300x200.webp 300w, https:\/\/www.realclubmaritimomelilla.es\/clmar\/wp-content\/uploads\/MEMORIAL-optimist-2o-400x267.webp 400w, https:\/\/www.realclubmaritimomelilla.es\/clmar\/wp-content\/uploads\/MEMORIAL-optimist-2o-600x400.webp 600w, https:\/\/www.realclubmaritimomelilla.es\/clmar\/wp-content\/uploads\/MEMORIAL-optimist-2o-768x512.webp 768w, https:\/\/www.realclubmaritimomelilla.es\/clmar\/wp-content\/uploads\/MEMORIAL-optimist-2o-800x533.webp 800w, https:\/\/www.realclubmaritimomelilla.es\/clmar\/wp-content\/uploads\/MEMORIAL-optimist-2o-1024x683.webp 1024w, https:\/\/www.realclubmaritimomelilla.es\/clmar\/wp-content\/uploads\/MEMORIAL-optimist-2o-1200x800.webp 1200w, https:\/\/www.realclubmaritimomelilla.es\/clmar\/wp-content\/uploads\/MEMORIAL-optimist-2o-1536x1024.webp 1536w, https:\/\/www.realclubmaritimomelilla.es\/clmar\/wp-content\/uploads\/MEMORIAL-optimist-2o-scaled.webp 2560w\" sizes=\"(max-width: 2560px) 100vw, 2560px\" \/><\/a>\n\t\t\t<\/dt><\/dl><br style=\"clear: both\" \/><dl class='gallery-item'>\n\t\t\t<dt class='gallery-icon landscape'>\n\t\t\t\t<a data-rel=\"iLightbox[postimages]\" data-title=\"MEMORIAL optimist 3\u00ba\" data-caption=\"\" href='https:\/\/www.realclubmaritimomelilla.es\/clmar\/la-entrega-de-galardones-clausura-el-v-trofeo-club-maritimo-melilla-ciudad-del-deporte\/memorial-optimist-3o\/'><img decoding=\"async\" width=\"2560\" height=\"1707\" src=\"https:\/\/www.realclubmaritimomelilla.es\/clmar\/wp-content\/uploads\/MEMORIAL-optimist-3o-scaled.webp\" class=\"attachment-full size-full\" alt=\"\" srcset=\"https:\/\/www.realclubmaritimomelilla.es\/clmar\/wp-content\/uploads\/MEMORIAL-optimist-3o-200x133.webp 200w, https:\/\/www.realclubmaritimomelilla.es\/clmar\/wp-content\/uploads\/MEMORIAL-optimist-3o-300x200.webp 300w, https:\/\/www.realclubmaritimomelilla.es\/clmar\/wp-content\/uploads\/MEMORIAL-optimist-3o-400x267.webp 400w, https:\/\/www.realclubmaritimomelilla.es\/clmar\/wp-content\/uploads\/MEMORIAL-optimist-3o-600x400.webp 600w, https:\/\/www.realclubmaritimomelilla.es\/clmar\/wp-content\/uploads\/MEMORIAL-optimist-3o-768x512.webp 768w, https:\/\/www.realclubmaritimomelilla.es\/clmar\/wp-content\/uploads\/MEMORIAL-optimist-3o-800x533.webp 800w, https:\/\/www.realclubmaritimomelilla.es\/clmar\/wp-content\/uploads\/MEMORIAL-optimist-3o-1024x683.webp 1024w, https:\/\/www.realclubmaritimomelilla.es\/clmar\/wp-content\/uploads\/MEMORIAL-optimist-3o-1200x800.webp 1200w, https:\/\/www.realclubmaritimomelilla.es\/clmar\/wp-content\/uploads\/MEMORIAL-optimist-3o-1536x1024.webp 1536w, https:\/\/www.realclubmaritimomelilla.es\/clmar\/wp-content\/uploads\/MEMORIAL-optimist-3o-scaled.webp 2560w\" sizes=\"(max-width: 2560px) 100vw, 2560px\" \/><\/a>\n\t\t\t<\/dt><\/dl><dl class='gallery-item'>\n\t\t\t<dt class='gallery-icon landscape'>\n\t\t\t\t<a data-rel=\"iLightbox[postimages]\" data-title=\"MEMORIAL optmist podio\" data-caption=\"\" href='https:\/\/www.realclubmaritimomelilla.es\/clmar\/la-entrega-de-galardones-clausura-el-v-trofeo-club-maritimo-melilla-ciudad-del-deporte\/memorial-optmist-podio\/'><img decoding=\"async\" width=\"1417\" height=\"1034\" src=\"https:\/\/www.realclubmaritimomelilla.es\/clmar\/wp-content\/uploads\/MEMORIAL-optmist-podio-jpg.webp\" class=\"attachment-full size-full\" alt=\"\" srcset=\"https:\/\/www.realclubmaritimomelilla.es\/clmar\/wp-content\/uploads\/MEMORIAL-optmist-podio-200x146.webp 200w, https:\/\/www.realclubmaritimomelilla.es\/clmar\/wp-content\/uploads\/MEMORIAL-optmist-podio-300x219.webp 300w, https:\/\/www.realclubmaritimomelilla.es\/clmar\/wp-content\/uploads\/MEMORIAL-optmist-podio-400x292.webp 400w, https:\/\/www.realclubmaritimomelilla.es\/clmar\/wp-content\/uploads\/MEMORIAL-optmist-podio-600x438.webp 600w, https:\/\/www.realclubmaritimomelilla.es\/clmar\/wp-content\/uploads\/MEMORIAL-optmist-podio-768x560.webp 768w, https:\/\/www.realclubmaritimomelilla.es\/clmar\/wp-content\/uploads\/MEMORIAL-optmist-podio-800x584.webp 800w, https:\/\/www.realclubmaritimomelilla.es\/clmar\/wp-content\/uploads\/MEMORIAL-optmist-podio-1024x747.webp 1024w, https:\/\/www.realclubmaritimomelilla.es\/clmar\/wp-content\/uploads\/MEMORIAL-optmist-podio-1200x876.webp 1200w, https:\/\/www.realclubmaritimomelilla.es\/clmar\/wp-content\/uploads\/MEMORIAL-optmist-podio-jpg.webp 1417w\" sizes=\"(max-width: 1417px) 100vw, 1417px\" \/><\/a>\n\t\t\t<\/dt><\/dl><dl class='gallery-item'>\n\t\t\t<dt class='gallery-icon landscape'>\n\t\t\t\t<a data-rel=\"iLightbox[postimages]\" data-title=\"TROFEO ilca4 1\u00aa femenina\" data-caption=\"\" href='https:\/\/www.realclubmaritimomelilla.es\/clmar\/la-entrega-de-galardones-clausura-el-v-trofeo-club-maritimo-melilla-ciudad-del-deporte\/trofeo-ilca4-1a-femenina\/'><img decoding=\"async\" width=\"2560\" height=\"1707\" src=\"https:\/\/www.realclubmaritimomelilla.es\/clmar\/wp-content\/uploads\/TROFEO-ilca4-1a-femenina-scaled.webp\" class=\"attachment-full size-full\" alt=\"\" srcset=\"https:\/\/www.realclubmaritimomelilla.es\/clmar\/wp-content\/uploads\/TROFEO-ilca4-1a-femenina-200x133.webp 200w, https:\/\/www.realclubmaritimomelilla.es\/clmar\/wp-content\/uploads\/TROFEO-ilca4-1a-femenina-300x200.webp 300w, https:\/\/www.realclubmaritimomelilla.es\/clmar\/wp-content\/uploads\/TROFEO-ilca4-1a-femenina-400x267.webp 400w, https:\/\/www.realclubmaritimomelilla.es\/clmar\/wp-content\/uploads\/TROFEO-ilca4-1a-femenina-600x400.webp 600w, https:\/\/www.realclubmaritimomelilla.es\/clmar\/wp-content\/uploads\/TROFEO-ilca4-1a-femenina-768x512.webp 768w, https:\/\/www.realclubmaritimomelilla.es\/clmar\/wp-content\/uploads\/TROFEO-ilca4-1a-femenina-800x533.webp 800w, https:\/\/www.realclubmaritimomelilla.es\/clmar\/wp-content\/uploads\/TROFEO-ilca4-1a-femenina-1024x683.webp 1024w, https:\/\/www.realclubmaritimomelilla.es\/clmar\/wp-content\/uploads\/TROFEO-ilca4-1a-femenina-1200x800.webp 1200w, https:\/\/www.realclubmaritimomelilla.es\/clmar\/wp-content\/uploads\/TROFEO-ilca4-1a-femenina-1536x1024.webp 1536w, https:\/\/www.realclubmaritimomelilla.es\/clmar\/wp-content\/uploads\/TROFEO-ilca4-1a-femenina-scaled.webp 2560w\" sizes=\"(max-width: 2560px) 100vw, 2560px\" \/><\/a>\n\t\t\t<\/dt><\/dl><br style=\"clear: both\" \/><dl class='gallery-item'>\n\t\t\t<dt class='gallery-icon landscape'>\n\t\t\t\t<a data-rel=\"iLightbox[postimages]\" data-title=\"TROFEO ilca4 1\u00ba masculino\" data-caption=\"\" href='https:\/\/www.realclubmaritimomelilla.es\/clmar\/la-entrega-de-galardones-clausura-el-v-trofeo-club-maritimo-melilla-ciudad-del-deporte\/trofeo-ilca4-1o-masculino\/'><img decoding=\"async\" width=\"2560\" height=\"1707\" src=\"https:\/\/www.realclubmaritimomelilla.es\/clmar\/wp-content\/uploads\/TROFEO-ilca4-1o-masculino-scaled.webp\" class=\"attachment-full size-full\" alt=\"\" srcset=\"https:\/\/www.realclubmaritimomelilla.es\/clmar\/wp-content\/uploads\/TROFEO-ilca4-1o-masculino-200x133.webp 200w, https:\/\/www.realclubmaritimomelilla.es\/clmar\/wp-content\/uploads\/TROFEO-ilca4-1o-masculino-300x200.webp 300w, https:\/\/www.realclubmaritimomelilla.es\/clmar\/wp-content\/uploads\/TROFEO-ilca4-1o-masculino-400x267.webp 400w, https:\/\/www.realclubmaritimomelilla.es\/clmar\/wp-content\/uploads\/TROFEO-ilca4-1o-masculino-600x400.webp 600w, https:\/\/www.realclubmaritimomelilla.es\/clmar\/wp-content\/uploads\/TROFEO-ilca4-1o-masculino-768x512.webp 768w, https:\/\/www.realclubmaritimomelilla.es\/clmar\/wp-content\/uploads\/TROFEO-ilca4-1o-masculino-800x533.webp 800w, https:\/\/www.realclubmaritimomelilla.es\/clmar\/wp-content\/uploads\/TROFEO-ilca4-1o-masculino-1024x683.webp 1024w, https:\/\/www.realclubmaritimomelilla.es\/clmar\/wp-content\/uploads\/TROFEO-ilca4-1o-masculino-1200x800.webp 1200w, https:\/\/www.realclubmaritimomelilla.es\/clmar\/wp-content\/uploads\/TROFEO-ilca4-1o-masculino-1536x1024.webp 1536w, https:\/\/www.realclubmaritimomelilla.es\/clmar\/wp-content\/uploads\/TROFEO-ilca4-1o-masculino-scaled.webp 2560w\" sizes=\"(max-width: 2560px) 100vw, 2560px\" \/><\/a>\n\t\t\t<\/dt><\/dl><dl class='gallery-item'>\n\t\t\t<dt class='gallery-icon landscape'>\n\t\t\t\t<a data-rel=\"iLightbox[postimages]\" data-title=\"TROFEO ilca4 2\u00aa femenina\" data-caption=\"\" href='https:\/\/www.realclubmaritimomelilla.es\/clmar\/la-entrega-de-galardones-clausura-el-v-trofeo-club-maritimo-melilla-ciudad-del-deporte\/trofeo-ilca4-2a-femenina\/'><img decoding=\"async\" width=\"2560\" height=\"1707\" src=\"https:\/\/www.realclubmaritimomelilla.es\/clmar\/wp-content\/uploads\/TROFEO-ilca4-2a-femenina-scaled.webp\" class=\"attachment-full size-full\" alt=\"\" srcset=\"https:\/\/www.realclubmaritimomelilla.es\/clmar\/wp-content\/uploads\/TROFEO-ilca4-2a-femenina-200x133.webp 200w, https:\/\/www.realclubmaritimomelilla.es\/clmar\/wp-content\/uploads\/TROFEO-ilca4-2a-femenina-300x200.webp 300w, https:\/\/www.realclubmaritimomelilla.es\/clmar\/wp-content\/uploads\/TROFEO-ilca4-2a-femenina-400x267.webp 400w, https:\/\/www.realclubmaritimomelilla.es\/clmar\/wp-content\/uploads\/TROFEO-ilca4-2a-femenina-600x400.webp 600w, https:\/\/www.realclubmaritimomelilla.es\/clmar\/wp-content\/uploads\/TROFEO-ilca4-2a-femenina-768x512.webp 768w, https:\/\/www.realclubmaritimomelilla.es\/clmar\/wp-content\/uploads\/TROFEO-ilca4-2a-femenina-800x533.webp 800w, https:\/\/www.realclubmaritimomelilla.es\/clmar\/wp-content\/uploads\/TROFEO-ilca4-2a-femenina-1024x683.webp 1024w, https:\/\/www.realclubmaritimomelilla.es\/clmar\/wp-content\/uploads\/TROFEO-ilca4-2a-femenina-1200x800.webp 1200w, https:\/\/www.realclubmaritimomelilla.es\/clmar\/wp-content\/uploads\/TROFEO-ilca4-2a-femenina-1536x1024.webp 1536w, https:\/\/www.realclubmaritimomelilla.es\/clmar\/wp-content\/uploads\/TROFEO-ilca4-2a-femenina-scaled.webp 2560w\" sizes=\"(max-width: 2560px) 100vw, 2560px\" \/><\/a>\n\t\t\t<\/dt><\/dl><dl class='gallery-item'>\n\t\t\t<dt class='gallery-icon landscape'>\n\t\t\t\t<a data-rel=\"iLightbox[postimages]\" data-title=\"TROFEO ilca4 2\u00ba masculino\" data-caption=\"\" href='https:\/\/www.realclubmaritimomelilla.es\/clmar\/la-entrega-de-galardones-clausura-el-v-trofeo-club-maritimo-melilla-ciudad-del-deporte\/trofeo-ilca4-2o-masculino\/'><img decoding=\"async\" width=\"2560\" height=\"1707\" src=\"https:\/\/www.realclubmaritimomelilla.es\/clmar\/wp-content\/uploads\/TROFEO-ilca4-2o-masculino-scaled.webp\" class=\"attachment-full size-full\" alt=\"\" srcset=\"https:\/\/www.realclubmaritimomelilla.es\/clmar\/wp-content\/uploads\/TROFEO-ilca4-2o-masculino-200x133.webp 200w, https:\/\/www.realclubmaritimomelilla.es\/clmar\/wp-content\/uploads\/TROFEO-ilca4-2o-masculino-300x200.webp 300w, https:\/\/www.realclubmaritimomelilla.es\/clmar\/wp-content\/uploads\/TROFEO-ilca4-2o-masculino-400x267.webp 400w, https:\/\/www.realclubmaritimomelilla.es\/clmar\/wp-content\/uploads\/TROFEO-ilca4-2o-masculino-600x400.webp 600w, https:\/\/www.realclubmaritimomelilla.es\/clmar\/wp-content\/uploads\/TROFEO-ilca4-2o-masculino-768x512.webp 768w, https:\/\/www.realclubmaritimomelilla.es\/clmar\/wp-content\/uploads\/TROFEO-ilca4-2o-masculino-800x533.webp 800w, https:\/\/www.realclubmaritimomelilla.es\/clmar\/wp-content\/uploads\/TROFEO-ilca4-2o-masculino-1024x683.webp 1024w, https:\/\/www.realclubmaritimomelilla.es\/clmar\/wp-content\/uploads\/TROFEO-ilca4-2o-masculino-1200x800.webp 1200w, https:\/\/www.realclubmaritimomelilla.es\/clmar\/wp-content\/uploads\/TROFEO-ilca4-2o-masculino-1536x1024.webp 1536w, https:\/\/www.realclubmaritimomelilla.es\/clmar\/wp-content\/uploads\/TROFEO-ilca4-2o-masculino-scaled.webp 2560w\" sizes=\"(max-width: 2560px) 100vw, 2560px\" \/><\/a>\n\t\t\t<\/dt><\/dl><br style=\"clear: both\" \/><dl class='gallery-item'>\n\t\t\t<dt class='gallery-icon landscape'>\n\t\t\t\t<a data-rel=\"iLightbox[postimages]\" data-title=\"TROFEO ilca4 3\u00aa femenina\" data-caption=\"\" href='https:\/\/www.realclubmaritimomelilla.es\/clmar\/la-entrega-de-galardones-clausura-el-v-trofeo-club-maritimo-melilla-ciudad-del-deporte\/trofeo-ilca4-3a-femenina\/'><img decoding=\"async\" width=\"2560\" height=\"1707\" src=\"https:\/\/www.realclubmaritimomelilla.es\/clmar\/wp-content\/uploads\/TROFEO-ilca4-3a-femenina-scaled.webp\" class=\"attachment-full size-full\" alt=\"\" srcset=\"https:\/\/www.realclubmaritimomelilla.es\/clmar\/wp-content\/uploads\/TROFEO-ilca4-3a-femenina-200x133.webp 200w, https:\/\/www.realclubmaritimomelilla.es\/clmar\/wp-content\/uploads\/TROFEO-ilca4-3a-femenina-300x200.webp 300w, https:\/\/www.realclubmaritimomelilla.es\/clmar\/wp-content\/uploads\/TROFEO-ilca4-3a-femenina-400x267.webp 400w, https:\/\/www.realclubmaritimomelilla.es\/clmar\/wp-content\/uploads\/TROFEO-ilca4-3a-femenina-600x400.webp 600w, https:\/\/www.realclubmaritimomelilla.es\/clmar\/wp-content\/uploads\/TROFEO-ilca4-3a-femenina-768x512.webp 768w, https:\/\/www.realclubmaritimomelilla.es\/clmar\/wp-content\/uploads\/TROFEO-ilca4-3a-femenina-800x533.webp 800w, https:\/\/www.realclubmaritimomelilla.es\/clmar\/wp-content\/uploads\/TROFEO-ilca4-3a-femenina-1024x683.webp 1024w, https:\/\/www.realclubmaritimomelilla.es\/clmar\/wp-content\/uploads\/TROFEO-ilca4-3a-femenina-1200x800.webp 1200w, https:\/\/www.realclubmaritimomelilla.es\/clmar\/wp-content\/uploads\/TROFEO-ilca4-3a-femenina-1536x1024.webp 1536w, https:\/\/www.realclubmaritimomelilla.es\/clmar\/wp-content\/uploads\/TROFEO-ilca4-3a-femenina-scaled.webp 2560w\" sizes=\"(max-width: 2560px) 100vw, 2560px\" \/><\/a>\n\t\t\t<\/dt><\/dl><dl class='gallery-item'>\n\t\t\t<dt class='gallery-icon landscape'>\n\t\t\t\t<a data-rel=\"iLightbox[postimages]\" data-title=\"TROFEO ilca4 3\u00ba masculino\" data-caption=\"\" href='https:\/\/www.realclubmaritimomelilla.es\/clmar\/la-entrega-de-galardones-clausura-el-v-trofeo-club-maritimo-melilla-ciudad-del-deporte\/trofeo-ilca4-3o-masculino\/'><img decoding=\"async\" width=\"2560\" height=\"1707\" src=\"https:\/\/www.realclubmaritimomelilla.es\/clmar\/wp-content\/uploads\/TROFEO-ilca4-3o-masculino-scaled.webp\" class=\"attachment-full size-full\" alt=\"\" srcset=\"https:\/\/www.realclubmaritimomelilla.es\/clmar\/wp-content\/uploads\/TROFEO-ilca4-3o-masculino-200x133.webp 200w, https:\/\/www.realclubmaritimomelilla.es\/clmar\/wp-content\/uploads\/TROFEO-ilca4-3o-masculino-300x200.webp 300w, https:\/\/www.realclubmaritimomelilla.es\/clmar\/wp-content\/uploads\/TROFEO-ilca4-3o-masculino-400x267.webp 400w, https:\/\/www.realclubmaritimomelilla.es\/clmar\/wp-content\/uploads\/TROFEO-ilca4-3o-masculino-600x400.webp 600w, https:\/\/www.realclubmaritimomelilla.es\/clmar\/wp-content\/uploads\/TROFEO-ilca4-3o-masculino-768x512.webp 768w, https:\/\/www.realclubmaritimomelilla.es\/clmar\/wp-content\/uploads\/TROFEO-ilca4-3o-masculino-800x533.webp 800w, https:\/\/www.realclubmaritimomelilla.es\/clmar\/wp-content\/uploads\/TROFEO-ilca4-3o-masculino-1024x683.webp 1024w, https:\/\/www.realclubmaritimomelilla.es\/clmar\/wp-content\/uploads\/TROFEO-ilca4-3o-masculino-1200x800.webp 1200w, https:\/\/www.realclubmaritimomelilla.es\/clmar\/wp-content\/uploads\/TROFEO-ilca4-3o-masculino-1536x1024.webp 1536w, https:\/\/www.realclubmaritimomelilla.es\/clmar\/wp-content\/uploads\/TROFEO-ilca4-3o-masculino-scaled.webp 2560w\" sizes=\"(max-width: 2560px) 100vw, 2560px\" \/><\/a>\n\t\t\t<\/dt><\/dl><dl class='gallery-item'>\n\t\t\t<dt class='gallery-icon landscape'>\n\t\t\t\t<a data-rel=\"iLightbox[postimages]\" data-title=\"TROFEO ilca4 femenina podio\" data-caption=\"\" href='https:\/\/www.realclubmaritimomelilla.es\/clmar\/la-entrega-de-galardones-clausura-el-v-trofeo-club-maritimo-melilla-ciudad-del-deporte\/trofeo-ilca4-femenina-podio\/'><img decoding=\"async\" width=\"1417\" height=\"1024\" src=\"https:\/\/www.realclubmaritimomelilla.es\/clmar\/wp-content\/uploads\/TROFEO-ilca4-femenina-podio-jpg.webp\" class=\"attachment-full size-full\" alt=\"\" srcset=\"https:\/\/www.realclubmaritimomelilla.es\/clmar\/wp-content\/uploads\/TROFEO-ilca4-femenina-podio-200x145.webp 200w, https:\/\/www.realclubmaritimomelilla.es\/clmar\/wp-content\/uploads\/TROFEO-ilca4-femenina-podio-300x217.webp 300w, https:\/\/www.realclubmaritimomelilla.es\/clmar\/wp-content\/uploads\/TROFEO-ilca4-femenina-podio-400x289.webp 400w, https:\/\/www.realclubmaritimomelilla.es\/clmar\/wp-content\/uploads\/TROFEO-ilca4-femenina-podio-600x434.webp 600w, https:\/\/www.realclubmaritimomelilla.es\/clmar\/wp-content\/uploads\/TROFEO-ilca4-femenina-podio-768x555.webp 768w, https:\/\/www.realclubmaritimomelilla.es\/clmar\/wp-content\/uploads\/TROFEO-ilca4-femenina-podio-800x578.webp 800w, https:\/\/www.realclubmaritimomelilla.es\/clmar\/wp-content\/uploads\/TROFEO-ilca4-femenina-podio-1024x740.webp 1024w, https:\/\/www.realclubmaritimomelilla.es\/clmar\/wp-content\/uploads\/TROFEO-ilca4-femenina-podio-1200x867.webp 1200w, https:\/\/www.realclubmaritimomelilla.es\/clmar\/wp-content\/uploads\/TROFEO-ilca4-femenina-podio-jpg.webp 1417w\" sizes=\"(max-width: 1417px) 100vw, 1417px\" \/><\/a>\n\t\t\t<\/dt><\/dl><br style=\"clear: both\" \/><dl class='gallery-item'>\n\t\t\t<dt class='gallery-icon landscape'>\n\t\t\t\t<a data-rel=\"iLightbox[postimages]\" data-title=\"TROFEO ilca4 masculino podio\" data-caption=\"\" href='https:\/\/www.realclubmaritimomelilla.es\/clmar\/la-entrega-de-galardones-clausura-el-v-trofeo-club-maritimo-melilla-ciudad-del-deporte\/trofeo-ilca4-masculino-podio\/'><img decoding=\"async\" width=\"1417\" height=\"1231\" src=\"https:\/\/www.realclubmaritimomelilla.es\/clmar\/wp-content\/uploads\/TROFEO-ilca4-masculino-podio-jpg.webp\" class=\"attachment-full size-full\" alt=\"\" srcset=\"https:\/\/www.realclubmaritimomelilla.es\/clmar\/wp-content\/uploads\/TROFEO-ilca4-masculino-podio-200x174.webp 200w, https:\/\/www.realclubmaritimomelilla.es\/clmar\/wp-content\/uploads\/TROFEO-ilca4-masculino-podio-300x261.webp 300w, https:\/\/www.realclubmaritimomelilla.es\/clmar\/wp-content\/uploads\/TROFEO-ilca4-masculino-podio-400x347.webp 400w, https:\/\/www.realclubmaritimomelilla.es\/clmar\/wp-content\/uploads\/TROFEO-ilca4-masculino-podio-600x521.webp 600w, https:\/\/www.realclubmaritimomelilla.es\/clmar\/wp-content\/uploads\/TROFEO-ilca4-masculino-podio-768x667.webp 768w, https:\/\/www.realclubmaritimomelilla.es\/clmar\/wp-content\/uploads\/TROFEO-ilca4-masculino-podio-800x695.webp 800w, https:\/\/www.realclubmaritimomelilla.es\/clmar\/wp-content\/uploads\/TROFEO-ilca4-masculino-podio-1024x890.webp 1024w, https:\/\/www.realclubmaritimomelilla.es\/clmar\/wp-content\/uploads\/TROFEO-ilca4-masculino-podio-1200x1042.webp 1200w, https:\/\/www.realclubmaritimomelilla.es\/clmar\/wp-content\/uploads\/TROFEO-ilca4-masculino-podio-jpg.webp 1417w\" sizes=\"(max-width: 1417px) 100vw, 1417px\" \/><\/a>\n\t\t\t<\/dt><\/dl><dl class='gallery-item'>\n\t\t\t<dt class='gallery-icon landscape'>\n\t\t\t\t<a data-rel=\"iLightbox[postimages]\" data-title=\"TROFEO ilca6 1\u00ba\" data-caption=\"\" href='https:\/\/www.realclubmaritimomelilla.es\/clmar\/la-entrega-de-galardones-clausura-el-v-trofeo-club-maritimo-melilla-ciudad-del-deporte\/trofeo-ilca6-1o\/'><img decoding=\"async\" width=\"2560\" height=\"1707\" src=\"https:\/\/www.realclubmaritimomelilla.es\/clmar\/wp-content\/uploads\/TROFEO-ilca6-1o-scaled.webp\" class=\"attachment-full size-full\" alt=\"\" srcset=\"https:\/\/www.realclubmaritimomelilla.es\/clmar\/wp-content\/uploads\/TROFEO-ilca6-1o-200x133.webp 200w, https:\/\/www.realclubmaritimomelilla.es\/clmar\/wp-content\/uploads\/TROFEO-ilca6-1o-300x200.webp 300w, https:\/\/www.realclubmaritimomelilla.es\/clmar\/wp-content\/uploads\/TROFEO-ilca6-1o-400x267.webp 400w, https:\/\/www.realclubmaritimomelilla.es\/clmar\/wp-content\/uploads\/TROFEO-ilca6-1o-600x400.webp 600w, https:\/\/www.realclubmaritimomelilla.es\/clmar\/wp-content\/uploads\/TROFEO-ilca6-1o-768x512.webp 768w, https:\/\/www.realclubmaritimomelilla.es\/clmar\/wp-content\/uploads\/TROFEO-ilca6-1o-800x533.webp 800w, https:\/\/www.realclubmaritimomelilla.es\/clmar\/wp-content\/uploads\/TROFEO-ilca6-1o-1024x683.webp 1024w, https:\/\/www.realclubmaritimomelilla.es\/clmar\/wp-content\/uploads\/TROFEO-ilca6-1o-1200x800.webp 1200w, https:\/\/www.realclubmaritimomelilla.es\/clmar\/wp-content\/uploads\/TROFEO-ilca6-1o-1536x1024.webp 1536w, https:\/\/www.realclubmaritimomelilla.es\/clmar\/wp-content\/uploads\/TROFEO-ilca6-1o-scaled.webp 2560w\" sizes=\"(max-width: 2560px) 100vw, 2560px\" \/><\/a>\n\t\t\t<\/dt><\/dl><dl class='gallery-item'>\n\t\t\t<dt class='gallery-icon landscape'>\n\t\t\t\t<a data-rel=\"iLightbox[postimages]\" data-title=\"TROFEO ilca6 2\u00ba\" data-caption=\"\" href='https:\/\/www.realclubmaritimomelilla.es\/clmar\/la-entrega-de-galardones-clausura-el-v-trofeo-club-maritimo-melilla-ciudad-del-deporte\/trofeo-ilca6-2o\/'><img decoding=\"async\" width=\"2560\" height=\"1707\" src=\"https:\/\/www.realclubmaritimomelilla.es\/clmar\/wp-content\/uploads\/TROFEO-ilca6-2o-scaled.webp\" class=\"attachment-full size-full\" alt=\"\" srcset=\"https:\/\/www.realclubmaritimomelilla.es\/clmar\/wp-content\/uploads\/TROFEO-ilca6-2o-200x133.webp 200w, https:\/\/www.realclubmaritimomelilla.es\/clmar\/wp-content\/uploads\/TROFEO-ilca6-2o-300x200.webp 300w, https:\/\/www.realclubmaritimomelilla.es\/clmar\/wp-content\/uploads\/TROFEO-ilca6-2o-400x267.webp 400w, https:\/\/www.realclubmaritimomelilla.es\/clmar\/wp-content\/uploads\/TROFEO-ilca6-2o-600x400.webp 600w, https:\/\/www.realclubmaritimomelilla.es\/clmar\/wp-content\/uploads\/TROFEO-ilca6-2o-768x512.webp 768w, https:\/\/www.realclubmaritimomelilla.es\/clmar\/wp-content\/uploads\/TROFEO-ilca6-2o-800x533.webp 800w, https:\/\/www.realclubmaritimomelilla.es\/clmar\/wp-content\/uploads\/TROFEO-ilca6-2o-1024x683.webp 1024w, https:\/\/www.realclubmaritimomelilla.es\/clmar\/wp-content\/uploads\/TROFEO-ilca6-2o-1200x800.webp 1200w, https:\/\/www.realclubmaritimomelilla.es\/clmar\/wp-content\/uploads\/TROFEO-ilca6-2o-1536x1024.webp 1536w, https:\/\/www.realclubmaritimomelilla.es\/clmar\/wp-content\/uploads\/TROFEO-ilca6-2o-scaled.webp 2560w\" sizes=\"(max-width: 2560px) 100vw, 2560px\" \/><\/a>\n\t\t\t<\/dt><\/dl><br style=\"clear: both\" \/><dl class='gallery-item'>\n\t\t\t<dt class='gallery-icon landscape'>\n\t\t\t\t<a data-rel=\"iLightbox[postimages]\" data-title=\"TROFEO ilca6 3\u00aa\" data-caption=\"\" href='https:\/\/www.realclubmaritimomelilla.es\/clmar\/la-entrega-de-galardones-clausura-el-v-trofeo-club-maritimo-melilla-ciudad-del-deporte\/trofeo-ilca6-3a\/'><img decoding=\"async\" width=\"2560\" height=\"1707\" src=\"https:\/\/www.realclubmaritimomelilla.es\/clmar\/wp-content\/uploads\/TROFEO-ilca6-3a-scaled.webp\" class=\"attachment-full size-full\" alt=\"\" srcset=\"https:\/\/www.realclubmaritimomelilla.es\/clmar\/wp-content\/uploads\/TROFEO-ilca6-3a-200x133.webp 200w, https:\/\/www.realclubmaritimomelilla.es\/clmar\/wp-content\/uploads\/TROFEO-ilca6-3a-300x200.webp 300w, https:\/\/www.realclubmaritimomelilla.es\/clmar\/wp-content\/uploads\/TROFEO-ilca6-3a-400x267.webp 400w, https:\/\/www.realclubmaritimomelilla.es\/clmar\/wp-content\/uploads\/TROFEO-ilca6-3a-600x400.webp 600w, https:\/\/www.realclubmaritimomelilla.es\/clmar\/wp-content\/uploads\/TROFEO-ilca6-3a-768x512.webp 768w, https:\/\/www.realclubmaritimomelilla.es\/clmar\/wp-content\/uploads\/TROFEO-ilca6-3a-800x533.webp 800w, https:\/\/www.realclubmaritimomelilla.es\/clmar\/wp-content\/uploads\/TROFEO-ilca6-3a-1024x683.webp 1024w, https:\/\/www.realclubmaritimomelilla.es\/clmar\/wp-content\/uploads\/TROFEO-ilca6-3a-1200x800.webp 1200w, https:\/\/www.realclubmaritimomelilla.es\/clmar\/wp-content\/uploads\/TROFEO-ilca6-3a-1536x1024.webp 1536w, https:\/\/www.realclubmaritimomelilla.es\/clmar\/wp-content\/uploads\/TROFEO-ilca6-3a-scaled.webp 2560w\" sizes=\"(max-width: 2560px) 100vw, 2560px\" \/><\/a>\n\t\t\t<\/dt><\/dl><dl class='gallery-item'>\n\t\t\t<dt class='gallery-icon landscape'>\n\t\t\t\t<a data-rel=\"iLightbox[postimages]\" data-title=\"TROFEO ilca6 podio\" data-caption=\"\" href='https:\/\/www.realclubmaritimomelilla.es\/clmar\/la-entrega-de-galardones-clausura-el-v-trofeo-club-maritimo-melilla-ciudad-del-deporte\/trofeo-ilca6-podio\/'><img decoding=\"async\" width=\"1417\" height=\"1169\" src=\"https:\/\/www.realclubmaritimomelilla.es\/clmar\/wp-content\/uploads\/TROFEO-ilca6-podio-jpg.webp\" class=\"attachment-full size-full\" alt=\"\" srcset=\"https:\/\/www.realclubmaritimomelilla.es\/clmar\/wp-content\/uploads\/TROFEO-ilca6-podio-200x165.webp 200w, https:\/\/www.realclubmaritimomelilla.es\/clmar\/wp-content\/uploads\/TROFEO-ilca6-podio-300x247.webp 300w, https:\/\/www.realclubmaritimomelilla.es\/clmar\/wp-content\/uploads\/TROFEO-ilca6-podio-400x330.webp 400w, https:\/\/www.realclubmaritimomelilla.es\/clmar\/wp-content\/uploads\/TROFEO-ilca6-podio-600x495.webp 600w, https:\/\/www.realclubmaritimomelilla.es\/clmar\/wp-content\/uploads\/TROFEO-ilca6-podio-768x634.webp 768w, https:\/\/www.realclubmaritimomelilla.es\/clmar\/wp-content\/uploads\/TROFEO-ilca6-podio-800x660.webp 800w, https:\/\/www.realclubmaritimomelilla.es\/clmar\/wp-content\/uploads\/TROFEO-ilca6-podio-1024x845.webp 1024w, https:\/\/www.realclubmaritimomelilla.es\/clmar\/wp-content\/uploads\/TROFEO-ilca6-podio-1200x990.webp 1200w, https:\/\/www.realclubmaritimomelilla.es\/clmar\/wp-content\/uploads\/TROFEO-ilca6-podio-jpg.webp 1417w\" sizes=\"(max-width: 1417px) 100vw, 1417px\" \/><\/a>\n\t\t\t<\/dt><\/dl><dl class='gallery-item'>\n\t\t\t<dt class='gallery-icon landscape'>\n\t\t\t\t<a data-rel=\"iLightbox[postimages]\" data-title=\"TROFEO optimist sub11 1\u00aa femenina\" data-caption=\"\" href='https:\/\/www.realclubmaritimomelilla.es\/clmar\/la-entrega-de-galardones-clausura-el-v-trofeo-club-maritimo-melilla-ciudad-del-deporte\/trofeo-optimist-sub11-1a-femenina\/'><img decoding=\"async\" width=\"2560\" height=\"1707\" src=\"https:\/\/www.realclubmaritimomelilla.es\/clmar\/wp-content\/uploads\/TROFEO-optimist-sub11-1a-femenina-scaled.webp\" class=\"attachment-full size-full\" alt=\"\" srcset=\"https:\/\/www.realclubmaritimomelilla.es\/clmar\/wp-content\/uploads\/TROFEO-optimist-sub11-1a-femenina-200x133.webp 200w, https:\/\/www.realclubmaritimomelilla.es\/clmar\/wp-content\/uploads\/TROFEO-optimist-sub11-1a-femenina-300x200.webp 300w, https:\/\/www.realclubmaritimomelilla.es\/clmar\/wp-content\/uploads\/TROFEO-optimist-sub11-1a-femenina-400x267.webp 400w, https:\/\/www.realclubmaritimomelilla.es\/clmar\/wp-content\/uploads\/TROFEO-optimist-sub11-1a-femenina-600x400.webp 600w, https:\/\/www.realclubmaritimomelilla.es\/clmar\/wp-content\/uploads\/TROFEO-optimist-sub11-1a-femenina-768x512.webp 768w, https:\/\/www.realclubmaritimomelilla.es\/clmar\/wp-content\/uploads\/TROFEO-optimist-sub11-1a-femenina-800x533.webp 800w, https:\/\/www.realclubmaritimomelilla.es\/clmar\/wp-content\/uploads\/TROFEO-optimist-sub11-1a-femenina-1024x683.webp 1024w, https:\/\/www.realclubmaritimomelilla.es\/clmar\/wp-content\/uploads\/TROFEO-optimist-sub11-1a-femenina-1200x800.webp 1200w, https:\/\/www.realclubmaritimomelilla.es\/clmar\/wp-content\/uploads\/TROFEO-optimist-sub11-1a-femenina-1536x1024.webp 1536w, https:\/\/www.realclubmaritimomelilla.es\/clmar\/wp-content\/uploads\/TROFEO-optimist-sub11-1a-femenina-scaled.webp 2560w\" sizes=\"(max-width: 2560px) 100vw, 2560px\" \/><\/a>\n\t\t\t<\/dt><\/dl><br style=\"clear: both\" \/><dl class='gallery-item'>\n\t\t\t<dt class='gallery-icon landscape'>\n\t\t\t\t<a data-rel=\"iLightbox[postimages]\" data-title=\"TROFEO optimist sub11 1\u00ba masculino\" data-caption=\"\" href='https:\/\/www.realclubmaritimomelilla.es\/clmar\/la-entrega-de-galardones-clausura-el-v-trofeo-club-maritimo-melilla-ciudad-del-deporte\/trofeo-optimist-sub11-1o-masculino\/'><img decoding=\"async\" width=\"2560\" height=\"1707\" src=\"https:\/\/www.realclubmaritimomelilla.es\/clmar\/wp-content\/uploads\/TROFEO-optimist-sub11-1o-masculino-scaled.webp\" class=\"attachment-full size-full\" alt=\"\" srcset=\"https:\/\/www.realclubmaritimomelilla.es\/clmar\/wp-content\/uploads\/TROFEO-optimist-sub11-1o-masculino-200x133.webp 200w, https:\/\/www.realclubmaritimomelilla.es\/clmar\/wp-content\/uploads\/TROFEO-optimist-sub11-1o-masculino-300x200.webp 300w, https:\/\/www.realclubmaritimomelilla.es\/clmar\/wp-content\/uploads\/TROFEO-optimist-sub11-1o-masculino-400x267.webp 400w, https:\/\/www.realclubmaritimomelilla.es\/clmar\/wp-content\/uploads\/TROFEO-optimist-sub11-1o-masculino-600x400.webp 600w, https:\/\/www.realclubmaritimomelilla.es\/clmar\/wp-content\/uploads\/TROFEO-optimist-sub11-1o-masculino-768x512.webp 768w, https:\/\/www.realclubmaritimomelilla.es\/clmar\/wp-content\/uploads\/TROFEO-optimist-sub11-1o-masculino-800x533.webp 800w, https:\/\/www.realclubmaritimomelilla.es\/clmar\/wp-content\/uploads\/TROFEO-optimist-sub11-1o-masculino-1024x683.webp 1024w, https:\/\/www.realclubmaritimomelilla.es\/clmar\/wp-content\/uploads\/TROFEO-optimist-sub11-1o-masculino-1200x800.webp 1200w, https:\/\/www.realclubmaritimomelilla.es\/clmar\/wp-content\/uploads\/TROFEO-optimist-sub11-1o-masculino-1536x1024.webp 1536w, https:\/\/www.realclubmaritimomelilla.es\/clmar\/wp-content\/uploads\/TROFEO-optimist-sub11-1o-masculino-scaled.webp 2560w\" sizes=\"(max-width: 2560px) 100vw, 2560px\" \/><\/a>\n\t\t\t<\/dt><\/dl><dl class='gallery-item'>\n\t\t\t<dt class='gallery-icon landscape'>\n\t\t\t\t<a data-rel=\"iLightbox[postimages]\" data-title=\"TROFEO optimist sub11 2\u00aa femenina\" data-caption=\"\" href='https:\/\/www.realclubmaritimomelilla.es\/clmar\/la-entrega-de-galardones-clausura-el-v-trofeo-club-maritimo-melilla-ciudad-del-deporte\/trofeo-optimist-sub11-2a-femenina\/'><img decoding=\"async\" width=\"2560\" height=\"1707\" src=\"https:\/\/www.realclubmaritimomelilla.es\/clmar\/wp-content\/uploads\/TROFEO-optimist-sub11-2a-femenina-scaled.webp\" class=\"attachment-full size-full\" alt=\"\" srcset=\"https:\/\/www.realclubmaritimomelilla.es\/clmar\/wp-content\/uploads\/TROFEO-optimist-sub11-2a-femenina-200x133.webp 200w, https:\/\/www.realclubmaritimomelilla.es\/clmar\/wp-content\/uploads\/TROFEO-optimist-sub11-2a-femenina-300x200.webp 300w, https:\/\/www.realclubmaritimomelilla.es\/clmar\/wp-content\/uploads\/TROFEO-optimist-sub11-2a-femenina-400x267.webp 400w, https:\/\/www.realclubmaritimomelilla.es\/clmar\/wp-content\/uploads\/TROFEO-optimist-sub11-2a-femenina-600x400.webp 600w, https:\/\/www.realclubmaritimomelilla.es\/clmar\/wp-content\/uploads\/TROFEO-optimist-sub11-2a-femenina-768x512.webp 768w, https:\/\/www.realclubmaritimomelilla.es\/clmar\/wp-content\/uploads\/TROFEO-optimist-sub11-2a-femenina-800x533.webp 800w, https:\/\/www.realclubmaritimomelilla.es\/clmar\/wp-content\/uploads\/TROFEO-optimist-sub11-2a-femenina-1024x683.webp 1024w, https:\/\/www.realclubmaritimomelilla.es\/clmar\/wp-content\/uploads\/TROFEO-optimist-sub11-2a-femenina-1200x800.webp 1200w, https:\/\/www.realclubmaritimomelilla.es\/clmar\/wp-content\/uploads\/TROFEO-optimist-sub11-2a-femenina-1536x1024.webp 1536w, https:\/\/www.realclubmaritimomelilla.es\/clmar\/wp-content\/uploads\/TROFEO-optimist-sub11-2a-femenina-scaled.webp 2560w\" sizes=\"(max-width: 2560px) 100vw, 2560px\" \/><\/a>\n\t\t\t<\/dt><\/dl><dl class='gallery-item'>\n\t\t\t<dt class='gallery-icon landscape'>\n\t\t\t\t<a data-rel=\"iLightbox[postimages]\" data-title=\"TROFEO optimist sub11 2\u00ba masculino\" data-caption=\"\" href='https:\/\/www.realclubmaritimomelilla.es\/clmar\/la-entrega-de-galardones-clausura-el-v-trofeo-club-maritimo-melilla-ciudad-del-deporte\/trofeo-optimist-sub11-2o-masculino\/'><img decoding=\"async\" width=\"2560\" height=\"1707\" src=\"https:\/\/www.realclubmaritimomelilla.es\/clmar\/wp-content\/uploads\/TROFEO-optimist-sub11-2o-masculino-scaled.webp\" class=\"attachment-full size-full\" alt=\"\" srcset=\"https:\/\/www.realclubmaritimomelilla.es\/clmar\/wp-content\/uploads\/TROFEO-optimist-sub11-2o-masculino-200x133.webp 200w, https:\/\/www.realclubmaritimomelilla.es\/clmar\/wp-content\/uploads\/TROFEO-optimist-sub11-2o-masculino-300x200.webp 300w, https:\/\/www.realclubmaritimomelilla.es\/clmar\/wp-content\/uploads\/TROFEO-optimist-sub11-2o-masculino-400x267.webp 400w, https:\/\/www.realclubmaritimomelilla.es\/clmar\/wp-content\/uploads\/TROFEO-optimist-sub11-2o-masculino-600x400.webp 600w, https:\/\/www.realclubmaritimomelilla.es\/clmar\/wp-content\/uploads\/TROFEO-optimist-sub11-2o-masculino-768x512.webp 768w, https:\/\/www.realclubmaritimomelilla.es\/clmar\/wp-content\/uploads\/TROFEO-optimist-sub11-2o-masculino-800x533.webp 800w, https:\/\/www.realclubmaritimomelilla.es\/clmar\/wp-content\/uploads\/TROFEO-optimist-sub11-2o-masculino-1024x683.webp 1024w, https:\/\/www.realclubmaritimomelilla.es\/clmar\/wp-content\/uploads\/TROFEO-optimist-sub11-2o-masculino-1200x800.webp 1200w, https:\/\/www.realclubmaritimomelilla.es\/clmar\/wp-content\/uploads\/TROFEO-optimist-sub11-2o-masculino-1536x1024.webp 1536w, https:\/\/www.realclubmaritimomelilla.es\/clmar\/wp-content\/uploads\/TROFEO-optimist-sub11-2o-masculino-scaled.webp 2560w\" sizes=\"(max-width: 2560px) 100vw, 2560px\" \/><\/a>\n\t\t\t<\/dt><\/dl><br style=\"clear: both\" \/><dl class='gallery-item'>\n\t\t\t<dt class='gallery-icon landscape'>\n\t\t\t\t<a data-rel=\"iLightbox[postimages]\" data-title=\"TROFEO optimist sub11 3\u00aa femenina\" data-caption=\"\" href='https:\/\/www.realclubmaritimomelilla.es\/clmar\/la-entrega-de-galardones-clausura-el-v-trofeo-club-maritimo-melilla-ciudad-del-deporte\/trofeo-optimist-sub11-3a-femenina\/'><img decoding=\"async\" width=\"2560\" height=\"1707\" src=\"https:\/\/www.realclubmaritimomelilla.es\/clmar\/wp-content\/uploads\/TROFEO-optimist-sub11-3a-femenina-scaled.webp\" class=\"attachment-full size-full\" alt=\"\" srcset=\"https:\/\/www.realclubmaritimomelilla.es\/clmar\/wp-content\/uploads\/TROFEO-optimist-sub11-3a-femenina-200x133.webp 200w, https:\/\/www.realclubmaritimomelilla.es\/clmar\/wp-content\/uploads\/TROFEO-optimist-sub11-3a-femenina-300x200.webp 300w, https:\/\/www.realclubmaritimomelilla.es\/clmar\/wp-content\/uploads\/TROFEO-optimist-sub11-3a-femenina-400x267.webp 400w, https:\/\/www.realclubmaritimomelilla.es\/clmar\/wp-content\/uploads\/TROFEO-optimist-sub11-3a-femenina-600x400.webp 600w, https:\/\/www.realclubmaritimomelilla.es\/clmar\/wp-content\/uploads\/TROFEO-optimist-sub11-3a-femenina-768x512.webp 768w, https:\/\/www.realclubmaritimomelilla.es\/clmar\/wp-content\/uploads\/TROFEO-optimist-sub11-3a-femenina-800x533.webp 800w, https:\/\/www.realclubmaritimomelilla.es\/clmar\/wp-content\/uploads\/TROFEO-optimist-sub11-3a-femenina-1024x683.webp 1024w, https:\/\/www.realclubmaritimomelilla.es\/clmar\/wp-content\/uploads\/TROFEO-optimist-sub11-3a-femenina-1200x800.webp 1200w, https:\/\/www.realclubmaritimomelilla.es\/clmar\/wp-content\/uploads\/TROFEO-optimist-sub11-3a-femenina-1536x1024.webp 1536w, https:\/\/www.realclubmaritimomelilla.es\/clmar\/wp-content\/uploads\/TROFEO-optimist-sub11-3a-femenina-scaled.webp 2560w\" sizes=\"(max-width: 2560px) 100vw, 2560px\" \/><\/a>\n\t\t\t<\/dt><\/dl><dl class='gallery-item'>\n\t\t\t<dt class='gallery-icon landscape'>\n\t\t\t\t<a data-rel=\"iLightbox[postimages]\" data-title=\"TROFEO optimist sub11 3\u00ba masculino\" data-caption=\"\" href='https:\/\/www.realclubmaritimomelilla.es\/clmar\/la-entrega-de-galardones-clausura-el-v-trofeo-club-maritimo-melilla-ciudad-del-deporte\/trofeo-optimist-sub11-3o-masculino\/'><img decoding=\"async\" width=\"2560\" height=\"1707\" src=\"https:\/\/www.realclubmaritimomelilla.es\/clmar\/wp-content\/uploads\/TROFEO-optimist-sub11-3o-masculino-scaled.webp\" class=\"attachment-full size-full\" alt=\"\" srcset=\"https:\/\/www.realclubmaritimomelilla.es\/clmar\/wp-content\/uploads\/TROFEO-optimist-sub11-3o-masculino-200x133.webp 200w, https:\/\/www.realclubmaritimomelilla.es\/clmar\/wp-content\/uploads\/TROFEO-optimist-sub11-3o-masculino-300x200.webp 300w, https:\/\/www.realclubmaritimomelilla.es\/clmar\/wp-content\/uploads\/TROFEO-optimist-sub11-3o-masculino-400x267.webp 400w, https:\/\/www.realclubmaritimomelilla.es\/clmar\/wp-content\/uploads\/TROFEO-optimist-sub11-3o-masculino-600x400.webp 600w, https:\/\/www.realclubmaritimomelilla.es\/clmar\/wp-content\/uploads\/TROFEO-optimist-sub11-3o-masculino-768x512.webp 768w, https:\/\/www.realclubmaritimomelilla.es\/clmar\/wp-content\/uploads\/TROFEO-optimist-sub11-3o-masculino-800x533.webp 800w, https:\/\/www.realclubmaritimomelilla.es\/clmar\/wp-content\/uploads\/TROFEO-optimist-sub11-3o-masculino-1024x683.webp 1024w, https:\/\/www.realclubmaritimomelilla.es\/clmar\/wp-content\/uploads\/TROFEO-optimist-sub11-3o-masculino-1200x800.webp 1200w, https:\/\/www.realclubmaritimomelilla.es\/clmar\/wp-content\/uploads\/TROFEO-optimist-sub11-3o-masculino-1536x1024.webp 1536w, https:\/\/www.realclubmaritimomelilla.es\/clmar\/wp-content\/uploads\/TROFEO-optimist-sub11-3o-masculino-scaled.webp 2560w\" sizes=\"(max-width: 2560px) 100vw, 2560px\" \/><\/a>\n\t\t\t<\/dt><\/dl><dl class='gallery-item'>\n\t\t\t<dt class='gallery-icon landscape'>\n\t\t\t\t<a data-rel=\"iLightbox[postimages]\" data-title=\"TROFEO optimist sub11 femenina podio\" data-caption=\"\" href='https:\/\/www.realclubmaritimomelilla.es\/clmar\/la-entrega-de-galardones-clausura-el-v-trofeo-club-maritimo-melilla-ciudad-del-deporte\/trofeo-optimist-sub11-femenina-podio\/'><img decoding=\"async\" width=\"1417\" height=\"1260\" src=\"https:\/\/www.realclubmaritimomelilla.es\/clmar\/wp-content\/uploads\/TROFEO-optimist-sub11-femenina-podio-jpg.webp\" class=\"attachment-full size-full\" alt=\"\" srcset=\"https:\/\/www.realclubmaritimomelilla.es\/clmar\/wp-content\/uploads\/TROFEO-optimist-sub11-femenina-podio-200x178.webp 200w, https:\/\/www.realclubmaritimomelilla.es\/clmar\/wp-content\/uploads\/TROFEO-optimist-sub11-femenina-podio-300x267.webp 300w, https:\/\/www.realclubmaritimomelilla.es\/clmar\/wp-content\/uploads\/TROFEO-optimist-sub11-femenina-podio-400x356.webp 400w, https:\/\/www.realclubmaritimomelilla.es\/clmar\/wp-content\/uploads\/TROFEO-optimist-sub11-femenina-podio-600x534.webp 600w, https:\/\/www.realclubmaritimomelilla.es\/clmar\/wp-content\/uploads\/TROFEO-optimist-sub11-femenina-podio-768x683.webp 768w, https:\/\/www.realclubmaritimomelilla.es\/clmar\/wp-content\/uploads\/TROFEO-optimist-sub11-femenina-podio-800x711.webp 800w, https:\/\/www.realclubmaritimomelilla.es\/clmar\/wp-content\/uploads\/TROFEO-optimist-sub11-femenina-podio-1024x911.webp 1024w, https:\/\/www.realclubmaritimomelilla.es\/clmar\/wp-content\/uploads\/TROFEO-optimist-sub11-femenina-podio-1200x1067.webp 1200w, https:\/\/www.realclubmaritimomelilla.es\/clmar\/wp-content\/uploads\/TROFEO-optimist-sub11-femenina-podio-jpg.webp 1417w\" sizes=\"(max-width: 1417px) 100vw, 1417px\" \/><\/a>\n\t\t\t<\/dt><\/dl><br style=\"clear: both\" \/><dl class='gallery-item'>\n\t\t\t<dt class='gallery-icon landscape'>\n\t\t\t\t<a data-rel=\"iLightbox[postimages]\" data-title=\"TROFEO optimist sub11 masculino podio\" data-caption=\"\" href='https:\/\/www.realclubmaritimomelilla.es\/clmar\/la-entrega-de-galardones-clausura-el-v-trofeo-club-maritimo-melilla-ciudad-del-deporte\/trofeo-optimist-sub11-masculino-podio\/'><img decoding=\"async\" width=\"1417\" height=\"1035\" src=\"https:\/\/www.realclubmaritimomelilla.es\/clmar\/wp-content\/uploads\/TROFEO-optimist-sub11-masculino-podio-jpg.webp\" class=\"attachment-full size-full\" alt=\"\" srcset=\"https:\/\/www.realclubmaritimomelilla.es\/clmar\/wp-content\/uploads\/TROFEO-optimist-sub11-masculino-podio-200x146.webp 200w, https:\/\/www.realclubmaritimomelilla.es\/clmar\/wp-content\/uploads\/TROFEO-optimist-sub11-masculino-podio-300x219.webp 300w, https:\/\/www.realclubmaritimomelilla.es\/clmar\/wp-content\/uploads\/TROFEO-optimist-sub11-masculino-podio-400x292.webp 400w, https:\/\/www.realclubmaritimomelilla.es\/clmar\/wp-content\/uploads\/TROFEO-optimist-sub11-masculino-podio-600x438.webp 600w, https:\/\/www.realclubmaritimomelilla.es\/clmar\/wp-content\/uploads\/TROFEO-optimist-sub11-masculino-podio-768x561.webp 768w, https:\/\/www.realclubmaritimomelilla.es\/clmar\/wp-content\/uploads\/TROFEO-optimist-sub11-masculino-podio-800x584.webp 800w, https:\/\/www.realclubmaritimomelilla.es\/clmar\/wp-content\/uploads\/TROFEO-optimist-sub11-masculino-podio-1024x748.webp 1024w, https:\/\/www.realclubmaritimomelilla.es\/clmar\/wp-content\/uploads\/TROFEO-optimist-sub11-masculino-podio-1200x876.webp 1200w, https:\/\/www.realclubmaritimomelilla.es\/clmar\/wp-content\/uploads\/TROFEO-optimist-sub11-masculino-podio-jpg.webp 1417w\" sizes=\"(max-width: 1417px) 100vw, 1417px\" \/><\/a>\n\t\t\t<\/dt><\/dl><dl class='gallery-item'>\n\t\t\t<dt class='gallery-icon landscape'>\n\t\t\t\t<a data-rel=\"iLightbox[postimages]\" data-title=\"TROFEO optimist sub13 1\u00aa femenina\" data-caption=\"\" href='https:\/\/www.realclubmaritimomelilla.es\/clmar\/la-entrega-de-galardones-clausura-el-v-trofeo-club-maritimo-melilla-ciudad-del-deporte\/trofeo-optimist-sub13-1a-femenina\/'><img decoding=\"async\" width=\"2560\" height=\"1707\" src=\"https:\/\/www.realclubmaritimomelilla.es\/clmar\/wp-content\/uploads\/TROFEO-optimist-sub13-1a-femenina-scaled.webp\" class=\"attachment-full size-full\" alt=\"\" srcset=\"https:\/\/www.realclubmaritimomelilla.es\/clmar\/wp-content\/uploads\/TROFEO-optimist-sub13-1a-femenina-200x133.webp 200w, https:\/\/www.realclubmaritimomelilla.es\/clmar\/wp-content\/uploads\/TROFEO-optimist-sub13-1a-femenina-300x200.webp 300w, https:\/\/www.realclubmaritimomelilla.es\/clmar\/wp-content\/uploads\/TROFEO-optimist-sub13-1a-femenina-400x267.webp 400w, https:\/\/www.realclubmaritimomelilla.es\/clmar\/wp-content\/uploads\/TROFEO-optimist-sub13-1a-femenina-600x400.webp 600w, https:\/\/www.realclubmaritimomelilla.es\/clmar\/wp-content\/uploads\/TROFEO-optimist-sub13-1a-femenina-768x512.webp 768w, https:\/\/www.realclubmaritimomelilla.es\/clmar\/wp-content\/uploads\/TROFEO-optimist-sub13-1a-femenina-800x533.webp 800w, https:\/\/www.realclubmaritimomelilla.es\/clmar\/wp-content\/uploads\/TROFEO-optimist-sub13-1a-femenina-1024x683.webp 1024w, https:\/\/www.realclubmaritimomelilla.es\/clmar\/wp-content\/uploads\/TROFEO-optimist-sub13-1a-femenina-1200x800.webp 1200w, https:\/\/www.realclubmaritimomelilla.es\/clmar\/wp-content\/uploads\/TROFEO-optimist-sub13-1a-femenina-1536x1024.webp 1536w, https:\/\/www.realclubmaritimomelilla.es\/clmar\/wp-content\/uploads\/TROFEO-optimist-sub13-1a-femenina-scaled.webp 2560w\" sizes=\"(max-width: 2560px) 100vw, 2560px\" \/><\/a>\n\t\t\t<\/dt><\/dl><dl class='gallery-item'>\n\t\t\t<dt class='gallery-icon landscape'>\n\t\t\t\t<a data-rel=\"iLightbox[postimages]\" data-title=\"TROFEO optimist sub13 1\u00ba masculino\" data-caption=\"\" href='https:\/\/www.realclubmaritimomelilla.es\/clmar\/la-entrega-de-galardones-clausura-el-v-trofeo-club-maritimo-melilla-ciudad-del-deporte\/trofeo-optimist-sub13-1o-masculino\/'><img decoding=\"async\" width=\"2560\" height=\"1707\" src=\"https:\/\/www.realclubmaritimomelilla.es\/clmar\/wp-content\/uploads\/TROFEO-optimist-sub13-1o-masculino-scaled.webp\" class=\"attachment-full size-full\" alt=\"\" srcset=\"https:\/\/www.realclubmaritimomelilla.es\/clmar\/wp-content\/uploads\/TROFEO-optimist-sub13-1o-masculino-200x133.webp 200w, https:\/\/www.realclubmaritimomelilla.es\/clmar\/wp-content\/uploads\/TROFEO-optimist-sub13-1o-masculino-300x200.webp 300w, https:\/\/www.realclubmaritimomelilla.es\/clmar\/wp-content\/uploads\/TROFEO-optimist-sub13-1o-masculino-400x267.webp 400w, https:\/\/www.realclubmaritimomelilla.es\/clmar\/wp-content\/uploads\/TROFEO-optimist-sub13-1o-masculino-600x400.webp 600w, https:\/\/www.realclubmaritimomelilla.es\/clmar\/wp-content\/uploads\/TROFEO-optimist-sub13-1o-masculino-768x512.webp 768w, https:\/\/www.realclubmaritimomelilla.es\/clmar\/wp-content\/uploads\/TROFEO-optimist-sub13-1o-masculino-800x533.webp 800w, https:\/\/www.realclubmaritimomelilla.es\/clmar\/wp-content\/uploads\/TROFEO-optimist-sub13-1o-masculino-1024x683.webp 1024w, https:\/\/www.realclubmaritimomelilla.es\/clmar\/wp-content\/uploads\/TROFEO-optimist-sub13-1o-masculino-1200x800.webp 1200w, https:\/\/www.realclubmaritimomelilla.es\/clmar\/wp-content\/uploads\/TROFEO-optimist-sub13-1o-masculino-1536x1024.webp 1536w, https:\/\/www.realclubmaritimomelilla.es\/clmar\/wp-content\/uploads\/TROFEO-optimist-sub13-1o-masculino-scaled.webp 2560w\" sizes=\"(max-width: 2560px) 100vw, 2560px\" \/><\/a>\n\t\t\t<\/dt><\/dl><br style=\"clear: both\" \/><dl class='gallery-item'>\n\t\t\t<dt class='gallery-icon landscape'>\n\t\t\t\t<a data-rel=\"iLightbox[postimages]\" data-title=\"TROFEO optimist sub13 2\u00aa femenina\" data-caption=\"\" href='https:\/\/www.realclubmaritimomelilla.es\/clmar\/la-entrega-de-galardones-clausura-el-v-trofeo-club-maritimo-melilla-ciudad-del-deporte\/trofeo-optimist-sub13-2a-femenina\/'><img decoding=\"async\" width=\"2560\" height=\"1707\" src=\"https:\/\/www.realclubmaritimomelilla.es\/clmar\/wp-content\/uploads\/TROFEO-optimist-sub13-2a-femenina-scaled.webp\" class=\"attachment-full size-full\" alt=\"\" srcset=\"https:\/\/www.realclubmaritimomelilla.es\/clmar\/wp-content\/uploads\/TROFEO-optimist-sub13-2a-femenina-200x133.webp 200w, https:\/\/www.realclubmaritimomelilla.es\/clmar\/wp-content\/uploads\/TROFEO-optimist-sub13-2a-femenina-300x200.webp 300w, https:\/\/www.realclubmaritimomelilla.es\/clmar\/wp-content\/uploads\/TROFEO-optimist-sub13-2a-femenina-400x267.webp 400w, https:\/\/www.realclubmaritimomelilla.es\/clmar\/wp-content\/uploads\/TROFEO-optimist-sub13-2a-femenina-600x400.webp 600w, https:\/\/www.realclubmaritimomelilla.es\/clmar\/wp-content\/uploads\/TROFEO-optimist-sub13-2a-femenina-768x512.webp 768w, https:\/\/www.realclubmaritimomelilla.es\/clmar\/wp-content\/uploads\/TROFEO-optimist-sub13-2a-femenina-800x533.webp 800w, https:\/\/www.realclubmaritimomelilla.es\/clmar\/wp-content\/uploads\/TROFEO-optimist-sub13-2a-femenina-1024x683.webp 1024w, https:\/\/www.realclubmaritimomelilla.es\/clmar\/wp-content\/uploads\/TROFEO-optimist-sub13-2a-femenina-1200x800.webp 1200w, https:\/\/www.realclubmaritimomelilla.es\/clmar\/wp-content\/uploads\/TROFEO-optimist-sub13-2a-femenina-1536x1024.webp 1536w, https:\/\/www.realclubmaritimomelilla.es\/clmar\/wp-content\/uploads\/TROFEO-optimist-sub13-2a-femenina-scaled.webp 2560w\" sizes=\"(max-width: 2560px) 100vw, 2560px\" \/><\/a>\n\t\t\t<\/dt><\/dl><dl class='gallery-item'>\n\t\t\t<dt class='gallery-icon landscape'>\n\t\t\t\t<a data-rel=\"iLightbox[postimages]\" data-title=\"TROFEO optimist sub13 2\u00ba masculino\" data-caption=\"\" href='https:\/\/www.realclubmaritimomelilla.es\/clmar\/la-entrega-de-galardones-clausura-el-v-trofeo-club-maritimo-melilla-ciudad-del-deporte\/trofeo-optimist-sub13-2o-masculino\/'><img decoding=\"async\" width=\"2560\" height=\"1707\" src=\"https:\/\/www.realclubmaritimomelilla.es\/clmar\/wp-content\/uploads\/TROFEO-optimist-sub13-2o-masculino-scaled.webp\" class=\"attachment-full size-full\" alt=\"\" srcset=\"https:\/\/www.realclubmaritimomelilla.es\/clmar\/wp-content\/uploads\/TROFEO-optimist-sub13-2o-masculino-200x133.webp 200w, https:\/\/www.realclubmaritimomelilla.es\/clmar\/wp-content\/uploads\/TROFEO-optimist-sub13-2o-masculino-300x200.webp 300w, https:\/\/www.realclubmaritimomelilla.es\/clmar\/wp-content\/uploads\/TROFEO-optimist-sub13-2o-masculino-400x267.webp 400w, https:\/\/www.realclubmaritimomelilla.es\/clmar\/wp-content\/uploads\/TROFEO-optimist-sub13-2o-masculino-600x400.webp 600w, https:\/\/www.realclubmaritimomelilla.es\/clmar\/wp-content\/uploads\/TROFEO-optimist-sub13-2o-masculino-768x512.webp 768w, https:\/\/www.realclubmaritimomelilla.es\/clmar\/wp-content\/uploads\/TROFEO-optimist-sub13-2o-masculino-800x533.webp 800w, https:\/\/www.realclubmaritimomelilla.es\/clmar\/wp-content\/uploads\/TROFEO-optimist-sub13-2o-masculino-1024x683.webp 1024w, https:\/\/www.realclubmaritimomelilla.es\/clmar\/wp-content\/uploads\/TROFEO-optimist-sub13-2o-masculino-1200x800.webp 1200w, https:\/\/www.realclubmaritimomelilla.es\/clmar\/wp-content\/uploads\/TROFEO-optimist-sub13-2o-masculino-1536x1024.webp 1536w, https:\/\/www.realclubmaritimomelilla.es\/clmar\/wp-content\/uploads\/TROFEO-optimist-sub13-2o-masculino-scaled.webp 2560w\" sizes=\"(max-width: 2560px) 100vw, 2560px\" \/><\/a>\n\t\t\t<\/dt><\/dl><dl class='gallery-item'>\n\t\t\t<dt class='gallery-icon landscape'>\n\t\t\t\t<a data-rel=\"iLightbox[postimages]\" data-title=\"TROFEO optimist sub13 3\u00aa femenina\" data-caption=\"\" href='https:\/\/www.realclubmaritimomelilla.es\/clmar\/la-entrega-de-galardones-clausura-el-v-trofeo-club-maritimo-melilla-ciudad-del-deporte\/trofeo-optimist-sub13-3a-femenina\/'><img decoding=\"async\" width=\"2560\" height=\"1707\" src=\"https:\/\/www.realclubmaritimomelilla.es\/clmar\/wp-content\/uploads\/TROFEO-optimist-sub13-3a-femenina-scaled.webp\" class=\"attachment-full size-full\" alt=\"\" srcset=\"https:\/\/www.realclubmaritimomelilla.es\/clmar\/wp-content\/uploads\/TROFEO-optimist-sub13-3a-femenina-200x133.webp 200w, https:\/\/www.realclubmaritimomelilla.es\/clmar\/wp-content\/uploads\/TROFEO-optimist-sub13-3a-femenina-300x200.webp 300w, https:\/\/www.realclubmaritimomelilla.es\/clmar\/wp-content\/uploads\/TROFEO-optimist-sub13-3a-femenina-400x267.webp 400w, https:\/\/www.realclubmaritimomelilla.es\/clmar\/wp-content\/uploads\/TROFEO-optimist-sub13-3a-femenina-600x400.webp 600w, https:\/\/www.realclubmaritimomelilla.es\/clmar\/wp-content\/uploads\/TROFEO-optimist-sub13-3a-femenina-768x512.webp 768w, https:\/\/www.realclubmaritimomelilla.es\/clmar\/wp-content\/uploads\/TROFEO-optimist-sub13-3a-femenina-800x533.webp 800w, https:\/\/www.realclubmaritimomelilla.es\/clmar\/wp-content\/uploads\/TROFEO-optimist-sub13-3a-femenina-1024x683.webp 1024w, https:\/\/www.realclubmaritimomelilla.es\/clmar\/wp-content\/uploads\/TROFEO-optimist-sub13-3a-femenina-1200x800.webp 1200w, https:\/\/www.realclubmaritimomelilla.es\/clmar\/wp-content\/uploads\/TROFEO-optimist-sub13-3a-femenina-1536x1024.webp 1536w, https:\/\/www.realclubmaritimomelilla.es\/clmar\/wp-content\/uploads\/TROFEO-optimist-sub13-3a-femenina-scaled.webp 2560w\" sizes=\"(max-width: 2560px) 100vw, 2560px\" \/><\/a>\n\t\t\t<\/dt><\/dl><br style=\"clear: both\" \/><dl class='gallery-item'>\n\t\t\t<dt class='gallery-icon landscape'>\n\t\t\t\t<a data-rel=\"iLightbox[postimages]\" data-title=\"TROFEO optimist sub13 3\u00ba masculino\" data-caption=\"\" href='https:\/\/www.realclubmaritimomelilla.es\/clmar\/la-entrega-de-galardones-clausura-el-v-trofeo-club-maritimo-melilla-ciudad-del-deporte\/trofeo-optimist-sub13-3o-masculino\/'><img decoding=\"async\" width=\"2560\" height=\"1707\" src=\"https:\/\/www.realclubmaritimomelilla.es\/clmar\/wp-content\/uploads\/TROFEO-optimist-sub13-3o-masculino-scaled.webp\" class=\"attachment-full size-full\" alt=\"\" srcset=\"https:\/\/www.realclubmaritimomelilla.es\/clmar\/wp-content\/uploads\/TROFEO-optimist-sub13-3o-masculino-200x133.webp 200w, https:\/\/www.realclubmaritimomelilla.es\/clmar\/wp-content\/uploads\/TROFEO-optimist-sub13-3o-masculino-300x200.webp 300w, https:\/\/www.realclubmaritimomelilla.es\/clmar\/wp-content\/uploads\/TROFEO-optimist-sub13-3o-masculino-400x267.webp 400w, https:\/\/www.realclubmaritimomelilla.es\/clmar\/wp-content\/uploads\/TROFEO-optimist-sub13-3o-masculino-600x400.webp 600w, https:\/\/www.realclubmaritimomelilla.es\/clmar\/wp-content\/uploads\/TROFEO-optimist-sub13-3o-masculino-768x512.webp 768w, https:\/\/www.realclubmaritimomelilla.es\/clmar\/wp-content\/uploads\/TROFEO-optimist-sub13-3o-masculino-800x533.webp 800w, https:\/\/www.realclubmaritimomelilla.es\/clmar\/wp-content\/uploads\/TROFEO-optimist-sub13-3o-masculino-1024x683.webp 1024w, https:\/\/www.realclubmaritimomelilla.es\/clmar\/wp-content\/uploads\/TROFEO-optimist-sub13-3o-masculino-1200x800.webp 1200w, https:\/\/www.realclubmaritimomelilla.es\/clmar\/wp-content\/uploads\/TROFEO-optimist-sub13-3o-masculino-1536x1024.webp 1536w, https:\/\/www.realclubmaritimomelilla.es\/clmar\/wp-content\/uploads\/TROFEO-optimist-sub13-3o-masculino-scaled.webp 2560w\" sizes=\"(max-width: 2560px) 100vw, 2560px\" \/><\/a>\n\t\t\t<\/dt><\/dl><dl class='gallery-item'>\n\t\t\t<dt class='gallery-icon landscape'>\n\t\t\t\t<a data-rel=\"iLightbox[postimages]\" data-title=\"TROFEO optimist sub13 femenina podio\" data-caption=\"\" href='https:\/\/www.realclubmaritimomelilla.es\/clmar\/la-entrega-de-galardones-clausura-el-v-trofeo-club-maritimo-melilla-ciudad-del-deporte\/trofeo-optimist-sub13-femenina-podio\/'><img decoding=\"async\" width=\"1417\" height=\"1215\" src=\"https:\/\/www.realclubmaritimomelilla.es\/clmar\/wp-content\/uploads\/TROFEO-optimist-sub13-femenina-podio-jpg.webp\" class=\"attachment-full size-full\" alt=\"\" srcset=\"https:\/\/www.realclubmaritimomelilla.es\/clmar\/wp-content\/uploads\/TROFEO-optimist-sub13-femenina-podio-200x171.webp 200w, https:\/\/www.realclubmaritimomelilla.es\/clmar\/wp-content\/uploads\/TROFEO-optimist-sub13-femenina-podio-300x257.webp 300w, https:\/\/www.realclubmaritimomelilla.es\/clmar\/wp-content\/uploads\/TROFEO-optimist-sub13-femenina-podio-400x343.webp 400w, https:\/\/www.realclubmaritimomelilla.es\/clmar\/wp-content\/uploads\/TROFEO-optimist-sub13-femenina-podio-600x514.webp 600w, https:\/\/www.realclubmaritimomelilla.es\/clmar\/wp-content\/uploads\/TROFEO-optimist-sub13-femenina-podio-768x659.webp 768w, https:\/\/www.realclubmaritimomelilla.es\/clmar\/wp-content\/uploads\/TROFEO-optimist-sub13-femenina-podio-800x686.webp 800w, https:\/\/www.realclubmaritimomelilla.es\/clmar\/wp-content\/uploads\/TROFEO-optimist-sub13-femenina-podio-1024x878.webp 1024w, https:\/\/www.realclubmaritimomelilla.es\/clmar\/wp-content\/uploads\/TROFEO-optimist-sub13-femenina-podio-1200x1029.webp 1200w, https:\/\/www.realclubmaritimomelilla.es\/clmar\/wp-content\/uploads\/TROFEO-optimist-sub13-femenina-podio-jpg.webp 1417w\" sizes=\"(max-width: 1417px) 100vw, 1417px\" \/><\/a>\n\t\t\t<\/dt><\/dl><dl class='gallery-item'>\n\t\t\t<dt class='gallery-icon landscape'>\n\t\t\t\t<a data-rel=\"iLightbox[postimages]\" data-title=\"TROFEO optimist sub13 masculino podio\" data-caption=\"\" href='https:\/\/www.realclubmaritimomelilla.es\/clmar\/la-entrega-de-galardones-clausura-el-v-trofeo-club-maritimo-melilla-ciudad-del-deporte\/trofeo-optimist-sub13-masculino-podio\/'><img decoding=\"async\" width=\"1417\" height=\"1178\" src=\"https:\/\/www.realclubmaritimomelilla.es\/clmar\/wp-content\/uploads\/TROFEO-optimist-sub13-masculino-podio-jpg.webp\" class=\"attachment-full size-full\" alt=\"\" srcset=\"https:\/\/www.realclubmaritimomelilla.es\/clmar\/wp-content\/uploads\/TROFEO-optimist-sub13-masculino-podio-200x166.webp 200w, https:\/\/www.realclubmaritimomelilla.es\/clmar\/wp-content\/uploads\/TROFEO-optimist-sub13-masculino-podio-300x249.webp 300w, https:\/\/www.realclubmaritimomelilla.es\/clmar\/wp-content\/uploads\/TROFEO-optimist-sub13-masculino-podio-400x333.webp 400w, https:\/\/www.realclubmaritimomelilla.es\/clmar\/wp-content\/uploads\/TROFEO-optimist-sub13-masculino-podio-600x499.webp 600w, https:\/\/www.realclubmaritimomelilla.es\/clmar\/wp-content\/uploads\/TROFEO-optimist-sub13-masculino-podio-768x638.webp 768w, https:\/\/www.realclubmaritimomelilla.es\/clmar\/wp-content\/uploads\/TROFEO-optimist-sub13-masculino-podio-800x665.webp 800w, https:\/\/www.realclubmaritimomelilla.es\/clmar\/wp-content\/uploads\/TROFEO-optimist-sub13-masculino-podio-1024x851.webp 1024w, https:\/\/www.realclubmaritimomelilla.es\/clmar\/wp-content\/uploads\/TROFEO-optimist-sub13-masculino-podio-1200x998.webp 1200w, https:\/\/www.realclubmaritimomelilla.es\/clmar\/wp-content\/uploads\/TROFEO-optimist-sub13-masculino-podio-jpg.webp 1417w\" sizes=\"(max-width: 1417px) 100vw, 1417px\" \/><\/a>\n\t\t\t<\/dt><\/dl><br style=\"clear: both\" \/><dl class='gallery-item'>\n\t\t\t<dt class='gallery-icon landscape'>\n\t\t\t\t<a data-rel=\"iLightbox[postimages]\" data-title=\"TROFEO optimist sub16 masculino podio\" data-caption=\"\" href='https:\/\/www.realclubmaritimomelilla.es\/clmar\/la-entrega-de-galardones-clausura-el-v-trofeo-club-maritimo-melilla-ciudad-del-deporte\/trofeo-optimist-sub16-masculino-podio\/'><img decoding=\"async\" width=\"1417\" height=\"940\" src=\"https:\/\/www.realclubmaritimomelilla.es\/clmar\/wp-content\/uploads\/TROFEO-optimist-sub16-masculino-podio-jpg.webp\" class=\"attachment-full size-full\" alt=\"\" srcset=\"https:\/\/www.realclubmaritimomelilla.es\/clmar\/wp-content\/uploads\/TROFEO-optimist-sub16-masculino-podio-200x133.webp 200w, https:\/\/www.realclubmaritimomelilla.es\/clmar\/wp-content\/uploads\/TROFEO-optimist-sub16-masculino-podio-300x199.webp 300w, https:\/\/www.realclubmaritimomelilla.es\/clmar\/wp-content\/uploads\/TROFEO-optimist-sub16-masculino-podio-400x265.webp 400w, https:\/\/www.realclubmaritimomelilla.es\/clmar\/wp-content\/uploads\/TROFEO-optimist-sub16-masculino-podio-600x398.webp 600w, https:\/\/www.realclubmaritimomelilla.es\/clmar\/wp-content\/uploads\/TROFEO-optimist-sub16-masculino-podio-768x509.webp 768w, https:\/\/www.realclubmaritimomelilla.es\/clmar\/wp-content\/uploads\/TROFEO-optimist-sub16-masculino-podio-800x531.webp 800w, https:\/\/www.realclubmaritimomelilla.es\/clmar\/wp-content\/uploads\/TROFEO-optimist-sub16-masculino-podio-1024x679.webp 1024w, https:\/\/www.realclubmaritimomelilla.es\/clmar\/wp-content\/uploads\/TROFEO-optimist-sub16-masculino-podio-1200x796.webp 1200w, https:\/\/www.realclubmaritimomelilla.es\/clmar\/wp-content\/uploads\/TROFEO-optimist-sub16-masculino-podio-jpg.webp 1417w\" sizes=\"(max-width: 1417px) 100vw, 1417px\" \/><\/a>\n\t\t\t<\/dt><\/dl><dl class='gallery-item'>\n\t\t\t<dt class='gallery-icon landscape'>\n\t\t\t\t<a data-rel=\"iLightbox[postimages]\" data-title=\"TROFEO optimist sub16 1\u00aa femenina\" data-caption=\"\" href='https:\/\/www.realclubmaritimomelilla.es\/clmar\/la-entrega-de-galardones-clausura-el-v-trofeo-club-maritimo-melilla-ciudad-del-deporte\/trofeo-optimist-sub16-1a-femenina\/'><img decoding=\"async\" width=\"2560\" height=\"1707\" src=\"https:\/\/www.realclubmaritimomelilla.es\/clmar\/wp-content\/uploads\/TROFEO-optimist-sub16-1a-femenina-scaled.webp\" class=\"attachment-full size-full\" alt=\"\" srcset=\"https:\/\/www.realclubmaritimomelilla.es\/clmar\/wp-content\/uploads\/TROFEO-optimist-sub16-1a-femenina-200x133.webp 200w, https:\/\/www.realclubmaritimomelilla.es\/clmar\/wp-content\/uploads\/TROFEO-optimist-sub16-1a-femenina-300x200.webp 300w, https:\/\/www.realclubmaritimomelilla.es\/clmar\/wp-content\/uploads\/TROFEO-optimist-sub16-1a-femenina-400x267.webp 400w, https:\/\/www.realclubmaritimomelilla.es\/clmar\/wp-content\/uploads\/TROFEO-optimist-sub16-1a-femenina-600x400.webp 600w, https:\/\/www.realclubmaritimomelilla.es\/clmar\/wp-content\/uploads\/TROFEO-optimist-sub16-1a-femenina-768x512.webp 768w, https:\/\/www.realclubmaritimomelilla.es\/clmar\/wp-content\/uploads\/TROFEO-optimist-sub16-1a-femenina-800x533.webp 800w, https:\/\/www.realclubmaritimomelilla.es\/clmar\/wp-content\/uploads\/TROFEO-optimist-sub16-1a-femenina-1024x683.webp 1024w, https:\/\/www.realclubmaritimomelilla.es\/clmar\/wp-content\/uploads\/TROFEO-optimist-sub16-1a-femenina-1200x800.webp 1200w, https:\/\/www.realclubmaritimomelilla.es\/clmar\/wp-content\/uploads\/TROFEO-optimist-sub16-1a-femenina-1536x1024.webp 1536w, https:\/\/www.realclubmaritimomelilla.es\/clmar\/wp-content\/uploads\/TROFEO-optimist-sub16-1a-femenina-scaled.webp 2560w\" sizes=\"(max-width: 2560px) 100vw, 2560px\" \/><\/a>\n\t\t\t<\/dt><\/dl><dl class='gallery-item'>\n\t\t\t<dt class='gallery-icon landscape'>\n\t\t\t\t<a data-rel=\"iLightbox[postimages]\" data-title=\"TROFEO optimist sub16 1\u00ba masculino\" data-caption=\"\" href='https:\/\/www.realclubmaritimomelilla.es\/clmar\/la-entrega-de-galardones-clausura-el-v-trofeo-club-maritimo-melilla-ciudad-del-deporte\/trofeo-optimist-sub16-1o-masculino\/'><img decoding=\"async\" width=\"2560\" height=\"1707\" src=\"https:\/\/www.realclubmaritimomelilla.es\/clmar\/wp-content\/uploads\/TROFEO-optimist-sub16-1o-masculino-scaled.webp\" class=\"attachment-full size-full\" alt=\"\" srcset=\"https:\/\/www.realclubmaritimomelilla.es\/clmar\/wp-content\/uploads\/TROFEO-optimist-sub16-1o-masculino-200x133.webp 200w, https:\/\/www.realclubmaritimomelilla.es\/clmar\/wp-content\/uploads\/TROFEO-optimist-sub16-1o-masculino-300x200.webp 300w, https:\/\/www.realclubmaritimomelilla.es\/clmar\/wp-content\/uploads\/TROFEO-optimist-sub16-1o-masculino-400x267.webp 400w, https:\/\/www.realclubmaritimomelilla.es\/clmar\/wp-content\/uploads\/TROFEO-optimist-sub16-1o-masculino-600x400.webp 600w, https:\/\/www.realclubmaritimomelilla.es\/clmar\/wp-content\/uploads\/TROFEO-optimist-sub16-1o-masculino-768x512.webp 768w, https:\/\/www.realclubmaritimomelilla.es\/clmar\/wp-content\/uploads\/TROFEO-optimist-sub16-1o-masculino-800x533.webp 800w, https:\/\/www.realclubmaritimomelilla.es\/clmar\/wp-content\/uploads\/TROFEO-optimist-sub16-1o-masculino-1024x683.webp 1024w, https:\/\/www.realclubmaritimomelilla.es\/clmar\/wp-content\/uploads\/TROFEO-optimist-sub16-1o-masculino-1200x800.webp 1200w, https:\/\/www.realclubmaritimomelilla.es\/clmar\/wp-content\/uploads\/TROFEO-optimist-sub16-1o-masculino-1536x1024.webp 1536w, https:\/\/www.realclubmaritimomelilla.es\/clmar\/wp-content\/uploads\/TROFEO-optimist-sub16-1o-masculino-scaled.webp 2560w\" sizes=\"(max-width: 2560px) 100vw, 2560px\" \/><\/a>\n\t\t\t<\/dt><\/dl><br style=\"clear: both\" \/><dl class='gallery-item'>\n\t\t\t<dt class='gallery-icon landscape'>\n\t\t\t\t<a data-rel=\"iLightbox[postimages]\" data-title=\"TROFEO optimist sub16 2\u00aa femenina\" data-caption=\"\" href='https:\/\/www.realclubmaritimomelilla.es\/clmar\/la-entrega-de-galardones-clausura-el-v-trofeo-club-maritimo-melilla-ciudad-del-deporte\/trofeo-optimist-sub16-2a-femenina\/'><img decoding=\"async\" width=\"2560\" height=\"1707\" src=\"https:\/\/www.realclubmaritimomelilla.es\/clmar\/wp-content\/uploads\/TROFEO-optimist-sub16-2a-femenina-scaled.webp\" class=\"attachment-full size-full\" alt=\"\" srcset=\"https:\/\/www.realclubmaritimomelilla.es\/clmar\/wp-content\/uploads\/TROFEO-optimist-sub16-2a-femenina-200x133.webp 200w, https:\/\/www.realclubmaritimomelilla.es\/clmar\/wp-content\/uploads\/TROFEO-optimist-sub16-2a-femenina-300x200.webp 300w, https:\/\/www.realclubmaritimomelilla.es\/clmar\/wp-content\/uploads\/TROFEO-optimist-sub16-2a-femenina-400x267.webp 400w, https:\/\/www.realclubmaritimomelilla.es\/clmar\/wp-content\/uploads\/TROFEO-optimist-sub16-2a-femenina-600x400.webp 600w, https:\/\/www.realclubmaritimomelilla.es\/clmar\/wp-content\/uploads\/TROFEO-optimist-sub16-2a-femenina-768x512.webp 768w, https:\/\/www.realclubmaritimomelilla.es\/clmar\/wp-content\/uploads\/TROFEO-optimist-sub16-2a-femenina-800x533.webp 800w, https:\/\/www.realclubmaritimomelilla.es\/clmar\/wp-content\/uploads\/TROFEO-optimist-sub16-2a-femenina-1024x683.webp 1024w, https:\/\/www.realclubmaritimomelilla.es\/clmar\/wp-content\/uploads\/TROFEO-optimist-sub16-2a-femenina-1200x800.webp 1200w, https:\/\/www.realclubmaritimomelilla.es\/clmar\/wp-content\/uploads\/TROFEO-optimist-sub16-2a-femenina-1536x1024.webp 1536w, https:\/\/www.realclubmaritimomelilla.es\/clmar\/wp-content\/uploads\/TROFEO-optimist-sub16-2a-femenina-scaled.webp 2560w\" sizes=\"(max-width: 2560px) 100vw, 2560px\" \/><\/a>\n\t\t\t<\/dt><\/dl><dl class='gallery-item'>\n\t\t\t<dt class='gallery-icon landscape'>\n\t\t\t\t<a data-rel=\"iLightbox[postimages]\" data-title=\"TROFEO optimist sub16 2\u00ba masculino\" data-caption=\"\" href='https:\/\/www.realclubmaritimomelilla.es\/clmar\/la-entrega-de-galardones-clausura-el-v-trofeo-club-maritimo-melilla-ciudad-del-deporte\/trofeo-optimist-sub16-2o-masculino\/'><img decoding=\"async\" width=\"2560\" height=\"1707\" src=\"https:\/\/www.realclubmaritimomelilla.es\/clmar\/wp-content\/uploads\/TROFEO-optimist-sub16-2o-masculino-scaled.webp\" class=\"attachment-full size-full\" alt=\"\" srcset=\"https:\/\/www.realclubmaritimomelilla.es\/clmar\/wp-content\/uploads\/TROFEO-optimist-sub16-2o-masculino-200x133.webp 200w, https:\/\/www.realclubmaritimomelilla.es\/clmar\/wp-content\/uploads\/TROFEO-optimist-sub16-2o-masculino-300x200.webp 300w, https:\/\/www.realclubmaritimomelilla.es\/clmar\/wp-content\/uploads\/TROFEO-optimist-sub16-2o-masculino-400x267.webp 400w, https:\/\/www.realclubmaritimomelilla.es\/clmar\/wp-content\/uploads\/TROFEO-optimist-sub16-2o-masculino-600x400.webp 600w, https:\/\/www.realclubmaritimomelilla.es\/clmar\/wp-content\/uploads\/TROFEO-optimist-sub16-2o-masculino-768x512.webp 768w, https:\/\/www.realclubmaritimomelilla.es\/clmar\/wp-content\/uploads\/TROFEO-optimist-sub16-2o-masculino-800x533.webp 800w, https:\/\/www.realclubmaritimomelilla.es\/clmar\/wp-content\/uploads\/TROFEO-optimist-sub16-2o-masculino-1024x683.webp 1024w, https:\/\/www.realclubmaritimomelilla.es\/clmar\/wp-content\/uploads\/TROFEO-optimist-sub16-2o-masculino-1200x800.webp 1200w, https:\/\/www.realclubmaritimomelilla.es\/clmar\/wp-content\/uploads\/TROFEO-optimist-sub16-2o-masculino-1536x1024.webp 1536w, https:\/\/www.realclubmaritimomelilla.es\/clmar\/wp-content\/uploads\/TROFEO-optimist-sub16-2o-masculino-scaled.webp 2560w\" sizes=\"(max-width: 2560px) 100vw, 2560px\" \/><\/a>\n\t\t\t<\/dt><\/dl><dl class='gallery-item'>\n\t\t\t<dt class='gallery-icon landscape'>\n\t\t\t\t<a data-rel=\"iLightbox[postimages]\" data-title=\"TROFEO optimist sub16 3\u00aa femenina\" data-caption=\"\" href='https:\/\/www.realclubmaritimomelilla.es\/clmar\/la-entrega-de-galardones-clausura-el-v-trofeo-club-maritimo-melilla-ciudad-del-deporte\/trofeo-optimist-sub16-3a-femenina\/'><img decoding=\"async\" width=\"2560\" height=\"1707\" src=\"https:\/\/www.realclubmaritimomelilla.es\/clmar\/wp-content\/uploads\/TROFEO-optimist-sub16-3a-femenina-scaled.webp\" class=\"attachment-full size-full\" alt=\"\" srcset=\"https:\/\/www.realclubmaritimomelilla.es\/clmar\/wp-content\/uploads\/TROFEO-optimist-sub16-3a-femenina-200x133.webp 200w, https:\/\/www.realclubmaritimomelilla.es\/clmar\/wp-content\/uploads\/TROFEO-optimist-sub16-3a-femenina-300x200.webp 300w, https:\/\/www.realclubmaritimomelilla.es\/clmar\/wp-content\/uploads\/TROFEO-optimist-sub16-3a-femenina-400x267.webp 400w, https:\/\/www.realclubmaritimomelilla.es\/clmar\/wp-content\/uploads\/TROFEO-optimist-sub16-3a-femenina-600x400.webp 600w, https:\/\/www.realclubmaritimomelilla.es\/clmar\/wp-content\/uploads\/TROFEO-optimist-sub16-3a-femenina-768x512.webp 768w, https:\/\/www.realclubmaritimomelilla.es\/clmar\/wp-content\/uploads\/TROFEO-optimist-sub16-3a-femenina-800x533.webp 800w, https:\/\/www.realclubmaritimomelilla.es\/clmar\/wp-content\/uploads\/TROFEO-optimist-sub16-3a-femenina-1024x683.webp 1024w, https:\/\/www.realclubmaritimomelilla.es\/clmar\/wp-content\/uploads\/TROFEO-optimist-sub16-3a-femenina-1200x800.webp 1200w, https:\/\/www.realclubmaritimomelilla.es\/clmar\/wp-content\/uploads\/TROFEO-optimist-sub16-3a-femenina-1536x1024.webp 1536w, https:\/\/www.realclubmaritimomelilla.es\/clmar\/wp-content\/uploads\/TROFEO-optimist-sub16-3a-femenina-scaled.webp 2560w\" sizes=\"(max-width: 2560px) 100vw, 2560px\" \/><\/a>\n\t\t\t<\/dt><\/dl><br style=\"clear: both\" \/><dl class='gallery-item'>\n\t\t\t<dt class='gallery-icon landscape'>\n\t\t\t\t<a data-rel=\"iLightbox[postimages]\" data-title=\"TROFEO optimist sub16 3\u00ba masculino\" data-caption=\"\" href='https:\/\/www.realclubmaritimomelilla.es\/clmar\/la-entrega-de-galardones-clausura-el-v-trofeo-club-maritimo-melilla-ciudad-del-deporte\/trofeo-optimist-sub16-3o-masculino\/'><img decoding=\"async\" width=\"2560\" height=\"1707\" src=\"https:\/\/www.realclubmaritimomelilla.es\/clmar\/wp-content\/uploads\/TROFEO-optimist-sub16-3o-masculino-scaled.webp\" class=\"attachment-full size-full\" alt=\"\" srcset=\"https:\/\/www.realclubmaritimomelilla.es\/clmar\/wp-content\/uploads\/TROFEO-optimist-sub16-3o-masculino-200x133.webp 200w, https:\/\/www.realclubmaritimomelilla.es\/clmar\/wp-content\/uploads\/TROFEO-optimist-sub16-3o-masculino-300x200.webp 300w, https:\/\/www.realclubmaritimomelilla.es\/clmar\/wp-content\/uploads\/TROFEO-optimist-sub16-3o-masculino-400x267.webp 400w, https:\/\/www.realclubmaritimomelilla.es\/clmar\/wp-content\/uploads\/TROFEO-optimist-sub16-3o-masculino-600x400.webp 600w, https:\/\/www.realclubmaritimomelilla.es\/clmar\/wp-content\/uploads\/TROFEO-optimist-sub16-3o-masculino-768x512.webp 768w, https:\/\/www.realclubmaritimomelilla.es\/clmar\/wp-content\/uploads\/TROFEO-optimist-sub16-3o-masculino-800x533.webp 800w, https:\/\/www.realclubmaritimomelilla.es\/clmar\/wp-content\/uploads\/TROFEO-optimist-sub16-3o-masculino-1024x683.webp 1024w, https:\/\/www.realclubmaritimomelilla.es\/clmar\/wp-content\/uploads\/TROFEO-optimist-sub16-3o-masculino-1200x800.webp 1200w, https:\/\/www.realclubmaritimomelilla.es\/clmar\/wp-content\/uploads\/TROFEO-optimist-sub16-3o-masculino-1536x1024.webp 1536w, https:\/\/www.realclubmaritimomelilla.es\/clmar\/wp-content\/uploads\/TROFEO-optimist-sub16-3o-masculino-scaled.webp 2560w\" sizes=\"(max-width: 2560px) 100vw, 2560px\" \/><\/a>\n\t\t\t<\/dt><\/dl><dl class='gallery-item'>\n\t\t\t<dt class='gallery-icon landscape'>\n\t\t\t\t<a data-rel=\"iLightbox[postimages]\" data-title=\"TROFEO optimist sub16 femenina podio\" data-caption=\"\" href='https:\/\/www.realclubmaritimomelilla.es\/clmar\/la-entrega-de-galardones-clausura-el-v-trofeo-club-maritimo-melilla-ciudad-del-deporte\/trofeo-optimist-sub16-femenina-podio\/'><img decoding=\"async\" width=\"1417\" height=\"1025\" src=\"https:\/\/www.realclubmaritimomelilla.es\/clmar\/wp-content\/uploads\/TROFEO-optimist-sub16-femenina-podio-jpg.webp\" class=\"attachment-full size-full\" alt=\"\" srcset=\"https:\/\/www.realclubmaritimomelilla.es\/clmar\/wp-content\/uploads\/TROFEO-optimist-sub16-femenina-podio-200x145.webp 200w, https:\/\/www.realclubmaritimomelilla.es\/clmar\/wp-content\/uploads\/TROFEO-optimist-sub16-femenina-podio-300x217.webp 300w, https:\/\/www.realclubmaritimomelilla.es\/clmar\/wp-content\/uploads\/TROFEO-optimist-sub16-femenina-podio-400x289.webp 400w, https:\/\/www.realclubmaritimomelilla.es\/clmar\/wp-content\/uploads\/TROFEO-optimist-sub16-femenina-podio-600x434.webp 600w, https:\/\/www.realclubmaritimomelilla.es\/clmar\/wp-content\/uploads\/TROFEO-optimist-sub16-femenina-podio-768x556.webp 768w, https:\/\/www.realclubmaritimomelilla.es\/clmar\/wp-content\/uploads\/TROFEO-optimist-sub16-femenina-podio-800x579.webp 800w, https:\/\/www.realclubmaritimomelilla.es\/clmar\/wp-content\/uploads\/TROFEO-optimist-sub16-femenina-podio-1024x741.webp 1024w, https:\/\/www.realclubmaritimomelilla.es\/clmar\/wp-content\/uploads\/TROFEO-optimist-sub16-femenina-podio-1200x868.webp 1200w, https:\/\/www.realclubmaritimomelilla.es\/clmar\/wp-content\/uploads\/TROFEO-optimist-sub16-femenina-podio-jpg.webp 1417w\" sizes=\"(max-width: 1417px) 100vw, 1417px\" \/><\/a>\n\t\t\t<\/dt><\/dl>\n\t\t\t<br style='clear: both' \/>\n\t\t<\/div>\n\n","protected":false},"excerpt":{"rendered":"<p>El V Trofeo \u2018Real Club Mar\u00edtimo \u2013 Melilla Ciudad del Deporte\u2019 se ha clausurado con la entrega de galardones a los primeros clasificados de cada categor\u00eda en las clases de optimist, ILCA 4 y 6. Un acto que se llev\u00f3 a cabo en el sal\u00f3 principal del Real Club Mar\u00edtimo de Melilla, donde acudieron autoridades [&hellip;]<\/p>\n","protected":false},"author":1,"featured_media":25838,"comment_status":"open","ping_status":"open","sticky":false,"template":"","format":"standard","meta":{"_acf_changed":false,"footnotes":""},"categories":[38],"tags":[],"class_list":["post-25793","post","type-post","status-publish","format-standard","has-post-thumbnail","hentry","category-nautica"],"acf":[],"yoast_head":"<!-- This site is optimized with the Yoast SEO plugin v27.5 - https:\/\/yoast.com\/product\/yoast-seo-wordpress\/ -->\n<title>Clausura del V Trofeo Club Mar\u00edtimo \u2013 Melilla Ciudad del Deporte - Real Club Mar\u00edtimo de Melilla<\/title>\n<meta name=\"description\" content=\"Clausurado con la entrega de galardones a los primeros clasificados de cada categor\u00eda en las clases de optimist, ILCA 4 y 6.\" \/>\n<meta name=\"robots\" content=\"index, follow, max-snippet:-1, max-image-preview:large, max-video-preview:-1\" \/>\n<link rel=\"canonical\" href=\"https:\/\/www.realclubmaritimomelilla.es\/clmar\/la-entrega-de-galardones-clausura-el-v-trofeo-club-maritimo-melilla-ciudad-del-deporte\/\" \/>\n<meta property=\"og:locale\" content=\"es_ES\" \/>\n<meta property=\"og:type\" content=\"article\" \/>\n<meta property=\"og:title\" content=\"Clausura del V Trofeo Club Mar\u00edtimo \u2013 Melilla Ciudad del Deporte - Real Club Mar\u00edtimo de Melilla\" \/>\n<meta property=\"og:description\" content=\"Clausurado con la entrega de galardones a los primeros clasificados de cada categor\u00eda en las clases de optimist, ILCA 4 y 6.\" \/>\n<meta property=\"og:url\" content=\"https:\/\/www.realclubmaritimomelilla.es\/clmar\/la-entrega-de-galardones-clausura-el-v-trofeo-club-maritimo-melilla-ciudad-del-deporte\/\" \/>\n<meta property=\"og:site_name\" content=\"Real Club Mar\u00edtimo de Melilla\" \/>\n<meta property=\"article:publisher\" content=\"https:\/\/www.facebook.com\/Real-Club-Mar%c3%adtimo-de-Melilla-588495841234214\/\" \/>\n<meta property=\"article:published_time\" content=\"2025-08-07T08:09:10+00:00\" \/>\n<meta property=\"article:modified_time\" content=\"2025-08-18T14:32:26+00:00\" \/>\n<meta property=\"og:image\" content=\"https:\/\/www.realclubmaritimomelilla.es\/clmar\/wp-content\/uploads\/TROFEO-optimist-sub16-masculino-podio-jpg.webp\" \/>\n\t<meta property=\"og:image:width\" content=\"1417\" \/>\n\t<meta property=\"og:image:height\" content=\"940\" \/>\n\t<meta property=\"og:image:type\" content=\"image\/jpeg\" \/>\n<meta name=\"author\" content=\"RCMMelilla\" \/>\n<meta name=\"twitter:card\" content=\"summary_large_image\" \/>\n<meta name=\"twitter:creator\" content=\"@nauticarcmm\" \/>\n<meta name=\"twitter:site\" content=\"@nauticarcmm\" \/>\n<meta name=\"twitter:label1\" content=\"Escrito por\" \/>\n\t<meta name=\"twitter:data1\" content=\"RCMMelilla\" \/>\n\t<meta name=\"twitter:label2\" content=\"Tiempo de lectura\" \/>\n\t<meta name=\"twitter:data2\" content=\"3 minutos\" \/>\n<script type=\"application\/ld+json\" class=\"yoast-schema-graph\">{\"@context\":\"https:\\\/\\\/schema.org\",\"@graph\":[{\"@type\":\"Article\",\"@id\":\"https:\\\/\\\/www.realclubmaritimomelilla.es\\\/clmar\\\/la-entrega-de-galardones-clausura-el-v-trofeo-club-maritimo-melilla-ciudad-del-deporte\\\/#article\",\"isPartOf\":{\"@id\":\"https:\\\/\\\/www.realclubmaritimomelilla.es\\\/clmar\\\/la-entrega-de-galardones-clausura-el-v-trofeo-club-maritimo-melilla-ciudad-del-deporte\\\/\"},\"author\":{\"name\":\"RCMMelilla\",\"@id\":\"https:\\\/\\\/www.realclubmaritimomelilla.es\\\/clmar\\\/#\\\/schema\\\/person\\\/ebaa3713496dc6d48c872452e73a8e79\"},\"headline\":\"Clausura del V Trofeo Club Mar\u00edtimo \u2013 Melilla Ciudad del Deporte\",\"datePublished\":\"2025-08-07T08:09:10+00:00\",\"dateModified\":\"2025-08-18T14:32:26+00:00\",\"mainEntityOfPage\":{\"@id\":\"https:\\\/\\\/www.realclubmaritimomelilla.es\\\/clmar\\\/la-entrega-de-galardones-clausura-el-v-trofeo-club-maritimo-melilla-ciudad-del-deporte\\\/\"},\"wordCount\":477,\"commentCount\":0,\"publisher\":{\"@id\":\"https:\\\/\\\/www.realclubmaritimomelilla.es\\\/clmar\\\/#organization\"},\"image\":{\"@id\":\"https:\\\/\\\/www.realclubmaritimomelilla.es\\\/clmar\\\/la-entrega-de-galardones-clausura-el-v-trofeo-club-maritimo-melilla-ciudad-del-deporte\\\/#primaryimage\"},\"thumbnailUrl\":\"https:\\\/\\\/www.realclubmaritimomelilla.es\\\/clmar\\\/wp-content\\\/uploads\\\/TROFEO-optimist-sub16-masculino-podio-jpg.webp\",\"articleSection\":[\"N\u00e1utica\"],\"inLanguage\":\"es\",\"potentialAction\":[{\"@type\":\"CommentAction\",\"name\":\"Comment\",\"target\":[\"https:\\\/\\\/www.realclubmaritimomelilla.es\\\/clmar\\\/la-entrega-de-galardones-clausura-el-v-trofeo-club-maritimo-melilla-ciudad-del-deporte\\\/#respond\"]}]},{\"@type\":\"WebPage\",\"@id\":\"https:\\\/\\\/www.realclubmaritimomelilla.es\\\/clmar\\\/la-entrega-de-galardones-clausura-el-v-trofeo-club-maritimo-melilla-ciudad-del-deporte\\\/\",\"url\":\"https:\\\/\\\/www.realclubmaritimomelilla.es\\\/clmar\\\/la-entrega-de-galardones-clausura-el-v-trofeo-club-maritimo-melilla-ciudad-del-deporte\\\/\",\"name\":\"Clausura del V Trofeo Club Mar\u00edtimo \u2013 Melilla Ciudad del Deporte - Real Club Mar\u00edtimo de Melilla\",\"isPartOf\":{\"@id\":\"https:\\\/\\\/www.realclubmaritimomelilla.es\\\/clmar\\\/#website\"},\"primaryImageOfPage\":{\"@id\":\"https:\\\/\\\/www.realclubmaritimomelilla.es\\\/clmar\\\/la-entrega-de-galardones-clausura-el-v-trofeo-club-maritimo-melilla-ciudad-del-deporte\\\/#primaryimage\"},\"image\":{\"@id\":\"https:\\\/\\\/www.realclubmaritimomelilla.es\\\/clmar\\\/la-entrega-de-galardones-clausura-el-v-trofeo-club-maritimo-melilla-ciudad-del-deporte\\\/#primaryimage\"},\"thumbnailUrl\":\"https:\\\/\\\/www.realclubmaritimomelilla.es\\\/clmar\\\/wp-content\\\/uploads\\\/TROFEO-optimist-sub16-masculino-podio-jpg.webp\",\"datePublished\":\"2025-08-07T08:09:10+00:00\",\"dateModified\":\"2025-08-18T14:32:26+00:00\",\"description\":\"Clausurado con la entrega de galardones a los primeros clasificados de cada categor\u00eda en las clases de optimist, ILCA 4 y 6.\",\"breadcrumb\":{\"@id\":\"https:\\\/\\\/www.realclubmaritimomelilla.es\\\/clmar\\\/la-entrega-de-galardones-clausura-el-v-trofeo-club-maritimo-melilla-ciudad-del-deporte\\\/#breadcrumb\"},\"inLanguage\":\"es\",\"potentialAction\":[{\"@type\":\"ReadAction\",\"target\":[\"https:\\\/\\\/www.realclubmaritimomelilla.es\\\/clmar\\\/la-entrega-de-galardones-clausura-el-v-trofeo-club-maritimo-melilla-ciudad-del-deporte\\\/\"]}]},{\"@type\":\"ImageObject\",\"inLanguage\":\"es\",\"@id\":\"https:\\\/\\\/www.realclubmaritimomelilla.es\\\/clmar\\\/la-entrega-de-galardones-clausura-el-v-trofeo-club-maritimo-melilla-ciudad-del-deporte\\\/#primaryimage\",\"url\":\"https:\\\/\\\/www.realclubmaritimomelilla.es\\\/clmar\\\/wp-content\\\/uploads\\\/TROFEO-optimist-sub16-masculino-podio-jpg.webp\",\"contentUrl\":\"https:\\\/\\\/www.realclubmaritimomelilla.es\\\/clmar\\\/wp-content\\\/uploads\\\/TROFEO-optimist-sub16-masculino-podio-jpg.webp\",\"width\":1417,\"height\":940},{\"@type\":\"BreadcrumbList\",\"@id\":\"https:\\\/\\\/www.realclubmaritimomelilla.es\\\/clmar\\\/la-entrega-de-galardones-clausura-el-v-trofeo-club-maritimo-melilla-ciudad-del-deporte\\\/#breadcrumb\",\"itemListElement\":[{\"@type\":\"ListItem\",\"position\":1,\"name\":\"Portada\",\"item\":\"https:\\\/\\\/www.realclubmaritimomelilla.es\\\/clmar\\\/\"},{\"@type\":\"ListItem\",\"position\":2,\"name\":\"Clausura del V Trofeo Club Mar\u00edtimo \u2013 Melilla Ciudad del Deporte\"}]},{\"@type\":\"WebSite\",\"@id\":\"https:\\\/\\\/www.realclubmaritimomelilla.es\\\/clmar\\\/#website\",\"url\":\"https:\\\/\\\/www.realclubmaritimomelilla.es\\\/clmar\\\/\",\"name\":\"Real Club Mar\u00edtimo de Melilla\",\"description\":\"RCMM\",\"publisher\":{\"@id\":\"https:\\\/\\\/www.realclubmaritimomelilla.es\\\/clmar\\\/#organization\"},\"alternateName\":\"RCMM\",\"potentialAction\":[{\"@type\":\"SearchAction\",\"target\":{\"@type\":\"EntryPoint\",\"urlTemplate\":\"https:\\\/\\\/www.realclubmaritimomelilla.es\\\/clmar\\\/?s={search_term_string}\"},\"query-input\":{\"@type\":\"PropertyValueSpecification\",\"valueRequired\":true,\"valueName\":\"search_term_string\"}}],\"inLanguage\":\"es\"},{\"@type\":\"Organization\",\"@id\":\"https:\\\/\\\/www.realclubmaritimomelilla.es\\\/clmar\\\/#organization\",\"name\":\"Real Club Mar\u00edtimo de Melilla\",\"alternateName\":\"RCMM\",\"url\":\"https:\\\/\\\/www.realclubmaritimomelilla.es\\\/clmar\\\/\",\"logo\":{\"@type\":\"ImageObject\",\"inLanguage\":\"es\",\"@id\":\"https:\\\/\\\/www.realclubmaritimomelilla.es\\\/clmar\\\/#\\\/schema\\\/logo\\\/image\\\/\",\"url\":\"https:\\\/\\\/www.realclubmaritimomelilla.es\\\/clmar\\\/wp-content\\\/uploads\\\/logo-club-original-copia.jpg\",\"contentUrl\":\"https:\\\/\\\/www.realclubmaritimomelilla.es\\\/clmar\\\/wp-content\\\/uploads\\\/logo-club-original-copia.jpg\",\"width\":128,\"height\":89,\"caption\":\"Real Club Mar\u00edtimo de Melilla\"},\"image\":{\"@id\":\"https:\\\/\\\/www.realclubmaritimomelilla.es\\\/clmar\\\/#\\\/schema\\\/logo\\\/image\\\/\"},\"sameAs\":[\"https:\\\/\\\/www.facebook.com\\\/Real-Club-Mar\u00edtimo-de-Melilla-588495841234214\\\/\",\"https:\\\/\\\/x.com\\\/nauticarcmm\",\"https:\\\/\\\/www.instagram.com\\\/club_maritimo_melilla\\\/\",\"https:\\\/\\\/www.youtube.com\\\/@realclubmaritimodemelilla4703\",\"https:\\\/\\\/es.wikipedia.org\\\/wiki\\\/Real_Club_Mar\u00edtimo_de_Melilla\"]},{\"@type\":\"Person\",\"@id\":\"https:\\\/\\\/www.realclubmaritimomelilla.es\\\/clmar\\\/#\\\/schema\\\/person\\\/ebaa3713496dc6d48c872452e73a8e79\",\"name\":\"RCMMelilla\",\"image\":{\"@type\":\"ImageObject\",\"inLanguage\":\"es\",\"@id\":\"https:\\\/\\\/secure.gravatar.com\\\/avatar\\\/df1c24789360fb9308735c4ee556fc2bc5bf924bf01e53043b8b97ba272da33c?s=96&d=mm&r=g\",\"url\":\"https:\\\/\\\/secure.gravatar.com\\\/avatar\\\/df1c24789360fb9308735c4ee556fc2bc5bf924bf01e53043b8b97ba272da33c?s=96&d=mm&r=g\",\"contentUrl\":\"https:\\\/\\\/secure.gravatar.com\\\/avatar\\\/df1c24789360fb9308735c4ee556fc2bc5bf924bf01e53043b8b97ba272da33c?s=96&d=mm&r=g\",\"caption\":\"RCMMelilla\"}}]}<\/script>\n<!-- \/ Yoast SEO plugin. -->","yoast_head_json":{"title":"Clausura del V Trofeo Club Mar\u00edtimo \u2013 Melilla Ciudad del Deporte - Real Club Mar\u00edtimo de Melilla","description":"Clausurado con la entrega de galardones a los primeros clasificados de cada categor\u00eda en las clases de optimist, ILCA 4 y 6.","robots":{"index":"index","follow":"follow","max-snippet":"max-snippet:-1","max-image-preview":"max-image-preview:large","max-video-preview":"max-video-preview:-1"},"canonical":"https:\/\/www.realclubmaritimomelilla.es\/clmar\/la-entrega-de-galardones-clausura-el-v-trofeo-club-maritimo-melilla-ciudad-del-deporte\/","og_locale":"es_ES","og_type":"article","og_title":"Clausura del V Trofeo Club Mar\u00edtimo \u2013 Melilla Ciudad del Deporte - Real Club Mar\u00edtimo de Melilla","og_description":"Clausurado con la entrega de galardones a los primeros clasificados de cada categor\u00eda en las clases de optimist, ILCA 4 y 6.","og_url":"https:\/\/www.realclubmaritimomelilla.es\/clmar\/la-entrega-de-galardones-clausura-el-v-trofeo-club-maritimo-melilla-ciudad-del-deporte\/","og_site_name":"Real Club Mar\u00edtimo de Melilla","article_publisher":"https:\/\/www.facebook.com\/Real-Club-Mar%c3%adtimo-de-Melilla-588495841234214\/","article_published_time":"2025-08-07T08:09:10+00:00","article_modified_time":"2025-08-18T14:32:26+00:00","og_image":[{"width":1417,"height":940,"url":"https:\/\/www.realclubmaritimomelilla.es\/clmar\/wp-content\/uploads\/TROFEO-optimist-sub16-masculino-podio-jpg.webp","type":"image\/jpeg"}],"author":"RCMMelilla","twitter_card":"summary_large_image","twitter_creator":"@nauticarcmm","twitter_site":"@nauticarcmm","twitter_misc":{"Escrito por":"RCMMelilla","Tiempo de lectura":"3 minutos"},"schema":{"@context":"https:\/\/schema.org","@graph":[{"@type":"Article","@id":"https:\/\/www.realclubmaritimomelilla.es\/clmar\/la-entrega-de-galardones-clausura-el-v-trofeo-club-maritimo-melilla-ciudad-del-deporte\/#article","isPartOf":{"@id":"https:\/\/www.realclubmaritimomelilla.es\/clmar\/la-entrega-de-galardones-clausura-el-v-trofeo-club-maritimo-melilla-ciudad-del-deporte\/"},"author":{"name":"RCMMelilla","@id":"https:\/\/www.realclubmaritimomelilla.es\/clmar\/#\/schema\/person\/ebaa3713496dc6d48c872452e73a8e79"},"headline":"Clausura del V Trofeo Club Mar\u00edtimo \u2013 Melilla Ciudad del Deporte","datePublished":"2025-08-07T08:09:10+00:00","dateModified":"2025-08-18T14:32:26+00:00","mainEntityOfPage":{"@id":"https:\/\/www.realclubmaritimomelilla.es\/clmar\/la-entrega-de-galardones-clausura-el-v-trofeo-club-maritimo-melilla-ciudad-del-deporte\/"},"wordCount":477,"commentCount":0,"publisher":{"@id":"https:\/\/www.realclubmaritimomelilla.es\/clmar\/#organization"},"image":{"@id":"https:\/\/www.realclubmaritimomelilla.es\/clmar\/la-entrega-de-galardones-clausura-el-v-trofeo-club-maritimo-melilla-ciudad-del-deporte\/#primaryimage"},"thumbnailUrl":"https:\/\/www.realclubmaritimomelilla.es\/clmar\/wp-content\/uploads\/TROFEO-optimist-sub16-masculino-podio-jpg.webp","articleSection":["N\u00e1utica"],"inLanguage":"es","potentialAction":[{"@type":"CommentAction","name":"Comment","target":["https:\/\/www.realclubmaritimomelilla.es\/clmar\/la-entrega-de-galardones-clausura-el-v-trofeo-club-maritimo-melilla-ciudad-del-deporte\/#respond"]}]},{"@type":"WebPage","@id":"https:\/\/www.realclubmaritimomelilla.es\/clmar\/la-entrega-de-galardones-clausura-el-v-trofeo-club-maritimo-melilla-ciudad-del-deporte\/","url":"https:\/\/www.realclubmaritimomelilla.es\/clmar\/la-entrega-de-galardones-clausura-el-v-trofeo-club-maritimo-melilla-ciudad-del-deporte\/","name":"Clausura del V Trofeo Club Mar\u00edtimo \u2013 Melilla Ciudad del Deporte - Real Club Mar\u00edtimo de Melilla","isPartOf":{"@id":"https:\/\/www.realclubmaritimomelilla.es\/clmar\/#website"},"primaryImageOfPage":{"@id":"https:\/\/www.realclubmaritimomelilla.es\/clmar\/la-entrega-de-galardones-clausura-el-v-trofeo-club-maritimo-melilla-ciudad-del-deporte\/#primaryimage"},"image":{"@id":"https:\/\/www.realclubmaritimomelilla.es\/clmar\/la-entrega-de-galardones-clausura-el-v-trofeo-club-maritimo-melilla-ciudad-del-deporte\/#primaryimage"},"thumbnailUrl":"https:\/\/www.realclubmaritimomelilla.es\/clmar\/wp-content\/uploads\/TROFEO-optimist-sub16-masculino-podio-jpg.webp","datePublished":"2025-08-07T08:09:10+00:00","dateModified":"2025-08-18T14:32:26+00:00","description":"Clausurado con la entrega de galardones a los primeros clasificados de cada categor\u00eda en las clases de optimist, ILCA 4 y 6.","breadcrumb":{"@id":"https:\/\/www.realclubmaritimomelilla.es\/clmar\/la-entrega-de-galardones-clausura-el-v-trofeo-club-maritimo-melilla-ciudad-del-deporte\/#breadcrumb"},"inLanguage":"es","potentialAction":[{"@type":"ReadAction","target":["https:\/\/www.realclubmaritimomelilla.es\/clmar\/la-entrega-de-galardones-clausura-el-v-trofeo-club-maritimo-melilla-ciudad-del-deporte\/"]}]},{"@type":"ImageObject","inLanguage":"es","@id":"https:\/\/www.realclubmaritimomelilla.es\/clmar\/la-entrega-de-galardones-clausura-el-v-trofeo-club-maritimo-melilla-ciudad-del-deporte\/#primaryimage","url":"https:\/\/www.realclubmaritimomelilla.es\/clmar\/wp-content\/uploads\/TROFEO-optimist-sub16-masculino-podio-jpg.webp","contentUrl":"https:\/\/www.realclubmaritimomelilla.es\/clmar\/wp-content\/uploads\/TROFEO-optimist-sub16-masculino-podio-jpg.webp","width":1417,"height":940},{"@type":"BreadcrumbList","@id":"https:\/\/www.realclubmaritimomelilla.es\/clmar\/la-entrega-de-galardones-clausura-el-v-trofeo-club-maritimo-melilla-ciudad-del-deporte\/#breadcrumb","itemListElement":[{"@type":"ListItem","position":1,"name":"Portada","item":"https:\/\/www.realclubmaritimomelilla.es\/clmar\/"},{"@type":"ListItem","position":2,"name":"Clausura del V Trofeo Club Mar\u00edtimo \u2013 Melilla Ciudad del Deporte"}]},{"@type":"WebSite","@id":"https:\/\/www.realclubmaritimomelilla.es\/clmar\/#website","url":"https:\/\/www.realclubmaritimomelilla.es\/clmar\/","name":"Real Club Mar\u00edtimo de Melilla","description":"RCMM","publisher":{"@id":"https:\/\/www.realclubmaritimomelilla.es\/clmar\/#organization"},"alternateName":"RCMM","potentialAction":[{"@type":"SearchAction","target":{"@type":"EntryPoint","urlTemplate":"https:\/\/www.realclubmaritimomelilla.es\/clmar\/?s={search_term_string}"},"query-input":{"@type":"PropertyValueSpecification","valueRequired":true,"valueName":"search_term_string"}}],"inLanguage":"es"},{"@type":"Organization","@id":"https:\/\/www.realclubmaritimomelilla.es\/clmar\/#organization","name":"Real Club Mar\u00edtimo de Melilla","alternateName":"RCMM","url":"https:\/\/www.realclubmaritimomelilla.es\/clmar\/","logo":{"@type":"ImageObject","inLanguage":"es","@id":"https:\/\/www.realclubmaritimomelilla.es\/clmar\/#\/schema\/logo\/image\/","url":"https:\/\/www.realclubmaritimomelilla.es\/clmar\/wp-content\/uploads\/logo-club-original-copia.jpg","contentUrl":"https:\/\/www.realclubmaritimomelilla.es\/clmar\/wp-content\/uploads\/logo-club-original-copia.jpg","width":128,"height":89,"caption":"Real Club Mar\u00edtimo de Melilla"},"image":{"@id":"https:\/\/www.realclubmaritimomelilla.es\/clmar\/#\/schema\/logo\/image\/"},"sameAs":["https:\/\/www.facebook.com\/Real-Club-Mar\u00edtimo-de-Melilla-588495841234214\/","https:\/\/x.com\/nauticarcmm","https:\/\/www.instagram.com\/club_maritimo_melilla\/","https:\/\/www.youtube.com\/@realclubmaritimodemelilla4703","https:\/\/es.wikipedia.org\/wiki\/Real_Club_Mar\u00edtimo_de_Melilla"]},{"@type":"Person","@id":"https:\/\/www.realclubmaritimomelilla.es\/clmar\/#\/schema\/person\/ebaa3713496dc6d48c872452e73a8e79","name":"RCMMelilla","image":{"@type":"ImageObject","inLanguage":"es","@id":"https:\/\/secure.gravatar.com\/avatar\/df1c24789360fb9308735c4ee556fc2bc5bf924bf01e53043b8b97ba272da33c?s=96&d=mm&r=g","url":"https:\/\/secure.gravatar.com\/avatar\/df1c24789360fb9308735c4ee556fc2bc5bf924bf01e53043b8b97ba272da33c?s=96&d=mm&r=g","contentUrl":"https:\/\/secure.gravatar.com\/avatar\/df1c24789360fb9308735c4ee556fc2bc5bf924bf01e53043b8b97ba272da33c?s=96&d=mm&r=g","caption":"RCMMelilla"}}]}},"_links":{"self":[{"href":"https:\/\/www.realclubmaritimomelilla.es\/clmar\/wp-json\/wp\/v2\/posts\/25793","targetHints":{"allow":["GET"]}}],"collection":[{"href":"https:\/\/www.realclubmaritimomelilla.es\/clmar\/wp-json\/wp\/v2\/posts"}],"about":[{"href":"https:\/\/www.realclubmaritimomelilla.es\/clmar\/wp-json\/wp\/v2\/types\/post"}],"author":[{"embeddable":true,"href":"https:\/\/www.realclubmaritimomelilla.es\/clmar\/wp-json\/wp\/v2\/users\/1"}],"replies":[{"embeddable":true,"href":"https:\/\/www.realclubmaritimomelilla.es\/clmar\/wp-json\/wp\/v2\/comments?post=25793"}],"version-history":[{"count":5,"href":"https:\/\/www.realclubmaritimomelilla.es\/clmar\/wp-json\/wp\/v2\/posts\/25793\/revisions"}],"predecessor-version":[{"id":26023,"href":"https:\/\/www.realclubmaritimomelilla.es\/clmar\/wp-json\/wp\/v2\/posts\/25793\/revisions\/26023"}],"wp:featuredmedia":[{"embeddable":true,"href":"https:\/\/www.realclubmaritimomelilla.es\/clmar\/wp-json\/wp\/v2\/media\/25838"}],"wp:attachment":[{"href":"https:\/\/www.realclubmaritimomelilla.es\/clmar\/wp-json\/wp\/v2\/media?parent=25793"}],"wp:term":[{"taxonomy":"category","embeddable":true,"href":"https:\/\/www.realclubmaritimomelilla.es\/clmar\/wp-json\/wp\/v2\/categories?post=25793"},{"taxonomy":"post_tag","embeddable":true,"href":"https:\/\/www.realclubmaritimomelilla.es\/clmar\/wp-json\/wp\/v2\/tags?post=25793"}],"curies":[{"name":"wp","href":"https:\/\/api.w.org\/{rel}","templated":true}]}}