{"id":25610,"date":"2025-07-17T13:57:55","date_gmt":"2025-07-17T11:57:55","guid":{"rendered":"https:\/\/www.realclubmaritimomelilla.es\/clmar\/?p=25610"},"modified":"2025-07-18T13:49:15","modified_gmt":"2025-07-18T11:49:15","slug":"25610-2","status":"publish","type":"post","link":"https:\/\/www.realclubmaritimomelilla.es\/clmar\/25610-2\/","title":{"rendered":"XXVI Trofeo Virgen del Carmen de P\u00e1del, cuadro de honor"},"content":{"rendered":"<p>La disputa del XXV Torneo Virgen del Carmen se ha confirmado como una de las citas m\u00e1s participativas y competitivas del circuito auton\u00f3mico de p\u00e1del,<br \/>\nOrganizado conjuntamente por el Real Club Mar\u00edtimo de Melilla y la Federaci\u00f3n Melillense de P\u00e1del, decidi\u00f3 sus finalistas y campeones durante el fin de semana.<br \/>\nDel 4 al 11 de julio, tuvo lugar en las instalaciones del Real Club Mar\u00edtimo de Melilla el ya tradicional IV Open Absoluto \u201cTrofeo Virgen del Carmen\u201d, que llega a su 25\u00aa edici\u00f3n. El n\u00famero  de inscripciones fue m\u00e1s alto que en ediciones anteriores, llegando a las 18 parejas femeninas y 47 masculinas, para un total de 130 deportistas participantes.<br \/>\nEl cuadro de honor de esta edici\u00f3n, ha quedado de la siguiente forma.<br \/>\nCuadros femeninos:<br \/>\n3\u00aa categor\u00eda: Laura Dom\u00ednguez y Carmen Bassets ganan 7\/6-6\/3 a Cristina Fern\u00e1ndez y Cristina<br \/>\nMolina.<br \/>\n2\u00aa categor\u00eda: Mireya Ambr\u00f3s y Amaya Mart\u00ednez ganan 6\/3-6\/3 a Paula Arp\u00f3n y Marta Arp\u00f3n.<br \/>\n1\u00aa categor\u00eda: Mar\u00eda Mizzi y Mamen P\u00e9rez ganan 6\/4-6\/0 a Ic\u00edar Tellechea y Marta Fern\u00e1ndez de<br \/>\nCastro.<br \/>\nCuadros masculinos:<br \/>\n5\u00aa categor\u00eda: Alejandro Montoya y Santiago Montis ganan 6\/7-6\/4-6\/4 a Miguel Mar\u00edn y Jos\u00e9<br \/>\nBonilla.<br \/>\n4\u00aa categor\u00eda: Ignacio P\u00e9rez y Julio Lence ganan 7\/5-6\/4 a Yusef Ali y Alejandro Barrio.<br \/>\n3\u00aa categor\u00eda: Javier Montoya y Miguel Soria ganan 6\/2-6\/2 a Karim Nordi y Cristian Rodr\u00edguez.<br \/>\n2\u00aa categor\u00eda: Alejandro D\u00edez y Conrado Capilla ganan al no poder jugar la final Ra\u00fal Delgado y<br \/>\nCarlos P\u00e9rez.<br \/>\n1\u00aa categor\u00eda: Juan Vicente Alcal\u00e1 y \u00c1ngel Gaona ganan 7\/5-6\/2 a Jos\u00e9 Lavernia y Armando<br \/>\nMoya.<\/p>\n<p><img decoding=\"async\" src=\"https:\/\/www.realclubmaritimomelilla.es\/clmar\/wp-content\/uploads\/Final-1a-masc-1024x819.webp\" alt=\"\" width=\"1024\" height=\"819\" class=\"alignnone size-large wp-image-25611\" srcset=\"https:\/\/www.realclubmaritimomelilla.es\/clmar\/wp-content\/uploads\/Final-1a-masc-177x142.webp 177w, https:\/\/www.realclubmaritimomelilla.es\/clmar\/wp-content\/uploads\/Final-1a-masc-200x160.webp 200w, https:\/\/www.realclubmaritimomelilla.es\/clmar\/wp-content\/uploads\/Final-1a-masc-300x240.webp 300w, https:\/\/www.realclubmaritimomelilla.es\/clmar\/wp-content\/uploads\/Final-1a-masc-400x320.webp 400w, https:\/\/www.realclubmaritimomelilla.es\/clmar\/wp-content\/uploads\/Final-1a-masc-600x480.webp 600w, https:\/\/www.realclubmaritimomelilla.es\/clmar\/wp-content\/uploads\/Final-1a-masc-768x614.webp 768w, https:\/\/www.realclubmaritimomelilla.es\/clmar\/wp-content\/uploads\/Final-1a-masc-800x640.webp 800w, https:\/\/www.realclubmaritimomelilla.es\/clmar\/wp-content\/uploads\/Final-1a-masc-1024x819.webp 1024w, https:\/\/www.realclubmaritimomelilla.es\/clmar\/wp-content\/uploads\/Final-1a-masc-1200x960.webp 1200w, https:\/\/www.realclubmaritimomelilla.es\/clmar\/wp-content\/uploads\/Final-1a-masc-1536x1229.webp 1536w\" sizes=\"(max-width: 1024px) 100vw, 1024px\" \/><\/p>\n","protected":false},"excerpt":{"rendered":"<p>La disputa del XXV Torneo Virgen del Carmen se ha confirmado como una de las citas m\u00e1s participativas y competitivas del circuito auton\u00f3mico de p\u00e1del, Organizado conjuntamente por el Real Club Mar\u00edtimo de Melilla y la Federaci\u00f3n Melillense de P\u00e1del, decidi\u00f3 sus finalistas y campeones durante el fin de semana. Del 4 al 11 de [&hellip;]<\/p>\n","protected":false},"author":1,"featured_media":25612,"comment_status":"open","ping_status":"open","sticky":false,"template":"","format":"standard","meta":{"_acf_changed":false,"footnotes":""},"categories":[45],"tags":[],"class_list":["post-25610","post","type-post","status-publish","format-standard","has-post-thumbnail","hentry","category-padel-rcmm"],"acf":[],"yoast_head":"<!-- This site is optimized with the Yoast SEO plugin v27.5 - https:\/\/yoast.com\/product\/yoast-seo-wordpress\/ -->\n<title>XXVI Trofeo Virgen del Carmen de P\u00e1del, cuadro de honor - Real Club Mar\u00edtimo de Melilla<\/title>\n<meta name=\"description\" content=\"La disputa del XXV Torneo Virgen del Carmen se ha confirmado como una de las citas m\u00e1s participativas y competitivas del circuito auton\u00f3mico de p\u00e1del\" \/>\n<meta name=\"robots\" content=\"index, follow, max-snippet:-1, max-image-preview:large, max-video-preview:-1\" \/>\n<link rel=\"canonical\" href=\"https:\/\/www.realclubmaritimomelilla.es\/clmar\/25610-2\/\" \/>\n<meta property=\"og:locale\" content=\"es_ES\" \/>\n<meta property=\"og:type\" content=\"article\" \/>\n<meta property=\"og:title\" content=\"XXVI Trofeo Virgen del Carmen de P\u00e1del, cuadro de honor - Real Club Mar\u00edtimo de Melilla\" \/>\n<meta property=\"og:description\" content=\"La disputa del XXV Torneo Virgen del Carmen se ha confirmado como una de las citas m\u00e1s participativas y competitivas del circuito auton\u00f3mico de p\u00e1del\" \/>\n<meta property=\"og:url\" content=\"https:\/\/www.realclubmaritimomelilla.es\/clmar\/25610-2\/\" \/>\n<meta property=\"og:site_name\" content=\"Real Club Mar\u00edtimo de Melilla\" \/>\n<meta property=\"article:publisher\" content=\"https:\/\/www.facebook.com\/Real-Club-Mar%c3%adtimo-de-Melilla-588495841234214\/\" \/>\n<meta property=\"article:published_time\" content=\"2025-07-17T11:57:55+00:00\" \/>\n<meta property=\"article:modified_time\" content=\"2025-07-18T11:49:15+00:00\" \/>\n<meta property=\"og:image\" content=\"https:\/\/www.realclubmaritimomelilla.es\/clmar\/wp-content\/uploads\/Final-1a-fem2-scaled.webp\" \/>\n\t<meta property=\"og:image:width\" content=\"2560\" \/>\n\t<meta property=\"og:image:height\" content=\"2048\" \/>\n\t<meta property=\"og:image:type\" content=\"image\/jpeg\" \/>\n<meta name=\"author\" content=\"RCMMelilla\" \/>\n<meta name=\"twitter:card\" content=\"summary_large_image\" \/>\n<meta name=\"twitter:creator\" content=\"@nauticarcmm\" \/>\n<meta name=\"twitter:site\" content=\"@nauticarcmm\" \/>\n<meta name=\"twitter:label1\" content=\"Escrito por\" \/>\n\t<meta name=\"twitter:data1\" content=\"RCMMelilla\" \/>\n\t<meta name=\"twitter:label2\" content=\"Tiempo de lectura\" \/>\n\t<meta name=\"twitter:data2\" content=\"2 minutos\" \/>\n<script type=\"application\/ld+json\" class=\"yoast-schema-graph\">{\"@context\":\"https:\\\/\\\/schema.org\",\"@graph\":[{\"@type\":\"Article\",\"@id\":\"https:\\\/\\\/www.realclubmaritimomelilla.es\\\/clmar\\\/25610-2\\\/#article\",\"isPartOf\":{\"@id\":\"https:\\\/\\\/www.realclubmaritimomelilla.es\\\/clmar\\\/25610-2\\\/\"},\"author\":{\"name\":\"RCMMelilla\",\"@id\":\"https:\\\/\\\/www.realclubmaritimomelilla.es\\\/clmar\\\/#\\\/schema\\\/person\\\/ebaa3713496dc6d48c872452e73a8e79\"},\"headline\":\"XXVI Trofeo Virgen del Carmen de P\u00e1del, cuadro de honor\",\"datePublished\":\"2025-07-17T11:57:55+00:00\",\"dateModified\":\"2025-07-18T11:49:15+00:00\",\"mainEntityOfPage\":{\"@id\":\"https:\\\/\\\/www.realclubmaritimomelilla.es\\\/clmar\\\/25610-2\\\/\"},\"wordCount\":287,\"commentCount\":0,\"publisher\":{\"@id\":\"https:\\\/\\\/www.realclubmaritimomelilla.es\\\/clmar\\\/#organization\"},\"image\":{\"@id\":\"https:\\\/\\\/www.realclubmaritimomelilla.es\\\/clmar\\\/25610-2\\\/#primaryimage\"},\"thumbnailUrl\":\"https:\\\/\\\/www.realclubmaritimomelilla.es\\\/clmar\\\/wp-content\\\/uploads\\\/Final-1a-fem2-scaled.webp\",\"articleSection\":[\"Padel RCMM\"],\"inLanguage\":\"es\",\"potentialAction\":[{\"@type\":\"CommentAction\",\"name\":\"Comment\",\"target\":[\"https:\\\/\\\/www.realclubmaritimomelilla.es\\\/clmar\\\/25610-2\\\/#respond\"]}]},{\"@type\":\"WebPage\",\"@id\":\"https:\\\/\\\/www.realclubmaritimomelilla.es\\\/clmar\\\/25610-2\\\/\",\"url\":\"https:\\\/\\\/www.realclubmaritimomelilla.es\\\/clmar\\\/25610-2\\\/\",\"name\":\"XXVI Trofeo Virgen del Carmen de P\u00e1del, cuadro de honor - Real Club Mar\u00edtimo de Melilla\",\"isPartOf\":{\"@id\":\"https:\\\/\\\/www.realclubmaritimomelilla.es\\\/clmar\\\/#website\"},\"primaryImageOfPage\":{\"@id\":\"https:\\\/\\\/www.realclubmaritimomelilla.es\\\/clmar\\\/25610-2\\\/#primaryimage\"},\"image\":{\"@id\":\"https:\\\/\\\/www.realclubmaritimomelilla.es\\\/clmar\\\/25610-2\\\/#primaryimage\"},\"thumbnailUrl\":\"https:\\\/\\\/www.realclubmaritimomelilla.es\\\/clmar\\\/wp-content\\\/uploads\\\/Final-1a-fem2-scaled.webp\",\"datePublished\":\"2025-07-17T11:57:55+00:00\",\"dateModified\":\"2025-07-18T11:49:15+00:00\",\"description\":\"La disputa del XXV Torneo Virgen del Carmen se ha confirmado como una de las citas m\u00e1s participativas y competitivas del circuito auton\u00f3mico de p\u00e1del\",\"breadcrumb\":{\"@id\":\"https:\\\/\\\/www.realclubmaritimomelilla.es\\\/clmar\\\/25610-2\\\/#breadcrumb\"},\"inLanguage\":\"es\",\"potentialAction\":[{\"@type\":\"ReadAction\",\"target\":[\"https:\\\/\\\/www.realclubmaritimomelilla.es\\\/clmar\\\/25610-2\\\/\"]}]},{\"@type\":\"ImageObject\",\"inLanguage\":\"es\",\"@id\":\"https:\\\/\\\/www.realclubmaritimomelilla.es\\\/clmar\\\/25610-2\\\/#primaryimage\",\"url\":\"https:\\\/\\\/www.realclubmaritimomelilla.es\\\/clmar\\\/wp-content\\\/uploads\\\/Final-1a-fem2-scaled.webp\",\"contentUrl\":\"https:\\\/\\\/www.realclubmaritimomelilla.es\\\/clmar\\\/wp-content\\\/uploads\\\/Final-1a-fem2-scaled.webp\",\"width\":2560,\"height\":2048},{\"@type\":\"BreadcrumbList\",\"@id\":\"https:\\\/\\\/www.realclubmaritimomelilla.es\\\/clmar\\\/25610-2\\\/#breadcrumb\",\"itemListElement\":[{\"@type\":\"ListItem\",\"position\":1,\"name\":\"Portada\",\"item\":\"https:\\\/\\\/www.realclubmaritimomelilla.es\\\/clmar\\\/\"},{\"@type\":\"ListItem\",\"position\":2,\"name\":\"XXVI Trofeo Virgen del Carmen de P\u00e1del, cuadro de honor\"}]},{\"@type\":\"WebSite\",\"@id\":\"https:\\\/\\\/www.realclubmaritimomelilla.es\\\/clmar\\\/#website\",\"url\":\"https:\\\/\\\/www.realclubmaritimomelilla.es\\\/clmar\\\/\",\"name\":\"Real Club Mar\u00edtimo de Melilla\",\"description\":\"RCMM\",\"publisher\":{\"@id\":\"https:\\\/\\\/www.realclubmaritimomelilla.es\\\/clmar\\\/#organization\"},\"alternateName\":\"RCMM\",\"potentialAction\":[{\"@type\":\"SearchAction\",\"target\":{\"@type\":\"EntryPoint\",\"urlTemplate\":\"https:\\\/\\\/www.realclubmaritimomelilla.es\\\/clmar\\\/?s={search_term_string}\"},\"query-input\":{\"@type\":\"PropertyValueSpecification\",\"valueRequired\":true,\"valueName\":\"search_term_string\"}}],\"inLanguage\":\"es\"},{\"@type\":\"Organization\",\"@id\":\"https:\\\/\\\/www.realclubmaritimomelilla.es\\\/clmar\\\/#organization\",\"name\":\"Real Club Mar\u00edtimo de Melilla\",\"alternateName\":\"RCMM\",\"url\":\"https:\\\/\\\/www.realclubmaritimomelilla.es\\\/clmar\\\/\",\"logo\":{\"@type\":\"ImageObject\",\"inLanguage\":\"es\",\"@id\":\"https:\\\/\\\/www.realclubmaritimomelilla.es\\\/clmar\\\/#\\\/schema\\\/logo\\\/image\\\/\",\"url\":\"https:\\\/\\\/www.realclubmaritimomelilla.es\\\/clmar\\\/wp-content\\\/uploads\\\/logo-club-original-copia.jpg\",\"contentUrl\":\"https:\\\/\\\/www.realclubmaritimomelilla.es\\\/clmar\\\/wp-content\\\/uploads\\\/logo-club-original-copia.jpg\",\"width\":128,\"height\":89,\"caption\":\"Real Club Mar\u00edtimo de Melilla\"},\"image\":{\"@id\":\"https:\\\/\\\/www.realclubmaritimomelilla.es\\\/clmar\\\/#\\\/schema\\\/logo\\\/image\\\/\"},\"sameAs\":[\"https:\\\/\\\/www.facebook.com\\\/Real-Club-Mar\u00edtimo-de-Melilla-588495841234214\\\/\",\"https:\\\/\\\/x.com\\\/nauticarcmm\",\"https:\\\/\\\/www.instagram.com\\\/club_maritimo_melilla\\\/\",\"https:\\\/\\\/www.youtube.com\\\/@realclubmaritimodemelilla4703\",\"https:\\\/\\\/es.wikipedia.org\\\/wiki\\\/Real_Club_Mar\u00edtimo_de_Melilla\"]},{\"@type\":\"Person\",\"@id\":\"https:\\\/\\\/www.realclubmaritimomelilla.es\\\/clmar\\\/#\\\/schema\\\/person\\\/ebaa3713496dc6d48c872452e73a8e79\",\"name\":\"RCMMelilla\",\"image\":{\"@type\":\"ImageObject\",\"inLanguage\":\"es\",\"@id\":\"https:\\\/\\\/secure.gravatar.com\\\/avatar\\\/df1c24789360fb9308735c4ee556fc2bc5bf924bf01e53043b8b97ba272da33c?s=96&d=mm&r=g\",\"url\":\"https:\\\/\\\/secure.gravatar.com\\\/avatar\\\/df1c24789360fb9308735c4ee556fc2bc5bf924bf01e53043b8b97ba272da33c?s=96&d=mm&r=g\",\"contentUrl\":\"https:\\\/\\\/secure.gravatar.com\\\/avatar\\\/df1c24789360fb9308735c4ee556fc2bc5bf924bf01e53043b8b97ba272da33c?s=96&d=mm&r=g\",\"caption\":\"RCMMelilla\"}}]}<\/script>\n<!-- \/ Yoast SEO plugin. -->","yoast_head_json":{"title":"XXVI Trofeo Virgen del Carmen de P\u00e1del, cuadro de honor - Real Club Mar\u00edtimo de Melilla","description":"La disputa del XXV Torneo Virgen del Carmen se ha confirmado como una de las citas m\u00e1s participativas y competitivas del circuito auton\u00f3mico de p\u00e1del","robots":{"index":"index","follow":"follow","max-snippet":"max-snippet:-1","max-image-preview":"max-image-preview:large","max-video-preview":"max-video-preview:-1"},"canonical":"https:\/\/www.realclubmaritimomelilla.es\/clmar\/25610-2\/","og_locale":"es_ES","og_type":"article","og_title":"XXVI Trofeo Virgen del Carmen de P\u00e1del, cuadro de honor - Real Club Mar\u00edtimo de Melilla","og_description":"La disputa del XXV Torneo Virgen del Carmen se ha confirmado como una de las citas m\u00e1s participativas y competitivas del circuito auton\u00f3mico de p\u00e1del","og_url":"https:\/\/www.realclubmaritimomelilla.es\/clmar\/25610-2\/","og_site_name":"Real Club Mar\u00edtimo de Melilla","article_publisher":"https:\/\/www.facebook.com\/Real-Club-Mar%c3%adtimo-de-Melilla-588495841234214\/","article_published_time":"2025-07-17T11:57:55+00:00","article_modified_time":"2025-07-18T11:49:15+00:00","og_image":[{"width":2560,"height":2048,"url":"https:\/\/www.realclubmaritimomelilla.es\/clmar\/wp-content\/uploads\/Final-1a-fem2-scaled.webp","type":"image\/jpeg"}],"author":"RCMMelilla","twitter_card":"summary_large_image","twitter_creator":"@nauticarcmm","twitter_site":"@nauticarcmm","twitter_misc":{"Escrito por":"RCMMelilla","Tiempo de lectura":"2 minutos"},"schema":{"@context":"https:\/\/schema.org","@graph":[{"@type":"Article","@id":"https:\/\/www.realclubmaritimomelilla.es\/clmar\/25610-2\/#article","isPartOf":{"@id":"https:\/\/www.realclubmaritimomelilla.es\/clmar\/25610-2\/"},"author":{"name":"RCMMelilla","@id":"https:\/\/www.realclubmaritimomelilla.es\/clmar\/#\/schema\/person\/ebaa3713496dc6d48c872452e73a8e79"},"headline":"XXVI Trofeo Virgen del Carmen de P\u00e1del, cuadro de honor","datePublished":"2025-07-17T11:57:55+00:00","dateModified":"2025-07-18T11:49:15+00:00","mainEntityOfPage":{"@id":"https:\/\/www.realclubmaritimomelilla.es\/clmar\/25610-2\/"},"wordCount":287,"commentCount":0,"publisher":{"@id":"https:\/\/www.realclubmaritimomelilla.es\/clmar\/#organization"},"image":{"@id":"https:\/\/www.realclubmaritimomelilla.es\/clmar\/25610-2\/#primaryimage"},"thumbnailUrl":"https:\/\/www.realclubmaritimomelilla.es\/clmar\/wp-content\/uploads\/Final-1a-fem2-scaled.webp","articleSection":["Padel RCMM"],"inLanguage":"es","potentialAction":[{"@type":"CommentAction","name":"Comment","target":["https:\/\/www.realclubmaritimomelilla.es\/clmar\/25610-2\/#respond"]}]},{"@type":"WebPage","@id":"https:\/\/www.realclubmaritimomelilla.es\/clmar\/25610-2\/","url":"https:\/\/www.realclubmaritimomelilla.es\/clmar\/25610-2\/","name":"XXVI Trofeo Virgen del Carmen de P\u00e1del, cuadro de honor - Real Club Mar\u00edtimo de Melilla","isPartOf":{"@id":"https:\/\/www.realclubmaritimomelilla.es\/clmar\/#website"},"primaryImageOfPage":{"@id":"https:\/\/www.realclubmaritimomelilla.es\/clmar\/25610-2\/#primaryimage"},"image":{"@id":"https:\/\/www.realclubmaritimomelilla.es\/clmar\/25610-2\/#primaryimage"},"thumbnailUrl":"https:\/\/www.realclubmaritimomelilla.es\/clmar\/wp-content\/uploads\/Final-1a-fem2-scaled.webp","datePublished":"2025-07-17T11:57:55+00:00","dateModified":"2025-07-18T11:49:15+00:00","description":"La disputa del XXV Torneo Virgen del Carmen se ha confirmado como una de las citas m\u00e1s participativas y competitivas del circuito auton\u00f3mico de p\u00e1del","breadcrumb":{"@id":"https:\/\/www.realclubmaritimomelilla.es\/clmar\/25610-2\/#breadcrumb"},"inLanguage":"es","potentialAction":[{"@type":"ReadAction","target":["https:\/\/www.realclubmaritimomelilla.es\/clmar\/25610-2\/"]}]},{"@type":"ImageObject","inLanguage":"es","@id":"https:\/\/www.realclubmaritimomelilla.es\/clmar\/25610-2\/#primaryimage","url":"https:\/\/www.realclubmaritimomelilla.es\/clmar\/wp-content\/uploads\/Final-1a-fem2-scaled.webp","contentUrl":"https:\/\/www.realclubmaritimomelilla.es\/clmar\/wp-content\/uploads\/Final-1a-fem2-scaled.webp","width":2560,"height":2048},{"@type":"BreadcrumbList","@id":"https:\/\/www.realclubmaritimomelilla.es\/clmar\/25610-2\/#breadcrumb","itemListElement":[{"@type":"ListItem","position":1,"name":"Portada","item":"https:\/\/www.realclubmaritimomelilla.es\/clmar\/"},{"@type":"ListItem","position":2,"name":"XXVI Trofeo Virgen del Carmen de P\u00e1del, cuadro de honor"}]},{"@type":"WebSite","@id":"https:\/\/www.realclubmaritimomelilla.es\/clmar\/#website","url":"https:\/\/www.realclubmaritimomelilla.es\/clmar\/","name":"Real Club Mar\u00edtimo de Melilla","description":"RCMM","publisher":{"@id":"https:\/\/www.realclubmaritimomelilla.es\/clmar\/#organization"},"alternateName":"RCMM","potentialAction":[{"@type":"SearchAction","target":{"@type":"EntryPoint","urlTemplate":"https:\/\/www.realclubmaritimomelilla.es\/clmar\/?s={search_term_string}"},"query-input":{"@type":"PropertyValueSpecification","valueRequired":true,"valueName":"search_term_string"}}],"inLanguage":"es"},{"@type":"Organization","@id":"https:\/\/www.realclubmaritimomelilla.es\/clmar\/#organization","name":"Real Club Mar\u00edtimo de Melilla","alternateName":"RCMM","url":"https:\/\/www.realclubmaritimomelilla.es\/clmar\/","logo":{"@type":"ImageObject","inLanguage":"es","@id":"https:\/\/www.realclubmaritimomelilla.es\/clmar\/#\/schema\/logo\/image\/","url":"https:\/\/www.realclubmaritimomelilla.es\/clmar\/wp-content\/uploads\/logo-club-original-copia.jpg","contentUrl":"https:\/\/www.realclubmaritimomelilla.es\/clmar\/wp-content\/uploads\/logo-club-original-copia.jpg","width":128,"height":89,"caption":"Real Club Mar\u00edtimo de Melilla"},"image":{"@id":"https:\/\/www.realclubmaritimomelilla.es\/clmar\/#\/schema\/logo\/image\/"},"sameAs":["https:\/\/www.facebook.com\/Real-Club-Mar\u00edtimo-de-Melilla-588495841234214\/","https:\/\/x.com\/nauticarcmm","https:\/\/www.instagram.com\/club_maritimo_melilla\/","https:\/\/www.youtube.com\/@realclubmaritimodemelilla4703","https:\/\/es.wikipedia.org\/wiki\/Real_Club_Mar\u00edtimo_de_Melilla"]},{"@type":"Person","@id":"https:\/\/www.realclubmaritimomelilla.es\/clmar\/#\/schema\/person\/ebaa3713496dc6d48c872452e73a8e79","name":"RCMMelilla","image":{"@type":"ImageObject","inLanguage":"es","@id":"https:\/\/secure.gravatar.com\/avatar\/df1c24789360fb9308735c4ee556fc2bc5bf924bf01e53043b8b97ba272da33c?s=96&d=mm&r=g","url":"https:\/\/secure.gravatar.com\/avatar\/df1c24789360fb9308735c4ee556fc2bc5bf924bf01e53043b8b97ba272da33c?s=96&d=mm&r=g","contentUrl":"https:\/\/secure.gravatar.com\/avatar\/df1c24789360fb9308735c4ee556fc2bc5bf924bf01e53043b8b97ba272da33c?s=96&d=mm&r=g","caption":"RCMMelilla"}}]}},"_links":{"self":[{"href":"https:\/\/www.realclubmaritimomelilla.es\/clmar\/wp-json\/wp\/v2\/posts\/25610","targetHints":{"allow":["GET"]}}],"collection":[{"href":"https:\/\/www.realclubmaritimomelilla.es\/clmar\/wp-json\/wp\/v2\/posts"}],"about":[{"href":"https:\/\/www.realclubmaritimomelilla.es\/clmar\/wp-json\/wp\/v2\/types\/post"}],"author":[{"embeddable":true,"href":"https:\/\/www.realclubmaritimomelilla.es\/clmar\/wp-json\/wp\/v2\/users\/1"}],"replies":[{"embeddable":true,"href":"https:\/\/www.realclubmaritimomelilla.es\/clmar\/wp-json\/wp\/v2\/comments?post=25610"}],"version-history":[{"count":4,"href":"https:\/\/www.realclubmaritimomelilla.es\/clmar\/wp-json\/wp\/v2\/posts\/25610\/revisions"}],"predecessor-version":[{"id":25618,"href":"https:\/\/www.realclubmaritimomelilla.es\/clmar\/wp-json\/wp\/v2\/posts\/25610\/revisions\/25618"}],"wp:featuredmedia":[{"embeddable":true,"href":"https:\/\/www.realclubmaritimomelilla.es\/clmar\/wp-json\/wp\/v2\/media\/25612"}],"wp:attachment":[{"href":"https:\/\/www.realclubmaritimomelilla.es\/clmar\/wp-json\/wp\/v2\/media?parent=25610"}],"wp:term":[{"taxonomy":"category","embeddable":true,"href":"https:\/\/www.realclubmaritimomelilla.es\/clmar\/wp-json\/wp\/v2\/categories?post=25610"},{"taxonomy":"post_tag","embeddable":true,"href":"https:\/\/www.realclubmaritimomelilla.es\/clmar\/wp-json\/wp\/v2\/tags?post=25610"}],"curies":[{"name":"wp","href":"https:\/\/api.w.org\/{rel}","templated":true}]}}