{"id":25580,"date":"2025-07-13T16:11:23","date_gmt":"2025-07-13T14:11:23","guid":{"rendered":"https:\/\/www.realclubmaritimomelilla.es\/clmar\/?p=25580"},"modified":"2025-07-15T09:39:07","modified_gmt":"2025-07-15T07:39:07","slug":"el-real-club-maritimo-de-melilla-clausura-actividades-virgen-del-carmen-2025","status":"publish","type":"post","link":"https:\/\/www.realclubmaritimomelilla.es\/clmar\/el-real-club-maritimo-de-melilla-clausura-actividades-virgen-del-carmen-2025\/","title":{"rendered":"El RCMM clausura actividades Virgen del Carmen 2025"},"content":{"rendered":"<p>El Real Club Mar\u00edtimo de Melilla ha clausurado las distintas actividades, que cada a\u00f1o lleva a cabo, en honor a la Virgen del Carmen con su entrega de trofeos a los mejores clasificados.\u00a0\u00a0Este acto, que se desarroll\u00f3 en uno de los salones interiores de la entidad, cont\u00f3 con la participaci\u00f3n del presidente del RCMM, Jer\u00f3nimo P\u00e9rez, y parte de su junta directiva, adem\u00e1s de representantes de la Federaci\u00f3n Melillense\u00a0de P\u00e1del, para entregar los distintos galardones.\u00a0\u00a0Junto a las tradicionales regatas, adem\u00e1s de competiciones de pesca o juegos de mesa, el Trofeo de P\u00e1del ha alcanzado sus \u2018Bodas de Plata\u2019 al disputar su vig\u00e9simo quinta edici\u00f3n.\u00a0Actividades l\u00fadico-deportivas en las que han participado varios centenares de competidores y que se han llevado a cabo en la \u00faltima quincena.\u00a0\u00a0El torneo de p\u00e1del, coorganizado con la Federaci\u00f3n Melillense, ha celebrado su vig\u00e9simo quinta edici\u00f3n con Juan Vicente Alcal\u00e1 y \u00c1ngel Gaona, junto a Mamen P\u00e9rez y Mar\u00eda Mizzi como los ganadores del torneo.\u00a0\u00a0La competici\u00f3n de pesca, este a\u00f1o, se ha desarrollado en la modalidad de pesca en cantil tanto para adultos como para j\u00f3venes, adem\u00e1s de mantenerse la de Embarcaci\u00f3n Fondeada, en la que Francisco R\u00edos y Antonio P\u00e9rez han ganado en las dos modalidades en las que se compet\u00eda.\u00a0\u00a0Los tradicionales juegos de mesa no han faltado a su cita, en las modalidades de canasta, continental y parch\u00eds, con Marina Dur\u00e1n, Gracita Gonz\u00e1lez de las Cuevas, Mar\u00eda Teresa Florido, Pepi Garc\u00eda, Louredes Mart\u00ednez y Virginia Tellez como las ganadoras de este a\u00f1o.\u00a0\u00a0En cuanto a las regatas, el Trofeo Virgen del Carmen es una de las fechas m\u00e1s se\u00f1aladas en el calendario, dada la tradici\u00f3n de esta competici\u00f3n que se mantiene desde hace d\u00e9cadas.\u00a0Se entregaron medallas a los integrantes de la flota de iniciaci\u00f3n, al tiempo de otorgar trofeos a los tres primeros en optimist y snipe, adem\u00e1s de diplomas para las tres mejores tripulaciones de la flota local, con \u2018Olivita\u2019, de Luis Cobreros como campe\u00f3n de este a\u00f1o.\u00a0\u00a0Tambi\u00e9n se aprovech\u00f3 este acto, para entregar tanto los galardones del Trofeo Primavera de vela, as\u00ed como de las competiciones de pesca e Invierno y Primavera.\u00a0\u00a0\u00a0CUADRO DE HONORXXV TROFEO DE PADEL VIRGEN DEL CARMENCampeones Masculinos: Juan Vicente Alcal\u00e1 y \u00c1ngel GaonaCampeonas Femeninas: Mam\u00e9n P\u00e9rez y Mar\u00eda MizziSubcampeones Masculinos: Jos\u00e9 Lavernia y Armando MoyaSubcampeonas Femeninas: Marta Fern\u00e1ndez e Ic\u00edar Tellechea\u00a0PESCA EMBARCACI\u00d3N FONDEADAMayor n\u00ba de kilos: Francisco R\u00edosPieza Mayor: Antonio P\u00e9rez\u00a0PESCA ADULTO EN CANTILMayor n\u00ba de piezas: Jos\u00e9 Luis CalvoMayor n\u00ba de kilos: Jos\u00e9 Fern\u00e1ndezPieza Mayor: \u00c1ngel Prada\u00a0PESCA INFANTIL EN CANTILMayor n\u00ba de piezas: Daniela Fern\u00e1ndezMayor n\u00ba de kilos: Eduardo CantoPieza Mayor: Cayetano L\u00f3pez\u00a0JUEGOS DE MESACanasta: Marina Dur\u00e1n y Gracita Gonz\u00e1lez de las CuevasContinental:\u00a0\u00a0Mar\u00eda Teresa Florido y Pepi Garc\u00edaParch\u00eds: Lourdes Mart\u00ednez y Virginia T\u00e9llez\u00a0VELA FLOTA INICIACI\u00d3NMario SolerWasin\u00a0\u00a0BouchankoukTriana Soledad\u00c1frica Garc\u00edaMartina San Jos\u00e9Zaira Mim\u00fanJos\u00e9 Antonio RivasJos\u00e9 Tom\u00e9\u00a0VELA \u2013 CLASE OPTIMIST SUB111\u00ba Pablo RIvas2\u00ba Daniel Est\u00e1n3\u00aa Mar\u00eda Aguilar\u00a0VELA \u2013 CLASE OPTIMIST SUB131\u00ba Pablo Rivas2\u00aa Isabela Tormo3\u00aa Aitana Robles\u00a0VELA \u2013 CLASE OPTIMIST GENERAL1\u00ba Adri\u00e1n Robles2\u00ba Pablo Rivas3\u00aa Isabela Tormo\u00a0VELA \u2013 CLASE SNIPE1\u00ba Miguel Gonz\u00e1lez y Juan Carlos Pascual2\u00ba Pablo Rivas y Blanca Cabrera3\u00ba Francisco Soler y Juan Miguel Lucas<br \/>\n\n\t\t<style type=\"text\/css\">\n\t\t\t#gallery-1 {\n\t\t\t\tmargin: auto;\n\t\t\t}\n\t\t\t#gallery-1 .gallery-item {\n\t\t\t\tfloat: left;\n\t\t\t\tmargin-top: 10px;\n\t\t\t\ttext-align: center;\n\t\t\t\twidth: 33%;\n\t\t\t}\n\t\t\t#gallery-1 img {\n\t\t\t\tborder: 2px solid #cfcfcf;\n\t\t\t}\n\t\t\t#gallery-1 .gallery-caption {\n\t\t\t\tmargin-left: 0;\n\t\t\t}\n\t\t\t\/* see gallery_shortcode() in wp-includes\/media.php *\/\n\t\t<\/style>\n\t\t<div id='gallery-1' class='gallery galleryid-25580 gallery-columns-3 gallery-size-full'><dl class='gallery-item'>\n\t\t\t<dt class='gallery-icon landscape'>\n\t\t\t\t<a data-rel=\"iLightbox[postimages]\" data-title=\"Flota de Vela\" data-caption=\"\" href='https:\/\/www.realclubmaritimomelilla.es\/clmar\/el-real-club-maritimo-de-melilla-clausura-actividades-virgen-del-carmen-2025\/flota-de-vela\/'><img decoding=\"async\" width=\"1417\" height=\"669\" src=\"https:\/\/www.realclubmaritimomelilla.es\/clmar\/wp-content\/uploads\/Flota-de-Vela-jpg.webp\" class=\"attachment-full size-full\" alt=\"\" srcset=\"https:\/\/www.realclubmaritimomelilla.es\/clmar\/wp-content\/uploads\/Flota-de-Vela-200x94.webp 200w, https:\/\/www.realclubmaritimomelilla.es\/clmar\/wp-content\/uploads\/Flota-de-Vela-300x142.webp 300w, https:\/\/www.realclubmaritimomelilla.es\/clmar\/wp-content\/uploads\/Flota-de-Vela-400x189.webp 400w, https:\/\/www.realclubmaritimomelilla.es\/clmar\/wp-content\/uploads\/Flota-de-Vela-600x283.webp 600w, https:\/\/www.realclubmaritimomelilla.es\/clmar\/wp-content\/uploads\/Flota-de-Vela-768x363.webp 768w, https:\/\/www.realclubmaritimomelilla.es\/clmar\/wp-content\/uploads\/Flota-de-Vela-800x378.webp 800w, https:\/\/www.realclubmaritimomelilla.es\/clmar\/wp-content\/uploads\/Flota-de-Vela-1024x483.webp 1024w, https:\/\/www.realclubmaritimomelilla.es\/clmar\/wp-content\/uploads\/Flota-de-Vela-1200x567.webp 1200w, https:\/\/www.realclubmaritimomelilla.es\/clmar\/wp-content\/uploads\/Flota-de-Vela-jpg.webp 1417w\" sizes=\"(max-width: 1417px) 100vw, 1417px\" \/><\/a>\n\t\t\t<\/dt><\/dl><dl class='gallery-item'>\n\t\t\t<dt class='gallery-icon landscape'>\n\t\t\t\t<a data-rel=\"iLightbox[postimages]\" data-title=\"TROFEO VCARMEN canasta\" data-caption=\"\" href='https:\/\/www.realclubmaritimomelilla.es\/clmar\/el-real-club-maritimo-de-melilla-clausura-actividades-virgen-del-carmen-2025\/trofeo-vcarmen-canasta\/'><img decoding=\"async\" width=\"850\" height=\"739\" src=\"https:\/\/www.realclubmaritimomelilla.es\/clmar\/wp-content\/uploads\/TROFEO-VCARMEN-canasta-jpg.webp\" class=\"attachment-full size-full\" alt=\"\" srcset=\"https:\/\/www.realclubmaritimomelilla.es\/clmar\/wp-content\/uploads\/TROFEO-VCARMEN-canasta-200x174.webp 200w, https:\/\/www.realclubmaritimomelilla.es\/clmar\/wp-content\/uploads\/TROFEO-VCARMEN-canasta-300x261.webp 300w, https:\/\/www.realclubmaritimomelilla.es\/clmar\/wp-content\/uploads\/TROFEO-VCARMEN-canasta-400x348.webp 400w, https:\/\/www.realclubmaritimomelilla.es\/clmar\/wp-content\/uploads\/TROFEO-VCARMEN-canasta-600x522.webp 600w, https:\/\/www.realclubmaritimomelilla.es\/clmar\/wp-content\/uploads\/TROFEO-VCARMEN-canasta-768x668.webp 768w, https:\/\/www.realclubmaritimomelilla.es\/clmar\/wp-content\/uploads\/TROFEO-VCARMEN-canasta-800x696.webp 800w, https:\/\/www.realclubmaritimomelilla.es\/clmar\/wp-content\/uploads\/TROFEO-VCARMEN-canasta-jpg.webp 850w\" sizes=\"(max-width: 850px) 100vw, 850px\" \/><\/a>\n\t\t\t<\/dt><\/dl><dl class='gallery-item'>\n\t\t\t<dt class='gallery-icon portrait'>\n\t\t\t\t<a data-rel=\"iLightbox[postimages]\" data-title=\"TROFEO VCARMEN continental\" data-caption=\"\" href='https:\/\/www.realclubmaritimomelilla.es\/clmar\/el-real-club-maritimo-de-melilla-clausura-actividades-virgen-del-carmen-2025\/trofeo-vcarmen-continental\/'><img decoding=\"async\" width=\"850\" height=\"952\" src=\"https:\/\/www.realclubmaritimomelilla.es\/clmar\/wp-content\/uploads\/TROFEO-VCARMEN-continental-jpg.webp\" class=\"attachment-full size-full\" alt=\"\" srcset=\"https:\/\/www.realclubmaritimomelilla.es\/clmar\/wp-content\/uploads\/TROFEO-VCARMEN-continental-200x224.webp 200w, https:\/\/www.realclubmaritimomelilla.es\/clmar\/wp-content\/uploads\/TROFEO-VCARMEN-continental-268x300.webp 268w, https:\/\/www.realclubmaritimomelilla.es\/clmar\/wp-content\/uploads\/TROFEO-VCARMEN-continental-400x448.webp 400w, https:\/\/www.realclubmaritimomelilla.es\/clmar\/wp-content\/uploads\/TROFEO-VCARMEN-continental-600x672.webp 600w, https:\/\/www.realclubmaritimomelilla.es\/clmar\/wp-content\/uploads\/TROFEO-VCARMEN-continental-768x860.webp 768w, https:\/\/www.realclubmaritimomelilla.es\/clmar\/wp-content\/uploads\/TROFEO-VCARMEN-continental-800x896.webp 800w, https:\/\/www.realclubmaritimomelilla.es\/clmar\/wp-content\/uploads\/TROFEO-VCARMEN-continental-jpg.webp 850w\" sizes=\"(max-width: 850px) 100vw, 850px\" \/><\/a>\n\t\t\t<\/dt><\/dl><br style=\"clear: both\" \/><dl class='gallery-item'>\n\t\t\t<dt class='gallery-icon landscape'>\n\t\t\t\t<a data-rel=\"iLightbox[postimages]\" data-title=\"TROFEO VCARMEN crucero 1\u00ba\" data-caption=\"\" href='https:\/\/www.realclubmaritimomelilla.es\/clmar\/el-real-club-maritimo-de-melilla-clausura-actividades-virgen-del-carmen-2025\/trofeo-vcarmen-crucero-1o\/'><img decoding=\"async\" width=\"850\" height=\"699\" src=\"https:\/\/www.realclubmaritimomelilla.es\/clmar\/wp-content\/uploads\/TROFEO-VCARMEN-crucero-1o-jpg.webp\" class=\"attachment-full size-full\" alt=\"\" srcset=\"https:\/\/www.realclubmaritimomelilla.es\/clmar\/wp-content\/uploads\/TROFEO-VCARMEN-crucero-1o-200x164.webp 200w, https:\/\/www.realclubmaritimomelilla.es\/clmar\/wp-content\/uploads\/TROFEO-VCARMEN-crucero-1o-300x247.webp 300w, https:\/\/www.realclubmaritimomelilla.es\/clmar\/wp-content\/uploads\/TROFEO-VCARMEN-crucero-1o-400x329.webp 400w, https:\/\/www.realclubmaritimomelilla.es\/clmar\/wp-content\/uploads\/TROFEO-VCARMEN-crucero-1o-600x493.webp 600w, https:\/\/www.realclubmaritimomelilla.es\/clmar\/wp-content\/uploads\/TROFEO-VCARMEN-crucero-1o-768x632.webp 768w, https:\/\/www.realclubmaritimomelilla.es\/clmar\/wp-content\/uploads\/TROFEO-VCARMEN-crucero-1o-800x658.webp 800w, https:\/\/www.realclubmaritimomelilla.es\/clmar\/wp-content\/uploads\/TROFEO-VCARMEN-crucero-1o-jpg.webp 850w\" sizes=\"(max-width: 850px) 100vw, 850px\" \/><\/a>\n\t\t\t<\/dt><\/dl><dl class='gallery-item'>\n\t\t\t<dt class='gallery-icon landscape'>\n\t\t\t\t<a data-rel=\"iLightbox[postimages]\" data-title=\"TROFEO VCARMEN crucero 2\u00ba\" data-caption=\"\" href='https:\/\/www.realclubmaritimomelilla.es\/clmar\/el-real-club-maritimo-de-melilla-clausura-actividades-virgen-del-carmen-2025\/trofeo-vcarmen-crucero-2o\/'><img decoding=\"async\" width=\"850\" height=\"838\" src=\"https:\/\/www.realclubmaritimomelilla.es\/clmar\/wp-content\/uploads\/TROFEO-VCARMEN-crucero-2o-jpg.webp\" class=\"attachment-full size-full\" alt=\"\" srcset=\"https:\/\/www.realclubmaritimomelilla.es\/clmar\/wp-content\/uploads\/TROFEO-VCARMEN-crucero-2o-66x66.webp 66w, https:\/\/www.realclubmaritimomelilla.es\/clmar\/wp-content\/uploads\/TROFEO-VCARMEN-crucero-2o-200x197.webp 200w, https:\/\/www.realclubmaritimomelilla.es\/clmar\/wp-content\/uploads\/TROFEO-VCARMEN-crucero-2o-300x296.webp 300w, https:\/\/www.realclubmaritimomelilla.es\/clmar\/wp-content\/uploads\/TROFEO-VCARMEN-crucero-2o-400x394.webp 400w, https:\/\/www.realclubmaritimomelilla.es\/clmar\/wp-content\/uploads\/TROFEO-VCARMEN-crucero-2o-600x592.webp 600w, https:\/\/www.realclubmaritimomelilla.es\/clmar\/wp-content\/uploads\/TROFEO-VCARMEN-crucero-2o-768x757.webp 768w, https:\/\/www.realclubmaritimomelilla.es\/clmar\/wp-content\/uploads\/TROFEO-VCARMEN-crucero-2o-800x789.webp 800w, https:\/\/www.realclubmaritimomelilla.es\/clmar\/wp-content\/uploads\/TROFEO-VCARMEN-crucero-2o-jpg.webp 850w\" sizes=\"(max-width: 850px) 100vw, 850px\" \/><\/a>\n\t\t\t<\/dt><\/dl><dl class='gallery-item'>\n\t\t\t<dt class='gallery-icon landscape'>\n\t\t\t\t<a data-rel=\"iLightbox[postimages]\" data-title=\"TROFEO VCARMEN crucero 3\u00ba\" data-caption=\"\" href='https:\/\/www.realclubmaritimomelilla.es\/clmar\/el-real-club-maritimo-de-melilla-clausura-actividades-virgen-del-carmen-2025\/trofeo-vcarmen-crucero-3o\/'><img decoding=\"async\" width=\"850\" height=\"806\" src=\"https:\/\/www.realclubmaritimomelilla.es\/clmar\/wp-content\/uploads\/TROFEO-VCARMEN-crucero-3o-jpg.webp\" class=\"attachment-full size-full\" alt=\"\" srcset=\"https:\/\/www.realclubmaritimomelilla.es\/clmar\/wp-content\/uploads\/TROFEO-VCARMEN-crucero-3o-200x190.webp 200w, https:\/\/www.realclubmaritimomelilla.es\/clmar\/wp-content\/uploads\/TROFEO-VCARMEN-crucero-3o-300x284.webp 300w, https:\/\/www.realclubmaritimomelilla.es\/clmar\/wp-content\/uploads\/TROFEO-VCARMEN-crucero-3o-400x379.webp 400w, https:\/\/www.realclubmaritimomelilla.es\/clmar\/wp-content\/uploads\/TROFEO-VCARMEN-crucero-3o-600x569.webp 600w, https:\/\/www.realclubmaritimomelilla.es\/clmar\/wp-content\/uploads\/TROFEO-VCARMEN-crucero-3o-768x728.webp 768w, https:\/\/www.realclubmaritimomelilla.es\/clmar\/wp-content\/uploads\/TROFEO-VCARMEN-crucero-3o-800x759.webp 800w, https:\/\/www.realclubmaritimomelilla.es\/clmar\/wp-content\/uploads\/TROFEO-VCARMEN-crucero-3o-jpg.webp 850w\" sizes=\"(max-width: 850px) 100vw, 850px\" \/><\/a>\n\t\t\t<\/dt><\/dl><br style=\"clear: both\" \/><dl class='gallery-item'>\n\t\t\t<dt class='gallery-icon landscape'>\n\t\t\t\t<a data-rel=\"iLightbox[postimages]\" data-title=\"TROFEO VCARMEN flota iniciaci\u00f3n\" data-caption=\"\" href='https:\/\/www.realclubmaritimomelilla.es\/clmar\/el-real-club-maritimo-de-melilla-clausura-actividades-virgen-del-carmen-2025\/trofeo-vcarmen-flota-iniciacion\/'><img decoding=\"async\" width=\"850\" height=\"490\" src=\"https:\/\/www.realclubmaritimomelilla.es\/clmar\/wp-content\/uploads\/TROFEO-VCARMEN-flota-iniciacion-jpg.webp\" class=\"attachment-full size-full\" alt=\"\" srcset=\"https:\/\/www.realclubmaritimomelilla.es\/clmar\/wp-content\/uploads\/TROFEO-VCARMEN-flota-iniciacion-200x115.webp 200w, https:\/\/www.realclubmaritimomelilla.es\/clmar\/wp-content\/uploads\/TROFEO-VCARMEN-flota-iniciacion-300x173.webp 300w, https:\/\/www.realclubmaritimomelilla.es\/clmar\/wp-content\/uploads\/TROFEO-VCARMEN-flota-iniciacion-400x231.webp 400w, https:\/\/www.realclubmaritimomelilla.es\/clmar\/wp-content\/uploads\/TROFEO-VCARMEN-flota-iniciacion-600x346.webp 600w, https:\/\/www.realclubmaritimomelilla.es\/clmar\/wp-content\/uploads\/TROFEO-VCARMEN-flota-iniciacion-768x443.webp 768w, https:\/\/www.realclubmaritimomelilla.es\/clmar\/wp-content\/uploads\/TROFEO-VCARMEN-flota-iniciacion-800x461.webp 800w, https:\/\/www.realclubmaritimomelilla.es\/clmar\/wp-content\/uploads\/TROFEO-VCARMEN-flota-iniciacion-jpg.webp 850w\" sizes=\"(max-width: 850px) 100vw, 850px\" \/><\/a>\n\t\t\t<\/dt><\/dl><dl class='gallery-item'>\n\t\t\t<dt class='gallery-icon landscape'>\n\t\t\t\t<a data-rel=\"iLightbox[postimages]\" data-title=\"TROFEO VCARMEN optimist general 1\u00ba\" data-caption=\"\" href='https:\/\/www.realclubmaritimomelilla.es\/clmar\/el-real-club-maritimo-de-melilla-clausura-actividades-virgen-del-carmen-2025\/trofeo-vcarmen-optimist-general-1o\/'><img decoding=\"async\" width=\"850\" height=\"821\" src=\"https:\/\/www.realclubmaritimomelilla.es\/clmar\/wp-content\/uploads\/TROFEO-VCARMEN-optimist-general-1o-jpg.webp\" class=\"attachment-full size-full\" alt=\"\" srcset=\"https:\/\/www.realclubmaritimomelilla.es\/clmar\/wp-content\/uploads\/TROFEO-VCARMEN-optimist-general-1o-200x193.webp 200w, https:\/\/www.realclubmaritimomelilla.es\/clmar\/wp-content\/uploads\/TROFEO-VCARMEN-optimist-general-1o-300x290.webp 300w, https:\/\/www.realclubmaritimomelilla.es\/clmar\/wp-content\/uploads\/TROFEO-VCARMEN-optimist-general-1o-400x386.webp 400w, https:\/\/www.realclubmaritimomelilla.es\/clmar\/wp-content\/uploads\/TROFEO-VCARMEN-optimist-general-1o-600x580.webp 600w, https:\/\/www.realclubmaritimomelilla.es\/clmar\/wp-content\/uploads\/TROFEO-VCARMEN-optimist-general-1o-768x742.webp 768w, https:\/\/www.realclubmaritimomelilla.es\/clmar\/wp-content\/uploads\/TROFEO-VCARMEN-optimist-general-1o-800x773.webp 800w, https:\/\/www.realclubmaritimomelilla.es\/clmar\/wp-content\/uploads\/TROFEO-VCARMEN-optimist-general-1o-jpg.webp 850w\" sizes=\"(max-width: 850px) 100vw, 850px\" \/><\/a>\n\t\t\t<\/dt><\/dl><dl class='gallery-item'>\n\t\t\t<dt class='gallery-icon landscape'>\n\t\t\t\t<a data-rel=\"iLightbox[postimages]\" data-title=\"TROFEO VCARMEN optimist general 2\u00ba\" data-caption=\"\" href='https:\/\/www.realclubmaritimomelilla.es\/clmar\/el-real-club-maritimo-de-melilla-clausura-actividades-virgen-del-carmen-2025\/trofeo-vcarmen-optimist-general-2o\/'><img decoding=\"async\" width=\"850\" height=\"733\" src=\"https:\/\/www.realclubmaritimomelilla.es\/clmar\/wp-content\/uploads\/TROFEO-VCARMEN-optimist-general-2o-jpg.webp\" class=\"attachment-full size-full\" alt=\"\" srcset=\"https:\/\/www.realclubmaritimomelilla.es\/clmar\/wp-content\/uploads\/TROFEO-VCARMEN-optimist-general-2o-200x172.webp 200w, https:\/\/www.realclubmaritimomelilla.es\/clmar\/wp-content\/uploads\/TROFEO-VCARMEN-optimist-general-2o-300x259.webp 300w, https:\/\/www.realclubmaritimomelilla.es\/clmar\/wp-content\/uploads\/TROFEO-VCARMEN-optimist-general-2o-400x345.webp 400w, https:\/\/www.realclubmaritimomelilla.es\/clmar\/wp-content\/uploads\/TROFEO-VCARMEN-optimist-general-2o-600x517.webp 600w, https:\/\/www.realclubmaritimomelilla.es\/clmar\/wp-content\/uploads\/TROFEO-VCARMEN-optimist-general-2o-768x662.webp 768w, https:\/\/www.realclubmaritimomelilla.es\/clmar\/wp-content\/uploads\/TROFEO-VCARMEN-optimist-general-2o-800x690.webp 800w, https:\/\/www.realclubmaritimomelilla.es\/clmar\/wp-content\/uploads\/TROFEO-VCARMEN-optimist-general-2o-jpg.webp 850w\" sizes=\"(max-width: 850px) 100vw, 850px\" \/><\/a>\n\t\t\t<\/dt><\/dl><br style=\"clear: both\" \/><dl class='gallery-item'>\n\t\t\t<dt class='gallery-icon portrait'>\n\t\t\t\t<a data-rel=\"iLightbox[postimages]\" data-title=\"TROFEO VCARMEN optimist general 3\u00aa\" data-caption=\"\" href='https:\/\/www.realclubmaritimomelilla.es\/clmar\/el-real-club-maritimo-de-melilla-clausura-actividades-virgen-del-carmen-2025\/trofeo-vcarmen-optimist-general-3a\/'><img decoding=\"async\" width=\"850\" height=\"900\" src=\"https:\/\/www.realclubmaritimomelilla.es\/clmar\/wp-content\/uploads\/TROFEO-VCARMEN-optimist-general-3a-jpg.webp\" class=\"attachment-full size-full\" alt=\"\" srcset=\"https:\/\/www.realclubmaritimomelilla.es\/clmar\/wp-content\/uploads\/TROFEO-VCARMEN-optimist-general-3a-200x212.webp 200w, https:\/\/www.realclubmaritimomelilla.es\/clmar\/wp-content\/uploads\/TROFEO-VCARMEN-optimist-general-3a-283x300.webp 283w, https:\/\/www.realclubmaritimomelilla.es\/clmar\/wp-content\/uploads\/TROFEO-VCARMEN-optimist-general-3a-400x424.webp 400w, https:\/\/www.realclubmaritimomelilla.es\/clmar\/wp-content\/uploads\/TROFEO-VCARMEN-optimist-general-3a-600x635.webp 600w, https:\/\/www.realclubmaritimomelilla.es\/clmar\/wp-content\/uploads\/TROFEO-VCARMEN-optimist-general-3a-768x813.webp 768w, https:\/\/www.realclubmaritimomelilla.es\/clmar\/wp-content\/uploads\/TROFEO-VCARMEN-optimist-general-3a-800x847.webp 800w, https:\/\/www.realclubmaritimomelilla.es\/clmar\/wp-content\/uploads\/TROFEO-VCARMEN-optimist-general-3a-jpg.webp 850w\" sizes=\"(max-width: 850px) 100vw, 850px\" \/><\/a>\n\t\t\t<\/dt><\/dl><dl class='gallery-item'>\n\t\t\t<dt class='gallery-icon landscape'>\n\t\t\t\t<a data-rel=\"iLightbox[postimages]\" data-title=\"TROFEO VCARMEN optimist sbu11 1\u00ba\" data-caption=\"\" href='https:\/\/www.realclubmaritimomelilla.es\/clmar\/el-real-club-maritimo-de-melilla-clausura-actividades-virgen-del-carmen-2025\/trofeo-vcarmen-optimist-sbu11-1o\/'><img decoding=\"async\" width=\"850\" height=\"747\" src=\"https:\/\/www.realclubmaritimomelilla.es\/clmar\/wp-content\/uploads\/TROFEO-VCARMEN-optimist-sbu11-1o-jpg.webp\" class=\"attachment-full size-full\" alt=\"\" srcset=\"https:\/\/www.realclubmaritimomelilla.es\/clmar\/wp-content\/uploads\/TROFEO-VCARMEN-optimist-sbu11-1o-200x176.webp 200w, https:\/\/www.realclubmaritimomelilla.es\/clmar\/wp-content\/uploads\/TROFEO-VCARMEN-optimist-sbu11-1o-300x264.webp 300w, https:\/\/www.realclubmaritimomelilla.es\/clmar\/wp-content\/uploads\/TROFEO-VCARMEN-optimist-sbu11-1o-400x352.webp 400w, https:\/\/www.realclubmaritimomelilla.es\/clmar\/wp-content\/uploads\/TROFEO-VCARMEN-optimist-sbu11-1o-600x527.webp 600w, https:\/\/www.realclubmaritimomelilla.es\/clmar\/wp-content\/uploads\/TROFEO-VCARMEN-optimist-sbu11-1o-768x675.webp 768w, https:\/\/www.realclubmaritimomelilla.es\/clmar\/wp-content\/uploads\/TROFEO-VCARMEN-optimist-sbu11-1o-800x703.webp 800w, https:\/\/www.realclubmaritimomelilla.es\/clmar\/wp-content\/uploads\/TROFEO-VCARMEN-optimist-sbu11-1o-jpg.webp 850w\" sizes=\"(max-width: 850px) 100vw, 850px\" \/><\/a>\n\t\t\t<\/dt><\/dl><dl class='gallery-item'>\n\t\t\t<dt class='gallery-icon portrait'>\n\t\t\t\t<a data-rel=\"iLightbox[postimages]\" data-title=\"TROFEO VCARMEN optimist sbu11 3\u00aa\" data-caption=\"\" href='https:\/\/www.realclubmaritimomelilla.es\/clmar\/el-real-club-maritimo-de-melilla-clausura-actividades-virgen-del-carmen-2025\/trofeo-vcarmen-optimist-sbu11-3a\/'><img decoding=\"async\" width=\"850\" height=\"873\" src=\"https:\/\/www.realclubmaritimomelilla.es\/clmar\/wp-content\/uploads\/TROFEO-VCARMEN-optimist-sbu11-3a-jpg.webp\" class=\"attachment-full size-full\" alt=\"\" srcset=\"https:\/\/www.realclubmaritimomelilla.es\/clmar\/wp-content\/uploads\/TROFEO-VCARMEN-optimist-sbu11-3a-200x205.webp 200w, https:\/\/www.realclubmaritimomelilla.es\/clmar\/wp-content\/uploads\/TROFEO-VCARMEN-optimist-sbu11-3a-292x300.webp 292w, https:\/\/www.realclubmaritimomelilla.es\/clmar\/wp-content\/uploads\/TROFEO-VCARMEN-optimist-sbu11-3a-400x411.webp 400w, https:\/\/www.realclubmaritimomelilla.es\/clmar\/wp-content\/uploads\/TROFEO-VCARMEN-optimist-sbu11-3a-600x616.webp 600w, https:\/\/www.realclubmaritimomelilla.es\/clmar\/wp-content\/uploads\/TROFEO-VCARMEN-optimist-sbu11-3a-768x789.webp 768w, https:\/\/www.realclubmaritimomelilla.es\/clmar\/wp-content\/uploads\/TROFEO-VCARMEN-optimist-sbu11-3a-800x822.webp 800w, https:\/\/www.realclubmaritimomelilla.es\/clmar\/wp-content\/uploads\/TROFEO-VCARMEN-optimist-sbu11-3a-jpg.webp 850w\" sizes=\"(max-width: 850px) 100vw, 850px\" \/><\/a>\n\t\t\t<\/dt><\/dl><br style=\"clear: both\" \/><dl class='gallery-item'>\n\t\t\t<dt class='gallery-icon portrait'>\n\t\t\t\t<a data-rel=\"iLightbox[postimages]\" data-title=\"TROFEO VCARMEN optimist sbu13 1\u00ba\" data-caption=\"\" href='https:\/\/www.realclubmaritimomelilla.es\/clmar\/el-real-club-maritimo-de-melilla-clausura-actividades-virgen-del-carmen-2025\/trofeo-vcarmen-optimist-sbu13-1o\/'><img decoding=\"async\" width=\"850\" height=\"972\" src=\"https:\/\/www.realclubmaritimomelilla.es\/clmar\/wp-content\/uploads\/TROFEO-VCARMEN-optimist-sbu13-1o-jpg.webp\" class=\"attachment-full size-full\" alt=\"\" srcset=\"https:\/\/www.realclubmaritimomelilla.es\/clmar\/wp-content\/uploads\/TROFEO-VCARMEN-optimist-sbu13-1o-200x229.webp 200w, https:\/\/www.realclubmaritimomelilla.es\/clmar\/wp-content\/uploads\/TROFEO-VCARMEN-optimist-sbu13-1o-262x300.webp 262w, https:\/\/www.realclubmaritimomelilla.es\/clmar\/wp-content\/uploads\/TROFEO-VCARMEN-optimist-sbu13-1o-400x457.webp 400w, https:\/\/www.realclubmaritimomelilla.es\/clmar\/wp-content\/uploads\/TROFEO-VCARMEN-optimist-sbu13-1o-600x686.webp 600w, https:\/\/www.realclubmaritimomelilla.es\/clmar\/wp-content\/uploads\/TROFEO-VCARMEN-optimist-sbu13-1o-768x878.webp 768w, https:\/\/www.realclubmaritimomelilla.es\/clmar\/wp-content\/uploads\/TROFEO-VCARMEN-optimist-sbu13-1o-800x915.webp 800w, https:\/\/www.realclubmaritimomelilla.es\/clmar\/wp-content\/uploads\/TROFEO-VCARMEN-optimist-sbu13-1o-jpg.webp 850w\" sizes=\"(max-width: 850px) 100vw, 850px\" \/><\/a>\n\t\t\t<\/dt><\/dl><dl class='gallery-item'>\n\t\t\t<dt class='gallery-icon landscape'>\n\t\t\t\t<a data-rel=\"iLightbox[postimages]\" data-title=\"TROFEO VCARMEN optimist sbu13 2\u00aa.\" data-caption=\"\" href='https:\/\/www.realclubmaritimomelilla.es\/clmar\/el-real-club-maritimo-de-melilla-clausura-actividades-virgen-del-carmen-2025\/trofeo-vcarmen-optimist-sbu13-2a\/'><img decoding=\"async\" width=\"709\" height=\"687\" src=\"https:\/\/www.realclubmaritimomelilla.es\/clmar\/wp-content\/uploads\/TROFEO-VCARMEN-optimist-sbu13-2a-jpg.webp\" class=\"attachment-full size-full\" alt=\"\" srcset=\"https:\/\/www.realclubmaritimomelilla.es\/clmar\/wp-content\/uploads\/TROFEO-VCARMEN-optimist-sbu13-2a-200x194.webp 200w, https:\/\/www.realclubmaritimomelilla.es\/clmar\/wp-content\/uploads\/TROFEO-VCARMEN-optimist-sbu13-2a-300x291.webp 300w, https:\/\/www.realclubmaritimomelilla.es\/clmar\/wp-content\/uploads\/TROFEO-VCARMEN-optimist-sbu13-2a-400x388.webp 400w, https:\/\/www.realclubmaritimomelilla.es\/clmar\/wp-content\/uploads\/TROFEO-VCARMEN-optimist-sbu13-2a-600x581.webp 600w, https:\/\/www.realclubmaritimomelilla.es\/clmar\/wp-content\/uploads\/TROFEO-VCARMEN-optimist-sbu13-2a-jpg.webp 709w\" sizes=\"(max-width: 709px) 100vw, 709px\" \/><\/a>\n\t\t\t<\/dt><\/dl><dl class='gallery-item'>\n\t\t\t<dt class='gallery-icon landscape'>\n\t\t\t\t<a data-rel=\"iLightbox[postimages]\" data-title=\"TROFEO VCARMEN optimist sbu13 3\u00aa.\" data-caption=\"\" href='https:\/\/www.realclubmaritimomelilla.es\/clmar\/el-real-club-maritimo-de-melilla-clausura-actividades-virgen-del-carmen-2025\/trofeo-vcarmen-optimist-sbu13-3a\/'><img decoding=\"async\" width=\"709\" height=\"614\" src=\"https:\/\/www.realclubmaritimomelilla.es\/clmar\/wp-content\/uploads\/TROFEO-VCARMEN-optimist-sbu13-3a-jpg.webp\" class=\"attachment-full size-full\" alt=\"\" srcset=\"https:\/\/www.realclubmaritimomelilla.es\/clmar\/wp-content\/uploads\/TROFEO-VCARMEN-optimist-sbu13-3a-200x173.webp 200w, https:\/\/www.realclubmaritimomelilla.es\/clmar\/wp-content\/uploads\/TROFEO-VCARMEN-optimist-sbu13-3a-300x260.webp 300w, https:\/\/www.realclubmaritimomelilla.es\/clmar\/wp-content\/uploads\/TROFEO-VCARMEN-optimist-sbu13-3a-400x346.webp 400w, https:\/\/www.realclubmaritimomelilla.es\/clmar\/wp-content\/uploads\/TROFEO-VCARMEN-optimist-sbu13-3a-600x520.webp 600w, https:\/\/www.realclubmaritimomelilla.es\/clmar\/wp-content\/uploads\/TROFEO-VCARMEN-optimist-sbu13-3a-jpg.webp 709w\" sizes=\"(max-width: 709px) 100vw, 709px\" \/><\/a>\n\t\t\t<\/dt><\/dl><br style=\"clear: both\" \/><dl class='gallery-item'>\n\t\t\t<dt class='gallery-icon landscape'>\n\t\t\t\t<a data-rel=\"iLightbox[postimages]\" data-title=\"TROFEO VCARMEN parchis\" data-caption=\"\" href='https:\/\/www.realclubmaritimomelilla.es\/clmar\/el-real-club-maritimo-de-melilla-clausura-actividades-virgen-del-carmen-2025\/trofeo-vcarmen-parchis\/'><img decoding=\"async\" width=\"756\" height=\"569\" src=\"https:\/\/www.realclubmaritimomelilla.es\/clmar\/wp-content\/uploads\/TROFEO-VCARMEN-parchis-jpg.webp\" class=\"attachment-full size-full\" alt=\"\" srcset=\"https:\/\/www.realclubmaritimomelilla.es\/clmar\/wp-content\/uploads\/TROFEO-VCARMEN-parchis-200x151.webp 200w, https:\/\/www.realclubmaritimomelilla.es\/clmar\/wp-content\/uploads\/TROFEO-VCARMEN-parchis-300x226.webp 300w, https:\/\/www.realclubmaritimomelilla.es\/clmar\/wp-content\/uploads\/TROFEO-VCARMEN-parchis-400x301.webp 400w, https:\/\/www.realclubmaritimomelilla.es\/clmar\/wp-content\/uploads\/TROFEO-VCARMEN-parchis-600x452.webp 600w, https:\/\/www.realclubmaritimomelilla.es\/clmar\/wp-content\/uploads\/TROFEO-VCARMEN-parchis-jpg.webp 756w\" sizes=\"(max-width: 756px) 100vw, 756px\" \/><\/a>\n\t\t\t<\/dt><\/dl><dl class='gallery-item'>\n\t\t\t<dt class='gallery-icon landscape'>\n\t\t\t\t<a data-rel=\"iLightbox[postimages]\" data-title=\"TROFEO VCARMEN PESCA EN CANTIL mayor n\u00famero kilos\" data-caption=\"\" href='https:\/\/www.realclubmaritimomelilla.es\/clmar\/el-real-club-maritimo-de-melilla-clausura-actividades-virgen-del-carmen-2025\/trofeo-vcarmen-pesca-en-cantil-mayor-numero-kilos\/'><img decoding=\"async\" width=\"756\" height=\"659\" src=\"https:\/\/www.realclubmaritimomelilla.es\/clmar\/wp-content\/uploads\/TROFEO-VCARMEN-PESCA-EN-CANTIL-mayor-numero-kilos--jpg.webp\" class=\"attachment-full size-full\" alt=\"\" srcset=\"https:\/\/www.realclubmaritimomelilla.es\/clmar\/wp-content\/uploads\/TROFEO-VCARMEN-PESCA-EN-CANTIL-mayor-numero-kilos--200x174.webp 200w, https:\/\/www.realclubmaritimomelilla.es\/clmar\/wp-content\/uploads\/TROFEO-VCARMEN-PESCA-EN-CANTIL-mayor-numero-kilos--300x262.webp 300w, https:\/\/www.realclubmaritimomelilla.es\/clmar\/wp-content\/uploads\/TROFEO-VCARMEN-PESCA-EN-CANTIL-mayor-numero-kilos--400x349.webp 400w, https:\/\/www.realclubmaritimomelilla.es\/clmar\/wp-content\/uploads\/TROFEO-VCARMEN-PESCA-EN-CANTIL-mayor-numero-kilos--600x523.webp 600w, https:\/\/www.realclubmaritimomelilla.es\/clmar\/wp-content\/uploads\/TROFEO-VCARMEN-PESCA-EN-CANTIL-mayor-numero-kilos--jpg.webp 756w\" sizes=\"(max-width: 756px) 100vw, 756px\" \/><\/a>\n\t\t\t<\/dt><\/dl><dl class='gallery-item'>\n\t\t\t<dt class='gallery-icon portrait'>\n\t\t\t\t<a data-rel=\"iLightbox[postimages]\" data-title=\"TROFEO VCARMEN PESCA INFANTIL mayor n\u00famero piezas\" data-caption=\"\" href='https:\/\/www.realclubmaritimomelilla.es\/clmar\/el-real-club-maritimo-de-melilla-clausura-actividades-virgen-del-carmen-2025\/trofeo-vcarmen-pesca-infantil-mayor-numero-piezas\/'><img decoding=\"async\" width=\"751\" height=\"795\" src=\"https:\/\/www.realclubmaritimomelilla.es\/clmar\/wp-content\/uploads\/TROFEO-VCARMEN-PESCA-INFANTIL-mayor-numero-piezas-jpg.webp\" class=\"attachment-full size-full\" alt=\"\" srcset=\"https:\/\/www.realclubmaritimomelilla.es\/clmar\/wp-content\/uploads\/TROFEO-VCARMEN-PESCA-INFANTIL-mayor-numero-piezas-200x212.webp 200w, https:\/\/www.realclubmaritimomelilla.es\/clmar\/wp-content\/uploads\/TROFEO-VCARMEN-PESCA-INFANTIL-mayor-numero-piezas-283x300.webp 283w, https:\/\/www.realclubmaritimomelilla.es\/clmar\/wp-content\/uploads\/TROFEO-VCARMEN-PESCA-INFANTIL-mayor-numero-piezas-400x423.webp 400w, https:\/\/www.realclubmaritimomelilla.es\/clmar\/wp-content\/uploads\/TROFEO-VCARMEN-PESCA-INFANTIL-mayor-numero-piezas-600x635.webp 600w, https:\/\/www.realclubmaritimomelilla.es\/clmar\/wp-content\/uploads\/TROFEO-VCARMEN-PESCA-INFANTIL-mayor-numero-piezas-jpg.webp 751w\" sizes=\"(max-width: 751px) 100vw, 751px\" \/><\/a>\n\t\t\t<\/dt><\/dl><br style=\"clear: both\" \/><dl class='gallery-item'>\n\t\t\t<dt class='gallery-icon landscape'>\n\t\t\t\t<a data-rel=\"iLightbox[postimages]\" data-title=\"TROFEO VCARMEN snipe 1\u00ba\" data-caption=\"\" href='https:\/\/www.realclubmaritimomelilla.es\/clmar\/el-real-club-maritimo-de-melilla-clausura-actividades-virgen-del-carmen-2025\/trofeo-vcarmen-snipe-1o\/'><img decoding=\"async\" width=\"709\" height=\"490\" src=\"https:\/\/www.realclubmaritimomelilla.es\/clmar\/wp-content\/uploads\/TROFEO-VCARMEN-snipe-1o-jpg.webp\" class=\"attachment-full size-full\" alt=\"\" srcset=\"https:\/\/www.realclubmaritimomelilla.es\/clmar\/wp-content\/uploads\/TROFEO-VCARMEN-snipe-1o-200x138.webp 200w, https:\/\/www.realclubmaritimomelilla.es\/clmar\/wp-content\/uploads\/TROFEO-VCARMEN-snipe-1o-300x207.webp 300w, https:\/\/www.realclubmaritimomelilla.es\/clmar\/wp-content\/uploads\/TROFEO-VCARMEN-snipe-1o-400x276.webp 400w, https:\/\/www.realclubmaritimomelilla.es\/clmar\/wp-content\/uploads\/TROFEO-VCARMEN-snipe-1o-600x415.webp 600w, https:\/\/www.realclubmaritimomelilla.es\/clmar\/wp-content\/uploads\/TROFEO-VCARMEN-snipe-1o-jpg.webp 709w\" sizes=\"(max-width: 709px) 100vw, 709px\" \/><\/a>\n\t\t\t<\/dt><\/dl><dl class='gallery-item'>\n\t\t\t<dt class='gallery-icon landscape'>\n\t\t\t\t<a data-rel=\"iLightbox[postimages]\" data-title=\"TROFEO VCARMEN snipe 2\u00ba\" data-caption=\"\" href='https:\/\/www.realclubmaritimomelilla.es\/clmar\/el-real-club-maritimo-de-melilla-clausura-actividades-virgen-del-carmen-2025\/trofeo-vcarmen-snipe-2o\/'><img decoding=\"async\" width=\"709\" height=\"509\" src=\"https:\/\/www.realclubmaritimomelilla.es\/clmar\/wp-content\/uploads\/TROFEO-VCARMEN-snipe-2o-jpg.webp\" class=\"attachment-full size-full\" alt=\"\" srcset=\"https:\/\/www.realclubmaritimomelilla.es\/clmar\/wp-content\/uploads\/TROFEO-VCARMEN-snipe-2o-200x144.webp 200w, https:\/\/www.realclubmaritimomelilla.es\/clmar\/wp-content\/uploads\/TROFEO-VCARMEN-snipe-2o-300x214.webp 300w, https:\/\/www.realclubmaritimomelilla.es\/clmar\/wp-content\/uploads\/TROFEO-VCARMEN-snipe-2o-400x287.webp 400w, https:\/\/www.realclubmaritimomelilla.es\/clmar\/wp-content\/uploads\/TROFEO-VCARMEN-snipe-2o-600x431.webp 600w, https:\/\/www.realclubmaritimomelilla.es\/clmar\/wp-content\/uploads\/TROFEO-VCARMEN-snipe-2o-jpg.webp 709w\" sizes=\"(max-width: 709px) 100vw, 709px\" \/><\/a>\n\t\t\t<\/dt><\/dl><dl class='gallery-item'>\n\t\t\t<dt class='gallery-icon landscape'>\n\t\t\t\t<a data-rel=\"iLightbox[postimages]\" data-title=\"TROFEO VCARMEN snipe 3\u00ba\" data-caption=\"\" href='https:\/\/www.realclubmaritimomelilla.es\/clmar\/el-real-club-maritimo-de-melilla-clausura-actividades-virgen-del-carmen-2025\/trofeo-vcarmen-snipe-3o\/'><img decoding=\"async\" width=\"709\" height=\"514\" src=\"https:\/\/www.realclubmaritimomelilla.es\/clmar\/wp-content\/uploads\/TROFEO-VCARMEN-snipe-3o-jpg.webp\" class=\"attachment-full size-full\" alt=\"\" srcset=\"https:\/\/www.realclubmaritimomelilla.es\/clmar\/wp-content\/uploads\/TROFEO-VCARMEN-snipe-3o-200x145.webp 200w, https:\/\/www.realclubmaritimomelilla.es\/clmar\/wp-content\/uploads\/TROFEO-VCARMEN-snipe-3o-300x217.webp 300w, https:\/\/www.realclubmaritimomelilla.es\/clmar\/wp-content\/uploads\/TROFEO-VCARMEN-snipe-3o-400x290.webp 400w, https:\/\/www.realclubmaritimomelilla.es\/clmar\/wp-content\/uploads\/TROFEO-VCARMEN-snipe-3o-600x435.webp 600w, https:\/\/www.realclubmaritimomelilla.es\/clmar\/wp-content\/uploads\/TROFEO-VCARMEN-snipe-3o-jpg.webp 709w\" sizes=\"(max-width: 709px) 100vw, 709px\" \/><\/a>\n\t\t\t<\/dt><\/dl><br style=\"clear: both\" \/>\n\t\t<\/div>\n<\/p>\n","protected":false},"excerpt":{"rendered":"<p>El Real Club Mar\u00edtimo de Melilla ha clausurado las distintas actividades, que cada a\u00f1o lleva a cabo, en honor a la Virgen del Carmen con su entrega de trofeos a los mejores clasificados.\u00a0\u00a0Este acto, que se desarroll\u00f3 en uno de los salones interiores de la entidad, cont\u00f3 con la participaci\u00f3n del presidente del RCMM, Jer\u00f3nimo [&hellip;]<\/p>\n","protected":false},"author":1,"featured_media":25602,"comment_status":"open","ping_status":"open","sticky":false,"template":"","format":"standard","meta":{"_acf_changed":false,"footnotes":""},"categories":[40,42],"tags":[],"class_list":["post-25580","post","type-post","status-publish","format-standard","has-post-thumbnail","hentry","category-club","category-trofeos"],"acf":[],"yoast_head":"<!-- This site is optimized with the Yoast SEO plugin v27.5 - https:\/\/yoast.com\/product\/yoast-seo-wordpress\/ -->\n<title>El RCMM clausura actividades Virgen del Carmen 2025 - Real Club Mar\u00edtimo de Melilla<\/title>\n<meta name=\"description\" content=\"El RCMM ha clausurado las distintas actividades en honor a la Virgen del Carmen con su entrega de trofeos a los mejores clasificados.\" \/>\n<meta name=\"robots\" content=\"index, follow, max-snippet:-1, max-image-preview:large, max-video-preview:-1\" \/>\n<link rel=\"canonical\" href=\"https:\/\/www.realclubmaritimomelilla.es\/clmar\/el-real-club-maritimo-de-melilla-clausura-actividades-virgen-del-carmen-2025\/\" \/>\n<meta property=\"og:locale\" content=\"es_ES\" \/>\n<meta property=\"og:type\" content=\"article\" \/>\n<meta property=\"og:title\" content=\"El RCMM clausura actividades Virgen del Carmen 2025 - Real Club Mar\u00edtimo de Melilla\" \/>\n<meta property=\"og:description\" content=\"El RCMM ha clausurado las distintas actividades en honor a la Virgen del Carmen con su entrega de trofeos a los mejores clasificados.\" \/>\n<meta property=\"og:url\" content=\"https:\/\/www.realclubmaritimomelilla.es\/clmar\/el-real-club-maritimo-de-melilla-clausura-actividades-virgen-del-carmen-2025\/\" \/>\n<meta property=\"og:site_name\" content=\"Real Club Mar\u00edtimo de Melilla\" \/>\n<meta property=\"article:publisher\" content=\"https:\/\/www.facebook.com\/Real-Club-Mar%c3%adtimo-de-Melilla-588495841234214\/\" \/>\n<meta property=\"article:published_time\" content=\"2025-07-13T14:11:23+00:00\" \/>\n<meta property=\"article:modified_time\" content=\"2025-07-15T07:39:07+00:00\" \/>\n<meta property=\"og:image\" content=\"https:\/\/www.realclubmaritimomelilla.es\/clmar\/wp-content\/uploads\/Flota-de-Vela-1-jpg.webp\" \/>\n\t<meta property=\"og:image:width\" content=\"1417\" \/>\n\t<meta property=\"og:image:height\" content=\"669\" \/>\n\t<meta property=\"og:image:type\" content=\"image\/jpeg\" \/>\n<meta name=\"author\" content=\"RCMMelilla\" \/>\n<meta name=\"twitter:card\" content=\"summary_large_image\" \/>\n<meta name=\"twitter:creator\" content=\"@nauticarcmm\" \/>\n<meta name=\"twitter:site\" content=\"@nauticarcmm\" \/>\n<meta name=\"twitter:label1\" content=\"Escrito por\" \/>\n\t<meta name=\"twitter:data1\" content=\"RCMMelilla\" \/>\n\t<meta name=\"twitter:label2\" content=\"Tiempo de lectura\" \/>\n\t<meta name=\"twitter:data2\" content=\"3 minutos\" \/>\n<script type=\"application\/ld+json\" class=\"yoast-schema-graph\">{\"@context\":\"https:\\\/\\\/schema.org\",\"@graph\":[{\"@type\":\"Article\",\"@id\":\"https:\\\/\\\/www.realclubmaritimomelilla.es\\\/clmar\\\/el-real-club-maritimo-de-melilla-clausura-actividades-virgen-del-carmen-2025\\\/#article\",\"isPartOf\":{\"@id\":\"https:\\\/\\\/www.realclubmaritimomelilla.es\\\/clmar\\\/el-real-club-maritimo-de-melilla-clausura-actividades-virgen-del-carmen-2025\\\/\"},\"author\":{\"name\":\"RCMMelilla\",\"@id\":\"https:\\\/\\\/www.realclubmaritimomelilla.es\\\/clmar\\\/#\\\/schema\\\/person\\\/ebaa3713496dc6d48c872452e73a8e79\"},\"headline\":\"El RCMM clausura actividades Virgen del Carmen 2025\",\"datePublished\":\"2025-07-13T14:11:23+00:00\",\"dateModified\":\"2025-07-15T07:39:07+00:00\",\"mainEntityOfPage\":{\"@id\":\"https:\\\/\\\/www.realclubmaritimomelilla.es\\\/clmar\\\/el-real-club-maritimo-de-melilla-clausura-actividades-virgen-del-carmen-2025\\\/\"},\"wordCount\":605,\"commentCount\":0,\"publisher\":{\"@id\":\"https:\\\/\\\/www.realclubmaritimomelilla.es\\\/clmar\\\/#organization\"},\"image\":{\"@id\":\"https:\\\/\\\/www.realclubmaritimomelilla.es\\\/clmar\\\/el-real-club-maritimo-de-melilla-clausura-actividades-virgen-del-carmen-2025\\\/#primaryimage\"},\"thumbnailUrl\":\"https:\\\/\\\/www.realclubmaritimomelilla.es\\\/clmar\\\/wp-content\\\/uploads\\\/Flota-de-Vela-1-jpg.webp\",\"articleSection\":[\"Club\",\"Trofeos\"],\"inLanguage\":\"es\",\"potentialAction\":[{\"@type\":\"CommentAction\",\"name\":\"Comment\",\"target\":[\"https:\\\/\\\/www.realclubmaritimomelilla.es\\\/clmar\\\/el-real-club-maritimo-de-melilla-clausura-actividades-virgen-del-carmen-2025\\\/#respond\"]}]},{\"@type\":\"WebPage\",\"@id\":\"https:\\\/\\\/www.realclubmaritimomelilla.es\\\/clmar\\\/el-real-club-maritimo-de-melilla-clausura-actividades-virgen-del-carmen-2025\\\/\",\"url\":\"https:\\\/\\\/www.realclubmaritimomelilla.es\\\/clmar\\\/el-real-club-maritimo-de-melilla-clausura-actividades-virgen-del-carmen-2025\\\/\",\"name\":\"El RCMM clausura actividades Virgen del Carmen 2025 - Real Club Mar\u00edtimo de Melilla\",\"isPartOf\":{\"@id\":\"https:\\\/\\\/www.realclubmaritimomelilla.es\\\/clmar\\\/#website\"},\"primaryImageOfPage\":{\"@id\":\"https:\\\/\\\/www.realclubmaritimomelilla.es\\\/clmar\\\/el-real-club-maritimo-de-melilla-clausura-actividades-virgen-del-carmen-2025\\\/#primaryimage\"},\"image\":{\"@id\":\"https:\\\/\\\/www.realclubmaritimomelilla.es\\\/clmar\\\/el-real-club-maritimo-de-melilla-clausura-actividades-virgen-del-carmen-2025\\\/#primaryimage\"},\"thumbnailUrl\":\"https:\\\/\\\/www.realclubmaritimomelilla.es\\\/clmar\\\/wp-content\\\/uploads\\\/Flota-de-Vela-1-jpg.webp\",\"datePublished\":\"2025-07-13T14:11:23+00:00\",\"dateModified\":\"2025-07-15T07:39:07+00:00\",\"description\":\"El RCMM ha clausurado las distintas actividades en honor a la Virgen del Carmen con su entrega de trofeos a los mejores clasificados.\",\"breadcrumb\":{\"@id\":\"https:\\\/\\\/www.realclubmaritimomelilla.es\\\/clmar\\\/el-real-club-maritimo-de-melilla-clausura-actividades-virgen-del-carmen-2025\\\/#breadcrumb\"},\"inLanguage\":\"es\",\"potentialAction\":[{\"@type\":\"ReadAction\",\"target\":[\"https:\\\/\\\/www.realclubmaritimomelilla.es\\\/clmar\\\/el-real-club-maritimo-de-melilla-clausura-actividades-virgen-del-carmen-2025\\\/\"]}]},{\"@type\":\"ImageObject\",\"inLanguage\":\"es\",\"@id\":\"https:\\\/\\\/www.realclubmaritimomelilla.es\\\/clmar\\\/el-real-club-maritimo-de-melilla-clausura-actividades-virgen-del-carmen-2025\\\/#primaryimage\",\"url\":\"https:\\\/\\\/www.realclubmaritimomelilla.es\\\/clmar\\\/wp-content\\\/uploads\\\/Flota-de-Vela-1-jpg.webp\",\"contentUrl\":\"https:\\\/\\\/www.realclubmaritimomelilla.es\\\/clmar\\\/wp-content\\\/uploads\\\/Flota-de-Vela-1-jpg.webp\",\"width\":1417,\"height\":669},{\"@type\":\"BreadcrumbList\",\"@id\":\"https:\\\/\\\/www.realclubmaritimomelilla.es\\\/clmar\\\/el-real-club-maritimo-de-melilla-clausura-actividades-virgen-del-carmen-2025\\\/#breadcrumb\",\"itemListElement\":[{\"@type\":\"ListItem\",\"position\":1,\"name\":\"Portada\",\"item\":\"https:\\\/\\\/www.realclubmaritimomelilla.es\\\/clmar\\\/\"},{\"@type\":\"ListItem\",\"position\":2,\"name\":\"El RCMM clausura actividades Virgen del Carmen 2025\"}]},{\"@type\":\"WebSite\",\"@id\":\"https:\\\/\\\/www.realclubmaritimomelilla.es\\\/clmar\\\/#website\",\"url\":\"https:\\\/\\\/www.realclubmaritimomelilla.es\\\/clmar\\\/\",\"name\":\"Real Club Mar\u00edtimo de Melilla\",\"description\":\"RCMM\",\"publisher\":{\"@id\":\"https:\\\/\\\/www.realclubmaritimomelilla.es\\\/clmar\\\/#organization\"},\"alternateName\":\"RCMM\",\"potentialAction\":[{\"@type\":\"SearchAction\",\"target\":{\"@type\":\"EntryPoint\",\"urlTemplate\":\"https:\\\/\\\/www.realclubmaritimomelilla.es\\\/clmar\\\/?s={search_term_string}\"},\"query-input\":{\"@type\":\"PropertyValueSpecification\",\"valueRequired\":true,\"valueName\":\"search_term_string\"}}],\"inLanguage\":\"es\"},{\"@type\":\"Organization\",\"@id\":\"https:\\\/\\\/www.realclubmaritimomelilla.es\\\/clmar\\\/#organization\",\"name\":\"Real Club Mar\u00edtimo de Melilla\",\"alternateName\":\"RCMM\",\"url\":\"https:\\\/\\\/www.realclubmaritimomelilla.es\\\/clmar\\\/\",\"logo\":{\"@type\":\"ImageObject\",\"inLanguage\":\"es\",\"@id\":\"https:\\\/\\\/www.realclubmaritimomelilla.es\\\/clmar\\\/#\\\/schema\\\/logo\\\/image\\\/\",\"url\":\"https:\\\/\\\/www.realclubmaritimomelilla.es\\\/clmar\\\/wp-content\\\/uploads\\\/logo-club-original-copia.jpg\",\"contentUrl\":\"https:\\\/\\\/www.realclubmaritimomelilla.es\\\/clmar\\\/wp-content\\\/uploads\\\/logo-club-original-copia.jpg\",\"width\":128,\"height\":89,\"caption\":\"Real Club Mar\u00edtimo de Melilla\"},\"image\":{\"@id\":\"https:\\\/\\\/www.realclubmaritimomelilla.es\\\/clmar\\\/#\\\/schema\\\/logo\\\/image\\\/\"},\"sameAs\":[\"https:\\\/\\\/www.facebook.com\\\/Real-Club-Mar\u00edtimo-de-Melilla-588495841234214\\\/\",\"https:\\\/\\\/x.com\\\/nauticarcmm\",\"https:\\\/\\\/www.instagram.com\\\/club_maritimo_melilla\\\/\",\"https:\\\/\\\/www.youtube.com\\\/@realclubmaritimodemelilla4703\",\"https:\\\/\\\/es.wikipedia.org\\\/wiki\\\/Real_Club_Mar\u00edtimo_de_Melilla\"]},{\"@type\":\"Person\",\"@id\":\"https:\\\/\\\/www.realclubmaritimomelilla.es\\\/clmar\\\/#\\\/schema\\\/person\\\/ebaa3713496dc6d48c872452e73a8e79\",\"name\":\"RCMMelilla\",\"image\":{\"@type\":\"ImageObject\",\"inLanguage\":\"es\",\"@id\":\"https:\\\/\\\/secure.gravatar.com\\\/avatar\\\/df1c24789360fb9308735c4ee556fc2bc5bf924bf01e53043b8b97ba272da33c?s=96&d=mm&r=g\",\"url\":\"https:\\\/\\\/secure.gravatar.com\\\/avatar\\\/df1c24789360fb9308735c4ee556fc2bc5bf924bf01e53043b8b97ba272da33c?s=96&d=mm&r=g\",\"contentUrl\":\"https:\\\/\\\/secure.gravatar.com\\\/avatar\\\/df1c24789360fb9308735c4ee556fc2bc5bf924bf01e53043b8b97ba272da33c?s=96&d=mm&r=g\",\"caption\":\"RCMMelilla\"}}]}<\/script>\n<!-- \/ Yoast SEO plugin. -->","yoast_head_json":{"title":"El RCMM clausura actividades Virgen del Carmen 2025 - Real Club Mar\u00edtimo de Melilla","description":"El RCMM ha clausurado las distintas actividades en honor a la Virgen del Carmen con su entrega de trofeos a los mejores clasificados.","robots":{"index":"index","follow":"follow","max-snippet":"max-snippet:-1","max-image-preview":"max-image-preview:large","max-video-preview":"max-video-preview:-1"},"canonical":"https:\/\/www.realclubmaritimomelilla.es\/clmar\/el-real-club-maritimo-de-melilla-clausura-actividades-virgen-del-carmen-2025\/","og_locale":"es_ES","og_type":"article","og_title":"El RCMM clausura actividades Virgen del Carmen 2025 - Real Club Mar\u00edtimo de Melilla","og_description":"El RCMM ha clausurado las distintas actividades en honor a la Virgen del Carmen con su entrega de trofeos a los mejores clasificados.","og_url":"https:\/\/www.realclubmaritimomelilla.es\/clmar\/el-real-club-maritimo-de-melilla-clausura-actividades-virgen-del-carmen-2025\/","og_site_name":"Real Club Mar\u00edtimo de Melilla","article_publisher":"https:\/\/www.facebook.com\/Real-Club-Mar%c3%adtimo-de-Melilla-588495841234214\/","article_published_time":"2025-07-13T14:11:23+00:00","article_modified_time":"2025-07-15T07:39:07+00:00","og_image":[{"width":1417,"height":669,"url":"https:\/\/www.realclubmaritimomelilla.es\/clmar\/wp-content\/uploads\/Flota-de-Vela-1-jpg.webp","type":"image\/jpeg"}],"author":"RCMMelilla","twitter_card":"summary_large_image","twitter_creator":"@nauticarcmm","twitter_site":"@nauticarcmm","twitter_misc":{"Escrito por":"RCMMelilla","Tiempo de lectura":"3 minutos"},"schema":{"@context":"https:\/\/schema.org","@graph":[{"@type":"Article","@id":"https:\/\/www.realclubmaritimomelilla.es\/clmar\/el-real-club-maritimo-de-melilla-clausura-actividades-virgen-del-carmen-2025\/#article","isPartOf":{"@id":"https:\/\/www.realclubmaritimomelilla.es\/clmar\/el-real-club-maritimo-de-melilla-clausura-actividades-virgen-del-carmen-2025\/"},"author":{"name":"RCMMelilla","@id":"https:\/\/www.realclubmaritimomelilla.es\/clmar\/#\/schema\/person\/ebaa3713496dc6d48c872452e73a8e79"},"headline":"El RCMM clausura actividades Virgen del Carmen 2025","datePublished":"2025-07-13T14:11:23+00:00","dateModified":"2025-07-15T07:39:07+00:00","mainEntityOfPage":{"@id":"https:\/\/www.realclubmaritimomelilla.es\/clmar\/el-real-club-maritimo-de-melilla-clausura-actividades-virgen-del-carmen-2025\/"},"wordCount":605,"commentCount":0,"publisher":{"@id":"https:\/\/www.realclubmaritimomelilla.es\/clmar\/#organization"},"image":{"@id":"https:\/\/www.realclubmaritimomelilla.es\/clmar\/el-real-club-maritimo-de-melilla-clausura-actividades-virgen-del-carmen-2025\/#primaryimage"},"thumbnailUrl":"https:\/\/www.realclubmaritimomelilla.es\/clmar\/wp-content\/uploads\/Flota-de-Vela-1-jpg.webp","articleSection":["Club","Trofeos"],"inLanguage":"es","potentialAction":[{"@type":"CommentAction","name":"Comment","target":["https:\/\/www.realclubmaritimomelilla.es\/clmar\/el-real-club-maritimo-de-melilla-clausura-actividades-virgen-del-carmen-2025\/#respond"]}]},{"@type":"WebPage","@id":"https:\/\/www.realclubmaritimomelilla.es\/clmar\/el-real-club-maritimo-de-melilla-clausura-actividades-virgen-del-carmen-2025\/","url":"https:\/\/www.realclubmaritimomelilla.es\/clmar\/el-real-club-maritimo-de-melilla-clausura-actividades-virgen-del-carmen-2025\/","name":"El RCMM clausura actividades Virgen del Carmen 2025 - Real Club Mar\u00edtimo de Melilla","isPartOf":{"@id":"https:\/\/www.realclubmaritimomelilla.es\/clmar\/#website"},"primaryImageOfPage":{"@id":"https:\/\/www.realclubmaritimomelilla.es\/clmar\/el-real-club-maritimo-de-melilla-clausura-actividades-virgen-del-carmen-2025\/#primaryimage"},"image":{"@id":"https:\/\/www.realclubmaritimomelilla.es\/clmar\/el-real-club-maritimo-de-melilla-clausura-actividades-virgen-del-carmen-2025\/#primaryimage"},"thumbnailUrl":"https:\/\/www.realclubmaritimomelilla.es\/clmar\/wp-content\/uploads\/Flota-de-Vela-1-jpg.webp","datePublished":"2025-07-13T14:11:23+00:00","dateModified":"2025-07-15T07:39:07+00:00","description":"El RCMM ha clausurado las distintas actividades en honor a la Virgen del Carmen con su entrega de trofeos a los mejores clasificados.","breadcrumb":{"@id":"https:\/\/www.realclubmaritimomelilla.es\/clmar\/el-real-club-maritimo-de-melilla-clausura-actividades-virgen-del-carmen-2025\/#breadcrumb"},"inLanguage":"es","potentialAction":[{"@type":"ReadAction","target":["https:\/\/www.realclubmaritimomelilla.es\/clmar\/el-real-club-maritimo-de-melilla-clausura-actividades-virgen-del-carmen-2025\/"]}]},{"@type":"ImageObject","inLanguage":"es","@id":"https:\/\/www.realclubmaritimomelilla.es\/clmar\/el-real-club-maritimo-de-melilla-clausura-actividades-virgen-del-carmen-2025\/#primaryimage","url":"https:\/\/www.realclubmaritimomelilla.es\/clmar\/wp-content\/uploads\/Flota-de-Vela-1-jpg.webp","contentUrl":"https:\/\/www.realclubmaritimomelilla.es\/clmar\/wp-content\/uploads\/Flota-de-Vela-1-jpg.webp","width":1417,"height":669},{"@type":"BreadcrumbList","@id":"https:\/\/www.realclubmaritimomelilla.es\/clmar\/el-real-club-maritimo-de-melilla-clausura-actividades-virgen-del-carmen-2025\/#breadcrumb","itemListElement":[{"@type":"ListItem","position":1,"name":"Portada","item":"https:\/\/www.realclubmaritimomelilla.es\/clmar\/"},{"@type":"ListItem","position":2,"name":"El RCMM clausura actividades Virgen del Carmen 2025"}]},{"@type":"WebSite","@id":"https:\/\/www.realclubmaritimomelilla.es\/clmar\/#website","url":"https:\/\/www.realclubmaritimomelilla.es\/clmar\/","name":"Real Club Mar\u00edtimo de Melilla","description":"RCMM","publisher":{"@id":"https:\/\/www.realclubmaritimomelilla.es\/clmar\/#organization"},"alternateName":"RCMM","potentialAction":[{"@type":"SearchAction","target":{"@type":"EntryPoint","urlTemplate":"https:\/\/www.realclubmaritimomelilla.es\/clmar\/?s={search_term_string}"},"query-input":{"@type":"PropertyValueSpecification","valueRequired":true,"valueName":"search_term_string"}}],"inLanguage":"es"},{"@type":"Organization","@id":"https:\/\/www.realclubmaritimomelilla.es\/clmar\/#organization","name":"Real Club Mar\u00edtimo de Melilla","alternateName":"RCMM","url":"https:\/\/www.realclubmaritimomelilla.es\/clmar\/","logo":{"@type":"ImageObject","inLanguage":"es","@id":"https:\/\/www.realclubmaritimomelilla.es\/clmar\/#\/schema\/logo\/image\/","url":"https:\/\/www.realclubmaritimomelilla.es\/clmar\/wp-content\/uploads\/logo-club-original-copia.jpg","contentUrl":"https:\/\/www.realclubmaritimomelilla.es\/clmar\/wp-content\/uploads\/logo-club-original-copia.jpg","width":128,"height":89,"caption":"Real Club Mar\u00edtimo de Melilla"},"image":{"@id":"https:\/\/www.realclubmaritimomelilla.es\/clmar\/#\/schema\/logo\/image\/"},"sameAs":["https:\/\/www.facebook.com\/Real-Club-Mar\u00edtimo-de-Melilla-588495841234214\/","https:\/\/x.com\/nauticarcmm","https:\/\/www.instagram.com\/club_maritimo_melilla\/","https:\/\/www.youtube.com\/@realclubmaritimodemelilla4703","https:\/\/es.wikipedia.org\/wiki\/Real_Club_Mar\u00edtimo_de_Melilla"]},{"@type":"Person","@id":"https:\/\/www.realclubmaritimomelilla.es\/clmar\/#\/schema\/person\/ebaa3713496dc6d48c872452e73a8e79","name":"RCMMelilla","image":{"@type":"ImageObject","inLanguage":"es","@id":"https:\/\/secure.gravatar.com\/avatar\/df1c24789360fb9308735c4ee556fc2bc5bf924bf01e53043b8b97ba272da33c?s=96&d=mm&r=g","url":"https:\/\/secure.gravatar.com\/avatar\/df1c24789360fb9308735c4ee556fc2bc5bf924bf01e53043b8b97ba272da33c?s=96&d=mm&r=g","contentUrl":"https:\/\/secure.gravatar.com\/avatar\/df1c24789360fb9308735c4ee556fc2bc5bf924bf01e53043b8b97ba272da33c?s=96&d=mm&r=g","caption":"RCMMelilla"}}]}},"_links":{"self":[{"href":"https:\/\/www.realclubmaritimomelilla.es\/clmar\/wp-json\/wp\/v2\/posts\/25580","targetHints":{"allow":["GET"]}}],"collection":[{"href":"https:\/\/www.realclubmaritimomelilla.es\/clmar\/wp-json\/wp\/v2\/posts"}],"about":[{"href":"https:\/\/www.realclubmaritimomelilla.es\/clmar\/wp-json\/wp\/v2\/types\/post"}],"author":[{"embeddable":true,"href":"https:\/\/www.realclubmaritimomelilla.es\/clmar\/wp-json\/wp\/v2\/users\/1"}],"replies":[{"embeddable":true,"href":"https:\/\/www.realclubmaritimomelilla.es\/clmar\/wp-json\/wp\/v2\/comments?post=25580"}],"version-history":[{"count":3,"href":"https:\/\/www.realclubmaritimomelilla.es\/clmar\/wp-json\/wp\/v2\/posts\/25580\/revisions"}],"predecessor-version":[{"id":25606,"href":"https:\/\/www.realclubmaritimomelilla.es\/clmar\/wp-json\/wp\/v2\/posts\/25580\/revisions\/25606"}],"wp:featuredmedia":[{"embeddable":true,"href":"https:\/\/www.realclubmaritimomelilla.es\/clmar\/wp-json\/wp\/v2\/media\/25602"}],"wp:attachment":[{"href":"https:\/\/www.realclubmaritimomelilla.es\/clmar\/wp-json\/wp\/v2\/media?parent=25580"}],"wp:term":[{"taxonomy":"category","embeddable":true,"href":"https:\/\/www.realclubmaritimomelilla.es\/clmar\/wp-json\/wp\/v2\/categories?post=25580"},{"taxonomy":"post_tag","embeddable":true,"href":"https:\/\/www.realclubmaritimomelilla.es\/clmar\/wp-json\/wp\/v2\/tags?post=25580"}],"curies":[{"name":"wp","href":"https:\/\/api.w.org\/{rel}","templated":true}]}}