{"id":25396,"date":"2025-06-26T17:56:05","date_gmt":"2025-06-26T15:56:05","guid":{"rendered":"https:\/\/www.realclubmaritimomelilla.es\/clmar\/?p=25396"},"modified":"2025-07-01T13:58:07","modified_gmt":"2025-07-01T11:58:07","slug":"melilla-decide-el-titulo-nacional-por-equipos-autonomicos-de-optimist","status":"publish","type":"post","link":"https:\/\/www.realclubmaritimomelilla.es\/clmar\/melilla-decide-el-titulo-nacional-por-equipos-autonomicos-de-optimist\/","title":{"rendered":"Melilla decide el t\u00edtulo Nacional por Equipos Auton\u00f3micos de Optimist"},"content":{"rendered":"<p>La ciudad de Melilla, hasta el domingo, decide el Campeonato de Espa\u00f1a por Equipos de Autonom\u00edas. Este jueves se han procedido a las inscripciones, mediciones y entrenamientos de la flota, que durante tres d\u00edas luchar\u00e1 por este t\u00edtulo nacional. <\/p>\n<p>El Real Club Mar\u00edtimo de Melilla ha sido designado por la Real Federaci\u00f3n Espa\u00f1ola de Vela para albergar esta competici\u00f3n, en la que cuenta con la m\u00e1xima implicaci\u00f3n de la Consejer\u00eda de Deportes, a trav\u00e9s de su proyecto \u2018Melilla, Ciudad del Deporte\u2019. <\/p>\n<p>Andaluces, catalanes, valencianos, canarios, valencianos, c\u00e1ntabros, baleares y gallegos se suman a los regatistas melillenses para formar una flota de 64 competidores, que formando equipos de cuatro unidades ser\u00e1n los que disputen esta competici\u00f3n tan singular y emocionante a partes iguales, puesto que la victoria se consigue con el esfuerzo y la t\u00e1ctica de todos.<\/p>\n<p>La flota estar\u00e1 dividida en dos grupos, en el que no podr\u00e1 haber dos equipos de una misma autonom\u00eda. Se enfrentar\u00e1n todos contra todos en enfrentamiento Round Robin para as\u00ed establecer una clasificaci\u00f3n que permitir\u00e1 establecer qu\u00e9 equipos luchan el domingo por ser campeones de Espa\u00f1a. <\/p>\n<p>El Real Club Mar\u00edtimo de Melilla, con una gran experiencia en la organizaci\u00f3n de eventos n\u00e1uticos, ha dispuesto todo el equipo humano y material necesario para que la competici\u00f3n se desarrolle en el interior de la bah\u00eda melillense, siempre que se den las condiciones a juicio del Comit\u00e9 para poder llevar a cabo la competici\u00f3n, que se podr\u00eda seguir por tanto desde las principales playas de la ciudad aut\u00f3noma. <\/p>\n<p>Este viernes est\u00e1 previsto que la jornada arranque a las 11:30 horas en el campo de regata. A partir de que las condiciones sean las \u00f3ptimas se suceder\u00e1 una jornada de m\u00e1xima emoci\u00f3n e intensidad con los regatistas m\u00e1s j\u00f3venes de la flota como protagonistas. <\/p>\n<p>Este jueves, la Oficina de Regata y la zona de Mediciones han sido el punto de encuentro para regatistas y t\u00e9cnicos, quienes tras cumplir estos tr\u00e1mites con la organizaci\u00f3n han aprovechado para tener su primer contacto con el campo de regata melillense. <\/p>\n<p>El Real Club Mar\u00edtimo de Melilla junto a \u2018Melilla, Ciudad del Deporte\u2019 lideran la organizaci\u00f3n de este evento n\u00e1utico, con la vela base como protagonista, y es la segunda cita nacional que este a\u00f1o se disputa en la ciudad de Melilla. De igual forma, la naviera Bale\u00e0ria es uno de los patrocinadores del evento, junto a otra serie de firmas locales y nacionales.<br \/>\n\n\t\t<style type=\"text\/css\">\n\t\t\t#gallery-1 {\n\t\t\t\tmargin: auto;\n\t\t\t}\n\t\t\t#gallery-1 .gallery-item {\n\t\t\t\tfloat: left;\n\t\t\t\tmargin-top: 10px;\n\t\t\t\ttext-align: center;\n\t\t\t\twidth: 33%;\n\t\t\t}\n\t\t\t#gallery-1 img {\n\t\t\t\tborder: 2px solid #cfcfcf;\n\t\t\t}\n\t\t\t#gallery-1 .gallery-caption {\n\t\t\t\tmargin-left: 0;\n\t\t\t}\n\t\t\t\/* see gallery_shortcode() in wp-includes\/media.php *\/\n\t\t<\/style>\n\t\t<div id='gallery-1' class='gallery galleryid-25396 gallery-columns-3 gallery-size-full'><dl class='gallery-item'>\n\t\t\t<dt class='gallery-icon landscape'>\n\t\t\t\t<a data-rel=\"iLightbox[postimages]\" data-title=\"JUEVES RCMM1\" data-caption=\"\" href='https:\/\/www.realclubmaritimomelilla.es\/clmar\/melilla-decide-el-titulo-nacional-por-equipos-autonomicos-de-optimist\/jueves-rcmm1\/'><img decoding=\"async\" width=\"1417\" height=\"945\" src=\"https:\/\/www.realclubmaritimomelilla.es\/clmar\/wp-content\/uploads\/JUEVES-RCMM1-jpg.webp\" class=\"attachment-full size-full\" alt=\"\" srcset=\"https:\/\/www.realclubmaritimomelilla.es\/clmar\/wp-content\/uploads\/JUEVES-RCMM1-200x133.webp 200w, https:\/\/www.realclubmaritimomelilla.es\/clmar\/wp-content\/uploads\/JUEVES-RCMM1-300x200.webp 300w, https:\/\/www.realclubmaritimomelilla.es\/clmar\/wp-content\/uploads\/JUEVES-RCMM1-400x267.webp 400w, https:\/\/www.realclubmaritimomelilla.es\/clmar\/wp-content\/uploads\/JUEVES-RCMM1-600x400.webp 600w, https:\/\/www.realclubmaritimomelilla.es\/clmar\/wp-content\/uploads\/JUEVES-RCMM1-768x512.webp 768w, https:\/\/www.realclubmaritimomelilla.es\/clmar\/wp-content\/uploads\/JUEVES-RCMM1-800x534.webp 800w, https:\/\/www.realclubmaritimomelilla.es\/clmar\/wp-content\/uploads\/JUEVES-RCMM1-1024x683.webp 1024w, https:\/\/www.realclubmaritimomelilla.es\/clmar\/wp-content\/uploads\/JUEVES-RCMM1-1200x800.webp 1200w, https:\/\/www.realclubmaritimomelilla.es\/clmar\/wp-content\/uploads\/JUEVES-RCMM1-jpg.webp 1417w\" sizes=\"(max-width: 1417px) 100vw, 1417px\" \/><\/a>\n\t\t\t<\/dt><\/dl><dl class='gallery-item'>\n\t\t\t<dt class='gallery-icon landscape'>\n\t\t\t\t<a data-rel=\"iLightbox[postimages]\" data-title=\"JUEVES RCMM2\" data-caption=\"\" href='https:\/\/www.realclubmaritimomelilla.es\/clmar\/melilla-decide-el-titulo-nacional-por-equipos-autonomicos-de-optimist\/jueves-rcmm2\/'><img decoding=\"async\" width=\"1417\" height=\"945\" src=\"https:\/\/www.realclubmaritimomelilla.es\/clmar\/wp-content\/uploads\/JUEVES-RCMM2-jpg.webp\" class=\"attachment-full size-full\" alt=\"\" srcset=\"https:\/\/www.realclubmaritimomelilla.es\/clmar\/wp-content\/uploads\/JUEVES-RCMM2-200x133.webp 200w, https:\/\/www.realclubmaritimomelilla.es\/clmar\/wp-content\/uploads\/JUEVES-RCMM2-300x200.webp 300w, https:\/\/www.realclubmaritimomelilla.es\/clmar\/wp-content\/uploads\/JUEVES-RCMM2-400x267.webp 400w, https:\/\/www.realclubmaritimomelilla.es\/clmar\/wp-content\/uploads\/JUEVES-RCMM2-600x400.webp 600w, https:\/\/www.realclubmaritimomelilla.es\/clmar\/wp-content\/uploads\/JUEVES-RCMM2-768x512.webp 768w, https:\/\/www.realclubmaritimomelilla.es\/clmar\/wp-content\/uploads\/JUEVES-RCMM2-800x534.webp 800w, https:\/\/www.realclubmaritimomelilla.es\/clmar\/wp-content\/uploads\/JUEVES-RCMM2-1024x683.webp 1024w, https:\/\/www.realclubmaritimomelilla.es\/clmar\/wp-content\/uploads\/JUEVES-RCMM2-1200x800.webp 1200w, https:\/\/www.realclubmaritimomelilla.es\/clmar\/wp-content\/uploads\/JUEVES-RCMM2-jpg.webp 1417w\" sizes=\"(max-width: 1417px) 100vw, 1417px\" \/><\/a>\n\t\t\t<\/dt><\/dl><dl class='gallery-item'>\n\t\t\t<dt class='gallery-icon landscape'>\n\t\t\t\t<a data-rel=\"iLightbox[postimages]\" data-title=\"JUEVES RCMM3\" data-caption=\"\" href='https:\/\/www.realclubmaritimomelilla.es\/clmar\/melilla-decide-el-titulo-nacional-por-equipos-autonomicos-de-optimist\/jueves-rcmm3\/'><img decoding=\"async\" width=\"1417\" height=\"945\" src=\"https:\/\/www.realclubmaritimomelilla.es\/clmar\/wp-content\/uploads\/JUEVES-RCMM3-jpg.webp\" class=\"attachment-full size-full\" alt=\"\" srcset=\"https:\/\/www.realclubmaritimomelilla.es\/clmar\/wp-content\/uploads\/JUEVES-RCMM3-200x133.webp 200w, https:\/\/www.realclubmaritimomelilla.es\/clmar\/wp-content\/uploads\/JUEVES-RCMM3-300x200.webp 300w, https:\/\/www.realclubmaritimomelilla.es\/clmar\/wp-content\/uploads\/JUEVES-RCMM3-400x267.webp 400w, https:\/\/www.realclubmaritimomelilla.es\/clmar\/wp-content\/uploads\/JUEVES-RCMM3-600x400.webp 600w, https:\/\/www.realclubmaritimomelilla.es\/clmar\/wp-content\/uploads\/JUEVES-RCMM3-768x512.webp 768w, https:\/\/www.realclubmaritimomelilla.es\/clmar\/wp-content\/uploads\/JUEVES-RCMM3-800x534.webp 800w, https:\/\/www.realclubmaritimomelilla.es\/clmar\/wp-content\/uploads\/JUEVES-RCMM3-1024x683.webp 1024w, https:\/\/www.realclubmaritimomelilla.es\/clmar\/wp-content\/uploads\/JUEVES-RCMM3-1200x800.webp 1200w, https:\/\/www.realclubmaritimomelilla.es\/clmar\/wp-content\/uploads\/JUEVES-RCMM3-jpg.webp 1417w\" sizes=\"(max-width: 1417px) 100vw, 1417px\" \/><\/a>\n\t\t\t<\/dt><\/dl><br style=\"clear: both\" \/><dl class='gallery-item'>\n\t\t\t<dt class='gallery-icon landscape'>\n\t\t\t\t<a data-rel=\"iLightbox[postimages]\" data-title=\"JUEVES RCMM4\" data-caption=\"\" href='https:\/\/www.realclubmaritimomelilla.es\/clmar\/melilla-decide-el-titulo-nacional-por-equipos-autonomicos-de-optimist\/jueves-rcmm4\/'><img decoding=\"async\" width=\"1417\" height=\"945\" src=\"https:\/\/www.realclubmaritimomelilla.es\/clmar\/wp-content\/uploads\/JUEVES-RCMM4-jpg.webp\" class=\"attachment-full size-full\" alt=\"\" srcset=\"https:\/\/www.realclubmaritimomelilla.es\/clmar\/wp-content\/uploads\/JUEVES-RCMM4-200x133.webp 200w, https:\/\/www.realclubmaritimomelilla.es\/clmar\/wp-content\/uploads\/JUEVES-RCMM4-300x200.webp 300w, https:\/\/www.realclubmaritimomelilla.es\/clmar\/wp-content\/uploads\/JUEVES-RCMM4-400x267.webp 400w, https:\/\/www.realclubmaritimomelilla.es\/clmar\/wp-content\/uploads\/JUEVES-RCMM4-600x400.webp 600w, https:\/\/www.realclubmaritimomelilla.es\/clmar\/wp-content\/uploads\/JUEVES-RCMM4-768x512.webp 768w, https:\/\/www.realclubmaritimomelilla.es\/clmar\/wp-content\/uploads\/JUEVES-RCMM4-800x534.webp 800w, https:\/\/www.realclubmaritimomelilla.es\/clmar\/wp-content\/uploads\/JUEVES-RCMM4-1024x683.webp 1024w, https:\/\/www.realclubmaritimomelilla.es\/clmar\/wp-content\/uploads\/JUEVES-RCMM4-1200x800.webp 1200w, https:\/\/www.realclubmaritimomelilla.es\/clmar\/wp-content\/uploads\/JUEVES-RCMM4-jpg.webp 1417w\" sizes=\"(max-width: 1417px) 100vw, 1417px\" \/><\/a>\n\t\t\t<\/dt><\/dl><dl class='gallery-item'>\n\t\t\t<dt class='gallery-icon landscape'>\n\t\t\t\t<a data-rel=\"iLightbox[postimages]\" data-title=\"JUEVES RCMM5\" data-caption=\"\" href='https:\/\/www.realclubmaritimomelilla.es\/clmar\/melilla-decide-el-titulo-nacional-por-equipos-autonomicos-de-optimist\/jueves-rcmm5\/'><img decoding=\"async\" width=\"1417\" height=\"872\" src=\"https:\/\/www.realclubmaritimomelilla.es\/clmar\/wp-content\/uploads\/JUEVES-RCMM5-jpg.webp\" class=\"attachment-full size-full\" alt=\"\" srcset=\"https:\/\/www.realclubmaritimomelilla.es\/clmar\/wp-content\/uploads\/JUEVES-RCMM5-200x123.webp 200w, https:\/\/www.realclubmaritimomelilla.es\/clmar\/wp-content\/uploads\/JUEVES-RCMM5-300x185.webp 300w, https:\/\/www.realclubmaritimomelilla.es\/clmar\/wp-content\/uploads\/JUEVES-RCMM5-400x246.webp 400w, https:\/\/www.realclubmaritimomelilla.es\/clmar\/wp-content\/uploads\/JUEVES-RCMM5-600x369.webp 600w, https:\/\/www.realclubmaritimomelilla.es\/clmar\/wp-content\/uploads\/JUEVES-RCMM5-768x473.webp 768w, https:\/\/www.realclubmaritimomelilla.es\/clmar\/wp-content\/uploads\/JUEVES-RCMM5-800x492.webp 800w, https:\/\/www.realclubmaritimomelilla.es\/clmar\/wp-content\/uploads\/JUEVES-RCMM5-1024x630.webp 1024w, https:\/\/www.realclubmaritimomelilla.es\/clmar\/wp-content\/uploads\/JUEVES-RCMM5-1200x738.webp 1200w, https:\/\/www.realclubmaritimomelilla.es\/clmar\/wp-content\/uploads\/JUEVES-RCMM5-jpg.webp 1417w\" sizes=\"(max-width: 1417px) 100vw, 1417px\" \/><\/a>\n\t\t\t<\/dt><\/dl><dl class='gallery-item'>\n\t\t\t<dt class='gallery-icon landscape'>\n\t\t\t\t<a data-rel=\"iLightbox[postimages]\" data-title=\"JUEVES RCMM6\" data-caption=\"\" href='https:\/\/www.realclubmaritimomelilla.es\/clmar\/melilla-decide-el-titulo-nacional-por-equipos-autonomicos-de-optimist\/jueves-rcmm6\/'><img decoding=\"async\" width=\"2016\" height=\"1512\" src=\"https:\/\/www.realclubmaritimomelilla.es\/clmar\/wp-content\/uploads\/JUEVES-RCMM6-jpg.webp\" class=\"attachment-full size-full\" alt=\"\" srcset=\"https:\/\/www.realclubmaritimomelilla.es\/clmar\/wp-content\/uploads\/JUEVES-RCMM6-200x150.webp 200w, https:\/\/www.realclubmaritimomelilla.es\/clmar\/wp-content\/uploads\/JUEVES-RCMM6-300x225.webp 300w, https:\/\/www.realclubmaritimomelilla.es\/clmar\/wp-content\/uploads\/JUEVES-RCMM6-400x300.webp 400w, https:\/\/www.realclubmaritimomelilla.es\/clmar\/wp-content\/uploads\/JUEVES-RCMM6-600x450.webp 600w, https:\/\/www.realclubmaritimomelilla.es\/clmar\/wp-content\/uploads\/JUEVES-RCMM6-768x576.webp 768w, https:\/\/www.realclubmaritimomelilla.es\/clmar\/wp-content\/uploads\/JUEVES-RCMM6-800x600.webp 800w, https:\/\/www.realclubmaritimomelilla.es\/clmar\/wp-content\/uploads\/JUEVES-RCMM6-1024x768.webp 1024w, https:\/\/www.realclubmaritimomelilla.es\/clmar\/wp-content\/uploads\/JUEVES-RCMM6-1200x900.webp 1200w, https:\/\/www.realclubmaritimomelilla.es\/clmar\/wp-content\/uploads\/JUEVES-RCMM6-1536x1152.webp 1536w, https:\/\/www.realclubmaritimomelilla.es\/clmar\/wp-content\/uploads\/JUEVES-RCMM6-jpg.webp 2016w\" sizes=\"(max-width: 2016px) 100vw, 2016px\" \/><\/a>\n\t\t\t<\/dt><\/dl><br style=\"clear: both\" \/><dl class='gallery-item'>\n\t\t\t<dt class='gallery-icon landscape'>\n\t\t\t\t<a data-rel=\"iLightbox[postimages]\" data-title=\"JUEVES RCMM7\" data-caption=\"\" href='https:\/\/www.realclubmaritimomelilla.es\/clmar\/melilla-decide-el-titulo-nacional-por-equipos-autonomicos-de-optimist\/jueves-rcmm7\/'><img decoding=\"async\" width=\"2016\" height=\"1512\" src=\"https:\/\/www.realclubmaritimomelilla.es\/clmar\/wp-content\/uploads\/JUEVES-RCMM7-jpg.webp\" class=\"attachment-full size-full\" alt=\"\" srcset=\"https:\/\/www.realclubmaritimomelilla.es\/clmar\/wp-content\/uploads\/JUEVES-RCMM7-200x150.webp 200w, https:\/\/www.realclubmaritimomelilla.es\/clmar\/wp-content\/uploads\/JUEVES-RCMM7-300x225.webp 300w, https:\/\/www.realclubmaritimomelilla.es\/clmar\/wp-content\/uploads\/JUEVES-RCMM7-400x300.webp 400w, https:\/\/www.realclubmaritimomelilla.es\/clmar\/wp-content\/uploads\/JUEVES-RCMM7-600x450.webp 600w, https:\/\/www.realclubmaritimomelilla.es\/clmar\/wp-content\/uploads\/JUEVES-RCMM7-768x576.webp 768w, https:\/\/www.realclubmaritimomelilla.es\/clmar\/wp-content\/uploads\/JUEVES-RCMM7-800x600.webp 800w, https:\/\/www.realclubmaritimomelilla.es\/clmar\/wp-content\/uploads\/JUEVES-RCMM7-1024x768.webp 1024w, https:\/\/www.realclubmaritimomelilla.es\/clmar\/wp-content\/uploads\/JUEVES-RCMM7-1200x900.webp 1200w, https:\/\/www.realclubmaritimomelilla.es\/clmar\/wp-content\/uploads\/JUEVES-RCMM7-1536x1152.webp 1536w, https:\/\/www.realclubmaritimomelilla.es\/clmar\/wp-content\/uploads\/JUEVES-RCMM7-jpg.webp 2016w\" sizes=\"(max-width: 2016px) 100vw, 2016px\" \/><\/a>\n\t\t\t<\/dt><\/dl><dl class='gallery-item'>\n\t\t\t<dt class='gallery-icon landscape'>\n\t\t\t\t<a data-rel=\"iLightbox[postimages]\" data-title=\"JUEVES RCMM8\" data-caption=\"\" href='https:\/\/www.realclubmaritimomelilla.es\/clmar\/melilla-decide-el-titulo-nacional-por-equipos-autonomicos-de-optimist\/jueves-rcmm8\/'><img decoding=\"async\" width=\"2016\" height=\"1512\" src=\"https:\/\/www.realclubmaritimomelilla.es\/clmar\/wp-content\/uploads\/JUEVES-RCMM8-jpg.webp\" class=\"attachment-full size-full\" alt=\"\" srcset=\"https:\/\/www.realclubmaritimomelilla.es\/clmar\/wp-content\/uploads\/JUEVES-RCMM8-200x150.webp 200w, https:\/\/www.realclubmaritimomelilla.es\/clmar\/wp-content\/uploads\/JUEVES-RCMM8-300x225.webp 300w, https:\/\/www.realclubmaritimomelilla.es\/clmar\/wp-content\/uploads\/JUEVES-RCMM8-400x300.webp 400w, https:\/\/www.realclubmaritimomelilla.es\/clmar\/wp-content\/uploads\/JUEVES-RCMM8-600x450.webp 600w, https:\/\/www.realclubmaritimomelilla.es\/clmar\/wp-content\/uploads\/JUEVES-RCMM8-768x576.webp 768w, https:\/\/www.realclubmaritimomelilla.es\/clmar\/wp-content\/uploads\/JUEVES-RCMM8-800x600.webp 800w, https:\/\/www.realclubmaritimomelilla.es\/clmar\/wp-content\/uploads\/JUEVES-RCMM8-1024x768.webp 1024w, https:\/\/www.realclubmaritimomelilla.es\/clmar\/wp-content\/uploads\/JUEVES-RCMM8-1200x900.webp 1200w, https:\/\/www.realclubmaritimomelilla.es\/clmar\/wp-content\/uploads\/JUEVES-RCMM8-1536x1152.webp 1536w, https:\/\/www.realclubmaritimomelilla.es\/clmar\/wp-content\/uploads\/JUEVES-RCMM8-jpg.webp 2016w\" sizes=\"(max-width: 2016px) 100vw, 2016px\" \/><\/a>\n\t\t\t<\/dt><\/dl><dl class='gallery-item'>\n\t\t\t<dt class='gallery-icon landscape'>\n\t\t\t\t<a data-rel=\"iLightbox[postimages]\" data-title=\"JUEVES RCMM9\" data-caption=\"\" href='https:\/\/www.realclubmaritimomelilla.es\/clmar\/melilla-decide-el-titulo-nacional-por-equipos-autonomicos-de-optimist\/jueves-rcmm9\/'><img decoding=\"async\" width=\"2016\" height=\"1512\" src=\"https:\/\/www.realclubmaritimomelilla.es\/clmar\/wp-content\/uploads\/JUEVES-RCMM9-jpg.webp\" class=\"attachment-full size-full\" alt=\"\" srcset=\"https:\/\/www.realclubmaritimomelilla.es\/clmar\/wp-content\/uploads\/JUEVES-RCMM9-200x150.webp 200w, https:\/\/www.realclubmaritimomelilla.es\/clmar\/wp-content\/uploads\/JUEVES-RCMM9-300x225.webp 300w, https:\/\/www.realclubmaritimomelilla.es\/clmar\/wp-content\/uploads\/JUEVES-RCMM9-400x300.webp 400w, https:\/\/www.realclubmaritimomelilla.es\/clmar\/wp-content\/uploads\/JUEVES-RCMM9-600x450.webp 600w, https:\/\/www.realclubmaritimomelilla.es\/clmar\/wp-content\/uploads\/JUEVES-RCMM9-768x576.webp 768w, https:\/\/www.realclubmaritimomelilla.es\/clmar\/wp-content\/uploads\/JUEVES-RCMM9-800x600.webp 800w, https:\/\/www.realclubmaritimomelilla.es\/clmar\/wp-content\/uploads\/JUEVES-RCMM9-1024x768.webp 1024w, https:\/\/www.realclubmaritimomelilla.es\/clmar\/wp-content\/uploads\/JUEVES-RCMM9-1200x900.webp 1200w, https:\/\/www.realclubmaritimomelilla.es\/clmar\/wp-content\/uploads\/JUEVES-RCMM9-1536x1152.webp 1536w, https:\/\/www.realclubmaritimomelilla.es\/clmar\/wp-content\/uploads\/JUEVES-RCMM9-jpg.webp 2016w\" sizes=\"(max-width: 2016px) 100vw, 2016px\" \/><\/a>\n\t\t\t<\/dt><\/dl><br style=\"clear: both\" \/><dl class='gallery-item'>\n\t\t\t<dt class='gallery-icon landscape'>\n\t\t\t\t<a data-rel=\"iLightbox[postimages]\" data-title=\"JUEVES RCMM10\" data-caption=\"\" href='https:\/\/www.realclubmaritimomelilla.es\/clmar\/melilla-decide-el-titulo-nacional-por-equipos-autonomicos-de-optimist\/jueves-rcmm10\/'><img decoding=\"async\" width=\"2016\" height=\"1512\" src=\"https:\/\/www.realclubmaritimomelilla.es\/clmar\/wp-content\/uploads\/JUEVES-RCMM10-jpg.webp\" class=\"attachment-full size-full\" alt=\"\" srcset=\"https:\/\/www.realclubmaritimomelilla.es\/clmar\/wp-content\/uploads\/JUEVES-RCMM10-200x150.webp 200w, https:\/\/www.realclubmaritimomelilla.es\/clmar\/wp-content\/uploads\/JUEVES-RCMM10-300x225.webp 300w, https:\/\/www.realclubmaritimomelilla.es\/clmar\/wp-content\/uploads\/JUEVES-RCMM10-400x300.webp 400w, https:\/\/www.realclubmaritimomelilla.es\/clmar\/wp-content\/uploads\/JUEVES-RCMM10-600x450.webp 600w, https:\/\/www.realclubmaritimomelilla.es\/clmar\/wp-content\/uploads\/JUEVES-RCMM10-768x576.webp 768w, https:\/\/www.realclubmaritimomelilla.es\/clmar\/wp-content\/uploads\/JUEVES-RCMM10-800x600.webp 800w, https:\/\/www.realclubmaritimomelilla.es\/clmar\/wp-content\/uploads\/JUEVES-RCMM10-1024x768.webp 1024w, https:\/\/www.realclubmaritimomelilla.es\/clmar\/wp-content\/uploads\/JUEVES-RCMM10-1200x900.webp 1200w, https:\/\/www.realclubmaritimomelilla.es\/clmar\/wp-content\/uploads\/JUEVES-RCMM10-1536x1152.webp 1536w, https:\/\/www.realclubmaritimomelilla.es\/clmar\/wp-content\/uploads\/JUEVES-RCMM10-jpg.webp 2016w\" sizes=\"(max-width: 2016px) 100vw, 2016px\" \/><\/a>\n\t\t\t<\/dt><\/dl><dl class='gallery-item'>\n\t\t\t<dt class='gallery-icon landscape'>\n\t\t\t\t<a data-rel=\"iLightbox[postimages]\" data-title=\"JUEVES RCMM11\" data-caption=\"\" href='https:\/\/www.realclubmaritimomelilla.es\/clmar\/melilla-decide-el-titulo-nacional-por-equipos-autonomicos-de-optimist\/jueves-rcmm11\/'><img decoding=\"async\" width=\"2016\" height=\"1512\" src=\"https:\/\/www.realclubmaritimomelilla.es\/clmar\/wp-content\/uploads\/JUEVES-RCMM11-jpg.webp\" class=\"attachment-full size-full\" alt=\"\" srcset=\"https:\/\/www.realclubmaritimomelilla.es\/clmar\/wp-content\/uploads\/JUEVES-RCMM11-200x150.webp 200w, https:\/\/www.realclubmaritimomelilla.es\/clmar\/wp-content\/uploads\/JUEVES-RCMM11-300x225.webp 300w, https:\/\/www.realclubmaritimomelilla.es\/clmar\/wp-content\/uploads\/JUEVES-RCMM11-400x300.webp 400w, https:\/\/www.realclubmaritimomelilla.es\/clmar\/wp-content\/uploads\/JUEVES-RCMM11-600x450.webp 600w, https:\/\/www.realclubmaritimomelilla.es\/clmar\/wp-content\/uploads\/JUEVES-RCMM11-768x576.webp 768w, https:\/\/www.realclubmaritimomelilla.es\/clmar\/wp-content\/uploads\/JUEVES-RCMM11-800x600.webp 800w, https:\/\/www.realclubmaritimomelilla.es\/clmar\/wp-content\/uploads\/JUEVES-RCMM11-1024x768.webp 1024w, https:\/\/www.realclubmaritimomelilla.es\/clmar\/wp-content\/uploads\/JUEVES-RCMM11-1200x900.webp 1200w, https:\/\/www.realclubmaritimomelilla.es\/clmar\/wp-content\/uploads\/JUEVES-RCMM11-1536x1152.webp 1536w, https:\/\/www.realclubmaritimomelilla.es\/clmar\/wp-content\/uploads\/JUEVES-RCMM11-jpg.webp 2016w\" sizes=\"(max-width: 2016px) 100vw, 2016px\" \/><\/a>\n\t\t\t<\/dt><\/dl><dl class='gallery-item'>\n\t\t\t<dt class='gallery-icon landscape'>\n\t\t\t\t<a data-rel=\"iLightbox[postimages]\" data-title=\"JUEVES RCMM12\" data-caption=\"\" href='https:\/\/www.realclubmaritimomelilla.es\/clmar\/melilla-decide-el-titulo-nacional-por-equipos-autonomicos-de-optimist\/jueves-rcmm12\/'><img decoding=\"async\" width=\"2016\" height=\"1512\" src=\"https:\/\/www.realclubmaritimomelilla.es\/clmar\/wp-content\/uploads\/JUEVES-RCMM12-jpg.webp\" class=\"attachment-full size-full\" alt=\"\" srcset=\"https:\/\/www.realclubmaritimomelilla.es\/clmar\/wp-content\/uploads\/JUEVES-RCMM12-200x150.webp 200w, https:\/\/www.realclubmaritimomelilla.es\/clmar\/wp-content\/uploads\/JUEVES-RCMM12-300x225.webp 300w, https:\/\/www.realclubmaritimomelilla.es\/clmar\/wp-content\/uploads\/JUEVES-RCMM12-400x300.webp 400w, https:\/\/www.realclubmaritimomelilla.es\/clmar\/wp-content\/uploads\/JUEVES-RCMM12-600x450.webp 600w, https:\/\/www.realclubmaritimomelilla.es\/clmar\/wp-content\/uploads\/JUEVES-RCMM12-768x576.webp 768w, https:\/\/www.realclubmaritimomelilla.es\/clmar\/wp-content\/uploads\/JUEVES-RCMM12-800x600.webp 800w, https:\/\/www.realclubmaritimomelilla.es\/clmar\/wp-content\/uploads\/JUEVES-RCMM12-1024x768.webp 1024w, https:\/\/www.realclubmaritimomelilla.es\/clmar\/wp-content\/uploads\/JUEVES-RCMM12-1200x900.webp 1200w, https:\/\/www.realclubmaritimomelilla.es\/clmar\/wp-content\/uploads\/JUEVES-RCMM12-1536x1152.webp 1536w, https:\/\/www.realclubmaritimomelilla.es\/clmar\/wp-content\/uploads\/JUEVES-RCMM12-jpg.webp 2016w\" sizes=\"(max-width: 2016px) 100vw, 2016px\" \/><\/a>\n\t\t\t<\/dt><\/dl><br style=\"clear: both\" \/>\n\t\t<\/div>\n<\/p>\n","protected":false},"excerpt":{"rendered":"<p>La ciudad de Melilla, hasta el domingo, decide el Campeonato de Espa\u00f1a por Equipos de Autonom\u00edas. Este jueves se han procedido a las inscripciones, mediciones y entrenamientos de la flota, que durante tres d\u00edas luchar\u00e1 por este t\u00edtulo nacional. El Real Club Mar\u00edtimo de Melilla ha sido designado por la Real Federaci\u00f3n Espa\u00f1ola de Vela [&hellip;]<\/p>\n","protected":false},"author":1,"featured_media":25409,"comment_status":"open","ping_status":"open","sticky":false,"template":"","format":"standard","meta":{"_acf_changed":false,"footnotes":""},"categories":[38],"tags":[],"class_list":["post-25396","post","type-post","status-publish","format-standard","has-post-thumbnail","hentry","category-nautica"],"acf":[],"yoast_head":"<!-- This site is optimized with the Yoast SEO plugin v27.5 - https:\/\/yoast.com\/product\/yoast-seo-wordpress\/ -->\n<title>Melilla decide el t\u00edtulo Nacional por Equipos Auton\u00f3micos de Optimist - Real Club Mar\u00edtimo de Melilla<\/title>\n<meta name=\"description\" content=\"El Real Club Mar\u00edtimo de Melilla ha sido designado por la Real Federaci\u00f3n Espa\u00f1ola de Vela para albergar esta competici\u00f3n\" \/>\n<meta name=\"robots\" content=\"index, follow, max-snippet:-1, max-image-preview:large, max-video-preview:-1\" \/>\n<link rel=\"canonical\" href=\"https:\/\/www.realclubmaritimomelilla.es\/clmar\/melilla-decide-el-titulo-nacional-por-equipos-autonomicos-de-optimist\/\" \/>\n<meta property=\"og:locale\" content=\"es_ES\" \/>\n<meta property=\"og:type\" content=\"article\" \/>\n<meta property=\"og:title\" content=\"Melilla decide el t\u00edtulo Nacional por Equipos Auton\u00f3micos de Optimist - Real Club Mar\u00edtimo de Melilla\" \/>\n<meta property=\"og:description\" content=\"El Real Club Mar\u00edtimo de Melilla ha sido designado por la Real Federaci\u00f3n Espa\u00f1ola de Vela para albergar esta competici\u00f3n\" \/>\n<meta property=\"og:url\" content=\"https:\/\/www.realclubmaritimomelilla.es\/clmar\/melilla-decide-el-titulo-nacional-por-equipos-autonomicos-de-optimist\/\" \/>\n<meta property=\"og:site_name\" content=\"Real Club Mar\u00edtimo de Melilla\" \/>\n<meta property=\"article:publisher\" content=\"https:\/\/www.facebook.com\/Real-Club-Mar%c3%adtimo-de-Melilla-588495841234214\/\" \/>\n<meta property=\"article:published_time\" content=\"2025-06-26T15:56:05+00:00\" \/>\n<meta property=\"article:modified_time\" content=\"2025-07-01T11:58:07+00:00\" \/>\n<meta property=\"og:image\" content=\"https:\/\/www.realclubmaritimomelilla.es\/clmar\/wp-content\/uploads\/JUEVES-RCMM5-1-jpg.webp\" \/>\n\t<meta property=\"og:image:width\" content=\"1417\" \/>\n\t<meta property=\"og:image:height\" content=\"872\" \/>\n\t<meta property=\"og:image:type\" content=\"image\/jpeg\" \/>\n<meta name=\"author\" content=\"RCMMelilla\" \/>\n<meta name=\"twitter:card\" content=\"summary_large_image\" \/>\n<meta name=\"twitter:creator\" content=\"@nauticarcmm\" \/>\n<meta name=\"twitter:site\" content=\"@nauticarcmm\" \/>\n<meta name=\"twitter:label1\" content=\"Escrito por\" \/>\n\t<meta name=\"twitter:data1\" content=\"RCMMelilla\" \/>\n\t<meta name=\"twitter:label2\" content=\"Tiempo de lectura\" \/>\n\t<meta name=\"twitter:data2\" content=\"3 minutos\" \/>\n<script type=\"application\/ld+json\" class=\"yoast-schema-graph\">{\"@context\":\"https:\\\/\\\/schema.org\",\"@graph\":[{\"@type\":\"Article\",\"@id\":\"https:\\\/\\\/www.realclubmaritimomelilla.es\\\/clmar\\\/melilla-decide-el-titulo-nacional-por-equipos-autonomicos-de-optimist\\\/#article\",\"isPartOf\":{\"@id\":\"https:\\\/\\\/www.realclubmaritimomelilla.es\\\/clmar\\\/melilla-decide-el-titulo-nacional-por-equipos-autonomicos-de-optimist\\\/\"},\"author\":{\"name\":\"RCMMelilla\",\"@id\":\"https:\\\/\\\/www.realclubmaritimomelilla.es\\\/clmar\\\/#\\\/schema\\\/person\\\/ebaa3713496dc6d48c872452e73a8e79\"},\"headline\":\"Melilla decide el t\u00edtulo Nacional por Equipos Auton\u00f3micos de Optimist\",\"datePublished\":\"2025-06-26T15:56:05+00:00\",\"dateModified\":\"2025-07-01T11:58:07+00:00\",\"mainEntityOfPage\":{\"@id\":\"https:\\\/\\\/www.realclubmaritimomelilla.es\\\/clmar\\\/melilla-decide-el-titulo-nacional-por-equipos-autonomicos-de-optimist\\\/\"},\"wordCount\":455,\"commentCount\":0,\"publisher\":{\"@id\":\"https:\\\/\\\/www.realclubmaritimomelilla.es\\\/clmar\\\/#organization\"},\"image\":{\"@id\":\"https:\\\/\\\/www.realclubmaritimomelilla.es\\\/clmar\\\/melilla-decide-el-titulo-nacional-por-equipos-autonomicos-de-optimist\\\/#primaryimage\"},\"thumbnailUrl\":\"https:\\\/\\\/www.realclubmaritimomelilla.es\\\/clmar\\\/wp-content\\\/uploads\\\/JUEVES-RCMM5-1-jpg.webp\",\"articleSection\":[\"N\u00e1utica\"],\"inLanguage\":\"es\",\"potentialAction\":[{\"@type\":\"CommentAction\",\"name\":\"Comment\",\"target\":[\"https:\\\/\\\/www.realclubmaritimomelilla.es\\\/clmar\\\/melilla-decide-el-titulo-nacional-por-equipos-autonomicos-de-optimist\\\/#respond\"]}]},{\"@type\":\"WebPage\",\"@id\":\"https:\\\/\\\/www.realclubmaritimomelilla.es\\\/clmar\\\/melilla-decide-el-titulo-nacional-por-equipos-autonomicos-de-optimist\\\/\",\"url\":\"https:\\\/\\\/www.realclubmaritimomelilla.es\\\/clmar\\\/melilla-decide-el-titulo-nacional-por-equipos-autonomicos-de-optimist\\\/\",\"name\":\"Melilla decide el t\u00edtulo Nacional por Equipos Auton\u00f3micos de Optimist - Real Club Mar\u00edtimo de Melilla\",\"isPartOf\":{\"@id\":\"https:\\\/\\\/www.realclubmaritimomelilla.es\\\/clmar\\\/#website\"},\"primaryImageOfPage\":{\"@id\":\"https:\\\/\\\/www.realclubmaritimomelilla.es\\\/clmar\\\/melilla-decide-el-titulo-nacional-por-equipos-autonomicos-de-optimist\\\/#primaryimage\"},\"image\":{\"@id\":\"https:\\\/\\\/www.realclubmaritimomelilla.es\\\/clmar\\\/melilla-decide-el-titulo-nacional-por-equipos-autonomicos-de-optimist\\\/#primaryimage\"},\"thumbnailUrl\":\"https:\\\/\\\/www.realclubmaritimomelilla.es\\\/clmar\\\/wp-content\\\/uploads\\\/JUEVES-RCMM5-1-jpg.webp\",\"datePublished\":\"2025-06-26T15:56:05+00:00\",\"dateModified\":\"2025-07-01T11:58:07+00:00\",\"description\":\"El Real Club Mar\u00edtimo de Melilla ha sido designado por la Real Federaci\u00f3n Espa\u00f1ola de Vela para albergar esta competici\u00f3n\",\"breadcrumb\":{\"@id\":\"https:\\\/\\\/www.realclubmaritimomelilla.es\\\/clmar\\\/melilla-decide-el-titulo-nacional-por-equipos-autonomicos-de-optimist\\\/#breadcrumb\"},\"inLanguage\":\"es\",\"potentialAction\":[{\"@type\":\"ReadAction\",\"target\":[\"https:\\\/\\\/www.realclubmaritimomelilla.es\\\/clmar\\\/melilla-decide-el-titulo-nacional-por-equipos-autonomicos-de-optimist\\\/\"]}]},{\"@type\":\"ImageObject\",\"inLanguage\":\"es\",\"@id\":\"https:\\\/\\\/www.realclubmaritimomelilla.es\\\/clmar\\\/melilla-decide-el-titulo-nacional-por-equipos-autonomicos-de-optimist\\\/#primaryimage\",\"url\":\"https:\\\/\\\/www.realclubmaritimomelilla.es\\\/clmar\\\/wp-content\\\/uploads\\\/JUEVES-RCMM5-1-jpg.webp\",\"contentUrl\":\"https:\\\/\\\/www.realclubmaritimomelilla.es\\\/clmar\\\/wp-content\\\/uploads\\\/JUEVES-RCMM5-1-jpg.webp\",\"width\":1417,\"height\":872},{\"@type\":\"BreadcrumbList\",\"@id\":\"https:\\\/\\\/www.realclubmaritimomelilla.es\\\/clmar\\\/melilla-decide-el-titulo-nacional-por-equipos-autonomicos-de-optimist\\\/#breadcrumb\",\"itemListElement\":[{\"@type\":\"ListItem\",\"position\":1,\"name\":\"Portada\",\"item\":\"https:\\\/\\\/www.realclubmaritimomelilla.es\\\/clmar\\\/\"},{\"@type\":\"ListItem\",\"position\":2,\"name\":\"Melilla decide el t\u00edtulo Nacional por Equipos Auton\u00f3micos de Optimist\"}]},{\"@type\":\"WebSite\",\"@id\":\"https:\\\/\\\/www.realclubmaritimomelilla.es\\\/clmar\\\/#website\",\"url\":\"https:\\\/\\\/www.realclubmaritimomelilla.es\\\/clmar\\\/\",\"name\":\"Real Club Mar\u00edtimo de Melilla\",\"description\":\"RCMM\",\"publisher\":{\"@id\":\"https:\\\/\\\/www.realclubmaritimomelilla.es\\\/clmar\\\/#organization\"},\"alternateName\":\"RCMM\",\"potentialAction\":[{\"@type\":\"SearchAction\",\"target\":{\"@type\":\"EntryPoint\",\"urlTemplate\":\"https:\\\/\\\/www.realclubmaritimomelilla.es\\\/clmar\\\/?s={search_term_string}\"},\"query-input\":{\"@type\":\"PropertyValueSpecification\",\"valueRequired\":true,\"valueName\":\"search_term_string\"}}],\"inLanguage\":\"es\"},{\"@type\":\"Organization\",\"@id\":\"https:\\\/\\\/www.realclubmaritimomelilla.es\\\/clmar\\\/#organization\",\"name\":\"Real Club Mar\u00edtimo de Melilla\",\"alternateName\":\"RCMM\",\"url\":\"https:\\\/\\\/www.realclubmaritimomelilla.es\\\/clmar\\\/\",\"logo\":{\"@type\":\"ImageObject\",\"inLanguage\":\"es\",\"@id\":\"https:\\\/\\\/www.realclubmaritimomelilla.es\\\/clmar\\\/#\\\/schema\\\/logo\\\/image\\\/\",\"url\":\"https:\\\/\\\/www.realclubmaritimomelilla.es\\\/clmar\\\/wp-content\\\/uploads\\\/logo-club-original-copia.jpg\",\"contentUrl\":\"https:\\\/\\\/www.realclubmaritimomelilla.es\\\/clmar\\\/wp-content\\\/uploads\\\/logo-club-original-copia.jpg\",\"width\":128,\"height\":89,\"caption\":\"Real Club Mar\u00edtimo de Melilla\"},\"image\":{\"@id\":\"https:\\\/\\\/www.realclubmaritimomelilla.es\\\/clmar\\\/#\\\/schema\\\/logo\\\/image\\\/\"},\"sameAs\":[\"https:\\\/\\\/www.facebook.com\\\/Real-Club-Mar\u00edtimo-de-Melilla-588495841234214\\\/\",\"https:\\\/\\\/x.com\\\/nauticarcmm\",\"https:\\\/\\\/www.instagram.com\\\/club_maritimo_melilla\\\/\",\"https:\\\/\\\/www.youtube.com\\\/@realclubmaritimodemelilla4703\",\"https:\\\/\\\/es.wikipedia.org\\\/wiki\\\/Real_Club_Mar\u00edtimo_de_Melilla\"]},{\"@type\":\"Person\",\"@id\":\"https:\\\/\\\/www.realclubmaritimomelilla.es\\\/clmar\\\/#\\\/schema\\\/person\\\/ebaa3713496dc6d48c872452e73a8e79\",\"name\":\"RCMMelilla\",\"image\":{\"@type\":\"ImageObject\",\"inLanguage\":\"es\",\"@id\":\"https:\\\/\\\/secure.gravatar.com\\\/avatar\\\/df1c24789360fb9308735c4ee556fc2bc5bf924bf01e53043b8b97ba272da33c?s=96&d=mm&r=g\",\"url\":\"https:\\\/\\\/secure.gravatar.com\\\/avatar\\\/df1c24789360fb9308735c4ee556fc2bc5bf924bf01e53043b8b97ba272da33c?s=96&d=mm&r=g\",\"contentUrl\":\"https:\\\/\\\/secure.gravatar.com\\\/avatar\\\/df1c24789360fb9308735c4ee556fc2bc5bf924bf01e53043b8b97ba272da33c?s=96&d=mm&r=g\",\"caption\":\"RCMMelilla\"}}]}<\/script>\n<!-- \/ Yoast SEO plugin. -->","yoast_head_json":{"title":"Melilla decide el t\u00edtulo Nacional por Equipos Auton\u00f3micos de Optimist - Real Club Mar\u00edtimo de Melilla","description":"El Real Club Mar\u00edtimo de Melilla ha sido designado por la Real Federaci\u00f3n Espa\u00f1ola de Vela para albergar esta competici\u00f3n","robots":{"index":"index","follow":"follow","max-snippet":"max-snippet:-1","max-image-preview":"max-image-preview:large","max-video-preview":"max-video-preview:-1"},"canonical":"https:\/\/www.realclubmaritimomelilla.es\/clmar\/melilla-decide-el-titulo-nacional-por-equipos-autonomicos-de-optimist\/","og_locale":"es_ES","og_type":"article","og_title":"Melilla decide el t\u00edtulo Nacional por Equipos Auton\u00f3micos de Optimist - Real Club Mar\u00edtimo de Melilla","og_description":"El Real Club Mar\u00edtimo de Melilla ha sido designado por la Real Federaci\u00f3n Espa\u00f1ola de Vela para albergar esta competici\u00f3n","og_url":"https:\/\/www.realclubmaritimomelilla.es\/clmar\/melilla-decide-el-titulo-nacional-por-equipos-autonomicos-de-optimist\/","og_site_name":"Real Club Mar\u00edtimo de Melilla","article_publisher":"https:\/\/www.facebook.com\/Real-Club-Mar%c3%adtimo-de-Melilla-588495841234214\/","article_published_time":"2025-06-26T15:56:05+00:00","article_modified_time":"2025-07-01T11:58:07+00:00","og_image":[{"width":1417,"height":872,"url":"https:\/\/www.realclubmaritimomelilla.es\/clmar\/wp-content\/uploads\/JUEVES-RCMM5-1-jpg.webp","type":"image\/jpeg"}],"author":"RCMMelilla","twitter_card":"summary_large_image","twitter_creator":"@nauticarcmm","twitter_site":"@nauticarcmm","twitter_misc":{"Escrito por":"RCMMelilla","Tiempo de lectura":"3 minutos"},"schema":{"@context":"https:\/\/schema.org","@graph":[{"@type":"Article","@id":"https:\/\/www.realclubmaritimomelilla.es\/clmar\/melilla-decide-el-titulo-nacional-por-equipos-autonomicos-de-optimist\/#article","isPartOf":{"@id":"https:\/\/www.realclubmaritimomelilla.es\/clmar\/melilla-decide-el-titulo-nacional-por-equipos-autonomicos-de-optimist\/"},"author":{"name":"RCMMelilla","@id":"https:\/\/www.realclubmaritimomelilla.es\/clmar\/#\/schema\/person\/ebaa3713496dc6d48c872452e73a8e79"},"headline":"Melilla decide el t\u00edtulo Nacional por Equipos Auton\u00f3micos de Optimist","datePublished":"2025-06-26T15:56:05+00:00","dateModified":"2025-07-01T11:58:07+00:00","mainEntityOfPage":{"@id":"https:\/\/www.realclubmaritimomelilla.es\/clmar\/melilla-decide-el-titulo-nacional-por-equipos-autonomicos-de-optimist\/"},"wordCount":455,"commentCount":0,"publisher":{"@id":"https:\/\/www.realclubmaritimomelilla.es\/clmar\/#organization"},"image":{"@id":"https:\/\/www.realclubmaritimomelilla.es\/clmar\/melilla-decide-el-titulo-nacional-por-equipos-autonomicos-de-optimist\/#primaryimage"},"thumbnailUrl":"https:\/\/www.realclubmaritimomelilla.es\/clmar\/wp-content\/uploads\/JUEVES-RCMM5-1-jpg.webp","articleSection":["N\u00e1utica"],"inLanguage":"es","potentialAction":[{"@type":"CommentAction","name":"Comment","target":["https:\/\/www.realclubmaritimomelilla.es\/clmar\/melilla-decide-el-titulo-nacional-por-equipos-autonomicos-de-optimist\/#respond"]}]},{"@type":"WebPage","@id":"https:\/\/www.realclubmaritimomelilla.es\/clmar\/melilla-decide-el-titulo-nacional-por-equipos-autonomicos-de-optimist\/","url":"https:\/\/www.realclubmaritimomelilla.es\/clmar\/melilla-decide-el-titulo-nacional-por-equipos-autonomicos-de-optimist\/","name":"Melilla decide el t\u00edtulo Nacional por Equipos Auton\u00f3micos de Optimist - Real Club Mar\u00edtimo de Melilla","isPartOf":{"@id":"https:\/\/www.realclubmaritimomelilla.es\/clmar\/#website"},"primaryImageOfPage":{"@id":"https:\/\/www.realclubmaritimomelilla.es\/clmar\/melilla-decide-el-titulo-nacional-por-equipos-autonomicos-de-optimist\/#primaryimage"},"image":{"@id":"https:\/\/www.realclubmaritimomelilla.es\/clmar\/melilla-decide-el-titulo-nacional-por-equipos-autonomicos-de-optimist\/#primaryimage"},"thumbnailUrl":"https:\/\/www.realclubmaritimomelilla.es\/clmar\/wp-content\/uploads\/JUEVES-RCMM5-1-jpg.webp","datePublished":"2025-06-26T15:56:05+00:00","dateModified":"2025-07-01T11:58:07+00:00","description":"El Real Club Mar\u00edtimo de Melilla ha sido designado por la Real Federaci\u00f3n Espa\u00f1ola de Vela para albergar esta competici\u00f3n","breadcrumb":{"@id":"https:\/\/www.realclubmaritimomelilla.es\/clmar\/melilla-decide-el-titulo-nacional-por-equipos-autonomicos-de-optimist\/#breadcrumb"},"inLanguage":"es","potentialAction":[{"@type":"ReadAction","target":["https:\/\/www.realclubmaritimomelilla.es\/clmar\/melilla-decide-el-titulo-nacional-por-equipos-autonomicos-de-optimist\/"]}]},{"@type":"ImageObject","inLanguage":"es","@id":"https:\/\/www.realclubmaritimomelilla.es\/clmar\/melilla-decide-el-titulo-nacional-por-equipos-autonomicos-de-optimist\/#primaryimage","url":"https:\/\/www.realclubmaritimomelilla.es\/clmar\/wp-content\/uploads\/JUEVES-RCMM5-1-jpg.webp","contentUrl":"https:\/\/www.realclubmaritimomelilla.es\/clmar\/wp-content\/uploads\/JUEVES-RCMM5-1-jpg.webp","width":1417,"height":872},{"@type":"BreadcrumbList","@id":"https:\/\/www.realclubmaritimomelilla.es\/clmar\/melilla-decide-el-titulo-nacional-por-equipos-autonomicos-de-optimist\/#breadcrumb","itemListElement":[{"@type":"ListItem","position":1,"name":"Portada","item":"https:\/\/www.realclubmaritimomelilla.es\/clmar\/"},{"@type":"ListItem","position":2,"name":"Melilla decide el t\u00edtulo Nacional por Equipos Auton\u00f3micos de Optimist"}]},{"@type":"WebSite","@id":"https:\/\/www.realclubmaritimomelilla.es\/clmar\/#website","url":"https:\/\/www.realclubmaritimomelilla.es\/clmar\/","name":"Real Club Mar\u00edtimo de Melilla","description":"RCMM","publisher":{"@id":"https:\/\/www.realclubmaritimomelilla.es\/clmar\/#organization"},"alternateName":"RCMM","potentialAction":[{"@type":"SearchAction","target":{"@type":"EntryPoint","urlTemplate":"https:\/\/www.realclubmaritimomelilla.es\/clmar\/?s={search_term_string}"},"query-input":{"@type":"PropertyValueSpecification","valueRequired":true,"valueName":"search_term_string"}}],"inLanguage":"es"},{"@type":"Organization","@id":"https:\/\/www.realclubmaritimomelilla.es\/clmar\/#organization","name":"Real Club Mar\u00edtimo de Melilla","alternateName":"RCMM","url":"https:\/\/www.realclubmaritimomelilla.es\/clmar\/","logo":{"@type":"ImageObject","inLanguage":"es","@id":"https:\/\/www.realclubmaritimomelilla.es\/clmar\/#\/schema\/logo\/image\/","url":"https:\/\/www.realclubmaritimomelilla.es\/clmar\/wp-content\/uploads\/logo-club-original-copia.jpg","contentUrl":"https:\/\/www.realclubmaritimomelilla.es\/clmar\/wp-content\/uploads\/logo-club-original-copia.jpg","width":128,"height":89,"caption":"Real Club Mar\u00edtimo de Melilla"},"image":{"@id":"https:\/\/www.realclubmaritimomelilla.es\/clmar\/#\/schema\/logo\/image\/"},"sameAs":["https:\/\/www.facebook.com\/Real-Club-Mar\u00edtimo-de-Melilla-588495841234214\/","https:\/\/x.com\/nauticarcmm","https:\/\/www.instagram.com\/club_maritimo_melilla\/","https:\/\/www.youtube.com\/@realclubmaritimodemelilla4703","https:\/\/es.wikipedia.org\/wiki\/Real_Club_Mar\u00edtimo_de_Melilla"]},{"@type":"Person","@id":"https:\/\/www.realclubmaritimomelilla.es\/clmar\/#\/schema\/person\/ebaa3713496dc6d48c872452e73a8e79","name":"RCMMelilla","image":{"@type":"ImageObject","inLanguage":"es","@id":"https:\/\/secure.gravatar.com\/avatar\/df1c24789360fb9308735c4ee556fc2bc5bf924bf01e53043b8b97ba272da33c?s=96&d=mm&r=g","url":"https:\/\/secure.gravatar.com\/avatar\/df1c24789360fb9308735c4ee556fc2bc5bf924bf01e53043b8b97ba272da33c?s=96&d=mm&r=g","contentUrl":"https:\/\/secure.gravatar.com\/avatar\/df1c24789360fb9308735c4ee556fc2bc5bf924bf01e53043b8b97ba272da33c?s=96&d=mm&r=g","caption":"RCMMelilla"}}]}},"_links":{"self":[{"href":"https:\/\/www.realclubmaritimomelilla.es\/clmar\/wp-json\/wp\/v2\/posts\/25396","targetHints":{"allow":["GET"]}}],"collection":[{"href":"https:\/\/www.realclubmaritimomelilla.es\/clmar\/wp-json\/wp\/v2\/posts"}],"about":[{"href":"https:\/\/www.realclubmaritimomelilla.es\/clmar\/wp-json\/wp\/v2\/types\/post"}],"author":[{"embeddable":true,"href":"https:\/\/www.realclubmaritimomelilla.es\/clmar\/wp-json\/wp\/v2\/users\/1"}],"replies":[{"embeddable":true,"href":"https:\/\/www.realclubmaritimomelilla.es\/clmar\/wp-json\/wp\/v2\/comments?post=25396"}],"version-history":[{"count":3,"href":"https:\/\/www.realclubmaritimomelilla.es\/clmar\/wp-json\/wp\/v2\/posts\/25396\/revisions"}],"predecessor-version":[{"id":25537,"href":"https:\/\/www.realclubmaritimomelilla.es\/clmar\/wp-json\/wp\/v2\/posts\/25396\/revisions\/25537"}],"wp:featuredmedia":[{"embeddable":true,"href":"https:\/\/www.realclubmaritimomelilla.es\/clmar\/wp-json\/wp\/v2\/media\/25409"}],"wp:attachment":[{"href":"https:\/\/www.realclubmaritimomelilla.es\/clmar\/wp-json\/wp\/v2\/media?parent=25396"}],"wp:term":[{"taxonomy":"category","embeddable":true,"href":"https:\/\/www.realclubmaritimomelilla.es\/clmar\/wp-json\/wp\/v2\/categories?post=25396"},{"taxonomy":"post_tag","embeddable":true,"href":"https:\/\/www.realclubmaritimomelilla.es\/clmar\/wp-json\/wp\/v2\/tags?post=25396"}],"curies":[{"name":"wp","href":"https:\/\/api.w.org\/{rel}","templated":true}]}}