{"id":25378,"date":"2025-06-26T10:53:58","date_gmt":"2025-06-26T08:53:58","guid":{"rendered":"https:\/\/www.realclubmaritimomelilla.es\/clmar\/?p=25378"},"modified":"2025-07-01T12:36:41","modified_gmt":"2025-07-01T10:36:41","slug":"presentacion-campeonato-de-espana-optimist-por-equipos","status":"publish","type":"post","link":"https:\/\/www.realclubmaritimomelilla.es\/clmar\/presentacion-campeonato-de-espana-optimist-por-equipos\/","title":{"rendered":"Presentaci\u00f3n Campeonato de Espa\u00f1a Optimist por Equipos"},"content":{"rendered":"<p>Una vez m\u00e1s, el Real Club Mar\u00edtimo de Melilla, como organizador de grandes eventos ha sido seleccionado por la Real Federaci\u00f3n Espa\u00f1ola de Vela, para organizar su XVII campeonato nacional en la historia del club, en este caso se trata del Campeonato de Espa\u00f1a por Equipos de Autonom\u00edas 2025 de la Clase Internacional Optimist, uno de los campeonatos m\u00e1s importante a nivel nacional. Los ganadores de la competici\u00f3n, ser\u00e1n los representantes de Espa\u00f1a en el Campeonato de Europa por equipos. Esta competici\u00f3n se celebrar\u00e1 en aguas de Melilla, entre los d\u00edas 26 al 29 de junio de 2025, ambos inclusive.<br \/>\nLa presentaci\u00f3n cont\u00f3 con el presidente del RCMM, Jer\u00f3nimo P\u00e9rez, junto al consejero de Deportes de la ciudad aut\u00f3noma de Melilla, Miguel \u00c1ngel Fern\u00e1ndez, y el responsable del Comit\u00e9, Fidel Mart\u00ednez.<br \/>\nPara dicho evento, van a participar el mismo n\u00famero de participantes que el a\u00f1o pasado en Barcelona, un total de 64 embarcaciones, de 8 autonom\u00edas que son: Andaluc\u00eda, Baleares, Catalu\u00f1a, Cantabria, Canarias, Galicia, Valencia y Melilla cada comunidad est\u00e1 representada por dos equipos.<br \/>\nCada equipo est\u00e1 formado por 4 participantes, debiendo ser dos chicos y dos chicas.<br \/>\nEl 26 de junio desde las 10:00 a las 18:00 se realizar\u00e1 el registro de participantes y el control de equipamiento. A las 19:30 se realizar\u00e1 la reuni\u00f3n de entrenadores con los miembros del comit\u00e9.<br \/>\nEl 27 de junio, los equipos se dividir\u00e1n en 2 grupos, A y B, luego se realizar\u00e1 un sorteo para decidir si es el equipo 1 o 2 de cada autonom\u00eda no pudiendo coincidir los dos equipos de una autonom\u00eda en el mismo grupo.Cada Grupo navegar\u00e1 2 Round Robin, siendo la hora de comienzo las 11:30 si hay condiciones para poder empezar.<br \/>\nEl 28 de junio, los dos primeros de cada grupo despu\u00e9s de los Round Robin pasar\u00e1n a las Semifinales, se navegar\u00e1 un Round Robin de semifinales donde los dos primeros pasar\u00e1n a disputar la Gran Final y los puestos 3 y 4 la Petit Final, el domingo 29 de junio. En la Petit Final resultar\u00e1 ganador el primer equipo que obtenga 2 puntos y la gran final resultar\u00e1 ganador el primer equipo que obtenga 3 puntos.<br \/>\nEn principio, la intenci\u00f3n del comit\u00e9 de regatas es realizar todo el evento dentro de la bah\u00eda melillense, por lo que rogamos a las embarcaciones que bajen su velocidad y no crucen el campo de regatas.<br \/>\nEl domingo 29 de junio a las 20:00 se realizar\u00e1 la entrega de premios y la clausura del Campeonato.<br \/>\nEl equipo de Melilla, estar\u00e1 formado por los ocho regatistas del Real Club Mar\u00edtimo de Melilla: Adrian Robles, Aitana Robles, Miguel A Tormo, Isabela Tormo, Pablo Rivas, Aroa Villal\u00f3n, Amir Bouchaunkouk y Mar\u00eda Aguilar, el entrenador en este caso ser\u00e1 Guillermo Soto Pinilla<\/p>\n","protected":false},"excerpt":{"rendered":"<p>Una vez m\u00e1s, el Real Club Mar\u00edtimo de Melilla, como organizador de grandes eventos ha sido seleccionado por la Real Federaci\u00f3n Espa\u00f1ola de Vela, para organizar su XVII campeonato nacional en la historia del club, en este caso se trata del Campeonato de Espa\u00f1a por Equipos de Autonom\u00edas 2025 de la Clase Internacional Optimist, uno [&hellip;]<\/p>\n","protected":false},"author":1,"featured_media":25379,"comment_status":"open","ping_status":"open","sticky":false,"template":"","format":"standard","meta":{"_acf_changed":false,"footnotes":""},"categories":[38],"tags":[],"class_list":["post-25378","post","type-post","status-publish","format-standard","has-post-thumbnail","hentry","category-nautica"],"acf":[],"yoast_head":"<!-- This site is optimized with the Yoast SEO plugin v27.5 - https:\/\/yoast.com\/product\/yoast-seo-wordpress\/ -->\n<title>Presentaci\u00f3n Campeonato de Espa\u00f1a Optimist por Equipos - Real Club Mar\u00edtimo de Melilla<\/title>\n<meta name=\"description\" content=\"La RFEV ha elegido al RCMM para organizar el XVII Campeonato de Espa\u00f1a por Equipos de Autonom\u00edas de 2025 de la Clase Internacional Optimist\" \/>\n<meta name=\"robots\" content=\"index, follow, max-snippet:-1, max-image-preview:large, max-video-preview:-1\" \/>\n<link rel=\"canonical\" href=\"https:\/\/www.realclubmaritimomelilla.es\/clmar\/presentacion-campeonato-de-espana-optimist-por-equipos\/\" \/>\n<meta property=\"og:locale\" content=\"es_ES\" \/>\n<meta property=\"og:type\" content=\"article\" \/>\n<meta property=\"og:title\" content=\"Presentaci\u00f3n Campeonato de Espa\u00f1a Optimist por Equipos - Real Club Mar\u00edtimo de Melilla\" \/>\n<meta property=\"og:description\" content=\"La RFEV ha elegido al RCMM para organizar el XVII Campeonato de Espa\u00f1a por Equipos de Autonom\u00edas de 2025 de la Clase Internacional Optimist\" \/>\n<meta property=\"og:url\" content=\"https:\/\/www.realclubmaritimomelilla.es\/clmar\/presentacion-campeonato-de-espana-optimist-por-equipos\/\" \/>\n<meta property=\"og:site_name\" content=\"Real Club Mar\u00edtimo de Melilla\" \/>\n<meta property=\"article:publisher\" content=\"https:\/\/www.facebook.com\/Real-Club-Mar%c3%adtimo-de-Melilla-588495841234214\/\" \/>\n<meta property=\"article:published_time\" content=\"2025-06-26T08:53:58+00:00\" \/>\n<meta property=\"article:modified_time\" content=\"2025-07-01T10:36:41+00:00\" \/>\n<meta property=\"og:image\" content=\"https:\/\/www.realclubmaritimomelilla.es\/clmar\/wp-content\/uploads\/Presentacion-1.jpg\" \/>\n\t<meta property=\"og:image:width\" content=\"2048\" \/>\n\t<meta property=\"og:image:height\" content=\"1536\" \/>\n\t<meta property=\"og:image:type\" content=\"image\/jpeg\" \/>\n<meta name=\"author\" content=\"RCMMelilla\" \/>\n<meta name=\"twitter:card\" content=\"summary_large_image\" \/>\n<meta name=\"twitter:creator\" content=\"@nauticarcmm\" \/>\n<meta name=\"twitter:site\" content=\"@nauticarcmm\" \/>\n<meta name=\"twitter:label1\" content=\"Escrito por\" \/>\n\t<meta name=\"twitter:data1\" content=\"RCMMelilla\" \/>\n\t<meta name=\"twitter:label2\" content=\"Tiempo de lectura\" \/>\n\t<meta name=\"twitter:data2\" content=\"3 minutos\" \/>\n<script type=\"application\/ld+json\" class=\"yoast-schema-graph\">{\"@context\":\"https:\\\/\\\/schema.org\",\"@graph\":[{\"@type\":\"Article\",\"@id\":\"https:\\\/\\\/www.realclubmaritimomelilla.es\\\/clmar\\\/presentacion-campeonato-de-espana-optimist-por-equipos\\\/#article\",\"isPartOf\":{\"@id\":\"https:\\\/\\\/www.realclubmaritimomelilla.es\\\/clmar\\\/presentacion-campeonato-de-espana-optimist-por-equipos\\\/\"},\"author\":{\"name\":\"RCMMelilla\",\"@id\":\"https:\\\/\\\/www.realclubmaritimomelilla.es\\\/clmar\\\/#\\\/schema\\\/person\\\/ebaa3713496dc6d48c872452e73a8e79\"},\"headline\":\"Presentaci\u00f3n Campeonato de Espa\u00f1a Optimist por Equipos\",\"datePublished\":\"2025-06-26T08:53:58+00:00\",\"dateModified\":\"2025-07-01T10:36:41+00:00\",\"mainEntityOfPage\":{\"@id\":\"https:\\\/\\\/www.realclubmaritimomelilla.es\\\/clmar\\\/presentacion-campeonato-de-espana-optimist-por-equipos\\\/\"},\"wordCount\":479,\"commentCount\":0,\"publisher\":{\"@id\":\"https:\\\/\\\/www.realclubmaritimomelilla.es\\\/clmar\\\/#organization\"},\"image\":{\"@id\":\"https:\\\/\\\/www.realclubmaritimomelilla.es\\\/clmar\\\/presentacion-campeonato-de-espana-optimist-por-equipos\\\/#primaryimage\"},\"thumbnailUrl\":\"https:\\\/\\\/www.realclubmaritimomelilla.es\\\/clmar\\\/wp-content\\\/uploads\\\/Presentacion-1.jpg\",\"articleSection\":[\"N\u00e1utica\"],\"inLanguage\":\"es\",\"potentialAction\":[{\"@type\":\"CommentAction\",\"name\":\"Comment\",\"target\":[\"https:\\\/\\\/www.realclubmaritimomelilla.es\\\/clmar\\\/presentacion-campeonato-de-espana-optimist-por-equipos\\\/#respond\"]}]},{\"@type\":\"WebPage\",\"@id\":\"https:\\\/\\\/www.realclubmaritimomelilla.es\\\/clmar\\\/presentacion-campeonato-de-espana-optimist-por-equipos\\\/\",\"url\":\"https:\\\/\\\/www.realclubmaritimomelilla.es\\\/clmar\\\/presentacion-campeonato-de-espana-optimist-por-equipos\\\/\",\"name\":\"Presentaci\u00f3n Campeonato de Espa\u00f1a Optimist por Equipos - Real Club Mar\u00edtimo de Melilla\",\"isPartOf\":{\"@id\":\"https:\\\/\\\/www.realclubmaritimomelilla.es\\\/clmar\\\/#website\"},\"primaryImageOfPage\":{\"@id\":\"https:\\\/\\\/www.realclubmaritimomelilla.es\\\/clmar\\\/presentacion-campeonato-de-espana-optimist-por-equipos\\\/#primaryimage\"},\"image\":{\"@id\":\"https:\\\/\\\/www.realclubmaritimomelilla.es\\\/clmar\\\/presentacion-campeonato-de-espana-optimist-por-equipos\\\/#primaryimage\"},\"thumbnailUrl\":\"https:\\\/\\\/www.realclubmaritimomelilla.es\\\/clmar\\\/wp-content\\\/uploads\\\/Presentacion-1.jpg\",\"datePublished\":\"2025-06-26T08:53:58+00:00\",\"dateModified\":\"2025-07-01T10:36:41+00:00\",\"description\":\"La RFEV ha elegido al RCMM para organizar el XVII Campeonato de Espa\u00f1a por Equipos de Autonom\u00edas de 2025 de la Clase Internacional Optimist\",\"breadcrumb\":{\"@id\":\"https:\\\/\\\/www.realclubmaritimomelilla.es\\\/clmar\\\/presentacion-campeonato-de-espana-optimist-por-equipos\\\/#breadcrumb\"},\"inLanguage\":\"es\",\"potentialAction\":[{\"@type\":\"ReadAction\",\"target\":[\"https:\\\/\\\/www.realclubmaritimomelilla.es\\\/clmar\\\/presentacion-campeonato-de-espana-optimist-por-equipos\\\/\"]}]},{\"@type\":\"ImageObject\",\"inLanguage\":\"es\",\"@id\":\"https:\\\/\\\/www.realclubmaritimomelilla.es\\\/clmar\\\/presentacion-campeonato-de-espana-optimist-por-equipos\\\/#primaryimage\",\"url\":\"https:\\\/\\\/www.realclubmaritimomelilla.es\\\/clmar\\\/wp-content\\\/uploads\\\/Presentacion-1.jpg\",\"contentUrl\":\"https:\\\/\\\/www.realclubmaritimomelilla.es\\\/clmar\\\/wp-content\\\/uploads\\\/Presentacion-1.jpg\",\"width\":2048,\"height\":1536},{\"@type\":\"BreadcrumbList\",\"@id\":\"https:\\\/\\\/www.realclubmaritimomelilla.es\\\/clmar\\\/presentacion-campeonato-de-espana-optimist-por-equipos\\\/#breadcrumb\",\"itemListElement\":[{\"@type\":\"ListItem\",\"position\":1,\"name\":\"Portada\",\"item\":\"https:\\\/\\\/www.realclubmaritimomelilla.es\\\/clmar\\\/\"},{\"@type\":\"ListItem\",\"position\":2,\"name\":\"Presentaci\u00f3n Campeonato de Espa\u00f1a Optimist por Equipos\"}]},{\"@type\":\"WebSite\",\"@id\":\"https:\\\/\\\/www.realclubmaritimomelilla.es\\\/clmar\\\/#website\",\"url\":\"https:\\\/\\\/www.realclubmaritimomelilla.es\\\/clmar\\\/\",\"name\":\"Real Club Mar\u00edtimo de Melilla\",\"description\":\"RCMM\",\"publisher\":{\"@id\":\"https:\\\/\\\/www.realclubmaritimomelilla.es\\\/clmar\\\/#organization\"},\"alternateName\":\"RCMM\",\"potentialAction\":[{\"@type\":\"SearchAction\",\"target\":{\"@type\":\"EntryPoint\",\"urlTemplate\":\"https:\\\/\\\/www.realclubmaritimomelilla.es\\\/clmar\\\/?s={search_term_string}\"},\"query-input\":{\"@type\":\"PropertyValueSpecification\",\"valueRequired\":true,\"valueName\":\"search_term_string\"}}],\"inLanguage\":\"es\"},{\"@type\":\"Organization\",\"@id\":\"https:\\\/\\\/www.realclubmaritimomelilla.es\\\/clmar\\\/#organization\",\"name\":\"Real Club Mar\u00edtimo de Melilla\",\"alternateName\":\"RCMM\",\"url\":\"https:\\\/\\\/www.realclubmaritimomelilla.es\\\/clmar\\\/\",\"logo\":{\"@type\":\"ImageObject\",\"inLanguage\":\"es\",\"@id\":\"https:\\\/\\\/www.realclubmaritimomelilla.es\\\/clmar\\\/#\\\/schema\\\/logo\\\/image\\\/\",\"url\":\"https:\\\/\\\/www.realclubmaritimomelilla.es\\\/clmar\\\/wp-content\\\/uploads\\\/logo-club-original-copia.jpg\",\"contentUrl\":\"https:\\\/\\\/www.realclubmaritimomelilla.es\\\/clmar\\\/wp-content\\\/uploads\\\/logo-club-original-copia.jpg\",\"width\":128,\"height\":89,\"caption\":\"Real Club Mar\u00edtimo de Melilla\"},\"image\":{\"@id\":\"https:\\\/\\\/www.realclubmaritimomelilla.es\\\/clmar\\\/#\\\/schema\\\/logo\\\/image\\\/\"},\"sameAs\":[\"https:\\\/\\\/www.facebook.com\\\/Real-Club-Mar\u00edtimo-de-Melilla-588495841234214\\\/\",\"https:\\\/\\\/x.com\\\/nauticarcmm\",\"https:\\\/\\\/www.instagram.com\\\/club_maritimo_melilla\\\/\",\"https:\\\/\\\/www.youtube.com\\\/@realclubmaritimodemelilla4703\",\"https:\\\/\\\/es.wikipedia.org\\\/wiki\\\/Real_Club_Mar\u00edtimo_de_Melilla\"]},{\"@type\":\"Person\",\"@id\":\"https:\\\/\\\/www.realclubmaritimomelilla.es\\\/clmar\\\/#\\\/schema\\\/person\\\/ebaa3713496dc6d48c872452e73a8e79\",\"name\":\"RCMMelilla\",\"image\":{\"@type\":\"ImageObject\",\"inLanguage\":\"es\",\"@id\":\"https:\\\/\\\/secure.gravatar.com\\\/avatar\\\/df1c24789360fb9308735c4ee556fc2bc5bf924bf01e53043b8b97ba272da33c?s=96&d=mm&r=g\",\"url\":\"https:\\\/\\\/secure.gravatar.com\\\/avatar\\\/df1c24789360fb9308735c4ee556fc2bc5bf924bf01e53043b8b97ba272da33c?s=96&d=mm&r=g\",\"contentUrl\":\"https:\\\/\\\/secure.gravatar.com\\\/avatar\\\/df1c24789360fb9308735c4ee556fc2bc5bf924bf01e53043b8b97ba272da33c?s=96&d=mm&r=g\",\"caption\":\"RCMMelilla\"}}]}<\/script>\n<!-- \/ Yoast SEO plugin. -->","yoast_head_json":{"title":"Presentaci\u00f3n Campeonato de Espa\u00f1a Optimist por Equipos - Real Club Mar\u00edtimo de Melilla","description":"La RFEV ha elegido al RCMM para organizar el XVII Campeonato de Espa\u00f1a por Equipos de Autonom\u00edas de 2025 de la Clase Internacional Optimist","robots":{"index":"index","follow":"follow","max-snippet":"max-snippet:-1","max-image-preview":"max-image-preview:large","max-video-preview":"max-video-preview:-1"},"canonical":"https:\/\/www.realclubmaritimomelilla.es\/clmar\/presentacion-campeonato-de-espana-optimist-por-equipos\/","og_locale":"es_ES","og_type":"article","og_title":"Presentaci\u00f3n Campeonato de Espa\u00f1a Optimist por Equipos - Real Club Mar\u00edtimo de Melilla","og_description":"La RFEV ha elegido al RCMM para organizar el XVII Campeonato de Espa\u00f1a por Equipos de Autonom\u00edas de 2025 de la Clase Internacional Optimist","og_url":"https:\/\/www.realclubmaritimomelilla.es\/clmar\/presentacion-campeonato-de-espana-optimist-por-equipos\/","og_site_name":"Real Club Mar\u00edtimo de Melilla","article_publisher":"https:\/\/www.facebook.com\/Real-Club-Mar%c3%adtimo-de-Melilla-588495841234214\/","article_published_time":"2025-06-26T08:53:58+00:00","article_modified_time":"2025-07-01T10:36:41+00:00","og_image":[{"width":2048,"height":1536,"url":"https:\/\/www.realclubmaritimomelilla.es\/clmar\/wp-content\/uploads\/Presentacion-1.jpg","type":"image\/jpeg"}],"author":"RCMMelilla","twitter_card":"summary_large_image","twitter_creator":"@nauticarcmm","twitter_site":"@nauticarcmm","twitter_misc":{"Escrito por":"RCMMelilla","Tiempo de lectura":"3 minutos"},"schema":{"@context":"https:\/\/schema.org","@graph":[{"@type":"Article","@id":"https:\/\/www.realclubmaritimomelilla.es\/clmar\/presentacion-campeonato-de-espana-optimist-por-equipos\/#article","isPartOf":{"@id":"https:\/\/www.realclubmaritimomelilla.es\/clmar\/presentacion-campeonato-de-espana-optimist-por-equipos\/"},"author":{"name":"RCMMelilla","@id":"https:\/\/www.realclubmaritimomelilla.es\/clmar\/#\/schema\/person\/ebaa3713496dc6d48c872452e73a8e79"},"headline":"Presentaci\u00f3n Campeonato de Espa\u00f1a Optimist por Equipos","datePublished":"2025-06-26T08:53:58+00:00","dateModified":"2025-07-01T10:36:41+00:00","mainEntityOfPage":{"@id":"https:\/\/www.realclubmaritimomelilla.es\/clmar\/presentacion-campeonato-de-espana-optimist-por-equipos\/"},"wordCount":479,"commentCount":0,"publisher":{"@id":"https:\/\/www.realclubmaritimomelilla.es\/clmar\/#organization"},"image":{"@id":"https:\/\/www.realclubmaritimomelilla.es\/clmar\/presentacion-campeonato-de-espana-optimist-por-equipos\/#primaryimage"},"thumbnailUrl":"https:\/\/www.realclubmaritimomelilla.es\/clmar\/wp-content\/uploads\/Presentacion-1.jpg","articleSection":["N\u00e1utica"],"inLanguage":"es","potentialAction":[{"@type":"CommentAction","name":"Comment","target":["https:\/\/www.realclubmaritimomelilla.es\/clmar\/presentacion-campeonato-de-espana-optimist-por-equipos\/#respond"]}]},{"@type":"WebPage","@id":"https:\/\/www.realclubmaritimomelilla.es\/clmar\/presentacion-campeonato-de-espana-optimist-por-equipos\/","url":"https:\/\/www.realclubmaritimomelilla.es\/clmar\/presentacion-campeonato-de-espana-optimist-por-equipos\/","name":"Presentaci\u00f3n Campeonato de Espa\u00f1a Optimist por Equipos - Real Club Mar\u00edtimo de Melilla","isPartOf":{"@id":"https:\/\/www.realclubmaritimomelilla.es\/clmar\/#website"},"primaryImageOfPage":{"@id":"https:\/\/www.realclubmaritimomelilla.es\/clmar\/presentacion-campeonato-de-espana-optimist-por-equipos\/#primaryimage"},"image":{"@id":"https:\/\/www.realclubmaritimomelilla.es\/clmar\/presentacion-campeonato-de-espana-optimist-por-equipos\/#primaryimage"},"thumbnailUrl":"https:\/\/www.realclubmaritimomelilla.es\/clmar\/wp-content\/uploads\/Presentacion-1.jpg","datePublished":"2025-06-26T08:53:58+00:00","dateModified":"2025-07-01T10:36:41+00:00","description":"La RFEV ha elegido al RCMM para organizar el XVII Campeonato de Espa\u00f1a por Equipos de Autonom\u00edas de 2025 de la Clase Internacional Optimist","breadcrumb":{"@id":"https:\/\/www.realclubmaritimomelilla.es\/clmar\/presentacion-campeonato-de-espana-optimist-por-equipos\/#breadcrumb"},"inLanguage":"es","potentialAction":[{"@type":"ReadAction","target":["https:\/\/www.realclubmaritimomelilla.es\/clmar\/presentacion-campeonato-de-espana-optimist-por-equipos\/"]}]},{"@type":"ImageObject","inLanguage":"es","@id":"https:\/\/www.realclubmaritimomelilla.es\/clmar\/presentacion-campeonato-de-espana-optimist-por-equipos\/#primaryimage","url":"https:\/\/www.realclubmaritimomelilla.es\/clmar\/wp-content\/uploads\/Presentacion-1.jpg","contentUrl":"https:\/\/www.realclubmaritimomelilla.es\/clmar\/wp-content\/uploads\/Presentacion-1.jpg","width":2048,"height":1536},{"@type":"BreadcrumbList","@id":"https:\/\/www.realclubmaritimomelilla.es\/clmar\/presentacion-campeonato-de-espana-optimist-por-equipos\/#breadcrumb","itemListElement":[{"@type":"ListItem","position":1,"name":"Portada","item":"https:\/\/www.realclubmaritimomelilla.es\/clmar\/"},{"@type":"ListItem","position":2,"name":"Presentaci\u00f3n Campeonato de Espa\u00f1a Optimist por Equipos"}]},{"@type":"WebSite","@id":"https:\/\/www.realclubmaritimomelilla.es\/clmar\/#website","url":"https:\/\/www.realclubmaritimomelilla.es\/clmar\/","name":"Real Club Mar\u00edtimo de Melilla","description":"RCMM","publisher":{"@id":"https:\/\/www.realclubmaritimomelilla.es\/clmar\/#organization"},"alternateName":"RCMM","potentialAction":[{"@type":"SearchAction","target":{"@type":"EntryPoint","urlTemplate":"https:\/\/www.realclubmaritimomelilla.es\/clmar\/?s={search_term_string}"},"query-input":{"@type":"PropertyValueSpecification","valueRequired":true,"valueName":"search_term_string"}}],"inLanguage":"es"},{"@type":"Organization","@id":"https:\/\/www.realclubmaritimomelilla.es\/clmar\/#organization","name":"Real Club Mar\u00edtimo de Melilla","alternateName":"RCMM","url":"https:\/\/www.realclubmaritimomelilla.es\/clmar\/","logo":{"@type":"ImageObject","inLanguage":"es","@id":"https:\/\/www.realclubmaritimomelilla.es\/clmar\/#\/schema\/logo\/image\/","url":"https:\/\/www.realclubmaritimomelilla.es\/clmar\/wp-content\/uploads\/logo-club-original-copia.jpg","contentUrl":"https:\/\/www.realclubmaritimomelilla.es\/clmar\/wp-content\/uploads\/logo-club-original-copia.jpg","width":128,"height":89,"caption":"Real Club Mar\u00edtimo de Melilla"},"image":{"@id":"https:\/\/www.realclubmaritimomelilla.es\/clmar\/#\/schema\/logo\/image\/"},"sameAs":["https:\/\/www.facebook.com\/Real-Club-Mar\u00edtimo-de-Melilla-588495841234214\/","https:\/\/x.com\/nauticarcmm","https:\/\/www.instagram.com\/club_maritimo_melilla\/","https:\/\/www.youtube.com\/@realclubmaritimodemelilla4703","https:\/\/es.wikipedia.org\/wiki\/Real_Club_Mar\u00edtimo_de_Melilla"]},{"@type":"Person","@id":"https:\/\/www.realclubmaritimomelilla.es\/clmar\/#\/schema\/person\/ebaa3713496dc6d48c872452e73a8e79","name":"RCMMelilla","image":{"@type":"ImageObject","inLanguage":"es","@id":"https:\/\/secure.gravatar.com\/avatar\/df1c24789360fb9308735c4ee556fc2bc5bf924bf01e53043b8b97ba272da33c?s=96&d=mm&r=g","url":"https:\/\/secure.gravatar.com\/avatar\/df1c24789360fb9308735c4ee556fc2bc5bf924bf01e53043b8b97ba272da33c?s=96&d=mm&r=g","contentUrl":"https:\/\/secure.gravatar.com\/avatar\/df1c24789360fb9308735c4ee556fc2bc5bf924bf01e53043b8b97ba272da33c?s=96&d=mm&r=g","caption":"RCMMelilla"}}]}},"_links":{"self":[{"href":"https:\/\/www.realclubmaritimomelilla.es\/clmar\/wp-json\/wp\/v2\/posts\/25378","targetHints":{"allow":["GET"]}}],"collection":[{"href":"https:\/\/www.realclubmaritimomelilla.es\/clmar\/wp-json\/wp\/v2\/posts"}],"about":[{"href":"https:\/\/www.realclubmaritimomelilla.es\/clmar\/wp-json\/wp\/v2\/types\/post"}],"author":[{"embeddable":true,"href":"https:\/\/www.realclubmaritimomelilla.es\/clmar\/wp-json\/wp\/v2\/users\/1"}],"replies":[{"embeddable":true,"href":"https:\/\/www.realclubmaritimomelilla.es\/clmar\/wp-json\/wp\/v2\/comments?post=25378"}],"version-history":[{"count":3,"href":"https:\/\/www.realclubmaritimomelilla.es\/clmar\/wp-json\/wp\/v2\/posts\/25378\/revisions"}],"predecessor-version":[{"id":25527,"href":"https:\/\/www.realclubmaritimomelilla.es\/clmar\/wp-json\/wp\/v2\/posts\/25378\/revisions\/25527"}],"wp:featuredmedia":[{"embeddable":true,"href":"https:\/\/www.realclubmaritimomelilla.es\/clmar\/wp-json\/wp\/v2\/media\/25379"}],"wp:attachment":[{"href":"https:\/\/www.realclubmaritimomelilla.es\/clmar\/wp-json\/wp\/v2\/media?parent=25378"}],"wp:term":[{"taxonomy":"category","embeddable":true,"href":"https:\/\/www.realclubmaritimomelilla.es\/clmar\/wp-json\/wp\/v2\/categories?post=25378"},{"taxonomy":"post_tag","embeddable":true,"href":"https:\/\/www.realclubmaritimomelilla.es\/clmar\/wp-json\/wp\/v2\/tags?post=25378"}],"curies":[{"name":"wp","href":"https:\/\/api.w.org\/{rel}","templated":true}]}}