{"id":25344,"date":"2025-06-19T12:27:32","date_gmt":"2025-06-19T10:27:32","guid":{"rendered":"https:\/\/www.realclubmaritimomelilla.es\/clmar\/?p=25344"},"modified":"2025-06-19T16:12:51","modified_gmt":"2025-06-19T14:12:51","slug":"los-equipos-de-baloncesto-del-rcmm-en-la-clausura-de-la-temporada-de-la-fmb","status":"publish","type":"post","link":"https:\/\/www.realclubmaritimomelilla.es\/clmar\/los-equipos-de-baloncesto-del-rcmm-en-la-clausura-de-la-temporada-de-la-fmb\/","title":{"rendered":"Los equipos de baloncesto del RCMM en la clausura de la temporada de la FMB"},"content":{"rendered":"<p>Los equipos de la secci\u00f3n de baloncesto acudieron d\u00edas atr\u00e1s a la clausura de la temporada, organizada por la Federaci\u00f3n Melillense en el colegio Enrique Soler.<br \/>\nLa temporada ha sido larga, intensa y, finalmente, exitosa para los equipos del Real Club Mar\u00edtimo, que como muestra de su esfuerzo recog\u00edan medallas y trofeos en esta fiesta final del baloncesto melillense.<br \/>\nEnhorabuena a todos los jugadores y t\u00e9cnicos que han protagonizado esta nueva temporada.<br \/>\nEstos han sido los equipos galardonados este a\u00f1o:<br \/>\n&#8211; Mini masculino Club Mar\u00edtimo Eduardo Morilla. Tercer puesto.<br \/>\n&#8211; Mini masculino RCMM. Campe\u00f3n y va al Campeonato de Espa\u00f1a que se celebra en C\u00f3rdoba de 22 al 29 de junio<br \/>\n&#8211; Mini femenino RCMM. Tercer puesto<br \/>\n&#8211; Infantil femenino. Segundo puesto<br \/>\n&#8211; Preinfantil masculino. Tercer puesto<br \/>\n&#8211; Cadete femenino. Segundo puesto<br \/>\n&#8211; Cadete femenino. Segundo puesto<br \/>\n&#8211; Junior femenino. Segundo puesto<br \/>\n&#8211; Junior masculino. Tercer puesto<br \/>\n&#8211; Senior Sub-23. Tercer puesto<br \/>\n&#8211; Senior over40. Segundo puesto<br \/>\nAdem\u00e1s\u2026.<br \/>\n&#8211; Prepeque mixto. Cuarto puesto<br \/>\n&#8211; Peque mixto. Cuarto puesto<br \/>\n&#8211; Infantil masculino. Cuarto puesto<br \/>\n\n\t\t<style type=\"text\/css\">\n\t\t\t#gallery-1 {\n\t\t\t\tmargin: auto;\n\t\t\t}\n\t\t\t#gallery-1 .gallery-item {\n\t\t\t\tfloat: left;\n\t\t\t\tmargin-top: 10px;\n\t\t\t\ttext-align: center;\n\t\t\t\twidth: 33%;\n\t\t\t}\n\t\t\t#gallery-1 img {\n\t\t\t\tborder: 2px solid #cfcfcf;\n\t\t\t}\n\t\t\t#gallery-1 .gallery-caption {\n\t\t\t\tmargin-left: 0;\n\t\t\t}\n\t\t\t\/* see gallery_shortcode() in wp-includes\/media.php *\/\n\t\t<\/style>\n\t\t<div id='gallery-1' class='gallery galleryid-25344 gallery-columns-3 gallery-size-full'><dl class='gallery-item'>\n\t\t\t<dt class='gallery-icon landscape'>\n\t\t\t\t<a data-rel=\"iLightbox[postimages]\" data-title=\"Imagen de WhatsApp 2025-06-19 a las 12.07.00_475740e7\" data-caption=\"\" href='https:\/\/www.realclubmaritimomelilla.es\/clmar\/los-equipos-de-baloncesto-del-rcmm-en-la-clausura-de-la-temporada-de-la-fmb\/imagen-de-whatsapp-2025-06-19-a-las-12-07-00_475740e7\/'><img decoding=\"async\" width=\"1600\" height=\"1200\" src=\"https:\/\/www.realclubmaritimomelilla.es\/clmar\/wp-content\/uploads\/Imagen-de-WhatsApp-2025-06-19-a-las-12.07.00_475740e7.jpg\" class=\"attachment-full size-full\" alt=\"\" srcset=\"https:\/\/www.realclubmaritimomelilla.es\/clmar\/wp-content\/uploads\/Imagen-de-WhatsApp-2025-06-19-a-las-12.07.00_475740e7-200x150.webp 200w, https:\/\/www.realclubmaritimomelilla.es\/clmar\/wp-content\/uploads\/Imagen-de-WhatsApp-2025-06-19-a-las-12.07.00_475740e7-300x225.webp 300w, https:\/\/www.realclubmaritimomelilla.es\/clmar\/wp-content\/uploads\/Imagen-de-WhatsApp-2025-06-19-a-las-12.07.00_475740e7-400x300.webp 400w, https:\/\/www.realclubmaritimomelilla.es\/clmar\/wp-content\/uploads\/Imagen-de-WhatsApp-2025-06-19-a-las-12.07.00_475740e7-600x450.webp 600w, https:\/\/www.realclubmaritimomelilla.es\/clmar\/wp-content\/uploads\/Imagen-de-WhatsApp-2025-06-19-a-las-12.07.00_475740e7-768x576.webp 768w, https:\/\/www.realclubmaritimomelilla.es\/clmar\/wp-content\/uploads\/Imagen-de-WhatsApp-2025-06-19-a-las-12.07.00_475740e7-800x600.webp 800w, https:\/\/www.realclubmaritimomelilla.es\/clmar\/wp-content\/uploads\/Imagen-de-WhatsApp-2025-06-19-a-las-12.07.00_475740e7-1024x768.webp 1024w, https:\/\/www.realclubmaritimomelilla.es\/clmar\/wp-content\/uploads\/Imagen-de-WhatsApp-2025-06-19-a-las-12.07.00_475740e7-1200x900.webp 1200w, https:\/\/www.realclubmaritimomelilla.es\/clmar\/wp-content\/uploads\/Imagen-de-WhatsApp-2025-06-19-a-las-12.07.00_475740e7-1536x1152.webp 1536w, https:\/\/www.realclubmaritimomelilla.es\/clmar\/wp-content\/uploads\/Imagen-de-WhatsApp-2025-06-19-a-las-12.07.00_475740e7.jpg 1600w\" sizes=\"(max-width: 1600px) 100vw, 1600px\" \/><\/a>\n\t\t\t<\/dt><\/dl><dl class='gallery-item'>\n\t\t\t<dt class='gallery-icon landscape'>\n\t\t\t\t<a data-rel=\"iLightbox[postimages]\" data-title=\"Imagen de WhatsApp 2025-06-19 a las 12.07.01_0c1b3dc3\" data-caption=\"\" href='https:\/\/www.realclubmaritimomelilla.es\/clmar\/los-equipos-de-baloncesto-del-rcmm-en-la-clausura-de-la-temporada-de-la-fmb\/imagen-de-whatsapp-2025-06-19-a-las-12-07-01_0c1b3dc3\/'><img decoding=\"async\" width=\"1600\" height=\"1200\" src=\"https:\/\/www.realclubmaritimomelilla.es\/clmar\/wp-content\/uploads\/Imagen-de-WhatsApp-2025-06-19-a-las-12.07.01_0c1b3dc3.jpg\" class=\"attachment-full size-full\" alt=\"\" srcset=\"https:\/\/www.realclubmaritimomelilla.es\/clmar\/wp-content\/uploads\/Imagen-de-WhatsApp-2025-06-19-a-las-12.07.01_0c1b3dc3-200x150.webp 200w, https:\/\/www.realclubmaritimomelilla.es\/clmar\/wp-content\/uploads\/Imagen-de-WhatsApp-2025-06-19-a-las-12.07.01_0c1b3dc3-300x225.webp 300w, https:\/\/www.realclubmaritimomelilla.es\/clmar\/wp-content\/uploads\/Imagen-de-WhatsApp-2025-06-19-a-las-12.07.01_0c1b3dc3-400x300.webp 400w, https:\/\/www.realclubmaritimomelilla.es\/clmar\/wp-content\/uploads\/Imagen-de-WhatsApp-2025-06-19-a-las-12.07.01_0c1b3dc3-600x450.webp 600w, https:\/\/www.realclubmaritimomelilla.es\/clmar\/wp-content\/uploads\/Imagen-de-WhatsApp-2025-06-19-a-las-12.07.01_0c1b3dc3-768x576.webp 768w, https:\/\/www.realclubmaritimomelilla.es\/clmar\/wp-content\/uploads\/Imagen-de-WhatsApp-2025-06-19-a-las-12.07.01_0c1b3dc3-800x600.webp 800w, https:\/\/www.realclubmaritimomelilla.es\/clmar\/wp-content\/uploads\/Imagen-de-WhatsApp-2025-06-19-a-las-12.07.01_0c1b3dc3-1024x768.webp 1024w, https:\/\/www.realclubmaritimomelilla.es\/clmar\/wp-content\/uploads\/Imagen-de-WhatsApp-2025-06-19-a-las-12.07.01_0c1b3dc3-1200x900.webp 1200w, https:\/\/www.realclubmaritimomelilla.es\/clmar\/wp-content\/uploads\/Imagen-de-WhatsApp-2025-06-19-a-las-12.07.01_0c1b3dc3-1536x1152.webp 1536w, https:\/\/www.realclubmaritimomelilla.es\/clmar\/wp-content\/uploads\/Imagen-de-WhatsApp-2025-06-19-a-las-12.07.01_0c1b3dc3.jpg 1600w\" sizes=\"(max-width: 1600px) 100vw, 1600px\" \/><\/a>\n\t\t\t<\/dt><\/dl><dl class='gallery-item'>\n\t\t\t<dt class='gallery-icon landscape'>\n\t\t\t\t<a data-rel=\"iLightbox[postimages]\" data-title=\"Imagen de WhatsApp 2025-06-19 a las 12.07.02_2f604f03\" data-caption=\"\" href='https:\/\/www.realclubmaritimomelilla.es\/clmar\/los-equipos-de-baloncesto-del-rcmm-en-la-clausura-de-la-temporada-de-la-fmb\/imagen-de-whatsapp-2025-06-19-a-las-12-07-02_2f604f03\/'><img decoding=\"async\" width=\"1600\" height=\"1200\" src=\"https:\/\/www.realclubmaritimomelilla.es\/clmar\/wp-content\/uploads\/Imagen-de-WhatsApp-2025-06-19-a-las-12.07.02_2f604f03.jpg\" class=\"attachment-full size-full\" alt=\"\" srcset=\"https:\/\/www.realclubmaritimomelilla.es\/clmar\/wp-content\/uploads\/Imagen-de-WhatsApp-2025-06-19-a-las-12.07.02_2f604f03-200x150.webp 200w, https:\/\/www.realclubmaritimomelilla.es\/clmar\/wp-content\/uploads\/Imagen-de-WhatsApp-2025-06-19-a-las-12.07.02_2f604f03-300x225.webp 300w, https:\/\/www.realclubmaritimomelilla.es\/clmar\/wp-content\/uploads\/Imagen-de-WhatsApp-2025-06-19-a-las-12.07.02_2f604f03-400x300.webp 400w, https:\/\/www.realclubmaritimomelilla.es\/clmar\/wp-content\/uploads\/Imagen-de-WhatsApp-2025-06-19-a-las-12.07.02_2f604f03-600x450.webp 600w, https:\/\/www.realclubmaritimomelilla.es\/clmar\/wp-content\/uploads\/Imagen-de-WhatsApp-2025-06-19-a-las-12.07.02_2f604f03-768x576.webp 768w, https:\/\/www.realclubmaritimomelilla.es\/clmar\/wp-content\/uploads\/Imagen-de-WhatsApp-2025-06-19-a-las-12.07.02_2f604f03-800x600.webp 800w, https:\/\/www.realclubmaritimomelilla.es\/clmar\/wp-content\/uploads\/Imagen-de-WhatsApp-2025-06-19-a-las-12.07.02_2f604f03-1024x768.webp 1024w, https:\/\/www.realclubmaritimomelilla.es\/clmar\/wp-content\/uploads\/Imagen-de-WhatsApp-2025-06-19-a-las-12.07.02_2f604f03-1200x900.webp 1200w, https:\/\/www.realclubmaritimomelilla.es\/clmar\/wp-content\/uploads\/Imagen-de-WhatsApp-2025-06-19-a-las-12.07.02_2f604f03-1536x1152.webp 1536w, https:\/\/www.realclubmaritimomelilla.es\/clmar\/wp-content\/uploads\/Imagen-de-WhatsApp-2025-06-19-a-las-12.07.02_2f604f03.jpg 1600w\" sizes=\"(max-width: 1600px) 100vw, 1600px\" \/><\/a>\n\t\t\t<\/dt><\/dl><br style=\"clear: both\" \/><dl class='gallery-item'>\n\t\t\t<dt class='gallery-icon landscape'>\n\t\t\t\t<a data-rel=\"iLightbox[postimages]\" data-title=\"Imagen de WhatsApp 2025-06-19 a las 12.07.02_b9e85924\" data-caption=\"\" href='https:\/\/www.realclubmaritimomelilla.es\/clmar\/los-equipos-de-baloncesto-del-rcmm-en-la-clausura-de-la-temporada-de-la-fmb\/imagen-de-whatsapp-2025-06-19-a-las-12-07-02_b9e85924\/'><img decoding=\"async\" width=\"1600\" height=\"1200\" src=\"https:\/\/www.realclubmaritimomelilla.es\/clmar\/wp-content\/uploads\/Imagen-de-WhatsApp-2025-06-19-a-las-12.07.02_b9e85924.jpg\" class=\"attachment-full size-full\" alt=\"\" srcset=\"https:\/\/www.realclubmaritimomelilla.es\/clmar\/wp-content\/uploads\/Imagen-de-WhatsApp-2025-06-19-a-las-12.07.02_b9e85924-200x150.webp 200w, https:\/\/www.realclubmaritimomelilla.es\/clmar\/wp-content\/uploads\/Imagen-de-WhatsApp-2025-06-19-a-las-12.07.02_b9e85924-300x225.webp 300w, https:\/\/www.realclubmaritimomelilla.es\/clmar\/wp-content\/uploads\/Imagen-de-WhatsApp-2025-06-19-a-las-12.07.02_b9e85924-400x300.webp 400w, https:\/\/www.realclubmaritimomelilla.es\/clmar\/wp-content\/uploads\/Imagen-de-WhatsApp-2025-06-19-a-las-12.07.02_b9e85924-600x450.webp 600w, https:\/\/www.realclubmaritimomelilla.es\/clmar\/wp-content\/uploads\/Imagen-de-WhatsApp-2025-06-19-a-las-12.07.02_b9e85924-768x576.webp 768w, https:\/\/www.realclubmaritimomelilla.es\/clmar\/wp-content\/uploads\/Imagen-de-WhatsApp-2025-06-19-a-las-12.07.02_b9e85924-800x600.webp 800w, https:\/\/www.realclubmaritimomelilla.es\/clmar\/wp-content\/uploads\/Imagen-de-WhatsApp-2025-06-19-a-las-12.07.02_b9e85924-1024x768.webp 1024w, https:\/\/www.realclubmaritimomelilla.es\/clmar\/wp-content\/uploads\/Imagen-de-WhatsApp-2025-06-19-a-las-12.07.02_b9e85924-1200x900.webp 1200w, https:\/\/www.realclubmaritimomelilla.es\/clmar\/wp-content\/uploads\/Imagen-de-WhatsApp-2025-06-19-a-las-12.07.02_b9e85924-1536x1152.webp 1536w, https:\/\/www.realclubmaritimomelilla.es\/clmar\/wp-content\/uploads\/Imagen-de-WhatsApp-2025-06-19-a-las-12.07.02_b9e85924.jpg 1600w\" sizes=\"(max-width: 1600px) 100vw, 1600px\" \/><\/a>\n\t\t\t<\/dt><\/dl><dl class='gallery-item'>\n\t\t\t<dt class='gallery-icon landscape'>\n\t\t\t\t<a data-rel=\"iLightbox[postimages]\" data-title=\"Imagen de WhatsApp 2025-06-19 a las 12.07.02_b85de696\" data-caption=\"\" href='https:\/\/www.realclubmaritimomelilla.es\/clmar\/los-equipos-de-baloncesto-del-rcmm-en-la-clausura-de-la-temporada-de-la-fmb\/imagen-de-whatsapp-2025-06-19-a-las-12-07-02_b85de696\/'><img decoding=\"async\" width=\"1600\" height=\"1200\" src=\"https:\/\/www.realclubmaritimomelilla.es\/clmar\/wp-content\/uploads\/Imagen-de-WhatsApp-2025-06-19-a-las-12.07.02_b85de696.jpg\" class=\"attachment-full size-full\" alt=\"\" srcset=\"https:\/\/www.realclubmaritimomelilla.es\/clmar\/wp-content\/uploads\/Imagen-de-WhatsApp-2025-06-19-a-las-12.07.02_b85de696-200x150.webp 200w, https:\/\/www.realclubmaritimomelilla.es\/clmar\/wp-content\/uploads\/Imagen-de-WhatsApp-2025-06-19-a-las-12.07.02_b85de696-300x225.webp 300w, https:\/\/www.realclubmaritimomelilla.es\/clmar\/wp-content\/uploads\/Imagen-de-WhatsApp-2025-06-19-a-las-12.07.02_b85de696-400x300.webp 400w, https:\/\/www.realclubmaritimomelilla.es\/clmar\/wp-content\/uploads\/Imagen-de-WhatsApp-2025-06-19-a-las-12.07.02_b85de696-600x450.webp 600w, https:\/\/www.realclubmaritimomelilla.es\/clmar\/wp-content\/uploads\/Imagen-de-WhatsApp-2025-06-19-a-las-12.07.02_b85de696-768x576.webp 768w, https:\/\/www.realclubmaritimomelilla.es\/clmar\/wp-content\/uploads\/Imagen-de-WhatsApp-2025-06-19-a-las-12.07.02_b85de696-800x600.webp 800w, https:\/\/www.realclubmaritimomelilla.es\/clmar\/wp-content\/uploads\/Imagen-de-WhatsApp-2025-06-19-a-las-12.07.02_b85de696-1024x768.webp 1024w, https:\/\/www.realclubmaritimomelilla.es\/clmar\/wp-content\/uploads\/Imagen-de-WhatsApp-2025-06-19-a-las-12.07.02_b85de696-1200x900.webp 1200w, https:\/\/www.realclubmaritimomelilla.es\/clmar\/wp-content\/uploads\/Imagen-de-WhatsApp-2025-06-19-a-las-12.07.02_b85de696-1536x1152.webp 1536w, https:\/\/www.realclubmaritimomelilla.es\/clmar\/wp-content\/uploads\/Imagen-de-WhatsApp-2025-06-19-a-las-12.07.02_b85de696.jpg 1600w\" sizes=\"(max-width: 1600px) 100vw, 1600px\" \/><\/a>\n\t\t\t<\/dt><\/dl><dl class='gallery-item'>\n\t\t\t<dt class='gallery-icon landscape'>\n\t\t\t\t<a data-rel=\"iLightbox[postimages]\" data-title=\"Imagen de WhatsApp 2025-06-19 a las 12.07.02_de508941\" data-caption=\"\" href='https:\/\/www.realclubmaritimomelilla.es\/clmar\/los-equipos-de-baloncesto-del-rcmm-en-la-clausura-de-la-temporada-de-la-fmb\/imagen-de-whatsapp-2025-06-19-a-las-12-07-02_de508941\/'><img decoding=\"async\" width=\"1600\" height=\"1200\" src=\"https:\/\/www.realclubmaritimomelilla.es\/clmar\/wp-content\/uploads\/Imagen-de-WhatsApp-2025-06-19-a-las-12.07.02_de508941.jpg\" class=\"attachment-full size-full\" alt=\"\" srcset=\"https:\/\/www.realclubmaritimomelilla.es\/clmar\/wp-content\/uploads\/Imagen-de-WhatsApp-2025-06-19-a-las-12.07.02_de508941-200x150.webp 200w, https:\/\/www.realclubmaritimomelilla.es\/clmar\/wp-content\/uploads\/Imagen-de-WhatsApp-2025-06-19-a-las-12.07.02_de508941-300x225.webp 300w, https:\/\/www.realclubmaritimomelilla.es\/clmar\/wp-content\/uploads\/Imagen-de-WhatsApp-2025-06-19-a-las-12.07.02_de508941-400x300.webp 400w, https:\/\/www.realclubmaritimomelilla.es\/clmar\/wp-content\/uploads\/Imagen-de-WhatsApp-2025-06-19-a-las-12.07.02_de508941-600x450.webp 600w, https:\/\/www.realclubmaritimomelilla.es\/clmar\/wp-content\/uploads\/Imagen-de-WhatsApp-2025-06-19-a-las-12.07.02_de508941-768x576.webp 768w, https:\/\/www.realclubmaritimomelilla.es\/clmar\/wp-content\/uploads\/Imagen-de-WhatsApp-2025-06-19-a-las-12.07.02_de508941-800x600.webp 800w, https:\/\/www.realclubmaritimomelilla.es\/clmar\/wp-content\/uploads\/Imagen-de-WhatsApp-2025-06-19-a-las-12.07.02_de508941-1024x768.webp 1024w, https:\/\/www.realclubmaritimomelilla.es\/clmar\/wp-content\/uploads\/Imagen-de-WhatsApp-2025-06-19-a-las-12.07.02_de508941-1200x900.webp 1200w, https:\/\/www.realclubmaritimomelilla.es\/clmar\/wp-content\/uploads\/Imagen-de-WhatsApp-2025-06-19-a-las-12.07.02_de508941-1536x1152.webp 1536w, https:\/\/www.realclubmaritimomelilla.es\/clmar\/wp-content\/uploads\/Imagen-de-WhatsApp-2025-06-19-a-las-12.07.02_de508941.jpg 1600w\" sizes=\"(max-width: 1600px) 100vw, 1600px\" \/><\/a>\n\t\t\t<\/dt><\/dl><br style=\"clear: both\" \/><dl class='gallery-item'>\n\t\t\t<dt class='gallery-icon landscape'>\n\t\t\t\t<a data-rel=\"iLightbox[postimages]\" data-title=\"Imagen de WhatsApp 2025-06-19 a las 12.07.02_e1bf0c54\" data-caption=\"\" href='https:\/\/www.realclubmaritimomelilla.es\/clmar\/los-equipos-de-baloncesto-del-rcmm-en-la-clausura-de-la-temporada-de-la-fmb\/imagen-de-whatsapp-2025-06-19-a-las-12-07-02_e1bf0c54\/'><img decoding=\"async\" width=\"1600\" height=\"1200\" src=\"https:\/\/www.realclubmaritimomelilla.es\/clmar\/wp-content\/uploads\/Imagen-de-WhatsApp-2025-06-19-a-las-12.07.02_e1bf0c54.jpg\" class=\"attachment-full size-full\" alt=\"\" srcset=\"https:\/\/www.realclubmaritimomelilla.es\/clmar\/wp-content\/uploads\/Imagen-de-WhatsApp-2025-06-19-a-las-12.07.02_e1bf0c54-200x150.webp 200w, https:\/\/www.realclubmaritimomelilla.es\/clmar\/wp-content\/uploads\/Imagen-de-WhatsApp-2025-06-19-a-las-12.07.02_e1bf0c54-300x225.webp 300w, https:\/\/www.realclubmaritimomelilla.es\/clmar\/wp-content\/uploads\/Imagen-de-WhatsApp-2025-06-19-a-las-12.07.02_e1bf0c54-400x300.webp 400w, https:\/\/www.realclubmaritimomelilla.es\/clmar\/wp-content\/uploads\/Imagen-de-WhatsApp-2025-06-19-a-las-12.07.02_e1bf0c54-600x450.webp 600w, https:\/\/www.realclubmaritimomelilla.es\/clmar\/wp-content\/uploads\/Imagen-de-WhatsApp-2025-06-19-a-las-12.07.02_e1bf0c54-768x576.webp 768w, https:\/\/www.realclubmaritimomelilla.es\/clmar\/wp-content\/uploads\/Imagen-de-WhatsApp-2025-06-19-a-las-12.07.02_e1bf0c54-800x600.webp 800w, https:\/\/www.realclubmaritimomelilla.es\/clmar\/wp-content\/uploads\/Imagen-de-WhatsApp-2025-06-19-a-las-12.07.02_e1bf0c54-1024x768.webp 1024w, https:\/\/www.realclubmaritimomelilla.es\/clmar\/wp-content\/uploads\/Imagen-de-WhatsApp-2025-06-19-a-las-12.07.02_e1bf0c54-1200x900.webp 1200w, https:\/\/www.realclubmaritimomelilla.es\/clmar\/wp-content\/uploads\/Imagen-de-WhatsApp-2025-06-19-a-las-12.07.02_e1bf0c54-1536x1152.webp 1536w, https:\/\/www.realclubmaritimomelilla.es\/clmar\/wp-content\/uploads\/Imagen-de-WhatsApp-2025-06-19-a-las-12.07.02_e1bf0c54.jpg 1600w\" sizes=\"(max-width: 1600px) 100vw, 1600px\" \/><\/a>\n\t\t\t<\/dt><\/dl><dl class='gallery-item'>\n\t\t\t<dt class='gallery-icon landscape'>\n\t\t\t\t<a data-rel=\"iLightbox[postimages]\" data-title=\"Imagen de WhatsApp 2025-06-19 a las 12.07.02_f35690bb\" data-caption=\"\" href='https:\/\/www.realclubmaritimomelilla.es\/clmar\/los-equipos-de-baloncesto-del-rcmm-en-la-clausura-de-la-temporada-de-la-fmb\/imagen-de-whatsapp-2025-06-19-a-las-12-07-02_f35690bb\/'><img decoding=\"async\" width=\"1600\" height=\"1200\" src=\"https:\/\/www.realclubmaritimomelilla.es\/clmar\/wp-content\/uploads\/Imagen-de-WhatsApp-2025-06-19-a-las-12.07.02_f35690bb.jpg\" class=\"attachment-full size-full\" alt=\"\" srcset=\"https:\/\/www.realclubmaritimomelilla.es\/clmar\/wp-content\/uploads\/Imagen-de-WhatsApp-2025-06-19-a-las-12.07.02_f35690bb-200x150.webp 200w, https:\/\/www.realclubmaritimomelilla.es\/clmar\/wp-content\/uploads\/Imagen-de-WhatsApp-2025-06-19-a-las-12.07.02_f35690bb-300x225.webp 300w, https:\/\/www.realclubmaritimomelilla.es\/clmar\/wp-content\/uploads\/Imagen-de-WhatsApp-2025-06-19-a-las-12.07.02_f35690bb-400x300.webp 400w, https:\/\/www.realclubmaritimomelilla.es\/clmar\/wp-content\/uploads\/Imagen-de-WhatsApp-2025-06-19-a-las-12.07.02_f35690bb-600x450.webp 600w, https:\/\/www.realclubmaritimomelilla.es\/clmar\/wp-content\/uploads\/Imagen-de-WhatsApp-2025-06-19-a-las-12.07.02_f35690bb-768x576.webp 768w, https:\/\/www.realclubmaritimomelilla.es\/clmar\/wp-content\/uploads\/Imagen-de-WhatsApp-2025-06-19-a-las-12.07.02_f35690bb-800x600.webp 800w, https:\/\/www.realclubmaritimomelilla.es\/clmar\/wp-content\/uploads\/Imagen-de-WhatsApp-2025-06-19-a-las-12.07.02_f35690bb-1024x768.webp 1024w, https:\/\/www.realclubmaritimomelilla.es\/clmar\/wp-content\/uploads\/Imagen-de-WhatsApp-2025-06-19-a-las-12.07.02_f35690bb-1200x900.webp 1200w, https:\/\/www.realclubmaritimomelilla.es\/clmar\/wp-content\/uploads\/Imagen-de-WhatsApp-2025-06-19-a-las-12.07.02_f35690bb-1536x1152.webp 1536w, https:\/\/www.realclubmaritimomelilla.es\/clmar\/wp-content\/uploads\/Imagen-de-WhatsApp-2025-06-19-a-las-12.07.02_f35690bb.jpg 1600w\" sizes=\"(max-width: 1600px) 100vw, 1600px\" \/><\/a>\n\t\t\t<\/dt><\/dl><dl class='gallery-item'>\n\t\t\t<dt class='gallery-icon landscape'>\n\t\t\t\t<a data-rel=\"iLightbox[postimages]\" data-title=\"Imagen de WhatsApp 2025-06-19 a las 12.07.03_0a8618b3\" data-caption=\"\" href='https:\/\/www.realclubmaritimomelilla.es\/clmar\/los-equipos-de-baloncesto-del-rcmm-en-la-clausura-de-la-temporada-de-la-fmb\/imagen-de-whatsapp-2025-06-19-a-las-12-07-03_0a8618b3\/'><img decoding=\"async\" width=\"1600\" height=\"1200\" src=\"https:\/\/www.realclubmaritimomelilla.es\/clmar\/wp-content\/uploads\/Imagen-de-WhatsApp-2025-06-19-a-las-12.07.03_0a8618b3.jpg\" class=\"attachment-full size-full\" alt=\"\" srcset=\"https:\/\/www.realclubmaritimomelilla.es\/clmar\/wp-content\/uploads\/Imagen-de-WhatsApp-2025-06-19-a-las-12.07.03_0a8618b3-200x150.webp 200w, https:\/\/www.realclubmaritimomelilla.es\/clmar\/wp-content\/uploads\/Imagen-de-WhatsApp-2025-06-19-a-las-12.07.03_0a8618b3-300x225.webp 300w, https:\/\/www.realclubmaritimomelilla.es\/clmar\/wp-content\/uploads\/Imagen-de-WhatsApp-2025-06-19-a-las-12.07.03_0a8618b3-400x300.webp 400w, https:\/\/www.realclubmaritimomelilla.es\/clmar\/wp-content\/uploads\/Imagen-de-WhatsApp-2025-06-19-a-las-12.07.03_0a8618b3-600x450.webp 600w, https:\/\/www.realclubmaritimomelilla.es\/clmar\/wp-content\/uploads\/Imagen-de-WhatsApp-2025-06-19-a-las-12.07.03_0a8618b3-768x576.webp 768w, https:\/\/www.realclubmaritimomelilla.es\/clmar\/wp-content\/uploads\/Imagen-de-WhatsApp-2025-06-19-a-las-12.07.03_0a8618b3-800x600.webp 800w, https:\/\/www.realclubmaritimomelilla.es\/clmar\/wp-content\/uploads\/Imagen-de-WhatsApp-2025-06-19-a-las-12.07.03_0a8618b3-1024x768.webp 1024w, https:\/\/www.realclubmaritimomelilla.es\/clmar\/wp-content\/uploads\/Imagen-de-WhatsApp-2025-06-19-a-las-12.07.03_0a8618b3-1200x900.webp 1200w, https:\/\/www.realclubmaritimomelilla.es\/clmar\/wp-content\/uploads\/Imagen-de-WhatsApp-2025-06-19-a-las-12.07.03_0a8618b3-1536x1152.webp 1536w, https:\/\/www.realclubmaritimomelilla.es\/clmar\/wp-content\/uploads\/Imagen-de-WhatsApp-2025-06-19-a-las-12.07.03_0a8618b3.jpg 1600w\" sizes=\"(max-width: 1600px) 100vw, 1600px\" \/><\/a>\n\t\t\t<\/dt><\/dl><br style=\"clear: both\" \/><dl class='gallery-item'>\n\t\t\t<dt class='gallery-icon landscape'>\n\t\t\t\t<a data-rel=\"iLightbox[postimages]\" data-title=\"Imagen de WhatsApp 2025-06-19 a las 12.07.03_0d7d71dd\" data-caption=\"\" href='https:\/\/www.realclubmaritimomelilla.es\/clmar\/los-equipos-de-baloncesto-del-rcmm-en-la-clausura-de-la-temporada-de-la-fmb\/imagen-de-whatsapp-2025-06-19-a-las-12-07-03_0d7d71dd\/'><img decoding=\"async\" width=\"1600\" height=\"1200\" src=\"https:\/\/www.realclubmaritimomelilla.es\/clmar\/wp-content\/uploads\/Imagen-de-WhatsApp-2025-06-19-a-las-12.07.03_0d7d71dd.jpg\" class=\"attachment-full size-full\" alt=\"\" srcset=\"https:\/\/www.realclubmaritimomelilla.es\/clmar\/wp-content\/uploads\/Imagen-de-WhatsApp-2025-06-19-a-las-12.07.03_0d7d71dd-200x150.webp 200w, https:\/\/www.realclubmaritimomelilla.es\/clmar\/wp-content\/uploads\/Imagen-de-WhatsApp-2025-06-19-a-las-12.07.03_0d7d71dd-300x225.webp 300w, https:\/\/www.realclubmaritimomelilla.es\/clmar\/wp-content\/uploads\/Imagen-de-WhatsApp-2025-06-19-a-las-12.07.03_0d7d71dd-400x300.webp 400w, https:\/\/www.realclubmaritimomelilla.es\/clmar\/wp-content\/uploads\/Imagen-de-WhatsApp-2025-06-19-a-las-12.07.03_0d7d71dd-600x450.webp 600w, https:\/\/www.realclubmaritimomelilla.es\/clmar\/wp-content\/uploads\/Imagen-de-WhatsApp-2025-06-19-a-las-12.07.03_0d7d71dd-768x576.webp 768w, https:\/\/www.realclubmaritimomelilla.es\/clmar\/wp-content\/uploads\/Imagen-de-WhatsApp-2025-06-19-a-las-12.07.03_0d7d71dd-800x600.webp 800w, https:\/\/www.realclubmaritimomelilla.es\/clmar\/wp-content\/uploads\/Imagen-de-WhatsApp-2025-06-19-a-las-12.07.03_0d7d71dd-1024x768.webp 1024w, https:\/\/www.realclubmaritimomelilla.es\/clmar\/wp-content\/uploads\/Imagen-de-WhatsApp-2025-06-19-a-las-12.07.03_0d7d71dd-1200x900.webp 1200w, https:\/\/www.realclubmaritimomelilla.es\/clmar\/wp-content\/uploads\/Imagen-de-WhatsApp-2025-06-19-a-las-12.07.03_0d7d71dd-1536x1152.webp 1536w, https:\/\/www.realclubmaritimomelilla.es\/clmar\/wp-content\/uploads\/Imagen-de-WhatsApp-2025-06-19-a-las-12.07.03_0d7d71dd.jpg 1600w\" sizes=\"(max-width: 1600px) 100vw, 1600px\" \/><\/a>\n\t\t\t<\/dt><\/dl><dl class='gallery-item'>\n\t\t\t<dt class='gallery-icon landscape'>\n\t\t\t\t<a data-rel=\"iLightbox[postimages]\" data-title=\"Imagen de WhatsApp 2025-06-19 a las 12.07.03_0eeb84b3\" data-caption=\"\" href='https:\/\/www.realclubmaritimomelilla.es\/clmar\/los-equipos-de-baloncesto-del-rcmm-en-la-clausura-de-la-temporada-de-la-fmb\/imagen-de-whatsapp-2025-06-19-a-las-12-07-03_0eeb84b3\/'><img decoding=\"async\" width=\"1600\" height=\"1200\" src=\"https:\/\/www.realclubmaritimomelilla.es\/clmar\/wp-content\/uploads\/Imagen-de-WhatsApp-2025-06-19-a-las-12.07.03_0eeb84b3.jpg\" class=\"attachment-full size-full\" alt=\"\" srcset=\"https:\/\/www.realclubmaritimomelilla.es\/clmar\/wp-content\/uploads\/Imagen-de-WhatsApp-2025-06-19-a-las-12.07.03_0eeb84b3-200x150.webp 200w, https:\/\/www.realclubmaritimomelilla.es\/clmar\/wp-content\/uploads\/Imagen-de-WhatsApp-2025-06-19-a-las-12.07.03_0eeb84b3-300x225.webp 300w, https:\/\/www.realclubmaritimomelilla.es\/clmar\/wp-content\/uploads\/Imagen-de-WhatsApp-2025-06-19-a-las-12.07.03_0eeb84b3-400x300.webp 400w, https:\/\/www.realclubmaritimomelilla.es\/clmar\/wp-content\/uploads\/Imagen-de-WhatsApp-2025-06-19-a-las-12.07.03_0eeb84b3-600x450.webp 600w, https:\/\/www.realclubmaritimomelilla.es\/clmar\/wp-content\/uploads\/Imagen-de-WhatsApp-2025-06-19-a-las-12.07.03_0eeb84b3-768x576.webp 768w, https:\/\/www.realclubmaritimomelilla.es\/clmar\/wp-content\/uploads\/Imagen-de-WhatsApp-2025-06-19-a-las-12.07.03_0eeb84b3-800x600.webp 800w, https:\/\/www.realclubmaritimomelilla.es\/clmar\/wp-content\/uploads\/Imagen-de-WhatsApp-2025-06-19-a-las-12.07.03_0eeb84b3-1024x768.webp 1024w, https:\/\/www.realclubmaritimomelilla.es\/clmar\/wp-content\/uploads\/Imagen-de-WhatsApp-2025-06-19-a-las-12.07.03_0eeb84b3-1200x900.webp 1200w, https:\/\/www.realclubmaritimomelilla.es\/clmar\/wp-content\/uploads\/Imagen-de-WhatsApp-2025-06-19-a-las-12.07.03_0eeb84b3-1536x1152.webp 1536w, https:\/\/www.realclubmaritimomelilla.es\/clmar\/wp-content\/uploads\/Imagen-de-WhatsApp-2025-06-19-a-las-12.07.03_0eeb84b3.jpg 1600w\" sizes=\"(max-width: 1600px) 100vw, 1600px\" \/><\/a>\n\t\t\t<\/dt><\/dl><dl class='gallery-item'>\n\t\t\t<dt class='gallery-icon landscape'>\n\t\t\t\t<a data-rel=\"iLightbox[postimages]\" data-title=\"Imagen de WhatsApp 2025-06-19 a las 12.07.03_5e0b51f2\" data-caption=\"\" href='https:\/\/www.realclubmaritimomelilla.es\/clmar\/los-equipos-de-baloncesto-del-rcmm-en-la-clausura-de-la-temporada-de-la-fmb\/imagen-de-whatsapp-2025-06-19-a-las-12-07-03_5e0b51f2\/'><img decoding=\"async\" width=\"1600\" height=\"1200\" src=\"https:\/\/www.realclubmaritimomelilla.es\/clmar\/wp-content\/uploads\/Imagen-de-WhatsApp-2025-06-19-a-las-12.07.03_5e0b51f2.jpg\" class=\"attachment-full size-full\" alt=\"\" srcset=\"https:\/\/www.realclubmaritimomelilla.es\/clmar\/wp-content\/uploads\/Imagen-de-WhatsApp-2025-06-19-a-las-12.07.03_5e0b51f2-200x150.webp 200w, https:\/\/www.realclubmaritimomelilla.es\/clmar\/wp-content\/uploads\/Imagen-de-WhatsApp-2025-06-19-a-las-12.07.03_5e0b51f2-300x225.webp 300w, https:\/\/www.realclubmaritimomelilla.es\/clmar\/wp-content\/uploads\/Imagen-de-WhatsApp-2025-06-19-a-las-12.07.03_5e0b51f2-400x300.webp 400w, https:\/\/www.realclubmaritimomelilla.es\/clmar\/wp-content\/uploads\/Imagen-de-WhatsApp-2025-06-19-a-las-12.07.03_5e0b51f2-600x450.webp 600w, https:\/\/www.realclubmaritimomelilla.es\/clmar\/wp-content\/uploads\/Imagen-de-WhatsApp-2025-06-19-a-las-12.07.03_5e0b51f2-768x576.webp 768w, https:\/\/www.realclubmaritimomelilla.es\/clmar\/wp-content\/uploads\/Imagen-de-WhatsApp-2025-06-19-a-las-12.07.03_5e0b51f2-800x600.webp 800w, https:\/\/www.realclubmaritimomelilla.es\/clmar\/wp-content\/uploads\/Imagen-de-WhatsApp-2025-06-19-a-las-12.07.03_5e0b51f2-1024x768.webp 1024w, https:\/\/www.realclubmaritimomelilla.es\/clmar\/wp-content\/uploads\/Imagen-de-WhatsApp-2025-06-19-a-las-12.07.03_5e0b51f2-1200x900.webp 1200w, https:\/\/www.realclubmaritimomelilla.es\/clmar\/wp-content\/uploads\/Imagen-de-WhatsApp-2025-06-19-a-las-12.07.03_5e0b51f2-1536x1152.webp 1536w, https:\/\/www.realclubmaritimomelilla.es\/clmar\/wp-content\/uploads\/Imagen-de-WhatsApp-2025-06-19-a-las-12.07.03_5e0b51f2.jpg 1600w\" sizes=\"(max-width: 1600px) 100vw, 1600px\" \/><\/a>\n\t\t\t<\/dt><\/dl><br style=\"clear: both\" \/><dl class='gallery-item'>\n\t\t\t<dt class='gallery-icon landscape'>\n\t\t\t\t<a data-rel=\"iLightbox[postimages]\" data-title=\"Imagen de WhatsApp 2025-06-19 a las 12.07.03_5ff5f6dd\" data-caption=\"\" href='https:\/\/www.realclubmaritimomelilla.es\/clmar\/los-equipos-de-baloncesto-del-rcmm-en-la-clausura-de-la-temporada-de-la-fmb\/imagen-de-whatsapp-2025-06-19-a-las-12-07-03_5ff5f6dd\/'><img decoding=\"async\" width=\"1600\" height=\"1200\" src=\"https:\/\/www.realclubmaritimomelilla.es\/clmar\/wp-content\/uploads\/Imagen-de-WhatsApp-2025-06-19-a-las-12.07.03_5ff5f6dd.jpg\" class=\"attachment-full size-full\" alt=\"\" srcset=\"https:\/\/www.realclubmaritimomelilla.es\/clmar\/wp-content\/uploads\/Imagen-de-WhatsApp-2025-06-19-a-las-12.07.03_5ff5f6dd-200x150.webp 200w, https:\/\/www.realclubmaritimomelilla.es\/clmar\/wp-content\/uploads\/Imagen-de-WhatsApp-2025-06-19-a-las-12.07.03_5ff5f6dd-300x225.webp 300w, https:\/\/www.realclubmaritimomelilla.es\/clmar\/wp-content\/uploads\/Imagen-de-WhatsApp-2025-06-19-a-las-12.07.03_5ff5f6dd-400x300.webp 400w, https:\/\/www.realclubmaritimomelilla.es\/clmar\/wp-content\/uploads\/Imagen-de-WhatsApp-2025-06-19-a-las-12.07.03_5ff5f6dd-600x450.webp 600w, https:\/\/www.realclubmaritimomelilla.es\/clmar\/wp-content\/uploads\/Imagen-de-WhatsApp-2025-06-19-a-las-12.07.03_5ff5f6dd-768x576.webp 768w, https:\/\/www.realclubmaritimomelilla.es\/clmar\/wp-content\/uploads\/Imagen-de-WhatsApp-2025-06-19-a-las-12.07.03_5ff5f6dd-800x600.webp 800w, https:\/\/www.realclubmaritimomelilla.es\/clmar\/wp-content\/uploads\/Imagen-de-WhatsApp-2025-06-19-a-las-12.07.03_5ff5f6dd-1024x768.webp 1024w, https:\/\/www.realclubmaritimomelilla.es\/clmar\/wp-content\/uploads\/Imagen-de-WhatsApp-2025-06-19-a-las-12.07.03_5ff5f6dd-1200x900.webp 1200w, https:\/\/www.realclubmaritimomelilla.es\/clmar\/wp-content\/uploads\/Imagen-de-WhatsApp-2025-06-19-a-las-12.07.03_5ff5f6dd-1536x1152.webp 1536w, https:\/\/www.realclubmaritimomelilla.es\/clmar\/wp-content\/uploads\/Imagen-de-WhatsApp-2025-06-19-a-las-12.07.03_5ff5f6dd.jpg 1600w\" sizes=\"(max-width: 1600px) 100vw, 1600px\" \/><\/a>\n\t\t\t<\/dt><\/dl><dl class='gallery-item'>\n\t\t\t<dt class='gallery-icon landscape'>\n\t\t\t\t<a data-rel=\"iLightbox[postimages]\" data-title=\"Imagen de WhatsApp 2025-06-19 a las 12.07.03_8b590ca5\" data-caption=\"\" href='https:\/\/www.realclubmaritimomelilla.es\/clmar\/los-equipos-de-baloncesto-del-rcmm-en-la-clausura-de-la-temporada-de-la-fmb\/imagen-de-whatsapp-2025-06-19-a-las-12-07-03_8b590ca5\/'><img decoding=\"async\" width=\"1600\" height=\"1200\" src=\"https:\/\/www.realclubmaritimomelilla.es\/clmar\/wp-content\/uploads\/Imagen-de-WhatsApp-2025-06-19-a-las-12.07.03_8b590ca5.jpg\" class=\"attachment-full size-full\" alt=\"\" srcset=\"https:\/\/www.realclubmaritimomelilla.es\/clmar\/wp-content\/uploads\/Imagen-de-WhatsApp-2025-06-19-a-las-12.07.03_8b590ca5-200x150.webp 200w, https:\/\/www.realclubmaritimomelilla.es\/clmar\/wp-content\/uploads\/Imagen-de-WhatsApp-2025-06-19-a-las-12.07.03_8b590ca5-300x225.webp 300w, https:\/\/www.realclubmaritimomelilla.es\/clmar\/wp-content\/uploads\/Imagen-de-WhatsApp-2025-06-19-a-las-12.07.03_8b590ca5-400x300.webp 400w, https:\/\/www.realclubmaritimomelilla.es\/clmar\/wp-content\/uploads\/Imagen-de-WhatsApp-2025-06-19-a-las-12.07.03_8b590ca5-600x450.webp 600w, https:\/\/www.realclubmaritimomelilla.es\/clmar\/wp-content\/uploads\/Imagen-de-WhatsApp-2025-06-19-a-las-12.07.03_8b590ca5-768x576.webp 768w, https:\/\/www.realclubmaritimomelilla.es\/clmar\/wp-content\/uploads\/Imagen-de-WhatsApp-2025-06-19-a-las-12.07.03_8b590ca5-800x600.webp 800w, https:\/\/www.realclubmaritimomelilla.es\/clmar\/wp-content\/uploads\/Imagen-de-WhatsApp-2025-06-19-a-las-12.07.03_8b590ca5-1024x768.webp 1024w, https:\/\/www.realclubmaritimomelilla.es\/clmar\/wp-content\/uploads\/Imagen-de-WhatsApp-2025-06-19-a-las-12.07.03_8b590ca5-1200x900.webp 1200w, https:\/\/www.realclubmaritimomelilla.es\/clmar\/wp-content\/uploads\/Imagen-de-WhatsApp-2025-06-19-a-las-12.07.03_8b590ca5-1536x1152.webp 1536w, https:\/\/www.realclubmaritimomelilla.es\/clmar\/wp-content\/uploads\/Imagen-de-WhatsApp-2025-06-19-a-las-12.07.03_8b590ca5.jpg 1600w\" sizes=\"(max-width: 1600px) 100vw, 1600px\" \/><\/a>\n\t\t\t<\/dt><\/dl><dl class='gallery-item'>\n\t\t\t<dt class='gallery-icon landscape'>\n\t\t\t\t<a data-rel=\"iLightbox[postimages]\" data-title=\"Imagen de WhatsApp 2025-06-19 a las 12.07.03_97b12afa\" data-caption=\"\" href='https:\/\/www.realclubmaritimomelilla.es\/clmar\/los-equipos-de-baloncesto-del-rcmm-en-la-clausura-de-la-temporada-de-la-fmb\/imagen-de-whatsapp-2025-06-19-a-las-12-07-03_97b12afa\/'><img decoding=\"async\" width=\"1600\" height=\"1200\" src=\"https:\/\/www.realclubmaritimomelilla.es\/clmar\/wp-content\/uploads\/Imagen-de-WhatsApp-2025-06-19-a-las-12.07.03_97b12afa.jpg\" class=\"attachment-full size-full\" alt=\"\" srcset=\"https:\/\/www.realclubmaritimomelilla.es\/clmar\/wp-content\/uploads\/Imagen-de-WhatsApp-2025-06-19-a-las-12.07.03_97b12afa-200x150.webp 200w, https:\/\/www.realclubmaritimomelilla.es\/clmar\/wp-content\/uploads\/Imagen-de-WhatsApp-2025-06-19-a-las-12.07.03_97b12afa-300x225.webp 300w, https:\/\/www.realclubmaritimomelilla.es\/clmar\/wp-content\/uploads\/Imagen-de-WhatsApp-2025-06-19-a-las-12.07.03_97b12afa-400x300.webp 400w, https:\/\/www.realclubmaritimomelilla.es\/clmar\/wp-content\/uploads\/Imagen-de-WhatsApp-2025-06-19-a-las-12.07.03_97b12afa-600x450.webp 600w, https:\/\/www.realclubmaritimomelilla.es\/clmar\/wp-content\/uploads\/Imagen-de-WhatsApp-2025-06-19-a-las-12.07.03_97b12afa-768x576.webp 768w, https:\/\/www.realclubmaritimomelilla.es\/clmar\/wp-content\/uploads\/Imagen-de-WhatsApp-2025-06-19-a-las-12.07.03_97b12afa-800x600.webp 800w, https:\/\/www.realclubmaritimomelilla.es\/clmar\/wp-content\/uploads\/Imagen-de-WhatsApp-2025-06-19-a-las-12.07.03_97b12afa-1024x768.webp 1024w, https:\/\/www.realclubmaritimomelilla.es\/clmar\/wp-content\/uploads\/Imagen-de-WhatsApp-2025-06-19-a-las-12.07.03_97b12afa-1200x900.webp 1200w, https:\/\/www.realclubmaritimomelilla.es\/clmar\/wp-content\/uploads\/Imagen-de-WhatsApp-2025-06-19-a-las-12.07.03_97b12afa-1536x1152.webp 1536w, https:\/\/www.realclubmaritimomelilla.es\/clmar\/wp-content\/uploads\/Imagen-de-WhatsApp-2025-06-19-a-las-12.07.03_97b12afa.jpg 1600w\" sizes=\"(max-width: 1600px) 100vw, 1600px\" \/><\/a>\n\t\t\t<\/dt><\/dl><br style=\"clear: both\" \/><dl class='gallery-item'>\n\t\t\t<dt class='gallery-icon landscape'>\n\t\t\t\t<a data-rel=\"iLightbox[postimages]\" data-title=\"Imagen de WhatsApp 2025-06-19 a las 12.07.03_ab9879b5\" data-caption=\"\" href='https:\/\/www.realclubmaritimomelilla.es\/clmar\/los-equipos-de-baloncesto-del-rcmm-en-la-clausura-de-la-temporada-de-la-fmb\/imagen-de-whatsapp-2025-06-19-a-las-12-07-03_ab9879b5\/'><img decoding=\"async\" width=\"1600\" height=\"1200\" src=\"https:\/\/www.realclubmaritimomelilla.es\/clmar\/wp-content\/uploads\/Imagen-de-WhatsApp-2025-06-19-a-las-12.07.03_ab9879b5.jpg\" class=\"attachment-full size-full\" alt=\"\" srcset=\"https:\/\/www.realclubmaritimomelilla.es\/clmar\/wp-content\/uploads\/Imagen-de-WhatsApp-2025-06-19-a-las-12.07.03_ab9879b5-200x150.webp 200w, https:\/\/www.realclubmaritimomelilla.es\/clmar\/wp-content\/uploads\/Imagen-de-WhatsApp-2025-06-19-a-las-12.07.03_ab9879b5-300x225.webp 300w, https:\/\/www.realclubmaritimomelilla.es\/clmar\/wp-content\/uploads\/Imagen-de-WhatsApp-2025-06-19-a-las-12.07.03_ab9879b5-400x300.webp 400w, https:\/\/www.realclubmaritimomelilla.es\/clmar\/wp-content\/uploads\/Imagen-de-WhatsApp-2025-06-19-a-las-12.07.03_ab9879b5-600x450.webp 600w, https:\/\/www.realclubmaritimomelilla.es\/clmar\/wp-content\/uploads\/Imagen-de-WhatsApp-2025-06-19-a-las-12.07.03_ab9879b5-768x576.webp 768w, https:\/\/www.realclubmaritimomelilla.es\/clmar\/wp-content\/uploads\/Imagen-de-WhatsApp-2025-06-19-a-las-12.07.03_ab9879b5-800x600.webp 800w, https:\/\/www.realclubmaritimomelilla.es\/clmar\/wp-content\/uploads\/Imagen-de-WhatsApp-2025-06-19-a-las-12.07.03_ab9879b5-1024x768.webp 1024w, https:\/\/www.realclubmaritimomelilla.es\/clmar\/wp-content\/uploads\/Imagen-de-WhatsApp-2025-06-19-a-las-12.07.03_ab9879b5-1200x900.webp 1200w, https:\/\/www.realclubmaritimomelilla.es\/clmar\/wp-content\/uploads\/Imagen-de-WhatsApp-2025-06-19-a-las-12.07.03_ab9879b5-1536x1152.webp 1536w, https:\/\/www.realclubmaritimomelilla.es\/clmar\/wp-content\/uploads\/Imagen-de-WhatsApp-2025-06-19-a-las-12.07.03_ab9879b5.jpg 1600w\" sizes=\"(max-width: 1600px) 100vw, 1600px\" \/><\/a>\n\t\t\t<\/dt><\/dl><dl class='gallery-item'>\n\t\t\t<dt class='gallery-icon landscape'>\n\t\t\t\t<a data-rel=\"iLightbox[postimages]\" data-title=\"Imagen de WhatsApp 2025-06-19 a las 12.07.03_af34c673\" data-caption=\"\" href='https:\/\/www.realclubmaritimomelilla.es\/clmar\/los-equipos-de-baloncesto-del-rcmm-en-la-clausura-de-la-temporada-de-la-fmb\/imagen-de-whatsapp-2025-06-19-a-las-12-07-03_af34c673\/'><img decoding=\"async\" width=\"1600\" height=\"1200\" src=\"https:\/\/www.realclubmaritimomelilla.es\/clmar\/wp-content\/uploads\/Imagen-de-WhatsApp-2025-06-19-a-las-12.07.03_af34c673.jpg\" class=\"attachment-full size-full\" alt=\"\" srcset=\"https:\/\/www.realclubmaritimomelilla.es\/clmar\/wp-content\/uploads\/Imagen-de-WhatsApp-2025-06-19-a-las-12.07.03_af34c673-200x150.webp 200w, https:\/\/www.realclubmaritimomelilla.es\/clmar\/wp-content\/uploads\/Imagen-de-WhatsApp-2025-06-19-a-las-12.07.03_af34c673-300x225.webp 300w, https:\/\/www.realclubmaritimomelilla.es\/clmar\/wp-content\/uploads\/Imagen-de-WhatsApp-2025-06-19-a-las-12.07.03_af34c673-400x300.webp 400w, https:\/\/www.realclubmaritimomelilla.es\/clmar\/wp-content\/uploads\/Imagen-de-WhatsApp-2025-06-19-a-las-12.07.03_af34c673-600x450.webp 600w, https:\/\/www.realclubmaritimomelilla.es\/clmar\/wp-content\/uploads\/Imagen-de-WhatsApp-2025-06-19-a-las-12.07.03_af34c673-768x576.webp 768w, https:\/\/www.realclubmaritimomelilla.es\/clmar\/wp-content\/uploads\/Imagen-de-WhatsApp-2025-06-19-a-las-12.07.03_af34c673-800x600.webp 800w, https:\/\/www.realclubmaritimomelilla.es\/clmar\/wp-content\/uploads\/Imagen-de-WhatsApp-2025-06-19-a-las-12.07.03_af34c673-1024x768.webp 1024w, https:\/\/www.realclubmaritimomelilla.es\/clmar\/wp-content\/uploads\/Imagen-de-WhatsApp-2025-06-19-a-las-12.07.03_af34c673-1200x900.webp 1200w, https:\/\/www.realclubmaritimomelilla.es\/clmar\/wp-content\/uploads\/Imagen-de-WhatsApp-2025-06-19-a-las-12.07.03_af34c673-1536x1152.webp 1536w, https:\/\/www.realclubmaritimomelilla.es\/clmar\/wp-content\/uploads\/Imagen-de-WhatsApp-2025-06-19-a-las-12.07.03_af34c673.jpg 1600w\" sizes=\"(max-width: 1600px) 100vw, 1600px\" \/><\/a>\n\t\t\t<\/dt><\/dl><dl class='gallery-item'>\n\t\t\t<dt class='gallery-icon landscape'>\n\t\t\t\t<a data-rel=\"iLightbox[postimages]\" data-title=\"Imagen de WhatsApp 2025-06-19 a las 12.07.04_b754665b\" data-caption=\"\" href='https:\/\/www.realclubmaritimomelilla.es\/clmar\/los-equipos-de-baloncesto-del-rcmm-en-la-clausura-de-la-temporada-de-la-fmb\/imagen-de-whatsapp-2025-06-19-a-las-12-07-04_b754665b\/'><img decoding=\"async\" width=\"1600\" height=\"1200\" src=\"https:\/\/www.realclubmaritimomelilla.es\/clmar\/wp-content\/uploads\/Imagen-de-WhatsApp-2025-06-19-a-las-12.07.04_b754665b.jpg\" class=\"attachment-full size-full\" alt=\"\" srcset=\"https:\/\/www.realclubmaritimomelilla.es\/clmar\/wp-content\/uploads\/Imagen-de-WhatsApp-2025-06-19-a-las-12.07.04_b754665b-200x150.webp 200w, https:\/\/www.realclubmaritimomelilla.es\/clmar\/wp-content\/uploads\/Imagen-de-WhatsApp-2025-06-19-a-las-12.07.04_b754665b-300x225.webp 300w, https:\/\/www.realclubmaritimomelilla.es\/clmar\/wp-content\/uploads\/Imagen-de-WhatsApp-2025-06-19-a-las-12.07.04_b754665b-400x300.webp 400w, https:\/\/www.realclubmaritimomelilla.es\/clmar\/wp-content\/uploads\/Imagen-de-WhatsApp-2025-06-19-a-las-12.07.04_b754665b-600x450.webp 600w, https:\/\/www.realclubmaritimomelilla.es\/clmar\/wp-content\/uploads\/Imagen-de-WhatsApp-2025-06-19-a-las-12.07.04_b754665b-768x576.webp 768w, https:\/\/www.realclubmaritimomelilla.es\/clmar\/wp-content\/uploads\/Imagen-de-WhatsApp-2025-06-19-a-las-12.07.04_b754665b-800x600.webp 800w, https:\/\/www.realclubmaritimomelilla.es\/clmar\/wp-content\/uploads\/Imagen-de-WhatsApp-2025-06-19-a-las-12.07.04_b754665b-1024x768.webp 1024w, https:\/\/www.realclubmaritimomelilla.es\/clmar\/wp-content\/uploads\/Imagen-de-WhatsApp-2025-06-19-a-las-12.07.04_b754665b-1200x900.webp 1200w, https:\/\/www.realclubmaritimomelilla.es\/clmar\/wp-content\/uploads\/Imagen-de-WhatsApp-2025-06-19-a-las-12.07.04_b754665b-1536x1152.webp 1536w, https:\/\/www.realclubmaritimomelilla.es\/clmar\/wp-content\/uploads\/Imagen-de-WhatsApp-2025-06-19-a-las-12.07.04_b754665b.jpg 1600w\" sizes=\"(max-width: 1600px) 100vw, 1600px\" \/><\/a>\n\t\t\t<\/dt><\/dl><br style=\"clear: both\" \/>\n\t\t<\/div>\n<\/p>\n","protected":false},"excerpt":{"rendered":"<p>Los equipos de la secci\u00f3n de baloncesto acudieron d\u00edas atr\u00e1s a la clausura de la temporada, organizada por la Federaci\u00f3n Melillense en el colegio Enrique Soler. La temporada ha sido larga, intensa y, finalmente, exitosa para los equipos del Real Club Mar\u00edtimo, que como muestra de su esfuerzo recog\u00edan medallas y trofeos en esta fiesta [&hellip;]<\/p>\n","protected":false},"author":1,"featured_media":25364,"comment_status":"open","ping_status":"open","sticky":false,"template":"","format":"standard","meta":{"_acf_changed":false,"footnotes":""},"categories":[46],"tags":[],"class_list":["post-25344","post","type-post","status-publish","format-standard","has-post-thumbnail","hentry","category-seccion-baloncesto"],"acf":[],"yoast_head":"<!-- This site is optimized with the Yoast SEO plugin v27.5 - https:\/\/yoast.com\/product\/yoast-seo-wordpress\/ -->\n<title>Los equipos de baloncesto del RCMM en la clausura de la temporada de la FMB - Real Club Mar\u00edtimo de Melilla<\/title>\n<meta name=\"description\" content=\"Los equipos de baloncesto acudieron d\u00edas atr\u00e1s a la clausura de la temporada, organizada por la Federaci\u00f3n Melillense en el colegio Enrique Soler\" \/>\n<meta name=\"robots\" content=\"index, follow, max-snippet:-1, max-image-preview:large, max-video-preview:-1\" \/>\n<link rel=\"canonical\" href=\"https:\/\/www.realclubmaritimomelilla.es\/clmar\/los-equipos-de-baloncesto-del-rcmm-en-la-clausura-de-la-temporada-de-la-fmb\/\" \/>\n<meta property=\"og:locale\" content=\"es_ES\" \/>\n<meta property=\"og:type\" content=\"article\" \/>\n<meta property=\"og:title\" content=\"Los equipos de baloncesto del RCMM en la clausura de la temporada de la FMB - Real Club Mar\u00edtimo de Melilla\" \/>\n<meta property=\"og:description\" content=\"Los equipos de baloncesto acudieron d\u00edas atr\u00e1s a la clausura de la temporada, organizada por la Federaci\u00f3n Melillense en el colegio Enrique Soler\" \/>\n<meta property=\"og:url\" content=\"https:\/\/www.realclubmaritimomelilla.es\/clmar\/los-equipos-de-baloncesto-del-rcmm-en-la-clausura-de-la-temporada-de-la-fmb\/\" \/>\n<meta property=\"og:site_name\" content=\"Real Club Mar\u00edtimo de Melilla\" \/>\n<meta property=\"article:publisher\" content=\"https:\/\/www.facebook.com\/Real-Club-Mar%c3%adtimo-de-Melilla-588495841234214\/\" \/>\n<meta property=\"article:published_time\" content=\"2025-06-19T10:27:32+00:00\" \/>\n<meta property=\"article:modified_time\" content=\"2025-06-19T14:12:51+00:00\" \/>\n<meta property=\"og:image\" content=\"https:\/\/www.realclubmaritimomelilla.es\/clmar\/wp-content\/uploads\/equipos.jpg\" \/>\n\t<meta property=\"og:image:width\" content=\"1600\" \/>\n\t<meta property=\"og:image:height\" content=\"1200\" \/>\n\t<meta property=\"og:image:type\" content=\"image\/jpeg\" \/>\n<meta name=\"author\" content=\"RCMMelilla\" \/>\n<meta name=\"twitter:card\" content=\"summary_large_image\" \/>\n<meta name=\"twitter:creator\" content=\"@nauticarcmm\" \/>\n<meta name=\"twitter:site\" content=\"@nauticarcmm\" \/>\n<meta name=\"twitter:label1\" content=\"Escrito por\" \/>\n\t<meta name=\"twitter:data1\" content=\"RCMMelilla\" \/>\n\t<meta name=\"twitter:label2\" content=\"Tiempo de lectura\" \/>\n\t<meta name=\"twitter:data2\" content=\"1 minuto\" \/>\n<script type=\"application\/ld+json\" class=\"yoast-schema-graph\">{\"@context\":\"https:\\\/\\\/schema.org\",\"@graph\":[{\"@type\":\"Article\",\"@id\":\"https:\\\/\\\/www.realclubmaritimomelilla.es\\\/clmar\\\/los-equipos-de-baloncesto-del-rcmm-en-la-clausura-de-la-temporada-de-la-fmb\\\/#article\",\"isPartOf\":{\"@id\":\"https:\\\/\\\/www.realclubmaritimomelilla.es\\\/clmar\\\/los-equipos-de-baloncesto-del-rcmm-en-la-clausura-de-la-temporada-de-la-fmb\\\/\"},\"author\":{\"name\":\"RCMMelilla\",\"@id\":\"https:\\\/\\\/www.realclubmaritimomelilla.es\\\/clmar\\\/#\\\/schema\\\/person\\\/ebaa3713496dc6d48c872452e73a8e79\"},\"headline\":\"Los equipos de baloncesto del RCMM en la clausura de la temporada de la FMB\",\"datePublished\":\"2025-06-19T10:27:32+00:00\",\"dateModified\":\"2025-06-19T14:12:51+00:00\",\"mainEntityOfPage\":{\"@id\":\"https:\\\/\\\/www.realclubmaritimomelilla.es\\\/clmar\\\/los-equipos-de-baloncesto-del-rcmm-en-la-clausura-de-la-temporada-de-la-fmb\\\/\"},\"wordCount\":203,\"commentCount\":0,\"publisher\":{\"@id\":\"https:\\\/\\\/www.realclubmaritimomelilla.es\\\/clmar\\\/#organization\"},\"image\":{\"@id\":\"https:\\\/\\\/www.realclubmaritimomelilla.es\\\/clmar\\\/los-equipos-de-baloncesto-del-rcmm-en-la-clausura-de-la-temporada-de-la-fmb\\\/#primaryimage\"},\"thumbnailUrl\":\"https:\\\/\\\/www.realclubmaritimomelilla.es\\\/clmar\\\/wp-content\\\/uploads\\\/equipos.jpg\",\"articleSection\":[\"Secci\u00f3n Baloncesto\"],\"inLanguage\":\"es\",\"potentialAction\":[{\"@type\":\"CommentAction\",\"name\":\"Comment\",\"target\":[\"https:\\\/\\\/www.realclubmaritimomelilla.es\\\/clmar\\\/los-equipos-de-baloncesto-del-rcmm-en-la-clausura-de-la-temporada-de-la-fmb\\\/#respond\"]}]},{\"@type\":\"WebPage\",\"@id\":\"https:\\\/\\\/www.realclubmaritimomelilla.es\\\/clmar\\\/los-equipos-de-baloncesto-del-rcmm-en-la-clausura-de-la-temporada-de-la-fmb\\\/\",\"url\":\"https:\\\/\\\/www.realclubmaritimomelilla.es\\\/clmar\\\/los-equipos-de-baloncesto-del-rcmm-en-la-clausura-de-la-temporada-de-la-fmb\\\/\",\"name\":\"Los equipos de baloncesto del RCMM en la clausura de la temporada de la FMB - Real Club Mar\u00edtimo de Melilla\",\"isPartOf\":{\"@id\":\"https:\\\/\\\/www.realclubmaritimomelilla.es\\\/clmar\\\/#website\"},\"primaryImageOfPage\":{\"@id\":\"https:\\\/\\\/www.realclubmaritimomelilla.es\\\/clmar\\\/los-equipos-de-baloncesto-del-rcmm-en-la-clausura-de-la-temporada-de-la-fmb\\\/#primaryimage\"},\"image\":{\"@id\":\"https:\\\/\\\/www.realclubmaritimomelilla.es\\\/clmar\\\/los-equipos-de-baloncesto-del-rcmm-en-la-clausura-de-la-temporada-de-la-fmb\\\/#primaryimage\"},\"thumbnailUrl\":\"https:\\\/\\\/www.realclubmaritimomelilla.es\\\/clmar\\\/wp-content\\\/uploads\\\/equipos.jpg\",\"datePublished\":\"2025-06-19T10:27:32+00:00\",\"dateModified\":\"2025-06-19T14:12:51+00:00\",\"description\":\"Los equipos de baloncesto acudieron d\u00edas atr\u00e1s a la clausura de la temporada, organizada por la Federaci\u00f3n Melillense en el colegio Enrique Soler\",\"breadcrumb\":{\"@id\":\"https:\\\/\\\/www.realclubmaritimomelilla.es\\\/clmar\\\/los-equipos-de-baloncesto-del-rcmm-en-la-clausura-de-la-temporada-de-la-fmb\\\/#breadcrumb\"},\"inLanguage\":\"es\",\"potentialAction\":[{\"@type\":\"ReadAction\",\"target\":[\"https:\\\/\\\/www.realclubmaritimomelilla.es\\\/clmar\\\/los-equipos-de-baloncesto-del-rcmm-en-la-clausura-de-la-temporada-de-la-fmb\\\/\"]}]},{\"@type\":\"ImageObject\",\"inLanguage\":\"es\",\"@id\":\"https:\\\/\\\/www.realclubmaritimomelilla.es\\\/clmar\\\/los-equipos-de-baloncesto-del-rcmm-en-la-clausura-de-la-temporada-de-la-fmb\\\/#primaryimage\",\"url\":\"https:\\\/\\\/www.realclubmaritimomelilla.es\\\/clmar\\\/wp-content\\\/uploads\\\/equipos.jpg\",\"contentUrl\":\"https:\\\/\\\/www.realclubmaritimomelilla.es\\\/clmar\\\/wp-content\\\/uploads\\\/equipos.jpg\",\"width\":1600,\"height\":1200},{\"@type\":\"BreadcrumbList\",\"@id\":\"https:\\\/\\\/www.realclubmaritimomelilla.es\\\/clmar\\\/los-equipos-de-baloncesto-del-rcmm-en-la-clausura-de-la-temporada-de-la-fmb\\\/#breadcrumb\",\"itemListElement\":[{\"@type\":\"ListItem\",\"position\":1,\"name\":\"Portada\",\"item\":\"https:\\\/\\\/www.realclubmaritimomelilla.es\\\/clmar\\\/\"},{\"@type\":\"ListItem\",\"position\":2,\"name\":\"Los equipos de baloncesto del RCMM en la clausura de la temporada de la FMB\"}]},{\"@type\":\"WebSite\",\"@id\":\"https:\\\/\\\/www.realclubmaritimomelilla.es\\\/clmar\\\/#website\",\"url\":\"https:\\\/\\\/www.realclubmaritimomelilla.es\\\/clmar\\\/\",\"name\":\"Real Club Mar\u00edtimo de Melilla\",\"description\":\"RCMM\",\"publisher\":{\"@id\":\"https:\\\/\\\/www.realclubmaritimomelilla.es\\\/clmar\\\/#organization\"},\"alternateName\":\"RCMM\",\"potentialAction\":[{\"@type\":\"SearchAction\",\"target\":{\"@type\":\"EntryPoint\",\"urlTemplate\":\"https:\\\/\\\/www.realclubmaritimomelilla.es\\\/clmar\\\/?s={search_term_string}\"},\"query-input\":{\"@type\":\"PropertyValueSpecification\",\"valueRequired\":true,\"valueName\":\"search_term_string\"}}],\"inLanguage\":\"es\"},{\"@type\":\"Organization\",\"@id\":\"https:\\\/\\\/www.realclubmaritimomelilla.es\\\/clmar\\\/#organization\",\"name\":\"Real Club Mar\u00edtimo de Melilla\",\"alternateName\":\"RCMM\",\"url\":\"https:\\\/\\\/www.realclubmaritimomelilla.es\\\/clmar\\\/\",\"logo\":{\"@type\":\"ImageObject\",\"inLanguage\":\"es\",\"@id\":\"https:\\\/\\\/www.realclubmaritimomelilla.es\\\/clmar\\\/#\\\/schema\\\/logo\\\/image\\\/\",\"url\":\"https:\\\/\\\/www.realclubmaritimomelilla.es\\\/clmar\\\/wp-content\\\/uploads\\\/logo-club-original-copia.jpg\",\"contentUrl\":\"https:\\\/\\\/www.realclubmaritimomelilla.es\\\/clmar\\\/wp-content\\\/uploads\\\/logo-club-original-copia.jpg\",\"width\":128,\"height\":89,\"caption\":\"Real Club Mar\u00edtimo de Melilla\"},\"image\":{\"@id\":\"https:\\\/\\\/www.realclubmaritimomelilla.es\\\/clmar\\\/#\\\/schema\\\/logo\\\/image\\\/\"},\"sameAs\":[\"https:\\\/\\\/www.facebook.com\\\/Real-Club-Mar\u00edtimo-de-Melilla-588495841234214\\\/\",\"https:\\\/\\\/x.com\\\/nauticarcmm\",\"https:\\\/\\\/www.instagram.com\\\/club_maritimo_melilla\\\/\",\"https:\\\/\\\/www.youtube.com\\\/@realclubmaritimodemelilla4703\",\"https:\\\/\\\/es.wikipedia.org\\\/wiki\\\/Real_Club_Mar\u00edtimo_de_Melilla\"]},{\"@type\":\"Person\",\"@id\":\"https:\\\/\\\/www.realclubmaritimomelilla.es\\\/clmar\\\/#\\\/schema\\\/person\\\/ebaa3713496dc6d48c872452e73a8e79\",\"name\":\"RCMMelilla\",\"image\":{\"@type\":\"ImageObject\",\"inLanguage\":\"es\",\"@id\":\"https:\\\/\\\/secure.gravatar.com\\\/avatar\\\/df1c24789360fb9308735c4ee556fc2bc5bf924bf01e53043b8b97ba272da33c?s=96&d=mm&r=g\",\"url\":\"https:\\\/\\\/secure.gravatar.com\\\/avatar\\\/df1c24789360fb9308735c4ee556fc2bc5bf924bf01e53043b8b97ba272da33c?s=96&d=mm&r=g\",\"contentUrl\":\"https:\\\/\\\/secure.gravatar.com\\\/avatar\\\/df1c24789360fb9308735c4ee556fc2bc5bf924bf01e53043b8b97ba272da33c?s=96&d=mm&r=g\",\"caption\":\"RCMMelilla\"}}]}<\/script>\n<!-- \/ Yoast SEO plugin. -->","yoast_head_json":{"title":"Los equipos de baloncesto del RCMM en la clausura de la temporada de la FMB - Real Club Mar\u00edtimo de Melilla","description":"Los equipos de baloncesto acudieron d\u00edas atr\u00e1s a la clausura de la temporada, organizada por la Federaci\u00f3n Melillense en el colegio Enrique Soler","robots":{"index":"index","follow":"follow","max-snippet":"max-snippet:-1","max-image-preview":"max-image-preview:large","max-video-preview":"max-video-preview:-1"},"canonical":"https:\/\/www.realclubmaritimomelilla.es\/clmar\/los-equipos-de-baloncesto-del-rcmm-en-la-clausura-de-la-temporada-de-la-fmb\/","og_locale":"es_ES","og_type":"article","og_title":"Los equipos de baloncesto del RCMM en la clausura de la temporada de la FMB - Real Club Mar\u00edtimo de Melilla","og_description":"Los equipos de baloncesto acudieron d\u00edas atr\u00e1s a la clausura de la temporada, organizada por la Federaci\u00f3n Melillense en el colegio Enrique Soler","og_url":"https:\/\/www.realclubmaritimomelilla.es\/clmar\/los-equipos-de-baloncesto-del-rcmm-en-la-clausura-de-la-temporada-de-la-fmb\/","og_site_name":"Real Club Mar\u00edtimo de Melilla","article_publisher":"https:\/\/www.facebook.com\/Real-Club-Mar%c3%adtimo-de-Melilla-588495841234214\/","article_published_time":"2025-06-19T10:27:32+00:00","article_modified_time":"2025-06-19T14:12:51+00:00","og_image":[{"width":1600,"height":1200,"url":"https:\/\/www.realclubmaritimomelilla.es\/clmar\/wp-content\/uploads\/equipos.jpg","type":"image\/jpeg"}],"author":"RCMMelilla","twitter_card":"summary_large_image","twitter_creator":"@nauticarcmm","twitter_site":"@nauticarcmm","twitter_misc":{"Escrito por":"RCMMelilla","Tiempo de lectura":"1 minuto"},"schema":{"@context":"https:\/\/schema.org","@graph":[{"@type":"Article","@id":"https:\/\/www.realclubmaritimomelilla.es\/clmar\/los-equipos-de-baloncesto-del-rcmm-en-la-clausura-de-la-temporada-de-la-fmb\/#article","isPartOf":{"@id":"https:\/\/www.realclubmaritimomelilla.es\/clmar\/los-equipos-de-baloncesto-del-rcmm-en-la-clausura-de-la-temporada-de-la-fmb\/"},"author":{"name":"RCMMelilla","@id":"https:\/\/www.realclubmaritimomelilla.es\/clmar\/#\/schema\/person\/ebaa3713496dc6d48c872452e73a8e79"},"headline":"Los equipos de baloncesto del RCMM en la clausura de la temporada de la FMB","datePublished":"2025-06-19T10:27:32+00:00","dateModified":"2025-06-19T14:12:51+00:00","mainEntityOfPage":{"@id":"https:\/\/www.realclubmaritimomelilla.es\/clmar\/los-equipos-de-baloncesto-del-rcmm-en-la-clausura-de-la-temporada-de-la-fmb\/"},"wordCount":203,"commentCount":0,"publisher":{"@id":"https:\/\/www.realclubmaritimomelilla.es\/clmar\/#organization"},"image":{"@id":"https:\/\/www.realclubmaritimomelilla.es\/clmar\/los-equipos-de-baloncesto-del-rcmm-en-la-clausura-de-la-temporada-de-la-fmb\/#primaryimage"},"thumbnailUrl":"https:\/\/www.realclubmaritimomelilla.es\/clmar\/wp-content\/uploads\/equipos.jpg","articleSection":["Secci\u00f3n Baloncesto"],"inLanguage":"es","potentialAction":[{"@type":"CommentAction","name":"Comment","target":["https:\/\/www.realclubmaritimomelilla.es\/clmar\/los-equipos-de-baloncesto-del-rcmm-en-la-clausura-de-la-temporada-de-la-fmb\/#respond"]}]},{"@type":"WebPage","@id":"https:\/\/www.realclubmaritimomelilla.es\/clmar\/los-equipos-de-baloncesto-del-rcmm-en-la-clausura-de-la-temporada-de-la-fmb\/","url":"https:\/\/www.realclubmaritimomelilla.es\/clmar\/los-equipos-de-baloncesto-del-rcmm-en-la-clausura-de-la-temporada-de-la-fmb\/","name":"Los equipos de baloncesto del RCMM en la clausura de la temporada de la FMB - Real Club Mar\u00edtimo de Melilla","isPartOf":{"@id":"https:\/\/www.realclubmaritimomelilla.es\/clmar\/#website"},"primaryImageOfPage":{"@id":"https:\/\/www.realclubmaritimomelilla.es\/clmar\/los-equipos-de-baloncesto-del-rcmm-en-la-clausura-de-la-temporada-de-la-fmb\/#primaryimage"},"image":{"@id":"https:\/\/www.realclubmaritimomelilla.es\/clmar\/los-equipos-de-baloncesto-del-rcmm-en-la-clausura-de-la-temporada-de-la-fmb\/#primaryimage"},"thumbnailUrl":"https:\/\/www.realclubmaritimomelilla.es\/clmar\/wp-content\/uploads\/equipos.jpg","datePublished":"2025-06-19T10:27:32+00:00","dateModified":"2025-06-19T14:12:51+00:00","description":"Los equipos de baloncesto acudieron d\u00edas atr\u00e1s a la clausura de la temporada, organizada por la Federaci\u00f3n Melillense en el colegio Enrique Soler","breadcrumb":{"@id":"https:\/\/www.realclubmaritimomelilla.es\/clmar\/los-equipos-de-baloncesto-del-rcmm-en-la-clausura-de-la-temporada-de-la-fmb\/#breadcrumb"},"inLanguage":"es","potentialAction":[{"@type":"ReadAction","target":["https:\/\/www.realclubmaritimomelilla.es\/clmar\/los-equipos-de-baloncesto-del-rcmm-en-la-clausura-de-la-temporada-de-la-fmb\/"]}]},{"@type":"ImageObject","inLanguage":"es","@id":"https:\/\/www.realclubmaritimomelilla.es\/clmar\/los-equipos-de-baloncesto-del-rcmm-en-la-clausura-de-la-temporada-de-la-fmb\/#primaryimage","url":"https:\/\/www.realclubmaritimomelilla.es\/clmar\/wp-content\/uploads\/equipos.jpg","contentUrl":"https:\/\/www.realclubmaritimomelilla.es\/clmar\/wp-content\/uploads\/equipos.jpg","width":1600,"height":1200},{"@type":"BreadcrumbList","@id":"https:\/\/www.realclubmaritimomelilla.es\/clmar\/los-equipos-de-baloncesto-del-rcmm-en-la-clausura-de-la-temporada-de-la-fmb\/#breadcrumb","itemListElement":[{"@type":"ListItem","position":1,"name":"Portada","item":"https:\/\/www.realclubmaritimomelilla.es\/clmar\/"},{"@type":"ListItem","position":2,"name":"Los equipos de baloncesto del RCMM en la clausura de la temporada de la FMB"}]},{"@type":"WebSite","@id":"https:\/\/www.realclubmaritimomelilla.es\/clmar\/#website","url":"https:\/\/www.realclubmaritimomelilla.es\/clmar\/","name":"Real Club Mar\u00edtimo de Melilla","description":"RCMM","publisher":{"@id":"https:\/\/www.realclubmaritimomelilla.es\/clmar\/#organization"},"alternateName":"RCMM","potentialAction":[{"@type":"SearchAction","target":{"@type":"EntryPoint","urlTemplate":"https:\/\/www.realclubmaritimomelilla.es\/clmar\/?s={search_term_string}"},"query-input":{"@type":"PropertyValueSpecification","valueRequired":true,"valueName":"search_term_string"}}],"inLanguage":"es"},{"@type":"Organization","@id":"https:\/\/www.realclubmaritimomelilla.es\/clmar\/#organization","name":"Real Club Mar\u00edtimo de Melilla","alternateName":"RCMM","url":"https:\/\/www.realclubmaritimomelilla.es\/clmar\/","logo":{"@type":"ImageObject","inLanguage":"es","@id":"https:\/\/www.realclubmaritimomelilla.es\/clmar\/#\/schema\/logo\/image\/","url":"https:\/\/www.realclubmaritimomelilla.es\/clmar\/wp-content\/uploads\/logo-club-original-copia.jpg","contentUrl":"https:\/\/www.realclubmaritimomelilla.es\/clmar\/wp-content\/uploads\/logo-club-original-copia.jpg","width":128,"height":89,"caption":"Real Club Mar\u00edtimo de Melilla"},"image":{"@id":"https:\/\/www.realclubmaritimomelilla.es\/clmar\/#\/schema\/logo\/image\/"},"sameAs":["https:\/\/www.facebook.com\/Real-Club-Mar\u00edtimo-de-Melilla-588495841234214\/","https:\/\/x.com\/nauticarcmm","https:\/\/www.instagram.com\/club_maritimo_melilla\/","https:\/\/www.youtube.com\/@realclubmaritimodemelilla4703","https:\/\/es.wikipedia.org\/wiki\/Real_Club_Mar\u00edtimo_de_Melilla"]},{"@type":"Person","@id":"https:\/\/www.realclubmaritimomelilla.es\/clmar\/#\/schema\/person\/ebaa3713496dc6d48c872452e73a8e79","name":"RCMMelilla","image":{"@type":"ImageObject","inLanguage":"es","@id":"https:\/\/secure.gravatar.com\/avatar\/df1c24789360fb9308735c4ee556fc2bc5bf924bf01e53043b8b97ba272da33c?s=96&d=mm&r=g","url":"https:\/\/secure.gravatar.com\/avatar\/df1c24789360fb9308735c4ee556fc2bc5bf924bf01e53043b8b97ba272da33c?s=96&d=mm&r=g","contentUrl":"https:\/\/secure.gravatar.com\/avatar\/df1c24789360fb9308735c4ee556fc2bc5bf924bf01e53043b8b97ba272da33c?s=96&d=mm&r=g","caption":"RCMMelilla"}}]}},"_links":{"self":[{"href":"https:\/\/www.realclubmaritimomelilla.es\/clmar\/wp-json\/wp\/v2\/posts\/25344","targetHints":{"allow":["GET"]}}],"collection":[{"href":"https:\/\/www.realclubmaritimomelilla.es\/clmar\/wp-json\/wp\/v2\/posts"}],"about":[{"href":"https:\/\/www.realclubmaritimomelilla.es\/clmar\/wp-json\/wp\/v2\/types\/post"}],"author":[{"embeddable":true,"href":"https:\/\/www.realclubmaritimomelilla.es\/clmar\/wp-json\/wp\/v2\/users\/1"}],"replies":[{"embeddable":true,"href":"https:\/\/www.realclubmaritimomelilla.es\/clmar\/wp-json\/wp\/v2\/comments?post=25344"}],"version-history":[{"count":3,"href":"https:\/\/www.realclubmaritimomelilla.es\/clmar\/wp-json\/wp\/v2\/posts\/25344\/revisions"}],"predecessor-version":[{"id":25366,"href":"https:\/\/www.realclubmaritimomelilla.es\/clmar\/wp-json\/wp\/v2\/posts\/25344\/revisions\/25366"}],"wp:featuredmedia":[{"embeddable":true,"href":"https:\/\/www.realclubmaritimomelilla.es\/clmar\/wp-json\/wp\/v2\/media\/25364"}],"wp:attachment":[{"href":"https:\/\/www.realclubmaritimomelilla.es\/clmar\/wp-json\/wp\/v2\/media?parent=25344"}],"wp:term":[{"taxonomy":"category","embeddable":true,"href":"https:\/\/www.realclubmaritimomelilla.es\/clmar\/wp-json\/wp\/v2\/categories?post=25344"},{"taxonomy":"post_tag","embeddable":true,"href":"https:\/\/www.realclubmaritimomelilla.es\/clmar\/wp-json\/wp\/v2\/tags?post=25344"}],"curies":[{"name":"wp","href":"https:\/\/api.w.org\/{rel}","templated":true}]}}