{"id":25124,"date":"2025-05-09T10:12:10","date_gmt":"2025-05-09T08:12:10","guid":{"rendered":"https:\/\/www.realclubmaritimomelilla.es\/clmar\/?p=25124"},"modified":"2025-05-09T10:55:15","modified_gmt":"2025-05-09T08:55:15","slug":"el-real-club-maritimo-de-melilla-recibira-una-mencion-especial-en-la-xxxi-gran-gala-del-deporte-apdm","status":"publish","type":"post","link":"https:\/\/www.realclubmaritimomelilla.es\/clmar\/el-real-club-maritimo-de-melilla-recibira-una-mencion-especial-en-la-xxxi-gran-gala-del-deporte-apdm\/","title":{"rendered":"El RCMM recibir\u00e1 una Menci\u00f3n Especial en la XXXI Gran Gala del Deporte APDM"},"content":{"rendered":"<p>La Asociaci\u00f3n de la Prensa Deportiva de Melilla (APDM) ha concedido al Real Club Mar\u00edtimo de Melilla (RCMM) una Menci\u00f3n Especial con motivo de su 80 aniversario, en el marco de la XXXI Gran Gala del Deporte, que tendr\u00e1 lugar el pr\u00f3ximo 15 de mayo.<br \/>\nEste reconocimiento forma parte de los premios que anualmente otorga la APDM para destacar a personas, entidades y clubes que han contribuido de forma significativa al desarrollo del deporte en la ciudad. En esta ocasi\u00f3n, se ha querido poner en valor la trayectoria hist\u00f3rica del RCMM, su relevancia en el panorama deportivo nacional y su papel como impulsor del deporte n\u00e1utico y otras disciplinas en Melilla.<br \/>\nLa entidad, que conmemor\u00f3 en 2024 ocho d\u00e9cadas de vida, ha sido hist\u00f3ricamente un referente en la vela, contando en la actualidad con m\u00e1s de medio centenar de regatistas federados, y ha ampliado con \u00e9xito sus secciones deportivas al p\u00e1del, baloncesto y otras modalidades, manteniendo siempre su vinculaci\u00f3n esencial con el mar. Adem\u00e1s, el Club destaca tambi\u00e9n por su importante actividad social y cultural, siendo un espacio de encuentro y dinamizaci\u00f3n de la vida melillense.<br \/>\nUna representaci\u00f3n del Real Club Mar\u00edtimo de Melilla, encabezada por su presidente Jer\u00f3nimo P\u00e9rez, acudir\u00e1 a la Gala para recoger esta distinci\u00f3n en una noche en la que se celebrar\u00e1 el esfuerzo y los logros del deporte melillense durante el a\u00f1o 2024.<\/p>\n","protected":false},"excerpt":{"rendered":"<p>La Asociaci\u00f3n de la Prensa Deportiva de Melilla (APDM) ha concedido al Real Club Mar\u00edtimo de Melilla (RCMM) una Menci\u00f3n Especial con motivo de su 80 aniversario, en el marco de la XXXI Gran Gala del Deporte, que tendr\u00e1 lugar el pr\u00f3ximo 15 de mayo. Este reconocimiento forma parte de los premios que anualmente otorga [&hellip;]<\/p>\n","protected":false},"author":1,"featured_media":25125,"comment_status":"open","ping_status":"open","sticky":false,"template":"","format":"standard","meta":{"_acf_changed":false,"footnotes":""},"categories":[40],"tags":[],"class_list":["post-25124","post","type-post","status-publish","format-standard","has-post-thumbnail","hentry","category-club"],"acf":[],"yoast_head":"<!-- This site is optimized with the Yoast SEO plugin v27.5 - https:\/\/yoast.com\/product\/yoast-seo-wordpress\/ -->\n<title>El RCMM recibir\u00e1 una Menci\u00f3n Especial en la XXXI Gran Gala del Deporte APDM<\/title>\n<meta name=\"description\" content=\"La Asociaci\u00f3n de la Prensa Deportiva de Melilla (APDM) ha concedido al Real Club Mar\u00edtimo de Melilla (RCMM) una Menci\u00f3n Especial con motivo de su 80 aniversario\" \/>\n<meta name=\"robots\" content=\"index, follow, max-snippet:-1, max-image-preview:large, max-video-preview:-1\" \/>\n<link rel=\"canonical\" href=\"https:\/\/www.realclubmaritimomelilla.es\/clmar\/el-real-club-maritimo-de-melilla-recibira-una-mencion-especial-en-la-xxxi-gran-gala-del-deporte-apdm\/\" \/>\n<meta property=\"og:locale\" content=\"es_ES\" \/>\n<meta property=\"og:type\" content=\"article\" \/>\n<meta property=\"og:title\" content=\"El RCMM recibir\u00e1 una Menci\u00f3n Especial en la XXXI Gran Gala del Deporte APDM\" \/>\n<meta property=\"og:description\" content=\"La Asociaci\u00f3n de la Prensa Deportiva de Melilla (APDM) ha concedido al Real Club Mar\u00edtimo de Melilla (RCMM) una Menci\u00f3n Especial con motivo de su 80 aniversario\" \/>\n<meta property=\"og:url\" content=\"https:\/\/www.realclubmaritimomelilla.es\/clmar\/el-real-club-maritimo-de-melilla-recibira-una-mencion-especial-en-la-xxxi-gran-gala-del-deporte-apdm\/\" \/>\n<meta property=\"og:site_name\" content=\"Real Club Mar\u00edtimo de Melilla\" \/>\n<meta property=\"article:publisher\" content=\"https:\/\/www.facebook.com\/Real-Club-Mar%c3%adtimo-de-Melilla-588495841234214\/\" \/>\n<meta property=\"article:published_time\" content=\"2025-05-09T08:12:10+00:00\" \/>\n<meta property=\"article:modified_time\" content=\"2025-05-09T08:55:15+00:00\" \/>\n<meta property=\"og:image\" content=\"https:\/\/www.realclubmaritimomelilla.es\/clmar\/wp-content\/uploads\/Mencion-Especial-APDM.jpg\" \/>\n\t<meta property=\"og:image:width\" content=\"1600\" \/>\n\t<meta property=\"og:image:height\" content=\"1600\" \/>\n\t<meta property=\"og:image:type\" content=\"image\/jpeg\" \/>\n<meta name=\"author\" content=\"RCMMelilla\" \/>\n<meta name=\"twitter:card\" content=\"summary_large_image\" \/>\n<meta name=\"twitter:creator\" content=\"@nauticarcmm\" \/>\n<meta name=\"twitter:site\" content=\"@nauticarcmm\" \/>\n<meta name=\"twitter:label1\" content=\"Escrito por\" \/>\n\t<meta name=\"twitter:data1\" content=\"RCMMelilla\" \/>\n\t<meta name=\"twitter:label2\" content=\"Tiempo de lectura\" \/>\n\t<meta name=\"twitter:data2\" content=\"2 minutos\" \/>\n<script type=\"application\/ld+json\" class=\"yoast-schema-graph\">{\"@context\":\"https:\\\/\\\/schema.org\",\"@graph\":[{\"@type\":\"Article\",\"@id\":\"https:\\\/\\\/www.realclubmaritimomelilla.es\\\/clmar\\\/el-real-club-maritimo-de-melilla-recibira-una-mencion-especial-en-la-xxxi-gran-gala-del-deporte-apdm\\\/#article\",\"isPartOf\":{\"@id\":\"https:\\\/\\\/www.realclubmaritimomelilla.es\\\/clmar\\\/el-real-club-maritimo-de-melilla-recibira-una-mencion-especial-en-la-xxxi-gran-gala-del-deporte-apdm\\\/\"},\"author\":{\"name\":\"RCMMelilla\",\"@id\":\"https:\\\/\\\/www.realclubmaritimomelilla.es\\\/clmar\\\/#\\\/schema\\\/person\\\/ebaa3713496dc6d48c872452e73a8e79\"},\"headline\":\"El RCMM recibir\u00e1 una Menci\u00f3n Especial en la XXXI Gran Gala del Deporte APDM\",\"datePublished\":\"2025-05-09T08:12:10+00:00\",\"dateModified\":\"2025-05-09T08:55:15+00:00\",\"mainEntityOfPage\":{\"@id\":\"https:\\\/\\\/www.realclubmaritimomelilla.es\\\/clmar\\\/el-real-club-maritimo-de-melilla-recibira-una-mencion-especial-en-la-xxxi-gran-gala-del-deporte-apdm\\\/\"},\"wordCount\":260,\"commentCount\":0,\"publisher\":{\"@id\":\"https:\\\/\\\/www.realclubmaritimomelilla.es\\\/clmar\\\/#organization\"},\"image\":{\"@id\":\"https:\\\/\\\/www.realclubmaritimomelilla.es\\\/clmar\\\/el-real-club-maritimo-de-melilla-recibira-una-mencion-especial-en-la-xxxi-gran-gala-del-deporte-apdm\\\/#primaryimage\"},\"thumbnailUrl\":\"https:\\\/\\\/www.realclubmaritimomelilla.es\\\/clmar\\\/wp-content\\\/uploads\\\/Mencion-Especial-APDM.jpg\",\"articleSection\":[\"Club\"],\"inLanguage\":\"es\",\"potentialAction\":[{\"@type\":\"CommentAction\",\"name\":\"Comment\",\"target\":[\"https:\\\/\\\/www.realclubmaritimomelilla.es\\\/clmar\\\/el-real-club-maritimo-de-melilla-recibira-una-mencion-especial-en-la-xxxi-gran-gala-del-deporte-apdm\\\/#respond\"]}]},{\"@type\":\"WebPage\",\"@id\":\"https:\\\/\\\/www.realclubmaritimomelilla.es\\\/clmar\\\/el-real-club-maritimo-de-melilla-recibira-una-mencion-especial-en-la-xxxi-gran-gala-del-deporte-apdm\\\/\",\"url\":\"https:\\\/\\\/www.realclubmaritimomelilla.es\\\/clmar\\\/el-real-club-maritimo-de-melilla-recibira-una-mencion-especial-en-la-xxxi-gran-gala-del-deporte-apdm\\\/\",\"name\":\"El RCMM recibir\u00e1 una Menci\u00f3n Especial en la XXXI Gran Gala del Deporte APDM\",\"isPartOf\":{\"@id\":\"https:\\\/\\\/www.realclubmaritimomelilla.es\\\/clmar\\\/#website\"},\"primaryImageOfPage\":{\"@id\":\"https:\\\/\\\/www.realclubmaritimomelilla.es\\\/clmar\\\/el-real-club-maritimo-de-melilla-recibira-una-mencion-especial-en-la-xxxi-gran-gala-del-deporte-apdm\\\/#primaryimage\"},\"image\":{\"@id\":\"https:\\\/\\\/www.realclubmaritimomelilla.es\\\/clmar\\\/el-real-club-maritimo-de-melilla-recibira-una-mencion-especial-en-la-xxxi-gran-gala-del-deporte-apdm\\\/#primaryimage\"},\"thumbnailUrl\":\"https:\\\/\\\/www.realclubmaritimomelilla.es\\\/clmar\\\/wp-content\\\/uploads\\\/Mencion-Especial-APDM.jpg\",\"datePublished\":\"2025-05-09T08:12:10+00:00\",\"dateModified\":\"2025-05-09T08:55:15+00:00\",\"description\":\"La Asociaci\u00f3n de la Prensa Deportiva de Melilla (APDM) ha concedido al Real Club Mar\u00edtimo de Melilla (RCMM) una Menci\u00f3n Especial con motivo de su 80 aniversario\",\"breadcrumb\":{\"@id\":\"https:\\\/\\\/www.realclubmaritimomelilla.es\\\/clmar\\\/el-real-club-maritimo-de-melilla-recibira-una-mencion-especial-en-la-xxxi-gran-gala-del-deporte-apdm\\\/#breadcrumb\"},\"inLanguage\":\"es\",\"potentialAction\":[{\"@type\":\"ReadAction\",\"target\":[\"https:\\\/\\\/www.realclubmaritimomelilla.es\\\/clmar\\\/el-real-club-maritimo-de-melilla-recibira-una-mencion-especial-en-la-xxxi-gran-gala-del-deporte-apdm\\\/\"]}]},{\"@type\":\"ImageObject\",\"inLanguage\":\"es\",\"@id\":\"https:\\\/\\\/www.realclubmaritimomelilla.es\\\/clmar\\\/el-real-club-maritimo-de-melilla-recibira-una-mencion-especial-en-la-xxxi-gran-gala-del-deporte-apdm\\\/#primaryimage\",\"url\":\"https:\\\/\\\/www.realclubmaritimomelilla.es\\\/clmar\\\/wp-content\\\/uploads\\\/Mencion-Especial-APDM.jpg\",\"contentUrl\":\"https:\\\/\\\/www.realclubmaritimomelilla.es\\\/clmar\\\/wp-content\\\/uploads\\\/Mencion-Especial-APDM.jpg\",\"width\":1600,\"height\":1600},{\"@type\":\"BreadcrumbList\",\"@id\":\"https:\\\/\\\/www.realclubmaritimomelilla.es\\\/clmar\\\/el-real-club-maritimo-de-melilla-recibira-una-mencion-especial-en-la-xxxi-gran-gala-del-deporte-apdm\\\/#breadcrumb\",\"itemListElement\":[{\"@type\":\"ListItem\",\"position\":1,\"name\":\"Portada\",\"item\":\"https:\\\/\\\/www.realclubmaritimomelilla.es\\\/clmar\\\/\"},{\"@type\":\"ListItem\",\"position\":2,\"name\":\"El RCMM recibir\u00e1 una Menci\u00f3n Especial en la XXXI Gran Gala del Deporte APDM\"}]},{\"@type\":\"WebSite\",\"@id\":\"https:\\\/\\\/www.realclubmaritimomelilla.es\\\/clmar\\\/#website\",\"url\":\"https:\\\/\\\/www.realclubmaritimomelilla.es\\\/clmar\\\/\",\"name\":\"Real Club Mar\u00edtimo de Melilla\",\"description\":\"RCMM\",\"publisher\":{\"@id\":\"https:\\\/\\\/www.realclubmaritimomelilla.es\\\/clmar\\\/#organization\"},\"alternateName\":\"RCMM\",\"potentialAction\":[{\"@type\":\"SearchAction\",\"target\":{\"@type\":\"EntryPoint\",\"urlTemplate\":\"https:\\\/\\\/www.realclubmaritimomelilla.es\\\/clmar\\\/?s={search_term_string}\"},\"query-input\":{\"@type\":\"PropertyValueSpecification\",\"valueRequired\":true,\"valueName\":\"search_term_string\"}}],\"inLanguage\":\"es\"},{\"@type\":\"Organization\",\"@id\":\"https:\\\/\\\/www.realclubmaritimomelilla.es\\\/clmar\\\/#organization\",\"name\":\"Real Club Mar\u00edtimo de Melilla\",\"alternateName\":\"RCMM\",\"url\":\"https:\\\/\\\/www.realclubmaritimomelilla.es\\\/clmar\\\/\",\"logo\":{\"@type\":\"ImageObject\",\"inLanguage\":\"es\",\"@id\":\"https:\\\/\\\/www.realclubmaritimomelilla.es\\\/clmar\\\/#\\\/schema\\\/logo\\\/image\\\/\",\"url\":\"https:\\\/\\\/www.realclubmaritimomelilla.es\\\/clmar\\\/wp-content\\\/uploads\\\/logo-club-original-copia.jpg\",\"contentUrl\":\"https:\\\/\\\/www.realclubmaritimomelilla.es\\\/clmar\\\/wp-content\\\/uploads\\\/logo-club-original-copia.jpg\",\"width\":128,\"height\":89,\"caption\":\"Real Club Mar\u00edtimo de Melilla\"},\"image\":{\"@id\":\"https:\\\/\\\/www.realclubmaritimomelilla.es\\\/clmar\\\/#\\\/schema\\\/logo\\\/image\\\/\"},\"sameAs\":[\"https:\\\/\\\/www.facebook.com\\\/Real-Club-Mar\u00edtimo-de-Melilla-588495841234214\\\/\",\"https:\\\/\\\/x.com\\\/nauticarcmm\",\"https:\\\/\\\/www.instagram.com\\\/club_maritimo_melilla\\\/\",\"https:\\\/\\\/www.youtube.com\\\/@realclubmaritimodemelilla4703\",\"https:\\\/\\\/es.wikipedia.org\\\/wiki\\\/Real_Club_Mar\u00edtimo_de_Melilla\"]},{\"@type\":\"Person\",\"@id\":\"https:\\\/\\\/www.realclubmaritimomelilla.es\\\/clmar\\\/#\\\/schema\\\/person\\\/ebaa3713496dc6d48c872452e73a8e79\",\"name\":\"RCMMelilla\",\"image\":{\"@type\":\"ImageObject\",\"inLanguage\":\"es\",\"@id\":\"https:\\\/\\\/secure.gravatar.com\\\/avatar\\\/df1c24789360fb9308735c4ee556fc2bc5bf924bf01e53043b8b97ba272da33c?s=96&d=mm&r=g\",\"url\":\"https:\\\/\\\/secure.gravatar.com\\\/avatar\\\/df1c24789360fb9308735c4ee556fc2bc5bf924bf01e53043b8b97ba272da33c?s=96&d=mm&r=g\",\"contentUrl\":\"https:\\\/\\\/secure.gravatar.com\\\/avatar\\\/df1c24789360fb9308735c4ee556fc2bc5bf924bf01e53043b8b97ba272da33c?s=96&d=mm&r=g\",\"caption\":\"RCMMelilla\"}}]}<\/script>\n<!-- \/ Yoast SEO plugin. -->","yoast_head_json":{"title":"El RCMM recibir\u00e1 una Menci\u00f3n Especial en la XXXI Gran Gala del Deporte APDM","description":"La Asociaci\u00f3n de la Prensa Deportiva de Melilla (APDM) ha concedido al Real Club Mar\u00edtimo de Melilla (RCMM) una Menci\u00f3n Especial con motivo de su 80 aniversario","robots":{"index":"index","follow":"follow","max-snippet":"max-snippet:-1","max-image-preview":"max-image-preview:large","max-video-preview":"max-video-preview:-1"},"canonical":"https:\/\/www.realclubmaritimomelilla.es\/clmar\/el-real-club-maritimo-de-melilla-recibira-una-mencion-especial-en-la-xxxi-gran-gala-del-deporte-apdm\/","og_locale":"es_ES","og_type":"article","og_title":"El RCMM recibir\u00e1 una Menci\u00f3n Especial en la XXXI Gran Gala del Deporte APDM","og_description":"La Asociaci\u00f3n de la Prensa Deportiva de Melilla (APDM) ha concedido al Real Club Mar\u00edtimo de Melilla (RCMM) una Menci\u00f3n Especial con motivo de su 80 aniversario","og_url":"https:\/\/www.realclubmaritimomelilla.es\/clmar\/el-real-club-maritimo-de-melilla-recibira-una-mencion-especial-en-la-xxxi-gran-gala-del-deporte-apdm\/","og_site_name":"Real Club Mar\u00edtimo de Melilla","article_publisher":"https:\/\/www.facebook.com\/Real-Club-Mar%c3%adtimo-de-Melilla-588495841234214\/","article_published_time":"2025-05-09T08:12:10+00:00","article_modified_time":"2025-05-09T08:55:15+00:00","og_image":[{"width":1600,"height":1600,"url":"https:\/\/www.realclubmaritimomelilla.es\/clmar\/wp-content\/uploads\/Mencion-Especial-APDM.jpg","type":"image\/jpeg"}],"author":"RCMMelilla","twitter_card":"summary_large_image","twitter_creator":"@nauticarcmm","twitter_site":"@nauticarcmm","twitter_misc":{"Escrito por":"RCMMelilla","Tiempo de lectura":"2 minutos"},"schema":{"@context":"https:\/\/schema.org","@graph":[{"@type":"Article","@id":"https:\/\/www.realclubmaritimomelilla.es\/clmar\/el-real-club-maritimo-de-melilla-recibira-una-mencion-especial-en-la-xxxi-gran-gala-del-deporte-apdm\/#article","isPartOf":{"@id":"https:\/\/www.realclubmaritimomelilla.es\/clmar\/el-real-club-maritimo-de-melilla-recibira-una-mencion-especial-en-la-xxxi-gran-gala-del-deporte-apdm\/"},"author":{"name":"RCMMelilla","@id":"https:\/\/www.realclubmaritimomelilla.es\/clmar\/#\/schema\/person\/ebaa3713496dc6d48c872452e73a8e79"},"headline":"El RCMM recibir\u00e1 una Menci\u00f3n Especial en la XXXI Gran Gala del Deporte APDM","datePublished":"2025-05-09T08:12:10+00:00","dateModified":"2025-05-09T08:55:15+00:00","mainEntityOfPage":{"@id":"https:\/\/www.realclubmaritimomelilla.es\/clmar\/el-real-club-maritimo-de-melilla-recibira-una-mencion-especial-en-la-xxxi-gran-gala-del-deporte-apdm\/"},"wordCount":260,"commentCount":0,"publisher":{"@id":"https:\/\/www.realclubmaritimomelilla.es\/clmar\/#organization"},"image":{"@id":"https:\/\/www.realclubmaritimomelilla.es\/clmar\/el-real-club-maritimo-de-melilla-recibira-una-mencion-especial-en-la-xxxi-gran-gala-del-deporte-apdm\/#primaryimage"},"thumbnailUrl":"https:\/\/www.realclubmaritimomelilla.es\/clmar\/wp-content\/uploads\/Mencion-Especial-APDM.jpg","articleSection":["Club"],"inLanguage":"es","potentialAction":[{"@type":"CommentAction","name":"Comment","target":["https:\/\/www.realclubmaritimomelilla.es\/clmar\/el-real-club-maritimo-de-melilla-recibira-una-mencion-especial-en-la-xxxi-gran-gala-del-deporte-apdm\/#respond"]}]},{"@type":"WebPage","@id":"https:\/\/www.realclubmaritimomelilla.es\/clmar\/el-real-club-maritimo-de-melilla-recibira-una-mencion-especial-en-la-xxxi-gran-gala-del-deporte-apdm\/","url":"https:\/\/www.realclubmaritimomelilla.es\/clmar\/el-real-club-maritimo-de-melilla-recibira-una-mencion-especial-en-la-xxxi-gran-gala-del-deporte-apdm\/","name":"El RCMM recibir\u00e1 una Menci\u00f3n Especial en la XXXI Gran Gala del Deporte APDM","isPartOf":{"@id":"https:\/\/www.realclubmaritimomelilla.es\/clmar\/#website"},"primaryImageOfPage":{"@id":"https:\/\/www.realclubmaritimomelilla.es\/clmar\/el-real-club-maritimo-de-melilla-recibira-una-mencion-especial-en-la-xxxi-gran-gala-del-deporte-apdm\/#primaryimage"},"image":{"@id":"https:\/\/www.realclubmaritimomelilla.es\/clmar\/el-real-club-maritimo-de-melilla-recibira-una-mencion-especial-en-la-xxxi-gran-gala-del-deporte-apdm\/#primaryimage"},"thumbnailUrl":"https:\/\/www.realclubmaritimomelilla.es\/clmar\/wp-content\/uploads\/Mencion-Especial-APDM.jpg","datePublished":"2025-05-09T08:12:10+00:00","dateModified":"2025-05-09T08:55:15+00:00","description":"La Asociaci\u00f3n de la Prensa Deportiva de Melilla (APDM) ha concedido al Real Club Mar\u00edtimo de Melilla (RCMM) una Menci\u00f3n Especial con motivo de su 80 aniversario","breadcrumb":{"@id":"https:\/\/www.realclubmaritimomelilla.es\/clmar\/el-real-club-maritimo-de-melilla-recibira-una-mencion-especial-en-la-xxxi-gran-gala-del-deporte-apdm\/#breadcrumb"},"inLanguage":"es","potentialAction":[{"@type":"ReadAction","target":["https:\/\/www.realclubmaritimomelilla.es\/clmar\/el-real-club-maritimo-de-melilla-recibira-una-mencion-especial-en-la-xxxi-gran-gala-del-deporte-apdm\/"]}]},{"@type":"ImageObject","inLanguage":"es","@id":"https:\/\/www.realclubmaritimomelilla.es\/clmar\/el-real-club-maritimo-de-melilla-recibira-una-mencion-especial-en-la-xxxi-gran-gala-del-deporte-apdm\/#primaryimage","url":"https:\/\/www.realclubmaritimomelilla.es\/clmar\/wp-content\/uploads\/Mencion-Especial-APDM.jpg","contentUrl":"https:\/\/www.realclubmaritimomelilla.es\/clmar\/wp-content\/uploads\/Mencion-Especial-APDM.jpg","width":1600,"height":1600},{"@type":"BreadcrumbList","@id":"https:\/\/www.realclubmaritimomelilla.es\/clmar\/el-real-club-maritimo-de-melilla-recibira-una-mencion-especial-en-la-xxxi-gran-gala-del-deporte-apdm\/#breadcrumb","itemListElement":[{"@type":"ListItem","position":1,"name":"Portada","item":"https:\/\/www.realclubmaritimomelilla.es\/clmar\/"},{"@type":"ListItem","position":2,"name":"El RCMM recibir\u00e1 una Menci\u00f3n Especial en la XXXI Gran Gala del Deporte APDM"}]},{"@type":"WebSite","@id":"https:\/\/www.realclubmaritimomelilla.es\/clmar\/#website","url":"https:\/\/www.realclubmaritimomelilla.es\/clmar\/","name":"Real Club Mar\u00edtimo de Melilla","description":"RCMM","publisher":{"@id":"https:\/\/www.realclubmaritimomelilla.es\/clmar\/#organization"},"alternateName":"RCMM","potentialAction":[{"@type":"SearchAction","target":{"@type":"EntryPoint","urlTemplate":"https:\/\/www.realclubmaritimomelilla.es\/clmar\/?s={search_term_string}"},"query-input":{"@type":"PropertyValueSpecification","valueRequired":true,"valueName":"search_term_string"}}],"inLanguage":"es"},{"@type":"Organization","@id":"https:\/\/www.realclubmaritimomelilla.es\/clmar\/#organization","name":"Real Club Mar\u00edtimo de Melilla","alternateName":"RCMM","url":"https:\/\/www.realclubmaritimomelilla.es\/clmar\/","logo":{"@type":"ImageObject","inLanguage":"es","@id":"https:\/\/www.realclubmaritimomelilla.es\/clmar\/#\/schema\/logo\/image\/","url":"https:\/\/www.realclubmaritimomelilla.es\/clmar\/wp-content\/uploads\/logo-club-original-copia.jpg","contentUrl":"https:\/\/www.realclubmaritimomelilla.es\/clmar\/wp-content\/uploads\/logo-club-original-copia.jpg","width":128,"height":89,"caption":"Real Club Mar\u00edtimo de Melilla"},"image":{"@id":"https:\/\/www.realclubmaritimomelilla.es\/clmar\/#\/schema\/logo\/image\/"},"sameAs":["https:\/\/www.facebook.com\/Real-Club-Mar\u00edtimo-de-Melilla-588495841234214\/","https:\/\/x.com\/nauticarcmm","https:\/\/www.instagram.com\/club_maritimo_melilla\/","https:\/\/www.youtube.com\/@realclubmaritimodemelilla4703","https:\/\/es.wikipedia.org\/wiki\/Real_Club_Mar\u00edtimo_de_Melilla"]},{"@type":"Person","@id":"https:\/\/www.realclubmaritimomelilla.es\/clmar\/#\/schema\/person\/ebaa3713496dc6d48c872452e73a8e79","name":"RCMMelilla","image":{"@type":"ImageObject","inLanguage":"es","@id":"https:\/\/secure.gravatar.com\/avatar\/df1c24789360fb9308735c4ee556fc2bc5bf924bf01e53043b8b97ba272da33c?s=96&d=mm&r=g","url":"https:\/\/secure.gravatar.com\/avatar\/df1c24789360fb9308735c4ee556fc2bc5bf924bf01e53043b8b97ba272da33c?s=96&d=mm&r=g","contentUrl":"https:\/\/secure.gravatar.com\/avatar\/df1c24789360fb9308735c4ee556fc2bc5bf924bf01e53043b8b97ba272da33c?s=96&d=mm&r=g","caption":"RCMMelilla"}}]}},"_links":{"self":[{"href":"https:\/\/www.realclubmaritimomelilla.es\/clmar\/wp-json\/wp\/v2\/posts\/25124","targetHints":{"allow":["GET"]}}],"collection":[{"href":"https:\/\/www.realclubmaritimomelilla.es\/clmar\/wp-json\/wp\/v2\/posts"}],"about":[{"href":"https:\/\/www.realclubmaritimomelilla.es\/clmar\/wp-json\/wp\/v2\/types\/post"}],"author":[{"embeddable":true,"href":"https:\/\/www.realclubmaritimomelilla.es\/clmar\/wp-json\/wp\/v2\/users\/1"}],"replies":[{"embeddable":true,"href":"https:\/\/www.realclubmaritimomelilla.es\/clmar\/wp-json\/wp\/v2\/comments?post=25124"}],"version-history":[{"count":2,"href":"https:\/\/www.realclubmaritimomelilla.es\/clmar\/wp-json\/wp\/v2\/posts\/25124\/revisions"}],"predecessor-version":[{"id":25144,"href":"https:\/\/www.realclubmaritimomelilla.es\/clmar\/wp-json\/wp\/v2\/posts\/25124\/revisions\/25144"}],"wp:featuredmedia":[{"embeddable":true,"href":"https:\/\/www.realclubmaritimomelilla.es\/clmar\/wp-json\/wp\/v2\/media\/25125"}],"wp:attachment":[{"href":"https:\/\/www.realclubmaritimomelilla.es\/clmar\/wp-json\/wp\/v2\/media?parent=25124"}],"wp:term":[{"taxonomy":"category","embeddable":true,"href":"https:\/\/www.realclubmaritimomelilla.es\/clmar\/wp-json\/wp\/v2\/categories?post=25124"},{"taxonomy":"post_tag","embeddable":true,"href":"https:\/\/www.realclubmaritimomelilla.es\/clmar\/wp-json\/wp\/v2\/tags?post=25124"}],"curies":[{"name":"wp","href":"https:\/\/api.w.org\/{rel}","templated":true}]}}