{"id":25116,"date":"2025-05-09T09:18:59","date_gmt":"2025-05-09T07:18:59","guid":{"rendered":"https:\/\/www.realclubmaritimomelilla.es\/clmar\/?p=25116"},"modified":"2025-05-09T10:32:16","modified_gmt":"2025-05-09T08:32:16","slug":"el-real-club-maritimo-de-melilla-acoge-una-nueva-conferencia-sobre-el-descubridor-juan-de-la-cosa-en-sus-xi-jornadas-culturales","status":"publish","type":"post","link":"https:\/\/www.realclubmaritimomelilla.es\/clmar\/el-real-club-maritimo-de-melilla-acoge-una-nueva-conferencia-sobre-el-descubridor-juan-de-la-cosa-en-sus-xi-jornadas-culturales\/","title":{"rendered":"Conferencia sobre el descubridor Juan de la Cosa en sus XI Jornadas Culturales"},"content":{"rendered":"<p>El pr\u00f3ximo viernes 16 de mayo, a las 20:30 horas, el Real Club Mar\u00edtimo de Melilla celebrar\u00e1 una nueva cita dentro del marco de sus XI Jornadas Culturales, con una conferencia que promete despertar el inter\u00e9s de los amantes de la historia naval, el descubrimiento y la cartograf\u00eda.<br \/>\nLa conferencia, que se desarrollar\u00e1 en las instalaciones del Club, lleva por t\u00edtulo: \u201cJuan de la Cosa. Primer Mapamundi\u201d, y ser\u00e1 impartida por Manuel Sieira Valpuesta, destacado conferenciante de historia naval y actual presidente de la Real Asamblea Espa\u00f1ola de Capitanes de Yate.<br \/>\nEn su intervenci\u00f3n, Siera Valpuesta abordar\u00e1 la figura del c\u00e9lebre Juan de la Cosa, conocido principalmente por ser el autor del primer mapamundi en el que aparece representado el continente americano, resultado directo de los primeros viajes de exploraci\u00f3n hacia el Nuevo Mundo. No obstante, como destacar\u00e1 el ponente, Juan de la Cosa fue mucho m\u00e1s que un cart\u00f3grafo: fue tambi\u00e9n navegante, explorador y propietario de la nao Santa Mar\u00eda, embarcaci\u00f3n que particip\u00f3 en el primer viaje de Crist\u00f3bal Col\u00f3n.<br \/>\nManuel Siera es licenciado en Ciencias Econ\u00f3micas y Empresariales por la Universidad Comercial de Deusto, m\u00e1ster en Marketing y Gesti\u00f3n Comercial, y consejero-colaborador del Instituto de Historia y Cultura Naval del Cuartel General de la Armada. Es adem\u00e1s socio de la Real Liga Naval Espa\u00f1ola y un habitual ponente en encuentros especializados en historia y cultura mar\u00edtima.<br \/>\nLas Jornadas Culturales del RCMM, iniciadas en el a\u00f1o 2012 bajo la direcci\u00f3n de nuestro vocal Juan Bellver, se han consolidado como un espacio abierto al debate y la divulgaci\u00f3n de temas vinculados al mar, Melilla y su historia, posicionando al Club como un referente cultural en la ciudad.<br \/>\nLa actividad es abierta a todo el p\u00fablico, y especialmente recomendada para quienes deseen profundizar en la apasionante \u00e9poca de los descubrimientos geogr\u00e1ficos y el legado naval de Espa\u00f1a.<\/p>\n","protected":false},"excerpt":{"rendered":"<p>El pr\u00f3ximo viernes 16 de mayo, a las 20:30 horas, el Real Club Mar\u00edtimo de Melilla celebrar\u00e1 una nueva cita dentro del marco de sus XI Jornadas Culturales, con una conferencia que promete despertar el inter\u00e9s de los amantes de la historia naval, el descubrimiento y la cartograf\u00eda. La conferencia, que se desarrollar\u00e1 en las [&hellip;]<\/p>\n","protected":false},"author":1,"featured_media":25118,"comment_status":"open","ping_status":"open","sticky":false,"template":"","format":"standard","meta":{"_acf_changed":false,"footnotes":""},"categories":[41],"tags":[],"class_list":["post-25116","post","type-post","status-publish","format-standard","has-post-thumbnail","hentry","category-jornadas"],"acf":[],"yoast_head":"<!-- This site is optimized with the Yoast SEO plugin v27.5 - https:\/\/yoast.com\/product\/yoast-seo-wordpress\/ -->\n<title>Conferencia sobre el descubridor Juan de la Cosa en sus XI Jornadas Culturales - Real Club Mar\u00edtimo de Melilla<\/title>\n<meta name=\"description\" content=\"La conferencia, que se desarrollar\u00e1 en el Club, lleva por t\u00edtulo: \u201cJuan de la Cosa. Primer Mapamundi\u201d, y ser\u00e1 impartida por Manuel Sieira Valpuesta\" \/>\n<meta name=\"robots\" content=\"index, follow, max-snippet:-1, max-image-preview:large, max-video-preview:-1\" \/>\n<link rel=\"canonical\" href=\"https:\/\/www.realclubmaritimomelilla.es\/clmar\/el-real-club-maritimo-de-melilla-acoge-una-nueva-conferencia-sobre-el-descubridor-juan-de-la-cosa-en-sus-xi-jornadas-culturales\/\" \/>\n<meta property=\"og:locale\" content=\"es_ES\" \/>\n<meta property=\"og:type\" content=\"article\" \/>\n<meta property=\"og:title\" content=\"Conferencia sobre el descubridor Juan de la Cosa en sus XI Jornadas Culturales - Real Club Mar\u00edtimo de Melilla\" \/>\n<meta property=\"og:description\" content=\"La conferencia, que se desarrollar\u00e1 en el Club, lleva por t\u00edtulo: \u201cJuan de la Cosa. Primer Mapamundi\u201d, y ser\u00e1 impartida por Manuel Sieira Valpuesta\" \/>\n<meta property=\"og:url\" content=\"https:\/\/www.realclubmaritimomelilla.es\/clmar\/el-real-club-maritimo-de-melilla-acoge-una-nueva-conferencia-sobre-el-descubridor-juan-de-la-cosa-en-sus-xi-jornadas-culturales\/\" \/>\n<meta property=\"og:site_name\" content=\"Real Club Mar\u00edtimo de Melilla\" \/>\n<meta property=\"article:publisher\" content=\"https:\/\/www.facebook.com\/Real-Club-Mar%c3%adtimo-de-Melilla-588495841234214\/\" \/>\n<meta property=\"article:published_time\" content=\"2025-05-09T07:18:59+00:00\" \/>\n<meta property=\"article:modified_time\" content=\"2025-05-09T08:32:16+00:00\" \/>\n<meta property=\"og:image\" content=\"https:\/\/www.realclubmaritimomelilla.es\/clmar\/wp-content\/uploads\/CARTEL-jornada-cultural-Juan-de-la-Cosa-jpg.webp\" \/>\n\t<meta property=\"og:image:width\" content=\"1131\" \/>\n\t<meta property=\"og:image:height\" content=\"1600\" \/>\n\t<meta property=\"og:image:type\" content=\"image\/jpeg\" \/>\n<meta name=\"author\" content=\"RCMMelilla\" \/>\n<meta name=\"twitter:card\" content=\"summary_large_image\" \/>\n<meta name=\"twitter:creator\" content=\"@nauticarcmm\" \/>\n<meta name=\"twitter:site\" content=\"@nauticarcmm\" \/>\n<meta name=\"twitter:label1\" content=\"Escrito por\" \/>\n\t<meta name=\"twitter:data1\" content=\"RCMMelilla\" \/>\n\t<meta name=\"twitter:label2\" content=\"Tiempo de lectura\" \/>\n\t<meta name=\"twitter:data2\" content=\"2 minutos\" \/>\n<script type=\"application\/ld+json\" class=\"yoast-schema-graph\">{\"@context\":\"https:\\\/\\\/schema.org\",\"@graph\":[{\"@type\":\"Article\",\"@id\":\"https:\\\/\\\/www.realclubmaritimomelilla.es\\\/clmar\\\/el-real-club-maritimo-de-melilla-acoge-una-nueva-conferencia-sobre-el-descubridor-juan-de-la-cosa-en-sus-xi-jornadas-culturales\\\/#article\",\"isPartOf\":{\"@id\":\"https:\\\/\\\/www.realclubmaritimomelilla.es\\\/clmar\\\/el-real-club-maritimo-de-melilla-acoge-una-nueva-conferencia-sobre-el-descubridor-juan-de-la-cosa-en-sus-xi-jornadas-culturales\\\/\"},\"author\":{\"name\":\"RCMMelilla\",\"@id\":\"https:\\\/\\\/www.realclubmaritimomelilla.es\\\/clmar\\\/#\\\/schema\\\/person\\\/ebaa3713496dc6d48c872452e73a8e79\"},\"headline\":\"Conferencia sobre el descubridor Juan de la Cosa en sus XI Jornadas Culturales\",\"datePublished\":\"2025-05-09T07:18:59+00:00\",\"dateModified\":\"2025-05-09T08:32:16+00:00\",\"mainEntityOfPage\":{\"@id\":\"https:\\\/\\\/www.realclubmaritimomelilla.es\\\/clmar\\\/el-real-club-maritimo-de-melilla-acoge-una-nueva-conferencia-sobre-el-descubridor-juan-de-la-cosa-en-sus-xi-jornadas-culturales\\\/\"},\"wordCount\":344,\"commentCount\":0,\"publisher\":{\"@id\":\"https:\\\/\\\/www.realclubmaritimomelilla.es\\\/clmar\\\/#organization\"},\"image\":{\"@id\":\"https:\\\/\\\/www.realclubmaritimomelilla.es\\\/clmar\\\/el-real-club-maritimo-de-melilla-acoge-una-nueva-conferencia-sobre-el-descubridor-juan-de-la-cosa-en-sus-xi-jornadas-culturales\\\/#primaryimage\"},\"thumbnailUrl\":\"https:\\\/\\\/www.realclubmaritimomelilla.es\\\/clmar\\\/wp-content\\\/uploads\\\/CARTEL-jornada-cultural-Juan-de-la-Cosa-jpg.webp\",\"articleSection\":[\"Jornadas\"],\"inLanguage\":\"es\",\"potentialAction\":[{\"@type\":\"CommentAction\",\"name\":\"Comment\",\"target\":[\"https:\\\/\\\/www.realclubmaritimomelilla.es\\\/clmar\\\/el-real-club-maritimo-de-melilla-acoge-una-nueva-conferencia-sobre-el-descubridor-juan-de-la-cosa-en-sus-xi-jornadas-culturales\\\/#respond\"]}]},{\"@type\":\"WebPage\",\"@id\":\"https:\\\/\\\/www.realclubmaritimomelilla.es\\\/clmar\\\/el-real-club-maritimo-de-melilla-acoge-una-nueva-conferencia-sobre-el-descubridor-juan-de-la-cosa-en-sus-xi-jornadas-culturales\\\/\",\"url\":\"https:\\\/\\\/www.realclubmaritimomelilla.es\\\/clmar\\\/el-real-club-maritimo-de-melilla-acoge-una-nueva-conferencia-sobre-el-descubridor-juan-de-la-cosa-en-sus-xi-jornadas-culturales\\\/\",\"name\":\"Conferencia sobre el descubridor Juan de la Cosa en sus XI Jornadas Culturales - Real Club Mar\u00edtimo de Melilla\",\"isPartOf\":{\"@id\":\"https:\\\/\\\/www.realclubmaritimomelilla.es\\\/clmar\\\/#website\"},\"primaryImageOfPage\":{\"@id\":\"https:\\\/\\\/www.realclubmaritimomelilla.es\\\/clmar\\\/el-real-club-maritimo-de-melilla-acoge-una-nueva-conferencia-sobre-el-descubridor-juan-de-la-cosa-en-sus-xi-jornadas-culturales\\\/#primaryimage\"},\"image\":{\"@id\":\"https:\\\/\\\/www.realclubmaritimomelilla.es\\\/clmar\\\/el-real-club-maritimo-de-melilla-acoge-una-nueva-conferencia-sobre-el-descubridor-juan-de-la-cosa-en-sus-xi-jornadas-culturales\\\/#primaryimage\"},\"thumbnailUrl\":\"https:\\\/\\\/www.realclubmaritimomelilla.es\\\/clmar\\\/wp-content\\\/uploads\\\/CARTEL-jornada-cultural-Juan-de-la-Cosa-jpg.webp\",\"datePublished\":\"2025-05-09T07:18:59+00:00\",\"dateModified\":\"2025-05-09T08:32:16+00:00\",\"description\":\"La conferencia, que se desarrollar\u00e1 en el Club, lleva por t\u00edtulo: \u201cJuan de la Cosa. Primer Mapamundi\u201d, y ser\u00e1 impartida por Manuel Sieira Valpuesta\",\"breadcrumb\":{\"@id\":\"https:\\\/\\\/www.realclubmaritimomelilla.es\\\/clmar\\\/el-real-club-maritimo-de-melilla-acoge-una-nueva-conferencia-sobre-el-descubridor-juan-de-la-cosa-en-sus-xi-jornadas-culturales\\\/#breadcrumb\"},\"inLanguage\":\"es\",\"potentialAction\":[{\"@type\":\"ReadAction\",\"target\":[\"https:\\\/\\\/www.realclubmaritimomelilla.es\\\/clmar\\\/el-real-club-maritimo-de-melilla-acoge-una-nueva-conferencia-sobre-el-descubridor-juan-de-la-cosa-en-sus-xi-jornadas-culturales\\\/\"]}]},{\"@type\":\"ImageObject\",\"inLanguage\":\"es\",\"@id\":\"https:\\\/\\\/www.realclubmaritimomelilla.es\\\/clmar\\\/el-real-club-maritimo-de-melilla-acoge-una-nueva-conferencia-sobre-el-descubridor-juan-de-la-cosa-en-sus-xi-jornadas-culturales\\\/#primaryimage\",\"url\":\"https:\\\/\\\/www.realclubmaritimomelilla.es\\\/clmar\\\/wp-content\\\/uploads\\\/CARTEL-jornada-cultural-Juan-de-la-Cosa-jpg.webp\",\"contentUrl\":\"https:\\\/\\\/www.realclubmaritimomelilla.es\\\/clmar\\\/wp-content\\\/uploads\\\/CARTEL-jornada-cultural-Juan-de-la-Cosa-jpg.webp\",\"width\":1131,\"height\":1600},{\"@type\":\"BreadcrumbList\",\"@id\":\"https:\\\/\\\/www.realclubmaritimomelilla.es\\\/clmar\\\/el-real-club-maritimo-de-melilla-acoge-una-nueva-conferencia-sobre-el-descubridor-juan-de-la-cosa-en-sus-xi-jornadas-culturales\\\/#breadcrumb\",\"itemListElement\":[{\"@type\":\"ListItem\",\"position\":1,\"name\":\"Portada\",\"item\":\"https:\\\/\\\/www.realclubmaritimomelilla.es\\\/clmar\\\/\"},{\"@type\":\"ListItem\",\"position\":2,\"name\":\"Conferencia sobre el descubridor Juan de la Cosa en sus XI Jornadas Culturales\"}]},{\"@type\":\"WebSite\",\"@id\":\"https:\\\/\\\/www.realclubmaritimomelilla.es\\\/clmar\\\/#website\",\"url\":\"https:\\\/\\\/www.realclubmaritimomelilla.es\\\/clmar\\\/\",\"name\":\"Real Club Mar\u00edtimo de Melilla\",\"description\":\"RCMM\",\"publisher\":{\"@id\":\"https:\\\/\\\/www.realclubmaritimomelilla.es\\\/clmar\\\/#organization\"},\"alternateName\":\"RCMM\",\"potentialAction\":[{\"@type\":\"SearchAction\",\"target\":{\"@type\":\"EntryPoint\",\"urlTemplate\":\"https:\\\/\\\/www.realclubmaritimomelilla.es\\\/clmar\\\/?s={search_term_string}\"},\"query-input\":{\"@type\":\"PropertyValueSpecification\",\"valueRequired\":true,\"valueName\":\"search_term_string\"}}],\"inLanguage\":\"es\"},{\"@type\":\"Organization\",\"@id\":\"https:\\\/\\\/www.realclubmaritimomelilla.es\\\/clmar\\\/#organization\",\"name\":\"Real Club Mar\u00edtimo de Melilla\",\"alternateName\":\"RCMM\",\"url\":\"https:\\\/\\\/www.realclubmaritimomelilla.es\\\/clmar\\\/\",\"logo\":{\"@type\":\"ImageObject\",\"inLanguage\":\"es\",\"@id\":\"https:\\\/\\\/www.realclubmaritimomelilla.es\\\/clmar\\\/#\\\/schema\\\/logo\\\/image\\\/\",\"url\":\"https:\\\/\\\/www.realclubmaritimomelilla.es\\\/clmar\\\/wp-content\\\/uploads\\\/logo-club-original-copia.jpg\",\"contentUrl\":\"https:\\\/\\\/www.realclubmaritimomelilla.es\\\/clmar\\\/wp-content\\\/uploads\\\/logo-club-original-copia.jpg\",\"width\":128,\"height\":89,\"caption\":\"Real Club Mar\u00edtimo de Melilla\"},\"image\":{\"@id\":\"https:\\\/\\\/www.realclubmaritimomelilla.es\\\/clmar\\\/#\\\/schema\\\/logo\\\/image\\\/\"},\"sameAs\":[\"https:\\\/\\\/www.facebook.com\\\/Real-Club-Mar\u00edtimo-de-Melilla-588495841234214\\\/\",\"https:\\\/\\\/x.com\\\/nauticarcmm\",\"https:\\\/\\\/www.instagram.com\\\/club_maritimo_melilla\\\/\",\"https:\\\/\\\/www.youtube.com\\\/@realclubmaritimodemelilla4703\",\"https:\\\/\\\/es.wikipedia.org\\\/wiki\\\/Real_Club_Mar\u00edtimo_de_Melilla\"]},{\"@type\":\"Person\",\"@id\":\"https:\\\/\\\/www.realclubmaritimomelilla.es\\\/clmar\\\/#\\\/schema\\\/person\\\/ebaa3713496dc6d48c872452e73a8e79\",\"name\":\"RCMMelilla\",\"image\":{\"@type\":\"ImageObject\",\"inLanguage\":\"es\",\"@id\":\"https:\\\/\\\/secure.gravatar.com\\\/avatar\\\/df1c24789360fb9308735c4ee556fc2bc5bf924bf01e53043b8b97ba272da33c?s=96&d=mm&r=g\",\"url\":\"https:\\\/\\\/secure.gravatar.com\\\/avatar\\\/df1c24789360fb9308735c4ee556fc2bc5bf924bf01e53043b8b97ba272da33c?s=96&d=mm&r=g\",\"contentUrl\":\"https:\\\/\\\/secure.gravatar.com\\\/avatar\\\/df1c24789360fb9308735c4ee556fc2bc5bf924bf01e53043b8b97ba272da33c?s=96&d=mm&r=g\",\"caption\":\"RCMMelilla\"}}]}<\/script>\n<!-- \/ Yoast SEO plugin. -->","yoast_head_json":{"title":"Conferencia sobre el descubridor Juan de la Cosa en sus XI Jornadas Culturales - Real Club Mar\u00edtimo de Melilla","description":"La conferencia, que se desarrollar\u00e1 en el Club, lleva por t\u00edtulo: \u201cJuan de la Cosa. Primer Mapamundi\u201d, y ser\u00e1 impartida por Manuel Sieira Valpuesta","robots":{"index":"index","follow":"follow","max-snippet":"max-snippet:-1","max-image-preview":"max-image-preview:large","max-video-preview":"max-video-preview:-1"},"canonical":"https:\/\/www.realclubmaritimomelilla.es\/clmar\/el-real-club-maritimo-de-melilla-acoge-una-nueva-conferencia-sobre-el-descubridor-juan-de-la-cosa-en-sus-xi-jornadas-culturales\/","og_locale":"es_ES","og_type":"article","og_title":"Conferencia sobre el descubridor Juan de la Cosa en sus XI Jornadas Culturales - Real Club Mar\u00edtimo de Melilla","og_description":"La conferencia, que se desarrollar\u00e1 en el Club, lleva por t\u00edtulo: \u201cJuan de la Cosa. Primer Mapamundi\u201d, y ser\u00e1 impartida por Manuel Sieira Valpuesta","og_url":"https:\/\/www.realclubmaritimomelilla.es\/clmar\/el-real-club-maritimo-de-melilla-acoge-una-nueva-conferencia-sobre-el-descubridor-juan-de-la-cosa-en-sus-xi-jornadas-culturales\/","og_site_name":"Real Club Mar\u00edtimo de Melilla","article_publisher":"https:\/\/www.facebook.com\/Real-Club-Mar%c3%adtimo-de-Melilla-588495841234214\/","article_published_time":"2025-05-09T07:18:59+00:00","article_modified_time":"2025-05-09T08:32:16+00:00","og_image":[{"width":1131,"height":1600,"url":"https:\/\/www.realclubmaritimomelilla.es\/clmar\/wp-content\/uploads\/CARTEL-jornada-cultural-Juan-de-la-Cosa-jpg.webp","type":"image\/jpeg"}],"author":"RCMMelilla","twitter_card":"summary_large_image","twitter_creator":"@nauticarcmm","twitter_site":"@nauticarcmm","twitter_misc":{"Escrito por":"RCMMelilla","Tiempo de lectura":"2 minutos"},"schema":{"@context":"https:\/\/schema.org","@graph":[{"@type":"Article","@id":"https:\/\/www.realclubmaritimomelilla.es\/clmar\/el-real-club-maritimo-de-melilla-acoge-una-nueva-conferencia-sobre-el-descubridor-juan-de-la-cosa-en-sus-xi-jornadas-culturales\/#article","isPartOf":{"@id":"https:\/\/www.realclubmaritimomelilla.es\/clmar\/el-real-club-maritimo-de-melilla-acoge-una-nueva-conferencia-sobre-el-descubridor-juan-de-la-cosa-en-sus-xi-jornadas-culturales\/"},"author":{"name":"RCMMelilla","@id":"https:\/\/www.realclubmaritimomelilla.es\/clmar\/#\/schema\/person\/ebaa3713496dc6d48c872452e73a8e79"},"headline":"Conferencia sobre el descubridor Juan de la Cosa en sus XI Jornadas Culturales","datePublished":"2025-05-09T07:18:59+00:00","dateModified":"2025-05-09T08:32:16+00:00","mainEntityOfPage":{"@id":"https:\/\/www.realclubmaritimomelilla.es\/clmar\/el-real-club-maritimo-de-melilla-acoge-una-nueva-conferencia-sobre-el-descubridor-juan-de-la-cosa-en-sus-xi-jornadas-culturales\/"},"wordCount":344,"commentCount":0,"publisher":{"@id":"https:\/\/www.realclubmaritimomelilla.es\/clmar\/#organization"},"image":{"@id":"https:\/\/www.realclubmaritimomelilla.es\/clmar\/el-real-club-maritimo-de-melilla-acoge-una-nueva-conferencia-sobre-el-descubridor-juan-de-la-cosa-en-sus-xi-jornadas-culturales\/#primaryimage"},"thumbnailUrl":"https:\/\/www.realclubmaritimomelilla.es\/clmar\/wp-content\/uploads\/CARTEL-jornada-cultural-Juan-de-la-Cosa-jpg.webp","articleSection":["Jornadas"],"inLanguage":"es","potentialAction":[{"@type":"CommentAction","name":"Comment","target":["https:\/\/www.realclubmaritimomelilla.es\/clmar\/el-real-club-maritimo-de-melilla-acoge-una-nueva-conferencia-sobre-el-descubridor-juan-de-la-cosa-en-sus-xi-jornadas-culturales\/#respond"]}]},{"@type":"WebPage","@id":"https:\/\/www.realclubmaritimomelilla.es\/clmar\/el-real-club-maritimo-de-melilla-acoge-una-nueva-conferencia-sobre-el-descubridor-juan-de-la-cosa-en-sus-xi-jornadas-culturales\/","url":"https:\/\/www.realclubmaritimomelilla.es\/clmar\/el-real-club-maritimo-de-melilla-acoge-una-nueva-conferencia-sobre-el-descubridor-juan-de-la-cosa-en-sus-xi-jornadas-culturales\/","name":"Conferencia sobre el descubridor Juan de la Cosa en sus XI Jornadas Culturales - Real Club Mar\u00edtimo de Melilla","isPartOf":{"@id":"https:\/\/www.realclubmaritimomelilla.es\/clmar\/#website"},"primaryImageOfPage":{"@id":"https:\/\/www.realclubmaritimomelilla.es\/clmar\/el-real-club-maritimo-de-melilla-acoge-una-nueva-conferencia-sobre-el-descubridor-juan-de-la-cosa-en-sus-xi-jornadas-culturales\/#primaryimage"},"image":{"@id":"https:\/\/www.realclubmaritimomelilla.es\/clmar\/el-real-club-maritimo-de-melilla-acoge-una-nueva-conferencia-sobre-el-descubridor-juan-de-la-cosa-en-sus-xi-jornadas-culturales\/#primaryimage"},"thumbnailUrl":"https:\/\/www.realclubmaritimomelilla.es\/clmar\/wp-content\/uploads\/CARTEL-jornada-cultural-Juan-de-la-Cosa-jpg.webp","datePublished":"2025-05-09T07:18:59+00:00","dateModified":"2025-05-09T08:32:16+00:00","description":"La conferencia, que se desarrollar\u00e1 en el Club, lleva por t\u00edtulo: \u201cJuan de la Cosa. Primer Mapamundi\u201d, y ser\u00e1 impartida por Manuel Sieira Valpuesta","breadcrumb":{"@id":"https:\/\/www.realclubmaritimomelilla.es\/clmar\/el-real-club-maritimo-de-melilla-acoge-una-nueva-conferencia-sobre-el-descubridor-juan-de-la-cosa-en-sus-xi-jornadas-culturales\/#breadcrumb"},"inLanguage":"es","potentialAction":[{"@type":"ReadAction","target":["https:\/\/www.realclubmaritimomelilla.es\/clmar\/el-real-club-maritimo-de-melilla-acoge-una-nueva-conferencia-sobre-el-descubridor-juan-de-la-cosa-en-sus-xi-jornadas-culturales\/"]}]},{"@type":"ImageObject","inLanguage":"es","@id":"https:\/\/www.realclubmaritimomelilla.es\/clmar\/el-real-club-maritimo-de-melilla-acoge-una-nueva-conferencia-sobre-el-descubridor-juan-de-la-cosa-en-sus-xi-jornadas-culturales\/#primaryimage","url":"https:\/\/www.realclubmaritimomelilla.es\/clmar\/wp-content\/uploads\/CARTEL-jornada-cultural-Juan-de-la-Cosa-jpg.webp","contentUrl":"https:\/\/www.realclubmaritimomelilla.es\/clmar\/wp-content\/uploads\/CARTEL-jornada-cultural-Juan-de-la-Cosa-jpg.webp","width":1131,"height":1600},{"@type":"BreadcrumbList","@id":"https:\/\/www.realclubmaritimomelilla.es\/clmar\/el-real-club-maritimo-de-melilla-acoge-una-nueva-conferencia-sobre-el-descubridor-juan-de-la-cosa-en-sus-xi-jornadas-culturales\/#breadcrumb","itemListElement":[{"@type":"ListItem","position":1,"name":"Portada","item":"https:\/\/www.realclubmaritimomelilla.es\/clmar\/"},{"@type":"ListItem","position":2,"name":"Conferencia sobre el descubridor Juan de la Cosa en sus XI Jornadas Culturales"}]},{"@type":"WebSite","@id":"https:\/\/www.realclubmaritimomelilla.es\/clmar\/#website","url":"https:\/\/www.realclubmaritimomelilla.es\/clmar\/","name":"Real Club Mar\u00edtimo de Melilla","description":"RCMM","publisher":{"@id":"https:\/\/www.realclubmaritimomelilla.es\/clmar\/#organization"},"alternateName":"RCMM","potentialAction":[{"@type":"SearchAction","target":{"@type":"EntryPoint","urlTemplate":"https:\/\/www.realclubmaritimomelilla.es\/clmar\/?s={search_term_string}"},"query-input":{"@type":"PropertyValueSpecification","valueRequired":true,"valueName":"search_term_string"}}],"inLanguage":"es"},{"@type":"Organization","@id":"https:\/\/www.realclubmaritimomelilla.es\/clmar\/#organization","name":"Real Club Mar\u00edtimo de Melilla","alternateName":"RCMM","url":"https:\/\/www.realclubmaritimomelilla.es\/clmar\/","logo":{"@type":"ImageObject","inLanguage":"es","@id":"https:\/\/www.realclubmaritimomelilla.es\/clmar\/#\/schema\/logo\/image\/","url":"https:\/\/www.realclubmaritimomelilla.es\/clmar\/wp-content\/uploads\/logo-club-original-copia.jpg","contentUrl":"https:\/\/www.realclubmaritimomelilla.es\/clmar\/wp-content\/uploads\/logo-club-original-copia.jpg","width":128,"height":89,"caption":"Real Club Mar\u00edtimo de Melilla"},"image":{"@id":"https:\/\/www.realclubmaritimomelilla.es\/clmar\/#\/schema\/logo\/image\/"},"sameAs":["https:\/\/www.facebook.com\/Real-Club-Mar\u00edtimo-de-Melilla-588495841234214\/","https:\/\/x.com\/nauticarcmm","https:\/\/www.instagram.com\/club_maritimo_melilla\/","https:\/\/www.youtube.com\/@realclubmaritimodemelilla4703","https:\/\/es.wikipedia.org\/wiki\/Real_Club_Mar\u00edtimo_de_Melilla"]},{"@type":"Person","@id":"https:\/\/www.realclubmaritimomelilla.es\/clmar\/#\/schema\/person\/ebaa3713496dc6d48c872452e73a8e79","name":"RCMMelilla","image":{"@type":"ImageObject","inLanguage":"es","@id":"https:\/\/secure.gravatar.com\/avatar\/df1c24789360fb9308735c4ee556fc2bc5bf924bf01e53043b8b97ba272da33c?s=96&d=mm&r=g","url":"https:\/\/secure.gravatar.com\/avatar\/df1c24789360fb9308735c4ee556fc2bc5bf924bf01e53043b8b97ba272da33c?s=96&d=mm&r=g","contentUrl":"https:\/\/secure.gravatar.com\/avatar\/df1c24789360fb9308735c4ee556fc2bc5bf924bf01e53043b8b97ba272da33c?s=96&d=mm&r=g","caption":"RCMMelilla"}}]}},"_links":{"self":[{"href":"https:\/\/www.realclubmaritimomelilla.es\/clmar\/wp-json\/wp\/v2\/posts\/25116","targetHints":{"allow":["GET"]}}],"collection":[{"href":"https:\/\/www.realclubmaritimomelilla.es\/clmar\/wp-json\/wp\/v2\/posts"}],"about":[{"href":"https:\/\/www.realclubmaritimomelilla.es\/clmar\/wp-json\/wp\/v2\/types\/post"}],"author":[{"embeddable":true,"href":"https:\/\/www.realclubmaritimomelilla.es\/clmar\/wp-json\/wp\/v2\/users\/1"}],"replies":[{"embeddable":true,"href":"https:\/\/www.realclubmaritimomelilla.es\/clmar\/wp-json\/wp\/v2\/comments?post=25116"}],"version-history":[{"count":4,"href":"https:\/\/www.realclubmaritimomelilla.es\/clmar\/wp-json\/wp\/v2\/posts\/25116\/revisions"}],"predecessor-version":[{"id":25138,"href":"https:\/\/www.realclubmaritimomelilla.es\/clmar\/wp-json\/wp\/v2\/posts\/25116\/revisions\/25138"}],"wp:featuredmedia":[{"embeddable":true,"href":"https:\/\/www.realclubmaritimomelilla.es\/clmar\/wp-json\/wp\/v2\/media\/25118"}],"wp:attachment":[{"href":"https:\/\/www.realclubmaritimomelilla.es\/clmar\/wp-json\/wp\/v2\/media?parent=25116"}],"wp:term":[{"taxonomy":"category","embeddable":true,"href":"https:\/\/www.realclubmaritimomelilla.es\/clmar\/wp-json\/wp\/v2\/categories?post=25116"},{"taxonomy":"post_tag","embeddable":true,"href":"https:\/\/www.realclubmaritimomelilla.es\/clmar\/wp-json\/wp\/v2\/tags?post=25116"}],"curies":[{"name":"wp","href":"https:\/\/api.w.org\/{rel}","templated":true}]}}