{"id":25113,"date":"2025-05-08T12:04:35","date_gmt":"2025-05-08T10:04:35","guid":{"rendered":"https:\/\/www.realclubmaritimomelilla.es\/clmar\/?p=25113"},"modified":"2025-05-09T10:26:42","modified_gmt":"2025-05-09T08:26:42","slug":"este-viernes-nueva-cita-en-las-xi-jornadas-culturales-del-real-club-maritimo-de-melilla","status":"publish","type":"post","link":"https:\/\/www.realclubmaritimomelilla.es\/clmar\/este-viernes-nueva-cita-en-las-xi-jornadas-culturales-del-real-club-maritimo-de-melilla\/","title":{"rendered":"Este viernes nueva cita en las XI Jornadas Culturales del RCMM"},"content":{"rendered":"<p>El Real Club Mar\u00edtimo de Melilla contin\u00faa con el desarrollo de sus XI Jornadas Culturales, y lo hace con una nueva e interesante propuesta que tendr\u00e1 lugar el pr\u00f3ximo viernes 9 de mayo, a partir de las 20:30 horas, en las instalaciones del Club Mar\u00edtimo. Esta actividad est\u00e1 abierta a toda la ciudadan\u00eda, especialmente dirigida a quienes se interesan por el patrimonio, la historia y la arqueolog\u00eda de nuestra ciudad.<\/p>\n<p>En esta ocasi\u00f3n, la conferencia llevar\u00e1 por t\u00edtulo: \u201cIntervenci\u00f3n integral en la iglesia de la Pur\u00edsima Concepci\u00f3n en el recinto murado de Melilla\u201d,<br \/>\ny correr\u00e1 a cargo de los arque\u00f3logos Gregorio J. Marcos y Francisco Javier Sanz, de la empresa STRATO, responsables de las excavaciones arqueol\u00f3gicas realizadas en el marco de la reciente rehabilitaci\u00f3n de este emblem\u00e1tico templo.<\/p>\n<p>Durante los trabajos de restauraci\u00f3n de la iglesia de la Pur\u00edsima Concepci\u00f3n, se llevaron a cabo paralelamente las preceptivas intervenciones arqueol\u00f3gicas, que permitieron la exhumaci\u00f3n de restos materiales y estructurales de gran inter\u00e9s hist\u00f3rico. Los ponentes compartir\u00e1n con los asistentes los hallazgos m\u00e1s relevantes, as\u00ed como la importancia de esta actuaci\u00f3n para la comprensi\u00f3n del pasado de Melilla en su contexto patrimonial y urbano.<\/p>\n<p>Las Jornadas Culturales del RCMM, que nacieron en el a\u00f1o 2012 bajo la direcci\u00f3n de nuestro vocal Juan Bellver, tienen como objetivo ofrecer al p\u00fablico melillense espacios de reflexi\u00f3n y aprendizaje sobre temas vinculados al mar, la ciudad de Melilla y su historia, consolidando el Club Mar\u00edtimo como un aut\u00e9ntico punto de encuentro cultural.<\/p>\n<p>Desde el Real Club Mar\u00edtimo de Melilla invitamos a todos los ciudadanos a asistir a esta conferencia y a seguir participando en unas jornadas que ya son parte del calendario cultural de la ciudad y que este a\u00f1o arrancaron con la magistral ponencia de Antonio Bravo bajo el t\u00edtulo \u201cHistoria e historias del asedio de Melilla 1774\/1775\u201d.<\/p>\n","protected":false},"excerpt":{"rendered":"<p>El Real Club Mar\u00edtimo de Melilla contin\u00faa con el desarrollo de sus XI Jornadas Culturales, y lo hace con una nueva e interesante propuesta que tendr\u00e1 lugar el pr\u00f3ximo viernes 9 de mayo, a partir de las 20:30 horas, en las instalaciones del Club Mar\u00edtimo. Esta actividad est\u00e1 abierta a toda la ciudadan\u00eda, especialmente dirigida [&hellip;]<\/p>\n","protected":false},"author":1,"featured_media":25114,"comment_status":"open","ping_status":"open","sticky":false,"template":"","format":"standard","meta":{"_acf_changed":false,"footnotes":""},"categories":[41],"tags":[],"class_list":["post-25113","post","type-post","status-publish","format-standard","has-post-thumbnail","hentry","category-jornadas"],"acf":[],"yoast_head":"<!-- This site is optimized with the Yoast SEO plugin v27.5 - https:\/\/yoast.com\/product\/yoast-seo-wordpress\/ -->\n<title>Este viernes nueva cita en las XI Jornadas Culturales del RCMM - Real Club Mar\u00edtimo de Melilla<\/title>\n<meta name=\"description\" content=\"El RCMM contin\u00faa con el desarrollo de sus XI Jornadas Culturales, y lo hace con una nueva e interesante propuesta que tendr\u00e1 lugar el pr\u00f3ximo viernes 9 de mayo\" \/>\n<meta name=\"robots\" content=\"index, follow, max-snippet:-1, max-image-preview:large, max-video-preview:-1\" \/>\n<link rel=\"canonical\" href=\"https:\/\/www.realclubmaritimomelilla.es\/clmar\/este-viernes-nueva-cita-en-las-xi-jornadas-culturales-del-real-club-maritimo-de-melilla\/\" \/>\n<meta property=\"og:locale\" content=\"es_ES\" \/>\n<meta property=\"og:type\" content=\"article\" \/>\n<meta property=\"og:title\" content=\"Este viernes nueva cita en las XI Jornadas Culturales del RCMM - Real Club Mar\u00edtimo de Melilla\" \/>\n<meta property=\"og:description\" content=\"El RCMM contin\u00faa con el desarrollo de sus XI Jornadas Culturales, y lo hace con una nueva e interesante propuesta que tendr\u00e1 lugar el pr\u00f3ximo viernes 9 de mayo\" \/>\n<meta property=\"og:url\" content=\"https:\/\/www.realclubmaritimomelilla.es\/clmar\/este-viernes-nueva-cita-en-las-xi-jornadas-culturales-del-real-club-maritimo-de-melilla\/\" \/>\n<meta property=\"og:site_name\" content=\"Real Club Mar\u00edtimo de Melilla\" \/>\n<meta property=\"article:publisher\" content=\"https:\/\/www.facebook.com\/Real-Club-Mar%c3%adtimo-de-Melilla-588495841234214\/\" \/>\n<meta property=\"article:published_time\" content=\"2025-05-08T10:04:35+00:00\" \/>\n<meta property=\"article:modified_time\" content=\"2025-05-09T08:26:42+00:00\" \/>\n<meta property=\"og:image\" content=\"https:\/\/www.realclubmaritimomelilla.es\/clmar\/wp-content\/uploads\/Cartel-jORNADAS-cULTURALES--jpg.webp\" \/>\n\t<meta property=\"og:image:width\" content=\"1414\" \/>\n\t<meta property=\"og:image:height\" content=\"2000\" \/>\n\t<meta property=\"og:image:type\" content=\"image\/jpeg\" \/>\n<meta name=\"author\" content=\"RCMMelilla\" \/>\n<meta name=\"twitter:card\" content=\"summary_large_image\" \/>\n<meta name=\"twitter:creator\" content=\"@nauticarcmm\" \/>\n<meta name=\"twitter:site\" content=\"@nauticarcmm\" \/>\n<meta name=\"twitter:label1\" content=\"Escrito por\" \/>\n\t<meta name=\"twitter:data1\" content=\"RCMMelilla\" \/>\n\t<meta name=\"twitter:label2\" content=\"Tiempo de lectura\" \/>\n\t<meta name=\"twitter:data2\" content=\"2 minutos\" \/>\n<script type=\"application\/ld+json\" class=\"yoast-schema-graph\">{\"@context\":\"https:\\\/\\\/schema.org\",\"@graph\":[{\"@type\":\"Article\",\"@id\":\"https:\\\/\\\/www.realclubmaritimomelilla.es\\\/clmar\\\/este-viernes-nueva-cita-en-las-xi-jornadas-culturales-del-real-club-maritimo-de-melilla\\\/#article\",\"isPartOf\":{\"@id\":\"https:\\\/\\\/www.realclubmaritimomelilla.es\\\/clmar\\\/este-viernes-nueva-cita-en-las-xi-jornadas-culturales-del-real-club-maritimo-de-melilla\\\/\"},\"author\":{\"name\":\"RCMMelilla\",\"@id\":\"https:\\\/\\\/www.realclubmaritimomelilla.es\\\/clmar\\\/#\\\/schema\\\/person\\\/ebaa3713496dc6d48c872452e73a8e79\"},\"headline\":\"Este viernes nueva cita en las XI Jornadas Culturales del RCMM\",\"datePublished\":\"2025-05-08T10:04:35+00:00\",\"dateModified\":\"2025-05-09T08:26:42+00:00\",\"mainEntityOfPage\":{\"@id\":\"https:\\\/\\\/www.realclubmaritimomelilla.es\\\/clmar\\\/este-viernes-nueva-cita-en-las-xi-jornadas-culturales-del-real-club-maritimo-de-melilla\\\/\"},\"wordCount\":345,\"commentCount\":0,\"publisher\":{\"@id\":\"https:\\\/\\\/www.realclubmaritimomelilla.es\\\/clmar\\\/#organization\"},\"image\":{\"@id\":\"https:\\\/\\\/www.realclubmaritimomelilla.es\\\/clmar\\\/este-viernes-nueva-cita-en-las-xi-jornadas-culturales-del-real-club-maritimo-de-melilla\\\/#primaryimage\"},\"thumbnailUrl\":\"https:\\\/\\\/www.realclubmaritimomelilla.es\\\/clmar\\\/wp-content\\\/uploads\\\/Cartel-jORNADAS-cULTURALES--jpg.webp\",\"articleSection\":[\"Jornadas\"],\"inLanguage\":\"es\",\"potentialAction\":[{\"@type\":\"CommentAction\",\"name\":\"Comment\",\"target\":[\"https:\\\/\\\/www.realclubmaritimomelilla.es\\\/clmar\\\/este-viernes-nueva-cita-en-las-xi-jornadas-culturales-del-real-club-maritimo-de-melilla\\\/#respond\"]}]},{\"@type\":\"WebPage\",\"@id\":\"https:\\\/\\\/www.realclubmaritimomelilla.es\\\/clmar\\\/este-viernes-nueva-cita-en-las-xi-jornadas-culturales-del-real-club-maritimo-de-melilla\\\/\",\"url\":\"https:\\\/\\\/www.realclubmaritimomelilla.es\\\/clmar\\\/este-viernes-nueva-cita-en-las-xi-jornadas-culturales-del-real-club-maritimo-de-melilla\\\/\",\"name\":\"Este viernes nueva cita en las XI Jornadas Culturales del RCMM - Real Club Mar\u00edtimo de Melilla\",\"isPartOf\":{\"@id\":\"https:\\\/\\\/www.realclubmaritimomelilla.es\\\/clmar\\\/#website\"},\"primaryImageOfPage\":{\"@id\":\"https:\\\/\\\/www.realclubmaritimomelilla.es\\\/clmar\\\/este-viernes-nueva-cita-en-las-xi-jornadas-culturales-del-real-club-maritimo-de-melilla\\\/#primaryimage\"},\"image\":{\"@id\":\"https:\\\/\\\/www.realclubmaritimomelilla.es\\\/clmar\\\/este-viernes-nueva-cita-en-las-xi-jornadas-culturales-del-real-club-maritimo-de-melilla\\\/#primaryimage\"},\"thumbnailUrl\":\"https:\\\/\\\/www.realclubmaritimomelilla.es\\\/clmar\\\/wp-content\\\/uploads\\\/Cartel-jORNADAS-cULTURALES--jpg.webp\",\"datePublished\":\"2025-05-08T10:04:35+00:00\",\"dateModified\":\"2025-05-09T08:26:42+00:00\",\"description\":\"El RCMM contin\u00faa con el desarrollo de sus XI Jornadas Culturales, y lo hace con una nueva e interesante propuesta que tendr\u00e1 lugar el pr\u00f3ximo viernes 9 de mayo\",\"breadcrumb\":{\"@id\":\"https:\\\/\\\/www.realclubmaritimomelilla.es\\\/clmar\\\/este-viernes-nueva-cita-en-las-xi-jornadas-culturales-del-real-club-maritimo-de-melilla\\\/#breadcrumb\"},\"inLanguage\":\"es\",\"potentialAction\":[{\"@type\":\"ReadAction\",\"target\":[\"https:\\\/\\\/www.realclubmaritimomelilla.es\\\/clmar\\\/este-viernes-nueva-cita-en-las-xi-jornadas-culturales-del-real-club-maritimo-de-melilla\\\/\"]}]},{\"@type\":\"ImageObject\",\"inLanguage\":\"es\",\"@id\":\"https:\\\/\\\/www.realclubmaritimomelilla.es\\\/clmar\\\/este-viernes-nueva-cita-en-las-xi-jornadas-culturales-del-real-club-maritimo-de-melilla\\\/#primaryimage\",\"url\":\"https:\\\/\\\/www.realclubmaritimomelilla.es\\\/clmar\\\/wp-content\\\/uploads\\\/Cartel-jORNADAS-cULTURALES--jpg.webp\",\"contentUrl\":\"https:\\\/\\\/www.realclubmaritimomelilla.es\\\/clmar\\\/wp-content\\\/uploads\\\/Cartel-jORNADAS-cULTURALES--jpg.webp\",\"width\":1414,\"height\":2000},{\"@type\":\"BreadcrumbList\",\"@id\":\"https:\\\/\\\/www.realclubmaritimomelilla.es\\\/clmar\\\/este-viernes-nueva-cita-en-las-xi-jornadas-culturales-del-real-club-maritimo-de-melilla\\\/#breadcrumb\",\"itemListElement\":[{\"@type\":\"ListItem\",\"position\":1,\"name\":\"Portada\",\"item\":\"https:\\\/\\\/www.realclubmaritimomelilla.es\\\/clmar\\\/\"},{\"@type\":\"ListItem\",\"position\":2,\"name\":\"Este viernes nueva cita en las XI Jornadas Culturales del RCMM\"}]},{\"@type\":\"WebSite\",\"@id\":\"https:\\\/\\\/www.realclubmaritimomelilla.es\\\/clmar\\\/#website\",\"url\":\"https:\\\/\\\/www.realclubmaritimomelilla.es\\\/clmar\\\/\",\"name\":\"Real Club Mar\u00edtimo de Melilla\",\"description\":\"RCMM\",\"publisher\":{\"@id\":\"https:\\\/\\\/www.realclubmaritimomelilla.es\\\/clmar\\\/#organization\"},\"alternateName\":\"RCMM\",\"potentialAction\":[{\"@type\":\"SearchAction\",\"target\":{\"@type\":\"EntryPoint\",\"urlTemplate\":\"https:\\\/\\\/www.realclubmaritimomelilla.es\\\/clmar\\\/?s={search_term_string}\"},\"query-input\":{\"@type\":\"PropertyValueSpecification\",\"valueRequired\":true,\"valueName\":\"search_term_string\"}}],\"inLanguage\":\"es\"},{\"@type\":\"Organization\",\"@id\":\"https:\\\/\\\/www.realclubmaritimomelilla.es\\\/clmar\\\/#organization\",\"name\":\"Real Club Mar\u00edtimo de Melilla\",\"alternateName\":\"RCMM\",\"url\":\"https:\\\/\\\/www.realclubmaritimomelilla.es\\\/clmar\\\/\",\"logo\":{\"@type\":\"ImageObject\",\"inLanguage\":\"es\",\"@id\":\"https:\\\/\\\/www.realclubmaritimomelilla.es\\\/clmar\\\/#\\\/schema\\\/logo\\\/image\\\/\",\"url\":\"https:\\\/\\\/www.realclubmaritimomelilla.es\\\/clmar\\\/wp-content\\\/uploads\\\/logo-club-original-copia.jpg\",\"contentUrl\":\"https:\\\/\\\/www.realclubmaritimomelilla.es\\\/clmar\\\/wp-content\\\/uploads\\\/logo-club-original-copia.jpg\",\"width\":128,\"height\":89,\"caption\":\"Real Club Mar\u00edtimo de Melilla\"},\"image\":{\"@id\":\"https:\\\/\\\/www.realclubmaritimomelilla.es\\\/clmar\\\/#\\\/schema\\\/logo\\\/image\\\/\"},\"sameAs\":[\"https:\\\/\\\/www.facebook.com\\\/Real-Club-Mar\u00edtimo-de-Melilla-588495841234214\\\/\",\"https:\\\/\\\/x.com\\\/nauticarcmm\",\"https:\\\/\\\/www.instagram.com\\\/club_maritimo_melilla\\\/\",\"https:\\\/\\\/www.youtube.com\\\/@realclubmaritimodemelilla4703\",\"https:\\\/\\\/es.wikipedia.org\\\/wiki\\\/Real_Club_Mar\u00edtimo_de_Melilla\"]},{\"@type\":\"Person\",\"@id\":\"https:\\\/\\\/www.realclubmaritimomelilla.es\\\/clmar\\\/#\\\/schema\\\/person\\\/ebaa3713496dc6d48c872452e73a8e79\",\"name\":\"RCMMelilla\",\"image\":{\"@type\":\"ImageObject\",\"inLanguage\":\"es\",\"@id\":\"https:\\\/\\\/secure.gravatar.com\\\/avatar\\\/df1c24789360fb9308735c4ee556fc2bc5bf924bf01e53043b8b97ba272da33c?s=96&d=mm&r=g\",\"url\":\"https:\\\/\\\/secure.gravatar.com\\\/avatar\\\/df1c24789360fb9308735c4ee556fc2bc5bf924bf01e53043b8b97ba272da33c?s=96&d=mm&r=g\",\"contentUrl\":\"https:\\\/\\\/secure.gravatar.com\\\/avatar\\\/df1c24789360fb9308735c4ee556fc2bc5bf924bf01e53043b8b97ba272da33c?s=96&d=mm&r=g\",\"caption\":\"RCMMelilla\"}}]}<\/script>\n<!-- \/ Yoast SEO plugin. -->","yoast_head_json":{"title":"Este viernes nueva cita en las XI Jornadas Culturales del RCMM - Real Club Mar\u00edtimo de Melilla","description":"El RCMM contin\u00faa con el desarrollo de sus XI Jornadas Culturales, y lo hace con una nueva e interesante propuesta que tendr\u00e1 lugar el pr\u00f3ximo viernes 9 de mayo","robots":{"index":"index","follow":"follow","max-snippet":"max-snippet:-1","max-image-preview":"max-image-preview:large","max-video-preview":"max-video-preview:-1"},"canonical":"https:\/\/www.realclubmaritimomelilla.es\/clmar\/este-viernes-nueva-cita-en-las-xi-jornadas-culturales-del-real-club-maritimo-de-melilla\/","og_locale":"es_ES","og_type":"article","og_title":"Este viernes nueva cita en las XI Jornadas Culturales del RCMM - Real Club Mar\u00edtimo de Melilla","og_description":"El RCMM contin\u00faa con el desarrollo de sus XI Jornadas Culturales, y lo hace con una nueva e interesante propuesta que tendr\u00e1 lugar el pr\u00f3ximo viernes 9 de mayo","og_url":"https:\/\/www.realclubmaritimomelilla.es\/clmar\/este-viernes-nueva-cita-en-las-xi-jornadas-culturales-del-real-club-maritimo-de-melilla\/","og_site_name":"Real Club Mar\u00edtimo de Melilla","article_publisher":"https:\/\/www.facebook.com\/Real-Club-Mar%c3%adtimo-de-Melilla-588495841234214\/","article_published_time":"2025-05-08T10:04:35+00:00","article_modified_time":"2025-05-09T08:26:42+00:00","og_image":[{"width":1414,"height":2000,"url":"https:\/\/www.realclubmaritimomelilla.es\/clmar\/wp-content\/uploads\/Cartel-jORNADAS-cULTURALES--jpg.webp","type":"image\/jpeg"}],"author":"RCMMelilla","twitter_card":"summary_large_image","twitter_creator":"@nauticarcmm","twitter_site":"@nauticarcmm","twitter_misc":{"Escrito por":"RCMMelilla","Tiempo de lectura":"2 minutos"},"schema":{"@context":"https:\/\/schema.org","@graph":[{"@type":"Article","@id":"https:\/\/www.realclubmaritimomelilla.es\/clmar\/este-viernes-nueva-cita-en-las-xi-jornadas-culturales-del-real-club-maritimo-de-melilla\/#article","isPartOf":{"@id":"https:\/\/www.realclubmaritimomelilla.es\/clmar\/este-viernes-nueva-cita-en-las-xi-jornadas-culturales-del-real-club-maritimo-de-melilla\/"},"author":{"name":"RCMMelilla","@id":"https:\/\/www.realclubmaritimomelilla.es\/clmar\/#\/schema\/person\/ebaa3713496dc6d48c872452e73a8e79"},"headline":"Este viernes nueva cita en las XI Jornadas Culturales del RCMM","datePublished":"2025-05-08T10:04:35+00:00","dateModified":"2025-05-09T08:26:42+00:00","mainEntityOfPage":{"@id":"https:\/\/www.realclubmaritimomelilla.es\/clmar\/este-viernes-nueva-cita-en-las-xi-jornadas-culturales-del-real-club-maritimo-de-melilla\/"},"wordCount":345,"commentCount":0,"publisher":{"@id":"https:\/\/www.realclubmaritimomelilla.es\/clmar\/#organization"},"image":{"@id":"https:\/\/www.realclubmaritimomelilla.es\/clmar\/este-viernes-nueva-cita-en-las-xi-jornadas-culturales-del-real-club-maritimo-de-melilla\/#primaryimage"},"thumbnailUrl":"https:\/\/www.realclubmaritimomelilla.es\/clmar\/wp-content\/uploads\/Cartel-jORNADAS-cULTURALES--jpg.webp","articleSection":["Jornadas"],"inLanguage":"es","potentialAction":[{"@type":"CommentAction","name":"Comment","target":["https:\/\/www.realclubmaritimomelilla.es\/clmar\/este-viernes-nueva-cita-en-las-xi-jornadas-culturales-del-real-club-maritimo-de-melilla\/#respond"]}]},{"@type":"WebPage","@id":"https:\/\/www.realclubmaritimomelilla.es\/clmar\/este-viernes-nueva-cita-en-las-xi-jornadas-culturales-del-real-club-maritimo-de-melilla\/","url":"https:\/\/www.realclubmaritimomelilla.es\/clmar\/este-viernes-nueva-cita-en-las-xi-jornadas-culturales-del-real-club-maritimo-de-melilla\/","name":"Este viernes nueva cita en las XI Jornadas Culturales del RCMM - Real Club Mar\u00edtimo de Melilla","isPartOf":{"@id":"https:\/\/www.realclubmaritimomelilla.es\/clmar\/#website"},"primaryImageOfPage":{"@id":"https:\/\/www.realclubmaritimomelilla.es\/clmar\/este-viernes-nueva-cita-en-las-xi-jornadas-culturales-del-real-club-maritimo-de-melilla\/#primaryimage"},"image":{"@id":"https:\/\/www.realclubmaritimomelilla.es\/clmar\/este-viernes-nueva-cita-en-las-xi-jornadas-culturales-del-real-club-maritimo-de-melilla\/#primaryimage"},"thumbnailUrl":"https:\/\/www.realclubmaritimomelilla.es\/clmar\/wp-content\/uploads\/Cartel-jORNADAS-cULTURALES--jpg.webp","datePublished":"2025-05-08T10:04:35+00:00","dateModified":"2025-05-09T08:26:42+00:00","description":"El RCMM contin\u00faa con el desarrollo de sus XI Jornadas Culturales, y lo hace con una nueva e interesante propuesta que tendr\u00e1 lugar el pr\u00f3ximo viernes 9 de mayo","breadcrumb":{"@id":"https:\/\/www.realclubmaritimomelilla.es\/clmar\/este-viernes-nueva-cita-en-las-xi-jornadas-culturales-del-real-club-maritimo-de-melilla\/#breadcrumb"},"inLanguage":"es","potentialAction":[{"@type":"ReadAction","target":["https:\/\/www.realclubmaritimomelilla.es\/clmar\/este-viernes-nueva-cita-en-las-xi-jornadas-culturales-del-real-club-maritimo-de-melilla\/"]}]},{"@type":"ImageObject","inLanguage":"es","@id":"https:\/\/www.realclubmaritimomelilla.es\/clmar\/este-viernes-nueva-cita-en-las-xi-jornadas-culturales-del-real-club-maritimo-de-melilla\/#primaryimage","url":"https:\/\/www.realclubmaritimomelilla.es\/clmar\/wp-content\/uploads\/Cartel-jORNADAS-cULTURALES--jpg.webp","contentUrl":"https:\/\/www.realclubmaritimomelilla.es\/clmar\/wp-content\/uploads\/Cartel-jORNADAS-cULTURALES--jpg.webp","width":1414,"height":2000},{"@type":"BreadcrumbList","@id":"https:\/\/www.realclubmaritimomelilla.es\/clmar\/este-viernes-nueva-cita-en-las-xi-jornadas-culturales-del-real-club-maritimo-de-melilla\/#breadcrumb","itemListElement":[{"@type":"ListItem","position":1,"name":"Portada","item":"https:\/\/www.realclubmaritimomelilla.es\/clmar\/"},{"@type":"ListItem","position":2,"name":"Este viernes nueva cita en las XI Jornadas Culturales del RCMM"}]},{"@type":"WebSite","@id":"https:\/\/www.realclubmaritimomelilla.es\/clmar\/#website","url":"https:\/\/www.realclubmaritimomelilla.es\/clmar\/","name":"Real Club Mar\u00edtimo de Melilla","description":"RCMM","publisher":{"@id":"https:\/\/www.realclubmaritimomelilla.es\/clmar\/#organization"},"alternateName":"RCMM","potentialAction":[{"@type":"SearchAction","target":{"@type":"EntryPoint","urlTemplate":"https:\/\/www.realclubmaritimomelilla.es\/clmar\/?s={search_term_string}"},"query-input":{"@type":"PropertyValueSpecification","valueRequired":true,"valueName":"search_term_string"}}],"inLanguage":"es"},{"@type":"Organization","@id":"https:\/\/www.realclubmaritimomelilla.es\/clmar\/#organization","name":"Real Club Mar\u00edtimo de Melilla","alternateName":"RCMM","url":"https:\/\/www.realclubmaritimomelilla.es\/clmar\/","logo":{"@type":"ImageObject","inLanguage":"es","@id":"https:\/\/www.realclubmaritimomelilla.es\/clmar\/#\/schema\/logo\/image\/","url":"https:\/\/www.realclubmaritimomelilla.es\/clmar\/wp-content\/uploads\/logo-club-original-copia.jpg","contentUrl":"https:\/\/www.realclubmaritimomelilla.es\/clmar\/wp-content\/uploads\/logo-club-original-copia.jpg","width":128,"height":89,"caption":"Real Club Mar\u00edtimo de Melilla"},"image":{"@id":"https:\/\/www.realclubmaritimomelilla.es\/clmar\/#\/schema\/logo\/image\/"},"sameAs":["https:\/\/www.facebook.com\/Real-Club-Mar\u00edtimo-de-Melilla-588495841234214\/","https:\/\/x.com\/nauticarcmm","https:\/\/www.instagram.com\/club_maritimo_melilla\/","https:\/\/www.youtube.com\/@realclubmaritimodemelilla4703","https:\/\/es.wikipedia.org\/wiki\/Real_Club_Mar\u00edtimo_de_Melilla"]},{"@type":"Person","@id":"https:\/\/www.realclubmaritimomelilla.es\/clmar\/#\/schema\/person\/ebaa3713496dc6d48c872452e73a8e79","name":"RCMMelilla","image":{"@type":"ImageObject","inLanguage":"es","@id":"https:\/\/secure.gravatar.com\/avatar\/df1c24789360fb9308735c4ee556fc2bc5bf924bf01e53043b8b97ba272da33c?s=96&d=mm&r=g","url":"https:\/\/secure.gravatar.com\/avatar\/df1c24789360fb9308735c4ee556fc2bc5bf924bf01e53043b8b97ba272da33c?s=96&d=mm&r=g","contentUrl":"https:\/\/secure.gravatar.com\/avatar\/df1c24789360fb9308735c4ee556fc2bc5bf924bf01e53043b8b97ba272da33c?s=96&d=mm&r=g","caption":"RCMMelilla"}}]}},"_links":{"self":[{"href":"https:\/\/www.realclubmaritimomelilla.es\/clmar\/wp-json\/wp\/v2\/posts\/25113","targetHints":{"allow":["GET"]}}],"collection":[{"href":"https:\/\/www.realclubmaritimomelilla.es\/clmar\/wp-json\/wp\/v2\/posts"}],"about":[{"href":"https:\/\/www.realclubmaritimomelilla.es\/clmar\/wp-json\/wp\/v2\/types\/post"}],"author":[{"embeddable":true,"href":"https:\/\/www.realclubmaritimomelilla.es\/clmar\/wp-json\/wp\/v2\/users\/1"}],"replies":[{"embeddable":true,"href":"https:\/\/www.realclubmaritimomelilla.es\/clmar\/wp-json\/wp\/v2\/comments?post=25113"}],"version-history":[{"count":4,"href":"https:\/\/www.realclubmaritimomelilla.es\/clmar\/wp-json\/wp\/v2\/posts\/25113\/revisions"}],"predecessor-version":[{"id":25134,"href":"https:\/\/www.realclubmaritimomelilla.es\/clmar\/wp-json\/wp\/v2\/posts\/25113\/revisions\/25134"}],"wp:featuredmedia":[{"embeddable":true,"href":"https:\/\/www.realclubmaritimomelilla.es\/clmar\/wp-json\/wp\/v2\/media\/25114"}],"wp:attachment":[{"href":"https:\/\/www.realclubmaritimomelilla.es\/clmar\/wp-json\/wp\/v2\/media?parent=25113"}],"wp:term":[{"taxonomy":"category","embeddable":true,"href":"https:\/\/www.realclubmaritimomelilla.es\/clmar\/wp-json\/wp\/v2\/categories?post=25113"},{"taxonomy":"post_tag","embeddable":true,"href":"https:\/\/www.realclubmaritimomelilla.es\/clmar\/wp-json\/wp\/v2\/tags?post=25113"}],"curies":[{"name":"wp","href":"https:\/\/api.w.org\/{rel}","templated":true}]}}