{"id":25090,"date":"2025-04-24T13:53:54","date_gmt":"2025-04-24T11:53:54","guid":{"rendered":"https:\/\/www.realclubmaritimomelilla.es\/clmar\/?p=25090"},"modified":"2025-04-25T11:13:06","modified_gmt":"2025-04-25T09:13:06","slug":"melilla-destaca-con-fuerza-en-el-campeonato-de-espana-de-optimist-2025-en-santander","status":"publish","type":"post","link":"https:\/\/www.realclubmaritimomelilla.es\/clmar\/melilla-destaca-con-fuerza-en-el-campeonato-de-espana-de-optimist-2025-en-santander\/","title":{"rendered":"Melilla destaca en el Campeonato de Espa\u00f1a de Optimist 2025 en Santander"},"content":{"rendered":"<p>\n\t\t<style type=\"text\/css\">\n\t\t\t#gallery-1 {\n\t\t\t\tmargin: auto;\n\t\t\t}\n\t\t\t#gallery-1 .gallery-item {\n\t\t\t\tfloat: left;\n\t\t\t\tmargin-top: 10px;\n\t\t\t\ttext-align: center;\n\t\t\t\twidth: 33%;\n\t\t\t}\n\t\t\t#gallery-1 img {\n\t\t\t\tborder: 2px solid #cfcfcf;\n\t\t\t}\n\t\t\t#gallery-1 .gallery-caption {\n\t\t\t\tmargin-left: 0;\n\t\t\t}\n\t\t\t\/* see gallery_shortcode() in wp-includes\/media.php *\/\n\t\t<\/style>\n\t\t<div id='gallery-1' class='gallery galleryid-25090 gallery-columns-3 gallery-size-thumbnail'><dl class='gallery-item'>\n\t\t\t<dt class='gallery-icon portrait'>\n\t\t\t\t<a data-rel=\"iLightbox[postimages]\" data-title=\"Imagen de WhatsApp 2025-04-24 a las 13.47.08_93c5c747\" data-caption=\"\" href='https:\/\/www.realclubmaritimomelilla.es\/clmar\/melilla-destaca-con-fuerza-en-el-campeonato-de-espana-de-optimist-2025-en-santander\/imagen-de-whatsapp-2025-04-24-a-las-13-47-08_93c5c747\/'><img decoding=\"async\" width=\"150\" height=\"150\" src=\"https:\/\/www.realclubmaritimomelilla.es\/clmar\/wp-content\/uploads\/Imagen-de-WhatsApp-2025-04-24-a-las-13.47.08_93c5c747-150x150.webp\" class=\"attachment-thumbnail size-thumbnail\" alt=\"\" srcset=\"https:\/\/www.realclubmaritimomelilla.es\/clmar\/wp-content\/uploads\/Imagen-de-WhatsApp-2025-04-24-a-las-13.47.08_93c5c747-66x66.webp 66w, https:\/\/www.realclubmaritimomelilla.es\/clmar\/wp-content\/uploads\/Imagen-de-WhatsApp-2025-04-24-a-las-13.47.08_93c5c747-150x150.webp 150w\" sizes=\"(max-width: 150px) 100vw, 150px\" \/><\/a>\n\t\t\t<\/dt><\/dl><dl class='gallery-item'>\n\t\t\t<dt class='gallery-icon portrait'>\n\t\t\t\t<a data-rel=\"iLightbox[postimages]\" data-title=\"Imagen de WhatsApp 2025-04-24 a las 13.47.37_43563410\" data-caption=\"\" href='https:\/\/www.realclubmaritimomelilla.es\/clmar\/melilla-destaca-con-fuerza-en-el-campeonato-de-espana-de-optimist-2025-en-santander\/imagen-de-whatsapp-2025-04-24-a-las-13-47-37_43563410\/'><img decoding=\"async\" width=\"150\" height=\"150\" src=\"https:\/\/www.realclubmaritimomelilla.es\/clmar\/wp-content\/uploads\/Imagen-de-WhatsApp-2025-04-24-a-las-13.47.37_43563410-150x150.webp\" class=\"attachment-thumbnail size-thumbnail\" alt=\"\" srcset=\"https:\/\/www.realclubmaritimomelilla.es\/clmar\/wp-content\/uploads\/Imagen-de-WhatsApp-2025-04-24-a-las-13.47.37_43563410-66x66.webp 66w, https:\/\/www.realclubmaritimomelilla.es\/clmar\/wp-content\/uploads\/Imagen-de-WhatsApp-2025-04-24-a-las-13.47.37_43563410-150x150.webp 150w\" sizes=\"(max-width: 150px) 100vw, 150px\" \/><\/a>\n\t\t\t<\/dt><\/dl><dl class='gallery-item'>\n\t\t\t<dt class='gallery-icon portrait'>\n\t\t\t\t<a data-rel=\"iLightbox[postimages]\" data-title=\"Imagen de WhatsApp 2025-04-24 a las 13.48.07_2f073c6e\" data-caption=\"\" href='https:\/\/www.realclubmaritimomelilla.es\/clmar\/melilla-destaca-con-fuerza-en-el-campeonato-de-espana-de-optimist-2025-en-santander\/imagen-de-whatsapp-2025-04-24-a-las-13-48-07_2f073c6e\/'><img decoding=\"async\" width=\"150\" height=\"150\" src=\"https:\/\/www.realclubmaritimomelilla.es\/clmar\/wp-content\/uploads\/Imagen-de-WhatsApp-2025-04-24-a-las-13.48.07_2f073c6e-150x150.webp\" class=\"attachment-thumbnail size-thumbnail\" alt=\"\" srcset=\"https:\/\/www.realclubmaritimomelilla.es\/clmar\/wp-content\/uploads\/Imagen-de-WhatsApp-2025-04-24-a-las-13.48.07_2f073c6e-66x66.webp 66w, https:\/\/www.realclubmaritimomelilla.es\/clmar\/wp-content\/uploads\/Imagen-de-WhatsApp-2025-04-24-a-las-13.48.07_2f073c6e-150x150.webp 150w\" sizes=\"(max-width: 150px) 100vw, 150px\" \/><\/a>\n\t\t\t<\/dt><\/dl><br style=\"clear: both\" \/><dl class='gallery-item'>\n\t\t\t<dt class='gallery-icon portrait'>\n\t\t\t\t<a data-rel=\"iLightbox[postimages]\" data-title=\"Imagen de WhatsApp 2025-04-24 a las 13.48.55_152cfaec\" data-caption=\"\" href='https:\/\/www.realclubmaritimomelilla.es\/clmar\/melilla-destaca-con-fuerza-en-el-campeonato-de-espana-de-optimist-2025-en-santander\/imagen-de-whatsapp-2025-04-24-a-las-13-48-55_152cfaec\/'><img decoding=\"async\" width=\"150\" height=\"150\" src=\"https:\/\/www.realclubmaritimomelilla.es\/clmar\/wp-content\/uploads\/Imagen-de-WhatsApp-2025-04-24-a-las-13.48.55_152cfaec-150x150.webp\" class=\"attachment-thumbnail size-thumbnail\" alt=\"\" srcset=\"https:\/\/www.realclubmaritimomelilla.es\/clmar\/wp-content\/uploads\/Imagen-de-WhatsApp-2025-04-24-a-las-13.48.55_152cfaec-66x66.webp 66w, https:\/\/www.realclubmaritimomelilla.es\/clmar\/wp-content\/uploads\/Imagen-de-WhatsApp-2025-04-24-a-las-13.48.55_152cfaec-150x150.webp 150w\" sizes=\"(max-width: 150px) 100vw, 150px\" \/><\/a>\n\t\t\t<\/dt><\/dl><dl class='gallery-item'>\n\t\t\t<dt class='gallery-icon portrait'>\n\t\t\t\t<a data-rel=\"iLightbox[postimages]\" data-title=\"Imagen de WhatsApp 2025-04-24 a las 13.49.29_18618e10\" data-caption=\"\" href='https:\/\/www.realclubmaritimomelilla.es\/clmar\/melilla-destaca-con-fuerza-en-el-campeonato-de-espana-de-optimist-2025-en-santander\/imagen-de-whatsapp-2025-04-24-a-las-13-49-29_18618e10\/'><img decoding=\"async\" width=\"150\" height=\"150\" src=\"https:\/\/www.realclubmaritimomelilla.es\/clmar\/wp-content\/uploads\/Imagen-de-WhatsApp-2025-04-24-a-las-13.49.29_18618e10-150x150.webp\" class=\"attachment-thumbnail size-thumbnail\" alt=\"\" srcset=\"https:\/\/www.realclubmaritimomelilla.es\/clmar\/wp-content\/uploads\/Imagen-de-WhatsApp-2025-04-24-a-las-13.49.29_18618e10-66x66.webp 66w, https:\/\/www.realclubmaritimomelilla.es\/clmar\/wp-content\/uploads\/Imagen-de-WhatsApp-2025-04-24-a-las-13.49.29_18618e10-150x150.webp 150w\" sizes=\"(max-width: 150px) 100vw, 150px\" \/><\/a>\n\t\t\t<\/dt><\/dl><dl class='gallery-item'>\n\t\t\t<dt class='gallery-icon portrait'>\n\t\t\t\t<a data-rel=\"iLightbox[postimages]\" data-title=\"Imagen de WhatsApp 2025-04-24 a las 13.50.02_ff77a623\" data-caption=\"\" href='https:\/\/www.realclubmaritimomelilla.es\/clmar\/melilla-destaca-con-fuerza-en-el-campeonato-de-espana-de-optimist-2025-en-santander\/imagen-de-whatsapp-2025-04-24-a-las-13-50-02_ff77a623\/'><img decoding=\"async\" width=\"150\" height=\"150\" src=\"https:\/\/www.realclubmaritimomelilla.es\/clmar\/wp-content\/uploads\/Imagen-de-WhatsApp-2025-04-24-a-las-13.50.02_ff77a623-150x150.webp\" class=\"attachment-thumbnail size-thumbnail\" alt=\"\" srcset=\"https:\/\/www.realclubmaritimomelilla.es\/clmar\/wp-content\/uploads\/Imagen-de-WhatsApp-2025-04-24-a-las-13.50.02_ff77a623-66x66.webp 66w, https:\/\/www.realclubmaritimomelilla.es\/clmar\/wp-content\/uploads\/Imagen-de-WhatsApp-2025-04-24-a-las-13.50.02_ff77a623-150x150.webp 150w\" sizes=\"(max-width: 150px) 100vw, 150px\" \/><\/a>\n\t\t\t<\/dt><\/dl><br style=\"clear: both\" \/>\n\t\t<\/div>\nDel 15 al 20 de abril de 2025, la bah\u00eda de Santander fue el escenario del Campeonato de Espa\u00f1a de Optimist, donde 155 j\u00f3venes promesas de la vela de toda Espa\u00f1a se enfrentaron en condiciones meteorol\u00f3gicas extremadamente exigentes, con vientos que alcanzaron los 30 nudos, obligando a cancelar una de las jornadas previstas.<\/p>\n<p>El equipo del Real Club Mar\u00edtimo de Melilla, en representaci\u00f3n de la ciudad aut\u00f3noma, firm\u00f3 una participaci\u00f3n destacada, demostrando esfuerzo, crecimiento y un gran esp\u00edritu competitivo frente a una de las flotas m\u00e1s fuertes del pa\u00eds.<br \/>\n\t\u2022\tMiguel Tormo, en la categor\u00eda Sub16 masculino, logr\u00f3 un excelente 59\u00ba puesto en la cuarta manga, destacando entre los mejores parciales del equipo en una jornada con condiciones especialmente complicadas.<br \/>\n\t\u2022\tIsabela Tormo, compitiendo en Sub13 femenino, consigui\u00f3 un 64\u00ba puesto en la segunda manga, consolidando su papel como una regatista con gran proyecci\u00f3n.<br \/>\n\t\u2022\tPablo Rivas, el regatista m\u00e1s joven del campeonato, se enfrent\u00f3 con valent\u00eda al exigente campo de regatas en la categor\u00eda Sub13 masculino, completando todas las mangas y demostrando una actitud ejemplar y un futuro prometedor.<\/p>\n<p>El evento, organizado por el Real Club Mar\u00edtimo de Santander en colaboraci\u00f3n con la Real Federaci\u00f3n Espa\u00f1ola de Vela, la Real Federaci\u00f3n C\u00e1ntabra de Vela y AECIO, se desarroll\u00f3 en las instalaciones del CEAR de Vela. De las 12 mangas programadas, pudieron celebrarse 8.<\/p>\n<p>El alicantino Alejandro Valero se proclam\u00f3 campe\u00f3n absoluto, seguido por Juan Lleonart (Catalu\u00f1a) y Jan Palou (Baleares), quien adem\u00e1s se adjudic\u00f3 el oro en la categor\u00eda Sub13. En la categor\u00eda femenina, Marta Mansito (Canarias) se alz\u00f3 como la mejor clasificada.<\/p>\n<p>El equipo melillense ya pone la vista en su pr\u00f3xima gran cita: la Copa de Espa\u00f1a, que se celebrar\u00e1 en Los Alc\u00e1zares del 14 al 18 de mayo, con la intenci\u00f3n de seguir creciendo y mejorando.<\/p>\n","protected":false},"excerpt":{"rendered":"<p>Del 15 al 20 de abril de 2025, la bah\u00eda de Santander fue el escenario del Campeonato de Espa\u00f1a de Optimist, donde 155 j\u00f3venes promesas de la vela de toda Espa\u00f1a se enfrentaron en condiciones meteorol\u00f3gicas extremadamente exigentes, con vientos que alcanzaron los 30 nudos, obligando a cancelar una de las jornadas previstas. El equipo [&hellip;]<\/p>\n","protected":false},"author":1,"featured_media":25092,"comment_status":"open","ping_status":"open","sticky":false,"template":"","format":"standard","meta":{"_acf_changed":false,"footnotes":""},"categories":[38],"tags":[],"class_list":["post-25090","post","type-post","status-publish","format-standard","has-post-thumbnail","hentry","category-nautica"],"acf":[],"yoast_head":"<!-- This site is optimized with the Yoast SEO plugin v27.5 - https:\/\/yoast.com\/product\/yoast-seo-wordpress\/ -->\n<title>Melilla destaca en el Campeonato de Espa\u00f1a de Optimist 2025 en Santander - Real Club Mar\u00edtimo de Melilla<\/title>\n<meta name=\"description\" content=\"El equipo del Real Club Mar\u00edtimo de Melilla firm\u00f3 una participaci\u00f3n destacada frente a una de las flotas m\u00e1s fuertes del pa\u00eds\" \/>\n<meta name=\"robots\" content=\"index, follow, max-snippet:-1, max-image-preview:large, max-video-preview:-1\" \/>\n<link rel=\"canonical\" href=\"https:\/\/www.realclubmaritimomelilla.es\/clmar\/melilla-destaca-con-fuerza-en-el-campeonato-de-espana-de-optimist-2025-en-santander\/\" \/>\n<meta property=\"og:locale\" content=\"es_ES\" \/>\n<meta property=\"og:type\" content=\"article\" \/>\n<meta property=\"og:title\" content=\"Melilla destaca en el Campeonato de Espa\u00f1a de Optimist 2025 en Santander - Real Club Mar\u00edtimo de Melilla\" \/>\n<meta property=\"og:description\" content=\"El equipo del Real Club Mar\u00edtimo de Melilla firm\u00f3 una participaci\u00f3n destacada frente a una de las flotas m\u00e1s fuertes del pa\u00eds\" \/>\n<meta property=\"og:url\" content=\"https:\/\/www.realclubmaritimomelilla.es\/clmar\/melilla-destaca-con-fuerza-en-el-campeonato-de-espana-de-optimist-2025-en-santander\/\" \/>\n<meta property=\"og:site_name\" content=\"Real Club Mar\u00edtimo de Melilla\" \/>\n<meta property=\"article:publisher\" content=\"https:\/\/www.facebook.com\/Real-Club-Mar%c3%adtimo-de-Melilla-588495841234214\/\" \/>\n<meta property=\"article:published_time\" content=\"2025-04-24T11:53:54+00:00\" \/>\n<meta property=\"article:modified_time\" content=\"2025-04-25T09:13:06+00:00\" \/>\n<meta property=\"og:image\" content=\"https:\/\/www.realclubmaritimomelilla.es\/clmar\/wp-content\/uploads\/Imagen-de-WhatsApp-2025-04-24-a-las-13.47.37_43563410.jpg\" \/>\n\t<meta property=\"og:image:width\" content=\"1200\" \/>\n\t<meta property=\"og:image:height\" content=\"1600\" \/>\n\t<meta property=\"og:image:type\" content=\"image\/jpeg\" \/>\n<meta name=\"author\" content=\"RCMMelilla\" \/>\n<meta name=\"twitter:card\" content=\"summary_large_image\" \/>\n<meta name=\"twitter:creator\" content=\"@nauticarcmm\" \/>\n<meta name=\"twitter:site\" content=\"@nauticarcmm\" \/>\n<meta name=\"twitter:label1\" content=\"Escrito por\" \/>\n\t<meta name=\"twitter:data1\" content=\"RCMMelilla\" \/>\n\t<meta name=\"twitter:label2\" content=\"Tiempo de lectura\" \/>\n\t<meta name=\"twitter:data2\" content=\"2 minutos\" \/>\n<script type=\"application\/ld+json\" class=\"yoast-schema-graph\">{\"@context\":\"https:\\\/\\\/schema.org\",\"@graph\":[{\"@type\":\"Article\",\"@id\":\"https:\\\/\\\/www.realclubmaritimomelilla.es\\\/clmar\\\/melilla-destaca-con-fuerza-en-el-campeonato-de-espana-de-optimist-2025-en-santander\\\/#article\",\"isPartOf\":{\"@id\":\"https:\\\/\\\/www.realclubmaritimomelilla.es\\\/clmar\\\/melilla-destaca-con-fuerza-en-el-campeonato-de-espana-de-optimist-2025-en-santander\\\/\"},\"author\":{\"name\":\"RCMMelilla\",\"@id\":\"https:\\\/\\\/www.realclubmaritimomelilla.es\\\/clmar\\\/#\\\/schema\\\/person\\\/ebaa3713496dc6d48c872452e73a8e79\"},\"headline\":\"Melilla destaca en el Campeonato de Espa\u00f1a de Optimist 2025 en Santander\",\"datePublished\":\"2025-04-24T11:53:54+00:00\",\"dateModified\":\"2025-04-25T09:13:06+00:00\",\"mainEntityOfPage\":{\"@id\":\"https:\\\/\\\/www.realclubmaritimomelilla.es\\\/clmar\\\/melilla-destaca-con-fuerza-en-el-campeonato-de-espana-de-optimist-2025-en-santander\\\/\"},\"wordCount\":332,\"commentCount\":0,\"publisher\":{\"@id\":\"https:\\\/\\\/www.realclubmaritimomelilla.es\\\/clmar\\\/#organization\"},\"image\":{\"@id\":\"https:\\\/\\\/www.realclubmaritimomelilla.es\\\/clmar\\\/melilla-destaca-con-fuerza-en-el-campeonato-de-espana-de-optimist-2025-en-santander\\\/#primaryimage\"},\"thumbnailUrl\":\"https:\\\/\\\/www.realclubmaritimomelilla.es\\\/clmar\\\/wp-content\\\/uploads\\\/Imagen-de-WhatsApp-2025-04-24-a-las-13.47.37_43563410.jpg\",\"articleSection\":[\"N\u00e1utica\"],\"inLanguage\":\"es\",\"potentialAction\":[{\"@type\":\"CommentAction\",\"name\":\"Comment\",\"target\":[\"https:\\\/\\\/www.realclubmaritimomelilla.es\\\/clmar\\\/melilla-destaca-con-fuerza-en-el-campeonato-de-espana-de-optimist-2025-en-santander\\\/#respond\"]}]},{\"@type\":\"WebPage\",\"@id\":\"https:\\\/\\\/www.realclubmaritimomelilla.es\\\/clmar\\\/melilla-destaca-con-fuerza-en-el-campeonato-de-espana-de-optimist-2025-en-santander\\\/\",\"url\":\"https:\\\/\\\/www.realclubmaritimomelilla.es\\\/clmar\\\/melilla-destaca-con-fuerza-en-el-campeonato-de-espana-de-optimist-2025-en-santander\\\/\",\"name\":\"Melilla destaca en el Campeonato de Espa\u00f1a de Optimist 2025 en Santander - Real Club Mar\u00edtimo de Melilla\",\"isPartOf\":{\"@id\":\"https:\\\/\\\/www.realclubmaritimomelilla.es\\\/clmar\\\/#website\"},\"primaryImageOfPage\":{\"@id\":\"https:\\\/\\\/www.realclubmaritimomelilla.es\\\/clmar\\\/melilla-destaca-con-fuerza-en-el-campeonato-de-espana-de-optimist-2025-en-santander\\\/#primaryimage\"},\"image\":{\"@id\":\"https:\\\/\\\/www.realclubmaritimomelilla.es\\\/clmar\\\/melilla-destaca-con-fuerza-en-el-campeonato-de-espana-de-optimist-2025-en-santander\\\/#primaryimage\"},\"thumbnailUrl\":\"https:\\\/\\\/www.realclubmaritimomelilla.es\\\/clmar\\\/wp-content\\\/uploads\\\/Imagen-de-WhatsApp-2025-04-24-a-las-13.47.37_43563410.jpg\",\"datePublished\":\"2025-04-24T11:53:54+00:00\",\"dateModified\":\"2025-04-25T09:13:06+00:00\",\"description\":\"El equipo del Real Club Mar\u00edtimo de Melilla firm\u00f3 una participaci\u00f3n destacada frente a una de las flotas m\u00e1s fuertes del pa\u00eds\",\"breadcrumb\":{\"@id\":\"https:\\\/\\\/www.realclubmaritimomelilla.es\\\/clmar\\\/melilla-destaca-con-fuerza-en-el-campeonato-de-espana-de-optimist-2025-en-santander\\\/#breadcrumb\"},\"inLanguage\":\"es\",\"potentialAction\":[{\"@type\":\"ReadAction\",\"target\":[\"https:\\\/\\\/www.realclubmaritimomelilla.es\\\/clmar\\\/melilla-destaca-con-fuerza-en-el-campeonato-de-espana-de-optimist-2025-en-santander\\\/\"]}]},{\"@type\":\"ImageObject\",\"inLanguage\":\"es\",\"@id\":\"https:\\\/\\\/www.realclubmaritimomelilla.es\\\/clmar\\\/melilla-destaca-con-fuerza-en-el-campeonato-de-espana-de-optimist-2025-en-santander\\\/#primaryimage\",\"url\":\"https:\\\/\\\/www.realclubmaritimomelilla.es\\\/clmar\\\/wp-content\\\/uploads\\\/Imagen-de-WhatsApp-2025-04-24-a-las-13.47.37_43563410.jpg\",\"contentUrl\":\"https:\\\/\\\/www.realclubmaritimomelilla.es\\\/clmar\\\/wp-content\\\/uploads\\\/Imagen-de-WhatsApp-2025-04-24-a-las-13.47.37_43563410.jpg\",\"width\":1200,\"height\":1600},{\"@type\":\"BreadcrumbList\",\"@id\":\"https:\\\/\\\/www.realclubmaritimomelilla.es\\\/clmar\\\/melilla-destaca-con-fuerza-en-el-campeonato-de-espana-de-optimist-2025-en-santander\\\/#breadcrumb\",\"itemListElement\":[{\"@type\":\"ListItem\",\"position\":1,\"name\":\"Portada\",\"item\":\"https:\\\/\\\/www.realclubmaritimomelilla.es\\\/clmar\\\/\"},{\"@type\":\"ListItem\",\"position\":2,\"name\":\"Melilla destaca en el Campeonato de Espa\u00f1a de Optimist 2025 en Santander\"}]},{\"@type\":\"WebSite\",\"@id\":\"https:\\\/\\\/www.realclubmaritimomelilla.es\\\/clmar\\\/#website\",\"url\":\"https:\\\/\\\/www.realclubmaritimomelilla.es\\\/clmar\\\/\",\"name\":\"Real Club Mar\u00edtimo de Melilla\",\"description\":\"RCMM\",\"publisher\":{\"@id\":\"https:\\\/\\\/www.realclubmaritimomelilla.es\\\/clmar\\\/#organization\"},\"alternateName\":\"RCMM\",\"potentialAction\":[{\"@type\":\"SearchAction\",\"target\":{\"@type\":\"EntryPoint\",\"urlTemplate\":\"https:\\\/\\\/www.realclubmaritimomelilla.es\\\/clmar\\\/?s={search_term_string}\"},\"query-input\":{\"@type\":\"PropertyValueSpecification\",\"valueRequired\":true,\"valueName\":\"search_term_string\"}}],\"inLanguage\":\"es\"},{\"@type\":\"Organization\",\"@id\":\"https:\\\/\\\/www.realclubmaritimomelilla.es\\\/clmar\\\/#organization\",\"name\":\"Real Club Mar\u00edtimo de Melilla\",\"alternateName\":\"RCMM\",\"url\":\"https:\\\/\\\/www.realclubmaritimomelilla.es\\\/clmar\\\/\",\"logo\":{\"@type\":\"ImageObject\",\"inLanguage\":\"es\",\"@id\":\"https:\\\/\\\/www.realclubmaritimomelilla.es\\\/clmar\\\/#\\\/schema\\\/logo\\\/image\\\/\",\"url\":\"https:\\\/\\\/www.realclubmaritimomelilla.es\\\/clmar\\\/wp-content\\\/uploads\\\/logo-club-original-copia.jpg\",\"contentUrl\":\"https:\\\/\\\/www.realclubmaritimomelilla.es\\\/clmar\\\/wp-content\\\/uploads\\\/logo-club-original-copia.jpg\",\"width\":128,\"height\":89,\"caption\":\"Real Club Mar\u00edtimo de Melilla\"},\"image\":{\"@id\":\"https:\\\/\\\/www.realclubmaritimomelilla.es\\\/clmar\\\/#\\\/schema\\\/logo\\\/image\\\/\"},\"sameAs\":[\"https:\\\/\\\/www.facebook.com\\\/Real-Club-Mar\u00edtimo-de-Melilla-588495841234214\\\/\",\"https:\\\/\\\/x.com\\\/nauticarcmm\",\"https:\\\/\\\/www.instagram.com\\\/club_maritimo_melilla\\\/\",\"https:\\\/\\\/www.youtube.com\\\/@realclubmaritimodemelilla4703\",\"https:\\\/\\\/es.wikipedia.org\\\/wiki\\\/Real_Club_Mar\u00edtimo_de_Melilla\"]},{\"@type\":\"Person\",\"@id\":\"https:\\\/\\\/www.realclubmaritimomelilla.es\\\/clmar\\\/#\\\/schema\\\/person\\\/ebaa3713496dc6d48c872452e73a8e79\",\"name\":\"RCMMelilla\",\"image\":{\"@type\":\"ImageObject\",\"inLanguage\":\"es\",\"@id\":\"https:\\\/\\\/secure.gravatar.com\\\/avatar\\\/df1c24789360fb9308735c4ee556fc2bc5bf924bf01e53043b8b97ba272da33c?s=96&d=mm&r=g\",\"url\":\"https:\\\/\\\/secure.gravatar.com\\\/avatar\\\/df1c24789360fb9308735c4ee556fc2bc5bf924bf01e53043b8b97ba272da33c?s=96&d=mm&r=g\",\"contentUrl\":\"https:\\\/\\\/secure.gravatar.com\\\/avatar\\\/df1c24789360fb9308735c4ee556fc2bc5bf924bf01e53043b8b97ba272da33c?s=96&d=mm&r=g\",\"caption\":\"RCMMelilla\"}}]}<\/script>\n<!-- \/ Yoast SEO plugin. -->","yoast_head_json":{"title":"Melilla destaca en el Campeonato de Espa\u00f1a de Optimist 2025 en Santander - Real Club Mar\u00edtimo de Melilla","description":"El equipo del Real Club Mar\u00edtimo de Melilla firm\u00f3 una participaci\u00f3n destacada frente a una de las flotas m\u00e1s fuertes del pa\u00eds","robots":{"index":"index","follow":"follow","max-snippet":"max-snippet:-1","max-image-preview":"max-image-preview:large","max-video-preview":"max-video-preview:-1"},"canonical":"https:\/\/www.realclubmaritimomelilla.es\/clmar\/melilla-destaca-con-fuerza-en-el-campeonato-de-espana-de-optimist-2025-en-santander\/","og_locale":"es_ES","og_type":"article","og_title":"Melilla destaca en el Campeonato de Espa\u00f1a de Optimist 2025 en Santander - Real Club Mar\u00edtimo de Melilla","og_description":"El equipo del Real Club Mar\u00edtimo de Melilla firm\u00f3 una participaci\u00f3n destacada frente a una de las flotas m\u00e1s fuertes del pa\u00eds","og_url":"https:\/\/www.realclubmaritimomelilla.es\/clmar\/melilla-destaca-con-fuerza-en-el-campeonato-de-espana-de-optimist-2025-en-santander\/","og_site_name":"Real Club Mar\u00edtimo de Melilla","article_publisher":"https:\/\/www.facebook.com\/Real-Club-Mar%c3%adtimo-de-Melilla-588495841234214\/","article_published_time":"2025-04-24T11:53:54+00:00","article_modified_time":"2025-04-25T09:13:06+00:00","og_image":[{"width":1200,"height":1600,"url":"https:\/\/www.realclubmaritimomelilla.es\/clmar\/wp-content\/uploads\/Imagen-de-WhatsApp-2025-04-24-a-las-13.47.37_43563410.jpg","type":"image\/jpeg"}],"author":"RCMMelilla","twitter_card":"summary_large_image","twitter_creator":"@nauticarcmm","twitter_site":"@nauticarcmm","twitter_misc":{"Escrito por":"RCMMelilla","Tiempo de lectura":"2 minutos"},"schema":{"@context":"https:\/\/schema.org","@graph":[{"@type":"Article","@id":"https:\/\/www.realclubmaritimomelilla.es\/clmar\/melilla-destaca-con-fuerza-en-el-campeonato-de-espana-de-optimist-2025-en-santander\/#article","isPartOf":{"@id":"https:\/\/www.realclubmaritimomelilla.es\/clmar\/melilla-destaca-con-fuerza-en-el-campeonato-de-espana-de-optimist-2025-en-santander\/"},"author":{"name":"RCMMelilla","@id":"https:\/\/www.realclubmaritimomelilla.es\/clmar\/#\/schema\/person\/ebaa3713496dc6d48c872452e73a8e79"},"headline":"Melilla destaca en el Campeonato de Espa\u00f1a de Optimist 2025 en Santander","datePublished":"2025-04-24T11:53:54+00:00","dateModified":"2025-04-25T09:13:06+00:00","mainEntityOfPage":{"@id":"https:\/\/www.realclubmaritimomelilla.es\/clmar\/melilla-destaca-con-fuerza-en-el-campeonato-de-espana-de-optimist-2025-en-santander\/"},"wordCount":332,"commentCount":0,"publisher":{"@id":"https:\/\/www.realclubmaritimomelilla.es\/clmar\/#organization"},"image":{"@id":"https:\/\/www.realclubmaritimomelilla.es\/clmar\/melilla-destaca-con-fuerza-en-el-campeonato-de-espana-de-optimist-2025-en-santander\/#primaryimage"},"thumbnailUrl":"https:\/\/www.realclubmaritimomelilla.es\/clmar\/wp-content\/uploads\/Imagen-de-WhatsApp-2025-04-24-a-las-13.47.37_43563410.jpg","articleSection":["N\u00e1utica"],"inLanguage":"es","potentialAction":[{"@type":"CommentAction","name":"Comment","target":["https:\/\/www.realclubmaritimomelilla.es\/clmar\/melilla-destaca-con-fuerza-en-el-campeonato-de-espana-de-optimist-2025-en-santander\/#respond"]}]},{"@type":"WebPage","@id":"https:\/\/www.realclubmaritimomelilla.es\/clmar\/melilla-destaca-con-fuerza-en-el-campeonato-de-espana-de-optimist-2025-en-santander\/","url":"https:\/\/www.realclubmaritimomelilla.es\/clmar\/melilla-destaca-con-fuerza-en-el-campeonato-de-espana-de-optimist-2025-en-santander\/","name":"Melilla destaca en el Campeonato de Espa\u00f1a de Optimist 2025 en Santander - Real Club Mar\u00edtimo de Melilla","isPartOf":{"@id":"https:\/\/www.realclubmaritimomelilla.es\/clmar\/#website"},"primaryImageOfPage":{"@id":"https:\/\/www.realclubmaritimomelilla.es\/clmar\/melilla-destaca-con-fuerza-en-el-campeonato-de-espana-de-optimist-2025-en-santander\/#primaryimage"},"image":{"@id":"https:\/\/www.realclubmaritimomelilla.es\/clmar\/melilla-destaca-con-fuerza-en-el-campeonato-de-espana-de-optimist-2025-en-santander\/#primaryimage"},"thumbnailUrl":"https:\/\/www.realclubmaritimomelilla.es\/clmar\/wp-content\/uploads\/Imagen-de-WhatsApp-2025-04-24-a-las-13.47.37_43563410.jpg","datePublished":"2025-04-24T11:53:54+00:00","dateModified":"2025-04-25T09:13:06+00:00","description":"El equipo del Real Club Mar\u00edtimo de Melilla firm\u00f3 una participaci\u00f3n destacada frente a una de las flotas m\u00e1s fuertes del pa\u00eds","breadcrumb":{"@id":"https:\/\/www.realclubmaritimomelilla.es\/clmar\/melilla-destaca-con-fuerza-en-el-campeonato-de-espana-de-optimist-2025-en-santander\/#breadcrumb"},"inLanguage":"es","potentialAction":[{"@type":"ReadAction","target":["https:\/\/www.realclubmaritimomelilla.es\/clmar\/melilla-destaca-con-fuerza-en-el-campeonato-de-espana-de-optimist-2025-en-santander\/"]}]},{"@type":"ImageObject","inLanguage":"es","@id":"https:\/\/www.realclubmaritimomelilla.es\/clmar\/melilla-destaca-con-fuerza-en-el-campeonato-de-espana-de-optimist-2025-en-santander\/#primaryimage","url":"https:\/\/www.realclubmaritimomelilla.es\/clmar\/wp-content\/uploads\/Imagen-de-WhatsApp-2025-04-24-a-las-13.47.37_43563410.jpg","contentUrl":"https:\/\/www.realclubmaritimomelilla.es\/clmar\/wp-content\/uploads\/Imagen-de-WhatsApp-2025-04-24-a-las-13.47.37_43563410.jpg","width":1200,"height":1600},{"@type":"BreadcrumbList","@id":"https:\/\/www.realclubmaritimomelilla.es\/clmar\/melilla-destaca-con-fuerza-en-el-campeonato-de-espana-de-optimist-2025-en-santander\/#breadcrumb","itemListElement":[{"@type":"ListItem","position":1,"name":"Portada","item":"https:\/\/www.realclubmaritimomelilla.es\/clmar\/"},{"@type":"ListItem","position":2,"name":"Melilla destaca en el Campeonato de Espa\u00f1a de Optimist 2025 en Santander"}]},{"@type":"WebSite","@id":"https:\/\/www.realclubmaritimomelilla.es\/clmar\/#website","url":"https:\/\/www.realclubmaritimomelilla.es\/clmar\/","name":"Real Club Mar\u00edtimo de Melilla","description":"RCMM","publisher":{"@id":"https:\/\/www.realclubmaritimomelilla.es\/clmar\/#organization"},"alternateName":"RCMM","potentialAction":[{"@type":"SearchAction","target":{"@type":"EntryPoint","urlTemplate":"https:\/\/www.realclubmaritimomelilla.es\/clmar\/?s={search_term_string}"},"query-input":{"@type":"PropertyValueSpecification","valueRequired":true,"valueName":"search_term_string"}}],"inLanguage":"es"},{"@type":"Organization","@id":"https:\/\/www.realclubmaritimomelilla.es\/clmar\/#organization","name":"Real Club Mar\u00edtimo de Melilla","alternateName":"RCMM","url":"https:\/\/www.realclubmaritimomelilla.es\/clmar\/","logo":{"@type":"ImageObject","inLanguage":"es","@id":"https:\/\/www.realclubmaritimomelilla.es\/clmar\/#\/schema\/logo\/image\/","url":"https:\/\/www.realclubmaritimomelilla.es\/clmar\/wp-content\/uploads\/logo-club-original-copia.jpg","contentUrl":"https:\/\/www.realclubmaritimomelilla.es\/clmar\/wp-content\/uploads\/logo-club-original-copia.jpg","width":128,"height":89,"caption":"Real Club Mar\u00edtimo de Melilla"},"image":{"@id":"https:\/\/www.realclubmaritimomelilla.es\/clmar\/#\/schema\/logo\/image\/"},"sameAs":["https:\/\/www.facebook.com\/Real-Club-Mar\u00edtimo-de-Melilla-588495841234214\/","https:\/\/x.com\/nauticarcmm","https:\/\/www.instagram.com\/club_maritimo_melilla\/","https:\/\/www.youtube.com\/@realclubmaritimodemelilla4703","https:\/\/es.wikipedia.org\/wiki\/Real_Club_Mar\u00edtimo_de_Melilla"]},{"@type":"Person","@id":"https:\/\/www.realclubmaritimomelilla.es\/clmar\/#\/schema\/person\/ebaa3713496dc6d48c872452e73a8e79","name":"RCMMelilla","image":{"@type":"ImageObject","inLanguage":"es","@id":"https:\/\/secure.gravatar.com\/avatar\/df1c24789360fb9308735c4ee556fc2bc5bf924bf01e53043b8b97ba272da33c?s=96&d=mm&r=g","url":"https:\/\/secure.gravatar.com\/avatar\/df1c24789360fb9308735c4ee556fc2bc5bf924bf01e53043b8b97ba272da33c?s=96&d=mm&r=g","contentUrl":"https:\/\/secure.gravatar.com\/avatar\/df1c24789360fb9308735c4ee556fc2bc5bf924bf01e53043b8b97ba272da33c?s=96&d=mm&r=g","caption":"RCMMelilla"}}]}},"_links":{"self":[{"href":"https:\/\/www.realclubmaritimomelilla.es\/clmar\/wp-json\/wp\/v2\/posts\/25090","targetHints":{"allow":["GET"]}}],"collection":[{"href":"https:\/\/www.realclubmaritimomelilla.es\/clmar\/wp-json\/wp\/v2\/posts"}],"about":[{"href":"https:\/\/www.realclubmaritimomelilla.es\/clmar\/wp-json\/wp\/v2\/types\/post"}],"author":[{"embeddable":true,"href":"https:\/\/www.realclubmaritimomelilla.es\/clmar\/wp-json\/wp\/v2\/users\/1"}],"replies":[{"embeddable":true,"href":"https:\/\/www.realclubmaritimomelilla.es\/clmar\/wp-json\/wp\/v2\/comments?post=25090"}],"version-history":[{"count":2,"href":"https:\/\/www.realclubmaritimomelilla.es\/clmar\/wp-json\/wp\/v2\/posts\/25090\/revisions"}],"predecessor-version":[{"id":25106,"href":"https:\/\/www.realclubmaritimomelilla.es\/clmar\/wp-json\/wp\/v2\/posts\/25090\/revisions\/25106"}],"wp:featuredmedia":[{"embeddable":true,"href":"https:\/\/www.realclubmaritimomelilla.es\/clmar\/wp-json\/wp\/v2\/media\/25092"}],"wp:attachment":[{"href":"https:\/\/www.realclubmaritimomelilla.es\/clmar\/wp-json\/wp\/v2\/media?parent=25090"}],"wp:term":[{"taxonomy":"category","embeddable":true,"href":"https:\/\/www.realclubmaritimomelilla.es\/clmar\/wp-json\/wp\/v2\/categories?post=25090"},{"taxonomy":"post_tag","embeddable":true,"href":"https:\/\/www.realclubmaritimomelilla.es\/clmar\/wp-json\/wp\/v2\/tags?post=25090"}],"curies":[{"name":"wp","href":"https:\/\/api.w.org\/{rel}","templated":true}]}}