{"id":24872,"date":"2025-04-15T17:50:00","date_gmt":"2025-04-15T15:50:00","guid":{"rendered":"https:\/\/www.realclubmaritimomelilla.es\/clmar\/?p=24872"},"modified":"2025-04-16T12:19:01","modified_gmt":"2025-04-16T10:19:01","slug":"todo-listo-en-el-real-club-maritimo-de-melilla-para-albergar-el-nacional-de-snipe","status":"publish","type":"post","link":"https:\/\/www.realclubmaritimomelilla.es\/clmar\/todo-listo-en-el-real-club-maritimo-de-melilla-para-albergar-el-nacional-de-snipe\/","title":{"rendered":"Todo listo en el Real Club Mar\u00edtimo de Melilla para albergar el Nacional de Snipe"},"content":{"rendered":"<p>Una de las grandes citas de la clase snipe de este a\u00f1o 2025 tiene como sede el Real Club Mar\u00edtimo de Melilla y el campo de regata de la ciudad aut\u00f3noma, hasta donde llegar\u00e1n un centenar de embarcaciones y m\u00e1s de doscientos deportistas.<\/p>\n<p>Desde inicios de semana, todo el operativo dise\u00f1ado por el Real Club Mar\u00edtimo de Melilla ha comenzado a funcionar para tenerlo todo listo, ante el reto log\u00edstico y organizativo que supone desarrollar el Campeonato de Espa\u00f1a de la clase con m\u00e1s participaci\u00f3n en su historia, con m\u00e1s de cien tripulaciones inscritas, que llegar\u00e1n de diferentes puntos de la geograf\u00eda nacional, e incluso hay varios regatistas internacionales.<\/p>\n<p>Ya han llegado las primeras tripulaciones y todo su equipo a la ciudad, pero ser\u00e1 este mi\u00e9rcoles y el jueves cuando desembarque toda la flota, puesto que el mismo jueves arranca el Campeonato y ser\u00e1 el d\u00eda de mediciones y entrenamientos oficiales, para entre el viernes y domingo disputarse las mangas que servir\u00e1 para decidir los t\u00edtulos nacionales oficiales de la Real Federaci\u00f3n Espa\u00f1ola de Vela, as\u00ed como los regatistas que se clasifican para el Mundial de 2026 representando a nuestro pa\u00eds.<\/p>\n<p>El Real Club Mar\u00edtimo de Melilla cuenta con una importante experiencia en la organizaci\u00f3n de eventos n\u00e1uticos de car\u00e1cter nacional e internacional, pero no por ello no se han esperado todo su equipo humano en dar cobertura a todos los detalles necesarios para que la competici\u00f3n sea todo un \u00e9xito.<\/p>\n<p>Este martes ya ha comenzado a funcionar el equipo de mediciones, con el primer contacto con los regatistas que han llegado a la ciudad. Adem\u00e1s, ya est\u00e1 disputa en la marina seca la distribuci\u00f3n de todas las embarcaciones que formar\u00e1n esta gran flota.<\/p>\n<p>Una competici\u00f3n que el Real Club Mar\u00edtimo de Melilla organiza junto con la colaboraci\u00f3n de la Consejer\u00eda de Deportes de la ciudad aut\u00f3noma y \u2018Melilla, Ciudad del Deporte\u2019, as\u00ed como el patrocinio de Bale\u00e0ria.<br \/>\n\n\t\t<style type=\"text\/css\">\n\t\t\t#gallery-1 {\n\t\t\t\tmargin: auto;\n\t\t\t}\n\t\t\t#gallery-1 .gallery-item {\n\t\t\t\tfloat: left;\n\t\t\t\tmargin-top: 10px;\n\t\t\t\ttext-align: center;\n\t\t\t\twidth: 33%;\n\t\t\t}\n\t\t\t#gallery-1 img {\n\t\t\t\tborder: 2px solid #cfcfcf;\n\t\t\t}\n\t\t\t#gallery-1 .gallery-caption {\n\t\t\t\tmargin-left: 0;\n\t\t\t}\n\t\t\t\/* see gallery_shortcode() in wp-includes\/media.php *\/\n\t\t<\/style>\n\t\t<div id='gallery-1' class='gallery galleryid-24872 gallery-columns-3 gallery-size-full'><dl class='gallery-item'>\n\t\t\t<dt class='gallery-icon landscape'>\n\t\t\t\t<a data-rel=\"iLightbox[postimages]\" data-title=\"Preparativos 2\" data-caption=\"\" href='https:\/\/www.realclubmaritimomelilla.es\/clmar\/todo-listo-en-el-real-club-maritimo-de-melilla-para-albergar-el-nacional-de-snipe\/preparativos-2\/'><img decoding=\"async\" width=\"1600\" height=\"1200\" src=\"https:\/\/www.realclubmaritimomelilla.es\/clmar\/wp-content\/uploads\/Preparativos-2.jpg\" class=\"attachment-full size-full\" alt=\"\" srcset=\"https:\/\/www.realclubmaritimomelilla.es\/clmar\/wp-content\/uploads\/Preparativos-2-200x150.webp 200w, https:\/\/www.realclubmaritimomelilla.es\/clmar\/wp-content\/uploads\/Preparativos-2-300x225.webp 300w, https:\/\/www.realclubmaritimomelilla.es\/clmar\/wp-content\/uploads\/Preparativos-2-400x300.webp 400w, https:\/\/www.realclubmaritimomelilla.es\/clmar\/wp-content\/uploads\/Preparativos-2-600x450.webp 600w, https:\/\/www.realclubmaritimomelilla.es\/clmar\/wp-content\/uploads\/Preparativos-2-768x576.webp 768w, https:\/\/www.realclubmaritimomelilla.es\/clmar\/wp-content\/uploads\/Preparativos-2-800x600.webp 800w, https:\/\/www.realclubmaritimomelilla.es\/clmar\/wp-content\/uploads\/Preparativos-2-1024x768.webp 1024w, https:\/\/www.realclubmaritimomelilla.es\/clmar\/wp-content\/uploads\/Preparativos-2-1200x900.webp 1200w, https:\/\/www.realclubmaritimomelilla.es\/clmar\/wp-content\/uploads\/Preparativos-2-1536x1152.webp 1536w, https:\/\/www.realclubmaritimomelilla.es\/clmar\/wp-content\/uploads\/Preparativos-2.jpg 1600w\" sizes=\"(max-width: 1600px) 100vw, 1600px\" \/><\/a>\n\t\t\t<\/dt><\/dl><dl class='gallery-item'>\n\t\t\t<dt class='gallery-icon landscape'>\n\t\t\t\t<a data-rel=\"iLightbox[postimages]\" data-title=\"Preparativos 3\" data-caption=\"\" href='https:\/\/www.realclubmaritimomelilla.es\/clmar\/todo-listo-en-el-real-club-maritimo-de-melilla-para-albergar-el-nacional-de-snipe\/preparativos-3\/'><img decoding=\"async\" width=\"1600\" height=\"1200\" src=\"https:\/\/www.realclubmaritimomelilla.es\/clmar\/wp-content\/uploads\/Preparativos-3.jpg\" class=\"attachment-full size-full\" alt=\"\" srcset=\"https:\/\/www.realclubmaritimomelilla.es\/clmar\/wp-content\/uploads\/Preparativos-3-200x150.webp 200w, https:\/\/www.realclubmaritimomelilla.es\/clmar\/wp-content\/uploads\/Preparativos-3-300x225.webp 300w, https:\/\/www.realclubmaritimomelilla.es\/clmar\/wp-content\/uploads\/Preparativos-3-400x300.webp 400w, https:\/\/www.realclubmaritimomelilla.es\/clmar\/wp-content\/uploads\/Preparativos-3-600x450.webp 600w, https:\/\/www.realclubmaritimomelilla.es\/clmar\/wp-content\/uploads\/Preparativos-3-768x576.webp 768w, https:\/\/www.realclubmaritimomelilla.es\/clmar\/wp-content\/uploads\/Preparativos-3-800x600.webp 800w, https:\/\/www.realclubmaritimomelilla.es\/clmar\/wp-content\/uploads\/Preparativos-3-1024x768.webp 1024w, https:\/\/www.realclubmaritimomelilla.es\/clmar\/wp-content\/uploads\/Preparativos-3-1200x900.webp 1200w, https:\/\/www.realclubmaritimomelilla.es\/clmar\/wp-content\/uploads\/Preparativos-3-1536x1152.webp 1536w, https:\/\/www.realclubmaritimomelilla.es\/clmar\/wp-content\/uploads\/Preparativos-3.jpg 1600w\" sizes=\"(max-width: 1600px) 100vw, 1600px\" \/><\/a>\n\t\t\t<\/dt><\/dl><dl class='gallery-item'>\n\t\t\t<dt class='gallery-icon landscape'>\n\t\t\t\t<a data-rel=\"iLightbox[postimages]\" data-title=\"Preparativos 4\" data-caption=\"\" href='https:\/\/www.realclubmaritimomelilla.es\/clmar\/todo-listo-en-el-real-club-maritimo-de-melilla-para-albergar-el-nacional-de-snipe\/preparativos-4\/'><img decoding=\"async\" width=\"1600\" height=\"1200\" src=\"https:\/\/www.realclubmaritimomelilla.es\/clmar\/wp-content\/uploads\/Preparativos-4.jpg\" class=\"attachment-full size-full\" alt=\"\" srcset=\"https:\/\/www.realclubmaritimomelilla.es\/clmar\/wp-content\/uploads\/Preparativos-4-200x150.webp 200w, https:\/\/www.realclubmaritimomelilla.es\/clmar\/wp-content\/uploads\/Preparativos-4-300x225.webp 300w, https:\/\/www.realclubmaritimomelilla.es\/clmar\/wp-content\/uploads\/Preparativos-4-400x300.webp 400w, https:\/\/www.realclubmaritimomelilla.es\/clmar\/wp-content\/uploads\/Preparativos-4-600x450.webp 600w, https:\/\/www.realclubmaritimomelilla.es\/clmar\/wp-content\/uploads\/Preparativos-4-768x576.webp 768w, https:\/\/www.realclubmaritimomelilla.es\/clmar\/wp-content\/uploads\/Preparativos-4-800x600.webp 800w, https:\/\/www.realclubmaritimomelilla.es\/clmar\/wp-content\/uploads\/Preparativos-4-1024x768.webp 1024w, https:\/\/www.realclubmaritimomelilla.es\/clmar\/wp-content\/uploads\/Preparativos-4-1200x900.webp 1200w, https:\/\/www.realclubmaritimomelilla.es\/clmar\/wp-content\/uploads\/Preparativos-4-1536x1152.webp 1536w, https:\/\/www.realclubmaritimomelilla.es\/clmar\/wp-content\/uploads\/Preparativos-4.jpg 1600w\" sizes=\"(max-width: 1600px) 100vw, 1600px\" \/><\/a>\n\t\t\t<\/dt><\/dl><br style=\"clear: both\" \/>\n\t\t<\/div>\n<\/p>\n","protected":false},"excerpt":{"rendered":"<p>Una de las grandes citas de la clase snipe de este a\u00f1o 2025 tiene como sede el Real Club Mar\u00edtimo de Melilla y el campo de regata de la ciudad aut\u00f3noma, hasta donde llegar\u00e1n un centenar de embarcaciones y m\u00e1s de doscientos deportistas. Desde inicios de semana, todo el operativo dise\u00f1ado por el Real Club [&hellip;]<\/p>\n","protected":false},"author":1,"featured_media":24873,"comment_status":"open","ping_status":"open","sticky":false,"template":"","format":"standard","meta":{"_acf_changed":false,"footnotes":""},"categories":[38],"tags":[],"class_list":["post-24872","post","type-post","status-publish","format-standard","has-post-thumbnail","hentry","category-nautica"],"acf":[],"yoast_head":"<!-- This site is optimized with the Yoast SEO plugin v27.5 - https:\/\/yoast.com\/product\/yoast-seo-wordpress\/ -->\n<title>Todo listo en el Real Club Mar\u00edtimo de Melilla para albergar el Nacional de Snipe - Real Club Mar\u00edtimo de Melilla<\/title>\n<meta name=\"description\" content=\"Una de las grandes citas de la clase snipe de este a\u00f1o 2025 tiene como sede el RCMM y el campo de regata de la ciudad aut\u00f3noma\" \/>\n<meta name=\"robots\" content=\"index, follow, max-snippet:-1, max-image-preview:large, max-video-preview:-1\" \/>\n<link rel=\"canonical\" href=\"https:\/\/www.realclubmaritimomelilla.es\/clmar\/todo-listo-en-el-real-club-maritimo-de-melilla-para-albergar-el-nacional-de-snipe\/\" \/>\n<meta property=\"og:locale\" content=\"es_ES\" \/>\n<meta property=\"og:type\" content=\"article\" \/>\n<meta property=\"og:title\" content=\"Todo listo en el Real Club Mar\u00edtimo de Melilla para albergar el Nacional de Snipe - Real Club Mar\u00edtimo de Melilla\" \/>\n<meta property=\"og:description\" content=\"Una de las grandes citas de la clase snipe de este a\u00f1o 2025 tiene como sede el RCMM y el campo de regata de la ciudad aut\u00f3noma\" \/>\n<meta property=\"og:url\" content=\"https:\/\/www.realclubmaritimomelilla.es\/clmar\/todo-listo-en-el-real-club-maritimo-de-melilla-para-albergar-el-nacional-de-snipe\/\" \/>\n<meta property=\"og:site_name\" content=\"Real Club Mar\u00edtimo de Melilla\" \/>\n<meta property=\"article:publisher\" content=\"https:\/\/www.facebook.com\/Real-Club-Mar%c3%adtimo-de-Melilla-588495841234214\/\" \/>\n<meta property=\"article:published_time\" content=\"2025-04-15T15:50:00+00:00\" \/>\n<meta property=\"article:modified_time\" content=\"2025-04-16T10:19:01+00:00\" \/>\n<meta property=\"og:image\" content=\"https:\/\/www.realclubmaritimomelilla.es\/clmar\/wp-content\/uploads\/Preparativos-1.jpg\" \/>\n\t<meta property=\"og:image:width\" content=\"1600\" \/>\n\t<meta property=\"og:image:height\" content=\"1200\" \/>\n\t<meta property=\"og:image:type\" content=\"image\/jpeg\" \/>\n<meta name=\"author\" content=\"RCMMelilla\" \/>\n<meta name=\"twitter:card\" content=\"summary_large_image\" \/>\n<meta name=\"twitter:creator\" content=\"@nauticarcmm\" \/>\n<meta name=\"twitter:site\" content=\"@nauticarcmm\" \/>\n<meta name=\"twitter:label1\" content=\"Escrito por\" \/>\n\t<meta name=\"twitter:data1\" content=\"RCMMelilla\" \/>\n\t<meta name=\"twitter:label2\" content=\"Tiempo de lectura\" \/>\n\t<meta name=\"twitter:data2\" content=\"2 minutos\" \/>\n<script type=\"application\/ld+json\" class=\"yoast-schema-graph\">{\"@context\":\"https:\\\/\\\/schema.org\",\"@graph\":[{\"@type\":\"Article\",\"@id\":\"https:\\\/\\\/www.realclubmaritimomelilla.es\\\/clmar\\\/todo-listo-en-el-real-club-maritimo-de-melilla-para-albergar-el-nacional-de-snipe\\\/#article\",\"isPartOf\":{\"@id\":\"https:\\\/\\\/www.realclubmaritimomelilla.es\\\/clmar\\\/todo-listo-en-el-real-club-maritimo-de-melilla-para-albergar-el-nacional-de-snipe\\\/\"},\"author\":{\"name\":\"RCMMelilla\",\"@id\":\"https:\\\/\\\/www.realclubmaritimomelilla.es\\\/clmar\\\/#\\\/schema\\\/person\\\/ebaa3713496dc6d48c872452e73a8e79\"},\"headline\":\"Todo listo en el Real Club Mar\u00edtimo de Melilla para albergar el Nacional de Snipe\",\"datePublished\":\"2025-04-15T15:50:00+00:00\",\"dateModified\":\"2025-04-16T10:19:01+00:00\",\"mainEntityOfPage\":{\"@id\":\"https:\\\/\\\/www.realclubmaritimomelilla.es\\\/clmar\\\/todo-listo-en-el-real-club-maritimo-de-melilla-para-albergar-el-nacional-de-snipe\\\/\"},\"wordCount\":370,\"commentCount\":0,\"publisher\":{\"@id\":\"https:\\\/\\\/www.realclubmaritimomelilla.es\\\/clmar\\\/#organization\"},\"image\":{\"@id\":\"https:\\\/\\\/www.realclubmaritimomelilla.es\\\/clmar\\\/todo-listo-en-el-real-club-maritimo-de-melilla-para-albergar-el-nacional-de-snipe\\\/#primaryimage\"},\"thumbnailUrl\":\"https:\\\/\\\/www.realclubmaritimomelilla.es\\\/clmar\\\/wp-content\\\/uploads\\\/Preparativos-1.jpg\",\"articleSection\":[\"N\u00e1utica\"],\"inLanguage\":\"es\",\"potentialAction\":[{\"@type\":\"CommentAction\",\"name\":\"Comment\",\"target\":[\"https:\\\/\\\/www.realclubmaritimomelilla.es\\\/clmar\\\/todo-listo-en-el-real-club-maritimo-de-melilla-para-albergar-el-nacional-de-snipe\\\/#respond\"]}]},{\"@type\":\"WebPage\",\"@id\":\"https:\\\/\\\/www.realclubmaritimomelilla.es\\\/clmar\\\/todo-listo-en-el-real-club-maritimo-de-melilla-para-albergar-el-nacional-de-snipe\\\/\",\"url\":\"https:\\\/\\\/www.realclubmaritimomelilla.es\\\/clmar\\\/todo-listo-en-el-real-club-maritimo-de-melilla-para-albergar-el-nacional-de-snipe\\\/\",\"name\":\"Todo listo en el Real Club Mar\u00edtimo de Melilla para albergar el Nacional de Snipe - Real Club Mar\u00edtimo de Melilla\",\"isPartOf\":{\"@id\":\"https:\\\/\\\/www.realclubmaritimomelilla.es\\\/clmar\\\/#website\"},\"primaryImageOfPage\":{\"@id\":\"https:\\\/\\\/www.realclubmaritimomelilla.es\\\/clmar\\\/todo-listo-en-el-real-club-maritimo-de-melilla-para-albergar-el-nacional-de-snipe\\\/#primaryimage\"},\"image\":{\"@id\":\"https:\\\/\\\/www.realclubmaritimomelilla.es\\\/clmar\\\/todo-listo-en-el-real-club-maritimo-de-melilla-para-albergar-el-nacional-de-snipe\\\/#primaryimage\"},\"thumbnailUrl\":\"https:\\\/\\\/www.realclubmaritimomelilla.es\\\/clmar\\\/wp-content\\\/uploads\\\/Preparativos-1.jpg\",\"datePublished\":\"2025-04-15T15:50:00+00:00\",\"dateModified\":\"2025-04-16T10:19:01+00:00\",\"description\":\"Una de las grandes citas de la clase snipe de este a\u00f1o 2025 tiene como sede el RCMM y el campo de regata de la ciudad aut\u00f3noma\",\"breadcrumb\":{\"@id\":\"https:\\\/\\\/www.realclubmaritimomelilla.es\\\/clmar\\\/todo-listo-en-el-real-club-maritimo-de-melilla-para-albergar-el-nacional-de-snipe\\\/#breadcrumb\"},\"inLanguage\":\"es\",\"potentialAction\":[{\"@type\":\"ReadAction\",\"target\":[\"https:\\\/\\\/www.realclubmaritimomelilla.es\\\/clmar\\\/todo-listo-en-el-real-club-maritimo-de-melilla-para-albergar-el-nacional-de-snipe\\\/\"]}]},{\"@type\":\"ImageObject\",\"inLanguage\":\"es\",\"@id\":\"https:\\\/\\\/www.realclubmaritimomelilla.es\\\/clmar\\\/todo-listo-en-el-real-club-maritimo-de-melilla-para-albergar-el-nacional-de-snipe\\\/#primaryimage\",\"url\":\"https:\\\/\\\/www.realclubmaritimomelilla.es\\\/clmar\\\/wp-content\\\/uploads\\\/Preparativos-1.jpg\",\"contentUrl\":\"https:\\\/\\\/www.realclubmaritimomelilla.es\\\/clmar\\\/wp-content\\\/uploads\\\/Preparativos-1.jpg\",\"width\":1600,\"height\":1200},{\"@type\":\"BreadcrumbList\",\"@id\":\"https:\\\/\\\/www.realclubmaritimomelilla.es\\\/clmar\\\/todo-listo-en-el-real-club-maritimo-de-melilla-para-albergar-el-nacional-de-snipe\\\/#breadcrumb\",\"itemListElement\":[{\"@type\":\"ListItem\",\"position\":1,\"name\":\"Portada\",\"item\":\"https:\\\/\\\/www.realclubmaritimomelilla.es\\\/clmar\\\/\"},{\"@type\":\"ListItem\",\"position\":2,\"name\":\"Todo listo en el Real Club Mar\u00edtimo de Melilla para albergar el Nacional de Snipe\"}]},{\"@type\":\"WebSite\",\"@id\":\"https:\\\/\\\/www.realclubmaritimomelilla.es\\\/clmar\\\/#website\",\"url\":\"https:\\\/\\\/www.realclubmaritimomelilla.es\\\/clmar\\\/\",\"name\":\"Real Club Mar\u00edtimo de Melilla\",\"description\":\"RCMM\",\"publisher\":{\"@id\":\"https:\\\/\\\/www.realclubmaritimomelilla.es\\\/clmar\\\/#organization\"},\"alternateName\":\"RCMM\",\"potentialAction\":[{\"@type\":\"SearchAction\",\"target\":{\"@type\":\"EntryPoint\",\"urlTemplate\":\"https:\\\/\\\/www.realclubmaritimomelilla.es\\\/clmar\\\/?s={search_term_string}\"},\"query-input\":{\"@type\":\"PropertyValueSpecification\",\"valueRequired\":true,\"valueName\":\"search_term_string\"}}],\"inLanguage\":\"es\"},{\"@type\":\"Organization\",\"@id\":\"https:\\\/\\\/www.realclubmaritimomelilla.es\\\/clmar\\\/#organization\",\"name\":\"Real Club Mar\u00edtimo de Melilla\",\"alternateName\":\"RCMM\",\"url\":\"https:\\\/\\\/www.realclubmaritimomelilla.es\\\/clmar\\\/\",\"logo\":{\"@type\":\"ImageObject\",\"inLanguage\":\"es\",\"@id\":\"https:\\\/\\\/www.realclubmaritimomelilla.es\\\/clmar\\\/#\\\/schema\\\/logo\\\/image\\\/\",\"url\":\"https:\\\/\\\/www.realclubmaritimomelilla.es\\\/clmar\\\/wp-content\\\/uploads\\\/logo-club-original-copia.jpg\",\"contentUrl\":\"https:\\\/\\\/www.realclubmaritimomelilla.es\\\/clmar\\\/wp-content\\\/uploads\\\/logo-club-original-copia.jpg\",\"width\":128,\"height\":89,\"caption\":\"Real Club Mar\u00edtimo de Melilla\"},\"image\":{\"@id\":\"https:\\\/\\\/www.realclubmaritimomelilla.es\\\/clmar\\\/#\\\/schema\\\/logo\\\/image\\\/\"},\"sameAs\":[\"https:\\\/\\\/www.facebook.com\\\/Real-Club-Mar\u00edtimo-de-Melilla-588495841234214\\\/\",\"https:\\\/\\\/x.com\\\/nauticarcmm\",\"https:\\\/\\\/www.instagram.com\\\/club_maritimo_melilla\\\/\",\"https:\\\/\\\/www.youtube.com\\\/@realclubmaritimodemelilla4703\",\"https:\\\/\\\/es.wikipedia.org\\\/wiki\\\/Real_Club_Mar\u00edtimo_de_Melilla\"]},{\"@type\":\"Person\",\"@id\":\"https:\\\/\\\/www.realclubmaritimomelilla.es\\\/clmar\\\/#\\\/schema\\\/person\\\/ebaa3713496dc6d48c872452e73a8e79\",\"name\":\"RCMMelilla\",\"image\":{\"@type\":\"ImageObject\",\"inLanguage\":\"es\",\"@id\":\"https:\\\/\\\/secure.gravatar.com\\\/avatar\\\/df1c24789360fb9308735c4ee556fc2bc5bf924bf01e53043b8b97ba272da33c?s=96&d=mm&r=g\",\"url\":\"https:\\\/\\\/secure.gravatar.com\\\/avatar\\\/df1c24789360fb9308735c4ee556fc2bc5bf924bf01e53043b8b97ba272da33c?s=96&d=mm&r=g\",\"contentUrl\":\"https:\\\/\\\/secure.gravatar.com\\\/avatar\\\/df1c24789360fb9308735c4ee556fc2bc5bf924bf01e53043b8b97ba272da33c?s=96&d=mm&r=g\",\"caption\":\"RCMMelilla\"}}]}<\/script>\n<!-- \/ Yoast SEO plugin. -->","yoast_head_json":{"title":"Todo listo en el Real Club Mar\u00edtimo de Melilla para albergar el Nacional de Snipe - Real Club Mar\u00edtimo de Melilla","description":"Una de las grandes citas de la clase snipe de este a\u00f1o 2025 tiene como sede el RCMM y el campo de regata de la ciudad aut\u00f3noma","robots":{"index":"index","follow":"follow","max-snippet":"max-snippet:-1","max-image-preview":"max-image-preview:large","max-video-preview":"max-video-preview:-1"},"canonical":"https:\/\/www.realclubmaritimomelilla.es\/clmar\/todo-listo-en-el-real-club-maritimo-de-melilla-para-albergar-el-nacional-de-snipe\/","og_locale":"es_ES","og_type":"article","og_title":"Todo listo en el Real Club Mar\u00edtimo de Melilla para albergar el Nacional de Snipe - Real Club Mar\u00edtimo de Melilla","og_description":"Una de las grandes citas de la clase snipe de este a\u00f1o 2025 tiene como sede el RCMM y el campo de regata de la ciudad aut\u00f3noma","og_url":"https:\/\/www.realclubmaritimomelilla.es\/clmar\/todo-listo-en-el-real-club-maritimo-de-melilla-para-albergar-el-nacional-de-snipe\/","og_site_name":"Real Club Mar\u00edtimo de Melilla","article_publisher":"https:\/\/www.facebook.com\/Real-Club-Mar%c3%adtimo-de-Melilla-588495841234214\/","article_published_time":"2025-04-15T15:50:00+00:00","article_modified_time":"2025-04-16T10:19:01+00:00","og_image":[{"width":1600,"height":1200,"url":"https:\/\/www.realclubmaritimomelilla.es\/clmar\/wp-content\/uploads\/Preparativos-1.jpg","type":"image\/jpeg"}],"author":"RCMMelilla","twitter_card":"summary_large_image","twitter_creator":"@nauticarcmm","twitter_site":"@nauticarcmm","twitter_misc":{"Escrito por":"RCMMelilla","Tiempo de lectura":"2 minutos"},"schema":{"@context":"https:\/\/schema.org","@graph":[{"@type":"Article","@id":"https:\/\/www.realclubmaritimomelilla.es\/clmar\/todo-listo-en-el-real-club-maritimo-de-melilla-para-albergar-el-nacional-de-snipe\/#article","isPartOf":{"@id":"https:\/\/www.realclubmaritimomelilla.es\/clmar\/todo-listo-en-el-real-club-maritimo-de-melilla-para-albergar-el-nacional-de-snipe\/"},"author":{"name":"RCMMelilla","@id":"https:\/\/www.realclubmaritimomelilla.es\/clmar\/#\/schema\/person\/ebaa3713496dc6d48c872452e73a8e79"},"headline":"Todo listo en el Real Club Mar\u00edtimo de Melilla para albergar el Nacional de Snipe","datePublished":"2025-04-15T15:50:00+00:00","dateModified":"2025-04-16T10:19:01+00:00","mainEntityOfPage":{"@id":"https:\/\/www.realclubmaritimomelilla.es\/clmar\/todo-listo-en-el-real-club-maritimo-de-melilla-para-albergar-el-nacional-de-snipe\/"},"wordCount":370,"commentCount":0,"publisher":{"@id":"https:\/\/www.realclubmaritimomelilla.es\/clmar\/#organization"},"image":{"@id":"https:\/\/www.realclubmaritimomelilla.es\/clmar\/todo-listo-en-el-real-club-maritimo-de-melilla-para-albergar-el-nacional-de-snipe\/#primaryimage"},"thumbnailUrl":"https:\/\/www.realclubmaritimomelilla.es\/clmar\/wp-content\/uploads\/Preparativos-1.jpg","articleSection":["N\u00e1utica"],"inLanguage":"es","potentialAction":[{"@type":"CommentAction","name":"Comment","target":["https:\/\/www.realclubmaritimomelilla.es\/clmar\/todo-listo-en-el-real-club-maritimo-de-melilla-para-albergar-el-nacional-de-snipe\/#respond"]}]},{"@type":"WebPage","@id":"https:\/\/www.realclubmaritimomelilla.es\/clmar\/todo-listo-en-el-real-club-maritimo-de-melilla-para-albergar-el-nacional-de-snipe\/","url":"https:\/\/www.realclubmaritimomelilla.es\/clmar\/todo-listo-en-el-real-club-maritimo-de-melilla-para-albergar-el-nacional-de-snipe\/","name":"Todo listo en el Real Club Mar\u00edtimo de Melilla para albergar el Nacional de Snipe - Real Club Mar\u00edtimo de Melilla","isPartOf":{"@id":"https:\/\/www.realclubmaritimomelilla.es\/clmar\/#website"},"primaryImageOfPage":{"@id":"https:\/\/www.realclubmaritimomelilla.es\/clmar\/todo-listo-en-el-real-club-maritimo-de-melilla-para-albergar-el-nacional-de-snipe\/#primaryimage"},"image":{"@id":"https:\/\/www.realclubmaritimomelilla.es\/clmar\/todo-listo-en-el-real-club-maritimo-de-melilla-para-albergar-el-nacional-de-snipe\/#primaryimage"},"thumbnailUrl":"https:\/\/www.realclubmaritimomelilla.es\/clmar\/wp-content\/uploads\/Preparativos-1.jpg","datePublished":"2025-04-15T15:50:00+00:00","dateModified":"2025-04-16T10:19:01+00:00","description":"Una de las grandes citas de la clase snipe de este a\u00f1o 2025 tiene como sede el RCMM y el campo de regata de la ciudad aut\u00f3noma","breadcrumb":{"@id":"https:\/\/www.realclubmaritimomelilla.es\/clmar\/todo-listo-en-el-real-club-maritimo-de-melilla-para-albergar-el-nacional-de-snipe\/#breadcrumb"},"inLanguage":"es","potentialAction":[{"@type":"ReadAction","target":["https:\/\/www.realclubmaritimomelilla.es\/clmar\/todo-listo-en-el-real-club-maritimo-de-melilla-para-albergar-el-nacional-de-snipe\/"]}]},{"@type":"ImageObject","inLanguage":"es","@id":"https:\/\/www.realclubmaritimomelilla.es\/clmar\/todo-listo-en-el-real-club-maritimo-de-melilla-para-albergar-el-nacional-de-snipe\/#primaryimage","url":"https:\/\/www.realclubmaritimomelilla.es\/clmar\/wp-content\/uploads\/Preparativos-1.jpg","contentUrl":"https:\/\/www.realclubmaritimomelilla.es\/clmar\/wp-content\/uploads\/Preparativos-1.jpg","width":1600,"height":1200},{"@type":"BreadcrumbList","@id":"https:\/\/www.realclubmaritimomelilla.es\/clmar\/todo-listo-en-el-real-club-maritimo-de-melilla-para-albergar-el-nacional-de-snipe\/#breadcrumb","itemListElement":[{"@type":"ListItem","position":1,"name":"Portada","item":"https:\/\/www.realclubmaritimomelilla.es\/clmar\/"},{"@type":"ListItem","position":2,"name":"Todo listo en el Real Club Mar\u00edtimo de Melilla para albergar el Nacional de Snipe"}]},{"@type":"WebSite","@id":"https:\/\/www.realclubmaritimomelilla.es\/clmar\/#website","url":"https:\/\/www.realclubmaritimomelilla.es\/clmar\/","name":"Real Club Mar\u00edtimo de Melilla","description":"RCMM","publisher":{"@id":"https:\/\/www.realclubmaritimomelilla.es\/clmar\/#organization"},"alternateName":"RCMM","potentialAction":[{"@type":"SearchAction","target":{"@type":"EntryPoint","urlTemplate":"https:\/\/www.realclubmaritimomelilla.es\/clmar\/?s={search_term_string}"},"query-input":{"@type":"PropertyValueSpecification","valueRequired":true,"valueName":"search_term_string"}}],"inLanguage":"es"},{"@type":"Organization","@id":"https:\/\/www.realclubmaritimomelilla.es\/clmar\/#organization","name":"Real Club Mar\u00edtimo de Melilla","alternateName":"RCMM","url":"https:\/\/www.realclubmaritimomelilla.es\/clmar\/","logo":{"@type":"ImageObject","inLanguage":"es","@id":"https:\/\/www.realclubmaritimomelilla.es\/clmar\/#\/schema\/logo\/image\/","url":"https:\/\/www.realclubmaritimomelilla.es\/clmar\/wp-content\/uploads\/logo-club-original-copia.jpg","contentUrl":"https:\/\/www.realclubmaritimomelilla.es\/clmar\/wp-content\/uploads\/logo-club-original-copia.jpg","width":128,"height":89,"caption":"Real Club Mar\u00edtimo de Melilla"},"image":{"@id":"https:\/\/www.realclubmaritimomelilla.es\/clmar\/#\/schema\/logo\/image\/"},"sameAs":["https:\/\/www.facebook.com\/Real-Club-Mar\u00edtimo-de-Melilla-588495841234214\/","https:\/\/x.com\/nauticarcmm","https:\/\/www.instagram.com\/club_maritimo_melilla\/","https:\/\/www.youtube.com\/@realclubmaritimodemelilla4703","https:\/\/es.wikipedia.org\/wiki\/Real_Club_Mar\u00edtimo_de_Melilla"]},{"@type":"Person","@id":"https:\/\/www.realclubmaritimomelilla.es\/clmar\/#\/schema\/person\/ebaa3713496dc6d48c872452e73a8e79","name":"RCMMelilla","image":{"@type":"ImageObject","inLanguage":"es","@id":"https:\/\/secure.gravatar.com\/avatar\/df1c24789360fb9308735c4ee556fc2bc5bf924bf01e53043b8b97ba272da33c?s=96&d=mm&r=g","url":"https:\/\/secure.gravatar.com\/avatar\/df1c24789360fb9308735c4ee556fc2bc5bf924bf01e53043b8b97ba272da33c?s=96&d=mm&r=g","contentUrl":"https:\/\/secure.gravatar.com\/avatar\/df1c24789360fb9308735c4ee556fc2bc5bf924bf01e53043b8b97ba272da33c?s=96&d=mm&r=g","caption":"RCMMelilla"}}]}},"_links":{"self":[{"href":"https:\/\/www.realclubmaritimomelilla.es\/clmar\/wp-json\/wp\/v2\/posts\/24872","targetHints":{"allow":["GET"]}}],"collection":[{"href":"https:\/\/www.realclubmaritimomelilla.es\/clmar\/wp-json\/wp\/v2\/posts"}],"about":[{"href":"https:\/\/www.realclubmaritimomelilla.es\/clmar\/wp-json\/wp\/v2\/types\/post"}],"author":[{"embeddable":true,"href":"https:\/\/www.realclubmaritimomelilla.es\/clmar\/wp-json\/wp\/v2\/users\/1"}],"replies":[{"embeddable":true,"href":"https:\/\/www.realclubmaritimomelilla.es\/clmar\/wp-json\/wp\/v2\/comments?post=24872"}],"version-history":[{"count":2,"href":"https:\/\/www.realclubmaritimomelilla.es\/clmar\/wp-json\/wp\/v2\/posts\/24872\/revisions"}],"predecessor-version":[{"id":24879,"href":"https:\/\/www.realclubmaritimomelilla.es\/clmar\/wp-json\/wp\/v2\/posts\/24872\/revisions\/24879"}],"wp:featuredmedia":[{"embeddable":true,"href":"https:\/\/www.realclubmaritimomelilla.es\/clmar\/wp-json\/wp\/v2\/media\/24873"}],"wp:attachment":[{"href":"https:\/\/www.realclubmaritimomelilla.es\/clmar\/wp-json\/wp\/v2\/media?parent=24872"}],"wp:term":[{"taxonomy":"category","embeddable":true,"href":"https:\/\/www.realclubmaritimomelilla.es\/clmar\/wp-json\/wp\/v2\/categories?post=24872"},{"taxonomy":"post_tag","embeddable":true,"href":"https:\/\/www.realclubmaritimomelilla.es\/clmar\/wp-json\/wp\/v2\/tags?post=24872"}],"curies":[{"name":"wp","href":"https:\/\/api.w.org\/{rel}","templated":true}]}}