{"id":24845,"date":"2025-04-11T13:05:49","date_gmt":"2025-04-11T11:05:49","guid":{"rendered":"https:\/\/www.realclubmaritimomelilla.es\/clmar\/?p=24845"},"modified":"2025-04-15T08:24:48","modified_gmt":"2025-04-15T06:24:48","slug":"presentacion-campeonato-espana-snipe","status":"publish","type":"post","link":"https:\/\/www.realclubmaritimomelilla.es\/clmar\/presentacion-campeonato-espana-snipe\/","title":{"rendered":"Presentaci\u00f3n Campeonato Espa\u00f1a Snipe"},"content":{"rendered":"<p>El presidente del Real Club Mar\u00edtimo de Melilla, Jer\u00f3nimo P\u00e9rez, ha sido el anfitri\u00f3n en la presentaci\u00f3n del Campeonato de Espa\u00f1a de Snipe, absoluto y juvenil, junto al consejero de Deporte, Miguel \u00c1ngel Fern\u00e1ndez.<br \/>\nEsta cita oficial de la Real Federaci\u00f3n Espa\u00f1ola de Vela, donde se decidir\u00e1n dos de los t\u00edtulos m\u00e1s importantes a nivel nacional, se desarrollar\u00e1 en la ciudad del 17 al 20 de abril con 104 embarcaciones confirmadas. La prueba, adem\u00e1s, adquiere un valor sentimental para los aficionados de la vela en Melilla, puesto rendir\u00e1 homenaje a Jos\u00e9 Luis P\u00e9rez \u2018Morito\u2019, fallecido el pasado mes de diciembre.<br \/>\n\u201cLa Real Federaci\u00f3n Espa\u00f1ola de Vela viene desarrollando campeonatos y regatas de m\u00e1ximo nivel desde el a\u00f1o 1942 y tenemos el honor, a fecha de hoy, de tener m\u00e1s inscritos que la mejor de los cert\u00e1menes anteriores que se han celebrado, que fue en<br \/>\nSantiago de la Ribera, en Murcia, en 1992, donde hubo 84 participantes\u201d, ha recordado el presidente del Club Mar\u00edtimo, Jer\u00f3nimo P\u00e9rez.<br \/>\nLa prueba reunir\u00e1, por ejemplo, a tripulantes de nacionalidad belga, brasile\u00f1a, cubana, portuguesa, noruega o polaca. Por ello, \u201csupondr\u00e1 que en Melilla van a estar unas 250 personas entre participantes, entrenadores y acompa\u00f1antes. Por supuesto, yo ya tengo<br \/>\nclar\u00edsimo que la organizaci\u00f3n va a ser todo un \u00e9xito porque el Club Mar\u00edtimo siempre ha dado buena prueba de ello\u201d, ha manifestado el consejero de Deporte.<br \/>\nEl d\u00eda 17 se destinar\u00e1 a las mediciones, mientras que para los d\u00edas 18, 19 y 20 hay previstas tres regatas, seg\u00fan ha detallado Pepe de la Torre, director de la organizaci\u00f3n.<br \/>\n\u201cPor normativa, al haber m\u00e1s de 75 barcos, hay que hacer dos grupos que determina la clase\u201d. Por este motivo, viernes y s\u00e1bado cada grupo tendr\u00e1 52 embarcaciones y, en base a los resultados, el domingo 52 de ellas competir\u00e1n en el Grupo Oro y las otras 52,<br \/>\nen el Grupo Plata. Los recorridos ser\u00e1n barlovento-sotavento en su gran mayor\u00eda y, a partir de 16 nudos, ser\u00e1n en tri\u00e1ngulo. Ser\u00e1, en todo caso, el mismo campo de regatas para todos.<br \/>\n\u201cEstamos muy satisfechos, como siempre, de colaborar con el Club Mar\u00edtimo por lo que aporta al deporte y por lo que aporta tambi\u00e9n a la vida sociocultural de nuestra ciudad\u201d, ha concluido el consejero de Deportes.<\/p>\n<p>ENLACE YOUTUBE RUEDA DE PRENSA: https:\/\/youtu.be\/s9L25IITC-g<\/p>\n","protected":false},"excerpt":{"rendered":"<p>El presidente del Real Club Mar\u00edtimo de Melilla, Jer\u00f3nimo P\u00e9rez, ha sido el anfitri\u00f3n en la presentaci\u00f3n del Campeonato de Espa\u00f1a de Snipe, absoluto y juvenil, junto al consejero de Deporte, Miguel \u00c1ngel Fern\u00e1ndez. Esta cita oficial de la Real Federaci\u00f3n Espa\u00f1ola de Vela, donde se decidir\u00e1n dos de los t\u00edtulos m\u00e1s importantes a nivel [&hellip;]<\/p>\n","protected":false},"author":1,"featured_media":24849,"comment_status":"open","ping_status":"open","sticky":false,"template":"","format":"standard","meta":{"_acf_changed":false,"footnotes":""},"categories":[38],"tags":[],"class_list":["post-24845","post","type-post","status-publish","format-standard","has-post-thumbnail","hentry","category-nautica"],"acf":[],"yoast_head":"<!-- This site is optimized with the Yoast SEO plugin v27.5 - https:\/\/yoast.com\/product\/yoast-seo-wordpress\/ -->\n<title>Presentaci\u00f3n Campeonato Espa\u00f1a Snipe - Real Club Mar\u00edtimo de Melilla<\/title>\n<meta name=\"description\" content=\"Jer\u00f3nimo P\u00e9rez, ha sido el anfitri\u00f3n en la presentaci\u00f3n del Campeonato de Espa\u00f1a de Snipe, absoluto y juvenil, junto al consejero de Deporte, Miguel \u00c1ngel Fern\u00e1ndez\" \/>\n<meta name=\"robots\" content=\"index, follow, max-snippet:-1, max-image-preview:large, max-video-preview:-1\" \/>\n<link rel=\"canonical\" href=\"https:\/\/www.realclubmaritimomelilla.es\/clmar\/presentacion-campeonato-espana-snipe\/\" \/>\n<meta property=\"og:locale\" content=\"es_ES\" \/>\n<meta property=\"og:type\" content=\"article\" \/>\n<meta property=\"og:title\" content=\"Presentaci\u00f3n Campeonato Espa\u00f1a Snipe - Real Club Mar\u00edtimo de Melilla\" \/>\n<meta property=\"og:description\" content=\"Jer\u00f3nimo P\u00e9rez, ha sido el anfitri\u00f3n en la presentaci\u00f3n del Campeonato de Espa\u00f1a de Snipe, absoluto y juvenil, junto al consejero de Deporte, Miguel \u00c1ngel Fern\u00e1ndez\" \/>\n<meta property=\"og:url\" content=\"https:\/\/www.realclubmaritimomelilla.es\/clmar\/presentacion-campeonato-espana-snipe\/\" \/>\n<meta property=\"og:site_name\" content=\"Real Club Mar\u00edtimo de Melilla\" \/>\n<meta property=\"article:publisher\" content=\"https:\/\/www.facebook.com\/Real-Club-Mar%c3%adtimo-de-Melilla-588495841234214\/\" \/>\n<meta property=\"article:published_time\" content=\"2025-04-11T11:05:49+00:00\" \/>\n<meta property=\"article:modified_time\" content=\"2025-04-15T06:24:48+00:00\" \/>\n<meta property=\"og:image\" content=\"https:\/\/www.realclubmaritimomelilla.es\/clmar\/wp-content\/uploads\/6F3A8602-2-scaled.webp\" \/>\n\t<meta property=\"og:image:width\" content=\"2560\" \/>\n\t<meta property=\"og:image:height\" content=\"1735\" \/>\n\t<meta property=\"og:image:type\" content=\"image\/jpeg\" \/>\n<meta name=\"author\" content=\"RCMMelilla\" \/>\n<meta name=\"twitter:card\" content=\"summary_large_image\" \/>\n<meta name=\"twitter:creator\" content=\"@nauticarcmm\" \/>\n<meta name=\"twitter:site\" content=\"@nauticarcmm\" \/>\n<meta name=\"twitter:label1\" content=\"Escrito por\" \/>\n\t<meta name=\"twitter:data1\" content=\"RCMMelilla\" \/>\n\t<meta name=\"twitter:label2\" content=\"Tiempo de lectura\" \/>\n\t<meta name=\"twitter:data2\" content=\"2 minutos\" \/>\n<script type=\"application\/ld+json\" class=\"yoast-schema-graph\">{\"@context\":\"https:\\\/\\\/schema.org\",\"@graph\":[{\"@type\":\"Article\",\"@id\":\"https:\\\/\\\/www.realclubmaritimomelilla.es\\\/clmar\\\/presentacion-campeonato-espana-snipe\\\/#article\",\"isPartOf\":{\"@id\":\"https:\\\/\\\/www.realclubmaritimomelilla.es\\\/clmar\\\/presentacion-campeonato-espana-snipe\\\/\"},\"author\":{\"name\":\"RCMMelilla\",\"@id\":\"https:\\\/\\\/www.realclubmaritimomelilla.es\\\/clmar\\\/#\\\/schema\\\/person\\\/ebaa3713496dc6d48c872452e73a8e79\"},\"headline\":\"Presentaci\u00f3n Campeonato Espa\u00f1a Snipe\",\"datePublished\":\"2025-04-11T11:05:49+00:00\",\"dateModified\":\"2025-04-15T06:24:48+00:00\",\"mainEntityOfPage\":{\"@id\":\"https:\\\/\\\/www.realclubmaritimomelilla.es\\\/clmar\\\/presentacion-campeonato-espana-snipe\\\/\"},\"wordCount\":420,\"commentCount\":0,\"publisher\":{\"@id\":\"https:\\\/\\\/www.realclubmaritimomelilla.es\\\/clmar\\\/#organization\"},\"image\":{\"@id\":\"https:\\\/\\\/www.realclubmaritimomelilla.es\\\/clmar\\\/presentacion-campeonato-espana-snipe\\\/#primaryimage\"},\"thumbnailUrl\":\"https:\\\/\\\/www.realclubmaritimomelilla.es\\\/clmar\\\/wp-content\\\/uploads\\\/6F3A8602-2-scaled.webp\",\"articleSection\":[\"N\u00e1utica\"],\"inLanguage\":\"es\",\"potentialAction\":[{\"@type\":\"CommentAction\",\"name\":\"Comment\",\"target\":[\"https:\\\/\\\/www.realclubmaritimomelilla.es\\\/clmar\\\/presentacion-campeonato-espana-snipe\\\/#respond\"]}]},{\"@type\":\"WebPage\",\"@id\":\"https:\\\/\\\/www.realclubmaritimomelilla.es\\\/clmar\\\/presentacion-campeonato-espana-snipe\\\/\",\"url\":\"https:\\\/\\\/www.realclubmaritimomelilla.es\\\/clmar\\\/presentacion-campeonato-espana-snipe\\\/\",\"name\":\"Presentaci\u00f3n Campeonato Espa\u00f1a Snipe - Real Club Mar\u00edtimo de Melilla\",\"isPartOf\":{\"@id\":\"https:\\\/\\\/www.realclubmaritimomelilla.es\\\/clmar\\\/#website\"},\"primaryImageOfPage\":{\"@id\":\"https:\\\/\\\/www.realclubmaritimomelilla.es\\\/clmar\\\/presentacion-campeonato-espana-snipe\\\/#primaryimage\"},\"image\":{\"@id\":\"https:\\\/\\\/www.realclubmaritimomelilla.es\\\/clmar\\\/presentacion-campeonato-espana-snipe\\\/#primaryimage\"},\"thumbnailUrl\":\"https:\\\/\\\/www.realclubmaritimomelilla.es\\\/clmar\\\/wp-content\\\/uploads\\\/6F3A8602-2-scaled.webp\",\"datePublished\":\"2025-04-11T11:05:49+00:00\",\"dateModified\":\"2025-04-15T06:24:48+00:00\",\"description\":\"Jer\u00f3nimo P\u00e9rez, ha sido el anfitri\u00f3n en la presentaci\u00f3n del Campeonato de Espa\u00f1a de Snipe, absoluto y juvenil, junto al consejero de Deporte, Miguel \u00c1ngel Fern\u00e1ndez\",\"breadcrumb\":{\"@id\":\"https:\\\/\\\/www.realclubmaritimomelilla.es\\\/clmar\\\/presentacion-campeonato-espana-snipe\\\/#breadcrumb\"},\"inLanguage\":\"es\",\"potentialAction\":[{\"@type\":\"ReadAction\",\"target\":[\"https:\\\/\\\/www.realclubmaritimomelilla.es\\\/clmar\\\/presentacion-campeonato-espana-snipe\\\/\"]}]},{\"@type\":\"ImageObject\",\"inLanguage\":\"es\",\"@id\":\"https:\\\/\\\/www.realclubmaritimomelilla.es\\\/clmar\\\/presentacion-campeonato-espana-snipe\\\/#primaryimage\",\"url\":\"https:\\\/\\\/www.realclubmaritimomelilla.es\\\/clmar\\\/wp-content\\\/uploads\\\/6F3A8602-2-scaled.webp\",\"contentUrl\":\"https:\\\/\\\/www.realclubmaritimomelilla.es\\\/clmar\\\/wp-content\\\/uploads\\\/6F3A8602-2-scaled.webp\",\"width\":2560,\"height\":1735},{\"@type\":\"BreadcrumbList\",\"@id\":\"https:\\\/\\\/www.realclubmaritimomelilla.es\\\/clmar\\\/presentacion-campeonato-espana-snipe\\\/#breadcrumb\",\"itemListElement\":[{\"@type\":\"ListItem\",\"position\":1,\"name\":\"Portada\",\"item\":\"https:\\\/\\\/www.realclubmaritimomelilla.es\\\/clmar\\\/\"},{\"@type\":\"ListItem\",\"position\":2,\"name\":\"Presentaci\u00f3n Campeonato Espa\u00f1a Snipe\"}]},{\"@type\":\"WebSite\",\"@id\":\"https:\\\/\\\/www.realclubmaritimomelilla.es\\\/clmar\\\/#website\",\"url\":\"https:\\\/\\\/www.realclubmaritimomelilla.es\\\/clmar\\\/\",\"name\":\"Real Club Mar\u00edtimo de Melilla\",\"description\":\"RCMM\",\"publisher\":{\"@id\":\"https:\\\/\\\/www.realclubmaritimomelilla.es\\\/clmar\\\/#organization\"},\"alternateName\":\"RCMM\",\"potentialAction\":[{\"@type\":\"SearchAction\",\"target\":{\"@type\":\"EntryPoint\",\"urlTemplate\":\"https:\\\/\\\/www.realclubmaritimomelilla.es\\\/clmar\\\/?s={search_term_string}\"},\"query-input\":{\"@type\":\"PropertyValueSpecification\",\"valueRequired\":true,\"valueName\":\"search_term_string\"}}],\"inLanguage\":\"es\"},{\"@type\":\"Organization\",\"@id\":\"https:\\\/\\\/www.realclubmaritimomelilla.es\\\/clmar\\\/#organization\",\"name\":\"Real Club Mar\u00edtimo de Melilla\",\"alternateName\":\"RCMM\",\"url\":\"https:\\\/\\\/www.realclubmaritimomelilla.es\\\/clmar\\\/\",\"logo\":{\"@type\":\"ImageObject\",\"inLanguage\":\"es\",\"@id\":\"https:\\\/\\\/www.realclubmaritimomelilla.es\\\/clmar\\\/#\\\/schema\\\/logo\\\/image\\\/\",\"url\":\"https:\\\/\\\/www.realclubmaritimomelilla.es\\\/clmar\\\/wp-content\\\/uploads\\\/logo-club-original-copia.jpg\",\"contentUrl\":\"https:\\\/\\\/www.realclubmaritimomelilla.es\\\/clmar\\\/wp-content\\\/uploads\\\/logo-club-original-copia.jpg\",\"width\":128,\"height\":89,\"caption\":\"Real Club Mar\u00edtimo de Melilla\"},\"image\":{\"@id\":\"https:\\\/\\\/www.realclubmaritimomelilla.es\\\/clmar\\\/#\\\/schema\\\/logo\\\/image\\\/\"},\"sameAs\":[\"https:\\\/\\\/www.facebook.com\\\/Real-Club-Mar\u00edtimo-de-Melilla-588495841234214\\\/\",\"https:\\\/\\\/x.com\\\/nauticarcmm\",\"https:\\\/\\\/www.instagram.com\\\/club_maritimo_melilla\\\/\",\"https:\\\/\\\/www.youtube.com\\\/@realclubmaritimodemelilla4703\",\"https:\\\/\\\/es.wikipedia.org\\\/wiki\\\/Real_Club_Mar\u00edtimo_de_Melilla\"]},{\"@type\":\"Person\",\"@id\":\"https:\\\/\\\/www.realclubmaritimomelilla.es\\\/clmar\\\/#\\\/schema\\\/person\\\/ebaa3713496dc6d48c872452e73a8e79\",\"name\":\"RCMMelilla\",\"image\":{\"@type\":\"ImageObject\",\"inLanguage\":\"es\",\"@id\":\"https:\\\/\\\/secure.gravatar.com\\\/avatar\\\/df1c24789360fb9308735c4ee556fc2bc5bf924bf01e53043b8b97ba272da33c?s=96&d=mm&r=g\",\"url\":\"https:\\\/\\\/secure.gravatar.com\\\/avatar\\\/df1c24789360fb9308735c4ee556fc2bc5bf924bf01e53043b8b97ba272da33c?s=96&d=mm&r=g\",\"contentUrl\":\"https:\\\/\\\/secure.gravatar.com\\\/avatar\\\/df1c24789360fb9308735c4ee556fc2bc5bf924bf01e53043b8b97ba272da33c?s=96&d=mm&r=g\",\"caption\":\"RCMMelilla\"}}]}<\/script>\n<!-- \/ Yoast SEO plugin. -->","yoast_head_json":{"title":"Presentaci\u00f3n Campeonato Espa\u00f1a Snipe - Real Club Mar\u00edtimo de Melilla","description":"Jer\u00f3nimo P\u00e9rez, ha sido el anfitri\u00f3n en la presentaci\u00f3n del Campeonato de Espa\u00f1a de Snipe, absoluto y juvenil, junto al consejero de Deporte, Miguel \u00c1ngel Fern\u00e1ndez","robots":{"index":"index","follow":"follow","max-snippet":"max-snippet:-1","max-image-preview":"max-image-preview:large","max-video-preview":"max-video-preview:-1"},"canonical":"https:\/\/www.realclubmaritimomelilla.es\/clmar\/presentacion-campeonato-espana-snipe\/","og_locale":"es_ES","og_type":"article","og_title":"Presentaci\u00f3n Campeonato Espa\u00f1a Snipe - Real Club Mar\u00edtimo de Melilla","og_description":"Jer\u00f3nimo P\u00e9rez, ha sido el anfitri\u00f3n en la presentaci\u00f3n del Campeonato de Espa\u00f1a de Snipe, absoluto y juvenil, junto al consejero de Deporte, Miguel \u00c1ngel Fern\u00e1ndez","og_url":"https:\/\/www.realclubmaritimomelilla.es\/clmar\/presentacion-campeonato-espana-snipe\/","og_site_name":"Real Club Mar\u00edtimo de Melilla","article_publisher":"https:\/\/www.facebook.com\/Real-Club-Mar%c3%adtimo-de-Melilla-588495841234214\/","article_published_time":"2025-04-11T11:05:49+00:00","article_modified_time":"2025-04-15T06:24:48+00:00","og_image":[{"width":2560,"height":1735,"url":"https:\/\/www.realclubmaritimomelilla.es\/clmar\/wp-content\/uploads\/6F3A8602-2-scaled.webp","type":"image\/jpeg"}],"author":"RCMMelilla","twitter_card":"summary_large_image","twitter_creator":"@nauticarcmm","twitter_site":"@nauticarcmm","twitter_misc":{"Escrito por":"RCMMelilla","Tiempo de lectura":"2 minutos"},"schema":{"@context":"https:\/\/schema.org","@graph":[{"@type":"Article","@id":"https:\/\/www.realclubmaritimomelilla.es\/clmar\/presentacion-campeonato-espana-snipe\/#article","isPartOf":{"@id":"https:\/\/www.realclubmaritimomelilla.es\/clmar\/presentacion-campeonato-espana-snipe\/"},"author":{"name":"RCMMelilla","@id":"https:\/\/www.realclubmaritimomelilla.es\/clmar\/#\/schema\/person\/ebaa3713496dc6d48c872452e73a8e79"},"headline":"Presentaci\u00f3n Campeonato Espa\u00f1a Snipe","datePublished":"2025-04-11T11:05:49+00:00","dateModified":"2025-04-15T06:24:48+00:00","mainEntityOfPage":{"@id":"https:\/\/www.realclubmaritimomelilla.es\/clmar\/presentacion-campeonato-espana-snipe\/"},"wordCount":420,"commentCount":0,"publisher":{"@id":"https:\/\/www.realclubmaritimomelilla.es\/clmar\/#organization"},"image":{"@id":"https:\/\/www.realclubmaritimomelilla.es\/clmar\/presentacion-campeonato-espana-snipe\/#primaryimage"},"thumbnailUrl":"https:\/\/www.realclubmaritimomelilla.es\/clmar\/wp-content\/uploads\/6F3A8602-2-scaled.webp","articleSection":["N\u00e1utica"],"inLanguage":"es","potentialAction":[{"@type":"CommentAction","name":"Comment","target":["https:\/\/www.realclubmaritimomelilla.es\/clmar\/presentacion-campeonato-espana-snipe\/#respond"]}]},{"@type":"WebPage","@id":"https:\/\/www.realclubmaritimomelilla.es\/clmar\/presentacion-campeonato-espana-snipe\/","url":"https:\/\/www.realclubmaritimomelilla.es\/clmar\/presentacion-campeonato-espana-snipe\/","name":"Presentaci\u00f3n Campeonato Espa\u00f1a Snipe - Real Club Mar\u00edtimo de Melilla","isPartOf":{"@id":"https:\/\/www.realclubmaritimomelilla.es\/clmar\/#website"},"primaryImageOfPage":{"@id":"https:\/\/www.realclubmaritimomelilla.es\/clmar\/presentacion-campeonato-espana-snipe\/#primaryimage"},"image":{"@id":"https:\/\/www.realclubmaritimomelilla.es\/clmar\/presentacion-campeonato-espana-snipe\/#primaryimage"},"thumbnailUrl":"https:\/\/www.realclubmaritimomelilla.es\/clmar\/wp-content\/uploads\/6F3A8602-2-scaled.webp","datePublished":"2025-04-11T11:05:49+00:00","dateModified":"2025-04-15T06:24:48+00:00","description":"Jer\u00f3nimo P\u00e9rez, ha sido el anfitri\u00f3n en la presentaci\u00f3n del Campeonato de Espa\u00f1a de Snipe, absoluto y juvenil, junto al consejero de Deporte, Miguel \u00c1ngel Fern\u00e1ndez","breadcrumb":{"@id":"https:\/\/www.realclubmaritimomelilla.es\/clmar\/presentacion-campeonato-espana-snipe\/#breadcrumb"},"inLanguage":"es","potentialAction":[{"@type":"ReadAction","target":["https:\/\/www.realclubmaritimomelilla.es\/clmar\/presentacion-campeonato-espana-snipe\/"]}]},{"@type":"ImageObject","inLanguage":"es","@id":"https:\/\/www.realclubmaritimomelilla.es\/clmar\/presentacion-campeonato-espana-snipe\/#primaryimage","url":"https:\/\/www.realclubmaritimomelilla.es\/clmar\/wp-content\/uploads\/6F3A8602-2-scaled.webp","contentUrl":"https:\/\/www.realclubmaritimomelilla.es\/clmar\/wp-content\/uploads\/6F3A8602-2-scaled.webp","width":2560,"height":1735},{"@type":"BreadcrumbList","@id":"https:\/\/www.realclubmaritimomelilla.es\/clmar\/presentacion-campeonato-espana-snipe\/#breadcrumb","itemListElement":[{"@type":"ListItem","position":1,"name":"Portada","item":"https:\/\/www.realclubmaritimomelilla.es\/clmar\/"},{"@type":"ListItem","position":2,"name":"Presentaci\u00f3n Campeonato Espa\u00f1a Snipe"}]},{"@type":"WebSite","@id":"https:\/\/www.realclubmaritimomelilla.es\/clmar\/#website","url":"https:\/\/www.realclubmaritimomelilla.es\/clmar\/","name":"Real Club Mar\u00edtimo de Melilla","description":"RCMM","publisher":{"@id":"https:\/\/www.realclubmaritimomelilla.es\/clmar\/#organization"},"alternateName":"RCMM","potentialAction":[{"@type":"SearchAction","target":{"@type":"EntryPoint","urlTemplate":"https:\/\/www.realclubmaritimomelilla.es\/clmar\/?s={search_term_string}"},"query-input":{"@type":"PropertyValueSpecification","valueRequired":true,"valueName":"search_term_string"}}],"inLanguage":"es"},{"@type":"Organization","@id":"https:\/\/www.realclubmaritimomelilla.es\/clmar\/#organization","name":"Real Club Mar\u00edtimo de Melilla","alternateName":"RCMM","url":"https:\/\/www.realclubmaritimomelilla.es\/clmar\/","logo":{"@type":"ImageObject","inLanguage":"es","@id":"https:\/\/www.realclubmaritimomelilla.es\/clmar\/#\/schema\/logo\/image\/","url":"https:\/\/www.realclubmaritimomelilla.es\/clmar\/wp-content\/uploads\/logo-club-original-copia.jpg","contentUrl":"https:\/\/www.realclubmaritimomelilla.es\/clmar\/wp-content\/uploads\/logo-club-original-copia.jpg","width":128,"height":89,"caption":"Real Club Mar\u00edtimo de Melilla"},"image":{"@id":"https:\/\/www.realclubmaritimomelilla.es\/clmar\/#\/schema\/logo\/image\/"},"sameAs":["https:\/\/www.facebook.com\/Real-Club-Mar\u00edtimo-de-Melilla-588495841234214\/","https:\/\/x.com\/nauticarcmm","https:\/\/www.instagram.com\/club_maritimo_melilla\/","https:\/\/www.youtube.com\/@realclubmaritimodemelilla4703","https:\/\/es.wikipedia.org\/wiki\/Real_Club_Mar\u00edtimo_de_Melilla"]},{"@type":"Person","@id":"https:\/\/www.realclubmaritimomelilla.es\/clmar\/#\/schema\/person\/ebaa3713496dc6d48c872452e73a8e79","name":"RCMMelilla","image":{"@type":"ImageObject","inLanguage":"es","@id":"https:\/\/secure.gravatar.com\/avatar\/df1c24789360fb9308735c4ee556fc2bc5bf924bf01e53043b8b97ba272da33c?s=96&d=mm&r=g","url":"https:\/\/secure.gravatar.com\/avatar\/df1c24789360fb9308735c4ee556fc2bc5bf924bf01e53043b8b97ba272da33c?s=96&d=mm&r=g","contentUrl":"https:\/\/secure.gravatar.com\/avatar\/df1c24789360fb9308735c4ee556fc2bc5bf924bf01e53043b8b97ba272da33c?s=96&d=mm&r=g","caption":"RCMMelilla"}}]}},"_links":{"self":[{"href":"https:\/\/www.realclubmaritimomelilla.es\/clmar\/wp-json\/wp\/v2\/posts\/24845","targetHints":{"allow":["GET"]}}],"collection":[{"href":"https:\/\/www.realclubmaritimomelilla.es\/clmar\/wp-json\/wp\/v2\/posts"}],"about":[{"href":"https:\/\/www.realclubmaritimomelilla.es\/clmar\/wp-json\/wp\/v2\/types\/post"}],"author":[{"embeddable":true,"href":"https:\/\/www.realclubmaritimomelilla.es\/clmar\/wp-json\/wp\/v2\/users\/1"}],"replies":[{"embeddable":true,"href":"https:\/\/www.realclubmaritimomelilla.es\/clmar\/wp-json\/wp\/v2\/comments?post=24845"}],"version-history":[{"count":5,"href":"https:\/\/www.realclubmaritimomelilla.es\/clmar\/wp-json\/wp\/v2\/posts\/24845\/revisions"}],"predecessor-version":[{"id":24871,"href":"https:\/\/www.realclubmaritimomelilla.es\/clmar\/wp-json\/wp\/v2\/posts\/24845\/revisions\/24871"}],"wp:featuredmedia":[{"embeddable":true,"href":"https:\/\/www.realclubmaritimomelilla.es\/clmar\/wp-json\/wp\/v2\/media\/24849"}],"wp:attachment":[{"href":"https:\/\/www.realclubmaritimomelilla.es\/clmar\/wp-json\/wp\/v2\/media?parent=24845"}],"wp:term":[{"taxonomy":"category","embeddable":true,"href":"https:\/\/www.realclubmaritimomelilla.es\/clmar\/wp-json\/wp\/v2\/categories?post=24845"},{"taxonomy":"post_tag","embeddable":true,"href":"https:\/\/www.realclubmaritimomelilla.es\/clmar\/wp-json\/wp\/v2\/tags?post=24845"}],"curies":[{"name":"wp","href":"https:\/\/api.w.org\/{rel}","templated":true}]}}