{"id":24708,"date":"2025-03-07T10:32:22","date_gmt":"2025-03-07T09:32:22","guid":{"rendered":"https:\/\/www.realclubmaritimomelilla.es\/clmar\/?p=24708"},"modified":"2025-03-11T13:57:46","modified_gmt":"2025-03-11T12:57:46","slug":"el-rcmm-participa-en-el-all-star-mini-basket-de-unicaja","status":"publish","type":"post","link":"https:\/\/www.realclubmaritimomelilla.es\/clmar\/el-rcmm-participa-en-el-all-star-mini-basket-de-unicaja\/","title":{"rendered":"El RCMM participa en el \u2018All Star Mini Basket\u2019 de Unicaja"},"content":{"rendered":"<p>El conjunto minibasket masculino del Real Club Mar\u00edtimo de Melilla se desplaza este fin de semana a M\u00e1laga, para tomar parte en el \u2018All Star Mini Basket\u2019 que organiza Unicaja, a trav\u00e9s de su Fundaci\u00f3n.<br \/>\nEl Club Mar\u00edtimo ha sido uno de los equipos invitados al evento, con otros tantos de distintas provincias andaluzas.<br \/>\nLos equipos participantes est\u00e1n divididos en cuatro grupos, para disputar una fase previa clasificatoria para la ronda final.<br \/>\nEl RCMM est\u00e1 incluido en el grupo A, junto al EBG M\u00e1laga, UB Jerez y G+B de Granada.<br \/>\nConcretamente se celebra la d\u00e9cimo octava edici\u00f3n de este All Star en el que participan doscientos jugadores de categor\u00eda minibasket, desarroll\u00e1ndose la competici\u00f3n en el Pabell\u00f3n Mar\u00edn Urbano.<br \/>\nEl equipo se desplaz\u00f3 este jueves noche, en barco, para desde primera hora poder disfrutar de esta experiencia, que sirve igualmente de est\u00edmulo a la gran temporada que est\u00e1n haciendo en la liga local donde se mantienen invictos.<br \/>\nAbu Bakr, Aar\u00f3n, Yusef, Erik, Eric, Samuel, Luis, Nico, Sa\u00fal, Nadir, Daniel y Ayman, junto a los entrenadores Jos\u00e9 Padilla y Carlos Herreros son los protagonistas de este desplazamiento.<br \/>\nDesde el Real Club Mar\u00edtimo de Melilla queremos agradecer esta invitaci\u00f3n que sirve para que nuestra cantera de baloncesto represente a la entidad y la ciudad en un evento de esta relevancia. <\/p>\n","protected":false},"excerpt":{"rendered":"<p>El conjunto minibasket masculino del Real Club Mar\u00edtimo de Melilla se desplaza este fin de semana a M\u00e1laga, para tomar parte en el \u2018All Star Mini Basket\u2019 que organiza Unicaja, a trav\u00e9s de su Fundaci\u00f3n. El Club Mar\u00edtimo ha sido uno de los equipos invitados al evento, con otros tantos de distintas provincias andaluzas. Los [&hellip;]<\/p>\n","protected":false},"author":1,"featured_media":24709,"comment_status":"open","ping_status":"open","sticky":false,"template":"","format":"standard","meta":{"_acf_changed":false,"footnotes":""},"categories":[46],"tags":[],"class_list":["post-24708","post","type-post","status-publish","format-standard","has-post-thumbnail","hentry","category-seccion-baloncesto"],"acf":[],"yoast_head":"<!-- This site is optimized with the Yoast SEO plugin v27.5 - https:\/\/yoast.com\/product\/yoast-seo-wordpress\/ -->\n<title>El RCMM participa en el \u2018All Star Mini Basket\u2019 de Unicaja - Real Club Mar\u00edtimo de Melilla<\/title>\n<meta name=\"description\" content=\"El conjunto del RCMM se desplaza a M\u00e1laga para tomar parte en el \u2018All Star Mini Basket\u2019 que organiza Unicaja a trav\u00e9s de su Fundaci\u00f3n.\" \/>\n<meta name=\"robots\" content=\"index, follow, max-snippet:-1, max-image-preview:large, max-video-preview:-1\" \/>\n<link rel=\"canonical\" href=\"https:\/\/www.realclubmaritimomelilla.es\/clmar\/el-rcmm-participa-en-el-all-star-mini-basket-de-unicaja\/\" \/>\n<meta property=\"og:locale\" content=\"es_ES\" \/>\n<meta property=\"og:type\" content=\"article\" \/>\n<meta property=\"og:title\" content=\"El RCMM participa en el \u2018All Star Mini Basket\u2019 de Unicaja - Real Club Mar\u00edtimo de Melilla\" \/>\n<meta property=\"og:description\" content=\"El conjunto del RCMM se desplaza a M\u00e1laga para tomar parte en el \u2018All Star Mini Basket\u2019 que organiza Unicaja a trav\u00e9s de su Fundaci\u00f3n.\" \/>\n<meta property=\"og:url\" content=\"https:\/\/www.realclubmaritimomelilla.es\/clmar\/el-rcmm-participa-en-el-all-star-mini-basket-de-unicaja\/\" \/>\n<meta property=\"og:site_name\" content=\"Real Club Mar\u00edtimo de Melilla\" \/>\n<meta property=\"article:publisher\" content=\"https:\/\/www.facebook.com\/Real-Club-Mar%c3%adtimo-de-Melilla-588495841234214\/\" \/>\n<meta property=\"article:published_time\" content=\"2025-03-07T09:32:22+00:00\" \/>\n<meta property=\"article:modified_time\" content=\"2025-03-11T12:57:46+00:00\" \/>\n<meta property=\"og:image\" content=\"https:\/\/www.realclubmaritimomelilla.es\/clmar\/wp-content\/uploads\/Equipo-baloncesto-en-Malaga.jpg\" \/>\n\t<meta property=\"og:image:width\" content=\"1600\" \/>\n\t<meta property=\"og:image:height\" content=\"1200\" \/>\n\t<meta property=\"og:image:type\" content=\"image\/jpeg\" \/>\n<meta name=\"author\" content=\"RCMMelilla\" \/>\n<meta name=\"twitter:card\" content=\"summary_large_image\" \/>\n<meta name=\"twitter:creator\" content=\"@nauticarcmm\" \/>\n<meta name=\"twitter:site\" content=\"@nauticarcmm\" \/>\n<meta name=\"twitter:label1\" content=\"Escrito por\" \/>\n\t<meta name=\"twitter:data1\" content=\"RCMMelilla\" \/>\n\t<meta name=\"twitter:label2\" content=\"Tiempo de lectura\" \/>\n\t<meta name=\"twitter:data2\" content=\"2 minutos\" \/>\n<script type=\"application\/ld+json\" class=\"yoast-schema-graph\">{\"@context\":\"https:\\\/\\\/schema.org\",\"@graph\":[{\"@type\":\"Article\",\"@id\":\"https:\\\/\\\/www.realclubmaritimomelilla.es\\\/clmar\\\/el-rcmm-participa-en-el-all-star-mini-basket-de-unicaja\\\/#article\",\"isPartOf\":{\"@id\":\"https:\\\/\\\/www.realclubmaritimomelilla.es\\\/clmar\\\/el-rcmm-participa-en-el-all-star-mini-basket-de-unicaja\\\/\"},\"author\":{\"name\":\"RCMMelilla\",\"@id\":\"https:\\\/\\\/www.realclubmaritimomelilla.es\\\/clmar\\\/#\\\/schema\\\/person\\\/ebaa3713496dc6d48c872452e73a8e79\"},\"headline\":\"El RCMM participa en el \u2018All Star Mini Basket\u2019 de Unicaja\",\"datePublished\":\"2025-03-07T09:32:22+00:00\",\"dateModified\":\"2025-03-11T12:57:46+00:00\",\"mainEntityOfPage\":{\"@id\":\"https:\\\/\\\/www.realclubmaritimomelilla.es\\\/clmar\\\/el-rcmm-participa-en-el-all-star-mini-basket-de-unicaja\\\/\"},\"wordCount\":249,\"commentCount\":0,\"publisher\":{\"@id\":\"https:\\\/\\\/www.realclubmaritimomelilla.es\\\/clmar\\\/#organization\"},\"image\":{\"@id\":\"https:\\\/\\\/www.realclubmaritimomelilla.es\\\/clmar\\\/el-rcmm-participa-en-el-all-star-mini-basket-de-unicaja\\\/#primaryimage\"},\"thumbnailUrl\":\"https:\\\/\\\/www.realclubmaritimomelilla.es\\\/clmar\\\/wp-content\\\/uploads\\\/Equipo-baloncesto-en-Malaga.jpg\",\"articleSection\":[\"Secci\u00f3n Baloncesto\"],\"inLanguage\":\"es\",\"potentialAction\":[{\"@type\":\"CommentAction\",\"name\":\"Comment\",\"target\":[\"https:\\\/\\\/www.realclubmaritimomelilla.es\\\/clmar\\\/el-rcmm-participa-en-el-all-star-mini-basket-de-unicaja\\\/#respond\"]}]},{\"@type\":\"WebPage\",\"@id\":\"https:\\\/\\\/www.realclubmaritimomelilla.es\\\/clmar\\\/el-rcmm-participa-en-el-all-star-mini-basket-de-unicaja\\\/\",\"url\":\"https:\\\/\\\/www.realclubmaritimomelilla.es\\\/clmar\\\/el-rcmm-participa-en-el-all-star-mini-basket-de-unicaja\\\/\",\"name\":\"El RCMM participa en el \u2018All Star Mini Basket\u2019 de Unicaja - Real Club Mar\u00edtimo de Melilla\",\"isPartOf\":{\"@id\":\"https:\\\/\\\/www.realclubmaritimomelilla.es\\\/clmar\\\/#website\"},\"primaryImageOfPage\":{\"@id\":\"https:\\\/\\\/www.realclubmaritimomelilla.es\\\/clmar\\\/el-rcmm-participa-en-el-all-star-mini-basket-de-unicaja\\\/#primaryimage\"},\"image\":{\"@id\":\"https:\\\/\\\/www.realclubmaritimomelilla.es\\\/clmar\\\/el-rcmm-participa-en-el-all-star-mini-basket-de-unicaja\\\/#primaryimage\"},\"thumbnailUrl\":\"https:\\\/\\\/www.realclubmaritimomelilla.es\\\/clmar\\\/wp-content\\\/uploads\\\/Equipo-baloncesto-en-Malaga.jpg\",\"datePublished\":\"2025-03-07T09:32:22+00:00\",\"dateModified\":\"2025-03-11T12:57:46+00:00\",\"description\":\"El conjunto del RCMM se desplaza a M\u00e1laga para tomar parte en el \u2018All Star Mini Basket\u2019 que organiza Unicaja a trav\u00e9s de su Fundaci\u00f3n.\",\"breadcrumb\":{\"@id\":\"https:\\\/\\\/www.realclubmaritimomelilla.es\\\/clmar\\\/el-rcmm-participa-en-el-all-star-mini-basket-de-unicaja\\\/#breadcrumb\"},\"inLanguage\":\"es\",\"potentialAction\":[{\"@type\":\"ReadAction\",\"target\":[\"https:\\\/\\\/www.realclubmaritimomelilla.es\\\/clmar\\\/el-rcmm-participa-en-el-all-star-mini-basket-de-unicaja\\\/\"]}]},{\"@type\":\"ImageObject\",\"inLanguage\":\"es\",\"@id\":\"https:\\\/\\\/www.realclubmaritimomelilla.es\\\/clmar\\\/el-rcmm-participa-en-el-all-star-mini-basket-de-unicaja\\\/#primaryimage\",\"url\":\"https:\\\/\\\/www.realclubmaritimomelilla.es\\\/clmar\\\/wp-content\\\/uploads\\\/Equipo-baloncesto-en-Malaga.jpg\",\"contentUrl\":\"https:\\\/\\\/www.realclubmaritimomelilla.es\\\/clmar\\\/wp-content\\\/uploads\\\/Equipo-baloncesto-en-Malaga.jpg\",\"width\":1600,\"height\":1200},{\"@type\":\"BreadcrumbList\",\"@id\":\"https:\\\/\\\/www.realclubmaritimomelilla.es\\\/clmar\\\/el-rcmm-participa-en-el-all-star-mini-basket-de-unicaja\\\/#breadcrumb\",\"itemListElement\":[{\"@type\":\"ListItem\",\"position\":1,\"name\":\"Portada\",\"item\":\"https:\\\/\\\/www.realclubmaritimomelilla.es\\\/clmar\\\/\"},{\"@type\":\"ListItem\",\"position\":2,\"name\":\"El RCMM participa en el \u2018All Star Mini Basket\u2019 de Unicaja\"}]},{\"@type\":\"WebSite\",\"@id\":\"https:\\\/\\\/www.realclubmaritimomelilla.es\\\/clmar\\\/#website\",\"url\":\"https:\\\/\\\/www.realclubmaritimomelilla.es\\\/clmar\\\/\",\"name\":\"Real Club Mar\u00edtimo de Melilla\",\"description\":\"RCMM\",\"publisher\":{\"@id\":\"https:\\\/\\\/www.realclubmaritimomelilla.es\\\/clmar\\\/#organization\"},\"alternateName\":\"RCMM\",\"potentialAction\":[{\"@type\":\"SearchAction\",\"target\":{\"@type\":\"EntryPoint\",\"urlTemplate\":\"https:\\\/\\\/www.realclubmaritimomelilla.es\\\/clmar\\\/?s={search_term_string}\"},\"query-input\":{\"@type\":\"PropertyValueSpecification\",\"valueRequired\":true,\"valueName\":\"search_term_string\"}}],\"inLanguage\":\"es\"},{\"@type\":\"Organization\",\"@id\":\"https:\\\/\\\/www.realclubmaritimomelilla.es\\\/clmar\\\/#organization\",\"name\":\"Real Club Mar\u00edtimo de Melilla\",\"alternateName\":\"RCMM\",\"url\":\"https:\\\/\\\/www.realclubmaritimomelilla.es\\\/clmar\\\/\",\"logo\":{\"@type\":\"ImageObject\",\"inLanguage\":\"es\",\"@id\":\"https:\\\/\\\/www.realclubmaritimomelilla.es\\\/clmar\\\/#\\\/schema\\\/logo\\\/image\\\/\",\"url\":\"https:\\\/\\\/www.realclubmaritimomelilla.es\\\/clmar\\\/wp-content\\\/uploads\\\/logo-club-original-copia.jpg\",\"contentUrl\":\"https:\\\/\\\/www.realclubmaritimomelilla.es\\\/clmar\\\/wp-content\\\/uploads\\\/logo-club-original-copia.jpg\",\"width\":128,\"height\":89,\"caption\":\"Real Club Mar\u00edtimo de Melilla\"},\"image\":{\"@id\":\"https:\\\/\\\/www.realclubmaritimomelilla.es\\\/clmar\\\/#\\\/schema\\\/logo\\\/image\\\/\"},\"sameAs\":[\"https:\\\/\\\/www.facebook.com\\\/Real-Club-Mar\u00edtimo-de-Melilla-588495841234214\\\/\",\"https:\\\/\\\/x.com\\\/nauticarcmm\",\"https:\\\/\\\/www.instagram.com\\\/club_maritimo_melilla\\\/\",\"https:\\\/\\\/www.youtube.com\\\/@realclubmaritimodemelilla4703\",\"https:\\\/\\\/es.wikipedia.org\\\/wiki\\\/Real_Club_Mar\u00edtimo_de_Melilla\"]},{\"@type\":\"Person\",\"@id\":\"https:\\\/\\\/www.realclubmaritimomelilla.es\\\/clmar\\\/#\\\/schema\\\/person\\\/ebaa3713496dc6d48c872452e73a8e79\",\"name\":\"RCMMelilla\",\"image\":{\"@type\":\"ImageObject\",\"inLanguage\":\"es\",\"@id\":\"https:\\\/\\\/secure.gravatar.com\\\/avatar\\\/df1c24789360fb9308735c4ee556fc2bc5bf924bf01e53043b8b97ba272da33c?s=96&d=mm&r=g\",\"url\":\"https:\\\/\\\/secure.gravatar.com\\\/avatar\\\/df1c24789360fb9308735c4ee556fc2bc5bf924bf01e53043b8b97ba272da33c?s=96&d=mm&r=g\",\"contentUrl\":\"https:\\\/\\\/secure.gravatar.com\\\/avatar\\\/df1c24789360fb9308735c4ee556fc2bc5bf924bf01e53043b8b97ba272da33c?s=96&d=mm&r=g\",\"caption\":\"RCMMelilla\"}}]}<\/script>\n<!-- \/ Yoast SEO plugin. -->","yoast_head_json":{"title":"El RCMM participa en el \u2018All Star Mini Basket\u2019 de Unicaja - Real Club Mar\u00edtimo de Melilla","description":"El conjunto del RCMM se desplaza a M\u00e1laga para tomar parte en el \u2018All Star Mini Basket\u2019 que organiza Unicaja a trav\u00e9s de su Fundaci\u00f3n.","robots":{"index":"index","follow":"follow","max-snippet":"max-snippet:-1","max-image-preview":"max-image-preview:large","max-video-preview":"max-video-preview:-1"},"canonical":"https:\/\/www.realclubmaritimomelilla.es\/clmar\/el-rcmm-participa-en-el-all-star-mini-basket-de-unicaja\/","og_locale":"es_ES","og_type":"article","og_title":"El RCMM participa en el \u2018All Star Mini Basket\u2019 de Unicaja - Real Club Mar\u00edtimo de Melilla","og_description":"El conjunto del RCMM se desplaza a M\u00e1laga para tomar parte en el \u2018All Star Mini Basket\u2019 que organiza Unicaja a trav\u00e9s de su Fundaci\u00f3n.","og_url":"https:\/\/www.realclubmaritimomelilla.es\/clmar\/el-rcmm-participa-en-el-all-star-mini-basket-de-unicaja\/","og_site_name":"Real Club Mar\u00edtimo de Melilla","article_publisher":"https:\/\/www.facebook.com\/Real-Club-Mar%c3%adtimo-de-Melilla-588495841234214\/","article_published_time":"2025-03-07T09:32:22+00:00","article_modified_time":"2025-03-11T12:57:46+00:00","og_image":[{"width":1600,"height":1200,"url":"https:\/\/www.realclubmaritimomelilla.es\/clmar\/wp-content\/uploads\/Equipo-baloncesto-en-Malaga.jpg","type":"image\/jpeg"}],"author":"RCMMelilla","twitter_card":"summary_large_image","twitter_creator":"@nauticarcmm","twitter_site":"@nauticarcmm","twitter_misc":{"Escrito por":"RCMMelilla","Tiempo de lectura":"2 minutos"},"schema":{"@context":"https:\/\/schema.org","@graph":[{"@type":"Article","@id":"https:\/\/www.realclubmaritimomelilla.es\/clmar\/el-rcmm-participa-en-el-all-star-mini-basket-de-unicaja\/#article","isPartOf":{"@id":"https:\/\/www.realclubmaritimomelilla.es\/clmar\/el-rcmm-participa-en-el-all-star-mini-basket-de-unicaja\/"},"author":{"name":"RCMMelilla","@id":"https:\/\/www.realclubmaritimomelilla.es\/clmar\/#\/schema\/person\/ebaa3713496dc6d48c872452e73a8e79"},"headline":"El RCMM participa en el \u2018All Star Mini Basket\u2019 de Unicaja","datePublished":"2025-03-07T09:32:22+00:00","dateModified":"2025-03-11T12:57:46+00:00","mainEntityOfPage":{"@id":"https:\/\/www.realclubmaritimomelilla.es\/clmar\/el-rcmm-participa-en-el-all-star-mini-basket-de-unicaja\/"},"wordCount":249,"commentCount":0,"publisher":{"@id":"https:\/\/www.realclubmaritimomelilla.es\/clmar\/#organization"},"image":{"@id":"https:\/\/www.realclubmaritimomelilla.es\/clmar\/el-rcmm-participa-en-el-all-star-mini-basket-de-unicaja\/#primaryimage"},"thumbnailUrl":"https:\/\/www.realclubmaritimomelilla.es\/clmar\/wp-content\/uploads\/Equipo-baloncesto-en-Malaga.jpg","articleSection":["Secci\u00f3n Baloncesto"],"inLanguage":"es","potentialAction":[{"@type":"CommentAction","name":"Comment","target":["https:\/\/www.realclubmaritimomelilla.es\/clmar\/el-rcmm-participa-en-el-all-star-mini-basket-de-unicaja\/#respond"]}]},{"@type":"WebPage","@id":"https:\/\/www.realclubmaritimomelilla.es\/clmar\/el-rcmm-participa-en-el-all-star-mini-basket-de-unicaja\/","url":"https:\/\/www.realclubmaritimomelilla.es\/clmar\/el-rcmm-participa-en-el-all-star-mini-basket-de-unicaja\/","name":"El RCMM participa en el \u2018All Star Mini Basket\u2019 de Unicaja - Real Club Mar\u00edtimo de Melilla","isPartOf":{"@id":"https:\/\/www.realclubmaritimomelilla.es\/clmar\/#website"},"primaryImageOfPage":{"@id":"https:\/\/www.realclubmaritimomelilla.es\/clmar\/el-rcmm-participa-en-el-all-star-mini-basket-de-unicaja\/#primaryimage"},"image":{"@id":"https:\/\/www.realclubmaritimomelilla.es\/clmar\/el-rcmm-participa-en-el-all-star-mini-basket-de-unicaja\/#primaryimage"},"thumbnailUrl":"https:\/\/www.realclubmaritimomelilla.es\/clmar\/wp-content\/uploads\/Equipo-baloncesto-en-Malaga.jpg","datePublished":"2025-03-07T09:32:22+00:00","dateModified":"2025-03-11T12:57:46+00:00","description":"El conjunto del RCMM se desplaza a M\u00e1laga para tomar parte en el \u2018All Star Mini Basket\u2019 que organiza Unicaja a trav\u00e9s de su Fundaci\u00f3n.","breadcrumb":{"@id":"https:\/\/www.realclubmaritimomelilla.es\/clmar\/el-rcmm-participa-en-el-all-star-mini-basket-de-unicaja\/#breadcrumb"},"inLanguage":"es","potentialAction":[{"@type":"ReadAction","target":["https:\/\/www.realclubmaritimomelilla.es\/clmar\/el-rcmm-participa-en-el-all-star-mini-basket-de-unicaja\/"]}]},{"@type":"ImageObject","inLanguage":"es","@id":"https:\/\/www.realclubmaritimomelilla.es\/clmar\/el-rcmm-participa-en-el-all-star-mini-basket-de-unicaja\/#primaryimage","url":"https:\/\/www.realclubmaritimomelilla.es\/clmar\/wp-content\/uploads\/Equipo-baloncesto-en-Malaga.jpg","contentUrl":"https:\/\/www.realclubmaritimomelilla.es\/clmar\/wp-content\/uploads\/Equipo-baloncesto-en-Malaga.jpg","width":1600,"height":1200},{"@type":"BreadcrumbList","@id":"https:\/\/www.realclubmaritimomelilla.es\/clmar\/el-rcmm-participa-en-el-all-star-mini-basket-de-unicaja\/#breadcrumb","itemListElement":[{"@type":"ListItem","position":1,"name":"Portada","item":"https:\/\/www.realclubmaritimomelilla.es\/clmar\/"},{"@type":"ListItem","position":2,"name":"El RCMM participa en el \u2018All Star Mini Basket\u2019 de Unicaja"}]},{"@type":"WebSite","@id":"https:\/\/www.realclubmaritimomelilla.es\/clmar\/#website","url":"https:\/\/www.realclubmaritimomelilla.es\/clmar\/","name":"Real Club Mar\u00edtimo de Melilla","description":"RCMM","publisher":{"@id":"https:\/\/www.realclubmaritimomelilla.es\/clmar\/#organization"},"alternateName":"RCMM","potentialAction":[{"@type":"SearchAction","target":{"@type":"EntryPoint","urlTemplate":"https:\/\/www.realclubmaritimomelilla.es\/clmar\/?s={search_term_string}"},"query-input":{"@type":"PropertyValueSpecification","valueRequired":true,"valueName":"search_term_string"}}],"inLanguage":"es"},{"@type":"Organization","@id":"https:\/\/www.realclubmaritimomelilla.es\/clmar\/#organization","name":"Real Club Mar\u00edtimo de Melilla","alternateName":"RCMM","url":"https:\/\/www.realclubmaritimomelilla.es\/clmar\/","logo":{"@type":"ImageObject","inLanguage":"es","@id":"https:\/\/www.realclubmaritimomelilla.es\/clmar\/#\/schema\/logo\/image\/","url":"https:\/\/www.realclubmaritimomelilla.es\/clmar\/wp-content\/uploads\/logo-club-original-copia.jpg","contentUrl":"https:\/\/www.realclubmaritimomelilla.es\/clmar\/wp-content\/uploads\/logo-club-original-copia.jpg","width":128,"height":89,"caption":"Real Club Mar\u00edtimo de Melilla"},"image":{"@id":"https:\/\/www.realclubmaritimomelilla.es\/clmar\/#\/schema\/logo\/image\/"},"sameAs":["https:\/\/www.facebook.com\/Real-Club-Mar\u00edtimo-de-Melilla-588495841234214\/","https:\/\/x.com\/nauticarcmm","https:\/\/www.instagram.com\/club_maritimo_melilla\/","https:\/\/www.youtube.com\/@realclubmaritimodemelilla4703","https:\/\/es.wikipedia.org\/wiki\/Real_Club_Mar\u00edtimo_de_Melilla"]},{"@type":"Person","@id":"https:\/\/www.realclubmaritimomelilla.es\/clmar\/#\/schema\/person\/ebaa3713496dc6d48c872452e73a8e79","name":"RCMMelilla","image":{"@type":"ImageObject","inLanguage":"es","@id":"https:\/\/secure.gravatar.com\/avatar\/df1c24789360fb9308735c4ee556fc2bc5bf924bf01e53043b8b97ba272da33c?s=96&d=mm&r=g","url":"https:\/\/secure.gravatar.com\/avatar\/df1c24789360fb9308735c4ee556fc2bc5bf924bf01e53043b8b97ba272da33c?s=96&d=mm&r=g","contentUrl":"https:\/\/secure.gravatar.com\/avatar\/df1c24789360fb9308735c4ee556fc2bc5bf924bf01e53043b8b97ba272da33c?s=96&d=mm&r=g","caption":"RCMMelilla"}}]}},"_links":{"self":[{"href":"https:\/\/www.realclubmaritimomelilla.es\/clmar\/wp-json\/wp\/v2\/posts\/24708","targetHints":{"allow":["GET"]}}],"collection":[{"href":"https:\/\/www.realclubmaritimomelilla.es\/clmar\/wp-json\/wp\/v2\/posts"}],"about":[{"href":"https:\/\/www.realclubmaritimomelilla.es\/clmar\/wp-json\/wp\/v2\/types\/post"}],"author":[{"embeddable":true,"href":"https:\/\/www.realclubmaritimomelilla.es\/clmar\/wp-json\/wp\/v2\/users\/1"}],"replies":[{"embeddable":true,"href":"https:\/\/www.realclubmaritimomelilla.es\/clmar\/wp-json\/wp\/v2\/comments?post=24708"}],"version-history":[{"count":3,"href":"https:\/\/www.realclubmaritimomelilla.es\/clmar\/wp-json\/wp\/v2\/posts\/24708\/revisions"}],"predecessor-version":[{"id":24716,"href":"https:\/\/www.realclubmaritimomelilla.es\/clmar\/wp-json\/wp\/v2\/posts\/24708\/revisions\/24716"}],"wp:featuredmedia":[{"embeddable":true,"href":"https:\/\/www.realclubmaritimomelilla.es\/clmar\/wp-json\/wp\/v2\/media\/24709"}],"wp:attachment":[{"href":"https:\/\/www.realclubmaritimomelilla.es\/clmar\/wp-json\/wp\/v2\/media?parent=24708"}],"wp:term":[{"taxonomy":"category","embeddable":true,"href":"https:\/\/www.realclubmaritimomelilla.es\/clmar\/wp-json\/wp\/v2\/categories?post=24708"},{"taxonomy":"post_tag","embeddable":true,"href":"https:\/\/www.realclubmaritimomelilla.es\/clmar\/wp-json\/wp\/v2\/tags?post=24708"}],"curies":[{"name":"wp","href":"https:\/\/api.w.org\/{rel}","templated":true}]}}