{"id":24706,"date":"2025-03-07T10:30:54","date_gmt":"2025-03-07T09:30:54","guid":{"rendered":"https:\/\/www.realclubmaritimomelilla.es\/clmar\/?p=24706"},"modified":"2025-03-11T13:58:40","modified_gmt":"2025-03-11T12:58:40","slug":"arrancan-las-jornadas-culturales-de-2025-club-maritimo-melilla-rcmm","status":"publish","type":"post","link":"https:\/\/www.realclubmaritimomelilla.es\/clmar\/arrancan-las-jornadas-culturales-de-2025-club-maritimo-melilla-rcmm\/","title":{"rendered":"Arrancas las Jornadas Culturales de 2025"},"content":{"rendered":"<p>La und\u00e9cima edici\u00f3n de las Jornadas Culturales del Real Club Mar\u00edtimo de Melilla est\u00e1n en marcha y, este pr\u00f3ximo viernes 14 de marzo, la primera conferencia tendr\u00e1 como protagonista al cronista oficial de Melilla, Antonio Bravo.<br \/>\nJornadas Culturales dirigidas por nuestro directivo Juan Bellver, que durante 2025 tendr\u00e1 cinco citas, en las que se abordar\u00e1n hechos relevantes de la historia de la ciudad, como el \u2018Levantamiento del Sitio de Melilla\u2019 hace m\u00e1s de dos siglos, el \u201cDesembarco de Alhucemas\u201d, adem\u00e1s de abordar igualmente el mapa mundial desde una derivada geoestrat\u00e9gica, los hallazgos en las excavaciones realizadas en la Iglesia de la Pur\u00edsima o detalles del c\u00f3mo el cart\u00f3grafo Juan de la Cosa, en el siglo XVI elabor\u00f3 los primeros mapas mundi. Tem\u00e1ticas derivadas y de inter\u00e9s se conjugan en esta nueva propuesta cultural impulsada por el Real Club Mar\u00edtimo.<br \/>\nEl pr\u00f3ximo 14 de marzo, la primera conferencia tiene el t\u00edtulo de \u2018Historia e Historias del Asedio a Melilla de 1774-1775, a cargo de Antonio Bravo. Desde una perspectiva de las publicaciones en los diarios de la \u00e9poca hablar\u00e1 sobre la importancia de este singular acontecimiento hace 250 a\u00f1os que marc\u00f3 la  historia de nuestra ciudad.<br \/>\nLa cita cultural ser\u00e1 a partir de las 20:30 horas, en el sal\u00f3n de conferencias del Real Club Mar\u00edtimo de Melilla con entrada libre hasta completar aforo.<\/p>\n","protected":false},"excerpt":{"rendered":"<p>La und\u00e9cima edici\u00f3n de las Jornadas Culturales del Real Club Mar\u00edtimo de Melilla est\u00e1n en marcha y, este pr\u00f3ximo viernes 14 de marzo, la primera conferencia tendr\u00e1 como protagonista al cronista oficial de Melilla, Antonio Bravo. Jornadas Culturales dirigidas por nuestro directivo Juan Bellver, que durante 2025 tendr\u00e1 cinco citas, en las que se abordar\u00e1n [&hellip;]<\/p>\n","protected":false},"author":1,"featured_media":24599,"comment_status":"open","ping_status":"open","sticky":false,"template":"","format":"standard","meta":{"_acf_changed":false,"footnotes":""},"categories":[41],"tags":[],"class_list":["post-24706","post","type-post","status-publish","format-standard","has-post-thumbnail","hentry","category-jornadas"],"acf":[],"yoast_head":"<!-- This site is optimized with the Yoast SEO plugin v27.5 - https:\/\/yoast.com\/product\/yoast-seo-wordpress\/ -->\n<title>Arrancas las Jornadas Culturales de 2025 - Real Club Mar\u00edtimo de Melilla<\/title>\n<meta name=\"description\" content=\"La XI Jornadas Culturales del RCMM est\u00e1n en marcha y, este pr\u00f3ximo viernes 14 de marzo, la primera conferencia del cronista Antonio Bravo.\" \/>\n<meta name=\"robots\" content=\"index, follow, max-snippet:-1, max-image-preview:large, max-video-preview:-1\" \/>\n<link rel=\"canonical\" href=\"https:\/\/www.realclubmaritimomelilla.es\/clmar\/arrancan-las-jornadas-culturales-de-2025-club-maritimo-melilla-rcmm\/\" \/>\n<meta property=\"og:locale\" content=\"es_ES\" \/>\n<meta property=\"og:type\" content=\"article\" \/>\n<meta property=\"og:title\" content=\"Arrancas las Jornadas Culturales de 2025 - Real Club Mar\u00edtimo de Melilla\" \/>\n<meta property=\"og:description\" content=\"La XI Jornadas Culturales del RCMM est\u00e1n en marcha y, este pr\u00f3ximo viernes 14 de marzo, la primera conferencia del cronista Antonio Bravo.\" \/>\n<meta property=\"og:url\" content=\"https:\/\/www.realclubmaritimomelilla.es\/clmar\/arrancan-las-jornadas-culturales-de-2025-club-maritimo-melilla-rcmm\/\" \/>\n<meta property=\"og:site_name\" content=\"Real Club Mar\u00edtimo de Melilla\" \/>\n<meta property=\"article:publisher\" content=\"https:\/\/www.facebook.com\/Real-Club-Mar%c3%adtimo-de-Melilla-588495841234214\/\" \/>\n<meta property=\"article:published_time\" content=\"2025-03-07T09:30:54+00:00\" \/>\n<meta property=\"article:modified_time\" content=\"2025-03-11T12:58:40+00:00\" \/>\n<meta property=\"og:image\" content=\"https:\/\/www.realclubmaritimomelilla.es\/clmar\/wp-content\/uploads\/CARTEL-jornadas-culturales.jpg\" \/>\n\t<meta property=\"og:image:width\" content=\"1131\" \/>\n\t<meta property=\"og:image:height\" content=\"1600\" \/>\n\t<meta property=\"og:image:type\" content=\"image\/jpeg\" \/>\n<meta name=\"author\" content=\"RCMMelilla\" \/>\n<meta name=\"twitter:card\" content=\"summary_large_image\" \/>\n<meta name=\"twitter:creator\" content=\"@nauticarcmm\" \/>\n<meta name=\"twitter:site\" content=\"@nauticarcmm\" \/>\n<meta name=\"twitter:label1\" content=\"Escrito por\" \/>\n\t<meta name=\"twitter:data1\" content=\"RCMMelilla\" \/>\n\t<meta name=\"twitter:label2\" content=\"Tiempo de lectura\" \/>\n\t<meta name=\"twitter:data2\" content=\"2 minutos\" \/>\n<script type=\"application\/ld+json\" class=\"yoast-schema-graph\">{\"@context\":\"https:\\\/\\\/schema.org\",\"@graph\":[{\"@type\":\"Article\",\"@id\":\"https:\\\/\\\/www.realclubmaritimomelilla.es\\\/clmar\\\/arrancan-las-jornadas-culturales-de-2025-club-maritimo-melilla-rcmm\\\/#article\",\"isPartOf\":{\"@id\":\"https:\\\/\\\/www.realclubmaritimomelilla.es\\\/clmar\\\/arrancan-las-jornadas-culturales-de-2025-club-maritimo-melilla-rcmm\\\/\"},\"author\":{\"name\":\"RCMMelilla\",\"@id\":\"https:\\\/\\\/www.realclubmaritimomelilla.es\\\/clmar\\\/#\\\/schema\\\/person\\\/ebaa3713496dc6d48c872452e73a8e79\"},\"headline\":\"Arrancas las Jornadas Culturales de 2025\",\"datePublished\":\"2025-03-07T09:30:54+00:00\",\"dateModified\":\"2025-03-11T12:58:40+00:00\",\"mainEntityOfPage\":{\"@id\":\"https:\\\/\\\/www.realclubmaritimomelilla.es\\\/clmar\\\/arrancan-las-jornadas-culturales-de-2025-club-maritimo-melilla-rcmm\\\/\"},\"wordCount\":242,\"commentCount\":0,\"publisher\":{\"@id\":\"https:\\\/\\\/www.realclubmaritimomelilla.es\\\/clmar\\\/#organization\"},\"image\":{\"@id\":\"https:\\\/\\\/www.realclubmaritimomelilla.es\\\/clmar\\\/arrancan-las-jornadas-culturales-de-2025-club-maritimo-melilla-rcmm\\\/#primaryimage\"},\"thumbnailUrl\":\"https:\\\/\\\/www.realclubmaritimomelilla.es\\\/clmar\\\/wp-content\\\/uploads\\\/CARTEL-jornadas-culturales.jpg\",\"articleSection\":[\"Jornadas\"],\"inLanguage\":\"es\",\"potentialAction\":[{\"@type\":\"CommentAction\",\"name\":\"Comment\",\"target\":[\"https:\\\/\\\/www.realclubmaritimomelilla.es\\\/clmar\\\/arrancan-las-jornadas-culturales-de-2025-club-maritimo-melilla-rcmm\\\/#respond\"]}]},{\"@type\":\"WebPage\",\"@id\":\"https:\\\/\\\/www.realclubmaritimomelilla.es\\\/clmar\\\/arrancan-las-jornadas-culturales-de-2025-club-maritimo-melilla-rcmm\\\/\",\"url\":\"https:\\\/\\\/www.realclubmaritimomelilla.es\\\/clmar\\\/arrancan-las-jornadas-culturales-de-2025-club-maritimo-melilla-rcmm\\\/\",\"name\":\"Arrancas las Jornadas Culturales de 2025 - Real Club Mar\u00edtimo de Melilla\",\"isPartOf\":{\"@id\":\"https:\\\/\\\/www.realclubmaritimomelilla.es\\\/clmar\\\/#website\"},\"primaryImageOfPage\":{\"@id\":\"https:\\\/\\\/www.realclubmaritimomelilla.es\\\/clmar\\\/arrancan-las-jornadas-culturales-de-2025-club-maritimo-melilla-rcmm\\\/#primaryimage\"},\"image\":{\"@id\":\"https:\\\/\\\/www.realclubmaritimomelilla.es\\\/clmar\\\/arrancan-las-jornadas-culturales-de-2025-club-maritimo-melilla-rcmm\\\/#primaryimage\"},\"thumbnailUrl\":\"https:\\\/\\\/www.realclubmaritimomelilla.es\\\/clmar\\\/wp-content\\\/uploads\\\/CARTEL-jornadas-culturales.jpg\",\"datePublished\":\"2025-03-07T09:30:54+00:00\",\"dateModified\":\"2025-03-11T12:58:40+00:00\",\"description\":\"La XI Jornadas Culturales del RCMM est\u00e1n en marcha y, este pr\u00f3ximo viernes 14 de marzo, la primera conferencia del cronista Antonio Bravo.\",\"breadcrumb\":{\"@id\":\"https:\\\/\\\/www.realclubmaritimomelilla.es\\\/clmar\\\/arrancan-las-jornadas-culturales-de-2025-club-maritimo-melilla-rcmm\\\/#breadcrumb\"},\"inLanguage\":\"es\",\"potentialAction\":[{\"@type\":\"ReadAction\",\"target\":[\"https:\\\/\\\/www.realclubmaritimomelilla.es\\\/clmar\\\/arrancan-las-jornadas-culturales-de-2025-club-maritimo-melilla-rcmm\\\/\"]}]},{\"@type\":\"ImageObject\",\"inLanguage\":\"es\",\"@id\":\"https:\\\/\\\/www.realclubmaritimomelilla.es\\\/clmar\\\/arrancan-las-jornadas-culturales-de-2025-club-maritimo-melilla-rcmm\\\/#primaryimage\",\"url\":\"https:\\\/\\\/www.realclubmaritimomelilla.es\\\/clmar\\\/wp-content\\\/uploads\\\/CARTEL-jornadas-culturales.jpg\",\"contentUrl\":\"https:\\\/\\\/www.realclubmaritimomelilla.es\\\/clmar\\\/wp-content\\\/uploads\\\/CARTEL-jornadas-culturales.jpg\",\"width\":1131,\"height\":1600},{\"@type\":\"BreadcrumbList\",\"@id\":\"https:\\\/\\\/www.realclubmaritimomelilla.es\\\/clmar\\\/arrancan-las-jornadas-culturales-de-2025-club-maritimo-melilla-rcmm\\\/#breadcrumb\",\"itemListElement\":[{\"@type\":\"ListItem\",\"position\":1,\"name\":\"Portada\",\"item\":\"https:\\\/\\\/www.realclubmaritimomelilla.es\\\/clmar\\\/\"},{\"@type\":\"ListItem\",\"position\":2,\"name\":\"Arrancas las Jornadas Culturales de 2025\"}]},{\"@type\":\"WebSite\",\"@id\":\"https:\\\/\\\/www.realclubmaritimomelilla.es\\\/clmar\\\/#website\",\"url\":\"https:\\\/\\\/www.realclubmaritimomelilla.es\\\/clmar\\\/\",\"name\":\"Real Club Mar\u00edtimo de Melilla\",\"description\":\"RCMM\",\"publisher\":{\"@id\":\"https:\\\/\\\/www.realclubmaritimomelilla.es\\\/clmar\\\/#organization\"},\"alternateName\":\"RCMM\",\"potentialAction\":[{\"@type\":\"SearchAction\",\"target\":{\"@type\":\"EntryPoint\",\"urlTemplate\":\"https:\\\/\\\/www.realclubmaritimomelilla.es\\\/clmar\\\/?s={search_term_string}\"},\"query-input\":{\"@type\":\"PropertyValueSpecification\",\"valueRequired\":true,\"valueName\":\"search_term_string\"}}],\"inLanguage\":\"es\"},{\"@type\":\"Organization\",\"@id\":\"https:\\\/\\\/www.realclubmaritimomelilla.es\\\/clmar\\\/#organization\",\"name\":\"Real Club Mar\u00edtimo de Melilla\",\"alternateName\":\"RCMM\",\"url\":\"https:\\\/\\\/www.realclubmaritimomelilla.es\\\/clmar\\\/\",\"logo\":{\"@type\":\"ImageObject\",\"inLanguage\":\"es\",\"@id\":\"https:\\\/\\\/www.realclubmaritimomelilla.es\\\/clmar\\\/#\\\/schema\\\/logo\\\/image\\\/\",\"url\":\"https:\\\/\\\/www.realclubmaritimomelilla.es\\\/clmar\\\/wp-content\\\/uploads\\\/logo-club-original-copia.jpg\",\"contentUrl\":\"https:\\\/\\\/www.realclubmaritimomelilla.es\\\/clmar\\\/wp-content\\\/uploads\\\/logo-club-original-copia.jpg\",\"width\":128,\"height\":89,\"caption\":\"Real Club Mar\u00edtimo de Melilla\"},\"image\":{\"@id\":\"https:\\\/\\\/www.realclubmaritimomelilla.es\\\/clmar\\\/#\\\/schema\\\/logo\\\/image\\\/\"},\"sameAs\":[\"https:\\\/\\\/www.facebook.com\\\/Real-Club-Mar\u00edtimo-de-Melilla-588495841234214\\\/\",\"https:\\\/\\\/x.com\\\/nauticarcmm\",\"https:\\\/\\\/www.instagram.com\\\/club_maritimo_melilla\\\/\",\"https:\\\/\\\/www.youtube.com\\\/@realclubmaritimodemelilla4703\",\"https:\\\/\\\/es.wikipedia.org\\\/wiki\\\/Real_Club_Mar\u00edtimo_de_Melilla\"]},{\"@type\":\"Person\",\"@id\":\"https:\\\/\\\/www.realclubmaritimomelilla.es\\\/clmar\\\/#\\\/schema\\\/person\\\/ebaa3713496dc6d48c872452e73a8e79\",\"name\":\"RCMMelilla\",\"image\":{\"@type\":\"ImageObject\",\"inLanguage\":\"es\",\"@id\":\"https:\\\/\\\/secure.gravatar.com\\\/avatar\\\/df1c24789360fb9308735c4ee556fc2bc5bf924bf01e53043b8b97ba272da33c?s=96&d=mm&r=g\",\"url\":\"https:\\\/\\\/secure.gravatar.com\\\/avatar\\\/df1c24789360fb9308735c4ee556fc2bc5bf924bf01e53043b8b97ba272da33c?s=96&d=mm&r=g\",\"contentUrl\":\"https:\\\/\\\/secure.gravatar.com\\\/avatar\\\/df1c24789360fb9308735c4ee556fc2bc5bf924bf01e53043b8b97ba272da33c?s=96&d=mm&r=g\",\"caption\":\"RCMMelilla\"}}]}<\/script>\n<!-- \/ Yoast SEO plugin. -->","yoast_head_json":{"title":"Arrancas las Jornadas Culturales de 2025 - Real Club Mar\u00edtimo de Melilla","description":"La XI Jornadas Culturales del RCMM est\u00e1n en marcha y, este pr\u00f3ximo viernes 14 de marzo, la primera conferencia del cronista Antonio Bravo.","robots":{"index":"index","follow":"follow","max-snippet":"max-snippet:-1","max-image-preview":"max-image-preview:large","max-video-preview":"max-video-preview:-1"},"canonical":"https:\/\/www.realclubmaritimomelilla.es\/clmar\/arrancan-las-jornadas-culturales-de-2025-club-maritimo-melilla-rcmm\/","og_locale":"es_ES","og_type":"article","og_title":"Arrancas las Jornadas Culturales de 2025 - Real Club Mar\u00edtimo de Melilla","og_description":"La XI Jornadas Culturales del RCMM est\u00e1n en marcha y, este pr\u00f3ximo viernes 14 de marzo, la primera conferencia del cronista Antonio Bravo.","og_url":"https:\/\/www.realclubmaritimomelilla.es\/clmar\/arrancan-las-jornadas-culturales-de-2025-club-maritimo-melilla-rcmm\/","og_site_name":"Real Club Mar\u00edtimo de Melilla","article_publisher":"https:\/\/www.facebook.com\/Real-Club-Mar%c3%adtimo-de-Melilla-588495841234214\/","article_published_time":"2025-03-07T09:30:54+00:00","article_modified_time":"2025-03-11T12:58:40+00:00","og_image":[{"width":1131,"height":1600,"url":"https:\/\/www.realclubmaritimomelilla.es\/clmar\/wp-content\/uploads\/CARTEL-jornadas-culturales.jpg","type":"image\/jpeg"}],"author":"RCMMelilla","twitter_card":"summary_large_image","twitter_creator":"@nauticarcmm","twitter_site":"@nauticarcmm","twitter_misc":{"Escrito por":"RCMMelilla","Tiempo de lectura":"2 minutos"},"schema":{"@context":"https:\/\/schema.org","@graph":[{"@type":"Article","@id":"https:\/\/www.realclubmaritimomelilla.es\/clmar\/arrancan-las-jornadas-culturales-de-2025-club-maritimo-melilla-rcmm\/#article","isPartOf":{"@id":"https:\/\/www.realclubmaritimomelilla.es\/clmar\/arrancan-las-jornadas-culturales-de-2025-club-maritimo-melilla-rcmm\/"},"author":{"name":"RCMMelilla","@id":"https:\/\/www.realclubmaritimomelilla.es\/clmar\/#\/schema\/person\/ebaa3713496dc6d48c872452e73a8e79"},"headline":"Arrancas las Jornadas Culturales de 2025","datePublished":"2025-03-07T09:30:54+00:00","dateModified":"2025-03-11T12:58:40+00:00","mainEntityOfPage":{"@id":"https:\/\/www.realclubmaritimomelilla.es\/clmar\/arrancan-las-jornadas-culturales-de-2025-club-maritimo-melilla-rcmm\/"},"wordCount":242,"commentCount":0,"publisher":{"@id":"https:\/\/www.realclubmaritimomelilla.es\/clmar\/#organization"},"image":{"@id":"https:\/\/www.realclubmaritimomelilla.es\/clmar\/arrancan-las-jornadas-culturales-de-2025-club-maritimo-melilla-rcmm\/#primaryimage"},"thumbnailUrl":"https:\/\/www.realclubmaritimomelilla.es\/clmar\/wp-content\/uploads\/CARTEL-jornadas-culturales.jpg","articleSection":["Jornadas"],"inLanguage":"es","potentialAction":[{"@type":"CommentAction","name":"Comment","target":["https:\/\/www.realclubmaritimomelilla.es\/clmar\/arrancan-las-jornadas-culturales-de-2025-club-maritimo-melilla-rcmm\/#respond"]}]},{"@type":"WebPage","@id":"https:\/\/www.realclubmaritimomelilla.es\/clmar\/arrancan-las-jornadas-culturales-de-2025-club-maritimo-melilla-rcmm\/","url":"https:\/\/www.realclubmaritimomelilla.es\/clmar\/arrancan-las-jornadas-culturales-de-2025-club-maritimo-melilla-rcmm\/","name":"Arrancas las Jornadas Culturales de 2025 - Real Club Mar\u00edtimo de Melilla","isPartOf":{"@id":"https:\/\/www.realclubmaritimomelilla.es\/clmar\/#website"},"primaryImageOfPage":{"@id":"https:\/\/www.realclubmaritimomelilla.es\/clmar\/arrancan-las-jornadas-culturales-de-2025-club-maritimo-melilla-rcmm\/#primaryimage"},"image":{"@id":"https:\/\/www.realclubmaritimomelilla.es\/clmar\/arrancan-las-jornadas-culturales-de-2025-club-maritimo-melilla-rcmm\/#primaryimage"},"thumbnailUrl":"https:\/\/www.realclubmaritimomelilla.es\/clmar\/wp-content\/uploads\/CARTEL-jornadas-culturales.jpg","datePublished":"2025-03-07T09:30:54+00:00","dateModified":"2025-03-11T12:58:40+00:00","description":"La XI Jornadas Culturales del RCMM est\u00e1n en marcha y, este pr\u00f3ximo viernes 14 de marzo, la primera conferencia del cronista Antonio Bravo.","breadcrumb":{"@id":"https:\/\/www.realclubmaritimomelilla.es\/clmar\/arrancan-las-jornadas-culturales-de-2025-club-maritimo-melilla-rcmm\/#breadcrumb"},"inLanguage":"es","potentialAction":[{"@type":"ReadAction","target":["https:\/\/www.realclubmaritimomelilla.es\/clmar\/arrancan-las-jornadas-culturales-de-2025-club-maritimo-melilla-rcmm\/"]}]},{"@type":"ImageObject","inLanguage":"es","@id":"https:\/\/www.realclubmaritimomelilla.es\/clmar\/arrancan-las-jornadas-culturales-de-2025-club-maritimo-melilla-rcmm\/#primaryimage","url":"https:\/\/www.realclubmaritimomelilla.es\/clmar\/wp-content\/uploads\/CARTEL-jornadas-culturales.jpg","contentUrl":"https:\/\/www.realclubmaritimomelilla.es\/clmar\/wp-content\/uploads\/CARTEL-jornadas-culturales.jpg","width":1131,"height":1600},{"@type":"BreadcrumbList","@id":"https:\/\/www.realclubmaritimomelilla.es\/clmar\/arrancan-las-jornadas-culturales-de-2025-club-maritimo-melilla-rcmm\/#breadcrumb","itemListElement":[{"@type":"ListItem","position":1,"name":"Portada","item":"https:\/\/www.realclubmaritimomelilla.es\/clmar\/"},{"@type":"ListItem","position":2,"name":"Arrancas las Jornadas Culturales de 2025"}]},{"@type":"WebSite","@id":"https:\/\/www.realclubmaritimomelilla.es\/clmar\/#website","url":"https:\/\/www.realclubmaritimomelilla.es\/clmar\/","name":"Real Club Mar\u00edtimo de Melilla","description":"RCMM","publisher":{"@id":"https:\/\/www.realclubmaritimomelilla.es\/clmar\/#organization"},"alternateName":"RCMM","potentialAction":[{"@type":"SearchAction","target":{"@type":"EntryPoint","urlTemplate":"https:\/\/www.realclubmaritimomelilla.es\/clmar\/?s={search_term_string}"},"query-input":{"@type":"PropertyValueSpecification","valueRequired":true,"valueName":"search_term_string"}}],"inLanguage":"es"},{"@type":"Organization","@id":"https:\/\/www.realclubmaritimomelilla.es\/clmar\/#organization","name":"Real Club Mar\u00edtimo de Melilla","alternateName":"RCMM","url":"https:\/\/www.realclubmaritimomelilla.es\/clmar\/","logo":{"@type":"ImageObject","inLanguage":"es","@id":"https:\/\/www.realclubmaritimomelilla.es\/clmar\/#\/schema\/logo\/image\/","url":"https:\/\/www.realclubmaritimomelilla.es\/clmar\/wp-content\/uploads\/logo-club-original-copia.jpg","contentUrl":"https:\/\/www.realclubmaritimomelilla.es\/clmar\/wp-content\/uploads\/logo-club-original-copia.jpg","width":128,"height":89,"caption":"Real Club Mar\u00edtimo de Melilla"},"image":{"@id":"https:\/\/www.realclubmaritimomelilla.es\/clmar\/#\/schema\/logo\/image\/"},"sameAs":["https:\/\/www.facebook.com\/Real-Club-Mar\u00edtimo-de-Melilla-588495841234214\/","https:\/\/x.com\/nauticarcmm","https:\/\/www.instagram.com\/club_maritimo_melilla\/","https:\/\/www.youtube.com\/@realclubmaritimodemelilla4703","https:\/\/es.wikipedia.org\/wiki\/Real_Club_Mar\u00edtimo_de_Melilla"]},{"@type":"Person","@id":"https:\/\/www.realclubmaritimomelilla.es\/clmar\/#\/schema\/person\/ebaa3713496dc6d48c872452e73a8e79","name":"RCMMelilla","image":{"@type":"ImageObject","inLanguage":"es","@id":"https:\/\/secure.gravatar.com\/avatar\/df1c24789360fb9308735c4ee556fc2bc5bf924bf01e53043b8b97ba272da33c?s=96&d=mm&r=g","url":"https:\/\/secure.gravatar.com\/avatar\/df1c24789360fb9308735c4ee556fc2bc5bf924bf01e53043b8b97ba272da33c?s=96&d=mm&r=g","contentUrl":"https:\/\/secure.gravatar.com\/avatar\/df1c24789360fb9308735c4ee556fc2bc5bf924bf01e53043b8b97ba272da33c?s=96&d=mm&r=g","caption":"RCMMelilla"}}]}},"_links":{"self":[{"href":"https:\/\/www.realclubmaritimomelilla.es\/clmar\/wp-json\/wp\/v2\/posts\/24706","targetHints":{"allow":["GET"]}}],"collection":[{"href":"https:\/\/www.realclubmaritimomelilla.es\/clmar\/wp-json\/wp\/v2\/posts"}],"about":[{"href":"https:\/\/www.realclubmaritimomelilla.es\/clmar\/wp-json\/wp\/v2\/types\/post"}],"author":[{"embeddable":true,"href":"https:\/\/www.realclubmaritimomelilla.es\/clmar\/wp-json\/wp\/v2\/users\/1"}],"replies":[{"embeddable":true,"href":"https:\/\/www.realclubmaritimomelilla.es\/clmar\/wp-json\/wp\/v2\/comments?post=24706"}],"version-history":[{"count":4,"href":"https:\/\/www.realclubmaritimomelilla.es\/clmar\/wp-json\/wp\/v2\/posts\/24706\/revisions"}],"predecessor-version":[{"id":24717,"href":"https:\/\/www.realclubmaritimomelilla.es\/clmar\/wp-json\/wp\/v2\/posts\/24706\/revisions\/24717"}],"wp:featuredmedia":[{"embeddable":true,"href":"https:\/\/www.realclubmaritimomelilla.es\/clmar\/wp-json\/wp\/v2\/media\/24599"}],"wp:attachment":[{"href":"https:\/\/www.realclubmaritimomelilla.es\/clmar\/wp-json\/wp\/v2\/media?parent=24706"}],"wp:term":[{"taxonomy":"category","embeddable":true,"href":"https:\/\/www.realclubmaritimomelilla.es\/clmar\/wp-json\/wp\/v2\/categories?post=24706"},{"taxonomy":"post_tag","embeddable":true,"href":"https:\/\/www.realclubmaritimomelilla.es\/clmar\/wp-json\/wp\/v2\/tags?post=24706"}],"curies":[{"name":"wp","href":"https:\/\/api.w.org\/{rel}","templated":true}]}}